{"id":1118,"date":"2023-05-05T12:17:50","date_gmt":"2023-05-05T10:17:50","guid":{"rendered":"https:\/\/thiant.fr\/wordpress\/associations\/?p=1118"},"modified":"2023-07-17T11:23:04","modified_gmt":"2023-07-17T09:23:04","slug":"des-communes-reconnues-en-etat-de-catastrophe-naturelle-suite-a-la-secheresse-de-2022","status":"publish","type":"post","link":"https:\/\/thiant.fr\/wordpress\/associations\/des-communes-reconnues-en-etat-de-catastrophe-naturelle-suite-a-la-secheresse-de-2022\/","title":{"rendered":"Des communes reconnues en \u00e9tat de catastrophe naturelle suite \u00e0 la s\u00e9cheresse de 2022"},"content":{"rendered":"\t\t<div data-elementor-type=\"wp-post\" data-elementor-id=\"1118\" class=\"elementor elementor-1118\">\n\t\t\t\t\t\t<section class=\"elementor-section elementor-top-section elementor-element elementor-element-bb8b459 elementor-section-boxed elementor-section-height-default elementor-section-height-default\" data-id=\"bb8b459\" data-element_type=\"section\" data-e-type=\"section\">\n\t\t\t\t\t\t<div class=\"elementor-container elementor-column-gap-default\">\n\t\t\t\t\t<div class=\"elementor-column elementor-col-100 elementor-top-column elementor-element elementor-element-0795264\" data-id=\"0795264\" data-element_type=\"column\" data-e-type=\"column\">\n\t\t\t<div class=\"elementor-widget-wrap elementor-element-populated\">\n\t\t\t\t\t\t<div class=\"elementor-element elementor-element-4f6e3cd elementor-widget elementor-widget-text-editor\" data-id=\"4f6e3cd\" data-element_type=\"widget\" data-e-type=\"widget\" data-widget_type=\"text-editor.default\">\n\t\t\t\t<div class=\"elementor-widget-container\">\n\t\t\t\t\t\t\t\t\t<p><strong><span style=\"color: #333333;\">La liste compl\u00e8te des communes fran\u00e7aises reconnues en \u00e9tat de catastrophe naturelle au titre de la s\u00e9cheresse de 2022 vient d&#8217;\u00eatre publi\u00e9e au Journal Officiel du 3 mai 2023.<\/span><\/strong><\/p><p><span style=\"color: #333333;\">La s\u00e9cheresse puis la r\u00e9hydratation des sols l&#8217;ann\u00e9e derni\u00e8re avait provoqu\u00e9 des mouvements de terrain. Des fissures \u00e9taient apparues sur certains b\u00e2timents pouvant affecter gravement le b\u00e2ti. L&#8217;\u00e9tat, et plus particuli\u00e8rement le minist\u00e8re de l&#8217;Int\u00e9rieur, vient de publier au Journal Officiel du 3 mai la liste compl\u00e8te des communes reconnues en \u00e9tat de catastrophe naturelle sur ce motif. Les propri\u00e9taires impact\u00e9s par ces dommages ont jusqu&#8217;au 3 juin pour\u00a0 d\u00e9clarer leur sinistre aupr\u00e8s de leur assureur et ainsi b\u00e9n\u00e9ficier de la garantie catastrophe naturelle.<\/span><\/p><p><span style=\"color: #333333;\">Thiant n&#8217;est pas dans la liste des 134 communes reconnues en \u00e9tat de catastrophe naturelle. Les communes reconnues sont :<\/span><\/p><ul><li><span style=\"color: #333333;\">Armbouts-Cappel<\/span><\/li><li><span style=\"color: #333333;\">Arn\u00e8ke<\/span><\/li><li><span style=\"color: #333333;\">Aubers<\/span><\/li><li><span style=\"color: #333333;\">Auby<\/span><\/li><li><span style=\"color: #333333;\">Bachy<\/span><\/li><li><span style=\"color: #333333;\">Bailleul<\/span><\/li><li><span style=\"color: #333333;\">Bavinchove<\/span><\/li><li><span style=\"color: #333333;\">Bellignies<\/span><\/li><li><span style=\"color: #333333;\">Bers\u00e9e<\/span><\/li><li><span style=\"color: #333333;\">Bierne<\/span><\/li><li><span style=\"color: #333333;\">Bissezeele<\/span><\/li><li><span style=\"color: #333333;\">Blaringhem<\/span><\/li><li><span style=\"color: #333333;\">Boeschepe<\/span><\/li><li><span style=\"color: #333333;\">Bollezeele<\/span><\/li><li><span style=\"color: #333333;\">Bondues<\/span><\/li><li><span style=\"color: #333333;\">Borre<\/span><\/li><li><span style=\"color: #333333;\">Bourghelles<\/span><\/li><li><span style=\"color: #333333;\">Bousbecque<\/span><\/li><li><span style=\"color: #333333;\">Busigny<\/span><\/li><li><span style=\"color: #333333;\">Camphin-en-P\u00e9v\u00e8le<\/span><\/li><li><span style=\"color: #333333;\">Cappelle-en-P\u00e9v\u00e8le<\/span><\/li><li><span style=\"color: #333333;\">Carnin<\/span><\/li><li><span style=\"color: #333333;\">Cassel<\/span><\/li><li><span style=\"color: #333333;\">Chapelle-d&#8217;Armenti\u00e8res (La)<\/span><\/li><li><span style=\"color: #333333;\">Clary<\/span><\/li><li><span style=\"color: #333333;\">Colleret<\/span><\/li><li><span style=\"color: #333333;\">Coutiches<\/span><\/li><li><span style=\"color: #333333;\">Crochte<\/span><\/li><li><span style=\"color: #333333;\">Croix<\/span><\/li><li><span style=\"color: #333333;\">Cysoing<\/span><\/li><li><span style=\"color: #333333;\">Douai<\/span><\/li><li><span style=\"color: #333333;\">Doulieu (Le)<\/span><\/li><li><span style=\"color: #333333;\">Drincham<\/span><\/li><li><span style=\"color: #333333;\">Dunkerque<\/span><\/li><li><span style=\"color: #333333;\">Ebblinghem<\/span><\/li><li><span style=\"color: #333333;\">Eecke<\/span><\/li><li><span style=\"color: #333333;\">Emerchicourt<\/span><\/li><li><span style=\"color: #333333;\">Enneti\u00e8res-en-Weppes<\/span><\/li><li><span style=\"color: #333333;\">Ennevelin<\/span><\/li><li><span style=\"color: #333333;\">Eringhem<\/span><\/li><li><span style=\"color: #333333;\">Erquinghem-Lys<\/span><\/li><li><span style=\"color: #333333;\">Estaires<\/span><\/li><li><span style=\"color: #333333;\">Faches-Thumesnil<\/span><\/li><li><span style=\"color: #333333;\">Faumont<\/span><\/li><li><span style=\"color: #333333;\">Feignies<\/span><\/li><li><span style=\"color: #333333;\">Fenain<\/span><\/li><li><span style=\"color: #333333;\">Ferri\u00e8re-la-Petite<\/span><\/li><li><span style=\"color: #333333;\">Floyon<\/span><\/li><li><span style=\"color: #333333;\">Fontaine-Notre-Dame<\/span><\/li><li><span style=\"color: #333333;\">Fournes-en-Weppes<\/span><\/li><li><span style=\"color: #333333;\">Frelinghien<\/span><\/li><li><span style=\"color: #333333;\">Genech<\/span><\/li><li><span style=\"color: #333333;\">Glageon<\/span><\/li><li><span style=\"color: #333333;\">Godewaersvelde<\/span><\/li><li><span style=\"color: #333333;\">Gorgue (La)<\/span><\/li><li><span style=\"color: #333333;\">Gruson<\/span><\/li><li><span style=\"color: #333333;\">Guesnain<\/span><\/li><li><span style=\"color: #333333;\">Gussignies<\/span><\/li><li><span style=\"color: #333333;\">Hardifort<\/span><\/li><li><span style=\"color: #333333;\">Haverskerque<\/span><\/li><li><span style=\"color: #333333;\">H\u00e9lesmes<\/span><\/li><li><span style=\"color: #333333;\">Hem<\/span><\/li><li><span style=\"color: #333333;\">Herzeele<\/span><\/li><li><span style=\"color: #333333;\">Hondschoote<\/span><\/li><li><span style=\"color: #333333;\">Hornaing<\/span><\/li><li><span style=\"color: #333333;\">Houtkerque<\/span><\/li><li><span style=\"color: #333333;\">Jeumont<\/span><\/li><li><span style=\"color: #333333;\">Killem<\/span><\/li><li><span style=\"color: #333333;\">Landas<\/span><\/li><li><span style=\"color: #333333;\">Lederzeele<\/span><\/li><li><span style=\"color: #333333;\">Linselles<\/span><\/li><li><span style=\"color: #333333;\">Loffre<\/span><\/li><li><span style=\"color: #333333;\">Looberghe<\/span><\/li><li><span style=\"color: #333333;\">Louvil<\/span><\/li><li><span style=\"color: #333333;\">Lynde<\/span><\/li><li><span style=\"color: #333333;\">Maisnil (Le)<\/span><\/li><li><span style=\"color: #333333;\">Masni\u00e8res<\/span><\/li><li><span style=\"color: #333333;\">Maubeuge<\/span><\/li><li><span style=\"color: #333333;\">Merckeghem<\/span><\/li><li><span style=\"color: #333333;\">M\u00e9rignies<\/span><\/li><li><span style=\"color: #333333;\">Merris<\/span><\/li><li><span style=\"color: #333333;\">M\u00e9teren<\/span><\/li><li><span style=\"color: #333333;\">Millam<\/span><\/li><li><span style=\"color: #333333;\">Moncheaux<\/span><\/li><li><span style=\"color: #333333;\">Mons-en-Bar\u0153ul<\/span><\/li><li><span style=\"color: #333333;\">Mons-en-P\u00e9v\u00e8le<\/span><\/li><li><span style=\"color: #333333;\">Mouvaux<\/span><\/li><li><span style=\"color: #333333;\">Neuf-Berquin<\/span><\/li><li><span style=\"color: #333333;\">Nieppe<\/span><\/li><li><span style=\"color: #333333;\">Nieurlet<\/span><\/li><li><span style=\"color: #333333;\">Noordpeene<\/span><\/li><li><span style=\"color: #333333;\">Noyelles-sur-Sambre<\/span><\/li><li><span style=\"color: #333333;\">Orchies<\/span><\/li><li><span style=\"color: #333333;\">Oudezeele<\/span><\/li><li><span style=\"color: #333333;\">Pecquencourt<\/span><\/li><li><span style=\"color: #333333;\">Petite-For\u00eat<\/span><\/li><li><span style=\"color: #333333;\">Pitgam<\/span><\/li><li><span style=\"color: #333333;\">Pr\u00e9mesques<\/span><\/li><li><span style=\"color: #333333;\">Preux-au-Sart<\/span><\/li><li><span style=\"color: #333333;\">R\u00e2ches<\/span><\/li><li><span style=\"color: #333333;\">Raillencourt-Sainte-Olle<\/span><\/li><li><span style=\"color: #333333;\">Romeries<\/span><\/li><li><span style=\"color: #333333;\">Roncq<\/span><\/li><li><span style=\"color: #333333;\">Roubaix<\/span><\/li><li><span style=\"color: #333333;\">Rubrouck<\/span><\/li><li><span style=\"color: #333333;\">Sailly-lez-Cambrai<\/span><\/li><li><span style=\"color: #333333;\">Saint-Jans-Cappel<\/span><\/li><li><span style=\"color: #333333;\">S\u00e9meries<\/span><\/li><li><span style=\"color: #333333;\">Sequedin<\/span><\/li><li><span style=\"color: #333333;\">Sercus<\/span><\/li><li><span style=\"color: #333333;\">Socx<\/span><\/li><li><span style=\"color: #333333;\">Somain<\/span><\/li><li><span style=\"color: #333333;\">Steenbecque<\/span><\/li><li><span style=\"color: #333333;\">Stennvoorde<\/span><\/li><li><span style=\"color: #333333;\">Steenwerck<\/span><\/li><li><span style=\"color: #333333;\">Templeuve-en-P\u00e9v\u00e8le<\/span><\/li><li><span style=\"color: #333333;\">T\u00e9teghem-Coudekerque-Village<\/span><\/li><li><span style=\"color: #333333;\">Thiennes<\/span><\/li><li><span style=\"color: #333333;\">Thumeries<\/span><\/li><li><span style=\"color: #333333;\">Vieux-Berquin<\/span><\/li><li><span style=\"color: #333333;\">Wallon-Cappel<\/span><\/li><li><span style=\"color: #333333;\">Wannehain<\/span><\/li><li><span style=\"color: #333333;\">Wargnies-le-Grand<\/span><\/li><li><span style=\"color: #333333;\">Warhem<\/span><\/li><li><span style=\"color: #333333;\">Wasquehal<\/span><\/li><li><span style=\"color: #333333;\">Watten<\/span><\/li><li><span style=\"color: #333333;\">Wattrelos<\/span><\/li><li><span style=\"color: #333333;\">Wavrechain-sous-Faulx<\/span><\/li><li><span style=\"color: #333333;\">Wemaers-Cappel<\/span><\/li><li><span style=\"color: #333333;\">West-Cappel<\/span><\/li><li><span style=\"color: #333333;\">Wormhout<\/span><\/li><li><span style=\"color: #333333;\">Wylder<\/span><\/li><li><span style=\"color: #333333;\">Zegerscappel<\/span><\/li><\/ul>\t\t\t\t\t\t\t\t<\/div>\n\t\t\t\t<\/div>\n\t\t\t\t\t<\/div>\n\t\t<\/div>\n\t\t\t\t\t<\/div>\n\t\t<\/section>\n\t\t\t\t<\/div>\n\t\t","protected":false},"excerpt":{"rendered":"<p>La liste compl\u00e8te des communes fran\u00e7aises reconnues en \u00e9tat de catastrophe naturelle au titre de la s\u00e9cheresse de 2022 vient d&#8217;\u00eatre publi\u00e9e au Journal Officiel du 3 mai 2023. La s\u00e9cheresse puis la r\u00e9hydratation des sols l&#8217;ann\u00e9e derni\u00e8re avait provoqu\u00e9 des mouvements de terrain. Des fissures \u00e9taient apparues sur certains b\u00e2timents pouvant affecter gravement le [&hellip;]<\/p>\n","protected":false},"author":1,"featured_media":1119,"comment_status":"closed","ping_status":"closed","sticky":false,"template":"","format":"standard","meta":{"_crdt_document":"","ocean_post_layout":"","ocean_both_sidebars_style":"","ocean_both_sidebars_content_width":0,"ocean_both_sidebars_sidebars_width":0,"ocean_sidebar":"0","ocean_second_sidebar":"0","ocean_disable_margins":"enable","ocean_add_body_class":"","ocean_shortcode_before_top_bar":"","ocean_shortcode_after_top_bar":"","ocean_shortcode_before_header":"","ocean_shortcode_after_header":"","ocean_has_shortcode":"","ocean_shortcode_after_title":"","ocean_shortcode_before_footer_widgets":"","ocean_shortcode_after_footer_widgets":"","ocean_shortcode_before_footer_bottom":"","ocean_shortcode_after_footer_bottom":"","ocean_display_top_bar":"default","ocean_display_header":"default","ocean_header_style":"","ocean_center_header_left_menu":"0","ocean_custom_header_template":"0","ocean_custom_logo":0,"ocean_custom_retina_logo":0,"ocean_custom_logo_max_width":0,"ocean_custom_logo_tablet_max_width":0,"ocean_custom_logo_mobile_max_width":0,"ocean_custom_logo_max_height":0,"ocean_custom_logo_tablet_max_height":0,"ocean_custom_logo_mobile_max_height":0,"ocean_header_custom_menu":"0","ocean_menu_typo_font_family":"0","ocean_menu_typo_font_subset":"","ocean_menu_typo_font_size":0,"ocean_menu_typo_font_size_tablet":0,"ocean_menu_typo_font_size_mobile":0,"ocean_menu_typo_font_size_unit":"px","ocean_menu_typo_font_weight":"","ocean_menu_typo_font_weight_tablet":"","ocean_menu_typo_font_weight_mobile":"","ocean_menu_typo_transform":"","ocean_menu_typo_transform_tablet":"","ocean_menu_typo_transform_mobile":"","ocean_menu_typo_line_height":0,"ocean_menu_typo_line_height_tablet":0,"ocean_menu_typo_line_height_mobile":0,"ocean_menu_typo_line_height_unit":"","ocean_menu_typo_spacing":0,"ocean_menu_typo_spacing_tablet":0,"ocean_menu_typo_spacing_mobile":0,"ocean_menu_typo_spacing_unit":"","ocean_menu_link_color":"","ocean_menu_link_color_hover":"","ocean_menu_link_color_active":"","ocean_menu_link_background":"","ocean_menu_link_hover_background":"","ocean_menu_link_active_background":"","ocean_menu_social_links_bg":"","ocean_menu_social_hover_links_bg":"","ocean_menu_social_links_color":"","ocean_menu_social_hover_links_color":"","ocean_disable_title":"default","ocean_disable_heading":"default","ocean_post_title":"","ocean_post_subheading":"","ocean_post_title_style":"","ocean_post_title_background_color":"","ocean_post_title_background":0,"ocean_post_title_bg_image_position":"","ocean_post_title_bg_image_attachment":"","ocean_post_title_bg_image_repeat":"","ocean_post_title_bg_image_size":"","ocean_post_title_height":0,"ocean_post_title_bg_overlay":0.5,"ocean_post_title_bg_overlay_color":"","ocean_disable_breadcrumbs":"default","ocean_breadcrumbs_color":"","ocean_breadcrumbs_separator_color":"","ocean_breadcrumbs_links_color":"","ocean_breadcrumbs_links_hover_color":"","ocean_display_footer_widgets":"default","ocean_display_footer_bottom":"default","ocean_custom_footer_template":"0","ocean_post_oembed":"","ocean_post_self_hosted_media":"","ocean_post_video_embed":"","ocean_link_format":"","ocean_link_format_target":"self","ocean_quote_format":"","ocean_quote_format_link":"post","ocean_gallery_link_images":"off","ocean_gallery_id":[],"footnotes":""},"categories":[1],"tags":[598,599,600,601,602,391,603],"class_list":["post-1118","post","type-post","status-publish","format-standard","has-post-thumbnail","hentry","category-non-classe","tag-598","tag-assurance","tag-catastrophe-naturelle","tag-etat","tag-reconnaissance","tag-secheresse","tag-secheresse-2022","entry","has-media"],"yoast_head":"<!-- This site is optimized with the Yoast SEO plugin v27.3 - https:\/\/yoast.com\/product\/yoast-seo-wordpress\/ -->\n<title>Des communes reconnues en \u00e9tat de catastrophe naturelle suite \u00e0 la s\u00e9cheresse de 2022 - Les associations de la ville de Thiant<\/title>\n<meta name=\"description\" content=\"Le Journal Officiel du 3 mai a publi\u00e9 la liste compl\u00e8te des communes reconnues en \u00e9tat de catastrophe naturelle suite \u00e0 la s\u00e9cheresse de 2022.\" \/>\n<meta name=\"robots\" content=\"index, follow, max-snippet:-1, max-image-preview:large, max-video-preview:-1\" \/>\n<link rel=\"canonical\" href=\"https:\/\/thiant.fr\/wordpress\/associations\/des-communes-reconnues-en-etat-de-catastrophe-naturelle-suite-a-la-secheresse-de-2022\/\" \/>\n<meta property=\"og:locale\" content=\"fr_FR\" \/>\n<meta property=\"og:type\" content=\"article\" \/>\n<meta property=\"og:title\" content=\"Des communes reconnues en \u00e9tat de catastrophe naturelle suite \u00e0 la s\u00e9cheresse de 2022 - Les associations de la ville de Thiant\" \/>\n<meta property=\"og:description\" content=\"Le Journal Officiel du 3 mai a publi\u00e9 la liste compl\u00e8te des communes reconnues en \u00e9tat de catastrophe naturelle suite \u00e0 la s\u00e9cheresse de 2022.\" \/>\n<meta property=\"og:url\" content=\"https:\/\/thiant.fr\/wordpress\/associations\/des-communes-reconnues-en-etat-de-catastrophe-naturelle-suite-a-la-secheresse-de-2022\/\" \/>\n<meta property=\"og:site_name\" content=\"Les associations de la ville de Thiant\" \/>\n<meta property=\"article:publisher\" content=\"https:\/\/www.facebook.com\/commune.thiant.1\" \/>\n<meta property=\"article:published_time\" content=\"2023-05-05T10:17:50+00:00\" \/>\n<meta property=\"article:modified_time\" content=\"2023-07-17T09:23:04+00:00\" \/>\n<meta property=\"og:image\" content=\"https:\/\/thiant.fr\/wordpress\/associations\/wp-content\/uploads\/sites\/3\/2023\/05\/fissure-maison.png\" \/>\n\t<meta property=\"og:image:width\" content=\"730\" \/>\n\t<meta property=\"og:image:height\" content=\"486\" \/>\n\t<meta property=\"og:image:type\" content=\"image\/png\" \/>\n<meta name=\"author\" content=\"Service communication\" \/>\n<meta name=\"twitter:card\" content=\"summary_large_image\" \/>\n<meta name=\"twitter:label1\" content=\"\u00c9crit par\" \/>\n\t<meta name=\"twitter:data1\" content=\"Service communication\" \/>\n\t<meta name=\"twitter:label2\" content=\"Dur\u00e9e de lecture estim\u00e9e\" \/>\n\t<meta name=\"twitter:data2\" content=\"2 minutes\" \/>\n<script type=\"application\/ld+json\" class=\"yoast-schema-graph\">{\"@context\":\"https:\\\/\\\/schema.org\",\"@graph\":[{\"@type\":\"Article\",\"@id\":\"https:\\\/\\\/thiant.fr\\\/wordpress\\\/associations\\\/des-communes-reconnues-en-etat-de-catastrophe-naturelle-suite-a-la-secheresse-de-2022\\\/#article\",\"isPartOf\":{\"@id\":\"https:\\\/\\\/thiant.fr\\\/wordpress\\\/associations\\\/des-communes-reconnues-en-etat-de-catastrophe-naturelle-suite-a-la-secheresse-de-2022\\\/\"},\"author\":{\"name\":\"Service communication\",\"@id\":\"https:\\\/\\\/thiant.fr\\\/wordpress\\\/associations\\\/#\\\/schema\\\/person\\\/f41122130d18c0720657431d990451c6\"},\"headline\":\"Des communes reconnues en \u00e9tat de catastrophe naturelle suite \u00e0 la s\u00e9cheresse de 2022\",\"datePublished\":\"2023-05-05T10:17:50+00:00\",\"dateModified\":\"2023-07-17T09:23:04+00:00\",\"mainEntityOfPage\":{\"@id\":\"https:\\\/\\\/thiant.fr\\\/wordpress\\\/associations\\\/des-communes-reconnues-en-etat-de-catastrophe-naturelle-suite-a-la-secheresse-de-2022\\\/\"},\"wordCount\":326,\"publisher\":{\"@id\":\"https:\\\/\\\/thiant.fr\\\/wordpress\\\/associations\\\/#organization\"},\"image\":{\"@id\":\"https:\\\/\\\/thiant.fr\\\/wordpress\\\/associations\\\/des-communes-reconnues-en-etat-de-catastrophe-naturelle-suite-a-la-secheresse-de-2022\\\/#primaryimage\"},\"thumbnailUrl\":\"https:\\\/\\\/thiant.fr\\\/wordpress\\\/associations\\\/wp-content\\\/uploads\\\/sites\\\/3\\\/2023\\\/05\\\/fissure-maison.png\",\"keywords\":[\"2022\",\"assurance\",\"catastrophe naturelle\",\"\u00e9tat\",\"reconnaissance\",\"s\u00e9cheresse\",\"s\u00e9cheresse 2022\"],\"inLanguage\":\"fr-FR\"},{\"@type\":\"WebPage\",\"@id\":\"https:\\\/\\\/thiant.fr\\\/wordpress\\\/associations\\\/des-communes-reconnues-en-etat-de-catastrophe-naturelle-suite-a-la-secheresse-de-2022\\\/\",\"url\":\"https:\\\/\\\/thiant.fr\\\/wordpress\\\/associations\\\/des-communes-reconnues-en-etat-de-catastrophe-naturelle-suite-a-la-secheresse-de-2022\\\/\",\"name\":\"Des communes reconnues en \u00e9tat de catastrophe naturelle suite \u00e0 la s\u00e9cheresse de 2022 - Les associations de la ville de Thiant\",\"isPartOf\":{\"@id\":\"https:\\\/\\\/thiant.fr\\\/wordpress\\\/associations\\\/#website\"},\"primaryImageOfPage\":{\"@id\":\"https:\\\/\\\/thiant.fr\\\/wordpress\\\/associations\\\/des-communes-reconnues-en-etat-de-catastrophe-naturelle-suite-a-la-secheresse-de-2022\\\/#primaryimage\"},\"image\":{\"@id\":\"https:\\\/\\\/thiant.fr\\\/wordpress\\\/associations\\\/des-communes-reconnues-en-etat-de-catastrophe-naturelle-suite-a-la-secheresse-de-2022\\\/#primaryimage\"},\"thumbnailUrl\":\"https:\\\/\\\/thiant.fr\\\/wordpress\\\/associations\\\/wp-content\\\/uploads\\\/sites\\\/3\\\/2023\\\/05\\\/fissure-maison.png\",\"datePublished\":\"2023-05-05T10:17:50+00:00\",\"dateModified\":\"2023-07-17T09:23:04+00:00\",\"description\":\"Le Journal Officiel du 3 mai a publi\u00e9 la liste compl\u00e8te des communes reconnues en \u00e9tat de catastrophe naturelle suite \u00e0 la s\u00e9cheresse de 2022.\",\"breadcrumb\":{\"@id\":\"https:\\\/\\\/thiant.fr\\\/wordpress\\\/associations\\\/des-communes-reconnues-en-etat-de-catastrophe-naturelle-suite-a-la-secheresse-de-2022\\\/#breadcrumb\"},\"inLanguage\":\"fr-FR\",\"potentialAction\":[{\"@type\":\"ReadAction\",\"target\":[\"https:\\\/\\\/thiant.fr\\\/wordpress\\\/associations\\\/des-communes-reconnues-en-etat-de-catastrophe-naturelle-suite-a-la-secheresse-de-2022\\\/\"]}]},{\"@type\":\"ImageObject\",\"inLanguage\":\"fr-FR\",\"@id\":\"https:\\\/\\\/thiant.fr\\\/wordpress\\\/associations\\\/des-communes-reconnues-en-etat-de-catastrophe-naturelle-suite-a-la-secheresse-de-2022\\\/#primaryimage\",\"url\":\"https:\\\/\\\/thiant.fr\\\/wordpress\\\/associations\\\/wp-content\\\/uploads\\\/sites\\\/3\\\/2023\\\/05\\\/fissure-maison.png\",\"contentUrl\":\"https:\\\/\\\/thiant.fr\\\/wordpress\\\/associations\\\/wp-content\\\/uploads\\\/sites\\\/3\\\/2023\\\/05\\\/fissure-maison.png\",\"width\":730,\"height\":486},{\"@type\":\"BreadcrumbList\",\"@id\":\"https:\\\/\\\/thiant.fr\\\/wordpress\\\/associations\\\/des-communes-reconnues-en-etat-de-catastrophe-naturelle-suite-a-la-secheresse-de-2022\\\/#breadcrumb\",\"itemListElement\":[{\"@type\":\"ListItem\",\"position\":1,\"name\":\"Accueil\",\"item\":\"https:\\\/\\\/thiant.fr\\\/wordpress\\\/associations\\\/\"},{\"@type\":\"ListItem\",\"position\":2,\"name\":\"Des communes reconnues en \u00e9tat de catastrophe naturelle suite \u00e0 la s\u00e9cheresse de 2022\"}]},{\"@type\":\"WebSite\",\"@id\":\"https:\\\/\\\/thiant.fr\\\/wordpress\\\/associations\\\/#website\",\"url\":\"https:\\\/\\\/thiant.fr\\\/wordpress\\\/associations\\\/\",\"name\":\"Les associations de la ville de Thiant\",\"description\":\"Retrouvez toutes les associations de la ville\",\"publisher\":{\"@id\":\"https:\\\/\\\/thiant.fr\\\/wordpress\\\/associations\\\/#organization\"},\"potentialAction\":[{\"@type\":\"SearchAction\",\"target\":{\"@type\":\"EntryPoint\",\"urlTemplate\":\"https:\\\/\\\/thiant.fr\\\/wordpress\\\/associations\\\/?s={search_term_string}\"},\"query-input\":{\"@type\":\"PropertyValueSpecification\",\"valueRequired\":true,\"valueName\":\"search_term_string\"}}],\"inLanguage\":\"fr-FR\"},{\"@type\":\"Organization\",\"@id\":\"https:\\\/\\\/thiant.fr\\\/wordpress\\\/associations\\\/#organization\",\"name\":\"Les associations de la ville de Thiant\",\"url\":\"https:\\\/\\\/thiant.fr\\\/wordpress\\\/associations\\\/\",\"logo\":{\"@type\":\"ImageObject\",\"inLanguage\":\"fr-FR\",\"@id\":\"https:\\\/\\\/thiant.fr\\\/wordpress\\\/associations\\\/#\\\/schema\\\/logo\\\/image\\\/\",\"url\":\"https:\\\/\\\/thiant.fr\\\/wordpress\\\/associations\\\/wp-content\\\/uploads\\\/sites\\\/3\\\/2024\\\/11\\\/cropped-logo-asso-75.png\",\"contentUrl\":\"https:\\\/\\\/thiant.fr\\\/wordpress\\\/associations\\\/wp-content\\\/uploads\\\/sites\\\/3\\\/2024\\\/11\\\/cropped-logo-asso-75.png\",\"width\":75,\"height\":75,\"caption\":\"Les associations de la ville de Thiant\"},\"image\":{\"@id\":\"https:\\\/\\\/thiant.fr\\\/wordpress\\\/associations\\\/#\\\/schema\\\/logo\\\/image\\\/\"},\"sameAs\":[\"https:\\\/\\\/www.facebook.com\\\/commune.thiant.1\"]},{\"@type\":\"Person\",\"@id\":\"https:\\\/\\\/thiant.fr\\\/wordpress\\\/associations\\\/#\\\/schema\\\/person\\\/f41122130d18c0720657431d990451c6\",\"name\":\"Service communication\",\"image\":{\"@type\":\"ImageObject\",\"inLanguage\":\"fr-FR\",\"@id\":\"https:\\\/\\\/thiant.fr\\\/wordpress\\\/associations\\\/wp-content\\\/litespeed\\\/avatar\\\/3\\\/eeb9098e5269f97d4e67fcd6f533ccb1.jpg?ver=1776861802\",\"url\":\"https:\\\/\\\/thiant.fr\\\/wordpress\\\/associations\\\/wp-content\\\/litespeed\\\/avatar\\\/3\\\/eeb9098e5269f97d4e67fcd6f533ccb1.jpg?ver=1776861802\",\"contentUrl\":\"https:\\\/\\\/thiant.fr\\\/wordpress\\\/associations\\\/wp-content\\\/litespeed\\\/avatar\\\/3\\\/eeb9098e5269f97d4e67fcd6f533ccb1.jpg?ver=1776861802\",\"caption\":\"Service communication\"},\"url\":\"https:\\\/\\\/thiant.fr\\\/wordpress\\\/associations\\\/author\\\/adminwpress\\\/\"}]}<\/script>\n<!-- \/ Yoast SEO plugin. -->","yoast_head_json":{"title":"Des communes reconnues en \u00e9tat de catastrophe naturelle suite \u00e0 la s\u00e9cheresse de 2022 - Les associations de la ville de Thiant","description":"Le Journal Officiel du 3 mai a publi\u00e9 la liste compl\u00e8te des communes reconnues en \u00e9tat de catastrophe naturelle suite \u00e0 la s\u00e9cheresse de 2022.","robots":{"index":"index","follow":"follow","max-snippet":"max-snippet:-1","max-image-preview":"max-image-preview:large","max-video-preview":"max-video-preview:-1"},"canonical":"https:\/\/thiant.fr\/wordpress\/associations\/des-communes-reconnues-en-etat-de-catastrophe-naturelle-suite-a-la-secheresse-de-2022\/","og_locale":"fr_FR","og_type":"article","og_title":"Des communes reconnues en \u00e9tat de catastrophe naturelle suite \u00e0 la s\u00e9cheresse de 2022 - Les associations de la ville de Thiant","og_description":"Le Journal Officiel du 3 mai a publi\u00e9 la liste compl\u00e8te des communes reconnues en \u00e9tat de catastrophe naturelle suite \u00e0 la s\u00e9cheresse de 2022.","og_url":"https:\/\/thiant.fr\/wordpress\/associations\/des-communes-reconnues-en-etat-de-catastrophe-naturelle-suite-a-la-secheresse-de-2022\/","og_site_name":"Les associations de la ville de Thiant","article_publisher":"https:\/\/www.facebook.com\/commune.thiant.1","article_published_time":"2023-05-05T10:17:50+00:00","article_modified_time":"2023-07-17T09:23:04+00:00","og_image":[{"width":730,"height":486,"url":"https:\/\/thiant.fr\/wordpress\/associations\/wp-content\/uploads\/sites\/3\/2023\/05\/fissure-maison.png","type":"image\/png"}],"author":"Service communication","twitter_card":"summary_large_image","twitter_misc":{"\u00c9crit par":"Service communication","Dur\u00e9e de lecture estim\u00e9e":"2 minutes"},"schema":{"@context":"https:\/\/schema.org","@graph":[{"@type":"Article","@id":"https:\/\/thiant.fr\/wordpress\/associations\/des-communes-reconnues-en-etat-de-catastrophe-naturelle-suite-a-la-secheresse-de-2022\/#article","isPartOf":{"@id":"https:\/\/thiant.fr\/wordpress\/associations\/des-communes-reconnues-en-etat-de-catastrophe-naturelle-suite-a-la-secheresse-de-2022\/"},"author":{"name":"Service communication","@id":"https:\/\/thiant.fr\/wordpress\/associations\/#\/schema\/person\/f41122130d18c0720657431d990451c6"},"headline":"Des communes reconnues en \u00e9tat de catastrophe naturelle suite \u00e0 la s\u00e9cheresse de 2022","datePublished":"2023-05-05T10:17:50+00:00","dateModified":"2023-07-17T09:23:04+00:00","mainEntityOfPage":{"@id":"https:\/\/thiant.fr\/wordpress\/associations\/des-communes-reconnues-en-etat-de-catastrophe-naturelle-suite-a-la-secheresse-de-2022\/"},"wordCount":326,"publisher":{"@id":"https:\/\/thiant.fr\/wordpress\/associations\/#organization"},"image":{"@id":"https:\/\/thiant.fr\/wordpress\/associations\/des-communes-reconnues-en-etat-de-catastrophe-naturelle-suite-a-la-secheresse-de-2022\/#primaryimage"},"thumbnailUrl":"https:\/\/thiant.fr\/wordpress\/associations\/wp-content\/uploads\/sites\/3\/2023\/05\/fissure-maison.png","keywords":["2022","assurance","catastrophe naturelle","\u00e9tat","reconnaissance","s\u00e9cheresse","s\u00e9cheresse 2022"],"inLanguage":"fr-FR"},{"@type":"WebPage","@id":"https:\/\/thiant.fr\/wordpress\/associations\/des-communes-reconnues-en-etat-de-catastrophe-naturelle-suite-a-la-secheresse-de-2022\/","url":"https:\/\/thiant.fr\/wordpress\/associations\/des-communes-reconnues-en-etat-de-catastrophe-naturelle-suite-a-la-secheresse-de-2022\/","name":"Des communes reconnues en \u00e9tat de catastrophe naturelle suite \u00e0 la s\u00e9cheresse de 2022 - Les associations de la ville de Thiant","isPartOf":{"@id":"https:\/\/thiant.fr\/wordpress\/associations\/#website"},"primaryImageOfPage":{"@id":"https:\/\/thiant.fr\/wordpress\/associations\/des-communes-reconnues-en-etat-de-catastrophe-naturelle-suite-a-la-secheresse-de-2022\/#primaryimage"},"image":{"@id":"https:\/\/thiant.fr\/wordpress\/associations\/des-communes-reconnues-en-etat-de-catastrophe-naturelle-suite-a-la-secheresse-de-2022\/#primaryimage"},"thumbnailUrl":"https:\/\/thiant.fr\/wordpress\/associations\/wp-content\/uploads\/sites\/3\/2023\/05\/fissure-maison.png","datePublished":"2023-05-05T10:17:50+00:00","dateModified":"2023-07-17T09:23:04+00:00","description":"Le Journal Officiel du 3 mai a publi\u00e9 la liste compl\u00e8te des communes reconnues en \u00e9tat de catastrophe naturelle suite \u00e0 la s\u00e9cheresse de 2022.","breadcrumb":{"@id":"https:\/\/thiant.fr\/wordpress\/associations\/des-communes-reconnues-en-etat-de-catastrophe-naturelle-suite-a-la-secheresse-de-2022\/#breadcrumb"},"inLanguage":"fr-FR","potentialAction":[{"@type":"ReadAction","target":["https:\/\/thiant.fr\/wordpress\/associations\/des-communes-reconnues-en-etat-de-catastrophe-naturelle-suite-a-la-secheresse-de-2022\/"]}]},{"@type":"ImageObject","inLanguage":"fr-FR","@id":"https:\/\/thiant.fr\/wordpress\/associations\/des-communes-reconnues-en-etat-de-catastrophe-naturelle-suite-a-la-secheresse-de-2022\/#primaryimage","url":"https:\/\/thiant.fr\/wordpress\/associations\/wp-content\/uploads\/sites\/3\/2023\/05\/fissure-maison.png","contentUrl":"https:\/\/thiant.fr\/wordpress\/associations\/wp-content\/uploads\/sites\/3\/2023\/05\/fissure-maison.png","width":730,"height":486},{"@type":"BreadcrumbList","@id":"https:\/\/thiant.fr\/wordpress\/associations\/des-communes-reconnues-en-etat-de-catastrophe-naturelle-suite-a-la-secheresse-de-2022\/#breadcrumb","itemListElement":[{"@type":"ListItem","position":1,"name":"Accueil","item":"https:\/\/thiant.fr\/wordpress\/associations\/"},{"@type":"ListItem","position":2,"name":"Des communes reconnues en \u00e9tat de catastrophe naturelle suite \u00e0 la s\u00e9cheresse de 2022"}]},{"@type":"WebSite","@id":"https:\/\/thiant.fr\/wordpress\/associations\/#website","url":"https:\/\/thiant.fr\/wordpress\/associations\/","name":"Les associations de la ville de Thiant","description":"Retrouvez toutes les associations de la ville","publisher":{"@id":"https:\/\/thiant.fr\/wordpress\/associations\/#organization"},"potentialAction":[{"@type":"SearchAction","target":{"@type":"EntryPoint","urlTemplate":"https:\/\/thiant.fr\/wordpress\/associations\/?s={search_term_string}"},"query-input":{"@type":"PropertyValueSpecification","valueRequired":true,"valueName":"search_term_string"}}],"inLanguage":"fr-FR"},{"@type":"Organization","@id":"https:\/\/thiant.fr\/wordpress\/associations\/#organization","name":"Les associations de la ville de Thiant","url":"https:\/\/thiant.fr\/wordpress\/associations\/","logo":{"@type":"ImageObject","inLanguage":"fr-FR","@id":"https:\/\/thiant.fr\/wordpress\/associations\/#\/schema\/logo\/image\/","url":"https:\/\/thiant.fr\/wordpress\/associations\/wp-content\/uploads\/sites\/3\/2024\/11\/cropped-logo-asso-75.png","contentUrl":"https:\/\/thiant.fr\/wordpress\/associations\/wp-content\/uploads\/sites\/3\/2024\/11\/cropped-logo-asso-75.png","width":75,"height":75,"caption":"Les associations de la ville de Thiant"},"image":{"@id":"https:\/\/thiant.fr\/wordpress\/associations\/#\/schema\/logo\/image\/"},"sameAs":["https:\/\/www.facebook.com\/commune.thiant.1"]},{"@type":"Person","@id":"https:\/\/thiant.fr\/wordpress\/associations\/#\/schema\/person\/f41122130d18c0720657431d990451c6","name":"Service communication","image":{"@type":"ImageObject","inLanguage":"fr-FR","@id":"https:\/\/thiant.fr\/wordpress\/associations\/wp-content\/litespeed\/avatar\/3\/eeb9098e5269f97d4e67fcd6f533ccb1.jpg?ver=1776861802","url":"https:\/\/thiant.fr\/wordpress\/associations\/wp-content\/litespeed\/avatar\/3\/eeb9098e5269f97d4e67fcd6f533ccb1.jpg?ver=1776861802","contentUrl":"https:\/\/thiant.fr\/wordpress\/associations\/wp-content\/litespeed\/avatar\/3\/eeb9098e5269f97d4e67fcd6f533ccb1.jpg?ver=1776861802","caption":"Service communication"},"url":"https:\/\/thiant.fr\/wordpress\/associations\/author\/adminwpress\/"}]}},"_links":{"self":[{"href":"https:\/\/thiant.fr\/wordpress\/associations\/wp-json\/wp\/v2\/posts\/1118","targetHints":{"allow":["GET"]}}],"collection":[{"href":"https:\/\/thiant.fr\/wordpress\/associations\/wp-json\/wp\/v2\/posts"}],"about":[{"href":"https:\/\/thiant.fr\/wordpress\/associations\/wp-json\/wp\/v2\/types\/post"}],"author":[{"embeddable":true,"href":"https:\/\/thiant.fr\/wordpress\/associations\/wp-json\/wp\/v2\/users\/1"}],"replies":[{"embeddable":true,"href":"https:\/\/thiant.fr\/wordpress\/associations\/wp-json\/wp\/v2\/comments?post=1118"}],"version-history":[{"count":2,"href":"https:\/\/thiant.fr\/wordpress\/associations\/wp-json\/wp\/v2\/posts\/1118\/revisions"}],"predecessor-version":[{"id":1190,"href":"https:\/\/thiant.fr\/wordpress\/associations\/wp-json\/wp\/v2\/posts\/1118\/revisions\/1190"}],"wp:featuredmedia":[{"embeddable":true,"href":"https:\/\/thiant.fr\/wordpress\/associations\/wp-json\/wp\/v2\/media\/1119"}],"wp:attachment":[{"href":"https:\/\/thiant.fr\/wordpress\/associations\/wp-json\/wp\/v2\/media?parent=1118"}],"wp:term":[{"taxonomy":"category","embeddable":true,"href":"https:\/\/thiant.fr\/wordpress\/associations\/wp-json\/wp\/v2\/categories?post=1118"},{"taxonomy":"post_tag","embeddable":true,"href":"https:\/\/thiant.fr\/wordpress\/associations\/wp-json\/wp\/v2\/tags?post=1118"}],"curies":[{"name":"wp","href":"https:\/\/api.w.org\/{rel}","templated":true}]}}