{"id":1179,"date":"2023-07-11T11:54:44","date_gmt":"2023-07-11T09:54:44","guid":{"rendered":"https:\/\/thiant.fr\/wordpress\/associations\/?p=1179"},"modified":"2023-07-11T12:15:40","modified_gmt":"2023-07-11T10:15:40","slug":"arrete-prefectoral-reglementant-les-usages-de-leau","status":"publish","type":"post","link":"https:\/\/thiant.fr\/wordpress\/associations\/arrete-prefectoral-reglementant-les-usages-de-leau\/","title":{"rendered":"Arr\u00eat\u00e9 pr\u00e9fectoral r\u00e9glementant les usages de l&#8217;eau"},"content":{"rendered":"\t\t<div data-elementor-type=\"wp-post\" data-elementor-id=\"1179\" class=\"elementor elementor-1179\">\n\t\t\t\t\t\t<section class=\"elementor-section elementor-top-section elementor-element elementor-element-725230d5 elementor-section-boxed elementor-section-height-default elementor-section-height-default\" data-id=\"725230d5\" data-element_type=\"section\" data-e-type=\"section\">\n\t\t\t\t\t\t<div class=\"elementor-container elementor-column-gap-default\">\n\t\t\t\t\t<div class=\"elementor-column elementor-col-33 elementor-top-column elementor-element elementor-element-319f54fd\" data-id=\"319f54fd\" data-element_type=\"column\" data-e-type=\"column\">\n\t\t\t<div class=\"elementor-widget-wrap elementor-element-populated\">\n\t\t\t\t\t\t<div class=\"elementor-element elementor-element-4131324 elementor-widget elementor-widget-image\" data-id=\"4131324\" data-element_type=\"widget\" data-e-type=\"widget\" data-widget_type=\"image.default\">\n\t\t\t\t<div class=\"elementor-widget-container\">\n\t\t\t\t\t\t\t\t\t\t\t\t\t\t\t<img decoding=\"async\" src=\"https:\/\/thiant.fr\/wordpress\/wp-content\/uploads\/2021\/03\/Logo-Prefet-Nord.png\" title=\"\" alt=\"\" loading=\"lazy\" \/>\t\t\t\t\t\t\t\t\t\t\t\t\t\t\t<\/div>\n\t\t\t\t<\/div>\n\t\t\t\t<div class=\"elementor-element elementor-element-44dcdc0c elementor-widget elementor-widget-text-editor\" data-id=\"44dcdc0c\" data-element_type=\"widget\" data-e-type=\"widget\" data-widget_type=\"text-editor.default\">\n\t\t\t\t<div class=\"elementor-widget-container\">\n\t\t\t\t\t\t\t\t\t<p><span style=\"color: #333333;\">Direction d\u00e9partementale des territoires et de la mer du Nord <\/span><br \/><span style=\"color: #333333;\">Service eau nature et territoires<\/span><\/p>\t\t\t\t\t\t\t\t<\/div>\n\t\t\t\t<\/div>\n\t\t\t\t\t<\/div>\n\t\t<\/div>\n\t\t\t\t<div class=\"elementor-column elementor-col-66 elementor-top-column elementor-element elementor-element-3c99e737\" data-id=\"3c99e737\" data-element_type=\"column\" data-e-type=\"column\">\n\t\t\t<div class=\"elementor-widget-wrap elementor-element-populated\">\n\t\t\t\t\t\t<div class=\"elementor-element elementor-element-327ab7b8 elementor-widget elementor-widget-text-editor\" data-id=\"327ab7b8\" data-element_type=\"widget\" data-e-type=\"widget\" data-widget_type=\"text-editor.default\">\n\t\t\t\t<div class=\"elementor-widget-container\">\n\t\t\t\t\t\t\t\t\t<p style=\"text-align: center;\"><span style=\"color: #333333;\"><strong>Arr\u00eat\u00e9 pr\u00e9fectoral r\u00e9glementant les usages de l&#8217;eau en vue de la pr\u00e9servation<br \/>de la ressource en eau dans le d\u00e9partement du Nord<\/strong> <\/span><\/p><p style=\"text-align: center;\"><span style=\"color: #333333;\">&#8212;&#8212;<\/span><\/p><p style=\"text-align: center;\"><span style=\"color: #333333;\">Le pr\u00e9fet de la r\u00e9gion Hauts-de-France,<\/span><br \/><span style=\"color: #333333;\">pr\u00e9fet du Nord<\/span><\/p><p><span style=\"color: #333333;\">Vu le code de l&#8217;environnement, notamment les articles suivants : L. 211-3 concernant les mesures de limitation des usages de l&#8217;eau en cas de s\u00e9cheresse ou de risque de p\u00e9nurie, L. 214-7 et L. 214-8 relatifs \u00e0 l&#8217;application des mesures prises au titre de l&#8217;article L. 211-3 aux installations class\u00e9es pour la protection de l&#8217;environnement soumises \u00e0 autorisation ou \u00e0 d\u00e9claration, L. 214-17 et L. 214-18 concernant les obligations relatives aux ouvrages, L. 215-7 \u00e0 L. 215-13 relatifs \u00e0 la police et \u00e0 la conservation des eaux, R. 211-66 \u00e0 R. 211-70 relatifs \u00e0 la limitation ou \u00e0 la suspension provisoire des usages de l&#8217;eau, R. 213-16 relatif \u00e0 la coordination administrative dans le domaine de l&#8217;eau, R. 216-9 concernant les contraventions aux mesures de limitation ou de suspension provisoire des usages de l&#8217;eau ;<\/span><\/p><p><span style=\"color: #333333;\">Vu le code g\u00e9n\u00e9ral des collectivit\u00e9s territoriales ; <\/span><\/p><p><span style=\"color: #333333;\">Vu le code de la sant\u00e9 publique ; <\/span><\/p><p><span style=\"color: #333333;\">Vu le d\u00e9cret n\u00b0 2010-146 du 16 f\u00e9vrier 2010 modifiant le d\u00e9cret n\u00b0 2004-374 du 29 avril 2004 relatif aux pouvoirs des pr\u00e9fets, \u00e0 l&#8217;organisation et \u00e0 l&#8217;action des services et organismes de l&#8217;\u00c9tat dans les r\u00e9gions et d\u00e9partements ; <\/span><\/p><p><span style=\"color: #333333;\">Vu le d\u00e9cret du 23 juin 2021 relatif \u00e0 la gestion quantitative de la ressource en eau et \u00e0 la gestion des situations de crise li\u00e9es \u00e0 la s\u00e9cheresse; <\/span><\/p><p><span style=\"color: #333333;\">Vu le d\u00e9cret du 30 juin 2021 portant nomination de monsieur Georges-Fran\u00e7ois LECLERC en qualit\u00e9 de pr\u00e9fet de la r\u00e9gion Hauts-de-France, pr\u00e9fet de la zone de d\u00e9fense et de s\u00e9curit\u00e9 du Nord, pr\u00e9fet du Nord ; <\/span><\/p><p><span style=\"color: #333333;\">Vu le d\u00e9cret du 16 mai 2022 portant nomination de madame Fabienne DECOTTIGNIES, secr\u00e9taire g\u00e9n\u00e9rale de la pr\u00e9fecture du Nord ; <\/span><\/p><p><span style=\"color: #333333;\">Vu l&#8217;arr\u00eat\u00e9 du 9 juin 2021 fixant les prescriptions techniques g\u00e9n\u00e9rales applicables aux plans d&#8217;eau, y compris en ce qui concerne les modalit\u00e9s de vidange, relevant de la rubrique 3.2.3.0 de la nomenclature annex\u00e9e \u00e0 l&#8217;article R. 214-1 du code de l&#8217;environnement ; <\/span><\/p><p><span style=\"color: #333333;\">Vu l&#8217;arr\u00eat\u00e9 d&#8217;orientation pour la mise en \u0153uvre coordonn\u00e9e des mesures de limitation ou de suspension provisoire des usages de l&#8217;eau en p\u00e9riode de s\u00e9cheresse dans le bassin Artois Picardie en date du 21 avril 2022 ; <\/span><\/p><p><span style=\"color: #333333;\">Vu l&#8217;arr\u00eat\u00e9 cadre en date du 31 mai 2023 relatif \u00e0 la mise en place de principes communs de vigilance et de gestion des usages de l&#8217;eau en cas d&#8217;\u00e9tiage s\u00e9v\u00e8re de la ressource ou de risque de p\u00e9nurie li\u00e9s aux \u00e9pisodes de s\u00e9cheresse dans les bassins versants des d\u00e9partements du Nord et du Pas-de-Calais ; <\/span><\/p><p><span style=\"color: #333333;\">Vu l&#8217;arr\u00eat\u00e9 pr\u00e9fectoral du 22 juin 2023 portant d\u00e9l\u00e9gation de signature \u00e0 madame Fabienne DECOTTIGNIES, secr\u00e9taire g\u00e9n\u00e9rale de la pr\u00e9fecture du Nord ; <\/span><\/p><p><span style=\"color: #333333;\">Vu le sch\u00e9ma directeur d&#8217;am\u00e9nagement et de gestion des eaux du bassin Artois-Picardie approuv\u00e9 par le pr\u00e9fet coordonnateur de bassin le 21 mars 2022 ;<\/span><\/p><p><span style=\"color: #333333;\">Vu l&#8217;instruction du 27 juillet 2021 relative \u00e0 la gestion des situations de crise li\u00e9es \u00e0 la s\u00e9cheresse hydrologique ; <\/span><\/p><p><span style=\"color: #333333;\">Consid\u00e9rant le r\u00e9seau de distribution de l&#8217;eau fortement interconnect\u00e9, les transferts existants entre lieux de pr\u00e9l\u00e8vement et d&#8217;utilisation, et la n\u00e9cessit\u00e9 de solidarit\u00e9 entre les usagers de l&#8217;eau ; <\/span><\/p><p><span style=\"color: #333333;\">Consid\u00e9rant les niveaux des ressources et les conditions hydrologiques, pi\u00e9zom\u00e9triques et m\u00e9t\u00e9orologiques des derni\u00e8res ann\u00e9es, qui ont abouti \u00e0 la prise d&#8217;arr\u00eat\u00e9s r\u00e9glementant les usages de l&#8217;eau en 2017, 2018, 2019, 2020 et 2022 ; <\/span><\/p><p><span style=\"color: #333333;\">Consid\u00e9rant que les conditions m\u00e9t\u00e9orologiques de l&#8217;hiver 2022-2023 n&#8217;ont pas permis une recharge suffisante des masses d&#8217;eau souterraines ; <\/span><\/p><p><span style=\"color: #333333;\">Consid\u00e9rant le d\u00e9ficit de pluie automnal et hivernal 2022-2023 et la d\u00e9t\u00e9rioration des d\u00e9bits de certains cours d&#8217;eau du d\u00e9partement ; <\/span><\/p><p><span style=\"color: #333333;\">Consid\u00e9rant que les pr\u00e9visions pluviom\u00e9triques ne permettent pas d&#8217;entrevoir une am\u00e9lioration nette et p\u00e9renne de la situation du r\u00e9seau hydrographique ; <\/span><\/p><p><span style=\"color: #333333;\">Consid\u00e9rant que cette situation est susceptible de perturber la distribution d&#8217;eau potable, des mesures de restriction s&#8217;imposent afin d&#8217;anticiper une situation susceptible de se d\u00e9grader en situation d&#8217;alerte renforc\u00e9e et de crise ; <\/span><\/p><p><span style=\"color: #333333;\">Sur proposition de monsieur le directeur d\u00e9partemental des territoires et de la mer ;<\/span><\/p><p style=\"text-align: center;\"><span style=\"text-decoration: underline;\"><span style=\"color: #333333; text-decoration: underline;\"><strong>ARR\u00caTE<\/strong><\/span><\/span><\/p><p><span style=\"color: #333333;\"><span style=\"text-decoration: underline;\">Article 1<sup>er<\/sup><\/span> &#8211; Dans le d\u00e9partement du Nord, conform\u00e9ment aux dispositions de l&#8217;arr\u00eat\u00e9 cadre interd\u00e9partemental du 31 mai 2023 d\u00e9finissant les unit\u00e9s de r\u00e9f\u00e9rence et compte-tenu des relev\u00e9s pi\u00e9zom\u00e9triques et hydrom\u00e9triques, les diff\u00e9rents bassins versants sont plac\u00e9s en situation de :<\/span><\/p><table><tbody><tr bgcolor=\"#CCCCCC\"><td style=\"text-align: center;\"><span style=\"color: #333333;\"><strong>Unit\u00e9 de r\u00e9f\u00e9rence &#8211; Bassins versants<\/strong><\/span><\/td><td style=\"text-align: center;\"><span style=\"color: #333333;\"><strong>Situation<\/strong><\/span><\/td><\/tr><tr><td style=\"text-align: center;\"><span style=\"color: #333333;\">Yser<\/span><\/td><td style=\"text-align: center;\"><span style=\"color: #333333;\">Alerte<\/span><\/td><\/tr><tr><td style=\"text-align: center;\"><span style=\"color: #333333;\">Audomarois et Delta de l&#8217;Aa<\/span><\/td><td style=\"text-align: center;\"><span style=\"color: #333333;\">Vigilance renforc\u00e9e<\/span><\/td><\/tr><tr><td style=\"text-align: center;\"><span style=\"color: #333333;\">Lys<\/span><\/td><td style=\"text-align: center;\"><span style=\"color: #333333;\">Vigilance renforc\u00e9e<\/span><\/td><\/tr><tr><td style=\"text-align: center;\"><span style=\"color: #333333;\">Marque et De\u00fble<\/span><\/td><td style=\"text-align: center;\"><span style=\"color: #333333;\">Vigilance renforc\u00e9e<\/span><\/td><\/tr><tr><td style=\"text-align: center;\"><span style=\"color: #333333;\">Scarpe aval<\/span><\/td><td style=\"text-align: center;\"><span style=\"color: #333333;\">Vigilance renforc\u00e9e<\/span><\/td><\/tr><tr><td style=\"text-align: center;\"><span style=\"color: #333333;\">Scarpe amont, Sens\u00e9e<sup>1<\/sup><\/span><\/td><td style=\"text-align: center;\"><span style=\"color: #333333;\">Vigilance<\/span><\/td><\/tr><tr><td style=\"text-align: center;\"><span style=\"color: #333333;\">Escaut<\/span><\/td><td style=\"text-align: center;\"><span style=\"color: #333333;\">Alerte<\/span><\/td><\/tr><tr><td style=\"text-align: center;\"><span style=\"color: #333333;\">Sambre<\/span><\/td><td style=\"text-align: center;\"><span style=\"color: #333333;\">Alerte<\/span><\/td><\/tr><tr><td colspan=\"2\"><ol><li><span style=\"color: #333333;\"><small>Les bassins versants de la Scarpe amont et de la Sens\u00e9e concernent 3 communes du d\u00e9partement du Nord (Boursies, Doignies et Moeuvres) enclav\u00e9es dans le d\u00e9partement du Pas-de-Calais.<\/small><\/span><\/li><\/ol><\/td><\/tr><\/tbody><\/table><p><span style=\"color: #333333;\">La liste des communes par unit\u00e9 de r\u00e9f\u00e9rence figure en annexe 1 du pr\u00e9sent arr\u00eat\u00e9. <\/span><\/p><p><span style=\"color: #333333;\"><span style=\"text-decoration: underline;\">Article 2<\/span> &#8211; Les mesures de limitation des usages de l&#8217;eau par niveau de gravit\u00e9 s\u00e9cheresse et par usagers s&#8217;appliquant aux communes relevant des situations pr\u00e9cit\u00e9es \u00e0 l&#8217;article 1 sont pr\u00e9cis\u00e9es dans l&#8217;annexe 2. <\/span><\/p><p><span style=\"color: #333333;\"><span style=\"text-decoration: underline;\">Article 3<\/span> &#8211; Mesures sp\u00e9cifiques compl\u00e9mentaires aux pr\u00e9l\u00e8vements dans les voies d&#8217;eau.<\/span><\/p><p><span style=\"color: #333333;\">Pour les usages autoris\u00e9s par les articles 1 et 2, les pr\u00e9l\u00e8vements dans les voies d&#8217;eau ne peuvent se faire que s&#8217;ils : <\/span><\/p><ul><li><span style=\"color: #333333;\">ont d\u00e9j\u00e0 \u00e9t\u00e9 autoris\u00e9s au titre du code de l&#8217;environnement ;<\/span><\/li><li><span style=\"color: #333333;\">ont d\u00e9j\u00e0 \u00e9t\u00e9 d\u00e9clar\u00e9s par le p\u00e9titionnaire et ont fait l&#8217;objet d&#8217;un accord du service police de l&#8217;eau pour l&#8217;ann\u00e9e en cours ;<\/span><\/li><li><span style=\"color: #333333;\">ont fait l&#8217;objet d&#8217;une d\u00e9claration adress\u00e9e par le p\u00e9titionnaire au service police de l&#8217;eau \u00e0 l&#8217;aide du formulaire en annexe 3. Cette d\u00e9claration se fait par courriel adress\u00e9 \u00e0 la bo\u00eete <a href=\"mailto:ddtm\u00ad-secheresse-59@nord.gouv.fr\">ddtm\u00ad-secheresse-59@nord.gouv.fr<\/a>. Elle n&#8217;est valable qu&#8217;apr\u00e8s r\u00e9ception d&#8217;un accus\u00e9 de r\u00e9ception, adress\u00e9 apr\u00e8s validation de la compl\u00e9tude des informations demand\u00e9es.<\/span><\/li><\/ul><p><span style=\"color: #333333;\">Le courrier d&#8217;accord ou le courriel d&#8217;accus\u00e9 de r\u00e9ception doit \u00eatre tenu \u00e0 la disposition des agents en charge des contr\u00f4les. <\/span><\/p><p><span style=\"color: #333333;\">La pose d&#8217;un compteur et la tenue journali\u00e8re d&#8217;un carnet de suivi des pr\u00e9l\u00e8vements sont en outre obligatoires. <\/span><\/p><p><span style=\"color: #333333;\">Pour les pr\u00e9l\u00e8vements ayant une incidence rapide sur le d\u00e9bit des cours d&#8217;eau, des \u00ab tours d&#8217;eau \u00bb doivent \u00eatre organis\u00e9s. <\/span><\/p><p><span style=\"color: #333333;\">Tout pr\u00e9l\u00e8vement entra\u00eenant un assec d&#8217;une voie d&#8217;eau est proscrit. <\/span><\/p><p><span style=\"color: #333333;\">Tout pr\u00e9l\u00e8vement ou rejet dans le milieu naturel portant atteinte \u00e0 la pr\u00e9servation des milieux du fait d&#8217;un assec ou d&#8217;un d\u00e9bit insuffisant de la voie d&#8217;eau est proscrit.<\/span><\/p><p><span style=\"color: #333333;\">Lorsque le d\u00e9bit des cours d&#8217;eau est insuffisant au regard des usages qui lui sont li\u00e9s ou quand la ligne d&#8217;eau dans les canaux est difficile \u00e0 tenir par les gestionnaires, des restrictions sont d\u00e9cid\u00e9es apr\u00e8s concertation avec les parties prenantes des territoires concern\u00e9s, pour un partage de la ressource entre usagers. <\/span><\/p><p><span style=\"color: #333333;\"><span style=\"text-decoration: underline;\">Article 4<\/span> &#8211; Mesures ult\u00e9rieures <\/span><\/p><p><span style=\"color: #333333;\">En cas d&#8217;aggravation des conditions hydrologiques, m\u00e9t\u00e9orologiques ou pi\u00e9zom\u00e9triques, de nouvelles mesures restrictives pourront \u00eatre activ\u00e9es par arr\u00eat\u00e9 pr\u00e9fectoral. <\/span><\/p><p><span style=\"color: #333333;\"><span style=\"text-decoration: underline;\">Article 5<\/span> &#8211; Date d&#8217;effet et dur\u00e9e de validit\u00e9 <\/span><\/p><p><span style=\"color: #333333;\">Le pr\u00e9sent arr\u00eat\u00e9 est applicable \u00e0 compter de sa publication jusqu&#8217;au 30 septembre 2023. <\/span><\/p><p><span style=\"color: #333333;\"><span style=\"text-decoration: underline;\">Article 6<\/span> &#8211; Publicit\u00e9 <\/span><\/p><p><span style=\"color: #333333;\">Le pr\u00e9sent arr\u00eat\u00e9 sera publi\u00e9 au recueil des actes administratifs de la pr\u00e9fecture du Nord et affich\u00e9 dans les mairies des communes du d\u00e9partement. <\/span><\/p><p><span style=\"color: #333333;\"><span style=\"text-decoration: underline;\">Article 7<\/span> &#8211; Le pr\u00e9sent arr\u00eat\u00e9 abroge l&#8217;arr\u00eat\u00e9 pr\u00e9fectoral du 19 juin 2023. <\/span><\/p><p><span style=\"color: #333333;\"><span style=\"text-decoration: underline;\">Article 8<\/span> &#8211; D\u00e9lais et voie de recours <\/span><\/p><p><span style=\"color: #333333;\">Dans un d\u00e9lai de deux mois \u00e0 compter de sa publication au recueil des actes administratifs, les recours suivants peuvent \u00eatre introduits conform\u00e9ment aux dispositions des articles R. 421-1 et suivants de code de justice administrative :<\/span><\/p><ul><li><span style=\"color: #333333;\">un recours gracieux peut \u00eatre d\u00e9pos\u00e9 aupr\u00e8s de monsieur le pr\u00e9fet du Nord, 12-14 rue Jean sans Peur &#8211; CS 20003 &#8211; 59039 Lille Cedex ;<\/span><\/li><li><span style=\"color: #333333;\">un recours hi\u00e9rarchique peut \u00eatre d\u00e9pos\u00e9 aupr\u00e8s du ministre de la transition \u00e9cologique et de la coh\u00e9sion des territoires &#8211; grande arche de La D\u00e9fense &#8211; paroi sud\/Tour Sequoia &#8211; 92055 La D\u00e9fense ;<\/span><\/li><li><span style=\"color: #333333;\">un recours contentieux, en saisissant le tribunal administratif de Lille, 5 rue Geoffroy Saint \u00adHilaire CS 62039 &#8211; 59014 cedex Lille.<\/span><\/li><\/ul><p><span style=\"color: #333333;\">Le tribunal administratif peut \u00e9galement \u00eatre saisi par l&#8217;application informatique t\u00e9l\u00e9recours accessible par le site internet <a href=\"https:\/\/www.telerecours.fr\" target=\"_blank\" rel=\"noopener\">www.telerecours.fr<\/a>. L&#8217;absence de r\u00e9ponse de l&#8217;administration sur un recours gracieux ou hi\u00e9rarchique au terme du d\u00e9lai de deux mois vaut rejet implicite. Apr\u00e8s un recours gracieux ou hi\u00e9rarchique, le d\u00e9lai du recours contentieux ne court qu&#8217;\u00e0 compter du rejet explicite ou implicite de l&#8217;un de ces recours. <\/span><\/p><p><span style=\"color: #333333;\"><span style=\"text-decoration: underline;\">Article 9<\/span> &#8211; Ex\u00e9cution <\/span><\/p><p><span style=\"color: #333333;\">La secr\u00e9taire g\u00e9n\u00e9rale de la pr\u00e9fecture, les sous-pr\u00e9fets d&#8217;arrondissement, les directeurs de la direction r\u00e9gionale de l&#8217;environnement, de l&#8217;am\u00e9nagement et du logement et de la direction d\u00e9partementale des territoires et de la mer, le chef du service d\u00e9partemental de l&#8217;office fran\u00e7ais de la biodiversit\u00e9 et les maires du d\u00e9partement du Nord sont charg\u00e9s, chacun en ce qui le concerne, de l&#8217;ex\u00e9cution du pr\u00e9sent arr\u00eat\u00e9.<\/span><\/p><p style=\"text-align: right;\"><span style=\"color: #333333;\">Fait \u00e0 Lille, le 10\/07\/2023<\/span><br \/><span style=\"color: #333333;\">Georges-Fran\u00e7ois LECLERC<\/span><\/p><p><span style=\"color: #333333;\"><a href=\"https:\/\/thiant.fr\/wordpress\/documents_ext\/20230710_Annexe-01.pdf\" target=\"_blank\" rel=\"noopener\"><span style=\"text-decoration: underline;\">Annexe 1 :<\/span><\/a> liste des communes par unit\u00e9 de r\u00e9f\u00e9rence.<\/span><br \/><span style=\"color: #333333;\"><a href=\"https:\/\/thiant.fr\/wordpress\/documents_ext\/20230710_Annexe-02.pdf\" target=\"_blank\" rel=\"noopener\"><span style=\"text-decoration: underline;\">Annexe 2 :<\/span><\/a> mesures de limitation des usages de l&#8217;eau par niveau de gravit\u00e9 s\u00e9cheresse et par usagers s&#8217;appliquant aux communes relevant des zones d&#8217;alerte.<\/span><br \/><span style=\"color: #333333;\"><a href=\"https:\/\/thiant.fr\/wordpress\/documents_ext\/20230710_Annexe-03.pdf\" target=\"_blank\" rel=\"noopener\"><span style=\"text-decoration: underline;\">Annexe 3 :<\/span><\/a> formulaire de demande de pr\u00e9l\u00e8vement en voie d&#8217;eau.<\/span><\/p>\t\t\t\t\t\t\t\t<\/div>\n\t\t\t\t<\/div>\n\t\t\t\t\t<\/div>\n\t\t<\/div>\n\t\t\t\t\t<\/div>\n\t\t<\/section>\n\t\t\t\t<\/div>\n\t\t","protected":false},"excerpt":{"rendered":"<p>Direction d\u00e9partementale des territoires et de la mer du Nord Service eau nature et territoires Arr\u00eat\u00e9 pr\u00e9fectoral r\u00e9glementant les usages de l&#8217;eau en vue de la pr\u00e9servation de la ressource en eau dans le d\u00e9partement du Nord &#8212;&#8212; Le pr\u00e9fet de la r\u00e9gion Hauts-de-France, pr\u00e9fet du Nord Vu le code de l&#8217;environnement, notamment les articles [&hellip;]<\/p>\n","protected":false},"author":1,"featured_media":1180,"comment_status":"closed","ping_status":"closed","sticky":false,"template":"","format":"standard","meta":{"_crdt_document":"","ocean_post_layout":"","ocean_both_sidebars_style":"","ocean_both_sidebars_content_width":0,"ocean_both_sidebars_sidebars_width":0,"ocean_sidebar":"0","ocean_second_sidebar":"0","ocean_disable_margins":"enable","ocean_add_body_class":"","ocean_shortcode_before_top_bar":"","ocean_shortcode_after_top_bar":"","ocean_shortcode_before_header":"","ocean_shortcode_after_header":"","ocean_has_shortcode":"","ocean_shortcode_after_title":"","ocean_shortcode_before_footer_widgets":"","ocean_shortcode_after_footer_widgets":"","ocean_shortcode_before_footer_bottom":"","ocean_shortcode_after_footer_bottom":"","ocean_display_top_bar":"default","ocean_display_header":"default","ocean_header_style":"","ocean_center_header_left_menu":"0","ocean_custom_header_template":"0","ocean_custom_logo":0,"ocean_custom_retina_logo":0,"ocean_custom_logo_max_width":0,"ocean_custom_logo_tablet_max_width":0,"ocean_custom_logo_mobile_max_width":0,"ocean_custom_logo_max_height":0,"ocean_custom_logo_tablet_max_height":0,"ocean_custom_logo_mobile_max_height":0,"ocean_header_custom_menu":"0","ocean_menu_typo_font_family":"0","ocean_menu_typo_font_subset":"","ocean_menu_typo_font_size":0,"ocean_menu_typo_font_size_tablet":0,"ocean_menu_typo_font_size_mobile":0,"ocean_menu_typo_font_size_unit":"px","ocean_menu_typo_font_weight":"","ocean_menu_typo_font_weight_tablet":"","ocean_menu_typo_font_weight_mobile":"","ocean_menu_typo_transform":"","ocean_menu_typo_transform_tablet":"","ocean_menu_typo_transform_mobile":"","ocean_menu_typo_line_height":0,"ocean_menu_typo_line_height_tablet":0,"ocean_menu_typo_line_height_mobile":0,"ocean_menu_typo_line_height_unit":"","ocean_menu_typo_spacing":0,"ocean_menu_typo_spacing_tablet":0,"ocean_menu_typo_spacing_mobile":0,"ocean_menu_typo_spacing_unit":"","ocean_menu_link_color":"","ocean_menu_link_color_hover":"","ocean_menu_link_color_active":"","ocean_menu_link_background":"","ocean_menu_link_hover_background":"","ocean_menu_link_active_background":"","ocean_menu_social_links_bg":"","ocean_menu_social_hover_links_bg":"","ocean_menu_social_links_color":"","ocean_menu_social_hover_links_color":"","ocean_disable_title":"default","ocean_disable_heading":"default","ocean_post_title":"","ocean_post_subheading":"","ocean_post_title_style":"","ocean_post_title_background_color":"","ocean_post_title_background":0,"ocean_post_title_bg_image_position":"","ocean_post_title_bg_image_attachment":"","ocean_post_title_bg_image_repeat":"","ocean_post_title_bg_image_size":"","ocean_post_title_height":0,"ocean_post_title_bg_overlay":0.5,"ocean_post_title_bg_overlay_color":"","ocean_disable_breadcrumbs":"default","ocean_breadcrumbs_color":"","ocean_breadcrumbs_separator_color":"","ocean_breadcrumbs_links_color":"","ocean_breadcrumbs_links_hover_color":"","ocean_display_footer_widgets":"default","ocean_display_footer_bottom":"default","ocean_custom_footer_template":"0","ocean_post_oembed":"","ocean_post_self_hosted_media":"","ocean_post_video_embed":"","ocean_link_format":"","ocean_link_format_target":"self","ocean_quote_format":"","ocean_quote_format_link":"post","ocean_gallery_link_images":"off","ocean_gallery_id":[],"footnotes":""},"categories":[338],"tags":[393,628,343,205,114,390,631,209,632],"class_list":["post-1179","post","type-post","status-publish","format-standard","has-post-thumbnail","hentry","category-informations-institutionnelles","tag-arrete","tag-arrete-prefectoral","tag-departement","tag-eau","tag-nord","tag-prefecture","tag-preservation","tag-ressources","tag-usage","entry","has-media"],"yoast_head":"<!-- This site is optimized with the Yoast SEO plugin v27.3 - https:\/\/yoast.com\/product\/yoast-seo-wordpress\/ -->\n<title>Arr\u00eat\u00e9 pr\u00e9fectoral r\u00e9glementant les usages de l&#039;eau - Les associations de la ville de Thiant<\/title>\n<meta name=\"robots\" content=\"index, follow, max-snippet:-1, max-image-preview:large, max-video-preview:-1\" \/>\n<link rel=\"canonical\" href=\"https:\/\/thiant.fr\/wordpress\/associations\/arrete-prefectoral-reglementant-les-usages-de-leau\/\" \/>\n<meta property=\"og:locale\" content=\"fr_FR\" \/>\n<meta property=\"og:type\" content=\"article\" \/>\n<meta property=\"og:title\" content=\"Arr\u00eat\u00e9 pr\u00e9fectoral r\u00e9glementant les usages de l&#039;eau - Les associations de la ville de Thiant\" \/>\n<meta property=\"og:description\" content=\"Direction d\u00e9partementale des territoires et de la mer du Nord Service eau nature et territoires Arr\u00eat\u00e9 pr\u00e9fectoral r\u00e9glementant les usages de l&#8217;eau en vue de la pr\u00e9servation de la ressource en eau dans le d\u00e9partement du Nord &#8212;&#8212; Le pr\u00e9fet de la r\u00e9gion Hauts-de-France, pr\u00e9fet du Nord Vu le code de l&#8217;environnement, notamment les articles [&hellip;]\" \/>\n<meta property=\"og:url\" content=\"https:\/\/thiant.fr\/wordpress\/associations\/arrete-prefectoral-reglementant-les-usages-de-leau\/\" \/>\n<meta property=\"og:site_name\" content=\"Les associations de la ville de Thiant\" \/>\n<meta property=\"article:publisher\" content=\"https:\/\/www.facebook.com\/commune.thiant.1\" \/>\n<meta property=\"article:published_time\" content=\"2023-07-11T09:54:44+00:00\" \/>\n<meta property=\"article:modified_time\" content=\"2023-07-11T10:15:40+00:00\" \/>\n<meta property=\"og:image\" content=\"https:\/\/thiant.fr\/wordpress\/associations\/wp-content\/uploads\/sites\/3\/2023\/07\/Preservons-notre-ressource-en-eau.png\" \/>\n\t<meta property=\"og:image:width\" content=\"730\" \/>\n\t<meta property=\"og:image:height\" content=\"389\" \/>\n\t<meta property=\"og:image:type\" content=\"image\/png\" \/>\n<meta name=\"author\" content=\"Service communication\" \/>\n<meta name=\"twitter:card\" content=\"summary_large_image\" \/>\n<meta name=\"twitter:label1\" content=\"\u00c9crit par\" \/>\n\t<meta name=\"twitter:data1\" content=\"Service communication\" \/>\n\t<meta name=\"twitter:label2\" content=\"Dur\u00e9e de lecture estim\u00e9e\" \/>\n\t<meta name=\"twitter:data2\" content=\"8 minutes\" \/>\n<script type=\"application\/ld+json\" class=\"yoast-schema-graph\">{\"@context\":\"https:\\\/\\\/schema.org\",\"@graph\":[{\"@type\":\"Article\",\"@id\":\"https:\\\/\\\/thiant.fr\\\/wordpress\\\/associations\\\/arrete-prefectoral-reglementant-les-usages-de-leau\\\/#article\",\"isPartOf\":{\"@id\":\"https:\\\/\\\/thiant.fr\\\/wordpress\\\/associations\\\/arrete-prefectoral-reglementant-les-usages-de-leau\\\/\"},\"author\":{\"name\":\"Service communication\",\"@id\":\"https:\\\/\\\/thiant.fr\\\/wordpress\\\/associations\\\/#\\\/schema\\\/person\\\/f41122130d18c0720657431d990451c6\"},\"headline\":\"Arr\u00eat\u00e9 pr\u00e9fectoral r\u00e9glementant les usages de l&#8217;eau\",\"datePublished\":\"2023-07-11T09:54:44+00:00\",\"dateModified\":\"2023-07-11T10:15:40+00:00\",\"mainEntityOfPage\":{\"@id\":\"https:\\\/\\\/thiant.fr\\\/wordpress\\\/associations\\\/arrete-prefectoral-reglementant-les-usages-de-leau\\\/\"},\"wordCount\":1755,\"publisher\":{\"@id\":\"https:\\\/\\\/thiant.fr\\\/wordpress\\\/associations\\\/#organization\"},\"image\":{\"@id\":\"https:\\\/\\\/thiant.fr\\\/wordpress\\\/associations\\\/arrete-prefectoral-reglementant-les-usages-de-leau\\\/#primaryimage\"},\"thumbnailUrl\":\"https:\\\/\\\/thiant.fr\\\/wordpress\\\/associations\\\/wp-content\\\/uploads\\\/sites\\\/3\\\/2023\\\/07\\\/Preservons-notre-ressource-en-eau.png\",\"keywords\":[\"arrete\",\"arr\u00eat\u00e9 pr\u00e9fectoral\",\"d\u00e9partement\",\"eau\",\"Nord\",\"pr\u00e9fecture\",\"pr\u00e9servation\",\"ressources\",\"usage\"],\"articleSection\":[\"Informations institutionnelles\"],\"inLanguage\":\"fr-FR\"},{\"@type\":\"WebPage\",\"@id\":\"https:\\\/\\\/thiant.fr\\\/wordpress\\\/associations\\\/arrete-prefectoral-reglementant-les-usages-de-leau\\\/\",\"url\":\"https:\\\/\\\/thiant.fr\\\/wordpress\\\/associations\\\/arrete-prefectoral-reglementant-les-usages-de-leau\\\/\",\"name\":\"Arr\u00eat\u00e9 pr\u00e9fectoral r\u00e9glementant les usages de l'eau - Les associations de la ville de Thiant\",\"isPartOf\":{\"@id\":\"https:\\\/\\\/thiant.fr\\\/wordpress\\\/associations\\\/#website\"},\"primaryImageOfPage\":{\"@id\":\"https:\\\/\\\/thiant.fr\\\/wordpress\\\/associations\\\/arrete-prefectoral-reglementant-les-usages-de-leau\\\/#primaryimage\"},\"image\":{\"@id\":\"https:\\\/\\\/thiant.fr\\\/wordpress\\\/associations\\\/arrete-prefectoral-reglementant-les-usages-de-leau\\\/#primaryimage\"},\"thumbnailUrl\":\"https:\\\/\\\/thiant.fr\\\/wordpress\\\/associations\\\/wp-content\\\/uploads\\\/sites\\\/3\\\/2023\\\/07\\\/Preservons-notre-ressource-en-eau.png\",\"datePublished\":\"2023-07-11T09:54:44+00:00\",\"dateModified\":\"2023-07-11T10:15:40+00:00\",\"breadcrumb\":{\"@id\":\"https:\\\/\\\/thiant.fr\\\/wordpress\\\/associations\\\/arrete-prefectoral-reglementant-les-usages-de-leau\\\/#breadcrumb\"},\"inLanguage\":\"fr-FR\",\"potentialAction\":[{\"@type\":\"ReadAction\",\"target\":[\"https:\\\/\\\/thiant.fr\\\/wordpress\\\/associations\\\/arrete-prefectoral-reglementant-les-usages-de-leau\\\/\"]}]},{\"@type\":\"ImageObject\",\"inLanguage\":\"fr-FR\",\"@id\":\"https:\\\/\\\/thiant.fr\\\/wordpress\\\/associations\\\/arrete-prefectoral-reglementant-les-usages-de-leau\\\/#primaryimage\",\"url\":\"https:\\\/\\\/thiant.fr\\\/wordpress\\\/associations\\\/wp-content\\\/uploads\\\/sites\\\/3\\\/2023\\\/07\\\/Preservons-notre-ressource-en-eau.png\",\"contentUrl\":\"https:\\\/\\\/thiant.fr\\\/wordpress\\\/associations\\\/wp-content\\\/uploads\\\/sites\\\/3\\\/2023\\\/07\\\/Preservons-notre-ressource-en-eau.png\",\"width\":730,\"height\":389},{\"@type\":\"BreadcrumbList\",\"@id\":\"https:\\\/\\\/thiant.fr\\\/wordpress\\\/associations\\\/arrete-prefectoral-reglementant-les-usages-de-leau\\\/#breadcrumb\",\"itemListElement\":[{\"@type\":\"ListItem\",\"position\":1,\"name\":\"Accueil\",\"item\":\"https:\\\/\\\/thiant.fr\\\/wordpress\\\/associations\\\/\"},{\"@type\":\"ListItem\",\"position\":2,\"name\":\"Arr\u00eat\u00e9 pr\u00e9fectoral r\u00e9glementant les usages de l&#8217;eau\"}]},{\"@type\":\"WebSite\",\"@id\":\"https:\\\/\\\/thiant.fr\\\/wordpress\\\/associations\\\/#website\",\"url\":\"https:\\\/\\\/thiant.fr\\\/wordpress\\\/associations\\\/\",\"name\":\"Les associations de la ville de Thiant\",\"description\":\"Retrouvez toutes les associations de la ville\",\"publisher\":{\"@id\":\"https:\\\/\\\/thiant.fr\\\/wordpress\\\/associations\\\/#organization\"},\"potentialAction\":[{\"@type\":\"SearchAction\",\"target\":{\"@type\":\"EntryPoint\",\"urlTemplate\":\"https:\\\/\\\/thiant.fr\\\/wordpress\\\/associations\\\/?s={search_term_string}\"},\"query-input\":{\"@type\":\"PropertyValueSpecification\",\"valueRequired\":true,\"valueName\":\"search_term_string\"}}],\"inLanguage\":\"fr-FR\"},{\"@type\":\"Organization\",\"@id\":\"https:\\\/\\\/thiant.fr\\\/wordpress\\\/associations\\\/#organization\",\"name\":\"Les associations de la ville de Thiant\",\"url\":\"https:\\\/\\\/thiant.fr\\\/wordpress\\\/associations\\\/\",\"logo\":{\"@type\":\"ImageObject\",\"inLanguage\":\"fr-FR\",\"@id\":\"https:\\\/\\\/thiant.fr\\\/wordpress\\\/associations\\\/#\\\/schema\\\/logo\\\/image\\\/\",\"url\":\"https:\\\/\\\/thiant.fr\\\/wordpress\\\/associations\\\/wp-content\\\/uploads\\\/sites\\\/3\\\/2024\\\/11\\\/cropped-logo-asso-75.png\",\"contentUrl\":\"https:\\\/\\\/thiant.fr\\\/wordpress\\\/associations\\\/wp-content\\\/uploads\\\/sites\\\/3\\\/2024\\\/11\\\/cropped-logo-asso-75.png\",\"width\":75,\"height\":75,\"caption\":\"Les associations de la ville de Thiant\"},\"image\":{\"@id\":\"https:\\\/\\\/thiant.fr\\\/wordpress\\\/associations\\\/#\\\/schema\\\/logo\\\/image\\\/\"},\"sameAs\":[\"https:\\\/\\\/www.facebook.com\\\/commune.thiant.1\"]},{\"@type\":\"Person\",\"@id\":\"https:\\\/\\\/thiant.fr\\\/wordpress\\\/associations\\\/#\\\/schema\\\/person\\\/f41122130d18c0720657431d990451c6\",\"name\":\"Service communication\",\"image\":{\"@type\":\"ImageObject\",\"inLanguage\":\"fr-FR\",\"@id\":\"https:\\\/\\\/thiant.fr\\\/wordpress\\\/associations\\\/wp-content\\\/litespeed\\\/avatar\\\/3\\\/eeb9098e5269f97d4e67fcd6f533ccb1.jpg?ver=1776861802\",\"url\":\"https:\\\/\\\/thiant.fr\\\/wordpress\\\/associations\\\/wp-content\\\/litespeed\\\/avatar\\\/3\\\/eeb9098e5269f97d4e67fcd6f533ccb1.jpg?ver=1776861802\",\"contentUrl\":\"https:\\\/\\\/thiant.fr\\\/wordpress\\\/associations\\\/wp-content\\\/litespeed\\\/avatar\\\/3\\\/eeb9098e5269f97d4e67fcd6f533ccb1.jpg?ver=1776861802\",\"caption\":\"Service communication\"},\"url\":\"https:\\\/\\\/thiant.fr\\\/wordpress\\\/associations\\\/author\\\/adminwpress\\\/\"}]}<\/script>\n<!-- \/ Yoast SEO plugin. -->","yoast_head_json":{"title":"Arr\u00eat\u00e9 pr\u00e9fectoral r\u00e9glementant les usages de l'eau - Les associations de la ville de Thiant","robots":{"index":"index","follow":"follow","max-snippet":"max-snippet:-1","max-image-preview":"max-image-preview:large","max-video-preview":"max-video-preview:-1"},"canonical":"https:\/\/thiant.fr\/wordpress\/associations\/arrete-prefectoral-reglementant-les-usages-de-leau\/","og_locale":"fr_FR","og_type":"article","og_title":"Arr\u00eat\u00e9 pr\u00e9fectoral r\u00e9glementant les usages de l'eau - Les associations de la ville de Thiant","og_description":"Direction d\u00e9partementale des territoires et de la mer du Nord Service eau nature et territoires Arr\u00eat\u00e9 pr\u00e9fectoral r\u00e9glementant les usages de l&#8217;eau en vue de la pr\u00e9servation de la ressource en eau dans le d\u00e9partement du Nord &#8212;&#8212; Le pr\u00e9fet de la r\u00e9gion Hauts-de-France, pr\u00e9fet du Nord Vu le code de l&#8217;environnement, notamment les articles [&hellip;]","og_url":"https:\/\/thiant.fr\/wordpress\/associations\/arrete-prefectoral-reglementant-les-usages-de-leau\/","og_site_name":"Les associations de la ville de Thiant","article_publisher":"https:\/\/www.facebook.com\/commune.thiant.1","article_published_time":"2023-07-11T09:54:44+00:00","article_modified_time":"2023-07-11T10:15:40+00:00","og_image":[{"width":730,"height":389,"url":"https:\/\/thiant.fr\/wordpress\/associations\/wp-content\/uploads\/sites\/3\/2023\/07\/Preservons-notre-ressource-en-eau.png","type":"image\/png"}],"author":"Service communication","twitter_card":"summary_large_image","twitter_misc":{"\u00c9crit par":"Service communication","Dur\u00e9e de lecture estim\u00e9e":"8 minutes"},"schema":{"@context":"https:\/\/schema.org","@graph":[{"@type":"Article","@id":"https:\/\/thiant.fr\/wordpress\/associations\/arrete-prefectoral-reglementant-les-usages-de-leau\/#article","isPartOf":{"@id":"https:\/\/thiant.fr\/wordpress\/associations\/arrete-prefectoral-reglementant-les-usages-de-leau\/"},"author":{"name":"Service communication","@id":"https:\/\/thiant.fr\/wordpress\/associations\/#\/schema\/person\/f41122130d18c0720657431d990451c6"},"headline":"Arr\u00eat\u00e9 pr\u00e9fectoral r\u00e9glementant les usages de l&#8217;eau","datePublished":"2023-07-11T09:54:44+00:00","dateModified":"2023-07-11T10:15:40+00:00","mainEntityOfPage":{"@id":"https:\/\/thiant.fr\/wordpress\/associations\/arrete-prefectoral-reglementant-les-usages-de-leau\/"},"wordCount":1755,"publisher":{"@id":"https:\/\/thiant.fr\/wordpress\/associations\/#organization"},"image":{"@id":"https:\/\/thiant.fr\/wordpress\/associations\/arrete-prefectoral-reglementant-les-usages-de-leau\/#primaryimage"},"thumbnailUrl":"https:\/\/thiant.fr\/wordpress\/associations\/wp-content\/uploads\/sites\/3\/2023\/07\/Preservons-notre-ressource-en-eau.png","keywords":["arrete","arr\u00eat\u00e9 pr\u00e9fectoral","d\u00e9partement","eau","Nord","pr\u00e9fecture","pr\u00e9servation","ressources","usage"],"articleSection":["Informations institutionnelles"],"inLanguage":"fr-FR"},{"@type":"WebPage","@id":"https:\/\/thiant.fr\/wordpress\/associations\/arrete-prefectoral-reglementant-les-usages-de-leau\/","url":"https:\/\/thiant.fr\/wordpress\/associations\/arrete-prefectoral-reglementant-les-usages-de-leau\/","name":"Arr\u00eat\u00e9 pr\u00e9fectoral r\u00e9glementant les usages de l'eau - Les associations de la ville de Thiant","isPartOf":{"@id":"https:\/\/thiant.fr\/wordpress\/associations\/#website"},"primaryImageOfPage":{"@id":"https:\/\/thiant.fr\/wordpress\/associations\/arrete-prefectoral-reglementant-les-usages-de-leau\/#primaryimage"},"image":{"@id":"https:\/\/thiant.fr\/wordpress\/associations\/arrete-prefectoral-reglementant-les-usages-de-leau\/#primaryimage"},"thumbnailUrl":"https:\/\/thiant.fr\/wordpress\/associations\/wp-content\/uploads\/sites\/3\/2023\/07\/Preservons-notre-ressource-en-eau.png","datePublished":"2023-07-11T09:54:44+00:00","dateModified":"2023-07-11T10:15:40+00:00","breadcrumb":{"@id":"https:\/\/thiant.fr\/wordpress\/associations\/arrete-prefectoral-reglementant-les-usages-de-leau\/#breadcrumb"},"inLanguage":"fr-FR","potentialAction":[{"@type":"ReadAction","target":["https:\/\/thiant.fr\/wordpress\/associations\/arrete-prefectoral-reglementant-les-usages-de-leau\/"]}]},{"@type":"ImageObject","inLanguage":"fr-FR","@id":"https:\/\/thiant.fr\/wordpress\/associations\/arrete-prefectoral-reglementant-les-usages-de-leau\/#primaryimage","url":"https:\/\/thiant.fr\/wordpress\/associations\/wp-content\/uploads\/sites\/3\/2023\/07\/Preservons-notre-ressource-en-eau.png","contentUrl":"https:\/\/thiant.fr\/wordpress\/associations\/wp-content\/uploads\/sites\/3\/2023\/07\/Preservons-notre-ressource-en-eau.png","width":730,"height":389},{"@type":"BreadcrumbList","@id":"https:\/\/thiant.fr\/wordpress\/associations\/arrete-prefectoral-reglementant-les-usages-de-leau\/#breadcrumb","itemListElement":[{"@type":"ListItem","position":1,"name":"Accueil","item":"https:\/\/thiant.fr\/wordpress\/associations\/"},{"@type":"ListItem","position":2,"name":"Arr\u00eat\u00e9 pr\u00e9fectoral r\u00e9glementant les usages de l&#8217;eau"}]},{"@type":"WebSite","@id":"https:\/\/thiant.fr\/wordpress\/associations\/#website","url":"https:\/\/thiant.fr\/wordpress\/associations\/","name":"Les associations de la ville de Thiant","description":"Retrouvez toutes les associations de la ville","publisher":{"@id":"https:\/\/thiant.fr\/wordpress\/associations\/#organization"},"potentialAction":[{"@type":"SearchAction","target":{"@type":"EntryPoint","urlTemplate":"https:\/\/thiant.fr\/wordpress\/associations\/?s={search_term_string}"},"query-input":{"@type":"PropertyValueSpecification","valueRequired":true,"valueName":"search_term_string"}}],"inLanguage":"fr-FR"},{"@type":"Organization","@id":"https:\/\/thiant.fr\/wordpress\/associations\/#organization","name":"Les associations de la ville de Thiant","url":"https:\/\/thiant.fr\/wordpress\/associations\/","logo":{"@type":"ImageObject","inLanguage":"fr-FR","@id":"https:\/\/thiant.fr\/wordpress\/associations\/#\/schema\/logo\/image\/","url":"https:\/\/thiant.fr\/wordpress\/associations\/wp-content\/uploads\/sites\/3\/2024\/11\/cropped-logo-asso-75.png","contentUrl":"https:\/\/thiant.fr\/wordpress\/associations\/wp-content\/uploads\/sites\/3\/2024\/11\/cropped-logo-asso-75.png","width":75,"height":75,"caption":"Les associations de la ville de Thiant"},"image":{"@id":"https:\/\/thiant.fr\/wordpress\/associations\/#\/schema\/logo\/image\/"},"sameAs":["https:\/\/www.facebook.com\/commune.thiant.1"]},{"@type":"Person","@id":"https:\/\/thiant.fr\/wordpress\/associations\/#\/schema\/person\/f41122130d18c0720657431d990451c6","name":"Service communication","image":{"@type":"ImageObject","inLanguage":"fr-FR","@id":"https:\/\/thiant.fr\/wordpress\/associations\/wp-content\/litespeed\/avatar\/3\/eeb9098e5269f97d4e67fcd6f533ccb1.jpg?ver=1776861802","url":"https:\/\/thiant.fr\/wordpress\/associations\/wp-content\/litespeed\/avatar\/3\/eeb9098e5269f97d4e67fcd6f533ccb1.jpg?ver=1776861802","contentUrl":"https:\/\/thiant.fr\/wordpress\/associations\/wp-content\/litespeed\/avatar\/3\/eeb9098e5269f97d4e67fcd6f533ccb1.jpg?ver=1776861802","caption":"Service communication"},"url":"https:\/\/thiant.fr\/wordpress\/associations\/author\/adminwpress\/"}]}},"_links":{"self":[{"href":"https:\/\/thiant.fr\/wordpress\/associations\/wp-json\/wp\/v2\/posts\/1179","targetHints":{"allow":["GET"]}}],"collection":[{"href":"https:\/\/thiant.fr\/wordpress\/associations\/wp-json\/wp\/v2\/posts"}],"about":[{"href":"https:\/\/thiant.fr\/wordpress\/associations\/wp-json\/wp\/v2\/types\/post"}],"author":[{"embeddable":true,"href":"https:\/\/thiant.fr\/wordpress\/associations\/wp-json\/wp\/v2\/users\/1"}],"replies":[{"embeddable":true,"href":"https:\/\/thiant.fr\/wordpress\/associations\/wp-json\/wp\/v2\/comments?post=1179"}],"version-history":[{"count":1,"href":"https:\/\/thiant.fr\/wordpress\/associations\/wp-json\/wp\/v2\/posts\/1179\/revisions"}],"predecessor-version":[{"id":1181,"href":"https:\/\/thiant.fr\/wordpress\/associations\/wp-json\/wp\/v2\/posts\/1179\/revisions\/1181"}],"wp:featuredmedia":[{"embeddable":true,"href":"https:\/\/thiant.fr\/wordpress\/associations\/wp-json\/wp\/v2\/media\/1180"}],"wp:attachment":[{"href":"https:\/\/thiant.fr\/wordpress\/associations\/wp-json\/wp\/v2\/media?parent=1179"}],"wp:term":[{"taxonomy":"category","embeddable":true,"href":"https:\/\/thiant.fr\/wordpress\/associations\/wp-json\/wp\/v2\/categories?post=1179"},{"taxonomy":"post_tag","embeddable":true,"href":"https:\/\/thiant.fr\/wordpress\/associations\/wp-json\/wp\/v2\/tags?post=1179"}],"curies":[{"name":"wp","href":"https:\/\/api.w.org\/{rel}","templated":true}]}}