{"id":270,"date":"2020-04-22T15:43:06","date_gmt":"2020-04-22T13:43:06","guid":{"rendered":"https:\/\/thiant.fr\/wordpress\/associations\/?p=270"},"modified":"2020-04-22T15:48:12","modified_gmt":"2020-04-22T13:48:12","slug":"collecte-exceptionnelle-de-dechets-verts-2","status":"publish","type":"post","link":"https:\/\/thiant.fr\/wordpress\/associations\/collecte-exceptionnelle-de-dechets-verts-2\/","title":{"rendered":"Collecte exceptionnelle de d\u00e9chets verts"},"content":{"rendered":"\t\t<div data-elementor-type=\"wp-post\" data-elementor-id=\"270\" class=\"elementor elementor-270\">\n\t\t\t\t\t\t<section class=\"elementor-section elementor-top-section elementor-element elementor-element-63830b4 elementor-section-boxed elementor-section-height-default elementor-section-height-default\" data-id=\"63830b4\" data-element_type=\"section\" data-e-type=\"section\">\n\t\t\t\t\t\t<div class=\"elementor-container elementor-column-gap-default\">\n\t\t\t\t\t<div class=\"elementor-column elementor-col-100 elementor-top-column elementor-element elementor-element-3b830b9\" data-id=\"3b830b9\" data-element_type=\"column\" data-e-type=\"column\">\n\t\t\t<div class=\"elementor-widget-wrap elementor-element-populated\">\n\t\t\t\t\t\t<div class=\"elementor-element elementor-element-38f4ddc elementor-widget elementor-widget-text-editor\" data-id=\"38f4ddc\" data-element_type=\"widget\" data-e-type=\"widget\" data-widget_type=\"text-editor.default\">\n\t\t\t\t<div class=\"elementor-widget-container\">\n\t\t\t\t\t\t\t\t\t<h5 style=\"text-align: center;\"><strong><u><span style=\"color: #008000;\">Collecte EXCEPTIONNELLE\u00a0 des d\u00e9chets verts dans les communes de La Porte du Hainaut<\/span> <\/u><\/strong><\/h5><p><span style=\"color: #333333;\"><strong>Les d\u00e9chets verts seront collect\u00e9s en porte \u00e0 porte du lundi 4 au vendredi 8 mai dans toutes les communes de la Porte du Hainaut. <\/strong>L\u2019objectif est de permettre aux habitants de se d\u00e9barrasser de leurs d\u00e9chets verts (tailles ou tontes) <strong><u>dans la limite de 2m<sup>3<\/sup> par d\u00e9p\u00f4t.<\/u><\/strong><\/span><\/p><h6 style=\"text-align: center;\"><span style=\"color: #d92727;\">Le ramassage des d\u00e9chets verts sur notre commune s&#8217;effectuera le lundi 4 mai<\/span><\/h6><h5><span style=\"color: #333333;\"><strong><u><span style=\"color: #003366;\">Quels d\u00e9chets seront collect\u00e9s\u00a0?<\/span> <\/u><\/strong><\/span><\/h5><p style=\"padding-left: 40px;\"><span style=\"color: #008000;\">&#8211; la tonte<\/span><\/p><p style=\"padding-left: 40px;\"><span style=\"color: #008000;\"><strong>&#8211; <\/strong>les tailles en fagots ficel\u00e9s d\u2019une longueur maxi de 1 m\u00e8tre<\/span><\/p><p style=\"padding-left: 40px;\"><span style=\"color: #d92727;\">&#8211; Les souches, m\u00eame petites, ne seront pas collect\u00e9es.<\/span><\/p><h5><span style=\"color: #333333;\"><strong><u><span style=\"color: #003366;\">Quelles sont les modalit\u00e9s de collecte\u00a0?<\/span> <\/u><\/strong><\/span><\/h5><p style=\"padding-left: 40px;\"><span style=\"color: #008000;\"><strong>Les d\u00e9chets verts devront \u00eatre pr\u00e9sent\u00e9s\u00a0:<\/strong><\/span><\/p><p style=\"padding-left: 40px;\"><span style=\"color: #008000;\"><strong>&#8211; <\/strong>dans des poubelles rondes ouvertes, ou dans des cartons ou dans des sacs en papier<\/span><\/p><p style=\"padding-left: 40px;\"><span style=\"color: #008000;\"><strong>&#8211; <\/strong>la veille sur le trottoir, devant le domicile de l\u2019habitant<\/span><\/p><p style=\"padding-left: 40px;\"><span style=\"color: #d92727;\"><strong>Les d\u00e9chets ne seront pas collect\u00e9s s\u2019ils sont\u00a0:<\/strong><\/span><\/p><p style=\"padding-left: 40px;\"><span style=\"color: #d92727;\">&#8211; dans les bacs roulants habituels de collecte (poubelles)<\/span><\/p><p style=\"padding-left: 40px;\"><span style=\"color: #d92727;\">&#8211; dans des sacs plastiques<\/span><\/p><p style=\"text-align: center;\"><span style=\"color: #333333;\"><strong><span style=\"color: #d92727;\">ATTENTION\u00a0: il n\u2019y aura pas de rattrapage si les d\u00e9chets verts sont sortis apr\u00e8s le passage du camion<\/span>.<\/strong><\/span><\/p><h6 style=\"text-align: center;\"><span style=\"color: #d92727;\">Le ramassage des d\u00e9chets verts sur notre commune s&#8217;effectuera le lundi 4 mai<\/span><\/h6>\t\t\t\t\t\t\t\t<\/div>\n\t\t\t\t<\/div>\n\t\t\t\t\t<\/div>\n\t\t<\/div>\n\t\t\t\t\t<\/div>\n\t\t<\/section>\n\t\t\t\t<section class=\"elementor-section elementor-top-section elementor-element elementor-element-efae53f elementor-section-boxed elementor-section-height-default elementor-section-height-default\" data-id=\"efae53f\" data-element_type=\"section\" data-e-type=\"section\">\n\t\t\t\t\t\t<div class=\"elementor-container elementor-column-gap-default\">\n\t\t\t\t\t<div class=\"elementor-column elementor-col-100 elementor-top-column elementor-element elementor-element-380098e\" data-id=\"380098e\" data-element_type=\"column\" data-e-type=\"column\">\n\t\t\t<div class=\"elementor-widget-wrap elementor-element-populated\">\n\t\t\t\t\t\t<div class=\"elementor-element elementor-element-43824cb elementor-widget elementor-widget-image\" data-id=\"43824cb\" data-element_type=\"widget\" data-e-type=\"widget\" data-widget_type=\"image.default\">\n\t\t\t\t<div class=\"elementor-widget-container\">\n\t\t\t\t\t\t\t\t\t\t\t\t\t\t\t<img fetchpriority=\"high\" decoding=\"async\" width=\"569\" height=\"800\" src=\"https:\/\/thiant.fr\/wordpress\/associations\/wp-content\/uploads\/sites\/3\/2023\/10\/2023_CAPH_guide-gps.png\" class=\"attachment-large size-large wp-image-1261\" alt=\"\" srcset=\"https:\/\/thiant.fr\/wordpress\/associations\/wp-content\/uploads\/sites\/3\/2023\/10\/2023_CAPH_guide-gps.png 569w, https:\/\/thiant.fr\/wordpress\/associations\/wp-content\/uploads\/sites\/3\/2023\/10\/2023_CAPH_guide-gps-213x300.png 213w\" sizes=\"(max-width: 569px) 100vw, 569px\" \/>\t\t\t\t\t\t\t\t\t\t\t\t\t\t\t<\/div>\n\t\t\t\t<\/div>\n\t\t\t\t\t<\/div>\n\t\t<\/div>\n\t\t\t\t\t<\/div>\n\t\t<\/section>\n\t\t\t\t<\/div>\n\t\t","protected":false},"excerpt":{"rendered":"<p>Collecte EXCEPTIONNELLE&nbsp; des d\u00e9chets verts dans les communes de La Porte du Hainaut Les d\u00e9chets verts seront collect\u00e9s en porte \u00e0 porte du lundi 4 au vendredi 8 mai dans toutes les communes de la Porte du Hainaut. L\u2019objectif est de permettre aux habitants de se d\u00e9barrasser de leurs d\u00e9chets verts (tailles ou tontes) dans [&hellip;]<\/p>\n","protected":false},"author":1,"featured_media":240,"comment_status":"closed","ping_status":"closed","sticky":false,"template":"","format":"standard","meta":{"_crdt_document":"","ocean_post_layout":"","ocean_both_sidebars_style":"","ocean_both_sidebars_content_width":0,"ocean_both_sidebars_sidebars_width":0,"ocean_sidebar":"","ocean_second_sidebar":"","ocean_disable_margins":"enable","ocean_add_body_class":"","ocean_shortcode_before_top_bar":"","ocean_shortcode_after_top_bar":"","ocean_shortcode_before_header":"","ocean_shortcode_after_header":"","ocean_has_shortcode":"","ocean_shortcode_after_title":"","ocean_shortcode_before_footer_widgets":"","ocean_shortcode_after_footer_widgets":"","ocean_shortcode_before_footer_bottom":"","ocean_shortcode_after_footer_bottom":"","ocean_display_top_bar":"default","ocean_display_header":"default","ocean_header_style":"","ocean_center_header_left_menu":"","ocean_custom_header_template":"","ocean_custom_logo":0,"ocean_custom_retina_logo":0,"ocean_custom_logo_max_width":0,"ocean_custom_logo_tablet_max_width":0,"ocean_custom_logo_mobile_max_width":0,"ocean_custom_logo_max_height":0,"ocean_custom_logo_tablet_max_height":0,"ocean_custom_logo_mobile_max_height":0,"ocean_header_custom_menu":"","ocean_menu_typo_font_family":"","ocean_menu_typo_font_subset":"","ocean_menu_typo_font_size":0,"ocean_menu_typo_font_size_tablet":0,"ocean_menu_typo_font_size_mobile":0,"ocean_menu_typo_font_size_unit":"px","ocean_menu_typo_font_weight":"","ocean_menu_typo_font_weight_tablet":"","ocean_menu_typo_font_weight_mobile":"","ocean_menu_typo_transform":"","ocean_menu_typo_transform_tablet":"","ocean_menu_typo_transform_mobile":"","ocean_menu_typo_line_height":0,"ocean_menu_typo_line_height_tablet":0,"ocean_menu_typo_line_height_mobile":0,"ocean_menu_typo_line_height_unit":"","ocean_menu_typo_spacing":0,"ocean_menu_typo_spacing_tablet":0,"ocean_menu_typo_spacing_mobile":0,"ocean_menu_typo_spacing_unit":"","ocean_menu_link_color":"","ocean_menu_link_color_hover":"","ocean_menu_link_color_active":"","ocean_menu_link_background":"","ocean_menu_link_hover_background":"","ocean_menu_link_active_background":"","ocean_menu_social_links_bg":"","ocean_menu_social_hover_links_bg":"","ocean_menu_social_links_color":"","ocean_menu_social_hover_links_color":"","ocean_disable_title":"default","ocean_disable_heading":"default","ocean_post_title":"","ocean_post_subheading":"","ocean_post_title_style":"","ocean_post_title_background_color":"","ocean_post_title_background":0,"ocean_post_title_bg_image_position":"","ocean_post_title_bg_image_attachment":"","ocean_post_title_bg_image_repeat":"","ocean_post_title_bg_image_size":"","ocean_post_title_height":0,"ocean_post_title_bg_overlay":0.5,"ocean_post_title_bg_overlay_color":"","ocean_disable_breadcrumbs":"default","ocean_breadcrumbs_color":"","ocean_breadcrumbs_separator_color":"","ocean_breadcrumbs_links_color":"","ocean_breadcrumbs_links_hover_color":"","ocean_display_footer_widgets":"default","ocean_display_footer_bottom":"default","ocean_custom_footer_template":"","ocean_post_oembed":"","ocean_post_self_hosted_media":"","ocean_post_video_embed":"","ocean_link_format":"","ocean_link_format_target":"self","ocean_quote_format":"","ocean_quote_format_link":"post","ocean_gallery_link_images":"on","ocean_gallery_id":[],"footnotes":""},"categories":[142,69],"tags":[163,127,164,141],"class_list":["post-270","post","type-post","status-publish","format-standard","has-post-thumbnail","hentry","category-covid-19","category-siaved","tag-collecte","tag-collecte-des-dechets","tag-collecte-des-dechets-verts","tag-siaved","entry","has-media"],"yoast_head":"<!-- This site is optimized with the Yoast SEO plugin v27.3 - https:\/\/yoast.com\/product\/yoast-seo-wordpress\/ -->\n<title>Collecte exceptionnelle de d\u00e9chets verts - Les associations de la ville de Thiant<\/title>\n<meta name=\"robots\" content=\"index, follow, max-snippet:-1, max-image-preview:large, max-video-preview:-1\" \/>\n<link rel=\"canonical\" href=\"https:\/\/thiant.fr\/wordpress\/associations\/collecte-exceptionnelle-de-dechets-verts-2\/\" \/>\n<meta property=\"og:locale\" content=\"fr_FR\" \/>\n<meta property=\"og:type\" content=\"article\" \/>\n<meta property=\"og:title\" content=\"Collecte exceptionnelle de d\u00e9chets verts - Les associations de la ville de Thiant\" \/>\n<meta property=\"og:description\" content=\"Collecte EXCEPTIONNELLE&nbsp; des d\u00e9chets verts dans les communes de La Porte du Hainaut Les d\u00e9chets verts seront collect\u00e9s en porte \u00e0 porte du lundi 4 au vendredi 8 mai dans toutes les communes de la Porte du Hainaut. L\u2019objectif est de permettre aux habitants de se d\u00e9barrasser de leurs d\u00e9chets verts (tailles ou tontes) dans [&hellip;]\" \/>\n<meta property=\"og:url\" content=\"https:\/\/thiant.fr\/wordpress\/associations\/collecte-exceptionnelle-de-dechets-verts-2\/\" \/>\n<meta property=\"og:site_name\" content=\"Les associations de la ville de Thiant\" \/>\n<meta property=\"article:publisher\" content=\"https:\/\/www.facebook.com\/commune.thiant.1\" \/>\n<meta property=\"article:published_time\" content=\"2020-04-22T13:43:06+00:00\" \/>\n<meta property=\"article:modified_time\" content=\"2020-04-22T13:48:12+00:00\" \/>\n<meta property=\"og:image\" content=\"https:\/\/thiant.fr\/wordpress\/associations\/wp-content\/uploads\/sites\/3\/2020\/03\/LOGO-SIAVED.png\" \/>\n\t<meta property=\"og:image:width\" content=\"340\" \/>\n\t<meta property=\"og:image:height\" content=\"340\" \/>\n\t<meta property=\"og:image:type\" content=\"image\/png\" \/>\n<meta name=\"author\" content=\"Service communication\" \/>\n<meta name=\"twitter:card\" content=\"summary_large_image\" \/>\n<meta name=\"twitter:label1\" content=\"\u00c9crit par\" \/>\n\t<meta name=\"twitter:data1\" content=\"Service communication\" \/>\n\t<meta name=\"twitter:label2\" content=\"Dur\u00e9e de lecture estim\u00e9e\" \/>\n\t<meta name=\"twitter:data2\" content=\"1 minute\" \/>\n<script type=\"application\/ld+json\" class=\"yoast-schema-graph\">{\"@context\":\"https:\\\/\\\/schema.org\",\"@graph\":[{\"@type\":\"Article\",\"@id\":\"https:\\\/\\\/thiant.fr\\\/wordpress\\\/associations\\\/collecte-exceptionnelle-de-dechets-verts-2\\\/#article\",\"isPartOf\":{\"@id\":\"https:\\\/\\\/thiant.fr\\\/wordpress\\\/associations\\\/collecte-exceptionnelle-de-dechets-verts-2\\\/\"},\"author\":{\"name\":\"Service communication\",\"@id\":\"https:\\\/\\\/thiant.fr\\\/wordpress\\\/associations\\\/#\\\/schema\\\/person\\\/f41122130d18c0720657431d990451c6\"},\"headline\":\"Collecte exceptionnelle de d\u00e9chets verts\",\"datePublished\":\"2020-04-22T13:43:06+00:00\",\"dateModified\":\"2020-04-22T13:48:12+00:00\",\"mainEntityOfPage\":{\"@id\":\"https:\\\/\\\/thiant.fr\\\/wordpress\\\/associations\\\/collecte-exceptionnelle-de-dechets-verts-2\\\/\"},\"wordCount\":230,\"publisher\":{\"@id\":\"https:\\\/\\\/thiant.fr\\\/wordpress\\\/associations\\\/#organization\"},\"image\":{\"@id\":\"https:\\\/\\\/thiant.fr\\\/wordpress\\\/associations\\\/collecte-exceptionnelle-de-dechets-verts-2\\\/#primaryimage\"},\"thumbnailUrl\":\"https:\\\/\\\/thiant.fr\\\/wordpress\\\/associations\\\/wp-content\\\/uploads\\\/sites\\\/3\\\/2020\\\/03\\\/LOGO-SIAVED.png\",\"keywords\":[\"collecte\",\"collecte des d\u00e9chets\",\"collecte des d\u00e9chets verts\",\"SIAVED\"],\"articleSection\":[\"COVID-19\",\"SIAVED\"],\"inLanguage\":\"fr-FR\"},{\"@type\":\"WebPage\",\"@id\":\"https:\\\/\\\/thiant.fr\\\/wordpress\\\/associations\\\/collecte-exceptionnelle-de-dechets-verts-2\\\/\",\"url\":\"https:\\\/\\\/thiant.fr\\\/wordpress\\\/associations\\\/collecte-exceptionnelle-de-dechets-verts-2\\\/\",\"name\":\"Collecte exceptionnelle de d\u00e9chets verts - Les associations de la ville de Thiant\",\"isPartOf\":{\"@id\":\"https:\\\/\\\/thiant.fr\\\/wordpress\\\/associations\\\/#website\"},\"primaryImageOfPage\":{\"@id\":\"https:\\\/\\\/thiant.fr\\\/wordpress\\\/associations\\\/collecte-exceptionnelle-de-dechets-verts-2\\\/#primaryimage\"},\"image\":{\"@id\":\"https:\\\/\\\/thiant.fr\\\/wordpress\\\/associations\\\/collecte-exceptionnelle-de-dechets-verts-2\\\/#primaryimage\"},\"thumbnailUrl\":\"https:\\\/\\\/thiant.fr\\\/wordpress\\\/associations\\\/wp-content\\\/uploads\\\/sites\\\/3\\\/2020\\\/03\\\/LOGO-SIAVED.png\",\"datePublished\":\"2020-04-22T13:43:06+00:00\",\"dateModified\":\"2020-04-22T13:48:12+00:00\",\"breadcrumb\":{\"@id\":\"https:\\\/\\\/thiant.fr\\\/wordpress\\\/associations\\\/collecte-exceptionnelle-de-dechets-verts-2\\\/#breadcrumb\"},\"inLanguage\":\"fr-FR\",\"potentialAction\":[{\"@type\":\"ReadAction\",\"target\":[\"https:\\\/\\\/thiant.fr\\\/wordpress\\\/associations\\\/collecte-exceptionnelle-de-dechets-verts-2\\\/\"]}]},{\"@type\":\"ImageObject\",\"inLanguage\":\"fr-FR\",\"@id\":\"https:\\\/\\\/thiant.fr\\\/wordpress\\\/associations\\\/collecte-exceptionnelle-de-dechets-verts-2\\\/#primaryimage\",\"url\":\"https:\\\/\\\/thiant.fr\\\/wordpress\\\/associations\\\/wp-content\\\/uploads\\\/sites\\\/3\\\/2020\\\/03\\\/LOGO-SIAVED.png\",\"contentUrl\":\"https:\\\/\\\/thiant.fr\\\/wordpress\\\/associations\\\/wp-content\\\/uploads\\\/sites\\\/3\\\/2020\\\/03\\\/LOGO-SIAVED.png\",\"width\":340,\"height\":340},{\"@type\":\"BreadcrumbList\",\"@id\":\"https:\\\/\\\/thiant.fr\\\/wordpress\\\/associations\\\/collecte-exceptionnelle-de-dechets-verts-2\\\/#breadcrumb\",\"itemListElement\":[{\"@type\":\"ListItem\",\"position\":1,\"name\":\"Accueil\",\"item\":\"https:\\\/\\\/thiant.fr\\\/wordpress\\\/associations\\\/\"},{\"@type\":\"ListItem\",\"position\":2,\"name\":\"Collecte exceptionnelle de d\u00e9chets verts\"}]},{\"@type\":\"WebSite\",\"@id\":\"https:\\\/\\\/thiant.fr\\\/wordpress\\\/associations\\\/#website\",\"url\":\"https:\\\/\\\/thiant.fr\\\/wordpress\\\/associations\\\/\",\"name\":\"Les associations de la ville de Thiant\",\"description\":\"Retrouvez toutes les associations de la ville\",\"publisher\":{\"@id\":\"https:\\\/\\\/thiant.fr\\\/wordpress\\\/associations\\\/#organization\"},\"potentialAction\":[{\"@type\":\"SearchAction\",\"target\":{\"@type\":\"EntryPoint\",\"urlTemplate\":\"https:\\\/\\\/thiant.fr\\\/wordpress\\\/associations\\\/?s={search_term_string}\"},\"query-input\":{\"@type\":\"PropertyValueSpecification\",\"valueRequired\":true,\"valueName\":\"search_term_string\"}}],\"inLanguage\":\"fr-FR\"},{\"@type\":\"Organization\",\"@id\":\"https:\\\/\\\/thiant.fr\\\/wordpress\\\/associations\\\/#organization\",\"name\":\"Les associations de la ville de Thiant\",\"url\":\"https:\\\/\\\/thiant.fr\\\/wordpress\\\/associations\\\/\",\"logo\":{\"@type\":\"ImageObject\",\"inLanguage\":\"fr-FR\",\"@id\":\"https:\\\/\\\/thiant.fr\\\/wordpress\\\/associations\\\/#\\\/schema\\\/logo\\\/image\\\/\",\"url\":\"https:\\\/\\\/thiant.fr\\\/wordpress\\\/associations\\\/wp-content\\\/uploads\\\/sites\\\/3\\\/2024\\\/11\\\/cropped-logo-asso-75.png\",\"contentUrl\":\"https:\\\/\\\/thiant.fr\\\/wordpress\\\/associations\\\/wp-content\\\/uploads\\\/sites\\\/3\\\/2024\\\/11\\\/cropped-logo-asso-75.png\",\"width\":75,\"height\":75,\"caption\":\"Les associations de la ville de Thiant\"},\"image\":{\"@id\":\"https:\\\/\\\/thiant.fr\\\/wordpress\\\/associations\\\/#\\\/schema\\\/logo\\\/image\\\/\"},\"sameAs\":[\"https:\\\/\\\/www.facebook.com\\\/commune.thiant.1\"]},{\"@type\":\"Person\",\"@id\":\"https:\\\/\\\/thiant.fr\\\/wordpress\\\/associations\\\/#\\\/schema\\\/person\\\/f41122130d18c0720657431d990451c6\",\"name\":\"Service communication\",\"image\":{\"@type\":\"ImageObject\",\"inLanguage\":\"fr-FR\",\"@id\":\"https:\\\/\\\/thiant.fr\\\/wordpress\\\/associations\\\/wp-content\\\/litespeed\\\/avatar\\\/3\\\/eeb9098e5269f97d4e67fcd6f533ccb1.jpg?ver=1776861802\",\"url\":\"https:\\\/\\\/thiant.fr\\\/wordpress\\\/associations\\\/wp-content\\\/litespeed\\\/avatar\\\/3\\\/eeb9098e5269f97d4e67fcd6f533ccb1.jpg?ver=1776861802\",\"contentUrl\":\"https:\\\/\\\/thiant.fr\\\/wordpress\\\/associations\\\/wp-content\\\/litespeed\\\/avatar\\\/3\\\/eeb9098e5269f97d4e67fcd6f533ccb1.jpg?ver=1776861802\",\"caption\":\"Service communication\"},\"url\":\"https:\\\/\\\/thiant.fr\\\/wordpress\\\/associations\\\/author\\\/adminwpress\\\/\"}]}<\/script>\n<!-- \/ Yoast SEO plugin. -->","yoast_head_json":{"title":"Collecte exceptionnelle de d\u00e9chets verts - Les associations de la ville de Thiant","robots":{"index":"index","follow":"follow","max-snippet":"max-snippet:-1","max-image-preview":"max-image-preview:large","max-video-preview":"max-video-preview:-1"},"canonical":"https:\/\/thiant.fr\/wordpress\/associations\/collecte-exceptionnelle-de-dechets-verts-2\/","og_locale":"fr_FR","og_type":"article","og_title":"Collecte exceptionnelle de d\u00e9chets verts - Les associations de la ville de Thiant","og_description":"Collecte EXCEPTIONNELLE&nbsp; des d\u00e9chets verts dans les communes de La Porte du Hainaut Les d\u00e9chets verts seront collect\u00e9s en porte \u00e0 porte du lundi 4 au vendredi 8 mai dans toutes les communes de la Porte du Hainaut. L\u2019objectif est de permettre aux habitants de se d\u00e9barrasser de leurs d\u00e9chets verts (tailles ou tontes) dans [&hellip;]","og_url":"https:\/\/thiant.fr\/wordpress\/associations\/collecte-exceptionnelle-de-dechets-verts-2\/","og_site_name":"Les associations de la ville de Thiant","article_publisher":"https:\/\/www.facebook.com\/commune.thiant.1","article_published_time":"2020-04-22T13:43:06+00:00","article_modified_time":"2020-04-22T13:48:12+00:00","og_image":[{"width":340,"height":340,"url":"https:\/\/thiant.fr\/wordpress\/associations\/wp-content\/uploads\/sites\/3\/2020\/03\/LOGO-SIAVED.png","type":"image\/png"}],"author":"Service communication","twitter_card":"summary_large_image","twitter_misc":{"\u00c9crit par":"Service communication","Dur\u00e9e de lecture estim\u00e9e":"1 minute"},"schema":{"@context":"https:\/\/schema.org","@graph":[{"@type":"Article","@id":"https:\/\/thiant.fr\/wordpress\/associations\/collecte-exceptionnelle-de-dechets-verts-2\/#article","isPartOf":{"@id":"https:\/\/thiant.fr\/wordpress\/associations\/collecte-exceptionnelle-de-dechets-verts-2\/"},"author":{"name":"Service communication","@id":"https:\/\/thiant.fr\/wordpress\/associations\/#\/schema\/person\/f41122130d18c0720657431d990451c6"},"headline":"Collecte exceptionnelle de d\u00e9chets verts","datePublished":"2020-04-22T13:43:06+00:00","dateModified":"2020-04-22T13:48:12+00:00","mainEntityOfPage":{"@id":"https:\/\/thiant.fr\/wordpress\/associations\/collecte-exceptionnelle-de-dechets-verts-2\/"},"wordCount":230,"publisher":{"@id":"https:\/\/thiant.fr\/wordpress\/associations\/#organization"},"image":{"@id":"https:\/\/thiant.fr\/wordpress\/associations\/collecte-exceptionnelle-de-dechets-verts-2\/#primaryimage"},"thumbnailUrl":"https:\/\/thiant.fr\/wordpress\/associations\/wp-content\/uploads\/sites\/3\/2020\/03\/LOGO-SIAVED.png","keywords":["collecte","collecte des d\u00e9chets","collecte des d\u00e9chets verts","SIAVED"],"articleSection":["COVID-19","SIAVED"],"inLanguage":"fr-FR"},{"@type":"WebPage","@id":"https:\/\/thiant.fr\/wordpress\/associations\/collecte-exceptionnelle-de-dechets-verts-2\/","url":"https:\/\/thiant.fr\/wordpress\/associations\/collecte-exceptionnelle-de-dechets-verts-2\/","name":"Collecte exceptionnelle de d\u00e9chets verts - Les associations de la ville de Thiant","isPartOf":{"@id":"https:\/\/thiant.fr\/wordpress\/associations\/#website"},"primaryImageOfPage":{"@id":"https:\/\/thiant.fr\/wordpress\/associations\/collecte-exceptionnelle-de-dechets-verts-2\/#primaryimage"},"image":{"@id":"https:\/\/thiant.fr\/wordpress\/associations\/collecte-exceptionnelle-de-dechets-verts-2\/#primaryimage"},"thumbnailUrl":"https:\/\/thiant.fr\/wordpress\/associations\/wp-content\/uploads\/sites\/3\/2020\/03\/LOGO-SIAVED.png","datePublished":"2020-04-22T13:43:06+00:00","dateModified":"2020-04-22T13:48:12+00:00","breadcrumb":{"@id":"https:\/\/thiant.fr\/wordpress\/associations\/collecte-exceptionnelle-de-dechets-verts-2\/#breadcrumb"},"inLanguage":"fr-FR","potentialAction":[{"@type":"ReadAction","target":["https:\/\/thiant.fr\/wordpress\/associations\/collecte-exceptionnelle-de-dechets-verts-2\/"]}]},{"@type":"ImageObject","inLanguage":"fr-FR","@id":"https:\/\/thiant.fr\/wordpress\/associations\/collecte-exceptionnelle-de-dechets-verts-2\/#primaryimage","url":"https:\/\/thiant.fr\/wordpress\/associations\/wp-content\/uploads\/sites\/3\/2020\/03\/LOGO-SIAVED.png","contentUrl":"https:\/\/thiant.fr\/wordpress\/associations\/wp-content\/uploads\/sites\/3\/2020\/03\/LOGO-SIAVED.png","width":340,"height":340},{"@type":"BreadcrumbList","@id":"https:\/\/thiant.fr\/wordpress\/associations\/collecte-exceptionnelle-de-dechets-verts-2\/#breadcrumb","itemListElement":[{"@type":"ListItem","position":1,"name":"Accueil","item":"https:\/\/thiant.fr\/wordpress\/associations\/"},{"@type":"ListItem","position":2,"name":"Collecte exceptionnelle de d\u00e9chets verts"}]},{"@type":"WebSite","@id":"https:\/\/thiant.fr\/wordpress\/associations\/#website","url":"https:\/\/thiant.fr\/wordpress\/associations\/","name":"Les associations de la ville de Thiant","description":"Retrouvez toutes les associations de la ville","publisher":{"@id":"https:\/\/thiant.fr\/wordpress\/associations\/#organization"},"potentialAction":[{"@type":"SearchAction","target":{"@type":"EntryPoint","urlTemplate":"https:\/\/thiant.fr\/wordpress\/associations\/?s={search_term_string}"},"query-input":{"@type":"PropertyValueSpecification","valueRequired":true,"valueName":"search_term_string"}}],"inLanguage":"fr-FR"},{"@type":"Organization","@id":"https:\/\/thiant.fr\/wordpress\/associations\/#organization","name":"Les associations de la ville de Thiant","url":"https:\/\/thiant.fr\/wordpress\/associations\/","logo":{"@type":"ImageObject","inLanguage":"fr-FR","@id":"https:\/\/thiant.fr\/wordpress\/associations\/#\/schema\/logo\/image\/","url":"https:\/\/thiant.fr\/wordpress\/associations\/wp-content\/uploads\/sites\/3\/2024\/11\/cropped-logo-asso-75.png","contentUrl":"https:\/\/thiant.fr\/wordpress\/associations\/wp-content\/uploads\/sites\/3\/2024\/11\/cropped-logo-asso-75.png","width":75,"height":75,"caption":"Les associations de la ville de Thiant"},"image":{"@id":"https:\/\/thiant.fr\/wordpress\/associations\/#\/schema\/logo\/image\/"},"sameAs":["https:\/\/www.facebook.com\/commune.thiant.1"]},{"@type":"Person","@id":"https:\/\/thiant.fr\/wordpress\/associations\/#\/schema\/person\/f41122130d18c0720657431d990451c6","name":"Service communication","image":{"@type":"ImageObject","inLanguage":"fr-FR","@id":"https:\/\/thiant.fr\/wordpress\/associations\/wp-content\/litespeed\/avatar\/3\/eeb9098e5269f97d4e67fcd6f533ccb1.jpg?ver=1776861802","url":"https:\/\/thiant.fr\/wordpress\/associations\/wp-content\/litespeed\/avatar\/3\/eeb9098e5269f97d4e67fcd6f533ccb1.jpg?ver=1776861802","contentUrl":"https:\/\/thiant.fr\/wordpress\/associations\/wp-content\/litespeed\/avatar\/3\/eeb9098e5269f97d4e67fcd6f533ccb1.jpg?ver=1776861802","caption":"Service communication"},"url":"https:\/\/thiant.fr\/wordpress\/associations\/author\/adminwpress\/"}]}},"_links":{"self":[{"href":"https:\/\/thiant.fr\/wordpress\/associations\/wp-json\/wp\/v2\/posts\/270","targetHints":{"allow":["GET"]}}],"collection":[{"href":"https:\/\/thiant.fr\/wordpress\/associations\/wp-json\/wp\/v2\/posts"}],"about":[{"href":"https:\/\/thiant.fr\/wordpress\/associations\/wp-json\/wp\/v2\/types\/post"}],"author":[{"embeddable":true,"href":"https:\/\/thiant.fr\/wordpress\/associations\/wp-json\/wp\/v2\/users\/1"}],"replies":[{"embeddable":true,"href":"https:\/\/thiant.fr\/wordpress\/associations\/wp-json\/wp\/v2\/comments?post=270"}],"version-history":[{"count":2,"href":"https:\/\/thiant.fr\/wordpress\/associations\/wp-json\/wp\/v2\/posts\/270\/revisions"}],"predecessor-version":[{"id":273,"href":"https:\/\/thiant.fr\/wordpress\/associations\/wp-json\/wp\/v2\/posts\/270\/revisions\/273"}],"wp:featuredmedia":[{"embeddable":true,"href":"https:\/\/thiant.fr\/wordpress\/associations\/wp-json\/wp\/v2\/media\/240"}],"wp:attachment":[{"href":"https:\/\/thiant.fr\/wordpress\/associations\/wp-json\/wp\/v2\/media?parent=270"}],"wp:term":[{"taxonomy":"category","embeddable":true,"href":"https:\/\/thiant.fr\/wordpress\/associations\/wp-json\/wp\/v2\/categories?post=270"},{"taxonomy":"post_tag","embeddable":true,"href":"https:\/\/thiant.fr\/wordpress\/associations\/wp-json\/wp\/v2\/tags?post=270"}],"curies":[{"name":"wp","href":"https:\/\/api.w.org\/{rel}","templated":true}]}}