{"id":417,"date":"2021-05-19T14:00:54","date_gmt":"2021-05-19T12:00:54","guid":{"rendered":"https:\/\/thiant.fr\/wordpress\/associations\/?p=417"},"modified":"2021-05-20T10:08:59","modified_gmt":"2021-05-20T08:08:59","slug":"covid-19-point-sur-la-situation-au-18-mai","status":"publish","type":"post","link":"https:\/\/thiant.fr\/wordpress\/associations\/covid-19-point-sur-la-situation-au-18-mai\/","title":{"rendered":"COVID-19 : Point sur la situation au 18 mai"},"content":{"rendered":"\t\t<div data-elementor-type=\"wp-post\" data-elementor-id=\"417\" class=\"elementor elementor-417\">\n\t\t\t\t\t\t<section class=\"elementor-section elementor-top-section elementor-element elementor-element-f20cbc2 elementor-section-boxed elementor-section-height-default elementor-section-height-default\" data-id=\"f20cbc2\" data-element_type=\"section\" data-e-type=\"section\">\n\t\t\t\t\t\t<div class=\"elementor-container elementor-column-gap-default\">\n\t\t\t\t\t<div class=\"elementor-column elementor-col-100 elementor-top-column elementor-element elementor-element-195be23\" data-id=\"195be23\" data-element_type=\"column\" data-e-type=\"column\">\n\t\t\t<div class=\"elementor-widget-wrap elementor-element-populated\">\n\t\t\t\t\t\t<div class=\"elementor-element elementor-element-3539617 elementor-widget elementor-widget-text-editor\" data-id=\"3539617\" data-element_type=\"widget\" data-e-type=\"widget\" data-widget_type=\"text-editor.default\">\n\t\t\t\t<div class=\"elementor-widget-container\">\n\t\t\t\t\t\t\t\t\t<p style=\"text-align: center;\"><a href=\"https:\/\/www.thiant.fr\/wordpress\/documents_ext\/COVID-19\/Calendrier-reouverture-etablissements-recevant-public-ERP-18052021.pdf\" target=\"_blank\" rel=\"noopener\">Calendrier de la strat\u00e9gie de r\u00e9ouverture progressive des \u00e9tablissements recevant du public<\/a><\/p>\t\t\t\t\t\t\t\t<\/div>\n\t\t\t\t<\/div>\n\t\t\t\t\t<\/div>\n\t\t<\/div>\n\t\t\t\t\t<\/div>\n\t\t<\/section>\n\t\t\t\t<section class=\"elementor-section elementor-top-section elementor-element elementor-element-d72262a elementor-section-boxed elementor-section-height-default elementor-section-height-default\" data-id=\"d72262a\" data-element_type=\"section\" data-e-type=\"section\">\n\t\t\t\t\t\t<div class=\"elementor-container elementor-column-gap-default\">\n\t\t\t\t\t<div class=\"elementor-column elementor-col-33 elementor-top-column elementor-element elementor-element-0996b2a\" data-id=\"0996b2a\" data-element_type=\"column\" data-e-type=\"column\">\n\t\t\t<div class=\"elementor-widget-wrap elementor-element-populated\">\n\t\t\t\t\t\t<div class=\"elementor-element elementor-element-22e60f4 elementor-widget elementor-widget-image\" data-id=\"22e60f4\" data-element_type=\"widget\" data-e-type=\"widget\" data-widget_type=\"image.default\">\n\t\t\t\t<div class=\"elementor-widget-container\">\n\t\t\t\t\t\t\t\t\t\t\t\t\t\t\t<img decoding=\"async\" src=\"https:\/\/thiant.fr\/wordpress\/wp-content\/uploads\/2021\/03\/Logo-Prefet-Nord.png\" title=\"\" alt=\"\" loading=\"lazy\" \/>\t\t\t\t\t\t\t\t\t\t\t\t\t\t\t<\/div>\n\t\t\t\t<\/div>\n\t\t\t\t\t<\/div>\n\t\t<\/div>\n\t\t\t\t<div class=\"elementor-column elementor-col-66 elementor-top-column elementor-element elementor-element-df008e7\" data-id=\"df008e7\" data-element_type=\"column\" data-e-type=\"column\">\n\t\t\t<div class=\"elementor-widget-wrap elementor-element-populated\">\n\t\t\t\t\t\t<div class=\"elementor-element elementor-element-cab53b1 elementor-widget elementor-widget-text-editor\" data-id=\"cab53b1\" data-element_type=\"widget\" data-e-type=\"widget\" data-widget_type=\"text-editor.default\">\n\t\t\t\t<div class=\"elementor-widget-container\">\n\t\t\t\t\t\t\t\t\t<p><span style=\"color: #333333;\">Avec un taux d\u2019incidence de 202 pour 100 000 habitants, la situation sanitaire dans le Nord <\/span><span style=\"color: #333333;\">s\u2019am\u00e9liore gr\u00e2ce :<\/span><\/p><p style=\"padding-left: 40px;\"><span style=\"color: #333333;\">\u2714 <strong>aux bons r\u00e9sultats de la vaccination contre le virus de la Covid-19 : 1 113 657 <\/strong><\/span><span style=\"color: #333333;\"><strong>injections dans le Nord au 16 mai 2021<\/strong> dont 802 149 primo-injections et 311 508 <\/span><span style=\"color: #333333;\">secondes injections. Entre le 10 et le 16 mai, 152 381 injections ont \u00e9t\u00e9 r\u00e9alis\u00e9es.<\/span><br \/><span style=\"color: #333333;\">\u2714 mais aussi <strong>\u00e0 la responsabilit\u00e9 et la vigilance de tous dans la mise en \u0153uvre<\/strong><\/span><strong> <span style=\"color: #333333;\">des gestes barri\u00e8res.<\/span><\/strong><\/p><p><span style=\"color: #333333;\">Si le taux d\u2019incidence diminue, il reste pr\u00e9occupant. Ainsi, il importe donc de ne pas <\/span><span style=\"color: #333333;\">rel\u00e2cher l\u2019attention et de respecter les gestes barri\u00e8res et la distanciation sociale.<\/span><\/p><h4><span style=\"color: #000080;\">1 &#8211; La strat\u00e9gie de r\u00e9ouverture progressive des \u00e9tablissements recevant du public en 4 \u00e9tapes<\/span><\/h4><p style=\"padding-left: 40px;\"><span style=\"color: #333333;\">Le Pr\u00e9sident de la R\u00e9publique a annonc\u00e9, le 29 avril dernier, la strat\u00e9gie de\u00a0 r\u00e9ouverture qui <\/span><span style=\"color: #333333;\">doit permettre aux Fran\u00e7ais de progressivement retrouver une vie la plus normale possible :<\/span><\/p><p style=\"padding-left: 40px;\"><span style=\"color: #333333;\"><strong>1<sup>\u00e8re<\/sup> \u00e9tape :<\/strong> le 3 mai 2021 -&gt; <\/span><span style=\"color: #333333;\">Fin des attestations de journ\u00e9e et des restrictions de d\u00e9placement<\/span><\/p><p style=\"padding-left: 40px;\"><span style=\"color: #333333;\"><strong>2<sup>\u00e8me<\/sup> \u00e9tape :<\/strong> le 19 mai 2021 -&gt; <\/span><span style=\"color: #333333;\">Couvre-feu repouss\u00e9 \u00e0 21h et r\u00e9ouverture des commerces, terrasses, mus\u00e9es, salles <\/span><span style=\"color: #333333;\">de cin\u00e9mas et th\u00e9\u00e2tres avec des jauges limit\u00e9es<\/span><\/p><p style=\"padding-left: 40px;\"><span style=\"color: #333333;\"><strong>3<sup>\u00e8me<\/sup> \u00e9tape :<\/strong> le 9 juin 2021 -&gt; <\/span><span style=\"color: #333333;\">Couvre-feu \u00e0 23h et r\u00e9ouverture des caf\u00e9s et restaurants en int\u00e9rieur et des salles de <\/span><span style=\"color: #333333;\">sport. <\/span><span style=\"color: #333333;\">Assouplissement du t\u00e9l\u00e9travail, en concertation avec les partenaires sociaux au<\/span> <span style=\"color: #333333;\">niveau des entreprises.<\/span><\/p><p style=\"padding-left: 40px;\"><span style=\"color: #333333;\"><strong>4<sup>\u00e8me<\/sup> \u00e9tape :<\/strong> le 30 juin 2021<\/span> -&gt; <span style=\"color: #333333;\">Fin du couvre-feu<\/span><\/p><p style=\"padding-left: 40px;\"><span style=\"color: #333333;\">\u2714 <strong>Le protocole mis en place pour accompagner la r\u00e9ouverture des commerces :<\/strong><\/span><br \/><span style=\"color: #333333;\">Afin de concilier l&#8217;activit\u00e9 \u00e9conomique des commerces autoris\u00e9s \u00e0 accueillir du public et la <\/span><span style=\"color: #333333;\">protection sanitaire de la population, un protocole a \u00e9t\u00e9 mis en place pour la r\u00e9ouverture <\/span><span style=\"color: #333333;\">des commerces le 19 mai 2021.<br \/><\/span><span style=\"color: #333333;\">Pour le consulter : <a href=\"http:\/\/www.economie.gouv.fr\/commerce-conditions-reouverture\" target=\"_blank\" rel=\"noopener\">http:\/\/www.economie.gouv.fr\/commerce-conditions-reouverture<\/a><\/span><\/p><p style=\"padding-left: 40px;\"><span style=\"color: #333333;\">\u2714<strong> Le protocole sanitaire pour les bars, les restaurants et restaurants d\u2019h\u00f4tel :<\/strong><\/span><br \/><span style=\"color: #333333;\">La s\u00e9curit\u00e9 des clients et des salari\u00e9s pendant la crise de la Covid-19 est la priorit\u00e9 absolue<\/span> <span style=\"color: #333333;\">du Gouvernement et de l\u2019ensemble du secteur de l\u2019h\u00f4tellerie-restauration. Le protocole <\/span><span style=\"color: #333333;\">pr\u00e9sente les r\u00e8gles permettant la r\u00e9ouverture gradu\u00e9e de l\u2019ensemble des restaurants, des <\/span><span style=\"color: #333333;\">\u00e9tablissements flottants pour leur activit\u00e9 de restauration, des restaurants d\u2019h\u00f4tels, des <\/span><span style=\"color: #333333;\">bars et d\u00e9bits de boissons, dans des conditions conciliant leur activit\u00e9 \u00e9conomique avec la <\/span><span style=\"color: #333333;\">protection sanitaire de la population.<\/span><br \/><span style=\"color: #333333;\">Pour le consulter :<a href=\"http:\/\/www.economie.gouv.fr\/files\/files\/directions_services\/covid19-soutien-entreprises\/Protocole-sanitaire-renforce-secteur--HCR.pdf\" target=\"_blank\" rel=\"noopener\"> http:\/\/www.economie.gouv.fr\/files\/files\/directions_services\/covid19-soutien-entreprises\/Protocole-sanitaire-renforce-secteur&#8211;HCR.pdf<\/a><\/span><\/p><p style=\"padding-left: 40px;\"><span style=\"color: #333333;\">\u2714 <strong>Le protocole sanitaire applicable pour les march\u00e9s ouverts et couverts :<\/strong><\/span><br \/><span style=\"color: #333333;\">Les march\u00e9s ouverts ou couverts sont autoris\u00e9s \u00e0 accueillir du public dans les conditions <\/span><span style=\"color: #333333;\">pr\u00e9vues par le pr\u00e9sent protocole.<\/span><br \/><span style=\"color: #333333;\">Pour le consulter : <a href=\"https:\/\/www.economie.gouv.fr\/files\/files\/directions_services\/covid19-soutien-entreprises\/Protocole-sanitaire-renforce-marches-couverts-et-ouverts.pdf\" target=\"_blank\" rel=\"noopener\">https:\/\/www.economie.gouv.fr\/files\/files\/directions_services\/covid19-soutien-entreprises\/Protocole-sanitaire-renforce-marches-couverts-et-ouverts.pdf<\/a><\/span><\/p><h4><span style=\"color: #000080;\">2 &#8211; F\u00eate de la musique et F\u00eate nationale<\/span><\/h4><p style=\"padding-left: 40px;\"><span style=\"color: #333333;\">\u2714<span style=\"text-decoration: underline;\"> F\u00eate de la musique le 21 juin :<\/span><\/span><br \/><span style=\"color: #333333;\">La f\u00eate de la musique sera concern\u00e9e par la mesure de limitation des groupes sur l\u2019espace <\/span><span style=\"color: #333333;\">public. Comme l\u2019ann\u00e9e derni\u00e8re, la f\u00eate de la musique ne pourra donc pas se tenir dans des <\/span><span style=\"color: #333333;\">conditions habituelles. Un travail est en cours pour d\u00e9finir un protocole d\u00e9di\u00e9 permettant <\/span><span style=\"color: #333333;\">d\u2019autoriser certains concerts dans le respect des r\u00e8gles sanitaires et en limitant les <\/span><span style=\"color: #333333;\">regroupements.<\/span><\/p><p style=\"padding-left: 40px;\"><span style=\"color: #333333;\">\u2714 <span style=\"text-decoration: underline;\">F\u00eate nationale le 14 juillet :<\/span><\/span><br \/><span style=\"color: #333333;\">Le 14 juillet pourra \u00eatre c\u00e9l\u00e9br\u00e9 mais dans le respect des r\u00e8gles de distanciation sociale et <\/span><span style=\"color: #333333;\">des gestes barri\u00e8res (sauf situation sanitaire locale exigeant des mesures renforc\u00e9es). Un <\/span><span style=\"color: #333333;\">travail est en cours pour d\u00e9finir un protocole d\u00e9di\u00e9.<\/span><\/p><h4><span style=\"color: #000080;\">3 &#8211; Le pass sanitaire<\/span><\/h4><p style=\"padding-left: 40px;\"><span style=\"color: #333333;\">Le pass sanitaire sera utilis\u00e9 pour acc\u00e9der \u00e0 des rassemblements ou des \u00e9v\u00e9nements \u00e0 <\/span><span style=\"color: #333333;\">partir du 9 juin 2021. Ce pass sanitaire ne sera exig\u00e9 que dans <strong>les situations o\u00f9 le brassage <\/strong><\/span><span style=\"color: #333333;\"><strong>du public est plus \u00e0 risque au plan sanitaire.<\/strong> \u00c0 ce titre, il s&#8217;appliquera au-del\u00e0 de 1 000 <\/span><span style=\"color: #333333;\">personnes, dans le respect par ailleurs des jauges limites (5 000 personnes du 9 au 30 juin).<\/span><br \/><span style=\"color: #333333;\">Il consiste en la pr\u00e9sentation d&#8217;une preuve de non contamination du Covid, parmi les trois<\/span> <span style=\"color: #333333;\">suivantes, non cumulatives :<\/span><br \/><span style=\"color: #333333;\">\u2714 la preuve d\u2019un test n\u00e9gatif RT-PCR ou antig\u00e9nique ;<\/span><br \/><span style=\"color: #333333;\">\u2714 le certificat de r\u00e9tablissement de la Covid-19 ;<\/span><br \/><span style=\"color: #333333;\">\u2714 le certificat de vaccination.<\/span><\/p><h4><span style=\"color: #000080;\">4 &#8211; Abrogation de fermeture des commerces<\/span><\/h4><p style=\"padding-left: 40px;\"><span style=\"color: #333333;\">A compter du 19 mai 2021, l&#8217;arr\u00eat\u00e9 du 30 avril 2021 portant restriction du public dans certains commerces du d\u00e9partement du Nord, en application du d\u00e9cret n\u00b02020-1310 du 29 octobre 2020 modifi\u00e9 prescrivant les mesures g\u00e9n\u00e9rales n\u00e9cessaires pour faire face \u00e0 l&#8217;\u00e9pid\u00e9mie de covid-19 dans le cadre de l&#8217;\u00e9tat d&#8217;urgence sanitaire est abrog\u00e9.<\/span><\/p><p><strong><span style=\"color: #008000;\"><em>Vous \u00eates nombreux \u00e0 interroger la pr\u00e9fecture sur la possibilit\u00e9 de c\u00e9l\u00e9brer des f\u00eates familiales comme les mariages \u00e0 la suite des annonces de r\u00e9ouvertures progressives des \u00e9tablissements recevant du public et d\u2019all\u00e8gement des mesures de freinage.<\/em><\/span><\/strong><\/p><p><span style=\"color: #008000;\"><em><strong>Si les mariages sont autoris\u00e9s, il convient n\u00e9anmoins de respecter les r\u00e8gles en vigueur \u00e0 partir du 19 mai et leurs \u00e9volutions progressives<\/strong>.<\/em><\/span><\/p><h4><span style=\"color: #000080;\">5 \u2013 Mariages civils et c\u00e9r\u00e9monies religieuses<\/span><\/h4><p style=\"padding-left: 40px;\"><span style=\"color: #333333;\"><span style=\"text-decoration: underline;\">Les mariages civils<\/span> en mairie peuvent \u00eatre c\u00e9l\u00e9br\u00e9s avec une limitation des participants dans la salle. Ainsi, deux si\u00e8ges devront \u00eatre laiss\u00e9s libres entre chaque personne ou membres d\u2019un m\u00eame foyer dans la salle, avec un positionnement en quinconce pour chaque rang\u00e9e.<\/span><\/p><p style=\"padding-left: 40px;\"><span style=\"color: #333333;\">Aucun participant ne pourra assister \u00e0 la c\u00e9r\u00e9monie de mariage debout.<\/span><br \/><span style=\"color: #333333;\">D\u00e8s le 9 juin et jusqu\u2019au 30 juin, il sera obligatoire de laisser un si\u00e8ge libre sur deux entre chaque personne ou membres d\u2019un m\u00eame foyer.<\/span><\/p><p style=\"padding-left: 40px;\"><span style=\"color: #333333;\">Ce protocole est lev\u00e9 \u00e0 partir du 30 juin.<\/span><\/p><p style=\"padding-left: 40px;\"><span style=\"color: #333333;\"><span style=\"text-decoration: underline;\">Durant les c\u00e9r\u00e9monies religieuses<\/span>, les m\u00eames r\u00e8gles s\u2018appliquent :<\/span><\/p><p style=\"padding-left: 40px;\"><span style=\"color: #333333;\">&#8211; \u00e0 compter du 19 mai, seul un emplacement sur trois pourra \u00eatre occup\u00e9, avec un <\/span><span style=\"color: #333333;\">positionnement en quinconce entre chaque rang\u00e9e ;<\/span><br \/><span style=\"color: #333333;\">&#8211; entre le 9 juin et jusqu\u2019au 30 juin, la r\u00e8gle passera \u00e0 un emplacement sur deux ;<\/span><br \/><span style=\"color: #333333;\">&#8211; ces r\u00e8gles seront lev\u00e9es \u00e0 partir du 30 juin 2021.<\/span><\/p><h4><span style=\"color: #000080;\">6 \u2013 D\u00e9roulement, organisation et restauration lors de la c\u00e9l\u00e9bration des mariages et f\u00eates familiales<\/span><\/h4><p style=\"padding-left: 40px;\"><span style=\"color: #333333;\">\u2714 <span style=\"text-decoration: underline;\">Au 19 mai<\/span><\/span><br \/><span style=\"color: #333333;\">Au 19 mai, la restauration ne sera pas autoris\u00e9e en int\u00e9rieur dans les \u00e9tablissements <\/span><span style=\"color: #333333;\">recevant du public. Les f\u00eates et repas de mariage devront donc \u00eatre organis\u00e9s uniquement en ext\u00e9rieur et dans le respect des protocoles sanitaires et, le cas \u00e9ch\u00e9ant, des jauges applicables aux \u00e9tablissements qui les accueillent.<\/span><\/p><p style=\"padding-left: 40px;\"><span style=\"color: #333333;\">Ainsi, le nombre de convives sera donc d\u00e9fini en fonction des types d\u2019\u00e9tablissements <\/span><span style=\"color: #333333;\">(restaurant, g\u00eetes, h\u00f4tels, domaines et ch\u00e2teaux\u2026) et de leur capacit\u00e9 d\u2019accueil autoris\u00e9e.<\/span><\/p><p style=\"padding-left: 40px;\"><span style=\"color: #333333;\">Les invit\u00e9s devront se restaurer assis, \u00e0 raison de six personnes maximum par table.<\/span><\/p><p style=\"padding-left: 40px;\"><span style=\"color: #333333;\">Pour rappel, tous les protocoles mis en place pour la r\u00e9ouverture notamment des bars, h\u00f4tels et restaurants d\u00e8s le 19 mai est consultable \u00e0 partir du lien suivant :<\/span><a href=\"http:\/\/www.economie.gouv.fr\/files\/files\/directions_services\/covid19-soutien-entreprises\/Protocole-sanitaire-renforce-secteur--HCR.pdf\" target=\"_blank\" rel=\"noopener\"><span style=\"color: #333333;\"> http:\/\/www.economie.gouv.fr\/files\/files\/directions_services\/covid19-soutien-entreprises\/Protocole-sanitaire-renforce-secteur&#8211;HCR.pdf<\/span><\/a><\/p><p style=\"padding-left: 40px;\"><span style=\"color: #333333;\">Entre le 19 mai et le 30 juin, les f\u00eates de mariage organis\u00e9es <span style=\"text-decoration: underline;\">dans l\u2019espace public<\/span>, comme les parcs et jardins publics, seront, comme tous les autres rassemblements, limit\u00e9es \u00e0 10 personnes.<\/span><\/p><p style=\"padding-left: 40px;\"><span style=\"color: #333333;\">\u2714 <span style=\"text-decoration: underline;\">Entre le 9 et le 30 juin<\/span><\/span><br \/><span style=\"color: #333333;\">\u00c0 compter du 9 juin et jusqu\u2019au 30 juin, les repas de f\u00eate seront de nouveau autoris\u00e9s en int\u00e9rieur mais les participants devront rester assis et leur nombre ne devra pas d\u00e9passer 50% de la capacit\u00e9 d\u2019accueil de la salle, avec un maximum de six personnes par table.<\/span><\/p><p style=\"padding-left: 40px;\"><span style=\"color: #333333;\">La restauration debout, les cocktails et les buffets, ainsi que les pistes de danse en int\u00e9rieur ne seront pas autoris\u00e9s jusqu\u2019au 30 juin.<\/span><\/p><p style=\"padding-left: 40px;\"><span style=\"color: #333333;\">\u2714 <span style=\"text-decoration: underline;\">\u00c0 compter du 30 juin<\/span><\/span><br \/><span style=\"color: #333333;\">\u00c0 compter du 30 juin, les r\u00e9ceptions pourront \u00eatre organis\u00e9s sans restrictions, en int\u00e9rieur comme en ext\u00e9rieur, mais toujours dans le respect des gestes barri\u00e8res et des r\u00e8gles de distanciation.<\/span><\/p><h4><span style=\"color: #000080;\">7 \u2013 Mariages\/f\u00eates familiales et couvre-feu<\/span><\/h4><p style=\"padding-left: 40px;\"><span style=\"color: #333333;\">Aucune d\u00e9rogation au couvre-feu n\u2019est applicable aux c\u00e9l\u00e9brations des mariages ou toutes autres f\u00eates familiales.<\/span><\/p><p style=\"padding-left: 40px;\"><span style=\"color: #333333;\">Ainsi, entre le 19 mai et le 9 juin, chaque participant devra regagner son lieu de r\u00e9sidence pour 21h, et \u00e0 23 heures \u00e0 compter du 9 juin.<\/span><\/p><p style=\"padding-left: 40px;\"><span style=\"color: #333333;\">Les r\u00e8gles de couvre-feu doivent dispara\u00eetre apr\u00e8s le 30 juin 2021 si la situation sanitaire le permet.<\/span><\/p><p style=\"text-align: center;\">&#8212;&#8212;&#8211;<\/p><p><span style=\"color: #333333;\">Vous avez des questions sur les d\u00e9placements, la strat\u00e9gie de r\u00e9ouverture des <\/span><span style=\"color: #333333;\">\u00e9tablissements recevant du public, les activit\u00e9s sportives, les c\u00e9r\u00e9monies, le pass sanitaire <\/span><span style=\"color: #333333;\">ou encore l\u2019accompagnement \u00e9conomique des entreprises ?<\/span><br \/><span style=\"color: #333333;\">Retrouvez toutes ces r\u00e9ponses sur <a href=\"https:\/\/www.gouvernement.fr\/partage\/12279-covid-19-strategie-et-agenda-de-reouverture-mai-2021\" target=\"_blank\" rel=\"noopener\">le site du Gouvernement<\/a>.<\/span><\/p><p><strong><span style=\"color: #ff0000;\">Pour r\u00e9ussir la strat\u00e9gie de r\u00e9ouverture et permettre ce retour progressif \u00e0 la normale, il convient que chacun reste vigilant dans le respect des gestes barri\u00e8res et des mesures sanitaires.<\/span><\/strong><\/p>\t\t\t\t\t\t\t\t<\/div>\n\t\t\t\t<\/div>\n\t\t\t\t\t<\/div>\n\t\t<\/div>\n\t\t\t\t\t<\/div>\n\t\t<\/section>\n\t\t\t\t<\/div>\n\t\t","protected":false},"excerpt":{"rendered":"<p>Calendrier de la strat\u00e9gie de r\u00e9ouverture progressive des \u00e9tablissements recevant du public Avec un taux d\u2019incidence de 202 pour 100 000 habitants, la situation sanitaire dans le Nord s\u2019am\u00e9liore gr\u00e2ce : &#x2714; aux bons r\u00e9sultats de la vaccination contre le virus de la Covid-19 : 1 113 657 injections dans le Nord au 16 mai [&hellip;]<\/p>\n","protected":false},"author":1,"featured_media":418,"comment_status":"closed","ping_status":"closed","sticky":false,"template":"","format":"standard","meta":{"_crdt_document":"","ocean_post_layout":"","ocean_both_sidebars_style":"","ocean_both_sidebars_content_width":0,"ocean_both_sidebars_sidebars_width":0,"ocean_sidebar":"0","ocean_second_sidebar":"0","ocean_disable_margins":"enable","ocean_add_body_class":"","ocean_shortcode_before_top_bar":"","ocean_shortcode_after_top_bar":"","ocean_shortcode_before_header":"","ocean_shortcode_after_header":"","ocean_has_shortcode":"","ocean_shortcode_after_title":"","ocean_shortcode_before_footer_widgets":"","ocean_shortcode_after_footer_widgets":"","ocean_shortcode_before_footer_bottom":"","ocean_shortcode_after_footer_bottom":"","ocean_display_top_bar":"default","ocean_display_header":"default","ocean_header_style":"","ocean_center_header_left_menu":"0","ocean_custom_header_template":"0","ocean_custom_logo":0,"ocean_custom_retina_logo":0,"ocean_custom_logo_max_width":0,"ocean_custom_logo_tablet_max_width":0,"ocean_custom_logo_mobile_max_width":0,"ocean_custom_logo_max_height":0,"ocean_custom_logo_tablet_max_height":0,"ocean_custom_logo_mobile_max_height":0,"ocean_header_custom_menu":"0","ocean_menu_typo_font_family":"0","ocean_menu_typo_font_subset":"","ocean_menu_typo_font_size":0,"ocean_menu_typo_font_size_tablet":0,"ocean_menu_typo_font_size_mobile":0,"ocean_menu_typo_font_size_unit":"px","ocean_menu_typo_font_weight":"","ocean_menu_typo_font_weight_tablet":"","ocean_menu_typo_font_weight_mobile":"","ocean_menu_typo_transform":"","ocean_menu_typo_transform_tablet":"","ocean_menu_typo_transform_mobile":"","ocean_menu_typo_line_height":0,"ocean_menu_typo_line_height_tablet":0,"ocean_menu_typo_line_height_mobile":0,"ocean_menu_typo_line_height_unit":"","ocean_menu_typo_spacing":0,"ocean_menu_typo_spacing_tablet":0,"ocean_menu_typo_spacing_mobile":0,"ocean_menu_typo_spacing_unit":"","ocean_menu_link_color":"","ocean_menu_link_color_hover":"","ocean_menu_link_color_active":"","ocean_menu_link_background":"","ocean_menu_link_hover_background":"","ocean_menu_link_active_background":"","ocean_menu_social_links_bg":"","ocean_menu_social_hover_links_bg":"","ocean_menu_social_links_color":"","ocean_menu_social_hover_links_color":"","ocean_disable_title":"default","ocean_disable_heading":"default","ocean_post_title":"","ocean_post_subheading":"","ocean_post_title_style":"","ocean_post_title_background_color":"","ocean_post_title_background":0,"ocean_post_title_bg_image_position":"","ocean_post_title_bg_image_attachment":"","ocean_post_title_bg_image_repeat":"","ocean_post_title_bg_image_size":"","ocean_post_title_height":0,"ocean_post_title_bg_overlay":0.5,"ocean_post_title_bg_overlay_color":"","ocean_disable_breadcrumbs":"default","ocean_breadcrumbs_color":"","ocean_breadcrumbs_separator_color":"","ocean_breadcrumbs_links_color":"","ocean_breadcrumbs_links_hover_color":"","ocean_display_footer_widgets":"default","ocean_display_footer_bottom":"default","ocean_custom_footer_template":"0","ocean_post_oembed":"","ocean_post_self_hosted_media":"","ocean_post_video_embed":"","ocean_link_format":"","ocean_link_format_target":"self","ocean_quote_format":"","ocean_quote_format_link":"post","ocean_gallery_link_images":"off","ocean_gallery_id":[],"footnotes":""},"categories":[142],"tags":[99,277,113,114,294,115,295,296,116,297],"class_list":["post-417","post","type-post","status-publish","format-standard","has-post-thumbnail","hentry","category-covid-19","tag-coronavirus","tag-covid","tag-covid-19","tag-nord","tag-pandemie","tag-point","tag-point-situation","tag-prefecture-du-nord","tag-situation","tag-situation-sanitaire","entry","has-media"],"yoast_head":"<!-- This site is optimized with the Yoast SEO plugin v27.3 - https:\/\/yoast.com\/product\/yoast-seo-wordpress\/ -->\n<title>COVID-19 : Point sur la situation au 18 mai - Les associations de la ville de Thiant<\/title>\n<meta name=\"description\" content=\"Les chiffres de la pand\u00e9mie et le calendrier de la strat\u00e9gie de r\u00e9ouverture des \u00e9tablissements recevant du public.\" \/>\n<meta name=\"robots\" content=\"index, follow, max-snippet:-1, max-image-preview:large, max-video-preview:-1\" \/>\n<link rel=\"canonical\" href=\"https:\/\/thiant.fr\/wordpress\/associations\/covid-19-point-sur-la-situation-au-18-mai\/\" \/>\n<meta property=\"og:locale\" content=\"fr_FR\" \/>\n<meta property=\"og:type\" content=\"article\" \/>\n<meta property=\"og:title\" content=\"COVID-19 : Point sur la situation au 18 mai - Les associations de la ville de Thiant\" \/>\n<meta property=\"og:description\" content=\"Les chiffres de la pand\u00e9mie et le calendrier de la strat\u00e9gie de r\u00e9ouverture des \u00e9tablissements recevant du public.\" \/>\n<meta property=\"og:url\" content=\"https:\/\/thiant.fr\/wordpress\/associations\/covid-19-point-sur-la-situation-au-18-mai\/\" \/>\n<meta property=\"og:site_name\" content=\"Les associations de la ville de Thiant\" \/>\n<meta property=\"article:publisher\" content=\"https:\/\/www.facebook.com\/commune.thiant.1\" \/>\n<meta property=\"article:published_time\" content=\"2021-05-19T12:00:54+00:00\" \/>\n<meta property=\"article:modified_time\" content=\"2021-05-20T08:08:59+00:00\" \/>\n<meta property=\"og:image\" content=\"https:\/\/thiant.fr\/wordpress\/associations\/wp-content\/uploads\/sites\/3\/2021\/05\/terrasse.jpg\" \/>\n\t<meta property=\"og:image:width\" content=\"730\" \/>\n\t<meta property=\"og:image:height\" content=\"486\" \/>\n\t<meta property=\"og:image:type\" content=\"image\/jpeg\" \/>\n<meta name=\"author\" content=\"Service communication\" \/>\n<meta name=\"twitter:card\" content=\"summary_large_image\" \/>\n<meta name=\"twitter:label1\" content=\"\u00c9crit par\" \/>\n\t<meta name=\"twitter:data1\" content=\"Service communication\" \/>\n\t<meta name=\"twitter:label2\" content=\"Dur\u00e9e de lecture estim\u00e9e\" \/>\n\t<meta name=\"twitter:data2\" content=\"7 minutes\" \/>\n<script type=\"application\/ld+json\" class=\"yoast-schema-graph\">{\"@context\":\"https:\\\/\\\/schema.org\",\"@graph\":[{\"@type\":\"Article\",\"@id\":\"https:\\\/\\\/thiant.fr\\\/wordpress\\\/associations\\\/covid-19-point-sur-la-situation-au-18-mai\\\/#article\",\"isPartOf\":{\"@id\":\"https:\\\/\\\/thiant.fr\\\/wordpress\\\/associations\\\/covid-19-point-sur-la-situation-au-18-mai\\\/\"},\"author\":{\"name\":\"Service communication\",\"@id\":\"https:\\\/\\\/thiant.fr\\\/wordpress\\\/associations\\\/#\\\/schema\\\/person\\\/f41122130d18c0720657431d990451c6\"},\"headline\":\"COVID-19 : Point sur la situation au 18 mai\",\"datePublished\":\"2021-05-19T12:00:54+00:00\",\"dateModified\":\"2021-05-20T08:08:59+00:00\",\"mainEntityOfPage\":{\"@id\":\"https:\\\/\\\/thiant.fr\\\/wordpress\\\/associations\\\/covid-19-point-sur-la-situation-au-18-mai\\\/\"},\"wordCount\":1493,\"publisher\":{\"@id\":\"https:\\\/\\\/thiant.fr\\\/wordpress\\\/associations\\\/#organization\"},\"image\":{\"@id\":\"https:\\\/\\\/thiant.fr\\\/wordpress\\\/associations\\\/covid-19-point-sur-la-situation-au-18-mai\\\/#primaryimage\"},\"thumbnailUrl\":\"https:\\\/\\\/thiant.fr\\\/wordpress\\\/associations\\\/wp-content\\\/uploads\\\/sites\\\/3\\\/2021\\\/05\\\/terrasse.jpg\",\"keywords\":[\"coronavirus\",\"COVID\",\"COVID-19\",\"Nord\",\"pand\u00e9mie\",\"point\",\"point situation\",\"pr\u00e9fecture du Nord\",\"situation\",\"situation sanitaire\"],\"articleSection\":[\"COVID-19\"],\"inLanguage\":\"fr-FR\"},{\"@type\":\"WebPage\",\"@id\":\"https:\\\/\\\/thiant.fr\\\/wordpress\\\/associations\\\/covid-19-point-sur-la-situation-au-18-mai\\\/\",\"url\":\"https:\\\/\\\/thiant.fr\\\/wordpress\\\/associations\\\/covid-19-point-sur-la-situation-au-18-mai\\\/\",\"name\":\"COVID-19 : Point sur la situation au 18 mai - Les associations de la ville de Thiant\",\"isPartOf\":{\"@id\":\"https:\\\/\\\/thiant.fr\\\/wordpress\\\/associations\\\/#website\"},\"primaryImageOfPage\":{\"@id\":\"https:\\\/\\\/thiant.fr\\\/wordpress\\\/associations\\\/covid-19-point-sur-la-situation-au-18-mai\\\/#primaryimage\"},\"image\":{\"@id\":\"https:\\\/\\\/thiant.fr\\\/wordpress\\\/associations\\\/covid-19-point-sur-la-situation-au-18-mai\\\/#primaryimage\"},\"thumbnailUrl\":\"https:\\\/\\\/thiant.fr\\\/wordpress\\\/associations\\\/wp-content\\\/uploads\\\/sites\\\/3\\\/2021\\\/05\\\/terrasse.jpg\",\"datePublished\":\"2021-05-19T12:00:54+00:00\",\"dateModified\":\"2021-05-20T08:08:59+00:00\",\"description\":\"Les chiffres de la pand\u00e9mie et le calendrier de la strat\u00e9gie de r\u00e9ouverture des \u00e9tablissements recevant du public.\",\"breadcrumb\":{\"@id\":\"https:\\\/\\\/thiant.fr\\\/wordpress\\\/associations\\\/covid-19-point-sur-la-situation-au-18-mai\\\/#breadcrumb\"},\"inLanguage\":\"fr-FR\",\"potentialAction\":[{\"@type\":\"ReadAction\",\"target\":[\"https:\\\/\\\/thiant.fr\\\/wordpress\\\/associations\\\/covid-19-point-sur-la-situation-au-18-mai\\\/\"]}]},{\"@type\":\"ImageObject\",\"inLanguage\":\"fr-FR\",\"@id\":\"https:\\\/\\\/thiant.fr\\\/wordpress\\\/associations\\\/covid-19-point-sur-la-situation-au-18-mai\\\/#primaryimage\",\"url\":\"https:\\\/\\\/thiant.fr\\\/wordpress\\\/associations\\\/wp-content\\\/uploads\\\/sites\\\/3\\\/2021\\\/05\\\/terrasse.jpg\",\"contentUrl\":\"https:\\\/\\\/thiant.fr\\\/wordpress\\\/associations\\\/wp-content\\\/uploads\\\/sites\\\/3\\\/2021\\\/05\\\/terrasse.jpg\",\"width\":730,\"height\":486},{\"@type\":\"BreadcrumbList\",\"@id\":\"https:\\\/\\\/thiant.fr\\\/wordpress\\\/associations\\\/covid-19-point-sur-la-situation-au-18-mai\\\/#breadcrumb\",\"itemListElement\":[{\"@type\":\"ListItem\",\"position\":1,\"name\":\"Accueil\",\"item\":\"https:\\\/\\\/thiant.fr\\\/wordpress\\\/associations\\\/\"},{\"@type\":\"ListItem\",\"position\":2,\"name\":\"COVID-19 : Point sur la situation au 18 mai\"}]},{\"@type\":\"WebSite\",\"@id\":\"https:\\\/\\\/thiant.fr\\\/wordpress\\\/associations\\\/#website\",\"url\":\"https:\\\/\\\/thiant.fr\\\/wordpress\\\/associations\\\/\",\"name\":\"Les associations de la ville de Thiant\",\"description\":\"Retrouvez toutes les associations de la ville\",\"publisher\":{\"@id\":\"https:\\\/\\\/thiant.fr\\\/wordpress\\\/associations\\\/#organization\"},\"potentialAction\":[{\"@type\":\"SearchAction\",\"target\":{\"@type\":\"EntryPoint\",\"urlTemplate\":\"https:\\\/\\\/thiant.fr\\\/wordpress\\\/associations\\\/?s={search_term_string}\"},\"query-input\":{\"@type\":\"PropertyValueSpecification\",\"valueRequired\":true,\"valueName\":\"search_term_string\"}}],\"inLanguage\":\"fr-FR\"},{\"@type\":\"Organization\",\"@id\":\"https:\\\/\\\/thiant.fr\\\/wordpress\\\/associations\\\/#organization\",\"name\":\"Les associations de la ville de Thiant\",\"url\":\"https:\\\/\\\/thiant.fr\\\/wordpress\\\/associations\\\/\",\"logo\":{\"@type\":\"ImageObject\",\"inLanguage\":\"fr-FR\",\"@id\":\"https:\\\/\\\/thiant.fr\\\/wordpress\\\/associations\\\/#\\\/schema\\\/logo\\\/image\\\/\",\"url\":\"https:\\\/\\\/thiant.fr\\\/wordpress\\\/associations\\\/wp-content\\\/uploads\\\/sites\\\/3\\\/2024\\\/11\\\/cropped-logo-asso-75.png\",\"contentUrl\":\"https:\\\/\\\/thiant.fr\\\/wordpress\\\/associations\\\/wp-content\\\/uploads\\\/sites\\\/3\\\/2024\\\/11\\\/cropped-logo-asso-75.png\",\"width\":75,\"height\":75,\"caption\":\"Les associations de la ville de Thiant\"},\"image\":{\"@id\":\"https:\\\/\\\/thiant.fr\\\/wordpress\\\/associations\\\/#\\\/schema\\\/logo\\\/image\\\/\"},\"sameAs\":[\"https:\\\/\\\/www.facebook.com\\\/commune.thiant.1\"]},{\"@type\":\"Person\",\"@id\":\"https:\\\/\\\/thiant.fr\\\/wordpress\\\/associations\\\/#\\\/schema\\\/person\\\/f41122130d18c0720657431d990451c6\",\"name\":\"Service communication\",\"image\":{\"@type\":\"ImageObject\",\"inLanguage\":\"fr-FR\",\"@id\":\"https:\\\/\\\/thiant.fr\\\/wordpress\\\/associations\\\/wp-content\\\/litespeed\\\/avatar\\\/3\\\/eeb9098e5269f97d4e67fcd6f533ccb1.jpg?ver=1777467657\",\"url\":\"https:\\\/\\\/thiant.fr\\\/wordpress\\\/associations\\\/wp-content\\\/litespeed\\\/avatar\\\/3\\\/eeb9098e5269f97d4e67fcd6f533ccb1.jpg?ver=1777467657\",\"contentUrl\":\"https:\\\/\\\/thiant.fr\\\/wordpress\\\/associations\\\/wp-content\\\/litespeed\\\/avatar\\\/3\\\/eeb9098e5269f97d4e67fcd6f533ccb1.jpg?ver=1777467657\",\"caption\":\"Service communication\"},\"url\":\"https:\\\/\\\/thiant.fr\\\/wordpress\\\/associations\\\/author\\\/adminwpress\\\/\"}]}<\/script>\n<!-- \/ Yoast SEO plugin. -->","yoast_head_json":{"title":"COVID-19 : Point sur la situation au 18 mai - Les associations de la ville de Thiant","description":"Les chiffres de la pand\u00e9mie et le calendrier de la strat\u00e9gie de r\u00e9ouverture des \u00e9tablissements recevant du public.","robots":{"index":"index","follow":"follow","max-snippet":"max-snippet:-1","max-image-preview":"max-image-preview:large","max-video-preview":"max-video-preview:-1"},"canonical":"https:\/\/thiant.fr\/wordpress\/associations\/covid-19-point-sur-la-situation-au-18-mai\/","og_locale":"fr_FR","og_type":"article","og_title":"COVID-19 : Point sur la situation au 18 mai - Les associations de la ville de Thiant","og_description":"Les chiffres de la pand\u00e9mie et le calendrier de la strat\u00e9gie de r\u00e9ouverture des \u00e9tablissements recevant du public.","og_url":"https:\/\/thiant.fr\/wordpress\/associations\/covid-19-point-sur-la-situation-au-18-mai\/","og_site_name":"Les associations de la ville de Thiant","article_publisher":"https:\/\/www.facebook.com\/commune.thiant.1","article_published_time":"2021-05-19T12:00:54+00:00","article_modified_time":"2021-05-20T08:08:59+00:00","og_image":[{"width":730,"height":486,"url":"https:\/\/thiant.fr\/wordpress\/associations\/wp-content\/uploads\/sites\/3\/2021\/05\/terrasse.jpg","type":"image\/jpeg"}],"author":"Service communication","twitter_card":"summary_large_image","twitter_misc":{"\u00c9crit par":"Service communication","Dur\u00e9e de lecture estim\u00e9e":"7 minutes"},"schema":{"@context":"https:\/\/schema.org","@graph":[{"@type":"Article","@id":"https:\/\/thiant.fr\/wordpress\/associations\/covid-19-point-sur-la-situation-au-18-mai\/#article","isPartOf":{"@id":"https:\/\/thiant.fr\/wordpress\/associations\/covid-19-point-sur-la-situation-au-18-mai\/"},"author":{"name":"Service communication","@id":"https:\/\/thiant.fr\/wordpress\/associations\/#\/schema\/person\/f41122130d18c0720657431d990451c6"},"headline":"COVID-19 : Point sur la situation au 18 mai","datePublished":"2021-05-19T12:00:54+00:00","dateModified":"2021-05-20T08:08:59+00:00","mainEntityOfPage":{"@id":"https:\/\/thiant.fr\/wordpress\/associations\/covid-19-point-sur-la-situation-au-18-mai\/"},"wordCount":1493,"publisher":{"@id":"https:\/\/thiant.fr\/wordpress\/associations\/#organization"},"image":{"@id":"https:\/\/thiant.fr\/wordpress\/associations\/covid-19-point-sur-la-situation-au-18-mai\/#primaryimage"},"thumbnailUrl":"https:\/\/thiant.fr\/wordpress\/associations\/wp-content\/uploads\/sites\/3\/2021\/05\/terrasse.jpg","keywords":["coronavirus","COVID","COVID-19","Nord","pand\u00e9mie","point","point situation","pr\u00e9fecture du Nord","situation","situation sanitaire"],"articleSection":["COVID-19"],"inLanguage":"fr-FR"},{"@type":"WebPage","@id":"https:\/\/thiant.fr\/wordpress\/associations\/covid-19-point-sur-la-situation-au-18-mai\/","url":"https:\/\/thiant.fr\/wordpress\/associations\/covid-19-point-sur-la-situation-au-18-mai\/","name":"COVID-19 : Point sur la situation au 18 mai - Les associations de la ville de Thiant","isPartOf":{"@id":"https:\/\/thiant.fr\/wordpress\/associations\/#website"},"primaryImageOfPage":{"@id":"https:\/\/thiant.fr\/wordpress\/associations\/covid-19-point-sur-la-situation-au-18-mai\/#primaryimage"},"image":{"@id":"https:\/\/thiant.fr\/wordpress\/associations\/covid-19-point-sur-la-situation-au-18-mai\/#primaryimage"},"thumbnailUrl":"https:\/\/thiant.fr\/wordpress\/associations\/wp-content\/uploads\/sites\/3\/2021\/05\/terrasse.jpg","datePublished":"2021-05-19T12:00:54+00:00","dateModified":"2021-05-20T08:08:59+00:00","description":"Les chiffres de la pand\u00e9mie et le calendrier de la strat\u00e9gie de r\u00e9ouverture des \u00e9tablissements recevant du public.","breadcrumb":{"@id":"https:\/\/thiant.fr\/wordpress\/associations\/covid-19-point-sur-la-situation-au-18-mai\/#breadcrumb"},"inLanguage":"fr-FR","potentialAction":[{"@type":"ReadAction","target":["https:\/\/thiant.fr\/wordpress\/associations\/covid-19-point-sur-la-situation-au-18-mai\/"]}]},{"@type":"ImageObject","inLanguage":"fr-FR","@id":"https:\/\/thiant.fr\/wordpress\/associations\/covid-19-point-sur-la-situation-au-18-mai\/#primaryimage","url":"https:\/\/thiant.fr\/wordpress\/associations\/wp-content\/uploads\/sites\/3\/2021\/05\/terrasse.jpg","contentUrl":"https:\/\/thiant.fr\/wordpress\/associations\/wp-content\/uploads\/sites\/3\/2021\/05\/terrasse.jpg","width":730,"height":486},{"@type":"BreadcrumbList","@id":"https:\/\/thiant.fr\/wordpress\/associations\/covid-19-point-sur-la-situation-au-18-mai\/#breadcrumb","itemListElement":[{"@type":"ListItem","position":1,"name":"Accueil","item":"https:\/\/thiant.fr\/wordpress\/associations\/"},{"@type":"ListItem","position":2,"name":"COVID-19 : Point sur la situation au 18 mai"}]},{"@type":"WebSite","@id":"https:\/\/thiant.fr\/wordpress\/associations\/#website","url":"https:\/\/thiant.fr\/wordpress\/associations\/","name":"Les associations de la ville de Thiant","description":"Retrouvez toutes les associations de la ville","publisher":{"@id":"https:\/\/thiant.fr\/wordpress\/associations\/#organization"},"potentialAction":[{"@type":"SearchAction","target":{"@type":"EntryPoint","urlTemplate":"https:\/\/thiant.fr\/wordpress\/associations\/?s={search_term_string}"},"query-input":{"@type":"PropertyValueSpecification","valueRequired":true,"valueName":"search_term_string"}}],"inLanguage":"fr-FR"},{"@type":"Organization","@id":"https:\/\/thiant.fr\/wordpress\/associations\/#organization","name":"Les associations de la ville de Thiant","url":"https:\/\/thiant.fr\/wordpress\/associations\/","logo":{"@type":"ImageObject","inLanguage":"fr-FR","@id":"https:\/\/thiant.fr\/wordpress\/associations\/#\/schema\/logo\/image\/","url":"https:\/\/thiant.fr\/wordpress\/associations\/wp-content\/uploads\/sites\/3\/2024\/11\/cropped-logo-asso-75.png","contentUrl":"https:\/\/thiant.fr\/wordpress\/associations\/wp-content\/uploads\/sites\/3\/2024\/11\/cropped-logo-asso-75.png","width":75,"height":75,"caption":"Les associations de la ville de Thiant"},"image":{"@id":"https:\/\/thiant.fr\/wordpress\/associations\/#\/schema\/logo\/image\/"},"sameAs":["https:\/\/www.facebook.com\/commune.thiant.1"]},{"@type":"Person","@id":"https:\/\/thiant.fr\/wordpress\/associations\/#\/schema\/person\/f41122130d18c0720657431d990451c6","name":"Service communication","image":{"@type":"ImageObject","inLanguage":"fr-FR","@id":"https:\/\/thiant.fr\/wordpress\/associations\/wp-content\/litespeed\/avatar\/3\/eeb9098e5269f97d4e67fcd6f533ccb1.jpg?ver=1777467657","url":"https:\/\/thiant.fr\/wordpress\/associations\/wp-content\/litespeed\/avatar\/3\/eeb9098e5269f97d4e67fcd6f533ccb1.jpg?ver=1777467657","contentUrl":"https:\/\/thiant.fr\/wordpress\/associations\/wp-content\/litespeed\/avatar\/3\/eeb9098e5269f97d4e67fcd6f533ccb1.jpg?ver=1777467657","caption":"Service communication"},"url":"https:\/\/thiant.fr\/wordpress\/associations\/author\/adminwpress\/"}]}},"_links":{"self":[{"href":"https:\/\/thiant.fr\/wordpress\/associations\/wp-json\/wp\/v2\/posts\/417","targetHints":{"allow":["GET"]}}],"collection":[{"href":"https:\/\/thiant.fr\/wordpress\/associations\/wp-json\/wp\/v2\/posts"}],"about":[{"href":"https:\/\/thiant.fr\/wordpress\/associations\/wp-json\/wp\/v2\/types\/post"}],"author":[{"embeddable":true,"href":"https:\/\/thiant.fr\/wordpress\/associations\/wp-json\/wp\/v2\/users\/1"}],"replies":[{"embeddable":true,"href":"https:\/\/thiant.fr\/wordpress\/associations\/wp-json\/wp\/v2\/comments?post=417"}],"version-history":[{"count":3,"href":"https:\/\/thiant.fr\/wordpress\/associations\/wp-json\/wp\/v2\/posts\/417\/revisions"}],"predecessor-version":[{"id":421,"href":"https:\/\/thiant.fr\/wordpress\/associations\/wp-json\/wp\/v2\/posts\/417\/revisions\/421"}],"wp:featuredmedia":[{"embeddable":true,"href":"https:\/\/thiant.fr\/wordpress\/associations\/wp-json\/wp\/v2\/media\/418"}],"wp:attachment":[{"href":"https:\/\/thiant.fr\/wordpress\/associations\/wp-json\/wp\/v2\/media?parent=417"}],"wp:term":[{"taxonomy":"category","embeddable":true,"href":"https:\/\/thiant.fr\/wordpress\/associations\/wp-json\/wp\/v2\/categories?post=417"},{"taxonomy":"post_tag","embeddable":true,"href":"https:\/\/thiant.fr\/wordpress\/associations\/wp-json\/wp\/v2\/tags?post=417"}],"curies":[{"name":"wp","href":"https:\/\/api.w.org\/{rel}","templated":true}]}}