{"id":484,"date":"2021-06-14T15:53:19","date_gmt":"2021-06-14T13:53:19","guid":{"rendered":"https:\/\/thiant.fr\/wordpress\/associations\/?p=484"},"modified":"2021-06-14T16:38:33","modified_gmt":"2021-06-14T14:38:33","slug":"covid-19-point-de-situation-au-11-juin-2021","status":"publish","type":"post","link":"https:\/\/thiant.fr\/wordpress\/associations\/covid-19-point-de-situation-au-11-juin-2021\/","title":{"rendered":"COVID-19 : Point de situation au 11 juin 2021"},"content":{"rendered":"\t\t<div data-elementor-type=\"wp-post\" data-elementor-id=\"484\" class=\"elementor elementor-484\">\n\t\t\t\t\t\t<section class=\"elementor-section elementor-top-section elementor-element elementor-element-7a4565b elementor-section-boxed elementor-section-height-default elementor-section-height-default\" data-id=\"7a4565b\" data-element_type=\"section\" data-e-type=\"section\">\n\t\t\t\t\t\t<div class=\"elementor-container elementor-column-gap-default\">\n\t\t\t\t\t<div class=\"elementor-column elementor-col-33 elementor-top-column elementor-element elementor-element-85a01d0\" data-id=\"85a01d0\" data-element_type=\"column\" data-e-type=\"column\">\n\t\t\t<div class=\"elementor-widget-wrap elementor-element-populated\">\n\t\t\t\t\t\t<div class=\"elementor-element elementor-element-242f27c elementor-widget elementor-widget-image\" data-id=\"242f27c\" data-element_type=\"widget\" data-e-type=\"widget\" data-widget_type=\"image.default\">\n\t\t\t\t<div class=\"elementor-widget-container\">\n\t\t\t\t\t\t\t\t\t\t\t\t\t\t\t<img decoding=\"async\" src=\"https:\/\/thiant.fr\/wordpress\/wp-content\/uploads\/2021\/03\/Logo-Prefet-Nord.png\" title=\"\" alt=\"\" loading=\"lazy\" \/>\t\t\t\t\t\t\t\t\t\t\t\t\t\t\t<\/div>\n\t\t\t\t<\/div>\n\t\t\t\t\t<\/div>\n\t\t<\/div>\n\t\t\t\t<div class=\"elementor-column elementor-col-66 elementor-top-column elementor-element elementor-element-2766b6b\" data-id=\"2766b6b\" data-element_type=\"column\" data-e-type=\"column\">\n\t\t\t<div class=\"elementor-widget-wrap elementor-element-populated\">\n\t\t\t\t\t\t<div class=\"elementor-element elementor-element-97366aa elementor-widget elementor-widget-text-editor\" data-id=\"97366aa\" data-element_type=\"widget\" data-e-type=\"widget\" data-widget_type=\"text-editor.default\">\n\t\t\t\t<div class=\"elementor-widget-container\">\n\t\t\t\t\t\t\t\t\t<h3><span style=\"color: #000080;\">I &#8211; Foire aux questions sur les \u00e9tablissements recevant du public<\/span><\/h3><p style=\"padding-left: 40px;\"><span style=\"color: #333333;\">Dans le cadre de la 3\u00e8me \u00e9tape de r\u00e9ouverture des \u00e9tablissements recevant du public, vous \u00eates nombreux \u00e0 interroger la pr\u00e9fecture sur les mesures applicables. Dans ce cadre vous trouverez ci-apr\u00e8s une foire aux questions \u00e0 votre attention permettant de r\u00e9capituler les diff\u00e9rentes mesures.<\/span><\/p><p style=\"padding-left: 40px;\"><span style=\"color: #333333;\">Par ailleurs, vous trouverez un visuel synth\u00e9tique des mesures sur le lien suivant : <a href=\"https:\/\/www.nord.gouv.fr\/content\/download\/75366\/462626\/file\/r%C3%A9ouverture.pdf\" target=\"_blank\" rel=\"noopener\">lien<\/a>.<\/span><\/p><p style=\"padding-left: 40px;\"><span style=\"text-decoration: underline; color: #008000;\"><strong>Foire aux questions :<\/strong><\/span><\/p><h5 style=\"padding-left: 40px;\"><strong><span style=\"color: #333333;\">1- Rassemblement et couvre-feu<\/span><\/strong><\/h5><p style=\"padding-left: 80px;\"><span style=\"color: #0000ff;\">Quelles sont les nouvelles r\u00e8gles sur le couvre-feu ?<\/span><\/p><p style=\"padding-left: 80px;\"><span style=\"color: #333333;\">A compter du 9 juin, le couvre-feu est d\u00e9cal\u00e9 \u00e0 23h. Le couvre-feu national sera d\u00e9finitivement lev\u00e9 le 1er juillet.<\/span><\/p><p style=\"padding-left: 80px;\"><span style=\"color: #0000ff;\">Quelles seront les r\u00e8gles pour le 14 juillet ?<\/span><\/p><p style=\"padding-left: 80px;\"><span style=\"color: #333333;\">A compter du 1er juillet, la limitation des rassemblements sur la voie publique sera lev\u00e9e. On pourra donc f\u00eater le 14 juillet mais dans le respect des r\u00e8gles de distanciation sociale et des gestes barri\u00e8res. Selon les circonstances locales, les pr\u00e9fets pourront fixer des r\u00e8gles plus contraignantes pour s\u2019assurer de la s\u00e9curit\u00e9 et des bonnes conditions d\u2019organisation de la f\u00eate nationale. Le passe sanitaire sera exig\u00e9 pour les bals populaires et bals des pompiers se tenant dans des ERP accueillant au moins 1000 personnes ou dans des lieux ouverts au public susceptibles de donner lieu \u00e0 un contr\u00f4le de l\u2019acc\u00e8s. Il ne sera pas demand\u00e9 pour les rassemblements se tenant sur la voie publique pour assister \u00e0 des feux d\u2019artifice.<\/span><\/p><p style=\"padding-left: 80px;\"><span style=\"color: #0000ff;\">Quelles seront les r\u00e8gles pour la f\u00eate de la musique ?<\/span><\/p><p style=\"padding-left: 80px;\"><span style=\"color: #333333;\">Le protocole sur la F\u00eate de la musique pr\u00e9voit que celle-ci pourra \u00eatre organis\u00e9e uniquement dans des ERP d\u00e9di\u00e9s, en format assis. La jauge maximale sera de 65%, dans la limite de 5000 personnes maximum. Les concerts dans les bars, caf\u00e9s et restaurants seront interdits.<\/span><br \/><span style=\"color: #333333;\">Il n\u2019y aura aucune d\u00e9rogation au couvre-feu de 23h ni \u00e0 l\u2019interdiction de rassemblement de plus de 10 personnes sur la voie publique. Les concerts impromptus de musiciens sur la voie publique ne seront pas autoris\u00e9s. Enfin, le passe sanitaire sera exig\u00e9 pour tout ERP accueillant au moins 1000 personnes ou pour tout \u00e9v\u00e9nement festif accueillant au moins 1000 personnes organis\u00e9 dans l&#8217;espace public ou dans un lieu ouvert au public et susceptibles de donner lieu \u00e0 un contr\u00f4le de l&#8217;acc\u00e8s des personnes.<\/span><\/p><h5 style=\"padding-left: 40px;\"><strong><span style=\"color: #333333;\">2- Activit\u00e9s sportives<\/span><\/strong><\/h5><p style=\"padding-left: 80px;\"><span style=\"color: #0000ff;\">Le sport peut-il reprendre dans les \u00e9tablissements sportifs couverts ?<\/span><\/p><p style=\"padding-left: 80px;\"><span style=\"color: #333333;\">Les \u00e9tablissements sportifs couverts (gymnases, salles de sport, de fitness) sont ouverts \u00e0 tous dans la limite de 50 % de la capacit\u00e9 d\u2019accueil de l\u2019\u00e9tablissement et selon un protocole sanitaire adapt\u00e9. Ces \u00e9tablissements pourront accueillir des pratiquants sans jauge \u00e0 compter du 1er juillet. Les sports de contacts et collectifs demeurent interdits jusqu\u2019au 30 juin.<\/span><br \/><span style=\"color: #333333;\">Ces \u00e9tablissements peuvent \u00e9galement accueillir des spectateurs dans une limite de 65% de la capacit\u00e9 d\u2019accueil du stade ou de l\u2019\u00e9quipement sportif, avec un plafond de 5 000 spectateurs. Au-del\u00e0 de 1 000 personnes, le passe sanitaire sera exig\u00e9 pour entrer dans l\u2019\u00e9tablissement. Une distance minimale d&#8217;un si\u00e8ge est laiss\u00e9e entre les si\u00e8ges occup\u00e9s par chaque personne ou chaque groupe jusqu&#8217;\u00e0 six personnes venant ensemble ou ayant r\u00e9serv\u00e9 ensemble.<\/span><br \/><span style=\"color: #333333;\">Les jauges et le plafond de 5 000 personnes seront lev\u00e9s au 30 juin, les pr\u00e9fets gardant la possibilit\u00e9 de fixer des limites si la situation sanitaire locale l\u2019exige.<\/span><\/p><p style=\"padding-left: 80px;\"><span style=\"color: #0000ff;\">Le sport peut-il reprendre dans les \u00e9tablissements sportifs de plein air (stades, hippodromes, piscines plein air, ar\u00e8nes, etc.) ?<\/span><\/p><p style=\"padding-left: 80px;\"><span style=\"color: #333333;\">Il est possible de reprendre tous les sports, y compris le sport collectif et de combat, dans ces \u00e9tablissements.<\/span><br \/><span style=\"color: #333333;\">Les stades et autres \u00e9quipements de plein air peuvent \u00e9galement accueillir des spectateurs dans une limite de 65% de la capacit\u00e9 d\u2019accueil du stade et avec un plafond de 5 000 spectateurs. Au-del\u00e0 de 1 000 spectateurs, le passe sanitaire sera exig\u00e9 pour entrer dans le stade et autre \u00e9quipement de plein air. Une distance minimale d&#8217;un si\u00e8ge doit \u00eatre laiss\u00e9e entre les si\u00e8ges occup\u00e9s par chaque personne ou chaque groupe jusqu&#8217;\u00e0 six personnes venant ensemble ou ayant r\u00e9serv\u00e9 ensemble.<\/span><br \/><span style=\"color: #333333;\">En revanche, il convient de rappeler que le d\u00e9cret du 1er juin 2021, \u00e0 son article 42, interdit express\u00e9ment l&#8217;accueil du public pendant la p\u00e9riode de couvre-feu. D\u00e8s lors que celui-ci d\u00e9bute, seules les personnes qui sont indispensables au bon d\u00e9roulement du match (joueurs, staff, soigneurs&#8230;) peuvent \u00eatre pr\u00e9sentes dans l&#8217;enceinte du stade. Des invit\u00e9s qui se pr\u00e9vaudraient d&#8217;une pr\u00e9sence \u00e0 titre professionnel sont consid\u00e9r\u00e9s, du point de vue de cet article, comme du public. Leur pr\u00e9sence pendant les horaires du couvre-feu est donc rigoureusement interdite.<\/span><br \/><span style=\"color: #333333;\">En outre, il est n\u00e9cessaire de rappeler aux organisateurs de matchs que le couvre-feu implique que les spectateurs ne se d\u00e9placent plus apr\u00e8s le d\u00e9but de celui-ci. Aussi, le public assistant \u00e0 un match ne disposant pas de motif permettant de d\u00e9roger \u00e0 l&#8217;interdiction de d\u00e9placement, il est n\u00e9cessaire de pr\u00e9voir un d\u00e9part du stade avant le couvre-feu, pour permettre aux spectateurs de rentrer chez-eux sans m\u00e9conna\u00eetre les r\u00e8gles sanitaires.<\/span><br \/><span style=\"color: #333333;\">Le couvre-feu, la jauge et le plafond de 5 000 personnes seront lev\u00e9s au 30 juin, les pr\u00e9fets gardant la possibilit\u00e9 de fixer des limites si la situation sanitaire locale l\u2019exige. Au-del\u00e0 de 1 000 spectateurs, le passe sanitaire continuera \u00e0 \u00eatre exig\u00e9 pour entrer dans le stade et autre \u00e9quipement de plein air.<\/span><\/p><p style=\"padding-left: 80px;\"><span style=\"color: #0000ff;\">Les manifestations sportives pour amateurs sont-elles autoris\u00e9es en plein air ?<\/span><\/p><p style=\"padding-left: 80px;\"><span style=\"color: #333333;\">Les comp\u00e9titions de plein air amateur (surf, cyclisme, trail, sport automobile\u2026) sont autoris\u00e9es pour tous les sports, dans la limite de 500 participants. Cette jauge sera relev\u00e9e \u00e0 2 500 personnes le 1er juillet. Le passe sanitaire sera exig\u00e9 pour certaines manifestation rassemblant plus de 1 000 personnes, si les conditions pratiques le permettent.<\/span><\/p><p style=\"padding-left: 80px;\"><span style=\"color: #0000ff;\">L\u2019installation de fan-zones est-elle possible ?<\/span><\/p><p style=\"padding-left: 80px;\"><span style=\"color: #333333;\">Il sera possible d\u2019installer des fan-zones dans des ERP de plein air, p\u00e9rennes ou \u00e9ph\u00e9m\u00e8res mais dans un format uniquement assis. Un si\u00e8ge sur deux devra \u00eatre laiss\u00e9 vacant entre chaque personne ou groupe de 6 personnes maximum ayant r\u00e9serv\u00e9es ensemble. La jauge sera de 65%, dans une limite de 5000 personnes. Le passe sanitaire sera exig\u00e9 au-del\u00e0 de 1000 personnes.<\/span><\/p><h5 style=\"padding-left: 40px;\"><span style=\"color: #333333;\">3- Activit\u00e9s de loisir<\/span><\/h5><p style=\"padding-left: 80px;\"><span style=\"color: #0000ff;\">Les activit\u00e9s de loisir indoor sont-elles autoris\u00e9es (bowling, salles de jeux, escape game) ?<\/span><\/p><p style=\"padding-left: 80px;\"><span style=\"color: #333333;\">Ces \u00e9tablissements peuvent ouvrir avec une jauge de 50 % de leur capacit\u00e9 d\u2019accueil et un protocole sanitaire adapt\u00e9.<\/span><\/p><p style=\"padding-left: 80px;\"><span style=\"color: #0000ff;\">Les activit\u00e9s de plein air type mini-golf et accrobranches peuvent-elles rouvrir ?<\/span><\/p><p style=\"padding-left: 80px;\"><span style=\"color: #333333;\">Ces activit\u00e9s peuvent reprendre dans les \u00e9tablissements de plein air sans jauge mais dans le respect des mesures de distanciation et des gestes barri\u00e8res.<\/span><\/p><p style=\"padding-left: 80px;\"><span style=\"color: #0000ff;\">A partir de quand les centres de loisirs, colonies de vacances et camps de scouts pourront-ils rouvrir ?<\/span><\/p><p style=\"padding-left: 80px;\"><span style=\"color: #333333;\">Les colonies de vacances, les camps de scouts, les centres de loisirs avec h\u00e9bergement pourront rouvrir \u00e0 compter du 20 juin dans le cadre d\u2019un protocole sanitaire strict.<\/span><\/p><p style=\"padding-left: 80px;\"><span style=\"color: #0000ff;\">Les remont\u00e9es m\u00e9caniques peuvent-elles rouvrir ?<\/span><\/p><p style=\"padding-left: 80px;\"><span style=\"color: #333333;\">Les remont\u00e9es m\u00e9caniques peuvent reprendre leur activit\u00e9 avec une jauge de 65%, qui sera lev\u00e9e le 1er juillet. Les jauges ne s\u2019appliquent pas pour les remont\u00e9es urbaines et interurbaines<\/span><\/p><p style=\"padding-left: 80px;\"><span style=\"color: #0000ff;\">Les kermesses, bals, guinguettes, f\u00eates de villages sont-elles autoris\u00e9es, \u00e0 quelle date et sous quelles conditions ?<\/span><\/p><p style=\"padding-left: 80px;\"><span style=\"color: #333333;\">Ces \u00e9v\u00e8nements peuvent \u00eatre organis\u00e9es selon les r\u00e8gles applicables aux \u00e9tablissements qui les accueillent. S\u2019ils ont lieu dans des ERP de type L ou R, ils ne pourront donc \u00eatre organis\u00e9es en configuration debout qu\u2019\u00e0 partir du 1er juillet, sans jauge d\u2019accueil du public, dans le respect des gestes barri\u00e8res et de la distanciation sociale.<\/span><br \/><span style=\"color: #333333;\">S\u2019ils ont lieu dans l\u2019espace public, ils ne peuvent avoir lieu qu\u2019en ext\u00e9rieur, en position assise, dans la limite de 1 000 personnes. A partir du 1er juillet, elles pourront \u00eatre organis\u00e9es en configuration debout dans le respect des r\u00e8gles de distanciation sociale (soit une jauge de 4m2 par personne) et des gestes barri\u00e8res.<\/span><\/p><p style=\"padding-left: 80px;\"><span style=\"color: #0000ff;\">Les buvettes et petites restaurations seront elles autoris\u00e9es dans l&#8217;espace public ?<\/span><\/p><p style=\"padding-left: 80px;\"><span style=\"color: #333333;\">Ces activit\u00e9s sont organis\u00e9es en fonction du protocole applicable aux caf\u00e9s et restaurants. Elles peuvent \u00eatre organis\u00e9es en int\u00e9rieur dans la limite de 50% de la capacit\u00e9 d\u2019accueil de l\u2019\u00e9tablissement. Les convives devront rester en position assise en int\u00e9rieur. A compter du 1er juillet elles peuvent \u00eatre organis\u00e9es sans jauge en plein air et en int\u00e9rieur. La consommation debout restera interdite pour les bars.<\/span><\/p><h5 style=\"padding-left: 40px;\"><br \/><span style=\"color: #333333;\">4- Activit\u00e9s \u00e9conomiques et touristiques<\/span><\/h5><p style=\"padding-left: 80px;\"><span style=\"color: #0000ff;\">Les march\u00e9s, braderies et brocantes peuvent-ils se tenir ?<\/span><\/p><p style=\"padding-left: 80px;\"><span style=\"color: #333333;\">Tous les march\u00e9s et lieux de vente assimil\u00e9s peuvent ouvrir. Seuls les march\u00e9s couverts conservent une jauge entre le 9 et le 30 juin, fix\u00e9e \u00e0 4m2.<\/span><\/p><p style=\"padding-left: 80px;\"><span style=\"color: #0000ff;\">Les salons et foires professionnels peuvent-ils se tenir ?<\/span><\/p><p style=\"padding-left: 80px;\"><span style=\"color: #333333;\">Les foires et salons (B to B et B to C) peuvent rouvrir \u00e0 partir du 9 juin. De cette date jusqu\u2019au 1er juillet, ces salons seront soumis \u00e0 une jauge de 50 % et un plafond de 5 000 personnes, sous r\u00e9serve de la pr\u00e9sentation d\u2019un passe sanitaire \u00e0 partir de 1 000 personnes. La jauge sera lev\u00e9e le 1er juillet et les salons entre professionnels et particuliers pourront reprendre. Les jauges et plafonds se calculent en fonction des halls d\u2019exposition. Les exposants ne sont pas pris en compte dans le calcul des jauges et des plafonds.<\/span><\/p><p style=\"padding-left: 80px;\"><span style=\"color: #0000ff;\">Les petits trains touristiques routiers peuvent-ils fonctionner ?<\/span><\/p><p style=\"padding-left: 80px;\"><span style=\"color: #333333;\">Oui avec une jauge de 65 % de la capacit\u00e9 d\u2019accueil jusqu\u2019au 1er juillet, date \u00e0 laquelle la jauge sera lev\u00e9e.<\/span><\/p><p style=\"padding-left: 80px;\"><span style=\"color: #0000ff;\">Les restaurants, les caf\u00e9s et les bars peuvent-ils rouvrir et dans quelles conditions ?<\/span><\/p><p style=\"padding-left: 80px;\"><span style=\"color: #333333;\">Les terrasses peuvent accueillir des clients \u00e0 100% de leur capacit\u00e9 d\u2019accueil et les salles int\u00e9rieures des caf\u00e9s, bars et restaurants peuvent ouvrir avec une jauge de 50%. Les clients ne pourront \u00eatre qu\u2019assis.<\/span><br \/><span style=\"color: #333333;\">Il est possible de se servir en libre-service dans un buffet.<\/span><br \/><span style=\"color: #333333;\">Les restaurants et bars pourront ouvrir \u00e0 100% \u00e0 partir du 1er juillet. Les services et consommations au comptoir resteront interdits dans les bars jusqu\u2019\u00e0 nouvel ordre.<\/span><\/p><p style=\"padding-left: 80px;\"><span style=\"color: #0000ff;\">Comment s\u2019organise l\u2019activit\u00e9 de restauration dans les autres \u00e9tablissements ?<\/span><\/p><p style=\"padding-left: 80px;\"><span style=\"color: #333333;\">L\u2019activit\u00e9 de restauration dans les \u00e9tablissements culturels, sportifs, dans les salles polyvalentes ou de r\u00e9ception suivent les m\u00eames r\u00e8gles sanitaires que celles \u00e9dict\u00e9es pour les restaurants. La restauration en int\u00e9rieur peut donc reprendre.<\/span><\/p><p style=\"padding-left: 80px;\"><span style=\"color: #0000ff;\">Les f\u00eates foraines sont-elles de nouveau autoris\u00e9es ?<\/span><\/p><p style=\"padding-left: 80px;\"><span style=\"color: #333333;\">Les f\u00eates foraines sont autoris\u00e9es \u00e0 rouvrir, en appliquant une jauge de 4m2 par visiteur. Elles pourront reprendre leur activit\u00e9 sans jauge au 1er juillet.<\/span><br \/><span style=\"color: #333333;\">Les man\u00e8ges isol\u00e9s sont autoris\u00e9s \u00e0 ouvrir.<\/span><\/p><p style=\"padding-left: 80px;\"><span style=\"color: #0000ff;\">Dans quelles conditions les campings, villages vacances ou r\u00e9sidences de tourisme peuvent-ils rouvrir ?<\/span><\/p><p style=\"padding-left: 80px;\"><span style=\"color: #333333;\">Les campings sont d\u00e9j\u00e0 ouverts et leurs \u00e9quipements collectifs peuvent rouvrir dans les m\u00eames conditions que celles qui s\u2019appliquent aux cat\u00e9gories d\u2019\u00e9tablissements ouverts: les salles de spectacles rouvrent avec une jauge de 65% et un plafond de 5000 personnes ; les restaurants ne peuvent servir en int\u00e9rieur qu\u2019avec une jauge de 50%; les salles de sport en int\u00e9rieur peuvent rouvrir; les piscines ext\u00e9rieures peuvent rouvrir pour des activit\u00e9s de loisir<\/span>.<\/p><h5 style=\"padding-left: 40px;\"><br \/><span style=\"color: #333333;\">5- Activit\u00e9s culturelles<\/span><\/h5><p style=\"padding-left: 80px;\"><span style=\"color: #0000ff;\">Quelle est la jauge pour les biblioth\u00e8ques et m\u00e9diath\u00e8ques ?<\/span><\/p><p style=\"padding-left: 80px;\"><span style=\"color: #333333;\">La jauge actuelle est de 4m2 par personne pour les biblioth\u00e8ques jusqu\u2019au 30 juin. Entre le 9 juin et le 30 juin, un si\u00e8ge sur deux devra \u00eatre laiss\u00e9 inoccup\u00e9 entre chaque visiteur.<\/span><\/p><p style=\"padding-left: 80px;\"><span style=\"color: #0000ff;\">Les activit\u00e9s extra-scolaires peuvent-elles reprendre ?<\/span><\/p><p style=\"padding-left: 80px;\"><span style=\"color: #333333;\">Les activit\u00e9s extrascolaires sont autoris\u00e9es dans les conservatoires, les \u00e9coles de danse, les piscines ou encore les salles de sport indoor.<\/span><\/p><p style=\"padding-left: 80px;\"><span style=\"color: #0000ff;\">Les visites guid\u00e9es peuvent-elles \u00eatre organis\u00e9es sur l\u2019espace public ?<\/span><\/p><p style=\"padding-left: 80px;\"><span style=\"color: #333333;\">Les visites guid\u00e9es r\u00e9alis\u00e9es par des guides professionnels peuvent avoir lieu sur l\u2019espace public, sans limitation de visiteurs.<\/span><\/p><p style=\"padding-left: 80px;\"><span style=\"color: #0000ff;\">Quelle est la jauge pour les mus\u00e9es?<\/span><\/p><p style=\"padding-left: 80px;\"><span style=\"color: #333333;\">Les mus\u00e9es doivent respecter une jauge de 4m2par visiteur jusqu\u2019au 30 juin.<\/span><\/p><p style=\"padding-left: 80px;\"><span style=\"color: #0000ff;\">Quelle est la jauge pour les cin\u00e9mas, th\u00e9\u00e2tres et salles de spectacles ?<\/span><\/p><p style=\"padding-left: 80px;\"><span style=\"color: #333333;\">La jauge est de 65 % et le plafond de 5 000 personnes par salle du 9 au 30 juin. Le passe sanitaire sera par ailleurs utilis\u00e9 dans ces lieux (sauf dans les cin\u00e9mas) pour les \u00e9v\u00e8nements r\u00e9unissant plus de 1 000 personnes \u00e0 compter du 9 juin.<\/span><br \/><span style=\"color: #333333;\">Pour les cin\u00e9mas, les jauges et plafonds se calculent par salle.<\/span><br \/><span style=\"color: #333333;\">Les salles de concerts en configuration debout ne pourront en revanche ouvrir qu\u2019\u00e0 compter du 1er juillet, les pr\u00e9fets gardant la possibilit\u00e9 de fixer des limites si la situation sanitaire locale l\u2019exige.<\/span><\/p><p style=\"padding-left: 80px;\"><span style=\"color: #0000ff;\">Comment se d\u00e9finit un ERP \u00e9ph\u00e9m\u00e8re pour les festivals assis?<\/span><\/p><p style=\"padding-left: 80px;\"><span style=\"color: #333333;\">Il s\u2019agit d\u2019\u00e9tablissements recevant du public de type PA, am\u00e9nag\u00e9s dans les conditions fix\u00e9es par la r\u00e8glementation ERP de droit commun, qui ont vocation \u00e0 \u00eatre d\u00e9sinstall\u00e9s \u00e0 l\u2019issue de l\u2019\u00e9v\u00e8nement<\/span> <span style=\"color: #333333;\">qu\u2019ils accueillent. Les jauges applicables sont donc les m\u00eames que celles applicables aux \u00e9tablissements de plein air.<\/span><\/p><p style=\"padding-left: 80px;\"><span style=\"color: #0000ff;\">Pourra-t-on assister \u00e0 des festivals cet \u00e9t\u00e9 ?<\/span><\/p><p style=\"padding-left: 80px;\"><span style=\"color: #333333;\">Les festivals assis en plein air peuvent \u00eatre organis\u00e9s dans la limite de 5 000 participants. A compter du 1er juillet, le plafond d\u2019accueil pourra \u00eatre fix\u00e9 par le pr\u00e9fet si les circonstances locales l\u2019exigent.<\/span><br \/><span style=\"color: #333333;\">Les festivals en plein air en position debout sont autoris\u00e9s \u00e0 compter du 1er juillet avec une jauge de 4m2 par festivalier et une limite de personnes fix\u00e9e par les pr\u00e9fets si les circonstances locales l\u2019exigent.<\/span><br \/><span style=\"color: #333333;\">Les festivals et manifestations de plein air avec d\u00e9ambulation dans l\u2019espace public (ex : type festival International de Th\u00e9\u00e2tre de Rue d&#8217;Aurillac, Printemps Des Rues etc.) peuvent \u00eatre organis\u00e9es avec une jauge fix\u00e9e par le pr\u00e9fet en fonction des circonstances locales.<\/span><br \/><span style=\"color: #333333;\">Le passe sanitaire sera utilis\u00e9 pour les \u00e9v\u00e8nements r\u00e9unissant plus de 1 000 personnes (\u00e0 l\u2019exception des manifestations de rue pour lesquelles cette exigence ne pourrait \u00eatre appliqu\u00e9e en pratique).<\/span><\/p><h5 style=\"padding-left: 40px;\"><br \/><span style=\"color: #333333;\">6- Mariages \/ F\u00eates familiales<\/span><\/h5><p style=\"padding-left: 80px;\"><span style=\"color: #0000ff;\">Les c\u00e9r\u00e9monies en mairie doivent-elles respecter une jauge ?<\/span><\/p><p style=\"padding-left: 80px;\"><span style=\"color: #333333;\">Les mariages civils peuvent \u00eatre c\u00e9l\u00e9br\u00e9s en mairie. Le nombre de participants n\u2019est pas plafonn\u00e9 mais n\u00e9cessairement limit\u00e9 puisqu\u2019un si\u00e8ge sur deux doit \u00eatre laiss\u00e9 libres entre chaque personne ou membres d\u2019un m\u00eame foyer. Aucun participant ne peut assister \u00e0 la c\u00e9r\u00e9monie debout.<\/span><\/p><p style=\"padding-left: 80px;\"><span style=\"color: #0000ff;\">Comment se d\u00e9roule l\u2019organisation des mariages ?<\/span><\/p><p style=\"padding-left: 80px;\"><span style=\"color: #333333;\">Les f\u00eates et repas de mariage sont organis\u00e9s dans le respect des protocoles sanitaires et, le cas \u00e9ch\u00e9ant, des jauges applicables aux \u00e9tablissements qui les accueillent, comme par exemple les restaurants, les g\u00eetes, les h\u00f4tels, les domaines ou les ch\u00e2teaux. Le nombre de convives est donc d\u00e9fini en fonction des types d\u2019\u00e9tablissements et de leur capacit\u00e9 d\u2019accueil.<\/span><br \/><span style=\"color: #333333;\">Les repas de mariage sont autoris\u00e9s en int\u00e9rieur mais les participants devront rester assis et leur nombre ne devra pas d\u00e9passer 50% de la capacit\u00e9 d\u2019accueil de la salle, avec un maximum de six personnes par table. La restauration debout, comme les cocktails et les buffets, ainsi que les pistes de danse en int\u00e9rieur demeurent interdits.<\/span><br \/><span style=\"color: #333333;\">Par ailleurs, jusqu\u2019au 30 juin, les f\u00eates de mariage organis\u00e9es dans l\u2019espace public, comme par exemple les parcs et jardins publics, sont, comme tous les autres rassemblements, limit\u00e9es \u00e0 10 personnes.<\/span><br \/><span style=\"color: #333333;\">Enfin, \u00e0 compter du 1er juillet, les mariages pourront \u00eatre organis\u00e9s sans restriction, en int\u00e9rieur comme en ext\u00e9rieur, mais dans le respect des gestes barri\u00e8res et des r\u00e8gles de distanciation. La consommation debout (cocktails, buffets, mange debout) ne sera autoris\u00e9e qu\u2019en ext\u00e9rieur.<\/span><\/p><p style=\"padding-left: 80px;\"><span style=\"color: #0000ff;\">Le couvre-feu s\u2019applique-t-il aux f\u00eates de mariage ?<\/span><\/p><p style=\"padding-left: 80px;\"><span style=\"color: #333333;\">Oui, il n\u2019y a pas d\u2019exception au couvre-feu pour les c\u00e9l\u00e9brations des mariages. Le couvre-feu oblige chaque participant \u00e0 regagner son lieu de couchage pour 23h \u00e0 partir du 9 juin.<\/span><\/p><h5 style=\"padding-left: 40px;\"><br \/><span style=\"color: #333333;\">7- \u00c9ducation et enseignement<\/span><\/h5><p style=\"padding-left: 80px;\"><span style=\"color: #0000ff;\">Les conservatoires peuvent-ils rouvrir ?<\/span><\/p><p style=\"padding-left: 80px;\"><span style=\"color: #333333;\">Les conservatoires peuvent reprendre leurs enseignements en pr\u00e9sentiel pour tous les publics. L\u2019art lyrique reprend \u00e9galement pour la seule pratique individuelle. La danse est de nouveau autoris\u00e9e pour les majeurs, avec une jauge de 50% de l\u2019effectif et pour les seules pratiques sans contacts. Les enseignements de danse pourront reprendre normalement \u00e0 compter du 1er juillet.<\/span><\/p><h5 style=\"padding-left: 40px;\"><span style=\"color: #333333;\">8- Divers<\/span><\/h5><p style=\"padding-left: 80px;\"><span style=\"color: #0000ff;\">Les r\u00e9unions \u00e9lectorales peuvent-elles avoir lieu ?<\/span><\/p><p style=\"padding-left: 80px;\"><span style=\"color: #333333;\">Oui, les r\u00e9unions \u00e9lectorales peuvent avoir lieu dans les \u00e9tablissements recevant du public en fonction des jauges et plafonds qui leur sont applicables. Ainsi, dans un gymnase (ERP de type X), une salle de r\u00e9union ou polyvalente, (ERP de type L) ou un chapiteau (ERP de type CTS), le public accueilli ne pourra pas d\u00e9passer 65% de la capacit\u00e9 d\u2019accueil de la salle et un plafond de 5000 personnes. Dans un stade de plein air (ERP de type PA), le public accueilli ne pourra pas d\u00e9passer 65% de la capacit\u00e9 d\u2019accueil de l\u2019\u00e9tablissement et un plafond de 5 000 personnes.<\/span><br \/><span style=\"color: #333333;\">Les r\u00e9unions \u00e9lectorales organis\u00e9es en plein air, hors \u00e9tablissements recevant du public, peuvent se tenir, y compris debout, dans la limite de 50 personnes.<\/span><\/p><p style=\"padding-left: 80px;\"><span style=\"color: #0000ff;\">Est-il possible de tracter \u00e0 domicile ou sur la voie publique ?<\/span><\/p><p style=\"padding-left: 80px;\"><span style=\"color: #333333;\">Oui, cela est autoris\u00e9, dans le respect des gestes barri\u00e8res.<\/span><\/p><p style=\"padding-left: 80px;\"><span style=\"color: #0000ff;\">La r\u00e9union des assembl\u00e9es d\u00e9lib\u00e9rantes est-elle soumise \u00e0 une jauge?<\/span><\/p><p style=\"padding-left: 80px;\"><span style=\"color: #333333;\">Ces r\u00e9unions peuvent avoir lieu sans jauge mais dans le respect des mesures de distanciation et des gestes barri\u00e8res.<\/span><\/p><h3><span style=\"color: #000080;\">II \u2013 Euro de football : protocole sanitaire applicable aux fans zones<\/span><\/h3><p style=\"padding-left: 40px;\"><span style=\"color: #333333;\">Des fans zones pourront \u00eatre mises en place \u00e0 l\u2019occasion du championnat d\u2019Europe de football. Une fan zone est d\u00e9finie comme une zone en plein air accueillant des spectateurs afin d\u2019assister \u00e0 la retransmission, sur un ou plusieurs \u00e9crans g\u00e9ants, d\u2019une manifestation sportive.<\/span><\/p><p style=\"padding-left: 40px;\"><span style=\"color: #333333;\">Dans le contexte sanitaire actuel, le respect des r\u00e8gles continue de s\u2019imposer. Ces zones devront \u00eatre d\u00e9limit\u00e9es dans l\u2019espace public et seront consid\u00e9r\u00e9es comme des<\/span><br \/><span style=\"color: #333333;\">\u00e9tablissements recevant du public de type PA (plein air) permettant ainsi la mise en \u0153uvre des dispositions sanitaires qui leur sont applicables selon les diff\u00e9rentes \u00e9tapes d\u2019all\u00e9gement des mesures de freinage.<\/span><\/p><p style=\"padding-left: 40px;\"><strong><span style=\"color: #333333;\">Le protocole sanitaire qui devra \u00eatre mis en \u0153uvre sous la responsabilit\u00e9 de l\u2019organisateur est disponible sur ce<\/span> <a href=\"https:\/\/www.nord.gouv.fr\/content\/download\/75366\/462626\/file\/r%C3%A9ouverture.pdf\" target=\"_blank\" rel=\"noopener\">lien<\/a>.<\/strong><\/p><p style=\"text-align: center;\">&#8212;&#8212;&#8211;<\/p><p><span style=\"color: #333333;\">Vous avez des questions sur les d\u00e9placements, les c\u00e9r\u00e9monies, le pass sanitaire ou encore l\u2019accompagnement \u00e9conomique des entreprises ?<\/span><br \/><span style=\"color: #333333;\">Retrouvez toutes ces r\u00e9ponses sur<\/span> <a href=\"https:\/\/www.gouvernement.fr\/partage\/12279-covid-19-strategie-et-agenda-de-reouverture-mai-2021\" target=\"_blank\" rel=\"noopener\">le site du Gouvernement<\/a>.<\/p><p><span style=\"color: #333333;\"><strong>Pour r\u00e9ussir la strat\u00e9gie de r\u00e9ouverture et permettre ce retour progressif \u00e0 la normale, il convient que chacun reste vigilant dans le respect des gestes barri\u00e8res et des mesures sanitaires.<\/strong><\/span><\/p>\t\t\t\t\t\t\t\t<\/div>\n\t\t\t\t<\/div>\n\t\t\t\t\t<\/div>\n\t\t<\/div>\n\t\t\t\t\t<\/div>\n\t\t<\/section>\n\t\t\t\t<\/div>\n\t\t","protected":false},"excerpt":{"rendered":"<p>I &#8211; Foire aux questions sur les \u00e9tablissements recevant du public Dans le cadre de la 3\u00e8me \u00e9tape de r\u00e9ouverture des \u00e9tablissements recevant du public, vous \u00eates nombreux \u00e0 interroger la pr\u00e9fecture sur les mesures applicables. Dans ce cadre vous trouverez ci-apr\u00e8s une foire aux questions \u00e0 votre attention permettant de r\u00e9capituler les diff\u00e9rentes mesures. [&hellip;]<\/p>\n","protected":false},"author":1,"featured_media":486,"comment_status":"closed","ping_status":"closed","sticky":false,"template":"","format":"standard","meta":{"_crdt_document":"","ocean_post_layout":"","ocean_both_sidebars_style":"","ocean_both_sidebars_content_width":0,"ocean_both_sidebars_sidebars_width":0,"ocean_sidebar":"0","ocean_second_sidebar":"0","ocean_disable_margins":"enable","ocean_add_body_class":"","ocean_shortcode_before_top_bar":"","ocean_shortcode_after_top_bar":"","ocean_shortcode_before_header":"","ocean_shortcode_after_header":"","ocean_has_shortcode":"","ocean_shortcode_after_title":"","ocean_shortcode_before_footer_widgets":"","ocean_shortcode_after_footer_widgets":"","ocean_shortcode_before_footer_bottom":"","ocean_shortcode_after_footer_bottom":"","ocean_display_top_bar":"default","ocean_display_header":"default","ocean_header_style":"","ocean_center_header_left_menu":"0","ocean_custom_header_template":"0","ocean_custom_logo":0,"ocean_custom_retina_logo":0,"ocean_custom_logo_max_width":0,"ocean_custom_logo_tablet_max_width":0,"ocean_custom_logo_mobile_max_width":0,"ocean_custom_logo_max_height":0,"ocean_custom_logo_tablet_max_height":0,"ocean_custom_logo_mobile_max_height":0,"ocean_header_custom_menu":"0","ocean_menu_typo_font_family":"0","ocean_menu_typo_font_subset":"","ocean_menu_typo_font_size":0,"ocean_menu_typo_font_size_tablet":0,"ocean_menu_typo_font_size_mobile":0,"ocean_menu_typo_font_size_unit":"px","ocean_menu_typo_font_weight":"","ocean_menu_typo_font_weight_tablet":"","ocean_menu_typo_font_weight_mobile":"","ocean_menu_typo_transform":"","ocean_menu_typo_transform_tablet":"","ocean_menu_typo_transform_mobile":"","ocean_menu_typo_line_height":0,"ocean_menu_typo_line_height_tablet":0,"ocean_menu_typo_line_height_mobile":0,"ocean_menu_typo_line_height_unit":"","ocean_menu_typo_spacing":0,"ocean_menu_typo_spacing_tablet":0,"ocean_menu_typo_spacing_mobile":0,"ocean_menu_typo_spacing_unit":"","ocean_menu_link_color":"","ocean_menu_link_color_hover":"","ocean_menu_link_color_active":"","ocean_menu_link_background":"","ocean_menu_link_hover_background":"","ocean_menu_link_active_background":"","ocean_menu_social_links_bg":"","ocean_menu_social_hover_links_bg":"","ocean_menu_social_links_color":"","ocean_menu_social_hover_links_color":"","ocean_disable_title":"default","ocean_disable_heading":"default","ocean_post_title":"","ocean_post_subheading":"","ocean_post_title_style":"","ocean_post_title_background_color":"","ocean_post_title_background":0,"ocean_post_title_bg_image_position":"","ocean_post_title_bg_image_attachment":"","ocean_post_title_bg_image_repeat":"","ocean_post_title_bg_image_size":"","ocean_post_title_height":0,"ocean_post_title_bg_overlay":0.5,"ocean_post_title_bg_overlay_color":"","ocean_disable_breadcrumbs":"default","ocean_breadcrumbs_color":"","ocean_breadcrumbs_separator_color":"","ocean_breadcrumbs_links_color":"","ocean_breadcrumbs_links_hover_color":"","ocean_display_footer_widgets":"default","ocean_display_footer_bottom":"default","ocean_custom_footer_template":"0","ocean_post_oembed":"","ocean_post_self_hosted_media":"","ocean_post_video_embed":"","ocean_link_format":"","ocean_link_format_target":"self","ocean_quote_format":"","ocean_quote_format_link":"post","ocean_gallery_link_images":"off","ocean_gallery_id":[],"footnotes":""},"categories":[142],"tags":[99,113,114,115,295,116,77],"class_list":["post-484","post","type-post","status-publish","format-standard","has-post-thumbnail","hentry","category-covid-19","tag-coronavirus","tag-covid-19","tag-nord","tag-point","tag-point-situation","tag-situation","tag-thiant","entry","has-media"],"yoast_head":"<!-- This site is optimized with the Yoast SEO plugin v27.3 - https:\/\/yoast.com\/product\/yoast-seo-wordpress\/ -->\n<title>COVID-19 : Point de situation au 11 juin 2021 - Les associations de la ville de Thiant<\/title>\n<meta name=\"description\" content=\"Foire aux questions sur les \u00e9tablissements recevant du public et sur l&#039;Euro de football notamment pour les fans zones.\" \/>\n<meta name=\"robots\" content=\"index, follow, max-snippet:-1, max-image-preview:large, max-video-preview:-1\" \/>\n<link rel=\"canonical\" href=\"https:\/\/thiant.fr\/wordpress\/associations\/covid-19-point-de-situation-au-11-juin-2021\/\" \/>\n<meta property=\"og:locale\" content=\"fr_FR\" \/>\n<meta property=\"og:type\" content=\"article\" \/>\n<meta property=\"og:title\" content=\"COVID-19 : Point de situation au 11 juin 2021 - Les associations de la ville de Thiant\" \/>\n<meta property=\"og:description\" content=\"Foire aux questions sur les \u00e9tablissements recevant du public et sur l&#039;Euro de football notamment pour les fans zones.\" \/>\n<meta property=\"og:url\" content=\"https:\/\/thiant.fr\/wordpress\/associations\/covid-19-point-de-situation-au-11-juin-2021\/\" \/>\n<meta property=\"og:site_name\" content=\"Les associations de la ville de Thiant\" \/>\n<meta property=\"article:publisher\" content=\"https:\/\/www.facebook.com\/commune.thiant.1\" \/>\n<meta property=\"article:published_time\" content=\"2021-06-14T13:53:19+00:00\" \/>\n<meta property=\"article:modified_time\" content=\"2021-06-14T14:38:33+00:00\" \/>\n<meta property=\"og:image\" content=\"https:\/\/thiant.fr\/wordpress\/associations\/wp-content\/uploads\/sites\/3\/2021\/06\/stade-foot.png\" \/>\n\t<meta property=\"og:image:width\" content=\"730\" \/>\n\t<meta property=\"og:image:height\" content=\"336\" \/>\n\t<meta property=\"og:image:type\" content=\"image\/png\" \/>\n<meta name=\"author\" content=\"Service communication\" \/>\n<meta name=\"twitter:card\" content=\"summary_large_image\" \/>\n<meta name=\"twitter:label1\" content=\"\u00c9crit par\" \/>\n\t<meta name=\"twitter:data1\" content=\"Service communication\" \/>\n\t<meta name=\"twitter:label2\" content=\"Dur\u00e9e de lecture estim\u00e9e\" \/>\n\t<meta name=\"twitter:data2\" content=\"13 minutes\" \/>\n<script type=\"application\/ld+json\" class=\"yoast-schema-graph\">{\"@context\":\"https:\\\/\\\/schema.org\",\"@graph\":[{\"@type\":\"Article\",\"@id\":\"https:\\\/\\\/thiant.fr\\\/wordpress\\\/associations\\\/covid-19-point-de-situation-au-11-juin-2021\\\/#article\",\"isPartOf\":{\"@id\":\"https:\\\/\\\/thiant.fr\\\/wordpress\\\/associations\\\/covid-19-point-de-situation-au-11-juin-2021\\\/\"},\"author\":{\"name\":\"Service communication\",\"@id\":\"https:\\\/\\\/thiant.fr\\\/wordpress\\\/associations\\\/#\\\/schema\\\/person\\\/f41122130d18c0720657431d990451c6\"},\"headline\":\"COVID-19 : Point de situation au 11 juin 2021\",\"datePublished\":\"2021-06-14T13:53:19+00:00\",\"dateModified\":\"2021-06-14T14:38:33+00:00\",\"mainEntityOfPage\":{\"@id\":\"https:\\\/\\\/thiant.fr\\\/wordpress\\\/associations\\\/covid-19-point-de-situation-au-11-juin-2021\\\/\"},\"wordCount\":3136,\"publisher\":{\"@id\":\"https:\\\/\\\/thiant.fr\\\/wordpress\\\/associations\\\/#organization\"},\"image\":{\"@id\":\"https:\\\/\\\/thiant.fr\\\/wordpress\\\/associations\\\/covid-19-point-de-situation-au-11-juin-2021\\\/#primaryimage\"},\"thumbnailUrl\":\"https:\\\/\\\/thiant.fr\\\/wordpress\\\/associations\\\/wp-content\\\/uploads\\\/sites\\\/3\\\/2021\\\/06\\\/stade-foot.png\",\"keywords\":[\"coronavirus\",\"COVID-19\",\"Nord\",\"point\",\"point situation\",\"situation\",\"thiant\"],\"articleSection\":[\"COVID-19\"],\"inLanguage\":\"fr-FR\"},{\"@type\":\"WebPage\",\"@id\":\"https:\\\/\\\/thiant.fr\\\/wordpress\\\/associations\\\/covid-19-point-de-situation-au-11-juin-2021\\\/\",\"url\":\"https:\\\/\\\/thiant.fr\\\/wordpress\\\/associations\\\/covid-19-point-de-situation-au-11-juin-2021\\\/\",\"name\":\"COVID-19 : Point de situation au 11 juin 2021 - Les associations de la ville de Thiant\",\"isPartOf\":{\"@id\":\"https:\\\/\\\/thiant.fr\\\/wordpress\\\/associations\\\/#website\"},\"primaryImageOfPage\":{\"@id\":\"https:\\\/\\\/thiant.fr\\\/wordpress\\\/associations\\\/covid-19-point-de-situation-au-11-juin-2021\\\/#primaryimage\"},\"image\":{\"@id\":\"https:\\\/\\\/thiant.fr\\\/wordpress\\\/associations\\\/covid-19-point-de-situation-au-11-juin-2021\\\/#primaryimage\"},\"thumbnailUrl\":\"https:\\\/\\\/thiant.fr\\\/wordpress\\\/associations\\\/wp-content\\\/uploads\\\/sites\\\/3\\\/2021\\\/06\\\/stade-foot.png\",\"datePublished\":\"2021-06-14T13:53:19+00:00\",\"dateModified\":\"2021-06-14T14:38:33+00:00\",\"description\":\"Foire aux questions sur les \u00e9tablissements recevant du public et sur l'Euro de football notamment pour les fans zones.\",\"breadcrumb\":{\"@id\":\"https:\\\/\\\/thiant.fr\\\/wordpress\\\/associations\\\/covid-19-point-de-situation-au-11-juin-2021\\\/#breadcrumb\"},\"inLanguage\":\"fr-FR\",\"potentialAction\":[{\"@type\":\"ReadAction\",\"target\":[\"https:\\\/\\\/thiant.fr\\\/wordpress\\\/associations\\\/covid-19-point-de-situation-au-11-juin-2021\\\/\"]}]},{\"@type\":\"ImageObject\",\"inLanguage\":\"fr-FR\",\"@id\":\"https:\\\/\\\/thiant.fr\\\/wordpress\\\/associations\\\/covid-19-point-de-situation-au-11-juin-2021\\\/#primaryimage\",\"url\":\"https:\\\/\\\/thiant.fr\\\/wordpress\\\/associations\\\/wp-content\\\/uploads\\\/sites\\\/3\\\/2021\\\/06\\\/stade-foot.png\",\"contentUrl\":\"https:\\\/\\\/thiant.fr\\\/wordpress\\\/associations\\\/wp-content\\\/uploads\\\/sites\\\/3\\\/2021\\\/06\\\/stade-foot.png\",\"width\":730,\"height\":336},{\"@type\":\"BreadcrumbList\",\"@id\":\"https:\\\/\\\/thiant.fr\\\/wordpress\\\/associations\\\/covid-19-point-de-situation-au-11-juin-2021\\\/#breadcrumb\",\"itemListElement\":[{\"@type\":\"ListItem\",\"position\":1,\"name\":\"Accueil\",\"item\":\"https:\\\/\\\/thiant.fr\\\/wordpress\\\/associations\\\/\"},{\"@type\":\"ListItem\",\"position\":2,\"name\":\"COVID-19 : Point de situation au 11 juin 2021\"}]},{\"@type\":\"WebSite\",\"@id\":\"https:\\\/\\\/thiant.fr\\\/wordpress\\\/associations\\\/#website\",\"url\":\"https:\\\/\\\/thiant.fr\\\/wordpress\\\/associations\\\/\",\"name\":\"Les associations de la ville de Thiant\",\"description\":\"Retrouvez toutes les associations de la ville\",\"publisher\":{\"@id\":\"https:\\\/\\\/thiant.fr\\\/wordpress\\\/associations\\\/#organization\"},\"potentialAction\":[{\"@type\":\"SearchAction\",\"target\":{\"@type\":\"EntryPoint\",\"urlTemplate\":\"https:\\\/\\\/thiant.fr\\\/wordpress\\\/associations\\\/?s={search_term_string}\"},\"query-input\":{\"@type\":\"PropertyValueSpecification\",\"valueRequired\":true,\"valueName\":\"search_term_string\"}}],\"inLanguage\":\"fr-FR\"},{\"@type\":\"Organization\",\"@id\":\"https:\\\/\\\/thiant.fr\\\/wordpress\\\/associations\\\/#organization\",\"name\":\"Les associations de la ville de Thiant\",\"url\":\"https:\\\/\\\/thiant.fr\\\/wordpress\\\/associations\\\/\",\"logo\":{\"@type\":\"ImageObject\",\"inLanguage\":\"fr-FR\",\"@id\":\"https:\\\/\\\/thiant.fr\\\/wordpress\\\/associations\\\/#\\\/schema\\\/logo\\\/image\\\/\",\"url\":\"https:\\\/\\\/thiant.fr\\\/wordpress\\\/associations\\\/wp-content\\\/uploads\\\/sites\\\/3\\\/2024\\\/11\\\/cropped-logo-asso-75.png\",\"contentUrl\":\"https:\\\/\\\/thiant.fr\\\/wordpress\\\/associations\\\/wp-content\\\/uploads\\\/sites\\\/3\\\/2024\\\/11\\\/cropped-logo-asso-75.png\",\"width\":75,\"height\":75,\"caption\":\"Les associations de la ville de Thiant\"},\"image\":{\"@id\":\"https:\\\/\\\/thiant.fr\\\/wordpress\\\/associations\\\/#\\\/schema\\\/logo\\\/image\\\/\"},\"sameAs\":[\"https:\\\/\\\/www.facebook.com\\\/commune.thiant.1\"]},{\"@type\":\"Person\",\"@id\":\"https:\\\/\\\/thiant.fr\\\/wordpress\\\/associations\\\/#\\\/schema\\\/person\\\/f41122130d18c0720657431d990451c6\",\"name\":\"Service communication\",\"image\":{\"@type\":\"ImageObject\",\"inLanguage\":\"fr-FR\",\"@id\":\"https:\\\/\\\/thiant.fr\\\/wordpress\\\/associations\\\/wp-content\\\/litespeed\\\/avatar\\\/3\\\/eeb9098e5269f97d4e67fcd6f533ccb1.jpg?ver=1777467657\",\"url\":\"https:\\\/\\\/thiant.fr\\\/wordpress\\\/associations\\\/wp-content\\\/litespeed\\\/avatar\\\/3\\\/eeb9098e5269f97d4e67fcd6f533ccb1.jpg?ver=1777467657\",\"contentUrl\":\"https:\\\/\\\/thiant.fr\\\/wordpress\\\/associations\\\/wp-content\\\/litespeed\\\/avatar\\\/3\\\/eeb9098e5269f97d4e67fcd6f533ccb1.jpg?ver=1777467657\",\"caption\":\"Service communication\"},\"url\":\"https:\\\/\\\/thiant.fr\\\/wordpress\\\/associations\\\/author\\\/adminwpress\\\/\"}]}<\/script>\n<!-- \/ Yoast SEO plugin. -->","yoast_head_json":{"title":"COVID-19 : Point de situation au 11 juin 2021 - Les associations de la ville de Thiant","description":"Foire aux questions sur les \u00e9tablissements recevant du public et sur l'Euro de football notamment pour les fans zones.","robots":{"index":"index","follow":"follow","max-snippet":"max-snippet:-1","max-image-preview":"max-image-preview:large","max-video-preview":"max-video-preview:-1"},"canonical":"https:\/\/thiant.fr\/wordpress\/associations\/covid-19-point-de-situation-au-11-juin-2021\/","og_locale":"fr_FR","og_type":"article","og_title":"COVID-19 : Point de situation au 11 juin 2021 - Les associations de la ville de Thiant","og_description":"Foire aux questions sur les \u00e9tablissements recevant du public et sur l'Euro de football notamment pour les fans zones.","og_url":"https:\/\/thiant.fr\/wordpress\/associations\/covid-19-point-de-situation-au-11-juin-2021\/","og_site_name":"Les associations de la ville de Thiant","article_publisher":"https:\/\/www.facebook.com\/commune.thiant.1","article_published_time":"2021-06-14T13:53:19+00:00","article_modified_time":"2021-06-14T14:38:33+00:00","og_image":[{"width":730,"height":336,"url":"https:\/\/thiant.fr\/wordpress\/associations\/wp-content\/uploads\/sites\/3\/2021\/06\/stade-foot.png","type":"image\/png"}],"author":"Service communication","twitter_card":"summary_large_image","twitter_misc":{"\u00c9crit par":"Service communication","Dur\u00e9e de lecture estim\u00e9e":"13 minutes"},"schema":{"@context":"https:\/\/schema.org","@graph":[{"@type":"Article","@id":"https:\/\/thiant.fr\/wordpress\/associations\/covid-19-point-de-situation-au-11-juin-2021\/#article","isPartOf":{"@id":"https:\/\/thiant.fr\/wordpress\/associations\/covid-19-point-de-situation-au-11-juin-2021\/"},"author":{"name":"Service communication","@id":"https:\/\/thiant.fr\/wordpress\/associations\/#\/schema\/person\/f41122130d18c0720657431d990451c6"},"headline":"COVID-19 : Point de situation au 11 juin 2021","datePublished":"2021-06-14T13:53:19+00:00","dateModified":"2021-06-14T14:38:33+00:00","mainEntityOfPage":{"@id":"https:\/\/thiant.fr\/wordpress\/associations\/covid-19-point-de-situation-au-11-juin-2021\/"},"wordCount":3136,"publisher":{"@id":"https:\/\/thiant.fr\/wordpress\/associations\/#organization"},"image":{"@id":"https:\/\/thiant.fr\/wordpress\/associations\/covid-19-point-de-situation-au-11-juin-2021\/#primaryimage"},"thumbnailUrl":"https:\/\/thiant.fr\/wordpress\/associations\/wp-content\/uploads\/sites\/3\/2021\/06\/stade-foot.png","keywords":["coronavirus","COVID-19","Nord","point","point situation","situation","thiant"],"articleSection":["COVID-19"],"inLanguage":"fr-FR"},{"@type":"WebPage","@id":"https:\/\/thiant.fr\/wordpress\/associations\/covid-19-point-de-situation-au-11-juin-2021\/","url":"https:\/\/thiant.fr\/wordpress\/associations\/covid-19-point-de-situation-au-11-juin-2021\/","name":"COVID-19 : Point de situation au 11 juin 2021 - Les associations de la ville de Thiant","isPartOf":{"@id":"https:\/\/thiant.fr\/wordpress\/associations\/#website"},"primaryImageOfPage":{"@id":"https:\/\/thiant.fr\/wordpress\/associations\/covid-19-point-de-situation-au-11-juin-2021\/#primaryimage"},"image":{"@id":"https:\/\/thiant.fr\/wordpress\/associations\/covid-19-point-de-situation-au-11-juin-2021\/#primaryimage"},"thumbnailUrl":"https:\/\/thiant.fr\/wordpress\/associations\/wp-content\/uploads\/sites\/3\/2021\/06\/stade-foot.png","datePublished":"2021-06-14T13:53:19+00:00","dateModified":"2021-06-14T14:38:33+00:00","description":"Foire aux questions sur les \u00e9tablissements recevant du public et sur l'Euro de football notamment pour les fans zones.","breadcrumb":{"@id":"https:\/\/thiant.fr\/wordpress\/associations\/covid-19-point-de-situation-au-11-juin-2021\/#breadcrumb"},"inLanguage":"fr-FR","potentialAction":[{"@type":"ReadAction","target":["https:\/\/thiant.fr\/wordpress\/associations\/covid-19-point-de-situation-au-11-juin-2021\/"]}]},{"@type":"ImageObject","inLanguage":"fr-FR","@id":"https:\/\/thiant.fr\/wordpress\/associations\/covid-19-point-de-situation-au-11-juin-2021\/#primaryimage","url":"https:\/\/thiant.fr\/wordpress\/associations\/wp-content\/uploads\/sites\/3\/2021\/06\/stade-foot.png","contentUrl":"https:\/\/thiant.fr\/wordpress\/associations\/wp-content\/uploads\/sites\/3\/2021\/06\/stade-foot.png","width":730,"height":336},{"@type":"BreadcrumbList","@id":"https:\/\/thiant.fr\/wordpress\/associations\/covid-19-point-de-situation-au-11-juin-2021\/#breadcrumb","itemListElement":[{"@type":"ListItem","position":1,"name":"Accueil","item":"https:\/\/thiant.fr\/wordpress\/associations\/"},{"@type":"ListItem","position":2,"name":"COVID-19 : Point de situation au 11 juin 2021"}]},{"@type":"WebSite","@id":"https:\/\/thiant.fr\/wordpress\/associations\/#website","url":"https:\/\/thiant.fr\/wordpress\/associations\/","name":"Les associations de la ville de Thiant","description":"Retrouvez toutes les associations de la ville","publisher":{"@id":"https:\/\/thiant.fr\/wordpress\/associations\/#organization"},"potentialAction":[{"@type":"SearchAction","target":{"@type":"EntryPoint","urlTemplate":"https:\/\/thiant.fr\/wordpress\/associations\/?s={search_term_string}"},"query-input":{"@type":"PropertyValueSpecification","valueRequired":true,"valueName":"search_term_string"}}],"inLanguage":"fr-FR"},{"@type":"Organization","@id":"https:\/\/thiant.fr\/wordpress\/associations\/#organization","name":"Les associations de la ville de Thiant","url":"https:\/\/thiant.fr\/wordpress\/associations\/","logo":{"@type":"ImageObject","inLanguage":"fr-FR","@id":"https:\/\/thiant.fr\/wordpress\/associations\/#\/schema\/logo\/image\/","url":"https:\/\/thiant.fr\/wordpress\/associations\/wp-content\/uploads\/sites\/3\/2024\/11\/cropped-logo-asso-75.png","contentUrl":"https:\/\/thiant.fr\/wordpress\/associations\/wp-content\/uploads\/sites\/3\/2024\/11\/cropped-logo-asso-75.png","width":75,"height":75,"caption":"Les associations de la ville de Thiant"},"image":{"@id":"https:\/\/thiant.fr\/wordpress\/associations\/#\/schema\/logo\/image\/"},"sameAs":["https:\/\/www.facebook.com\/commune.thiant.1"]},{"@type":"Person","@id":"https:\/\/thiant.fr\/wordpress\/associations\/#\/schema\/person\/f41122130d18c0720657431d990451c6","name":"Service communication","image":{"@type":"ImageObject","inLanguage":"fr-FR","@id":"https:\/\/thiant.fr\/wordpress\/associations\/wp-content\/litespeed\/avatar\/3\/eeb9098e5269f97d4e67fcd6f533ccb1.jpg?ver=1777467657","url":"https:\/\/thiant.fr\/wordpress\/associations\/wp-content\/litespeed\/avatar\/3\/eeb9098e5269f97d4e67fcd6f533ccb1.jpg?ver=1777467657","contentUrl":"https:\/\/thiant.fr\/wordpress\/associations\/wp-content\/litespeed\/avatar\/3\/eeb9098e5269f97d4e67fcd6f533ccb1.jpg?ver=1777467657","caption":"Service communication"},"url":"https:\/\/thiant.fr\/wordpress\/associations\/author\/adminwpress\/"}]}},"_links":{"self":[{"href":"https:\/\/thiant.fr\/wordpress\/associations\/wp-json\/wp\/v2\/posts\/484","targetHints":{"allow":["GET"]}}],"collection":[{"href":"https:\/\/thiant.fr\/wordpress\/associations\/wp-json\/wp\/v2\/posts"}],"about":[{"href":"https:\/\/thiant.fr\/wordpress\/associations\/wp-json\/wp\/v2\/types\/post"}],"author":[{"embeddable":true,"href":"https:\/\/thiant.fr\/wordpress\/associations\/wp-json\/wp\/v2\/users\/1"}],"replies":[{"embeddable":true,"href":"https:\/\/thiant.fr\/wordpress\/associations\/wp-json\/wp\/v2\/comments?post=484"}],"version-history":[{"count":2,"href":"https:\/\/thiant.fr\/wordpress\/associations\/wp-json\/wp\/v2\/posts\/484\/revisions"}],"predecessor-version":[{"id":487,"href":"https:\/\/thiant.fr\/wordpress\/associations\/wp-json\/wp\/v2\/posts\/484\/revisions\/487"}],"wp:featuredmedia":[{"embeddable":true,"href":"https:\/\/thiant.fr\/wordpress\/associations\/wp-json\/wp\/v2\/media\/486"}],"wp:attachment":[{"href":"https:\/\/thiant.fr\/wordpress\/associations\/wp-json\/wp\/v2\/media?parent=484"}],"wp:term":[{"taxonomy":"category","embeddable":true,"href":"https:\/\/thiant.fr\/wordpress\/associations\/wp-json\/wp\/v2\/categories?post=484"},{"taxonomy":"post_tag","embeddable":true,"href":"https:\/\/thiant.fr\/wordpress\/associations\/wp-json\/wp\/v2\/tags?post=484"}],"curies":[{"name":"wp","href":"https:\/\/api.w.org\/{rel}","templated":true}]}}