{"id":494,"date":"2021-06-17T15:10:35","date_gmt":"2021-06-17T13:10:35","guid":{"rendered":"https:\/\/thiant.fr\/wordpress\/associations\/?p=494"},"modified":"2021-06-18T10:19:50","modified_gmt":"2021-06-18T08:19:50","slug":"covid-19-point-de-situation-au-17-juin-2021","status":"publish","type":"post","link":"https:\/\/thiant.fr\/wordpress\/associations\/covid-19-point-de-situation-au-17-juin-2021\/","title":{"rendered":"COVID-19 : Point de situation au 17 juin 2021"},"content":{"rendered":"\t\t<div data-elementor-type=\"wp-post\" data-elementor-id=\"494\" class=\"elementor elementor-494\">\n\t\t\t\t\t\t<section class=\"elementor-section elementor-top-section elementor-element elementor-element-222efcc elementor-section-boxed elementor-section-height-default elementor-section-height-default\" data-id=\"222efcc\" data-element_type=\"section\" data-e-type=\"section\">\n\t\t\t\t\t\t<div class=\"elementor-container elementor-column-gap-default\">\n\t\t\t\t\t<div class=\"elementor-column elementor-col-100 elementor-top-column elementor-element elementor-element-635db1f\" data-id=\"635db1f\" data-element_type=\"column\" data-e-type=\"column\">\n\t\t\t<div class=\"elementor-widget-wrap elementor-element-populated\">\n\t\t\t\t\t\t<div class=\"elementor-element elementor-element-a422568 elementor-widget elementor-widget-text-editor\" data-id=\"a422568\" data-element_type=\"widget\" data-e-type=\"widget\" data-widget_type=\"text-editor.default\">\n\t\t\t\t<div class=\"elementor-widget-container\">\n\t\t\t\t\t\t\t\t\t<h1 style=\"text-align: center;\"><span style=\"color: #0000ff;\">Centre de vaccination de Denain<\/span><\/h1><h5 style=\"text-align: center;\"><span style=\"color: #008000;\">Vaccination ouverte aux 12-18 ans avec ou sans ant\u00e9c\u00e9dents m\u00e9dicaux (accord parental \u00e0 remplir sur place et pr\u00e9sentation carte d&#8217;identit\u00e9 du parent accompagnant)<\/span><\/h5><h5 style=\"text-align: center;\"><span style=\"color: #ff0000;\">\u00c9largissement des horaires : lundi au vendredi 9h &#8211; 19h \/ weekend 9h &#8211; 17h<\/span><\/h5><h5 style=\"text-align: center;\"><span style=\"color: #333399;\">Vaccination des personnes dans l&#8217;incapacit\u00e9 de se d\u00e9placer et toutes personnes ne pouvant \u00eatre vaccin\u00e9s en centre ou au cabinet. Vaccination \u00e0 domicile ou en structure de soins (vaccin Pfizer) assur\u00e9e par les infirmiers et infirmi\u00e8res de l&#8217;association GILD (Groupement des Infirmi\u00e8res (ers) Lib\u00e9raux du grand Denaisis).<\/span><\/h5><p>\u00a0<\/p>\t\t\t\t\t\t\t\t<\/div>\n\t\t\t\t<\/div>\n\t\t\t\t\t<\/div>\n\t\t<\/div>\n\t\t\t\t\t<\/div>\n\t\t<\/section>\n\t\t\t\t<section class=\"elementor-section elementor-top-section elementor-element elementor-element-1b3fc68 elementor-section-boxed elementor-section-height-default elementor-section-height-default\" data-id=\"1b3fc68\" data-element_type=\"section\" data-e-type=\"section\">\n\t\t\t\t\t\t<div class=\"elementor-container elementor-column-gap-default\">\n\t\t\t\t\t<div class=\"elementor-column elementor-col-33 elementor-top-column elementor-element elementor-element-1b9a90b\" data-id=\"1b9a90b\" data-element_type=\"column\" data-e-type=\"column\">\n\t\t\t<div class=\"elementor-widget-wrap elementor-element-populated\">\n\t\t\t\t\t\t<div class=\"elementor-element elementor-element-4f1ba88 elementor-widget elementor-widget-image\" data-id=\"4f1ba88\" data-element_type=\"widget\" data-e-type=\"widget\" data-widget_type=\"image.default\">\n\t\t\t\t<div class=\"elementor-widget-container\">\n\t\t\t\t\t\t\t\t\t\t\t\t\t\t\t<img decoding=\"async\" src=\"https:\/\/thiant.fr\/wordpress\/wp-content\/uploads\/2021\/03\/Logo-Prefet-Nord.png\" title=\"\" alt=\"\" loading=\"lazy\" \/>\t\t\t\t\t\t\t\t\t\t\t\t\t\t\t<\/div>\n\t\t\t\t<\/div>\n\t\t\t\t\t<\/div>\n\t\t<\/div>\n\t\t\t\t<div class=\"elementor-column elementor-col-66 elementor-top-column elementor-element elementor-element-35bd1fe\" data-id=\"35bd1fe\" data-element_type=\"column\" data-e-type=\"column\">\n\t\t\t<div class=\"elementor-widget-wrap elementor-element-populated\">\n\t\t\t\t\t\t<div class=\"elementor-element elementor-element-0e969af elementor-widget elementor-widget-text-editor\" data-id=\"0e969af\" data-element_type=\"widget\" data-e-type=\"widget\" data-widget_type=\"text-editor.default\">\n\t\t\t\t<div class=\"elementor-widget-container\">\n\t\t\t\t\t\t\t\t\t<p style=\"padding-left: 40px;\"><span style=\"color: #333333;\">Le d\u00e9partement du Nord est pass\u00e9 sous le seuil d\u2019alerte, cette \u00e9volution est encourageante, toutefois, le respect des mesures sanitaires et des gestes barri\u00e8res restent en vigueur.<\/span><\/p><p style=\"padding-left: 40px;\"><span style=\"color: #333333;\">Si la situation sanitaire s\u2019am\u00e9liore, il importe d\u2019amplifier encore la dynamique vaccinale <\/span><span style=\"color: #333333;\">dans le d\u00e9partement et de ne pas rel\u00e2cher la vigilance collective afin d\u2019\u00e9viter une reprise <\/span><span style=\"color: #333333;\">de la circulation active du virus.<\/span><\/p><p style=\"padding-left: 40px;\"><span style=\"color: #333333;\">L\u2019immunit\u00e9 collective n\u2019est pas atteinte et 20 % des Fran\u00e7ais doivent encore se faire<\/span><br \/><span style=\"color: #333333;\">vacciner pour atteindre cet objectif.<\/span><\/p><h3><span style=\"color: #0000ff;\">1 \u2013 Vaccination : facilitez la vaccination de vos agents !<\/span><\/h3><p style=\"padding-left: 40px;\"><span style=\"color: #333333;\">Les centres de vaccination contre la Covid-19 font le constat que les cr\u00e9neaux de <\/span><span style=\"color: #333333;\">vaccination les plus pris\u00e9s sont le matin t\u00f4t et la fin d\u2019apr\u00e8s-midi, le soir ou encore les weekends. <\/span><span style=\"color: #333333;\">Ces plages horaires correspondent le plus souvent \u00e0 la vaccination des actifs.<\/span><\/p><p style=\"padding-left: 40px;\"><span style=\"color: #333333;\">Afin d\u2019amplifier cette vaccination, l\u2019Agence r\u00e9gionale de sant\u00e9 Hauts-de-France a demand\u00e9 <\/span><span style=\"color: #333333;\">aux centres de vaccination de renforcer les capacit\u00e9s de vaccination sur ces cr\u00e9neaux.<\/span><\/p><p style=\"padding-left: 40px;\"><span style=\"color: #333333;\">Si certains actifs profitent de ces possibilit\u00e9s, d\u2019autres ne prennent pas le temps de se faire <\/span><span style=\"color: #333333;\">vacciner. Aussi, comme nous allons le faire pour les agents de l\u2019\u00c9tat, je vous invite \u00e0 <\/span><span style=\"color: #333333;\">faciliter la vaccination de vos agents, le cas \u00e9ch\u00e9ant par un am\u00e9nagement de leur temps <\/span><span style=\"color: #333333;\">de travail, dans l\u2019un des nombreux centres de vaccination du d\u00e9partement, aupr\u00e8s de leur <\/span><span style=\"color: #333333;\">m\u00e9decin de ville, d\u2019un infirmier lib\u00e9ral ou de leur pharmacien.<\/span><\/p><p style=\"padding-left: 40px;\"><span style=\"color: #333333;\">Nous avons toutes et tous un r\u00f4le \u00e0 jouer pour assurer le succ\u00e8s de la campagne de <\/span><span style=\"color: #333333;\">vaccination au cours des semaines \u00e0 venir.<\/span><\/p><h3><span style=\"color: #0000ff;\">2 \u2013 Vaccination : c\u2019est d\u00e8s 12 ans depuis le 15 juin !<\/span><\/h3><p style=\"padding-left: 40px;\"><span style=\"color: #333333;\">Depuis le 15 juin, la vaccination est ouverte aux personnes de 12 \u00e0 17 ans inclus, sans<\/span> <span style=\"color: #333333;\">conditions. Pour accompagner cette ouverture de la vaccination aux adolescents, l\u2019ARS <\/span><span style=\"color: #333333;\">Hauts-de-France a \u00e9dit\u00e9 une plaquette avec toutes les informations utiles \u00e0 conna\u00eetre avant <\/span><span style=\"color: #333333;\">de se faire vacciner.<\/span><\/p><p style=\"padding-left: 40px;\"><span style=\"color: #333333;\">Consultez la plaquette : https:\/\/www.hauts-de-france.ars.sante.fr\/12-18-ans-cet-ete-je-mefais-<\/span><span style=\"color: #333333;\">vacciner<\/span><\/p><h3><span style=\"color: #0000ff;\">3 \u2013 Vaccination : les rendez-vous de rappels peuvent \u00eatre d\u00e9cal\u00e9s<\/span><\/h3><p style=\"padding-left: 40px;\"><span style=\"color: #333333;\">Afin d\u2019encourager les Fran\u00e7ais \u00e0 se faire vacciner pendant la p\u00e9riode estivale, les rendez-vous <\/span><span style=\"color: #333333;\">pour les rappels peuvent d\u00e9sormais \u00eatre programm\u00e9s entre 21 et 49 jours apr\u00e8s la <\/span><span style=\"color: #333333;\">premi\u00e8re injection. Les cong\u00e9s d\u2019\u00e9t\u00e9 ne sont pas un obstacle \u00e0 la vaccination !<\/span><\/p><h3><span style=\"color: #0000ff;\">4 \u2013 Arr\u00eat\u00e9 pr\u00e9fectoral concernant la F\u00eate de la Musique<br \/><\/span><\/h3><p style=\"padding-left: 40px;\"><span style=\"color: #333333;\"><a href=\"https:\/\/thiant.fr\/wordpress\/documents_ext\/COVID-19\/210616-2-Interdiction_concert_fete_de_la_musique-59.pdf\" target=\"_blank\" rel=\"noopener\">210616-2 : arr\u00eat\u00e9 portant sur l&#8217;interdiction d&#8217;organiser des concerts ou animations musicales spontan\u00e9s sur la voie publique et dans les d\u00e9bits de boissons \u00e0 consommer sur place (ERP Type N) dans le d\u00e9partement du Nord, du vendredi 18 juin 2021 au mardi 22 juin 2021 en vue de ralentir la propagation de l&#8217;\u00e9pid\u00e9mie du Covid-19<\/a>\u00a0<\/span><\/p><p><a href=\"https:\/\/sante.fr\" target=\"_blank\" rel=\"noopener\"><img fetchpriority=\"high\" decoding=\"async\" class=\"aligncenter wp-image-2962 size-full\" src=\"https:\/\/thiant.fr\/wordpress\/wp-content\/uploads\/2021\/06\/Brochure-vaccination-ouverte-a-partir-de-12-ans.png\" alt=\"\" width=\"740\" height=\"1024\" \/><\/a><\/p>\t\t\t\t\t\t\t\t<\/div>\n\t\t\t\t<\/div>\n\t\t\t\t\t<\/div>\n\t\t<\/div>\n\t\t\t\t\t<\/div>\n\t\t<\/section>\n\t\t\t\t<\/div>\n\t\t","protected":false},"excerpt":{"rendered":"<p>Centre de vaccination de Denain Vaccination ouverte aux 12-18 ans avec ou sans ant\u00e9c\u00e9dents m\u00e9dicaux (accord parental \u00e0 remplir sur place et pr\u00e9sentation carte d&#8217;identit\u00e9 du parent accompagnant) \u00c9largissement des horaires : lundi au vendredi 9h &#8211; 19h \/ weekend 9h &#8211; 17h Vaccination des personnes dans l&#8217;incapacit\u00e9 de se d\u00e9placer et toutes personnes ne [&hellip;]<\/p>\n","protected":false},"author":1,"featured_media":495,"comment_status":"closed","ping_status":"closed","sticky":false,"template":"","format":"standard","meta":{"_crdt_document":"","ocean_post_layout":"","ocean_both_sidebars_style":"","ocean_both_sidebars_content_width":0,"ocean_both_sidebars_sidebars_width":0,"ocean_sidebar":"0","ocean_second_sidebar":"0","ocean_disable_margins":"enable","ocean_add_body_class":"","ocean_shortcode_before_top_bar":"","ocean_shortcode_after_top_bar":"","ocean_shortcode_before_header":"","ocean_shortcode_after_header":"","ocean_has_shortcode":"","ocean_shortcode_after_title":"","ocean_shortcode_before_footer_widgets":"","ocean_shortcode_after_footer_widgets":"","ocean_shortcode_before_footer_bottom":"","ocean_shortcode_after_footer_bottom":"","ocean_display_top_bar":"default","ocean_display_header":"default","ocean_header_style":"","ocean_center_header_left_menu":"0","ocean_custom_header_template":"0","ocean_custom_logo":0,"ocean_custom_retina_logo":0,"ocean_custom_logo_max_width":0,"ocean_custom_logo_tablet_max_width":0,"ocean_custom_logo_mobile_max_width":0,"ocean_custom_logo_max_height":0,"ocean_custom_logo_tablet_max_height":0,"ocean_custom_logo_mobile_max_height":0,"ocean_header_custom_menu":"0","ocean_menu_typo_font_family":"0","ocean_menu_typo_font_subset":"","ocean_menu_typo_font_size":0,"ocean_menu_typo_font_size_tablet":0,"ocean_menu_typo_font_size_mobile":0,"ocean_menu_typo_font_size_unit":"px","ocean_menu_typo_font_weight":"","ocean_menu_typo_font_weight_tablet":"","ocean_menu_typo_font_weight_mobile":"","ocean_menu_typo_transform":"","ocean_menu_typo_transform_tablet":"","ocean_menu_typo_transform_mobile":"","ocean_menu_typo_line_height":0,"ocean_menu_typo_line_height_tablet":0,"ocean_menu_typo_line_height_mobile":0,"ocean_menu_typo_line_height_unit":"","ocean_menu_typo_spacing":0,"ocean_menu_typo_spacing_tablet":0,"ocean_menu_typo_spacing_mobile":0,"ocean_menu_typo_spacing_unit":"","ocean_menu_link_color":"","ocean_menu_link_color_hover":"","ocean_menu_link_color_active":"","ocean_menu_link_background":"","ocean_menu_link_hover_background":"","ocean_menu_link_active_background":"","ocean_menu_social_links_bg":"","ocean_menu_social_hover_links_bg":"","ocean_menu_social_links_color":"","ocean_menu_social_hover_links_color":"","ocean_disable_title":"default","ocean_disable_heading":"default","ocean_post_title":"","ocean_post_subheading":"","ocean_post_title_style":"","ocean_post_title_background_color":"","ocean_post_title_background":0,"ocean_post_title_bg_image_position":"","ocean_post_title_bg_image_attachment":"","ocean_post_title_bg_image_repeat":"","ocean_post_title_bg_image_size":"","ocean_post_title_height":0,"ocean_post_title_bg_overlay":0.5,"ocean_post_title_bg_overlay_color":"","ocean_disable_breadcrumbs":"default","ocean_breadcrumbs_color":"","ocean_breadcrumbs_separator_color":"","ocean_breadcrumbs_links_color":"","ocean_breadcrumbs_links_hover_color":"","ocean_display_footer_widgets":"default","ocean_display_footer_bottom":"default","ocean_custom_footer_template":"0","ocean_post_oembed":"","ocean_post_self_hosted_media":"","ocean_post_video_embed":"","ocean_link_format":"","ocean_link_format_target":"self","ocean_quote_format":"","ocean_quote_format_link":"post","ocean_gallery_link_images":"off","ocean_gallery_id":[],"footnotes":""},"categories":[142],"tags":[99,113,114,115,295,116,77,267],"class_list":["post-494","post","type-post","status-publish","format-standard","has-post-thumbnail","hentry","category-covid-19","tag-coronavirus","tag-covid-19","tag-nord","tag-point","tag-point-situation","tag-situation","tag-thiant","tag-vaccin","entry","has-media"],"yoast_head":"<!-- This site is optimized with the Yoast SEO plugin v27.3 - https:\/\/yoast.com\/product\/yoast-seo-wordpress\/ -->\n<title>COVID-19 : Point de situation au 17 juin 2021 - Les associations de la ville de Thiant<\/title>\n<meta name=\"description\" content=\"Vaccination des agents des services publics, des 12-17 ans et les rendez-vous de rappel qui peuvent \u00eatre d\u00e9cal\u00e9s. Arr\u00eat\u00e9 pr\u00e9fectoral f\u00eate de la musique.\" \/>\n<meta name=\"robots\" content=\"index, follow, max-snippet:-1, max-image-preview:large, max-video-preview:-1\" \/>\n<link rel=\"canonical\" href=\"https:\/\/thiant.fr\/wordpress\/associations\/covid-19-point-de-situation-au-17-juin-2021\/\" \/>\n<meta property=\"og:locale\" content=\"fr_FR\" \/>\n<meta property=\"og:type\" content=\"article\" \/>\n<meta property=\"og:title\" content=\"COVID-19 : Point de situation au 17 juin 2021 - Les associations de la ville de Thiant\" \/>\n<meta property=\"og:description\" content=\"Vaccination des agents des services publics, des 12-17 ans et les rendez-vous de rappel qui peuvent \u00eatre d\u00e9cal\u00e9s. Arr\u00eat\u00e9 pr\u00e9fectoral f\u00eate de la musique.\" \/>\n<meta property=\"og:url\" content=\"https:\/\/thiant.fr\/wordpress\/associations\/covid-19-point-de-situation-au-17-juin-2021\/\" \/>\n<meta property=\"og:site_name\" content=\"Les associations de la ville de Thiant\" \/>\n<meta property=\"article:publisher\" content=\"https:\/\/www.facebook.com\/commune.thiant.1\" \/>\n<meta property=\"article:published_time\" content=\"2021-06-17T13:10:35+00:00\" \/>\n<meta property=\"article:modified_time\" content=\"2021-06-18T08:19:50+00:00\" \/>\n<meta property=\"og:image\" content=\"https:\/\/thiant.fr\/wordpress\/associations\/wp-content\/uploads\/sites\/3\/2021\/06\/vaccination-imea.png\" \/>\n\t<meta property=\"og:image:width\" content=\"700\" \/>\n\t<meta property=\"og:image:height\" content=\"467\" \/>\n\t<meta property=\"og:image:type\" content=\"image\/png\" \/>\n<meta name=\"author\" content=\"Service communication\" \/>\n<meta name=\"twitter:card\" content=\"summary_large_image\" \/>\n<meta name=\"twitter:label1\" content=\"\u00c9crit par\" \/>\n\t<meta name=\"twitter:data1\" content=\"Service communication\" \/>\n\t<meta name=\"twitter:label2\" content=\"Dur\u00e9e de lecture estim\u00e9e\" \/>\n\t<meta name=\"twitter:data2\" content=\"3 minutes\" \/>\n<script type=\"application\/ld+json\" class=\"yoast-schema-graph\">{\"@context\":\"https:\\\/\\\/schema.org\",\"@graph\":[{\"@type\":\"Article\",\"@id\":\"https:\\\/\\\/thiant.fr\\\/wordpress\\\/associations\\\/covid-19-point-de-situation-au-17-juin-2021\\\/#article\",\"isPartOf\":{\"@id\":\"https:\\\/\\\/thiant.fr\\\/wordpress\\\/associations\\\/covid-19-point-de-situation-au-17-juin-2021\\\/\"},\"author\":{\"name\":\"Service communication\",\"@id\":\"https:\\\/\\\/thiant.fr\\\/wordpress\\\/associations\\\/#\\\/schema\\\/person\\\/f41122130d18c0720657431d990451c6\"},\"headline\":\"COVID-19 : Point de situation au 17 juin 2021\",\"datePublished\":\"2021-06-17T13:10:35+00:00\",\"dateModified\":\"2021-06-18T08:19:50+00:00\",\"mainEntityOfPage\":{\"@id\":\"https:\\\/\\\/thiant.fr\\\/wordpress\\\/associations\\\/covid-19-point-de-situation-au-17-juin-2021\\\/\"},\"wordCount\":570,\"publisher\":{\"@id\":\"https:\\\/\\\/thiant.fr\\\/wordpress\\\/associations\\\/#organization\"},\"image\":{\"@id\":\"https:\\\/\\\/thiant.fr\\\/wordpress\\\/associations\\\/covid-19-point-de-situation-au-17-juin-2021\\\/#primaryimage\"},\"thumbnailUrl\":\"https:\\\/\\\/thiant.fr\\\/wordpress\\\/associations\\\/wp-content\\\/uploads\\\/sites\\\/3\\\/2021\\\/06\\\/vaccination-imea.png\",\"keywords\":[\"coronavirus\",\"COVID-19\",\"Nord\",\"point\",\"point situation\",\"situation\",\"thiant\",\"vaccin\"],\"articleSection\":[\"COVID-19\"],\"inLanguage\":\"fr-FR\"},{\"@type\":\"WebPage\",\"@id\":\"https:\\\/\\\/thiant.fr\\\/wordpress\\\/associations\\\/covid-19-point-de-situation-au-17-juin-2021\\\/\",\"url\":\"https:\\\/\\\/thiant.fr\\\/wordpress\\\/associations\\\/covid-19-point-de-situation-au-17-juin-2021\\\/\",\"name\":\"COVID-19 : Point de situation au 17 juin 2021 - Les associations de la ville de Thiant\",\"isPartOf\":{\"@id\":\"https:\\\/\\\/thiant.fr\\\/wordpress\\\/associations\\\/#website\"},\"primaryImageOfPage\":{\"@id\":\"https:\\\/\\\/thiant.fr\\\/wordpress\\\/associations\\\/covid-19-point-de-situation-au-17-juin-2021\\\/#primaryimage\"},\"image\":{\"@id\":\"https:\\\/\\\/thiant.fr\\\/wordpress\\\/associations\\\/covid-19-point-de-situation-au-17-juin-2021\\\/#primaryimage\"},\"thumbnailUrl\":\"https:\\\/\\\/thiant.fr\\\/wordpress\\\/associations\\\/wp-content\\\/uploads\\\/sites\\\/3\\\/2021\\\/06\\\/vaccination-imea.png\",\"datePublished\":\"2021-06-17T13:10:35+00:00\",\"dateModified\":\"2021-06-18T08:19:50+00:00\",\"description\":\"Vaccination des agents des services publics, des 12-17 ans et les rendez-vous de rappel qui peuvent \u00eatre d\u00e9cal\u00e9s. Arr\u00eat\u00e9 pr\u00e9fectoral f\u00eate de la musique.\",\"breadcrumb\":{\"@id\":\"https:\\\/\\\/thiant.fr\\\/wordpress\\\/associations\\\/covid-19-point-de-situation-au-17-juin-2021\\\/#breadcrumb\"},\"inLanguage\":\"fr-FR\",\"potentialAction\":[{\"@type\":\"ReadAction\",\"target\":[\"https:\\\/\\\/thiant.fr\\\/wordpress\\\/associations\\\/covid-19-point-de-situation-au-17-juin-2021\\\/\"]}]},{\"@type\":\"ImageObject\",\"inLanguage\":\"fr-FR\",\"@id\":\"https:\\\/\\\/thiant.fr\\\/wordpress\\\/associations\\\/covid-19-point-de-situation-au-17-juin-2021\\\/#primaryimage\",\"url\":\"https:\\\/\\\/thiant.fr\\\/wordpress\\\/associations\\\/wp-content\\\/uploads\\\/sites\\\/3\\\/2021\\\/06\\\/vaccination-imea.png\",\"contentUrl\":\"https:\\\/\\\/thiant.fr\\\/wordpress\\\/associations\\\/wp-content\\\/uploads\\\/sites\\\/3\\\/2021\\\/06\\\/vaccination-imea.png\",\"width\":700,\"height\":467},{\"@type\":\"BreadcrumbList\",\"@id\":\"https:\\\/\\\/thiant.fr\\\/wordpress\\\/associations\\\/covid-19-point-de-situation-au-17-juin-2021\\\/#breadcrumb\",\"itemListElement\":[{\"@type\":\"ListItem\",\"position\":1,\"name\":\"Accueil\",\"item\":\"https:\\\/\\\/thiant.fr\\\/wordpress\\\/associations\\\/\"},{\"@type\":\"ListItem\",\"position\":2,\"name\":\"COVID-19 : Point de situation au 17 juin 2021\"}]},{\"@type\":\"WebSite\",\"@id\":\"https:\\\/\\\/thiant.fr\\\/wordpress\\\/associations\\\/#website\",\"url\":\"https:\\\/\\\/thiant.fr\\\/wordpress\\\/associations\\\/\",\"name\":\"Les associations de la ville de Thiant\",\"description\":\"Retrouvez toutes les associations de la ville\",\"publisher\":{\"@id\":\"https:\\\/\\\/thiant.fr\\\/wordpress\\\/associations\\\/#organization\"},\"potentialAction\":[{\"@type\":\"SearchAction\",\"target\":{\"@type\":\"EntryPoint\",\"urlTemplate\":\"https:\\\/\\\/thiant.fr\\\/wordpress\\\/associations\\\/?s={search_term_string}\"},\"query-input\":{\"@type\":\"PropertyValueSpecification\",\"valueRequired\":true,\"valueName\":\"search_term_string\"}}],\"inLanguage\":\"fr-FR\"},{\"@type\":\"Organization\",\"@id\":\"https:\\\/\\\/thiant.fr\\\/wordpress\\\/associations\\\/#organization\",\"name\":\"Les associations de la ville de Thiant\",\"url\":\"https:\\\/\\\/thiant.fr\\\/wordpress\\\/associations\\\/\",\"logo\":{\"@type\":\"ImageObject\",\"inLanguage\":\"fr-FR\",\"@id\":\"https:\\\/\\\/thiant.fr\\\/wordpress\\\/associations\\\/#\\\/schema\\\/logo\\\/image\\\/\",\"url\":\"https:\\\/\\\/thiant.fr\\\/wordpress\\\/associations\\\/wp-content\\\/uploads\\\/sites\\\/3\\\/2024\\\/11\\\/cropped-logo-asso-75.png\",\"contentUrl\":\"https:\\\/\\\/thiant.fr\\\/wordpress\\\/associations\\\/wp-content\\\/uploads\\\/sites\\\/3\\\/2024\\\/11\\\/cropped-logo-asso-75.png\",\"width\":75,\"height\":75,\"caption\":\"Les associations de la ville de Thiant\"},\"image\":{\"@id\":\"https:\\\/\\\/thiant.fr\\\/wordpress\\\/associations\\\/#\\\/schema\\\/logo\\\/image\\\/\"},\"sameAs\":[\"https:\\\/\\\/www.facebook.com\\\/commune.thiant.1\"]},{\"@type\":\"Person\",\"@id\":\"https:\\\/\\\/thiant.fr\\\/wordpress\\\/associations\\\/#\\\/schema\\\/person\\\/f41122130d18c0720657431d990451c6\",\"name\":\"Service communication\",\"image\":{\"@type\":\"ImageObject\",\"inLanguage\":\"fr-FR\",\"@id\":\"https:\\\/\\\/thiant.fr\\\/wordpress\\\/associations\\\/wp-content\\\/litespeed\\\/avatar\\\/3\\\/eeb9098e5269f97d4e67fcd6f533ccb1.jpg?ver=1777467657\",\"url\":\"https:\\\/\\\/thiant.fr\\\/wordpress\\\/associations\\\/wp-content\\\/litespeed\\\/avatar\\\/3\\\/eeb9098e5269f97d4e67fcd6f533ccb1.jpg?ver=1777467657\",\"contentUrl\":\"https:\\\/\\\/thiant.fr\\\/wordpress\\\/associations\\\/wp-content\\\/litespeed\\\/avatar\\\/3\\\/eeb9098e5269f97d4e67fcd6f533ccb1.jpg?ver=1777467657\",\"caption\":\"Service communication\"},\"url\":\"https:\\\/\\\/thiant.fr\\\/wordpress\\\/associations\\\/author\\\/adminwpress\\\/\"}]}<\/script>\n<!-- \/ Yoast SEO plugin. -->","yoast_head_json":{"title":"COVID-19 : Point de situation au 17 juin 2021 - Les associations de la ville de Thiant","description":"Vaccination des agents des services publics, des 12-17 ans et les rendez-vous de rappel qui peuvent \u00eatre d\u00e9cal\u00e9s. Arr\u00eat\u00e9 pr\u00e9fectoral f\u00eate de la musique.","robots":{"index":"index","follow":"follow","max-snippet":"max-snippet:-1","max-image-preview":"max-image-preview:large","max-video-preview":"max-video-preview:-1"},"canonical":"https:\/\/thiant.fr\/wordpress\/associations\/covid-19-point-de-situation-au-17-juin-2021\/","og_locale":"fr_FR","og_type":"article","og_title":"COVID-19 : Point de situation au 17 juin 2021 - Les associations de la ville de Thiant","og_description":"Vaccination des agents des services publics, des 12-17 ans et les rendez-vous de rappel qui peuvent \u00eatre d\u00e9cal\u00e9s. Arr\u00eat\u00e9 pr\u00e9fectoral f\u00eate de la musique.","og_url":"https:\/\/thiant.fr\/wordpress\/associations\/covid-19-point-de-situation-au-17-juin-2021\/","og_site_name":"Les associations de la ville de Thiant","article_publisher":"https:\/\/www.facebook.com\/commune.thiant.1","article_published_time":"2021-06-17T13:10:35+00:00","article_modified_time":"2021-06-18T08:19:50+00:00","og_image":[{"width":700,"height":467,"url":"https:\/\/thiant.fr\/wordpress\/associations\/wp-content\/uploads\/sites\/3\/2021\/06\/vaccination-imea.png","type":"image\/png"}],"author":"Service communication","twitter_card":"summary_large_image","twitter_misc":{"\u00c9crit par":"Service communication","Dur\u00e9e de lecture estim\u00e9e":"3 minutes"},"schema":{"@context":"https:\/\/schema.org","@graph":[{"@type":"Article","@id":"https:\/\/thiant.fr\/wordpress\/associations\/covid-19-point-de-situation-au-17-juin-2021\/#article","isPartOf":{"@id":"https:\/\/thiant.fr\/wordpress\/associations\/covid-19-point-de-situation-au-17-juin-2021\/"},"author":{"name":"Service communication","@id":"https:\/\/thiant.fr\/wordpress\/associations\/#\/schema\/person\/f41122130d18c0720657431d990451c6"},"headline":"COVID-19 : Point de situation au 17 juin 2021","datePublished":"2021-06-17T13:10:35+00:00","dateModified":"2021-06-18T08:19:50+00:00","mainEntityOfPage":{"@id":"https:\/\/thiant.fr\/wordpress\/associations\/covid-19-point-de-situation-au-17-juin-2021\/"},"wordCount":570,"publisher":{"@id":"https:\/\/thiant.fr\/wordpress\/associations\/#organization"},"image":{"@id":"https:\/\/thiant.fr\/wordpress\/associations\/covid-19-point-de-situation-au-17-juin-2021\/#primaryimage"},"thumbnailUrl":"https:\/\/thiant.fr\/wordpress\/associations\/wp-content\/uploads\/sites\/3\/2021\/06\/vaccination-imea.png","keywords":["coronavirus","COVID-19","Nord","point","point situation","situation","thiant","vaccin"],"articleSection":["COVID-19"],"inLanguage":"fr-FR"},{"@type":"WebPage","@id":"https:\/\/thiant.fr\/wordpress\/associations\/covid-19-point-de-situation-au-17-juin-2021\/","url":"https:\/\/thiant.fr\/wordpress\/associations\/covid-19-point-de-situation-au-17-juin-2021\/","name":"COVID-19 : Point de situation au 17 juin 2021 - Les associations de la ville de Thiant","isPartOf":{"@id":"https:\/\/thiant.fr\/wordpress\/associations\/#website"},"primaryImageOfPage":{"@id":"https:\/\/thiant.fr\/wordpress\/associations\/covid-19-point-de-situation-au-17-juin-2021\/#primaryimage"},"image":{"@id":"https:\/\/thiant.fr\/wordpress\/associations\/covid-19-point-de-situation-au-17-juin-2021\/#primaryimage"},"thumbnailUrl":"https:\/\/thiant.fr\/wordpress\/associations\/wp-content\/uploads\/sites\/3\/2021\/06\/vaccination-imea.png","datePublished":"2021-06-17T13:10:35+00:00","dateModified":"2021-06-18T08:19:50+00:00","description":"Vaccination des agents des services publics, des 12-17 ans et les rendez-vous de rappel qui peuvent \u00eatre d\u00e9cal\u00e9s. Arr\u00eat\u00e9 pr\u00e9fectoral f\u00eate de la musique.","breadcrumb":{"@id":"https:\/\/thiant.fr\/wordpress\/associations\/covid-19-point-de-situation-au-17-juin-2021\/#breadcrumb"},"inLanguage":"fr-FR","potentialAction":[{"@type":"ReadAction","target":["https:\/\/thiant.fr\/wordpress\/associations\/covid-19-point-de-situation-au-17-juin-2021\/"]}]},{"@type":"ImageObject","inLanguage":"fr-FR","@id":"https:\/\/thiant.fr\/wordpress\/associations\/covid-19-point-de-situation-au-17-juin-2021\/#primaryimage","url":"https:\/\/thiant.fr\/wordpress\/associations\/wp-content\/uploads\/sites\/3\/2021\/06\/vaccination-imea.png","contentUrl":"https:\/\/thiant.fr\/wordpress\/associations\/wp-content\/uploads\/sites\/3\/2021\/06\/vaccination-imea.png","width":700,"height":467},{"@type":"BreadcrumbList","@id":"https:\/\/thiant.fr\/wordpress\/associations\/covid-19-point-de-situation-au-17-juin-2021\/#breadcrumb","itemListElement":[{"@type":"ListItem","position":1,"name":"Accueil","item":"https:\/\/thiant.fr\/wordpress\/associations\/"},{"@type":"ListItem","position":2,"name":"COVID-19 : Point de situation au 17 juin 2021"}]},{"@type":"WebSite","@id":"https:\/\/thiant.fr\/wordpress\/associations\/#website","url":"https:\/\/thiant.fr\/wordpress\/associations\/","name":"Les associations de la ville de Thiant","description":"Retrouvez toutes les associations de la ville","publisher":{"@id":"https:\/\/thiant.fr\/wordpress\/associations\/#organization"},"potentialAction":[{"@type":"SearchAction","target":{"@type":"EntryPoint","urlTemplate":"https:\/\/thiant.fr\/wordpress\/associations\/?s={search_term_string}"},"query-input":{"@type":"PropertyValueSpecification","valueRequired":true,"valueName":"search_term_string"}}],"inLanguage":"fr-FR"},{"@type":"Organization","@id":"https:\/\/thiant.fr\/wordpress\/associations\/#organization","name":"Les associations de la ville de Thiant","url":"https:\/\/thiant.fr\/wordpress\/associations\/","logo":{"@type":"ImageObject","inLanguage":"fr-FR","@id":"https:\/\/thiant.fr\/wordpress\/associations\/#\/schema\/logo\/image\/","url":"https:\/\/thiant.fr\/wordpress\/associations\/wp-content\/uploads\/sites\/3\/2024\/11\/cropped-logo-asso-75.png","contentUrl":"https:\/\/thiant.fr\/wordpress\/associations\/wp-content\/uploads\/sites\/3\/2024\/11\/cropped-logo-asso-75.png","width":75,"height":75,"caption":"Les associations de la ville de Thiant"},"image":{"@id":"https:\/\/thiant.fr\/wordpress\/associations\/#\/schema\/logo\/image\/"},"sameAs":["https:\/\/www.facebook.com\/commune.thiant.1"]},{"@type":"Person","@id":"https:\/\/thiant.fr\/wordpress\/associations\/#\/schema\/person\/f41122130d18c0720657431d990451c6","name":"Service communication","image":{"@type":"ImageObject","inLanguage":"fr-FR","@id":"https:\/\/thiant.fr\/wordpress\/associations\/wp-content\/litespeed\/avatar\/3\/eeb9098e5269f97d4e67fcd6f533ccb1.jpg?ver=1777467657","url":"https:\/\/thiant.fr\/wordpress\/associations\/wp-content\/litespeed\/avatar\/3\/eeb9098e5269f97d4e67fcd6f533ccb1.jpg?ver=1777467657","contentUrl":"https:\/\/thiant.fr\/wordpress\/associations\/wp-content\/litespeed\/avatar\/3\/eeb9098e5269f97d4e67fcd6f533ccb1.jpg?ver=1777467657","caption":"Service communication"},"url":"https:\/\/thiant.fr\/wordpress\/associations\/author\/adminwpress\/"}]}},"_links":{"self":[{"href":"https:\/\/thiant.fr\/wordpress\/associations\/wp-json\/wp\/v2\/posts\/494","targetHints":{"allow":["GET"]}}],"collection":[{"href":"https:\/\/thiant.fr\/wordpress\/associations\/wp-json\/wp\/v2\/posts"}],"about":[{"href":"https:\/\/thiant.fr\/wordpress\/associations\/wp-json\/wp\/v2\/types\/post"}],"author":[{"embeddable":true,"href":"https:\/\/thiant.fr\/wordpress\/associations\/wp-json\/wp\/v2\/users\/1"}],"replies":[{"embeddable":true,"href":"https:\/\/thiant.fr\/wordpress\/associations\/wp-json\/wp\/v2\/comments?post=494"}],"version-history":[{"count":6,"href":"https:\/\/thiant.fr\/wordpress\/associations\/wp-json\/wp\/v2\/posts\/494\/revisions"}],"predecessor-version":[{"id":504,"href":"https:\/\/thiant.fr\/wordpress\/associations\/wp-json\/wp\/v2\/posts\/494\/revisions\/504"}],"wp:featuredmedia":[{"embeddable":true,"href":"https:\/\/thiant.fr\/wordpress\/associations\/wp-json\/wp\/v2\/media\/495"}],"wp:attachment":[{"href":"https:\/\/thiant.fr\/wordpress\/associations\/wp-json\/wp\/v2\/media?parent=494"}],"wp:term":[{"taxonomy":"category","embeddable":true,"href":"https:\/\/thiant.fr\/wordpress\/associations\/wp-json\/wp\/v2\/categories?post=494"},{"taxonomy":"post_tag","embeddable":true,"href":"https:\/\/thiant.fr\/wordpress\/associations\/wp-json\/wp\/v2\/tags?post=494"}],"curies":[{"name":"wp","href":"https:\/\/api.w.org\/{rel}","templated":true}]}}