{"id":507,"date":"2021-06-18T16:05:23","date_gmt":"2021-06-18T14:05:23","guid":{"rendered":"https:\/\/thiant.fr\/wordpress\/associations\/?p=507"},"modified":"2021-06-18T16:23:03","modified_gmt":"2021-06-18T14:23:03","slug":"covid-19-point-de-situation-au-18-juin-2021","status":"publish","type":"post","link":"https:\/\/thiant.fr\/wordpress\/associations\/covid-19-point-de-situation-au-18-juin-2021\/","title":{"rendered":"COVID-19 : Point de situation au 18 juin 2021"},"content":{"rendered":"\t\t<div data-elementor-type=\"wp-post\" data-elementor-id=\"507\" class=\"elementor elementor-507\">\n\t\t\t\t\t\t<section class=\"elementor-section elementor-top-section elementor-element elementor-element-30d8f22 elementor-section-boxed elementor-section-height-default elementor-section-height-default\" data-id=\"30d8f22\" data-element_type=\"section\" data-e-type=\"section\">\n\t\t\t\t\t\t<div class=\"elementor-container elementor-column-gap-default\">\n\t\t\t\t\t<div class=\"elementor-column elementor-col-33 elementor-top-column elementor-element elementor-element-ec7d3f9\" data-id=\"ec7d3f9\" data-element_type=\"column\" data-e-type=\"column\">\n\t\t\t<div class=\"elementor-widget-wrap elementor-element-populated\">\n\t\t\t\t\t\t<div class=\"elementor-element elementor-element-a98d135 elementor-widget elementor-widget-image\" data-id=\"a98d135\" data-element_type=\"widget\" data-e-type=\"widget\" data-widget_type=\"image.default\">\n\t\t\t\t<div class=\"elementor-widget-container\">\n\t\t\t\t\t\t\t\t\t\t\t\t\t\t\t<img decoding=\"async\" src=\"https:\/\/thiant.fr\/wordpress\/wp-content\/uploads\/2021\/03\/Logo-Prefet-Nord.png\" title=\"\" alt=\"\" loading=\"lazy\" \/>\t\t\t\t\t\t\t\t\t\t\t\t\t\t\t<\/div>\n\t\t\t\t<\/div>\n\t\t\t\t\t<\/div>\n\t\t<\/div>\n\t\t\t\t<div class=\"elementor-column elementor-col-66 elementor-top-column elementor-element elementor-element-cabb5cc\" data-id=\"cabb5cc\" data-element_type=\"column\" data-e-type=\"column\">\n\t\t\t<div class=\"elementor-widget-wrap elementor-element-populated\">\n\t\t\t\t\t\t<div class=\"elementor-element elementor-element-21c06d4 elementor-widget elementor-widget-text-editor\" data-id=\"21c06d4\" data-element_type=\"widget\" data-e-type=\"widget\" data-widget_type=\"text-editor.default\">\n\t\t\t\t<div class=\"elementor-widget-container\">\n\t\t\t\t\t\t\t\t\t<p><span style=\"color: #333333;\">L\u2019\u00e9volution favorable de la situation sanitaire se poursuit dans le d\u00e9partement du Nord. Les <\/span><span style=\"color: #333333;\">mesures mises en place sont efficaces gr\u00e2ce \u00e0 la responsabilit\u00e9 des Nordistes :<\/span><\/p><ul><li><span style=\"color: #333333;\">le taux d\u2019incidence est de 44,4, soit inf\u00e9rieur au seuil d\u2019alerte ;<\/span><\/li><li><span style=\"color: #333333;\">1 744 470 doses de vaccin ont \u00e9t\u00e9 inject\u00e9es au 15 juin dans le d\u00e9partement<\/span><br \/><span style=\"color: #333333;\">(1 221 185 primo-injections et 523 285 personnes pleinement vaccin\u00e9es) et la<\/span><br \/><span style=\"color: #333333;\">vaccination continue \u00e0 avancer \u00e0 bon rythme.<\/span><\/li><\/ul><p><span style=\"color: #333333;\">Si la vigilance doit rester enti\u00e8re, un constat s\u2019impose : <strong>la situation s\u2019am\u00e9liore plus vite que<\/strong><\/span><strong> <span style=\"color: #333333;\">pr\u00e9vu.<\/span><\/strong><\/p><h3><span style=\"color: #0000ff;\">1- Le couvre-feu et le port du masque<\/span><\/h3><p><span style=\"color: #333333;\">Le Pr\u00e9sident de la R\u00e9publique et le Premier ministre, lors du Conseil de d\u00e9fense du 16 juin <\/span><span style=\"color: #333333;\">2021, ont pris la d\u00e9cision d\u2019acc\u00e9l\u00e9rer la lev\u00e9e de certaines mesures :<\/span><\/p><ul><li><span style=\"color: #333333;\">le<strong> couvre-feu prendra fin d\u00e8s ce dimanche 20 juin, soit dix jours plus t\u00f4t que pr\u00e9vu<\/strong>.<\/span><\/li><li><strong><span style=\"color: #333333;\">l\u2019obligation de porter le masque \u00e0 l\u2019ext\u00e9rieur est revue d\u00e8s le jeudi 17 juin <\/span><\/strong><span style=\"color: #333333;\">conform\u00e9ment \u00e0 l\u2019avis du Haut Conseil de Sant\u00e9 Publique (HCSP). Ce n\u2019est pas pour <\/span><span style=\"color: #333333;\">autant la fin du port du masque. Il demeure obligatoire dans l\u2019ensemble des lieux <\/span><span style=\"color: #333333;\">clos, les \u00e9tablissements recevant du public et en ext\u00e9rieur dans les circonstances<\/span><br \/><span style=\"color: #333333;\">suivantes :<\/span><\/li><\/ul><p style=\"padding-left: 40px;\"><span style=\"color: #333333;\">&#8211; aux abords, dans un rayon de 50 m\u00e8tres :<\/span><\/p><p style=\"padding-left: 40px;\"><span style=\"color: #333333;\">a) des march\u00e9s, braderies, brocantes, vides greniers et autres ventes au <\/span><span style=\"color: #333333;\">d\u00e9ballage, ainsi qu\u2019\u00e0 l\u2019int\u00e9rieur de ceux-ci, qu\u2019ils se tiennent dans des espaces<\/span> <span style=\"color: #333333;\">couverts ou en plein air ;<\/span><br \/><span style=\"color: #333333;\">b) des entr\u00e9es des centres commerciaux les samedis et dimanches, durant <\/span><span style=\"color: #333333;\">leurs heures d\u2019ouverture ;<\/span><br \/><span style=\"color: #333333;\">c) des entr\u00e9es des \u00e9tablissements scolaires et universitaires, \u00e0 l\u2019occasion des <\/span><span style=\"color: #333333;\">entr\u00e9es et sorties de ces derniers ;<\/span><br \/><span style=\"color: #333333;\">d) des entr\u00e9es des lieux de culte aux jours et heures de la tenue des offices et <\/span><span style=\"color: #333333;\">c\u00e9r\u00e9monies ;<\/span><br \/><span style=\"color: #333333;\">e) des stations et lieux d\u2019arr\u00eat des transports collectifs de voyageurs, ainsi <\/span><span style=\"color: #333333;\">que dans les transports publics et dans les installations accueillant les<\/span> <span style=\"color: #333333;\">usagers ;<\/span><\/p><p style=\"padding-left: 40px;\"><span style=\"color: #333333;\">&#8211; dans les files d\u2019attente de toute nature ;<\/span><\/p><p style=\"padding-left: 40px;\"><span style=\"color: #333333;\">&#8211; \u00e0 l\u2019occasion de tout attroupement de plus de 10 personnes ;<\/span><\/p><p style=\"padding-left: 40px;\"><span style=\"color: #333333;\">&#8211; lors des r\u00e9unions, activit\u00e9s et rassemblements de plus de 10 personnes autoris\u00e9s de <\/span><span style=\"color: #333333;\">mani\u00e8re d\u00e9rogatoire sur la voie publique et les espaces ouverts au public (article 3 <\/span><span style=\"color: #333333;\">du d\u00e9cret n\u00b02021-699 du 1er juin 2021 modifi\u00e9) comme c\u2019est le cas pour les<\/span> <span style=\"color: #333333;\">manifestations revendicatives ;<\/span><\/p><p style=\"padding-left: 40px;\"><span style=\"color: #333333;\">&#8211; dans les zones pi\u00e9tonnes, permanentes et temporaires, les samedis et jours<\/span><br \/><span style=\"color: #333333;\">d\u2019\u00e9v\u00e9nements particuliers entra\u00eenant une forte concentration de personnes. Les <\/span><span style=\"color: #333333;\">zones concern\u00e9es pourront le cas \u00e9ch\u00e9ant faire l\u2019objet d\u2019une signal\u00e9tique par les <\/span><span style=\"color: #333333;\">collectivit\u00e9s territoriales comp\u00e9tentes ;<\/span><\/p><p style=\"padding-left: 40px;\"><span style=\"color: #333333;\">&#8211; dans les espaces r\u00e9serv\u00e9s aux spectateurs des enceintes sportives de plein air.<\/span><\/p><p style=\"text-align: left; padding-left: 40px;\"><span style=\"color: #333333;\">Enfin, les plages, parcs et jardins ne sont pas soumis \u00e0 l\u2019obligation du port du masque.<\/span><\/p><p><span style=\"color: #333333;\">Consultez l&#8217;arr\u00eat\u00e9 pr\u00e9fectoral : <a href=\"https:\/\/www.nord.gouv.fr\/content\/download\/75674\/464224\/file\/P059-20210617-Obligation_masque-59.pdf\" target=\"_blank\" rel=\"noopener\">lien<\/a><\/span><\/p><h3><span style=\"color: #0000ff;\">2- Le protocole applicable \u00e0 la f\u00eate de la musique le 21 juin 2021<\/span><\/h3><p style=\"padding-left: 40px;\"><span style=\"color: #333333;\">Le minist\u00e8re de la Culture a revu le protocole applicable \u00e0 la f\u00eate de la musique.<\/span><br \/><span style=\"color: #333333;\">Dans ce cadre, Michel Lalande, pr\u00e9fet du Nord, a pris les mesures suivantes du vendredi 18 <\/span><span style=\"color: #333333;\">juin 18h00 au mardi 22 juin 08h00 :<\/span><\/p><ul><li><span style=\"color: #333333;\">les <strong>concerts improvis\u00e9s des musiciens sur la voie publique ne sont pas autoris\u00e9s<\/strong> ;<\/span><\/li><li><span style=\"color: #333333;\">des <strong>concerts et animations musicales pourront \u00eatre organis\u00e9s exclusivement \u00e0 <\/strong><\/span><span style=\"color: #333333;\"><strong>l\u2019<span style=\"text-decoration: underline;\">int\u00e9rieur<\/span> des bars et restaurants<\/strong> dans le strict respect des protocoles sanitaires et <\/span><span style=\"color: #333333;\">des dispositions de l\u2019article 40 du d\u00e9cret n\u00b02021-699 du 1er juin 2021 modifi\u00e9, <\/span><span style=\"color: #333333;\">notamment de l\u2019obligation d\u2019\u00eatre assis et de la limitation \u00e0 50 % de la capacit\u00e9<\/span> <span style=\"color: #333333;\">d\u2019accueil habituelle. Les concerts et autres activit\u00e9s et d\u00e9monstrations musicales <strong>sur <\/strong><\/span><span style=\"color: #333333;\"><strong>les terrasses et autres extensions ext\u00e9rieures sont interdits.<\/strong> La diffusion de musique <\/span><span style=\"color: #333333;\">amplifi\u00e9e sur et en direction de ces terrasses et extensions est de m\u00eame interdite. <\/span><\/li><\/ul><p style=\"padding-left: 40px;\"><span style=\"color: #333333;\">Les responsables des bars et restaurants devront s\u2019assurer que les animations<\/span><br \/><span style=\"color: #333333;\">musicales ne donnent pas lieu \u00e0 des regroupements aux abords de leur<\/span><br \/><span style=\"color: #333333;\">\u00e9tablissement.<\/span><\/p><ul><li><span style=\"color: #333333;\">des <strong>animations musicales pourront par ailleurs \u00eatre organis\u00e9es<\/strong> dans :<\/span><\/li><\/ul><p style=\"padding-left: 80px;\"><span style=\"color: #333333;\">&#8211; les salles de spectacles, d\u2019auditions, de conf\u00e9rences, de r\u00e9unions ;<\/span><br \/><span style=\"color: #333333;\">&#8211; les salles polyvalentes ;<\/span><br \/><span style=\"color: #333333;\">&#8211; les chapiteaux ;<\/span><br \/><span style=\"color: #333333;\">&#8211; les salles d\u2019expositions ;<\/span><br \/><span style=\"color: #333333;\">&#8211; les \u00e9tablissements sportifs couverts ;<\/span><br \/><span style=\"color: #333333;\">&#8211; l\u2019espace public ou un lieu ouvert du public sous r\u00e9serve de contr\u00f4ler les <\/span><span style=\"color: #333333;\">acc\u00e8s.<\/span><br \/><span style=\"color: #333333;\">Les mesures suivantes devront \u00eatre appliqu\u00e9es au sein de ces \u00e9tablissements :<\/span><br \/><span style=\"color: #333333;\">&#8211; configuration assise ;<\/span><br \/><span style=\"color: #333333;\">&#8211; distance d\u2019au moins 1 m\u00e8tre entre deux personnes ou groupe de <\/span><span style=\"color: #333333;\">personnes ;<\/span><br \/><span style=\"color: #333333;\">&#8211; masque obligatoire pour toute personne de plus de 11 ans ;<\/span><br \/><span style=\"color: #333333;\">&#8211; jauge maximale d\u2019accueil du public fix\u00e9e \u00e0 65 % dans la limite de 5 000 <\/span><span style=\"color: #333333;\">spectateurs ;<\/span><br \/><span style=\"color: #333333;\">&#8211; <a href=\"https:\/\/www.gouvernement.fr\/info-coronavirus\/pass-sanitaire\" target=\"_blank\" rel=\"noopener\">pass sanitaire<\/a> obligatoire pour les \u00e9tablissements accueillant plus de 1 000 <\/span><span style=\"color: #333333;\">personnes.<\/span><br \/><span style=\"color: #333333;\">Les organisateurs de concerts et animations musicales devront veiller \u00e0 ce que ces <\/span><span style=\"color: #333333;\">manifestations ne donnent pas lieu \u00e0 des regroupements aux abords.<\/span><\/p><p><span style=\"color: #333333;\">La violation de ces mesures pourra mener \u00e0 une amende de 135\u20ac et jusqu\u2019\u00e0 3 750\u20ac<\/span><br \/><span style=\"color: #333333;\">d\u2019amende et 6 mois d\u2019emprisonnement en cas de r\u00e9cidive.<\/span><\/p><p><span style=\"color: #333333;\">Consultez l&#8217;arr\u00eat\u00e9 pr\u00e9fectoral : <a href=\"https:\/\/www.nord.gouv.fr\/content\/download\/75675\/464228\/file\/P059-20210617-Reglementation_Fete_Musique-59.pdf\" target=\"_blank\" rel=\"noopener\">lien<\/a><\/span><\/p><p style=\"text-align: center;\"><span style=\"color: #333333;\">&#8212;&#8212;&#8211;<\/span><\/p><p><span style=\"color: #333333;\">La vigilance, le maintien des gestes barri\u00e8res et le respect des jauges demeurent <\/span><span style=\"color: #333333;\">indispensables pour confirmer l\u2019embellie au cours des prochaines semaines. De m\u00eame, <strong>la <\/strong><\/span><span style=\"color: #333333;\"><strong>vaccination doit se poursuivre au niveau le plus soutenu possible<\/strong> pour atteindre <\/span><span style=\"color: #333333;\">l\u2019immunit\u00e9 collective.<\/span><\/p>\t\t\t\t\t\t\t\t<\/div>\n\t\t\t\t<\/div>\n\t\t\t\t\t<\/div>\n\t\t<\/div>\n\t\t\t\t\t<\/div>\n\t\t<\/section>\n\t\t\t\t<\/div>\n\t\t","protected":false},"excerpt":{"rendered":"<p>L\u2019\u00e9volution favorable de la situation sanitaire se poursuit dans le d\u00e9partement du Nord. Les mesures mises en place sont efficaces gr\u00e2ce \u00e0 la responsabilit\u00e9 des Nordistes : le taux d\u2019incidence est de 44,4, soit inf\u00e9rieur au seuil d\u2019alerte ; 1 744 470 doses de vaccin ont \u00e9t\u00e9 inject\u00e9es au 15 juin dans le d\u00e9partement (1 [&hellip;]<\/p>\n","protected":false},"author":1,"featured_media":508,"comment_status":"closed","ping_status":"closed","sticky":false,"template":"","format":"standard","meta":{"_crdt_document":"","ocean_post_layout":"","ocean_both_sidebars_style":"","ocean_both_sidebars_content_width":0,"ocean_both_sidebars_sidebars_width":0,"ocean_sidebar":"0","ocean_second_sidebar":"0","ocean_disable_margins":"enable","ocean_add_body_class":"","ocean_shortcode_before_top_bar":"","ocean_shortcode_after_top_bar":"","ocean_shortcode_before_header":"","ocean_shortcode_after_header":"","ocean_has_shortcode":"","ocean_shortcode_after_title":"","ocean_shortcode_before_footer_widgets":"","ocean_shortcode_after_footer_widgets":"","ocean_shortcode_before_footer_bottom":"","ocean_shortcode_after_footer_bottom":"","ocean_display_top_bar":"default","ocean_display_header":"default","ocean_header_style":"","ocean_center_header_left_menu":"0","ocean_custom_header_template":"0","ocean_custom_logo":0,"ocean_custom_retina_logo":0,"ocean_custom_logo_max_width":0,"ocean_custom_logo_tablet_max_width":0,"ocean_custom_logo_mobile_max_width":0,"ocean_custom_logo_max_height":0,"ocean_custom_logo_tablet_max_height":0,"ocean_custom_logo_mobile_max_height":0,"ocean_header_custom_menu":"0","ocean_menu_typo_font_family":"0","ocean_menu_typo_font_subset":"","ocean_menu_typo_font_size":0,"ocean_menu_typo_font_size_tablet":0,"ocean_menu_typo_font_size_mobile":0,"ocean_menu_typo_font_size_unit":"px","ocean_menu_typo_font_weight":"","ocean_menu_typo_font_weight_tablet":"","ocean_menu_typo_font_weight_mobile":"","ocean_menu_typo_transform":"","ocean_menu_typo_transform_tablet":"","ocean_menu_typo_transform_mobile":"","ocean_menu_typo_line_height":0,"ocean_menu_typo_line_height_tablet":0,"ocean_menu_typo_line_height_mobile":0,"ocean_menu_typo_line_height_unit":"","ocean_menu_typo_spacing":0,"ocean_menu_typo_spacing_tablet":0,"ocean_menu_typo_spacing_mobile":0,"ocean_menu_typo_spacing_unit":"","ocean_menu_link_color":"","ocean_menu_link_color_hover":"","ocean_menu_link_color_active":"","ocean_menu_link_background":"","ocean_menu_link_hover_background":"","ocean_menu_link_active_background":"","ocean_menu_social_links_bg":"","ocean_menu_social_hover_links_bg":"","ocean_menu_social_links_color":"","ocean_menu_social_hover_links_color":"","ocean_disable_title":"default","ocean_disable_heading":"default","ocean_post_title":"","ocean_post_subheading":"","ocean_post_title_style":"","ocean_post_title_background_color":"","ocean_post_title_background":0,"ocean_post_title_bg_image_position":"","ocean_post_title_bg_image_attachment":"","ocean_post_title_bg_image_repeat":"","ocean_post_title_bg_image_size":"","ocean_post_title_height":0,"ocean_post_title_bg_overlay":0.5,"ocean_post_title_bg_overlay_color":"","ocean_disable_breadcrumbs":"default","ocean_breadcrumbs_color":"","ocean_breadcrumbs_separator_color":"","ocean_breadcrumbs_links_color":"","ocean_breadcrumbs_links_hover_color":"","ocean_display_footer_widgets":"default","ocean_display_footer_bottom":"default","ocean_custom_footer_template":"0","ocean_post_oembed":"","ocean_post_self_hosted_media":"","ocean_post_video_embed":"","ocean_link_format":"","ocean_link_format_target":"self","ocean_quote_format":"","ocean_quote_format_link":"post","ocean_gallery_link_images":"off","ocean_gallery_id":[],"footnotes":""},"categories":[142],"tags":[99,305,113,197,306,307,266,308,114,115,295,309,116,77],"class_list":["post-507","post","type-post","status-publish","format-standard","has-post-thumbnail","hentry","category-covid-19","tag-coronavirus","tag-couvre-feu","tag-covid-19","tag-fete","tag-fete-de-la-musique","tag-fete-musique","tag-masque","tag-musique","tag-nord","tag-point","tag-point-situation","tag-port-du-masque","tag-situation","tag-thiant","entry","has-media"],"yoast_head":"<!-- This site is optimized with the Yoast SEO plugin v27.3 - https:\/\/yoast.com\/product\/yoast-seo-wordpress\/ -->\n<title>COVID-19 : Point de situation au 18 juin 2021 - Les associations de la ville de Thiant<\/title>\n<meta name=\"description\" content=\"\u00c9volution en mati\u00e8re de couvre-feu et de port du masque, protocole sanitaire applicable \u00e0 la f\u00eate de la musique.\" \/>\n<meta name=\"robots\" content=\"index, follow, max-snippet:-1, max-image-preview:large, max-video-preview:-1\" \/>\n<link rel=\"canonical\" href=\"https:\/\/thiant.fr\/wordpress\/associations\/covid-19-point-de-situation-au-18-juin-2021\/\" \/>\n<meta property=\"og:locale\" content=\"fr_FR\" \/>\n<meta property=\"og:type\" content=\"article\" \/>\n<meta property=\"og:title\" content=\"COVID-19 : Point de situation au 18 juin 2021 - Les associations de la ville de Thiant\" \/>\n<meta property=\"og:description\" content=\"\u00c9volution en mati\u00e8re de couvre-feu et de port du masque, protocole sanitaire applicable \u00e0 la f\u00eate de la musique.\" \/>\n<meta property=\"og:url\" content=\"https:\/\/thiant.fr\/wordpress\/associations\/covid-19-point-de-situation-au-18-juin-2021\/\" \/>\n<meta property=\"og:site_name\" content=\"Les associations de la ville de Thiant\" \/>\n<meta property=\"article:publisher\" content=\"https:\/\/www.facebook.com\/commune.thiant.1\" \/>\n<meta property=\"article:published_time\" content=\"2021-06-18T14:05:23+00:00\" \/>\n<meta property=\"article:modified_time\" content=\"2021-06-18T14:23:03+00:00\" \/>\n<meta property=\"og:image\" content=\"https:\/\/thiant.fr\/wordpress\/associations\/wp-content\/uploads\/sites\/3\/2021\/06\/montage-1.png\" \/>\n\t<meta property=\"og:image:width\" content=\"700\" \/>\n\t<meta property=\"og:image:height\" content=\"467\" \/>\n\t<meta property=\"og:image:type\" content=\"image\/png\" \/>\n<meta name=\"author\" content=\"Service communication\" \/>\n<meta name=\"twitter:card\" content=\"summary_large_image\" \/>\n<meta name=\"twitter:label1\" content=\"\u00c9crit par\" \/>\n\t<meta name=\"twitter:data1\" content=\"Service communication\" \/>\n\t<meta name=\"twitter:label2\" content=\"Dur\u00e9e de lecture estim\u00e9e\" \/>\n\t<meta name=\"twitter:data2\" content=\"4 minutes\" \/>\n<script type=\"application\/ld+json\" class=\"yoast-schema-graph\">{\"@context\":\"https:\\\/\\\/schema.org\",\"@graph\":[{\"@type\":\"Article\",\"@id\":\"https:\\\/\\\/thiant.fr\\\/wordpress\\\/associations\\\/covid-19-point-de-situation-au-18-juin-2021\\\/#article\",\"isPartOf\":{\"@id\":\"https:\\\/\\\/thiant.fr\\\/wordpress\\\/associations\\\/covid-19-point-de-situation-au-18-juin-2021\\\/\"},\"author\":{\"name\":\"Service communication\",\"@id\":\"https:\\\/\\\/thiant.fr\\\/wordpress\\\/associations\\\/#\\\/schema\\\/person\\\/f41122130d18c0720657431d990451c6\"},\"headline\":\"COVID-19 : Point de situation au 18 juin 2021\",\"datePublished\":\"2021-06-18T14:05:23+00:00\",\"dateModified\":\"2021-06-18T14:23:03+00:00\",\"mainEntityOfPage\":{\"@id\":\"https:\\\/\\\/thiant.fr\\\/wordpress\\\/associations\\\/covid-19-point-de-situation-au-18-juin-2021\\\/\"},\"wordCount\":896,\"publisher\":{\"@id\":\"https:\\\/\\\/thiant.fr\\\/wordpress\\\/associations\\\/#organization\"},\"image\":{\"@id\":\"https:\\\/\\\/thiant.fr\\\/wordpress\\\/associations\\\/covid-19-point-de-situation-au-18-juin-2021\\\/#primaryimage\"},\"thumbnailUrl\":\"https:\\\/\\\/thiant.fr\\\/wordpress\\\/associations\\\/wp-content\\\/uploads\\\/sites\\\/3\\\/2021\\\/06\\\/montage-1.png\",\"keywords\":[\"coronavirus\",\"couvre-feu\",\"COVID-19\",\"f\u00eate\",\"f\u00eate de la musique\",\"f\u00eate musique\",\"masque\",\"musique\",\"Nord\",\"point\",\"point situation\",\"port du masque\",\"situation\",\"thiant\"],\"articleSection\":[\"COVID-19\"],\"inLanguage\":\"fr-FR\"},{\"@type\":\"WebPage\",\"@id\":\"https:\\\/\\\/thiant.fr\\\/wordpress\\\/associations\\\/covid-19-point-de-situation-au-18-juin-2021\\\/\",\"url\":\"https:\\\/\\\/thiant.fr\\\/wordpress\\\/associations\\\/covid-19-point-de-situation-au-18-juin-2021\\\/\",\"name\":\"COVID-19 : Point de situation au 18 juin 2021 - Les associations de la ville de Thiant\",\"isPartOf\":{\"@id\":\"https:\\\/\\\/thiant.fr\\\/wordpress\\\/associations\\\/#website\"},\"primaryImageOfPage\":{\"@id\":\"https:\\\/\\\/thiant.fr\\\/wordpress\\\/associations\\\/covid-19-point-de-situation-au-18-juin-2021\\\/#primaryimage\"},\"image\":{\"@id\":\"https:\\\/\\\/thiant.fr\\\/wordpress\\\/associations\\\/covid-19-point-de-situation-au-18-juin-2021\\\/#primaryimage\"},\"thumbnailUrl\":\"https:\\\/\\\/thiant.fr\\\/wordpress\\\/associations\\\/wp-content\\\/uploads\\\/sites\\\/3\\\/2021\\\/06\\\/montage-1.png\",\"datePublished\":\"2021-06-18T14:05:23+00:00\",\"dateModified\":\"2021-06-18T14:23:03+00:00\",\"description\":\"\u00c9volution en mati\u00e8re de couvre-feu et de port du masque, protocole sanitaire applicable \u00e0 la f\u00eate de la musique.\",\"breadcrumb\":{\"@id\":\"https:\\\/\\\/thiant.fr\\\/wordpress\\\/associations\\\/covid-19-point-de-situation-au-18-juin-2021\\\/#breadcrumb\"},\"inLanguage\":\"fr-FR\",\"potentialAction\":[{\"@type\":\"ReadAction\",\"target\":[\"https:\\\/\\\/thiant.fr\\\/wordpress\\\/associations\\\/covid-19-point-de-situation-au-18-juin-2021\\\/\"]}]},{\"@type\":\"ImageObject\",\"inLanguage\":\"fr-FR\",\"@id\":\"https:\\\/\\\/thiant.fr\\\/wordpress\\\/associations\\\/covid-19-point-de-situation-au-18-juin-2021\\\/#primaryimage\",\"url\":\"https:\\\/\\\/thiant.fr\\\/wordpress\\\/associations\\\/wp-content\\\/uploads\\\/sites\\\/3\\\/2021\\\/06\\\/montage-1.png\",\"contentUrl\":\"https:\\\/\\\/thiant.fr\\\/wordpress\\\/associations\\\/wp-content\\\/uploads\\\/sites\\\/3\\\/2021\\\/06\\\/montage-1.png\",\"width\":700,\"height\":467},{\"@type\":\"BreadcrumbList\",\"@id\":\"https:\\\/\\\/thiant.fr\\\/wordpress\\\/associations\\\/covid-19-point-de-situation-au-18-juin-2021\\\/#breadcrumb\",\"itemListElement\":[{\"@type\":\"ListItem\",\"position\":1,\"name\":\"Accueil\",\"item\":\"https:\\\/\\\/thiant.fr\\\/wordpress\\\/associations\\\/\"},{\"@type\":\"ListItem\",\"position\":2,\"name\":\"COVID-19 : Point de situation au 18 juin 2021\"}]},{\"@type\":\"WebSite\",\"@id\":\"https:\\\/\\\/thiant.fr\\\/wordpress\\\/associations\\\/#website\",\"url\":\"https:\\\/\\\/thiant.fr\\\/wordpress\\\/associations\\\/\",\"name\":\"Les associations de la ville de Thiant\",\"description\":\"Retrouvez toutes les associations de la ville\",\"publisher\":{\"@id\":\"https:\\\/\\\/thiant.fr\\\/wordpress\\\/associations\\\/#organization\"},\"potentialAction\":[{\"@type\":\"SearchAction\",\"target\":{\"@type\":\"EntryPoint\",\"urlTemplate\":\"https:\\\/\\\/thiant.fr\\\/wordpress\\\/associations\\\/?s={search_term_string}\"},\"query-input\":{\"@type\":\"PropertyValueSpecification\",\"valueRequired\":true,\"valueName\":\"search_term_string\"}}],\"inLanguage\":\"fr-FR\"},{\"@type\":\"Organization\",\"@id\":\"https:\\\/\\\/thiant.fr\\\/wordpress\\\/associations\\\/#organization\",\"name\":\"Les associations de la ville de Thiant\",\"url\":\"https:\\\/\\\/thiant.fr\\\/wordpress\\\/associations\\\/\",\"logo\":{\"@type\":\"ImageObject\",\"inLanguage\":\"fr-FR\",\"@id\":\"https:\\\/\\\/thiant.fr\\\/wordpress\\\/associations\\\/#\\\/schema\\\/logo\\\/image\\\/\",\"url\":\"https:\\\/\\\/thiant.fr\\\/wordpress\\\/associations\\\/wp-content\\\/uploads\\\/sites\\\/3\\\/2024\\\/11\\\/cropped-logo-asso-75.png\",\"contentUrl\":\"https:\\\/\\\/thiant.fr\\\/wordpress\\\/associations\\\/wp-content\\\/uploads\\\/sites\\\/3\\\/2024\\\/11\\\/cropped-logo-asso-75.png\",\"width\":75,\"height\":75,\"caption\":\"Les associations de la ville de Thiant\"},\"image\":{\"@id\":\"https:\\\/\\\/thiant.fr\\\/wordpress\\\/associations\\\/#\\\/schema\\\/logo\\\/image\\\/\"},\"sameAs\":[\"https:\\\/\\\/www.facebook.com\\\/commune.thiant.1\"]},{\"@type\":\"Person\",\"@id\":\"https:\\\/\\\/thiant.fr\\\/wordpress\\\/associations\\\/#\\\/schema\\\/person\\\/f41122130d18c0720657431d990451c6\",\"name\":\"Service communication\",\"image\":{\"@type\":\"ImageObject\",\"inLanguage\":\"fr-FR\",\"@id\":\"https:\\\/\\\/thiant.fr\\\/wordpress\\\/associations\\\/wp-content\\\/litespeed\\\/avatar\\\/3\\\/eeb9098e5269f97d4e67fcd6f533ccb1.jpg?ver=1777467657\",\"url\":\"https:\\\/\\\/thiant.fr\\\/wordpress\\\/associations\\\/wp-content\\\/litespeed\\\/avatar\\\/3\\\/eeb9098e5269f97d4e67fcd6f533ccb1.jpg?ver=1777467657\",\"contentUrl\":\"https:\\\/\\\/thiant.fr\\\/wordpress\\\/associations\\\/wp-content\\\/litespeed\\\/avatar\\\/3\\\/eeb9098e5269f97d4e67fcd6f533ccb1.jpg?ver=1777467657\",\"caption\":\"Service communication\"},\"url\":\"https:\\\/\\\/thiant.fr\\\/wordpress\\\/associations\\\/author\\\/adminwpress\\\/\"}]}<\/script>\n<!-- \/ Yoast SEO plugin. -->","yoast_head_json":{"title":"COVID-19 : Point de situation au 18 juin 2021 - Les associations de la ville de Thiant","description":"\u00c9volution en mati\u00e8re de couvre-feu et de port du masque, protocole sanitaire applicable \u00e0 la f\u00eate de la musique.","robots":{"index":"index","follow":"follow","max-snippet":"max-snippet:-1","max-image-preview":"max-image-preview:large","max-video-preview":"max-video-preview:-1"},"canonical":"https:\/\/thiant.fr\/wordpress\/associations\/covid-19-point-de-situation-au-18-juin-2021\/","og_locale":"fr_FR","og_type":"article","og_title":"COVID-19 : Point de situation au 18 juin 2021 - Les associations de la ville de Thiant","og_description":"\u00c9volution en mati\u00e8re de couvre-feu et de port du masque, protocole sanitaire applicable \u00e0 la f\u00eate de la musique.","og_url":"https:\/\/thiant.fr\/wordpress\/associations\/covid-19-point-de-situation-au-18-juin-2021\/","og_site_name":"Les associations de la ville de Thiant","article_publisher":"https:\/\/www.facebook.com\/commune.thiant.1","article_published_time":"2021-06-18T14:05:23+00:00","article_modified_time":"2021-06-18T14:23:03+00:00","og_image":[{"width":700,"height":467,"url":"https:\/\/thiant.fr\/wordpress\/associations\/wp-content\/uploads\/sites\/3\/2021\/06\/montage-1.png","type":"image\/png"}],"author":"Service communication","twitter_card":"summary_large_image","twitter_misc":{"\u00c9crit par":"Service communication","Dur\u00e9e de lecture estim\u00e9e":"4 minutes"},"schema":{"@context":"https:\/\/schema.org","@graph":[{"@type":"Article","@id":"https:\/\/thiant.fr\/wordpress\/associations\/covid-19-point-de-situation-au-18-juin-2021\/#article","isPartOf":{"@id":"https:\/\/thiant.fr\/wordpress\/associations\/covid-19-point-de-situation-au-18-juin-2021\/"},"author":{"name":"Service communication","@id":"https:\/\/thiant.fr\/wordpress\/associations\/#\/schema\/person\/f41122130d18c0720657431d990451c6"},"headline":"COVID-19 : Point de situation au 18 juin 2021","datePublished":"2021-06-18T14:05:23+00:00","dateModified":"2021-06-18T14:23:03+00:00","mainEntityOfPage":{"@id":"https:\/\/thiant.fr\/wordpress\/associations\/covid-19-point-de-situation-au-18-juin-2021\/"},"wordCount":896,"publisher":{"@id":"https:\/\/thiant.fr\/wordpress\/associations\/#organization"},"image":{"@id":"https:\/\/thiant.fr\/wordpress\/associations\/covid-19-point-de-situation-au-18-juin-2021\/#primaryimage"},"thumbnailUrl":"https:\/\/thiant.fr\/wordpress\/associations\/wp-content\/uploads\/sites\/3\/2021\/06\/montage-1.png","keywords":["coronavirus","couvre-feu","COVID-19","f\u00eate","f\u00eate de la musique","f\u00eate musique","masque","musique","Nord","point","point situation","port du masque","situation","thiant"],"articleSection":["COVID-19"],"inLanguage":"fr-FR"},{"@type":"WebPage","@id":"https:\/\/thiant.fr\/wordpress\/associations\/covid-19-point-de-situation-au-18-juin-2021\/","url":"https:\/\/thiant.fr\/wordpress\/associations\/covid-19-point-de-situation-au-18-juin-2021\/","name":"COVID-19 : Point de situation au 18 juin 2021 - Les associations de la ville de Thiant","isPartOf":{"@id":"https:\/\/thiant.fr\/wordpress\/associations\/#website"},"primaryImageOfPage":{"@id":"https:\/\/thiant.fr\/wordpress\/associations\/covid-19-point-de-situation-au-18-juin-2021\/#primaryimage"},"image":{"@id":"https:\/\/thiant.fr\/wordpress\/associations\/covid-19-point-de-situation-au-18-juin-2021\/#primaryimage"},"thumbnailUrl":"https:\/\/thiant.fr\/wordpress\/associations\/wp-content\/uploads\/sites\/3\/2021\/06\/montage-1.png","datePublished":"2021-06-18T14:05:23+00:00","dateModified":"2021-06-18T14:23:03+00:00","description":"\u00c9volution en mati\u00e8re de couvre-feu et de port du masque, protocole sanitaire applicable \u00e0 la f\u00eate de la musique.","breadcrumb":{"@id":"https:\/\/thiant.fr\/wordpress\/associations\/covid-19-point-de-situation-au-18-juin-2021\/#breadcrumb"},"inLanguage":"fr-FR","potentialAction":[{"@type":"ReadAction","target":["https:\/\/thiant.fr\/wordpress\/associations\/covid-19-point-de-situation-au-18-juin-2021\/"]}]},{"@type":"ImageObject","inLanguage":"fr-FR","@id":"https:\/\/thiant.fr\/wordpress\/associations\/covid-19-point-de-situation-au-18-juin-2021\/#primaryimage","url":"https:\/\/thiant.fr\/wordpress\/associations\/wp-content\/uploads\/sites\/3\/2021\/06\/montage-1.png","contentUrl":"https:\/\/thiant.fr\/wordpress\/associations\/wp-content\/uploads\/sites\/3\/2021\/06\/montage-1.png","width":700,"height":467},{"@type":"BreadcrumbList","@id":"https:\/\/thiant.fr\/wordpress\/associations\/covid-19-point-de-situation-au-18-juin-2021\/#breadcrumb","itemListElement":[{"@type":"ListItem","position":1,"name":"Accueil","item":"https:\/\/thiant.fr\/wordpress\/associations\/"},{"@type":"ListItem","position":2,"name":"COVID-19 : Point de situation au 18 juin 2021"}]},{"@type":"WebSite","@id":"https:\/\/thiant.fr\/wordpress\/associations\/#website","url":"https:\/\/thiant.fr\/wordpress\/associations\/","name":"Les associations de la ville de Thiant","description":"Retrouvez toutes les associations de la ville","publisher":{"@id":"https:\/\/thiant.fr\/wordpress\/associations\/#organization"},"potentialAction":[{"@type":"SearchAction","target":{"@type":"EntryPoint","urlTemplate":"https:\/\/thiant.fr\/wordpress\/associations\/?s={search_term_string}"},"query-input":{"@type":"PropertyValueSpecification","valueRequired":true,"valueName":"search_term_string"}}],"inLanguage":"fr-FR"},{"@type":"Organization","@id":"https:\/\/thiant.fr\/wordpress\/associations\/#organization","name":"Les associations de la ville de Thiant","url":"https:\/\/thiant.fr\/wordpress\/associations\/","logo":{"@type":"ImageObject","inLanguage":"fr-FR","@id":"https:\/\/thiant.fr\/wordpress\/associations\/#\/schema\/logo\/image\/","url":"https:\/\/thiant.fr\/wordpress\/associations\/wp-content\/uploads\/sites\/3\/2024\/11\/cropped-logo-asso-75.png","contentUrl":"https:\/\/thiant.fr\/wordpress\/associations\/wp-content\/uploads\/sites\/3\/2024\/11\/cropped-logo-asso-75.png","width":75,"height":75,"caption":"Les associations de la ville de Thiant"},"image":{"@id":"https:\/\/thiant.fr\/wordpress\/associations\/#\/schema\/logo\/image\/"},"sameAs":["https:\/\/www.facebook.com\/commune.thiant.1"]},{"@type":"Person","@id":"https:\/\/thiant.fr\/wordpress\/associations\/#\/schema\/person\/f41122130d18c0720657431d990451c6","name":"Service communication","image":{"@type":"ImageObject","inLanguage":"fr-FR","@id":"https:\/\/thiant.fr\/wordpress\/associations\/wp-content\/litespeed\/avatar\/3\/eeb9098e5269f97d4e67fcd6f533ccb1.jpg?ver=1777467657","url":"https:\/\/thiant.fr\/wordpress\/associations\/wp-content\/litespeed\/avatar\/3\/eeb9098e5269f97d4e67fcd6f533ccb1.jpg?ver=1777467657","contentUrl":"https:\/\/thiant.fr\/wordpress\/associations\/wp-content\/litespeed\/avatar\/3\/eeb9098e5269f97d4e67fcd6f533ccb1.jpg?ver=1777467657","caption":"Service communication"},"url":"https:\/\/thiant.fr\/wordpress\/associations\/author\/adminwpress\/"}]}},"_links":{"self":[{"href":"https:\/\/thiant.fr\/wordpress\/associations\/wp-json\/wp\/v2\/posts\/507","targetHints":{"allow":["GET"]}}],"collection":[{"href":"https:\/\/thiant.fr\/wordpress\/associations\/wp-json\/wp\/v2\/posts"}],"about":[{"href":"https:\/\/thiant.fr\/wordpress\/associations\/wp-json\/wp\/v2\/types\/post"}],"author":[{"embeddable":true,"href":"https:\/\/thiant.fr\/wordpress\/associations\/wp-json\/wp\/v2\/users\/1"}],"replies":[{"embeddable":true,"href":"https:\/\/thiant.fr\/wordpress\/associations\/wp-json\/wp\/v2\/comments?post=507"}],"version-history":[{"count":1,"href":"https:\/\/thiant.fr\/wordpress\/associations\/wp-json\/wp\/v2\/posts\/507\/revisions"}],"predecessor-version":[{"id":509,"href":"https:\/\/thiant.fr\/wordpress\/associations\/wp-json\/wp\/v2\/posts\/507\/revisions\/509"}],"wp:featuredmedia":[{"embeddable":true,"href":"https:\/\/thiant.fr\/wordpress\/associations\/wp-json\/wp\/v2\/media\/508"}],"wp:attachment":[{"href":"https:\/\/thiant.fr\/wordpress\/associations\/wp-json\/wp\/v2\/media?parent=507"}],"wp:term":[{"taxonomy":"category","embeddable":true,"href":"https:\/\/thiant.fr\/wordpress\/associations\/wp-json\/wp\/v2\/categories?post=507"},{"taxonomy":"post_tag","embeddable":true,"href":"https:\/\/thiant.fr\/wordpress\/associations\/wp-json\/wp\/v2\/tags?post=507"}],"curies":[{"name":"wp","href":"https:\/\/api.w.org\/{rel}","templated":true}]}}