{"id":702,"date":"2022-03-02T14:39:55","date_gmt":"2022-03-02T13:39:55","guid":{"rendered":"https:\/\/thiant.fr\/wordpress\/associations\/?p=702"},"modified":"2022-03-02T14:53:19","modified_gmt":"2022-03-02T13:53:19","slug":"covid-19-point-de-situation-dans-le-nord-au-1er-mars-2022","status":"publish","type":"post","link":"https:\/\/thiant.fr\/wordpress\/associations\/covid-19-point-de-situation-dans-le-nord-au-1er-mars-2022\/","title":{"rendered":"COVID-19 : Point de situation dans le Nord au 1er mars 2022"},"content":{"rendered":"\t\t<div data-elementor-type=\"wp-post\" data-elementor-id=\"702\" class=\"elementor elementor-702\">\n\t\t\t\t\t\t<section class=\"elementor-section elementor-top-section elementor-element elementor-element-e1876f4 elementor-section-boxed elementor-section-height-default elementor-section-height-default\" data-id=\"e1876f4\" data-element_type=\"section\" data-e-type=\"section\">\n\t\t\t\t\t\t<div class=\"elementor-container elementor-column-gap-default\">\n\t\t\t\t\t<div class=\"elementor-column elementor-col-33 elementor-top-column elementor-element elementor-element-eb5226b\" data-id=\"eb5226b\" data-element_type=\"column\" data-e-type=\"column\">\n\t\t\t<div class=\"elementor-widget-wrap elementor-element-populated\">\n\t\t\t\t\t\t<div class=\"elementor-element elementor-element-d3e3965 elementor-widget elementor-widget-image\" data-id=\"d3e3965\" data-element_type=\"widget\" data-e-type=\"widget\" data-widget_type=\"image.default\">\n\t\t\t\t<div class=\"elementor-widget-container\">\n\t\t\t\t\t\t\t\t\t\t\t\t\t\t\t<img decoding=\"async\" src=\"https:\/\/thiant.fr\/wordpress\/wp-content\/uploads\/2021\/03\/Logo-Prefet-Nord.png\" title=\"\" alt=\"\" loading=\"lazy\" \/>\t\t\t\t\t\t\t\t\t\t\t\t\t\t\t<\/div>\n\t\t\t\t<\/div>\n\t\t\t\t\t<\/div>\n\t\t<\/div>\n\t\t\t\t<div class=\"elementor-column elementor-col-66 elementor-top-column elementor-element elementor-element-021cf21\" data-id=\"021cf21\" data-element_type=\"column\" data-e-type=\"column\">\n\t\t\t<div class=\"elementor-widget-wrap elementor-element-populated\">\n\t\t\t\t\t\t<div class=\"elementor-element elementor-element-f62b964 elementor-widget elementor-widget-text-editor\" data-id=\"f62b964\" data-element_type=\"widget\" data-e-type=\"widget\" data-widget_type=\"text-editor.default\">\n\t\t\t\t<div class=\"elementor-widget-container\">\n\t\t\t\t\t\t\t\t\t<h4><span style=\"color: #000080;\">1 \u2013 Le protocole sanitaire all\u00e9g\u00e9 au 28 f\u00e9vrier 2022<\/span><\/h4><p><span style=\"color: #333333;\">La situation sanitaire s\u2019am\u00e9liore mais reste pr\u00e9occupante. Au 25 f\u00e9vrier 2022, le taux <\/span><span style=\"color: #333333;\">d\u2019incidence atteint 611 nouveaux cas pour 100 000 habitants sur les 7 derniers jours. <strong>Dans ce <\/strong><\/span><strong><span style=\"color: #333333;\">contexte, le respect des gestes barri\u00e8res reste indispensable pour lutter efficacement <\/span><span style=\"color: #333333;\">contre l\u2019\u00e9pid\u00e9mie.<\/span><\/strong><\/p><p><span style=\"color: #333333;\">Depuis le 28 f\u00e9vrier, la doctrine relative au d\u00e9pistage des personnes contacts et au port du <\/span><span style=\"color: #333333;\">masque est assouplie.<\/span><\/p><p><span style=\"color: #333333;\">Au regard de l\u2019\u00e9volution favorable de la situation sanitaire, le minist\u00e8re des Solidarit\u00e9s et de la <\/span><span style=\"color: #333333;\">Sant\u00e9 a saisi le Haut Conseil de la sant\u00e9 publique pour \u00e9valuer la possibilit\u00e9 de <strong>faire \u00e9voluer le <\/strong><\/span><strong><span style=\"color: #333333;\">protocole sanitaire en population g\u00e9n\u00e9rale.<\/span><\/strong><\/p><p><span style=\"color: #333333;\">\u00c0 la suite de cet avis, <strong>le Gouvernement a d\u00e9cid\u00e9 d\u2019assouplir plusieurs contraintes pesant sur <\/strong><\/span><strong><span style=\"color: #333333;\">les Fran\u00e7ais \u00e0 partir du 28 f\u00e9vrier 2022, \u00e9ch\u00e9ance \u00e0 laquelle est constat\u00e9 quatre semaines de <\/span><span style=\"color: #333333;\">baisse continue de l\u2019incidence.<\/span><\/strong><\/p><p><span style=\"color: #333333;\">Les all\u00e8gements suivants entrent en vigueur le 28 f\u00e9vrier :<\/span><\/p><ul><li><strong><span style=\"color: #333333;\">le dispositif de d\u00e9pistage des personnes ayant eu un contact avec une personne test\u00e9e <\/span><\/strong><span style=\"color: #333333;\"><strong>positive est all\u00e9g\u00e9.<\/strong> Les personnes contacts n\u2019auront plus \u00e0 r\u00e9aliser qu\u2019un seul test <\/span><span style=\"color: #333333;\">(autotest, test antig\u00e9nique ou test RT-PCR) \u00e0 J+2 au lieu de trois (\u00e0 J0, J+2 et J+4). Dans le <\/span><span style=\"color: #333333;\">cas d\u2019un autotest positif, la personne devra faire un test antig\u00e9nique ou un test RT-PCR <\/span><span style=\"color: #333333;\">de confirmation. Les r\u00e8gles d\u2019isolement demeurent inchang\u00e9es pour les personnes <\/span><span style=\"color: #333333;\">positives ;<\/span><\/li><li><span style=\"color: #333333;\"><strong>\u00e0 l\u2019exception des transports, le port du masque n&#8217;est plus obligatoire dans tous les lieux clos et \u00e9v\u00e9nements soumis au passe vaccinal.<\/strong> Pour rappel, depuis le 2 f\u00e9vrier 2022, le port du masque n&#8217;est plus exig\u00e9 en ext\u00e9rieur. Le port du masque reste pr\u00e9conis\u00e9 en cas de regroupement de personnes avec une forte densit\u00e9.<\/span><\/li><\/ul><p><span style=\"color: #333333;\"><strong>Depuis le 16 f\u00e9vrier, le protocole sanitaire applicable aux commerces \u00e9volue.<\/strong> Pour les bars et <\/span><span style=\"color: #333333;\">restaurant notamment, il sera d\u00e9sormais possible de commander au bar par exemple.<\/span><\/p><p><span style=\"color: #333333;\">Consultez ce protocole sanitaire all\u00e9g\u00e9 : <a href=\"https:\/\/www.economie.gouv.fr\/files\/files\/directions_services\/covid19-soutien-entreprises\/Protocole_sanitaire_HCR.pdf?v=1644939371\" target=\"_blank\" rel=\"noopener\">lien<\/a><\/span><\/p><h4><span style=\"color: #000080;\">2 \u2013 Mise en \u0153uvre du passe vaccinal<\/span><\/h4><p><span style=\"color: #333333;\">Le passe vaccinal concerne toute personne \u00e2g\u00e9e de plus de 16 ans. Il ne s\u2019applique pas aux <\/span><span style=\"color: #333333;\">mineurs \u00e2g\u00e9s de 12 \u00e0 15 ans. C\u2019est donc le passe sanitaire &#8211; qui inclut la possibilit\u00e9 <\/span><span style=\"color: #333333;\">suppl\u00e9mentaire de pr\u00e9senter la preuve d&#8217;un test n\u00e9gatif de moins de 24h &#8211; qui demeure en <\/span><span style=\"color: #333333;\">vigueur pour cette tranche d\u2019\u00e2ge.<\/span><\/p><p><strong><span style=\"color: #333333;\">Quelles sont les preuves recevables ?<\/span><\/strong><\/p><p><span style=\"color: #333333;\">Pour disposer du passe vaccinal, il convient de pr\u00e9senter l&#8217;une de ces trois preuves :<\/span><\/p><ul><li><span style=\"color: #333333;\">un certificat de vaccination attestant d\u2019un sch\u00e9ma vaccinal complet, dose de rappel <\/span><span style=\"color: #333333;\">comprise dans le d\u00e9lai imparti pour les personnes \u00e0 partir de 18 ans et 1 mois qui sont y <\/span><span style=\"color: #333333;\">\u00e9ligibles ;<\/span><\/li><li><span style=\"color: #333333;\">un certificat de r\u00e9tablissement au Covid-19 datant d&#8217;au moins 11 jours et de moins de <\/span><span style=\"color: #333333;\">quatre mois ;<\/span><\/li><li><span style=\"color: #333333;\">un certificat de contre-indication m\u00e9dicale faisant obstacle \u00e0 la vaccination. Les personnes concern\u00e9es se voient ainsi d\u00e9livrer par leur m\u00e9decin un document pouvant \u00eatre pr\u00e9sent\u00e9 dans les lieux, services, \u00e9tablissements et \u00e9v\u00e9nements o\u00f9 le passe vaccinal est exig\u00e9.<\/span><\/li><\/ul><p><strong><span style=\"color: #333333;\">O\u00f9 est-il exig\u00e9 ?<\/span><\/strong><\/p><p><span style=\"color: #333333;\">Le passe vaccinal est exig\u00e9 pour :<\/span><\/p><ul><li><span style=\"color: #333333;\">acc\u00e9der aux lieux de loisirs et de culture (notamment les salles de spectacle, les parcs <\/span><span style=\"color: #333333;\">d\u2019attractions, les salles de concert, les festivals, les salles de sport, les salles de jeux, les <\/span><span style=\"color: #333333;\">biblioth\u00e8ques et les centres de documentation, ou encore les cin\u00e9mas) ;<\/span><\/li><li><span style=\"color: #333333;\">les activit\u00e9s de restauration commerciale (bars et restaurants, y compris sur les <\/span><span style=\"color: #333333;\">terrasses), \u00e0 l\u2019exception de la restauration collective ou de vente \u00e0 emporter de plats <\/span><span style=\"color: #333333;\">pr\u00e9par\u00e9s, de la restauration professionnelle routi\u00e8re et ferroviaire, du room service des <\/span><span style=\"color: #333333;\">restaurants et bars d\u2019h\u00f4tels et de la restauration non commerciale, notamment la <\/span><span style=\"color: #333333;\">distribution gratuite de repas ;<\/span><\/li><li><span style=\"color: #333333;\">les foires et salons professionnels, et les s\u00e9minaires professionnels s\u2019ils ont lieu \u00e0 <\/span><span style=\"color: #333333;\">l\u2019ext\u00e9rieur de l\u2019entreprise et rassemblent plus de 50 personnes ;<\/span><\/li><li><span style=\"color: #333333;\">les d\u00e9placements de longue distance par transports publics interr\u00e9gionaux (vols <\/span><span style=\"color: #333333;\">int\u00e9rieurs, trajets en TGV, Intercit\u00e9s et trains de nuit, cars interr\u00e9gionaux) ;<\/span><\/li><li><span style=\"color: #333333;\">les remont\u00e9es m\u00e9caniques dans les stations de ski ;<\/span><\/li><li><span style=\"color: #333333;\">l&#8217;acc\u00e8s aux h\u00e9bergements touristiques de type campings ou clubs de vacances avec un <\/span><span style=\"color: #333333;\">contr\u00f4le unique au d\u00e9but du s\u00e9jour.<\/span><\/li><\/ul><p><span style=\"color: #333333;\">Les services et \u00e9tablissements de sant\u00e9 et m\u00e9dico-sociaux, pour les personnes accompagnant <\/span><span style=\"color: #333333;\">ou rendant visite aux personnes accueillies dans ces services et \u00e9tablissements ainsi que pour <\/span><span style=\"color: #333333;\">celles qui y sont accueillies pour des soins programm\u00e9s restent soumis au passe sanitaire, sauf <\/span><span style=\"color: #333333;\">urgence, et non au passe vaccinal.<\/span><\/p><p><span style=\"color: #333333;\">Ces r\u00e8gles concernant le passe vaccinal s\u2019appliquent aux clients et aux usagers des <\/span><span style=\"color: #333333;\">\u00e9tablissements et activit\u00e9s concern\u00e9s. Il est de la responsabilit\u00e9 des exploitants de mettre en <\/span><span style=\"color: #333333;\">\u0153uvre le passe vaccinal dans leurs \u00e9tablissements.<\/span><\/p><p><span style=\"color: #333333;\">Le passe vaccinal est applicable aux personnes et aux salari\u00e9s qui interviennent dans ces lieux, <\/span><span style=\"color: #333333;\">\u00e9tablissements, services ou \u00e9v\u00e9nements, et sont en contact avec le public.<\/span><\/p>\t\t\t\t\t\t\t\t<\/div>\n\t\t\t\t<\/div>\n\t\t\t\t\t<\/div>\n\t\t<\/div>\n\t\t\t\t\t<\/div>\n\t\t<\/section>\n\t\t\t\t<\/div>\n\t\t","protected":false},"excerpt":{"rendered":"<p>1 \u2013 Le protocole sanitaire all\u00e9g\u00e9 au 28 f\u00e9vrier 2022 La situation sanitaire s\u2019am\u00e9liore mais reste pr\u00e9occupante. Au 25 f\u00e9vrier 2022, le taux d\u2019incidence atteint 611 nouveaux cas pour 100 000 habitants sur les 7 derniers jours. Dans ce contexte, le respect des gestes barri\u00e8res reste indispensable pour lutter efficacement contre l\u2019\u00e9pid\u00e9mie. Depuis le 28 [&hellip;]<\/p>\n","protected":false},"author":1,"featured_media":703,"comment_status":"closed","ping_status":"closed","sticky":false,"template":"","format":"standard","meta":{"_crdt_document":"","ocean_post_layout":"","ocean_both_sidebars_style":"","ocean_both_sidebars_content_width":0,"ocean_both_sidebars_sidebars_width":0,"ocean_sidebar":"0","ocean_second_sidebar":"0","ocean_disable_margins":"enable","ocean_add_body_class":"","ocean_shortcode_before_top_bar":"","ocean_shortcode_after_top_bar":"","ocean_shortcode_before_header":"","ocean_shortcode_after_header":"","ocean_has_shortcode":"","ocean_shortcode_after_title":"","ocean_shortcode_before_footer_widgets":"","ocean_shortcode_after_footer_widgets":"","ocean_shortcode_before_footer_bottom":"","ocean_shortcode_after_footer_bottom":"","ocean_display_top_bar":"default","ocean_display_header":"default","ocean_header_style":"","ocean_center_header_left_menu":"0","ocean_custom_header_template":"0","ocean_custom_logo":0,"ocean_custom_retina_logo":0,"ocean_custom_logo_max_width":0,"ocean_custom_logo_tablet_max_width":0,"ocean_custom_logo_mobile_max_width":0,"ocean_custom_logo_max_height":0,"ocean_custom_logo_tablet_max_height":0,"ocean_custom_logo_mobile_max_height":0,"ocean_header_custom_menu":"0","ocean_menu_typo_font_family":"0","ocean_menu_typo_font_subset":"","ocean_menu_typo_font_size":0,"ocean_menu_typo_font_size_tablet":0,"ocean_menu_typo_font_size_mobile":0,"ocean_menu_typo_font_size_unit":"px","ocean_menu_typo_font_weight":"","ocean_menu_typo_font_weight_tablet":"","ocean_menu_typo_font_weight_mobile":"","ocean_menu_typo_transform":"","ocean_menu_typo_transform_tablet":"","ocean_menu_typo_transform_mobile":"","ocean_menu_typo_line_height":0,"ocean_menu_typo_line_height_tablet":0,"ocean_menu_typo_line_height_mobile":0,"ocean_menu_typo_line_height_unit":"","ocean_menu_typo_spacing":0,"ocean_menu_typo_spacing_tablet":0,"ocean_menu_typo_spacing_mobile":0,"ocean_menu_typo_spacing_unit":"","ocean_menu_link_color":"","ocean_menu_link_color_hover":"","ocean_menu_link_color_active":"","ocean_menu_link_background":"","ocean_menu_link_hover_background":"","ocean_menu_link_active_background":"","ocean_menu_social_links_bg":"","ocean_menu_social_hover_links_bg":"","ocean_menu_social_links_color":"","ocean_menu_social_hover_links_color":"","ocean_disable_title":"default","ocean_disable_heading":"default","ocean_post_title":"","ocean_post_subheading":"","ocean_post_title_style":"","ocean_post_title_background_color":"","ocean_post_title_background":0,"ocean_post_title_bg_image_position":"","ocean_post_title_bg_image_attachment":"","ocean_post_title_bg_image_repeat":"","ocean_post_title_bg_image_size":"","ocean_post_title_height":0,"ocean_post_title_bg_overlay":0.5,"ocean_post_title_bg_overlay_color":"","ocean_disable_breadcrumbs":"default","ocean_breadcrumbs_color":"","ocean_breadcrumbs_separator_color":"","ocean_breadcrumbs_links_color":"","ocean_breadcrumbs_links_hover_color":"","ocean_display_footer_widgets":"default","ocean_display_footer_bottom":"default","ocean_custom_footer_template":"0","ocean_post_oembed":"","ocean_post_self_hosted_media":"","ocean_post_video_embed":"","ocean_link_format":"","ocean_link_format_target":"self","ocean_quote_format":"","ocean_quote_format_link":"post","ocean_gallery_link_images":"off","ocean_gallery_id":[],"footnotes":""},"categories":[142],"tags":[362,99,113,114,115,295,336,116,77],"class_list":["post-702","post","type-post","status-publish","format-standard","has-post-thumbnail","hentry","category-covid-19","tag-allegement","tag-coronavirus","tag-covid-19","tag-nord","tag-point","tag-point-situation","tag-protocole-sanitaire","tag-situation","tag-thiant","entry","has-media"],"yoast_head":"<!-- This site is optimized with the Yoast SEO plugin v27.3 - https:\/\/yoast.com\/product\/yoast-seo-wordpress\/ -->\n<title>COVID-19 : Point de situation dans le Nord au 1er mars 2022 - Les associations de la ville de Thiant<\/title>\n<meta name=\"description\" content=\"All\u00e8gement du protocole sanitaire au 28 f\u00e9vrier 2022 et d\u00e9tails sur la mise en \u0153uvre du pass vaccinal dans le d\u00e9partement du Nord.\" \/>\n<meta name=\"robots\" content=\"index, follow, max-snippet:-1, max-image-preview:large, max-video-preview:-1\" \/>\n<link rel=\"canonical\" href=\"https:\/\/thiant.fr\/wordpress\/associations\/covid-19-point-de-situation-dans-le-nord-au-1er-mars-2022\/\" \/>\n<meta property=\"og:locale\" content=\"fr_FR\" \/>\n<meta property=\"og:type\" content=\"article\" \/>\n<meta property=\"og:title\" content=\"COVID-19 : Point de situation dans le Nord au 1er mars 2022 - Les associations de la ville de Thiant\" \/>\n<meta property=\"og:description\" content=\"All\u00e8gement du protocole sanitaire au 28 f\u00e9vrier 2022 et d\u00e9tails sur la mise en \u0153uvre du pass vaccinal dans le d\u00e9partement du Nord.\" \/>\n<meta property=\"og:url\" content=\"https:\/\/thiant.fr\/wordpress\/associations\/covid-19-point-de-situation-dans-le-nord-au-1er-mars-2022\/\" \/>\n<meta property=\"og:site_name\" content=\"Les associations de la ville de Thiant\" \/>\n<meta property=\"article:publisher\" content=\"https:\/\/www.facebook.com\/commune.thiant.1\" \/>\n<meta property=\"article:published_time\" content=\"2022-03-02T13:39:55+00:00\" \/>\n<meta property=\"article:modified_time\" content=\"2022-03-02T13:53:19+00:00\" \/>\n<meta property=\"og:image\" content=\"https:\/\/thiant.fr\/wordpress\/associations\/wp-content\/uploads\/sites\/3\/2022\/03\/img-en-avant-public-sans-masque.jpg\" \/>\n\t<meta property=\"og:image:width\" content=\"730\" \/>\n\t<meta property=\"og:image:height\" content=\"488\" \/>\n\t<meta property=\"og:image:type\" content=\"image\/jpeg\" \/>\n<meta name=\"author\" content=\"Service communication\" \/>\n<meta name=\"twitter:card\" content=\"summary_large_image\" \/>\n<meta name=\"twitter:label1\" content=\"\u00c9crit par\" \/>\n\t<meta name=\"twitter:data1\" content=\"Service communication\" \/>\n\t<meta name=\"twitter:label2\" content=\"Dur\u00e9e de lecture estim\u00e9e\" \/>\n\t<meta name=\"twitter:data2\" content=\"5 minutes\" \/>\n<script type=\"application\/ld+json\" class=\"yoast-schema-graph\">{\"@context\":\"https:\\\/\\\/schema.org\",\"@graph\":[{\"@type\":\"Article\",\"@id\":\"https:\\\/\\\/thiant.fr\\\/wordpress\\\/associations\\\/covid-19-point-de-situation-dans-le-nord-au-1er-mars-2022\\\/#article\",\"isPartOf\":{\"@id\":\"https:\\\/\\\/thiant.fr\\\/wordpress\\\/associations\\\/covid-19-point-de-situation-dans-le-nord-au-1er-mars-2022\\\/\"},\"author\":{\"name\":\"Service communication\",\"@id\":\"https:\\\/\\\/thiant.fr\\\/wordpress\\\/associations\\\/#\\\/schema\\\/person\\\/f41122130d18c0720657431d990451c6\"},\"headline\":\"COVID-19 : Point de situation dans le Nord au 1er mars 2022\",\"datePublished\":\"2022-03-02T13:39:55+00:00\",\"dateModified\":\"2022-03-02T13:53:19+00:00\",\"mainEntityOfPage\":{\"@id\":\"https:\\\/\\\/thiant.fr\\\/wordpress\\\/associations\\\/covid-19-point-de-situation-dans-le-nord-au-1er-mars-2022\\\/\"},\"wordCount\":840,\"publisher\":{\"@id\":\"https:\\\/\\\/thiant.fr\\\/wordpress\\\/associations\\\/#organization\"},\"image\":{\"@id\":\"https:\\\/\\\/thiant.fr\\\/wordpress\\\/associations\\\/covid-19-point-de-situation-dans-le-nord-au-1er-mars-2022\\\/#primaryimage\"},\"thumbnailUrl\":\"https:\\\/\\\/thiant.fr\\\/wordpress\\\/associations\\\/wp-content\\\/uploads\\\/sites\\\/3\\\/2022\\\/03\\\/img-en-avant-public-sans-masque.jpg\",\"keywords\":[\"all\u00e8gement\",\"coronavirus\",\"COVID-19\",\"Nord\",\"point\",\"point situation\",\"protocole sanitaire\",\"situation\",\"thiant\"],\"articleSection\":[\"COVID-19\"],\"inLanguage\":\"fr-FR\"},{\"@type\":\"WebPage\",\"@id\":\"https:\\\/\\\/thiant.fr\\\/wordpress\\\/associations\\\/covid-19-point-de-situation-dans-le-nord-au-1er-mars-2022\\\/\",\"url\":\"https:\\\/\\\/thiant.fr\\\/wordpress\\\/associations\\\/covid-19-point-de-situation-dans-le-nord-au-1er-mars-2022\\\/\",\"name\":\"COVID-19 : Point de situation dans le Nord au 1er mars 2022 - Les associations de la ville de Thiant\",\"isPartOf\":{\"@id\":\"https:\\\/\\\/thiant.fr\\\/wordpress\\\/associations\\\/#website\"},\"primaryImageOfPage\":{\"@id\":\"https:\\\/\\\/thiant.fr\\\/wordpress\\\/associations\\\/covid-19-point-de-situation-dans-le-nord-au-1er-mars-2022\\\/#primaryimage\"},\"image\":{\"@id\":\"https:\\\/\\\/thiant.fr\\\/wordpress\\\/associations\\\/covid-19-point-de-situation-dans-le-nord-au-1er-mars-2022\\\/#primaryimage\"},\"thumbnailUrl\":\"https:\\\/\\\/thiant.fr\\\/wordpress\\\/associations\\\/wp-content\\\/uploads\\\/sites\\\/3\\\/2022\\\/03\\\/img-en-avant-public-sans-masque.jpg\",\"datePublished\":\"2022-03-02T13:39:55+00:00\",\"dateModified\":\"2022-03-02T13:53:19+00:00\",\"description\":\"All\u00e8gement du protocole sanitaire au 28 f\u00e9vrier 2022 et d\u00e9tails sur la mise en \u0153uvre du pass vaccinal dans le d\u00e9partement du Nord.\",\"breadcrumb\":{\"@id\":\"https:\\\/\\\/thiant.fr\\\/wordpress\\\/associations\\\/covid-19-point-de-situation-dans-le-nord-au-1er-mars-2022\\\/#breadcrumb\"},\"inLanguage\":\"fr-FR\",\"potentialAction\":[{\"@type\":\"ReadAction\",\"target\":[\"https:\\\/\\\/thiant.fr\\\/wordpress\\\/associations\\\/covid-19-point-de-situation-dans-le-nord-au-1er-mars-2022\\\/\"]}]},{\"@type\":\"ImageObject\",\"inLanguage\":\"fr-FR\",\"@id\":\"https:\\\/\\\/thiant.fr\\\/wordpress\\\/associations\\\/covid-19-point-de-situation-dans-le-nord-au-1er-mars-2022\\\/#primaryimage\",\"url\":\"https:\\\/\\\/thiant.fr\\\/wordpress\\\/associations\\\/wp-content\\\/uploads\\\/sites\\\/3\\\/2022\\\/03\\\/img-en-avant-public-sans-masque.jpg\",\"contentUrl\":\"https:\\\/\\\/thiant.fr\\\/wordpress\\\/associations\\\/wp-content\\\/uploads\\\/sites\\\/3\\\/2022\\\/03\\\/img-en-avant-public-sans-masque.jpg\",\"width\":730,\"height\":488},{\"@type\":\"BreadcrumbList\",\"@id\":\"https:\\\/\\\/thiant.fr\\\/wordpress\\\/associations\\\/covid-19-point-de-situation-dans-le-nord-au-1er-mars-2022\\\/#breadcrumb\",\"itemListElement\":[{\"@type\":\"ListItem\",\"position\":1,\"name\":\"Accueil\",\"item\":\"https:\\\/\\\/thiant.fr\\\/wordpress\\\/associations\\\/\"},{\"@type\":\"ListItem\",\"position\":2,\"name\":\"COVID-19 : Point de situation dans le Nord au 1er mars 2022\"}]},{\"@type\":\"WebSite\",\"@id\":\"https:\\\/\\\/thiant.fr\\\/wordpress\\\/associations\\\/#website\",\"url\":\"https:\\\/\\\/thiant.fr\\\/wordpress\\\/associations\\\/\",\"name\":\"Les associations de la ville de Thiant\",\"description\":\"Retrouvez toutes les associations de la ville\",\"publisher\":{\"@id\":\"https:\\\/\\\/thiant.fr\\\/wordpress\\\/associations\\\/#organization\"},\"potentialAction\":[{\"@type\":\"SearchAction\",\"target\":{\"@type\":\"EntryPoint\",\"urlTemplate\":\"https:\\\/\\\/thiant.fr\\\/wordpress\\\/associations\\\/?s={search_term_string}\"},\"query-input\":{\"@type\":\"PropertyValueSpecification\",\"valueRequired\":true,\"valueName\":\"search_term_string\"}}],\"inLanguage\":\"fr-FR\"},{\"@type\":\"Organization\",\"@id\":\"https:\\\/\\\/thiant.fr\\\/wordpress\\\/associations\\\/#organization\",\"name\":\"Les associations de la ville de Thiant\",\"url\":\"https:\\\/\\\/thiant.fr\\\/wordpress\\\/associations\\\/\",\"logo\":{\"@type\":\"ImageObject\",\"inLanguage\":\"fr-FR\",\"@id\":\"https:\\\/\\\/thiant.fr\\\/wordpress\\\/associations\\\/#\\\/schema\\\/logo\\\/image\\\/\",\"url\":\"https:\\\/\\\/thiant.fr\\\/wordpress\\\/associations\\\/wp-content\\\/uploads\\\/sites\\\/3\\\/2024\\\/11\\\/cropped-logo-asso-75.png\",\"contentUrl\":\"https:\\\/\\\/thiant.fr\\\/wordpress\\\/associations\\\/wp-content\\\/uploads\\\/sites\\\/3\\\/2024\\\/11\\\/cropped-logo-asso-75.png\",\"width\":75,\"height\":75,\"caption\":\"Les associations de la ville de Thiant\"},\"image\":{\"@id\":\"https:\\\/\\\/thiant.fr\\\/wordpress\\\/associations\\\/#\\\/schema\\\/logo\\\/image\\\/\"},\"sameAs\":[\"https:\\\/\\\/www.facebook.com\\\/commune.thiant.1\"]},{\"@type\":\"Person\",\"@id\":\"https:\\\/\\\/thiant.fr\\\/wordpress\\\/associations\\\/#\\\/schema\\\/person\\\/f41122130d18c0720657431d990451c6\",\"name\":\"Service communication\",\"image\":{\"@type\":\"ImageObject\",\"inLanguage\":\"fr-FR\",\"@id\":\"https:\\\/\\\/thiant.fr\\\/wordpress\\\/associations\\\/wp-content\\\/litespeed\\\/avatar\\\/3\\\/eeb9098e5269f97d4e67fcd6f533ccb1.jpg?ver=1777467657\",\"url\":\"https:\\\/\\\/thiant.fr\\\/wordpress\\\/associations\\\/wp-content\\\/litespeed\\\/avatar\\\/3\\\/eeb9098e5269f97d4e67fcd6f533ccb1.jpg?ver=1777467657\",\"contentUrl\":\"https:\\\/\\\/thiant.fr\\\/wordpress\\\/associations\\\/wp-content\\\/litespeed\\\/avatar\\\/3\\\/eeb9098e5269f97d4e67fcd6f533ccb1.jpg?ver=1777467657\",\"caption\":\"Service communication\"},\"url\":\"https:\\\/\\\/thiant.fr\\\/wordpress\\\/associations\\\/author\\\/adminwpress\\\/\"}]}<\/script>\n<!-- \/ Yoast SEO plugin. -->","yoast_head_json":{"title":"COVID-19 : Point de situation dans le Nord au 1er mars 2022 - Les associations de la ville de Thiant","description":"All\u00e8gement du protocole sanitaire au 28 f\u00e9vrier 2022 et d\u00e9tails sur la mise en \u0153uvre du pass vaccinal dans le d\u00e9partement du Nord.","robots":{"index":"index","follow":"follow","max-snippet":"max-snippet:-1","max-image-preview":"max-image-preview:large","max-video-preview":"max-video-preview:-1"},"canonical":"https:\/\/thiant.fr\/wordpress\/associations\/covid-19-point-de-situation-dans-le-nord-au-1er-mars-2022\/","og_locale":"fr_FR","og_type":"article","og_title":"COVID-19 : Point de situation dans le Nord au 1er mars 2022 - Les associations de la ville de Thiant","og_description":"All\u00e8gement du protocole sanitaire au 28 f\u00e9vrier 2022 et d\u00e9tails sur la mise en \u0153uvre du pass vaccinal dans le d\u00e9partement du Nord.","og_url":"https:\/\/thiant.fr\/wordpress\/associations\/covid-19-point-de-situation-dans-le-nord-au-1er-mars-2022\/","og_site_name":"Les associations de la ville de Thiant","article_publisher":"https:\/\/www.facebook.com\/commune.thiant.1","article_published_time":"2022-03-02T13:39:55+00:00","article_modified_time":"2022-03-02T13:53:19+00:00","og_image":[{"width":730,"height":488,"url":"https:\/\/thiant.fr\/wordpress\/associations\/wp-content\/uploads\/sites\/3\/2022\/03\/img-en-avant-public-sans-masque.jpg","type":"image\/jpeg"}],"author":"Service communication","twitter_card":"summary_large_image","twitter_misc":{"\u00c9crit par":"Service communication","Dur\u00e9e de lecture estim\u00e9e":"5 minutes"},"schema":{"@context":"https:\/\/schema.org","@graph":[{"@type":"Article","@id":"https:\/\/thiant.fr\/wordpress\/associations\/covid-19-point-de-situation-dans-le-nord-au-1er-mars-2022\/#article","isPartOf":{"@id":"https:\/\/thiant.fr\/wordpress\/associations\/covid-19-point-de-situation-dans-le-nord-au-1er-mars-2022\/"},"author":{"name":"Service communication","@id":"https:\/\/thiant.fr\/wordpress\/associations\/#\/schema\/person\/f41122130d18c0720657431d990451c6"},"headline":"COVID-19 : Point de situation dans le Nord au 1er mars 2022","datePublished":"2022-03-02T13:39:55+00:00","dateModified":"2022-03-02T13:53:19+00:00","mainEntityOfPage":{"@id":"https:\/\/thiant.fr\/wordpress\/associations\/covid-19-point-de-situation-dans-le-nord-au-1er-mars-2022\/"},"wordCount":840,"publisher":{"@id":"https:\/\/thiant.fr\/wordpress\/associations\/#organization"},"image":{"@id":"https:\/\/thiant.fr\/wordpress\/associations\/covid-19-point-de-situation-dans-le-nord-au-1er-mars-2022\/#primaryimage"},"thumbnailUrl":"https:\/\/thiant.fr\/wordpress\/associations\/wp-content\/uploads\/sites\/3\/2022\/03\/img-en-avant-public-sans-masque.jpg","keywords":["all\u00e8gement","coronavirus","COVID-19","Nord","point","point situation","protocole sanitaire","situation","thiant"],"articleSection":["COVID-19"],"inLanguage":"fr-FR"},{"@type":"WebPage","@id":"https:\/\/thiant.fr\/wordpress\/associations\/covid-19-point-de-situation-dans-le-nord-au-1er-mars-2022\/","url":"https:\/\/thiant.fr\/wordpress\/associations\/covid-19-point-de-situation-dans-le-nord-au-1er-mars-2022\/","name":"COVID-19 : Point de situation dans le Nord au 1er mars 2022 - Les associations de la ville de Thiant","isPartOf":{"@id":"https:\/\/thiant.fr\/wordpress\/associations\/#website"},"primaryImageOfPage":{"@id":"https:\/\/thiant.fr\/wordpress\/associations\/covid-19-point-de-situation-dans-le-nord-au-1er-mars-2022\/#primaryimage"},"image":{"@id":"https:\/\/thiant.fr\/wordpress\/associations\/covid-19-point-de-situation-dans-le-nord-au-1er-mars-2022\/#primaryimage"},"thumbnailUrl":"https:\/\/thiant.fr\/wordpress\/associations\/wp-content\/uploads\/sites\/3\/2022\/03\/img-en-avant-public-sans-masque.jpg","datePublished":"2022-03-02T13:39:55+00:00","dateModified":"2022-03-02T13:53:19+00:00","description":"All\u00e8gement du protocole sanitaire au 28 f\u00e9vrier 2022 et d\u00e9tails sur la mise en \u0153uvre du pass vaccinal dans le d\u00e9partement du Nord.","breadcrumb":{"@id":"https:\/\/thiant.fr\/wordpress\/associations\/covid-19-point-de-situation-dans-le-nord-au-1er-mars-2022\/#breadcrumb"},"inLanguage":"fr-FR","potentialAction":[{"@type":"ReadAction","target":["https:\/\/thiant.fr\/wordpress\/associations\/covid-19-point-de-situation-dans-le-nord-au-1er-mars-2022\/"]}]},{"@type":"ImageObject","inLanguage":"fr-FR","@id":"https:\/\/thiant.fr\/wordpress\/associations\/covid-19-point-de-situation-dans-le-nord-au-1er-mars-2022\/#primaryimage","url":"https:\/\/thiant.fr\/wordpress\/associations\/wp-content\/uploads\/sites\/3\/2022\/03\/img-en-avant-public-sans-masque.jpg","contentUrl":"https:\/\/thiant.fr\/wordpress\/associations\/wp-content\/uploads\/sites\/3\/2022\/03\/img-en-avant-public-sans-masque.jpg","width":730,"height":488},{"@type":"BreadcrumbList","@id":"https:\/\/thiant.fr\/wordpress\/associations\/covid-19-point-de-situation-dans-le-nord-au-1er-mars-2022\/#breadcrumb","itemListElement":[{"@type":"ListItem","position":1,"name":"Accueil","item":"https:\/\/thiant.fr\/wordpress\/associations\/"},{"@type":"ListItem","position":2,"name":"COVID-19 : Point de situation dans le Nord au 1er mars 2022"}]},{"@type":"WebSite","@id":"https:\/\/thiant.fr\/wordpress\/associations\/#website","url":"https:\/\/thiant.fr\/wordpress\/associations\/","name":"Les associations de la ville de Thiant","description":"Retrouvez toutes les associations de la ville","publisher":{"@id":"https:\/\/thiant.fr\/wordpress\/associations\/#organization"},"potentialAction":[{"@type":"SearchAction","target":{"@type":"EntryPoint","urlTemplate":"https:\/\/thiant.fr\/wordpress\/associations\/?s={search_term_string}"},"query-input":{"@type":"PropertyValueSpecification","valueRequired":true,"valueName":"search_term_string"}}],"inLanguage":"fr-FR"},{"@type":"Organization","@id":"https:\/\/thiant.fr\/wordpress\/associations\/#organization","name":"Les associations de la ville de Thiant","url":"https:\/\/thiant.fr\/wordpress\/associations\/","logo":{"@type":"ImageObject","inLanguage":"fr-FR","@id":"https:\/\/thiant.fr\/wordpress\/associations\/#\/schema\/logo\/image\/","url":"https:\/\/thiant.fr\/wordpress\/associations\/wp-content\/uploads\/sites\/3\/2024\/11\/cropped-logo-asso-75.png","contentUrl":"https:\/\/thiant.fr\/wordpress\/associations\/wp-content\/uploads\/sites\/3\/2024\/11\/cropped-logo-asso-75.png","width":75,"height":75,"caption":"Les associations de la ville de Thiant"},"image":{"@id":"https:\/\/thiant.fr\/wordpress\/associations\/#\/schema\/logo\/image\/"},"sameAs":["https:\/\/www.facebook.com\/commune.thiant.1"]},{"@type":"Person","@id":"https:\/\/thiant.fr\/wordpress\/associations\/#\/schema\/person\/f41122130d18c0720657431d990451c6","name":"Service communication","image":{"@type":"ImageObject","inLanguage":"fr-FR","@id":"https:\/\/thiant.fr\/wordpress\/associations\/wp-content\/litespeed\/avatar\/3\/eeb9098e5269f97d4e67fcd6f533ccb1.jpg?ver=1777467657","url":"https:\/\/thiant.fr\/wordpress\/associations\/wp-content\/litespeed\/avatar\/3\/eeb9098e5269f97d4e67fcd6f533ccb1.jpg?ver=1777467657","contentUrl":"https:\/\/thiant.fr\/wordpress\/associations\/wp-content\/litespeed\/avatar\/3\/eeb9098e5269f97d4e67fcd6f533ccb1.jpg?ver=1777467657","caption":"Service communication"},"url":"https:\/\/thiant.fr\/wordpress\/associations\/author\/adminwpress\/"}]}},"_links":{"self":[{"href":"https:\/\/thiant.fr\/wordpress\/associations\/wp-json\/wp\/v2\/posts\/702","targetHints":{"allow":["GET"]}}],"collection":[{"href":"https:\/\/thiant.fr\/wordpress\/associations\/wp-json\/wp\/v2\/posts"}],"about":[{"href":"https:\/\/thiant.fr\/wordpress\/associations\/wp-json\/wp\/v2\/types\/post"}],"author":[{"embeddable":true,"href":"https:\/\/thiant.fr\/wordpress\/associations\/wp-json\/wp\/v2\/users\/1"}],"replies":[{"embeddable":true,"href":"https:\/\/thiant.fr\/wordpress\/associations\/wp-json\/wp\/v2\/comments?post=702"}],"version-history":[{"count":2,"href":"https:\/\/thiant.fr\/wordpress\/associations\/wp-json\/wp\/v2\/posts\/702\/revisions"}],"predecessor-version":[{"id":705,"href":"https:\/\/thiant.fr\/wordpress\/associations\/wp-json\/wp\/v2\/posts\/702\/revisions\/705"}],"wp:featuredmedia":[{"embeddable":true,"href":"https:\/\/thiant.fr\/wordpress\/associations\/wp-json\/wp\/v2\/media\/703"}],"wp:attachment":[{"href":"https:\/\/thiant.fr\/wordpress\/associations\/wp-json\/wp\/v2\/media?parent=702"}],"wp:term":[{"taxonomy":"category","embeddable":true,"href":"https:\/\/thiant.fr\/wordpress\/associations\/wp-json\/wp\/v2\/categories?post=702"},{"taxonomy":"post_tag","embeddable":true,"href":"https:\/\/thiant.fr\/wordpress\/associations\/wp-json\/wp\/v2\/tags?post=702"}],"curies":[{"name":"wp","href":"https:\/\/api.w.org\/{rel}","templated":true}]}}