{"id":720,"date":"2022-03-31T10:27:58","date_gmt":"2022-03-31T08:27:58","guid":{"rendered":"https:\/\/thiant.fr\/wordpress\/associations\/?p=720"},"modified":"2022-03-31T10:37:13","modified_gmt":"2022-03-31T08:37:13","slug":"apprentissage-et-handicap-en-collectivite-territoriale","status":"publish","type":"post","link":"https:\/\/thiant.fr\/wordpress\/associations\/apprentissage-et-handicap-en-collectivite-territoriale\/","title":{"rendered":"Apprentissage et handicap en collectivit\u00e9 territoriale"},"content":{"rendered":"\t\t<div data-elementor-type=\"wp-post\" data-elementor-id=\"720\" class=\"elementor elementor-720\">\n\t\t\t\t\t\t<section class=\"elementor-section elementor-top-section elementor-element elementor-element-2105355 elementor-section-boxed elementor-section-height-default elementor-section-height-default\" data-id=\"2105355\" data-element_type=\"section\" data-e-type=\"section\">\n\t\t\t\t\t\t<div class=\"elementor-container elementor-column-gap-default\">\n\t\t\t\t\t<div class=\"elementor-column elementor-col-100 elementor-top-column elementor-element elementor-element-8fa2b75\" data-id=\"8fa2b75\" data-element_type=\"column\" data-e-type=\"column\">\n\t\t\t<div class=\"elementor-widget-wrap elementor-element-populated\">\n\t\t\t\t\t\t<div class=\"elementor-element elementor-element-2255f11 elementor-widget elementor-widget-text-editor\" data-id=\"2255f11\" data-element_type=\"widget\" data-e-type=\"widget\" data-widget_type=\"text-editor.default\">\n\t\t\t\t<div class=\"elementor-widget-container\">\n\t\t\t\t\t\t\t\t\t<h5>Au terme de trois ann\u00e9es pass\u00e9es au sein des Services Techniques Municipaux, Th\u00e9o Leroy a pr\u00e9sent\u00e9 son projet professionnel pour la validation de son CAPA jardinier-paysagiste.<\/h5><p style=\"padding-left: 40px;\"><span style=\"color: #333333;\">En 2019, Th\u00e9o Leroy a int\u00e9gr\u00e9 l&#8217;\u00e9quipe des espaces verts des Services Techniques Municipaux en alternance dans le cadre d&#8217;un CAPA jardinier-paysagiste. C&#8217;est aux c\u00f4t\u00e9s de son ma\u00eetre de stage, Steve Alankiewicz, qu&#8217;il a appris a entretenir les espaces verts de notre commune. Il s&#8217;est bien vite rendu compte que le travail ne manquait pas ! <\/span><\/p><p style=\"padding-left: 40px;\"><span style=\"color: #333333;\">L&#8217;entretien des espaces verts demande de nombreuses qualit\u00e9s parmi lesquelles on peut citer le sens de l&#8217;observation, l&#8217;anticipation, une bonne condition physique, l&#8217;esprit d&#8217;\u00e9quipe, un sens esth\u00e9tique et pratique\u2026 Th\u00e9o Leroy, malgr\u00e9 son handicap, a r\u00e9ussi \u00e0 relever tous les d\u00e9fis qu&#8217;impose la pratique du jardinage et du paysagisme.<\/span><\/p><p style=\"padding-left: 40px;\"><span style=\"color: #333333;\">En ce 30 mars, c&#8217;est devant une trentaine de ma\u00eetres d&#8217;apprentissage du centre de formation AGAP &#8211; CFAS Formation et d&#8217;Anne Pottier, repr\u00e9sentant le CDG59, qu&#8217;il a pr\u00e9sent\u00e9 son projet : l&#8217;embellissement de la st\u00e8le du CAPER. Un moment privil\u00e9gi\u00e9 pour \u00e9changer sur la fonction de ma\u00eetre d&#8217;apprentissage, d&#8217;apprenti et sur les modalit\u00e9s d&#8217;examen.<\/span><\/p><p style=\"padding-left: 40px;\"><span style=\"color: #333333;\">Bravo \u00e0 Th\u00e9o et aux Services Techniques Municipaux pour la r\u00e9ussite du stage d&#8217;apprentissage, \u00e0 l&#8217;AGAP &#8211; CFAS Formation pour le c\u00f4t\u00e9 th\u00e9orique et au CDG59 pour l&#8217;aide financi\u00e8re et la mise en place de ce beau projet de valorisation des apprentis et travailleurs handicap\u00e9s.<\/span><\/p><p><a href=\"https:\/\/www.linkedin.com\/posts\/centre-de-gestion-de-la-fonction-publique-territoriale-du-nord-cdg59_apprentissage-handicap-collterr-activity-6914911414214176768-0RMl?utm_source=linkedin_share&amp;utm_medium=member_desktop_web\" target=\"_blank\" rel=\"noopener\">Voir l&#8217;article du CDG59<\/a><\/p>\t\t\t\t\t\t\t\t<\/div>\n\t\t\t\t<\/div>\n\t\t\t\t\t<\/div>\n\t\t<\/div>\n\t\t\t\t\t<\/div>\n\t\t<\/section>\n\t\t\t\t<\/div>\n\t\t","protected":false},"excerpt":{"rendered":"<p>Au terme de trois ann\u00e9es pass\u00e9es au sein des Services Techniques Municipaux, Th\u00e9o Leroy a pr\u00e9sent\u00e9 son projet professionnel pour la validation de son CAPA jardinier-paysagiste. En 2019, Th\u00e9o Leroy a int\u00e9gr\u00e9 l&#8217;\u00e9quipe des espaces verts des Services Techniques Municipaux en alternance dans le cadre d&#8217;un CAPA jardinier-paysagiste. C&#8217;est aux c\u00f4t\u00e9s de son ma\u00eetre de [&hellip;]<\/p>\n","protected":false},"author":1,"featured_media":721,"comment_status":"closed","ping_status":"closed","sticky":false,"template":"","format":"standard","meta":{"_crdt_document":"","ocean_post_layout":"","ocean_both_sidebars_style":"","ocean_both_sidebars_content_width":0,"ocean_both_sidebars_sidebars_width":0,"ocean_sidebar":"0","ocean_second_sidebar":"0","ocean_disable_margins":"enable","ocean_add_body_class":"","ocean_shortcode_before_top_bar":"","ocean_shortcode_after_top_bar":"","ocean_shortcode_before_header":"","ocean_shortcode_after_header":"","ocean_has_shortcode":"","ocean_shortcode_after_title":"","ocean_shortcode_before_footer_widgets":"","ocean_shortcode_after_footer_widgets":"","ocean_shortcode_before_footer_bottom":"","ocean_shortcode_after_footer_bottom":"","ocean_display_top_bar":"default","ocean_display_header":"default","ocean_header_style":"","ocean_center_header_left_menu":"0","ocean_custom_header_template":"0","ocean_custom_logo":0,"ocean_custom_retina_logo":0,"ocean_custom_logo_max_width":0,"ocean_custom_logo_tablet_max_width":0,"ocean_custom_logo_mobile_max_width":0,"ocean_custom_logo_max_height":0,"ocean_custom_logo_tablet_max_height":0,"ocean_custom_logo_mobile_max_height":0,"ocean_header_custom_menu":"0","ocean_menu_typo_font_family":"0","ocean_menu_typo_font_subset":"","ocean_menu_typo_font_size":0,"ocean_menu_typo_font_size_tablet":0,"ocean_menu_typo_font_size_mobile":0,"ocean_menu_typo_font_size_unit":"px","ocean_menu_typo_font_weight":"","ocean_menu_typo_font_weight_tablet":"","ocean_menu_typo_font_weight_mobile":"","ocean_menu_typo_transform":"","ocean_menu_typo_transform_tablet":"","ocean_menu_typo_transform_mobile":"","ocean_menu_typo_line_height":0,"ocean_menu_typo_line_height_tablet":0,"ocean_menu_typo_line_height_mobile":0,"ocean_menu_typo_line_height_unit":"","ocean_menu_typo_spacing":0,"ocean_menu_typo_spacing_tablet":0,"ocean_menu_typo_spacing_mobile":0,"ocean_menu_typo_spacing_unit":"","ocean_menu_link_color":"","ocean_menu_link_color_hover":"","ocean_menu_link_color_active":"","ocean_menu_link_background":"","ocean_menu_link_hover_background":"","ocean_menu_link_active_background":"","ocean_menu_social_links_bg":"","ocean_menu_social_hover_links_bg":"","ocean_menu_social_links_color":"","ocean_menu_social_hover_links_color":"","ocean_disable_title":"default","ocean_disable_heading":"default","ocean_post_title":"","ocean_post_subheading":"","ocean_post_title_style":"","ocean_post_title_background_color":"","ocean_post_title_background":0,"ocean_post_title_bg_image_position":"","ocean_post_title_bg_image_attachment":"","ocean_post_title_bg_image_repeat":"","ocean_post_title_bg_image_size":"","ocean_post_title_height":0,"ocean_post_title_bg_overlay":0.5,"ocean_post_title_bg_overlay_color":"","ocean_disable_breadcrumbs":"default","ocean_breadcrumbs_color":"","ocean_breadcrumbs_separator_color":"","ocean_breadcrumbs_links_color":"","ocean_breadcrumbs_links_hover_color":"","ocean_display_footer_widgets":"default","ocean_display_footer_bottom":"default","ocean_custom_footer_template":"0","ocean_post_oembed":"","ocean_post_self_hosted_media":"","ocean_post_video_embed":"","ocean_link_format":"","ocean_link_format_target":"self","ocean_quote_format":"","ocean_quote_format_link":"post","ocean_gallery_link_images":"off","ocean_gallery_id":[],"footnotes":""},"categories":[118],"tags":[363,364,365,366,367,368,369,370],"class_list":["post-720","post","type-post","status-publish","format-standard","has-post-thumbnail","hentry","category-actualites-municipales","tag-agap-cfas-formation","tag-apprentissage","tag-capa-jardinier-paysagiste","tag-cdg59","tag-collectivite-territoriale","tag-handicap","tag-maitre-dapprentissage","tag-projet-professionnel","entry","has-media"],"yoast_head":"<!-- This site is optimized with the Yoast SEO plugin v27.3 - https:\/\/yoast.com\/product\/yoast-seo-wordpress\/ -->\n<title>Apprentissage et handicap en collectivit\u00e9 territoriale - Les associations de la ville de Thiant<\/title>\n<meta name=\"robots\" content=\"index, follow, max-snippet:-1, max-image-preview:large, max-video-preview:-1\" \/>\n<link rel=\"canonical\" href=\"https:\/\/thiant.fr\/wordpress\/associations\/apprentissage-et-handicap-en-collectivite-territoriale\/\" \/>\n<meta property=\"og:locale\" content=\"fr_FR\" \/>\n<meta property=\"og:type\" content=\"article\" \/>\n<meta property=\"og:title\" content=\"Apprentissage et handicap en collectivit\u00e9 territoriale - Les associations de la ville de Thiant\" \/>\n<meta property=\"og:description\" content=\"Au terme de trois ann\u00e9es pass\u00e9es au sein des Services Techniques Municipaux, Th\u00e9o Leroy a pr\u00e9sent\u00e9 son projet professionnel pour la validation de son CAPA jardinier-paysagiste. En 2019, Th\u00e9o Leroy a int\u00e9gr\u00e9 l&#8217;\u00e9quipe des espaces verts des Services Techniques Municipaux en alternance dans le cadre d&#8217;un CAPA jardinier-paysagiste. C&#8217;est aux c\u00f4t\u00e9s de son ma\u00eetre de [&hellip;]\" \/>\n<meta property=\"og:url\" content=\"https:\/\/thiant.fr\/wordpress\/associations\/apprentissage-et-handicap-en-collectivite-territoriale\/\" \/>\n<meta property=\"og:site_name\" content=\"Les associations de la ville de Thiant\" \/>\n<meta property=\"article:publisher\" content=\"https:\/\/www.facebook.com\/commune.thiant.1\" \/>\n<meta property=\"article:published_time\" content=\"2022-03-31T08:27:58+00:00\" \/>\n<meta property=\"article:modified_time\" content=\"2022-03-31T08:37:13+00:00\" \/>\n<meta property=\"og:image\" content=\"https:\/\/thiant.fr\/wordpress\/associations\/wp-content\/uploads\/sites\/3\/2022\/03\/photo-Theo-stelle-CAPER_w.jpg\" \/>\n\t<meta property=\"og:image:width\" content=\"730\" \/>\n\t<meta property=\"og:image:height\" content=\"411\" \/>\n\t<meta property=\"og:image:type\" content=\"image\/jpeg\" \/>\n<meta name=\"author\" content=\"Service communication\" \/>\n<meta name=\"twitter:card\" content=\"summary_large_image\" \/>\n<meta name=\"twitter:label1\" content=\"\u00c9crit par\" \/>\n\t<meta name=\"twitter:data1\" content=\"Service communication\" \/>\n\t<meta name=\"twitter:label2\" content=\"Dur\u00e9e de lecture estim\u00e9e\" \/>\n\t<meta name=\"twitter:data2\" content=\"2 minutes\" \/>\n<script type=\"application\/ld+json\" class=\"yoast-schema-graph\">{\"@context\":\"https:\\\/\\\/schema.org\",\"@graph\":[{\"@type\":\"Article\",\"@id\":\"https:\\\/\\\/thiant.fr\\\/wordpress\\\/associations\\\/apprentissage-et-handicap-en-collectivite-territoriale\\\/#article\",\"isPartOf\":{\"@id\":\"https:\\\/\\\/thiant.fr\\\/wordpress\\\/associations\\\/apprentissage-et-handicap-en-collectivite-territoriale\\\/\"},\"author\":{\"name\":\"Service communication\",\"@id\":\"https:\\\/\\\/thiant.fr\\\/wordpress\\\/associations\\\/#\\\/schema\\\/person\\\/f41122130d18c0720657431d990451c6\"},\"headline\":\"Apprentissage et handicap en collectivit\u00e9 territoriale\",\"datePublished\":\"2022-03-31T08:27:58+00:00\",\"dateModified\":\"2022-03-31T08:37:13+00:00\",\"mainEntityOfPage\":{\"@id\":\"https:\\\/\\\/thiant.fr\\\/wordpress\\\/associations\\\/apprentissage-et-handicap-en-collectivite-territoriale\\\/\"},\"wordCount\":283,\"publisher\":{\"@id\":\"https:\\\/\\\/thiant.fr\\\/wordpress\\\/associations\\\/#organization\"},\"image\":{\"@id\":\"https:\\\/\\\/thiant.fr\\\/wordpress\\\/associations\\\/apprentissage-et-handicap-en-collectivite-territoriale\\\/#primaryimage\"},\"thumbnailUrl\":\"https:\\\/\\\/thiant.fr\\\/wordpress\\\/associations\\\/wp-content\\\/uploads\\\/sites\\\/3\\\/2022\\\/03\\\/photo-Theo-stelle-CAPER_w.jpg\",\"keywords\":[\"AGAP - CFAS Formation\",\"apprentissage\",\"CAPA jardinier-paysagiste\",\"CDG59\",\"collectivit\u00e9 territoriale\",\"handicap\",\"ma\u00eetre d&#039;apprentissage\",\"projet professionnel\"],\"articleSection\":[\"Actualit\u00e9s municipales\"],\"inLanguage\":\"fr-FR\"},{\"@type\":\"WebPage\",\"@id\":\"https:\\\/\\\/thiant.fr\\\/wordpress\\\/associations\\\/apprentissage-et-handicap-en-collectivite-territoriale\\\/\",\"url\":\"https:\\\/\\\/thiant.fr\\\/wordpress\\\/associations\\\/apprentissage-et-handicap-en-collectivite-territoriale\\\/\",\"name\":\"Apprentissage et handicap en collectivit\u00e9 territoriale - Les associations de la ville de Thiant\",\"isPartOf\":{\"@id\":\"https:\\\/\\\/thiant.fr\\\/wordpress\\\/associations\\\/#website\"},\"primaryImageOfPage\":{\"@id\":\"https:\\\/\\\/thiant.fr\\\/wordpress\\\/associations\\\/apprentissage-et-handicap-en-collectivite-territoriale\\\/#primaryimage\"},\"image\":{\"@id\":\"https:\\\/\\\/thiant.fr\\\/wordpress\\\/associations\\\/apprentissage-et-handicap-en-collectivite-territoriale\\\/#primaryimage\"},\"thumbnailUrl\":\"https:\\\/\\\/thiant.fr\\\/wordpress\\\/associations\\\/wp-content\\\/uploads\\\/sites\\\/3\\\/2022\\\/03\\\/photo-Theo-stelle-CAPER_w.jpg\",\"datePublished\":\"2022-03-31T08:27:58+00:00\",\"dateModified\":\"2022-03-31T08:37:13+00:00\",\"breadcrumb\":{\"@id\":\"https:\\\/\\\/thiant.fr\\\/wordpress\\\/associations\\\/apprentissage-et-handicap-en-collectivite-territoriale\\\/#breadcrumb\"},\"inLanguage\":\"fr-FR\",\"potentialAction\":[{\"@type\":\"ReadAction\",\"target\":[\"https:\\\/\\\/thiant.fr\\\/wordpress\\\/associations\\\/apprentissage-et-handicap-en-collectivite-territoriale\\\/\"]}]},{\"@type\":\"ImageObject\",\"inLanguage\":\"fr-FR\",\"@id\":\"https:\\\/\\\/thiant.fr\\\/wordpress\\\/associations\\\/apprentissage-et-handicap-en-collectivite-territoriale\\\/#primaryimage\",\"url\":\"https:\\\/\\\/thiant.fr\\\/wordpress\\\/associations\\\/wp-content\\\/uploads\\\/sites\\\/3\\\/2022\\\/03\\\/photo-Theo-stelle-CAPER_w.jpg\",\"contentUrl\":\"https:\\\/\\\/thiant.fr\\\/wordpress\\\/associations\\\/wp-content\\\/uploads\\\/sites\\\/3\\\/2022\\\/03\\\/photo-Theo-stelle-CAPER_w.jpg\",\"width\":730,\"height\":411},{\"@type\":\"BreadcrumbList\",\"@id\":\"https:\\\/\\\/thiant.fr\\\/wordpress\\\/associations\\\/apprentissage-et-handicap-en-collectivite-territoriale\\\/#breadcrumb\",\"itemListElement\":[{\"@type\":\"ListItem\",\"position\":1,\"name\":\"Accueil\",\"item\":\"https:\\\/\\\/thiant.fr\\\/wordpress\\\/associations\\\/\"},{\"@type\":\"ListItem\",\"position\":2,\"name\":\"Apprentissage et handicap en collectivit\u00e9 territoriale\"}]},{\"@type\":\"WebSite\",\"@id\":\"https:\\\/\\\/thiant.fr\\\/wordpress\\\/associations\\\/#website\",\"url\":\"https:\\\/\\\/thiant.fr\\\/wordpress\\\/associations\\\/\",\"name\":\"Les associations de la ville de Thiant\",\"description\":\"Retrouvez toutes les associations de la ville\",\"publisher\":{\"@id\":\"https:\\\/\\\/thiant.fr\\\/wordpress\\\/associations\\\/#organization\"},\"potentialAction\":[{\"@type\":\"SearchAction\",\"target\":{\"@type\":\"EntryPoint\",\"urlTemplate\":\"https:\\\/\\\/thiant.fr\\\/wordpress\\\/associations\\\/?s={search_term_string}\"},\"query-input\":{\"@type\":\"PropertyValueSpecification\",\"valueRequired\":true,\"valueName\":\"search_term_string\"}}],\"inLanguage\":\"fr-FR\"},{\"@type\":\"Organization\",\"@id\":\"https:\\\/\\\/thiant.fr\\\/wordpress\\\/associations\\\/#organization\",\"name\":\"Les associations de la ville de Thiant\",\"url\":\"https:\\\/\\\/thiant.fr\\\/wordpress\\\/associations\\\/\",\"logo\":{\"@type\":\"ImageObject\",\"inLanguage\":\"fr-FR\",\"@id\":\"https:\\\/\\\/thiant.fr\\\/wordpress\\\/associations\\\/#\\\/schema\\\/logo\\\/image\\\/\",\"url\":\"https:\\\/\\\/thiant.fr\\\/wordpress\\\/associations\\\/wp-content\\\/uploads\\\/sites\\\/3\\\/2024\\\/11\\\/cropped-logo-asso-75.png\",\"contentUrl\":\"https:\\\/\\\/thiant.fr\\\/wordpress\\\/associations\\\/wp-content\\\/uploads\\\/sites\\\/3\\\/2024\\\/11\\\/cropped-logo-asso-75.png\",\"width\":75,\"height\":75,\"caption\":\"Les associations de la ville de Thiant\"},\"image\":{\"@id\":\"https:\\\/\\\/thiant.fr\\\/wordpress\\\/associations\\\/#\\\/schema\\\/logo\\\/image\\\/\"},\"sameAs\":[\"https:\\\/\\\/www.facebook.com\\\/commune.thiant.1\"]},{\"@type\":\"Person\",\"@id\":\"https:\\\/\\\/thiant.fr\\\/wordpress\\\/associations\\\/#\\\/schema\\\/person\\\/f41122130d18c0720657431d990451c6\",\"name\":\"Service communication\",\"image\":{\"@type\":\"ImageObject\",\"inLanguage\":\"fr-FR\",\"@id\":\"https:\\\/\\\/thiant.fr\\\/wordpress\\\/associations\\\/wp-content\\\/litespeed\\\/avatar\\\/3\\\/eeb9098e5269f97d4e67fcd6f533ccb1.jpg?ver=1776861802\",\"url\":\"https:\\\/\\\/thiant.fr\\\/wordpress\\\/associations\\\/wp-content\\\/litespeed\\\/avatar\\\/3\\\/eeb9098e5269f97d4e67fcd6f533ccb1.jpg?ver=1776861802\",\"contentUrl\":\"https:\\\/\\\/thiant.fr\\\/wordpress\\\/associations\\\/wp-content\\\/litespeed\\\/avatar\\\/3\\\/eeb9098e5269f97d4e67fcd6f533ccb1.jpg?ver=1776861802\",\"caption\":\"Service communication\"},\"url\":\"https:\\\/\\\/thiant.fr\\\/wordpress\\\/associations\\\/author\\\/adminwpress\\\/\"}]}<\/script>\n<!-- \/ Yoast SEO plugin. -->","yoast_head_json":{"title":"Apprentissage et handicap en collectivit\u00e9 territoriale - Les associations de la ville de Thiant","robots":{"index":"index","follow":"follow","max-snippet":"max-snippet:-1","max-image-preview":"max-image-preview:large","max-video-preview":"max-video-preview:-1"},"canonical":"https:\/\/thiant.fr\/wordpress\/associations\/apprentissage-et-handicap-en-collectivite-territoriale\/","og_locale":"fr_FR","og_type":"article","og_title":"Apprentissage et handicap en collectivit\u00e9 territoriale - Les associations de la ville de Thiant","og_description":"Au terme de trois ann\u00e9es pass\u00e9es au sein des Services Techniques Municipaux, Th\u00e9o Leroy a pr\u00e9sent\u00e9 son projet professionnel pour la validation de son CAPA jardinier-paysagiste. En 2019, Th\u00e9o Leroy a int\u00e9gr\u00e9 l&#8217;\u00e9quipe des espaces verts des Services Techniques Municipaux en alternance dans le cadre d&#8217;un CAPA jardinier-paysagiste. C&#8217;est aux c\u00f4t\u00e9s de son ma\u00eetre de [&hellip;]","og_url":"https:\/\/thiant.fr\/wordpress\/associations\/apprentissage-et-handicap-en-collectivite-territoriale\/","og_site_name":"Les associations de la ville de Thiant","article_publisher":"https:\/\/www.facebook.com\/commune.thiant.1","article_published_time":"2022-03-31T08:27:58+00:00","article_modified_time":"2022-03-31T08:37:13+00:00","og_image":[{"width":730,"height":411,"url":"https:\/\/thiant.fr\/wordpress\/associations\/wp-content\/uploads\/sites\/3\/2022\/03\/photo-Theo-stelle-CAPER_w.jpg","type":"image\/jpeg"}],"author":"Service communication","twitter_card":"summary_large_image","twitter_misc":{"\u00c9crit par":"Service communication","Dur\u00e9e de lecture estim\u00e9e":"2 minutes"},"schema":{"@context":"https:\/\/schema.org","@graph":[{"@type":"Article","@id":"https:\/\/thiant.fr\/wordpress\/associations\/apprentissage-et-handicap-en-collectivite-territoriale\/#article","isPartOf":{"@id":"https:\/\/thiant.fr\/wordpress\/associations\/apprentissage-et-handicap-en-collectivite-territoriale\/"},"author":{"name":"Service communication","@id":"https:\/\/thiant.fr\/wordpress\/associations\/#\/schema\/person\/f41122130d18c0720657431d990451c6"},"headline":"Apprentissage et handicap en collectivit\u00e9 territoriale","datePublished":"2022-03-31T08:27:58+00:00","dateModified":"2022-03-31T08:37:13+00:00","mainEntityOfPage":{"@id":"https:\/\/thiant.fr\/wordpress\/associations\/apprentissage-et-handicap-en-collectivite-territoriale\/"},"wordCount":283,"publisher":{"@id":"https:\/\/thiant.fr\/wordpress\/associations\/#organization"},"image":{"@id":"https:\/\/thiant.fr\/wordpress\/associations\/apprentissage-et-handicap-en-collectivite-territoriale\/#primaryimage"},"thumbnailUrl":"https:\/\/thiant.fr\/wordpress\/associations\/wp-content\/uploads\/sites\/3\/2022\/03\/photo-Theo-stelle-CAPER_w.jpg","keywords":["AGAP - CFAS Formation","apprentissage","CAPA jardinier-paysagiste","CDG59","collectivit\u00e9 territoriale","handicap","ma\u00eetre d&#039;apprentissage","projet professionnel"],"articleSection":["Actualit\u00e9s municipales"],"inLanguage":"fr-FR"},{"@type":"WebPage","@id":"https:\/\/thiant.fr\/wordpress\/associations\/apprentissage-et-handicap-en-collectivite-territoriale\/","url":"https:\/\/thiant.fr\/wordpress\/associations\/apprentissage-et-handicap-en-collectivite-territoriale\/","name":"Apprentissage et handicap en collectivit\u00e9 territoriale - Les associations de la ville de Thiant","isPartOf":{"@id":"https:\/\/thiant.fr\/wordpress\/associations\/#website"},"primaryImageOfPage":{"@id":"https:\/\/thiant.fr\/wordpress\/associations\/apprentissage-et-handicap-en-collectivite-territoriale\/#primaryimage"},"image":{"@id":"https:\/\/thiant.fr\/wordpress\/associations\/apprentissage-et-handicap-en-collectivite-territoriale\/#primaryimage"},"thumbnailUrl":"https:\/\/thiant.fr\/wordpress\/associations\/wp-content\/uploads\/sites\/3\/2022\/03\/photo-Theo-stelle-CAPER_w.jpg","datePublished":"2022-03-31T08:27:58+00:00","dateModified":"2022-03-31T08:37:13+00:00","breadcrumb":{"@id":"https:\/\/thiant.fr\/wordpress\/associations\/apprentissage-et-handicap-en-collectivite-territoriale\/#breadcrumb"},"inLanguage":"fr-FR","potentialAction":[{"@type":"ReadAction","target":["https:\/\/thiant.fr\/wordpress\/associations\/apprentissage-et-handicap-en-collectivite-territoriale\/"]}]},{"@type":"ImageObject","inLanguage":"fr-FR","@id":"https:\/\/thiant.fr\/wordpress\/associations\/apprentissage-et-handicap-en-collectivite-territoriale\/#primaryimage","url":"https:\/\/thiant.fr\/wordpress\/associations\/wp-content\/uploads\/sites\/3\/2022\/03\/photo-Theo-stelle-CAPER_w.jpg","contentUrl":"https:\/\/thiant.fr\/wordpress\/associations\/wp-content\/uploads\/sites\/3\/2022\/03\/photo-Theo-stelle-CAPER_w.jpg","width":730,"height":411},{"@type":"BreadcrumbList","@id":"https:\/\/thiant.fr\/wordpress\/associations\/apprentissage-et-handicap-en-collectivite-territoriale\/#breadcrumb","itemListElement":[{"@type":"ListItem","position":1,"name":"Accueil","item":"https:\/\/thiant.fr\/wordpress\/associations\/"},{"@type":"ListItem","position":2,"name":"Apprentissage et handicap en collectivit\u00e9 territoriale"}]},{"@type":"WebSite","@id":"https:\/\/thiant.fr\/wordpress\/associations\/#website","url":"https:\/\/thiant.fr\/wordpress\/associations\/","name":"Les associations de la ville de Thiant","description":"Retrouvez toutes les associations de la ville","publisher":{"@id":"https:\/\/thiant.fr\/wordpress\/associations\/#organization"},"potentialAction":[{"@type":"SearchAction","target":{"@type":"EntryPoint","urlTemplate":"https:\/\/thiant.fr\/wordpress\/associations\/?s={search_term_string}"},"query-input":{"@type":"PropertyValueSpecification","valueRequired":true,"valueName":"search_term_string"}}],"inLanguage":"fr-FR"},{"@type":"Organization","@id":"https:\/\/thiant.fr\/wordpress\/associations\/#organization","name":"Les associations de la ville de Thiant","url":"https:\/\/thiant.fr\/wordpress\/associations\/","logo":{"@type":"ImageObject","inLanguage":"fr-FR","@id":"https:\/\/thiant.fr\/wordpress\/associations\/#\/schema\/logo\/image\/","url":"https:\/\/thiant.fr\/wordpress\/associations\/wp-content\/uploads\/sites\/3\/2024\/11\/cropped-logo-asso-75.png","contentUrl":"https:\/\/thiant.fr\/wordpress\/associations\/wp-content\/uploads\/sites\/3\/2024\/11\/cropped-logo-asso-75.png","width":75,"height":75,"caption":"Les associations de la ville de Thiant"},"image":{"@id":"https:\/\/thiant.fr\/wordpress\/associations\/#\/schema\/logo\/image\/"},"sameAs":["https:\/\/www.facebook.com\/commune.thiant.1"]},{"@type":"Person","@id":"https:\/\/thiant.fr\/wordpress\/associations\/#\/schema\/person\/f41122130d18c0720657431d990451c6","name":"Service communication","image":{"@type":"ImageObject","inLanguage":"fr-FR","@id":"https:\/\/thiant.fr\/wordpress\/associations\/wp-content\/litespeed\/avatar\/3\/eeb9098e5269f97d4e67fcd6f533ccb1.jpg?ver=1776861802","url":"https:\/\/thiant.fr\/wordpress\/associations\/wp-content\/litespeed\/avatar\/3\/eeb9098e5269f97d4e67fcd6f533ccb1.jpg?ver=1776861802","contentUrl":"https:\/\/thiant.fr\/wordpress\/associations\/wp-content\/litespeed\/avatar\/3\/eeb9098e5269f97d4e67fcd6f533ccb1.jpg?ver=1776861802","caption":"Service communication"},"url":"https:\/\/thiant.fr\/wordpress\/associations\/author\/adminwpress\/"}]}},"_links":{"self":[{"href":"https:\/\/thiant.fr\/wordpress\/associations\/wp-json\/wp\/v2\/posts\/720","targetHints":{"allow":["GET"]}}],"collection":[{"href":"https:\/\/thiant.fr\/wordpress\/associations\/wp-json\/wp\/v2\/posts"}],"about":[{"href":"https:\/\/thiant.fr\/wordpress\/associations\/wp-json\/wp\/v2\/types\/post"}],"author":[{"embeddable":true,"href":"https:\/\/thiant.fr\/wordpress\/associations\/wp-json\/wp\/v2\/users\/1"}],"replies":[{"embeddable":true,"href":"https:\/\/thiant.fr\/wordpress\/associations\/wp-json\/wp\/v2\/comments?post=720"}],"version-history":[{"count":1,"href":"https:\/\/thiant.fr\/wordpress\/associations\/wp-json\/wp\/v2\/posts\/720\/revisions"}],"predecessor-version":[{"id":722,"href":"https:\/\/thiant.fr\/wordpress\/associations\/wp-json\/wp\/v2\/posts\/720\/revisions\/722"}],"wp:featuredmedia":[{"embeddable":true,"href":"https:\/\/thiant.fr\/wordpress\/associations\/wp-json\/wp\/v2\/media\/721"}],"wp:attachment":[{"href":"https:\/\/thiant.fr\/wordpress\/associations\/wp-json\/wp\/v2\/media?parent=720"}],"wp:term":[{"taxonomy":"category","embeddable":true,"href":"https:\/\/thiant.fr\/wordpress\/associations\/wp-json\/wp\/v2\/categories?post=720"},{"taxonomy":"post_tag","embeddable":true,"href":"https:\/\/thiant.fr\/wordpress\/associations\/wp-json\/wp\/v2\/tags?post=720"}],"curies":[{"name":"wp","href":"https:\/\/api.w.org\/{rel}","templated":true}]}}