{"id":876,"date":"2022-09-12T14:08:36","date_gmt":"2022-09-12T12:08:36","guid":{"rendered":"https:\/\/thiant.fr\/wordpress\/associations\/?p=876"},"modified":"2022-09-12T14:18:03","modified_gmt":"2022-09-12T12:18:03","slug":"journees-du-patrimoine-grandeur-nature-avec-loffice-de-tourisme-de-la-porte-du-hainaut","status":"publish","type":"post","link":"https:\/\/thiant.fr\/wordpress\/associations\/journees-du-patrimoine-grandeur-nature-avec-loffice-de-tourisme-de-la-porte-du-hainaut\/","title":{"rendered":"Journ\u00e9es du Patrimoine grandeur nature avec l&#8217;Office de Tourisme de La Porte du Hainaut"},"content":{"rendered":"\t\t<div data-elementor-type=\"wp-post\" data-elementor-id=\"876\" class=\"elementor elementor-876\">\n\t\t\t\t\t\t<section class=\"elementor-section elementor-top-section elementor-element elementor-element-e556fb9 elementor-section-boxed elementor-section-height-default elementor-section-height-default\" data-id=\"e556fb9\" data-element_type=\"section\" data-e-type=\"section\">\n\t\t\t\t\t\t<div class=\"elementor-container elementor-column-gap-default\">\n\t\t\t\t\t<div class=\"elementor-column elementor-col-100 elementor-top-column elementor-element elementor-element-2870802\" data-id=\"2870802\" data-element_type=\"column\" data-e-type=\"column\">\n\t\t\t<div class=\"elementor-widget-wrap elementor-element-populated\">\n\t\t\t\t\t\t<div class=\"elementor-element elementor-element-9a77112 elementor-widget elementor-widget-text-editor\" data-id=\"9a77112\" data-element_type=\"widget\" data-e-type=\"widget\" data-widget_type=\"text-editor.default\">\n\t\t\t\t<div class=\"elementor-widget-container\">\n\t\t\t\t\t\t\t\t\t<p><span style=\"color: #333333;\">\u00ab Le patrimoine durable \u00bb est le th\u00e8me de ces 39\u00e8me Journ\u00e9es europ\u00e9ennes, les 17 et 18 septembre prochains. Une belle occasion pour La Porte du Hainaut, via son Office de Tourisme, de valoriser son patrimoine afin de le transmettre aux g\u00e9n\u00e9rations futures pour un avenir plus durable. Visites \u00e0 th\u00e8me, animations, ateliers et expositions jalonneront ces deux jours de (re)d\u00e9couverte de lieux embl\u00e9matiques. Petite s\u00e9lection parmi toutes les propositions \u00e0 retrouver au sein des \u00ab <a href=\"https:\/\/thiant.fr\/wordpress\/documents_ext\/Les7FamillesPatrimoinePorteDuHainaut_JEP2022.pdf\" target=\"_blank\" rel=\"noopener\">sept familles du Patrimoine de La Porte du Hainaut<\/a> \u00bb, disponible \u00e9galement en t\u00e9l\u00e9chargement sur <a href=\"https:\/\/www.tourisme-porteduhainaut.com\" target=\"_blank\" rel=\"noopener\">www.tourisme-porteduhainaut.com<\/a>. L\u2019inscription aux visites guid\u00e9es est obligatoire via la r\u00e9servation en ligne. Plus d\u2019informations au <a href=\"tel:+33327483965\">+33 (0)3 27 48 39 65<\/a> ou par le chat sur <span style=\"color: #3366ff;\">@porteduhainauttourisme.<\/span> Les 17 et 18 septembre, ouvrez grand La Porte du Hainaut !<\/span><\/p><h5 style=\"text-align: center;\"><span style=\"color: #333333;\">UN PROGRAMME DE VISITES GUID\u00c9ES POUR TOUS <\/span><br \/><span style=\"color: #333333;\">Pour explorer un patrimoine d\u2019exception<\/span><\/h5><h6><strong><span style=\"color: #333333;\">Le samedi :<\/span><\/strong><\/h6><p style=\"padding-left: 40px;\"><strong><span style=\"color: #333333;\">\u00c0 Saint-Amand-les-Eaux : <\/span><\/strong><br \/><strong><span style=\"color: #333333;\">\u00c0 10h30 \u00ab La Grand\u2019 Place fait peau neuve \u00bb &#8211; dur\u00e9e : 1h \u2013 25 personnes <\/span><\/strong><br \/><span style=\"color: #333333;\">Au d\u00e9part de l\u2019Office de Tourisme, suivez le guide et profitez de ses commentaires concernant la revalorisation du c\u0153ur de ville compos\u00e9 de la Grand\u2019Place, de l\u2019\u00e9chevinage et de la Tour abbatiale. L\u2019occasion aussi d\u2019aborder les d\u00e9couvertes des fouilles arch\u00e9ologiques et du projet de mise en valeur du parvis de la Tour abbatiale et de son pont du XVII\u00e8me si\u00e8cle.<\/span><\/p><p style=\"padding-left: 40px;\"><strong><span style=\"color: #333333;\">\u00c0 Trith-Saint-L\u00e9ger : <\/span><\/strong><br \/><strong><span style=\"color: #333333;\">\u00c0 21h \u00ab Venez-vous forger au Th\u00e9\u00e2tre ! \u00bb &#8211; dur\u00e9e 1h30 \u2013 25 personnes \u2013 \u00e0 partir de 7 ans <\/span><\/strong><br \/><span style=\"color: #333333;\">Le th\u00e9\u00e2tre de Trith-Saint-L\u00e9ger situ\u00e9 dans le quartier du Poirier vous ouvrira ses portes en soir\u00e9e et vous d\u00e9voilera son architecture dans les moindres recoins. Vous aurez la possibilit\u00e9 de visiter les loges et les pi\u00e8ces techniques du th\u00e9\u00e2tre en compagnie d&#8217;un guide de l\u2019Office de Tourisme et le plaisir de pouvoir admirer la salle avec son style industriel. Apr\u00e8s cette visite nocturne, le th\u00e9\u00e2tre des Forges n&#8217;aura plus de secret pour vous ! <\/span><\/p><p style=\"padding-left: 40px;\"><strong><span style=\"color: #333333;\">\u00c0 Wallers-Arenberg : <\/span><\/strong><br \/><strong><span style=\"color: #333333;\">\u00c0 14h et 16h \u00ab La vie quotidienne du mineur \u00bb &#8211; dur\u00e9e : 1h \u2013 25 personnes <\/span><\/strong><br \/><span style=\"color: #333333;\">Au fil d\u2019une visite urbaine d\u2019exception au sein du quartier d\u2019Arenberg, ancienne cit\u00e9 mini\u00e8re inscrite au Patrimoine mondial de l\u2019UNESCO, c\u2019est un mode de vie et un pan de l\u2019Histoire qui se r\u00e9v\u00e8le. La visite s\u2019articule autour du quotidien du mineur et de sa famille : loisirs, sant\u00e9, habitat\u2026 La cit\u00e9 mini\u00e8re d\u2019Arenberg, cit\u00e9 \u00e0 la beaut\u00e9 pr\u00e9serv\u00e9e, m\u00e9rite qu\u2019on s\u2019y attarde ! <\/span><br \/><strong><span style=\"color: #333333;\">\u00c0 15h \u00ab Du pic au pixel \u00bb &#8211; dur\u00e9e : 1h \u2013 25 personnes <\/span><\/strong><br \/><span style=\"color: #333333;\">Des mineurs travaillant la roche avec leurs pioches aux chercheurs et professionnels du num\u00e9rique travaillant l\u2019image et le son, venez d\u00e9couvrir le site depuis le toit du LEAUD pour une vue panoramique sur le carreau de fosse d\u2019Arenberg, visiter la salle des pendus (vestiaires et douches), la lampisterie (aujourd\u2019hui exposition), la salle des compresseurs et la halle d\u2019essai o\u00f9 se d\u00e9roulent des tournages tout au long de l\u2019ann\u00e9e pour en apprendre davantage sur ce qui se fait aujourd\u2019hui et se fera demain \u00e0 Wallers-Arenberg, un site en perp\u00e9tuelle \u00e9volution ! Vous ne pourrez pas descendre au fond mais une visite en ext\u00e9rieur vous permettra de visualiser la grandeur du site.<\/span><\/p><h6><span style=\"color: #333333;\">Le dimanche :<\/span><\/h6><p style=\"padding-left: 40px;\"><strong><span style=\"color: #333333;\">\u00c0 Saint-Amand-les-Eaux : <\/span><\/strong><br \/><strong><span style=\"color: #333333;\">\u00c0 10h \u00ab Les couloirs de l\u2019abbaye \u00bb &#8211; dur\u00e9e 1h30 \u2013 25 personnes <\/span><\/strong><br \/><span style=\"color: #333333;\">Seuls la Tour abbatiale et l\u2019\u00e9chevinage, ancien porche d\u2019entr\u00e9e de l\u2019abbaye du XVII\u00e8me t\u00e9moignent encore de la puissante et riche abbaye d\u2019Elnon. Celle-ci doit son nom \u00e0 sa situation, au confluent de la Scarpe et de l\u2019Elnon, sur une terre mar\u00e9cageuse donn\u00e9e par Dagobert au moine \u00e9vang\u00e9lisateur Amand pour y fonder un monast\u00e8re vers 633 apr\u00e8s J.C.<\/span><br \/><span style=\"color: #333333;\">La visite comprend la d\u00e9couverte des salons et des cachots de l\u2019\u00e9chevinage, de la Tour et de ses jardins paysagers, de la mosa\u00efque du complexe monastique et de la statue du moine Amand. Bien d\u2019autres merveilles vous attendent\u2026 Venez poussez la porte de l\u2019abbaye\u2026<\/span><br \/><span style=\"color: #333333;\"><strong>\u00c0 14h, visite guid\u00e9e de l\u2019exposition \u00ab Corps et Graphies \u00bb au mus\u00e9e de la Tour abbatiale &#8211; dur\u00e9e : 1h \u2013 25 personnes<\/strong> <br \/>Accompagn\u00e9s par un guide de l\u2019Office de Tourisme, entrez dans la ronde de l\u2019Ecriture \u00e0 travers partitions chor\u00e9graphiques, tableaux et vid\u00e9os de danseurs et calligraphes contemporains.<\/span><br \/><strong><span style=\"color: #333333;\">\u00c0 14h30 \u00ab Bulle d\u2019eau dans le parc thermal \u00bb &#8211; dur\u00e9e : 1h &#8211; 25 personnes<\/span><\/strong><br \/><span style=\"color: #333333;\">Venez \u00e9couter, dans le parc thermal, une histoire de source d\u2019eau vieille de plus de 2000 ans\u2026<\/span><br \/><span style=\"color: #333333;\">Reconnue pour ses bienfaits th\u00e9rapeutiques par les Romains, l\u2019eau de Saint-Amand-les-Eaux est \u00e0 l\u2019origine des premiers thermes construits par Vauban au XVII\u00e8me si\u00e8cle. Des personnages illustres tels que l\u2019archiduc L\u00e9opold d\u2019Autriche et Louis Bonaparte ont b\u00e9n\u00e9fici\u00e9 des vertus de cette eau.<\/span><br \/><strong><span style=\"color: #333333;\">\u00c0 15h \u00ab Bestiaire de pierre et fleurs de fa\u00efences \u00bb &#8211; dur\u00e9e : 1h \u2013 25 personnes<\/span><\/strong><br \/><span style=\"color: #333333;\">Au d\u00e9part de l\u2019Office de Tourisme, profitez d\u2019une lecture architecturale de la Tour abbatiale. Suivez le guide \u00e0 la d\u00e9couverte des sculptures v\u00e9g\u00e9tales et animales de sa fa\u00e7ade. Puis poussez la porte du mus\u00e9e et acc\u00e9dez au 1er \u00e9tage o\u00f9 sont visibles les collections permanentes de fa\u00efences amandinoises.<\/span><br \/><strong><span style=\"color: #333333;\">\u00c0 11h30 et 17h \u00ab c\u00f4t\u00e9 cour et c\u00f4t\u00e9 jardin \u00bb au th\u00e9\u00e2tre des Sources &#8211; dur\u00e9e 1h \u2013 25 personnes<\/span><\/strong><br \/><span style=\"color: #333333;\">Visite \u00e0 deux voix pour ce th\u00e9\u00e2tre \u00e0 l\u2019italienne du d\u00e9but du XX\u00e8me si\u00e8cle. Suivez en ext\u00e9rieur les commentaires du guide sur cet \u00e9quipement qui accueille une saison culturelle vari\u00e9e, destin\u00e9e \u00e0 toute la famille. Associ\u00e9 \u00e0 l\u2019espace Jean Ferrat qui le jouxte, son nom est un hommage au chanteur, amoureux de la nature, source d\u2019inspiration du po\u00e8te. La visite de l\u2019envers du d\u00e9cor et des installations sc\u00e9niques est quant \u00e0 elle assur\u00e9e par le r\u00e9gisseur du th\u00e9\u00e2tre.<\/span><\/p><p style=\"padding-left: 40px;\"><strong><span style=\"color: #333333;\">\u00c0 Wallers-Arenberg : <\/span><\/strong><br \/><strong><span style=\"color: #333333;\">\u00c0 11h et 15h \u00ab La vie quotidienne du mineur \u00bb &#8211; dur\u00e9e : 1h \u2013 25 personnes <\/span><\/strong><br \/><span style=\"color: #333333;\">Au fil d\u2019une visite urbaine d\u2019exception au sein du quartier d\u2019Arenberg, ancienne cit\u00e9 mini\u00e8re inscrite au Patrimoine mondial de l\u2019UNESCO, c\u2019est un mode de vie et un pan de l\u2019Histoire qui se r\u00e9v\u00e8le. La visite s\u2019articule autour du quotidien du mineur et de sa famille : loisirs, sant\u00e9, habitat\u2026 La cit\u00e9 mini\u00e8re d\u2019Arenberg, cit\u00e9 \u00e0 la beaut\u00e9 pr\u00e9serv\u00e9e, m\u00e9rite qu\u2019on s\u2019y attarde ! <\/span><\/p>\t\t\t\t\t\t\t\t<\/div>\n\t\t\t\t<\/div>\n\t\t\t\t\t<\/div>\n\t\t<\/div>\n\t\t\t\t\t<\/div>\n\t\t<\/section>\n\t\t\t\t<\/div>\n\t\t","protected":false},"excerpt":{"rendered":"<p>\u00ab Le patrimoine durable \u00bb est le th\u00e8me de ces 39\u00e8me Journ\u00e9es europ\u00e9ennes, les 17 et 18 septembre prochains. Une belle occasion pour La Porte du Hainaut, via son Office de Tourisme, de valoriser son patrimoine afin de le transmettre aux g\u00e9n\u00e9rations futures pour un avenir plus durable. Visites \u00e0 th\u00e8me, animations, ateliers et expositions [&hellip;]<\/p>\n","protected":false},"author":1,"featured_media":877,"comment_status":"closed","ping_status":"closed","sticky":false,"template":"","format":"standard","meta":{"_crdt_document":"","ocean_post_layout":"","ocean_both_sidebars_style":"","ocean_both_sidebars_content_width":0,"ocean_both_sidebars_sidebars_width":0,"ocean_sidebar":"0","ocean_second_sidebar":"0","ocean_disable_margins":"enable","ocean_add_body_class":"","ocean_shortcode_before_top_bar":"","ocean_shortcode_after_top_bar":"","ocean_shortcode_before_header":"","ocean_shortcode_after_header":"","ocean_has_shortcode":"","ocean_shortcode_after_title":"","ocean_shortcode_before_footer_widgets":"","ocean_shortcode_after_footer_widgets":"","ocean_shortcode_before_footer_bottom":"","ocean_shortcode_after_footer_bottom":"","ocean_display_top_bar":"default","ocean_display_header":"default","ocean_header_style":"","ocean_center_header_left_menu":"0","ocean_custom_header_template":"0","ocean_custom_logo":0,"ocean_custom_retina_logo":0,"ocean_custom_logo_max_width":0,"ocean_custom_logo_tablet_max_width":0,"ocean_custom_logo_mobile_max_width":0,"ocean_custom_logo_max_height":0,"ocean_custom_logo_tablet_max_height":0,"ocean_custom_logo_mobile_max_height":0,"ocean_header_custom_menu":"0","ocean_menu_typo_font_family":"0","ocean_menu_typo_font_subset":"","ocean_menu_typo_font_size":0,"ocean_menu_typo_font_size_tablet":0,"ocean_menu_typo_font_size_mobile":0,"ocean_menu_typo_font_size_unit":"px","ocean_menu_typo_font_weight":"","ocean_menu_typo_font_weight_tablet":"","ocean_menu_typo_font_weight_mobile":"","ocean_menu_typo_transform":"","ocean_menu_typo_transform_tablet":"","ocean_menu_typo_transform_mobile":"","ocean_menu_typo_line_height":0,"ocean_menu_typo_line_height_tablet":0,"ocean_menu_typo_line_height_mobile":0,"ocean_menu_typo_line_height_unit":"","ocean_menu_typo_spacing":0,"ocean_menu_typo_spacing_tablet":0,"ocean_menu_typo_spacing_mobile":0,"ocean_menu_typo_spacing_unit":"","ocean_menu_link_color":"","ocean_menu_link_color_hover":"","ocean_menu_link_color_active":"","ocean_menu_link_background":"","ocean_menu_link_hover_background":"","ocean_menu_link_active_background":"","ocean_menu_social_links_bg":"","ocean_menu_social_hover_links_bg":"","ocean_menu_social_links_color":"","ocean_menu_social_hover_links_color":"","ocean_disable_title":"default","ocean_disable_heading":"default","ocean_post_title":"","ocean_post_subheading":"","ocean_post_title_style":"","ocean_post_title_background_color":"","ocean_post_title_background":0,"ocean_post_title_bg_image_position":"","ocean_post_title_bg_image_attachment":"","ocean_post_title_bg_image_repeat":"","ocean_post_title_bg_image_size":"","ocean_post_title_height":0,"ocean_post_title_bg_overlay":0.5,"ocean_post_title_bg_overlay_color":"","ocean_disable_breadcrumbs":"default","ocean_breadcrumbs_color":"","ocean_breadcrumbs_separator_color":"","ocean_breadcrumbs_links_color":"","ocean_breadcrumbs_links_hover_color":"","ocean_display_footer_widgets":"default","ocean_display_footer_bottom":"default","ocean_custom_footer_template":"0","ocean_post_oembed":"","ocean_post_self_hosted_media":"","ocean_post_video_embed":"","ocean_link_format":"","ocean_link_format_target":"self","ocean_quote_format":"","ocean_quote_format_link":"post","ocean_gallery_link_images":"off","ocean_gallery_id":[],"footnotes":""},"categories":[68],"tags":[107,462,463,111,77,464],"class_list":["post-876","post","type-post","status-publish","format-standard","has-post-thumbnail","hentry","category-caph","tag-caph","tag-journees-du-patrimoine","tag-patrimoine","tag-porte-du-hainaut","tag-thiant","tag-tourisme","entry","has-media"],"yoast_head":"<!-- This site is optimized with the Yoast SEO plugin v27.3 - https:\/\/yoast.com\/product\/yoast-seo-wordpress\/ -->\n<title>Journ\u00e9es du Patrimoine grandeur nature avec l&#039;Office de Tourisme de La Porte du Hainaut - Les associations de la ville de Thiant<\/title>\n<meta name=\"description\" content=\"La Porte du Hainaut vous propose une programmation riche pour ces 39\u00e8me Journ\u00e9es Europ\u00e9ennes du Patrimoine des 17 et 18 septembre.\" \/>\n<meta name=\"robots\" content=\"index, follow, max-snippet:-1, max-image-preview:large, max-video-preview:-1\" \/>\n<link rel=\"canonical\" href=\"https:\/\/thiant.fr\/wordpress\/associations\/journees-du-patrimoine-grandeur-nature-avec-loffice-de-tourisme-de-la-porte-du-hainaut\/\" \/>\n<meta property=\"og:locale\" content=\"fr_FR\" \/>\n<meta property=\"og:type\" content=\"article\" \/>\n<meta property=\"og:title\" content=\"Journ\u00e9es du Patrimoine grandeur nature avec l&#039;Office de Tourisme de La Porte du Hainaut - Les associations de la ville de Thiant\" \/>\n<meta property=\"og:description\" content=\"La Porte du Hainaut vous propose une programmation riche pour ces 39\u00e8me Journ\u00e9es Europ\u00e9ennes du Patrimoine des 17 et 18 septembre.\" \/>\n<meta property=\"og:url\" content=\"https:\/\/thiant.fr\/wordpress\/associations\/journees-du-patrimoine-grandeur-nature-avec-loffice-de-tourisme-de-la-porte-du-hainaut\/\" \/>\n<meta property=\"og:site_name\" content=\"Les associations de la ville de Thiant\" \/>\n<meta property=\"article:publisher\" content=\"https:\/\/www.facebook.com\/commune.thiant.1\" \/>\n<meta property=\"article:published_time\" content=\"2022-09-12T12:08:36+00:00\" \/>\n<meta property=\"article:modified_time\" content=\"2022-09-12T12:18:03+00:00\" \/>\n<meta property=\"og:image\" content=\"https:\/\/thiant.fr\/wordpress\/associations\/wp-content\/uploads\/sites\/3\/2022\/09\/Les7FamillesPatrimoinePorteDuHainaut_JEP2022.png\" \/>\n\t<meta property=\"og:image:width\" content=\"730\" \/>\n\t<meta property=\"og:image:height\" content=\"416\" \/>\n\t<meta property=\"og:image:type\" content=\"image\/png\" \/>\n<meta name=\"author\" content=\"Service communication\" \/>\n<meta name=\"twitter:card\" content=\"summary_large_image\" \/>\n<meta name=\"twitter:label1\" content=\"\u00c9crit par\" \/>\n\t<meta name=\"twitter:data1\" content=\"Service communication\" \/>\n\t<meta name=\"twitter:label2\" content=\"Dur\u00e9e de lecture estim\u00e9e\" \/>\n\t<meta name=\"twitter:data2\" content=\"5 minutes\" \/>\n<script type=\"application\/ld+json\" class=\"yoast-schema-graph\">{\"@context\":\"https:\\\/\\\/schema.org\",\"@graph\":[{\"@type\":\"Article\",\"@id\":\"https:\\\/\\\/thiant.fr\\\/wordpress\\\/associations\\\/journees-du-patrimoine-grandeur-nature-avec-loffice-de-tourisme-de-la-porte-du-hainaut\\\/#article\",\"isPartOf\":{\"@id\":\"https:\\\/\\\/thiant.fr\\\/wordpress\\\/associations\\\/journees-du-patrimoine-grandeur-nature-avec-loffice-de-tourisme-de-la-porte-du-hainaut\\\/\"},\"author\":{\"name\":\"Service communication\",\"@id\":\"https:\\\/\\\/thiant.fr\\\/wordpress\\\/associations\\\/#\\\/schema\\\/person\\\/f41122130d18c0720657431d990451c6\"},\"headline\":\"Journ\u00e9es du Patrimoine grandeur nature avec l&#8217;Office de Tourisme de La Porte du Hainaut\",\"datePublished\":\"2022-09-12T12:08:36+00:00\",\"dateModified\":\"2022-09-12T12:18:03+00:00\",\"mainEntityOfPage\":{\"@id\":\"https:\\\/\\\/thiant.fr\\\/wordpress\\\/associations\\\/journees-du-patrimoine-grandeur-nature-avec-loffice-de-tourisme-de-la-porte-du-hainaut\\\/\"},\"wordCount\":1105,\"publisher\":{\"@id\":\"https:\\\/\\\/thiant.fr\\\/wordpress\\\/associations\\\/#organization\"},\"image\":{\"@id\":\"https:\\\/\\\/thiant.fr\\\/wordpress\\\/associations\\\/journees-du-patrimoine-grandeur-nature-avec-loffice-de-tourisme-de-la-porte-du-hainaut\\\/#primaryimage\"},\"thumbnailUrl\":\"https:\\\/\\\/thiant.fr\\\/wordpress\\\/associations\\\/wp-content\\\/uploads\\\/sites\\\/3\\\/2022\\\/09\\\/Les7FamillesPatrimoinePorteDuHainaut_JEP2022.png\",\"keywords\":[\"CAPH\",\"Journ\u00e9es du Patrimoine\",\"Patrimoine\",\"porte du Hainaut\",\"thiant\",\"Tourisme\"],\"articleSection\":[\"CAPH\"],\"inLanguage\":\"fr-FR\"},{\"@type\":\"WebPage\",\"@id\":\"https:\\\/\\\/thiant.fr\\\/wordpress\\\/associations\\\/journees-du-patrimoine-grandeur-nature-avec-loffice-de-tourisme-de-la-porte-du-hainaut\\\/\",\"url\":\"https:\\\/\\\/thiant.fr\\\/wordpress\\\/associations\\\/journees-du-patrimoine-grandeur-nature-avec-loffice-de-tourisme-de-la-porte-du-hainaut\\\/\",\"name\":\"Journ\u00e9es du Patrimoine grandeur nature avec l'Office de Tourisme de La Porte du Hainaut - Les associations de la ville de Thiant\",\"isPartOf\":{\"@id\":\"https:\\\/\\\/thiant.fr\\\/wordpress\\\/associations\\\/#website\"},\"primaryImageOfPage\":{\"@id\":\"https:\\\/\\\/thiant.fr\\\/wordpress\\\/associations\\\/journees-du-patrimoine-grandeur-nature-avec-loffice-de-tourisme-de-la-porte-du-hainaut\\\/#primaryimage\"},\"image\":{\"@id\":\"https:\\\/\\\/thiant.fr\\\/wordpress\\\/associations\\\/journees-du-patrimoine-grandeur-nature-avec-loffice-de-tourisme-de-la-porte-du-hainaut\\\/#primaryimage\"},\"thumbnailUrl\":\"https:\\\/\\\/thiant.fr\\\/wordpress\\\/associations\\\/wp-content\\\/uploads\\\/sites\\\/3\\\/2022\\\/09\\\/Les7FamillesPatrimoinePorteDuHainaut_JEP2022.png\",\"datePublished\":\"2022-09-12T12:08:36+00:00\",\"dateModified\":\"2022-09-12T12:18:03+00:00\",\"description\":\"La Porte du Hainaut vous propose une programmation riche pour ces 39\u00e8me Journ\u00e9es Europ\u00e9ennes du Patrimoine des 17 et 18 septembre.\",\"breadcrumb\":{\"@id\":\"https:\\\/\\\/thiant.fr\\\/wordpress\\\/associations\\\/journees-du-patrimoine-grandeur-nature-avec-loffice-de-tourisme-de-la-porte-du-hainaut\\\/#breadcrumb\"},\"inLanguage\":\"fr-FR\",\"potentialAction\":[{\"@type\":\"ReadAction\",\"target\":[\"https:\\\/\\\/thiant.fr\\\/wordpress\\\/associations\\\/journees-du-patrimoine-grandeur-nature-avec-loffice-de-tourisme-de-la-porte-du-hainaut\\\/\"]}]},{\"@type\":\"ImageObject\",\"inLanguage\":\"fr-FR\",\"@id\":\"https:\\\/\\\/thiant.fr\\\/wordpress\\\/associations\\\/journees-du-patrimoine-grandeur-nature-avec-loffice-de-tourisme-de-la-porte-du-hainaut\\\/#primaryimage\",\"url\":\"https:\\\/\\\/thiant.fr\\\/wordpress\\\/associations\\\/wp-content\\\/uploads\\\/sites\\\/3\\\/2022\\\/09\\\/Les7FamillesPatrimoinePorteDuHainaut_JEP2022.png\",\"contentUrl\":\"https:\\\/\\\/thiant.fr\\\/wordpress\\\/associations\\\/wp-content\\\/uploads\\\/sites\\\/3\\\/2022\\\/09\\\/Les7FamillesPatrimoinePorteDuHainaut_JEP2022.png\",\"width\":730,\"height\":416},{\"@type\":\"BreadcrumbList\",\"@id\":\"https:\\\/\\\/thiant.fr\\\/wordpress\\\/associations\\\/journees-du-patrimoine-grandeur-nature-avec-loffice-de-tourisme-de-la-porte-du-hainaut\\\/#breadcrumb\",\"itemListElement\":[{\"@type\":\"ListItem\",\"position\":1,\"name\":\"Accueil\",\"item\":\"https:\\\/\\\/thiant.fr\\\/wordpress\\\/associations\\\/\"},{\"@type\":\"ListItem\",\"position\":2,\"name\":\"Journ\u00e9es du Patrimoine grandeur nature avec l&#8217;Office de Tourisme de La Porte du Hainaut\"}]},{\"@type\":\"WebSite\",\"@id\":\"https:\\\/\\\/thiant.fr\\\/wordpress\\\/associations\\\/#website\",\"url\":\"https:\\\/\\\/thiant.fr\\\/wordpress\\\/associations\\\/\",\"name\":\"Les associations de la ville de Thiant\",\"description\":\"Retrouvez toutes les associations de la ville\",\"publisher\":{\"@id\":\"https:\\\/\\\/thiant.fr\\\/wordpress\\\/associations\\\/#organization\"},\"potentialAction\":[{\"@type\":\"SearchAction\",\"target\":{\"@type\":\"EntryPoint\",\"urlTemplate\":\"https:\\\/\\\/thiant.fr\\\/wordpress\\\/associations\\\/?s={search_term_string}\"},\"query-input\":{\"@type\":\"PropertyValueSpecification\",\"valueRequired\":true,\"valueName\":\"search_term_string\"}}],\"inLanguage\":\"fr-FR\"},{\"@type\":\"Organization\",\"@id\":\"https:\\\/\\\/thiant.fr\\\/wordpress\\\/associations\\\/#organization\",\"name\":\"Les associations de la ville de Thiant\",\"url\":\"https:\\\/\\\/thiant.fr\\\/wordpress\\\/associations\\\/\",\"logo\":{\"@type\":\"ImageObject\",\"inLanguage\":\"fr-FR\",\"@id\":\"https:\\\/\\\/thiant.fr\\\/wordpress\\\/associations\\\/#\\\/schema\\\/logo\\\/image\\\/\",\"url\":\"https:\\\/\\\/thiant.fr\\\/wordpress\\\/associations\\\/wp-content\\\/uploads\\\/sites\\\/3\\\/2024\\\/11\\\/cropped-logo-asso-75.png\",\"contentUrl\":\"https:\\\/\\\/thiant.fr\\\/wordpress\\\/associations\\\/wp-content\\\/uploads\\\/sites\\\/3\\\/2024\\\/11\\\/cropped-logo-asso-75.png\",\"width\":75,\"height\":75,\"caption\":\"Les associations de la ville de Thiant\"},\"image\":{\"@id\":\"https:\\\/\\\/thiant.fr\\\/wordpress\\\/associations\\\/#\\\/schema\\\/logo\\\/image\\\/\"},\"sameAs\":[\"https:\\\/\\\/www.facebook.com\\\/commune.thiant.1\"]},{\"@type\":\"Person\",\"@id\":\"https:\\\/\\\/thiant.fr\\\/wordpress\\\/associations\\\/#\\\/schema\\\/person\\\/f41122130d18c0720657431d990451c6\",\"name\":\"Service communication\",\"image\":{\"@type\":\"ImageObject\",\"inLanguage\":\"fr-FR\",\"@id\":\"https:\\\/\\\/thiant.fr\\\/wordpress\\\/associations\\\/wp-content\\\/litespeed\\\/avatar\\\/3\\\/eeb9098e5269f97d4e67fcd6f533ccb1.jpg?ver=1777467657\",\"url\":\"https:\\\/\\\/thiant.fr\\\/wordpress\\\/associations\\\/wp-content\\\/litespeed\\\/avatar\\\/3\\\/eeb9098e5269f97d4e67fcd6f533ccb1.jpg?ver=1777467657\",\"contentUrl\":\"https:\\\/\\\/thiant.fr\\\/wordpress\\\/associations\\\/wp-content\\\/litespeed\\\/avatar\\\/3\\\/eeb9098e5269f97d4e67fcd6f533ccb1.jpg?ver=1777467657\",\"caption\":\"Service communication\"},\"url\":\"https:\\\/\\\/thiant.fr\\\/wordpress\\\/associations\\\/author\\\/adminwpress\\\/\"}]}<\/script>\n<!-- \/ Yoast SEO plugin. -->","yoast_head_json":{"title":"Journ\u00e9es du Patrimoine grandeur nature avec l'Office de Tourisme de La Porte du Hainaut - Les associations de la ville de Thiant","description":"La Porte du Hainaut vous propose une programmation riche pour ces 39\u00e8me Journ\u00e9es Europ\u00e9ennes du Patrimoine des 17 et 18 septembre.","robots":{"index":"index","follow":"follow","max-snippet":"max-snippet:-1","max-image-preview":"max-image-preview:large","max-video-preview":"max-video-preview:-1"},"canonical":"https:\/\/thiant.fr\/wordpress\/associations\/journees-du-patrimoine-grandeur-nature-avec-loffice-de-tourisme-de-la-porte-du-hainaut\/","og_locale":"fr_FR","og_type":"article","og_title":"Journ\u00e9es du Patrimoine grandeur nature avec l'Office de Tourisme de La Porte du Hainaut - Les associations de la ville de Thiant","og_description":"La Porte du Hainaut vous propose une programmation riche pour ces 39\u00e8me Journ\u00e9es Europ\u00e9ennes du Patrimoine des 17 et 18 septembre.","og_url":"https:\/\/thiant.fr\/wordpress\/associations\/journees-du-patrimoine-grandeur-nature-avec-loffice-de-tourisme-de-la-porte-du-hainaut\/","og_site_name":"Les associations de la ville de Thiant","article_publisher":"https:\/\/www.facebook.com\/commune.thiant.1","article_published_time":"2022-09-12T12:08:36+00:00","article_modified_time":"2022-09-12T12:18:03+00:00","og_image":[{"width":730,"height":416,"url":"https:\/\/thiant.fr\/wordpress\/associations\/wp-content\/uploads\/sites\/3\/2022\/09\/Les7FamillesPatrimoinePorteDuHainaut_JEP2022.png","type":"image\/png"}],"author":"Service communication","twitter_card":"summary_large_image","twitter_misc":{"\u00c9crit par":"Service communication","Dur\u00e9e de lecture estim\u00e9e":"5 minutes"},"schema":{"@context":"https:\/\/schema.org","@graph":[{"@type":"Article","@id":"https:\/\/thiant.fr\/wordpress\/associations\/journees-du-patrimoine-grandeur-nature-avec-loffice-de-tourisme-de-la-porte-du-hainaut\/#article","isPartOf":{"@id":"https:\/\/thiant.fr\/wordpress\/associations\/journees-du-patrimoine-grandeur-nature-avec-loffice-de-tourisme-de-la-porte-du-hainaut\/"},"author":{"name":"Service communication","@id":"https:\/\/thiant.fr\/wordpress\/associations\/#\/schema\/person\/f41122130d18c0720657431d990451c6"},"headline":"Journ\u00e9es du Patrimoine grandeur nature avec l&#8217;Office de Tourisme de La Porte du Hainaut","datePublished":"2022-09-12T12:08:36+00:00","dateModified":"2022-09-12T12:18:03+00:00","mainEntityOfPage":{"@id":"https:\/\/thiant.fr\/wordpress\/associations\/journees-du-patrimoine-grandeur-nature-avec-loffice-de-tourisme-de-la-porte-du-hainaut\/"},"wordCount":1105,"publisher":{"@id":"https:\/\/thiant.fr\/wordpress\/associations\/#organization"},"image":{"@id":"https:\/\/thiant.fr\/wordpress\/associations\/journees-du-patrimoine-grandeur-nature-avec-loffice-de-tourisme-de-la-porte-du-hainaut\/#primaryimage"},"thumbnailUrl":"https:\/\/thiant.fr\/wordpress\/associations\/wp-content\/uploads\/sites\/3\/2022\/09\/Les7FamillesPatrimoinePorteDuHainaut_JEP2022.png","keywords":["CAPH","Journ\u00e9es du Patrimoine","Patrimoine","porte du Hainaut","thiant","Tourisme"],"articleSection":["CAPH"],"inLanguage":"fr-FR"},{"@type":"WebPage","@id":"https:\/\/thiant.fr\/wordpress\/associations\/journees-du-patrimoine-grandeur-nature-avec-loffice-de-tourisme-de-la-porte-du-hainaut\/","url":"https:\/\/thiant.fr\/wordpress\/associations\/journees-du-patrimoine-grandeur-nature-avec-loffice-de-tourisme-de-la-porte-du-hainaut\/","name":"Journ\u00e9es du Patrimoine grandeur nature avec l'Office de Tourisme de La Porte du Hainaut - Les associations de la ville de Thiant","isPartOf":{"@id":"https:\/\/thiant.fr\/wordpress\/associations\/#website"},"primaryImageOfPage":{"@id":"https:\/\/thiant.fr\/wordpress\/associations\/journees-du-patrimoine-grandeur-nature-avec-loffice-de-tourisme-de-la-porte-du-hainaut\/#primaryimage"},"image":{"@id":"https:\/\/thiant.fr\/wordpress\/associations\/journees-du-patrimoine-grandeur-nature-avec-loffice-de-tourisme-de-la-porte-du-hainaut\/#primaryimage"},"thumbnailUrl":"https:\/\/thiant.fr\/wordpress\/associations\/wp-content\/uploads\/sites\/3\/2022\/09\/Les7FamillesPatrimoinePorteDuHainaut_JEP2022.png","datePublished":"2022-09-12T12:08:36+00:00","dateModified":"2022-09-12T12:18:03+00:00","description":"La Porte du Hainaut vous propose une programmation riche pour ces 39\u00e8me Journ\u00e9es Europ\u00e9ennes du Patrimoine des 17 et 18 septembre.","breadcrumb":{"@id":"https:\/\/thiant.fr\/wordpress\/associations\/journees-du-patrimoine-grandeur-nature-avec-loffice-de-tourisme-de-la-porte-du-hainaut\/#breadcrumb"},"inLanguage":"fr-FR","potentialAction":[{"@type":"ReadAction","target":["https:\/\/thiant.fr\/wordpress\/associations\/journees-du-patrimoine-grandeur-nature-avec-loffice-de-tourisme-de-la-porte-du-hainaut\/"]}]},{"@type":"ImageObject","inLanguage":"fr-FR","@id":"https:\/\/thiant.fr\/wordpress\/associations\/journees-du-patrimoine-grandeur-nature-avec-loffice-de-tourisme-de-la-porte-du-hainaut\/#primaryimage","url":"https:\/\/thiant.fr\/wordpress\/associations\/wp-content\/uploads\/sites\/3\/2022\/09\/Les7FamillesPatrimoinePorteDuHainaut_JEP2022.png","contentUrl":"https:\/\/thiant.fr\/wordpress\/associations\/wp-content\/uploads\/sites\/3\/2022\/09\/Les7FamillesPatrimoinePorteDuHainaut_JEP2022.png","width":730,"height":416},{"@type":"BreadcrumbList","@id":"https:\/\/thiant.fr\/wordpress\/associations\/journees-du-patrimoine-grandeur-nature-avec-loffice-de-tourisme-de-la-porte-du-hainaut\/#breadcrumb","itemListElement":[{"@type":"ListItem","position":1,"name":"Accueil","item":"https:\/\/thiant.fr\/wordpress\/associations\/"},{"@type":"ListItem","position":2,"name":"Journ\u00e9es du Patrimoine grandeur nature avec l&#8217;Office de Tourisme de La Porte du Hainaut"}]},{"@type":"WebSite","@id":"https:\/\/thiant.fr\/wordpress\/associations\/#website","url":"https:\/\/thiant.fr\/wordpress\/associations\/","name":"Les associations de la ville de Thiant","description":"Retrouvez toutes les associations de la ville","publisher":{"@id":"https:\/\/thiant.fr\/wordpress\/associations\/#organization"},"potentialAction":[{"@type":"SearchAction","target":{"@type":"EntryPoint","urlTemplate":"https:\/\/thiant.fr\/wordpress\/associations\/?s={search_term_string}"},"query-input":{"@type":"PropertyValueSpecification","valueRequired":true,"valueName":"search_term_string"}}],"inLanguage":"fr-FR"},{"@type":"Organization","@id":"https:\/\/thiant.fr\/wordpress\/associations\/#organization","name":"Les associations de la ville de Thiant","url":"https:\/\/thiant.fr\/wordpress\/associations\/","logo":{"@type":"ImageObject","inLanguage":"fr-FR","@id":"https:\/\/thiant.fr\/wordpress\/associations\/#\/schema\/logo\/image\/","url":"https:\/\/thiant.fr\/wordpress\/associations\/wp-content\/uploads\/sites\/3\/2024\/11\/cropped-logo-asso-75.png","contentUrl":"https:\/\/thiant.fr\/wordpress\/associations\/wp-content\/uploads\/sites\/3\/2024\/11\/cropped-logo-asso-75.png","width":75,"height":75,"caption":"Les associations de la ville de Thiant"},"image":{"@id":"https:\/\/thiant.fr\/wordpress\/associations\/#\/schema\/logo\/image\/"},"sameAs":["https:\/\/www.facebook.com\/commune.thiant.1"]},{"@type":"Person","@id":"https:\/\/thiant.fr\/wordpress\/associations\/#\/schema\/person\/f41122130d18c0720657431d990451c6","name":"Service communication","image":{"@type":"ImageObject","inLanguage":"fr-FR","@id":"https:\/\/thiant.fr\/wordpress\/associations\/wp-content\/litespeed\/avatar\/3\/eeb9098e5269f97d4e67fcd6f533ccb1.jpg?ver=1777467657","url":"https:\/\/thiant.fr\/wordpress\/associations\/wp-content\/litespeed\/avatar\/3\/eeb9098e5269f97d4e67fcd6f533ccb1.jpg?ver=1777467657","contentUrl":"https:\/\/thiant.fr\/wordpress\/associations\/wp-content\/litespeed\/avatar\/3\/eeb9098e5269f97d4e67fcd6f533ccb1.jpg?ver=1777467657","caption":"Service communication"},"url":"https:\/\/thiant.fr\/wordpress\/associations\/author\/adminwpress\/"}]}},"_links":{"self":[{"href":"https:\/\/thiant.fr\/wordpress\/associations\/wp-json\/wp\/v2\/posts\/876","targetHints":{"allow":["GET"]}}],"collection":[{"href":"https:\/\/thiant.fr\/wordpress\/associations\/wp-json\/wp\/v2\/posts"}],"about":[{"href":"https:\/\/thiant.fr\/wordpress\/associations\/wp-json\/wp\/v2\/types\/post"}],"author":[{"embeddable":true,"href":"https:\/\/thiant.fr\/wordpress\/associations\/wp-json\/wp\/v2\/users\/1"}],"replies":[{"embeddable":true,"href":"https:\/\/thiant.fr\/wordpress\/associations\/wp-json\/wp\/v2\/comments?post=876"}],"version-history":[{"count":1,"href":"https:\/\/thiant.fr\/wordpress\/associations\/wp-json\/wp\/v2\/posts\/876\/revisions"}],"predecessor-version":[{"id":878,"href":"https:\/\/thiant.fr\/wordpress\/associations\/wp-json\/wp\/v2\/posts\/876\/revisions\/878"}],"wp:featuredmedia":[{"embeddable":true,"href":"https:\/\/thiant.fr\/wordpress\/associations\/wp-json\/wp\/v2\/media\/877"}],"wp:attachment":[{"href":"https:\/\/thiant.fr\/wordpress\/associations\/wp-json\/wp\/v2\/media?parent=876"}],"wp:term":[{"taxonomy":"category","embeddable":true,"href":"https:\/\/thiant.fr\/wordpress\/associations\/wp-json\/wp\/v2\/categories?post=876"},{"taxonomy":"post_tag","embeddable":true,"href":"https:\/\/thiant.fr\/wordpress\/associations\/wp-json\/wp\/v2\/tags?post=876"}],"curies":[{"name":"wp","href":"https:\/\/api.w.org\/{rel}","templated":true}]}}