{"id":1097,"date":"2021-11-05T16:52:34","date_gmt":"2021-11-05T15:52:34","guid":{"rendered":"https:\/\/thiant.fr\/wordpress\/jeunesse\/?p=1097"},"modified":"2021-11-05T16:53:19","modified_gmt":"2021-11-05T15:53:19","slug":"covid-19-point-au-4-novembre-dans-le-nord","status":"publish","type":"post","link":"https:\/\/thiant.fr\/wordpress\/jeunesse\/2021\/11\/05\/covid-19-point-au-4-novembre-dans-le-nord\/","title":{"rendered":"COVID-19 : point au 4 novembre dans le Nord"},"content":{"rendered":"\t\t<div data-elementor-type=\"wp-post\" data-elementor-id=\"1097\" class=\"elementor elementor-1097\">\n\t\t\t\t\t\t<section class=\"elementor-section elementor-top-section elementor-element elementor-element-e633a47 elementor-section-boxed elementor-section-height-default elementor-section-height-default\" data-id=\"e633a47\" data-element_type=\"section\" data-e-type=\"section\">\n\t\t\t\t\t\t<div class=\"elementor-container elementor-column-gap-default\">\n\t\t\t\t\t<div class=\"elementor-column elementor-col-33 elementor-top-column elementor-element elementor-element-529ac00\" data-id=\"529ac00\" data-element_type=\"column\" data-e-type=\"column\">\n\t\t\t<div class=\"elementor-widget-wrap elementor-element-populated\">\n\t\t\t\t\t\t<div class=\"elementor-element elementor-element-a00320f elementor-widget elementor-widget-image\" data-id=\"a00320f\" data-element_type=\"widget\" data-e-type=\"widget\" data-widget_type=\"image.default\">\n\t\t\t\t<div class=\"elementor-widget-container\">\n\t\t\t\t\t\t\t\t\t\t\t\t\t\t\t<img decoding=\"async\" src=\"https:\/\/thiant.fr\/wordpress\/wp-content\/uploads\/2021\/03\/Logo-Prefet-Nord.png\" title=\"\" alt=\"\" loading=\"lazy\" \/>\t\t\t\t\t\t\t\t\t\t\t\t\t\t\t<\/div>\n\t\t\t\t<\/div>\n\t\t\t\t\t<\/div>\n\t\t<\/div>\n\t\t\t\t<div class=\"elementor-column elementor-col-66 elementor-top-column elementor-element elementor-element-8827487\" data-id=\"8827487\" data-element_type=\"column\" data-e-type=\"column\">\n\t\t\t<div class=\"elementor-widget-wrap elementor-element-populated\">\n\t\t\t\t\t\t<div class=\"elementor-element elementor-element-a8c43a2 elementor-widget elementor-widget-text-editor\" data-id=\"a8c43a2\" data-element_type=\"widget\" data-e-type=\"widget\" data-widget_type=\"text-editor.default\">\n\t\t\t\t<div class=\"elementor-widget-container\">\n\t\t\t\t\t\t\t\t\t<h2><span style=\"color: #993300;\">Covid-19\u00a0: renforcement du protocole sanitaire dans les \u00e9tablissements scolaires et certains \u00e9tablissements recevant du public<\/span><\/h2><div><span style=\"color: #333333;\">Depuis la fin du mois d\u2019octobre, l\u2019incidence du virus de la Covid-19 est en hausse dans le Nord. Le d\u00e9partement est ainsi pass\u00e9 au-dessus du seuil d\u2019alerte fix\u00e9 \u00e0 50 nouveaux cas par semaine pour 100 000 habitants. Au 31 octobre, le taux d\u2019incidence d\u00e9partemental est de 72,7 cas pour 100 000 habitants.<\/span><\/div><div class=\"article_entete\"><p class=\" text-justify\"><span style=\"color: #333333;\">Dans ce contexte, le d\u00e9cret du 3 novembre 2021 a renforc\u00e9 les mesures de lutte contre le virus dans le d\u00e9partement du Nord.<\/span><\/p><\/div><h3 class=\" text-justify\"><span style=\"color: #000080;\"><b>\u00c9ducation nationale\u00a0: mise en place du protocole de niveau 2 d\u00e8s la rentr\u00e9e du 8\u00a0novembre<\/b><\/span><\/h3><p class=\" text-justify\"><span style=\"color: #333333;\">Du fait de l\u2019\u00e9volution de la situation \u00e9pid\u00e9mique et de l\u2019augmentation du taux d\u2019incidence, le d\u00e9partement du Nord passera du niveau 1 au niveau 2 du protocole sanitaire de l\u2019\u00c9ducation nationale, d\u00e8s la rentr\u00e9e scolaire du 8 novembre.<\/span><\/p><p class=\" text-justify\"><span style=\"color: #333333;\">Le niveau 2 du protocole de l\u2019\u00c9ducation nationale pr\u00e9voit le\u00a0<b>maintien des enseignements en pr\u00e9sentiel<\/b>\u00a0\u00e0 tous les niveaux\u00a0: les \u00e9coles, coll\u00e8ges et lyc\u00e9es accueilleront donc normalement les \u00e9l\u00e8ves d\u00e8s la rentr\u00e9e.<\/span><\/p><p class=\" text-justify\"><span style=\"color: #333333;\">Outre le\u00a0<b>r\u00e9tablissement du port du masque en int\u00e9rieur pour les \u00e9l\u00e8ves des \u00e9coles \u00e9l\u00e9mentaires<\/b>, le niveau 2 du protocole pr\u00e9voit des mesures de protection renforc\u00e9es, notamment la limitation des brassages par niveau, l\u2019augmentation de la fr\u00e9quence des d\u00e9sinfections et le respect d\u2019une distanciation physique adapt\u00e9e pour les activit\u00e9s physiques et sportives. Les coll\u00e9giens et lyc\u00e9ens continuent de porter le masque.<\/span><\/p><p class=\" text-justify\"><span style=\"color: #333333;\">Concernant la\u00a0<b>pratique sportive dans le cadre scolaire<\/b>, les activit\u00e9s physiques et sportives sont autoris\u00e9es en ext\u00e9rieur ainsi qu\u2019en int\u00e9rieur. En int\u00e9rieur, les sports de contact sont \u00e0 \u00e9viter et la distanciation doit \u00eatre adapt\u00e9e selon la pratique sportive.<\/span><\/p><p class=\" text-justify\"><span style=\"color: #333333;\"><b>Le protocole de contact tracing reste inchang\u00e9<\/b>\u00a0:<\/span><\/p><ul><li><span style=\"color: #333333;\">dans les \u00e9coles, fermeture de la classe d\u00e8s le 1er cas et poursuite des apprentissages \u00e0 distance\u00a0;<\/span><\/li><li><span style=\"color: #333333;\">dans les coll\u00e8ges et les lyc\u00e9es, les \u00e9l\u00e8ves contact \u00e0 risque sans vaccination compl\u00e8te poursuivent pendant 7 jours leurs apprentissages \u00e0 distance et les \u00e9l\u00e8ves contact \u00e0 risque justifiant d\u2019une vaccination compl\u00e8te poursuivent les cours en pr\u00e9sentiel.<\/span><\/li><\/ul><h3 class=\" text-justify\"><span style=\"color: #000080;\"><b>La mise en place de jauges dans certains \u00e9tablissements recevant du public<\/b><\/span><\/h3><p class=\" text-justify\"><span style=\"color: #333333;\">Afin de limiter les brassages de populations, une jauge de 75\u00a0% de la capacit\u00e9 d\u2019accueil est r\u00e9tablie\u00a0:<\/span><\/p><ul><li><span style=\"color: #333333;\">dans les salles de spectacles et concerts o\u00f9 le public est debout\u00a0;<\/span><\/li><li><span style=\"color: #333333;\">dans les salles de danses et discoth\u00e8ques.<\/span><\/li><\/ul><p class=\" text-justify\"><span style=\"color: #333333;\">Cette mesure est applicable \u00e0 partir du 8 novembre 2021.<\/span><\/p><h3 class=\" text-justify\"><span style=\"color: #000080;\"><b>Les mesures en vigueur toujours applicables<\/b><\/span><\/h3><p class=\" text-justify\"><span style=\"color: #333333;\">Afin de limiter la propagation du virus, il importe de continuer \u00e0 appliquer strictement les mesures d\u2019ores et d\u00e9j\u00e0 en vigueur.<\/span><\/p><p><span style=\"color: #000080;\"><b>Le port du masque obligatoire<\/b><\/span><\/p><p class=\" text-justify\"><span style=\"color: #333333;\">Le port du masque reste obligatoire pour les personnes de 11 ans et plus\u00a0:<\/span><\/p><ul><li><span style=\"color: #333333;\">dans les files d\u2019attente de toute nature\u00a0;<\/span><\/li><li><span style=\"color: #333333;\">\u00e0 l\u2019occasion de tout regroupement de plus de 10 personnes sur la voie publique et les espaces ouverts au public\u00a0;<\/span><\/li><\/ul><ul><li><span style=\"color: #333333;\">dans les zones pi\u00e9tonnes, permanentes ou temporaires, les samedis et jours d\u2019\u00e9v\u00e9nements particuliers\u00a0;<\/span><\/li><li><span style=\"color: #333333;\">dans les espaces r\u00e9serv\u00e9s aux spectateurs des enceintes sportives de plein air\u00a0;<\/span><\/li><li><span style=\"color: #333333;\">dans les f\u00eates foraines.<\/span><\/li><\/ul><p class=\" text-justify\"><span style=\"color: #333333;\">Les plages, parcs et jardins ne sont pas soumis \u00e0 l\u2019obligation du port du masque.<\/span><\/p><h3 class=\" text-justify\"><span style=\"color: #000080;\"><b>Le p<\/b><b>asse sanitaire<\/b><\/span><\/h3><p class=\" text-justify\"><span style=\"color: #333333;\">Applicable depuis l\u2019\u00e9t\u00e9, le passe sanitaire reste en vigueur dans :<\/span><\/p><ul><li><span style=\"color: #333333;\">les lieux de loisir et de culture ;<\/span><\/li><\/ul><ul><li><span style=\"color: #333333;\">les bars et restaurants, y compris sur les terrasses ;<\/span><\/li><\/ul><ul><li><span style=\"color: #333333;\">les foires et salons professionnels, et les s\u00e9minaires professionnels ;<\/span><\/li><li><span style=\"color: #333333;\">les services et \u00e9tablissements de sant\u00e9, sociaux et m\u00e9dico-sociaux, pour les personnes accompagnant ou rendant visite aux personnes accueillies dans ces services ainsi que pour celles qui y sont accueillies pour des soins programm\u00e9s ;<\/span><\/li><li><span style=\"color: #333333;\">les transports publics pour les d\u00e9placements de longue distance interr\u00e9gionaux (vols int\u00e9rieurs, trajets en\u00a0<a class=\"ca_glossary\" style=\"color: #333333;\" href=\"https:\/\/www.nord.gouv.fr\/Outils\/Glossaire\/(namefilter)\/TGV\">TGV<\/a>, Intercit\u00e9s et trains de nuit, cars interr\u00e9gionaux).<\/span><\/li><\/ul><p class=\" text-justify\"><span style=\"color: #333333;\">Les commer\u00e7ants et professionnels ne contr\u00f4lant pas le passe s&#8217;exposent \u00e0 une mise en demeure et \u00e0 une \u00e9ventuelle fermeture temporaire de l&#8217;\u00e9tablissement.<\/span><\/p><p class=\" text-justify\"><span style=\"color: #333333;\">L&#8217;utilisation du \u00ab\u00a0passe sanitaire\u00a0\u00bb d&#8217;un tiers est punie d&#8217;une amende de 750\u00a0\u20ac, forfaitis\u00e9e \u00e0 135\u00a0\u20ac si elle est r\u00e9gl\u00e9e rapidement.<\/span><\/p><p class=\" text-center\" style=\"text-align: center;\"><span style=\"color: #333333;\">****<\/span><\/p><p class=\" text-justify\"><strong><span style=\"color: #ff0000;\">Dans le contexte d\u2019augmentation de la circulation du virus de la Covid-19, le respect des gestes barri\u00e8res et la vaccination restent les meilleurs armes. Tous les habitants du d\u00e9partement sont invit\u00e9s \u00e0 se faire vacciner.<\/span><\/strong><\/p>\t\t\t\t\t\t\t\t<\/div>\n\t\t\t\t<\/div>\n\t\t\t\t\t<\/div>\n\t\t<\/div>\n\t\t\t\t\t<\/div>\n\t\t<\/section>\n\t\t\t\t<\/div>\n\t\t","protected":false},"excerpt":{"rendered":"<p>Covid-19&nbsp;: renforcement du protocole sanitaire dans les \u00e9tablissements scolaires et certains \u00e9tablissements recevant du public Depuis la fin du mois d\u2019octobre, l\u2019incidence du virus de la Covid-19 est en hausse dans le Nord. Le d\u00e9partement est ainsi pass\u00e9 au-dessus du seuil d\u2019alerte fix\u00e9 \u00e0 50 nouveaux cas par semaine pour 100 000 habitants. Au 31 [&hellip;]<\/p>\n","protected":false},"author":1,"featured_media":1098,"comment_status":"closed","ping_status":"closed","sticky":false,"template":"","format":"standard","meta":{"_crdt_document":"","ocean_post_layout":"","ocean_both_sidebars_style":"","ocean_both_sidebars_content_width":0,"ocean_both_sidebars_sidebars_width":0,"ocean_sidebar":"0","ocean_second_sidebar":"0","ocean_disable_margins":"enable","ocean_add_body_class":"","ocean_shortcode_before_top_bar":"","ocean_shortcode_after_top_bar":"","ocean_shortcode_before_header":"","ocean_shortcode_after_header":"","ocean_has_shortcode":"","ocean_shortcode_after_title":"","ocean_shortcode_before_footer_widgets":"","ocean_shortcode_after_footer_widgets":"","ocean_shortcode_before_footer_bottom":"","ocean_shortcode_after_footer_bottom":"","ocean_display_top_bar":"default","ocean_display_header":"default","ocean_header_style":"","ocean_center_header_left_menu":"0","ocean_custom_header_template":"0","ocean_custom_logo":0,"ocean_custom_retina_logo":0,"ocean_custom_logo_max_width":0,"ocean_custom_logo_tablet_max_width":0,"ocean_custom_logo_mobile_max_width":0,"ocean_custom_logo_max_height":0,"ocean_custom_logo_tablet_max_height":0,"ocean_custom_logo_mobile_max_height":0,"ocean_header_custom_menu":"0","ocean_menu_typo_font_family":"0","ocean_menu_typo_font_subset":"","ocean_menu_typo_font_size":0,"ocean_menu_typo_font_size_tablet":0,"ocean_menu_typo_font_size_mobile":0,"ocean_menu_typo_font_size_unit":"px","ocean_menu_typo_font_weight":"","ocean_menu_typo_font_weight_tablet":"","ocean_menu_typo_font_weight_mobile":"","ocean_menu_typo_transform":"","ocean_menu_typo_transform_tablet":"","ocean_menu_typo_transform_mobile":"","ocean_menu_typo_line_height":0,"ocean_menu_typo_line_height_tablet":0,"ocean_menu_typo_line_height_mobile":0,"ocean_menu_typo_line_height_unit":"","ocean_menu_typo_spacing":0,"ocean_menu_typo_spacing_tablet":0,"ocean_menu_typo_spacing_mobile":0,"ocean_menu_typo_spacing_unit":"","ocean_menu_link_color":"","ocean_menu_link_color_hover":"","ocean_menu_link_color_active":"","ocean_menu_link_background":"","ocean_menu_link_hover_background":"","ocean_menu_link_active_background":"","ocean_menu_social_links_bg":"","ocean_menu_social_hover_links_bg":"","ocean_menu_social_links_color":"","ocean_menu_social_hover_links_color":"","ocean_disable_title":"default","ocean_disable_heading":"default","ocean_post_title":"","ocean_post_subheading":"","ocean_post_title_style":"","ocean_post_title_background_color":"","ocean_post_title_background":0,"ocean_post_title_bg_image_position":"","ocean_post_title_bg_image_attachment":"","ocean_post_title_bg_image_repeat":"","ocean_post_title_bg_image_size":"","ocean_post_title_height":0,"ocean_post_title_bg_overlay":0.5,"ocean_post_title_bg_overlay_color":"","ocean_disable_breadcrumbs":"default","ocean_breadcrumbs_color":"","ocean_breadcrumbs_separator_color":"","ocean_breadcrumbs_links_color":"","ocean_breadcrumbs_links_hover_color":"","ocean_display_footer_widgets":"default","ocean_display_footer_bottom":"default","ocean_custom_footer_template":"0","ocean_post_oembed":"","ocean_post_self_hosted_media":"","ocean_post_video_embed":"","ocean_link_format":"","ocean_link_format_target":"self","ocean_quote_format":"","ocean_quote_format_link":"post","ocean_gallery_link_images":"off","ocean_gallery_id":[],"footnotes":""},"categories":[140],"tags":[],"class_list":["post-1097","post","type-post","status-publish","format-standard","has-post-thumbnail","hentry","category-covid-19","entry","has-media"],"yoast_head":"<!-- This site is optimized with the Yoast SEO plugin v27.3 - https:\/\/yoast.com\/product\/yoast-seo-wordpress\/ -->\n<title>COVID-19 : point au 4 novembre dans le Nord - Espace jeunesse du site officiel de la Ville de Thiant<\/title>\n<meta name=\"description\" content=\"masque obligatoire en milieu scolaire pour les \u00e9l\u00e9mentaires, jauge \u00e0 75% dans certaines salles de spectacle, pass sanitaire\" \/>\n<meta name=\"robots\" content=\"index, follow, max-snippet:-1, max-image-preview:large, max-video-preview:-1\" \/>\n<link rel=\"canonical\" href=\"https:\/\/thiant.fr\/wordpress\/jeunesse\/2021\/11\/05\/covid-19-point-au-4-novembre-dans-le-nord\/\" \/>\n<meta property=\"og:locale\" content=\"fr_FR\" \/>\n<meta property=\"og:type\" content=\"article\" \/>\n<meta property=\"og:title\" content=\"COVID-19 : point au 4 novembre dans le Nord - Espace jeunesse du site officiel de la Ville de Thiant\" \/>\n<meta property=\"og:description\" content=\"masque obligatoire en milieu scolaire pour les \u00e9l\u00e9mentaires, jauge \u00e0 75% dans certaines salles de spectacle, pass sanitaire\" \/>\n<meta property=\"og:url\" content=\"https:\/\/thiant.fr\/wordpress\/jeunesse\/2021\/11\/05\/covid-19-point-au-4-novembre-dans-le-nord\/\" \/>\n<meta property=\"og:site_name\" content=\"Espace jeunesse du site officiel de la Ville de Thiant\" \/>\n<meta property=\"article:publisher\" content=\"https:\/\/www.facebook.com\/commune.thiant.1\" \/>\n<meta property=\"article:published_time\" content=\"2021-11-05T15:52:34+00:00\" \/>\n<meta property=\"article:modified_time\" content=\"2021-11-05T15:53:19+00:00\" \/>\n<meta property=\"og:image\" content=\"https:\/\/thiant.fr\/wordpress\/jeunesse\/wp-content\/uploads\/sites\/2\/2021\/11\/retour-du-masque.png\" \/>\n\t<meta property=\"og:image:width\" content=\"730\" \/>\n\t<meta property=\"og:image:height\" content=\"410\" \/>\n\t<meta property=\"og:image:type\" content=\"image\/png\" \/>\n<meta name=\"author\" content=\"Service communication\" \/>\n<meta name=\"twitter:card\" content=\"summary_large_image\" \/>\n<meta name=\"twitter:label1\" content=\"\u00c9crit par\" \/>\n\t<meta name=\"twitter:data1\" content=\"Service communication\" \/>\n\t<meta name=\"twitter:label2\" content=\"Dur\u00e9e de lecture estim\u00e9e\" \/>\n\t<meta name=\"twitter:data2\" content=\"4 minutes\" \/>\n<script type=\"application\/ld+json\" class=\"yoast-schema-graph\">{\"@context\":\"https:\\\/\\\/schema.org\",\"@graph\":[{\"@type\":\"Article\",\"@id\":\"https:\\\/\\\/thiant.fr\\\/wordpress\\\/jeunesse\\\/2021\\\/11\\\/05\\\/covid-19-point-au-4-novembre-dans-le-nord\\\/#article\",\"isPartOf\":{\"@id\":\"https:\\\/\\\/thiant.fr\\\/wordpress\\\/jeunesse\\\/2021\\\/11\\\/05\\\/covid-19-point-au-4-novembre-dans-le-nord\\\/\"},\"author\":{\"name\":\"Service communication\",\"@id\":\"https:\\\/\\\/thiant.fr\\\/wordpress\\\/jeunesse\\\/#\\\/schema\\\/person\\\/f41122130d18c0720657431d990451c6\"},\"headline\":\"COVID-19 : point au 4 novembre dans le Nord\",\"datePublished\":\"2021-11-05T15:52:34+00:00\",\"dateModified\":\"2021-11-05T15:53:19+00:00\",\"mainEntityOfPage\":{\"@id\":\"https:\\\/\\\/thiant.fr\\\/wordpress\\\/jeunesse\\\/2021\\\/11\\\/05\\\/covid-19-point-au-4-novembre-dans-le-nord\\\/\"},\"wordCount\":770,\"publisher\":{\"@id\":\"https:\\\/\\\/thiant.fr\\\/wordpress\\\/jeunesse\\\/#organization\"},\"image\":{\"@id\":\"https:\\\/\\\/thiant.fr\\\/wordpress\\\/jeunesse\\\/2021\\\/11\\\/05\\\/covid-19-point-au-4-novembre-dans-le-nord\\\/#primaryimage\"},\"thumbnailUrl\":\"https:\\\/\\\/thiant.fr\\\/wordpress\\\/jeunesse\\\/wp-content\\\/uploads\\\/sites\\\/2\\\/2021\\\/11\\\/retour-du-masque.png\",\"articleSection\":[\"COVID-19\"],\"inLanguage\":\"fr-FR\"},{\"@type\":\"WebPage\",\"@id\":\"https:\\\/\\\/thiant.fr\\\/wordpress\\\/jeunesse\\\/2021\\\/11\\\/05\\\/covid-19-point-au-4-novembre-dans-le-nord\\\/\",\"url\":\"https:\\\/\\\/thiant.fr\\\/wordpress\\\/jeunesse\\\/2021\\\/11\\\/05\\\/covid-19-point-au-4-novembre-dans-le-nord\\\/\",\"name\":\"COVID-19 : point au 4 novembre dans le Nord - Espace jeunesse du site officiel de la Ville de Thiant\",\"isPartOf\":{\"@id\":\"https:\\\/\\\/thiant.fr\\\/wordpress\\\/jeunesse\\\/#website\"},\"primaryImageOfPage\":{\"@id\":\"https:\\\/\\\/thiant.fr\\\/wordpress\\\/jeunesse\\\/2021\\\/11\\\/05\\\/covid-19-point-au-4-novembre-dans-le-nord\\\/#primaryimage\"},\"image\":{\"@id\":\"https:\\\/\\\/thiant.fr\\\/wordpress\\\/jeunesse\\\/2021\\\/11\\\/05\\\/covid-19-point-au-4-novembre-dans-le-nord\\\/#primaryimage\"},\"thumbnailUrl\":\"https:\\\/\\\/thiant.fr\\\/wordpress\\\/jeunesse\\\/wp-content\\\/uploads\\\/sites\\\/2\\\/2021\\\/11\\\/retour-du-masque.png\",\"datePublished\":\"2021-11-05T15:52:34+00:00\",\"dateModified\":\"2021-11-05T15:53:19+00:00\",\"description\":\"masque obligatoire en milieu scolaire pour les \u00e9l\u00e9mentaires, jauge \u00e0 75% dans certaines salles de spectacle, pass sanitaire\",\"breadcrumb\":{\"@id\":\"https:\\\/\\\/thiant.fr\\\/wordpress\\\/jeunesse\\\/2021\\\/11\\\/05\\\/covid-19-point-au-4-novembre-dans-le-nord\\\/#breadcrumb\"},\"inLanguage\":\"fr-FR\",\"potentialAction\":[{\"@type\":\"ReadAction\",\"target\":[\"https:\\\/\\\/thiant.fr\\\/wordpress\\\/jeunesse\\\/2021\\\/11\\\/05\\\/covid-19-point-au-4-novembre-dans-le-nord\\\/\"]}]},{\"@type\":\"ImageObject\",\"inLanguage\":\"fr-FR\",\"@id\":\"https:\\\/\\\/thiant.fr\\\/wordpress\\\/jeunesse\\\/2021\\\/11\\\/05\\\/covid-19-point-au-4-novembre-dans-le-nord\\\/#primaryimage\",\"url\":\"https:\\\/\\\/thiant.fr\\\/wordpress\\\/jeunesse\\\/wp-content\\\/uploads\\\/sites\\\/2\\\/2021\\\/11\\\/retour-du-masque.png\",\"contentUrl\":\"https:\\\/\\\/thiant.fr\\\/wordpress\\\/jeunesse\\\/wp-content\\\/uploads\\\/sites\\\/2\\\/2021\\\/11\\\/retour-du-masque.png\",\"width\":730,\"height\":410},{\"@type\":\"BreadcrumbList\",\"@id\":\"https:\\\/\\\/thiant.fr\\\/wordpress\\\/jeunesse\\\/2021\\\/11\\\/05\\\/covid-19-point-au-4-novembre-dans-le-nord\\\/#breadcrumb\",\"itemListElement\":[{\"@type\":\"ListItem\",\"position\":1,\"name\":\"Accueil\",\"item\":\"https:\\\/\\\/thiant.fr\\\/wordpress\\\/jeunesse\\\/\"},{\"@type\":\"ListItem\",\"position\":2,\"name\":\"COVID-19 : point au 4 novembre dans le Nord\"}]},{\"@type\":\"WebSite\",\"@id\":\"https:\\\/\\\/thiant.fr\\\/wordpress\\\/jeunesse\\\/#website\",\"url\":\"https:\\\/\\\/thiant.fr\\\/wordpress\\\/jeunesse\\\/\",\"name\":\"Espace jeunesse du site officiel de la Ville de Thiant\",\"description\":\"\",\"publisher\":{\"@id\":\"https:\\\/\\\/thiant.fr\\\/wordpress\\\/jeunesse\\\/#organization\"},\"potentialAction\":[{\"@type\":\"SearchAction\",\"target\":{\"@type\":\"EntryPoint\",\"urlTemplate\":\"https:\\\/\\\/thiant.fr\\\/wordpress\\\/jeunesse\\\/?s={search_term_string}\"},\"query-input\":{\"@type\":\"PropertyValueSpecification\",\"valueRequired\":true,\"valueName\":\"search_term_string\"}}],\"inLanguage\":\"fr-FR\"},{\"@type\":\"Organization\",\"@id\":\"https:\\\/\\\/thiant.fr\\\/wordpress\\\/jeunesse\\\/#organization\",\"name\":\"Espace jeunesse du site officiel de la Ville de Thiant\",\"url\":\"https:\\\/\\\/thiant.fr\\\/wordpress\\\/jeunesse\\\/\",\"logo\":{\"@type\":\"ImageObject\",\"inLanguage\":\"fr-FR\",\"@id\":\"https:\\\/\\\/thiant.fr\\\/wordpress\\\/jeunesse\\\/#\\\/schema\\\/logo\\\/image\\\/\",\"url\":\"https:\\\/\\\/thiant.fr\\\/wordpress\\\/jeunesse\\\/wp-content\\\/uploads\\\/sites\\\/2\\\/2019\\\/10\\\/Logo_jeunesse_02-1.png\",\"contentUrl\":\"https:\\\/\\\/thiant.fr\\\/wordpress\\\/jeunesse\\\/wp-content\\\/uploads\\\/sites\\\/2\\\/2019\\\/10\\\/Logo_jeunesse_02-1.png\",\"width\":384,\"height\":203,\"caption\":\"Espace jeunesse du site officiel de la Ville de Thiant\"},\"image\":{\"@id\":\"https:\\\/\\\/thiant.fr\\\/wordpress\\\/jeunesse\\\/#\\\/schema\\\/logo\\\/image\\\/\"},\"sameAs\":[\"https:\\\/\\\/www.facebook.com\\\/commune.thiant.1\"]},{\"@type\":\"Person\",\"@id\":\"https:\\\/\\\/thiant.fr\\\/wordpress\\\/jeunesse\\\/#\\\/schema\\\/person\\\/f41122130d18c0720657431d990451c6\",\"name\":\"Service communication\",\"image\":{\"@type\":\"ImageObject\",\"inLanguage\":\"fr-FR\",\"@id\":\"https:\\\/\\\/thiant.fr\\\/wordpress\\\/jeunesse\\\/wp-content\\\/litespeed\\\/avatar\\\/2\\\/eeb9098e5269f97d4e67fcd6f533ccb1.jpg?ver=1777455838\",\"url\":\"https:\\\/\\\/thiant.fr\\\/wordpress\\\/jeunesse\\\/wp-content\\\/litespeed\\\/avatar\\\/2\\\/eeb9098e5269f97d4e67fcd6f533ccb1.jpg?ver=1777455838\",\"contentUrl\":\"https:\\\/\\\/thiant.fr\\\/wordpress\\\/jeunesse\\\/wp-content\\\/litespeed\\\/avatar\\\/2\\\/eeb9098e5269f97d4e67fcd6f533ccb1.jpg?ver=1777455838\",\"caption\":\"Service communication\"},\"url\":\"https:\\\/\\\/thiant.fr\\\/wordpress\\\/jeunesse\\\/author\\\/adminwpress\\\/\"}]}<\/script>\n<!-- \/ Yoast SEO plugin. -->","yoast_head_json":{"title":"COVID-19 : point au 4 novembre dans le Nord - Espace jeunesse du site officiel de la Ville de Thiant","description":"masque obligatoire en milieu scolaire pour les \u00e9l\u00e9mentaires, jauge \u00e0 75% dans certaines salles de spectacle, pass sanitaire","robots":{"index":"index","follow":"follow","max-snippet":"max-snippet:-1","max-image-preview":"max-image-preview:large","max-video-preview":"max-video-preview:-1"},"canonical":"https:\/\/thiant.fr\/wordpress\/jeunesse\/2021\/11\/05\/covid-19-point-au-4-novembre-dans-le-nord\/","og_locale":"fr_FR","og_type":"article","og_title":"COVID-19 : point au 4 novembre dans le Nord - Espace jeunesse du site officiel de la Ville de Thiant","og_description":"masque obligatoire en milieu scolaire pour les \u00e9l\u00e9mentaires, jauge \u00e0 75% dans certaines salles de spectacle, pass sanitaire","og_url":"https:\/\/thiant.fr\/wordpress\/jeunesse\/2021\/11\/05\/covid-19-point-au-4-novembre-dans-le-nord\/","og_site_name":"Espace jeunesse du site officiel de la Ville de Thiant","article_publisher":"https:\/\/www.facebook.com\/commune.thiant.1","article_published_time":"2021-11-05T15:52:34+00:00","article_modified_time":"2021-11-05T15:53:19+00:00","og_image":[{"width":730,"height":410,"url":"https:\/\/thiant.fr\/wordpress\/jeunesse\/wp-content\/uploads\/sites\/2\/2021\/11\/retour-du-masque.png","type":"image\/png"}],"author":"Service communication","twitter_card":"summary_large_image","twitter_misc":{"\u00c9crit par":"Service communication","Dur\u00e9e de lecture estim\u00e9e":"4 minutes"},"schema":{"@context":"https:\/\/schema.org","@graph":[{"@type":"Article","@id":"https:\/\/thiant.fr\/wordpress\/jeunesse\/2021\/11\/05\/covid-19-point-au-4-novembre-dans-le-nord\/#article","isPartOf":{"@id":"https:\/\/thiant.fr\/wordpress\/jeunesse\/2021\/11\/05\/covid-19-point-au-4-novembre-dans-le-nord\/"},"author":{"name":"Service communication","@id":"https:\/\/thiant.fr\/wordpress\/jeunesse\/#\/schema\/person\/f41122130d18c0720657431d990451c6"},"headline":"COVID-19 : point au 4 novembre dans le Nord","datePublished":"2021-11-05T15:52:34+00:00","dateModified":"2021-11-05T15:53:19+00:00","mainEntityOfPage":{"@id":"https:\/\/thiant.fr\/wordpress\/jeunesse\/2021\/11\/05\/covid-19-point-au-4-novembre-dans-le-nord\/"},"wordCount":770,"publisher":{"@id":"https:\/\/thiant.fr\/wordpress\/jeunesse\/#organization"},"image":{"@id":"https:\/\/thiant.fr\/wordpress\/jeunesse\/2021\/11\/05\/covid-19-point-au-4-novembre-dans-le-nord\/#primaryimage"},"thumbnailUrl":"https:\/\/thiant.fr\/wordpress\/jeunesse\/wp-content\/uploads\/sites\/2\/2021\/11\/retour-du-masque.png","articleSection":["COVID-19"],"inLanguage":"fr-FR"},{"@type":"WebPage","@id":"https:\/\/thiant.fr\/wordpress\/jeunesse\/2021\/11\/05\/covid-19-point-au-4-novembre-dans-le-nord\/","url":"https:\/\/thiant.fr\/wordpress\/jeunesse\/2021\/11\/05\/covid-19-point-au-4-novembre-dans-le-nord\/","name":"COVID-19 : point au 4 novembre dans le Nord - Espace jeunesse du site officiel de la Ville de Thiant","isPartOf":{"@id":"https:\/\/thiant.fr\/wordpress\/jeunesse\/#website"},"primaryImageOfPage":{"@id":"https:\/\/thiant.fr\/wordpress\/jeunesse\/2021\/11\/05\/covid-19-point-au-4-novembre-dans-le-nord\/#primaryimage"},"image":{"@id":"https:\/\/thiant.fr\/wordpress\/jeunesse\/2021\/11\/05\/covid-19-point-au-4-novembre-dans-le-nord\/#primaryimage"},"thumbnailUrl":"https:\/\/thiant.fr\/wordpress\/jeunesse\/wp-content\/uploads\/sites\/2\/2021\/11\/retour-du-masque.png","datePublished":"2021-11-05T15:52:34+00:00","dateModified":"2021-11-05T15:53:19+00:00","description":"masque obligatoire en milieu scolaire pour les \u00e9l\u00e9mentaires, jauge \u00e0 75% dans certaines salles de spectacle, pass sanitaire","breadcrumb":{"@id":"https:\/\/thiant.fr\/wordpress\/jeunesse\/2021\/11\/05\/covid-19-point-au-4-novembre-dans-le-nord\/#breadcrumb"},"inLanguage":"fr-FR","potentialAction":[{"@type":"ReadAction","target":["https:\/\/thiant.fr\/wordpress\/jeunesse\/2021\/11\/05\/covid-19-point-au-4-novembre-dans-le-nord\/"]}]},{"@type":"ImageObject","inLanguage":"fr-FR","@id":"https:\/\/thiant.fr\/wordpress\/jeunesse\/2021\/11\/05\/covid-19-point-au-4-novembre-dans-le-nord\/#primaryimage","url":"https:\/\/thiant.fr\/wordpress\/jeunesse\/wp-content\/uploads\/sites\/2\/2021\/11\/retour-du-masque.png","contentUrl":"https:\/\/thiant.fr\/wordpress\/jeunesse\/wp-content\/uploads\/sites\/2\/2021\/11\/retour-du-masque.png","width":730,"height":410},{"@type":"BreadcrumbList","@id":"https:\/\/thiant.fr\/wordpress\/jeunesse\/2021\/11\/05\/covid-19-point-au-4-novembre-dans-le-nord\/#breadcrumb","itemListElement":[{"@type":"ListItem","position":1,"name":"Accueil","item":"https:\/\/thiant.fr\/wordpress\/jeunesse\/"},{"@type":"ListItem","position":2,"name":"COVID-19 : point au 4 novembre dans le Nord"}]},{"@type":"WebSite","@id":"https:\/\/thiant.fr\/wordpress\/jeunesse\/#website","url":"https:\/\/thiant.fr\/wordpress\/jeunesse\/","name":"Espace jeunesse du site officiel de la Ville de Thiant","description":"","publisher":{"@id":"https:\/\/thiant.fr\/wordpress\/jeunesse\/#organization"},"potentialAction":[{"@type":"SearchAction","target":{"@type":"EntryPoint","urlTemplate":"https:\/\/thiant.fr\/wordpress\/jeunesse\/?s={search_term_string}"},"query-input":{"@type":"PropertyValueSpecification","valueRequired":true,"valueName":"search_term_string"}}],"inLanguage":"fr-FR"},{"@type":"Organization","@id":"https:\/\/thiant.fr\/wordpress\/jeunesse\/#organization","name":"Espace jeunesse du site officiel de la Ville de Thiant","url":"https:\/\/thiant.fr\/wordpress\/jeunesse\/","logo":{"@type":"ImageObject","inLanguage":"fr-FR","@id":"https:\/\/thiant.fr\/wordpress\/jeunesse\/#\/schema\/logo\/image\/","url":"https:\/\/thiant.fr\/wordpress\/jeunesse\/wp-content\/uploads\/sites\/2\/2019\/10\/Logo_jeunesse_02-1.png","contentUrl":"https:\/\/thiant.fr\/wordpress\/jeunesse\/wp-content\/uploads\/sites\/2\/2019\/10\/Logo_jeunesse_02-1.png","width":384,"height":203,"caption":"Espace jeunesse du site officiel de la Ville de Thiant"},"image":{"@id":"https:\/\/thiant.fr\/wordpress\/jeunesse\/#\/schema\/logo\/image\/"},"sameAs":["https:\/\/www.facebook.com\/commune.thiant.1"]},{"@type":"Person","@id":"https:\/\/thiant.fr\/wordpress\/jeunesse\/#\/schema\/person\/f41122130d18c0720657431d990451c6","name":"Service communication","image":{"@type":"ImageObject","inLanguage":"fr-FR","@id":"https:\/\/thiant.fr\/wordpress\/jeunesse\/wp-content\/litespeed\/avatar\/2\/eeb9098e5269f97d4e67fcd6f533ccb1.jpg?ver=1777455838","url":"https:\/\/thiant.fr\/wordpress\/jeunesse\/wp-content\/litespeed\/avatar\/2\/eeb9098e5269f97d4e67fcd6f533ccb1.jpg?ver=1777455838","contentUrl":"https:\/\/thiant.fr\/wordpress\/jeunesse\/wp-content\/litespeed\/avatar\/2\/eeb9098e5269f97d4e67fcd6f533ccb1.jpg?ver=1777455838","caption":"Service communication"},"url":"https:\/\/thiant.fr\/wordpress\/jeunesse\/author\/adminwpress\/"}]}},"_links":{"self":[{"href":"https:\/\/thiant.fr\/wordpress\/jeunesse\/wp-json\/wp\/v2\/posts\/1097","targetHints":{"allow":["GET"]}}],"collection":[{"href":"https:\/\/thiant.fr\/wordpress\/jeunesse\/wp-json\/wp\/v2\/posts"}],"about":[{"href":"https:\/\/thiant.fr\/wordpress\/jeunesse\/wp-json\/wp\/v2\/types\/post"}],"author":[{"embeddable":true,"href":"https:\/\/thiant.fr\/wordpress\/jeunesse\/wp-json\/wp\/v2\/users\/1"}],"replies":[{"embeddable":true,"href":"https:\/\/thiant.fr\/wordpress\/jeunesse\/wp-json\/wp\/v2\/comments?post=1097"}],"version-history":[{"count":1,"href":"https:\/\/thiant.fr\/wordpress\/jeunesse\/wp-json\/wp\/v2\/posts\/1097\/revisions"}],"predecessor-version":[{"id":1099,"href":"https:\/\/thiant.fr\/wordpress\/jeunesse\/wp-json\/wp\/v2\/posts\/1097\/revisions\/1099"}],"wp:featuredmedia":[{"embeddable":true,"href":"https:\/\/thiant.fr\/wordpress\/jeunesse\/wp-json\/wp\/v2\/media\/1098"}],"wp:attachment":[{"href":"https:\/\/thiant.fr\/wordpress\/jeunesse\/wp-json\/wp\/v2\/media?parent=1097"}],"wp:term":[{"taxonomy":"category","embeddable":true,"href":"https:\/\/thiant.fr\/wordpress\/jeunesse\/wp-json\/wp\/v2\/categories?post=1097"},{"taxonomy":"post_tag","embeddable":true,"href":"https:\/\/thiant.fr\/wordpress\/jeunesse\/wp-json\/wp\/v2\/tags?post=1097"}],"curies":[{"name":"wp","href":"https:\/\/api.w.org\/{rel}","templated":true}]}}