{"id":1343,"date":"2022-05-13T10:02:12","date_gmt":"2022-05-13T08:02:12","guid":{"rendered":"https:\/\/thiant.fr\/wordpress\/jeunesse\/?p=1343"},"modified":"2022-05-20T15:04:18","modified_gmt":"2022-05-20T13:04:18","slug":"le-departement-en-vigilance-secheresse","status":"publish","type":"post","link":"https:\/\/thiant.fr\/wordpress\/jeunesse\/2022\/05\/13\/le-departement-en-vigilance-secheresse\/","title":{"rendered":"Le d\u00e9partement en vigilance s\u00e9cheresse"},"content":{"rendered":"\t\t<div data-elementor-type=\"wp-post\" data-elementor-id=\"1343\" class=\"elementor elementor-1343\">\n\t\t\t\t\t\t<section class=\"elementor-section elementor-top-section elementor-element elementor-element-483ad78 elementor-section-boxed elementor-section-height-default elementor-section-height-default\" data-id=\"483ad78\" data-element_type=\"section\" data-e-type=\"section\">\n\t\t\t\t\t\t<div class=\"elementor-container elementor-column-gap-default\">\n\t\t\t\t\t<div class=\"elementor-column elementor-col-33 elementor-top-column elementor-element elementor-element-b33c06f\" data-id=\"b33c06f\" data-element_type=\"column\" data-e-type=\"column\">\n\t\t\t<div class=\"elementor-widget-wrap elementor-element-populated\">\n\t\t\t\t\t\t<div class=\"elementor-element elementor-element-9e8226c elementor-widget elementor-widget-image\" data-id=\"9e8226c\" data-element_type=\"widget\" data-e-type=\"widget\" data-widget_type=\"image.default\">\n\t\t\t\t<div class=\"elementor-widget-container\">\n\t\t\t\t\t\t\t\t\t\t\t\t\t\t\t<img decoding=\"async\" src=\"https:\/\/thiant.fr\/wordpress\/wp-content\/uploads\/2021\/03\/Logo-Prefet-Nord.png\" title=\"\" alt=\"\" loading=\"lazy\" \/>\t\t\t\t\t\t\t\t\t\t\t\t\t\t\t<\/div>\n\t\t\t\t<\/div>\n\t\t\t\t<div class=\"elementor-element elementor-element-49331d8 elementor-widget elementor-widget-image\" data-id=\"49331d8\" data-element_type=\"widget\" data-e-type=\"widget\" data-widget_type=\"image.default\">\n\t\t\t\t<div class=\"elementor-widget-container\">\n\t\t\t\t\t\t\t\t\t\t\t\t\t\t\t\t<a href=\"https:\/\/thiant.fr\/wordpress\/documents_ext\/AP_vigilance_secheresse_2022_05_12_signe.pdf\" target=\"_blank\">\n\t\t\t\t\t\t\t<img decoding=\"async\" src=\"https:\/\/thiant.fr\/wordpress\/wp-content\/uploads\/2022\/05\/AP_vigilance_secheresse_2022_05_12_signe.jpg\" title=\"\" alt=\"\" loading=\"lazy\" \/>\t\t\t\t\t\t\t\t<\/a>\n\t\t\t\t\t\t\t\t\t\t\t\t\t\t\t<\/div>\n\t\t\t\t<\/div>\n\t\t\t\t\t<\/div>\n\t\t<\/div>\n\t\t\t\t<div class=\"elementor-column elementor-col-66 elementor-top-column elementor-element elementor-element-7b825f0\" data-id=\"7b825f0\" data-element_type=\"column\" data-e-type=\"column\">\n\t\t\t<div class=\"elementor-widget-wrap elementor-element-populated\">\n\t\t\t\t\t\t<div class=\"elementor-element elementor-element-24a17c3 elementor-widget elementor-widget-text-editor\" data-id=\"24a17c3\" data-element_type=\"widget\" data-e-type=\"widget\" data-widget_type=\"text-editor.default\">\n\t\t\t\t<div class=\"elementor-widget-container\">\n\t\t\t\t\t\t\t\t\t<p style=\"text-align: right;\"><strong><span style=\"color: #333333;\">Direction d\u00e9partementale<\/span><\/strong><br \/><strong><span style=\"color: #333333;\">des territoires et de la mer<\/span><\/strong><\/p><h5 style=\"text-align: center;\"><span style=\"color: #333333;\">Arr\u00eat\u00e9 pr\u00e9fectoral pla\u00e7ant le d\u00e9partement du Nord en situation de vigilance s\u00e9cheresse<\/span><\/h5><p style=\"text-align: center;\"><span style=\"color: #333333;\">Le pr\u00e9fet de la r\u00e9gion Hauts-de-France<\/span><br \/><span style=\"color: #333333;\">pr\u00e9fet du Nord<\/span><\/p><p><span style=\"color: #333333;\">Vu le code (\u2026)<\/span><\/p><p><span style=\"color: #333333;\">Vu l&#8217;instruction du 27 juillet 2021 relative \u00e0 la gestion des situations de crise li\u00e9es \u00e0 la s\u00e9cheresse hydrologique ;<\/span><\/p><p><span style=\"color: #333333;\">Vu l&#8217;avis du comit\u00e9 technique de suivi des \u00e9tiages s\u00e9v\u00e8res du 09 mai 2022 ;<\/span><\/p><p><span style=\"color: #333333;\">Consid\u00e9rant les d\u00e9bits observ\u00e9s dans les cours d&#8217;eau du d\u00e9partement du Nord ;<\/span><\/p><p><span style=\"color: #333333;\">Consid\u00e9rant les niveaux des ressources et les conditions hydrologiques, pi\u00e9zom\u00e9triques et m\u00e9t\u00e9orologiques sur la p\u00e9riode de recharge 2016-2017, 2017-2018, 2018-2019, puis 2019-2020 dans le d\u00e9partement du Nord qui ont abouti \u00e0 la prise d&#8217;arr\u00eat\u00e9s r\u00e9glementant les usages de l&#8217;eau en 2017, 2018, 2019 et 2020 ;<\/span><\/p><p><span style=\"color: #333333;\">Consid\u00e9rant que les conditions m\u00e9t\u00e9orologiques de l&#8217;hiver 2021-2022 ont permis une recharge des masses d&#8217;eau souterraines apparaissant faible sur une partie du d\u00e9partement et qu&#8217;il est donc n\u00e9cessaire de limiter l&#8217;impact de la consommation sur la ressource ;<\/span><\/p><p><span style=\"color: #333333;\">Consid\u00e9rant le d\u00e9ficit de pluie observ\u00e9 depuis mars 2022 et la diminution des d\u00e9bits de certains cours d&#8217;eau du d\u00e9partement, une vigilance s&#8217;impose afin d&#8217;anticiper une situation susceptible de se d\u00e9grader en situation d&#8217;alerte puis d&#8217;alerte renforc\u00e9e ;<\/span><\/p><p><span style=\"color: #333333;\">Consid\u00e9rant que cette situation est susceptible de perturber la distribution d&#8217;eau potable du point de vue quantitatif et qualitatif ;<\/span><\/p><p><span style=\"color: #333333;\">Consid\u00e9rant le r\u00e9seau de distribution de l&#8217;eau fortement interconnect\u00e9, les transferts existants entre lieux de pr\u00e9l\u00e8vement et d&#8217;utilisation, et la n\u00e9cessit\u00e9 de solidarit\u00e9 entre les usagers de l&#8217;eau ;<\/span><\/p><p><span style=\"color: #333333;\">Sur proposition de monsieur le directeur d\u00e9partemental des territoires et de la mer ;<\/span><\/p><p style=\"text-align: center;\"><span style=\"text-decoration: underline; color: #333333;\"><strong>ARR\u00caTE<\/strong><\/span><\/p><p><span style=\"color: #333333;\"><span style=\"text-decoration: underline;\">Article 1<sup>er<\/sup><\/span> &#8211; Le d\u00e9partement du Nord est plac\u00e9 en \u00e9tat de vigilance s\u00e9cheresse.<\/span><\/p><p><span style=\"color: #333333;\"><span style=\"text-decoration: underline;\">Article 2<\/span> &#8211; Mesures d&#8217;information<\/span><\/p><p><span style=\"color: #333333;\">Les usagers sont invit\u00e9s \u00e0 r\u00e9duire leurs consommations d&#8217;eau, et \u00e0 \u00e9viter les utilisations qui ne sont pas indispensables, afin de permettre d&#8217;\u00e9viter une diminution de la nappe et de pr\u00e9server les milieux naturels.<\/span><\/p><p><span style=\"color: #333333;\">Tous les usagers sont concern\u00e9s : particuliers, industriels, collectivit\u00e9s, agriculteurs, autres professions.<\/span><\/p><p><span style=\"color: #333333;\">Une communication sera adress\u00e9e aupr\u00e8s de toutes les communes du d\u00e9partement et des distributeurs d&#8217;eau potable, invit\u00e9s \u00e0 relayer cette information.<\/span><\/p><p><span style=\"color: #333333;\"><span style=\"text-decoration: underline;\">Article 3<\/span> &#8211; Mesures ult\u00e9rieures<\/span><\/p><p><span style=\"color: #333333;\">En cas d&#8217;aggravation des conditions hydrologiques, m\u00e9t\u00e9orologiques ou pi\u00e9zom\u00e9triques, des mesures restrictives pourront \u00eatre activ\u00e9es par arr\u00eat\u00e9 pr\u00e9fectoral.<\/span><\/p><p><span style=\"color: #333333;\"><span style=\"text-decoration: underline;\">Article 4<\/span> &#8211; Dur\u00e9e de validit\u00e9<\/span><\/p><p><span style=\"color: #333333;\">Le pr\u00e9sent arr\u00eat\u00e9 est applicable \u00e0 compter de sa publication jusqu&#8217;au 06 juin 2022.<\/span><\/p><p><span style=\"color: #333333;\"><span style=\"text-decoration: underline;\">Article 5<\/span> &#8211; D\u00e9lais et voie de recours<\/span><\/p><p><span style=\"color: #333333;\">Dans un d\u00e9lai de deux mois \u00e0 compter de sa publication au recueil des actes administratifs, les recours suivants peuvent \u00eatre introduits conform\u00e9ment aux dispositions des articles R. 421-1 et suivants du code de justice administrative :<\/span><\/p><ul><li><span style=\"color: #333333;\">Un recours gracieux peut \u00eatre d\u00e9pos\u00e9 aupr\u00e8s de monsieur le pr\u00e9fet du Nord, 12-14, rue Jean sans Peur &#8211; CS 20003 &#8211; 59 039 LILLE Cedex ;<\/span><\/li><li><span style=\"color: #333333;\">Un recours hi\u00e9rarchique peut \u00eatre d\u00e9pos\u00e9 aupr\u00e8s de madame la ministre de la transition \u00e9cologique &#8211; grande arche de La D\u00e9fense &#8211; paroi sud \/ Tour Sequoia &#8211; 92055 La D\u00e9fense ;<\/span><\/li><li><span style=\"color: #333333;\">Un recours contentieux, en saisissant le tribunal administratif de Lille, 5 Rue Geoffroy Saint \u00adHilaire CS 62039 &#8211; 59014 cedex Lille.<\/span><\/li><\/ul><p><span style=\"color: #333333;\">Le tribunal administratif peut \u00e9galement \u00eatre saisi par l&#8217;application informatique t\u00e9l\u00e9recours accessible par le site internet www.telerecours.fr. L&#8217;absence de r\u00e9ponse par l&#8217;administration sur un recours gracieux ou hi\u00e9rarchique au terme du d\u00e9lai de deux mois vaut rejet implicite. Apr\u00e8s un recours gracieux ou hi\u00e9rarchique, le d\u00e9lai du recours contentieux ne court qu&#8217;\u00e0 compter du rejet explicite ou implicite de l&#8217;un de ces recours.<\/span><\/p><p><span style=\"color: #333333;\"><span style=\"text-decoration: underline;\">Article 6<\/span> &#8211; Publicit\u00e9<\/span><\/p><p><span style=\"color: #333333;\">Le pr\u00e9sent arr\u00eat\u00e9 sera publi\u00e9 au recueil des actes administratifs de la pr\u00e9fecture du Nord et affich\u00e9 dans les mairies des communes du d\u00e9partement.<\/span><\/p><p><span style=\"color: #333333;\"><span style=\"text-decoration: underline;\">Article 7<\/span> &#8211; Ex\u00e9cution<\/span><\/p><p><span style=\"color: #333333;\">Le secr\u00e9taire g\u00e9n\u00e9ral de la pr\u00e9fecture, les sous-pr\u00e9fets du d\u00e9partement, les directeurs de la direction r\u00e9gionale de l&#8217;environnement, de l&#8217;am\u00e9nagement et du logement et de la direction d\u00e9partementale des territoires et de la mer, le chef du service d\u00e9partemental de l&#8217;office fran\u00e7ais pour la biodiversit\u00e9, le chef du service d\u00e9partemental de l&#8217;office national de la chasse et de la faune sauvage, et les maires du d\u00e9partement du Nord sont charg\u00e9s, chacun en ce qui le concerne, de l&#8217;ex\u00e9cution du pr\u00e9sent arr\u00eat\u00e9.<\/span><\/p><p style=\"text-align: right;\"><span style=\"color: #333333;\">Fait \u00e0 Lille, le 12 mai 2022<\/span><br \/><span style=\"color: #333333;\">Pour le pr\u00e9fet et par d\u00e9l\u00e9gation,<\/span><br \/><span style=\"color: #333333;\">Le secr\u00e9taire g\u00e9n\u00e9ral<\/span><br \/><span style=\"color: #333333;\">Simon FETET<\/span><\/p>\t\t\t\t\t\t\t\t<\/div>\n\t\t\t\t<\/div>\n\t\t\t\t\t<\/div>\n\t\t<\/div>\n\t\t\t\t\t<\/div>\n\t\t<\/section>\n\t\t\t\t<\/div>\n\t\t","protected":false},"excerpt":{"rendered":"<p>Direction d\u00e9partementale des territoires et de la mer Arr\u00eat\u00e9 pr\u00e9fectoral pla\u00e7ant le d\u00e9partement du Nord en situation de vigilance s\u00e9cheresse Le pr\u00e9fet de la r\u00e9gion Hauts-de-France pr\u00e9fet du Nord Vu le code (\u2026) Vu l&#8217;instruction du 27 juillet 2021 relative \u00e0 la gestion des situations de crise li\u00e9es \u00e0 la s\u00e9cheresse hydrologique ; Vu l&#8217;avis [&hellip;]<\/p>\n","protected":false},"author":1,"featured_media":1344,"comment_status":"closed","ping_status":"closed","sticky":false,"template":"","format":"standard","meta":{"_crdt_document":"","ocean_post_layout":"","ocean_both_sidebars_style":"","ocean_both_sidebars_content_width":0,"ocean_both_sidebars_sidebars_width":0,"ocean_sidebar":"0","ocean_second_sidebar":"0","ocean_disable_margins":"enable","ocean_add_body_class":"","ocean_shortcode_before_top_bar":"","ocean_shortcode_after_top_bar":"","ocean_shortcode_before_header":"","ocean_shortcode_after_header":"","ocean_has_shortcode":"","ocean_shortcode_after_title":"","ocean_shortcode_before_footer_widgets":"","ocean_shortcode_after_footer_widgets":"","ocean_shortcode_before_footer_bottom":"","ocean_shortcode_after_footer_bottom":"","ocean_display_top_bar":"default","ocean_display_header":"default","ocean_header_style":"","ocean_center_header_left_menu":"0","ocean_custom_header_template":"0","ocean_custom_logo":0,"ocean_custom_retina_logo":0,"ocean_custom_logo_max_width":0,"ocean_custom_logo_tablet_max_width":0,"ocean_custom_logo_mobile_max_width":0,"ocean_custom_logo_max_height":0,"ocean_custom_logo_tablet_max_height":0,"ocean_custom_logo_mobile_max_height":0,"ocean_header_custom_menu":"0","ocean_menu_typo_font_family":"0","ocean_menu_typo_font_subset":"","ocean_menu_typo_font_size":0,"ocean_menu_typo_font_size_tablet":0,"ocean_menu_typo_font_size_mobile":0,"ocean_menu_typo_font_size_unit":"px","ocean_menu_typo_font_weight":"","ocean_menu_typo_font_weight_tablet":"","ocean_menu_typo_font_weight_mobile":"","ocean_menu_typo_transform":"","ocean_menu_typo_transform_tablet":"","ocean_menu_typo_transform_mobile":"","ocean_menu_typo_line_height":0,"ocean_menu_typo_line_height_tablet":0,"ocean_menu_typo_line_height_mobile":0,"ocean_menu_typo_line_height_unit":"","ocean_menu_typo_spacing":0,"ocean_menu_typo_spacing_tablet":0,"ocean_menu_typo_spacing_mobile":0,"ocean_menu_typo_spacing_unit":"","ocean_menu_link_color":"","ocean_menu_link_color_hover":"","ocean_menu_link_color_active":"","ocean_menu_link_background":"","ocean_menu_link_hover_background":"","ocean_menu_link_active_background":"","ocean_menu_social_links_bg":"","ocean_menu_social_hover_links_bg":"","ocean_menu_social_links_color":"","ocean_menu_social_hover_links_color":"","ocean_disable_title":"default","ocean_disable_heading":"default","ocean_post_title":"","ocean_post_subheading":"","ocean_post_title_style":"","ocean_post_title_background_color":"","ocean_post_title_background":0,"ocean_post_title_bg_image_position":"","ocean_post_title_bg_image_attachment":"","ocean_post_title_bg_image_repeat":"","ocean_post_title_bg_image_size":"","ocean_post_title_height":0,"ocean_post_title_bg_overlay":0.5,"ocean_post_title_bg_overlay_color":"","ocean_disable_breadcrumbs":"default","ocean_breadcrumbs_color":"","ocean_breadcrumbs_separator_color":"","ocean_breadcrumbs_links_color":"","ocean_breadcrumbs_links_hover_color":"","ocean_display_footer_widgets":"default","ocean_display_footer_bottom":"default","ocean_custom_footer_template":"0","ocean_post_oembed":"","ocean_post_self_hosted_media":"","ocean_post_video_embed":"","ocean_link_format":"","ocean_link_format_target":"self","ocean_quote_format":"","ocean_quote_format_link":"post","ocean_gallery_link_images":"off","ocean_gallery_id":[],"footnotes":""},"categories":[405],"tags":[441,438,360,439,440],"class_list":["post-1343","post","type-post","status-publish","format-standard","has-post-thumbnail","hentry","category-danger-naturel","tag-arrete","tag-prefectoral","tag-prefecture","tag-secheresse","tag-vigilance","entry","has-media"],"yoast_head":"<!-- This site is optimized with the Yoast SEO plugin v27.3 - https:\/\/yoast.com\/product\/yoast-seo-wordpress\/ -->\n<title>Le d\u00e9partement en vigilance s\u00e9cheresse - Espace jeunesse du site officiel de la Ville de Thiant<\/title>\n<meta name=\"description\" content=\"Arr\u00eat\u00e9 pr\u00e9fectoral pla\u00e7ant le d\u00e9partement du Nord en situation de vigilance s\u00e9cheresse du 12 mai au 6 juin 2022.\" \/>\n<meta name=\"robots\" content=\"index, follow, max-snippet:-1, max-image-preview:large, max-video-preview:-1\" \/>\n<link rel=\"canonical\" href=\"https:\/\/thiant.fr\/wordpress\/jeunesse\/2022\/05\/13\/le-departement-en-vigilance-secheresse\/\" \/>\n<meta property=\"og:locale\" content=\"fr_FR\" \/>\n<meta property=\"og:type\" content=\"article\" \/>\n<meta property=\"og:title\" content=\"Le d\u00e9partement en vigilance s\u00e9cheresse - Espace jeunesse du site officiel de la Ville de Thiant\" \/>\n<meta property=\"og:description\" content=\"Arr\u00eat\u00e9 pr\u00e9fectoral pla\u00e7ant le d\u00e9partement du Nord en situation de vigilance s\u00e9cheresse du 12 mai au 6 juin 2022.\" \/>\n<meta property=\"og:url\" content=\"https:\/\/thiant.fr\/wordpress\/jeunesse\/2022\/05\/13\/le-departement-en-vigilance-secheresse\/\" \/>\n<meta property=\"og:site_name\" content=\"Espace jeunesse du site officiel de la Ville de Thiant\" \/>\n<meta property=\"article:publisher\" content=\"https:\/\/www.facebook.com\/commune.thiant.1\" \/>\n<meta property=\"article:published_time\" content=\"2022-05-13T08:02:12+00:00\" \/>\n<meta property=\"article:modified_time\" content=\"2022-05-20T13:04:18+00:00\" \/>\n<meta property=\"og:image\" content=\"https:\/\/thiant.fr\/wordpress\/jeunesse\/wp-content\/uploads\/sites\/2\/2022\/05\/terre-craquelee.jpg\" \/>\n\t<meta property=\"og:image:width\" content=\"730\" \/>\n\t<meta property=\"og:image:height\" content=\"381\" \/>\n\t<meta property=\"og:image:type\" content=\"image\/jpeg\" \/>\n<meta name=\"author\" content=\"Service communication\" \/>\n<meta name=\"twitter:card\" content=\"summary_large_image\" \/>\n<meta name=\"twitter:label1\" content=\"\u00c9crit par\" \/>\n\t<meta name=\"twitter:data1\" content=\"Service communication\" \/>\n\t<meta name=\"twitter:label2\" content=\"Dur\u00e9e de lecture estim\u00e9e\" \/>\n\t<meta name=\"twitter:data2\" content=\"4 minutes\" \/>\n<script type=\"application\/ld+json\" class=\"yoast-schema-graph\">{\"@context\":\"https:\\\/\\\/schema.org\",\"@graph\":[{\"@type\":\"Article\",\"@id\":\"https:\\\/\\\/thiant.fr\\\/wordpress\\\/jeunesse\\\/2022\\\/05\\\/13\\\/le-departement-en-vigilance-secheresse\\\/#article\",\"isPartOf\":{\"@id\":\"https:\\\/\\\/thiant.fr\\\/wordpress\\\/jeunesse\\\/2022\\\/05\\\/13\\\/le-departement-en-vigilance-secheresse\\\/\"},\"author\":{\"name\":\"Service communication\",\"@id\":\"https:\\\/\\\/thiant.fr\\\/wordpress\\\/jeunesse\\\/#\\\/schema\\\/person\\\/f41122130d18c0720657431d990451c6\"},\"headline\":\"Le d\u00e9partement en vigilance s\u00e9cheresse\",\"datePublished\":\"2022-05-13T08:02:12+00:00\",\"dateModified\":\"2022-05-20T13:04:18+00:00\",\"mainEntityOfPage\":{\"@id\":\"https:\\\/\\\/thiant.fr\\\/wordpress\\\/jeunesse\\\/2022\\\/05\\\/13\\\/le-departement-en-vigilance-secheresse\\\/\"},\"wordCount\":822,\"publisher\":{\"@id\":\"https:\\\/\\\/thiant.fr\\\/wordpress\\\/jeunesse\\\/#organization\"},\"image\":{\"@id\":\"https:\\\/\\\/thiant.fr\\\/wordpress\\\/jeunesse\\\/2022\\\/05\\\/13\\\/le-departement-en-vigilance-secheresse\\\/#primaryimage\"},\"thumbnailUrl\":\"https:\\\/\\\/thiant.fr\\\/wordpress\\\/jeunesse\\\/wp-content\\\/uploads\\\/sites\\\/2\\\/2022\\\/05\\\/terre-craquelee.jpg\",\"keywords\":[\"arrete\",\"pr\u00e9fectoral\",\"pr\u00e9fecture\",\"s\u00e9cheresse\",\"vigilance\"],\"articleSection\":[\"Danger naturel\"],\"inLanguage\":\"fr-FR\"},{\"@type\":\"WebPage\",\"@id\":\"https:\\\/\\\/thiant.fr\\\/wordpress\\\/jeunesse\\\/2022\\\/05\\\/13\\\/le-departement-en-vigilance-secheresse\\\/\",\"url\":\"https:\\\/\\\/thiant.fr\\\/wordpress\\\/jeunesse\\\/2022\\\/05\\\/13\\\/le-departement-en-vigilance-secheresse\\\/\",\"name\":\"Le d\u00e9partement en vigilance s\u00e9cheresse - Espace jeunesse du site officiel de la Ville de Thiant\",\"isPartOf\":{\"@id\":\"https:\\\/\\\/thiant.fr\\\/wordpress\\\/jeunesse\\\/#website\"},\"primaryImageOfPage\":{\"@id\":\"https:\\\/\\\/thiant.fr\\\/wordpress\\\/jeunesse\\\/2022\\\/05\\\/13\\\/le-departement-en-vigilance-secheresse\\\/#primaryimage\"},\"image\":{\"@id\":\"https:\\\/\\\/thiant.fr\\\/wordpress\\\/jeunesse\\\/2022\\\/05\\\/13\\\/le-departement-en-vigilance-secheresse\\\/#primaryimage\"},\"thumbnailUrl\":\"https:\\\/\\\/thiant.fr\\\/wordpress\\\/jeunesse\\\/wp-content\\\/uploads\\\/sites\\\/2\\\/2022\\\/05\\\/terre-craquelee.jpg\",\"datePublished\":\"2022-05-13T08:02:12+00:00\",\"dateModified\":\"2022-05-20T13:04:18+00:00\",\"description\":\"Arr\u00eat\u00e9 pr\u00e9fectoral pla\u00e7ant le d\u00e9partement du Nord en situation de vigilance s\u00e9cheresse du 12 mai au 6 juin 2022.\",\"breadcrumb\":{\"@id\":\"https:\\\/\\\/thiant.fr\\\/wordpress\\\/jeunesse\\\/2022\\\/05\\\/13\\\/le-departement-en-vigilance-secheresse\\\/#breadcrumb\"},\"inLanguage\":\"fr-FR\",\"potentialAction\":[{\"@type\":\"ReadAction\",\"target\":[\"https:\\\/\\\/thiant.fr\\\/wordpress\\\/jeunesse\\\/2022\\\/05\\\/13\\\/le-departement-en-vigilance-secheresse\\\/\"]}]},{\"@type\":\"ImageObject\",\"inLanguage\":\"fr-FR\",\"@id\":\"https:\\\/\\\/thiant.fr\\\/wordpress\\\/jeunesse\\\/2022\\\/05\\\/13\\\/le-departement-en-vigilance-secheresse\\\/#primaryimage\",\"url\":\"https:\\\/\\\/thiant.fr\\\/wordpress\\\/jeunesse\\\/wp-content\\\/uploads\\\/sites\\\/2\\\/2022\\\/05\\\/terre-craquelee.jpg\",\"contentUrl\":\"https:\\\/\\\/thiant.fr\\\/wordpress\\\/jeunesse\\\/wp-content\\\/uploads\\\/sites\\\/2\\\/2022\\\/05\\\/terre-craquelee.jpg\",\"width\":730,\"height\":381},{\"@type\":\"BreadcrumbList\",\"@id\":\"https:\\\/\\\/thiant.fr\\\/wordpress\\\/jeunesse\\\/2022\\\/05\\\/13\\\/le-departement-en-vigilance-secheresse\\\/#breadcrumb\",\"itemListElement\":[{\"@type\":\"ListItem\",\"position\":1,\"name\":\"Accueil\",\"item\":\"https:\\\/\\\/thiant.fr\\\/wordpress\\\/jeunesse\\\/\"},{\"@type\":\"ListItem\",\"position\":2,\"name\":\"Le d\u00e9partement en vigilance s\u00e9cheresse\"}]},{\"@type\":\"WebSite\",\"@id\":\"https:\\\/\\\/thiant.fr\\\/wordpress\\\/jeunesse\\\/#website\",\"url\":\"https:\\\/\\\/thiant.fr\\\/wordpress\\\/jeunesse\\\/\",\"name\":\"Espace jeunesse du site officiel de la Ville de Thiant\",\"description\":\"\",\"publisher\":{\"@id\":\"https:\\\/\\\/thiant.fr\\\/wordpress\\\/jeunesse\\\/#organization\"},\"potentialAction\":[{\"@type\":\"SearchAction\",\"target\":{\"@type\":\"EntryPoint\",\"urlTemplate\":\"https:\\\/\\\/thiant.fr\\\/wordpress\\\/jeunesse\\\/?s={search_term_string}\"},\"query-input\":{\"@type\":\"PropertyValueSpecification\",\"valueRequired\":true,\"valueName\":\"search_term_string\"}}],\"inLanguage\":\"fr-FR\"},{\"@type\":\"Organization\",\"@id\":\"https:\\\/\\\/thiant.fr\\\/wordpress\\\/jeunesse\\\/#organization\",\"name\":\"Espace jeunesse du site officiel de la Ville de Thiant\",\"url\":\"https:\\\/\\\/thiant.fr\\\/wordpress\\\/jeunesse\\\/\",\"logo\":{\"@type\":\"ImageObject\",\"inLanguage\":\"fr-FR\",\"@id\":\"https:\\\/\\\/thiant.fr\\\/wordpress\\\/jeunesse\\\/#\\\/schema\\\/logo\\\/image\\\/\",\"url\":\"https:\\\/\\\/thiant.fr\\\/wordpress\\\/jeunesse\\\/wp-content\\\/uploads\\\/sites\\\/2\\\/2019\\\/10\\\/Logo_jeunesse_02-1.png\",\"contentUrl\":\"https:\\\/\\\/thiant.fr\\\/wordpress\\\/jeunesse\\\/wp-content\\\/uploads\\\/sites\\\/2\\\/2019\\\/10\\\/Logo_jeunesse_02-1.png\",\"width\":384,\"height\":203,\"caption\":\"Espace jeunesse du site officiel de la Ville de Thiant\"},\"image\":{\"@id\":\"https:\\\/\\\/thiant.fr\\\/wordpress\\\/jeunesse\\\/#\\\/schema\\\/logo\\\/image\\\/\"},\"sameAs\":[\"https:\\\/\\\/www.facebook.com\\\/commune.thiant.1\"]},{\"@type\":\"Person\",\"@id\":\"https:\\\/\\\/thiant.fr\\\/wordpress\\\/jeunesse\\\/#\\\/schema\\\/person\\\/f41122130d18c0720657431d990451c6\",\"name\":\"Service communication\",\"image\":{\"@type\":\"ImageObject\",\"inLanguage\":\"fr-FR\",\"@id\":\"https:\\\/\\\/thiant.fr\\\/wordpress\\\/jeunesse\\\/wp-content\\\/litespeed\\\/avatar\\\/2\\\/eeb9098e5269f97d4e67fcd6f533ccb1.jpg?ver=1777455838\",\"url\":\"https:\\\/\\\/thiant.fr\\\/wordpress\\\/jeunesse\\\/wp-content\\\/litespeed\\\/avatar\\\/2\\\/eeb9098e5269f97d4e67fcd6f533ccb1.jpg?ver=1777455838\",\"contentUrl\":\"https:\\\/\\\/thiant.fr\\\/wordpress\\\/jeunesse\\\/wp-content\\\/litespeed\\\/avatar\\\/2\\\/eeb9098e5269f97d4e67fcd6f533ccb1.jpg?ver=1777455838\",\"caption\":\"Service communication\"},\"url\":\"https:\\\/\\\/thiant.fr\\\/wordpress\\\/jeunesse\\\/author\\\/adminwpress\\\/\"}]}<\/script>\n<!-- \/ Yoast SEO plugin. -->","yoast_head_json":{"title":"Le d\u00e9partement en vigilance s\u00e9cheresse - Espace jeunesse du site officiel de la Ville de Thiant","description":"Arr\u00eat\u00e9 pr\u00e9fectoral pla\u00e7ant le d\u00e9partement du Nord en situation de vigilance s\u00e9cheresse du 12 mai au 6 juin 2022.","robots":{"index":"index","follow":"follow","max-snippet":"max-snippet:-1","max-image-preview":"max-image-preview:large","max-video-preview":"max-video-preview:-1"},"canonical":"https:\/\/thiant.fr\/wordpress\/jeunesse\/2022\/05\/13\/le-departement-en-vigilance-secheresse\/","og_locale":"fr_FR","og_type":"article","og_title":"Le d\u00e9partement en vigilance s\u00e9cheresse - Espace jeunesse du site officiel de la Ville de Thiant","og_description":"Arr\u00eat\u00e9 pr\u00e9fectoral pla\u00e7ant le d\u00e9partement du Nord en situation de vigilance s\u00e9cheresse du 12 mai au 6 juin 2022.","og_url":"https:\/\/thiant.fr\/wordpress\/jeunesse\/2022\/05\/13\/le-departement-en-vigilance-secheresse\/","og_site_name":"Espace jeunesse du site officiel de la Ville de Thiant","article_publisher":"https:\/\/www.facebook.com\/commune.thiant.1","article_published_time":"2022-05-13T08:02:12+00:00","article_modified_time":"2022-05-20T13:04:18+00:00","og_image":[{"width":730,"height":381,"url":"https:\/\/thiant.fr\/wordpress\/jeunesse\/wp-content\/uploads\/sites\/2\/2022\/05\/terre-craquelee.jpg","type":"image\/jpeg"}],"author":"Service communication","twitter_card":"summary_large_image","twitter_misc":{"\u00c9crit par":"Service communication","Dur\u00e9e de lecture estim\u00e9e":"4 minutes"},"schema":{"@context":"https:\/\/schema.org","@graph":[{"@type":"Article","@id":"https:\/\/thiant.fr\/wordpress\/jeunesse\/2022\/05\/13\/le-departement-en-vigilance-secheresse\/#article","isPartOf":{"@id":"https:\/\/thiant.fr\/wordpress\/jeunesse\/2022\/05\/13\/le-departement-en-vigilance-secheresse\/"},"author":{"name":"Service communication","@id":"https:\/\/thiant.fr\/wordpress\/jeunesse\/#\/schema\/person\/f41122130d18c0720657431d990451c6"},"headline":"Le d\u00e9partement en vigilance s\u00e9cheresse","datePublished":"2022-05-13T08:02:12+00:00","dateModified":"2022-05-20T13:04:18+00:00","mainEntityOfPage":{"@id":"https:\/\/thiant.fr\/wordpress\/jeunesse\/2022\/05\/13\/le-departement-en-vigilance-secheresse\/"},"wordCount":822,"publisher":{"@id":"https:\/\/thiant.fr\/wordpress\/jeunesse\/#organization"},"image":{"@id":"https:\/\/thiant.fr\/wordpress\/jeunesse\/2022\/05\/13\/le-departement-en-vigilance-secheresse\/#primaryimage"},"thumbnailUrl":"https:\/\/thiant.fr\/wordpress\/jeunesse\/wp-content\/uploads\/sites\/2\/2022\/05\/terre-craquelee.jpg","keywords":["arrete","pr\u00e9fectoral","pr\u00e9fecture","s\u00e9cheresse","vigilance"],"articleSection":["Danger naturel"],"inLanguage":"fr-FR"},{"@type":"WebPage","@id":"https:\/\/thiant.fr\/wordpress\/jeunesse\/2022\/05\/13\/le-departement-en-vigilance-secheresse\/","url":"https:\/\/thiant.fr\/wordpress\/jeunesse\/2022\/05\/13\/le-departement-en-vigilance-secheresse\/","name":"Le d\u00e9partement en vigilance s\u00e9cheresse - Espace jeunesse du site officiel de la Ville de Thiant","isPartOf":{"@id":"https:\/\/thiant.fr\/wordpress\/jeunesse\/#website"},"primaryImageOfPage":{"@id":"https:\/\/thiant.fr\/wordpress\/jeunesse\/2022\/05\/13\/le-departement-en-vigilance-secheresse\/#primaryimage"},"image":{"@id":"https:\/\/thiant.fr\/wordpress\/jeunesse\/2022\/05\/13\/le-departement-en-vigilance-secheresse\/#primaryimage"},"thumbnailUrl":"https:\/\/thiant.fr\/wordpress\/jeunesse\/wp-content\/uploads\/sites\/2\/2022\/05\/terre-craquelee.jpg","datePublished":"2022-05-13T08:02:12+00:00","dateModified":"2022-05-20T13:04:18+00:00","description":"Arr\u00eat\u00e9 pr\u00e9fectoral pla\u00e7ant le d\u00e9partement du Nord en situation de vigilance s\u00e9cheresse du 12 mai au 6 juin 2022.","breadcrumb":{"@id":"https:\/\/thiant.fr\/wordpress\/jeunesse\/2022\/05\/13\/le-departement-en-vigilance-secheresse\/#breadcrumb"},"inLanguage":"fr-FR","potentialAction":[{"@type":"ReadAction","target":["https:\/\/thiant.fr\/wordpress\/jeunesse\/2022\/05\/13\/le-departement-en-vigilance-secheresse\/"]}]},{"@type":"ImageObject","inLanguage":"fr-FR","@id":"https:\/\/thiant.fr\/wordpress\/jeunesse\/2022\/05\/13\/le-departement-en-vigilance-secheresse\/#primaryimage","url":"https:\/\/thiant.fr\/wordpress\/jeunesse\/wp-content\/uploads\/sites\/2\/2022\/05\/terre-craquelee.jpg","contentUrl":"https:\/\/thiant.fr\/wordpress\/jeunesse\/wp-content\/uploads\/sites\/2\/2022\/05\/terre-craquelee.jpg","width":730,"height":381},{"@type":"BreadcrumbList","@id":"https:\/\/thiant.fr\/wordpress\/jeunesse\/2022\/05\/13\/le-departement-en-vigilance-secheresse\/#breadcrumb","itemListElement":[{"@type":"ListItem","position":1,"name":"Accueil","item":"https:\/\/thiant.fr\/wordpress\/jeunesse\/"},{"@type":"ListItem","position":2,"name":"Le d\u00e9partement en vigilance s\u00e9cheresse"}]},{"@type":"WebSite","@id":"https:\/\/thiant.fr\/wordpress\/jeunesse\/#website","url":"https:\/\/thiant.fr\/wordpress\/jeunesse\/","name":"Espace jeunesse du site officiel de la Ville de Thiant","description":"","publisher":{"@id":"https:\/\/thiant.fr\/wordpress\/jeunesse\/#organization"},"potentialAction":[{"@type":"SearchAction","target":{"@type":"EntryPoint","urlTemplate":"https:\/\/thiant.fr\/wordpress\/jeunesse\/?s={search_term_string}"},"query-input":{"@type":"PropertyValueSpecification","valueRequired":true,"valueName":"search_term_string"}}],"inLanguage":"fr-FR"},{"@type":"Organization","@id":"https:\/\/thiant.fr\/wordpress\/jeunesse\/#organization","name":"Espace jeunesse du site officiel de la Ville de Thiant","url":"https:\/\/thiant.fr\/wordpress\/jeunesse\/","logo":{"@type":"ImageObject","inLanguage":"fr-FR","@id":"https:\/\/thiant.fr\/wordpress\/jeunesse\/#\/schema\/logo\/image\/","url":"https:\/\/thiant.fr\/wordpress\/jeunesse\/wp-content\/uploads\/sites\/2\/2019\/10\/Logo_jeunesse_02-1.png","contentUrl":"https:\/\/thiant.fr\/wordpress\/jeunesse\/wp-content\/uploads\/sites\/2\/2019\/10\/Logo_jeunesse_02-1.png","width":384,"height":203,"caption":"Espace jeunesse du site officiel de la Ville de Thiant"},"image":{"@id":"https:\/\/thiant.fr\/wordpress\/jeunesse\/#\/schema\/logo\/image\/"},"sameAs":["https:\/\/www.facebook.com\/commune.thiant.1"]},{"@type":"Person","@id":"https:\/\/thiant.fr\/wordpress\/jeunesse\/#\/schema\/person\/f41122130d18c0720657431d990451c6","name":"Service communication","image":{"@type":"ImageObject","inLanguage":"fr-FR","@id":"https:\/\/thiant.fr\/wordpress\/jeunesse\/wp-content\/litespeed\/avatar\/2\/eeb9098e5269f97d4e67fcd6f533ccb1.jpg?ver=1777455838","url":"https:\/\/thiant.fr\/wordpress\/jeunesse\/wp-content\/litespeed\/avatar\/2\/eeb9098e5269f97d4e67fcd6f533ccb1.jpg?ver=1777455838","contentUrl":"https:\/\/thiant.fr\/wordpress\/jeunesse\/wp-content\/litespeed\/avatar\/2\/eeb9098e5269f97d4e67fcd6f533ccb1.jpg?ver=1777455838","caption":"Service communication"},"url":"https:\/\/thiant.fr\/wordpress\/jeunesse\/author\/adminwpress\/"}]}},"_links":{"self":[{"href":"https:\/\/thiant.fr\/wordpress\/jeunesse\/wp-json\/wp\/v2\/posts\/1343","targetHints":{"allow":["GET"]}}],"collection":[{"href":"https:\/\/thiant.fr\/wordpress\/jeunesse\/wp-json\/wp\/v2\/posts"}],"about":[{"href":"https:\/\/thiant.fr\/wordpress\/jeunesse\/wp-json\/wp\/v2\/types\/post"}],"author":[{"embeddable":true,"href":"https:\/\/thiant.fr\/wordpress\/jeunesse\/wp-json\/wp\/v2\/users\/1"}],"replies":[{"embeddable":true,"href":"https:\/\/thiant.fr\/wordpress\/jeunesse\/wp-json\/wp\/v2\/comments?post=1343"}],"version-history":[{"count":2,"href":"https:\/\/thiant.fr\/wordpress\/jeunesse\/wp-json\/wp\/v2\/posts\/1343\/revisions"}],"predecessor-version":[{"id":1347,"href":"https:\/\/thiant.fr\/wordpress\/jeunesse\/wp-json\/wp\/v2\/posts\/1343\/revisions\/1347"}],"wp:featuredmedia":[{"embeddable":true,"href":"https:\/\/thiant.fr\/wordpress\/jeunesse\/wp-json\/wp\/v2\/media\/1344"}],"wp:attachment":[{"href":"https:\/\/thiant.fr\/wordpress\/jeunesse\/wp-json\/wp\/v2\/media?parent=1343"}],"wp:term":[{"taxonomy":"category","embeddable":true,"href":"https:\/\/thiant.fr\/wordpress\/jeunesse\/wp-json\/wp\/v2\/categories?post=1343"},{"taxonomy":"post_tag","embeddable":true,"href":"https:\/\/thiant.fr\/wordpress\/jeunesse\/wp-json\/wp\/v2\/tags?post=1343"}],"curies":[{"name":"wp","href":"https:\/\/api.w.org\/{rel}","templated":true}]}}