{"id":1605,"date":"2023-03-10T14:50:24","date_gmt":"2023-03-10T13:50:24","guid":{"rendered":"https:\/\/thiant.fr\/wordpress\/jeunesse\/?p=1605"},"modified":"2024-07-01T09:51:34","modified_gmt":"2024-07-01T07:51:34","slug":"prime-pour-lachat-dun-vehicule-decarbone","status":"publish","type":"post","link":"https:\/\/thiant.fr\/wordpress\/jeunesse\/2023\/03\/10\/prime-pour-lachat-dun-vehicule-decarbone\/","title":{"rendered":"Prime pour l&#8217;achat d&#8217;un v\u00e9hicule d\u00e9carbon\u00e9"},"content":{"rendered":"\t\t<div data-elementor-type=\"wp-post\" data-elementor-id=\"1605\" class=\"elementor elementor-1605\">\n\t\t\t\t\t\t<section class=\"elementor-section elementor-top-section elementor-element elementor-element-ff7b973 elementor-section-boxed elementor-section-height-default elementor-section-height-default\" data-id=\"ff7b973\" data-element_type=\"section\" data-e-type=\"section\">\n\t\t\t\t\t\t<div class=\"elementor-container elementor-column-gap-default\">\n\t\t\t\t\t<div class=\"elementor-column elementor-col-33 elementor-top-column elementor-element elementor-element-7b852f7\" data-id=\"7b852f7\" data-element_type=\"column\" data-e-type=\"column\">\n\t\t\t<div class=\"elementor-widget-wrap elementor-element-populated\">\n\t\t\t\t\t\t<div class=\"elementor-element elementor-element-ba82274 elementor-widget elementor-widget-text-editor\" data-id=\"ba82274\" data-element_type=\"widget\" data-e-type=\"widget\" data-widget_type=\"text-editor.default\">\n\t\t\t\t<div class=\"elementor-widget-container\">\n\t\t\t\t\t\t\t\t\t<p><span style=\"color: #333333;\"><strong>Communaut\u00e9 d&#8217;Agglom\u00e9ration de la Porte du Hainaut<\/strong><\/span><\/p><p><span style=\"color: #333333;\">Site Minier Wallers-Arenberg<\/span><br \/><span style=\"color: #333333;\">Rue Michel Rondet<\/span><br \/><span style=\"color: #333333;\">BP 59<\/span><br \/><span style=\"color: #333333;\">59135 WALLERS-ARENBERG<\/span><\/p><p><a href=\"https:\/\/www.agglo-porteduhainaut.fr\" target=\"_blank\" rel=\"noopener\">www.agglo-porteduhainaut.fr<\/a><br \/><span style=\"color: #333333;\">@LAPORTEDUHAINAUT<\/span><\/p>\t\t\t\t\t\t\t\t<\/div>\n\t\t\t\t<\/div>\n\t\t\t\t\t<\/div>\n\t\t<\/div>\n\t\t\t\t<div class=\"elementor-column elementor-col-66 elementor-top-column elementor-element elementor-element-222de98\" data-id=\"222de98\" data-element_type=\"column\" data-e-type=\"column\">\n\t\t\t<div class=\"elementor-widget-wrap elementor-element-populated\">\n\t\t\t\t\t\t<div class=\"elementor-element elementor-element-336829e elementor-widget elementor-widget-text-editor\" data-id=\"336829e\" data-element_type=\"widget\" data-e-type=\"widget\" data-widget_type=\"text-editor.default\">\n\t\t\t\t<div class=\"elementor-widget-container\">\n\t\t\t\t\t\t\t\t\t<p><span style=\"color: #333333;\">La Porte du Hainaut vous accompagne vers les mobilit\u00e9s d\u00e9carbon\u00e9es gr\u00e2ce \u00e0 une prime, <strong>dans la limite de 50% du prix d&#8217;achat du v\u00e9hicule<\/strong>. A partir du 1<sup>er<\/sup> mars, elle est accord\u00e9e sous r\u00e9serve d&#8217;\u00e9ligibilit\u00e9 et dans la limite de l&#8217;enveloppe financi\u00e8re 2023. <strong>Le v\u00e9hicule doit \u00eatre pour adulte<\/strong>. <strong>Sont exclus de cette prime les v\u00e9los \u00e0 usage sportif<\/strong> (VTT, v\u00e9lo de course, BMX\u2026). Tout dossier incomplet ne pourra \u00eatre trait\u00e9. Attention, <strong>une seule aide sera octroy\u00e9e par foyer.<\/strong> Si vous avez b\u00e9n\u00e9fici\u00e9 de cette prime en 2022, vous ne pouvez pas y pr\u00e9tendre. <strong>Les pi\u00e8ces administratives doivent \u00eatre d\u00e9pos\u00e9es au m\u00eame nom que celui indiqu\u00e9 sur la facture.<\/strong><\/span><\/p><p><span style=\"color: #333333;\">Vous pouvez<strong> b\u00e9n\u00e9ficier d&#8217;un bonus de 20\u20ac<\/strong> sur l&#8217;achat simultan\u00e9 d&#8217;<strong>\u00e9quipements de s\u00e9curit\u00e9<\/strong> (casque, gilet r\u00e9fl\u00e9chissant, \u00e9clairage compl\u00e9mentaire ou antivol type U cat\u00e9gorie 3) d&#8217;un <strong>montant sup\u00e9rieur \u00e0 20<\/strong>\u20ac.<\/span><\/p><h3 style=\"text-align: center;\"><span style=\"color: #333333;\">PRIMES :<\/span><\/h3><p style=\"text-align: center;\"><span style=\"text-decoration: underline;\"><span style=\"color: #333333; text-decoration: underline;\">V\u00e9lo classique :\u00a0<\/span><\/span><\/p><p style=\"text-align: center;\"><span style=\"color: #333333;\">Neuf : jusqu&#8217;\u00e0 150\u20ac | Occasion : jusqu&#8217;\u00e0 75\u20ac<\/span><\/p><p style=\"text-align: center;\"><span style=\"text-decoration: underline;\"><span style=\"color: #333333; text-decoration: underline;\">V\u00e9lo \u00e0 assistance \u00e9lectrique :<\/span><\/span><\/p><p style=\"text-align: center;\"><span style=\"color: #333333;\">Neuf : jusqu&#8217;\u00e0 300\u20ac | Occasion : jusqu&#8217;\u00e0 150\u20ac<\/span><\/p><p style=\"text-align: center;\"><span style=\"text-decoration: underline;\"><span style=\"color: #333333; text-decoration: underline;\">Trottinette \u00e9lectrique :<\/span><\/span><\/p><p style=\"text-align: center;\"><span style=\"color: #333333;\">Neuf : jusqu&#8217;\u00e0 100\u20ac<\/span><\/p><p><strong><span style=\"color: #333333;\">Pour solliciter cette prime, vous devez remplir les conditions suivantes :<\/span><\/strong><\/p><ul><li><span style=\"color: #333333;\">\u00catre majeur<\/span><\/li><li><span style=\"color: #333333;\">\u00catre domicili\u00e9 dans l&#8217;une des 46 communes de la CAPH<\/span><\/li><li><span style=\"color: #333333;\">L&#8217;achat doit \u00eatre effectu\u00e9 \u00e0 partir du 1er mars et dans la limite de l&#8217;enveloppe financi\u00e8re 2023<\/span><\/li><li><span style=\"color: #333333;\">L&#8217;achat doit \u00eatre fait chez un professionnel exer\u00e7ant dans l&#8217;arrondissement de Valenciennes<\/span><\/li><li><span style=\"color: #333333;\">L&#8217;achat simultan\u00e9 des \u00e9quipements de protection doit figurer sur la m\u00eame facture que le v\u00e9lo ou la trottinette<\/span><\/li><\/ul><p><strong><span style=\"color: #333333;\">Liste des pi\u00e8ces administratives :<\/span><\/strong><\/p><ul><li><span style=\"color: #333333;\">Justificatif de domicile de moins de 3 mois (facture fournisseurs d&#8217;\u00e9nergie, quittance de loyer, facture t\u00e9l\u00e9phone mobile\u2026)<\/span><\/li><li><span style=\"color: #333333;\">Pi\u00e8ce d&#8217;identit\u00e9 en cours de validit\u00e9 (carte d&#8217;identit\u00e9, carte de s\u00e9jour recto\/verso, passeport)<\/span><\/li><li><span style=\"color: #333333;\">Facture acquitt\u00e9e de moins de 3 mois au nom du demandeur avec les caract\u00e9ristiques du v\u00e9hicule achet\u00e9<\/span><\/li><li><span style=\"color: #333333;\">Certificat de conformit\u00e9 du mat\u00e9riel<\/span><\/li><li><span style=\"color: #333333;\">Relev\u00e9 d&#8217;identit\u00e9 bancaire<\/span><\/li><\/ul><p><em><span style=\"color: #333333;\">Pas d&#8217;ordinateur \u00e0 disposition ou vous estimez avoir besoin d&#8217;aide pour enregistrer votre dossier ? Pensez \u00e0 vous rapprocher de vos structures de proximit\u00e9 pour vous accompagner.<\/span><\/em><\/p>\t\t\t\t\t\t\t\t<\/div>\n\t\t\t\t<\/div>\n\t\t\t\t\t<\/div>\n\t\t<\/div>\n\t\t\t\t\t<\/div>\n\t\t<\/section>\n\t\t\t\t<section class=\"elementor-section elementor-top-section elementor-element elementor-element-c12c9f8 elementor-section-boxed elementor-section-height-default elementor-section-height-default\" data-id=\"c12c9f8\" data-element_type=\"section\" data-e-type=\"section\">\n\t\t\t\t\t\t<div class=\"elementor-container elementor-column-gap-default\">\n\t\t\t\t\t<div class=\"elementor-column elementor-col-100 elementor-top-column elementor-element elementor-element-d27d345\" data-id=\"d27d345\" data-element_type=\"column\" data-e-type=\"column\">\n\t\t\t<div class=\"elementor-widget-wrap elementor-element-populated\">\n\t\t\t\t\t\t<div class=\"elementor-element elementor-element-46ae307 elementor-widget elementor-widget-image\" data-id=\"46ae307\" data-element_type=\"widget\" data-e-type=\"widget\" data-widget_type=\"image.default\">\n\t\t\t\t<div class=\"elementor-widget-container\">\n\t\t\t\t\t\t\t\t\t\t\t\t\t\t\t\t<a href=\"https:\/\/www.agglo-porteduhainaut.fr\" target=\"_blank\">\n\t\t\t\t\t\t\t<img decoding=\"async\" src=\"https:\/\/thiant.fr\/wordpress\/wp-content\/uploads\/2023\/03\/A4-Prime-Velo-Trottinette.png\" title=\"\" alt=\"\" loading=\"lazy\" \/>\t\t\t\t\t\t\t\t<\/a>\n\t\t\t\t\t\t\t\t\t\t\t\t\t\t\t<\/div>\n\t\t\t\t<\/div>\n\t\t\t\t\t<\/div>\n\t\t<\/div>\n\t\t\t\t\t<\/div>\n\t\t<\/section>\n\t\t\t\t<\/div>\n\t\t","protected":false},"excerpt":{"rendered":"<p>Communaut\u00e9 d&#8217;Agglom\u00e9ration de la Porte du Hainaut Site Minier Wallers-Arenberg Rue Michel Rondet BP 59 59135 WALLERS-ARENBERG www.agglo-porteduhainaut.fr @LAPORTEDUHAINAUT La Porte du Hainaut vous accompagne vers les mobilit\u00e9s d\u00e9carbon\u00e9es gr\u00e2ce \u00e0 une prime, dans la limite de 50% du prix d&#8217;achat du v\u00e9hicule. A partir du 1er mars, elle est accord\u00e9e sous r\u00e9serve d&#8217;\u00e9ligibilit\u00e9 et [&hellip;]<\/p>\n","protected":false},"author":1,"featured_media":1606,"comment_status":"closed","ping_status":"closed","sticky":false,"template":"","format":"standard","meta":{"_crdt_document":"","ocean_post_layout":"","ocean_both_sidebars_style":"","ocean_both_sidebars_content_width":0,"ocean_both_sidebars_sidebars_width":0,"ocean_sidebar":"0","ocean_second_sidebar":"0","ocean_disable_margins":"enable","ocean_add_body_class":"","ocean_shortcode_before_top_bar":"","ocean_shortcode_after_top_bar":"","ocean_shortcode_before_header":"","ocean_shortcode_after_header":"","ocean_has_shortcode":"","ocean_shortcode_after_title":"","ocean_shortcode_before_footer_widgets":"","ocean_shortcode_after_footer_widgets":"","ocean_shortcode_before_footer_bottom":"","ocean_shortcode_after_footer_bottom":"","ocean_display_top_bar":"default","ocean_display_header":"default","ocean_header_style":"","ocean_center_header_left_menu":"0","ocean_custom_header_template":"0","ocean_custom_logo":0,"ocean_custom_retina_logo":0,"ocean_custom_logo_max_width":0,"ocean_custom_logo_tablet_max_width":0,"ocean_custom_logo_mobile_max_width":0,"ocean_custom_logo_max_height":0,"ocean_custom_logo_tablet_max_height":0,"ocean_custom_logo_mobile_max_height":0,"ocean_header_custom_menu":"0","ocean_menu_typo_font_family":"0","ocean_menu_typo_font_subset":"","ocean_menu_typo_font_size":0,"ocean_menu_typo_font_size_tablet":0,"ocean_menu_typo_font_size_mobile":0,"ocean_menu_typo_font_size_unit":"px","ocean_menu_typo_font_weight":"","ocean_menu_typo_font_weight_tablet":"","ocean_menu_typo_font_weight_mobile":"","ocean_menu_typo_transform":"","ocean_menu_typo_transform_tablet":"","ocean_menu_typo_transform_mobile":"","ocean_menu_typo_line_height":0,"ocean_menu_typo_line_height_tablet":0,"ocean_menu_typo_line_height_mobile":0,"ocean_menu_typo_line_height_unit":"","ocean_menu_typo_spacing":0,"ocean_menu_typo_spacing_tablet":0,"ocean_menu_typo_spacing_mobile":0,"ocean_menu_typo_spacing_unit":"","ocean_menu_link_color":"","ocean_menu_link_color_hover":"","ocean_menu_link_color_active":"","ocean_menu_link_background":"","ocean_menu_link_hover_background":"","ocean_menu_link_active_background":"","ocean_menu_social_links_bg":"","ocean_menu_social_hover_links_bg":"","ocean_menu_social_links_color":"","ocean_menu_social_hover_links_color":"","ocean_disable_title":"default","ocean_disable_heading":"default","ocean_post_title":"","ocean_post_subheading":"","ocean_post_title_style":"","ocean_post_title_background_color":"","ocean_post_title_background":0,"ocean_post_title_bg_image_position":"","ocean_post_title_bg_image_attachment":"","ocean_post_title_bg_image_repeat":"","ocean_post_title_bg_image_size":"","ocean_post_title_height":0,"ocean_post_title_bg_overlay":0.5,"ocean_post_title_bg_overlay_color":"","ocean_disable_breadcrumbs":"default","ocean_breadcrumbs_color":"","ocean_breadcrumbs_separator_color":"","ocean_breadcrumbs_links_color":"","ocean_breadcrumbs_links_hover_color":"","ocean_display_footer_widgets":"default","ocean_display_footer_bottom":"default","ocean_custom_footer_template":"0","ocean_post_oembed":"","ocean_post_self_hosted_media":"","ocean_post_video_embed":"","ocean_link_format":"","ocean_link_format_target":"self","ocean_quote_format":"","ocean_quote_format_link":"post","ocean_gallery_link_images":"off","ocean_gallery_id":[],"footnotes":""},"categories":[23],"tags":[],"class_list":["post-1605","post","type-post","status-publish","format-standard","has-post-thumbnail","hentry","category-caph","entry","has-media"],"yoast_head":"<!-- This site is optimized with the Yoast SEO plugin v27.3 - https:\/\/yoast.com\/product\/yoast-seo-wordpress\/ -->\n<title>Prime pour l&#039;achat d&#039;un v\u00e9hicule d\u00e9carbon\u00e9 - Espace jeunesse du site officiel de la Ville de Thiant<\/title>\n<meta name=\"description\" content=\"La Porte du Hainaut vous accompagne vers les mobilit\u00e9s d\u00e9carbon\u00e9es gr\u00e2ce \u00e0 une prime pouvant atteindre 300\u20ac.\" \/>\n<meta name=\"robots\" content=\"index, follow, max-snippet:-1, max-image-preview:large, max-video-preview:-1\" \/>\n<link rel=\"canonical\" href=\"https:\/\/thiant.fr\/wordpress\/jeunesse\/2023\/03\/10\/prime-pour-lachat-dun-vehicule-decarbone\/\" \/>\n<meta property=\"og:locale\" content=\"fr_FR\" \/>\n<meta property=\"og:type\" content=\"article\" \/>\n<meta property=\"og:title\" content=\"Prime pour l&#039;achat d&#039;un v\u00e9hicule d\u00e9carbon\u00e9 - Espace jeunesse du site officiel de la Ville de Thiant\" \/>\n<meta property=\"og:description\" content=\"La Porte du Hainaut vous accompagne vers les mobilit\u00e9s d\u00e9carbon\u00e9es gr\u00e2ce \u00e0 une prime pouvant atteindre 300\u20ac.\" \/>\n<meta property=\"og:url\" content=\"https:\/\/thiant.fr\/wordpress\/jeunesse\/2023\/03\/10\/prime-pour-lachat-dun-vehicule-decarbone\/\" \/>\n<meta property=\"og:site_name\" content=\"Espace jeunesse du site officiel de la Ville de Thiant\" \/>\n<meta property=\"article:publisher\" content=\"https:\/\/www.facebook.com\/commune.thiant.1\" \/>\n<meta property=\"article:published_time\" content=\"2023-03-10T13:50:24+00:00\" \/>\n<meta property=\"article:modified_time\" content=\"2024-07-01T07:51:34+00:00\" \/>\n<meta property=\"og:image\" content=\"https:\/\/thiant.fr\/wordpress\/jeunesse\/wp-content\/uploads\/sites\/2\/2023\/03\/A5-Prime-Velo-Trottinette.png\" \/>\n\t<meta property=\"og:image:width\" content=\"730\" \/>\n\t<meta property=\"og:image:height\" content=\"516\" \/>\n\t<meta property=\"og:image:type\" content=\"image\/png\" \/>\n<meta name=\"author\" content=\"Service communication\" \/>\n<meta name=\"twitter:card\" content=\"summary_large_image\" \/>\n<meta name=\"twitter:label1\" content=\"\u00c9crit par\" \/>\n\t<meta name=\"twitter:data1\" content=\"Service communication\" \/>\n<script type=\"application\/ld+json\" class=\"yoast-schema-graph\">{\"@context\":\"https:\\\/\\\/schema.org\",\"@graph\":[{\"@type\":\"Article\",\"@id\":\"https:\\\/\\\/thiant.fr\\\/wordpress\\\/jeunesse\\\/2023\\\/03\\\/10\\\/prime-pour-lachat-dun-vehicule-decarbone\\\/#article\",\"isPartOf\":{\"@id\":\"https:\\\/\\\/thiant.fr\\\/wordpress\\\/jeunesse\\\/2023\\\/03\\\/10\\\/prime-pour-lachat-dun-vehicule-decarbone\\\/\"},\"author\":{\"name\":\"Service communication\",\"@id\":\"https:\\\/\\\/thiant.fr\\\/wordpress\\\/jeunesse\\\/#\\\/schema\\\/person\\\/f41122130d18c0720657431d990451c6\"},\"headline\":\"Prime pour l&#8217;achat d&#8217;un v\u00e9hicule d\u00e9carbon\u00e9\",\"datePublished\":\"2023-03-10T13:50:24+00:00\",\"dateModified\":\"2024-07-01T07:51:34+00:00\",\"mainEntityOfPage\":{\"@id\":\"https:\\\/\\\/thiant.fr\\\/wordpress\\\/jeunesse\\\/2023\\\/03\\\/10\\\/prime-pour-lachat-dun-vehicule-decarbone\\\/\"},\"wordCount\":387,\"publisher\":{\"@id\":\"https:\\\/\\\/thiant.fr\\\/wordpress\\\/jeunesse\\\/#organization\"},\"image\":{\"@id\":\"https:\\\/\\\/thiant.fr\\\/wordpress\\\/jeunesse\\\/2023\\\/03\\\/10\\\/prime-pour-lachat-dun-vehicule-decarbone\\\/#primaryimage\"},\"thumbnailUrl\":\"https:\\\/\\\/thiant.fr\\\/wordpress\\\/jeunesse\\\/wp-content\\\/uploads\\\/sites\\\/2\\\/2023\\\/03\\\/A5-Prime-Velo-Trottinette.png\",\"articleSection\":[\"CAPH\"],\"inLanguage\":\"fr-FR\"},{\"@type\":\"WebPage\",\"@id\":\"https:\\\/\\\/thiant.fr\\\/wordpress\\\/jeunesse\\\/2023\\\/03\\\/10\\\/prime-pour-lachat-dun-vehicule-decarbone\\\/\",\"url\":\"https:\\\/\\\/thiant.fr\\\/wordpress\\\/jeunesse\\\/2023\\\/03\\\/10\\\/prime-pour-lachat-dun-vehicule-decarbone\\\/\",\"name\":\"Prime pour l'achat d'un v\u00e9hicule d\u00e9carbon\u00e9 - Espace jeunesse du site officiel de la Ville de Thiant\",\"isPartOf\":{\"@id\":\"https:\\\/\\\/thiant.fr\\\/wordpress\\\/jeunesse\\\/#website\"},\"primaryImageOfPage\":{\"@id\":\"https:\\\/\\\/thiant.fr\\\/wordpress\\\/jeunesse\\\/2023\\\/03\\\/10\\\/prime-pour-lachat-dun-vehicule-decarbone\\\/#primaryimage\"},\"image\":{\"@id\":\"https:\\\/\\\/thiant.fr\\\/wordpress\\\/jeunesse\\\/2023\\\/03\\\/10\\\/prime-pour-lachat-dun-vehicule-decarbone\\\/#primaryimage\"},\"thumbnailUrl\":\"https:\\\/\\\/thiant.fr\\\/wordpress\\\/jeunesse\\\/wp-content\\\/uploads\\\/sites\\\/2\\\/2023\\\/03\\\/A5-Prime-Velo-Trottinette.png\",\"datePublished\":\"2023-03-10T13:50:24+00:00\",\"dateModified\":\"2024-07-01T07:51:34+00:00\",\"description\":\"La Porte du Hainaut vous accompagne vers les mobilit\u00e9s d\u00e9carbon\u00e9es gr\u00e2ce \u00e0 une prime pouvant atteindre 300\u20ac.\",\"breadcrumb\":{\"@id\":\"https:\\\/\\\/thiant.fr\\\/wordpress\\\/jeunesse\\\/2023\\\/03\\\/10\\\/prime-pour-lachat-dun-vehicule-decarbone\\\/#breadcrumb\"},\"inLanguage\":\"fr-FR\",\"potentialAction\":[{\"@type\":\"ReadAction\",\"target\":[\"https:\\\/\\\/thiant.fr\\\/wordpress\\\/jeunesse\\\/2023\\\/03\\\/10\\\/prime-pour-lachat-dun-vehicule-decarbone\\\/\"]}]},{\"@type\":\"ImageObject\",\"inLanguage\":\"fr-FR\",\"@id\":\"https:\\\/\\\/thiant.fr\\\/wordpress\\\/jeunesse\\\/2023\\\/03\\\/10\\\/prime-pour-lachat-dun-vehicule-decarbone\\\/#primaryimage\",\"url\":\"https:\\\/\\\/thiant.fr\\\/wordpress\\\/jeunesse\\\/wp-content\\\/uploads\\\/sites\\\/2\\\/2023\\\/03\\\/A5-Prime-Velo-Trottinette.png\",\"contentUrl\":\"https:\\\/\\\/thiant.fr\\\/wordpress\\\/jeunesse\\\/wp-content\\\/uploads\\\/sites\\\/2\\\/2023\\\/03\\\/A5-Prime-Velo-Trottinette.png\",\"width\":730,\"height\":516},{\"@type\":\"BreadcrumbList\",\"@id\":\"https:\\\/\\\/thiant.fr\\\/wordpress\\\/jeunesse\\\/2023\\\/03\\\/10\\\/prime-pour-lachat-dun-vehicule-decarbone\\\/#breadcrumb\",\"itemListElement\":[{\"@type\":\"ListItem\",\"position\":1,\"name\":\"Accueil\",\"item\":\"https:\\\/\\\/thiant.fr\\\/wordpress\\\/jeunesse\\\/\"},{\"@type\":\"ListItem\",\"position\":2,\"name\":\"Prime pour l&#8217;achat d&#8217;un v\u00e9hicule d\u00e9carbon\u00e9\"}]},{\"@type\":\"WebSite\",\"@id\":\"https:\\\/\\\/thiant.fr\\\/wordpress\\\/jeunesse\\\/#website\",\"url\":\"https:\\\/\\\/thiant.fr\\\/wordpress\\\/jeunesse\\\/\",\"name\":\"Espace jeunesse du site officiel de la Ville de Thiant\",\"description\":\"\",\"publisher\":{\"@id\":\"https:\\\/\\\/thiant.fr\\\/wordpress\\\/jeunesse\\\/#organization\"},\"potentialAction\":[{\"@type\":\"SearchAction\",\"target\":{\"@type\":\"EntryPoint\",\"urlTemplate\":\"https:\\\/\\\/thiant.fr\\\/wordpress\\\/jeunesse\\\/?s={search_term_string}\"},\"query-input\":{\"@type\":\"PropertyValueSpecification\",\"valueRequired\":true,\"valueName\":\"search_term_string\"}}],\"inLanguage\":\"fr-FR\"},{\"@type\":\"Organization\",\"@id\":\"https:\\\/\\\/thiant.fr\\\/wordpress\\\/jeunesse\\\/#organization\",\"name\":\"Espace jeunesse du site officiel de la Ville de Thiant\",\"url\":\"https:\\\/\\\/thiant.fr\\\/wordpress\\\/jeunesse\\\/\",\"logo\":{\"@type\":\"ImageObject\",\"inLanguage\":\"fr-FR\",\"@id\":\"https:\\\/\\\/thiant.fr\\\/wordpress\\\/jeunesse\\\/#\\\/schema\\\/logo\\\/image\\\/\",\"url\":\"https:\\\/\\\/thiant.fr\\\/wordpress\\\/jeunesse\\\/wp-content\\\/uploads\\\/sites\\\/2\\\/2019\\\/10\\\/Logo_jeunesse_02-1.png\",\"contentUrl\":\"https:\\\/\\\/thiant.fr\\\/wordpress\\\/jeunesse\\\/wp-content\\\/uploads\\\/sites\\\/2\\\/2019\\\/10\\\/Logo_jeunesse_02-1.png\",\"width\":384,\"height\":203,\"caption\":\"Espace jeunesse du site officiel de la Ville de Thiant\"},\"image\":{\"@id\":\"https:\\\/\\\/thiant.fr\\\/wordpress\\\/jeunesse\\\/#\\\/schema\\\/logo\\\/image\\\/\"},\"sameAs\":[\"https:\\\/\\\/www.facebook.com\\\/commune.thiant.1\"]},{\"@type\":\"Person\",\"@id\":\"https:\\\/\\\/thiant.fr\\\/wordpress\\\/jeunesse\\\/#\\\/schema\\\/person\\\/f41122130d18c0720657431d990451c6\",\"name\":\"Service communication\",\"image\":{\"@type\":\"ImageObject\",\"inLanguage\":\"fr-FR\",\"@id\":\"https:\\\/\\\/thiant.fr\\\/wordpress\\\/jeunesse\\\/wp-content\\\/litespeed\\\/avatar\\\/2\\\/eeb9098e5269f97d4e67fcd6f533ccb1.jpg?ver=1776850616\",\"url\":\"https:\\\/\\\/thiant.fr\\\/wordpress\\\/jeunesse\\\/wp-content\\\/litespeed\\\/avatar\\\/2\\\/eeb9098e5269f97d4e67fcd6f533ccb1.jpg?ver=1776850616\",\"contentUrl\":\"https:\\\/\\\/thiant.fr\\\/wordpress\\\/jeunesse\\\/wp-content\\\/litespeed\\\/avatar\\\/2\\\/eeb9098e5269f97d4e67fcd6f533ccb1.jpg?ver=1776850616\",\"caption\":\"Service communication\"},\"url\":\"https:\\\/\\\/thiant.fr\\\/wordpress\\\/jeunesse\\\/author\\\/adminwpress\\\/\"}]}<\/script>\n<!-- \/ Yoast SEO plugin. -->","yoast_head_json":{"title":"Prime pour l'achat d'un v\u00e9hicule d\u00e9carbon\u00e9 - Espace jeunesse du site officiel de la Ville de Thiant","description":"La Porte du Hainaut vous accompagne vers les mobilit\u00e9s d\u00e9carbon\u00e9es gr\u00e2ce \u00e0 une prime pouvant atteindre 300\u20ac.","robots":{"index":"index","follow":"follow","max-snippet":"max-snippet:-1","max-image-preview":"max-image-preview:large","max-video-preview":"max-video-preview:-1"},"canonical":"https:\/\/thiant.fr\/wordpress\/jeunesse\/2023\/03\/10\/prime-pour-lachat-dun-vehicule-decarbone\/","og_locale":"fr_FR","og_type":"article","og_title":"Prime pour l'achat d'un v\u00e9hicule d\u00e9carbon\u00e9 - Espace jeunesse du site officiel de la Ville de Thiant","og_description":"La Porte du Hainaut vous accompagne vers les mobilit\u00e9s d\u00e9carbon\u00e9es gr\u00e2ce \u00e0 une prime pouvant atteindre 300\u20ac.","og_url":"https:\/\/thiant.fr\/wordpress\/jeunesse\/2023\/03\/10\/prime-pour-lachat-dun-vehicule-decarbone\/","og_site_name":"Espace jeunesse du site officiel de la Ville de Thiant","article_publisher":"https:\/\/www.facebook.com\/commune.thiant.1","article_published_time":"2023-03-10T13:50:24+00:00","article_modified_time":"2024-07-01T07:51:34+00:00","og_image":[{"width":730,"height":516,"url":"https:\/\/thiant.fr\/wordpress\/jeunesse\/wp-content\/uploads\/sites\/2\/2023\/03\/A5-Prime-Velo-Trottinette.png","type":"image\/png"}],"author":"Service communication","twitter_card":"summary_large_image","twitter_misc":{"\u00c9crit par":"Service communication"},"schema":{"@context":"https:\/\/schema.org","@graph":[{"@type":"Article","@id":"https:\/\/thiant.fr\/wordpress\/jeunesse\/2023\/03\/10\/prime-pour-lachat-dun-vehicule-decarbone\/#article","isPartOf":{"@id":"https:\/\/thiant.fr\/wordpress\/jeunesse\/2023\/03\/10\/prime-pour-lachat-dun-vehicule-decarbone\/"},"author":{"name":"Service communication","@id":"https:\/\/thiant.fr\/wordpress\/jeunesse\/#\/schema\/person\/f41122130d18c0720657431d990451c6"},"headline":"Prime pour l&#8217;achat d&#8217;un v\u00e9hicule d\u00e9carbon\u00e9","datePublished":"2023-03-10T13:50:24+00:00","dateModified":"2024-07-01T07:51:34+00:00","mainEntityOfPage":{"@id":"https:\/\/thiant.fr\/wordpress\/jeunesse\/2023\/03\/10\/prime-pour-lachat-dun-vehicule-decarbone\/"},"wordCount":387,"publisher":{"@id":"https:\/\/thiant.fr\/wordpress\/jeunesse\/#organization"},"image":{"@id":"https:\/\/thiant.fr\/wordpress\/jeunesse\/2023\/03\/10\/prime-pour-lachat-dun-vehicule-decarbone\/#primaryimage"},"thumbnailUrl":"https:\/\/thiant.fr\/wordpress\/jeunesse\/wp-content\/uploads\/sites\/2\/2023\/03\/A5-Prime-Velo-Trottinette.png","articleSection":["CAPH"],"inLanguage":"fr-FR"},{"@type":"WebPage","@id":"https:\/\/thiant.fr\/wordpress\/jeunesse\/2023\/03\/10\/prime-pour-lachat-dun-vehicule-decarbone\/","url":"https:\/\/thiant.fr\/wordpress\/jeunesse\/2023\/03\/10\/prime-pour-lachat-dun-vehicule-decarbone\/","name":"Prime pour l'achat d'un v\u00e9hicule d\u00e9carbon\u00e9 - Espace jeunesse du site officiel de la Ville de Thiant","isPartOf":{"@id":"https:\/\/thiant.fr\/wordpress\/jeunesse\/#website"},"primaryImageOfPage":{"@id":"https:\/\/thiant.fr\/wordpress\/jeunesse\/2023\/03\/10\/prime-pour-lachat-dun-vehicule-decarbone\/#primaryimage"},"image":{"@id":"https:\/\/thiant.fr\/wordpress\/jeunesse\/2023\/03\/10\/prime-pour-lachat-dun-vehicule-decarbone\/#primaryimage"},"thumbnailUrl":"https:\/\/thiant.fr\/wordpress\/jeunesse\/wp-content\/uploads\/sites\/2\/2023\/03\/A5-Prime-Velo-Trottinette.png","datePublished":"2023-03-10T13:50:24+00:00","dateModified":"2024-07-01T07:51:34+00:00","description":"La Porte du Hainaut vous accompagne vers les mobilit\u00e9s d\u00e9carbon\u00e9es gr\u00e2ce \u00e0 une prime pouvant atteindre 300\u20ac.","breadcrumb":{"@id":"https:\/\/thiant.fr\/wordpress\/jeunesse\/2023\/03\/10\/prime-pour-lachat-dun-vehicule-decarbone\/#breadcrumb"},"inLanguage":"fr-FR","potentialAction":[{"@type":"ReadAction","target":["https:\/\/thiant.fr\/wordpress\/jeunesse\/2023\/03\/10\/prime-pour-lachat-dun-vehicule-decarbone\/"]}]},{"@type":"ImageObject","inLanguage":"fr-FR","@id":"https:\/\/thiant.fr\/wordpress\/jeunesse\/2023\/03\/10\/prime-pour-lachat-dun-vehicule-decarbone\/#primaryimage","url":"https:\/\/thiant.fr\/wordpress\/jeunesse\/wp-content\/uploads\/sites\/2\/2023\/03\/A5-Prime-Velo-Trottinette.png","contentUrl":"https:\/\/thiant.fr\/wordpress\/jeunesse\/wp-content\/uploads\/sites\/2\/2023\/03\/A5-Prime-Velo-Trottinette.png","width":730,"height":516},{"@type":"BreadcrumbList","@id":"https:\/\/thiant.fr\/wordpress\/jeunesse\/2023\/03\/10\/prime-pour-lachat-dun-vehicule-decarbone\/#breadcrumb","itemListElement":[{"@type":"ListItem","position":1,"name":"Accueil","item":"https:\/\/thiant.fr\/wordpress\/jeunesse\/"},{"@type":"ListItem","position":2,"name":"Prime pour l&#8217;achat d&#8217;un v\u00e9hicule d\u00e9carbon\u00e9"}]},{"@type":"WebSite","@id":"https:\/\/thiant.fr\/wordpress\/jeunesse\/#website","url":"https:\/\/thiant.fr\/wordpress\/jeunesse\/","name":"Espace jeunesse du site officiel de la Ville de Thiant","description":"","publisher":{"@id":"https:\/\/thiant.fr\/wordpress\/jeunesse\/#organization"},"potentialAction":[{"@type":"SearchAction","target":{"@type":"EntryPoint","urlTemplate":"https:\/\/thiant.fr\/wordpress\/jeunesse\/?s={search_term_string}"},"query-input":{"@type":"PropertyValueSpecification","valueRequired":true,"valueName":"search_term_string"}}],"inLanguage":"fr-FR"},{"@type":"Organization","@id":"https:\/\/thiant.fr\/wordpress\/jeunesse\/#organization","name":"Espace jeunesse du site officiel de la Ville de Thiant","url":"https:\/\/thiant.fr\/wordpress\/jeunesse\/","logo":{"@type":"ImageObject","inLanguage":"fr-FR","@id":"https:\/\/thiant.fr\/wordpress\/jeunesse\/#\/schema\/logo\/image\/","url":"https:\/\/thiant.fr\/wordpress\/jeunesse\/wp-content\/uploads\/sites\/2\/2019\/10\/Logo_jeunesse_02-1.png","contentUrl":"https:\/\/thiant.fr\/wordpress\/jeunesse\/wp-content\/uploads\/sites\/2\/2019\/10\/Logo_jeunesse_02-1.png","width":384,"height":203,"caption":"Espace jeunesse du site officiel de la Ville de Thiant"},"image":{"@id":"https:\/\/thiant.fr\/wordpress\/jeunesse\/#\/schema\/logo\/image\/"},"sameAs":["https:\/\/www.facebook.com\/commune.thiant.1"]},{"@type":"Person","@id":"https:\/\/thiant.fr\/wordpress\/jeunesse\/#\/schema\/person\/f41122130d18c0720657431d990451c6","name":"Service communication","image":{"@type":"ImageObject","inLanguage":"fr-FR","@id":"https:\/\/thiant.fr\/wordpress\/jeunesse\/wp-content\/litespeed\/avatar\/2\/eeb9098e5269f97d4e67fcd6f533ccb1.jpg?ver=1776850616","url":"https:\/\/thiant.fr\/wordpress\/jeunesse\/wp-content\/litespeed\/avatar\/2\/eeb9098e5269f97d4e67fcd6f533ccb1.jpg?ver=1776850616","contentUrl":"https:\/\/thiant.fr\/wordpress\/jeunesse\/wp-content\/litespeed\/avatar\/2\/eeb9098e5269f97d4e67fcd6f533ccb1.jpg?ver=1776850616","caption":"Service communication"},"url":"https:\/\/thiant.fr\/wordpress\/jeunesse\/author\/adminwpress\/"}]}},"_links":{"self":[{"href":"https:\/\/thiant.fr\/wordpress\/jeunesse\/wp-json\/wp\/v2\/posts\/1605","targetHints":{"allow":["GET"]}}],"collection":[{"href":"https:\/\/thiant.fr\/wordpress\/jeunesse\/wp-json\/wp\/v2\/posts"}],"about":[{"href":"https:\/\/thiant.fr\/wordpress\/jeunesse\/wp-json\/wp\/v2\/types\/post"}],"author":[{"embeddable":true,"href":"https:\/\/thiant.fr\/wordpress\/jeunesse\/wp-json\/wp\/v2\/users\/1"}],"replies":[{"embeddable":true,"href":"https:\/\/thiant.fr\/wordpress\/jeunesse\/wp-json\/wp\/v2\/comments?post=1605"}],"version-history":[{"count":5,"href":"https:\/\/thiant.fr\/wordpress\/jeunesse\/wp-json\/wp\/v2\/posts\/1605\/revisions"}],"predecessor-version":[{"id":1993,"href":"https:\/\/thiant.fr\/wordpress\/jeunesse\/wp-json\/wp\/v2\/posts\/1605\/revisions\/1993"}],"wp:featuredmedia":[{"embeddable":true,"href":"https:\/\/thiant.fr\/wordpress\/jeunesse\/wp-json\/wp\/v2\/media\/1606"}],"wp:attachment":[{"href":"https:\/\/thiant.fr\/wordpress\/jeunesse\/wp-json\/wp\/v2\/media?parent=1605"}],"wp:term":[{"taxonomy":"category","embeddable":true,"href":"https:\/\/thiant.fr\/wordpress\/jeunesse\/wp-json\/wp\/v2\/categories?post=1605"},{"taxonomy":"post_tag","embeddable":true,"href":"https:\/\/thiant.fr\/wordpress\/jeunesse\/wp-json\/wp\/v2\/tags?post=1605"}],"curies":[{"name":"wp","href":"https:\/\/api.w.org\/{rel}","templated":true}]}}