{"id":2194,"date":"2024-12-16T10:55:28","date_gmt":"2024-12-16T09:55:28","guid":{"rendered":"https:\/\/thiant.fr\/wordpress\/jeunesse\/2024\/12\/16\/la-ville-de-thiant-recrute\/"},"modified":"2024-12-16T11:31:53","modified_gmt":"2024-12-16T10:31:53","slug":"la-ville-de-thiant-recrute","status":"publish","type":"post","link":"https:\/\/thiant.fr\/wordpress\/jeunesse\/2024\/12\/16\/la-ville-de-thiant-recrute\/","title":{"rendered":"La Ville de Thiant recrute"},"content":{"rendered":"\t\t<div data-elementor-type=\"wp-post\" data-elementor-id=\"2194\" class=\"elementor elementor-2194\">\n\t\t\t\t<div class=\"elementor-element elementor-element-1432447 e-flex e-con-boxed e-con e-parent\" data-id=\"1432447\" data-element_type=\"container\" data-e-type=\"container\">\n\t\t\t\t\t<div class=\"e-con-inner\">\n\t\t\t\t<div class=\"elementor-element elementor-element-e01a578 elementor-widget elementor-widget-text-editor\" data-id=\"e01a578\" data-element_type=\"widget\" data-e-type=\"widget\" data-widget_type=\"text-editor.default\">\n\t\t\t\t<div class=\"elementor-widget-container\">\n\t\t\t\t\t\t\t\t\t<h1 style=\"text-align: center\">Appel a candidature A.L.S.H<\/h1><p><strong>La ville de Thiant recrute pour les accueils de loisirs sans h\u00e9bergement de 2025 :<\/strong><\/p><ul><li><strong>Des animateurs \/ animatrices<\/strong><\/li><li><strong>Un ou une adjoint(e) \u00ab minis camps \u00bb<\/strong><\/li><\/ul><p>Vous \u00eates volontaire, dynamique et avez envie de progresser ?<\/p><p>Vous aimez le travail en \u00e9quipe et avez une bonne capacit\u00e9 d\u2019\u00e9coute ?<\/p><p>Vous \u00eates stagiaire en cour de formation BAFA ou vous avez le BAFA complet ?<\/p><p><strong>Envoyez votre candidature (lettre de motivation + CV) jusqu\u2019au mercredi 8 janvier 2025\u00a0 \u00e0 :<\/strong><\/p><p style=\"text-align: center\"><a href=\"mailto:alsh@thiant.fr\"><strong>alsh@thiant.fr<\/strong><\/a> ou d\u00e9posez-la \u00e0 l\u2019accueil de la maire de Thiant.<\/p><p>NB : Pour le poste d&#8217;adjoint.e &#8220;minis camps&#8221; une exp\u00e9rience en camping avec les enfants est pr\u00e9f\u00e9rable.<\/p>\t\t\t\t\t\t\t\t<\/div>\n\t\t\t\t<\/div>\n\t\t\t\t\t<\/div>\n\t\t\t\t<\/div>\n\t\t\t\t<\/div>\n\t\t","protected":false},"excerpt":{"rendered":"<p>Appel a candidature A.L.S.H La ville de Thiant recrute pour les accueils de loisirs sans h\u00e9bergement de 2025 : Des animateurs \/ animatrices Un ou une adjoint(e) \u00ab minis camps \u00bb Vous \u00eates volontaire, dynamique et avez envie de progresser ? Vous aimez le travail en \u00e9quipe et avez une bonne capacit\u00e9 d\u2019\u00e9coute ? Vous [&hellip;]<\/p>\n","protected":false},"author":20,"featured_media":2195,"comment_status":"open","ping_status":"open","sticky":false,"template":"","format":"standard","meta":{"_crdt_document":"","ocean_post_layout":"","ocean_both_sidebars_style":"","ocean_both_sidebars_content_width":0,"ocean_both_sidebars_sidebars_width":0,"ocean_sidebar":"0","ocean_second_sidebar":"0","ocean_disable_margins":"enable","ocean_add_body_class":"","ocean_shortcode_before_top_bar":"","ocean_shortcode_after_top_bar":"","ocean_shortcode_before_header":"","ocean_shortcode_after_header":"","ocean_has_shortcode":"","ocean_shortcode_after_title":"","ocean_shortcode_before_footer_widgets":"","ocean_shortcode_after_footer_widgets":"","ocean_shortcode_before_footer_bottom":"","ocean_shortcode_after_footer_bottom":"","ocean_display_top_bar":"default","ocean_display_header":"default","ocean_header_style":"","ocean_center_header_left_menu":"0","ocean_custom_header_template":"0","ocean_custom_logo":0,"ocean_custom_retina_logo":0,"ocean_custom_logo_max_width":0,"ocean_custom_logo_tablet_max_width":0,"ocean_custom_logo_mobile_max_width":0,"ocean_custom_logo_max_height":0,"ocean_custom_logo_tablet_max_height":0,"ocean_custom_logo_mobile_max_height":0,"ocean_header_custom_menu":"0","ocean_menu_typo_font_family":"0","ocean_menu_typo_font_subset":"","ocean_menu_typo_font_size":0,"ocean_menu_typo_font_size_tablet":0,"ocean_menu_typo_font_size_mobile":0,"ocean_menu_typo_font_size_unit":"px","ocean_menu_typo_font_weight":"","ocean_menu_typo_font_weight_tablet":"","ocean_menu_typo_font_weight_mobile":"","ocean_menu_typo_transform":"","ocean_menu_typo_transform_tablet":"","ocean_menu_typo_transform_mobile":"","ocean_menu_typo_line_height":0,"ocean_menu_typo_line_height_tablet":0,"ocean_menu_typo_line_height_mobile":0,"ocean_menu_typo_line_height_unit":"","ocean_menu_typo_spacing":0,"ocean_menu_typo_spacing_tablet":0,"ocean_menu_typo_spacing_mobile":0,"ocean_menu_typo_spacing_unit":"","ocean_menu_link_color":"","ocean_menu_link_color_hover":"","ocean_menu_link_color_active":"","ocean_menu_link_background":"","ocean_menu_link_hover_background":"","ocean_menu_link_active_background":"","ocean_menu_social_links_bg":"","ocean_menu_social_hover_links_bg":"","ocean_menu_social_links_color":"","ocean_menu_social_hover_links_color":"","ocean_disable_title":"default","ocean_disable_heading":"default","ocean_post_title":"","ocean_post_subheading":"","ocean_post_title_style":"","ocean_post_title_background_color":"","ocean_post_title_background":0,"ocean_post_title_bg_image_position":"","ocean_post_title_bg_image_attachment":"","ocean_post_title_bg_image_repeat":"","ocean_post_title_bg_image_size":"","ocean_post_title_height":0,"ocean_post_title_bg_overlay":0.5,"ocean_post_title_bg_overlay_color":"","ocean_disable_breadcrumbs":"default","ocean_breadcrumbs_color":"","ocean_breadcrumbs_separator_color":"","ocean_breadcrumbs_links_color":"","ocean_breadcrumbs_links_hover_color":"","ocean_display_footer_widgets":"default","ocean_display_footer_bottom":"default","ocean_custom_footer_template":"0","ocean_post_oembed":"","ocean_post_self_hosted_media":"","ocean_post_video_embed":"","ocean_link_format":"","ocean_link_format_target":"self","ocean_quote_format":"","ocean_quote_format_link":"post","ocean_gallery_link_images":"on","ocean_gallery_id":[],"footnotes":""},"categories":[41,255],"tags":[44,42,650,651,652,112,196,653,462,39],"class_list":["post-2194","post","type-post","status-publish","format-standard","has-post-thumbnail","hentry","category-alsh","category-formation-emploi","tag-accueil-de-loisirs","tag-alsh","tag-animateurs","tag-animatrices","tag-bafa","tag-centre-aere","tag-enfants","tag-minis-camps","tag-recrutement","tag-thiant","entry","has-media"],"yoast_head":"<!-- This site is optimized with the Yoast SEO plugin v27.3 - https:\/\/yoast.com\/product\/yoast-seo-wordpress\/ -->\n<title>La Ville de Thiant recrute - Espace jeunesse du site officiel de la Ville de Thiant<\/title>\n<meta name=\"description\" content=\"Animateur.trice et un.e adjoint.e minis camps pour les ALSH 2025. CV + lettre de motivation avant le 8 janvier en mairie.\" \/>\n<meta name=\"robots\" content=\"index, follow, max-snippet:-1, max-image-preview:large, max-video-preview:-1\" \/>\n<link rel=\"canonical\" href=\"https:\/\/thiant.fr\/wordpress\/jeunesse\/2024\/12\/16\/la-ville-de-thiant-recrute\/\" \/>\n<meta property=\"og:locale\" content=\"fr_FR\" \/>\n<meta property=\"og:type\" content=\"article\" \/>\n<meta property=\"og:title\" content=\"La Ville de Thiant recrute - Espace jeunesse du site officiel de la Ville de Thiant\" \/>\n<meta property=\"og:description\" content=\"Animateur.trice et un.e adjoint.e minis camps pour les ALSH 2025. CV + lettre de motivation avant le 8 janvier en mairie.\" \/>\n<meta property=\"og:url\" content=\"https:\/\/thiant.fr\/wordpress\/jeunesse\/2024\/12\/16\/la-ville-de-thiant-recrute\/\" \/>\n<meta property=\"og:site_name\" content=\"Espace jeunesse du site officiel de la Ville de Thiant\" \/>\n<meta property=\"article:publisher\" content=\"https:\/\/www.facebook.com\/commune.thiant.1\" \/>\n<meta property=\"article:published_time\" content=\"2024-12-16T09:55:28+00:00\" \/>\n<meta property=\"article:modified_time\" content=\"2024-12-16T10:31:53+00:00\" \/>\n<meta property=\"og:image\" content=\"https:\/\/thiant.fr\/wordpress\/jeunesse\/wp-content\/uploads\/sites\/2\/2024\/12\/candidature-ALSH.jpg\" \/>\n\t<meta property=\"og:image:width\" content=\"800\" \/>\n\t<meta property=\"og:image:height\" content=\"800\" \/>\n\t<meta property=\"og:image:type\" content=\"image\/jpeg\" \/>\n<meta name=\"author\" content=\"stagiaire\" \/>\n<meta name=\"twitter:card\" content=\"summary_large_image\" \/>\n<meta name=\"twitter:label1\" content=\"\u00c9crit par\" \/>\n\t<meta name=\"twitter:data1\" content=\"stagiaire\" \/>\n\t<meta name=\"twitter:label2\" content=\"Dur\u00e9e de lecture estim\u00e9e\" \/>\n\t<meta name=\"twitter:data2\" content=\"1 minute\" \/>\n<script type=\"application\/ld+json\" class=\"yoast-schema-graph\">{\"@context\":\"https:\\\/\\\/schema.org\",\"@graph\":[{\"@type\":\"Article\",\"@id\":\"https:\\\/\\\/thiant.fr\\\/wordpress\\\/jeunesse\\\/2024\\\/12\\\/16\\\/la-ville-de-thiant-recrute\\\/#article\",\"isPartOf\":{\"@id\":\"https:\\\/\\\/thiant.fr\\\/wordpress\\\/jeunesse\\\/2024\\\/12\\\/16\\\/la-ville-de-thiant-recrute\\\/\"},\"author\":{\"name\":\"stagiaire\",\"@id\":\"https:\\\/\\\/thiant.fr\\\/wordpress\\\/jeunesse\\\/#\\\/schema\\\/person\\\/1ca8daf31a9412eb53013d5a8cdae11e\"},\"headline\":\"La Ville de Thiant recrute\",\"datePublished\":\"2024-12-16T09:55:28+00:00\",\"dateModified\":\"2024-12-16T10:31:53+00:00\",\"mainEntityOfPage\":{\"@id\":\"https:\\\/\\\/thiant.fr\\\/wordpress\\\/jeunesse\\\/2024\\\/12\\\/16\\\/la-ville-de-thiant-recrute\\\/\"},\"wordCount\":117,\"commentCount\":0,\"publisher\":{\"@id\":\"https:\\\/\\\/thiant.fr\\\/wordpress\\\/jeunesse\\\/#organization\"},\"image\":{\"@id\":\"https:\\\/\\\/thiant.fr\\\/wordpress\\\/jeunesse\\\/2024\\\/12\\\/16\\\/la-ville-de-thiant-recrute\\\/#primaryimage\"},\"thumbnailUrl\":\"https:\\\/\\\/thiant.fr\\\/wordpress\\\/jeunesse\\\/wp-content\\\/uploads\\\/sites\\\/2\\\/2024\\\/12\\\/candidature-ALSH.jpg\",\"keywords\":[\"accueil de loisirs\",\"ALSH\",\"animateurs\",\"animatrices\",\"BAFA\",\"centre a\u00e9r\u00e9\",\"enfants\",\"minis camps\",\"recrutement\",\"thiant\"],\"articleSection\":[\"ALSH\",\"Formation \\\/ Emploi\"],\"inLanguage\":\"fr-FR\",\"potentialAction\":[{\"@type\":\"CommentAction\",\"name\":\"Comment\",\"target\":[\"https:\\\/\\\/thiant.fr\\\/wordpress\\\/jeunesse\\\/2024\\\/12\\\/16\\\/la-ville-de-thiant-recrute\\\/#respond\"]}]},{\"@type\":\"WebPage\",\"@id\":\"https:\\\/\\\/thiant.fr\\\/wordpress\\\/jeunesse\\\/2024\\\/12\\\/16\\\/la-ville-de-thiant-recrute\\\/\",\"url\":\"https:\\\/\\\/thiant.fr\\\/wordpress\\\/jeunesse\\\/2024\\\/12\\\/16\\\/la-ville-de-thiant-recrute\\\/\",\"name\":\"La Ville de Thiant recrute - Espace jeunesse du site officiel de la Ville de Thiant\",\"isPartOf\":{\"@id\":\"https:\\\/\\\/thiant.fr\\\/wordpress\\\/jeunesse\\\/#website\"},\"primaryImageOfPage\":{\"@id\":\"https:\\\/\\\/thiant.fr\\\/wordpress\\\/jeunesse\\\/2024\\\/12\\\/16\\\/la-ville-de-thiant-recrute\\\/#primaryimage\"},\"image\":{\"@id\":\"https:\\\/\\\/thiant.fr\\\/wordpress\\\/jeunesse\\\/2024\\\/12\\\/16\\\/la-ville-de-thiant-recrute\\\/#primaryimage\"},\"thumbnailUrl\":\"https:\\\/\\\/thiant.fr\\\/wordpress\\\/jeunesse\\\/wp-content\\\/uploads\\\/sites\\\/2\\\/2024\\\/12\\\/candidature-ALSH.jpg\",\"datePublished\":\"2024-12-16T09:55:28+00:00\",\"dateModified\":\"2024-12-16T10:31:53+00:00\",\"description\":\"Animateur.trice et un.e adjoint.e minis camps pour les ALSH 2025. CV + lettre de motivation avant le 8 janvier en mairie.\",\"breadcrumb\":{\"@id\":\"https:\\\/\\\/thiant.fr\\\/wordpress\\\/jeunesse\\\/2024\\\/12\\\/16\\\/la-ville-de-thiant-recrute\\\/#breadcrumb\"},\"inLanguage\":\"fr-FR\",\"potentialAction\":[{\"@type\":\"ReadAction\",\"target\":[\"https:\\\/\\\/thiant.fr\\\/wordpress\\\/jeunesse\\\/2024\\\/12\\\/16\\\/la-ville-de-thiant-recrute\\\/\"]}]},{\"@type\":\"ImageObject\",\"inLanguage\":\"fr-FR\",\"@id\":\"https:\\\/\\\/thiant.fr\\\/wordpress\\\/jeunesse\\\/2024\\\/12\\\/16\\\/la-ville-de-thiant-recrute\\\/#primaryimage\",\"url\":\"https:\\\/\\\/thiant.fr\\\/wordpress\\\/jeunesse\\\/wp-content\\\/uploads\\\/sites\\\/2\\\/2024\\\/12\\\/candidature-ALSH.jpg\",\"contentUrl\":\"https:\\\/\\\/thiant.fr\\\/wordpress\\\/jeunesse\\\/wp-content\\\/uploads\\\/sites\\\/2\\\/2024\\\/12\\\/candidature-ALSH.jpg\",\"width\":800,\"height\":800,\"caption\":\"Candidature A.L.S.H 2025\"},{\"@type\":\"BreadcrumbList\",\"@id\":\"https:\\\/\\\/thiant.fr\\\/wordpress\\\/jeunesse\\\/2024\\\/12\\\/16\\\/la-ville-de-thiant-recrute\\\/#breadcrumb\",\"itemListElement\":[{\"@type\":\"ListItem\",\"position\":1,\"name\":\"Accueil\",\"item\":\"https:\\\/\\\/thiant.fr\\\/wordpress\\\/jeunesse\\\/\"},{\"@type\":\"ListItem\",\"position\":2,\"name\":\"La Ville de Thiant recrute\"}]},{\"@type\":\"WebSite\",\"@id\":\"https:\\\/\\\/thiant.fr\\\/wordpress\\\/jeunesse\\\/#website\",\"url\":\"https:\\\/\\\/thiant.fr\\\/wordpress\\\/jeunesse\\\/\",\"name\":\"Espace jeunesse du site officiel de la Ville de Thiant\",\"description\":\"\",\"publisher\":{\"@id\":\"https:\\\/\\\/thiant.fr\\\/wordpress\\\/jeunesse\\\/#organization\"},\"potentialAction\":[{\"@type\":\"SearchAction\",\"target\":{\"@type\":\"EntryPoint\",\"urlTemplate\":\"https:\\\/\\\/thiant.fr\\\/wordpress\\\/jeunesse\\\/?s={search_term_string}\"},\"query-input\":{\"@type\":\"PropertyValueSpecification\",\"valueRequired\":true,\"valueName\":\"search_term_string\"}}],\"inLanguage\":\"fr-FR\"},{\"@type\":\"Organization\",\"@id\":\"https:\\\/\\\/thiant.fr\\\/wordpress\\\/jeunesse\\\/#organization\",\"name\":\"Espace jeunesse du site officiel de la Ville de Thiant\",\"url\":\"https:\\\/\\\/thiant.fr\\\/wordpress\\\/jeunesse\\\/\",\"logo\":{\"@type\":\"ImageObject\",\"inLanguage\":\"fr-FR\",\"@id\":\"https:\\\/\\\/thiant.fr\\\/wordpress\\\/jeunesse\\\/#\\\/schema\\\/logo\\\/image\\\/\",\"url\":\"https:\\\/\\\/thiant.fr\\\/wordpress\\\/jeunesse\\\/wp-content\\\/uploads\\\/sites\\\/2\\\/2019\\\/10\\\/Logo_jeunesse_02-1.png\",\"contentUrl\":\"https:\\\/\\\/thiant.fr\\\/wordpress\\\/jeunesse\\\/wp-content\\\/uploads\\\/sites\\\/2\\\/2019\\\/10\\\/Logo_jeunesse_02-1.png\",\"width\":384,\"height\":203,\"caption\":\"Espace jeunesse du site officiel de la Ville de Thiant\"},\"image\":{\"@id\":\"https:\\\/\\\/thiant.fr\\\/wordpress\\\/jeunesse\\\/#\\\/schema\\\/logo\\\/image\\\/\"},\"sameAs\":[\"https:\\\/\\\/www.facebook.com\\\/commune.thiant.1\"]},{\"@type\":\"Person\",\"@id\":\"https:\\\/\\\/thiant.fr\\\/wordpress\\\/jeunesse\\\/#\\\/schema\\\/person\\\/1ca8daf31a9412eb53013d5a8cdae11e\",\"name\":\"stagiaire\",\"image\":{\"@type\":\"ImageObject\",\"inLanguage\":\"fr-FR\",\"@id\":\"https:\\\/\\\/thiant.fr\\\/wordpress\\\/jeunesse\\\/wp-content\\\/litespeed\\\/avatar\\\/2\\\/5036db3de60db0161dce68f1b01cda99.jpg?ver=1777508835\",\"url\":\"https:\\\/\\\/thiant.fr\\\/wordpress\\\/jeunesse\\\/wp-content\\\/litespeed\\\/avatar\\\/2\\\/5036db3de60db0161dce68f1b01cda99.jpg?ver=1777508835\",\"contentUrl\":\"https:\\\/\\\/thiant.fr\\\/wordpress\\\/jeunesse\\\/wp-content\\\/litespeed\\\/avatar\\\/2\\\/5036db3de60db0161dce68f1b01cda99.jpg?ver=1777508835\",\"caption\":\"stagiaire\"},\"url\":\"https:\\\/\\\/thiant.fr\\\/wordpress\\\/jeunesse\\\/author\\\/stagiaire\\\/\"}]}<\/script>\n<!-- \/ Yoast SEO plugin. -->","yoast_head_json":{"title":"La Ville de Thiant recrute - Espace jeunesse du site officiel de la Ville de Thiant","description":"Animateur.trice et un.e adjoint.e minis camps pour les ALSH 2025. CV + lettre de motivation avant le 8 janvier en mairie.","robots":{"index":"index","follow":"follow","max-snippet":"max-snippet:-1","max-image-preview":"max-image-preview:large","max-video-preview":"max-video-preview:-1"},"canonical":"https:\/\/thiant.fr\/wordpress\/jeunesse\/2024\/12\/16\/la-ville-de-thiant-recrute\/","og_locale":"fr_FR","og_type":"article","og_title":"La Ville de Thiant recrute - Espace jeunesse du site officiel de la Ville de Thiant","og_description":"Animateur.trice et un.e adjoint.e minis camps pour les ALSH 2025. CV + lettre de motivation avant le 8 janvier en mairie.","og_url":"https:\/\/thiant.fr\/wordpress\/jeunesse\/2024\/12\/16\/la-ville-de-thiant-recrute\/","og_site_name":"Espace jeunesse du site officiel de la Ville de Thiant","article_publisher":"https:\/\/www.facebook.com\/commune.thiant.1","article_published_time":"2024-12-16T09:55:28+00:00","article_modified_time":"2024-12-16T10:31:53+00:00","og_image":[{"width":800,"height":800,"url":"https:\/\/thiant.fr\/wordpress\/jeunesse\/wp-content\/uploads\/sites\/2\/2024\/12\/candidature-ALSH.jpg","type":"image\/jpeg"}],"author":"stagiaire","twitter_card":"summary_large_image","twitter_misc":{"\u00c9crit par":"stagiaire","Dur\u00e9e de lecture estim\u00e9e":"1 minute"},"schema":{"@context":"https:\/\/schema.org","@graph":[{"@type":"Article","@id":"https:\/\/thiant.fr\/wordpress\/jeunesse\/2024\/12\/16\/la-ville-de-thiant-recrute\/#article","isPartOf":{"@id":"https:\/\/thiant.fr\/wordpress\/jeunesse\/2024\/12\/16\/la-ville-de-thiant-recrute\/"},"author":{"name":"stagiaire","@id":"https:\/\/thiant.fr\/wordpress\/jeunesse\/#\/schema\/person\/1ca8daf31a9412eb53013d5a8cdae11e"},"headline":"La Ville de Thiant recrute","datePublished":"2024-12-16T09:55:28+00:00","dateModified":"2024-12-16T10:31:53+00:00","mainEntityOfPage":{"@id":"https:\/\/thiant.fr\/wordpress\/jeunesse\/2024\/12\/16\/la-ville-de-thiant-recrute\/"},"wordCount":117,"commentCount":0,"publisher":{"@id":"https:\/\/thiant.fr\/wordpress\/jeunesse\/#organization"},"image":{"@id":"https:\/\/thiant.fr\/wordpress\/jeunesse\/2024\/12\/16\/la-ville-de-thiant-recrute\/#primaryimage"},"thumbnailUrl":"https:\/\/thiant.fr\/wordpress\/jeunesse\/wp-content\/uploads\/sites\/2\/2024\/12\/candidature-ALSH.jpg","keywords":["accueil de loisirs","ALSH","animateurs","animatrices","BAFA","centre a\u00e9r\u00e9","enfants","minis camps","recrutement","thiant"],"articleSection":["ALSH","Formation \/ Emploi"],"inLanguage":"fr-FR","potentialAction":[{"@type":"CommentAction","name":"Comment","target":["https:\/\/thiant.fr\/wordpress\/jeunesse\/2024\/12\/16\/la-ville-de-thiant-recrute\/#respond"]}]},{"@type":"WebPage","@id":"https:\/\/thiant.fr\/wordpress\/jeunesse\/2024\/12\/16\/la-ville-de-thiant-recrute\/","url":"https:\/\/thiant.fr\/wordpress\/jeunesse\/2024\/12\/16\/la-ville-de-thiant-recrute\/","name":"La Ville de Thiant recrute - Espace jeunesse du site officiel de la Ville de Thiant","isPartOf":{"@id":"https:\/\/thiant.fr\/wordpress\/jeunesse\/#website"},"primaryImageOfPage":{"@id":"https:\/\/thiant.fr\/wordpress\/jeunesse\/2024\/12\/16\/la-ville-de-thiant-recrute\/#primaryimage"},"image":{"@id":"https:\/\/thiant.fr\/wordpress\/jeunesse\/2024\/12\/16\/la-ville-de-thiant-recrute\/#primaryimage"},"thumbnailUrl":"https:\/\/thiant.fr\/wordpress\/jeunesse\/wp-content\/uploads\/sites\/2\/2024\/12\/candidature-ALSH.jpg","datePublished":"2024-12-16T09:55:28+00:00","dateModified":"2024-12-16T10:31:53+00:00","description":"Animateur.trice et un.e adjoint.e minis camps pour les ALSH 2025. CV + lettre de motivation avant le 8 janvier en mairie.","breadcrumb":{"@id":"https:\/\/thiant.fr\/wordpress\/jeunesse\/2024\/12\/16\/la-ville-de-thiant-recrute\/#breadcrumb"},"inLanguage":"fr-FR","potentialAction":[{"@type":"ReadAction","target":["https:\/\/thiant.fr\/wordpress\/jeunesse\/2024\/12\/16\/la-ville-de-thiant-recrute\/"]}]},{"@type":"ImageObject","inLanguage":"fr-FR","@id":"https:\/\/thiant.fr\/wordpress\/jeunesse\/2024\/12\/16\/la-ville-de-thiant-recrute\/#primaryimage","url":"https:\/\/thiant.fr\/wordpress\/jeunesse\/wp-content\/uploads\/sites\/2\/2024\/12\/candidature-ALSH.jpg","contentUrl":"https:\/\/thiant.fr\/wordpress\/jeunesse\/wp-content\/uploads\/sites\/2\/2024\/12\/candidature-ALSH.jpg","width":800,"height":800,"caption":"Candidature A.L.S.H 2025"},{"@type":"BreadcrumbList","@id":"https:\/\/thiant.fr\/wordpress\/jeunesse\/2024\/12\/16\/la-ville-de-thiant-recrute\/#breadcrumb","itemListElement":[{"@type":"ListItem","position":1,"name":"Accueil","item":"https:\/\/thiant.fr\/wordpress\/jeunesse\/"},{"@type":"ListItem","position":2,"name":"La Ville de Thiant recrute"}]},{"@type":"WebSite","@id":"https:\/\/thiant.fr\/wordpress\/jeunesse\/#website","url":"https:\/\/thiant.fr\/wordpress\/jeunesse\/","name":"Espace jeunesse du site officiel de la Ville de Thiant","description":"","publisher":{"@id":"https:\/\/thiant.fr\/wordpress\/jeunesse\/#organization"},"potentialAction":[{"@type":"SearchAction","target":{"@type":"EntryPoint","urlTemplate":"https:\/\/thiant.fr\/wordpress\/jeunesse\/?s={search_term_string}"},"query-input":{"@type":"PropertyValueSpecification","valueRequired":true,"valueName":"search_term_string"}}],"inLanguage":"fr-FR"},{"@type":"Organization","@id":"https:\/\/thiant.fr\/wordpress\/jeunesse\/#organization","name":"Espace jeunesse du site officiel de la Ville de Thiant","url":"https:\/\/thiant.fr\/wordpress\/jeunesse\/","logo":{"@type":"ImageObject","inLanguage":"fr-FR","@id":"https:\/\/thiant.fr\/wordpress\/jeunesse\/#\/schema\/logo\/image\/","url":"https:\/\/thiant.fr\/wordpress\/jeunesse\/wp-content\/uploads\/sites\/2\/2019\/10\/Logo_jeunesse_02-1.png","contentUrl":"https:\/\/thiant.fr\/wordpress\/jeunesse\/wp-content\/uploads\/sites\/2\/2019\/10\/Logo_jeunesse_02-1.png","width":384,"height":203,"caption":"Espace jeunesse du site officiel de la Ville de Thiant"},"image":{"@id":"https:\/\/thiant.fr\/wordpress\/jeunesse\/#\/schema\/logo\/image\/"},"sameAs":["https:\/\/www.facebook.com\/commune.thiant.1"]},{"@type":"Person","@id":"https:\/\/thiant.fr\/wordpress\/jeunesse\/#\/schema\/person\/1ca8daf31a9412eb53013d5a8cdae11e","name":"stagiaire","image":{"@type":"ImageObject","inLanguage":"fr-FR","@id":"https:\/\/thiant.fr\/wordpress\/jeunesse\/wp-content\/litespeed\/avatar\/2\/5036db3de60db0161dce68f1b01cda99.jpg?ver=1777508835","url":"https:\/\/thiant.fr\/wordpress\/jeunesse\/wp-content\/litespeed\/avatar\/2\/5036db3de60db0161dce68f1b01cda99.jpg?ver=1777508835","contentUrl":"https:\/\/thiant.fr\/wordpress\/jeunesse\/wp-content\/litespeed\/avatar\/2\/5036db3de60db0161dce68f1b01cda99.jpg?ver=1777508835","caption":"stagiaire"},"url":"https:\/\/thiant.fr\/wordpress\/jeunesse\/author\/stagiaire\/"}]}},"_links":{"self":[{"href":"https:\/\/thiant.fr\/wordpress\/jeunesse\/wp-json\/wp\/v2\/posts\/2194","targetHints":{"allow":["GET"]}}],"collection":[{"href":"https:\/\/thiant.fr\/wordpress\/jeunesse\/wp-json\/wp\/v2\/posts"}],"about":[{"href":"https:\/\/thiant.fr\/wordpress\/jeunesse\/wp-json\/wp\/v2\/types\/post"}],"author":[{"embeddable":true,"href":"https:\/\/thiant.fr\/wordpress\/jeunesse\/wp-json\/wp\/v2\/users\/20"}],"replies":[{"embeddable":true,"href":"https:\/\/thiant.fr\/wordpress\/jeunesse\/wp-json\/wp\/v2\/comments?post=2194"}],"version-history":[{"count":0,"href":"https:\/\/thiant.fr\/wordpress\/jeunesse\/wp-json\/wp\/v2\/posts\/2194\/revisions"}],"wp:featuredmedia":[{"embeddable":true,"href":"https:\/\/thiant.fr\/wordpress\/jeunesse\/wp-json\/wp\/v2\/media\/2195"}],"wp:attachment":[{"href":"https:\/\/thiant.fr\/wordpress\/jeunesse\/wp-json\/wp\/v2\/media?parent=2194"}],"wp:term":[{"taxonomy":"category","embeddable":true,"href":"https:\/\/thiant.fr\/wordpress\/jeunesse\/wp-json\/wp\/v2\/categories?post=2194"},{"taxonomy":"post_tag","embeddable":true,"href":"https:\/\/thiant.fr\/wordpress\/jeunesse\/wp-json\/wp\/v2\/tags?post=2194"}],"curies":[{"name":"wp","href":"https:\/\/api.w.org\/{rel}","templated":true}]}}