{"id":2201,"date":"2025-01-06T11:24:00","date_gmt":"2025-01-06T10:24:00","guid":{"rendered":"https:\/\/thiant.fr\/wordpress\/jeunesse\/2025\/01\/06\/la-police-nationale-recrute-2\/"},"modified":"2025-01-06T13:53:45","modified_gmt":"2025-01-06T12:53:45","slug":"la-police-nationale-recrute-2","status":"publish","type":"post","link":"https:\/\/thiant.fr\/wordpress\/jeunesse\/2025\/01\/06\/la-police-nationale-recrute-2\/","title":{"rendered":"La Police Nationale recrute"},"content":{"rendered":"\t\t<div data-elementor-type=\"wp-post\" data-elementor-id=\"2201\" class=\"elementor elementor-2201\">\n\t\t\t\t<div class=\"elementor-element elementor-element-65b80d5 e-flex e-con-boxed e-con e-parent\" data-id=\"65b80d5\" data-element_type=\"container\" data-e-type=\"container\">\n\t\t\t\t\t<div class=\"e-con-inner\">\n\t\t<div class=\"elementor-element elementor-element-44472e0 e-con-full e-flex e-con e-child\" data-id=\"44472e0\" data-element_type=\"container\" data-e-type=\"container\">\n\t\t\t\t<div class=\"elementor-element elementor-element-7a709c3 elementor-widget elementor-widget-image\" data-id=\"7a709c3\" data-element_type=\"widget\" data-e-type=\"widget\" data-widget_type=\"image.default\">\n\t\t\t\t<div class=\"elementor-widget-container\">\n\t\t\t\t\t\t\t\t\t\t\t\t\t\t\t<img decoding=\"async\" src=\"https:\/\/thiant.fr\/wordpress\/wp-content\/uploads\/2025\/01\/Ministere-Interieur.png\" title=\"\" alt=\"\" loading=\"lazy\" \/>\t\t\t\t\t\t\t\t\t\t\t\t\t\t\t<\/div>\n\t\t\t\t<\/div>\n\t\t\t\t<\/div>\n\t\t<div class=\"elementor-element elementor-element-a5be5b0 e-con-full e-flex e-con e-child\" data-id=\"a5be5b0\" data-element_type=\"container\" data-e-type=\"container\">\n\t\t\t\t<div class=\"elementor-element elementor-element-9ff995b elementor-widget elementor-widget-text-editor\" data-id=\"9ff995b\" data-element_type=\"widget\" data-e-type=\"widget\" data-widget_type=\"text-editor.default\">\n\t\t\t\t<div class=\"elementor-widget-container\">\n\t\t\t\t\t\t\t\t\t<p><span style=\"color: #333333;\"><strong>&#8220;Pour vivre l\u2019exceptionnel au quotidien, devenez policier adjoint sur la zone Nord!&#8221;<\/strong><\/span><\/p><p><span style=\"color: #333333;\">Travailler dans votre r\u00e9gion en d\u00e9couvrant le m\u00e9tier de policier, telle est l\u2019offre propos\u00e9e par la police nationale : <\/span><span style=\"color: #333333;\">un contrat de 3 ans (renouvelable une fois), accessible sans condition de dipl\u00f4me, pour les 18-30 ans.\u00a0<\/span><\/p><p><span style=\"color: #333333;\">Le policier adjoint assiste au quotidien les gardiens de la paix dans leurs missions de pr\u00e9vention et de r\u00e9pression de la d\u00e9linquance, de surveillance g\u00e9n\u00e9rale, d\u2019assistance et de soutien aux personnes\u2026<\/span><\/p><p><span style=\"color: #333333;\">Devenir policier adjoint, c\u2019est b\u00e9n\u00e9ficier :<\/span><\/p><ul><li><span style=\"color: #333333;\">de conditions d\u2019acc\u00e8s avec ou sans dipl\u00f4me\u00a0;<\/span><\/li><li><span style=\"color: #333333;\">d\u2019une formation r\u00e9mun\u00e9r\u00e9e de 4 mois en \u00e9cole de police (h\u00e9bergement gratuit) ;<\/span><\/li><li><span style=\"color: #333333;\">de la possibilit\u00e9 d&#8217;\u00eatre affect\u00e9 dans le d\u00e9partement de votre choix via un recrutement zonal ;<\/span><\/li><li><span style=\"color: #333333;\">d&#8217;une int\u00e9gration rapide dans la police nationale avec des missions vari\u00e9es (contr\u00f4les aux fronti\u00e8res, s\u00e9curit\u00e9 publique, CRS autorouti\u00e8re) ;<\/span><\/li><li><span style=\"color: #333333;\">de la possibilit\u00e9 de vous pr\u00e9senter au second concours interne de gardien de la paix au bout d&#8217;un d&#8217;un an de service effectif \u00e0 la date de la 1<sup>\u00e8re<\/sup> \u00e9preuve.<\/span><\/li><\/ul><p><span style=\"color: #333333;\">D\u00e9partements ouverts \u00e0 ce recrutement pour la<strong> zone Nord : Aisne (02), Nord (59), Oise (60), Pas-de-Calais (62), Somme (80)<\/strong><\/span><\/p><h3><span style=\"color: #333333;\">Calendrier du recrutement de policier adjoint sur la zone Nord session 2025-2<\/span><\/h3><ul><li><span style=\"color: #333333;\"><strong>cl\u00f4ture des inscriptions en ligne :\u00a030 janvier 2025<\/strong> ;<\/span><\/li><li><span style=\"color: #333333;\">\u00e9preuves sportives : du 17 au 20 f\u00e9vrier 2025 (ne pas oublier un certificat m\u00e9dical de moins de 3 mois) ;<\/span><\/li><li><span style=\"color: #333333;\">\u00e9preuves \u00e9crites (tests psychotechniques + description d&#8217;une photo de la vie courante) : 25 f\u00e9vrier 2025 ;<\/span><\/li><li><span style=\"color: #333333;\">\u00e9preuves orales d&#8217;admission : du 17 mars au 21 mars 2025.<\/span><\/li><\/ul><p><span style=\"color: #333333;\">Vous trouverez toutes les informations ainsi que les liens pour d\u00e9poser candidature sur cette page web d\u00e9di\u00e9e :<\/span><\/p><p><a href=\"https:\/\/www.police-nationale.interieur.gouv.fr\/nous-rejoindre\/inscriptions-aux-concours-et-selections\/policier-adjoint-nord-session-1-2025\">https:\/\/www.police-nationale.interieur.gouv.fr\/nous-rejoindre\/inscriptions-aux-concours-et-selections\/policier-adjoint-nord-session-1-2025<\/a><\/p><p><span style=\"color: #333333;\">Nous restons \u00e0 votre disposition pour toute demande compl\u00e9mentaire,<\/span><\/p><p><span style=\"color: #333333;\"><strong>Info Police Recrutement Lille : T\u00e9l. 03.74.68.70.80 ou mail : <a href=\"mailto:info-police-recrutement-lille@interieur.gouv.fr\">info-police-recrutement-lille@interieur.gouv.fr<\/a><\/strong><\/span><\/p>\t\t\t\t\t\t\t\t<\/div>\n\t\t\t\t<\/div>\n\t\t\t\t<\/div>\n\t\t\t\t\t<\/div>\n\t\t\t\t<\/div>\n\t\t<div class=\"elementor-element elementor-element-a5de55a e-flex e-con-boxed e-con e-parent\" data-id=\"a5de55a\" data-element_type=\"container\" data-e-type=\"container\">\n\t\t\t\t\t<div class=\"e-con-inner\">\n\t\t\t\t<div class=\"elementor-element elementor-element-13c1109 elementor-widget elementor-widget-image\" data-id=\"13c1109\" data-element_type=\"widget\" data-e-type=\"widget\" data-widget_type=\"image.default\">\n\t\t\t\t<div class=\"elementor-widget-container\">\n\t\t\t\t\t\t\t\t\t\t\t\t\t\t\t\t<a href=\"https:\/\/www.police-nationale.interieur.gouv.fr\/nous-rejoindre\/inscriptions-aux-concours-et-selections\/policier-adjoint-nord-session-1-2025\" target=\"_blank\">\n\t\t\t\t\t\t\t<img decoding=\"async\" src=\"https:\/\/thiant.fr\/wordpress\/wp-content\/uploads\/2025\/01\/recrutement-2025_visuel-H.png\" title=\"\" alt=\"\" loading=\"lazy\" \/>\t\t\t\t\t\t\t\t<\/a>\n\t\t\t\t\t\t\t\t\t\t\t\t\t\t\t<\/div>\n\t\t\t\t<\/div>\n\t\t\t\t\t<\/div>\n\t\t\t\t<\/div>\n\t\t\t\t<\/div>\n\t\t","protected":false},"excerpt":{"rendered":"<p>&#8220;Pour vivre l\u2019exceptionnel au quotidien, devenez policier adjoint sur la zone Nord!&#8221; Travailler dans votre r\u00e9gion en d\u00e9couvrant le m\u00e9tier de policier, telle est l\u2019offre propos\u00e9e par la police nationale : un contrat de 3 ans (renouvelable une fois), accessible sans condition de dipl\u00f4me, pour les 18-30 ans. Le policier adjoint assiste au quotidien les [&hellip;]<\/p>\n","protected":false},"author":1,"featured_media":2203,"comment_status":"closed","ping_status":"closed","sticky":false,"template":"","format":"standard","meta":{"_crdt_document":"","ocean_post_layout":"","ocean_both_sidebars_style":"","ocean_both_sidebars_content_width":0,"ocean_both_sidebars_sidebars_width":0,"ocean_sidebar":"0","ocean_second_sidebar":"0","ocean_disable_margins":"enable","ocean_add_body_class":"","ocean_shortcode_before_top_bar":"","ocean_shortcode_after_top_bar":"","ocean_shortcode_before_header":"","ocean_shortcode_after_header":"","ocean_has_shortcode":"","ocean_shortcode_after_title":"","ocean_shortcode_before_footer_widgets":"","ocean_shortcode_after_footer_widgets":"","ocean_shortcode_before_footer_bottom":"","ocean_shortcode_after_footer_bottom":"","ocean_display_top_bar":"default","ocean_display_header":"default","ocean_header_style":"","ocean_center_header_left_menu":"0","ocean_custom_header_template":"0","ocean_custom_logo":0,"ocean_custom_retina_logo":0,"ocean_custom_logo_max_width":0,"ocean_custom_logo_tablet_max_width":0,"ocean_custom_logo_mobile_max_width":0,"ocean_custom_logo_max_height":0,"ocean_custom_logo_tablet_max_height":0,"ocean_custom_logo_mobile_max_height":0,"ocean_header_custom_menu":"0","ocean_menu_typo_font_family":"0","ocean_menu_typo_font_subset":"","ocean_menu_typo_font_size":0,"ocean_menu_typo_font_size_tablet":0,"ocean_menu_typo_font_size_mobile":0,"ocean_menu_typo_font_size_unit":"px","ocean_menu_typo_font_weight":"","ocean_menu_typo_font_weight_tablet":"","ocean_menu_typo_font_weight_mobile":"","ocean_menu_typo_transform":"","ocean_menu_typo_transform_tablet":"","ocean_menu_typo_transform_mobile":"","ocean_menu_typo_line_height":0,"ocean_menu_typo_line_height_tablet":0,"ocean_menu_typo_line_height_mobile":0,"ocean_menu_typo_line_height_unit":"","ocean_menu_typo_spacing":0,"ocean_menu_typo_spacing_tablet":0,"ocean_menu_typo_spacing_mobile":0,"ocean_menu_typo_spacing_unit":"","ocean_menu_link_color":"","ocean_menu_link_color_hover":"","ocean_menu_link_color_active":"","ocean_menu_link_background":"","ocean_menu_link_hover_background":"","ocean_menu_link_active_background":"","ocean_menu_social_links_bg":"","ocean_menu_social_hover_links_bg":"","ocean_menu_social_links_color":"","ocean_menu_social_hover_links_color":"","ocean_disable_title":"default","ocean_disable_heading":"default","ocean_post_title":"","ocean_post_subheading":"","ocean_post_title_style":"","ocean_post_title_background_color":"","ocean_post_title_background":0,"ocean_post_title_bg_image_position":"","ocean_post_title_bg_image_attachment":"","ocean_post_title_bg_image_repeat":"","ocean_post_title_bg_image_size":"","ocean_post_title_height":0,"ocean_post_title_bg_overlay":0.5,"ocean_post_title_bg_overlay_color":"","ocean_disable_breadcrumbs":"default","ocean_breadcrumbs_color":"","ocean_breadcrumbs_separator_color":"","ocean_breadcrumbs_links_color":"","ocean_breadcrumbs_links_hover_color":"","ocean_display_footer_widgets":"default","ocean_display_footer_bottom":"default","ocean_custom_footer_template":"0","ocean_post_oembed":"","ocean_post_self_hosted_media":"","ocean_post_video_embed":"","ocean_link_format":"","ocean_link_format_target":"self","ocean_quote_format":"","ocean_quote_format_link":"post","ocean_gallery_link_images":"off","ocean_gallery_id":[],"footnotes":""},"categories":[255],"tags":[458,654,655,656,657,658,659,380,461,462,62],"class_list":["post-2201","post","type-post","status-publish","format-standard","has-post-thumbnail","hentry","category-formation-emploi","tag-concours","tag-crs","tag-delinquance","tag-formation","tag-frontiere","tag-gardien-de-la-paix","tag-police","tag-police-nationale","tag-policier","tag-recrutement","tag-securite","entry","has-media"],"yoast_head":"<!-- This site is optimized with the Yoast SEO plugin v27.3 - https:\/\/yoast.com\/product\/yoast-seo-wordpress\/ -->\n<title>La Police Nationale recrute - Espace jeunesse du site officiel de la Ville de Thiant<\/title>\n<meta name=\"robots\" content=\"index, follow, max-snippet:-1, max-image-preview:large, max-video-preview:-1\" \/>\n<link rel=\"canonical\" href=\"https:\/\/thiant.fr\/wordpress\/jeunesse\/2025\/01\/06\/la-police-nationale-recrute-2\/\" \/>\n<meta property=\"og:locale\" content=\"fr_FR\" \/>\n<meta property=\"og:type\" content=\"article\" \/>\n<meta property=\"og:title\" content=\"La Police Nationale recrute - Espace jeunesse du site officiel de la Ville de Thiant\" \/>\n<meta property=\"og:description\" content=\"&#8220;Pour vivre l\u2019exceptionnel au quotidien, devenez policier adjoint sur la zone Nord!&#8221; Travailler dans votre r\u00e9gion en d\u00e9couvrant le m\u00e9tier de policier, telle est l\u2019offre propos\u00e9e par la police nationale : un contrat de 3 ans (renouvelable une fois), accessible sans condition de dipl\u00f4me, pour les 18-30 ans. Le policier adjoint assiste au quotidien les [&hellip;]\" \/>\n<meta property=\"og:url\" content=\"https:\/\/thiant.fr\/wordpress\/jeunesse\/2025\/01\/06\/la-police-nationale-recrute-2\/\" \/>\n<meta property=\"og:site_name\" content=\"Espace jeunesse du site officiel de la Ville de Thiant\" \/>\n<meta property=\"article:publisher\" content=\"https:\/\/www.facebook.com\/commune.thiant.1\" \/>\n<meta property=\"article:published_time\" content=\"2025-01-06T10:24:00+00:00\" \/>\n<meta property=\"article:modified_time\" content=\"2025-01-06T12:53:45+00:00\" \/>\n<meta property=\"og:image\" content=\"https:\/\/thiant.fr\/wordpress\/jeunesse\/wp-content\/uploads\/sites\/2\/2025\/01\/recrutement-2025_visuel-F.png\" \/>\n\t<meta property=\"og:image:width\" content=\"800\" \/>\n\t<meta property=\"og:image:height\" content=\"450\" \/>\n\t<meta property=\"og:image:type\" content=\"image\/png\" \/>\n<meta name=\"author\" content=\"Service communication\" \/>\n<meta name=\"twitter:card\" content=\"summary_large_image\" \/>\n<meta name=\"twitter:label1\" content=\"\u00c9crit par\" \/>\n\t<meta name=\"twitter:data1\" content=\"Service communication\" \/>\n\t<meta name=\"twitter:label2\" content=\"Dur\u00e9e de lecture estim\u00e9e\" \/>\n\t<meta name=\"twitter:data2\" content=\"3 minutes\" \/>\n<script type=\"application\/ld+json\" class=\"yoast-schema-graph\">{\"@context\":\"https:\\\/\\\/schema.org\",\"@graph\":[{\"@type\":\"Article\",\"@id\":\"https:\\\/\\\/thiant.fr\\\/wordpress\\\/jeunesse\\\/2025\\\/01\\\/06\\\/la-police-nationale-recrute-2\\\/#article\",\"isPartOf\":{\"@id\":\"https:\\\/\\\/thiant.fr\\\/wordpress\\\/jeunesse\\\/2025\\\/01\\\/06\\\/la-police-nationale-recrute-2\\\/\"},\"author\":{\"name\":\"Service communication\",\"@id\":\"https:\\\/\\\/thiant.fr\\\/wordpress\\\/jeunesse\\\/#\\\/schema\\\/person\\\/f41122130d18c0720657431d990451c6\"},\"headline\":\"La Police Nationale recrute\",\"datePublished\":\"2025-01-06T10:24:00+00:00\",\"dateModified\":\"2025-01-06T12:53:45+00:00\",\"mainEntityOfPage\":{\"@id\":\"https:\\\/\\\/thiant.fr\\\/wordpress\\\/jeunesse\\\/2025\\\/01\\\/06\\\/la-police-nationale-recrute-2\\\/\"},\"wordCount\":325,\"publisher\":{\"@id\":\"https:\\\/\\\/thiant.fr\\\/wordpress\\\/jeunesse\\\/#organization\"},\"image\":{\"@id\":\"https:\\\/\\\/thiant.fr\\\/wordpress\\\/jeunesse\\\/2025\\\/01\\\/06\\\/la-police-nationale-recrute-2\\\/#primaryimage\"},\"thumbnailUrl\":\"https:\\\/\\\/thiant.fr\\\/wordpress\\\/jeunesse\\\/wp-content\\\/uploads\\\/sites\\\/2\\\/2025\\\/01\\\/recrutement-2025_visuel-F.png\",\"keywords\":[\"concours\",\"CRS\",\"d\u00e9linquance\",\"formation\",\"fronti\u00e8re\",\"gardien de la paix\",\"Police\",\"police nationale\",\"policier\",\"recrutement\",\"s\u00e9curit\u00e9\"],\"articleSection\":[\"Formation \\\/ Emploi\"],\"inLanguage\":\"fr-FR\"},{\"@type\":\"WebPage\",\"@id\":\"https:\\\/\\\/thiant.fr\\\/wordpress\\\/jeunesse\\\/2025\\\/01\\\/06\\\/la-police-nationale-recrute-2\\\/\",\"url\":\"https:\\\/\\\/thiant.fr\\\/wordpress\\\/jeunesse\\\/2025\\\/01\\\/06\\\/la-police-nationale-recrute-2\\\/\",\"name\":\"La Police Nationale recrute - Espace jeunesse du site officiel de la Ville de Thiant\",\"isPartOf\":{\"@id\":\"https:\\\/\\\/thiant.fr\\\/wordpress\\\/jeunesse\\\/#website\"},\"primaryImageOfPage\":{\"@id\":\"https:\\\/\\\/thiant.fr\\\/wordpress\\\/jeunesse\\\/2025\\\/01\\\/06\\\/la-police-nationale-recrute-2\\\/#primaryimage\"},\"image\":{\"@id\":\"https:\\\/\\\/thiant.fr\\\/wordpress\\\/jeunesse\\\/2025\\\/01\\\/06\\\/la-police-nationale-recrute-2\\\/#primaryimage\"},\"thumbnailUrl\":\"https:\\\/\\\/thiant.fr\\\/wordpress\\\/jeunesse\\\/wp-content\\\/uploads\\\/sites\\\/2\\\/2025\\\/01\\\/recrutement-2025_visuel-F.png\",\"datePublished\":\"2025-01-06T10:24:00+00:00\",\"dateModified\":\"2025-01-06T12:53:45+00:00\",\"breadcrumb\":{\"@id\":\"https:\\\/\\\/thiant.fr\\\/wordpress\\\/jeunesse\\\/2025\\\/01\\\/06\\\/la-police-nationale-recrute-2\\\/#breadcrumb\"},\"inLanguage\":\"fr-FR\",\"potentialAction\":[{\"@type\":\"ReadAction\",\"target\":[\"https:\\\/\\\/thiant.fr\\\/wordpress\\\/jeunesse\\\/2025\\\/01\\\/06\\\/la-police-nationale-recrute-2\\\/\"]}]},{\"@type\":\"ImageObject\",\"inLanguage\":\"fr-FR\",\"@id\":\"https:\\\/\\\/thiant.fr\\\/wordpress\\\/jeunesse\\\/2025\\\/01\\\/06\\\/la-police-nationale-recrute-2\\\/#primaryimage\",\"url\":\"https:\\\/\\\/thiant.fr\\\/wordpress\\\/jeunesse\\\/wp-content\\\/uploads\\\/sites\\\/2\\\/2025\\\/01\\\/recrutement-2025_visuel-F.png\",\"contentUrl\":\"https:\\\/\\\/thiant.fr\\\/wordpress\\\/jeunesse\\\/wp-content\\\/uploads\\\/sites\\\/2\\\/2025\\\/01\\\/recrutement-2025_visuel-F.png\",\"width\":800,\"height\":450},{\"@type\":\"BreadcrumbList\",\"@id\":\"https:\\\/\\\/thiant.fr\\\/wordpress\\\/jeunesse\\\/2025\\\/01\\\/06\\\/la-police-nationale-recrute-2\\\/#breadcrumb\",\"itemListElement\":[{\"@type\":\"ListItem\",\"position\":1,\"name\":\"Accueil\",\"item\":\"https:\\\/\\\/thiant.fr\\\/wordpress\\\/jeunesse\\\/\"},{\"@type\":\"ListItem\",\"position\":2,\"name\":\"La Police Nationale recrute\"}]},{\"@type\":\"WebSite\",\"@id\":\"https:\\\/\\\/thiant.fr\\\/wordpress\\\/jeunesse\\\/#website\",\"url\":\"https:\\\/\\\/thiant.fr\\\/wordpress\\\/jeunesse\\\/\",\"name\":\"Espace jeunesse du site officiel de la Ville de Thiant\",\"description\":\"\",\"publisher\":{\"@id\":\"https:\\\/\\\/thiant.fr\\\/wordpress\\\/jeunesse\\\/#organization\"},\"potentialAction\":[{\"@type\":\"SearchAction\",\"target\":{\"@type\":\"EntryPoint\",\"urlTemplate\":\"https:\\\/\\\/thiant.fr\\\/wordpress\\\/jeunesse\\\/?s={search_term_string}\"},\"query-input\":{\"@type\":\"PropertyValueSpecification\",\"valueRequired\":true,\"valueName\":\"search_term_string\"}}],\"inLanguage\":\"fr-FR\"},{\"@type\":\"Organization\",\"@id\":\"https:\\\/\\\/thiant.fr\\\/wordpress\\\/jeunesse\\\/#organization\",\"name\":\"Espace jeunesse du site officiel de la Ville de Thiant\",\"url\":\"https:\\\/\\\/thiant.fr\\\/wordpress\\\/jeunesse\\\/\",\"logo\":{\"@type\":\"ImageObject\",\"inLanguage\":\"fr-FR\",\"@id\":\"https:\\\/\\\/thiant.fr\\\/wordpress\\\/jeunesse\\\/#\\\/schema\\\/logo\\\/image\\\/\",\"url\":\"https:\\\/\\\/thiant.fr\\\/wordpress\\\/jeunesse\\\/wp-content\\\/uploads\\\/sites\\\/2\\\/2019\\\/10\\\/Logo_jeunesse_02-1.png\",\"contentUrl\":\"https:\\\/\\\/thiant.fr\\\/wordpress\\\/jeunesse\\\/wp-content\\\/uploads\\\/sites\\\/2\\\/2019\\\/10\\\/Logo_jeunesse_02-1.png\",\"width\":384,\"height\":203,\"caption\":\"Espace jeunesse du site officiel de la Ville de Thiant\"},\"image\":{\"@id\":\"https:\\\/\\\/thiant.fr\\\/wordpress\\\/jeunesse\\\/#\\\/schema\\\/logo\\\/image\\\/\"},\"sameAs\":[\"https:\\\/\\\/www.facebook.com\\\/commune.thiant.1\"]},{\"@type\":\"Person\",\"@id\":\"https:\\\/\\\/thiant.fr\\\/wordpress\\\/jeunesse\\\/#\\\/schema\\\/person\\\/f41122130d18c0720657431d990451c6\",\"name\":\"Service communication\",\"image\":{\"@type\":\"ImageObject\",\"inLanguage\":\"fr-FR\",\"@id\":\"https:\\\/\\\/thiant.fr\\\/wordpress\\\/jeunesse\\\/wp-content\\\/litespeed\\\/avatar\\\/2\\\/eeb9098e5269f97d4e67fcd6f533ccb1.jpg?ver=1777455838\",\"url\":\"https:\\\/\\\/thiant.fr\\\/wordpress\\\/jeunesse\\\/wp-content\\\/litespeed\\\/avatar\\\/2\\\/eeb9098e5269f97d4e67fcd6f533ccb1.jpg?ver=1777455838\",\"contentUrl\":\"https:\\\/\\\/thiant.fr\\\/wordpress\\\/jeunesse\\\/wp-content\\\/litespeed\\\/avatar\\\/2\\\/eeb9098e5269f97d4e67fcd6f533ccb1.jpg?ver=1777455838\",\"caption\":\"Service communication\"},\"url\":\"https:\\\/\\\/thiant.fr\\\/wordpress\\\/jeunesse\\\/author\\\/adminwpress\\\/\"}]}<\/script>\n<!-- \/ Yoast SEO plugin. -->","yoast_head_json":{"title":"La Police Nationale recrute - Espace jeunesse du site officiel de la Ville de Thiant","robots":{"index":"index","follow":"follow","max-snippet":"max-snippet:-1","max-image-preview":"max-image-preview:large","max-video-preview":"max-video-preview:-1"},"canonical":"https:\/\/thiant.fr\/wordpress\/jeunesse\/2025\/01\/06\/la-police-nationale-recrute-2\/","og_locale":"fr_FR","og_type":"article","og_title":"La Police Nationale recrute - Espace jeunesse du site officiel de la Ville de Thiant","og_description":"&#8220;Pour vivre l\u2019exceptionnel au quotidien, devenez policier adjoint sur la zone Nord!&#8221; Travailler dans votre r\u00e9gion en d\u00e9couvrant le m\u00e9tier de policier, telle est l\u2019offre propos\u00e9e par la police nationale : un contrat de 3 ans (renouvelable une fois), accessible sans condition de dipl\u00f4me, pour les 18-30 ans. Le policier adjoint assiste au quotidien les [&hellip;]","og_url":"https:\/\/thiant.fr\/wordpress\/jeunesse\/2025\/01\/06\/la-police-nationale-recrute-2\/","og_site_name":"Espace jeunesse du site officiel de la Ville de Thiant","article_publisher":"https:\/\/www.facebook.com\/commune.thiant.1","article_published_time":"2025-01-06T10:24:00+00:00","article_modified_time":"2025-01-06T12:53:45+00:00","og_image":[{"width":800,"height":450,"url":"https:\/\/thiant.fr\/wordpress\/jeunesse\/wp-content\/uploads\/sites\/2\/2025\/01\/recrutement-2025_visuel-F.png","type":"image\/png"}],"author":"Service communication","twitter_card":"summary_large_image","twitter_misc":{"\u00c9crit par":"Service communication","Dur\u00e9e de lecture estim\u00e9e":"3 minutes"},"schema":{"@context":"https:\/\/schema.org","@graph":[{"@type":"Article","@id":"https:\/\/thiant.fr\/wordpress\/jeunesse\/2025\/01\/06\/la-police-nationale-recrute-2\/#article","isPartOf":{"@id":"https:\/\/thiant.fr\/wordpress\/jeunesse\/2025\/01\/06\/la-police-nationale-recrute-2\/"},"author":{"name":"Service communication","@id":"https:\/\/thiant.fr\/wordpress\/jeunesse\/#\/schema\/person\/f41122130d18c0720657431d990451c6"},"headline":"La Police Nationale recrute","datePublished":"2025-01-06T10:24:00+00:00","dateModified":"2025-01-06T12:53:45+00:00","mainEntityOfPage":{"@id":"https:\/\/thiant.fr\/wordpress\/jeunesse\/2025\/01\/06\/la-police-nationale-recrute-2\/"},"wordCount":325,"publisher":{"@id":"https:\/\/thiant.fr\/wordpress\/jeunesse\/#organization"},"image":{"@id":"https:\/\/thiant.fr\/wordpress\/jeunesse\/2025\/01\/06\/la-police-nationale-recrute-2\/#primaryimage"},"thumbnailUrl":"https:\/\/thiant.fr\/wordpress\/jeunesse\/wp-content\/uploads\/sites\/2\/2025\/01\/recrutement-2025_visuel-F.png","keywords":["concours","CRS","d\u00e9linquance","formation","fronti\u00e8re","gardien de la paix","Police","police nationale","policier","recrutement","s\u00e9curit\u00e9"],"articleSection":["Formation \/ Emploi"],"inLanguage":"fr-FR"},{"@type":"WebPage","@id":"https:\/\/thiant.fr\/wordpress\/jeunesse\/2025\/01\/06\/la-police-nationale-recrute-2\/","url":"https:\/\/thiant.fr\/wordpress\/jeunesse\/2025\/01\/06\/la-police-nationale-recrute-2\/","name":"La Police Nationale recrute - Espace jeunesse du site officiel de la Ville de Thiant","isPartOf":{"@id":"https:\/\/thiant.fr\/wordpress\/jeunesse\/#website"},"primaryImageOfPage":{"@id":"https:\/\/thiant.fr\/wordpress\/jeunesse\/2025\/01\/06\/la-police-nationale-recrute-2\/#primaryimage"},"image":{"@id":"https:\/\/thiant.fr\/wordpress\/jeunesse\/2025\/01\/06\/la-police-nationale-recrute-2\/#primaryimage"},"thumbnailUrl":"https:\/\/thiant.fr\/wordpress\/jeunesse\/wp-content\/uploads\/sites\/2\/2025\/01\/recrutement-2025_visuel-F.png","datePublished":"2025-01-06T10:24:00+00:00","dateModified":"2025-01-06T12:53:45+00:00","breadcrumb":{"@id":"https:\/\/thiant.fr\/wordpress\/jeunesse\/2025\/01\/06\/la-police-nationale-recrute-2\/#breadcrumb"},"inLanguage":"fr-FR","potentialAction":[{"@type":"ReadAction","target":["https:\/\/thiant.fr\/wordpress\/jeunesse\/2025\/01\/06\/la-police-nationale-recrute-2\/"]}]},{"@type":"ImageObject","inLanguage":"fr-FR","@id":"https:\/\/thiant.fr\/wordpress\/jeunesse\/2025\/01\/06\/la-police-nationale-recrute-2\/#primaryimage","url":"https:\/\/thiant.fr\/wordpress\/jeunesse\/wp-content\/uploads\/sites\/2\/2025\/01\/recrutement-2025_visuel-F.png","contentUrl":"https:\/\/thiant.fr\/wordpress\/jeunesse\/wp-content\/uploads\/sites\/2\/2025\/01\/recrutement-2025_visuel-F.png","width":800,"height":450},{"@type":"BreadcrumbList","@id":"https:\/\/thiant.fr\/wordpress\/jeunesse\/2025\/01\/06\/la-police-nationale-recrute-2\/#breadcrumb","itemListElement":[{"@type":"ListItem","position":1,"name":"Accueil","item":"https:\/\/thiant.fr\/wordpress\/jeunesse\/"},{"@type":"ListItem","position":2,"name":"La Police Nationale recrute"}]},{"@type":"WebSite","@id":"https:\/\/thiant.fr\/wordpress\/jeunesse\/#website","url":"https:\/\/thiant.fr\/wordpress\/jeunesse\/","name":"Espace jeunesse du site officiel de la Ville de Thiant","description":"","publisher":{"@id":"https:\/\/thiant.fr\/wordpress\/jeunesse\/#organization"},"potentialAction":[{"@type":"SearchAction","target":{"@type":"EntryPoint","urlTemplate":"https:\/\/thiant.fr\/wordpress\/jeunesse\/?s={search_term_string}"},"query-input":{"@type":"PropertyValueSpecification","valueRequired":true,"valueName":"search_term_string"}}],"inLanguage":"fr-FR"},{"@type":"Organization","@id":"https:\/\/thiant.fr\/wordpress\/jeunesse\/#organization","name":"Espace jeunesse du site officiel de la Ville de Thiant","url":"https:\/\/thiant.fr\/wordpress\/jeunesse\/","logo":{"@type":"ImageObject","inLanguage":"fr-FR","@id":"https:\/\/thiant.fr\/wordpress\/jeunesse\/#\/schema\/logo\/image\/","url":"https:\/\/thiant.fr\/wordpress\/jeunesse\/wp-content\/uploads\/sites\/2\/2019\/10\/Logo_jeunesse_02-1.png","contentUrl":"https:\/\/thiant.fr\/wordpress\/jeunesse\/wp-content\/uploads\/sites\/2\/2019\/10\/Logo_jeunesse_02-1.png","width":384,"height":203,"caption":"Espace jeunesse du site officiel de la Ville de Thiant"},"image":{"@id":"https:\/\/thiant.fr\/wordpress\/jeunesse\/#\/schema\/logo\/image\/"},"sameAs":["https:\/\/www.facebook.com\/commune.thiant.1"]},{"@type":"Person","@id":"https:\/\/thiant.fr\/wordpress\/jeunesse\/#\/schema\/person\/f41122130d18c0720657431d990451c6","name":"Service communication","image":{"@type":"ImageObject","inLanguage":"fr-FR","@id":"https:\/\/thiant.fr\/wordpress\/jeunesse\/wp-content\/litespeed\/avatar\/2\/eeb9098e5269f97d4e67fcd6f533ccb1.jpg?ver=1777455838","url":"https:\/\/thiant.fr\/wordpress\/jeunesse\/wp-content\/litespeed\/avatar\/2\/eeb9098e5269f97d4e67fcd6f533ccb1.jpg?ver=1777455838","contentUrl":"https:\/\/thiant.fr\/wordpress\/jeunesse\/wp-content\/litespeed\/avatar\/2\/eeb9098e5269f97d4e67fcd6f533ccb1.jpg?ver=1777455838","caption":"Service communication"},"url":"https:\/\/thiant.fr\/wordpress\/jeunesse\/author\/adminwpress\/"}]}},"_links":{"self":[{"href":"https:\/\/thiant.fr\/wordpress\/jeunesse\/wp-json\/wp\/v2\/posts\/2201","targetHints":{"allow":["GET"]}}],"collection":[{"href":"https:\/\/thiant.fr\/wordpress\/jeunesse\/wp-json\/wp\/v2\/posts"}],"about":[{"href":"https:\/\/thiant.fr\/wordpress\/jeunesse\/wp-json\/wp\/v2\/types\/post"}],"author":[{"embeddable":true,"href":"https:\/\/thiant.fr\/wordpress\/jeunesse\/wp-json\/wp\/v2\/users\/1"}],"replies":[{"embeddable":true,"href":"https:\/\/thiant.fr\/wordpress\/jeunesse\/wp-json\/wp\/v2\/comments?post=2201"}],"version-history":[{"count":5,"href":"https:\/\/thiant.fr\/wordpress\/jeunesse\/wp-json\/wp\/v2\/posts\/2201\/revisions"}],"predecessor-version":[{"id":2209,"href":"https:\/\/thiant.fr\/wordpress\/jeunesse\/wp-json\/wp\/v2\/posts\/2201\/revisions\/2209"}],"wp:featuredmedia":[{"embeddable":true,"href":"https:\/\/thiant.fr\/wordpress\/jeunesse\/wp-json\/wp\/v2\/media\/2203"}],"wp:attachment":[{"href":"https:\/\/thiant.fr\/wordpress\/jeunesse\/wp-json\/wp\/v2\/media?parent=2201"}],"wp:term":[{"taxonomy":"category","embeddable":true,"href":"https:\/\/thiant.fr\/wordpress\/jeunesse\/wp-json\/wp\/v2\/categories?post=2201"},{"taxonomy":"post_tag","embeddable":true,"href":"https:\/\/thiant.fr\/wordpress\/jeunesse\/wp-json\/wp\/v2\/tags?post=2201"}],"curies":[{"name":"wp","href":"https:\/\/api.w.org\/{rel}","templated":true}]}}