{"id":2439,"date":"2026-02-12T13:59:53","date_gmt":"2026-02-12T12:59:53","guid":{"rendered":"https:\/\/thiant.fr\/wordpress\/jeunesse\/2026\/02\/12\/la-nouvelle-carafe-deau-de-leau-du-valenciennois\/"},"modified":"2026-02-25T16:40:28","modified_gmt":"2026-02-25T15:40:28","slug":"la-nouvelle-carafe-deau-de-leau-du-valenciennois","status":"publish","type":"post","link":"https:\/\/thiant.fr\/wordpress\/jeunesse\/2026\/02\/12\/la-nouvelle-carafe-deau-de-leau-du-valenciennois\/","title":{"rendered":"La nouvelle carafe d\u2019eau de l\u2019Eau du Valenciennois"},"content":{"rendered":"\t\t<div data-elementor-type=\"wp-post\" data-elementor-id=\"2439\" class=\"elementor elementor-2439\">\n\t\t\t\t<div class=\"elementor-element elementor-element-61d394d e-flex e-con-boxed e-con e-parent\" data-id=\"61d394d\" data-element_type=\"container\" data-e-type=\"container\">\n\t\t\t\t\t<div class=\"e-con-inner\">\n\t\t<div class=\"elementor-element elementor-element-25be1f7 e-con-full e-flex e-con e-child\" data-id=\"25be1f7\" data-element_type=\"container\" data-e-type=\"container\">\n\t\t\t\t<div class=\"elementor-element elementor-element-5175ed4 elementor-widget elementor-widget-image\" data-id=\"5175ed4\" data-element_type=\"widget\" data-e-type=\"widget\" data-widget_type=\"image.default\">\n\t\t\t\t<div class=\"elementor-widget-container\">\n\t\t\t\t\t\t\t\t\t\t\t\t\t\t\t<img decoding=\"async\" src=\"https:\/\/thiant.fr\/wordpress\/wp-content\/uploads\/2026\/02\/logo.png\" title=\"\" alt=\"\" loading=\"lazy\" \/>\t\t\t\t\t\t\t\t\t\t\t\t\t\t\t<\/div>\n\t\t\t\t<\/div>\n\t\t\t\t<\/div>\n\t\t<div class=\"elementor-element elementor-element-999e93a e-con-full e-flex e-con e-child\" data-id=\"999e93a\" data-element_type=\"container\" data-e-type=\"container\">\n\t\t\t\t<div class=\"elementor-element elementor-element-a37d012 elementor-widget elementor-widget-image\" data-id=\"a37d012\" data-element_type=\"widget\" data-e-type=\"widget\" data-widget_type=\"image.default\">\n\t\t\t\t<div class=\"elementor-widget-container\">\n\t\t\t\t\t\t\t\t\t\t\t\t\t\t\t<img decoding=\"async\" src=\"https:\/\/thiant.fr\/wordpress\/wp-content\/uploads\/2026\/02\/Suez.png\" title=\"\" alt=\"\" loading=\"lazy\" \/>\t\t\t\t\t\t\t\t\t\t\t\t\t\t\t<\/div>\n\t\t\t\t<\/div>\n\t\t\t\t<\/div>\n\t\t<div class=\"elementor-element elementor-element-8a837e4 e-con-full e-flex e-con e-child\" data-id=\"8a837e4\" data-element_type=\"container\" data-e-type=\"container\">\n\t\t\t\t<div class=\"elementor-element elementor-element-89928b7 elementor-widget elementor-widget-text-editor\" data-id=\"89928b7\" data-element_type=\"widget\" data-e-type=\"widget\" data-widget_type=\"text-editor.default\">\n\t\t\t\t<div class=\"elementor-widget-container\">\n\t\t\t\t\t\t\t\t\t<p><span style=\"color: #333333;\">Valenciennes, le 10\u00a0f\u00e9vrier\u00a02026<\/span><\/p><h2 style=\"text-align: center;\"><span style=\"color: #333333;\"><strong>Avec L\u2019eau du Valenciennois, on trinque \u00e0 notre patrimoine !<\/strong><\/span><\/h2><p><span style=\"color: #333333;\"><strong>\u00a0<\/strong><\/span><\/p><p><span style=\"color: #333333;\"><strong>Alors que 49% des habitants du Valenciennois consomment l\u2019eau du robinet<\/strong><a style=\"color: #333333;\" href=\"#_ftn1\" name=\"_ftnref1\"><strong>[1]<\/strong><\/a><strong> contre 70% de la population nationale, L\u2019eau du Valenciennois lance une nouvelle carafe \u00e0 l\u2019effigie du territoire ! Imagin\u00e9e pour valoriser la consommation d\u2019eau du robinet, cette carafe met \u00e0 l\u2019honneur le patrimoine architectural et culturel du Valenciennois \u00e0 travers un design illustr\u00e9 unique. Savoureuse, \u00e9conomique et \u00e9cologique, l\u2019eau du robinet n\u2019a jamais \u00e9t\u00e9 aussi fi\u00e8rement servie !<\/strong><\/span><\/p><h3><span style=\"color: #333333;\"><strong>Faire \u00e9voluer les comportements<\/strong><\/span><\/h3><p><span style=\"color: #333333;\">Saurez-vous les reconna\u00eetre\u00a0? Ch\u00e2teau d\u2019eau de la Place Verte, Moulin de Marly, Remparts de Cond\u00e9-sur-l\u2019Escaut\u2026 Ces monuments ont en commun de faire partie du patrimoine valenciennois, mais aussi de figurer sur la nouvelle carafe \u00e9dit\u00e9e par L\u2019eau du Valenciennois\u00a0! Objectif\u00a0: valoriser un produit 100% local, \u00e9conomique et responsable, pour en faire un objet de consommation au quotidien.<\/span><\/p><p><span style=\"color: #333333;\">Car dans le Valenciennois, et plus globalement dans les Hauts-de-France, les habitudes de consommation ont la dent dure. Selon le barom\u00e8tre Kantar 2025 r\u00e9alis\u00e9 pour le Centre d\u2019information sur l\u2019eau intitul\u00e9 \u00ab\u00a0Les Fran\u00e7ais et l\u2019eau\u00a0\u00bb,\u00a0la r\u00e9gion des Hauts-de-France est bonne derni\u00e8re en mati\u00e8re de consommation d\u2019eau du robinet. En cause, le pass\u00e9 industriel du territoire, mais aussi des habitudes ancr\u00e9es. Dans le Valenciennois, lorsque l\u2019on interroge les habitants sur la raison pour laquelle ils ne consomment pas l\u2019eau du robinet, \u00ab\u00a0l\u2019habitude\u00a0\u00bb arrive en t\u00eate des r\u00e9ponses.<\/span><\/p><p><span style=\"color: #333333;\">C\u2019est pourquoi L\u2019eau du Valenciennois lance cette ann\u00e9e une nouvelle carafe afin de changer le regard des habitants sur l\u2019eau du robinet et faire de sa consommation un choix fi\u00e8rement assum\u00e9. D\u2019autant que L\u2019eau du Valenciennois, en plus d\u2019\u00eatre locale, pr\u00e9sente de nombreux avantages\u00a0:<\/span><\/p><ul><li style=\"list-style-type: none;\"><ul><li style=\"list-style-type: none;\"><ul><li><span style=\"color: #333333;\"><strong>100% \u00e9conomique<\/strong>: elle est en moyenne 100 fois moins cher que l\u2019eau en bouteille,<\/span><\/li><li><span style=\"color: #333333;\"><strong>100% contr\u00f4l\u00e9e<\/strong>: avec des milliers d\u2019analyses r\u00e9alis\u00e9es chaque ann\u00e9e, l\u2019eau du robinet est le produit alimentaire le plus contr\u00f4l\u00e9 de France,<\/span><\/li><li><span style=\"color: #333333;\"><strong>100 % \u00e9quilibr\u00e9e<\/strong>: all\u00e9g\u00e9e en min\u00e9raux, L\u2019eau du Valenciennois est id\u00e9alement \u00e9quilibr\u00e9e, pour une consommation sans mod\u00e9ration,<\/span><\/li><li><span style=\"color: #333333;\"><strong>100 % responsable<\/strong>: remplacer l\u2019eau en bouteille par l\u2019eau du robinet, c\u2019est r\u00e9duire de 15 kg sa production de d\u00e9chets plastiques par an et par personne.<\/span><\/li><\/ul><\/li><\/ul><\/li><\/ul><h3><span style=\"color: #333333;\"><strong>Une carafe \u00e0 retrouver dans les restaurants et commer\u00e7ants partenaires<\/strong><\/span><\/h3><p><span style=\"color: #333333;\">Pour pousser \u00e0 la consommation d\u2019eau du robinet, L\u2019eau du Valenciennois peut s\u2019appuyer sur les restaurateurs locaux et commer\u00e7ants partenaires. La nouvelle carafe de L\u2019eau du Valenciennois s\u2019invite ainsi \u00e0 la table de pr\u00e8s de 80 \u00e9tablissements locaux.<\/span><\/p><p><span style=\"color: #333333;\">Elle sera \u00e9galement mise en vente au sein de l\u2019Office du tourisme de Valenciennes et dans les commerces partenaires au prix de 10\u20ac\u00a0:<\/span><\/p><ul><li style=\"list-style-type: none;\"><ul><li style=\"list-style-type: none;\"><ul><li><span style=\"color: #333333;\"><em>Herva<\/em> \u2013 62 rue de Mons &#8211; Valenciennes<\/span><\/li><li><span style=\"color: #333333;\"><em>Gourmandine<\/em> \u2013 58 avenue du s\u00e9nateur Girard &#8211; Valenciennes<\/span><\/li><li><span style=\"color: #333333;\"><em>Gourmandine <\/em>&#8211; 1 rue de Famars &#8211; Valenciennes<\/span><\/li><li><span style=\"color: #333333;\"><em>La Boucherie Cassel<\/em>, 83 avenue de Li\u00e8ge &#8211; Valenciennes<\/span><\/li><li><span style=\"color: #333333;\"><em>Le Bercail<\/em> &#8211; 179, rue Jean-Jaur\u00e9s &#8211; Saint-Saulve<\/span><\/li><li><span style=\"color: #333333;\"><em>Epivogue<\/em> &#8211; 28, place Pierre Delcourt &#8211; Cond\u00e9-sur-l\u2019Escaut<\/span><\/li><li><span style=\"color: #333333;\"><em>D\u2019un temps \u00e0 l\u2019autre <\/em>\u2013 29 rue Paule Vaillant Couturier &#8211; Marly<\/span><\/li><\/ul><\/li><\/ul><\/li><\/ul><p><span style=\"color: #333333;\">Un r\u00e9seau de partenaires que L\u2019eau du Valenciennois cherche d\u2019ailleurs \u00e0 d\u00e9velopper. Avis aux amateurs\u00a0!<\/span><\/p><h4><span style=\"color: #333333;\"><strong>\u00a0<\/strong><\/span><span style=\"color: #333333;\"><strong>\u00c0 propos de SUEZ\u00a0:<\/strong><\/span><\/h4><p><span style=\"color: #333333;\"><em>Depuis plus de 160 ans, SUEZ apporte des services essentiels pour prot\u00e9ger et am\u00e9liorer la qualit\u00e9 de vie, face \u00e0 des d\u00e9fis environnementaux grandissants. SUEZ permet \u00e0 ses clients de fournir l&#8217;acc\u00e8s \u00e0 des services d&#8217;eau et de d\u00e9chets, par des solutions innovantes et r\u00e9silientes. Pr\u00e9sent dans 40 pays avec 40 000 collaborateurs, le Groupe permet \u00e9galement \u00e0 ses clients de cr\u00e9er de la valeur sur l&#8217;ensemble du cycle de vie de leurs infrastructures et de leurs services, et de conduire leur transition \u00e9cologique en y associant leurs usagers. En 2024, SUEZ a fourni de l\u2019eau potable \u00e0 68 millions de personnes dans le monde et des services d\u2019assainissement \u00e0 44 millions de personnes. Le Groupe a produit 8 TWh d\u2019\u00e9nergie \u00e0 partir des d\u00e9chets et eaux us\u00e9es. En 2024, SUEZ a r\u00e9alis\u00e9 un chiffre d\u2019affaires de 9,2 milliards d\u2019euros.<\/em><\/span><\/p><p><span style=\"color: #333333;\"><em>\u00a0<\/em><\/span><\/p><p><span style=\"color: #333333;\"><em>Dans le Valenciennois, SUEZ assure la production et distribution d\u2019eau potable pour le compte de la communaut\u00e9 d\u2019agglom\u00e9ration Valenciennes M\u00e9tropole sous la marque locale \u00ab\u00a0L\u2019eau du Valenciennois\u00a0\u00bb.<\/em><\/span><\/p><p><span style=\"color: #333333;\"><em>Pour en savoir plus :\u00a0<\/em><a style=\"color: #333333;\" href=\"https:\/\/www.suez.com\" target=\"_blank\" rel=\"noopener\"><em>www.suez.com<\/em><\/a><em>\u00a0<\/em><\/span><\/p><p><span style=\"color: #333333;\"><em><a style=\"color: #333333;\" href=\"#_ftnref1\" name=\"_ftn1\">[1]<\/a> Etude Qualim\u00e9trie men\u00e9e en 2024 aupr\u00e8s de 800 habitants du Valenciennois\u00a0<\/em><\/span><\/p>\t\t\t\t\t\t\t\t<\/div>\n\t\t\t\t<\/div>\n\t\t\t\t<\/div>\n\t\t\t\t\t<\/div>\n\t\t\t\t<\/div>\n\t\t<div class=\"elementor-element elementor-element-7a8bd72 e-flex e-con-boxed e-con e-parent\" data-id=\"7a8bd72\" data-element_type=\"container\" data-e-type=\"container\">\n\t\t\t\t\t<div class=\"e-con-inner\">\n\t\t<div class=\"elementor-element elementor-element-68037c1 e-con-full e-flex e-con e-child\" data-id=\"68037c1\" data-element_type=\"container\" data-e-type=\"container\">\n\t\t\t\t<div class=\"elementor-element elementor-element-9c574eb elementor-widget elementor-widget-image\" data-id=\"9c574eb\" data-element_type=\"widget\" data-e-type=\"widget\" data-widget_type=\"image.default\">\n\t\t\t\t<div class=\"elementor-widget-container\">\n\t\t\t\t\t\t\t\t\t\t\t\t\t\t\t<img decoding=\"async\" src=\"https:\/\/thiant.fr\/wordpress\/wp-content\/uploads\/2026\/02\/2026_nouvelle-carafe_03.jpg\" title=\"\" alt=\"\" loading=\"lazy\" \/>\t\t\t\t\t\t\t\t\t\t\t\t\t\t\t<\/div>\n\t\t\t\t<\/div>\n\t\t\t\t<\/div>\n\t\t<div class=\"elementor-element elementor-element-2d1ca38 e-con-full e-flex e-con e-child\" data-id=\"2d1ca38\" data-element_type=\"container\" data-e-type=\"container\">\n\t\t\t\t<div class=\"elementor-element elementor-element-232c12b elementor-widget elementor-widget-image\" data-id=\"232c12b\" data-element_type=\"widget\" data-e-type=\"widget\" data-widget_type=\"image.default\">\n\t\t\t\t<div class=\"elementor-widget-container\">\n\t\t\t\t\t\t\t\t\t\t\t\t\t\t\t<img decoding=\"async\" src=\"https:\/\/thiant.fr\/wordpress\/wp-content\/uploads\/2026\/02\/2026_nouvelle-carafe_02.jpg\" title=\"\" alt=\"\" loading=\"lazy\" \/>\t\t\t\t\t\t\t\t\t\t\t\t\t\t\t<\/div>\n\t\t\t\t<\/div>\n\t\t\t\t<\/div>\n\t\t\t\t\t<\/div>\n\t\t\t\t<\/div>\n\t\t\t\t<\/div>\n\t\t","protected":false},"excerpt":{"rendered":"<p>Valenciennes, le 10\u00a0f\u00e9vrier\u00a02026 Avec L\u2019eau du Valenciennois, on trinque \u00e0 notre patrimoine ! \u00a0 Alors que 49% des habitants du Valenciennois consomment l\u2019eau du robinet[1] contre 70% de la population nationale, L\u2019eau du Valenciennois lance une nouvelle carafe \u00e0 l\u2019effigie du territoire ! Imagin\u00e9e pour valoriser la consommation d\u2019eau du robinet, cette carafe met \u00e0 [&hellip;]<\/p>\n","protected":false},"author":1,"featured_media":2444,"comment_status":"closed","ping_status":"closed","sticky":false,"template":"","format":"standard","meta":{"_crdt_document":"","ocean_post_layout":"","ocean_both_sidebars_style":"","ocean_both_sidebars_content_width":0,"ocean_both_sidebars_sidebars_width":0,"ocean_sidebar":"0","ocean_second_sidebar":"0","ocean_disable_margins":"enable","ocean_add_body_class":"","ocean_shortcode_before_top_bar":"","ocean_shortcode_after_top_bar":"","ocean_shortcode_before_header":"","ocean_shortcode_after_header":"","ocean_has_shortcode":"","ocean_shortcode_after_title":"","ocean_shortcode_before_footer_widgets":"","ocean_shortcode_after_footer_widgets":"","ocean_shortcode_before_footer_bottom":"","ocean_shortcode_after_footer_bottom":"","ocean_display_top_bar":"default","ocean_display_header":"default","ocean_header_style":"","ocean_center_header_left_menu":"0","ocean_custom_header_template":"0","ocean_custom_logo":0,"ocean_custom_retina_logo":0,"ocean_custom_logo_max_width":0,"ocean_custom_logo_tablet_max_width":0,"ocean_custom_logo_mobile_max_width":0,"ocean_custom_logo_max_height":0,"ocean_custom_logo_tablet_max_height":0,"ocean_custom_logo_mobile_max_height":0,"ocean_header_custom_menu":"0","ocean_menu_typo_font_family":"0","ocean_menu_typo_font_subset":"","ocean_menu_typo_font_size":0,"ocean_menu_typo_font_size_tablet":0,"ocean_menu_typo_font_size_mobile":0,"ocean_menu_typo_font_size_unit":"px","ocean_menu_typo_font_weight":"","ocean_menu_typo_font_weight_tablet":"","ocean_menu_typo_font_weight_mobile":"","ocean_menu_typo_transform":"","ocean_menu_typo_transform_tablet":"","ocean_menu_typo_transform_mobile":"","ocean_menu_typo_line_height":0,"ocean_menu_typo_line_height_tablet":0,"ocean_menu_typo_line_height_mobile":0,"ocean_menu_typo_line_height_unit":"","ocean_menu_typo_spacing":0,"ocean_menu_typo_spacing_tablet":0,"ocean_menu_typo_spacing_mobile":0,"ocean_menu_typo_spacing_unit":"","ocean_menu_link_color":"","ocean_menu_link_color_hover":"","ocean_menu_link_color_active":"","ocean_menu_link_background":"","ocean_menu_link_hover_background":"","ocean_menu_link_active_background":"","ocean_menu_social_links_bg":"","ocean_menu_social_hover_links_bg":"","ocean_menu_social_links_color":"","ocean_menu_social_hover_links_color":"","ocean_disable_title":"default","ocean_disable_heading":"default","ocean_post_title":"","ocean_post_subheading":"","ocean_post_title_style":"","ocean_post_title_background_color":"","ocean_post_title_background":0,"ocean_post_title_bg_image_position":"","ocean_post_title_bg_image_attachment":"","ocean_post_title_bg_image_repeat":"","ocean_post_title_bg_image_size":"","ocean_post_title_height":0,"ocean_post_title_bg_overlay":0.5,"ocean_post_title_bg_overlay_color":"","ocean_disable_breadcrumbs":"default","ocean_breadcrumbs_color":"","ocean_breadcrumbs_separator_color":"","ocean_breadcrumbs_links_color":"","ocean_breadcrumbs_links_hover_color":"","ocean_display_footer_widgets":"default","ocean_display_footer_bottom":"default","ocean_custom_footer_template":"0","ocean_post_oembed":"","ocean_post_self_hosted_media":"","ocean_post_video_embed":"","ocean_link_format":"","ocean_link_format_target":"self","ocean_quote_format":"","ocean_quote_format_link":"post","ocean_gallery_link_images":"off","ocean_gallery_id":[],"footnotes":""},"categories":[198],"tags":[718,201,719,202,720,464,721,722],"class_list":["post-2439","post","type-post","status-publish","format-standard","has-post-thumbnail","hentry","category-leau-du-valenciennois","tag-carafe","tag-eau","tag-eau-du-robinet","tag-eau-du-valenciennois","tag-nouvelle-carafe","tag-patrimoine","tag-robinet","tag-valenciennes","entry","has-media"],"yoast_head":"<!-- This site is optimized with the Yoast SEO plugin v27.3 - https:\/\/yoast.com\/product\/yoast-seo-wordpress\/ -->\n<title>La nouvelle carafe d\u2019eau de l\u2019Eau du Valenciennois - Espace jeunesse du site officiel de la Ville de Thiant<\/title>\n<meta name=\"robots\" content=\"index, follow, max-snippet:-1, max-image-preview:large, max-video-preview:-1\" \/>\n<link rel=\"canonical\" href=\"https:\/\/thiant.fr\/wordpress\/jeunesse\/2026\/02\/12\/la-nouvelle-carafe-deau-de-leau-du-valenciennois\/\" \/>\n<meta property=\"og:locale\" content=\"fr_FR\" \/>\n<meta property=\"og:type\" content=\"article\" \/>\n<meta property=\"og:title\" content=\"La nouvelle carafe d\u2019eau de l\u2019Eau du Valenciennois - Espace jeunesse du site officiel de la Ville de Thiant\" \/>\n<meta property=\"og:description\" content=\"Valenciennes, le 10\u00a0f\u00e9vrier\u00a02026 Avec L\u2019eau du Valenciennois, on trinque \u00e0 notre patrimoine ! \u00a0 Alors que 49% des habitants du Valenciennois consomment l\u2019eau du robinet[1] contre 70% de la population nationale, L\u2019eau du Valenciennois lance une nouvelle carafe \u00e0 l\u2019effigie du territoire ! Imagin\u00e9e pour valoriser la consommation d\u2019eau du robinet, cette carafe met \u00e0 [&hellip;]\" \/>\n<meta property=\"og:url\" content=\"https:\/\/thiant.fr\/wordpress\/jeunesse\/2026\/02\/12\/la-nouvelle-carafe-deau-de-leau-du-valenciennois\/\" \/>\n<meta property=\"og:site_name\" content=\"Espace jeunesse du site officiel de la Ville de Thiant\" \/>\n<meta property=\"article:publisher\" content=\"https:\/\/www.facebook.com\/commune.thiant.1\" \/>\n<meta property=\"article:published_time\" content=\"2026-02-12T12:59:53+00:00\" \/>\n<meta property=\"article:modified_time\" content=\"2026-02-25T15:40:28+00:00\" \/>\n<meta property=\"og:image\" content=\"https:\/\/thiant.fr\/wordpress\/jeunesse\/wp-content\/uploads\/sites\/2\/2026\/02\/2026_nouvelle-carafe_01.jpg\" \/>\n\t<meta property=\"og:image:width\" content=\"800\" \/>\n\t<meta property=\"og:image:height\" content=\"631\" \/>\n\t<meta property=\"og:image:type\" content=\"image\/jpeg\" \/>\n<meta name=\"author\" content=\"Service communication\" \/>\n<meta name=\"twitter:card\" content=\"summary_large_image\" \/>\n<meta name=\"twitter:label1\" content=\"\u00c9crit par\" \/>\n\t<meta name=\"twitter:data1\" content=\"Service communication\" \/>\n\t<meta name=\"twitter:label2\" content=\"Dur\u00e9e de lecture estim\u00e9e\" \/>\n\t<meta name=\"twitter:data2\" content=\"5 minutes\" \/>\n<script type=\"application\/ld+json\" class=\"yoast-schema-graph\">{\"@context\":\"https:\\\/\\\/schema.org\",\"@graph\":[{\"@type\":\"Article\",\"@id\":\"https:\\\/\\\/thiant.fr\\\/wordpress\\\/jeunesse\\\/2026\\\/02\\\/12\\\/la-nouvelle-carafe-deau-de-leau-du-valenciennois\\\/#article\",\"isPartOf\":{\"@id\":\"https:\\\/\\\/thiant.fr\\\/wordpress\\\/jeunesse\\\/2026\\\/02\\\/12\\\/la-nouvelle-carafe-deau-de-leau-du-valenciennois\\\/\"},\"author\":{\"name\":\"Service communication\",\"@id\":\"https:\\\/\\\/thiant.fr\\\/wordpress\\\/jeunesse\\\/#\\\/schema\\\/person\\\/f41122130d18c0720657431d990451c6\"},\"headline\":\"La nouvelle carafe d\u2019eau de l\u2019Eau du Valenciennois\",\"datePublished\":\"2026-02-12T12:59:53+00:00\",\"dateModified\":\"2026-02-25T15:40:28+00:00\",\"mainEntityOfPage\":{\"@id\":\"https:\\\/\\\/thiant.fr\\\/wordpress\\\/jeunesse\\\/2026\\\/02\\\/12\\\/la-nouvelle-carafe-deau-de-leau-du-valenciennois\\\/\"},\"wordCount\":755,\"publisher\":{\"@id\":\"https:\\\/\\\/thiant.fr\\\/wordpress\\\/jeunesse\\\/#organization\"},\"image\":{\"@id\":\"https:\\\/\\\/thiant.fr\\\/wordpress\\\/jeunesse\\\/2026\\\/02\\\/12\\\/la-nouvelle-carafe-deau-de-leau-du-valenciennois\\\/#primaryimage\"},\"thumbnailUrl\":\"https:\\\/\\\/thiant.fr\\\/wordpress\\\/jeunesse\\\/wp-content\\\/uploads\\\/sites\\\/2\\\/2026\\\/02\\\/2026_nouvelle-carafe_01.jpg\",\"keywords\":[\"carafe\",\"eau\",\"eau du robinet\",\"eau du valenciennois\",\"nouvelle carafe\",\"Patrimoine\",\"robinet\",\"Valenciennes\"],\"articleSection\":[\"L'Eau du Valenciennois\"],\"inLanguage\":\"fr-FR\"},{\"@type\":\"WebPage\",\"@id\":\"https:\\\/\\\/thiant.fr\\\/wordpress\\\/jeunesse\\\/2026\\\/02\\\/12\\\/la-nouvelle-carafe-deau-de-leau-du-valenciennois\\\/\",\"url\":\"https:\\\/\\\/thiant.fr\\\/wordpress\\\/jeunesse\\\/2026\\\/02\\\/12\\\/la-nouvelle-carafe-deau-de-leau-du-valenciennois\\\/\",\"name\":\"La nouvelle carafe d\u2019eau de l\u2019Eau du Valenciennois - Espace jeunesse du site officiel de la Ville de Thiant\",\"isPartOf\":{\"@id\":\"https:\\\/\\\/thiant.fr\\\/wordpress\\\/jeunesse\\\/#website\"},\"primaryImageOfPage\":{\"@id\":\"https:\\\/\\\/thiant.fr\\\/wordpress\\\/jeunesse\\\/2026\\\/02\\\/12\\\/la-nouvelle-carafe-deau-de-leau-du-valenciennois\\\/#primaryimage\"},\"image\":{\"@id\":\"https:\\\/\\\/thiant.fr\\\/wordpress\\\/jeunesse\\\/2026\\\/02\\\/12\\\/la-nouvelle-carafe-deau-de-leau-du-valenciennois\\\/#primaryimage\"},\"thumbnailUrl\":\"https:\\\/\\\/thiant.fr\\\/wordpress\\\/jeunesse\\\/wp-content\\\/uploads\\\/sites\\\/2\\\/2026\\\/02\\\/2026_nouvelle-carafe_01.jpg\",\"datePublished\":\"2026-02-12T12:59:53+00:00\",\"dateModified\":\"2026-02-25T15:40:28+00:00\",\"breadcrumb\":{\"@id\":\"https:\\\/\\\/thiant.fr\\\/wordpress\\\/jeunesse\\\/2026\\\/02\\\/12\\\/la-nouvelle-carafe-deau-de-leau-du-valenciennois\\\/#breadcrumb\"},\"inLanguage\":\"fr-FR\",\"potentialAction\":[{\"@type\":\"ReadAction\",\"target\":[\"https:\\\/\\\/thiant.fr\\\/wordpress\\\/jeunesse\\\/2026\\\/02\\\/12\\\/la-nouvelle-carafe-deau-de-leau-du-valenciennois\\\/\"]}]},{\"@type\":\"ImageObject\",\"inLanguage\":\"fr-FR\",\"@id\":\"https:\\\/\\\/thiant.fr\\\/wordpress\\\/jeunesse\\\/2026\\\/02\\\/12\\\/la-nouvelle-carafe-deau-de-leau-du-valenciennois\\\/#primaryimage\",\"url\":\"https:\\\/\\\/thiant.fr\\\/wordpress\\\/jeunesse\\\/wp-content\\\/uploads\\\/sites\\\/2\\\/2026\\\/02\\\/2026_nouvelle-carafe_01.jpg\",\"contentUrl\":\"https:\\\/\\\/thiant.fr\\\/wordpress\\\/jeunesse\\\/wp-content\\\/uploads\\\/sites\\\/2\\\/2026\\\/02\\\/2026_nouvelle-carafe_01.jpg\",\"width\":800,\"height\":631},{\"@type\":\"BreadcrumbList\",\"@id\":\"https:\\\/\\\/thiant.fr\\\/wordpress\\\/jeunesse\\\/2026\\\/02\\\/12\\\/la-nouvelle-carafe-deau-de-leau-du-valenciennois\\\/#breadcrumb\",\"itemListElement\":[{\"@type\":\"ListItem\",\"position\":1,\"name\":\"Accueil\",\"item\":\"https:\\\/\\\/thiant.fr\\\/wordpress\\\/jeunesse\\\/\"},{\"@type\":\"ListItem\",\"position\":2,\"name\":\"La nouvelle carafe d&#8217;eau de l&#8217;Eau du Valenciennois\"}]},{\"@type\":\"WebSite\",\"@id\":\"https:\\\/\\\/thiant.fr\\\/wordpress\\\/jeunesse\\\/#website\",\"url\":\"https:\\\/\\\/thiant.fr\\\/wordpress\\\/jeunesse\\\/\",\"name\":\"Espace jeunesse du site officiel de la Ville de Thiant\",\"description\":\"\",\"publisher\":{\"@id\":\"https:\\\/\\\/thiant.fr\\\/wordpress\\\/jeunesse\\\/#organization\"},\"potentialAction\":[{\"@type\":\"SearchAction\",\"target\":{\"@type\":\"EntryPoint\",\"urlTemplate\":\"https:\\\/\\\/thiant.fr\\\/wordpress\\\/jeunesse\\\/?s={search_term_string}\"},\"query-input\":{\"@type\":\"PropertyValueSpecification\",\"valueRequired\":true,\"valueName\":\"search_term_string\"}}],\"inLanguage\":\"fr-FR\"},{\"@type\":\"Organization\",\"@id\":\"https:\\\/\\\/thiant.fr\\\/wordpress\\\/jeunesse\\\/#organization\",\"name\":\"Espace jeunesse du site officiel de la Ville de Thiant\",\"url\":\"https:\\\/\\\/thiant.fr\\\/wordpress\\\/jeunesse\\\/\",\"logo\":{\"@type\":\"ImageObject\",\"inLanguage\":\"fr-FR\",\"@id\":\"https:\\\/\\\/thiant.fr\\\/wordpress\\\/jeunesse\\\/#\\\/schema\\\/logo\\\/image\\\/\",\"url\":\"https:\\\/\\\/thiant.fr\\\/wordpress\\\/jeunesse\\\/wp-content\\\/uploads\\\/sites\\\/2\\\/2019\\\/10\\\/Logo_jeunesse_02-1.png\",\"contentUrl\":\"https:\\\/\\\/thiant.fr\\\/wordpress\\\/jeunesse\\\/wp-content\\\/uploads\\\/sites\\\/2\\\/2019\\\/10\\\/Logo_jeunesse_02-1.png\",\"width\":384,\"height\":203,\"caption\":\"Espace jeunesse du site officiel de la Ville de Thiant\"},\"image\":{\"@id\":\"https:\\\/\\\/thiant.fr\\\/wordpress\\\/jeunesse\\\/#\\\/schema\\\/logo\\\/image\\\/\"},\"sameAs\":[\"https:\\\/\\\/www.facebook.com\\\/commune.thiant.1\"]},{\"@type\":\"Person\",\"@id\":\"https:\\\/\\\/thiant.fr\\\/wordpress\\\/jeunesse\\\/#\\\/schema\\\/person\\\/f41122130d18c0720657431d990451c6\",\"name\":\"Service communication\",\"image\":{\"@type\":\"ImageObject\",\"inLanguage\":\"fr-FR\",\"@id\":\"https:\\\/\\\/thiant.fr\\\/wordpress\\\/jeunesse\\\/wp-content\\\/litespeed\\\/avatar\\\/2\\\/eeb9098e5269f97d4e67fcd6f533ccb1.jpg?ver=1777455838\",\"url\":\"https:\\\/\\\/thiant.fr\\\/wordpress\\\/jeunesse\\\/wp-content\\\/litespeed\\\/avatar\\\/2\\\/eeb9098e5269f97d4e67fcd6f533ccb1.jpg?ver=1777455838\",\"contentUrl\":\"https:\\\/\\\/thiant.fr\\\/wordpress\\\/jeunesse\\\/wp-content\\\/litespeed\\\/avatar\\\/2\\\/eeb9098e5269f97d4e67fcd6f533ccb1.jpg?ver=1777455838\",\"caption\":\"Service communication\"},\"url\":\"https:\\\/\\\/thiant.fr\\\/wordpress\\\/jeunesse\\\/author\\\/adminwpress\\\/\"}]}<\/script>\n<!-- \/ Yoast SEO plugin. -->","yoast_head_json":{"title":"La nouvelle carafe d\u2019eau de l\u2019Eau du Valenciennois - Espace jeunesse du site officiel de la Ville de Thiant","robots":{"index":"index","follow":"follow","max-snippet":"max-snippet:-1","max-image-preview":"max-image-preview:large","max-video-preview":"max-video-preview:-1"},"canonical":"https:\/\/thiant.fr\/wordpress\/jeunesse\/2026\/02\/12\/la-nouvelle-carafe-deau-de-leau-du-valenciennois\/","og_locale":"fr_FR","og_type":"article","og_title":"La nouvelle carafe d\u2019eau de l\u2019Eau du Valenciennois - Espace jeunesse du site officiel de la Ville de Thiant","og_description":"Valenciennes, le 10\u00a0f\u00e9vrier\u00a02026 Avec L\u2019eau du Valenciennois, on trinque \u00e0 notre patrimoine ! \u00a0 Alors que 49% des habitants du Valenciennois consomment l\u2019eau du robinet[1] contre 70% de la population nationale, L\u2019eau du Valenciennois lance une nouvelle carafe \u00e0 l\u2019effigie du territoire ! Imagin\u00e9e pour valoriser la consommation d\u2019eau du robinet, cette carafe met \u00e0 [&hellip;]","og_url":"https:\/\/thiant.fr\/wordpress\/jeunesse\/2026\/02\/12\/la-nouvelle-carafe-deau-de-leau-du-valenciennois\/","og_site_name":"Espace jeunesse du site officiel de la Ville de Thiant","article_publisher":"https:\/\/www.facebook.com\/commune.thiant.1","article_published_time":"2026-02-12T12:59:53+00:00","article_modified_time":"2026-02-25T15:40:28+00:00","og_image":[{"width":800,"height":631,"url":"https:\/\/thiant.fr\/wordpress\/jeunesse\/wp-content\/uploads\/sites\/2\/2026\/02\/2026_nouvelle-carafe_01.jpg","type":"image\/jpeg"}],"author":"Service communication","twitter_card":"summary_large_image","twitter_misc":{"\u00c9crit par":"Service communication","Dur\u00e9e de lecture estim\u00e9e":"5 minutes"},"schema":{"@context":"https:\/\/schema.org","@graph":[{"@type":"Article","@id":"https:\/\/thiant.fr\/wordpress\/jeunesse\/2026\/02\/12\/la-nouvelle-carafe-deau-de-leau-du-valenciennois\/#article","isPartOf":{"@id":"https:\/\/thiant.fr\/wordpress\/jeunesse\/2026\/02\/12\/la-nouvelle-carafe-deau-de-leau-du-valenciennois\/"},"author":{"name":"Service communication","@id":"https:\/\/thiant.fr\/wordpress\/jeunesse\/#\/schema\/person\/f41122130d18c0720657431d990451c6"},"headline":"La nouvelle carafe d\u2019eau de l\u2019Eau du Valenciennois","datePublished":"2026-02-12T12:59:53+00:00","dateModified":"2026-02-25T15:40:28+00:00","mainEntityOfPage":{"@id":"https:\/\/thiant.fr\/wordpress\/jeunesse\/2026\/02\/12\/la-nouvelle-carafe-deau-de-leau-du-valenciennois\/"},"wordCount":755,"publisher":{"@id":"https:\/\/thiant.fr\/wordpress\/jeunesse\/#organization"},"image":{"@id":"https:\/\/thiant.fr\/wordpress\/jeunesse\/2026\/02\/12\/la-nouvelle-carafe-deau-de-leau-du-valenciennois\/#primaryimage"},"thumbnailUrl":"https:\/\/thiant.fr\/wordpress\/jeunesse\/wp-content\/uploads\/sites\/2\/2026\/02\/2026_nouvelle-carafe_01.jpg","keywords":["carafe","eau","eau du robinet","eau du valenciennois","nouvelle carafe","Patrimoine","robinet","Valenciennes"],"articleSection":["L'Eau du Valenciennois"],"inLanguage":"fr-FR"},{"@type":"WebPage","@id":"https:\/\/thiant.fr\/wordpress\/jeunesse\/2026\/02\/12\/la-nouvelle-carafe-deau-de-leau-du-valenciennois\/","url":"https:\/\/thiant.fr\/wordpress\/jeunesse\/2026\/02\/12\/la-nouvelle-carafe-deau-de-leau-du-valenciennois\/","name":"La nouvelle carafe d\u2019eau de l\u2019Eau du Valenciennois - Espace jeunesse du site officiel de la Ville de Thiant","isPartOf":{"@id":"https:\/\/thiant.fr\/wordpress\/jeunesse\/#website"},"primaryImageOfPage":{"@id":"https:\/\/thiant.fr\/wordpress\/jeunesse\/2026\/02\/12\/la-nouvelle-carafe-deau-de-leau-du-valenciennois\/#primaryimage"},"image":{"@id":"https:\/\/thiant.fr\/wordpress\/jeunesse\/2026\/02\/12\/la-nouvelle-carafe-deau-de-leau-du-valenciennois\/#primaryimage"},"thumbnailUrl":"https:\/\/thiant.fr\/wordpress\/jeunesse\/wp-content\/uploads\/sites\/2\/2026\/02\/2026_nouvelle-carafe_01.jpg","datePublished":"2026-02-12T12:59:53+00:00","dateModified":"2026-02-25T15:40:28+00:00","breadcrumb":{"@id":"https:\/\/thiant.fr\/wordpress\/jeunesse\/2026\/02\/12\/la-nouvelle-carafe-deau-de-leau-du-valenciennois\/#breadcrumb"},"inLanguage":"fr-FR","potentialAction":[{"@type":"ReadAction","target":["https:\/\/thiant.fr\/wordpress\/jeunesse\/2026\/02\/12\/la-nouvelle-carafe-deau-de-leau-du-valenciennois\/"]}]},{"@type":"ImageObject","inLanguage":"fr-FR","@id":"https:\/\/thiant.fr\/wordpress\/jeunesse\/2026\/02\/12\/la-nouvelle-carafe-deau-de-leau-du-valenciennois\/#primaryimage","url":"https:\/\/thiant.fr\/wordpress\/jeunesse\/wp-content\/uploads\/sites\/2\/2026\/02\/2026_nouvelle-carafe_01.jpg","contentUrl":"https:\/\/thiant.fr\/wordpress\/jeunesse\/wp-content\/uploads\/sites\/2\/2026\/02\/2026_nouvelle-carafe_01.jpg","width":800,"height":631},{"@type":"BreadcrumbList","@id":"https:\/\/thiant.fr\/wordpress\/jeunesse\/2026\/02\/12\/la-nouvelle-carafe-deau-de-leau-du-valenciennois\/#breadcrumb","itemListElement":[{"@type":"ListItem","position":1,"name":"Accueil","item":"https:\/\/thiant.fr\/wordpress\/jeunesse\/"},{"@type":"ListItem","position":2,"name":"La nouvelle carafe d&#8217;eau de l&#8217;Eau du Valenciennois"}]},{"@type":"WebSite","@id":"https:\/\/thiant.fr\/wordpress\/jeunesse\/#website","url":"https:\/\/thiant.fr\/wordpress\/jeunesse\/","name":"Espace jeunesse du site officiel de la Ville de Thiant","description":"","publisher":{"@id":"https:\/\/thiant.fr\/wordpress\/jeunesse\/#organization"},"potentialAction":[{"@type":"SearchAction","target":{"@type":"EntryPoint","urlTemplate":"https:\/\/thiant.fr\/wordpress\/jeunesse\/?s={search_term_string}"},"query-input":{"@type":"PropertyValueSpecification","valueRequired":true,"valueName":"search_term_string"}}],"inLanguage":"fr-FR"},{"@type":"Organization","@id":"https:\/\/thiant.fr\/wordpress\/jeunesse\/#organization","name":"Espace jeunesse du site officiel de la Ville de Thiant","url":"https:\/\/thiant.fr\/wordpress\/jeunesse\/","logo":{"@type":"ImageObject","inLanguage":"fr-FR","@id":"https:\/\/thiant.fr\/wordpress\/jeunesse\/#\/schema\/logo\/image\/","url":"https:\/\/thiant.fr\/wordpress\/jeunesse\/wp-content\/uploads\/sites\/2\/2019\/10\/Logo_jeunesse_02-1.png","contentUrl":"https:\/\/thiant.fr\/wordpress\/jeunesse\/wp-content\/uploads\/sites\/2\/2019\/10\/Logo_jeunesse_02-1.png","width":384,"height":203,"caption":"Espace jeunesse du site officiel de la Ville de Thiant"},"image":{"@id":"https:\/\/thiant.fr\/wordpress\/jeunesse\/#\/schema\/logo\/image\/"},"sameAs":["https:\/\/www.facebook.com\/commune.thiant.1"]},{"@type":"Person","@id":"https:\/\/thiant.fr\/wordpress\/jeunesse\/#\/schema\/person\/f41122130d18c0720657431d990451c6","name":"Service communication","image":{"@type":"ImageObject","inLanguage":"fr-FR","@id":"https:\/\/thiant.fr\/wordpress\/jeunesse\/wp-content\/litespeed\/avatar\/2\/eeb9098e5269f97d4e67fcd6f533ccb1.jpg?ver=1777455838","url":"https:\/\/thiant.fr\/wordpress\/jeunesse\/wp-content\/litespeed\/avatar\/2\/eeb9098e5269f97d4e67fcd6f533ccb1.jpg?ver=1777455838","contentUrl":"https:\/\/thiant.fr\/wordpress\/jeunesse\/wp-content\/litespeed\/avatar\/2\/eeb9098e5269f97d4e67fcd6f533ccb1.jpg?ver=1777455838","caption":"Service communication"},"url":"https:\/\/thiant.fr\/wordpress\/jeunesse\/author\/adminwpress\/"}]}},"_links":{"self":[{"href":"https:\/\/thiant.fr\/wordpress\/jeunesse\/wp-json\/wp\/v2\/posts\/2439","targetHints":{"allow":["GET"]}}],"collection":[{"href":"https:\/\/thiant.fr\/wordpress\/jeunesse\/wp-json\/wp\/v2\/posts"}],"about":[{"href":"https:\/\/thiant.fr\/wordpress\/jeunesse\/wp-json\/wp\/v2\/types\/post"}],"author":[{"embeddable":true,"href":"https:\/\/thiant.fr\/wordpress\/jeunesse\/wp-json\/wp\/v2\/users\/1"}],"replies":[{"embeddable":true,"href":"https:\/\/thiant.fr\/wordpress\/jeunesse\/wp-json\/wp\/v2\/comments?post=2439"}],"version-history":[{"count":5,"href":"https:\/\/thiant.fr\/wordpress\/jeunesse\/wp-json\/wp\/v2\/posts\/2439\/revisions"}],"predecessor-version":[{"id":2453,"href":"https:\/\/thiant.fr\/wordpress\/jeunesse\/wp-json\/wp\/v2\/posts\/2439\/revisions\/2453"}],"wp:featuredmedia":[{"embeddable":true,"href":"https:\/\/thiant.fr\/wordpress\/jeunesse\/wp-json\/wp\/v2\/media\/2444"}],"wp:attachment":[{"href":"https:\/\/thiant.fr\/wordpress\/jeunesse\/wp-json\/wp\/v2\/media?parent=2439"}],"wp:term":[{"taxonomy":"category","embeddable":true,"href":"https:\/\/thiant.fr\/wordpress\/jeunesse\/wp-json\/wp\/v2\/categories?post=2439"},{"taxonomy":"post_tag","embeddable":true,"href":"https:\/\/thiant.fr\/wordpress\/jeunesse\/wp-json\/wp\/v2\/tags?post=2439"}],"curies":[{"name":"wp","href":"https:\/\/api.w.org\/{rel}","templated":true}]}}