{"id":277,"date":"2020-01-22T17:06:34","date_gmt":"2020-01-22T16:06:34","guid":{"rendered":"https:\/\/thiant.fr\/wordpress\/jeunesse\/?p=277"},"modified":"2020-01-22T17:18:51","modified_gmt":"2020-01-22T16:18:51","slug":"a-l-s-h-vacances-dhiver","status":"publish","type":"post","link":"https:\/\/thiant.fr\/wordpress\/jeunesse\/2020\/01\/22\/a-l-s-h-vacances-dhiver\/","title":{"rendered":"A.L.S.H. Vacances d&#39;Hiver"},"content":{"rendered":"\t\t<div data-elementor-type=\"wp-post\" data-elementor-id=\"277\" class=\"elementor elementor-277\">\n\t\t\t\t\t\t<section class=\"elementor-section elementor-top-section elementor-element elementor-element-a9d3741 elementor-section-boxed elementor-section-height-default elementor-section-height-default\" data-id=\"a9d3741\" data-element_type=\"section\" data-e-type=\"section\">\n\t\t\t\t\t\t<div class=\"elementor-container elementor-column-gap-default\">\n\t\t\t\t\t<div class=\"elementor-column elementor-col-100 elementor-top-column elementor-element elementor-element-69fee0e\" data-id=\"69fee0e\" data-element_type=\"column\" data-e-type=\"column\">\n\t\t\t<div class=\"elementor-widget-wrap elementor-element-populated\">\n\t\t\t\t\t\t<div class=\"elementor-element elementor-element-b380f9a elementor-widget elementor-widget-image\" data-id=\"b380f9a\" data-element_type=\"widget\" data-e-type=\"widget\" data-widget_type=\"image.default\">\n\t\t\t\t<div class=\"elementor-widget-container\">\n\t\t\t\t\t\t\t\t\t\t\t\t\t\t\t<img fetchpriority=\"high\" decoding=\"async\" width=\"824\" height=\"578\" src=\"https:\/\/thiant.fr\/wordpress\/jeunesse\/wp-content\/uploads\/sites\/2\/2020\/01\/AFFICHE-INSCRIPTIONS-FEVRIER-2020.png\" class=\"attachment-large size-large wp-image-279\" alt=\"\" srcset=\"https:\/\/thiant.fr\/wordpress\/jeunesse\/wp-content\/uploads\/sites\/2\/2020\/01\/AFFICHE-INSCRIPTIONS-FEVRIER-2020.png 824w, https:\/\/thiant.fr\/wordpress\/jeunesse\/wp-content\/uploads\/sites\/2\/2020\/01\/AFFICHE-INSCRIPTIONS-FEVRIER-2020-300x210.png 300w, https:\/\/thiant.fr\/wordpress\/jeunesse\/wp-content\/uploads\/sites\/2\/2020\/01\/AFFICHE-INSCRIPTIONS-FEVRIER-2020-768x539.png 768w\" sizes=\"(max-width: 824px) 100vw, 824px\" \/>\t\t\t\t\t\t\t\t\t\t\t\t\t\t\t<\/div>\n\t\t\t\t<\/div>\n\t\t\t\t\t<\/div>\n\t\t<\/div>\n\t\t\t\t\t<\/div>\n\t\t<\/section>\n\t\t\t\t<section class=\"elementor-section elementor-top-section elementor-element elementor-element-acbbe0a elementor-section-boxed elementor-section-height-default elementor-section-height-default\" data-id=\"acbbe0a\" data-element_type=\"section\" data-e-type=\"section\">\n\t\t\t\t\t\t<div class=\"elementor-container elementor-column-gap-default\">\n\t\t\t\t\t<div class=\"elementor-column elementor-col-100 elementor-top-column elementor-element elementor-element-f6e999f\" data-id=\"f6e999f\" data-element_type=\"column\" data-e-type=\"column\">\n\t\t\t<div class=\"elementor-widget-wrap elementor-element-populated\">\n\t\t\t\t\t\t<div class=\"elementor-element elementor-element-e453289 elementor-widget elementor-widget-text-editor\" data-id=\"e453289\" data-element_type=\"widget\" data-e-type=\"widget\" data-widget_type=\"text-editor.default\">\n\t\t\t\t<div class=\"elementor-widget-container\">\n\t\t\t\t\t\t\t\t\t<h3><span style=\"color: #bf71e3;\">Petites Vacances Scolaires d&#8217;Hiver 2020<\/span><\/h3><h5><span style=\"color: #800080;\">Th\u00e8me : Carnaval<\/span><\/h5><p><span style=\"color: #666699;\">L&#8217;accueil de loisirs sera ouvert de <span style=\"color: #800080;\"><strong>13h30 \u00e0 17h<\/strong><\/span> du lundi <strong>17<\/strong> au vendredi <strong>21<\/strong> f\u00e9vrier et du lundi <strong>24<\/strong> au vendredi <strong>28<\/strong> f\u00e9vrier. <\/span><\/p><p><span style=\"color: #666699;\">La garderie extrascolaire sera ouverte les m\u00eames jours de <strong>17h<\/strong> \u00e0 <strong>18h.<\/strong><\/span><\/p><p><strong><span style=\"color: #666699;\"><span style=\"text-decoration: underline;\">Lieu :<\/span> Groupe Scolaire Gustave Ansart<\/span><\/strong><\/p><p>\u00a0<\/p><h6><span style=\"color: #800080;\">Inscriptions au bureau des ALSH (rue du docteur Roux) :<\/span><\/h6><p><span style=\"color: #666699;\">&#8211; du mercredi <strong>29<\/strong> au vendredi <strong>31<\/strong> janvier de <strong><span style=\"color: #800080;\">13h30 \u00e0 18h<\/span><\/strong><\/span><\/p><p><span style=\"color: #666699;\">&#8211; le samedi <strong>1<sup>er<\/sup><\/strong> f\u00e9vrier de <strong><span style=\"color: #800080;\">10h \u00e0 12h<\/span><\/strong><\/span><\/p><p><span style=\"color: #666699;\">Le <a href=\"https:\/\/thiant.fr\/wordpress\/documents_ext\/coupon-inscription-ALSH_Fevrier-2020.pdf\" target=\"_blank\" rel=\"noopener\">coupon d&#8217;inscription<\/a> est \u00e9galement disponible en Mairie.<\/span><\/p><p>\u00a0<\/p><h6><span style=\"color: #800080;\">Pour toute nouvelle inscription :<\/span><\/h6><p><span style=\"color: #666699;\"><strong>Les dossiers sont disponibles en mairie, les photocopies des documents demand\u00e9s sont \u00e0 faire en Mairie.<\/strong><\/span><br \/><span style=\"text-decoration: underline;\"><span style=\"color: #666699; text-decoration: underline;\">Horaires d&#8217;ouverture de la Mairie : <\/span><\/span><br \/><span style=\"color: #666699;\">du lundi au vendredi de 8h30 \u00e0 12h et de 13h30 \u00e0 17h00 et le samedi de 9h \u00e0 12h<\/span><\/p><p>\u00a0<\/p><h6><span style=\"color: #800080;\">Documents \u00e0 fournir :<\/span><\/h6><p><span style=\"color: #666699;\">&#8211; copie de la carte d&#8217;identit\u00e9, \u00e0 d\u00e9faut la copie du livret de famille avec photo d&#8217;identit\u00e9,<\/span><br \/><span style=\"color: #666699;\">&#8211; copie des fiches vaccins \u00e0 jour, copie de l&#8217;attestation de s\u00e9curit\u00e9 sociale ou de CMU \u00e0 jour,<\/span><br \/><span style=\"color: #666699;\">&#8211; copie de l&#8217;assurance de responsabilit\u00e9 civile ou assurance MAE (l&#8217;assurance doit couvrir les p\u00e9riodes des petites vacances scolaires et d&#8217;\u00e9t\u00e9),<\/span><br \/><span style=\"color: #666699;\">&#8211; copie du P.A.I (projet d&#8217;accueil individualis\u00e9) pour maladie particuli\u00e8re,<\/span><br \/><span style=\"color: #666699;\">&#8211; copie de l&#8217;acte de jugement qui pr\u00e9cise les modalit\u00e9s de garde de l&#8217;enfant.<\/span><\/p><p><strong><span style=\"color: #666699;\">Pour l&#8217;application des tarifs en T1 ou T2 : copie de l&#8217;avis d&#8217;imposition 2019 (jusque fin d&#8217;ann\u00e9e 2020).<\/span> <\/strong><\/p>\t\t\t\t\t\t\t\t<\/div>\n\t\t\t\t<\/div>\n\t\t\t\t\t<\/div>\n\t\t<\/div>\n\t\t\t\t\t<\/div>\n\t\t<\/section>\n\t\t\t\t<\/div>\n\t\t","protected":false},"excerpt":{"rendered":"<p>Petites Vacances Scolaires d&#8217;Hiver 2020 Th\u00e8me : Carnaval L&#8217;accueil de loisirs sera ouvert de 13h30 \u00e0 17h du lundi 17 au vendredi 21 f\u00e9vrier et du lundi 24 au vendredi 28 f\u00e9vrier. La garderie extrascolaire sera ouverte les m\u00eames jours de 17h \u00e0 18h. Lieu : Groupe Scolaire Gustave Ansart Inscriptions au bureau des ALSH [&hellip;]<\/p>\n","protected":false},"author":1,"featured_media":281,"comment_status":"closed","ping_status":"closed","sticky":false,"template":"","format":"standard","meta":{"_crdt_document":"","ocean_post_layout":"","ocean_both_sidebars_style":"","ocean_both_sidebars_content_width":0,"ocean_both_sidebars_sidebars_width":0,"ocean_sidebar":"","ocean_second_sidebar":"","ocean_disable_margins":"enable","ocean_add_body_class":"","ocean_shortcode_before_top_bar":"","ocean_shortcode_after_top_bar":"","ocean_shortcode_before_header":"","ocean_shortcode_after_header":"","ocean_has_shortcode":"","ocean_shortcode_after_title":"","ocean_shortcode_before_footer_widgets":"","ocean_shortcode_after_footer_widgets":"","ocean_shortcode_before_footer_bottom":"","ocean_shortcode_after_footer_bottom":"","ocean_display_top_bar":"default","ocean_display_header":"default","ocean_header_style":"","ocean_center_header_left_menu":"","ocean_custom_header_template":"","ocean_custom_logo":0,"ocean_custom_retina_logo":0,"ocean_custom_logo_max_width":0,"ocean_custom_logo_tablet_max_width":0,"ocean_custom_logo_mobile_max_width":0,"ocean_custom_logo_max_height":0,"ocean_custom_logo_tablet_max_height":0,"ocean_custom_logo_mobile_max_height":0,"ocean_header_custom_menu":"","ocean_menu_typo_font_family":"","ocean_menu_typo_font_subset":"","ocean_menu_typo_font_size":0,"ocean_menu_typo_font_size_tablet":0,"ocean_menu_typo_font_size_mobile":0,"ocean_menu_typo_font_size_unit":"px","ocean_menu_typo_font_weight":"","ocean_menu_typo_font_weight_tablet":"","ocean_menu_typo_font_weight_mobile":"","ocean_menu_typo_transform":"","ocean_menu_typo_transform_tablet":"","ocean_menu_typo_transform_mobile":"","ocean_menu_typo_line_height":0,"ocean_menu_typo_line_height_tablet":0,"ocean_menu_typo_line_height_mobile":0,"ocean_menu_typo_line_height_unit":"","ocean_menu_typo_spacing":0,"ocean_menu_typo_spacing_tablet":0,"ocean_menu_typo_spacing_mobile":0,"ocean_menu_typo_spacing_unit":"","ocean_menu_link_color":"","ocean_menu_link_color_hover":"","ocean_menu_link_color_active":"","ocean_menu_link_background":"","ocean_menu_link_hover_background":"","ocean_menu_link_active_background":"","ocean_menu_social_links_bg":"","ocean_menu_social_hover_links_bg":"","ocean_menu_social_links_color":"","ocean_menu_social_hover_links_color":"","ocean_disable_title":"default","ocean_disable_heading":"default","ocean_post_title":"","ocean_post_subheading":"","ocean_post_title_style":"","ocean_post_title_background_color":"","ocean_post_title_background":0,"ocean_post_title_bg_image_position":"","ocean_post_title_bg_image_attachment":"","ocean_post_title_bg_image_repeat":"","ocean_post_title_bg_image_size":"","ocean_post_title_height":0,"ocean_post_title_bg_overlay":0.5,"ocean_post_title_bg_overlay_color":"","ocean_disable_breadcrumbs":"default","ocean_breadcrumbs_color":"","ocean_breadcrumbs_separator_color":"","ocean_breadcrumbs_links_color":"","ocean_breadcrumbs_links_hover_color":"","ocean_display_footer_widgets":"default","ocean_display_footer_bottom":"default","ocean_custom_footer_template":"","ocean_post_oembed":"","ocean_post_self_hosted_media":"","ocean_post_video_embed":"","ocean_link_format":"","ocean_link_format_target":"self","ocean_quote_format":"","ocean_quote_format_link":"post","ocean_gallery_link_images":"on","ocean_gallery_id":[],"footnotes":""},"categories":[41,56],"tags":[],"class_list":["post-277","post","type-post","status-publish","format-standard","has-post-thumbnail","hentry","category-alsh","category-jeunesse","entry","has-media"],"yoast_head":"<!-- This site is optimized with the Yoast SEO plugin v27.3 - https:\/\/yoast.com\/product\/yoast-seo-wordpress\/ -->\n<title>A.L.S.H. Vacances d&#039;Hiver - Espace jeunesse du site officiel de la Ville de Thiant<\/title>\n<meta name=\"robots\" content=\"index, follow, max-snippet:-1, max-image-preview:large, max-video-preview:-1\" \/>\n<link rel=\"canonical\" href=\"https:\/\/thiant.fr\/wordpress\/jeunesse\/2020\/01\/22\/a-l-s-h-vacances-dhiver\/\" \/>\n<meta property=\"og:locale\" content=\"fr_FR\" \/>\n<meta property=\"og:type\" content=\"article\" \/>\n<meta property=\"og:title\" content=\"A.L.S.H. Vacances d&#039;Hiver - Espace jeunesse du site officiel de la Ville de Thiant\" \/>\n<meta property=\"og:description\" content=\"Petites Vacances Scolaires d&#8217;Hiver 2020 Th\u00e8me : Carnaval L&#8217;accueil de loisirs sera ouvert de 13h30 \u00e0 17h du lundi 17 au vendredi 21 f\u00e9vrier et du lundi 24 au vendredi 28 f\u00e9vrier. La garderie extrascolaire sera ouverte les m\u00eames jours de 17h \u00e0 18h. Lieu : Groupe Scolaire Gustave Ansart Inscriptions au bureau des ALSH [&hellip;]\" \/>\n<meta property=\"og:url\" content=\"https:\/\/thiant.fr\/wordpress\/jeunesse\/2020\/01\/22\/a-l-s-h-vacances-dhiver\/\" \/>\n<meta property=\"og:site_name\" content=\"Espace jeunesse du site officiel de la Ville de Thiant\" \/>\n<meta property=\"article:publisher\" content=\"https:\/\/www.facebook.com\/commune.thiant.1\" \/>\n<meta property=\"article:published_time\" content=\"2020-01-22T16:06:34+00:00\" \/>\n<meta property=\"article:modified_time\" content=\"2020-01-22T16:18:51+00:00\" \/>\n<meta property=\"og:image\" content=\"https:\/\/thiant.fr\/wordpress\/jeunesse\/wp-content\/uploads\/sites\/2\/2020\/01\/ALSH-FEVRIER-2020.png\" \/>\n\t<meta property=\"og:image:width\" content=\"404\" \/>\n\t<meta property=\"og:image:height\" content=\"323\" \/>\n\t<meta property=\"og:image:type\" content=\"image\/png\" \/>\n<meta name=\"author\" content=\"Service communication\" \/>\n<meta name=\"twitter:card\" content=\"summary_large_image\" \/>\n<meta name=\"twitter:label1\" content=\"\u00c9crit par\" \/>\n\t<meta name=\"twitter:data1\" content=\"Service communication\" \/>\n\t<meta name=\"twitter:label2\" content=\"Dur\u00e9e de lecture estim\u00e9e\" \/>\n\t<meta name=\"twitter:data2\" content=\"1 minute\" \/>\n<script type=\"application\/ld+json\" class=\"yoast-schema-graph\">{\"@context\":\"https:\\\/\\\/schema.org\",\"@graph\":[{\"@type\":\"Article\",\"@id\":\"https:\\\/\\\/thiant.fr\\\/wordpress\\\/jeunesse\\\/2020\\\/01\\\/22\\\/a-l-s-h-vacances-dhiver\\\/#article\",\"isPartOf\":{\"@id\":\"https:\\\/\\\/thiant.fr\\\/wordpress\\\/jeunesse\\\/2020\\\/01\\\/22\\\/a-l-s-h-vacances-dhiver\\\/\"},\"author\":{\"name\":\"Service communication\",\"@id\":\"https:\\\/\\\/thiant.fr\\\/wordpress\\\/jeunesse\\\/#\\\/schema\\\/person\\\/f41122130d18c0720657431d990451c6\"},\"headline\":\"A.L.S.H. Vacances d&#39;Hiver\",\"datePublished\":\"2020-01-22T16:06:34+00:00\",\"dateModified\":\"2020-01-22T16:18:51+00:00\",\"mainEntityOfPage\":{\"@id\":\"https:\\\/\\\/thiant.fr\\\/wordpress\\\/jeunesse\\\/2020\\\/01\\\/22\\\/a-l-s-h-vacances-dhiver\\\/\"},\"wordCount\":249,\"publisher\":{\"@id\":\"https:\\\/\\\/thiant.fr\\\/wordpress\\\/jeunesse\\\/#organization\"},\"image\":{\"@id\":\"https:\\\/\\\/thiant.fr\\\/wordpress\\\/jeunesse\\\/2020\\\/01\\\/22\\\/a-l-s-h-vacances-dhiver\\\/#primaryimage\"},\"thumbnailUrl\":\"https:\\\/\\\/thiant.fr\\\/wordpress\\\/jeunesse\\\/wp-content\\\/uploads\\\/sites\\\/2\\\/2020\\\/01\\\/ALSH-FEVRIER-2020.png\",\"articleSection\":[\"ALSH\",\"Jeunesse\"],\"inLanguage\":\"fr-FR\"},{\"@type\":\"WebPage\",\"@id\":\"https:\\\/\\\/thiant.fr\\\/wordpress\\\/jeunesse\\\/2020\\\/01\\\/22\\\/a-l-s-h-vacances-dhiver\\\/\",\"url\":\"https:\\\/\\\/thiant.fr\\\/wordpress\\\/jeunesse\\\/2020\\\/01\\\/22\\\/a-l-s-h-vacances-dhiver\\\/\",\"name\":\"A.L.S.H. Vacances d&#39;Hiver - Espace jeunesse du site officiel de la Ville de Thiant\",\"isPartOf\":{\"@id\":\"https:\\\/\\\/thiant.fr\\\/wordpress\\\/jeunesse\\\/#website\"},\"primaryImageOfPage\":{\"@id\":\"https:\\\/\\\/thiant.fr\\\/wordpress\\\/jeunesse\\\/2020\\\/01\\\/22\\\/a-l-s-h-vacances-dhiver\\\/#primaryimage\"},\"image\":{\"@id\":\"https:\\\/\\\/thiant.fr\\\/wordpress\\\/jeunesse\\\/2020\\\/01\\\/22\\\/a-l-s-h-vacances-dhiver\\\/#primaryimage\"},\"thumbnailUrl\":\"https:\\\/\\\/thiant.fr\\\/wordpress\\\/jeunesse\\\/wp-content\\\/uploads\\\/sites\\\/2\\\/2020\\\/01\\\/ALSH-FEVRIER-2020.png\",\"datePublished\":\"2020-01-22T16:06:34+00:00\",\"dateModified\":\"2020-01-22T16:18:51+00:00\",\"breadcrumb\":{\"@id\":\"https:\\\/\\\/thiant.fr\\\/wordpress\\\/jeunesse\\\/2020\\\/01\\\/22\\\/a-l-s-h-vacances-dhiver\\\/#breadcrumb\"},\"inLanguage\":\"fr-FR\",\"potentialAction\":[{\"@type\":\"ReadAction\",\"target\":[\"https:\\\/\\\/thiant.fr\\\/wordpress\\\/jeunesse\\\/2020\\\/01\\\/22\\\/a-l-s-h-vacances-dhiver\\\/\"]}]},{\"@type\":\"ImageObject\",\"inLanguage\":\"fr-FR\",\"@id\":\"https:\\\/\\\/thiant.fr\\\/wordpress\\\/jeunesse\\\/2020\\\/01\\\/22\\\/a-l-s-h-vacances-dhiver\\\/#primaryimage\",\"url\":\"https:\\\/\\\/thiant.fr\\\/wordpress\\\/jeunesse\\\/wp-content\\\/uploads\\\/sites\\\/2\\\/2020\\\/01\\\/ALSH-FEVRIER-2020.png\",\"contentUrl\":\"https:\\\/\\\/thiant.fr\\\/wordpress\\\/jeunesse\\\/wp-content\\\/uploads\\\/sites\\\/2\\\/2020\\\/01\\\/ALSH-FEVRIER-2020.png\",\"width\":404,\"height\":323},{\"@type\":\"BreadcrumbList\",\"@id\":\"https:\\\/\\\/thiant.fr\\\/wordpress\\\/jeunesse\\\/2020\\\/01\\\/22\\\/a-l-s-h-vacances-dhiver\\\/#breadcrumb\",\"itemListElement\":[{\"@type\":\"ListItem\",\"position\":1,\"name\":\"Accueil\",\"item\":\"https:\\\/\\\/thiant.fr\\\/wordpress\\\/jeunesse\\\/\"},{\"@type\":\"ListItem\",\"position\":2,\"name\":\"A.L.S.H. Vacances d&#39;Hiver\"}]},{\"@type\":\"WebSite\",\"@id\":\"https:\\\/\\\/thiant.fr\\\/wordpress\\\/jeunesse\\\/#website\",\"url\":\"https:\\\/\\\/thiant.fr\\\/wordpress\\\/jeunesse\\\/\",\"name\":\"Espace jeunesse du site officiel de la Ville de Thiant\",\"description\":\"\",\"publisher\":{\"@id\":\"https:\\\/\\\/thiant.fr\\\/wordpress\\\/jeunesse\\\/#organization\"},\"potentialAction\":[{\"@type\":\"SearchAction\",\"target\":{\"@type\":\"EntryPoint\",\"urlTemplate\":\"https:\\\/\\\/thiant.fr\\\/wordpress\\\/jeunesse\\\/?s={search_term_string}\"},\"query-input\":{\"@type\":\"PropertyValueSpecification\",\"valueRequired\":true,\"valueName\":\"search_term_string\"}}],\"inLanguage\":\"fr-FR\"},{\"@type\":\"Organization\",\"@id\":\"https:\\\/\\\/thiant.fr\\\/wordpress\\\/jeunesse\\\/#organization\",\"name\":\"Espace jeunesse du site officiel de la Ville de Thiant\",\"url\":\"https:\\\/\\\/thiant.fr\\\/wordpress\\\/jeunesse\\\/\",\"logo\":{\"@type\":\"ImageObject\",\"inLanguage\":\"fr-FR\",\"@id\":\"https:\\\/\\\/thiant.fr\\\/wordpress\\\/jeunesse\\\/#\\\/schema\\\/logo\\\/image\\\/\",\"url\":\"https:\\\/\\\/thiant.fr\\\/wordpress\\\/jeunesse\\\/wp-content\\\/uploads\\\/sites\\\/2\\\/2019\\\/10\\\/Logo_jeunesse_02-1.png\",\"contentUrl\":\"https:\\\/\\\/thiant.fr\\\/wordpress\\\/jeunesse\\\/wp-content\\\/uploads\\\/sites\\\/2\\\/2019\\\/10\\\/Logo_jeunesse_02-1.png\",\"width\":384,\"height\":203,\"caption\":\"Espace jeunesse du site officiel de la Ville de Thiant\"},\"image\":{\"@id\":\"https:\\\/\\\/thiant.fr\\\/wordpress\\\/jeunesse\\\/#\\\/schema\\\/logo\\\/image\\\/\"},\"sameAs\":[\"https:\\\/\\\/www.facebook.com\\\/commune.thiant.1\"]},{\"@type\":\"Person\",\"@id\":\"https:\\\/\\\/thiant.fr\\\/wordpress\\\/jeunesse\\\/#\\\/schema\\\/person\\\/f41122130d18c0720657431d990451c6\",\"name\":\"Service communication\",\"image\":{\"@type\":\"ImageObject\",\"inLanguage\":\"fr-FR\",\"@id\":\"https:\\\/\\\/thiant.fr\\\/wordpress\\\/jeunesse\\\/wp-content\\\/litespeed\\\/avatar\\\/2\\\/eeb9098e5269f97d4e67fcd6f533ccb1.jpg?ver=1777455838\",\"url\":\"https:\\\/\\\/thiant.fr\\\/wordpress\\\/jeunesse\\\/wp-content\\\/litespeed\\\/avatar\\\/2\\\/eeb9098e5269f97d4e67fcd6f533ccb1.jpg?ver=1777455838\",\"contentUrl\":\"https:\\\/\\\/thiant.fr\\\/wordpress\\\/jeunesse\\\/wp-content\\\/litespeed\\\/avatar\\\/2\\\/eeb9098e5269f97d4e67fcd6f533ccb1.jpg?ver=1777455838\",\"caption\":\"Service communication\"},\"url\":\"https:\\\/\\\/thiant.fr\\\/wordpress\\\/jeunesse\\\/author\\\/adminwpress\\\/\"}]}<\/script>\n<!-- \/ Yoast SEO plugin. -->","yoast_head_json":{"title":"A.L.S.H. Vacances d&#39;Hiver - Espace jeunesse du site officiel de la Ville de Thiant","robots":{"index":"index","follow":"follow","max-snippet":"max-snippet:-1","max-image-preview":"max-image-preview:large","max-video-preview":"max-video-preview:-1"},"canonical":"https:\/\/thiant.fr\/wordpress\/jeunesse\/2020\/01\/22\/a-l-s-h-vacances-dhiver\/","og_locale":"fr_FR","og_type":"article","og_title":"A.L.S.H. Vacances d&#39;Hiver - Espace jeunesse du site officiel de la Ville de Thiant","og_description":"Petites Vacances Scolaires d&#8217;Hiver 2020 Th\u00e8me : Carnaval L&#8217;accueil de loisirs sera ouvert de 13h30 \u00e0 17h du lundi 17 au vendredi 21 f\u00e9vrier et du lundi 24 au vendredi 28 f\u00e9vrier. La garderie extrascolaire sera ouverte les m\u00eames jours de 17h \u00e0 18h. Lieu : Groupe Scolaire Gustave Ansart Inscriptions au bureau des ALSH [&hellip;]","og_url":"https:\/\/thiant.fr\/wordpress\/jeunesse\/2020\/01\/22\/a-l-s-h-vacances-dhiver\/","og_site_name":"Espace jeunesse du site officiel de la Ville de Thiant","article_publisher":"https:\/\/www.facebook.com\/commune.thiant.1","article_published_time":"2020-01-22T16:06:34+00:00","article_modified_time":"2020-01-22T16:18:51+00:00","og_image":[{"width":404,"height":323,"url":"https:\/\/thiant.fr\/wordpress\/jeunesse\/wp-content\/uploads\/sites\/2\/2020\/01\/ALSH-FEVRIER-2020.png","type":"image\/png"}],"author":"Service communication","twitter_card":"summary_large_image","twitter_misc":{"\u00c9crit par":"Service communication","Dur\u00e9e de lecture estim\u00e9e":"1 minute"},"schema":{"@context":"https:\/\/schema.org","@graph":[{"@type":"Article","@id":"https:\/\/thiant.fr\/wordpress\/jeunesse\/2020\/01\/22\/a-l-s-h-vacances-dhiver\/#article","isPartOf":{"@id":"https:\/\/thiant.fr\/wordpress\/jeunesse\/2020\/01\/22\/a-l-s-h-vacances-dhiver\/"},"author":{"name":"Service communication","@id":"https:\/\/thiant.fr\/wordpress\/jeunesse\/#\/schema\/person\/f41122130d18c0720657431d990451c6"},"headline":"A.L.S.H. Vacances d&#39;Hiver","datePublished":"2020-01-22T16:06:34+00:00","dateModified":"2020-01-22T16:18:51+00:00","mainEntityOfPage":{"@id":"https:\/\/thiant.fr\/wordpress\/jeunesse\/2020\/01\/22\/a-l-s-h-vacances-dhiver\/"},"wordCount":249,"publisher":{"@id":"https:\/\/thiant.fr\/wordpress\/jeunesse\/#organization"},"image":{"@id":"https:\/\/thiant.fr\/wordpress\/jeunesse\/2020\/01\/22\/a-l-s-h-vacances-dhiver\/#primaryimage"},"thumbnailUrl":"https:\/\/thiant.fr\/wordpress\/jeunesse\/wp-content\/uploads\/sites\/2\/2020\/01\/ALSH-FEVRIER-2020.png","articleSection":["ALSH","Jeunesse"],"inLanguage":"fr-FR"},{"@type":"WebPage","@id":"https:\/\/thiant.fr\/wordpress\/jeunesse\/2020\/01\/22\/a-l-s-h-vacances-dhiver\/","url":"https:\/\/thiant.fr\/wordpress\/jeunesse\/2020\/01\/22\/a-l-s-h-vacances-dhiver\/","name":"A.L.S.H. Vacances d&#39;Hiver - Espace jeunesse du site officiel de la Ville de Thiant","isPartOf":{"@id":"https:\/\/thiant.fr\/wordpress\/jeunesse\/#website"},"primaryImageOfPage":{"@id":"https:\/\/thiant.fr\/wordpress\/jeunesse\/2020\/01\/22\/a-l-s-h-vacances-dhiver\/#primaryimage"},"image":{"@id":"https:\/\/thiant.fr\/wordpress\/jeunesse\/2020\/01\/22\/a-l-s-h-vacances-dhiver\/#primaryimage"},"thumbnailUrl":"https:\/\/thiant.fr\/wordpress\/jeunesse\/wp-content\/uploads\/sites\/2\/2020\/01\/ALSH-FEVRIER-2020.png","datePublished":"2020-01-22T16:06:34+00:00","dateModified":"2020-01-22T16:18:51+00:00","breadcrumb":{"@id":"https:\/\/thiant.fr\/wordpress\/jeunesse\/2020\/01\/22\/a-l-s-h-vacances-dhiver\/#breadcrumb"},"inLanguage":"fr-FR","potentialAction":[{"@type":"ReadAction","target":["https:\/\/thiant.fr\/wordpress\/jeunesse\/2020\/01\/22\/a-l-s-h-vacances-dhiver\/"]}]},{"@type":"ImageObject","inLanguage":"fr-FR","@id":"https:\/\/thiant.fr\/wordpress\/jeunesse\/2020\/01\/22\/a-l-s-h-vacances-dhiver\/#primaryimage","url":"https:\/\/thiant.fr\/wordpress\/jeunesse\/wp-content\/uploads\/sites\/2\/2020\/01\/ALSH-FEVRIER-2020.png","contentUrl":"https:\/\/thiant.fr\/wordpress\/jeunesse\/wp-content\/uploads\/sites\/2\/2020\/01\/ALSH-FEVRIER-2020.png","width":404,"height":323},{"@type":"BreadcrumbList","@id":"https:\/\/thiant.fr\/wordpress\/jeunesse\/2020\/01\/22\/a-l-s-h-vacances-dhiver\/#breadcrumb","itemListElement":[{"@type":"ListItem","position":1,"name":"Accueil","item":"https:\/\/thiant.fr\/wordpress\/jeunesse\/"},{"@type":"ListItem","position":2,"name":"A.L.S.H. Vacances d&#39;Hiver"}]},{"@type":"WebSite","@id":"https:\/\/thiant.fr\/wordpress\/jeunesse\/#website","url":"https:\/\/thiant.fr\/wordpress\/jeunesse\/","name":"Espace jeunesse du site officiel de la Ville de Thiant","description":"","publisher":{"@id":"https:\/\/thiant.fr\/wordpress\/jeunesse\/#organization"},"potentialAction":[{"@type":"SearchAction","target":{"@type":"EntryPoint","urlTemplate":"https:\/\/thiant.fr\/wordpress\/jeunesse\/?s={search_term_string}"},"query-input":{"@type":"PropertyValueSpecification","valueRequired":true,"valueName":"search_term_string"}}],"inLanguage":"fr-FR"},{"@type":"Organization","@id":"https:\/\/thiant.fr\/wordpress\/jeunesse\/#organization","name":"Espace jeunesse du site officiel de la Ville de Thiant","url":"https:\/\/thiant.fr\/wordpress\/jeunesse\/","logo":{"@type":"ImageObject","inLanguage":"fr-FR","@id":"https:\/\/thiant.fr\/wordpress\/jeunesse\/#\/schema\/logo\/image\/","url":"https:\/\/thiant.fr\/wordpress\/jeunesse\/wp-content\/uploads\/sites\/2\/2019\/10\/Logo_jeunesse_02-1.png","contentUrl":"https:\/\/thiant.fr\/wordpress\/jeunesse\/wp-content\/uploads\/sites\/2\/2019\/10\/Logo_jeunesse_02-1.png","width":384,"height":203,"caption":"Espace jeunesse du site officiel de la Ville de Thiant"},"image":{"@id":"https:\/\/thiant.fr\/wordpress\/jeunesse\/#\/schema\/logo\/image\/"},"sameAs":["https:\/\/www.facebook.com\/commune.thiant.1"]},{"@type":"Person","@id":"https:\/\/thiant.fr\/wordpress\/jeunesse\/#\/schema\/person\/f41122130d18c0720657431d990451c6","name":"Service communication","image":{"@type":"ImageObject","inLanguage":"fr-FR","@id":"https:\/\/thiant.fr\/wordpress\/jeunesse\/wp-content\/litespeed\/avatar\/2\/eeb9098e5269f97d4e67fcd6f533ccb1.jpg?ver=1777455838","url":"https:\/\/thiant.fr\/wordpress\/jeunesse\/wp-content\/litespeed\/avatar\/2\/eeb9098e5269f97d4e67fcd6f533ccb1.jpg?ver=1777455838","contentUrl":"https:\/\/thiant.fr\/wordpress\/jeunesse\/wp-content\/litespeed\/avatar\/2\/eeb9098e5269f97d4e67fcd6f533ccb1.jpg?ver=1777455838","caption":"Service communication"},"url":"https:\/\/thiant.fr\/wordpress\/jeunesse\/author\/adminwpress\/"}]}},"_links":{"self":[{"href":"https:\/\/thiant.fr\/wordpress\/jeunesse\/wp-json\/wp\/v2\/posts\/277","targetHints":{"allow":["GET"]}}],"collection":[{"href":"https:\/\/thiant.fr\/wordpress\/jeunesse\/wp-json\/wp\/v2\/posts"}],"about":[{"href":"https:\/\/thiant.fr\/wordpress\/jeunesse\/wp-json\/wp\/v2\/types\/post"}],"author":[{"embeddable":true,"href":"https:\/\/thiant.fr\/wordpress\/jeunesse\/wp-json\/wp\/v2\/users\/1"}],"replies":[{"embeddable":true,"href":"https:\/\/thiant.fr\/wordpress\/jeunesse\/wp-json\/wp\/v2\/comments?post=277"}],"version-history":[{"count":3,"href":"https:\/\/thiant.fr\/wordpress\/jeunesse\/wp-json\/wp\/v2\/posts\/277\/revisions"}],"predecessor-version":[{"id":282,"href":"https:\/\/thiant.fr\/wordpress\/jeunesse\/wp-json\/wp\/v2\/posts\/277\/revisions\/282"}],"wp:featuredmedia":[{"embeddable":true,"href":"https:\/\/thiant.fr\/wordpress\/jeunesse\/wp-json\/wp\/v2\/media\/281"}],"wp:attachment":[{"href":"https:\/\/thiant.fr\/wordpress\/jeunesse\/wp-json\/wp\/v2\/media?parent=277"}],"wp:term":[{"taxonomy":"category","embeddable":true,"href":"https:\/\/thiant.fr\/wordpress\/jeunesse\/wp-json\/wp\/v2\/categories?post=277"},{"taxonomy":"post_tag","embeddable":true,"href":"https:\/\/thiant.fr\/wordpress\/jeunesse\/wp-json\/wp\/v2\/tags?post=277"}],"curies":[{"name":"wp","href":"https:\/\/api.w.org\/{rel}","templated":true}]}}