{"id":373,"date":"2020-03-24T19:02:14","date_gmt":"2020-03-24T18:02:14","guid":{"rendered":"https:\/\/thiant.fr\/wordpress\/jeunesse\/2020\/03\/24\/plateforme-de-mobilisation-citoyenne\/"},"modified":"2020-03-24T19:23:13","modified_gmt":"2020-03-24T18:23:13","slug":"plateforme-de-mobilisation-citoyenne","status":"publish","type":"post","link":"https:\/\/thiant.fr\/wordpress\/jeunesse\/2020\/03\/24\/plateforme-de-mobilisation-citoyenne\/","title":{"rendered":"Plateforme de mobilisation citoyenne"},"content":{"rendered":"\t\t<div data-elementor-type=\"wp-post\" data-elementor-id=\"373\" class=\"elementor elementor-373\">\n\t\t\t\t\t\t<section class=\"elementor-section elementor-top-section elementor-element elementor-element-7edb5f2 elementor-section-boxed elementor-section-height-default elementor-section-height-default\" data-id=\"7edb5f2\" data-element_type=\"section\" data-e-type=\"section\">\n\t\t\t\t\t\t<div class=\"elementor-container elementor-column-gap-default\">\n\t\t\t\t\t<div class=\"elementor-column elementor-col-100 elementor-top-column elementor-element elementor-element-69154bf\" data-id=\"69154bf\" data-element_type=\"column\" data-e-type=\"column\">\n\t\t\t<div class=\"elementor-widget-wrap elementor-element-populated\">\n\t\t\t\t\t\t<div class=\"elementor-element elementor-element-805cd1e elementor-widget elementor-widget-text-editor\" data-id=\"805cd1e\" data-element_type=\"widget\" data-e-type=\"widget\" data-widget_type=\"text-editor.default\">\n\t\t\t\t<div class=\"elementor-widget-container\">\n\t\t\t\t\t\t\t\t\t<h4><span style=\"color: #0000ff;\">Le Gouvernement lance la plateforme de mobilisation citoyenne \u00ab Je veux aider \u2013 r\u00e9serve civique covid 19 \u00bb<\/span><\/h4><p style=\"padding-left: 40px;\"><span style=\"color: #333333;\">Ce samedi 21 mars, Jacqueline Gourault, ministre de la Coh\u00e9sion des territoires et des Relations <\/span><span style=\"color: #333333;\">avec les collectivit\u00e9s territoriales a adress\u00e9 \u00e0 l\u2019ensemble des associations d\u2019\u00e9lus locaux un <\/span><span style=\"color: #333333;\">message relatif \u00e0 la mise en place du dispositif de la R\u00e9serve civique Covid-19.<\/span><\/p><p style=\"padding-left: 40px;\"><span style=\"color: #333333;\">Afin de garantir la continuit\u00e9 des activit\u00e9s des associations, vitales pour les plus pr\u00e9caires, et de <\/span><span style=\"color: #333333;\">rompre l\u2019isolement des plus vuln\u00e9rables, le Gouvernement lance la plateforme \u00ab Je veux aider \u2013 <\/span><span style=\"color: #333333;\">R\u00e9serve civique Covid-19 \u00bb.<\/span><\/p><p style=\"padding-left: 40px;\"><span style=\"color: #333333;\">Elle permet une mise en relation entre des structures (associations, CCAS, MDPH, collectivit\u00e9s, <\/span><span style=\"color: #333333;\">op\u00e9rateurs publics\u2026) qui font \u00e9tat de leurs besoins de renforts autour de 4 missions prioritaires <\/span><span style=\"color: #333333;\">et des Fran\u00e7ais volontaires (\u00e2g\u00e9s entre 18 et 70 ans) qui peuvent donner de leur temps et <\/span><span style=\"color: #333333;\">proposent leur aide pour garder le lien avec les personnes les plus isol\u00e9es, sous le statut de <\/span><span style=\"color: #333333;\"><strong>\u00ab r\u00e9serviste civique \u00bb<\/strong>, statut cr\u00e9\u00e9 par la loi du 27 janvier 2017 relative \u00e0 l&#8217;\u00e9galit\u00e9 et \u00e0 la <\/span><span style=\"color: #333333;\">citoyennet\u00e9. Certaines missions peuvent se r\u00e9aliser depuis chez soi, d\u2019autres non et dans tous <\/span><span style=\"color: #333333;\">les cas les consignes sanitaires et de confinement sont int\u00e9gr\u00e9es.<\/span><\/p><h6 style=\"padding-left: 40px;\"><span style=\"color: #008000;\">Les 4 missions prioritaires sont :<\/span><\/h6><p style=\"padding-left: 80px;\"><span style=\"color: #333333;\"><strong>1. Aide alimentaire et aide d\u2019urgence :<\/strong> \u00ab je r\u00e9cup\u00e8re et distribue des produits de premi\u00e8re <\/span><span style=\"color: #333333;\">n\u00e9cessit\u00e9 aux plus d\u00e9munis (aliments, hygi\u00e8ne\u2026), notamment dans les points habituels de <\/span><span style=\"color: #333333;\">distribution de repas ou aupr\u00e8s des centres d\u2019h\u00e9bergement d\u2019urgence \u00bb.<\/span><\/p><p style=\"padding-left: 80px;\"><span style=\"color: #333333;\"><strong>2. Garde exceptionnelle d\u2019enfants :<\/strong> \u00ab je relaie les professeurs dans la garde des enfants de <\/span><span style=\"color: #333333;\">soignants dans les \u00e9coles ou au sein d\u2019une structure de l\u2019Aide Sociale \u00e0 l\u2019Enfance \u00bb.<\/span><\/p><p style=\"padding-left: 80px;\"><span style=\"color: #333333;\"><strong>3. Lien avec les personnes fragiles isol\u00e9es :<\/strong> \u00ab je maintiens un lien (t\u00e9l\u00e9phone, visio, mail, \u2026) <\/span><span style=\"color: #333333;\">avec des personnes fragiles isol\u00e9es (\u00e2g\u00e9es, situation de handicap, etc.) \u00bb.<\/span><\/p><p style=\"padding-left: 80px;\"><span style=\"color: #333333;\"><strong>4. Solidarit\u00e9 de proximit\u00e9 :<\/strong> \u00ab je fais les courses de produits essentiels pour mes voisins les plus <\/span><span style=\"color: #333333;\">fragiles (personnes \u00e2g\u00e9es, handicap\u00e9es, malades, etc).<\/span><\/p><p style=\"padding-left: 40px;\"><span style=\"color: #333333;\">La plateforme permet \u00e9galement de t\u00e9l\u00e9charger un kit \u00e9labor\u00e9 par l\u2019association \u00ab Voisins <\/span><span style=\"color: #333333;\">solidaires \u00bb pour permettre \u00e0 chacun d\u2019\u00eatre acteur d\u2019une solidarit\u00e9 de proximit\u00e9.<\/span><\/p><p style=\"padding-left: 40px;\"><span style=\"color: #333333;\">L\u2019adresse de la plateforme de mobilisation citoyenne est : <a href=\"https:\/\/covid19.reserve-civique.gouv.fr\/ taget=\">https:\/\/covid19.reserve-civique.gouv.fr\/<\/a><\/span><\/p>\t\t\t\t\t\t\t\t<\/div>\n\t\t\t\t<\/div>\n\t\t\t\t\t<\/div>\n\t\t<\/div>\n\t\t\t\t\t<\/div>\n\t\t<\/section>\n\t\t\t\t<\/div>\n\t\t","protected":false},"excerpt":{"rendered":"<p>Le Gouvernement lance la plateforme de mobilisation citoyenne \u00ab Je veux aider \u2013 r\u00e9serve civique covid 19 \u00bb Ce samedi 21 mars, Jacqueline Gourault, ministre de la Coh\u00e9sion des territoires et des Relations avec les collectivit\u00e9s territoriales a adress\u00e9 \u00e0 l\u2019ensemble des associations d\u2019\u00e9lus locaux un message relatif \u00e0 la mise en place du dispositif [&hellip;]<\/p>\n","protected":false},"author":1,"featured_media":374,"comment_status":"closed","ping_status":"closed","sticky":false,"template":"","format":"standard","meta":{"_crdt_document":"","ocean_post_layout":"","ocean_both_sidebars_style":"","ocean_both_sidebars_content_width":0,"ocean_both_sidebars_sidebars_width":0,"ocean_sidebar":"","ocean_second_sidebar":"","ocean_disable_margins":"enable","ocean_add_body_class":"","ocean_shortcode_before_top_bar":"","ocean_shortcode_after_top_bar":"","ocean_shortcode_before_header":"","ocean_shortcode_after_header":"","ocean_has_shortcode":"","ocean_shortcode_after_title":"","ocean_shortcode_before_footer_widgets":"","ocean_shortcode_after_footer_widgets":"","ocean_shortcode_before_footer_bottom":"","ocean_shortcode_after_footer_bottom":"","ocean_display_top_bar":"default","ocean_display_header":"default","ocean_header_style":"","ocean_center_header_left_menu":"","ocean_custom_header_template":"","ocean_custom_logo":0,"ocean_custom_retina_logo":0,"ocean_custom_logo_max_width":0,"ocean_custom_logo_tablet_max_width":0,"ocean_custom_logo_mobile_max_width":0,"ocean_custom_logo_max_height":0,"ocean_custom_logo_tablet_max_height":0,"ocean_custom_logo_mobile_max_height":0,"ocean_header_custom_menu":"","ocean_menu_typo_font_family":"","ocean_menu_typo_font_subset":"","ocean_menu_typo_font_size":0,"ocean_menu_typo_font_size_tablet":0,"ocean_menu_typo_font_size_mobile":0,"ocean_menu_typo_font_size_unit":"px","ocean_menu_typo_font_weight":"","ocean_menu_typo_font_weight_tablet":"","ocean_menu_typo_font_weight_mobile":"","ocean_menu_typo_transform":"","ocean_menu_typo_transform_tablet":"","ocean_menu_typo_transform_mobile":"","ocean_menu_typo_line_height":0,"ocean_menu_typo_line_height_tablet":0,"ocean_menu_typo_line_height_mobile":0,"ocean_menu_typo_line_height_unit":"","ocean_menu_typo_spacing":0,"ocean_menu_typo_spacing_tablet":0,"ocean_menu_typo_spacing_mobile":0,"ocean_menu_typo_spacing_unit":"","ocean_menu_link_color":"","ocean_menu_link_color_hover":"","ocean_menu_link_color_active":"","ocean_menu_link_background":"","ocean_menu_link_hover_background":"","ocean_menu_link_active_background":"","ocean_menu_social_links_bg":"","ocean_menu_social_hover_links_bg":"","ocean_menu_social_links_color":"","ocean_menu_social_hover_links_color":"","ocean_disable_title":"default","ocean_disable_heading":"default","ocean_post_title":"","ocean_post_subheading":"","ocean_post_title_style":"","ocean_post_title_background_color":"","ocean_post_title_background":0,"ocean_post_title_bg_image_position":"","ocean_post_title_bg_image_attachment":"","ocean_post_title_bg_image_repeat":"","ocean_post_title_bg_image_size":"","ocean_post_title_height":0,"ocean_post_title_bg_overlay":0.5,"ocean_post_title_bg_overlay_color":"","ocean_disable_breadcrumbs":"default","ocean_breadcrumbs_color":"","ocean_breadcrumbs_separator_color":"","ocean_breadcrumbs_links_color":"","ocean_breadcrumbs_links_hover_color":"","ocean_display_footer_widgets":"default","ocean_display_footer_bottom":"default","ocean_custom_footer_template":"","ocean_post_oembed":"","ocean_post_self_hosted_media":"","ocean_post_video_embed":"","ocean_link_format":"","ocean_link_format_target":"self","ocean_quote_format":"","ocean_quote_format_link":"post","ocean_gallery_link_images":"on","ocean_gallery_id":[],"footnotes":""},"categories":[131,140,57],"tags":[141,77,109,142,143,144,145,146,147,148],"class_list":["post-373","post","type-post","status-publish","format-standard","has-post-thumbnail","hentry","category-actualites-municipales","category-covid-19","category-securite","tag-aide-alimentaire","tag-coronavirus","tag-covid-19","tag-je-veux-aider","tag-personnes-fragiles-isolees","tag-plateforme-mobilisation-citoyenne","tag-reserve-civique","tag-reserviste-civique","tag-solidarite-de-proximite","tag-voisins-solidaires","entry","has-media"],"yoast_head":"<!-- This site is optimized with the Yoast SEO plugin v27.3 - https:\/\/yoast.com\/product\/yoast-seo-wordpress\/ -->\n<title>Plateforme de mobilisation citoyenne - Espace jeunesse du site officiel de la Ville de Thiant<\/title>\n<meta name=\"robots\" content=\"index, follow, max-snippet:-1, max-image-preview:large, max-video-preview:-1\" \/>\n<link rel=\"canonical\" href=\"https:\/\/thiant.fr\/wordpress\/jeunesse\/2020\/03\/24\/plateforme-de-mobilisation-citoyenne\/\" \/>\n<meta property=\"og:locale\" content=\"fr_FR\" \/>\n<meta property=\"og:type\" content=\"article\" \/>\n<meta property=\"og:title\" content=\"Plateforme de mobilisation citoyenne - Espace jeunesse du site officiel de la Ville de Thiant\" \/>\n<meta property=\"og:description\" content=\"Le Gouvernement lance la plateforme de mobilisation citoyenne \u00ab Je veux aider \u2013 r\u00e9serve civique covid 19 \u00bb Ce samedi 21 mars, Jacqueline Gourault, ministre de la Coh\u00e9sion des territoires et des Relations avec les collectivit\u00e9s territoriales a adress\u00e9 \u00e0 l\u2019ensemble des associations d\u2019\u00e9lus locaux un message relatif \u00e0 la mise en place du dispositif [&hellip;]\" \/>\n<meta property=\"og:url\" content=\"https:\/\/thiant.fr\/wordpress\/jeunesse\/2020\/03\/24\/plateforme-de-mobilisation-citoyenne\/\" \/>\n<meta property=\"og:site_name\" content=\"Espace jeunesse du site officiel de la Ville de Thiant\" \/>\n<meta property=\"article:publisher\" content=\"https:\/\/www.facebook.com\/commune.thiant.1\" \/>\n<meta property=\"article:published_time\" content=\"2020-03-24T18:02:14+00:00\" \/>\n<meta property=\"article:modified_time\" content=\"2020-03-24T18:23:13+00:00\" \/>\n<meta property=\"og:image\" content=\"https:\/\/thiant.fr\/wordpress\/jeunesse\/wp-content\/uploads\/sites\/2\/2020\/03\/Prefet-du-nord.jpg\" \/>\n\t<meta property=\"og:image:width\" content=\"469\" \/>\n\t<meta property=\"og:image:height\" content=\"408\" \/>\n\t<meta property=\"og:image:type\" content=\"image\/jpeg\" \/>\n<meta name=\"author\" content=\"Service communication\" \/>\n<meta name=\"twitter:card\" content=\"summary_large_image\" \/>\n<meta name=\"twitter:label1\" content=\"\u00c9crit par\" \/>\n\t<meta name=\"twitter:data1\" content=\"Service communication\" \/>\n\t<meta name=\"twitter:label2\" content=\"Dur\u00e9e de lecture estim\u00e9e\" \/>\n\t<meta name=\"twitter:data2\" content=\"2 minutes\" \/>\n<script type=\"application\/ld+json\" class=\"yoast-schema-graph\">{\"@context\":\"https:\\\/\\\/schema.org\",\"@graph\":[{\"@type\":\"Article\",\"@id\":\"https:\\\/\\\/thiant.fr\\\/wordpress\\\/jeunesse\\\/2020\\\/03\\\/24\\\/plateforme-de-mobilisation-citoyenne\\\/#article\",\"isPartOf\":{\"@id\":\"https:\\\/\\\/thiant.fr\\\/wordpress\\\/jeunesse\\\/2020\\\/03\\\/24\\\/plateforme-de-mobilisation-citoyenne\\\/\"},\"author\":{\"name\":\"Service communication\",\"@id\":\"https:\\\/\\\/thiant.fr\\\/wordpress\\\/jeunesse\\\/#\\\/schema\\\/person\\\/f41122130d18c0720657431d990451c6\"},\"headline\":\"Plateforme de mobilisation citoyenne\",\"datePublished\":\"2020-03-24T18:02:14+00:00\",\"dateModified\":\"2020-03-24T18:23:13+00:00\",\"mainEntityOfPage\":{\"@id\":\"https:\\\/\\\/thiant.fr\\\/wordpress\\\/jeunesse\\\/2020\\\/03\\\/24\\\/plateforme-de-mobilisation-citoyenne\\\/\"},\"wordCount\":378,\"publisher\":{\"@id\":\"https:\\\/\\\/thiant.fr\\\/wordpress\\\/jeunesse\\\/#organization\"},\"image\":{\"@id\":\"https:\\\/\\\/thiant.fr\\\/wordpress\\\/jeunesse\\\/2020\\\/03\\\/24\\\/plateforme-de-mobilisation-citoyenne\\\/#primaryimage\"},\"thumbnailUrl\":\"https:\\\/\\\/thiant.fr\\\/wordpress\\\/jeunesse\\\/wp-content\\\/uploads\\\/sites\\\/2\\\/2020\\\/03\\\/Prefet-du-nord.jpg\",\"keywords\":[\"aide alimentaire\",\"coronavirus\",\"COVID-19\",\"je veux aider\",\"personnes fragiles isol\u00e9es\",\"plateforme mobilisation citoyenne\",\"reserve civique\",\"r\u00e9serviste civique\",\"solidarit\u00e9 de proximit\u00e9\",\"voisins solidaires\"],\"articleSection\":[\"Actualit\u00e9s municipales\",\"COVID-19\",\"s\u00e9curit\u00e9\"],\"inLanguage\":\"fr-FR\"},{\"@type\":\"WebPage\",\"@id\":\"https:\\\/\\\/thiant.fr\\\/wordpress\\\/jeunesse\\\/2020\\\/03\\\/24\\\/plateforme-de-mobilisation-citoyenne\\\/\",\"url\":\"https:\\\/\\\/thiant.fr\\\/wordpress\\\/jeunesse\\\/2020\\\/03\\\/24\\\/plateforme-de-mobilisation-citoyenne\\\/\",\"name\":\"Plateforme de mobilisation citoyenne - Espace jeunesse du site officiel de la Ville de Thiant\",\"isPartOf\":{\"@id\":\"https:\\\/\\\/thiant.fr\\\/wordpress\\\/jeunesse\\\/#website\"},\"primaryImageOfPage\":{\"@id\":\"https:\\\/\\\/thiant.fr\\\/wordpress\\\/jeunesse\\\/2020\\\/03\\\/24\\\/plateforme-de-mobilisation-citoyenne\\\/#primaryimage\"},\"image\":{\"@id\":\"https:\\\/\\\/thiant.fr\\\/wordpress\\\/jeunesse\\\/2020\\\/03\\\/24\\\/plateforme-de-mobilisation-citoyenne\\\/#primaryimage\"},\"thumbnailUrl\":\"https:\\\/\\\/thiant.fr\\\/wordpress\\\/jeunesse\\\/wp-content\\\/uploads\\\/sites\\\/2\\\/2020\\\/03\\\/Prefet-du-nord.jpg\",\"datePublished\":\"2020-03-24T18:02:14+00:00\",\"dateModified\":\"2020-03-24T18:23:13+00:00\",\"breadcrumb\":{\"@id\":\"https:\\\/\\\/thiant.fr\\\/wordpress\\\/jeunesse\\\/2020\\\/03\\\/24\\\/plateforme-de-mobilisation-citoyenne\\\/#breadcrumb\"},\"inLanguage\":\"fr-FR\",\"potentialAction\":[{\"@type\":\"ReadAction\",\"target\":[\"https:\\\/\\\/thiant.fr\\\/wordpress\\\/jeunesse\\\/2020\\\/03\\\/24\\\/plateforme-de-mobilisation-citoyenne\\\/\"]}]},{\"@type\":\"ImageObject\",\"inLanguage\":\"fr-FR\",\"@id\":\"https:\\\/\\\/thiant.fr\\\/wordpress\\\/jeunesse\\\/2020\\\/03\\\/24\\\/plateforme-de-mobilisation-citoyenne\\\/#primaryimage\",\"url\":\"https:\\\/\\\/thiant.fr\\\/wordpress\\\/jeunesse\\\/wp-content\\\/uploads\\\/sites\\\/2\\\/2020\\\/03\\\/Prefet-du-nord.jpg\",\"contentUrl\":\"https:\\\/\\\/thiant.fr\\\/wordpress\\\/jeunesse\\\/wp-content\\\/uploads\\\/sites\\\/2\\\/2020\\\/03\\\/Prefet-du-nord.jpg\",\"width\":469,\"height\":408},{\"@type\":\"BreadcrumbList\",\"@id\":\"https:\\\/\\\/thiant.fr\\\/wordpress\\\/jeunesse\\\/2020\\\/03\\\/24\\\/plateforme-de-mobilisation-citoyenne\\\/#breadcrumb\",\"itemListElement\":[{\"@type\":\"ListItem\",\"position\":1,\"name\":\"Accueil\",\"item\":\"https:\\\/\\\/thiant.fr\\\/wordpress\\\/jeunesse\\\/\"},{\"@type\":\"ListItem\",\"position\":2,\"name\":\"Plateforme de mobilisation citoyenne\"}]},{\"@type\":\"WebSite\",\"@id\":\"https:\\\/\\\/thiant.fr\\\/wordpress\\\/jeunesse\\\/#website\",\"url\":\"https:\\\/\\\/thiant.fr\\\/wordpress\\\/jeunesse\\\/\",\"name\":\"Espace jeunesse du site officiel de la Ville de Thiant\",\"description\":\"\",\"publisher\":{\"@id\":\"https:\\\/\\\/thiant.fr\\\/wordpress\\\/jeunesse\\\/#organization\"},\"potentialAction\":[{\"@type\":\"SearchAction\",\"target\":{\"@type\":\"EntryPoint\",\"urlTemplate\":\"https:\\\/\\\/thiant.fr\\\/wordpress\\\/jeunesse\\\/?s={search_term_string}\"},\"query-input\":{\"@type\":\"PropertyValueSpecification\",\"valueRequired\":true,\"valueName\":\"search_term_string\"}}],\"inLanguage\":\"fr-FR\"},{\"@type\":\"Organization\",\"@id\":\"https:\\\/\\\/thiant.fr\\\/wordpress\\\/jeunesse\\\/#organization\",\"name\":\"Espace jeunesse du site officiel de la Ville de Thiant\",\"url\":\"https:\\\/\\\/thiant.fr\\\/wordpress\\\/jeunesse\\\/\",\"logo\":{\"@type\":\"ImageObject\",\"inLanguage\":\"fr-FR\",\"@id\":\"https:\\\/\\\/thiant.fr\\\/wordpress\\\/jeunesse\\\/#\\\/schema\\\/logo\\\/image\\\/\",\"url\":\"https:\\\/\\\/thiant.fr\\\/wordpress\\\/jeunesse\\\/wp-content\\\/uploads\\\/sites\\\/2\\\/2019\\\/10\\\/Logo_jeunesse_02-1.png\",\"contentUrl\":\"https:\\\/\\\/thiant.fr\\\/wordpress\\\/jeunesse\\\/wp-content\\\/uploads\\\/sites\\\/2\\\/2019\\\/10\\\/Logo_jeunesse_02-1.png\",\"width\":384,\"height\":203,\"caption\":\"Espace jeunesse du site officiel de la Ville de Thiant\"},\"image\":{\"@id\":\"https:\\\/\\\/thiant.fr\\\/wordpress\\\/jeunesse\\\/#\\\/schema\\\/logo\\\/image\\\/\"},\"sameAs\":[\"https:\\\/\\\/www.facebook.com\\\/commune.thiant.1\"]},{\"@type\":\"Person\",\"@id\":\"https:\\\/\\\/thiant.fr\\\/wordpress\\\/jeunesse\\\/#\\\/schema\\\/person\\\/f41122130d18c0720657431d990451c6\",\"name\":\"Service communication\",\"image\":{\"@type\":\"ImageObject\",\"inLanguage\":\"fr-FR\",\"@id\":\"https:\\\/\\\/thiant.fr\\\/wordpress\\\/jeunesse\\\/wp-content\\\/litespeed\\\/avatar\\\/2\\\/eeb9098e5269f97d4e67fcd6f533ccb1.jpg?ver=1777455838\",\"url\":\"https:\\\/\\\/thiant.fr\\\/wordpress\\\/jeunesse\\\/wp-content\\\/litespeed\\\/avatar\\\/2\\\/eeb9098e5269f97d4e67fcd6f533ccb1.jpg?ver=1777455838\",\"contentUrl\":\"https:\\\/\\\/thiant.fr\\\/wordpress\\\/jeunesse\\\/wp-content\\\/litespeed\\\/avatar\\\/2\\\/eeb9098e5269f97d4e67fcd6f533ccb1.jpg?ver=1777455838\",\"caption\":\"Service communication\"},\"url\":\"https:\\\/\\\/thiant.fr\\\/wordpress\\\/jeunesse\\\/author\\\/adminwpress\\\/\"}]}<\/script>\n<!-- \/ Yoast SEO plugin. -->","yoast_head_json":{"title":"Plateforme de mobilisation citoyenne - Espace jeunesse du site officiel de la Ville de Thiant","robots":{"index":"index","follow":"follow","max-snippet":"max-snippet:-1","max-image-preview":"max-image-preview:large","max-video-preview":"max-video-preview:-1"},"canonical":"https:\/\/thiant.fr\/wordpress\/jeunesse\/2020\/03\/24\/plateforme-de-mobilisation-citoyenne\/","og_locale":"fr_FR","og_type":"article","og_title":"Plateforme de mobilisation citoyenne - Espace jeunesse du site officiel de la Ville de Thiant","og_description":"Le Gouvernement lance la plateforme de mobilisation citoyenne \u00ab Je veux aider \u2013 r\u00e9serve civique covid 19 \u00bb Ce samedi 21 mars, Jacqueline Gourault, ministre de la Coh\u00e9sion des territoires et des Relations avec les collectivit\u00e9s territoriales a adress\u00e9 \u00e0 l\u2019ensemble des associations d\u2019\u00e9lus locaux un message relatif \u00e0 la mise en place du dispositif [&hellip;]","og_url":"https:\/\/thiant.fr\/wordpress\/jeunesse\/2020\/03\/24\/plateforme-de-mobilisation-citoyenne\/","og_site_name":"Espace jeunesse du site officiel de la Ville de Thiant","article_publisher":"https:\/\/www.facebook.com\/commune.thiant.1","article_published_time":"2020-03-24T18:02:14+00:00","article_modified_time":"2020-03-24T18:23:13+00:00","og_image":[{"width":469,"height":408,"url":"https:\/\/thiant.fr\/wordpress\/jeunesse\/wp-content\/uploads\/sites\/2\/2020\/03\/Prefet-du-nord.jpg","type":"image\/jpeg"}],"author":"Service communication","twitter_card":"summary_large_image","twitter_misc":{"\u00c9crit par":"Service communication","Dur\u00e9e de lecture estim\u00e9e":"2 minutes"},"schema":{"@context":"https:\/\/schema.org","@graph":[{"@type":"Article","@id":"https:\/\/thiant.fr\/wordpress\/jeunesse\/2020\/03\/24\/plateforme-de-mobilisation-citoyenne\/#article","isPartOf":{"@id":"https:\/\/thiant.fr\/wordpress\/jeunesse\/2020\/03\/24\/plateforme-de-mobilisation-citoyenne\/"},"author":{"name":"Service communication","@id":"https:\/\/thiant.fr\/wordpress\/jeunesse\/#\/schema\/person\/f41122130d18c0720657431d990451c6"},"headline":"Plateforme de mobilisation citoyenne","datePublished":"2020-03-24T18:02:14+00:00","dateModified":"2020-03-24T18:23:13+00:00","mainEntityOfPage":{"@id":"https:\/\/thiant.fr\/wordpress\/jeunesse\/2020\/03\/24\/plateforme-de-mobilisation-citoyenne\/"},"wordCount":378,"publisher":{"@id":"https:\/\/thiant.fr\/wordpress\/jeunesse\/#organization"},"image":{"@id":"https:\/\/thiant.fr\/wordpress\/jeunesse\/2020\/03\/24\/plateforme-de-mobilisation-citoyenne\/#primaryimage"},"thumbnailUrl":"https:\/\/thiant.fr\/wordpress\/jeunesse\/wp-content\/uploads\/sites\/2\/2020\/03\/Prefet-du-nord.jpg","keywords":["aide alimentaire","coronavirus","COVID-19","je veux aider","personnes fragiles isol\u00e9es","plateforme mobilisation citoyenne","reserve civique","r\u00e9serviste civique","solidarit\u00e9 de proximit\u00e9","voisins solidaires"],"articleSection":["Actualit\u00e9s municipales","COVID-19","s\u00e9curit\u00e9"],"inLanguage":"fr-FR"},{"@type":"WebPage","@id":"https:\/\/thiant.fr\/wordpress\/jeunesse\/2020\/03\/24\/plateforme-de-mobilisation-citoyenne\/","url":"https:\/\/thiant.fr\/wordpress\/jeunesse\/2020\/03\/24\/plateforme-de-mobilisation-citoyenne\/","name":"Plateforme de mobilisation citoyenne - Espace jeunesse du site officiel de la Ville de Thiant","isPartOf":{"@id":"https:\/\/thiant.fr\/wordpress\/jeunesse\/#website"},"primaryImageOfPage":{"@id":"https:\/\/thiant.fr\/wordpress\/jeunesse\/2020\/03\/24\/plateforme-de-mobilisation-citoyenne\/#primaryimage"},"image":{"@id":"https:\/\/thiant.fr\/wordpress\/jeunesse\/2020\/03\/24\/plateforme-de-mobilisation-citoyenne\/#primaryimage"},"thumbnailUrl":"https:\/\/thiant.fr\/wordpress\/jeunesse\/wp-content\/uploads\/sites\/2\/2020\/03\/Prefet-du-nord.jpg","datePublished":"2020-03-24T18:02:14+00:00","dateModified":"2020-03-24T18:23:13+00:00","breadcrumb":{"@id":"https:\/\/thiant.fr\/wordpress\/jeunesse\/2020\/03\/24\/plateforme-de-mobilisation-citoyenne\/#breadcrumb"},"inLanguage":"fr-FR","potentialAction":[{"@type":"ReadAction","target":["https:\/\/thiant.fr\/wordpress\/jeunesse\/2020\/03\/24\/plateforme-de-mobilisation-citoyenne\/"]}]},{"@type":"ImageObject","inLanguage":"fr-FR","@id":"https:\/\/thiant.fr\/wordpress\/jeunesse\/2020\/03\/24\/plateforme-de-mobilisation-citoyenne\/#primaryimage","url":"https:\/\/thiant.fr\/wordpress\/jeunesse\/wp-content\/uploads\/sites\/2\/2020\/03\/Prefet-du-nord.jpg","contentUrl":"https:\/\/thiant.fr\/wordpress\/jeunesse\/wp-content\/uploads\/sites\/2\/2020\/03\/Prefet-du-nord.jpg","width":469,"height":408},{"@type":"BreadcrumbList","@id":"https:\/\/thiant.fr\/wordpress\/jeunesse\/2020\/03\/24\/plateforme-de-mobilisation-citoyenne\/#breadcrumb","itemListElement":[{"@type":"ListItem","position":1,"name":"Accueil","item":"https:\/\/thiant.fr\/wordpress\/jeunesse\/"},{"@type":"ListItem","position":2,"name":"Plateforme de mobilisation citoyenne"}]},{"@type":"WebSite","@id":"https:\/\/thiant.fr\/wordpress\/jeunesse\/#website","url":"https:\/\/thiant.fr\/wordpress\/jeunesse\/","name":"Espace jeunesse du site officiel de la Ville de Thiant","description":"","publisher":{"@id":"https:\/\/thiant.fr\/wordpress\/jeunesse\/#organization"},"potentialAction":[{"@type":"SearchAction","target":{"@type":"EntryPoint","urlTemplate":"https:\/\/thiant.fr\/wordpress\/jeunesse\/?s={search_term_string}"},"query-input":{"@type":"PropertyValueSpecification","valueRequired":true,"valueName":"search_term_string"}}],"inLanguage":"fr-FR"},{"@type":"Organization","@id":"https:\/\/thiant.fr\/wordpress\/jeunesse\/#organization","name":"Espace jeunesse du site officiel de la Ville de Thiant","url":"https:\/\/thiant.fr\/wordpress\/jeunesse\/","logo":{"@type":"ImageObject","inLanguage":"fr-FR","@id":"https:\/\/thiant.fr\/wordpress\/jeunesse\/#\/schema\/logo\/image\/","url":"https:\/\/thiant.fr\/wordpress\/jeunesse\/wp-content\/uploads\/sites\/2\/2019\/10\/Logo_jeunesse_02-1.png","contentUrl":"https:\/\/thiant.fr\/wordpress\/jeunesse\/wp-content\/uploads\/sites\/2\/2019\/10\/Logo_jeunesse_02-1.png","width":384,"height":203,"caption":"Espace jeunesse du site officiel de la Ville de Thiant"},"image":{"@id":"https:\/\/thiant.fr\/wordpress\/jeunesse\/#\/schema\/logo\/image\/"},"sameAs":["https:\/\/www.facebook.com\/commune.thiant.1"]},{"@type":"Person","@id":"https:\/\/thiant.fr\/wordpress\/jeunesse\/#\/schema\/person\/f41122130d18c0720657431d990451c6","name":"Service communication","image":{"@type":"ImageObject","inLanguage":"fr-FR","@id":"https:\/\/thiant.fr\/wordpress\/jeunesse\/wp-content\/litespeed\/avatar\/2\/eeb9098e5269f97d4e67fcd6f533ccb1.jpg?ver=1777455838","url":"https:\/\/thiant.fr\/wordpress\/jeunesse\/wp-content\/litespeed\/avatar\/2\/eeb9098e5269f97d4e67fcd6f533ccb1.jpg?ver=1777455838","contentUrl":"https:\/\/thiant.fr\/wordpress\/jeunesse\/wp-content\/litespeed\/avatar\/2\/eeb9098e5269f97d4e67fcd6f533ccb1.jpg?ver=1777455838","caption":"Service communication"},"url":"https:\/\/thiant.fr\/wordpress\/jeunesse\/author\/adminwpress\/"}]}},"_links":{"self":[{"href":"https:\/\/thiant.fr\/wordpress\/jeunesse\/wp-json\/wp\/v2\/posts\/373","targetHints":{"allow":["GET"]}}],"collection":[{"href":"https:\/\/thiant.fr\/wordpress\/jeunesse\/wp-json\/wp\/v2\/posts"}],"about":[{"href":"https:\/\/thiant.fr\/wordpress\/jeunesse\/wp-json\/wp\/v2\/types\/post"}],"author":[{"embeddable":true,"href":"https:\/\/thiant.fr\/wordpress\/jeunesse\/wp-json\/wp\/v2\/users\/1"}],"replies":[{"embeddable":true,"href":"https:\/\/thiant.fr\/wordpress\/jeunesse\/wp-json\/wp\/v2\/comments?post=373"}],"version-history":[{"count":0,"href":"https:\/\/thiant.fr\/wordpress\/jeunesse\/wp-json\/wp\/v2\/posts\/373\/revisions"}],"wp:featuredmedia":[{"embeddable":true,"href":"https:\/\/thiant.fr\/wordpress\/jeunesse\/wp-json\/wp\/v2\/media\/374"}],"wp:attachment":[{"href":"https:\/\/thiant.fr\/wordpress\/jeunesse\/wp-json\/wp\/v2\/media?parent=373"}],"wp:term":[{"taxonomy":"category","embeddable":true,"href":"https:\/\/thiant.fr\/wordpress\/jeunesse\/wp-json\/wp\/v2\/categories?post=373"},{"taxonomy":"post_tag","embeddable":true,"href":"https:\/\/thiant.fr\/wordpress\/jeunesse\/wp-json\/wp\/v2\/tags?post=373"}],"curies":[{"name":"wp","href":"https:\/\/api.w.org\/{rel}","templated":true}]}}