{"id":758,"date":"2021-03-08T17:11:11","date_gmt":"2021-03-08T16:11:11","guid":{"rendered":"https:\/\/thiant.fr\/wordpress\/jeunesse\/?p=758"},"modified":"2021-03-09T09:46:27","modified_gmt":"2021-03-09T08:46:27","slug":"covid-19-point-sur-la-vaccination","status":"publish","type":"post","link":"https:\/\/thiant.fr\/wordpress\/jeunesse\/2021\/03\/08\/covid-19-point-sur-la-vaccination\/","title":{"rendered":"COVID-19 : Point sur la vaccination"},"content":{"rendered":"\t\t<div data-elementor-type=\"wp-post\" data-elementor-id=\"758\" class=\"elementor elementor-758\">\n\t\t\t\t\t\t<section class=\"elementor-section elementor-top-section elementor-element elementor-element-195fc6b elementor-section-boxed elementor-section-height-default elementor-section-height-default\" data-id=\"195fc6b\" data-element_type=\"section\" data-e-type=\"section\">\n\t\t\t\t\t\t<div class=\"elementor-container elementor-column-gap-default\">\n\t\t\t\t\t<div class=\"elementor-column elementor-col-100 elementor-top-column elementor-element elementor-element-a1e9ac9\" data-id=\"a1e9ac9\" data-element_type=\"column\" data-e-type=\"column\">\n\t\t\t<div class=\"elementor-widget-wrap elementor-element-populated\">\n\t\t\t\t\t\t<div class=\"elementor-element elementor-element-73fc1c5 elementor-widget elementor-widget-text-editor\" data-id=\"73fc1c5\" data-element_type=\"widget\" data-e-type=\"widget\" data-widget_type=\"text-editor.default\">\n\t\t\t\t<div class=\"elementor-widget-container\">\n\t\t\t\t\t\t\t\t\t<p><strong><span style=\"color: #333333;\">La vaccination a v\u00e9ritablement d\u00e9but\u00e9 dans la r\u00e9gion le 4 janvier. Gr\u00e2ce \u00e0 la mobilisation de l\u2019ARS, des professionnels de sant\u00e9 et des collectivit\u00e9s, les Hauts-de-France sont l\u2019une des r\u00e9gions les mieux dot\u00e9es du pays en centres de vaccination. Plus de 100 sites de vaccination couvrent ainsi notre territoire et facilitent l\u2019acc\u00e8s des habitants \u00e0 la protection vaccinale. La vaccination se d\u00e9ploie ainsi progressivement dans tous les d\u00e9partements, au fur et \u00e0 mesure de l\u2019arriv\u00e9e des vaccins. A ce jour, 270 482 injections ont \u00e9t\u00e9 effectu\u00e9es et 105 151 personnes sont pleinement vaccin\u00e9es dans la r\u00e9gion.<\/span><\/strong><\/p><h3><span style=\"color: #000080;\">Qui peut se faire vacciner ?<\/span><\/h3><p style=\"padding-left: 40px;\"><span style=\"color: #333333;\">La strat\u00e9gie vaccinale d\u00e9cid\u00e9e au niveau national vise \u00e0 proposer \u00e0 tous, au fur et \u00e0 mesure de l&#8217;arriv\u00e9e des vaccins, l&#8217;acc\u00e8s \u00e0 une protection contre le virus en priorisant dans un premier temps les personnes les plus fragiles et les plus expos\u00e9es.<\/span><\/p><h5 style=\"padding-left: 40px;\"><span style=\"color: #008000;\">Les particuliers<\/span><\/h5><ul><li style=\"list-style-type: none;\"><ul><li style=\"list-style-type: none;\"><ul><li><span style=\"color: #333333;\"><strong>Les r\u00e9sidents en EHPAD et USLD<\/strong><\/span><\/li><li><span style=\"color: #333333;\"><strong>Les personnes \u00e2g\u00e9es de 75 ans et plus<\/strong>\u00a0s\u00e9journant \u00e0 domicile<\/span><\/li><li><span style=\"color: #333333;\"><strong>Les personnes vuln\u00e9rables \u00e0 tr\u00e8s haut risque<\/strong>\u00a0telles que d\u00e9finies par le conseil d\u2019orientation de la strat\u00e9gie vaccinale peuvent \u00e9galement se faire vacciner (<a href=\"https:\/\/solidarites-sante.gouv.fr\/actualites\/presse\/communiques-de-presse\/article\/le-gouvernement-ouvre-la-vaccination-aux-patients-vulnerables\" target=\"_blank\" rel=\"noopener\">pour plus d\u2019informations<\/a>). Ces personnes devront avoir une prescription m\u00e9dicale de leur m\u00e9decin traitant pour b\u00e9n\u00e9ficier de la vaccination sans crit\u00e8re d\u2019\u00e2ge. Il s\u2019agit des personnes\u00a0:<\/span><ul><li><span style=\"color: #333333;\">atteints de cancers et de maladies h\u00e9matologiques malignes en cours de traitement par chimioth\u00e9rapie\u00a0;<\/span><\/li><li><span style=\"color: #333333;\">atteints de maladies r\u00e9nales chroniques s\u00e9v\u00e8res, dont les patients dialys\u00e9s\u00a0;<\/span><\/li><li><span style=\"color: #333333;\">transplant\u00e9s d\u2019organes solides\u00a0;<\/span><\/li><li><span style=\"color: #333333;\">transplant\u00e9s par allogreffe de cellules souches h\u00e9matopo\u00ef\u00e9tiques\u00a0;<\/span><\/li><li><span style=\"color: #333333;\">atteints de poly-pathologies chroniques et pr\u00e9sentant au moins deux insuffisances d\u2019organes\u00a0;<\/span><\/li><li><span style=\"color: #333333;\">atteints de certaines maladies rares et particuli\u00e8rement \u00e0 risque en cas d\u2019infection (liste sp\u00e9cifique \u00e9tablie par le COS et les fili\u00e8res de sant\u00e9 maladies rares)\u00a0;<\/span><\/li><li><span style=\"color: #333333;\">atteints de trisomie 21.<\/span><\/li><\/ul><\/li><\/ul><\/li><\/ul><\/li><\/ul><ul><li style=\"list-style-type: none;\"><ul><li style=\"list-style-type: none;\"><ul><li><span style=\"color: #333333;\"><strong>Les personnes \u00e2g\u00e9es s\u00e9journant dans les \u00e9tablissements de sant\u00e9<\/strong>\u00a0et en services de soins de suites et de r\u00e9adaptation.<\/span><\/li><li><span style=\"color: #333333;\">\u00a0<strong>Les personnes \u00e2g\u00e9es h\u00e9berg\u00e9es en r\u00e9sidences autonomie, r\u00e9sidences services<\/strong>\u00a0et autres lieux de vie sp\u00e9cialis\u00e9s, ainsi que<strong>\u00a0<\/strong>dans les<strong>\u00a0foyers de travailleurs migrants<\/strong>.<\/span><\/li><li><span style=\"color: #333333;\"><strong>\u00a0Les personnes en situation de handicap vuln\u00e9rables h\u00e9berg\u00e9es en maisons d\u2019accueil sp\u00e9cialis\u00e9es et foyers d\u2019accueils m\u00e9dicalis\u00e9es.<\/strong><\/span><\/li><li><span style=\"color: #333333;\">Depuis le 19 f\u00e9vrier,\u00a0<strong>la vaccination est ouverte aux personnes de 50 \u00e0 64 ans inclus atteintes de comorbidit\u00e9s \u00e0 risque de formes graves de Covid-19<\/strong>, comme par exemple le diab\u00e8te ou l\u2019ob\u00e9sit\u00e9, qui peuvent \u00eatre vaccin\u00e9es dans leurs structures de soins, notamment \u00e0 l\u2019h\u00f4pital. Depuis le 25 f\u00e9vrier,<strong>\u00a0elles peuvent se faire vacciner directement chez un m\u00e9decin de ville, avec le vaccin AstraZeneca.\u00a0<\/strong><\/span><\/li><\/ul><\/li><\/ul><\/li><\/ul><h5 style=\"padding-left: 40px;\"><span style=\"color: #008000;\">Les professionnels<\/span><\/h5><p style=\"padding-left: 80px;\"><span style=\"color: #333333;\">Les professionnels du secteur de la sant\u00e9 et du m\u00e9dico-social, sans condition d\u2019\u00e2ge, sont \u00e9galement \u00e9ligibles \u00e0 la vaccination. Il s\u2019agit de :<\/span><\/p><ul><li style=\"list-style-type: none;\"><ul><li style=\"list-style-type: none;\"><ul><li><span style=\"color: #333333;\">l\u2019ensemble des professionnels de sant\u00e9 (la liste compl\u00e8te est consultable <a href=\"https:\/\/solidarites-sante.gouv.fr\/grands-dossiers\/vaccin-covid-19\/article\/la-strategie-vaccinale-et-la-liste-des-publics-prioritaires\" target=\"_blank\" rel=\"noopener\">ici<\/a>)<\/span><\/li><li><span style=\"color: #333333;\">les autres professionnels des \u00e9tablissements de sant\u00e9 et des \u00e9tablissements et services m\u00e9dico-sociaux (les personnels employ\u00e9s par l\u2019\u00e9tablissement et les personnels d\u2019entreprises prestataires exer\u00e7ant en continu au sein de l\u2019\u00e9tablissement),<\/span><\/li><li><span style=\"color: #333333;\">les professionnels des r\u00e9sidences services,<\/span><\/li><li><span style=\"color: #333333;\">les professionnels des centres d\u2019h\u00e9bergement sp\u00e9cialis\u00e9s pour les personnes atteintes de la Covid-19,<\/span><\/li><li><span style=\"color: #333333;\">les professionnels de l\u2019aide \u00e0 domicile et les salari\u00e9s du particulier employeur intervenant aupr\u00e8s de personnes \u00e2g\u00e9es et handicap\u00e9es vuln\u00e9rables (recevant l\u2019APA ou la PCH),<\/span><\/li><li><span style=\"color: #333333;\">les prestataires de services et distributeurs de mat\u00e9riel intervenant au domicile des patients,<\/span><\/li><li><span style=\"color: #333333;\">les sapeurs-pompiers professionnels et volontaires,<\/span><\/li><li><span style=\"color: #333333;\">les personnels composant les \u00e9quipages des v\u00e9hicules des entreprises de transport sanitaire,<\/span><\/li><li><span style=\"color: #333333;\">les \u00e9tudiants et \u00e9l\u00e8ves en sant\u00e9 au contact des patients,<\/span><\/li><li><span style=\"color: #333333;\">les assistants de r\u00e9gulation m\u00e9dicale durant leurs stages en \u00e9tablissement ou en SMUR,<\/span><\/li><li><span style=\"color: #333333;\">les professions \u00e0 &#8220;usage de titre&#8221; reconnues par diverses lois non codifi\u00e9es (ost\u00e9opathes, chiropracteurs, psychoth\u00e9rapeutes, psychologues),<\/span><\/li><li><span style=\"color: #333333;\">les secr\u00e9taires m\u00e9dicaux en cabinet de ville et les assistants m<\/span>\u00e9dicaux.<\/li><\/ul><\/li><\/ul><\/li><\/ul><p><img fetchpriority=\"high\" decoding=\"async\" class=\"alignnone wp-image-2428 size-full\" src=\"https:\/\/thiant.fr\/wordpress\/wp-content\/uploads\/2021\/03\/Info-vaccin-publics-eligibles-8-mars.png\" alt=\"\" width=\"3333\" height=\"3333\" \/><\/p><h3><span style=\"color: #000080;\">Particuliers, o\u00f9 et comment vous faire vacciner ?<\/span><\/h3><div id=\"collapse126785\" class=\"page-article--collapse-content collapse in\" aria-expanded=\"true\"><div class=\"page-article--collapse-content clearfix\"><p style=\"padding-left: 40px;\"><span style=\"color: #333333;\">La vaccination se d\u00e9ploie progressivement dans tous les d\u00e9partements, au fur et \u00e0 mesure de l\u2019arriv\u00e9e des vaccins. L\u2019ouverture de nouvelles plages de vaccination est d\u00e9termin\u00e9e par chaque centre de vaccination, en fonction du nombre de doses disponibles. De nouveaux cr\u00e9neaux de vaccination sont r\u00e9guli\u00e8rement propos\u00e9s, n\u2019h\u00e9sitez-pas \u00e0 renouveler votre demande de rendez-vous.<\/span><\/p><p style=\"padding-left: 40px;\"><span style=\"color: #333333;\">\u00b7\u00a0\u00a0Vous r\u00e9sidez en EHPAD ou USLD : vous n\u2019avez pas besoin de vous d\u00e9placer, la vaccination a lieu au sein de votre \u00e9tablissement.<\/span><\/p><p style=\"padding-left: 40px;\"><span style=\"color: #333333;\">\u00b7 Vous avez plus de 75 ans et r\u00e9sidez \u00e0 domicile ou dans toute autre structure : vous pouvez vous faire vacciner dans le centre de vaccination de votre choix.<\/span><\/p><p style=\"padding-left: 40px;\"><span style=\"color: #333333;\">\u00b7\u00a0Vous \u00eates une personne vuln\u00e9rable \u00e0 tr\u00e8s haut risque, telle que d\u00e9finie par le conseil d\u2019orientation de la strat\u00e9gie vaccinale, vous pouvez vous faire vacciner au sein des services o\u00f9 vous \u00eates suivi, si cela est possible, ou dans un centre de vaccination.<\/span><\/p><p style=\"padding-left: 40px;\"><span style=\"color: #333333;\">\u00b7 Vous avez entre 50 et 64 ans inclus et \u00eates \u00e0 risque de formes graves de Covid-19 : depuis le 19 f\u00e9vrier, vous pouvez \u00eatre vaccin\u00e9 dans votre structure de soins, notamment \u00e0 l\u2019h\u00f4pital. Depuis le 25 f\u00e9vrier, vous pouvez aussi vous faire vacciner directement chez un m\u00e9decin de ville, avec le vaccin AstraZeneca. Vous pouvez aussi vous faire vacciner par le m\u00e9decin du travail.<\/span><\/p><p style=\"padding-left: 40px;\"><span style=\"color: #333333;\">La liste des centres de vaccination est consultable <a href=\"https:\/\/www.sante.fr\/cf\/centres-vaccination-covid.html\" target=\"_blank\" rel=\"noopener\">ici<\/a>. Nous vous invitons \u00e0 privil\u00e9gier la prise de rendez-vous en ligne, directement depuis cette page ou \u00e0 partir des plateformes <a href=\"http:\/\/www.doctolib.fr\" target=\"_blank\" rel=\"noopener\">www.doctolib.fr<\/a>, <a href=\"http:\/\/www.keldoc.com\" target=\"_blank\" rel=\"noopener\">www.keldoc.com<\/a> et <a href=\"http:\/\/www.maiia.com\" target=\"_blank\" rel=\"noopener\">www.maiia.com<\/a>. Il est aussi possible de contacter directement le centre dans lequel vous souhaitez vous faire vacciner.<\/span><\/p><p style=\"padding-left: 40px;\"><span style=\"color: #333333;\">Pour faciliter la prise de rendez-vous des personnes n\u2019ayant pas internet ou n\u2019\u00e9tant pas famili\u00e8res des r\u00e9servations en ligne, l\u2019Agence r\u00e9gionale de sant\u00e9 et les pr\u00e9fectures des Hauts-de-France ont mis en place une plateforme t\u00e9l\u00e9phonique r\u00e9gionale ouverte en semaine, de 8h \u00e0 18h. En composant le <a href=\"tel:+33392043471\">03.92.04.34.71<\/a>, les appelants sont mis en relation avec un op\u00e9rateur qui effectuera pour eux et en direct la r\u00e9servation en ligne, dans le centre de leur choix, \u00e0 partir du site Sant\u00e9.fr.<\/span><\/p><p style=\"padding-left: 40px;\"><span style=\"color: #333333;\">Votre situation de sant\u00e9 ne vous permet pas de vous d\u00e9placer dans un centre de vaccination ? L\u2019ARS et ses partenaires travaillent \u00e0 la mise en place d\u2019\u00e9quipes mobiles qui pourront vacciner en grande proximit\u00e9 ou au domicile des personnes dans l\u2019incapacit\u00e9 physique de se d\u00e9placer.<\/span><\/p><h3><span style=\"color: #000080;\">Professionnels, o\u00f9 et comment vous faire vacciner ?<\/span><\/h3><ul><li style=\"list-style-type: none;\"><ul><li><span style=\"color: #333333;\">Professionnel exer\u00e7ant dans un \u00e9tablissement de sant\u00e9 : vous n\u2019avez pas besoin de vous d\u00e9placer, vous serez vaccin\u00e9 au sein de l\u2019\u00e9tablissement o\u00f9 vous travaillez. Pour toute question, rapprochez-vous des services administratifs de votre \u00e9tablissement.<\/span><\/li><\/ul><\/li><\/ul><ul><li style=\"list-style-type: none;\"><ul><li><span style=\"color: #333333;\">Professionnel de sant\u00e9 de ville de moins de 65 ans : t\u00e9l\u00e9chargez ici la liste des centres de vaccination qui proposent le vaccin AstraZeneca<\/span><\/li><\/ul><\/li><\/ul><ul><li style=\"list-style-type: none;\"><ul><li><span style=\"color: #333333;\">Professionnel du m\u00e9dico-social\u00a0exer\u00e7ant en \u00e9tablissement: si vous ne pouvez pas vous faire vacciner au sein de votre \u00e9tablissement, prenez rendez-vous en ligne dans le centre de vaccination de votre choix sur <a href=\"https:\/\/sante.fr\/carte-vaccination-covid\" target=\"_blank\" rel=\"noopener\">https:\/\/sante.fr\/carte-vaccination-covid<\/a>. Les r\u00e9servations peuvent aussi \u00eatre effectu\u00e9es directement \u00e0 partir des plateforme <a href=\"http:\/\/www.doctolib.fr\" target=\"_blank\" rel=\"noopener\">www.doctolib.fr<\/a>, <a href=\"http:\/\/www.keldoc.com\" target=\"_blank\" rel=\"noopener\">www.keldoc.com<\/a> et <a href=\"http:\/\/www.maiia.com\" target=\"_blank\" rel=\"noopener\">www.maiia.com<\/a>.<\/span><\/li><\/ul><\/li><\/ul><ul><li style=\"list-style-type: none;\"><ul><li><span style=\"color: #333333;\">Autres professionnels\u00a0: si vous n\u2019avez pas de\u00a0 contact direct avec un centre de vaccination proche, vous pouvez prendre rendez-vous en ligne dans le centre de vaccination de votre choix sur <a href=\"https:\/\/sante.fr\/carte-vaccination-covid\" target=\"_blank\" rel=\"noopener\">https:\/\/sante.fr\/carte-vaccination-covid<\/a>. Les r\u00e9servations peuvent aussi \u00eatre \u00eatre r\u00e9alis\u00e9es directement \u00e0 partir des plateforme <a href=\"http:\/\/www.doctolib.fr\" target=\"_blank\" rel=\"noopener\">www.doctolib.fr<\/a>, <a href=\"http:\/\/www.keldoc.com\" target=\"_blank\" rel=\"noopener\">www.keldoc.com<\/a> et <a href=\"http:\/\/www.maiia.com\" target=\"_blank\" rel=\"noopener\">www.maiia.com<\/a>.<\/span><\/li><\/ul><\/li><\/ul><h3><span style=\"color: #000080;\">Point de situation au 5 mars et zoom journ\u00e9e 6 mars<\/span><\/h3><div id=\"collapse126791\" class=\"page-article--collapse-content collapse in\" aria-expanded=\"true\"><div class=\"page-article--collapse-content clearfix\"><h5><span style=\"color: #008000;\">Point de situation au 5\u00a0mars\u00a0<\/span><\/h5><p style=\"padding-left: 40px;\"><span style=\"color: #333333;\"><strong>Au 5\u00a0mars , 409 772 in<\/strong><strong>jections ont \u00e9t\u00e9 r\u00e9alis\u00e9es dans les Hauts-de-France.<\/strong><\/span><\/p><p style=\"padding-left: 40px;\"><span style=\"color: #333333;\"><strong>126 214\u00a0 \u00a0<\/strong>personnes ont b\u00e9n\u00e9fici\u00e9 de 2 doses du vaccin dans la r\u00e9gion depuis le d\u00e9but de la campagne de vaccination.<\/span><\/p><p style=\"padding-left: 40px;\"><span style=\"color: #333333;\"><strong>Zoom journ\u00e9e du 6 mars<\/strong><\/span><\/p><p style=\"padding-left: 40px;\"><span style=\"color: #333333;\">Les chiffres de la premi\u00e8re journ\u00e9e du week-end exceptionnel de vaccination dans les Hauts-de-France sont disponibles (samedi 6 mars 2021). En une seule journ\u00e9e, <strong>notre r\u00e9gion a r\u00e9alis\u00e9 plus de 27 000 injections, record absolu sur une journ\u00e9e depuis le d\u00e9but de la journ\u00e9e de vaccination.<\/strong><\/span><\/p><p style=\"padding-left: 40px;\"><span style=\"color: #333333;\">La r\u00e9partition de ces injections dans les Hauts-de-France entre les cinq d\u00e9partements est la suivante (<em>cf. tableau ci-dessous<\/em>), <strong>26 734 primo-injections ont \u00e9t\u00e9 r\u00e9alis\u00e9es hier dans les Hauts-de-France<\/strong><\/span><\/p><article class=\"embedded-entity align-center\"><article class=\"media media-image view-mode-affichage-wysiwyg-media\"><span style=\"color: #333333;\"><img decoding=\"async\" class=\"img-responsive\" src=\"https:\/\/www.hauts-de-france.ars.sante.fr\/system\/files\/styles\/image_wysiwyg\/private\/2021-03\/Total%20injections%206%20mars.JPG?itok=PVNhPs-6\" alt=\"\" width=\"786\" height=\"221\" \/><\/span><\/article><\/article><p><span style=\"color: #333333;\"><strong>R\u00e9partition des injections (au 5 mars)<\/strong><\/span><\/p><article class=\"embedded-entity align-center\"><article class=\"media media-image view-mode-affichage-wysiwyg-media\"><span style=\"color: #333333;\"><img decoding=\"async\" class=\"img-responsive\" src=\"https:\/\/www.hauts-de-france.ars.sante.fr\/system\/files\/styles\/image_wysiwyg\/private\/2021-03\/Total%20injections%205%20mars.png?itok=_FUQAxPB\" alt=\"\" width=\"1648\" height=\"549\" \/><\/span><\/article><\/article><p><span style=\"color: #333333;\"><strong>R\u00e9partition des premi\u00e8res injections par \u00e2ge (au 5 mars)<\/strong><\/span><\/p><article class=\"embedded-entity align-center\"><article class=\"media media-image view-mode-affichage-wysiwyg-media\"><span style=\"color: #333333;\"><img loading=\"lazy\" decoding=\"async\" class=\"img-responsive\" src=\"https:\/\/www.hauts-de-france.ars.sante.fr\/system\/files\/styles\/image_wysiwyg\/private\/2021-03\/Premieres%20injections%205%20mars.png?itok=GfV6Uxn9\" alt=\"\" width=\"1576\" height=\"539\" \/><\/span><\/article><\/article><p><span style=\"color: #333333;\"><strong>R\u00e9partition des secondes injections par \u00e2ge (au 5 mars)<\/strong><\/span><\/p><article class=\"embedded-entity align-center\"><article class=\"media media-image view-mode-affichage-wysiwyg-media\"><span style=\"color: #333333;\"><img loading=\"lazy\" decoding=\"async\" class=\"img-responsive\" src=\"https:\/\/www.hauts-de-france.ars.sante.fr\/system\/files\/styles\/image_wysiwyg\/private\/2021-03\/Secondes%20injections%205%20mars.png?itok=zQZmjHoE\" alt=\"\" width=\"1606\" height=\"629\" \/><\/span><\/article><\/article><p style=\"padding-left: 40px;\"><span style=\"color: #333333;\"><em>\u00a0D\u00e9sormais, le suivi quotidien de la campagne de vaccination se fonde sur les donn\u00e9es de l\u2019Assurance maladie.<\/em><\/span><\/p><p style=\"padding-left: 40px;\"><span style=\"color: #333333;\"><strong>Faits marquants\u00a0<\/strong><\/span><\/p><p style=\"padding-left: 40px;\"><span style=\"color: #333333;\">Les livraisons actualis\u00e9es\u00a0de doses de vaccins Pfizer\/BioNTech (base 6 doses par flacon) et Moderna dans les Hauts-de-France sont les suivantes pour le mois de mars 2021 :<\/span><\/p><article class=\"embedded-entity align-center\"><article class=\"media media-image view-mode-affichage-wysiwyg-media\"><span style=\"color: #333333;\"><img loading=\"lazy\" decoding=\"async\" class=\"img-responsive\" src=\"https:\/\/www.hauts-de-france.ars.sante.fr\/system\/files\/styles\/image_wysiwyg\/private\/2021-03\/Livraison%20mars%203%20mars.png?itok=mufdOwJk\" alt=\"\" width=\"660\" height=\"85\" \/><\/span><\/article><\/article><p style=\"padding-left: 40px;\"><span style=\"color: #333333;\">Depuis lundi 18 janvier, la vaccination est \u00e9largie aux personnes de 75 ans et plus et aux <a href=\"https:\/\/solidarites-sante.gouv.fr\/actualites\/presse\/communiques-de-presse\/article\/le-gouvernement-ouvre-la-vaccination-aux-patients-vulnerables\" target=\"_blank\" rel=\"noopener\">personnes vuln\u00e9rables \u00e0\u00a0 tr\u00e8s haut risque<\/a>.<\/span><\/p><p style=\"padding-left: 40px;\"><span style=\"color: #333333;\">Comme pr\u00e9vu par le minist\u00e8re des solidarit\u00e9s et de la sant\u00e9, les rendez-vous pour se faire vacciner peuvent \u00eatre pris en ligne, via le site internet\u00a0<a href=\"https:\/\/sante.fr\/carte-vaccination-covid\" target=\"_blank\" rel=\"noopener\">https:\/\/sante.fr\/carte-vaccination-covid<\/a>. Pour rappel, ce dispositif de r\u00e9servation s\u2019appuie sur trois plateformes s\u00e9lectionn\u00e9es au niveau national\u00a0: Doctolib, Maiia et Keldoc.<\/span><\/p><p style=\"padding-left: 40px;\"><span style=\"color: #333333;\">Plus d\u2019informations au <a href=\"tel:+33800009110\">0 800 009 110<\/a> (7\/7 de 06h00 \u2013 22h00 \u00e0 partir du 15 janvier \u00e0 08h00)<\/span><\/p><p style=\"padding-left: 40px;\"><span style=\"color: #333333;\">Pour faciliter la prise de rendez-vous des personnes n\u2019ayant pas internet ou n\u2019\u00e9tant pas famili\u00e8res des r\u00e9servations en ligne, l\u2019Agence r\u00e9gionale de sant\u00e9 et les pr\u00e9fectures des Hauts-de-France ont mis en place <strong>une plateforme t\u00e9l\u00e9phonique r\u00e9gionale ouverte 7j\/7, de 8h \u00e0 18h<\/strong>. En composant le\u00a0<a href=\"tel:+33392043471\"><strong>03.92.04.34.71<\/strong><\/a>, les appelants seront mis en relation avec un op\u00e9rateur qui effectuera pour eux et en direct la r\u00e9servation en ligne, dans le centre de leur choix, \u00e0 partir du site d\u00e9di\u00e9\u00a0<a href=\"https:\/\/sante.fr\/carte-vaccination-covid\" target=\"_blank\" rel=\"noopener\">https:\/\/sante.fr\/carte-vaccination-covid<\/a>.<\/span><\/p><p style=\"padding-left: 40px;\"><span style=\"color: #333333;\">D\u00e8s le jeudi 25 f\u00e9vrier, <strong>les m\u00e9decins de ville auront la possibilit\u00e9 de vacciner avec le vaccin AstraZeneca <\/strong>leur patient\u00e8le se trouvant dans la cible des recommandations de la Haute autorit\u00e9 de sant\u00e9 (HAS) en date du 2 f\u00e9vrier 2021, soit les <strong>personnes de 50 \u00e0 64 ans inclus atteintes de comorbidit\u00e9s<\/strong>. Ils se procureront les doses n\u00e9cessaires aupr\u00e8s d\u2019une officine r\u00e9f\u00e9rente de leur choix.<\/span><\/p><p style=\"padding-left: 40px;\"><span style=\"color: #333333;\">Le m\u00e9decin peut effectuer des vaccinations AstraZeneca dans les 6 heures suivant imm\u00e9diatement le retrait du flacon s\u2019il a \u00e9t\u00e9 transport\u00e9 et conserv\u00e9 \u00e0 temp\u00e9rature ambiante. Un m\u00e9decin peut aussi programmer des vaccinations AstraZeneca sur 48 heures sous r\u00e9serve de disposer dans son cabinet d\u2019un r\u00e9frig\u00e9rateur dont la temp\u00e9rature est enregistr\u00e9e et contr\u00f4l\u00e9e entre 2\u00b0C et 8\u00b0C. Si l\u2019officine est situ\u00e9e \u00e0 plus de 10 minutes de transport (\u00e0 pied ou en voiture), le m\u00e9decin doit assurer le maintien de la cha\u00eene du froid entre 2\u00b0C et 8\u00b0C, pendant tout le transport jusqu\u2019au cabinet m\u00e9dical, en bo\u00eete isotherme avec plaques de r\u00e9frig\u00e9ration.<\/span><\/p><p style=\"padding-left: 40px;\"><span style=\"color: #333333;\">Dans notre r\u00e9gion, <strong>27 980 doses de vaccin AstraZeneca\u00a0ont \u00e9t\u00e9 command\u00e9s par les m\u00e9decins lib\u00e9raux.<\/strong><\/span><\/p><p><em><span style=\"color: #008000;\">Article tir\u00e9 du site de l&#8217;ARS des hauts de France :<\/span> <a href=\"https:\/\/www.hauts-de-france.ars.sante.fr\/vaccination-contre-la-covid-19-2\" target=\"_blank\" rel=\"noopener\">https:\/\/www.hauts-de-france.ars.sante.fr\/vaccination-contre-la-covid-19-2<\/a><\/em><\/p><\/div><\/div><\/div><\/div>\t\t\t\t\t\t\t\t<\/div>\n\t\t\t\t<\/div>\n\t\t\t\t<div class=\"elementor-element elementor-element-b9a89df elementor-widget elementor-widget-image\" data-id=\"b9a89df\" data-element_type=\"widget\" data-e-type=\"widget\" data-widget_type=\"image.default\">\n\t\t\t\t<div class=\"elementor-widget-container\">\n\t\t\t\t\t\t\t\t\t\t\t\t\t\t\t<img loading=\"lazy\" decoding=\"async\" width=\"800\" height=\"600\" src=\"https:\/\/thiant.fr\/wordpress\/jeunesse\/wp-content\/uploads\/sites\/2\/2025\/10\/2025_Interdictions-Halloween.png\" class=\"attachment-full size-full wp-image-2406\" alt=\"\" srcset=\"https:\/\/thiant.fr\/wordpress\/jeunesse\/wp-content\/uploads\/sites\/2\/2025\/10\/2025_Interdictions-Halloween.png 800w, https:\/\/thiant.fr\/wordpress\/jeunesse\/wp-content\/uploads\/sites\/2\/2025\/10\/2025_Interdictions-Halloween-300x225.png 300w, https:\/\/thiant.fr\/wordpress\/jeunesse\/wp-content\/uploads\/sites\/2\/2025\/10\/2025_Interdictions-Halloween-768x576.png 768w\" sizes=\"(max-width: 800px) 100vw, 800px\" \/>\t\t\t\t\t\t\t\t\t\t\t\t\t\t\t<\/div>\n\t\t\t\t<\/div>\n\t\t\t\t\t<\/div>\n\t\t<\/div>\n\t\t\t\t\t<\/div>\n\t\t<\/section>\n\t\t\t\t<\/div>\n\t\t","protected":false},"excerpt":{"rendered":"<p>La vaccination a v\u00e9ritablement d\u00e9but\u00e9 dans la r\u00e9gion le 4 janvier. Gr\u00e2ce \u00e0 la mobilisation de l\u2019ARS, des professionnels de sant\u00e9 et des collectivit\u00e9s, les Hauts-de-France sont l\u2019une des r\u00e9gions les mieux dot\u00e9es du pays en centres de vaccination. Plus de 100 sites de vaccination couvrent ainsi notre territoire et facilitent l\u2019acc\u00e8s des habitants \u00e0 [&hellip;]<\/p>\n","protected":false},"author":1,"featured_media":744,"comment_status":"closed","ping_status":"closed","sticky":false,"template":"","format":"standard","meta":{"_crdt_document":"","ocean_post_layout":"","ocean_both_sidebars_style":"","ocean_both_sidebars_content_width":0,"ocean_both_sidebars_sidebars_width":0,"ocean_sidebar":"0","ocean_second_sidebar":"0","ocean_disable_margins":"enable","ocean_add_body_class":"","ocean_shortcode_before_top_bar":"","ocean_shortcode_after_top_bar":"","ocean_shortcode_before_header":"","ocean_shortcode_after_header":"","ocean_has_shortcode":"","ocean_shortcode_after_title":"","ocean_shortcode_before_footer_widgets":"","ocean_shortcode_after_footer_widgets":"","ocean_shortcode_before_footer_bottom":"","ocean_shortcode_after_footer_bottom":"","ocean_display_top_bar":"default","ocean_display_header":"default","ocean_header_style":"","ocean_center_header_left_menu":"0","ocean_custom_header_template":"0","ocean_custom_logo":0,"ocean_custom_retina_logo":0,"ocean_custom_logo_max_width":0,"ocean_custom_logo_tablet_max_width":0,"ocean_custom_logo_mobile_max_width":0,"ocean_custom_logo_max_height":0,"ocean_custom_logo_tablet_max_height":0,"ocean_custom_logo_mobile_max_height":0,"ocean_header_custom_menu":"0","ocean_menu_typo_font_family":"0","ocean_menu_typo_font_subset":"","ocean_menu_typo_font_size":0,"ocean_menu_typo_font_size_tablet":0,"ocean_menu_typo_font_size_mobile":0,"ocean_menu_typo_font_size_unit":"px","ocean_menu_typo_font_weight":"","ocean_menu_typo_font_weight_tablet":"","ocean_menu_typo_font_weight_mobile":"","ocean_menu_typo_transform":"","ocean_menu_typo_transform_tablet":"","ocean_menu_typo_transform_mobile":"","ocean_menu_typo_line_height":0,"ocean_menu_typo_line_height_tablet":0,"ocean_menu_typo_line_height_mobile":0,"ocean_menu_typo_line_height_unit":"","ocean_menu_typo_spacing":0,"ocean_menu_typo_spacing_tablet":0,"ocean_menu_typo_spacing_mobile":0,"ocean_menu_typo_spacing_unit":"","ocean_menu_link_color":"","ocean_menu_link_color_hover":"","ocean_menu_link_color_active":"","ocean_menu_link_background":"","ocean_menu_link_hover_background":"","ocean_menu_link_active_background":"","ocean_menu_social_links_bg":"","ocean_menu_social_hover_links_bg":"","ocean_menu_social_links_color":"","ocean_menu_social_hover_links_color":"","ocean_disable_title":"default","ocean_disable_heading":"default","ocean_post_title":"","ocean_post_subheading":"","ocean_post_title_style":"","ocean_post_title_background_color":"","ocean_post_title_background":0,"ocean_post_title_bg_image_position":"","ocean_post_title_bg_image_attachment":"","ocean_post_title_bg_image_repeat":"","ocean_post_title_bg_image_size":"","ocean_post_title_height":0,"ocean_post_title_bg_overlay":0.5,"ocean_post_title_bg_overlay_color":"","ocean_disable_breadcrumbs":"default","ocean_breadcrumbs_color":"","ocean_breadcrumbs_separator_color":"","ocean_breadcrumbs_links_color":"","ocean_breadcrumbs_links_hover_color":"","ocean_display_footer_widgets":"default","ocean_display_footer_bottom":"default","ocean_custom_footer_template":"0","ocean_post_oembed":"","ocean_post_self_hosted_media":"","ocean_post_video_embed":"","ocean_link_format":"","ocean_link_format_target":"self","ocean_quote_format":"","ocean_quote_format_link":"post","ocean_gallery_link_images":"off","ocean_gallery_id":[],"footnotes":""},"categories":[140],"tags":[282,77,288,109,279,280],"class_list":["post-758","post","type-post","status-publish","format-standard","has-post-thumbnail","hentry","category-covid-19","tag-centres-de-vaccination","tag-coronavirus","tag-covid","tag-covid-19","tag-vaccin","tag-vaccination","entry","has-media"],"yoast_head":"<!-- This site is optimized with the Yoast SEO plugin v27.3 - https:\/\/yoast.com\/product\/yoast-seo-wordpress\/ -->\n<title>COVID-19 : Point sur la vaccination - Espace jeunesse du site officiel de la Ville de Thiant<\/title>\n<meta name=\"robots\" content=\"index, follow, max-snippet:-1, max-image-preview:large, max-video-preview:-1\" \/>\n<link rel=\"canonical\" href=\"https:\/\/thiant.fr\/wordpress\/jeunesse\/2021\/03\/08\/covid-19-point-sur-la-vaccination\/\" \/>\n<meta property=\"og:locale\" content=\"fr_FR\" \/>\n<meta property=\"og:type\" content=\"article\" \/>\n<meta property=\"og:title\" content=\"COVID-19 : Point sur la vaccination - Espace jeunesse du site officiel de la Ville de Thiant\" \/>\n<meta property=\"og:description\" content=\"La vaccination a v\u00e9ritablement d\u00e9but\u00e9 dans la r\u00e9gion le 4 janvier. Gr\u00e2ce \u00e0 la mobilisation de l\u2019ARS, des professionnels de sant\u00e9 et des collectivit\u00e9s, les Hauts-de-France sont l\u2019une des r\u00e9gions les mieux dot\u00e9es du pays en centres de vaccination. Plus de 100 sites de vaccination couvrent ainsi notre territoire et facilitent l\u2019acc\u00e8s des habitants \u00e0 [&hellip;]\" \/>\n<meta property=\"og:url\" content=\"https:\/\/thiant.fr\/wordpress\/jeunesse\/2021\/03\/08\/covid-19-point-sur-la-vaccination\/\" \/>\n<meta property=\"og:site_name\" content=\"Espace jeunesse du site officiel de la Ville de Thiant\" \/>\n<meta property=\"article:publisher\" content=\"https:\/\/www.facebook.com\/commune.thiant.1\" \/>\n<meta property=\"article:published_time\" content=\"2021-03-08T16:11:11+00:00\" \/>\n<meta property=\"article:modified_time\" content=\"2021-03-09T08:46:27+00:00\" \/>\n<meta property=\"og:image\" content=\"https:\/\/thiant.fr\/wordpress\/jeunesse\/wp-content\/uploads\/sites\/2\/2021\/03\/vaccins-flacons.png\" \/>\n\t<meta property=\"og:image:width\" content=\"730\" \/>\n\t<meta property=\"og:image:height\" content=\"411\" \/>\n\t<meta property=\"og:image:type\" content=\"image\/png\" \/>\n<meta name=\"author\" content=\"Service communication\" \/>\n<meta name=\"twitter:card\" content=\"summary_large_image\" \/>\n<meta name=\"twitter:label1\" content=\"\u00c9crit par\" \/>\n\t<meta name=\"twitter:data1\" content=\"Service communication\" \/>\n\t<meta name=\"twitter:label2\" content=\"Dur\u00e9e de lecture estim\u00e9e\" \/>\n\t<meta name=\"twitter:data2\" content=\"9 minutes\" \/>\n<script type=\"application\/ld+json\" class=\"yoast-schema-graph\">{\"@context\":\"https:\\\/\\\/schema.org\",\"@graph\":[{\"@type\":\"Article\",\"@id\":\"https:\\\/\\\/thiant.fr\\\/wordpress\\\/jeunesse\\\/2021\\\/03\\\/08\\\/covid-19-point-sur-la-vaccination\\\/#article\",\"isPartOf\":{\"@id\":\"https:\\\/\\\/thiant.fr\\\/wordpress\\\/jeunesse\\\/2021\\\/03\\\/08\\\/covid-19-point-sur-la-vaccination\\\/\"},\"author\":{\"name\":\"Service communication\",\"@id\":\"https:\\\/\\\/thiant.fr\\\/wordpress\\\/jeunesse\\\/#\\\/schema\\\/person\\\/f41122130d18c0720657431d990451c6\"},\"headline\":\"COVID-19 : Point sur la vaccination\",\"datePublished\":\"2021-03-08T16:11:11+00:00\",\"dateModified\":\"2021-03-09T08:46:27+00:00\",\"mainEntityOfPage\":{\"@id\":\"https:\\\/\\\/thiant.fr\\\/wordpress\\\/jeunesse\\\/2021\\\/03\\\/08\\\/covid-19-point-sur-la-vaccination\\\/\"},\"wordCount\":1958,\"publisher\":{\"@id\":\"https:\\\/\\\/thiant.fr\\\/wordpress\\\/jeunesse\\\/#organization\"},\"image\":{\"@id\":\"https:\\\/\\\/thiant.fr\\\/wordpress\\\/jeunesse\\\/2021\\\/03\\\/08\\\/covid-19-point-sur-la-vaccination\\\/#primaryimage\"},\"thumbnailUrl\":\"https:\\\/\\\/thiant.fr\\\/wordpress\\\/jeunesse\\\/wp-content\\\/uploads\\\/sites\\\/2\\\/2021\\\/03\\\/vaccins-flacons.png\",\"keywords\":[\"centres de vaccination\",\"coronavirus\",\"COVID\",\"COVID-19\",\"vaccin\",\"vaccination\"],\"articleSection\":[\"COVID-19\"],\"inLanguage\":\"fr-FR\"},{\"@type\":\"WebPage\",\"@id\":\"https:\\\/\\\/thiant.fr\\\/wordpress\\\/jeunesse\\\/2021\\\/03\\\/08\\\/covid-19-point-sur-la-vaccination\\\/\",\"url\":\"https:\\\/\\\/thiant.fr\\\/wordpress\\\/jeunesse\\\/2021\\\/03\\\/08\\\/covid-19-point-sur-la-vaccination\\\/\",\"name\":\"COVID-19 : Point sur la vaccination - Espace jeunesse du site officiel de la Ville de Thiant\",\"isPartOf\":{\"@id\":\"https:\\\/\\\/thiant.fr\\\/wordpress\\\/jeunesse\\\/#website\"},\"primaryImageOfPage\":{\"@id\":\"https:\\\/\\\/thiant.fr\\\/wordpress\\\/jeunesse\\\/2021\\\/03\\\/08\\\/covid-19-point-sur-la-vaccination\\\/#primaryimage\"},\"image\":{\"@id\":\"https:\\\/\\\/thiant.fr\\\/wordpress\\\/jeunesse\\\/2021\\\/03\\\/08\\\/covid-19-point-sur-la-vaccination\\\/#primaryimage\"},\"thumbnailUrl\":\"https:\\\/\\\/thiant.fr\\\/wordpress\\\/jeunesse\\\/wp-content\\\/uploads\\\/sites\\\/2\\\/2021\\\/03\\\/vaccins-flacons.png\",\"datePublished\":\"2021-03-08T16:11:11+00:00\",\"dateModified\":\"2021-03-09T08:46:27+00:00\",\"breadcrumb\":{\"@id\":\"https:\\\/\\\/thiant.fr\\\/wordpress\\\/jeunesse\\\/2021\\\/03\\\/08\\\/covid-19-point-sur-la-vaccination\\\/#breadcrumb\"},\"inLanguage\":\"fr-FR\",\"potentialAction\":[{\"@type\":\"ReadAction\",\"target\":[\"https:\\\/\\\/thiant.fr\\\/wordpress\\\/jeunesse\\\/2021\\\/03\\\/08\\\/covid-19-point-sur-la-vaccination\\\/\"]}]},{\"@type\":\"ImageObject\",\"inLanguage\":\"fr-FR\",\"@id\":\"https:\\\/\\\/thiant.fr\\\/wordpress\\\/jeunesse\\\/2021\\\/03\\\/08\\\/covid-19-point-sur-la-vaccination\\\/#primaryimage\",\"url\":\"https:\\\/\\\/thiant.fr\\\/wordpress\\\/jeunesse\\\/wp-content\\\/uploads\\\/sites\\\/2\\\/2021\\\/03\\\/vaccins-flacons.png\",\"contentUrl\":\"https:\\\/\\\/thiant.fr\\\/wordpress\\\/jeunesse\\\/wp-content\\\/uploads\\\/sites\\\/2\\\/2021\\\/03\\\/vaccins-flacons.png\",\"width\":730,\"height\":411},{\"@type\":\"BreadcrumbList\",\"@id\":\"https:\\\/\\\/thiant.fr\\\/wordpress\\\/jeunesse\\\/2021\\\/03\\\/08\\\/covid-19-point-sur-la-vaccination\\\/#breadcrumb\",\"itemListElement\":[{\"@type\":\"ListItem\",\"position\":1,\"name\":\"Accueil\",\"item\":\"https:\\\/\\\/thiant.fr\\\/wordpress\\\/jeunesse\\\/\"},{\"@type\":\"ListItem\",\"position\":2,\"name\":\"COVID-19 : Point sur la vaccination\"}]},{\"@type\":\"WebSite\",\"@id\":\"https:\\\/\\\/thiant.fr\\\/wordpress\\\/jeunesse\\\/#website\",\"url\":\"https:\\\/\\\/thiant.fr\\\/wordpress\\\/jeunesse\\\/\",\"name\":\"Espace jeunesse du site officiel de la Ville de Thiant\",\"description\":\"\",\"publisher\":{\"@id\":\"https:\\\/\\\/thiant.fr\\\/wordpress\\\/jeunesse\\\/#organization\"},\"potentialAction\":[{\"@type\":\"SearchAction\",\"target\":{\"@type\":\"EntryPoint\",\"urlTemplate\":\"https:\\\/\\\/thiant.fr\\\/wordpress\\\/jeunesse\\\/?s={search_term_string}\"},\"query-input\":{\"@type\":\"PropertyValueSpecification\",\"valueRequired\":true,\"valueName\":\"search_term_string\"}}],\"inLanguage\":\"fr-FR\"},{\"@type\":\"Organization\",\"@id\":\"https:\\\/\\\/thiant.fr\\\/wordpress\\\/jeunesse\\\/#organization\",\"name\":\"Espace jeunesse du site officiel de la Ville de Thiant\",\"url\":\"https:\\\/\\\/thiant.fr\\\/wordpress\\\/jeunesse\\\/\",\"logo\":{\"@type\":\"ImageObject\",\"inLanguage\":\"fr-FR\",\"@id\":\"https:\\\/\\\/thiant.fr\\\/wordpress\\\/jeunesse\\\/#\\\/schema\\\/logo\\\/image\\\/\",\"url\":\"https:\\\/\\\/thiant.fr\\\/wordpress\\\/jeunesse\\\/wp-content\\\/uploads\\\/sites\\\/2\\\/2019\\\/10\\\/Logo_jeunesse_02-1.png\",\"contentUrl\":\"https:\\\/\\\/thiant.fr\\\/wordpress\\\/jeunesse\\\/wp-content\\\/uploads\\\/sites\\\/2\\\/2019\\\/10\\\/Logo_jeunesse_02-1.png\",\"width\":384,\"height\":203,\"caption\":\"Espace jeunesse du site officiel de la Ville de Thiant\"},\"image\":{\"@id\":\"https:\\\/\\\/thiant.fr\\\/wordpress\\\/jeunesse\\\/#\\\/schema\\\/logo\\\/image\\\/\"},\"sameAs\":[\"https:\\\/\\\/www.facebook.com\\\/commune.thiant.1\"]},{\"@type\":\"Person\",\"@id\":\"https:\\\/\\\/thiant.fr\\\/wordpress\\\/jeunesse\\\/#\\\/schema\\\/person\\\/f41122130d18c0720657431d990451c6\",\"name\":\"Service communication\",\"image\":{\"@type\":\"ImageObject\",\"inLanguage\":\"fr-FR\",\"@id\":\"https:\\\/\\\/thiant.fr\\\/wordpress\\\/jeunesse\\\/wp-content\\\/litespeed\\\/avatar\\\/2\\\/eeb9098e5269f97d4e67fcd6f533ccb1.jpg?ver=1777455838\",\"url\":\"https:\\\/\\\/thiant.fr\\\/wordpress\\\/jeunesse\\\/wp-content\\\/litespeed\\\/avatar\\\/2\\\/eeb9098e5269f97d4e67fcd6f533ccb1.jpg?ver=1777455838\",\"contentUrl\":\"https:\\\/\\\/thiant.fr\\\/wordpress\\\/jeunesse\\\/wp-content\\\/litespeed\\\/avatar\\\/2\\\/eeb9098e5269f97d4e67fcd6f533ccb1.jpg?ver=1777455838\",\"caption\":\"Service communication\"},\"url\":\"https:\\\/\\\/thiant.fr\\\/wordpress\\\/jeunesse\\\/author\\\/adminwpress\\\/\"}]}<\/script>\n<!-- \/ Yoast SEO plugin. -->","yoast_head_json":{"title":"COVID-19 : Point sur la vaccination - Espace jeunesse du site officiel de la Ville de Thiant","robots":{"index":"index","follow":"follow","max-snippet":"max-snippet:-1","max-image-preview":"max-image-preview:large","max-video-preview":"max-video-preview:-1"},"canonical":"https:\/\/thiant.fr\/wordpress\/jeunesse\/2021\/03\/08\/covid-19-point-sur-la-vaccination\/","og_locale":"fr_FR","og_type":"article","og_title":"COVID-19 : Point sur la vaccination - Espace jeunesse du site officiel de la Ville de Thiant","og_description":"La vaccination a v\u00e9ritablement d\u00e9but\u00e9 dans la r\u00e9gion le 4 janvier. Gr\u00e2ce \u00e0 la mobilisation de l\u2019ARS, des professionnels de sant\u00e9 et des collectivit\u00e9s, les Hauts-de-France sont l\u2019une des r\u00e9gions les mieux dot\u00e9es du pays en centres de vaccination. Plus de 100 sites de vaccination couvrent ainsi notre territoire et facilitent l\u2019acc\u00e8s des habitants \u00e0 [&hellip;]","og_url":"https:\/\/thiant.fr\/wordpress\/jeunesse\/2021\/03\/08\/covid-19-point-sur-la-vaccination\/","og_site_name":"Espace jeunesse du site officiel de la Ville de Thiant","article_publisher":"https:\/\/www.facebook.com\/commune.thiant.1","article_published_time":"2021-03-08T16:11:11+00:00","article_modified_time":"2021-03-09T08:46:27+00:00","og_image":[{"width":730,"height":411,"url":"https:\/\/thiant.fr\/wordpress\/jeunesse\/wp-content\/uploads\/sites\/2\/2021\/03\/vaccins-flacons.png","type":"image\/png"}],"author":"Service communication","twitter_card":"summary_large_image","twitter_misc":{"\u00c9crit par":"Service communication","Dur\u00e9e de lecture estim\u00e9e":"9 minutes"},"schema":{"@context":"https:\/\/schema.org","@graph":[{"@type":"Article","@id":"https:\/\/thiant.fr\/wordpress\/jeunesse\/2021\/03\/08\/covid-19-point-sur-la-vaccination\/#article","isPartOf":{"@id":"https:\/\/thiant.fr\/wordpress\/jeunesse\/2021\/03\/08\/covid-19-point-sur-la-vaccination\/"},"author":{"name":"Service communication","@id":"https:\/\/thiant.fr\/wordpress\/jeunesse\/#\/schema\/person\/f41122130d18c0720657431d990451c6"},"headline":"COVID-19 : Point sur la vaccination","datePublished":"2021-03-08T16:11:11+00:00","dateModified":"2021-03-09T08:46:27+00:00","mainEntityOfPage":{"@id":"https:\/\/thiant.fr\/wordpress\/jeunesse\/2021\/03\/08\/covid-19-point-sur-la-vaccination\/"},"wordCount":1958,"publisher":{"@id":"https:\/\/thiant.fr\/wordpress\/jeunesse\/#organization"},"image":{"@id":"https:\/\/thiant.fr\/wordpress\/jeunesse\/2021\/03\/08\/covid-19-point-sur-la-vaccination\/#primaryimage"},"thumbnailUrl":"https:\/\/thiant.fr\/wordpress\/jeunesse\/wp-content\/uploads\/sites\/2\/2021\/03\/vaccins-flacons.png","keywords":["centres de vaccination","coronavirus","COVID","COVID-19","vaccin","vaccination"],"articleSection":["COVID-19"],"inLanguage":"fr-FR"},{"@type":"WebPage","@id":"https:\/\/thiant.fr\/wordpress\/jeunesse\/2021\/03\/08\/covid-19-point-sur-la-vaccination\/","url":"https:\/\/thiant.fr\/wordpress\/jeunesse\/2021\/03\/08\/covid-19-point-sur-la-vaccination\/","name":"COVID-19 : Point sur la vaccination - Espace jeunesse du site officiel de la Ville de Thiant","isPartOf":{"@id":"https:\/\/thiant.fr\/wordpress\/jeunesse\/#website"},"primaryImageOfPage":{"@id":"https:\/\/thiant.fr\/wordpress\/jeunesse\/2021\/03\/08\/covid-19-point-sur-la-vaccination\/#primaryimage"},"image":{"@id":"https:\/\/thiant.fr\/wordpress\/jeunesse\/2021\/03\/08\/covid-19-point-sur-la-vaccination\/#primaryimage"},"thumbnailUrl":"https:\/\/thiant.fr\/wordpress\/jeunesse\/wp-content\/uploads\/sites\/2\/2021\/03\/vaccins-flacons.png","datePublished":"2021-03-08T16:11:11+00:00","dateModified":"2021-03-09T08:46:27+00:00","breadcrumb":{"@id":"https:\/\/thiant.fr\/wordpress\/jeunesse\/2021\/03\/08\/covid-19-point-sur-la-vaccination\/#breadcrumb"},"inLanguage":"fr-FR","potentialAction":[{"@type":"ReadAction","target":["https:\/\/thiant.fr\/wordpress\/jeunesse\/2021\/03\/08\/covid-19-point-sur-la-vaccination\/"]}]},{"@type":"ImageObject","inLanguage":"fr-FR","@id":"https:\/\/thiant.fr\/wordpress\/jeunesse\/2021\/03\/08\/covid-19-point-sur-la-vaccination\/#primaryimage","url":"https:\/\/thiant.fr\/wordpress\/jeunesse\/wp-content\/uploads\/sites\/2\/2021\/03\/vaccins-flacons.png","contentUrl":"https:\/\/thiant.fr\/wordpress\/jeunesse\/wp-content\/uploads\/sites\/2\/2021\/03\/vaccins-flacons.png","width":730,"height":411},{"@type":"BreadcrumbList","@id":"https:\/\/thiant.fr\/wordpress\/jeunesse\/2021\/03\/08\/covid-19-point-sur-la-vaccination\/#breadcrumb","itemListElement":[{"@type":"ListItem","position":1,"name":"Accueil","item":"https:\/\/thiant.fr\/wordpress\/jeunesse\/"},{"@type":"ListItem","position":2,"name":"COVID-19 : Point sur la vaccination"}]},{"@type":"WebSite","@id":"https:\/\/thiant.fr\/wordpress\/jeunesse\/#website","url":"https:\/\/thiant.fr\/wordpress\/jeunesse\/","name":"Espace jeunesse du site officiel de la Ville de Thiant","description":"","publisher":{"@id":"https:\/\/thiant.fr\/wordpress\/jeunesse\/#organization"},"potentialAction":[{"@type":"SearchAction","target":{"@type":"EntryPoint","urlTemplate":"https:\/\/thiant.fr\/wordpress\/jeunesse\/?s={search_term_string}"},"query-input":{"@type":"PropertyValueSpecification","valueRequired":true,"valueName":"search_term_string"}}],"inLanguage":"fr-FR"},{"@type":"Organization","@id":"https:\/\/thiant.fr\/wordpress\/jeunesse\/#organization","name":"Espace jeunesse du site officiel de la Ville de Thiant","url":"https:\/\/thiant.fr\/wordpress\/jeunesse\/","logo":{"@type":"ImageObject","inLanguage":"fr-FR","@id":"https:\/\/thiant.fr\/wordpress\/jeunesse\/#\/schema\/logo\/image\/","url":"https:\/\/thiant.fr\/wordpress\/jeunesse\/wp-content\/uploads\/sites\/2\/2019\/10\/Logo_jeunesse_02-1.png","contentUrl":"https:\/\/thiant.fr\/wordpress\/jeunesse\/wp-content\/uploads\/sites\/2\/2019\/10\/Logo_jeunesse_02-1.png","width":384,"height":203,"caption":"Espace jeunesse du site officiel de la Ville de Thiant"},"image":{"@id":"https:\/\/thiant.fr\/wordpress\/jeunesse\/#\/schema\/logo\/image\/"},"sameAs":["https:\/\/www.facebook.com\/commune.thiant.1"]},{"@type":"Person","@id":"https:\/\/thiant.fr\/wordpress\/jeunesse\/#\/schema\/person\/f41122130d18c0720657431d990451c6","name":"Service communication","image":{"@type":"ImageObject","inLanguage":"fr-FR","@id":"https:\/\/thiant.fr\/wordpress\/jeunesse\/wp-content\/litespeed\/avatar\/2\/eeb9098e5269f97d4e67fcd6f533ccb1.jpg?ver=1777455838","url":"https:\/\/thiant.fr\/wordpress\/jeunesse\/wp-content\/litespeed\/avatar\/2\/eeb9098e5269f97d4e67fcd6f533ccb1.jpg?ver=1777455838","contentUrl":"https:\/\/thiant.fr\/wordpress\/jeunesse\/wp-content\/litespeed\/avatar\/2\/eeb9098e5269f97d4e67fcd6f533ccb1.jpg?ver=1777455838","caption":"Service communication"},"url":"https:\/\/thiant.fr\/wordpress\/jeunesse\/author\/adminwpress\/"}]}},"_links":{"self":[{"href":"https:\/\/thiant.fr\/wordpress\/jeunesse\/wp-json\/wp\/v2\/posts\/758","targetHints":{"allow":["GET"]}}],"collection":[{"href":"https:\/\/thiant.fr\/wordpress\/jeunesse\/wp-json\/wp\/v2\/posts"}],"about":[{"href":"https:\/\/thiant.fr\/wordpress\/jeunesse\/wp-json\/wp\/v2\/types\/post"}],"author":[{"embeddable":true,"href":"https:\/\/thiant.fr\/wordpress\/jeunesse\/wp-json\/wp\/v2\/users\/1"}],"replies":[{"embeddable":true,"href":"https:\/\/thiant.fr\/wordpress\/jeunesse\/wp-json\/wp\/v2\/comments?post=758"}],"version-history":[{"count":2,"href":"https:\/\/thiant.fr\/wordpress\/jeunesse\/wp-json\/wp\/v2\/posts\/758\/revisions"}],"predecessor-version":[{"id":761,"href":"https:\/\/thiant.fr\/wordpress\/jeunesse\/wp-json\/wp\/v2\/posts\/758\/revisions\/761"}],"wp:featuredmedia":[{"embeddable":true,"href":"https:\/\/thiant.fr\/wordpress\/jeunesse\/wp-json\/wp\/v2\/media\/744"}],"wp:attachment":[{"href":"https:\/\/thiant.fr\/wordpress\/jeunesse\/wp-json\/wp\/v2\/media?parent=758"}],"wp:term":[{"taxonomy":"category","embeddable":true,"href":"https:\/\/thiant.fr\/wordpress\/jeunesse\/wp-json\/wp\/v2\/categories?post=758"},{"taxonomy":"post_tag","embeddable":true,"href":"https:\/\/thiant.fr\/wordpress\/jeunesse\/wp-json\/wp\/v2\/tags?post=758"}],"curies":[{"name":"wp","href":"https:\/\/api.w.org\/{rel}","templated":true}]}}