{"id":762,"date":"2021-03-09T14:31:35","date_gmt":"2021-03-09T13:31:35","guid":{"rendered":"https:\/\/thiant.fr\/wordpress\/jeunesse\/?p=762"},"modified":"2021-03-09T14:37:25","modified_gmt":"2021-03-09T13:37:25","slug":"objectif-zero-dechet-pour-la-commune","status":"publish","type":"post","link":"https:\/\/thiant.fr\/wordpress\/jeunesse\/2021\/03\/09\/objectif-zero-dechet-pour-la-commune\/","title":{"rendered":"Objectif Z\u00e9ro D\u00e9chet pour la commune"},"content":{"rendered":"\t\t<div data-elementor-type=\"wp-post\" data-elementor-id=\"762\" class=\"elementor elementor-762\">\n\t\t\t\t\t\t<section class=\"elementor-section elementor-top-section elementor-element elementor-element-8e6f4f8 elementor-section-boxed elementor-section-height-default elementor-section-height-default\" data-id=\"8e6f4f8\" data-element_type=\"section\" data-e-type=\"section\">\n\t\t\t\t\t\t<div class=\"elementor-container elementor-column-gap-default\">\n\t\t\t\t\t<div class=\"elementor-column elementor-col-100 elementor-top-column elementor-element elementor-element-b2fa162\" data-id=\"b2fa162\" data-element_type=\"column\" data-e-type=\"column\">\n\t\t\t<div class=\"elementor-widget-wrap elementor-element-populated\">\n\t\t\t\t\t\t<div class=\"elementor-element elementor-element-ea2971b elementor-drop-cap-yes elementor-drop-cap-view-default elementor-widget elementor-widget-text-editor\" data-id=\"ea2971b\" data-element_type=\"widget\" data-e-type=\"widget\" data-settings=\"{&quot;drop_cap&quot;:&quot;yes&quot;}\" data-widget_type=\"text-editor.default\">\n\t\t\t\t<div class=\"elementor-widget-container\">\n\t\t\t\t\t\t\t\t\t<p>\u00c0 l\u2019image des labels des Villes et Villages Fleuris ou les arobases pour Internet, le SIAVED a lanc\u00e9 un label sous forme de lucioles pour les 113 communes du territoire qui s\u2019investissent avec leurs habitants dans la r\u00e9duction et la meilleure gestion des d\u00e9chets.<\/p><p>Chaque action r\u00e9alis\u00e9e sera cot\u00e9e selon un bar\u00e8me, valant de 1 \u00e0 3 lucioles selon sa difficult\u00e9. Pour obtenir le label, les communes participantes devront obtenir un minimum de 40 lucioles pour \u00eatre labellis\u00e9es.<\/p><p style=\"padding-left: 40px;\">Elles pourront acqu\u00e9rir jusqu\u2019\u00e0 80 lucioles :<br \/>\u2022 niveau 1 : 40 \u00e0 50 lucioles, <br \/>\u2022 niveau 2 : 50 \u00e0 65, <br \/>\u2022 niveau 3 : plus de 65.<\/p><hr \/><h4><span style=\"color: #0000ff;\">4 th\u00e9matiques pour agir<\/span><\/h4><p style=\"padding-left: 40px;\"><strong><span style=\"color: #008000;\">Les bio-d\u00e9chets : <\/span><\/strong>la pes\u00e9e des d\u00e9chets alimentaires en restauration collective, le compostage, la communication via le journal municipal ou internet&#8230;<\/p><p style=\"padding-left: 40px;\"><strong><span style=\"color: #008000;\">Le tri des d\u00e9chets : <\/span><\/strong>le respect des consignes de tri, le tri dans les espaces accueillant du public ou des \u00e9v\u00e8nements, la sensibilisation et la formation des agents municipaux et des habitants&#8230;<\/p><p style=\"padding-left: 40px;\"><strong><span style=\"color: #008000;\">L&#8217;\u00e9co-consommation :<\/span><\/strong> faire des achats responsables pour les communes (produits locaux, r\u00e9cipients r\u00e9utilisables ou compostables), autocollants &#8220;Stop Pub&#8221;&#8230;<\/p><p style=\"padding-left: 40px;\"><strong><span style=\"color: #008000;\">La sant\u00e9 environnementale :<\/span><\/strong> entretien au naturel en \u00e9coles, cr\u00e8ches ou haltes-garderies, communication aux administr\u00e9s, conf\u00e9rences ou expositions&#8230;<\/p>\t\t\t\t\t\t\t\t<\/div>\n\t\t\t\t<\/div>\n\t\t\t\t\t<\/div>\n\t\t<\/div>\n\t\t\t\t\t<\/div>\n\t\t<\/section>\n\t\t\t\t<section class=\"elementor-section elementor-top-section elementor-element elementor-element-c69632a elementor-section-boxed elementor-section-height-default elementor-section-height-default\" data-id=\"c69632a\" data-element_type=\"section\" data-e-type=\"section\">\n\t\t\t\t\t\t<div class=\"elementor-container elementor-column-gap-default\">\n\t\t\t\t\t<div class=\"elementor-column elementor-col-100 elementor-top-column elementor-element elementor-element-35a2106\" data-id=\"35a2106\" data-element_type=\"column\" data-e-type=\"column\">\n\t\t\t<div class=\"elementor-widget-wrap elementor-element-populated\">\n\t\t\t\t\t\t<div class=\"elementor-element elementor-element-09dc4c4 elementor-widget-divider--view-line elementor-widget elementor-widget-divider\" data-id=\"09dc4c4\" data-element_type=\"widget\" data-e-type=\"widget\" data-widget_type=\"divider.default\">\n\t\t\t\t<div class=\"elementor-widget-container\">\n\t\t\t\t\t\t\t<div class=\"elementor-divider\">\n\t\t\t<span class=\"elementor-divider-separator\">\n\t\t\t\t\t\t<\/span>\n\t\t<\/div>\n\t\t\t\t\t\t<\/div>\n\t\t\t\t<\/div>\n\t\t\t\t\t<\/div>\n\t\t<\/div>\n\t\t\t\t\t<\/div>\n\t\t<\/section>\n\t\t\t\t<section class=\"elementor-section elementor-top-section elementor-element elementor-element-8d7aa5b elementor-section-boxed elementor-section-height-default elementor-section-height-default\" data-id=\"8d7aa5b\" data-element_type=\"section\" data-e-type=\"section\">\n\t\t\t\t\t\t<div class=\"elementor-container elementor-column-gap-default\">\n\t\t\t\t\t<div class=\"elementor-column elementor-col-100 elementor-top-column elementor-element elementor-element-282b256\" data-id=\"282b256\" data-element_type=\"column\" data-e-type=\"column\">\n\t\t\t<div class=\"elementor-widget-wrap elementor-element-populated\">\n\t\t\t\t\t\t<div class=\"elementor-element elementor-element-bc06b77 elementor-widget elementor-widget-text-editor\" data-id=\"bc06b77\" data-element_type=\"widget\" data-e-type=\"widget\" data-widget_type=\"text-editor.default\">\n\t\t\t\t<div class=\"elementor-widget-container\">\n\t\t\t\t\t\t\t\t\t<h2 style=\"text-align: center;\">Les actions retenues par la commune<\/h2>\t\t\t\t\t\t\t\t<\/div>\n\t\t\t\t<\/div>\n\t\t\t\t\t<\/div>\n\t\t<\/div>\n\t\t\t\t\t<\/div>\n\t\t<\/section>\n\t\t\t\t<section class=\"elementor-section elementor-top-section elementor-element elementor-element-b3fad9a elementor-section-boxed elementor-section-height-default elementor-section-height-default\" data-id=\"b3fad9a\" data-element_type=\"section\" data-e-type=\"section\">\n\t\t\t\t\t\t<div class=\"elementor-container elementor-column-gap-default\">\n\t\t\t\t\t<div class=\"elementor-column elementor-col-100 elementor-top-column elementor-element elementor-element-3d58482\" data-id=\"3d58482\" data-element_type=\"column\" data-e-type=\"column\">\n\t\t\t<div class=\"elementor-widget-wrap elementor-element-populated\">\n\t\t\t\t\t\t<div class=\"elementor-element elementor-element-9a24662 elementor-widget elementor-widget-text-editor\" data-id=\"9a24662\" data-element_type=\"widget\" data-e-type=\"widget\" data-widget_type=\"text-editor.default\">\n\t\t\t\t<div class=\"elementor-widget-container\">\n\t\t\t\t\t\t\t\t\t<h4>Axe 1 : les bio-d\u00e9chets<\/h4>\t\t\t\t\t\t\t\t<\/div>\n\t\t\t\t<\/div>\n\t\t\t\t\t<\/div>\n\t\t<\/div>\n\t\t\t\t\t<\/div>\n\t\t<\/section>\n\t\t\t\t<section class=\"elementor-section elementor-top-section elementor-element elementor-element-6c42092 elementor-section-boxed elementor-section-height-default elementor-section-height-default\" data-id=\"6c42092\" data-element_type=\"section\" data-e-type=\"section\">\n\t\t\t\t\t\t<div class=\"elementor-container elementor-column-gap-default\">\n\t\t\t\t\t<div class=\"elementor-column elementor-col-100 elementor-top-column elementor-element elementor-element-152a533\" data-id=\"152a533\" data-element_type=\"column\" data-e-type=\"column\">\n\t\t\t<div class=\"elementor-widget-wrap elementor-element-populated\">\n\t\t\t\t\t\t<div class=\"elementor-element elementor-element-18b9c30 elementor-widget elementor-widget-text-editor\" data-id=\"18b9c30\" data-element_type=\"widget\" data-e-type=\"widget\" data-widget_type=\"text-editor.default\">\n\t\t\t\t<div class=\"elementor-widget-container\">\n\t\t\t\t\t\t\t\t\t<h5 style=\"padding-left: 40px;\">-&gt; Le gaspillage alimentaire (9 lucioles)<\/h5>\t\t\t\t\t\t\t\t<\/div>\n\t\t\t\t<\/div>\n\t\t\t\t\t<\/div>\n\t\t<\/div>\n\t\t\t\t\t<\/div>\n\t\t<\/section>\n\t\t\t\t<section class=\"elementor-section elementor-top-section elementor-element elementor-element-db687de elementor-section-boxed elementor-section-height-default elementor-section-height-default\" data-id=\"db687de\" data-element_type=\"section\" data-e-type=\"section\">\n\t\t\t\t\t\t<div class=\"elementor-container elementor-column-gap-default\">\n\t\t\t\t\t<div class=\"elementor-column elementor-col-100 elementor-top-column elementor-element elementor-element-22adbdc\" data-id=\"22adbdc\" data-element_type=\"column\" data-e-type=\"column\">\n\t\t\t<div class=\"elementor-widget-wrap elementor-element-populated\">\n\t\t\t\t\t\t<div class=\"elementor-element elementor-element-4f9e785 elementor-widget elementor-widget-text-editor\" data-id=\"4f9e785\" data-element_type=\"widget\" data-e-type=\"widget\" data-widget_type=\"text-editor.default\">\n\t\t\t\t<div class=\"elementor-widget-container\">\n\t\t\t\t\t\t\t\t\t<ul><li>Communiquer sur le gaspillage alimentaire (1 luciole)<\/li><li>Mettre en place une pes\u00e9e des d\u00e9chets alimentaires dans la restauration collective et communiquer les r\u00e9sultats des pes\u00e9es (2 lucioles)<\/li><li>\u00c9valuer le gaspillage alimentaire au sein de la commune et engager des actions correctives (3 lucioles)<\/li><li>Travailler sur le cahier des charges ou convention li\u00e9s au prestataire de restauration (3 lucioles)<\/li><\/ul>\t\t\t\t\t\t\t\t<\/div>\n\t\t\t\t<\/div>\n\t\t\t\t\t<\/div>\n\t\t<\/div>\n\t\t\t\t\t<\/div>\n\t\t<\/section>\n\t\t\t\t<section class=\"elementor-section elementor-top-section elementor-element elementor-element-b0a0587 elementor-section-boxed elementor-section-height-default elementor-section-height-default\" data-id=\"b0a0587\" data-element_type=\"section\" data-e-type=\"section\">\n\t\t\t\t\t\t<div class=\"elementor-container elementor-column-gap-default\">\n\t\t\t\t\t<div class=\"elementor-column elementor-col-100 elementor-top-column elementor-element elementor-element-039fa90\" data-id=\"039fa90\" data-element_type=\"column\" data-e-type=\"column\">\n\t\t\t<div class=\"elementor-widget-wrap elementor-element-populated\">\n\t\t\t\t\t\t<div class=\"elementor-element elementor-element-1673e59 elementor-widget elementor-widget-text-editor\" data-id=\"1673e59\" data-element_type=\"widget\" data-e-type=\"widget\" data-widget_type=\"text-editor.default\">\n\t\t\t\t<div class=\"elementor-widget-container\">\n\t\t\t\t\t\t\t\t\t<h5>-&gt; Le compostage (investissement de la collectivit\u00e9, des habitants) (13 lucioles)<\/h5>\t\t\t\t\t\t\t\t<\/div>\n\t\t\t\t<\/div>\n\t\t\t\t\t<\/div>\n\t\t<\/div>\n\t\t\t\t\t<\/div>\n\t\t<\/section>\n\t\t\t\t<section class=\"elementor-section elementor-top-section elementor-element elementor-element-617b3d3 elementor-section-boxed elementor-section-height-default elementor-section-height-default\" data-id=\"617b3d3\" data-element_type=\"section\" data-e-type=\"section\">\n\t\t\t\t\t\t<div class=\"elementor-container elementor-column-gap-default\">\n\t\t\t\t\t<div class=\"elementor-column elementor-col-100 elementor-top-column elementor-element elementor-element-f1a44d8\" data-id=\"f1a44d8\" data-element_type=\"column\" data-e-type=\"column\">\n\t\t\t<div class=\"elementor-widget-wrap elementor-element-populated\">\n\t\t\t\t\t\t<div class=\"elementor-element elementor-element-191ada3 elementor-widget elementor-widget-text-editor\" data-id=\"191ada3\" data-element_type=\"widget\" data-e-type=\"widget\" data-widget_type=\"text-editor.default\">\n\t\t\t\t<div class=\"elementor-widget-container\">\n\t\t\t\t\t\t\t\t\t<ul><li>Communiquer sur le compostage domestique (1 luciole)<\/li><li>Accueillir une fois dans l&#8217;ann\u00e9e l&#8217;exposition &#8220;Compostage&#8221; (1 luciole)<\/li><li>Communiquer sur l&#8217;interdiction du br\u00fblage des d\u00e9chets verts (1 luciole)<\/li><li>\u00c9quiper un b\u00e2timent public d&#8217;un site de compostage autonome (2 lucioles)<\/li><li>P\u00e9renniser le compostage dans les cimeti\u00e8res (2 lucioles)<\/li><li>Former au moins 30% des agents \u00e0 la gestion diff\u00e9renci\u00e9e des espaces verts (2 lucioles)<\/li><li>Adopter un plan de gestion diff\u00e9renci\u00e9e de mes espaces verts (3 lucioles)<\/li><li>Augmenter le nombre de foyers \u00e9quip\u00e9s en composteur (1 luciole)<\/li><\/ul>\t\t\t\t\t\t\t\t<\/div>\n\t\t\t\t<\/div>\n\t\t\t\t\t<\/div>\n\t\t<\/div>\n\t\t\t\t\t<\/div>\n\t\t<\/section>\n\t\t\t\t<section class=\"elementor-section elementor-top-section elementor-element elementor-element-0c38d18 elementor-section-boxed elementor-section-height-default elementor-section-height-default\" data-id=\"0c38d18\" data-element_type=\"section\" data-e-type=\"section\">\n\t\t\t\t\t\t<div class=\"elementor-container elementor-column-gap-default\">\n\t\t\t\t\t<div class=\"elementor-column elementor-col-100 elementor-top-column elementor-element elementor-element-ae0853f\" data-id=\"ae0853f\" data-element_type=\"column\" data-e-type=\"column\">\n\t\t\t<div class=\"elementor-widget-wrap elementor-element-populated\">\n\t\t\t\t\t\t<div class=\"elementor-element elementor-element-7e3ec82 elementor-widget elementor-widget-text-editor\" data-id=\"7e3ec82\" data-element_type=\"widget\" data-e-type=\"widget\" data-widget_type=\"text-editor.default\">\n\t\t\t\t<div class=\"elementor-widget-container\">\n\t\t\t\t\t\t\t\t\t<h4>Axe 2 : Le tri des d\u00e9chets<\/h4>\t\t\t\t\t\t\t\t<\/div>\n\t\t\t\t<\/div>\n\t\t\t\t\t<\/div>\n\t\t<\/div>\n\t\t\t\t\t<\/div>\n\t\t<\/section>\n\t\t\t\t<section class=\"elementor-section elementor-top-section elementor-element elementor-element-d7693e1 elementor-section-boxed elementor-section-height-default elementor-section-height-default\" data-id=\"d7693e1\" data-element_type=\"section\" data-e-type=\"section\">\n\t\t\t\t\t\t<div class=\"elementor-container elementor-column-gap-default\">\n\t\t\t\t\t<div class=\"elementor-column elementor-col-100 elementor-top-column elementor-element elementor-element-62cbe9a\" data-id=\"62cbe9a\" data-element_type=\"column\" data-e-type=\"column\">\n\t\t\t<div class=\"elementor-widget-wrap elementor-element-populated\">\n\t\t\t\t\t\t<div class=\"elementor-element elementor-element-9533732 elementor-widget elementor-widget-text-editor\" data-id=\"9533732\" data-element_type=\"widget\" data-e-type=\"widget\" data-widget_type=\"text-editor.default\">\n\t\t\t\t<div class=\"elementor-widget-container\">\n\t\t\t\t\t\t\t\t\t<h5>-&gt; Investissement de la collectivit\u00e9 (6 lucioles)<\/h5>\t\t\t\t\t\t\t\t<\/div>\n\t\t\t\t<\/div>\n\t\t\t\t\t<\/div>\n\t\t<\/div>\n\t\t\t\t\t<\/div>\n\t\t<\/section>\n\t\t\t\t<section class=\"elementor-section elementor-top-section elementor-element elementor-element-3ea740c elementor-section-boxed elementor-section-height-default elementor-section-height-default\" data-id=\"3ea740c\" data-element_type=\"section\" data-e-type=\"section\">\n\t\t\t\t\t\t<div class=\"elementor-container elementor-column-gap-default\">\n\t\t\t\t\t<div class=\"elementor-column elementor-col-100 elementor-top-column elementor-element elementor-element-922ef0a\" data-id=\"922ef0a\" data-element_type=\"column\" data-e-type=\"column\">\n\t\t\t<div class=\"elementor-widget-wrap elementor-element-populated\">\n\t\t\t\t\t\t<div class=\"elementor-element elementor-element-b9a208a elementor-widget elementor-widget-text-editor\" data-id=\"b9a208a\" data-element_type=\"widget\" data-e-type=\"widget\" data-widget_type=\"text-editor.default\">\n\t\t\t\t<div class=\"elementor-widget-container\">\n\t\t\t\t\t\t\t\t\t<ul><li>Communiquer sur les consignes de tri et les refus (1 luciole)<\/li><li>Mettre en place le tri et sensibiliser les agents (1 luciole)<\/li><li>Mettre en place un point de collecte sp\u00e9cifique (1 luciole)<\/li><li>Mettre en place le tri dans la salle des f\u00eates et le faire respecter (2 lucioles)<\/li><li>Mettre en place le tri dans les complexes sportifs (2 lucioles)<\/li><\/ul>\t\t\t\t\t\t\t\t<\/div>\n\t\t\t\t<\/div>\n\t\t\t\t\t<\/div>\n\t\t<\/div>\n\t\t\t\t\t<\/div>\n\t\t<\/section>\n\t\t\t\t<section class=\"elementor-section elementor-top-section elementor-element elementor-element-eeb9fbb elementor-section-boxed elementor-section-height-default elementor-section-height-default\" data-id=\"eeb9fbb\" data-element_type=\"section\" data-e-type=\"section\">\n\t\t\t\t\t\t<div class=\"elementor-container elementor-column-gap-default\">\n\t\t\t\t\t<div class=\"elementor-column elementor-col-100 elementor-top-column elementor-element elementor-element-97581ca\" data-id=\"97581ca\" data-element_type=\"column\" data-e-type=\"column\">\n\t\t\t<div class=\"elementor-widget-wrap elementor-element-populated\">\n\t\t\t\t\t\t<div class=\"elementor-element elementor-element-8251ca4 elementor-widget elementor-widget-text-editor\" data-id=\"8251ca4\" data-element_type=\"widget\" data-e-type=\"widget\" data-widget_type=\"text-editor.default\">\n\t\t\t\t<div class=\"elementor-widget-container\">\n\t\t\t\t\t\t\t\t\t<h4>Axe 3 : L&#8217;\u00e9co-consommation (9 lucioles)<\/h4>\t\t\t\t\t\t\t\t<\/div>\n\t\t\t\t<\/div>\n\t\t\t\t\t<\/div>\n\t\t<\/div>\n\t\t\t\t\t<\/div>\n\t\t<\/section>\n\t\t\t\t<section class=\"elementor-section elementor-top-section elementor-element elementor-element-7239138 elementor-section-boxed elementor-section-height-default elementor-section-height-default\" data-id=\"7239138\" data-element_type=\"section\" data-e-type=\"section\">\n\t\t\t\t\t\t<div class=\"elementor-container elementor-column-gap-default\">\n\t\t\t\t\t<div class=\"elementor-column elementor-col-100 elementor-top-column elementor-element elementor-element-204adda\" data-id=\"204adda\" data-element_type=\"column\" data-e-type=\"column\">\n\t\t\t<div class=\"elementor-widget-wrap elementor-element-populated\">\n\t\t\t\t\t\t<div class=\"elementor-element elementor-element-69455d5 elementor-widget elementor-widget-text-editor\" data-id=\"69455d5\" data-element_type=\"widget\" data-e-type=\"widget\" data-widget_type=\"text-editor.default\">\n\t\t\t\t<div class=\"elementor-widget-container\">\n\t\t\t\t\t\t\t\t\t<ul><li>Mettre en place le tri dans les espaces ext\u00e9rieurs (2 lucioles)<\/li><li>15% des bacs contr\u00f4l\u00e9s ont re\u00e7u une \u00e9tiquette verte (1 luciole)<\/li><li>Communiquer sur l&#8217;\u00e9co-consommation (1 luciole)<\/li><li>Apposer un autocollant Stop-Pub sur les boites aux lettres de la collectivit\u00e9 et aider \u00e0 la diffusion de l&#8217;autocollant aupr\u00e8s des habitants (1 luciole)<\/li><li>Programmer les imprimantes en noir et blanc et recto\/verso (1 luciole)<\/li><li>Privil\u00e9gi\u00e9 l&#8217;achat de produits labellis\u00e9s (2 lucioles)<\/li><li>Accueillir un atelier du savoir faire (1 luciole)<\/li><\/ul>\t\t\t\t\t\t\t\t<\/div>\n\t\t\t\t<\/div>\n\t\t\t\t\t<\/div>\n\t\t<\/div>\n\t\t\t\t\t<\/div>\n\t\t<\/section>\n\t\t\t\t<section class=\"elementor-section elementor-top-section elementor-element elementor-element-047fa2a elementor-section-boxed elementor-section-height-default elementor-section-height-default\" data-id=\"047fa2a\" data-element_type=\"section\" data-e-type=\"section\">\n\t\t\t\t\t\t<div class=\"elementor-container elementor-column-gap-default\">\n\t\t\t\t\t<div class=\"elementor-column elementor-col-100 elementor-top-column elementor-element elementor-element-f442b7e\" data-id=\"f442b7e\" data-element_type=\"column\" data-e-type=\"column\">\n\t\t\t<div class=\"elementor-widget-wrap elementor-element-populated\">\n\t\t\t\t\t\t<div class=\"elementor-element elementor-element-c6a062d elementor-widget elementor-widget-text-editor\" data-id=\"c6a062d\" data-element_type=\"widget\" data-e-type=\"widget\" data-widget_type=\"text-editor.default\">\n\t\t\t\t<div class=\"elementor-widget-container\">\n\t\t\t\t\t\t\t\t\t<h4>Axe 4 : La sant\u00e9 environnementale (6 lucioles)<\/h4>\t\t\t\t\t\t\t\t<\/div>\n\t\t\t\t<\/div>\n\t\t\t\t\t<\/div>\n\t\t<\/div>\n\t\t\t\t\t<\/div>\n\t\t<\/section>\n\t\t\t\t<section class=\"elementor-section elementor-top-section elementor-element elementor-element-e2348ba elementor-section-boxed elementor-section-height-default elementor-section-height-default\" data-id=\"e2348ba\" data-element_type=\"section\" data-e-type=\"section\">\n\t\t\t\t\t\t<div class=\"elementor-container elementor-column-gap-default\">\n\t\t\t\t\t<div class=\"elementor-column elementor-col-100 elementor-top-column elementor-element elementor-element-afa9121\" data-id=\"afa9121\" data-element_type=\"column\" data-e-type=\"column\">\n\t\t\t<div class=\"elementor-widget-wrap elementor-element-populated\">\n\t\t\t\t\t\t<div class=\"elementor-element elementor-element-1c72122 elementor-widget elementor-widget-text-editor\" data-id=\"1c72122\" data-element_type=\"widget\" data-e-type=\"widget\" data-widget_type=\"text-editor.default\">\n\t\t\t\t<div class=\"elementor-widget-container\">\n\t\t\t\t\t\t\t\t\t<ul><li>Communiquer sur les relations entre environnement et sant\u00e9 (1 luciole)<\/li><li>Accueillir une conf\u00e9rence sant\u00e9 environnementale et\/ou l&#8217;exposition &#8220;info\/intox&#8221; (2 lucioles)<\/li><li>Passer \u00e0 l&#8217;entretien au naturel (3 lucioles)<\/li><\/ul>\t\t\t\t\t\t\t\t<\/div>\n\t\t\t\t<\/div>\n\t\t\t\t\t<\/div>\n\t\t<\/div>\n\t\t\t\t\t<\/div>\n\t\t<\/section>\n\t\t\t\t<section class=\"elementor-section elementor-top-section elementor-element elementor-element-658a59c elementor-section-boxed elementor-section-height-default elementor-section-height-default\" data-id=\"658a59c\" data-element_type=\"section\" data-e-type=\"section\">\n\t\t\t\t\t\t<div class=\"elementor-container elementor-column-gap-default\">\n\t\t\t\t\t<div class=\"elementor-column elementor-col-100 elementor-top-column elementor-element elementor-element-8f4420d\" data-id=\"8f4420d\" data-element_type=\"column\" data-e-type=\"column\">\n\t\t\t<div class=\"elementor-widget-wrap elementor-element-populated\">\n\t\t\t\t\t\t<div class=\"elementor-element elementor-element-082af0c elementor-widget elementor-widget-text-editor\" data-id=\"082af0c\" data-element_type=\"widget\" data-e-type=\"widget\" data-widget_type=\"text-editor.default\">\n\t\t\t\t<div class=\"elementor-widget-container\">\n\t\t\t\t\t\t\t\t\t<h3>Objectif : 43 lucioles<\/h3>\t\t\t\t\t\t\t\t<\/div>\n\t\t\t\t<\/div>\n\t\t\t\t\t<\/div>\n\t\t<\/div>\n\t\t\t\t\t<\/div>\n\t\t<\/section>\n\t\t\t\t<section class=\"elementor-section elementor-top-section elementor-element elementor-element-dcfb0dd elementor-section-boxed elementor-section-height-default elementor-section-height-default\" data-id=\"dcfb0dd\" data-element_type=\"section\" data-e-type=\"section\">\n\t\t\t\t\t\t<div class=\"elementor-container elementor-column-gap-default\">\n\t\t\t\t\t<div class=\"elementor-column elementor-col-100 elementor-top-column elementor-element elementor-element-3484de9\" data-id=\"3484de9\" data-element_type=\"column\" data-e-type=\"column\">\n\t\t\t<div class=\"elementor-widget-wrap elementor-element-populated\">\n\t\t\t\t\t\t<div class=\"elementor-element elementor-element-4652d0f elementor-widget elementor-widget-text-editor\" data-id=\"4652d0f\" data-element_type=\"widget\" data-e-type=\"widget\" data-widget_type=\"text-editor.default\">\n\t\t\t\t<div class=\"elementor-widget-container\">\n\t\t\t\t\t\t\t\t\t<p style=\"text-align: center;\">Sources : SIAVED Infos num\u00e9ro 16 | Dossier de participation au label &#8220;Commune Z\u00e9ro D\u00e9chet&#8221;<\/p>\t\t\t\t\t\t\t\t<\/div>\n\t\t\t\t<\/div>\n\t\t\t\t\t<\/div>\n\t\t<\/div>\n\t\t\t\t\t<\/div>\n\t\t<\/section>\n\t\t\t\t<\/div>\n\t\t","protected":false},"excerpt":{"rendered":"<p>\u00c0 l\u2019image des labels des Villes et Villages Fleuris ou les arobases pour Internet, le SIAVED a lanc\u00e9 un label sous forme de lucioles pour les 113 communes du territoire qui s\u2019investissent avec leurs habitants dans la r\u00e9duction et la meilleure gestion des d\u00e9chets. Chaque action r\u00e9alis\u00e9e sera cot\u00e9e selon un bar\u00e8me, valant de 1 [&hellip;]<\/p>\n","protected":false},"author":1,"featured_media":763,"comment_status":"closed","ping_status":"closed","sticky":false,"template":"","format":"standard","meta":{"_crdt_document":"","ocean_post_layout":"","ocean_both_sidebars_style":"","ocean_both_sidebars_content_width":0,"ocean_both_sidebars_sidebars_width":0,"ocean_sidebar":"0","ocean_second_sidebar":"0","ocean_disable_margins":"enable","ocean_add_body_class":"","ocean_shortcode_before_top_bar":"","ocean_shortcode_after_top_bar":"","ocean_shortcode_before_header":"","ocean_shortcode_after_header":"","ocean_has_shortcode":"","ocean_shortcode_after_title":"","ocean_shortcode_before_footer_widgets":"","ocean_shortcode_after_footer_widgets":"","ocean_shortcode_before_footer_bottom":"","ocean_shortcode_after_footer_bottom":"","ocean_display_top_bar":"default","ocean_display_header":"default","ocean_header_style":"","ocean_center_header_left_menu":"0","ocean_custom_header_template":"0","ocean_custom_logo":0,"ocean_custom_retina_logo":0,"ocean_custom_logo_max_width":0,"ocean_custom_logo_tablet_max_width":0,"ocean_custom_logo_mobile_max_width":0,"ocean_custom_logo_max_height":0,"ocean_custom_logo_tablet_max_height":0,"ocean_custom_logo_mobile_max_height":0,"ocean_header_custom_menu":"0","ocean_menu_typo_font_family":"0","ocean_menu_typo_font_subset":"","ocean_menu_typo_font_size":0,"ocean_menu_typo_font_size_tablet":0,"ocean_menu_typo_font_size_mobile":0,"ocean_menu_typo_font_size_unit":"px","ocean_menu_typo_font_weight":"","ocean_menu_typo_font_weight_tablet":"","ocean_menu_typo_font_weight_mobile":"","ocean_menu_typo_transform":"","ocean_menu_typo_transform_tablet":"","ocean_menu_typo_transform_mobile":"","ocean_menu_typo_line_height":0,"ocean_menu_typo_line_height_tablet":0,"ocean_menu_typo_line_height_mobile":0,"ocean_menu_typo_line_height_unit":"","ocean_menu_typo_spacing":0,"ocean_menu_typo_spacing_tablet":0,"ocean_menu_typo_spacing_mobile":0,"ocean_menu_typo_spacing_unit":"","ocean_menu_link_color":"","ocean_menu_link_color_hover":"","ocean_menu_link_color_active":"","ocean_menu_link_background":"","ocean_menu_link_hover_background":"","ocean_menu_link_active_background":"","ocean_menu_social_links_bg":"","ocean_menu_social_hover_links_bg":"","ocean_menu_social_links_color":"","ocean_menu_social_hover_links_color":"","ocean_disable_title":"default","ocean_disable_heading":"default","ocean_post_title":"","ocean_post_subheading":"","ocean_post_title_style":"","ocean_post_title_background_color":"","ocean_post_title_background":0,"ocean_post_title_bg_image_position":"","ocean_post_title_bg_image_attachment":"","ocean_post_title_bg_image_repeat":"","ocean_post_title_bg_image_size":"","ocean_post_title_height":0,"ocean_post_title_bg_overlay":0.5,"ocean_post_title_bg_overlay_color":"","ocean_disable_breadcrumbs":"default","ocean_breadcrumbs_color":"","ocean_breadcrumbs_separator_color":"","ocean_breadcrumbs_links_color":"","ocean_breadcrumbs_links_hover_color":"","ocean_display_footer_widgets":"default","ocean_display_footer_bottom":"default","ocean_custom_footer_template":"0","ocean_post_oembed":"","ocean_post_self_hosted_media":"","ocean_post_video_embed":"","ocean_link_format":"","ocean_link_format_target":"self","ocean_quote_format":"","ocean_quote_format_link":"post","ocean_gallery_link_images":"off","ocean_gallery_id":[],"footnotes":""},"categories":[131,171,166],"tags":[289,296,291,292,293,294,295],"class_list":["post-762","post","type-post","status-publish","format-standard","has-post-thumbnail","hentry","category-actualites-municipales","category-bonne-cause","category-siaved","tag-commune-zero-dechet","tag-dechet","tag-eco-responsabilite","tag-ecologie","tag-engagement-citoyen","tag-responsabilite","tag-zero","entry","has-media"],"yoast_head":"<!-- This site is optimized with the Yoast SEO plugin v27.3 - https:\/\/yoast.com\/product\/yoast-seo-wordpress\/ -->\n<title>Objectif Z\u00e9ro D\u00e9chet pour la commune - Espace jeunesse du site officiel de la Ville de Thiant<\/title>\n<meta name=\"robots\" content=\"index, follow, max-snippet:-1, max-image-preview:large, max-video-preview:-1\" \/>\n<link rel=\"canonical\" href=\"https:\/\/thiant.fr\/wordpress\/jeunesse\/2021\/03\/09\/objectif-zero-dechet-pour-la-commune\/\" \/>\n<meta property=\"og:locale\" content=\"fr_FR\" \/>\n<meta property=\"og:type\" content=\"article\" \/>\n<meta property=\"og:title\" content=\"Objectif Z\u00e9ro D\u00e9chet pour la commune - Espace jeunesse du site officiel de la Ville de Thiant\" \/>\n<meta property=\"og:description\" content=\"\u00c0 l\u2019image des labels des Villes et Villages Fleuris ou les arobases pour Internet, le SIAVED a lanc\u00e9 un label sous forme de lucioles pour les 113 communes du territoire qui s\u2019investissent avec leurs habitants dans la r\u00e9duction et la meilleure gestion des d\u00e9chets. Chaque action r\u00e9alis\u00e9e sera cot\u00e9e selon un bar\u00e8me, valant de 1 [&hellip;]\" \/>\n<meta property=\"og:url\" content=\"https:\/\/thiant.fr\/wordpress\/jeunesse\/2021\/03\/09\/objectif-zero-dechet-pour-la-commune\/\" \/>\n<meta property=\"og:site_name\" content=\"Espace jeunesse du site officiel de la Ville de Thiant\" \/>\n<meta property=\"article:publisher\" content=\"https:\/\/www.facebook.com\/commune.thiant.1\" \/>\n<meta property=\"article:published_time\" content=\"2021-03-09T13:31:35+00:00\" \/>\n<meta property=\"article:modified_time\" content=\"2021-03-09T13:37:25+00:00\" \/>\n<meta property=\"og:image\" content=\"https:\/\/thiant.fr\/wordpress\/jeunesse\/wp-content\/uploads\/sites\/2\/2021\/03\/protection-nature.png\" \/>\n\t<meta property=\"og:image:width\" content=\"730\" \/>\n\t<meta property=\"og:image:height\" content=\"487\" \/>\n\t<meta property=\"og:image:type\" content=\"image\/png\" \/>\n<meta name=\"author\" content=\"Service communication\" \/>\n<meta name=\"twitter:card\" content=\"summary_large_image\" \/>\n<meta name=\"twitter:label1\" content=\"\u00c9crit par\" \/>\n\t<meta name=\"twitter:data1\" content=\"Service communication\" \/>\n\t<meta name=\"twitter:label2\" content=\"Dur\u00e9e de lecture estim\u00e9e\" \/>\n\t<meta name=\"twitter:data2\" content=\"3 minutes\" \/>\n<script type=\"application\/ld+json\" class=\"yoast-schema-graph\">{\"@context\":\"https:\\\/\\\/schema.org\",\"@graph\":[{\"@type\":\"Article\",\"@id\":\"https:\\\/\\\/thiant.fr\\\/wordpress\\\/jeunesse\\\/2021\\\/03\\\/09\\\/objectif-zero-dechet-pour-la-commune\\\/#article\",\"isPartOf\":{\"@id\":\"https:\\\/\\\/thiant.fr\\\/wordpress\\\/jeunesse\\\/2021\\\/03\\\/09\\\/objectif-zero-dechet-pour-la-commune\\\/\"},\"author\":{\"name\":\"Service communication\",\"@id\":\"https:\\\/\\\/thiant.fr\\\/wordpress\\\/jeunesse\\\/#\\\/schema\\\/person\\\/f41122130d18c0720657431d990451c6\"},\"headline\":\"Objectif Z\u00e9ro D\u00e9chet pour la commune\",\"datePublished\":\"2021-03-09T13:31:35+00:00\",\"dateModified\":\"2021-03-09T13:37:25+00:00\",\"mainEntityOfPage\":{\"@id\":\"https:\\\/\\\/thiant.fr\\\/wordpress\\\/jeunesse\\\/2021\\\/03\\\/09\\\/objectif-zero-dechet-pour-la-commune\\\/\"},\"wordCount\":577,\"publisher\":{\"@id\":\"https:\\\/\\\/thiant.fr\\\/wordpress\\\/jeunesse\\\/#organization\"},\"image\":{\"@id\":\"https:\\\/\\\/thiant.fr\\\/wordpress\\\/jeunesse\\\/2021\\\/03\\\/09\\\/objectif-zero-dechet-pour-la-commune\\\/#primaryimage\"},\"thumbnailUrl\":\"https:\\\/\\\/thiant.fr\\\/wordpress\\\/jeunesse\\\/wp-content\\\/uploads\\\/sites\\\/2\\\/2021\\\/03\\\/protection-nature.png\",\"keywords\":[\"commune z\u00e9ro d\u00e9chet\",\"dechet\",\"\u00e9co-responsabilit\u00e9\",\"\u00e9cologie\",\"engagement citoyen\",\"responsabilit\u00e9\",\"z\u00e9ro\"],\"articleSection\":[\"Actualit\u00e9s municipales\",\"Bonne cause\",\"SIAVED\"],\"inLanguage\":\"fr-FR\"},{\"@type\":\"WebPage\",\"@id\":\"https:\\\/\\\/thiant.fr\\\/wordpress\\\/jeunesse\\\/2021\\\/03\\\/09\\\/objectif-zero-dechet-pour-la-commune\\\/\",\"url\":\"https:\\\/\\\/thiant.fr\\\/wordpress\\\/jeunesse\\\/2021\\\/03\\\/09\\\/objectif-zero-dechet-pour-la-commune\\\/\",\"name\":\"Objectif Z\u00e9ro D\u00e9chet pour la commune - Espace jeunesse du site officiel de la Ville de Thiant\",\"isPartOf\":{\"@id\":\"https:\\\/\\\/thiant.fr\\\/wordpress\\\/jeunesse\\\/#website\"},\"primaryImageOfPage\":{\"@id\":\"https:\\\/\\\/thiant.fr\\\/wordpress\\\/jeunesse\\\/2021\\\/03\\\/09\\\/objectif-zero-dechet-pour-la-commune\\\/#primaryimage\"},\"image\":{\"@id\":\"https:\\\/\\\/thiant.fr\\\/wordpress\\\/jeunesse\\\/2021\\\/03\\\/09\\\/objectif-zero-dechet-pour-la-commune\\\/#primaryimage\"},\"thumbnailUrl\":\"https:\\\/\\\/thiant.fr\\\/wordpress\\\/jeunesse\\\/wp-content\\\/uploads\\\/sites\\\/2\\\/2021\\\/03\\\/protection-nature.png\",\"datePublished\":\"2021-03-09T13:31:35+00:00\",\"dateModified\":\"2021-03-09T13:37:25+00:00\",\"breadcrumb\":{\"@id\":\"https:\\\/\\\/thiant.fr\\\/wordpress\\\/jeunesse\\\/2021\\\/03\\\/09\\\/objectif-zero-dechet-pour-la-commune\\\/#breadcrumb\"},\"inLanguage\":\"fr-FR\",\"potentialAction\":[{\"@type\":\"ReadAction\",\"target\":[\"https:\\\/\\\/thiant.fr\\\/wordpress\\\/jeunesse\\\/2021\\\/03\\\/09\\\/objectif-zero-dechet-pour-la-commune\\\/\"]}]},{\"@type\":\"ImageObject\",\"inLanguage\":\"fr-FR\",\"@id\":\"https:\\\/\\\/thiant.fr\\\/wordpress\\\/jeunesse\\\/2021\\\/03\\\/09\\\/objectif-zero-dechet-pour-la-commune\\\/#primaryimage\",\"url\":\"https:\\\/\\\/thiant.fr\\\/wordpress\\\/jeunesse\\\/wp-content\\\/uploads\\\/sites\\\/2\\\/2021\\\/03\\\/protection-nature.png\",\"contentUrl\":\"https:\\\/\\\/thiant.fr\\\/wordpress\\\/jeunesse\\\/wp-content\\\/uploads\\\/sites\\\/2\\\/2021\\\/03\\\/protection-nature.png\",\"width\":730,\"height\":487},{\"@type\":\"BreadcrumbList\",\"@id\":\"https:\\\/\\\/thiant.fr\\\/wordpress\\\/jeunesse\\\/2021\\\/03\\\/09\\\/objectif-zero-dechet-pour-la-commune\\\/#breadcrumb\",\"itemListElement\":[{\"@type\":\"ListItem\",\"position\":1,\"name\":\"Accueil\",\"item\":\"https:\\\/\\\/thiant.fr\\\/wordpress\\\/jeunesse\\\/\"},{\"@type\":\"ListItem\",\"position\":2,\"name\":\"Objectif Z\u00e9ro D\u00e9chet pour la commune\"}]},{\"@type\":\"WebSite\",\"@id\":\"https:\\\/\\\/thiant.fr\\\/wordpress\\\/jeunesse\\\/#website\",\"url\":\"https:\\\/\\\/thiant.fr\\\/wordpress\\\/jeunesse\\\/\",\"name\":\"Espace jeunesse du site officiel de la Ville de Thiant\",\"description\":\"\",\"publisher\":{\"@id\":\"https:\\\/\\\/thiant.fr\\\/wordpress\\\/jeunesse\\\/#organization\"},\"potentialAction\":[{\"@type\":\"SearchAction\",\"target\":{\"@type\":\"EntryPoint\",\"urlTemplate\":\"https:\\\/\\\/thiant.fr\\\/wordpress\\\/jeunesse\\\/?s={search_term_string}\"},\"query-input\":{\"@type\":\"PropertyValueSpecification\",\"valueRequired\":true,\"valueName\":\"search_term_string\"}}],\"inLanguage\":\"fr-FR\"},{\"@type\":\"Organization\",\"@id\":\"https:\\\/\\\/thiant.fr\\\/wordpress\\\/jeunesse\\\/#organization\",\"name\":\"Espace jeunesse du site officiel de la Ville de Thiant\",\"url\":\"https:\\\/\\\/thiant.fr\\\/wordpress\\\/jeunesse\\\/\",\"logo\":{\"@type\":\"ImageObject\",\"inLanguage\":\"fr-FR\",\"@id\":\"https:\\\/\\\/thiant.fr\\\/wordpress\\\/jeunesse\\\/#\\\/schema\\\/logo\\\/image\\\/\",\"url\":\"https:\\\/\\\/thiant.fr\\\/wordpress\\\/jeunesse\\\/wp-content\\\/uploads\\\/sites\\\/2\\\/2019\\\/10\\\/Logo_jeunesse_02-1.png\",\"contentUrl\":\"https:\\\/\\\/thiant.fr\\\/wordpress\\\/jeunesse\\\/wp-content\\\/uploads\\\/sites\\\/2\\\/2019\\\/10\\\/Logo_jeunesse_02-1.png\",\"width\":384,\"height\":203,\"caption\":\"Espace jeunesse du site officiel de la Ville de Thiant\"},\"image\":{\"@id\":\"https:\\\/\\\/thiant.fr\\\/wordpress\\\/jeunesse\\\/#\\\/schema\\\/logo\\\/image\\\/\"},\"sameAs\":[\"https:\\\/\\\/www.facebook.com\\\/commune.thiant.1\"]},{\"@type\":\"Person\",\"@id\":\"https:\\\/\\\/thiant.fr\\\/wordpress\\\/jeunesse\\\/#\\\/schema\\\/person\\\/f41122130d18c0720657431d990451c6\",\"name\":\"Service communication\",\"image\":{\"@type\":\"ImageObject\",\"inLanguage\":\"fr-FR\",\"@id\":\"https:\\\/\\\/thiant.fr\\\/wordpress\\\/jeunesse\\\/wp-content\\\/litespeed\\\/avatar\\\/2\\\/eeb9098e5269f97d4e67fcd6f533ccb1.jpg?ver=1777455838\",\"url\":\"https:\\\/\\\/thiant.fr\\\/wordpress\\\/jeunesse\\\/wp-content\\\/litespeed\\\/avatar\\\/2\\\/eeb9098e5269f97d4e67fcd6f533ccb1.jpg?ver=1777455838\",\"contentUrl\":\"https:\\\/\\\/thiant.fr\\\/wordpress\\\/jeunesse\\\/wp-content\\\/litespeed\\\/avatar\\\/2\\\/eeb9098e5269f97d4e67fcd6f533ccb1.jpg?ver=1777455838\",\"caption\":\"Service communication\"},\"url\":\"https:\\\/\\\/thiant.fr\\\/wordpress\\\/jeunesse\\\/author\\\/adminwpress\\\/\"}]}<\/script>\n<!-- \/ Yoast SEO plugin. -->","yoast_head_json":{"title":"Objectif Z\u00e9ro D\u00e9chet pour la commune - Espace jeunesse du site officiel de la Ville de Thiant","robots":{"index":"index","follow":"follow","max-snippet":"max-snippet:-1","max-image-preview":"max-image-preview:large","max-video-preview":"max-video-preview:-1"},"canonical":"https:\/\/thiant.fr\/wordpress\/jeunesse\/2021\/03\/09\/objectif-zero-dechet-pour-la-commune\/","og_locale":"fr_FR","og_type":"article","og_title":"Objectif Z\u00e9ro D\u00e9chet pour la commune - Espace jeunesse du site officiel de la Ville de Thiant","og_description":"\u00c0 l\u2019image des labels des Villes et Villages Fleuris ou les arobases pour Internet, le SIAVED a lanc\u00e9 un label sous forme de lucioles pour les 113 communes du territoire qui s\u2019investissent avec leurs habitants dans la r\u00e9duction et la meilleure gestion des d\u00e9chets. Chaque action r\u00e9alis\u00e9e sera cot\u00e9e selon un bar\u00e8me, valant de 1 [&hellip;]","og_url":"https:\/\/thiant.fr\/wordpress\/jeunesse\/2021\/03\/09\/objectif-zero-dechet-pour-la-commune\/","og_site_name":"Espace jeunesse du site officiel de la Ville de Thiant","article_publisher":"https:\/\/www.facebook.com\/commune.thiant.1","article_published_time":"2021-03-09T13:31:35+00:00","article_modified_time":"2021-03-09T13:37:25+00:00","og_image":[{"width":730,"height":487,"url":"https:\/\/thiant.fr\/wordpress\/jeunesse\/wp-content\/uploads\/sites\/2\/2021\/03\/protection-nature.png","type":"image\/png"}],"author":"Service communication","twitter_card":"summary_large_image","twitter_misc":{"\u00c9crit par":"Service communication","Dur\u00e9e de lecture estim\u00e9e":"3 minutes"},"schema":{"@context":"https:\/\/schema.org","@graph":[{"@type":"Article","@id":"https:\/\/thiant.fr\/wordpress\/jeunesse\/2021\/03\/09\/objectif-zero-dechet-pour-la-commune\/#article","isPartOf":{"@id":"https:\/\/thiant.fr\/wordpress\/jeunesse\/2021\/03\/09\/objectif-zero-dechet-pour-la-commune\/"},"author":{"name":"Service communication","@id":"https:\/\/thiant.fr\/wordpress\/jeunesse\/#\/schema\/person\/f41122130d18c0720657431d990451c6"},"headline":"Objectif Z\u00e9ro D\u00e9chet pour la commune","datePublished":"2021-03-09T13:31:35+00:00","dateModified":"2021-03-09T13:37:25+00:00","mainEntityOfPage":{"@id":"https:\/\/thiant.fr\/wordpress\/jeunesse\/2021\/03\/09\/objectif-zero-dechet-pour-la-commune\/"},"wordCount":577,"publisher":{"@id":"https:\/\/thiant.fr\/wordpress\/jeunesse\/#organization"},"image":{"@id":"https:\/\/thiant.fr\/wordpress\/jeunesse\/2021\/03\/09\/objectif-zero-dechet-pour-la-commune\/#primaryimage"},"thumbnailUrl":"https:\/\/thiant.fr\/wordpress\/jeunesse\/wp-content\/uploads\/sites\/2\/2021\/03\/protection-nature.png","keywords":["commune z\u00e9ro d\u00e9chet","dechet","\u00e9co-responsabilit\u00e9","\u00e9cologie","engagement citoyen","responsabilit\u00e9","z\u00e9ro"],"articleSection":["Actualit\u00e9s municipales","Bonne cause","SIAVED"],"inLanguage":"fr-FR"},{"@type":"WebPage","@id":"https:\/\/thiant.fr\/wordpress\/jeunesse\/2021\/03\/09\/objectif-zero-dechet-pour-la-commune\/","url":"https:\/\/thiant.fr\/wordpress\/jeunesse\/2021\/03\/09\/objectif-zero-dechet-pour-la-commune\/","name":"Objectif Z\u00e9ro D\u00e9chet pour la commune - Espace jeunesse du site officiel de la Ville de Thiant","isPartOf":{"@id":"https:\/\/thiant.fr\/wordpress\/jeunesse\/#website"},"primaryImageOfPage":{"@id":"https:\/\/thiant.fr\/wordpress\/jeunesse\/2021\/03\/09\/objectif-zero-dechet-pour-la-commune\/#primaryimage"},"image":{"@id":"https:\/\/thiant.fr\/wordpress\/jeunesse\/2021\/03\/09\/objectif-zero-dechet-pour-la-commune\/#primaryimage"},"thumbnailUrl":"https:\/\/thiant.fr\/wordpress\/jeunesse\/wp-content\/uploads\/sites\/2\/2021\/03\/protection-nature.png","datePublished":"2021-03-09T13:31:35+00:00","dateModified":"2021-03-09T13:37:25+00:00","breadcrumb":{"@id":"https:\/\/thiant.fr\/wordpress\/jeunesse\/2021\/03\/09\/objectif-zero-dechet-pour-la-commune\/#breadcrumb"},"inLanguage":"fr-FR","potentialAction":[{"@type":"ReadAction","target":["https:\/\/thiant.fr\/wordpress\/jeunesse\/2021\/03\/09\/objectif-zero-dechet-pour-la-commune\/"]}]},{"@type":"ImageObject","inLanguage":"fr-FR","@id":"https:\/\/thiant.fr\/wordpress\/jeunesse\/2021\/03\/09\/objectif-zero-dechet-pour-la-commune\/#primaryimage","url":"https:\/\/thiant.fr\/wordpress\/jeunesse\/wp-content\/uploads\/sites\/2\/2021\/03\/protection-nature.png","contentUrl":"https:\/\/thiant.fr\/wordpress\/jeunesse\/wp-content\/uploads\/sites\/2\/2021\/03\/protection-nature.png","width":730,"height":487},{"@type":"BreadcrumbList","@id":"https:\/\/thiant.fr\/wordpress\/jeunesse\/2021\/03\/09\/objectif-zero-dechet-pour-la-commune\/#breadcrumb","itemListElement":[{"@type":"ListItem","position":1,"name":"Accueil","item":"https:\/\/thiant.fr\/wordpress\/jeunesse\/"},{"@type":"ListItem","position":2,"name":"Objectif Z\u00e9ro D\u00e9chet pour la commune"}]},{"@type":"WebSite","@id":"https:\/\/thiant.fr\/wordpress\/jeunesse\/#website","url":"https:\/\/thiant.fr\/wordpress\/jeunesse\/","name":"Espace jeunesse du site officiel de la Ville de Thiant","description":"","publisher":{"@id":"https:\/\/thiant.fr\/wordpress\/jeunesse\/#organization"},"potentialAction":[{"@type":"SearchAction","target":{"@type":"EntryPoint","urlTemplate":"https:\/\/thiant.fr\/wordpress\/jeunesse\/?s={search_term_string}"},"query-input":{"@type":"PropertyValueSpecification","valueRequired":true,"valueName":"search_term_string"}}],"inLanguage":"fr-FR"},{"@type":"Organization","@id":"https:\/\/thiant.fr\/wordpress\/jeunesse\/#organization","name":"Espace jeunesse du site officiel de la Ville de Thiant","url":"https:\/\/thiant.fr\/wordpress\/jeunesse\/","logo":{"@type":"ImageObject","inLanguage":"fr-FR","@id":"https:\/\/thiant.fr\/wordpress\/jeunesse\/#\/schema\/logo\/image\/","url":"https:\/\/thiant.fr\/wordpress\/jeunesse\/wp-content\/uploads\/sites\/2\/2019\/10\/Logo_jeunesse_02-1.png","contentUrl":"https:\/\/thiant.fr\/wordpress\/jeunesse\/wp-content\/uploads\/sites\/2\/2019\/10\/Logo_jeunesse_02-1.png","width":384,"height":203,"caption":"Espace jeunesse du site officiel de la Ville de Thiant"},"image":{"@id":"https:\/\/thiant.fr\/wordpress\/jeunesse\/#\/schema\/logo\/image\/"},"sameAs":["https:\/\/www.facebook.com\/commune.thiant.1"]},{"@type":"Person","@id":"https:\/\/thiant.fr\/wordpress\/jeunesse\/#\/schema\/person\/f41122130d18c0720657431d990451c6","name":"Service communication","image":{"@type":"ImageObject","inLanguage":"fr-FR","@id":"https:\/\/thiant.fr\/wordpress\/jeunesse\/wp-content\/litespeed\/avatar\/2\/eeb9098e5269f97d4e67fcd6f533ccb1.jpg?ver=1777455838","url":"https:\/\/thiant.fr\/wordpress\/jeunesse\/wp-content\/litespeed\/avatar\/2\/eeb9098e5269f97d4e67fcd6f533ccb1.jpg?ver=1777455838","contentUrl":"https:\/\/thiant.fr\/wordpress\/jeunesse\/wp-content\/litespeed\/avatar\/2\/eeb9098e5269f97d4e67fcd6f533ccb1.jpg?ver=1777455838","caption":"Service communication"},"url":"https:\/\/thiant.fr\/wordpress\/jeunesse\/author\/adminwpress\/"}]}},"_links":{"self":[{"href":"https:\/\/thiant.fr\/wordpress\/jeunesse\/wp-json\/wp\/v2\/posts\/762","targetHints":{"allow":["GET"]}}],"collection":[{"href":"https:\/\/thiant.fr\/wordpress\/jeunesse\/wp-json\/wp\/v2\/posts"}],"about":[{"href":"https:\/\/thiant.fr\/wordpress\/jeunesse\/wp-json\/wp\/v2\/types\/post"}],"author":[{"embeddable":true,"href":"https:\/\/thiant.fr\/wordpress\/jeunesse\/wp-json\/wp\/v2\/users\/1"}],"replies":[{"embeddable":true,"href":"https:\/\/thiant.fr\/wordpress\/jeunesse\/wp-json\/wp\/v2\/comments?post=762"}],"version-history":[{"count":1,"href":"https:\/\/thiant.fr\/wordpress\/jeunesse\/wp-json\/wp\/v2\/posts\/762\/revisions"}],"predecessor-version":[{"id":764,"href":"https:\/\/thiant.fr\/wordpress\/jeunesse\/wp-json\/wp\/v2\/posts\/762\/revisions\/764"}],"wp:featuredmedia":[{"embeddable":true,"href":"https:\/\/thiant.fr\/wordpress\/jeunesse\/wp-json\/wp\/v2\/media\/763"}],"wp:attachment":[{"href":"https:\/\/thiant.fr\/wordpress\/jeunesse\/wp-json\/wp\/v2\/media?parent=762"}],"wp:term":[{"taxonomy":"category","embeddable":true,"href":"https:\/\/thiant.fr\/wordpress\/jeunesse\/wp-json\/wp\/v2\/categories?post=762"},{"taxonomy":"post_tag","embeddable":true,"href":"https:\/\/thiant.fr\/wordpress\/jeunesse\/wp-json\/wp\/v2\/tags?post=762"}],"curies":[{"name":"wp","href":"https:\/\/api.w.org\/{rel}","templated":true}]}}