{"id":893,"date":"2021-06-04T14:19:11","date_gmt":"2021-06-04T12:19:11","guid":{"rendered":"https:\/\/thiant.fr\/wordpress\/jeunesse\/?p=893"},"modified":"2021-06-04T14:23:01","modified_gmt":"2021-06-04T12:23:01","slug":"covid-19-point-sur-la-situation-au-3-juin-2021","status":"publish","type":"post","link":"https:\/\/thiant.fr\/wordpress\/jeunesse\/2021\/06\/04\/covid-19-point-sur-la-situation-au-3-juin-2021\/","title":{"rendered":"COVID-19 : Point sur la situation au 3 juin 2021"},"content":{"rendered":"\t\t<div data-elementor-type=\"wp-post\" data-elementor-id=\"893\" class=\"elementor elementor-893\">\n\t\t\t\t\t\t<section class=\"elementor-section elementor-top-section elementor-element elementor-element-8a26f2d elementor-section-boxed elementor-section-height-default elementor-section-height-default\" data-id=\"8a26f2d\" data-element_type=\"section\" data-e-type=\"section\">\n\t\t\t\t\t\t<div class=\"elementor-container elementor-column-gap-default\">\n\t\t\t\t\t<div class=\"elementor-column elementor-col-33 elementor-top-column elementor-element elementor-element-e1c48c3\" data-id=\"e1c48c3\" data-element_type=\"column\" data-e-type=\"column\">\n\t\t\t<div class=\"elementor-widget-wrap elementor-element-populated\">\n\t\t\t\t\t\t<div class=\"elementor-element elementor-element-dcc3114 elementor-widget elementor-widget-image\" data-id=\"dcc3114\" data-element_type=\"widget\" data-e-type=\"widget\" data-widget_type=\"image.default\">\n\t\t\t\t<div class=\"elementor-widget-container\">\n\t\t\t\t\t\t\t\t\t\t\t\t\t\t\t<img decoding=\"async\" src=\"https:\/\/thiant.fr\/wordpress\/wp-content\/uploads\/2021\/03\/Logo-Prefet-Nord.png\" title=\"\" alt=\"\" loading=\"lazy\" \/>\t\t\t\t\t\t\t\t\t\t\t\t\t\t\t<\/div>\n\t\t\t\t<\/div>\n\t\t\t\t\t<\/div>\n\t\t<\/div>\n\t\t\t\t<div class=\"elementor-column elementor-col-66 elementor-top-column elementor-element elementor-element-b26416e\" data-id=\"b26416e\" data-element_type=\"column\" data-e-type=\"column\">\n\t\t\t<div class=\"elementor-widget-wrap elementor-element-populated\">\n\t\t\t\t\t\t<div class=\"elementor-element elementor-element-1284733 elementor-widget elementor-widget-text-editor\" data-id=\"1284733\" data-element_type=\"widget\" data-e-type=\"widget\" data-widget_type=\"text-editor.default\">\n\t\t\t\t<div class=\"elementor-widget-container\">\n\t\t\t\t\t\t\t\t\t<h3><span style=\"color: #000080;\">1- \u00c9lections d\u00e9partementales et r\u00e9gionales : vaccination des assesseurs<\/span><\/h3><p style=\"padding-left: 40px;\"><span style=\"color: #333333;\">Dans le cadre des prochaines \u00e9ch\u00e9ances \u00e9lectorales (\u00e9lections d\u00e9partementales et <\/span><span style=\"color: #333333;\">r\u00e9gionales), les maires ont pu remettre aux membres des bureaux de vote et aux<\/span> <span style=\"color: #333333;\">fonctionnaires communaux mobilis\u00e9s le jour de l\u2019\u00e9lection une attestation permettant un <\/span><span style=\"color: #333333;\">acc\u00e8s prioritaire \u00e0 la vaccination. Cette attestation permet \u00e0 son d\u00e9tenteur d\u2019avoir acc\u00e8s \u00e0 <\/span><span style=\"color: #333333;\">la vaccination dans les centres d\u00e9di\u00e9s en prenant rendez-vous (plateformes de prise de <\/span><span style=\"color: #333333;\">rendez-vous en ligne (Doctolib, Maaia, Keldoc), t\u00e9l\u00e9phone, etc.).<\/span><\/p><p style=\"padding-left: 40px;\"><span style=\"color: #333333;\">Les pr\u00e9sidents de bureaux de vote et assesseurs qui n\u2019ont pas pu se faire\u00a0 vacciner pour <\/span><span style=\"color: #333333;\">l\u2019heure ont l\u2019opportunit\u00e9 de se faire vacciner le week-end des 5 et 6 juin. Les centres ont <\/span><span style=\"color: #333333;\">\u00e9t\u00e9 sensibilis\u00e9s sur la priorit\u00e9 \u00e0 donner \u00e0 ce public.<\/span><\/p><p style=\"padding-left: 40px;\"><span style=\"color: #333333;\">Toute difficult\u00e9 rencontr\u00e9e peut \u00eatre signal\u00e9e \u00e0 l\u2019adresse suivante :<br \/><\/span><span style=\"color: #333333;\"><a href=\"mailto:pref-covid19@nord.gouv.fr\">pref-covid19@nord.gouv.fr<\/a><\/span><\/p><h3><span style=\"color: #000080;\">2 \u2013 Promulgation d\u2019un nouveau d\u00e9cret de r\u00e9f\u00e9rence concernant les mesures de lutte contre le virus de la Covid-19<\/span><\/h3><p style=\"padding-left: 40px;\"><span style=\"color: #333333;\">Un nouveau d\u00e9cret prescrivant les mesures g\u00e9n\u00e9rales n\u00e9cessaires \u00e0 la gestion de la sortie <\/span><span style=\"color: #333333;\">de crise sanitaire a \u00e9t\u00e9 promulgu\u00e9 le 1er juin 2021. Il s\u2019agit d\u00e9sormais de la base <\/span><span style=\"color: #333333;\">r\u00e9glementaire de l\u2019ensemble des mesures sanitaires de lutte contre le virus de la Covid-19 <\/span><span style=\"color: #333333;\">et se substitue au d\u00e9cret 2020-1310 du 29 octobre 2020.<\/span><\/p><p style=\"padding-left: 40px;\"><span style=\"color: #333333;\">Consultez ce d\u00e9cret : <a href=\"https:\/\/www.legifrance.gouv.fr\/jorf\/id\/JORFTEXT000043575238\" target=\"_blank\" rel=\"noopener\">lien vers L\u00e9gifrance<\/a><\/span><\/p><h3><span style=\"color: #000080;\">3 \u2013 Pr\u00e9cision sur les festivals de rue avec d\u00e9ambulation<\/span><\/h3><p style=\"padding-left: 40px;\"><span style=\"color: #333333;\">Un festival avec d\u00e9ambulation ne peut \u00eatre organis\u00e9 qu&#8217;\u00e0 la double condition de <\/span><span style=\"color: #333333;\">repr\u00e9senter un \u00e9v\u00e9nement strictement artistique et de la n\u00e9cessit\u00e9 pour l&#8217;organisateur de<\/span> <span style=\"color: #333333;\">b\u00e9n\u00e9ficier d&#8217;une licence d\u2019entrepreneur de spectacle.<\/span><\/p><p style=\"padding-left: 40px;\"><span style=\"color: #333333;\">Ceci exclut par exemple les f\u00eates patronales, les manifestations festives (d\u00e9fil\u00e9s, bals,<\/span> <span style=\"color: #333333;\">carnavals\u2026).<\/span><\/p><p style=\"padding-left: 40px;\"><span style=\"color: #333333;\">Retrouvez la synth\u00e8se des r\u00e8gles applicables aux \u00e9tablissements recevant du public et aux <\/span><span style=\"color: #333333;\">manifestations festives sur <a href=\"https:\/\/www.nord.gouv.fr\/content\/download\/74944\/460224\/file\/210518_cp_d_Covid-19%20-%20Strat%C3%A9gie%20et%20agenda%20de%20r%C3%A9ouverture%20dans%20le%20Nord%20-%20tableau%20ERP%20(2).pdf\" target=\"_blank\" rel=\"noopener\">le site Internet de la pr\u00e9fecture<\/a>.<\/span><\/p><h3><span style=\"color: #000080;\">4 \u2013 Prolongation de certaines mesures d\u00e9partementales<\/span><\/h3><p style=\"padding-left: 40px;\"><span style=\"color: #333333;\">Des mesures d\u00e9partementales de lutte contre la propagation de l\u2019\u00e9pid\u00e9mie ont \u00e9t\u00e9 <\/span><span style=\"color: #333333;\">reconduites <span style=\"text-decoration: underline;\">jusqu\u2019au 30 juin 2021<\/span>. Il s\u2019agit des mesures concernant :<\/span><br \/><span style=\"color: #333333;\">&#8211; le port du masque ;<\/span><br \/><span style=\"color: #333333;\">&#8211; l\u2019interdiction de la consommation d&#8217;alcool sur la voie publique ;<\/span><br \/><span style=\"color: #333333;\">&#8211; l&#8217;interdiction de la vente \u00e0 emporter d&#8217;alcool, sauf dans le cadre de la vente de<\/span><br \/><span style=\"color: #333333;\">repas, par les d\u00e9bits de boissons et \u00e9tablissements assimil\u00e9s.<\/span><\/p><p style=\"padding-left: 40px;\"><span style=\"color: #333333;\">Il convient de noter que l&#8217;interdiction de diffusion de musique amplifi\u00e9e sur la voie <\/span><span style=\"color: #333333;\">publique a \u00e9t\u00e9 prolong\u00e9e <span style=\"text-decoration: underline;\">jusqu&#8217;au 18 juin<\/span> prochain afin de permettre aux \u00e9ventuelles <\/span><span style=\"color: #333333;\">animations qui pourraient \u00eatre organis\u00e9es pour la f\u00eate de la musique de se tenir sur la voie <\/span><span style=\"color: #333333;\">publique. Un travail est en cours au niveau national pour d\u00e9finir un protocole d\u00e9di\u00e9 <\/span><span style=\"color: #333333;\">permettant d\u2019autoriser certains concerts dans le respect des r\u00e8gles sanitaires et en limitant <\/span><span style=\"color: #333333;\">les regroupements.<\/span><\/p><h3><span style=\"color: #000080;\">ARR\u00caT\u00c9S PR\u00c9FECTORAUX :<\/span><\/h3><p style=\"padding-left: 40px;\"><a href=\"https:\/\/thiant.fr\/wordpress\/documents_ext\/210603_Obligation_masque.pdf\" target=\"_blank\" rel=\"noopener\">Port du masque pour les personnes de 11 ans et plus<\/a><\/p><p style=\"padding-left: 40px;\"><a href=\"https:\/\/thiant.fr\/wordpress\/documents_ext\/COVID-19\/210603_Interdiction_vente_emporter_alcool.pdf\" target=\"_blank\" rel=\"noopener\">Vente \u00e0 emporter des boissons alcoolis\u00e9es<\/a><\/p><p style=\"padding-left: 40px;\"><a href=\"https:\/\/thiant.fr\/wordpress\/documents_ext\/COVID-19\/210603_Prolongation_interdiction_consommation_alcool.pdf\" target=\"_blank\" rel=\"noopener\">Consommation de boissons alcoolis\u00e9es sur la voie publique<\/a><\/p><p style=\"padding-left: 40px;\"><a href=\"https:\/\/thiant.fr\/wordpress\/documents_ext\/COVID-19\/210603_Prolongation_Interdiction_musique.pdf\" target=\"_blank\" rel=\"noopener\">Diffusion de musique amplifi\u00e9e sur la voie publique<\/a><\/p>\t\t\t\t\t\t\t\t<\/div>\n\t\t\t\t<\/div>\n\t\t\t\t\t<\/div>\n\t\t<\/div>\n\t\t\t\t\t<\/div>\n\t\t<\/section>\n\t\t\t\t<\/div>\n\t\t","protected":false},"excerpt":{"rendered":"<p>1- \u00c9lections d\u00e9partementales et r\u00e9gionales : vaccination des assesseurs Dans le cadre des prochaines \u00e9ch\u00e9ances \u00e9lectorales (\u00e9lections d\u00e9partementales et r\u00e9gionales), les maires ont pu remettre aux membres des bureaux de vote et aux fonctionnaires communaux mobilis\u00e9s le jour de l\u2019\u00e9lection une attestation permettant un acc\u00e8s prioritaire \u00e0 la vaccination. Cette attestation permet \u00e0 son d\u00e9tenteur [&hellip;]<\/p>\n","protected":false},"author":1,"featured_media":894,"comment_status":"closed","ping_status":"closed","sticky":false,"template":"","format":"standard","meta":{"_crdt_document":"","ocean_post_layout":"","ocean_both_sidebars_style":"","ocean_both_sidebars_content_width":0,"ocean_both_sidebars_sidebars_width":0,"ocean_sidebar":"0","ocean_second_sidebar":"0","ocean_disable_margins":"enable","ocean_add_body_class":"","ocean_shortcode_before_top_bar":"","ocean_shortcode_after_top_bar":"","ocean_shortcode_before_header":"","ocean_shortcode_after_header":"","ocean_has_shortcode":"","ocean_shortcode_after_title":"","ocean_shortcode_before_footer_widgets":"","ocean_shortcode_after_footer_widgets":"","ocean_shortcode_before_footer_bottom":"","ocean_shortcode_after_footer_bottom":"","ocean_display_top_bar":"default","ocean_display_header":"default","ocean_header_style":"","ocean_center_header_left_menu":"0","ocean_custom_header_template":"0","ocean_custom_logo":0,"ocean_custom_retina_logo":0,"ocean_custom_logo_max_width":0,"ocean_custom_logo_tablet_max_width":0,"ocean_custom_logo_mobile_max_width":0,"ocean_custom_logo_max_height":0,"ocean_custom_logo_tablet_max_height":0,"ocean_custom_logo_mobile_max_height":0,"ocean_header_custom_menu":"0","ocean_menu_typo_font_family":"0","ocean_menu_typo_font_subset":"","ocean_menu_typo_font_size":0,"ocean_menu_typo_font_size_tablet":0,"ocean_menu_typo_font_size_mobile":0,"ocean_menu_typo_font_size_unit":"px","ocean_menu_typo_font_weight":"","ocean_menu_typo_font_weight_tablet":"","ocean_menu_typo_font_weight_mobile":"","ocean_menu_typo_transform":"","ocean_menu_typo_transform_tablet":"","ocean_menu_typo_transform_mobile":"","ocean_menu_typo_line_height":0,"ocean_menu_typo_line_height_tablet":0,"ocean_menu_typo_line_height_mobile":0,"ocean_menu_typo_line_height_unit":"","ocean_menu_typo_spacing":0,"ocean_menu_typo_spacing_tablet":0,"ocean_menu_typo_spacing_mobile":0,"ocean_menu_typo_spacing_unit":"","ocean_menu_link_color":"","ocean_menu_link_color_hover":"","ocean_menu_link_color_active":"","ocean_menu_link_background":"","ocean_menu_link_hover_background":"","ocean_menu_link_active_background":"","ocean_menu_social_links_bg":"","ocean_menu_social_hover_links_bg":"","ocean_menu_social_links_color":"","ocean_menu_social_hover_links_color":"","ocean_disable_title":"default","ocean_disable_heading":"default","ocean_post_title":"","ocean_post_subheading":"","ocean_post_title_style":"","ocean_post_title_background_color":"","ocean_post_title_background":0,"ocean_post_title_bg_image_position":"","ocean_post_title_bg_image_attachment":"","ocean_post_title_bg_image_repeat":"","ocean_post_title_bg_image_size":"","ocean_post_title_height":0,"ocean_post_title_bg_overlay":0.5,"ocean_post_title_bg_overlay_color":"","ocean_disable_breadcrumbs":"default","ocean_breadcrumbs_color":"","ocean_breadcrumbs_separator_color":"","ocean_breadcrumbs_links_color":"","ocean_breadcrumbs_links_hover_color":"","ocean_display_footer_widgets":"default","ocean_display_footer_bottom":"default","ocean_custom_footer_template":"0","ocean_post_oembed":"","ocean_post_self_hosted_media":"","ocean_post_video_embed":"","ocean_link_format":"","ocean_link_format_target":"self","ocean_quote_format":"","ocean_quote_format_link":"post","ocean_gallery_link_images":"off","ocean_gallery_id":[],"footnotes":""},"categories":[140],"tags":[363,77,109,364,365,356,366,238,127,317,128,318,367,39,280,130],"class_list":["post-893","post","type-post","status-publish","format-standard","has-post-thumbnail","hentry","category-covid-19","tag-assesseurs","tag-coronavirus","tag-covid-19","tag-deambulation","tag-decret","tag-elections","tag-festivals-de-rue","tag-lutte","tag-nord","tag-pandemie","tag-point","tag-point-situation","tag-reference","tag-thiant","tag-vaccination","tag-virus","entry","has-media"],"yoast_head":"<!-- This site is optimized with the Yoast SEO plugin v27.3 - https:\/\/yoast.com\/product\/yoast-seo-wordpress\/ -->\n<title>COVID-19 : Point sur la situation au 3 juin 2021 - Espace jeunesse du site officiel de la Ville de Thiant<\/title>\n<meta name=\"description\" content=\"Vaccination des assesseurs des prochaines \u00e9lections, nouveau d\u00e9cret de r\u00e9f\u00e9rence dans la lutte contre le COVID-19, festivals de rue avec d\u00e9ambulation.\" \/>\n<meta name=\"robots\" content=\"index, follow, max-snippet:-1, max-image-preview:large, max-video-preview:-1\" \/>\n<link rel=\"canonical\" href=\"https:\/\/thiant.fr\/wordpress\/jeunesse\/2021\/06\/04\/covid-19-point-sur-la-situation-au-3-juin-2021\/\" \/>\n<meta property=\"og:locale\" content=\"fr_FR\" \/>\n<meta property=\"og:type\" content=\"article\" \/>\n<meta property=\"og:title\" content=\"COVID-19 : Point sur la situation au 3 juin 2021 - Espace jeunesse du site officiel de la Ville de Thiant\" \/>\n<meta property=\"og:description\" content=\"Vaccination des assesseurs des prochaines \u00e9lections, nouveau d\u00e9cret de r\u00e9f\u00e9rence dans la lutte contre le COVID-19, festivals de rue avec d\u00e9ambulation.\" \/>\n<meta property=\"og:url\" content=\"https:\/\/thiant.fr\/wordpress\/jeunesse\/2021\/06\/04\/covid-19-point-sur-la-situation-au-3-juin-2021\/\" \/>\n<meta property=\"og:site_name\" content=\"Espace jeunesse du site officiel de la Ville de Thiant\" \/>\n<meta property=\"article:publisher\" content=\"https:\/\/www.facebook.com\/commune.thiant.1\" \/>\n<meta property=\"article:published_time\" content=\"2021-06-04T12:19:11+00:00\" \/>\n<meta property=\"article:modified_time\" content=\"2021-06-04T12:23:01+00:00\" \/>\n<meta property=\"og:image\" content=\"https:\/\/thiant.fr\/wordpress\/jeunesse\/wp-content\/uploads\/sites\/2\/2021\/06\/img-en-avant.png\" \/>\n\t<meta property=\"og:image:width\" content=\"730\" \/>\n\t<meta property=\"og:image:height\" content=\"487\" \/>\n\t<meta property=\"og:image:type\" content=\"image\/png\" \/>\n<meta name=\"author\" content=\"Service communication\" \/>\n<meta name=\"twitter:card\" content=\"summary_large_image\" \/>\n<meta name=\"twitter:label1\" content=\"\u00c9crit par\" \/>\n\t<meta name=\"twitter:data1\" content=\"Service communication\" \/>\n\t<meta name=\"twitter:label2\" content=\"Dur\u00e9e de lecture estim\u00e9e\" \/>\n\t<meta name=\"twitter:data2\" content=\"3 minutes\" \/>\n<script type=\"application\/ld+json\" class=\"yoast-schema-graph\">{\"@context\":\"https:\\\/\\\/schema.org\",\"@graph\":[{\"@type\":\"Article\",\"@id\":\"https:\\\/\\\/thiant.fr\\\/wordpress\\\/jeunesse\\\/2021\\\/06\\\/04\\\/covid-19-point-sur-la-situation-au-3-juin-2021\\\/#article\",\"isPartOf\":{\"@id\":\"https:\\\/\\\/thiant.fr\\\/wordpress\\\/jeunesse\\\/2021\\\/06\\\/04\\\/covid-19-point-sur-la-situation-au-3-juin-2021\\\/\"},\"author\":{\"name\":\"Service communication\",\"@id\":\"https:\\\/\\\/thiant.fr\\\/wordpress\\\/jeunesse\\\/#\\\/schema\\\/person\\\/f41122130d18c0720657431d990451c6\"},\"headline\":\"COVID-19 : Point sur la situation au 3 juin 2021\",\"datePublished\":\"2021-06-04T12:19:11+00:00\",\"dateModified\":\"2021-06-04T12:23:01+00:00\",\"mainEntityOfPage\":{\"@id\":\"https:\\\/\\\/thiant.fr\\\/wordpress\\\/jeunesse\\\/2021\\\/06\\\/04\\\/covid-19-point-sur-la-situation-au-3-juin-2021\\\/\"},\"wordCount\":533,\"publisher\":{\"@id\":\"https:\\\/\\\/thiant.fr\\\/wordpress\\\/jeunesse\\\/#organization\"},\"image\":{\"@id\":\"https:\\\/\\\/thiant.fr\\\/wordpress\\\/jeunesse\\\/2021\\\/06\\\/04\\\/covid-19-point-sur-la-situation-au-3-juin-2021\\\/#primaryimage\"},\"thumbnailUrl\":\"https:\\\/\\\/thiant.fr\\\/wordpress\\\/jeunesse\\\/wp-content\\\/uploads\\\/sites\\\/2\\\/2021\\\/06\\\/img-en-avant.png\",\"keywords\":[\"assesseurs\",\"coronavirus\",\"COVID-19\",\"d\u00e9ambulation\",\"d\u00e9cret\",\"\u00e9lections\",\"festivals de rue\",\"lutte\",\"Nord\",\"pand\u00e9mie\",\"point\",\"point situation\",\"r\u00e9f\u00e9rence\",\"thiant\",\"vaccination\",\"virus\"],\"articleSection\":[\"COVID-19\"],\"inLanguage\":\"fr-FR\"},{\"@type\":\"WebPage\",\"@id\":\"https:\\\/\\\/thiant.fr\\\/wordpress\\\/jeunesse\\\/2021\\\/06\\\/04\\\/covid-19-point-sur-la-situation-au-3-juin-2021\\\/\",\"url\":\"https:\\\/\\\/thiant.fr\\\/wordpress\\\/jeunesse\\\/2021\\\/06\\\/04\\\/covid-19-point-sur-la-situation-au-3-juin-2021\\\/\",\"name\":\"COVID-19 : Point sur la situation au 3 juin 2021 - Espace jeunesse du site officiel de la Ville de Thiant\",\"isPartOf\":{\"@id\":\"https:\\\/\\\/thiant.fr\\\/wordpress\\\/jeunesse\\\/#website\"},\"primaryImageOfPage\":{\"@id\":\"https:\\\/\\\/thiant.fr\\\/wordpress\\\/jeunesse\\\/2021\\\/06\\\/04\\\/covid-19-point-sur-la-situation-au-3-juin-2021\\\/#primaryimage\"},\"image\":{\"@id\":\"https:\\\/\\\/thiant.fr\\\/wordpress\\\/jeunesse\\\/2021\\\/06\\\/04\\\/covid-19-point-sur-la-situation-au-3-juin-2021\\\/#primaryimage\"},\"thumbnailUrl\":\"https:\\\/\\\/thiant.fr\\\/wordpress\\\/jeunesse\\\/wp-content\\\/uploads\\\/sites\\\/2\\\/2021\\\/06\\\/img-en-avant.png\",\"datePublished\":\"2021-06-04T12:19:11+00:00\",\"dateModified\":\"2021-06-04T12:23:01+00:00\",\"description\":\"Vaccination des assesseurs des prochaines \u00e9lections, nouveau d\u00e9cret de r\u00e9f\u00e9rence dans la lutte contre le COVID-19, festivals de rue avec d\u00e9ambulation.\",\"breadcrumb\":{\"@id\":\"https:\\\/\\\/thiant.fr\\\/wordpress\\\/jeunesse\\\/2021\\\/06\\\/04\\\/covid-19-point-sur-la-situation-au-3-juin-2021\\\/#breadcrumb\"},\"inLanguage\":\"fr-FR\",\"potentialAction\":[{\"@type\":\"ReadAction\",\"target\":[\"https:\\\/\\\/thiant.fr\\\/wordpress\\\/jeunesse\\\/2021\\\/06\\\/04\\\/covid-19-point-sur-la-situation-au-3-juin-2021\\\/\"]}]},{\"@type\":\"ImageObject\",\"inLanguage\":\"fr-FR\",\"@id\":\"https:\\\/\\\/thiant.fr\\\/wordpress\\\/jeunesse\\\/2021\\\/06\\\/04\\\/covid-19-point-sur-la-situation-au-3-juin-2021\\\/#primaryimage\",\"url\":\"https:\\\/\\\/thiant.fr\\\/wordpress\\\/jeunesse\\\/wp-content\\\/uploads\\\/sites\\\/2\\\/2021\\\/06\\\/img-en-avant.png\",\"contentUrl\":\"https:\\\/\\\/thiant.fr\\\/wordpress\\\/jeunesse\\\/wp-content\\\/uploads\\\/sites\\\/2\\\/2021\\\/06\\\/img-en-avant.png\",\"width\":730,\"height\":487},{\"@type\":\"BreadcrumbList\",\"@id\":\"https:\\\/\\\/thiant.fr\\\/wordpress\\\/jeunesse\\\/2021\\\/06\\\/04\\\/covid-19-point-sur-la-situation-au-3-juin-2021\\\/#breadcrumb\",\"itemListElement\":[{\"@type\":\"ListItem\",\"position\":1,\"name\":\"Accueil\",\"item\":\"https:\\\/\\\/thiant.fr\\\/wordpress\\\/jeunesse\\\/\"},{\"@type\":\"ListItem\",\"position\":2,\"name\":\"COVID-19 : Point sur la situation au 3 juin 2021\"}]},{\"@type\":\"WebSite\",\"@id\":\"https:\\\/\\\/thiant.fr\\\/wordpress\\\/jeunesse\\\/#website\",\"url\":\"https:\\\/\\\/thiant.fr\\\/wordpress\\\/jeunesse\\\/\",\"name\":\"Espace jeunesse du site officiel de la Ville de Thiant\",\"description\":\"\",\"publisher\":{\"@id\":\"https:\\\/\\\/thiant.fr\\\/wordpress\\\/jeunesse\\\/#organization\"},\"potentialAction\":[{\"@type\":\"SearchAction\",\"target\":{\"@type\":\"EntryPoint\",\"urlTemplate\":\"https:\\\/\\\/thiant.fr\\\/wordpress\\\/jeunesse\\\/?s={search_term_string}\"},\"query-input\":{\"@type\":\"PropertyValueSpecification\",\"valueRequired\":true,\"valueName\":\"search_term_string\"}}],\"inLanguage\":\"fr-FR\"},{\"@type\":\"Organization\",\"@id\":\"https:\\\/\\\/thiant.fr\\\/wordpress\\\/jeunesse\\\/#organization\",\"name\":\"Espace jeunesse du site officiel de la Ville de Thiant\",\"url\":\"https:\\\/\\\/thiant.fr\\\/wordpress\\\/jeunesse\\\/\",\"logo\":{\"@type\":\"ImageObject\",\"inLanguage\":\"fr-FR\",\"@id\":\"https:\\\/\\\/thiant.fr\\\/wordpress\\\/jeunesse\\\/#\\\/schema\\\/logo\\\/image\\\/\",\"url\":\"https:\\\/\\\/thiant.fr\\\/wordpress\\\/jeunesse\\\/wp-content\\\/uploads\\\/sites\\\/2\\\/2019\\\/10\\\/Logo_jeunesse_02-1.png\",\"contentUrl\":\"https:\\\/\\\/thiant.fr\\\/wordpress\\\/jeunesse\\\/wp-content\\\/uploads\\\/sites\\\/2\\\/2019\\\/10\\\/Logo_jeunesse_02-1.png\",\"width\":384,\"height\":203,\"caption\":\"Espace jeunesse du site officiel de la Ville de Thiant\"},\"image\":{\"@id\":\"https:\\\/\\\/thiant.fr\\\/wordpress\\\/jeunesse\\\/#\\\/schema\\\/logo\\\/image\\\/\"},\"sameAs\":[\"https:\\\/\\\/www.facebook.com\\\/commune.thiant.1\"]},{\"@type\":\"Person\",\"@id\":\"https:\\\/\\\/thiant.fr\\\/wordpress\\\/jeunesse\\\/#\\\/schema\\\/person\\\/f41122130d18c0720657431d990451c6\",\"name\":\"Service communication\",\"image\":{\"@type\":\"ImageObject\",\"inLanguage\":\"fr-FR\",\"@id\":\"https:\\\/\\\/thiant.fr\\\/wordpress\\\/jeunesse\\\/wp-content\\\/litespeed\\\/avatar\\\/2\\\/eeb9098e5269f97d4e67fcd6f533ccb1.jpg?ver=1777455838\",\"url\":\"https:\\\/\\\/thiant.fr\\\/wordpress\\\/jeunesse\\\/wp-content\\\/litespeed\\\/avatar\\\/2\\\/eeb9098e5269f97d4e67fcd6f533ccb1.jpg?ver=1777455838\",\"contentUrl\":\"https:\\\/\\\/thiant.fr\\\/wordpress\\\/jeunesse\\\/wp-content\\\/litespeed\\\/avatar\\\/2\\\/eeb9098e5269f97d4e67fcd6f533ccb1.jpg?ver=1777455838\",\"caption\":\"Service communication\"},\"url\":\"https:\\\/\\\/thiant.fr\\\/wordpress\\\/jeunesse\\\/author\\\/adminwpress\\\/\"}]}<\/script>\n<!-- \/ Yoast SEO plugin. -->","yoast_head_json":{"title":"COVID-19 : Point sur la situation au 3 juin 2021 - Espace jeunesse du site officiel de la Ville de Thiant","description":"Vaccination des assesseurs des prochaines \u00e9lections, nouveau d\u00e9cret de r\u00e9f\u00e9rence dans la lutte contre le COVID-19, festivals de rue avec d\u00e9ambulation.","robots":{"index":"index","follow":"follow","max-snippet":"max-snippet:-1","max-image-preview":"max-image-preview:large","max-video-preview":"max-video-preview:-1"},"canonical":"https:\/\/thiant.fr\/wordpress\/jeunesse\/2021\/06\/04\/covid-19-point-sur-la-situation-au-3-juin-2021\/","og_locale":"fr_FR","og_type":"article","og_title":"COVID-19 : Point sur la situation au 3 juin 2021 - Espace jeunesse du site officiel de la Ville de Thiant","og_description":"Vaccination des assesseurs des prochaines \u00e9lections, nouveau d\u00e9cret de r\u00e9f\u00e9rence dans la lutte contre le COVID-19, festivals de rue avec d\u00e9ambulation.","og_url":"https:\/\/thiant.fr\/wordpress\/jeunesse\/2021\/06\/04\/covid-19-point-sur-la-situation-au-3-juin-2021\/","og_site_name":"Espace jeunesse du site officiel de la Ville de Thiant","article_publisher":"https:\/\/www.facebook.com\/commune.thiant.1","article_published_time":"2021-06-04T12:19:11+00:00","article_modified_time":"2021-06-04T12:23:01+00:00","og_image":[{"width":730,"height":487,"url":"https:\/\/thiant.fr\/wordpress\/jeunesse\/wp-content\/uploads\/sites\/2\/2021\/06\/img-en-avant.png","type":"image\/png"}],"author":"Service communication","twitter_card":"summary_large_image","twitter_misc":{"\u00c9crit par":"Service communication","Dur\u00e9e de lecture estim\u00e9e":"3 minutes"},"schema":{"@context":"https:\/\/schema.org","@graph":[{"@type":"Article","@id":"https:\/\/thiant.fr\/wordpress\/jeunesse\/2021\/06\/04\/covid-19-point-sur-la-situation-au-3-juin-2021\/#article","isPartOf":{"@id":"https:\/\/thiant.fr\/wordpress\/jeunesse\/2021\/06\/04\/covid-19-point-sur-la-situation-au-3-juin-2021\/"},"author":{"name":"Service communication","@id":"https:\/\/thiant.fr\/wordpress\/jeunesse\/#\/schema\/person\/f41122130d18c0720657431d990451c6"},"headline":"COVID-19 : Point sur la situation au 3 juin 2021","datePublished":"2021-06-04T12:19:11+00:00","dateModified":"2021-06-04T12:23:01+00:00","mainEntityOfPage":{"@id":"https:\/\/thiant.fr\/wordpress\/jeunesse\/2021\/06\/04\/covid-19-point-sur-la-situation-au-3-juin-2021\/"},"wordCount":533,"publisher":{"@id":"https:\/\/thiant.fr\/wordpress\/jeunesse\/#organization"},"image":{"@id":"https:\/\/thiant.fr\/wordpress\/jeunesse\/2021\/06\/04\/covid-19-point-sur-la-situation-au-3-juin-2021\/#primaryimage"},"thumbnailUrl":"https:\/\/thiant.fr\/wordpress\/jeunesse\/wp-content\/uploads\/sites\/2\/2021\/06\/img-en-avant.png","keywords":["assesseurs","coronavirus","COVID-19","d\u00e9ambulation","d\u00e9cret","\u00e9lections","festivals de rue","lutte","Nord","pand\u00e9mie","point","point situation","r\u00e9f\u00e9rence","thiant","vaccination","virus"],"articleSection":["COVID-19"],"inLanguage":"fr-FR"},{"@type":"WebPage","@id":"https:\/\/thiant.fr\/wordpress\/jeunesse\/2021\/06\/04\/covid-19-point-sur-la-situation-au-3-juin-2021\/","url":"https:\/\/thiant.fr\/wordpress\/jeunesse\/2021\/06\/04\/covid-19-point-sur-la-situation-au-3-juin-2021\/","name":"COVID-19 : Point sur la situation au 3 juin 2021 - Espace jeunesse du site officiel de la Ville de Thiant","isPartOf":{"@id":"https:\/\/thiant.fr\/wordpress\/jeunesse\/#website"},"primaryImageOfPage":{"@id":"https:\/\/thiant.fr\/wordpress\/jeunesse\/2021\/06\/04\/covid-19-point-sur-la-situation-au-3-juin-2021\/#primaryimage"},"image":{"@id":"https:\/\/thiant.fr\/wordpress\/jeunesse\/2021\/06\/04\/covid-19-point-sur-la-situation-au-3-juin-2021\/#primaryimage"},"thumbnailUrl":"https:\/\/thiant.fr\/wordpress\/jeunesse\/wp-content\/uploads\/sites\/2\/2021\/06\/img-en-avant.png","datePublished":"2021-06-04T12:19:11+00:00","dateModified":"2021-06-04T12:23:01+00:00","description":"Vaccination des assesseurs des prochaines \u00e9lections, nouveau d\u00e9cret de r\u00e9f\u00e9rence dans la lutte contre le COVID-19, festivals de rue avec d\u00e9ambulation.","breadcrumb":{"@id":"https:\/\/thiant.fr\/wordpress\/jeunesse\/2021\/06\/04\/covid-19-point-sur-la-situation-au-3-juin-2021\/#breadcrumb"},"inLanguage":"fr-FR","potentialAction":[{"@type":"ReadAction","target":["https:\/\/thiant.fr\/wordpress\/jeunesse\/2021\/06\/04\/covid-19-point-sur-la-situation-au-3-juin-2021\/"]}]},{"@type":"ImageObject","inLanguage":"fr-FR","@id":"https:\/\/thiant.fr\/wordpress\/jeunesse\/2021\/06\/04\/covid-19-point-sur-la-situation-au-3-juin-2021\/#primaryimage","url":"https:\/\/thiant.fr\/wordpress\/jeunesse\/wp-content\/uploads\/sites\/2\/2021\/06\/img-en-avant.png","contentUrl":"https:\/\/thiant.fr\/wordpress\/jeunesse\/wp-content\/uploads\/sites\/2\/2021\/06\/img-en-avant.png","width":730,"height":487},{"@type":"BreadcrumbList","@id":"https:\/\/thiant.fr\/wordpress\/jeunesse\/2021\/06\/04\/covid-19-point-sur-la-situation-au-3-juin-2021\/#breadcrumb","itemListElement":[{"@type":"ListItem","position":1,"name":"Accueil","item":"https:\/\/thiant.fr\/wordpress\/jeunesse\/"},{"@type":"ListItem","position":2,"name":"COVID-19 : Point sur la situation au 3 juin 2021"}]},{"@type":"WebSite","@id":"https:\/\/thiant.fr\/wordpress\/jeunesse\/#website","url":"https:\/\/thiant.fr\/wordpress\/jeunesse\/","name":"Espace jeunesse du site officiel de la Ville de Thiant","description":"","publisher":{"@id":"https:\/\/thiant.fr\/wordpress\/jeunesse\/#organization"},"potentialAction":[{"@type":"SearchAction","target":{"@type":"EntryPoint","urlTemplate":"https:\/\/thiant.fr\/wordpress\/jeunesse\/?s={search_term_string}"},"query-input":{"@type":"PropertyValueSpecification","valueRequired":true,"valueName":"search_term_string"}}],"inLanguage":"fr-FR"},{"@type":"Organization","@id":"https:\/\/thiant.fr\/wordpress\/jeunesse\/#organization","name":"Espace jeunesse du site officiel de la Ville de Thiant","url":"https:\/\/thiant.fr\/wordpress\/jeunesse\/","logo":{"@type":"ImageObject","inLanguage":"fr-FR","@id":"https:\/\/thiant.fr\/wordpress\/jeunesse\/#\/schema\/logo\/image\/","url":"https:\/\/thiant.fr\/wordpress\/jeunesse\/wp-content\/uploads\/sites\/2\/2019\/10\/Logo_jeunesse_02-1.png","contentUrl":"https:\/\/thiant.fr\/wordpress\/jeunesse\/wp-content\/uploads\/sites\/2\/2019\/10\/Logo_jeunesse_02-1.png","width":384,"height":203,"caption":"Espace jeunesse du site officiel de la Ville de Thiant"},"image":{"@id":"https:\/\/thiant.fr\/wordpress\/jeunesse\/#\/schema\/logo\/image\/"},"sameAs":["https:\/\/www.facebook.com\/commune.thiant.1"]},{"@type":"Person","@id":"https:\/\/thiant.fr\/wordpress\/jeunesse\/#\/schema\/person\/f41122130d18c0720657431d990451c6","name":"Service communication","image":{"@type":"ImageObject","inLanguage":"fr-FR","@id":"https:\/\/thiant.fr\/wordpress\/jeunesse\/wp-content\/litespeed\/avatar\/2\/eeb9098e5269f97d4e67fcd6f533ccb1.jpg?ver=1777455838","url":"https:\/\/thiant.fr\/wordpress\/jeunesse\/wp-content\/litespeed\/avatar\/2\/eeb9098e5269f97d4e67fcd6f533ccb1.jpg?ver=1777455838","contentUrl":"https:\/\/thiant.fr\/wordpress\/jeunesse\/wp-content\/litespeed\/avatar\/2\/eeb9098e5269f97d4e67fcd6f533ccb1.jpg?ver=1777455838","caption":"Service communication"},"url":"https:\/\/thiant.fr\/wordpress\/jeunesse\/author\/adminwpress\/"}]}},"_links":{"self":[{"href":"https:\/\/thiant.fr\/wordpress\/jeunesse\/wp-json\/wp\/v2\/posts\/893","targetHints":{"allow":["GET"]}}],"collection":[{"href":"https:\/\/thiant.fr\/wordpress\/jeunesse\/wp-json\/wp\/v2\/posts"}],"about":[{"href":"https:\/\/thiant.fr\/wordpress\/jeunesse\/wp-json\/wp\/v2\/types\/post"}],"author":[{"embeddable":true,"href":"https:\/\/thiant.fr\/wordpress\/jeunesse\/wp-json\/wp\/v2\/users\/1"}],"replies":[{"embeddable":true,"href":"https:\/\/thiant.fr\/wordpress\/jeunesse\/wp-json\/wp\/v2\/comments?post=893"}],"version-history":[{"count":1,"href":"https:\/\/thiant.fr\/wordpress\/jeunesse\/wp-json\/wp\/v2\/posts\/893\/revisions"}],"predecessor-version":[{"id":895,"href":"https:\/\/thiant.fr\/wordpress\/jeunesse\/wp-json\/wp\/v2\/posts\/893\/revisions\/895"}],"wp:featuredmedia":[{"embeddable":true,"href":"https:\/\/thiant.fr\/wordpress\/jeunesse\/wp-json\/wp\/v2\/media\/894"}],"wp:attachment":[{"href":"https:\/\/thiant.fr\/wordpress\/jeunesse\/wp-json\/wp\/v2\/media?parent=893"}],"wp:term":[{"taxonomy":"category","embeddable":true,"href":"https:\/\/thiant.fr\/wordpress\/jeunesse\/wp-json\/wp\/v2\/categories?post=893"},{"taxonomy":"post_tag","embeddable":true,"href":"https:\/\/thiant.fr\/wordpress\/jeunesse\/wp-json\/wp\/v2\/tags?post=893"}],"curies":[{"name":"wp","href":"https:\/\/api.w.org\/{rel}","templated":true}]}}