{"id":921,"date":"2021-06-11T14:42:37","date_gmt":"2021-06-11T12:42:37","guid":{"rendered":"https:\/\/thiant.fr\/wordpress\/jeunesse\/?p=921"},"modified":"2021-06-11T14:44:19","modified_gmt":"2021-06-11T12:44:19","slug":"covid-19-point-sur-la-situation-au-9-juin-2021","status":"publish","type":"post","link":"https:\/\/thiant.fr\/wordpress\/jeunesse\/2021\/06\/11\/covid-19-point-sur-la-situation-au-9-juin-2021\/","title":{"rendered":"COVID-19 : Point sur la situation au 9 juin 2021"},"content":{"rendered":"\t\t<div data-elementor-type=\"wp-post\" data-elementor-id=\"921\" class=\"elementor elementor-921\">\n\t\t\t\t\t\t<section class=\"elementor-section elementor-top-section elementor-element elementor-element-bc51ca7 elementor-section-boxed elementor-section-height-default elementor-section-height-default\" data-id=\"bc51ca7\" data-element_type=\"section\" data-e-type=\"section\">\n\t\t\t\t\t\t<div class=\"elementor-container elementor-column-gap-default\">\n\t\t\t\t\t<div class=\"elementor-column elementor-col-33 elementor-top-column elementor-element elementor-element-029ce05\" data-id=\"029ce05\" data-element_type=\"column\" data-e-type=\"column\">\n\t\t\t<div class=\"elementor-widget-wrap elementor-element-populated\">\n\t\t\t\t\t\t<div class=\"elementor-element elementor-element-ae0f1ef elementor-widget elementor-widget-image\" data-id=\"ae0f1ef\" data-element_type=\"widget\" data-e-type=\"widget\" data-widget_type=\"image.default\">\n\t\t\t\t<div class=\"elementor-widget-container\">\n\t\t\t\t\t\t\t\t\t\t\t\t\t\t\t<img decoding=\"async\" src=\"https:\/\/thiant.fr\/wordpress\/wp-content\/uploads\/2021\/03\/Logo-Prefet-Nord.png\" title=\"\" alt=\"\" loading=\"lazy\" \/>\t\t\t\t\t\t\t\t\t\t\t\t\t\t\t<\/div>\n\t\t\t\t<\/div>\n\t\t\t\t\t<\/div>\n\t\t<\/div>\n\t\t\t\t<div class=\"elementor-column elementor-col-66 elementor-top-column elementor-element elementor-element-0ac46b0\" data-id=\"0ac46b0\" data-element_type=\"column\" data-e-type=\"column\">\n\t\t\t<div class=\"elementor-widget-wrap elementor-element-populated\">\n\t\t\t\t\t\t<div class=\"elementor-element elementor-element-efbec5f elementor-widget elementor-widget-text-editor\" data-id=\"efbec5f\" data-element_type=\"widget\" data-e-type=\"widget\" data-widget_type=\"text-editor.default\">\n\t\t\t\t<div class=\"elementor-widget-container\">\n\t\t\t\t\t\t\t\t\t<h3><span style=\"color: #000080;\">1- 3<sup>\u00e8me<\/sup> \u00e9tape de la strat\u00e9gie de r\u00e9ouverture progressive \u00e0 compter de ce mercredi 9 juin : la r\u00e9ouverture des caf\u00e9s et des restaurants en int\u00e9rieur et des \u00e9tablissements sportifs.<\/span><\/h3><p style=\"padding-left: 40px;\"><span style=\"color: #333333;\">Pour rappel, le pr\u00e9sident de la R\u00e9publique a annonc\u00e9, le 29 avril dernier, la strat\u00e9gie de r\u00e9ouverture qui doit permettre aux Fran\u00e7ais de progressivement retrouver une vie la plus normale possible :<\/span><br \/><span style=\"color: #333333;\"><strong>1<sup>\u00e8re<\/sup> \u00e9tape :<\/strong> le 3 mai 2021<\/span><br \/><span style=\"color: #333333;\">Fin des attestations de journ\u00e9e et des restrictions de d\u00e9placement<\/span><br \/><span style=\"color: #333333;\"><strong>2<sup>\u00e8me<\/sup> \u00e9tape :<\/strong> le 19 mai 2021<\/span><br \/><span style=\"color: #333333;\">Couvre-feu repouss\u00e9 \u00e0 21h et r\u00e9ouverture des commerces, terrasses, mus\u00e9es, salles de cin\u00e9mas et th\u00e9\u00e2tres avec des jauges limit\u00e9es<\/span><br \/><span style=\"color: #333333;\"><strong>3<sup>\u00e8me<\/sup> \u00e9tape :<\/strong> le 9 juin 2021<\/span><br \/><span style=\"color: #333333;\">Couvre-feu \u00e0 23h et r\u00e9ouverture des caf\u00e9s et restaurants en int\u00e9rieur et des salles de sport.<\/span><br \/><span style=\"color: #333333;\">Assouplissement du t\u00e9l\u00e9travail, en concertation avec les partenaires sociaux au<\/span><br \/><span style=\"color: #333333;\">niveau des entreprises.<\/span><br \/><span style=\"color: #333333;\"><strong>4<sup>\u00e8me<\/sup> \u00e9tape :<\/strong> le 30 juin 2021<\/span><br \/><span style=\"color: #333333;\">Fin du couvre-feu<\/span><\/p><p style=\"padding-left: 40px;\"><strong><span style=\"color: #333333;\">\u2714 La r\u00e9ouverture des espaces int\u00e9rieurs des caf\u00e9s et restaurants<\/span><\/strong><\/p><p style=\"padding-left: 40px;\"><span style=\"color: #333333;\">La consommation en terrasse demeure possible avec une jauge d\u00e9sormais fix\u00e9e \u00e0 100 % de la capacit\u00e9 d\u2019accueil de l\u2019\u00e9tablissement.<\/span><\/p><p style=\"padding-left: 40px;\"><span style=\"color: #333333;\">Les bars et restaurants peuvent \u00e9galement ouvrir leurs espaces int\u00e9rieurs selon une jauge correspondant \u00e0 <span style=\"text-decoration: underline;\">50 % de la capacit\u00e9<\/span> d\u2019accueil de l\u2019\u00e9tablissement (hors personnel). La jauge doit \u00eatre affich\u00e9e et visible \u00e0 l\u2019ext\u00e9rieur.<\/span><\/p><p style=\"padding-left: 40px;\"><span style=\"color: #333333;\">Seules les consommations assises sont autoris\u00e9es avec un nombre de personnes limit\u00e9 \u00e0 6 par table, issues d\u2019un m\u00eame groupe.<\/span><\/p><p style=\"padding-left: 40px;\"><span style=\"color: #333333;\">Par ailleurs, l\u2019installation de parois de s\u00e9paration de faibles hauteurs pr\u00e9venant les projections entre les tables est fortement recommand\u00e9e.<\/span><\/p><p style=\"padding-left: 40px;\"><span style=\"color: #333333;\">Le protocole sanitaire pour les bars, les restaurants et restaurants d\u2019h\u00f4tel est consultable sur le site du minist\u00e8re de l\u2019\u00e9conomie :<\/span><br \/><a href=\"http:\/\/www.economie.gouv.fr\/files\/files\/directions_services\/covid19-soutien-entreprises\/Protocole-sanitaire-renforce-secteur--HCR.pdf\" target=\"_blank\" rel=\"noopener\">http:\/\/www.economie.gouv.fr\/files\/files\/directions_services\/covid19-soutien-entreprises\/Protocole-sanitaire-renforce-secteur&#8211;HCR.pdf<\/a><\/p><p style=\"padding-left: 40px;\"><strong><span style=\"color: #333333;\">\u2714 La r\u00e9ouverture des \u00e9tablissements sportifs<\/span><\/strong><\/p><p style=\"padding-left: 40px;\"><span style=\"color: #333333;\">Les \u00e9tablissements sportifs ouvrent \u00e0 l\u2019ensemble du public \u00e0 compter de ce mercredi 9 juin, selon le protocole sanitaire d\u00e9fini :<\/span><br \/><span style=\"color: #333333;\">\u2022 dans l\u2019espace public : la pratique sportive est limit\u00e9e par groupe de 25 <\/span><span style=\"color: #333333;\">personnes maximum ;<\/span><br \/><span style=\"color: #333333;\">\u2022 dans les \u00e9tablissements couverts (salles de sport, piscines\u2026) : <span style=\"text-decoration: underline;\">la jauge est <\/span><\/span><span style=\"color: #333333;\"><span style=\"text-decoration: underline;\">fix\u00e9e \u00e0 50 % de la capacit\u00e9 d\u2019accueil de l\u2019\u00e9tablissement<\/span> ;<\/span><br \/><span style=\"color: #333333;\">\u2022 les comp\u00e9titions sportives en plein air : elles sont autoris\u00e9es pour tous les <\/span><span style=\"color: #333333;\">publics dans le respect du protocole sanitaire dans la limite de 500 <\/span><span style=\"color: #333333;\">participants (en simultan\u00e9 ou par \u00e9preuve). Les spectateurs sont accueillis <\/span><span style=\"color: #333333;\">dans des zones d\u2019arriv\u00e9e et de d\u00e9part pr\u00e9cis\u00e9ment d\u00e9limit\u00e9es.<\/span><\/p><p style=\"padding-left: 40px;\"><span style=\"color: #333333;\">Pour tout \u00e9v\u00e9nement sportif, <strong>les spectateurs doivent \u00eatre assis et la jauge est fix\u00e9e \u00e0 65 % <\/strong><strong>de la capacit\u00e9 d\u2019accueil dans la limite de 5 000 personnes.<\/strong> Pour les \u00e9v\u00e9nements r\u00e9unissant plus de 1 000 personnes, le passe sanitaire est obligatoire.<\/span><\/p><p style=\"padding-left: 40px;\"><span style=\"color: #333333;\">Les guides de recommandations et les protocoles relatifs \u00e0 la pratique et aux activit\u00e9s sportives sont consultables sur le site du minist\u00e8re charg\u00e9 des sports :<\/span><br \/><a href=\"https:\/\/www.sports.gouv.fr\/pratiques-sportives\/covid19\/application-des-decisions-sanitairespour-le-sport-a-partir-du-03-avril\/\" target=\"_blank\" rel=\"noopener\">https:\/\/www.sports.gouv.fr\/pratiques-sportives\/covid19\/application-des-decisions-sanitairespour-le-sport-a-partir-du-03-avril\/<\/a><\/p><h3><span style=\"color: #000080;\">2- Le pass sanitaire<\/span><\/h3><p style=\"padding-left: 40px;\"><span style=\"color: #333333;\">\u00c0 partir du 9 juin, le pass sanitaire est n\u00e9cessaire pour effectuer certains d\u00e9placements ou pour assister \u00e0 des \u00e9v\u00e9nements de plus de 1 000 personnes (dans la limite de 5 000 personnes). Ainsi, il attestera l\u2019absence de contamination \u00e0 la Covid-19 par <span style=\"text-decoration: underline;\">la pr\u00e9sentation de l\u2019un des documents suivants<\/span> :<\/span><br \/><span style=\"color: #333333;\">&#8211; un test PCR ou antig\u00e9nique de moins de 72h ;<\/span><br \/><span style=\"color: #333333;\">&#8211; un justificatif attestant la vaccination compl\u00e8te, soit 14 jours apr\u00e8s <\/span><span style=\"color: #333333;\">l\u2019administration d\u2019une seconde dose (ou premi\u00e8re dose pour les personnes ayant \u00e9t\u00e9 atteintes de la Covid) ;<\/span><br \/><span style=\"color: #333333;\">&#8211; un certificat de r\u00e9tablissement \u00e0 la suite d&#8217;une contamination par la Covid-19, <\/span><span style=\"color: #333333;\">valable 6 mois.<\/span><\/p><p style=\"text-align: center;\"><span style=\"color: #333333;\">&#8212;&#8212;&#8212;&#8212;&#8212;&#8212;&#8212;&#8212;&#8212;&#8212;&#8212;-<\/span><\/p><p><span style=\"color: #333333;\">Vous avez des questions sur les d\u00e9placements, la strat\u00e9gie de r\u00e9ouverture des <\/span><span style=\"color: #333333;\">\u00e9tablissements recevant du public, les activit\u00e9s sportives, les c\u00e9r\u00e9monies, le pass sanitaire ou encore l\u2019accompagnement \u00e9conomique des entreprises ?<\/span><br \/><span style=\"color: #333333;\">Retrouvez toutes ces r\u00e9ponses sur<\/span> <a href=\"https:\/\/www.gouvernement.fr\/partage\/12279-covid-19-strategie-et-agenda-de-reouverture-mai-2021\" target=\"_blank\" rel=\"noopener\">le site du Gouvernement.<\/a><\/p><p><strong><span style=\"color: #333333;\">Pour r\u00e9ussir la strat\u00e9gie de r\u00e9ouverture et permettre ce retour progressif \u00e0 la normale, il convient que chacun reste vigilant dans le respect des gestes barri\u00e8res et des mesures sanitaires.<\/span><\/strong><\/p><p><span style=\"color: #333333;\">Pour consulter :<\/span><br \/><span style=\"color: #333333;\">&#8211; le d\u00e9cret du 1er juin 2021 modifi\u00e9 prescrivant les mesures g\u00e9n\u00e9rales n\u00e9cessaires \u00e0 la gestion de la sortie de crise sanitaire :<\/span> <a href=\"https:\/\/www.legifrance.gouv.fr\/loda\/id\/JORFTEXT000043575238\/2021-06-09\/\" target=\"_blank\" rel=\"noopener\">lien<\/a> ;<br \/><span style=\"color: #333333;\">&#8211; le visuel synth\u00e9tique des conditions de r\u00e9ouverture par type d\u2019\u00e9tablissement recevant du public :<\/span> <a href=\"https:\/\/www.nord.gouv.fr\/content\/download\/75366\/462626\/file\/r%C3%A9ouverture.pdf\" target=\"_blank\" rel=\"noopener\">lien<\/a>.<\/p>\t\t\t\t\t\t\t\t<\/div>\n\t\t\t\t<\/div>\n\t\t\t\t\t<\/div>\n\t\t<\/div>\n\t\t\t\t\t<\/div>\n\t\t<\/section>\n\t\t\t\t<\/div>\n\t\t","protected":false},"excerpt":{"rendered":"<p>1- 3\u00e8me \u00e9tape de la strat\u00e9gie de r\u00e9ouverture progressive \u00e0 compter de ce mercredi 9 juin : la r\u00e9ouverture des caf\u00e9s et des restaurants en int\u00e9rieur et des \u00e9tablissements sportifs. Pour rappel, le pr\u00e9sident de la R\u00e9publique a annonc\u00e9, le 29 avril dernier, la strat\u00e9gie de r\u00e9ouverture qui doit permettre aux Fran\u00e7ais de progressivement retrouver [&hellip;]<\/p>\n","protected":false},"author":1,"featured_media":922,"comment_status":"closed","ping_status":"closed","sticky":false,"template":"","format":"standard","meta":{"_crdt_document":"","ocean_post_layout":"","ocean_both_sidebars_style":"","ocean_both_sidebars_content_width":0,"ocean_both_sidebars_sidebars_width":0,"ocean_sidebar":"0","ocean_second_sidebar":"0","ocean_disable_margins":"enable","ocean_add_body_class":"","ocean_shortcode_before_top_bar":"","ocean_shortcode_after_top_bar":"","ocean_shortcode_before_header":"","ocean_shortcode_after_header":"","ocean_has_shortcode":"","ocean_shortcode_after_title":"","ocean_shortcode_before_footer_widgets":"","ocean_shortcode_after_footer_widgets":"","ocean_shortcode_before_footer_bottom":"","ocean_shortcode_after_footer_bottom":"","ocean_display_top_bar":"default","ocean_display_header":"default","ocean_header_style":"","ocean_center_header_left_menu":"0","ocean_custom_header_template":"0","ocean_custom_logo":0,"ocean_custom_retina_logo":0,"ocean_custom_logo_max_width":0,"ocean_custom_logo_tablet_max_width":0,"ocean_custom_logo_mobile_max_width":0,"ocean_custom_logo_max_height":0,"ocean_custom_logo_tablet_max_height":0,"ocean_custom_logo_mobile_max_height":0,"ocean_header_custom_menu":"0","ocean_menu_typo_font_family":"0","ocean_menu_typo_font_subset":"","ocean_menu_typo_font_size":0,"ocean_menu_typo_font_size_tablet":0,"ocean_menu_typo_font_size_mobile":0,"ocean_menu_typo_font_size_unit":"px","ocean_menu_typo_font_weight":"","ocean_menu_typo_font_weight_tablet":"","ocean_menu_typo_font_weight_mobile":"","ocean_menu_typo_transform":"","ocean_menu_typo_transform_tablet":"","ocean_menu_typo_transform_mobile":"","ocean_menu_typo_line_height":0,"ocean_menu_typo_line_height_tablet":0,"ocean_menu_typo_line_height_mobile":0,"ocean_menu_typo_line_height_unit":"","ocean_menu_typo_spacing":0,"ocean_menu_typo_spacing_tablet":0,"ocean_menu_typo_spacing_mobile":0,"ocean_menu_typo_spacing_unit":"","ocean_menu_link_color":"","ocean_menu_link_color_hover":"","ocean_menu_link_color_active":"","ocean_menu_link_background":"","ocean_menu_link_hover_background":"","ocean_menu_link_active_background":"","ocean_menu_social_links_bg":"","ocean_menu_social_hover_links_bg":"","ocean_menu_social_links_color":"","ocean_menu_social_hover_links_color":"","ocean_disable_title":"default","ocean_disable_heading":"default","ocean_post_title":"","ocean_post_subheading":"","ocean_post_title_style":"","ocean_post_title_background_color":"","ocean_post_title_background":0,"ocean_post_title_bg_image_position":"","ocean_post_title_bg_image_attachment":"","ocean_post_title_bg_image_repeat":"","ocean_post_title_bg_image_size":"","ocean_post_title_height":0,"ocean_post_title_bg_overlay":0.5,"ocean_post_title_bg_overlay_color":"","ocean_disable_breadcrumbs":"default","ocean_breadcrumbs_color":"","ocean_breadcrumbs_separator_color":"","ocean_breadcrumbs_links_color":"","ocean_breadcrumbs_links_hover_color":"","ocean_display_footer_widgets":"default","ocean_display_footer_bottom":"default","ocean_custom_footer_template":"0","ocean_post_oembed":"","ocean_post_self_hosted_media":"","ocean_post_video_embed":"","ocean_link_format":"","ocean_link_format_target":"self","ocean_quote_format":"","ocean_quote_format_link":"post","ocean_gallery_link_images":"off","ocean_gallery_id":[],"footnotes":""},"categories":[140],"tags":[368,77,109,369,127,370,128,318,325,371,129,39],"class_list":["post-921","post","type-post","status-publish","format-standard","has-post-thumbnail","hentry","category-covid-19","tag-cafe","tag-coronavirus","tag-covid-19","tag-etablissements-sportifs","tag-nord","tag-pass-sanitaire","tag-point","tag-point-situation","tag-restaurant","tag-salle-de-sport","tag-situation","tag-thiant","entry","has-media"],"yoast_head":"<!-- This site is optimized with the Yoast SEO plugin v27.3 - https:\/\/yoast.com\/product\/yoast-seo-wordpress\/ -->\n<title>COVID-19 : Point sur la situation au 9 juin 2021 - Espace jeunesse du site officiel de la Ville de Thiant<\/title>\n<meta name=\"description\" content=\"Troisi\u00e8me \u00e9tape de la strat\u00e9gie de r\u00e9ouverture tr\u00e8s attendue des caf\u00e9s, restaurants et \u00e9tablissements sportifs. Infos sur le pass sanitaire.\" \/>\n<meta name=\"robots\" content=\"index, follow, max-snippet:-1, max-image-preview:large, max-video-preview:-1\" \/>\n<link rel=\"canonical\" href=\"https:\/\/thiant.fr\/wordpress\/jeunesse\/2021\/06\/11\/covid-19-point-sur-la-situation-au-9-juin-2021\/\" \/>\n<meta property=\"og:locale\" content=\"fr_FR\" \/>\n<meta property=\"og:type\" content=\"article\" \/>\n<meta property=\"og:title\" content=\"COVID-19 : Point sur la situation au 9 juin 2021 - Espace jeunesse du site officiel de la Ville de Thiant\" \/>\n<meta property=\"og:description\" content=\"Troisi\u00e8me \u00e9tape de la strat\u00e9gie de r\u00e9ouverture tr\u00e8s attendue des caf\u00e9s, restaurants et \u00e9tablissements sportifs. Infos sur le pass sanitaire.\" \/>\n<meta property=\"og:url\" content=\"https:\/\/thiant.fr\/wordpress\/jeunesse\/2021\/06\/11\/covid-19-point-sur-la-situation-au-9-juin-2021\/\" \/>\n<meta property=\"og:site_name\" content=\"Espace jeunesse du site officiel de la Ville de Thiant\" \/>\n<meta property=\"article:publisher\" content=\"https:\/\/www.facebook.com\/commune.thiant.1\" \/>\n<meta property=\"article:published_time\" content=\"2021-06-11T12:42:37+00:00\" \/>\n<meta property=\"article:modified_time\" content=\"2021-06-11T12:44:19+00:00\" \/>\n<meta property=\"og:image\" content=\"https:\/\/thiant.fr\/wordpress\/jeunesse\/wp-content\/uploads\/sites\/2\/2021\/06\/montage.png\" \/>\n\t<meta property=\"og:image:width\" content=\"700\" \/>\n\t<meta property=\"og:image:height\" content=\"525\" \/>\n\t<meta property=\"og:image:type\" content=\"image\/png\" \/>\n<meta name=\"author\" content=\"Service communication\" \/>\n<meta name=\"twitter:card\" content=\"summary_large_image\" \/>\n<meta name=\"twitter:label1\" content=\"\u00c9crit par\" \/>\n\t<meta name=\"twitter:data1\" content=\"Service communication\" \/>\n\t<meta name=\"twitter:label2\" content=\"Dur\u00e9e de lecture estim\u00e9e\" \/>\n\t<meta name=\"twitter:data2\" content=\"4 minutes\" \/>\n<script type=\"application\/ld+json\" class=\"yoast-schema-graph\">{\"@context\":\"https:\\\/\\\/schema.org\",\"@graph\":[{\"@type\":\"Article\",\"@id\":\"https:\\\/\\\/thiant.fr\\\/wordpress\\\/jeunesse\\\/2021\\\/06\\\/11\\\/covid-19-point-sur-la-situation-au-9-juin-2021\\\/#article\",\"isPartOf\":{\"@id\":\"https:\\\/\\\/thiant.fr\\\/wordpress\\\/jeunesse\\\/2021\\\/06\\\/11\\\/covid-19-point-sur-la-situation-au-9-juin-2021\\\/\"},\"author\":{\"name\":\"Service communication\",\"@id\":\"https:\\\/\\\/thiant.fr\\\/wordpress\\\/jeunesse\\\/#\\\/schema\\\/person\\\/f41122130d18c0720657431d990451c6\"},\"headline\":\"COVID-19 : Point sur la situation au 9 juin 2021\",\"datePublished\":\"2021-06-11T12:42:37+00:00\",\"dateModified\":\"2021-06-11T12:44:19+00:00\",\"mainEntityOfPage\":{\"@id\":\"https:\\\/\\\/thiant.fr\\\/wordpress\\\/jeunesse\\\/2021\\\/06\\\/11\\\/covid-19-point-sur-la-situation-au-9-juin-2021\\\/\"},\"wordCount\":736,\"publisher\":{\"@id\":\"https:\\\/\\\/thiant.fr\\\/wordpress\\\/jeunesse\\\/#organization\"},\"image\":{\"@id\":\"https:\\\/\\\/thiant.fr\\\/wordpress\\\/jeunesse\\\/2021\\\/06\\\/11\\\/covid-19-point-sur-la-situation-au-9-juin-2021\\\/#primaryimage\"},\"thumbnailUrl\":\"https:\\\/\\\/thiant.fr\\\/wordpress\\\/jeunesse\\\/wp-content\\\/uploads\\\/sites\\\/2\\\/2021\\\/06\\\/montage.png\",\"keywords\":[\"caf\u00e9\",\"coronavirus\",\"COVID-19\",\"\u00e9tablissements sportifs\",\"Nord\",\"pass sanitaire\",\"point\",\"point situation\",\"restaurant\",\"salle de sport\",\"situation\",\"thiant\"],\"articleSection\":[\"COVID-19\"],\"inLanguage\":\"fr-FR\"},{\"@type\":\"WebPage\",\"@id\":\"https:\\\/\\\/thiant.fr\\\/wordpress\\\/jeunesse\\\/2021\\\/06\\\/11\\\/covid-19-point-sur-la-situation-au-9-juin-2021\\\/\",\"url\":\"https:\\\/\\\/thiant.fr\\\/wordpress\\\/jeunesse\\\/2021\\\/06\\\/11\\\/covid-19-point-sur-la-situation-au-9-juin-2021\\\/\",\"name\":\"COVID-19 : Point sur la situation au 9 juin 2021 - Espace jeunesse du site officiel de la Ville de Thiant\",\"isPartOf\":{\"@id\":\"https:\\\/\\\/thiant.fr\\\/wordpress\\\/jeunesse\\\/#website\"},\"primaryImageOfPage\":{\"@id\":\"https:\\\/\\\/thiant.fr\\\/wordpress\\\/jeunesse\\\/2021\\\/06\\\/11\\\/covid-19-point-sur-la-situation-au-9-juin-2021\\\/#primaryimage\"},\"image\":{\"@id\":\"https:\\\/\\\/thiant.fr\\\/wordpress\\\/jeunesse\\\/2021\\\/06\\\/11\\\/covid-19-point-sur-la-situation-au-9-juin-2021\\\/#primaryimage\"},\"thumbnailUrl\":\"https:\\\/\\\/thiant.fr\\\/wordpress\\\/jeunesse\\\/wp-content\\\/uploads\\\/sites\\\/2\\\/2021\\\/06\\\/montage.png\",\"datePublished\":\"2021-06-11T12:42:37+00:00\",\"dateModified\":\"2021-06-11T12:44:19+00:00\",\"description\":\"Troisi\u00e8me \u00e9tape de la strat\u00e9gie de r\u00e9ouverture tr\u00e8s attendue des caf\u00e9s, restaurants et \u00e9tablissements sportifs. Infos sur le pass sanitaire.\",\"breadcrumb\":{\"@id\":\"https:\\\/\\\/thiant.fr\\\/wordpress\\\/jeunesse\\\/2021\\\/06\\\/11\\\/covid-19-point-sur-la-situation-au-9-juin-2021\\\/#breadcrumb\"},\"inLanguage\":\"fr-FR\",\"potentialAction\":[{\"@type\":\"ReadAction\",\"target\":[\"https:\\\/\\\/thiant.fr\\\/wordpress\\\/jeunesse\\\/2021\\\/06\\\/11\\\/covid-19-point-sur-la-situation-au-9-juin-2021\\\/\"]}]},{\"@type\":\"ImageObject\",\"inLanguage\":\"fr-FR\",\"@id\":\"https:\\\/\\\/thiant.fr\\\/wordpress\\\/jeunesse\\\/2021\\\/06\\\/11\\\/covid-19-point-sur-la-situation-au-9-juin-2021\\\/#primaryimage\",\"url\":\"https:\\\/\\\/thiant.fr\\\/wordpress\\\/jeunesse\\\/wp-content\\\/uploads\\\/sites\\\/2\\\/2021\\\/06\\\/montage.png\",\"contentUrl\":\"https:\\\/\\\/thiant.fr\\\/wordpress\\\/jeunesse\\\/wp-content\\\/uploads\\\/sites\\\/2\\\/2021\\\/06\\\/montage.png\",\"width\":700,\"height\":525},{\"@type\":\"BreadcrumbList\",\"@id\":\"https:\\\/\\\/thiant.fr\\\/wordpress\\\/jeunesse\\\/2021\\\/06\\\/11\\\/covid-19-point-sur-la-situation-au-9-juin-2021\\\/#breadcrumb\",\"itemListElement\":[{\"@type\":\"ListItem\",\"position\":1,\"name\":\"Accueil\",\"item\":\"https:\\\/\\\/thiant.fr\\\/wordpress\\\/jeunesse\\\/\"},{\"@type\":\"ListItem\",\"position\":2,\"name\":\"COVID-19 : Point sur la situation au 9 juin 2021\"}]},{\"@type\":\"WebSite\",\"@id\":\"https:\\\/\\\/thiant.fr\\\/wordpress\\\/jeunesse\\\/#website\",\"url\":\"https:\\\/\\\/thiant.fr\\\/wordpress\\\/jeunesse\\\/\",\"name\":\"Espace jeunesse du site officiel de la Ville de Thiant\",\"description\":\"\",\"publisher\":{\"@id\":\"https:\\\/\\\/thiant.fr\\\/wordpress\\\/jeunesse\\\/#organization\"},\"potentialAction\":[{\"@type\":\"SearchAction\",\"target\":{\"@type\":\"EntryPoint\",\"urlTemplate\":\"https:\\\/\\\/thiant.fr\\\/wordpress\\\/jeunesse\\\/?s={search_term_string}\"},\"query-input\":{\"@type\":\"PropertyValueSpecification\",\"valueRequired\":true,\"valueName\":\"search_term_string\"}}],\"inLanguage\":\"fr-FR\"},{\"@type\":\"Organization\",\"@id\":\"https:\\\/\\\/thiant.fr\\\/wordpress\\\/jeunesse\\\/#organization\",\"name\":\"Espace jeunesse du site officiel de la Ville de Thiant\",\"url\":\"https:\\\/\\\/thiant.fr\\\/wordpress\\\/jeunesse\\\/\",\"logo\":{\"@type\":\"ImageObject\",\"inLanguage\":\"fr-FR\",\"@id\":\"https:\\\/\\\/thiant.fr\\\/wordpress\\\/jeunesse\\\/#\\\/schema\\\/logo\\\/image\\\/\",\"url\":\"https:\\\/\\\/thiant.fr\\\/wordpress\\\/jeunesse\\\/wp-content\\\/uploads\\\/sites\\\/2\\\/2019\\\/10\\\/Logo_jeunesse_02-1.png\",\"contentUrl\":\"https:\\\/\\\/thiant.fr\\\/wordpress\\\/jeunesse\\\/wp-content\\\/uploads\\\/sites\\\/2\\\/2019\\\/10\\\/Logo_jeunesse_02-1.png\",\"width\":384,\"height\":203,\"caption\":\"Espace jeunesse du site officiel de la Ville de Thiant\"},\"image\":{\"@id\":\"https:\\\/\\\/thiant.fr\\\/wordpress\\\/jeunesse\\\/#\\\/schema\\\/logo\\\/image\\\/\"},\"sameAs\":[\"https:\\\/\\\/www.facebook.com\\\/commune.thiant.1\"]},{\"@type\":\"Person\",\"@id\":\"https:\\\/\\\/thiant.fr\\\/wordpress\\\/jeunesse\\\/#\\\/schema\\\/person\\\/f41122130d18c0720657431d990451c6\",\"name\":\"Service communication\",\"image\":{\"@type\":\"ImageObject\",\"inLanguage\":\"fr-FR\",\"@id\":\"https:\\\/\\\/thiant.fr\\\/wordpress\\\/jeunesse\\\/wp-content\\\/litespeed\\\/avatar\\\/2\\\/eeb9098e5269f97d4e67fcd6f533ccb1.jpg?ver=1777455838\",\"url\":\"https:\\\/\\\/thiant.fr\\\/wordpress\\\/jeunesse\\\/wp-content\\\/litespeed\\\/avatar\\\/2\\\/eeb9098e5269f97d4e67fcd6f533ccb1.jpg?ver=1777455838\",\"contentUrl\":\"https:\\\/\\\/thiant.fr\\\/wordpress\\\/jeunesse\\\/wp-content\\\/litespeed\\\/avatar\\\/2\\\/eeb9098e5269f97d4e67fcd6f533ccb1.jpg?ver=1777455838\",\"caption\":\"Service communication\"},\"url\":\"https:\\\/\\\/thiant.fr\\\/wordpress\\\/jeunesse\\\/author\\\/adminwpress\\\/\"}]}<\/script>\n<!-- \/ Yoast SEO plugin. -->","yoast_head_json":{"title":"COVID-19 : Point sur la situation au 9 juin 2021 - Espace jeunesse du site officiel de la Ville de Thiant","description":"Troisi\u00e8me \u00e9tape de la strat\u00e9gie de r\u00e9ouverture tr\u00e8s attendue des caf\u00e9s, restaurants et \u00e9tablissements sportifs. Infos sur le pass sanitaire.","robots":{"index":"index","follow":"follow","max-snippet":"max-snippet:-1","max-image-preview":"max-image-preview:large","max-video-preview":"max-video-preview:-1"},"canonical":"https:\/\/thiant.fr\/wordpress\/jeunesse\/2021\/06\/11\/covid-19-point-sur-la-situation-au-9-juin-2021\/","og_locale":"fr_FR","og_type":"article","og_title":"COVID-19 : Point sur la situation au 9 juin 2021 - Espace jeunesse du site officiel de la Ville de Thiant","og_description":"Troisi\u00e8me \u00e9tape de la strat\u00e9gie de r\u00e9ouverture tr\u00e8s attendue des caf\u00e9s, restaurants et \u00e9tablissements sportifs. Infos sur le pass sanitaire.","og_url":"https:\/\/thiant.fr\/wordpress\/jeunesse\/2021\/06\/11\/covid-19-point-sur-la-situation-au-9-juin-2021\/","og_site_name":"Espace jeunesse du site officiel de la Ville de Thiant","article_publisher":"https:\/\/www.facebook.com\/commune.thiant.1","article_published_time":"2021-06-11T12:42:37+00:00","article_modified_time":"2021-06-11T12:44:19+00:00","og_image":[{"width":700,"height":525,"url":"https:\/\/thiant.fr\/wordpress\/jeunesse\/wp-content\/uploads\/sites\/2\/2021\/06\/montage.png","type":"image\/png"}],"author":"Service communication","twitter_card":"summary_large_image","twitter_misc":{"\u00c9crit par":"Service communication","Dur\u00e9e de lecture estim\u00e9e":"4 minutes"},"schema":{"@context":"https:\/\/schema.org","@graph":[{"@type":"Article","@id":"https:\/\/thiant.fr\/wordpress\/jeunesse\/2021\/06\/11\/covid-19-point-sur-la-situation-au-9-juin-2021\/#article","isPartOf":{"@id":"https:\/\/thiant.fr\/wordpress\/jeunesse\/2021\/06\/11\/covid-19-point-sur-la-situation-au-9-juin-2021\/"},"author":{"name":"Service communication","@id":"https:\/\/thiant.fr\/wordpress\/jeunesse\/#\/schema\/person\/f41122130d18c0720657431d990451c6"},"headline":"COVID-19 : Point sur la situation au 9 juin 2021","datePublished":"2021-06-11T12:42:37+00:00","dateModified":"2021-06-11T12:44:19+00:00","mainEntityOfPage":{"@id":"https:\/\/thiant.fr\/wordpress\/jeunesse\/2021\/06\/11\/covid-19-point-sur-la-situation-au-9-juin-2021\/"},"wordCount":736,"publisher":{"@id":"https:\/\/thiant.fr\/wordpress\/jeunesse\/#organization"},"image":{"@id":"https:\/\/thiant.fr\/wordpress\/jeunesse\/2021\/06\/11\/covid-19-point-sur-la-situation-au-9-juin-2021\/#primaryimage"},"thumbnailUrl":"https:\/\/thiant.fr\/wordpress\/jeunesse\/wp-content\/uploads\/sites\/2\/2021\/06\/montage.png","keywords":["caf\u00e9","coronavirus","COVID-19","\u00e9tablissements sportifs","Nord","pass sanitaire","point","point situation","restaurant","salle de sport","situation","thiant"],"articleSection":["COVID-19"],"inLanguage":"fr-FR"},{"@type":"WebPage","@id":"https:\/\/thiant.fr\/wordpress\/jeunesse\/2021\/06\/11\/covid-19-point-sur-la-situation-au-9-juin-2021\/","url":"https:\/\/thiant.fr\/wordpress\/jeunesse\/2021\/06\/11\/covid-19-point-sur-la-situation-au-9-juin-2021\/","name":"COVID-19 : Point sur la situation au 9 juin 2021 - Espace jeunesse du site officiel de la Ville de Thiant","isPartOf":{"@id":"https:\/\/thiant.fr\/wordpress\/jeunesse\/#website"},"primaryImageOfPage":{"@id":"https:\/\/thiant.fr\/wordpress\/jeunesse\/2021\/06\/11\/covid-19-point-sur-la-situation-au-9-juin-2021\/#primaryimage"},"image":{"@id":"https:\/\/thiant.fr\/wordpress\/jeunesse\/2021\/06\/11\/covid-19-point-sur-la-situation-au-9-juin-2021\/#primaryimage"},"thumbnailUrl":"https:\/\/thiant.fr\/wordpress\/jeunesse\/wp-content\/uploads\/sites\/2\/2021\/06\/montage.png","datePublished":"2021-06-11T12:42:37+00:00","dateModified":"2021-06-11T12:44:19+00:00","description":"Troisi\u00e8me \u00e9tape de la strat\u00e9gie de r\u00e9ouverture tr\u00e8s attendue des caf\u00e9s, restaurants et \u00e9tablissements sportifs. Infos sur le pass sanitaire.","breadcrumb":{"@id":"https:\/\/thiant.fr\/wordpress\/jeunesse\/2021\/06\/11\/covid-19-point-sur-la-situation-au-9-juin-2021\/#breadcrumb"},"inLanguage":"fr-FR","potentialAction":[{"@type":"ReadAction","target":["https:\/\/thiant.fr\/wordpress\/jeunesse\/2021\/06\/11\/covid-19-point-sur-la-situation-au-9-juin-2021\/"]}]},{"@type":"ImageObject","inLanguage":"fr-FR","@id":"https:\/\/thiant.fr\/wordpress\/jeunesse\/2021\/06\/11\/covid-19-point-sur-la-situation-au-9-juin-2021\/#primaryimage","url":"https:\/\/thiant.fr\/wordpress\/jeunesse\/wp-content\/uploads\/sites\/2\/2021\/06\/montage.png","contentUrl":"https:\/\/thiant.fr\/wordpress\/jeunesse\/wp-content\/uploads\/sites\/2\/2021\/06\/montage.png","width":700,"height":525},{"@type":"BreadcrumbList","@id":"https:\/\/thiant.fr\/wordpress\/jeunesse\/2021\/06\/11\/covid-19-point-sur-la-situation-au-9-juin-2021\/#breadcrumb","itemListElement":[{"@type":"ListItem","position":1,"name":"Accueil","item":"https:\/\/thiant.fr\/wordpress\/jeunesse\/"},{"@type":"ListItem","position":2,"name":"COVID-19 : Point sur la situation au 9 juin 2021"}]},{"@type":"WebSite","@id":"https:\/\/thiant.fr\/wordpress\/jeunesse\/#website","url":"https:\/\/thiant.fr\/wordpress\/jeunesse\/","name":"Espace jeunesse du site officiel de la Ville de Thiant","description":"","publisher":{"@id":"https:\/\/thiant.fr\/wordpress\/jeunesse\/#organization"},"potentialAction":[{"@type":"SearchAction","target":{"@type":"EntryPoint","urlTemplate":"https:\/\/thiant.fr\/wordpress\/jeunesse\/?s={search_term_string}"},"query-input":{"@type":"PropertyValueSpecification","valueRequired":true,"valueName":"search_term_string"}}],"inLanguage":"fr-FR"},{"@type":"Organization","@id":"https:\/\/thiant.fr\/wordpress\/jeunesse\/#organization","name":"Espace jeunesse du site officiel de la Ville de Thiant","url":"https:\/\/thiant.fr\/wordpress\/jeunesse\/","logo":{"@type":"ImageObject","inLanguage":"fr-FR","@id":"https:\/\/thiant.fr\/wordpress\/jeunesse\/#\/schema\/logo\/image\/","url":"https:\/\/thiant.fr\/wordpress\/jeunesse\/wp-content\/uploads\/sites\/2\/2019\/10\/Logo_jeunesse_02-1.png","contentUrl":"https:\/\/thiant.fr\/wordpress\/jeunesse\/wp-content\/uploads\/sites\/2\/2019\/10\/Logo_jeunesse_02-1.png","width":384,"height":203,"caption":"Espace jeunesse du site officiel de la Ville de Thiant"},"image":{"@id":"https:\/\/thiant.fr\/wordpress\/jeunesse\/#\/schema\/logo\/image\/"},"sameAs":["https:\/\/www.facebook.com\/commune.thiant.1"]},{"@type":"Person","@id":"https:\/\/thiant.fr\/wordpress\/jeunesse\/#\/schema\/person\/f41122130d18c0720657431d990451c6","name":"Service communication","image":{"@type":"ImageObject","inLanguage":"fr-FR","@id":"https:\/\/thiant.fr\/wordpress\/jeunesse\/wp-content\/litespeed\/avatar\/2\/eeb9098e5269f97d4e67fcd6f533ccb1.jpg?ver=1777455838","url":"https:\/\/thiant.fr\/wordpress\/jeunesse\/wp-content\/litespeed\/avatar\/2\/eeb9098e5269f97d4e67fcd6f533ccb1.jpg?ver=1777455838","contentUrl":"https:\/\/thiant.fr\/wordpress\/jeunesse\/wp-content\/litespeed\/avatar\/2\/eeb9098e5269f97d4e67fcd6f533ccb1.jpg?ver=1777455838","caption":"Service communication"},"url":"https:\/\/thiant.fr\/wordpress\/jeunesse\/author\/adminwpress\/"}]}},"_links":{"self":[{"href":"https:\/\/thiant.fr\/wordpress\/jeunesse\/wp-json\/wp\/v2\/posts\/921","targetHints":{"allow":["GET"]}}],"collection":[{"href":"https:\/\/thiant.fr\/wordpress\/jeunesse\/wp-json\/wp\/v2\/posts"}],"about":[{"href":"https:\/\/thiant.fr\/wordpress\/jeunesse\/wp-json\/wp\/v2\/types\/post"}],"author":[{"embeddable":true,"href":"https:\/\/thiant.fr\/wordpress\/jeunesse\/wp-json\/wp\/v2\/users\/1"}],"replies":[{"embeddable":true,"href":"https:\/\/thiant.fr\/wordpress\/jeunesse\/wp-json\/wp\/v2\/comments?post=921"}],"version-history":[{"count":1,"href":"https:\/\/thiant.fr\/wordpress\/jeunesse\/wp-json\/wp\/v2\/posts\/921\/revisions"}],"predecessor-version":[{"id":923,"href":"https:\/\/thiant.fr\/wordpress\/jeunesse\/wp-json\/wp\/v2\/posts\/921\/revisions\/923"}],"wp:featuredmedia":[{"embeddable":true,"href":"https:\/\/thiant.fr\/wordpress\/jeunesse\/wp-json\/wp\/v2\/media\/922"}],"wp:attachment":[{"href":"https:\/\/thiant.fr\/wordpress\/jeunesse\/wp-json\/wp\/v2\/media?parent=921"}],"wp:term":[{"taxonomy":"category","embeddable":true,"href":"https:\/\/thiant.fr\/wordpress\/jeunesse\/wp-json\/wp\/v2\/categories?post=921"},{"taxonomy":"post_tag","embeddable":true,"href":"https:\/\/thiant.fr\/wordpress\/jeunesse\/wp-json\/wp\/v2\/tags?post=921"}],"curies":[{"name":"wp","href":"https:\/\/api.w.org\/{rel}","templated":true}]}}