{"id":947,"date":"2021-06-21T15:21:43","date_gmt":"2021-06-21T13:21:43","guid":{"rendered":"https:\/\/thiant.fr\/wordpress\/jeunesse\/?p=947"},"modified":"2021-06-21T15:33:39","modified_gmt":"2021-06-21T13:33:39","slug":"operation-anti-rodeo","status":"publish","type":"post","link":"https:\/\/thiant.fr\/wordpress\/jeunesse\/2021\/06\/21\/operation-anti-rodeo\/","title":{"rendered":"Op\u00e9ration anti rod\u00e9o"},"content":{"rendered":"\t\t<div data-elementor-type=\"wp-post\" data-elementor-id=\"947\" class=\"elementor elementor-947\">\n\t\t\t\t\t\t<section class=\"elementor-section elementor-top-section elementor-element elementor-element-fb8acba elementor-section-boxed elementor-section-height-default elementor-section-height-default\" data-id=\"fb8acba\" data-element_type=\"section\" data-e-type=\"section\">\n\t\t\t\t\t\t<div class=\"elementor-container elementor-column-gap-default\">\n\t\t\t\t\t<div class=\"elementor-column elementor-col-33 elementor-top-column elementor-element elementor-element-305dada\" data-id=\"305dada\" data-element_type=\"column\" data-e-type=\"column\">\n\t\t\t<div class=\"elementor-widget-wrap elementor-element-populated\">\n\t\t\t\t\t\t<div class=\"elementor-element elementor-element-0b2e06b elementor-widget elementor-widget-image\" data-id=\"0b2e06b\" data-element_type=\"widget\" data-e-type=\"widget\" data-widget_type=\"image.default\">\n\t\t\t\t<div class=\"elementor-widget-container\">\n\t\t\t\t\t\t\t\t\t\t\t\t\t\t\t<img decoding=\"async\" src=\"https:\/\/thiant.fr\/wordpress\/wp-content\/uploads\/2021\/06\/ministere-interieur.png\" title=\"\" alt=\"\" loading=\"lazy\" \/>\t\t\t\t\t\t\t\t\t\t\t\t\t\t\t<\/div>\n\t\t\t\t<\/div>\n\t\t\t\t<div class=\"elementor-element elementor-element-17f6220 elementor-widget elementor-widget-image\" data-id=\"17f6220\" data-element_type=\"widget\" data-e-type=\"widget\" data-widget_type=\"image.default\">\n\t\t\t\t<div class=\"elementor-widget-container\">\n\t\t\t\t\t\t\t\t\t\t\t\t\t\t\t<img decoding=\"async\" src=\"https:\/\/thiant.fr\/wordpress\/wp-content\/uploads\/2021\/06\/police-nationale.png\" title=\"\" alt=\"\" loading=\"lazy\" \/>\t\t\t\t\t\t\t\t\t\t\t\t\t\t\t<\/div>\n\t\t\t\t<\/div>\n\t\t\t\t\t<\/div>\n\t\t<\/div>\n\t\t\t\t<div class=\"elementor-column elementor-col-66 elementor-top-column elementor-element elementor-element-09527ec\" data-id=\"09527ec\" data-element_type=\"column\" data-e-type=\"column\">\n\t\t\t<div class=\"elementor-widget-wrap elementor-element-populated\">\n\t\t\t\t\t\t<div class=\"elementor-element elementor-element-7f975dd elementor-widget elementor-widget-text-editor\" data-id=\"7f975dd\" data-element_type=\"widget\" data-e-type=\"widget\" data-widget_type=\"text-editor.default\">\n\t\t\t\t<div class=\"elementor-widget-container\">\n\t\t\t\t\t\t\t\t\t<p><span style=\"color: #333333;\">La p\u00e9riode actuelle est propice au ph\u00e9nom\u00e8ne de rod\u00e9os urbains. La multiplication de ces comportements engendre des d\u00e9sagr\u00e9ments pour nos concitoyens, outre le fait qu\u2019elle constitue un risque de troubles graves \u00e0 l\u2019ordre public, pouvant aller jusqu\u2019\u00e0 des drames humains.<\/span><\/p><p><span style=\"color: #333333;\">Dans ce contexte, conform\u00e9ment \u00e0 l\u2019action r\u00e9solue d\u00e9j\u00e0 engag\u00e9e, ayant conduit, lors des op\u00e9rations men\u00e9es, au retrait de pr\u00e8s d\u2019une vingtaine de v\u00e9hicules, <strong>un renforcement de la lutte contre ce ph\u00e9nom\u00e8ne va \u00eatre op\u00e9r\u00e9 d\u00e8s aujourd\u2019hui, 18 juin,<\/strong> sur le ressort de l\u2019agglom\u00e9ration de police, et plus particuli\u00e8rement <strong>sur les territoires les plus impact\u00e9s par ce ph\u00e9nom\u00e8ne.<\/strong><\/span><\/p><p><span style=\"color: #333333;\"><strong>La loi du 03 ao\u00fbt 2018 constitue un outil d\u00e9di\u00e9 \u00e0 la r\u00e9pression des rod\u00e9os<\/strong> : les articles L236-1, L 236-2 et L 236-3 du code de la route qui en sont issus permettent de r\u00e9primer toute conduite d\u2019un v\u00e9hicule terrestre \u00e0 moteur, s\u2019il est cumulativement constat\u00e9 :<\/span><\/p><p style=\"padding-left: 40px;\"><span style=\"color: #333333;\">&#8211; des man\u0153uvres r\u00e9p\u00e9t\u00e9es et intentionnelles constituant des violations d\u2019obligations particuli\u00e8res de s\u00e9curit\u00e9 et de prudence pr\u00e9vues par le code de la route ;<\/span><br \/><span style=\"color: #333333;\">&#8211; une violation d\u2019obligations particuli\u00e8res de s\u00e9curit\u00e9 et de prudence et de s\u00e9curit\u00e9 de nature \u00e0 compromettre la s\u00e9curit\u00e9 des usagers de la route ou de troubler la tranquillit\u00e9 publique.<\/span><\/p><p><span style=\"color: #333333;\">Ce d\u00e9lit est <strong>puni d\u2019un an de prison et de 30 000 euros d\u2019amende.<\/strong> Les peines sont port\u00e9es \u00e0 <strong>deux ans d\u2019emprisonnement et 30 000 euros d\u2019amende<\/strong> lorsque les faits sont commis en r\u00e9union, et \u00e0 <strong>3 ans d\u2019emprisonnement et 45 000 euros d\u2019amende<\/strong> en cas de circonstances aggravantes (usage de stup\u00e9fiants, \u00e9tat alcoolique, conducteur non titulaire du permis de conduire).<\/span><\/p><p><span style=\"color: #333333;\">En outre <strong>l\u2019incitation<\/strong> \u00e0 commettre un rod\u00e9o constitue \u00e9galement un d\u00e9lit <strong>puni de deux ans d\u2019emprisonnement et de 30 000 euros d\u2019amende.<\/strong><\/span><\/p><p><span style=\"color: #333333;\">Pour l\u2019ensemble de ces infractions, la<strong> confiscation obligatoire du v\u00e9hicule,<\/strong> qu\u2019il appartienne ou non \u00e0 l\u2019auteur des faits, est pr\u00e9vue \u00e0 titre de peine compl\u00e9mentaire.<\/span><\/p><p><span style=\"color: #333333;\">Dans le cadre de la judiciarisation recherch\u00e9e de ce type de comportement d\u00e9linquant, et afin de garantir la s\u00e9curit\u00e9 en intervention des agents, et bien \u00e9videmment celle de nos concitoyens,<strong> l\u2019usage des moyens vid\u00e9o sera optimis\u00e9 en ce sens, de m\u00eame que la collecte de tout \u00e9l\u00e9ment d\u2019information<\/strong> visant \u00e0 identifier les auteurs.<\/span><\/p><p><span style=\"color: #333333;\"><strong>Ces dispositions seront appliqu\u00e9es \u00e0 l\u2019encontre de tout auteur de rod\u00e9o urbain identifi\u00e9<\/strong>, qu\u2019il s\u2019agisse d\u2019un deux roues, d\u2019un quad ou d\u2019un v\u00e9hicule \u00e0 4 roues.<\/span><\/p><p><span style=\"color: #333333;\">Ainsi <strong>vendredi 18 juin une op\u00e9ration aura lieu sur le secteur de Denain \u00e0 compter de 16H30<\/strong> puis, sur <strong>Valenciennes, le samedi 19 juin \u00e0 compter de 18H00.<\/strong> Des<strong> op\u00e9rations<\/strong> seront ensuite programm\u00e9es syst\u00e9matiquement <strong>chaque week-end<\/strong> mais \u00e9galement <strong>en semaine sur les lieux identifi\u00e9s<\/strong> en lien avec les mairies et les polices municipales.<\/span><\/p>\t\t\t\t\t\t\t\t<\/div>\n\t\t\t\t<\/div>\n\t\t\t\t\t<\/div>\n\t\t<\/div>\n\t\t\t\t\t<\/div>\n\t\t<\/section>\n\t\t\t\t<\/div>\n\t\t","protected":false},"excerpt":{"rendered":"<p>La p\u00e9riode actuelle est propice au ph\u00e9nom\u00e8ne de rod\u00e9os urbains. La multiplication de ces comportements engendre des d\u00e9sagr\u00e9ments pour nos concitoyens, outre le fait qu\u2019elle constitue un risque de troubles graves \u00e0 l\u2019ordre public, pouvant aller jusqu\u2019\u00e0 des drames humains. Dans ce contexte, conform\u00e9ment \u00e0 l\u2019action r\u00e9solue d\u00e9j\u00e0 engag\u00e9e, ayant conduit, lors des op\u00e9rations men\u00e9es, [&hellip;]<\/p>\n","protected":false},"author":1,"featured_media":948,"comment_status":"closed","ping_status":"closed","sticky":false,"template":"","format":"standard","meta":{"_crdt_document":"","ocean_post_layout":"","ocean_both_sidebars_style":"","ocean_both_sidebars_content_width":0,"ocean_both_sidebars_sidebars_width":0,"ocean_sidebar":"0","ocean_second_sidebar":"0","ocean_disable_margins":"enable","ocean_add_body_class":"","ocean_shortcode_before_top_bar":"","ocean_shortcode_after_top_bar":"","ocean_shortcode_before_header":"","ocean_shortcode_after_header":"","ocean_has_shortcode":"","ocean_shortcode_after_title":"","ocean_shortcode_before_footer_widgets":"","ocean_shortcode_after_footer_widgets":"","ocean_shortcode_before_footer_bottom":"","ocean_shortcode_after_footer_bottom":"","ocean_display_top_bar":"default","ocean_display_header":"default","ocean_header_style":"","ocean_center_header_left_menu":"0","ocean_custom_header_template":"0","ocean_custom_logo":0,"ocean_custom_retina_logo":0,"ocean_custom_logo_max_width":0,"ocean_custom_logo_tablet_max_width":0,"ocean_custom_logo_mobile_max_width":0,"ocean_custom_logo_max_height":0,"ocean_custom_logo_tablet_max_height":0,"ocean_custom_logo_mobile_max_height":0,"ocean_header_custom_menu":"0","ocean_menu_typo_font_family":"0","ocean_menu_typo_font_subset":"","ocean_menu_typo_font_size":0,"ocean_menu_typo_font_size_tablet":0,"ocean_menu_typo_font_size_mobile":0,"ocean_menu_typo_font_size_unit":"px","ocean_menu_typo_font_weight":"","ocean_menu_typo_font_weight_tablet":"","ocean_menu_typo_font_weight_mobile":"","ocean_menu_typo_transform":"","ocean_menu_typo_transform_tablet":"","ocean_menu_typo_transform_mobile":"","ocean_menu_typo_line_height":0,"ocean_menu_typo_line_height_tablet":0,"ocean_menu_typo_line_height_mobile":0,"ocean_menu_typo_line_height_unit":"","ocean_menu_typo_spacing":0,"ocean_menu_typo_spacing_tablet":0,"ocean_menu_typo_spacing_mobile":0,"ocean_menu_typo_spacing_unit":"","ocean_menu_link_color":"","ocean_menu_link_color_hover":"","ocean_menu_link_color_active":"","ocean_menu_link_background":"","ocean_menu_link_hover_background":"","ocean_menu_link_active_background":"","ocean_menu_social_links_bg":"","ocean_menu_social_hover_links_bg":"","ocean_menu_social_links_color":"","ocean_menu_social_hover_links_color":"","ocean_disable_title":"default","ocean_disable_heading":"default","ocean_post_title":"","ocean_post_subheading":"","ocean_post_title_style":"","ocean_post_title_background_color":"","ocean_post_title_background":0,"ocean_post_title_bg_image_position":"","ocean_post_title_bg_image_attachment":"","ocean_post_title_bg_image_repeat":"","ocean_post_title_bg_image_size":"","ocean_post_title_height":0,"ocean_post_title_bg_overlay":0.5,"ocean_post_title_bg_overlay_color":"","ocean_disable_breadcrumbs":"default","ocean_breadcrumbs_color":"","ocean_breadcrumbs_separator_color":"","ocean_breadcrumbs_links_color":"","ocean_breadcrumbs_links_hover_color":"","ocean_display_footer_widgets":"default","ocean_display_footer_bottom":"default","ocean_custom_footer_template":"0","ocean_post_oembed":"","ocean_post_self_hosted_media":"","ocean_post_video_embed":"","ocean_link_format":"","ocean_link_format_target":"self","ocean_quote_format":"","ocean_quote_format_link":"post","ocean_gallery_link_images":"off","ocean_gallery_id":[],"footnotes":""},"categories":[57],"tags":[376,377,378,379,380,381,382,383],"class_list":["post-947","post","type-post","status-publish","format-standard","has-post-thumbnail","hentry","category-securite","tag-delit","tag-ministere-de-linterieur","tag-operation","tag-operation-anti-rodeo","tag-police-nationale","tag-rodeo","tag-sauvage","tag-voiture","entry","has-media"],"yoast_head":"<!-- This site is optimized with the Yoast SEO plugin v27.3 - https:\/\/yoast.com\/product\/yoast-seo-wordpress\/ -->\n<title>Op\u00e9ration anti rod\u00e9o - Espace jeunesse du site officiel de la Ville de Thiant<\/title>\n<meta name=\"description\" content=\"Sur Denain et Valenciennes \u00e0 partir du 18 juin, le week-end et en semaine sur les lieux identifi\u00e9s, en lien avec mairies et polices municipales.\" \/>\n<meta name=\"robots\" content=\"index, follow, max-snippet:-1, max-image-preview:large, max-video-preview:-1\" \/>\n<link rel=\"canonical\" href=\"https:\/\/thiant.fr\/wordpress\/jeunesse\/2021\/06\/21\/operation-anti-rodeo\/\" \/>\n<meta property=\"og:locale\" content=\"fr_FR\" \/>\n<meta property=\"og:type\" content=\"article\" \/>\n<meta property=\"og:title\" content=\"Op\u00e9ration anti rod\u00e9o - Espace jeunesse du site officiel de la Ville de Thiant\" \/>\n<meta property=\"og:description\" content=\"Sur Denain et Valenciennes \u00e0 partir du 18 juin, le week-end et en semaine sur les lieux identifi\u00e9s, en lien avec mairies et polices municipales.\" \/>\n<meta property=\"og:url\" content=\"https:\/\/thiant.fr\/wordpress\/jeunesse\/2021\/06\/21\/operation-anti-rodeo\/\" \/>\n<meta property=\"og:site_name\" content=\"Espace jeunesse du site officiel de la Ville de Thiant\" \/>\n<meta property=\"article:publisher\" content=\"https:\/\/www.facebook.com\/commune.thiant.1\" \/>\n<meta property=\"article:published_time\" content=\"2021-06-21T13:21:43+00:00\" \/>\n<meta property=\"article:modified_time\" content=\"2021-06-21T13:33:39+00:00\" \/>\n<meta property=\"og:image\" content=\"https:\/\/thiant.fr\/wordpress\/jeunesse\/wp-content\/uploads\/sites\/2\/2021\/06\/auto-rodeo.png\" \/>\n\t<meta property=\"og:image:width\" content=\"730\" \/>\n\t<meta property=\"og:image:height\" content=\"315\" \/>\n\t<meta property=\"og:image:type\" content=\"image\/png\" \/>\n<meta name=\"author\" content=\"Service communication\" \/>\n<meta name=\"twitter:card\" content=\"summary_large_image\" \/>\n<meta name=\"twitter:label1\" content=\"\u00c9crit par\" \/>\n\t<meta name=\"twitter:data1\" content=\"Service communication\" \/>\n\t<meta name=\"twitter:label2\" content=\"Dur\u00e9e de lecture estim\u00e9e\" \/>\n\t<meta name=\"twitter:data2\" content=\"3 minutes\" \/>\n<script type=\"application\/ld+json\" class=\"yoast-schema-graph\">{\"@context\":\"https:\\\/\\\/schema.org\",\"@graph\":[{\"@type\":\"Article\",\"@id\":\"https:\\\/\\\/thiant.fr\\\/wordpress\\\/jeunesse\\\/2021\\\/06\\\/21\\\/operation-anti-rodeo\\\/#article\",\"isPartOf\":{\"@id\":\"https:\\\/\\\/thiant.fr\\\/wordpress\\\/jeunesse\\\/2021\\\/06\\\/21\\\/operation-anti-rodeo\\\/\"},\"author\":{\"name\":\"Service communication\",\"@id\":\"https:\\\/\\\/thiant.fr\\\/wordpress\\\/jeunesse\\\/#\\\/schema\\\/person\\\/f41122130d18c0720657431d990451c6\"},\"headline\":\"Op\u00e9ration anti rod\u00e9o\",\"datePublished\":\"2021-06-21T13:21:43+00:00\",\"dateModified\":\"2021-06-21T13:33:39+00:00\",\"mainEntityOfPage\":{\"@id\":\"https:\\\/\\\/thiant.fr\\\/wordpress\\\/jeunesse\\\/2021\\\/06\\\/21\\\/operation-anti-rodeo\\\/\"},\"wordCount\":505,\"publisher\":{\"@id\":\"https:\\\/\\\/thiant.fr\\\/wordpress\\\/jeunesse\\\/#organization\"},\"image\":{\"@id\":\"https:\\\/\\\/thiant.fr\\\/wordpress\\\/jeunesse\\\/2021\\\/06\\\/21\\\/operation-anti-rodeo\\\/#primaryimage\"},\"thumbnailUrl\":\"https:\\\/\\\/thiant.fr\\\/wordpress\\\/jeunesse\\\/wp-content\\\/uploads\\\/sites\\\/2\\\/2021\\\/06\\\/auto-rodeo.png\",\"keywords\":[\"d\u00e9lit\",\"minist\u00e8re de l&#039;int\u00e9rieur\",\"op\u00e9ration\",\"op\u00e9ration anti rod\u00e9o\",\"police nationale\",\"rod\u00e9o\",\"sauvage\",\"voiture\"],\"articleSection\":[\"s\u00e9curit\u00e9\"],\"inLanguage\":\"fr-FR\"},{\"@type\":\"WebPage\",\"@id\":\"https:\\\/\\\/thiant.fr\\\/wordpress\\\/jeunesse\\\/2021\\\/06\\\/21\\\/operation-anti-rodeo\\\/\",\"url\":\"https:\\\/\\\/thiant.fr\\\/wordpress\\\/jeunesse\\\/2021\\\/06\\\/21\\\/operation-anti-rodeo\\\/\",\"name\":\"Op\u00e9ration anti rod\u00e9o - Espace jeunesse du site officiel de la Ville de Thiant\",\"isPartOf\":{\"@id\":\"https:\\\/\\\/thiant.fr\\\/wordpress\\\/jeunesse\\\/#website\"},\"primaryImageOfPage\":{\"@id\":\"https:\\\/\\\/thiant.fr\\\/wordpress\\\/jeunesse\\\/2021\\\/06\\\/21\\\/operation-anti-rodeo\\\/#primaryimage\"},\"image\":{\"@id\":\"https:\\\/\\\/thiant.fr\\\/wordpress\\\/jeunesse\\\/2021\\\/06\\\/21\\\/operation-anti-rodeo\\\/#primaryimage\"},\"thumbnailUrl\":\"https:\\\/\\\/thiant.fr\\\/wordpress\\\/jeunesse\\\/wp-content\\\/uploads\\\/sites\\\/2\\\/2021\\\/06\\\/auto-rodeo.png\",\"datePublished\":\"2021-06-21T13:21:43+00:00\",\"dateModified\":\"2021-06-21T13:33:39+00:00\",\"description\":\"Sur Denain et Valenciennes \u00e0 partir du 18 juin, le week-end et en semaine sur les lieux identifi\u00e9s, en lien avec mairies et polices municipales.\",\"breadcrumb\":{\"@id\":\"https:\\\/\\\/thiant.fr\\\/wordpress\\\/jeunesse\\\/2021\\\/06\\\/21\\\/operation-anti-rodeo\\\/#breadcrumb\"},\"inLanguage\":\"fr-FR\",\"potentialAction\":[{\"@type\":\"ReadAction\",\"target\":[\"https:\\\/\\\/thiant.fr\\\/wordpress\\\/jeunesse\\\/2021\\\/06\\\/21\\\/operation-anti-rodeo\\\/\"]}]},{\"@type\":\"ImageObject\",\"inLanguage\":\"fr-FR\",\"@id\":\"https:\\\/\\\/thiant.fr\\\/wordpress\\\/jeunesse\\\/2021\\\/06\\\/21\\\/operation-anti-rodeo\\\/#primaryimage\",\"url\":\"https:\\\/\\\/thiant.fr\\\/wordpress\\\/jeunesse\\\/wp-content\\\/uploads\\\/sites\\\/2\\\/2021\\\/06\\\/auto-rodeo.png\",\"contentUrl\":\"https:\\\/\\\/thiant.fr\\\/wordpress\\\/jeunesse\\\/wp-content\\\/uploads\\\/sites\\\/2\\\/2021\\\/06\\\/auto-rodeo.png\",\"width\":730,\"height\":315},{\"@type\":\"BreadcrumbList\",\"@id\":\"https:\\\/\\\/thiant.fr\\\/wordpress\\\/jeunesse\\\/2021\\\/06\\\/21\\\/operation-anti-rodeo\\\/#breadcrumb\",\"itemListElement\":[{\"@type\":\"ListItem\",\"position\":1,\"name\":\"Accueil\",\"item\":\"https:\\\/\\\/thiant.fr\\\/wordpress\\\/jeunesse\\\/\"},{\"@type\":\"ListItem\",\"position\":2,\"name\":\"Op\u00e9ration anti rod\u00e9o\"}]},{\"@type\":\"WebSite\",\"@id\":\"https:\\\/\\\/thiant.fr\\\/wordpress\\\/jeunesse\\\/#website\",\"url\":\"https:\\\/\\\/thiant.fr\\\/wordpress\\\/jeunesse\\\/\",\"name\":\"Espace jeunesse du site officiel de la Ville de Thiant\",\"description\":\"\",\"publisher\":{\"@id\":\"https:\\\/\\\/thiant.fr\\\/wordpress\\\/jeunesse\\\/#organization\"},\"potentialAction\":[{\"@type\":\"SearchAction\",\"target\":{\"@type\":\"EntryPoint\",\"urlTemplate\":\"https:\\\/\\\/thiant.fr\\\/wordpress\\\/jeunesse\\\/?s={search_term_string}\"},\"query-input\":{\"@type\":\"PropertyValueSpecification\",\"valueRequired\":true,\"valueName\":\"search_term_string\"}}],\"inLanguage\":\"fr-FR\"},{\"@type\":\"Organization\",\"@id\":\"https:\\\/\\\/thiant.fr\\\/wordpress\\\/jeunesse\\\/#organization\",\"name\":\"Espace jeunesse du site officiel de la Ville de Thiant\",\"url\":\"https:\\\/\\\/thiant.fr\\\/wordpress\\\/jeunesse\\\/\",\"logo\":{\"@type\":\"ImageObject\",\"inLanguage\":\"fr-FR\",\"@id\":\"https:\\\/\\\/thiant.fr\\\/wordpress\\\/jeunesse\\\/#\\\/schema\\\/logo\\\/image\\\/\",\"url\":\"https:\\\/\\\/thiant.fr\\\/wordpress\\\/jeunesse\\\/wp-content\\\/uploads\\\/sites\\\/2\\\/2019\\\/10\\\/Logo_jeunesse_02-1.png\",\"contentUrl\":\"https:\\\/\\\/thiant.fr\\\/wordpress\\\/jeunesse\\\/wp-content\\\/uploads\\\/sites\\\/2\\\/2019\\\/10\\\/Logo_jeunesse_02-1.png\",\"width\":384,\"height\":203,\"caption\":\"Espace jeunesse du site officiel de la Ville de Thiant\"},\"image\":{\"@id\":\"https:\\\/\\\/thiant.fr\\\/wordpress\\\/jeunesse\\\/#\\\/schema\\\/logo\\\/image\\\/\"},\"sameAs\":[\"https:\\\/\\\/www.facebook.com\\\/commune.thiant.1\"]},{\"@type\":\"Person\",\"@id\":\"https:\\\/\\\/thiant.fr\\\/wordpress\\\/jeunesse\\\/#\\\/schema\\\/person\\\/f41122130d18c0720657431d990451c6\",\"name\":\"Service communication\",\"image\":{\"@type\":\"ImageObject\",\"inLanguage\":\"fr-FR\",\"@id\":\"https:\\\/\\\/thiant.fr\\\/wordpress\\\/jeunesse\\\/wp-content\\\/litespeed\\\/avatar\\\/2\\\/eeb9098e5269f97d4e67fcd6f533ccb1.jpg?ver=1777455838\",\"url\":\"https:\\\/\\\/thiant.fr\\\/wordpress\\\/jeunesse\\\/wp-content\\\/litespeed\\\/avatar\\\/2\\\/eeb9098e5269f97d4e67fcd6f533ccb1.jpg?ver=1777455838\",\"contentUrl\":\"https:\\\/\\\/thiant.fr\\\/wordpress\\\/jeunesse\\\/wp-content\\\/litespeed\\\/avatar\\\/2\\\/eeb9098e5269f97d4e67fcd6f533ccb1.jpg?ver=1777455838\",\"caption\":\"Service communication\"},\"url\":\"https:\\\/\\\/thiant.fr\\\/wordpress\\\/jeunesse\\\/author\\\/adminwpress\\\/\"}]}<\/script>\n<!-- \/ Yoast SEO plugin. -->","yoast_head_json":{"title":"Op\u00e9ration anti rod\u00e9o - Espace jeunesse du site officiel de la Ville de Thiant","description":"Sur Denain et Valenciennes \u00e0 partir du 18 juin, le week-end et en semaine sur les lieux identifi\u00e9s, en lien avec mairies et polices municipales.","robots":{"index":"index","follow":"follow","max-snippet":"max-snippet:-1","max-image-preview":"max-image-preview:large","max-video-preview":"max-video-preview:-1"},"canonical":"https:\/\/thiant.fr\/wordpress\/jeunesse\/2021\/06\/21\/operation-anti-rodeo\/","og_locale":"fr_FR","og_type":"article","og_title":"Op\u00e9ration anti rod\u00e9o - Espace jeunesse du site officiel de la Ville de Thiant","og_description":"Sur Denain et Valenciennes \u00e0 partir du 18 juin, le week-end et en semaine sur les lieux identifi\u00e9s, en lien avec mairies et polices municipales.","og_url":"https:\/\/thiant.fr\/wordpress\/jeunesse\/2021\/06\/21\/operation-anti-rodeo\/","og_site_name":"Espace jeunesse du site officiel de la Ville de Thiant","article_publisher":"https:\/\/www.facebook.com\/commune.thiant.1","article_published_time":"2021-06-21T13:21:43+00:00","article_modified_time":"2021-06-21T13:33:39+00:00","og_image":[{"width":730,"height":315,"url":"https:\/\/thiant.fr\/wordpress\/jeunesse\/wp-content\/uploads\/sites\/2\/2021\/06\/auto-rodeo.png","type":"image\/png"}],"author":"Service communication","twitter_card":"summary_large_image","twitter_misc":{"\u00c9crit par":"Service communication","Dur\u00e9e de lecture estim\u00e9e":"3 minutes"},"schema":{"@context":"https:\/\/schema.org","@graph":[{"@type":"Article","@id":"https:\/\/thiant.fr\/wordpress\/jeunesse\/2021\/06\/21\/operation-anti-rodeo\/#article","isPartOf":{"@id":"https:\/\/thiant.fr\/wordpress\/jeunesse\/2021\/06\/21\/operation-anti-rodeo\/"},"author":{"name":"Service communication","@id":"https:\/\/thiant.fr\/wordpress\/jeunesse\/#\/schema\/person\/f41122130d18c0720657431d990451c6"},"headline":"Op\u00e9ration anti rod\u00e9o","datePublished":"2021-06-21T13:21:43+00:00","dateModified":"2021-06-21T13:33:39+00:00","mainEntityOfPage":{"@id":"https:\/\/thiant.fr\/wordpress\/jeunesse\/2021\/06\/21\/operation-anti-rodeo\/"},"wordCount":505,"publisher":{"@id":"https:\/\/thiant.fr\/wordpress\/jeunesse\/#organization"},"image":{"@id":"https:\/\/thiant.fr\/wordpress\/jeunesse\/2021\/06\/21\/operation-anti-rodeo\/#primaryimage"},"thumbnailUrl":"https:\/\/thiant.fr\/wordpress\/jeunesse\/wp-content\/uploads\/sites\/2\/2021\/06\/auto-rodeo.png","keywords":["d\u00e9lit","minist\u00e8re de l&#039;int\u00e9rieur","op\u00e9ration","op\u00e9ration anti rod\u00e9o","police nationale","rod\u00e9o","sauvage","voiture"],"articleSection":["s\u00e9curit\u00e9"],"inLanguage":"fr-FR"},{"@type":"WebPage","@id":"https:\/\/thiant.fr\/wordpress\/jeunesse\/2021\/06\/21\/operation-anti-rodeo\/","url":"https:\/\/thiant.fr\/wordpress\/jeunesse\/2021\/06\/21\/operation-anti-rodeo\/","name":"Op\u00e9ration anti rod\u00e9o - Espace jeunesse du site officiel de la Ville de Thiant","isPartOf":{"@id":"https:\/\/thiant.fr\/wordpress\/jeunesse\/#website"},"primaryImageOfPage":{"@id":"https:\/\/thiant.fr\/wordpress\/jeunesse\/2021\/06\/21\/operation-anti-rodeo\/#primaryimage"},"image":{"@id":"https:\/\/thiant.fr\/wordpress\/jeunesse\/2021\/06\/21\/operation-anti-rodeo\/#primaryimage"},"thumbnailUrl":"https:\/\/thiant.fr\/wordpress\/jeunesse\/wp-content\/uploads\/sites\/2\/2021\/06\/auto-rodeo.png","datePublished":"2021-06-21T13:21:43+00:00","dateModified":"2021-06-21T13:33:39+00:00","description":"Sur Denain et Valenciennes \u00e0 partir du 18 juin, le week-end et en semaine sur les lieux identifi\u00e9s, en lien avec mairies et polices municipales.","breadcrumb":{"@id":"https:\/\/thiant.fr\/wordpress\/jeunesse\/2021\/06\/21\/operation-anti-rodeo\/#breadcrumb"},"inLanguage":"fr-FR","potentialAction":[{"@type":"ReadAction","target":["https:\/\/thiant.fr\/wordpress\/jeunesse\/2021\/06\/21\/operation-anti-rodeo\/"]}]},{"@type":"ImageObject","inLanguage":"fr-FR","@id":"https:\/\/thiant.fr\/wordpress\/jeunesse\/2021\/06\/21\/operation-anti-rodeo\/#primaryimage","url":"https:\/\/thiant.fr\/wordpress\/jeunesse\/wp-content\/uploads\/sites\/2\/2021\/06\/auto-rodeo.png","contentUrl":"https:\/\/thiant.fr\/wordpress\/jeunesse\/wp-content\/uploads\/sites\/2\/2021\/06\/auto-rodeo.png","width":730,"height":315},{"@type":"BreadcrumbList","@id":"https:\/\/thiant.fr\/wordpress\/jeunesse\/2021\/06\/21\/operation-anti-rodeo\/#breadcrumb","itemListElement":[{"@type":"ListItem","position":1,"name":"Accueil","item":"https:\/\/thiant.fr\/wordpress\/jeunesse\/"},{"@type":"ListItem","position":2,"name":"Op\u00e9ration anti rod\u00e9o"}]},{"@type":"WebSite","@id":"https:\/\/thiant.fr\/wordpress\/jeunesse\/#website","url":"https:\/\/thiant.fr\/wordpress\/jeunesse\/","name":"Espace jeunesse du site officiel de la Ville de Thiant","description":"","publisher":{"@id":"https:\/\/thiant.fr\/wordpress\/jeunesse\/#organization"},"potentialAction":[{"@type":"SearchAction","target":{"@type":"EntryPoint","urlTemplate":"https:\/\/thiant.fr\/wordpress\/jeunesse\/?s={search_term_string}"},"query-input":{"@type":"PropertyValueSpecification","valueRequired":true,"valueName":"search_term_string"}}],"inLanguage":"fr-FR"},{"@type":"Organization","@id":"https:\/\/thiant.fr\/wordpress\/jeunesse\/#organization","name":"Espace jeunesse du site officiel de la Ville de Thiant","url":"https:\/\/thiant.fr\/wordpress\/jeunesse\/","logo":{"@type":"ImageObject","inLanguage":"fr-FR","@id":"https:\/\/thiant.fr\/wordpress\/jeunesse\/#\/schema\/logo\/image\/","url":"https:\/\/thiant.fr\/wordpress\/jeunesse\/wp-content\/uploads\/sites\/2\/2019\/10\/Logo_jeunesse_02-1.png","contentUrl":"https:\/\/thiant.fr\/wordpress\/jeunesse\/wp-content\/uploads\/sites\/2\/2019\/10\/Logo_jeunesse_02-1.png","width":384,"height":203,"caption":"Espace jeunesse du site officiel de la Ville de Thiant"},"image":{"@id":"https:\/\/thiant.fr\/wordpress\/jeunesse\/#\/schema\/logo\/image\/"},"sameAs":["https:\/\/www.facebook.com\/commune.thiant.1"]},{"@type":"Person","@id":"https:\/\/thiant.fr\/wordpress\/jeunesse\/#\/schema\/person\/f41122130d18c0720657431d990451c6","name":"Service communication","image":{"@type":"ImageObject","inLanguage":"fr-FR","@id":"https:\/\/thiant.fr\/wordpress\/jeunesse\/wp-content\/litespeed\/avatar\/2\/eeb9098e5269f97d4e67fcd6f533ccb1.jpg?ver=1777455838","url":"https:\/\/thiant.fr\/wordpress\/jeunesse\/wp-content\/litespeed\/avatar\/2\/eeb9098e5269f97d4e67fcd6f533ccb1.jpg?ver=1777455838","contentUrl":"https:\/\/thiant.fr\/wordpress\/jeunesse\/wp-content\/litespeed\/avatar\/2\/eeb9098e5269f97d4e67fcd6f533ccb1.jpg?ver=1777455838","caption":"Service communication"},"url":"https:\/\/thiant.fr\/wordpress\/jeunesse\/author\/adminwpress\/"}]}},"_links":{"self":[{"href":"https:\/\/thiant.fr\/wordpress\/jeunesse\/wp-json\/wp\/v2\/posts\/947","targetHints":{"allow":["GET"]}}],"collection":[{"href":"https:\/\/thiant.fr\/wordpress\/jeunesse\/wp-json\/wp\/v2\/posts"}],"about":[{"href":"https:\/\/thiant.fr\/wordpress\/jeunesse\/wp-json\/wp\/v2\/types\/post"}],"author":[{"embeddable":true,"href":"https:\/\/thiant.fr\/wordpress\/jeunesse\/wp-json\/wp\/v2\/users\/1"}],"replies":[{"embeddable":true,"href":"https:\/\/thiant.fr\/wordpress\/jeunesse\/wp-json\/wp\/v2\/comments?post=947"}],"version-history":[{"count":2,"href":"https:\/\/thiant.fr\/wordpress\/jeunesse\/wp-json\/wp\/v2\/posts\/947\/revisions"}],"predecessor-version":[{"id":952,"href":"https:\/\/thiant.fr\/wordpress\/jeunesse\/wp-json\/wp\/v2\/posts\/947\/revisions\/952"}],"wp:featuredmedia":[{"embeddable":true,"href":"https:\/\/thiant.fr\/wordpress\/jeunesse\/wp-json\/wp\/v2\/media\/948"}],"wp:attachment":[{"href":"https:\/\/thiant.fr\/wordpress\/jeunesse\/wp-json\/wp\/v2\/media?parent=947"}],"wp:term":[{"taxonomy":"category","embeddable":true,"href":"https:\/\/thiant.fr\/wordpress\/jeunesse\/wp-json\/wp\/v2\/categories?post=947"},{"taxonomy":"post_tag","embeddable":true,"href":"https:\/\/thiant.fr\/wordpress\/jeunesse\/wp-json\/wp\/v2\/tags?post=947"}],"curies":[{"name":"wp","href":"https:\/\/api.w.org\/{rel}","templated":true}]}}