{"id":965,"date":"2021-07-02T13:30:59","date_gmt":"2021-07-02T11:30:59","guid":{"rendered":"https:\/\/thiant.fr\/wordpress\/jeunesse\/?p=965"},"modified":"2021-07-02T15:04:23","modified_gmt":"2021-07-02T13:04:23","slug":"covid-19-point-de-situation-au-1er-juillet","status":"publish","type":"post","link":"https:\/\/thiant.fr\/wordpress\/jeunesse\/2021\/07\/02\/covid-19-point-de-situation-au-1er-juillet\/","title":{"rendered":"COVID-19 : Point de situation au 1er juillet"},"content":{"rendered":"\t\t<div data-elementor-type=\"wp-post\" data-elementor-id=\"965\" class=\"elementor elementor-965\">\n\t\t\t\t\t\t<section class=\"elementor-section elementor-top-section elementor-element elementor-element-3154d57 elementor-section-boxed elementor-section-height-default elementor-section-height-default\" data-id=\"3154d57\" data-element_type=\"section\" data-e-type=\"section\">\n\t\t\t\t\t\t<div class=\"elementor-container elementor-column-gap-default\">\n\t\t\t\t\t<div class=\"elementor-column elementor-col-33 elementor-top-column elementor-element elementor-element-4245f7c\" data-id=\"4245f7c\" data-element_type=\"column\" data-e-type=\"column\">\n\t\t\t<div class=\"elementor-widget-wrap elementor-element-populated\">\n\t\t\t\t\t\t<div class=\"elementor-element elementor-element-038db38 elementor-widget elementor-widget-image\" data-id=\"038db38\" data-element_type=\"widget\" data-e-type=\"widget\" data-widget_type=\"image.default\">\n\t\t\t\t<div class=\"elementor-widget-container\">\n\t\t\t\t\t\t\t\t\t\t\t\t\t\t\t<img decoding=\"async\" src=\"https:\/\/thiant.fr\/wordpress\/wp-content\/uploads\/2021\/03\/Logo-Prefet-Nord.png\" title=\"\" alt=\"\" loading=\"lazy\" \/>\t\t\t\t\t\t\t\t\t\t\t\t\t\t\t<\/div>\n\t\t\t\t<\/div>\n\t\t\t\t\t<\/div>\n\t\t<\/div>\n\t\t\t\t<div class=\"elementor-column elementor-col-66 elementor-top-column elementor-element elementor-element-da4e2fe\" data-id=\"da4e2fe\" data-element_type=\"column\" data-e-type=\"column\">\n\t\t\t<div class=\"elementor-widget-wrap elementor-element-populated\">\n\t\t\t\t\t\t<div class=\"elementor-element elementor-element-89fa2d9 elementor-widget elementor-widget-text-editor\" data-id=\"89fa2d9\" data-element_type=\"widget\" data-e-type=\"widget\" data-widget_type=\"text-editor.default\">\n\t\t\t\t<div class=\"elementor-widget-container\">\n\t\t\t\t\t\t\t\t\t<h3><span style=\"color: #000080;\">1 \u2013 La 4\u00e8me \u00e9tape du calendrier d\u2019all\u00e9gement des mesures de freinage<\/span><\/h3><p style=\"padding-left: 40px;\"><span style=\"color: #333333;\">\u00c0 compter du 30 juin 2021, un certain nombre de restrictions sont all\u00e9g\u00e9es, voire lev\u00e9es <\/span><span style=\"color: #333333;\">quand d\u2019autres persistent :<\/span><br \/><span style=\"color: #333333;\">\u2022<strong> La fin des limitations de rassemblements en ext\u00e9rieurs sur la voie publique<\/strong><\/span><br \/><strong><span style=\"color: #333333;\">\u2022 Lev\u00e9e des limites de jauge dans les \u00e9tablissements recevant du public<\/span><\/strong><br \/><span style=\"color: #333333;\">(March\u00e9s, magasins de vente, mus\u00e9es, lieux de cultes)<\/span><br \/><span style=\"color: #333333;\">\u2192 Dans les bars et restaurants, la jauge est \u00e9galement lev\u00e9e mais l\u2019obligation de <\/span><span style=\"color: #333333;\">consommation assise demeure ;<\/span><br \/><span style=\"color: #333333;\">\u2192 Dans les cin\u00e9mas, salles de spectacles, th\u00e9\u00e2tres : il n\u2019y a plus de limitation de jauge<\/span> <span style=\"color: #333333;\">hormis en configuration debout. Dans ce cas, un protocole sanitaire adapt\u00e9 doit<\/span> <span style=\"color: #333333;\">\u00eatre appliqu\u00e9 ;<\/span><br \/><span style=\"color: #333333;\">\u2192 Pour les concerts : une jauge de 75 % s\u2019appliquera lorsque le public est debout, le <\/span><span style=\"color: #333333;\">port du masque sera obligatoire lorsque le pass sanitaire n\u2019est pas requis c\u2019est-\u00e0-dire <\/span><span style=\"color: #333333;\">lorsqu\u2019il y a moins de 1000 personnes.<\/span><br \/><span style=\"color: #333333;\">\u2022 <strong>Reprise pleine et enti\u00e8re de la pratique sportive (dont les sports de contact) et de<\/strong><\/span><strong> <span style=\"color: #333333;\">la comp\u00e9tition<\/span><\/strong><br \/><span style=\"color: #333333;\">\u2022 <strong>Le pass sanitaire,<\/strong> entr\u00e9 en vigueur le 9 juin, est obligatoire dans les \u00e9v\u00e9nements <\/span><span style=\"color: #333333;\">rassemblant plus de 1 000 personnes dans un \u00e9tablissement recevant du public. Il <\/span><span style=\"color: #333333;\">permet, d\u00e8s 11 ans, de v\u00e9rifier le statut vaccinal, le r\u00e9sultat d\u2019un test n\u00e9gatif ou le <\/span><span style=\"color: #333333;\">certificat de r\u00e9tablissement d\u2019une personne. Il peut \u00eatre utilis\u00e9 soit en format<\/span> <span style=\"color: #333333;\">num\u00e9rique via la fonctionnalit\u00e9 Carnet de l\u2019application TousAntiCovid soit en <\/span><span style=\"color: #333333;\">format papier en pr\u00e9sentant directement les diff\u00e9rents documents (test RT-PCR ou <\/span><span style=\"color: #333333;\">attestation de vaccination)<\/span><br \/><span style=\"color: #333333;\">\u2022 <strong>La r\u00e9ouverture des discoth\u00e8ques<\/strong> \u00e0 partir du 9 juillet avec un protocole sanitaire<\/span> <span style=\"color: #333333;\">adapt\u00e9. Le protocole sanitaire reste \u00e0 pr\u00e9ciser mais le pass sanitaire devrait \u00eatre <\/span><span style=\"color: #333333;\">n\u00e9cessaire pour entrer dans les \u00e9tablissements et une jauge de 75 % de la capacit\u00e9 <\/span><span style=\"color: #333333;\">de l\u2019ERP doit \u00eatre respect\u00e9e.<\/span><\/p><p style=\"padding-left: 40px;\"><strong><span style=\"color: #333333;\">Les mesures barri\u00e8res et de distanciation restent plus que jamais de mise.<\/span><\/strong><\/p><h3><span style=\"color: #000080;\">2- F\u00eate nationale du 14 juillet : le protocole \u00e0 appliquer<\/span><\/h3><p style=\"padding-left: 40px;\"><span style=\"color: #333333;\">Depuis le 30 juin, la limitation des rassemblements sur la voie publique est lev\u00e9e. Il sera <\/span><span style=\"color: #333333;\">possible de f\u00eater le 14 juillet mais dans le respect des r\u00e8gles de distanciation sociale et des <\/span><span style=\"color: #333333;\">gestes barri\u00e8res.<\/span><\/p><p style=\"padding-left: 40px;\"><span style=\"color: #333333;\">Le pass sanitaire sera exig\u00e9 pour les bals populaires et bals des pompiers se tenant dans des<\/span> <span style=\"color: #333333;\">\u00e9tablissements accueillant au moins 1 000 personnes ou dans des lieux ouverts au public <\/span><span style=\"color: #333333;\">donnant lieu \u00e0 un contr\u00f4le de l\u2019acc\u00e8s. \u00c0 l\u2019occasion des feux d\u2019artifice, le pass sanitaire ne <\/span><span style=\"color: #333333;\">s\u2019applique pas dans des espaces ouverts non contr\u00f4l\u00e9s.<\/span><\/p><h3><span style=\"color: #000080;\">3 \u2013 Prolongation des mesures li\u00e9es au port du masque<\/span><\/h3><p style=\"padding-left: 40px;\"><span style=\"color: #333333;\">Veuillez trouver l\u2019arr\u00eat\u00e9 prolongeant les mesures de port du masque jusqu\u2019au 2 ao\u00fbt <\/span><span style=\"color: #333333;\">2021 <a href=\"https:\/\/thiant.fr\/wordpress\/documents_ext\/COVID-19\/P059-20210630-Arrete-prefectoral_Obligation_masque-59.pdf\" target=\"_blank\" rel=\"noopener\">ici<\/a>.<\/span><\/p><p style=\"padding-left: 40px;\"><span style=\"color: #333333;\">Pour m\u00e9moire, si le port du masque a \u00e9t\u00e9 all\u00e9g\u00e9, il demeure obligatoire dans l\u2019ensemble des <\/span><span style=\"color: #333333;\">lieux clos, les \u00e9tablissements recevant du public et en ext\u00e9rieur dans les circonstances <\/span><span style=\"color: #333333;\">suivantes :<\/span><br \/><span style=\"color: #333333;\">\u2022 aux abords, dans un rayon de 50 m\u00e8tres :<\/span><br \/><span style=\"color: #333333;\">a) des march\u00e9s, braderies, brocantes, vides greniers et autres ventes au d\u00e9ballage, <\/span><span style=\"color: #333333;\">ainsi qu\u2019\u00e0 l\u2019int\u00e9rieur de ceux-ci, qu\u2019ils se tiennent dans des espaces couverts ou en <\/span><span style=\"color: #333333;\">plein air ;<\/span><br \/><span style=\"color: #333333;\">b) des entr\u00e9es des centres commerciaux les samedis et dimanches, durant leurs<\/span> <span style=\"color: #333333;\">heures d\u2019ouverture ;<\/span><br \/><span style=\"color: #333333;\">c) des entr\u00e9es des \u00e9tablissements scolaires et universitaires, \u00e0 l\u2019occasion des entr\u00e9es <\/span><span style=\"color: #333333;\">et sorties de ces derniers ;<\/span><br \/><span style=\"color: #333333;\">d) des entr\u00e9es des lieux de culte aux jours et heures de la tenue des offices et <\/span><span style=\"color: #333333;\">c\u00e9r\u00e9monies ;<\/span><br \/><span style=\"color: #333333;\">e) des stations et lieux d\u2019arr\u00eat des transports collectifs de voyageurs, ainsi que dans<\/span> <span style=\"color: #333333;\">les transports publics et dans les installations accueillant les usagers ;<\/span><br \/><span style=\"color: #333333;\">\u2022 dans les files d\u2019attente de toute nature ;<\/span><br \/><span style=\"color: #333333;\">\u2022 lors des r\u00e9unions, activit\u00e9s et rassemblements sur la voie publique ou les espaces <\/span><span style=\"color: #333333;\">ouverts au public ;<\/span><br \/><span style=\"color: #333333;\">\u2022 dans les zones pi\u00e9tonnes, permanentes et temporaires, les samedis et jours <\/span><span style=\"color: #333333;\">d\u2019\u00e9v\u00e9nements particuliers entra\u00eenant une forte concentration de personnes. Les <\/span><span style=\"color: #333333;\">zones concern\u00e9es pourront le cas \u00e9ch\u00e9ant faire l\u2019objet d\u2019une signal\u00e9tique par les <\/span><span style=\"color: #333333;\">collectivit\u00e9s territoriales comp\u00e9tentes ;<\/span><br \/><span style=\"color: #333333;\">\u2022 dans les espaces r\u00e9serv\u00e9s aux spectateurs des enceintes sportives de plein air.<\/span><\/p><p style=\"padding-left: 40px;\"><span style=\"color: #333333;\">Enfin, les plages, parcs et jardins ne sont pas soumis \u00e0 l\u2019obligation du port du masque.<\/span><\/p>\t\t\t\t\t\t\t\t<\/div>\n\t\t\t\t<\/div>\n\t\t\t\t\t<\/div>\n\t\t<\/div>\n\t\t\t\t\t<\/div>\n\t\t<\/section>\n\t\t\t\t<\/div>\n\t\t","protected":false},"excerpt":{"rendered":"<p>1 \u2013 La 4\u00e8me \u00e9tape du calendrier d\u2019all\u00e9gement des mesures de freinage \u00c0 compter du 30 juin 2021, un certain nombre de restrictions sont all\u00e9g\u00e9es, voire lev\u00e9es quand d\u2019autres persistent : \u2022 La fin des limitations de rassemblements en ext\u00e9rieurs sur la voie publique \u2022 Lev\u00e9e des limites de jauge dans les \u00e9tablissements recevant du [&hellip;]<\/p>\n","protected":false},"author":1,"featured_media":967,"comment_status":"closed","ping_status":"closed","sticky":false,"template":"","format":"standard","meta":{"_crdt_document":"","ocean_post_layout":"","ocean_both_sidebars_style":"","ocean_both_sidebars_content_width":0,"ocean_both_sidebars_sidebars_width":0,"ocean_sidebar":"0","ocean_second_sidebar":"0","ocean_disable_margins":"enable","ocean_add_body_class":"","ocean_shortcode_before_top_bar":"","ocean_shortcode_after_top_bar":"","ocean_shortcode_before_header":"","ocean_shortcode_after_header":"","ocean_has_shortcode":"","ocean_shortcode_after_title":"","ocean_shortcode_before_footer_widgets":"","ocean_shortcode_after_footer_widgets":"","ocean_shortcode_before_footer_bottom":"","ocean_shortcode_after_footer_bottom":"","ocean_display_top_bar":"default","ocean_display_header":"default","ocean_header_style":"","ocean_center_header_left_menu":"0","ocean_custom_header_template":"0","ocean_custom_logo":0,"ocean_custom_retina_logo":0,"ocean_custom_logo_max_width":0,"ocean_custom_logo_tablet_max_width":0,"ocean_custom_logo_mobile_max_width":0,"ocean_custom_logo_max_height":0,"ocean_custom_logo_tablet_max_height":0,"ocean_custom_logo_mobile_max_height":0,"ocean_header_custom_menu":"0","ocean_menu_typo_font_family":"0","ocean_menu_typo_font_subset":"","ocean_menu_typo_font_size":0,"ocean_menu_typo_font_size_tablet":0,"ocean_menu_typo_font_size_mobile":0,"ocean_menu_typo_font_size_unit":"px","ocean_menu_typo_font_weight":"","ocean_menu_typo_font_weight_tablet":"","ocean_menu_typo_font_weight_mobile":"","ocean_menu_typo_transform":"","ocean_menu_typo_transform_tablet":"","ocean_menu_typo_transform_mobile":"","ocean_menu_typo_line_height":0,"ocean_menu_typo_line_height_tablet":0,"ocean_menu_typo_line_height_mobile":0,"ocean_menu_typo_line_height_unit":"","ocean_menu_typo_spacing":0,"ocean_menu_typo_spacing_tablet":0,"ocean_menu_typo_spacing_mobile":0,"ocean_menu_typo_spacing_unit":"","ocean_menu_link_color":"","ocean_menu_link_color_hover":"","ocean_menu_link_color_active":"","ocean_menu_link_background":"","ocean_menu_link_hover_background":"","ocean_menu_link_active_background":"","ocean_menu_social_links_bg":"","ocean_menu_social_hover_links_bg":"","ocean_menu_social_links_color":"","ocean_menu_social_hover_links_color":"","ocean_disable_title":"default","ocean_disable_heading":"default","ocean_post_title":"","ocean_post_subheading":"","ocean_post_title_style":"","ocean_post_title_background_color":"","ocean_post_title_background":0,"ocean_post_title_bg_image_position":"","ocean_post_title_bg_image_attachment":"","ocean_post_title_bg_image_repeat":"","ocean_post_title_bg_image_size":"","ocean_post_title_height":0,"ocean_post_title_bg_overlay":0.5,"ocean_post_title_bg_overlay_color":"","ocean_disable_breadcrumbs":"default","ocean_breadcrumbs_color":"","ocean_breadcrumbs_separator_color":"","ocean_breadcrumbs_links_color":"","ocean_breadcrumbs_links_hover_color":"","ocean_display_footer_widgets":"default","ocean_display_footer_bottom":"default","ocean_custom_footer_template":"0","ocean_post_oembed":"","ocean_post_self_hosted_media":"","ocean_post_video_embed":"","ocean_link_format":"","ocean_link_format_target":"self","ocean_quote_format":"","ocean_quote_format_link":"post","ocean_gallery_link_images":"off","ocean_gallery_id":[],"footnotes":""},"categories":[140],"tags":[402,403,77,109,358,127,128,318,277,129,39,280],"class_list":["post-965","post","type-post","status-publish","format-standard","has-post-thumbnail","hentry","category-covid-19","tag-14-juillet","tag-allegement-des-mesures-de-freinage","tag-coronavirus","tag-covid-19","tag-fete-nationale","tag-nord","tag-point","tag-point-situation","tag-protocole-sanitaire","tag-situation","tag-thiant","tag-vaccination","entry","has-media"],"yoast_head":"<!-- This site is optimized with the Yoast SEO plugin v27.3 - https:\/\/yoast.com\/product\/yoast-seo-wordpress\/ -->\n<title>COVID-19 : Point de situation au 1er juillet - Espace jeunesse du site officiel de la Ville de Thiant<\/title>\n<meta name=\"description\" content=\"All\u00e8gement des mesures de freinage | vaccination : une campagne de communication pour continuer \u00e0 se prot\u00e9ger | f\u00eate nationale : le protocole | port du masque\" \/>\n<meta name=\"robots\" content=\"index, follow, max-snippet:-1, max-image-preview:large, max-video-preview:-1\" \/>\n<link rel=\"canonical\" href=\"https:\/\/thiant.fr\/wordpress\/jeunesse\/2021\/07\/02\/covid-19-point-de-situation-au-1er-juillet\/\" \/>\n<meta property=\"og:locale\" content=\"fr_FR\" \/>\n<meta property=\"og:type\" content=\"article\" \/>\n<meta property=\"og:title\" content=\"COVID-19 : Point de situation au 1er juillet - Espace jeunesse du site officiel de la Ville de Thiant\" \/>\n<meta property=\"og:description\" content=\"All\u00e8gement des mesures de freinage | vaccination : une campagne de communication pour continuer \u00e0 se prot\u00e9ger | f\u00eate nationale : le protocole | port du masque\" \/>\n<meta property=\"og:url\" content=\"https:\/\/thiant.fr\/wordpress\/jeunesse\/2021\/07\/02\/covid-19-point-de-situation-au-1er-juillet\/\" \/>\n<meta property=\"og:site_name\" content=\"Espace jeunesse du site officiel de la Ville de Thiant\" \/>\n<meta property=\"article:publisher\" content=\"https:\/\/www.facebook.com\/commune.thiant.1\" \/>\n<meta property=\"article:published_time\" content=\"2021-07-02T11:30:59+00:00\" \/>\n<meta property=\"article:modified_time\" content=\"2021-07-02T13:04:23+00:00\" \/>\n<meta property=\"og:image\" content=\"https:\/\/thiant.fr\/wordpress\/jeunesse\/wp-content\/uploads\/sites\/2\/2021\/07\/montage.png\" \/>\n\t<meta property=\"og:image:width\" content=\"730\" \/>\n\t<meta property=\"og:image:height\" content=\"323\" \/>\n\t<meta property=\"og:image:type\" content=\"image\/png\" \/>\n<meta name=\"author\" content=\"Service communication\" \/>\n<meta name=\"twitter:card\" content=\"summary_large_image\" \/>\n<meta name=\"twitter:label1\" content=\"\u00c9crit par\" \/>\n\t<meta name=\"twitter:data1\" content=\"Service communication\" \/>\n\t<meta name=\"twitter:label2\" content=\"Dur\u00e9e de lecture estim\u00e9e\" \/>\n\t<meta name=\"twitter:data2\" content=\"4 minutes\" \/>\n<script type=\"application\/ld+json\" class=\"yoast-schema-graph\">{\"@context\":\"https:\\\/\\\/schema.org\",\"@graph\":[{\"@type\":\"Article\",\"@id\":\"https:\\\/\\\/thiant.fr\\\/wordpress\\\/jeunesse\\\/2021\\\/07\\\/02\\\/covid-19-point-de-situation-au-1er-juillet\\\/#article\",\"isPartOf\":{\"@id\":\"https:\\\/\\\/thiant.fr\\\/wordpress\\\/jeunesse\\\/2021\\\/07\\\/02\\\/covid-19-point-de-situation-au-1er-juillet\\\/\"},\"author\":{\"name\":\"Service communication\",\"@id\":\"https:\\\/\\\/thiant.fr\\\/wordpress\\\/jeunesse\\\/#\\\/schema\\\/person\\\/f41122130d18c0720657431d990451c6\"},\"headline\":\"COVID-19 : Point de situation au 1er juillet\",\"datePublished\":\"2021-07-02T11:30:59+00:00\",\"dateModified\":\"2021-07-02T13:04:23+00:00\",\"mainEntityOfPage\":{\"@id\":\"https:\\\/\\\/thiant.fr\\\/wordpress\\\/jeunesse\\\/2021\\\/07\\\/02\\\/covid-19-point-de-situation-au-1er-juillet\\\/\"},\"wordCount\":716,\"publisher\":{\"@id\":\"https:\\\/\\\/thiant.fr\\\/wordpress\\\/jeunesse\\\/#organization\"},\"image\":{\"@id\":\"https:\\\/\\\/thiant.fr\\\/wordpress\\\/jeunesse\\\/2021\\\/07\\\/02\\\/covid-19-point-de-situation-au-1er-juillet\\\/#primaryimage\"},\"thumbnailUrl\":\"https:\\\/\\\/thiant.fr\\\/wordpress\\\/jeunesse\\\/wp-content\\\/uploads\\\/sites\\\/2\\\/2021\\\/07\\\/montage.png\",\"keywords\":[\"14 juillet\",\"all\u00e8gement des mesures de freinage\",\"coronavirus\",\"COVID-19\",\"f\u00eate nationale\",\"Nord\",\"point\",\"point situation\",\"protocole sanitaire\",\"situation\",\"thiant\",\"vaccination\"],\"articleSection\":[\"COVID-19\"],\"inLanguage\":\"fr-FR\"},{\"@type\":\"WebPage\",\"@id\":\"https:\\\/\\\/thiant.fr\\\/wordpress\\\/jeunesse\\\/2021\\\/07\\\/02\\\/covid-19-point-de-situation-au-1er-juillet\\\/\",\"url\":\"https:\\\/\\\/thiant.fr\\\/wordpress\\\/jeunesse\\\/2021\\\/07\\\/02\\\/covid-19-point-de-situation-au-1er-juillet\\\/\",\"name\":\"COVID-19 : Point de situation au 1er juillet - Espace jeunesse du site officiel de la Ville de Thiant\",\"isPartOf\":{\"@id\":\"https:\\\/\\\/thiant.fr\\\/wordpress\\\/jeunesse\\\/#website\"},\"primaryImageOfPage\":{\"@id\":\"https:\\\/\\\/thiant.fr\\\/wordpress\\\/jeunesse\\\/2021\\\/07\\\/02\\\/covid-19-point-de-situation-au-1er-juillet\\\/#primaryimage\"},\"image\":{\"@id\":\"https:\\\/\\\/thiant.fr\\\/wordpress\\\/jeunesse\\\/2021\\\/07\\\/02\\\/covid-19-point-de-situation-au-1er-juillet\\\/#primaryimage\"},\"thumbnailUrl\":\"https:\\\/\\\/thiant.fr\\\/wordpress\\\/jeunesse\\\/wp-content\\\/uploads\\\/sites\\\/2\\\/2021\\\/07\\\/montage.png\",\"datePublished\":\"2021-07-02T11:30:59+00:00\",\"dateModified\":\"2021-07-02T13:04:23+00:00\",\"description\":\"All\u00e8gement des mesures de freinage | vaccination : une campagne de communication pour continuer \u00e0 se prot\u00e9ger | f\u00eate nationale : le protocole | port du masque\",\"breadcrumb\":{\"@id\":\"https:\\\/\\\/thiant.fr\\\/wordpress\\\/jeunesse\\\/2021\\\/07\\\/02\\\/covid-19-point-de-situation-au-1er-juillet\\\/#breadcrumb\"},\"inLanguage\":\"fr-FR\",\"potentialAction\":[{\"@type\":\"ReadAction\",\"target\":[\"https:\\\/\\\/thiant.fr\\\/wordpress\\\/jeunesse\\\/2021\\\/07\\\/02\\\/covid-19-point-de-situation-au-1er-juillet\\\/\"]}]},{\"@type\":\"ImageObject\",\"inLanguage\":\"fr-FR\",\"@id\":\"https:\\\/\\\/thiant.fr\\\/wordpress\\\/jeunesse\\\/2021\\\/07\\\/02\\\/covid-19-point-de-situation-au-1er-juillet\\\/#primaryimage\",\"url\":\"https:\\\/\\\/thiant.fr\\\/wordpress\\\/jeunesse\\\/wp-content\\\/uploads\\\/sites\\\/2\\\/2021\\\/07\\\/montage.png\",\"contentUrl\":\"https:\\\/\\\/thiant.fr\\\/wordpress\\\/jeunesse\\\/wp-content\\\/uploads\\\/sites\\\/2\\\/2021\\\/07\\\/montage.png\",\"width\":730,\"height\":323},{\"@type\":\"BreadcrumbList\",\"@id\":\"https:\\\/\\\/thiant.fr\\\/wordpress\\\/jeunesse\\\/2021\\\/07\\\/02\\\/covid-19-point-de-situation-au-1er-juillet\\\/#breadcrumb\",\"itemListElement\":[{\"@type\":\"ListItem\",\"position\":1,\"name\":\"Accueil\",\"item\":\"https:\\\/\\\/thiant.fr\\\/wordpress\\\/jeunesse\\\/\"},{\"@type\":\"ListItem\",\"position\":2,\"name\":\"COVID-19 : Point de situation au 1er juillet\"}]},{\"@type\":\"WebSite\",\"@id\":\"https:\\\/\\\/thiant.fr\\\/wordpress\\\/jeunesse\\\/#website\",\"url\":\"https:\\\/\\\/thiant.fr\\\/wordpress\\\/jeunesse\\\/\",\"name\":\"Espace jeunesse du site officiel de la Ville de Thiant\",\"description\":\"\",\"publisher\":{\"@id\":\"https:\\\/\\\/thiant.fr\\\/wordpress\\\/jeunesse\\\/#organization\"},\"potentialAction\":[{\"@type\":\"SearchAction\",\"target\":{\"@type\":\"EntryPoint\",\"urlTemplate\":\"https:\\\/\\\/thiant.fr\\\/wordpress\\\/jeunesse\\\/?s={search_term_string}\"},\"query-input\":{\"@type\":\"PropertyValueSpecification\",\"valueRequired\":true,\"valueName\":\"search_term_string\"}}],\"inLanguage\":\"fr-FR\"},{\"@type\":\"Organization\",\"@id\":\"https:\\\/\\\/thiant.fr\\\/wordpress\\\/jeunesse\\\/#organization\",\"name\":\"Espace jeunesse du site officiel de la Ville de Thiant\",\"url\":\"https:\\\/\\\/thiant.fr\\\/wordpress\\\/jeunesse\\\/\",\"logo\":{\"@type\":\"ImageObject\",\"inLanguage\":\"fr-FR\",\"@id\":\"https:\\\/\\\/thiant.fr\\\/wordpress\\\/jeunesse\\\/#\\\/schema\\\/logo\\\/image\\\/\",\"url\":\"https:\\\/\\\/thiant.fr\\\/wordpress\\\/jeunesse\\\/wp-content\\\/uploads\\\/sites\\\/2\\\/2019\\\/10\\\/Logo_jeunesse_02-1.png\",\"contentUrl\":\"https:\\\/\\\/thiant.fr\\\/wordpress\\\/jeunesse\\\/wp-content\\\/uploads\\\/sites\\\/2\\\/2019\\\/10\\\/Logo_jeunesse_02-1.png\",\"width\":384,\"height\":203,\"caption\":\"Espace jeunesse du site officiel de la Ville de Thiant\"},\"image\":{\"@id\":\"https:\\\/\\\/thiant.fr\\\/wordpress\\\/jeunesse\\\/#\\\/schema\\\/logo\\\/image\\\/\"},\"sameAs\":[\"https:\\\/\\\/www.facebook.com\\\/commune.thiant.1\"]},{\"@type\":\"Person\",\"@id\":\"https:\\\/\\\/thiant.fr\\\/wordpress\\\/jeunesse\\\/#\\\/schema\\\/person\\\/f41122130d18c0720657431d990451c6\",\"name\":\"Service communication\",\"image\":{\"@type\":\"ImageObject\",\"inLanguage\":\"fr-FR\",\"@id\":\"https:\\\/\\\/thiant.fr\\\/wordpress\\\/jeunesse\\\/wp-content\\\/litespeed\\\/avatar\\\/2\\\/eeb9098e5269f97d4e67fcd6f533ccb1.jpg?ver=1777455838\",\"url\":\"https:\\\/\\\/thiant.fr\\\/wordpress\\\/jeunesse\\\/wp-content\\\/litespeed\\\/avatar\\\/2\\\/eeb9098e5269f97d4e67fcd6f533ccb1.jpg?ver=1777455838\",\"contentUrl\":\"https:\\\/\\\/thiant.fr\\\/wordpress\\\/jeunesse\\\/wp-content\\\/litespeed\\\/avatar\\\/2\\\/eeb9098e5269f97d4e67fcd6f533ccb1.jpg?ver=1777455838\",\"caption\":\"Service communication\"},\"url\":\"https:\\\/\\\/thiant.fr\\\/wordpress\\\/jeunesse\\\/author\\\/adminwpress\\\/\"}]}<\/script>\n<!-- \/ Yoast SEO plugin. -->","yoast_head_json":{"title":"COVID-19 : Point de situation au 1er juillet - Espace jeunesse du site officiel de la Ville de Thiant","description":"All\u00e8gement des mesures de freinage | vaccination : une campagne de communication pour continuer \u00e0 se prot\u00e9ger | f\u00eate nationale : le protocole | port du masque","robots":{"index":"index","follow":"follow","max-snippet":"max-snippet:-1","max-image-preview":"max-image-preview:large","max-video-preview":"max-video-preview:-1"},"canonical":"https:\/\/thiant.fr\/wordpress\/jeunesse\/2021\/07\/02\/covid-19-point-de-situation-au-1er-juillet\/","og_locale":"fr_FR","og_type":"article","og_title":"COVID-19 : Point de situation au 1er juillet - Espace jeunesse du site officiel de la Ville de Thiant","og_description":"All\u00e8gement des mesures de freinage | vaccination : une campagne de communication pour continuer \u00e0 se prot\u00e9ger | f\u00eate nationale : le protocole | port du masque","og_url":"https:\/\/thiant.fr\/wordpress\/jeunesse\/2021\/07\/02\/covid-19-point-de-situation-au-1er-juillet\/","og_site_name":"Espace jeunesse du site officiel de la Ville de Thiant","article_publisher":"https:\/\/www.facebook.com\/commune.thiant.1","article_published_time":"2021-07-02T11:30:59+00:00","article_modified_time":"2021-07-02T13:04:23+00:00","og_image":[{"width":730,"height":323,"url":"https:\/\/thiant.fr\/wordpress\/jeunesse\/wp-content\/uploads\/sites\/2\/2021\/07\/montage.png","type":"image\/png"}],"author":"Service communication","twitter_card":"summary_large_image","twitter_misc":{"\u00c9crit par":"Service communication","Dur\u00e9e de lecture estim\u00e9e":"4 minutes"},"schema":{"@context":"https:\/\/schema.org","@graph":[{"@type":"Article","@id":"https:\/\/thiant.fr\/wordpress\/jeunesse\/2021\/07\/02\/covid-19-point-de-situation-au-1er-juillet\/#article","isPartOf":{"@id":"https:\/\/thiant.fr\/wordpress\/jeunesse\/2021\/07\/02\/covid-19-point-de-situation-au-1er-juillet\/"},"author":{"name":"Service communication","@id":"https:\/\/thiant.fr\/wordpress\/jeunesse\/#\/schema\/person\/f41122130d18c0720657431d990451c6"},"headline":"COVID-19 : Point de situation au 1er juillet","datePublished":"2021-07-02T11:30:59+00:00","dateModified":"2021-07-02T13:04:23+00:00","mainEntityOfPage":{"@id":"https:\/\/thiant.fr\/wordpress\/jeunesse\/2021\/07\/02\/covid-19-point-de-situation-au-1er-juillet\/"},"wordCount":716,"publisher":{"@id":"https:\/\/thiant.fr\/wordpress\/jeunesse\/#organization"},"image":{"@id":"https:\/\/thiant.fr\/wordpress\/jeunesse\/2021\/07\/02\/covid-19-point-de-situation-au-1er-juillet\/#primaryimage"},"thumbnailUrl":"https:\/\/thiant.fr\/wordpress\/jeunesse\/wp-content\/uploads\/sites\/2\/2021\/07\/montage.png","keywords":["14 juillet","all\u00e8gement des mesures de freinage","coronavirus","COVID-19","f\u00eate nationale","Nord","point","point situation","protocole sanitaire","situation","thiant","vaccination"],"articleSection":["COVID-19"],"inLanguage":"fr-FR"},{"@type":"WebPage","@id":"https:\/\/thiant.fr\/wordpress\/jeunesse\/2021\/07\/02\/covid-19-point-de-situation-au-1er-juillet\/","url":"https:\/\/thiant.fr\/wordpress\/jeunesse\/2021\/07\/02\/covid-19-point-de-situation-au-1er-juillet\/","name":"COVID-19 : Point de situation au 1er juillet - Espace jeunesse du site officiel de la Ville de Thiant","isPartOf":{"@id":"https:\/\/thiant.fr\/wordpress\/jeunesse\/#website"},"primaryImageOfPage":{"@id":"https:\/\/thiant.fr\/wordpress\/jeunesse\/2021\/07\/02\/covid-19-point-de-situation-au-1er-juillet\/#primaryimage"},"image":{"@id":"https:\/\/thiant.fr\/wordpress\/jeunesse\/2021\/07\/02\/covid-19-point-de-situation-au-1er-juillet\/#primaryimage"},"thumbnailUrl":"https:\/\/thiant.fr\/wordpress\/jeunesse\/wp-content\/uploads\/sites\/2\/2021\/07\/montage.png","datePublished":"2021-07-02T11:30:59+00:00","dateModified":"2021-07-02T13:04:23+00:00","description":"All\u00e8gement des mesures de freinage | vaccination : une campagne de communication pour continuer \u00e0 se prot\u00e9ger | f\u00eate nationale : le protocole | port du masque","breadcrumb":{"@id":"https:\/\/thiant.fr\/wordpress\/jeunesse\/2021\/07\/02\/covid-19-point-de-situation-au-1er-juillet\/#breadcrumb"},"inLanguage":"fr-FR","potentialAction":[{"@type":"ReadAction","target":["https:\/\/thiant.fr\/wordpress\/jeunesse\/2021\/07\/02\/covid-19-point-de-situation-au-1er-juillet\/"]}]},{"@type":"ImageObject","inLanguage":"fr-FR","@id":"https:\/\/thiant.fr\/wordpress\/jeunesse\/2021\/07\/02\/covid-19-point-de-situation-au-1er-juillet\/#primaryimage","url":"https:\/\/thiant.fr\/wordpress\/jeunesse\/wp-content\/uploads\/sites\/2\/2021\/07\/montage.png","contentUrl":"https:\/\/thiant.fr\/wordpress\/jeunesse\/wp-content\/uploads\/sites\/2\/2021\/07\/montage.png","width":730,"height":323},{"@type":"BreadcrumbList","@id":"https:\/\/thiant.fr\/wordpress\/jeunesse\/2021\/07\/02\/covid-19-point-de-situation-au-1er-juillet\/#breadcrumb","itemListElement":[{"@type":"ListItem","position":1,"name":"Accueil","item":"https:\/\/thiant.fr\/wordpress\/jeunesse\/"},{"@type":"ListItem","position":2,"name":"COVID-19 : Point de situation au 1er juillet"}]},{"@type":"WebSite","@id":"https:\/\/thiant.fr\/wordpress\/jeunesse\/#website","url":"https:\/\/thiant.fr\/wordpress\/jeunesse\/","name":"Espace jeunesse du site officiel de la Ville de Thiant","description":"","publisher":{"@id":"https:\/\/thiant.fr\/wordpress\/jeunesse\/#organization"},"potentialAction":[{"@type":"SearchAction","target":{"@type":"EntryPoint","urlTemplate":"https:\/\/thiant.fr\/wordpress\/jeunesse\/?s={search_term_string}"},"query-input":{"@type":"PropertyValueSpecification","valueRequired":true,"valueName":"search_term_string"}}],"inLanguage":"fr-FR"},{"@type":"Organization","@id":"https:\/\/thiant.fr\/wordpress\/jeunesse\/#organization","name":"Espace jeunesse du site officiel de la Ville de Thiant","url":"https:\/\/thiant.fr\/wordpress\/jeunesse\/","logo":{"@type":"ImageObject","inLanguage":"fr-FR","@id":"https:\/\/thiant.fr\/wordpress\/jeunesse\/#\/schema\/logo\/image\/","url":"https:\/\/thiant.fr\/wordpress\/jeunesse\/wp-content\/uploads\/sites\/2\/2019\/10\/Logo_jeunesse_02-1.png","contentUrl":"https:\/\/thiant.fr\/wordpress\/jeunesse\/wp-content\/uploads\/sites\/2\/2019\/10\/Logo_jeunesse_02-1.png","width":384,"height":203,"caption":"Espace jeunesse du site officiel de la Ville de Thiant"},"image":{"@id":"https:\/\/thiant.fr\/wordpress\/jeunesse\/#\/schema\/logo\/image\/"},"sameAs":["https:\/\/www.facebook.com\/commune.thiant.1"]},{"@type":"Person","@id":"https:\/\/thiant.fr\/wordpress\/jeunesse\/#\/schema\/person\/f41122130d18c0720657431d990451c6","name":"Service communication","image":{"@type":"ImageObject","inLanguage":"fr-FR","@id":"https:\/\/thiant.fr\/wordpress\/jeunesse\/wp-content\/litespeed\/avatar\/2\/eeb9098e5269f97d4e67fcd6f533ccb1.jpg?ver=1777455838","url":"https:\/\/thiant.fr\/wordpress\/jeunesse\/wp-content\/litespeed\/avatar\/2\/eeb9098e5269f97d4e67fcd6f533ccb1.jpg?ver=1777455838","contentUrl":"https:\/\/thiant.fr\/wordpress\/jeunesse\/wp-content\/litespeed\/avatar\/2\/eeb9098e5269f97d4e67fcd6f533ccb1.jpg?ver=1777455838","caption":"Service communication"},"url":"https:\/\/thiant.fr\/wordpress\/jeunesse\/author\/adminwpress\/"}]}},"_links":{"self":[{"href":"https:\/\/thiant.fr\/wordpress\/jeunesse\/wp-json\/wp\/v2\/posts\/965","targetHints":{"allow":["GET"]}}],"collection":[{"href":"https:\/\/thiant.fr\/wordpress\/jeunesse\/wp-json\/wp\/v2\/posts"}],"about":[{"href":"https:\/\/thiant.fr\/wordpress\/jeunesse\/wp-json\/wp\/v2\/types\/post"}],"author":[{"embeddable":true,"href":"https:\/\/thiant.fr\/wordpress\/jeunesse\/wp-json\/wp\/v2\/users\/1"}],"replies":[{"embeddable":true,"href":"https:\/\/thiant.fr\/wordpress\/jeunesse\/wp-json\/wp\/v2\/comments?post=965"}],"version-history":[{"count":1,"href":"https:\/\/thiant.fr\/wordpress\/jeunesse\/wp-json\/wp\/v2\/posts\/965\/revisions"}],"predecessor-version":[{"id":966,"href":"https:\/\/thiant.fr\/wordpress\/jeunesse\/wp-json\/wp\/v2\/posts\/965\/revisions\/966"}],"wp:featuredmedia":[{"embeddable":true,"href":"https:\/\/thiant.fr\/wordpress\/jeunesse\/wp-json\/wp\/v2\/media\/967"}],"wp:attachment":[{"href":"https:\/\/thiant.fr\/wordpress\/jeunesse\/wp-json\/wp\/v2\/media?parent=965"}],"wp:term":[{"taxonomy":"category","embeddable":true,"href":"https:\/\/thiant.fr\/wordpress\/jeunesse\/wp-json\/wp\/v2\/categories?post=965"},{"taxonomy":"post_tag","embeddable":true,"href":"https:\/\/thiant.fr\/wordpress\/jeunesse\/wp-json\/wp\/v2\/tags?post=965"}],"curies":[{"name":"wp","href":"https:\/\/api.w.org\/{rel}","templated":true}]}}