{"id":996,"date":"2021-07-23T17:21:12","date_gmt":"2021-07-23T15:21:12","guid":{"rendered":"https:\/\/thiant.fr\/wordpress\/jeunesse\/?p=996"},"modified":"2021-07-23T17:25:02","modified_gmt":"2021-07-23T15:25:02","slug":"chenilles-processionnaires-en-hauts-de-france","status":"publish","type":"post","link":"https:\/\/thiant.fr\/wordpress\/jeunesse\/2021\/07\/23\/chenilles-processionnaires-en-hauts-de-france\/","title":{"rendered":"Chenilles processionnaires en Hauts-de-France"},"content":{"rendered":"\t\t<div data-elementor-type=\"wp-post\" data-elementor-id=\"996\" class=\"elementor elementor-996\">\n\t\t\t\t\t\t<section class=\"elementor-section elementor-top-section elementor-element elementor-element-3bd0feb elementor-section-boxed elementor-section-height-default elementor-section-height-default\" data-id=\"3bd0feb\" data-element_type=\"section\" data-e-type=\"section\">\n\t\t\t\t\t\t<div class=\"elementor-container elementor-column-gap-default\">\n\t\t\t\t\t<div class=\"elementor-column elementor-col-33 elementor-top-column elementor-element elementor-element-f653e82\" data-id=\"f653e82\" data-element_type=\"column\" data-e-type=\"column\">\n\t\t\t<div class=\"elementor-widget-wrap elementor-element-populated\">\n\t\t\t\t\t\t<div class=\"elementor-element elementor-element-4d32411 elementor-widget elementor-widget-image\" data-id=\"4d32411\" data-element_type=\"widget\" data-e-type=\"widget\" data-widget_type=\"image.default\">\n\t\t\t\t<div class=\"elementor-widget-container\">\n\t\t\t\t\t\t\t\t\t\t\t\t\t\t\t<img decoding=\"async\" src=\"https:\/\/thiant.fr\/wordpress\/wp-content\/uploads\/2020\/02\/Logo-ARS-HdF-RVB.jpg\" title=\"\" alt=\"\" loading=\"lazy\" \/>\t\t\t\t\t\t\t\t\t\t\t\t\t\t\t<\/div>\n\t\t\t\t<\/div>\n\t\t\t\t<div class=\"elementor-element elementor-element-63c0790 elementor-widget elementor-widget-image\" data-id=\"63c0790\" data-element_type=\"widget\" data-e-type=\"widget\" data-widget_type=\"image.default\">\n\t\t\t\t<div class=\"elementor-widget-container\">\n\t\t\t\t\t\t\t\t\t\t\t\t\t\t\t<img decoding=\"async\" src=\"https:\/\/thiant.fr\/wordpress\/wp-content\/uploads\/2021\/07\/logo-fredon.webp\" title=\"\" alt=\"\" loading=\"lazy\" \/>\t\t\t\t\t\t\t\t\t\t\t\t\t\t\t<\/div>\n\t\t\t\t<\/div>\n\t\t\t\t\t<\/div>\n\t\t<\/div>\n\t\t\t\t<div class=\"elementor-column elementor-col-66 elementor-top-column elementor-element elementor-element-1f121a7\" data-id=\"1f121a7\" data-element_type=\"column\" data-e-type=\"column\">\n\t\t\t<div class=\"elementor-widget-wrap elementor-element-populated\">\n\t\t\t\t\t\t<div class=\"elementor-element elementor-element-4912c12 elementor-widget elementor-widget-text-editor\" data-id=\"4912c12\" data-element_type=\"widget\" data-e-type=\"widget\" data-widget_type=\"text-editor.default\">\n\t\t\t\t<div class=\"elementor-widget-container\">\n\t\t\t\t\t\t\t\t\t<p><span style=\"color: #333333;\">En 2021, la r\u00e9gion Hauts-de-France a connu une recrudescence saisonni\u00e8re de chenilles urticantes (chenilles processionnaires du pin ou du ch\u00eane, Bombyx cul brun&#8230;), surtout dans les d\u00e9partements de l&#8217;Aisne, l&#8217;Oise et la Somme.<\/span><\/p><h4><span style=\"color: #ff0000;\">ATTENTION !<\/span><\/h4><p><strong><span style=\"color: #333333;\">Les soies des chenilles urticantes, qui se d\u00e9tachent facilement sous l&#8217;effet du vent ou \u00e0 leur contact, peuvent \u00eatre \u00e0 l&#8217;origine d&#8217;importantes d\u00e9mangeaisons, de conjonctivites, de vomissements, de troubles respiratoires ou encore d&#8217;allergies. La plupart des sympt\u00f4mes s&#8217;estompent apr\u00e8s quelques jours mais peuvent parfois s&#8217;av\u00e9rer plus graves, notamment en cas d\u2019exposition prolong\u00e9e.<\/span><\/strong><\/p><p><span style=\"color: #333333;\">La fa\u00e7on la plus efficace de se pr\u00e9munir de ces sympt\u00f4mes est de limiter les risques d&#8217;exposition \u00e0 ces chenilles, et \u00e0 leurs soies.<\/span><\/p><p><span style=\"color: #333333;\">Si vous \u00eates confront\u00e9s aux chenilles processionnaires, voici quelques recommandations :<\/span><\/p><ul><li><span style=\"color: #333333;\"><strong>Ne jamais s&#8217;approcher ou toucher les chenilles<\/strong> : il est recommand\u00e9 de ne pas s&#8217;approcher, toucher ou \u00e9craser les chenilles, les nids, les cocons ou les arbres attaqu\u00e9s. Les chenilles lib\u00e8rent leurs soies urticantes face au danger. En \u00e9crasant les chenilles, les soies peuvent ainsi se retrouver sous les chaussures (ou autre objet en contact) et \u00eatre ainsi transport\u00e9es ;<\/span><\/li><li><span style=\"color: #333333;\"><strong>Ne pas laisser jouer les enfants \u00e0 proximit\u00e9<\/strong> d&#8217;un arbre atteint ;<\/span><\/li><li><span style=\"color: #333333;\"><strong>Porter des v\u00eatements<\/strong> \u00e0 longues manches, des pantalons, un couvre-chef et \u00e9ventuellement des lunettes \u00e0 proximit\u00e9 ;<\/span><\/li><li><span style=\"color: #333333;\"><strong>Ne pas balayer les processions de chenilles,<\/strong> au risque de cr\u00e9er un nuage de soies ;<\/span><\/li><li><span style=\"color: #333333;\"><strong>\u00c9viter de se frotter les yeux<\/strong> \u00e0 proximit\u00e9 ;<\/span><\/li><li><span style=\"color: #333333;\"><strong>Ne pas faire s\u00e9cher le linge<\/strong> \u00e0 proximit\u00e9 ;<\/span><\/li><li><span style=\"color: #333333;\"><strong>Laver soigneusement<\/strong> les l\u00e9gumes du jardin s&#8217;ils sont proches ;<\/span><\/li><li><span style=\"color: #333333;\"><strong>Arroser la pelouse<\/strong> pendant quelques jours avant de la tondre pour que les soies urticantes soient entra\u00een\u00e9es dans le sol ;<\/span><\/li><li><span style=\"color: #333333;\"><strong>Se laver soigneusement<\/strong> en cas d&#8217;exposition.<\/span><\/li><\/ul><p><span style=\"color: #333333;\">En cas d&#8217;irritation cutan\u00e9e ou oculaire, de troubles respiratoires, de vomissements et notamment pour les personnes allergiques et\/ou asthmatiques, consulter rapidement un m\u00e9decin ou un pharmacien et en cas d&#8217;urgence appeler le 15.<\/span><\/p><p><span style=\"color: #333333;\">La pr\u00e9sence de chenilles urticantes et leurs cons\u00e9quences sanitaires doivent \u00eatre signal\u00e9es \u00e0 l&#8217;ARS Hauts-de-France :<\/span> <a href=\"mailto:ars-hdf-signal@ars.sante.fr\">ars-hdf-signal@ars.sante.fr<\/a><\/p><h3><span style=\"text-decoration: underline; color: #333333;\">Comp\u00e9tences en mati\u00e8re de lutte<\/span><\/h3><p style=\"padding-left: 40px;\"><span style=\"color: #333333;\">\u2666\u00a0 Sur les terrains priv\u00e9s, la lutte contre la prolif\u00e9ration des chenilles urticantes incombe aux propri\u00e9taires ou occupants de ces terrains. Dans le cas de terrains priv\u00e9s infest\u00e9s causant des nuisances pour le voisinage, le maire a le pouvoir de demander aux propri\u00e9taires ou occupants de ces terrains de supprimer les nids des chenilles dans des d\u00e9lais fix\u00e9s par celui-ci.<\/span><\/p><p style=\"padding-left: 40px;\"><span style=\"color: #333333;\">\u2666 En ce qui concerne les lieux publics infest\u00e9s, la lutte contre la prolif\u00e9ration des chenilles urticantes incombe au maire.<\/span><\/p><p><span style=\"color: #ff0000;\"><strong>Dans tous les cas, la lutte contre les chenilles urticantes est une affaire de professionnels. Il est donc fortement recommand\u00e9 de faire intervenir une soci\u00e9t\u00e9 sp\u00e9cialis\u00e9e ou un professionnel form\u00e9 pour toute intervention sur un arbre infest\u00e9.<\/strong><\/span><\/p><p><span style=\"color: #333333;\">Les diff\u00e9rentes m\u00e9thodes de lutte et\/ou de pr\u00e9vention qui peuvent \u00eatre utilis\u00e9es par les professionnels sont :<\/span><\/p><ul><li><span style=\"color: #333333;\">Mise en place de nichoir \u00e0 m\u00e9sanges ;<\/span><\/li><li><span style=\"color: #333333;\">Utilisation de <em>Bacillus Thuringiensis<\/em> (jusqu&#8217;au stade L3 de la chenille), seule une personne certifi\u00e9e peut r\u00e9aliser cette intervention ;<\/span><\/li><li><span style=\"color: #333333;\">Utilisation d&#8217;insecticide \u00e0 base v\u00e9g\u00e9tale non r\u00e9manent, seule une personne certifi\u00e9e peut r\u00e9aliser cette intervention ;<\/span><\/li><li><span style=\"color: #333333;\">Utilisation de pi\u00e8ges \u00e0 ph\u00e9romones de juin \u00e0 septembre ;<\/span><\/li><li><span style=\"color: #333333;\">Utilisation d&#8217;\u00e9co pi\u00e8ge (efficace uniquement pour la chenille processionnaire du pin)<\/span><\/li><li><span style=\"color: #333333;\">Arrachage m\u00e9canique et destruction des nids<\/span><\/li><\/ul><p><span style=\"color: #333333;\">Plusieurs m\u00e9thodes peuvent \u00eatre combin\u00e9es afin d&#8217;avoir un r\u00e9sultat optimal.<\/span><\/p><h3><span style=\"color: #003366;\">Professionnels intervenants dans le d\u00e9partement du Nord<\/span><\/h3><p><span style=\"color: #333333;\"><strong>ANP3D :<\/strong> <a href=\"tel:+33679446783\">Tel. 06.79.44.67.83<\/a> | <a href=\"https:\/\/anp3d.fr\/contact-et-devis\/\" target=\"_blank\" rel=\"noopener\">https:\/\/anp3d.fr\/contact-et-devis\/<\/a><\/span><\/p><p><span style=\"color: #333333;\"><strong>As de Pic (autour de Tourcoing) :<\/strong> <a href=\"tel:+33320466464\">Tel. 03.20.46.64.64<\/a> |<a href=\"https:\/\/asdepic.com\/\" target=\"_blank\" rel=\"noopener\"> https:\/\/asdepic.com\/<\/a><\/span><\/p><p><span style=\"color: #333333;\"><strong>DKM Expert :<\/strong> <a href=\"tel:+33369198448\">Tel.03.69.19.84.48<\/a> | <a href=\"https:\/\/www.dkmexpeerts.fr\/traitement-des-chenilles-processionnaires-nord\" target=\"_blank\" rel=\"noopener\">https:\/\/www.dkmexpeerts.fr\/traitement-des-chenilles-processionnaires-nord<\/a><\/span><\/p><p><span style=\"color: #333333;\"><strong>Hygi\u00e8ne Contr\u00f4le :<\/strong> <a href=\"tel:+33610582770\">Tel. 06.10.58.27.70<\/a> ou <a href=\"tel:+33628646417\">06.28.64.64.17<\/a> | <a href=\"https:\/\/www.hygienecontrole.com\/desinsectisation\" target=\"_blank\" rel=\"noopener\">https:\/\/www.hygienecontrole.com\/desinsectisation<\/a><\/span><\/p><p><span style=\"color: #333333;\"><strong>HYSOS Services :<\/strong> <a href=\"tel:+33660816484\">Tel. 06.60.81.64.84<\/a> |<a href=\"https:\/\/www.hysos.fr\/nos-solutions\/insectes\/\" target=\"_blank\" rel=\"noopener\">https:\/\/www.hysos.fr\/nos-solutions\/insectes\/<\/a><\/span><\/p><p><span style=\"color: #333333;\"><strong>NGAN :<\/strong> <a href=\"tel:+33618015808\">Tel. 06.18.01.58.08<\/a> ou <a href=\"tel:+33618922998\">06.18.92.29.98<\/a> |<a href=\"https:\/\/www.ngan.fr\/se-debarasser-des-cheniles-processionnaires\" target=\"_blank\" rel=\"noopener\"> https:\/\/www.ngan.fr\/se-debarasser-des-cheniles-processionnaires<\/a><\/span><\/p><p><span style=\"color: #333333;\">Si vous connaissez d&#8217;autres entreprises qui interviennent dans le Nord, n&#8217;h\u00e9sitez pas \u00e0 contacter<\/span> <a href=\"mailto:margot.degezelle@fredon-hdf.fr\">Margot Degezelle<\/a> <span style=\"color: #333333;\">afin qu&#8217;elle puisse mettre \u00e0 jour cette liste.<\/span><\/p><p><span style=\"color: #333333;\">Vous pouvez \u00e9galement contacter<\/span> <a href=\"mailto:margot.degezelle@fredon-hdf.fr\">Margot Degezelle<\/a> <span style=\"color: #333333;\">pour toute informations compl\u00e9mentaires au sujet des chenilles processionnaires du ch\u00eane et du pin.<\/span><\/p><p><span style=\"color: #333333;\"><a href=\"https:\/\/thiant.fr\/wordpress\/documents_ext\/Liste-entreprises-desinsectisations-chenilles-processionnaires-du-pin-et-du-chene-en-HDF.pdf\" target=\"_blank\" rel=\"noopener\">Consulter le document PDF<\/a> contenant la liste de tous les professionnels recens\u00e9s dans les Hauts-de-France.<\/span><\/p>\t\t\t\t\t\t\t\t<\/div>\n\t\t\t\t<\/div>\n\t\t\t\t\t<\/div>\n\t\t<\/div>\n\t\t\t\t\t<\/div>\n\t\t<\/section>\n\t\t\t\t<section class=\"elementor-section elementor-top-section elementor-element elementor-element-daf1726 elementor-section-boxed elementor-section-height-default elementor-section-height-default\" data-id=\"daf1726\" data-element_type=\"section\" data-e-type=\"section\">\n\t\t\t\t\t\t<div class=\"elementor-container elementor-column-gap-default\">\n\t\t\t\t\t<div class=\"elementor-column elementor-col-100 elementor-top-column elementor-element elementor-element-539f11d\" data-id=\"539f11d\" data-element_type=\"column\" data-e-type=\"column\">\n\t\t\t<div class=\"elementor-widget-wrap elementor-element-populated\">\n\t\t\t\t\t\t<div class=\"elementor-element elementor-element-294f175 elementor-widget elementor-widget-image\" data-id=\"294f175\" data-element_type=\"widget\" data-e-type=\"widget\" data-widget_type=\"image.default\">\n\t\t\t\t<div class=\"elementor-widget-container\">\n\t\t\t\t\t\t\t\t\t\t\t\t\t\t\t<img decoding=\"async\" src=\"https:\/\/thiant.fr\/wordpress\/wp-content\/uploads\/2021\/07\/chenilles-processionnaires-2.webp\" title=\"\" alt=\"\" loading=\"lazy\" \/>\t\t\t\t\t\t\t\t\t\t\t\t\t\t\t<\/div>\n\t\t\t\t<\/div>\n\t\t\t\t\t<\/div>\n\t\t<\/div>\n\t\t\t\t\t<\/div>\n\t\t<\/section>\n\t\t\t\t<\/div>\n\t\t","protected":false},"excerpt":{"rendered":"<p>En 2021, la r\u00e9gion Hauts-de-France a connu une recrudescence saisonni\u00e8re de chenilles urticantes (chenilles processionnaires du pin ou du ch\u00eane, Bombyx cul brun&#8230;), surtout dans les d\u00e9partements de l&#8217;Aisne, l&#8217;Oise et la Somme. ATTENTION ! Les soies des chenilles urticantes, qui se d\u00e9tachent facilement sous l&#8217;effet du vent ou \u00e0 leur contact, peuvent \u00eatre \u00e0 [&hellip;]<\/p>\n","protected":false},"author":1,"featured_media":998,"comment_status":"closed","ping_status":"closed","sticky":false,"template":"","format":"standard","meta":{"_crdt_document":"","ocean_post_layout":"","ocean_both_sidebars_style":"","ocean_both_sidebars_content_width":0,"ocean_both_sidebars_sidebars_width":0,"ocean_sidebar":"0","ocean_second_sidebar":"0","ocean_disable_margins":"enable","ocean_add_body_class":"","ocean_shortcode_before_top_bar":"","ocean_shortcode_after_top_bar":"","ocean_shortcode_before_header":"","ocean_shortcode_after_header":"","ocean_has_shortcode":"","ocean_shortcode_after_title":"","ocean_shortcode_before_footer_widgets":"","ocean_shortcode_after_footer_widgets":"","ocean_shortcode_before_footer_bottom":"","ocean_shortcode_after_footer_bottom":"","ocean_display_top_bar":"default","ocean_display_header":"default","ocean_header_style":"","ocean_center_header_left_menu":"0","ocean_custom_header_template":"0","ocean_custom_logo":0,"ocean_custom_retina_logo":0,"ocean_custom_logo_max_width":0,"ocean_custom_logo_tablet_max_width":0,"ocean_custom_logo_mobile_max_width":0,"ocean_custom_logo_max_height":0,"ocean_custom_logo_tablet_max_height":0,"ocean_custom_logo_mobile_max_height":0,"ocean_header_custom_menu":"0","ocean_menu_typo_font_family":"0","ocean_menu_typo_font_subset":"","ocean_menu_typo_font_size":0,"ocean_menu_typo_font_size_tablet":0,"ocean_menu_typo_font_size_mobile":0,"ocean_menu_typo_font_size_unit":"px","ocean_menu_typo_font_weight":"","ocean_menu_typo_font_weight_tablet":"","ocean_menu_typo_font_weight_mobile":"","ocean_menu_typo_transform":"","ocean_menu_typo_transform_tablet":"","ocean_menu_typo_transform_mobile":"","ocean_menu_typo_line_height":0,"ocean_menu_typo_line_height_tablet":0,"ocean_menu_typo_line_height_mobile":0,"ocean_menu_typo_line_height_unit":"","ocean_menu_typo_spacing":0,"ocean_menu_typo_spacing_tablet":0,"ocean_menu_typo_spacing_mobile":0,"ocean_menu_typo_spacing_unit":"","ocean_menu_link_color":"","ocean_menu_link_color_hover":"","ocean_menu_link_color_active":"","ocean_menu_link_background":"","ocean_menu_link_hover_background":"","ocean_menu_link_active_background":"","ocean_menu_social_links_bg":"","ocean_menu_social_hover_links_bg":"","ocean_menu_social_links_color":"","ocean_menu_social_hover_links_color":"","ocean_disable_title":"default","ocean_disable_heading":"default","ocean_post_title":"","ocean_post_subheading":"","ocean_post_title_style":"","ocean_post_title_background_color":"","ocean_post_title_background":0,"ocean_post_title_bg_image_position":"","ocean_post_title_bg_image_attachment":"","ocean_post_title_bg_image_repeat":"","ocean_post_title_bg_image_size":"","ocean_post_title_height":0,"ocean_post_title_bg_overlay":0.5,"ocean_post_title_bg_overlay_color":"","ocean_disable_breadcrumbs":"default","ocean_breadcrumbs_color":"","ocean_breadcrumbs_separator_color":"","ocean_breadcrumbs_links_color":"","ocean_breadcrumbs_links_hover_color":"","ocean_display_footer_widgets":"default","ocean_display_footer_bottom":"default","ocean_custom_footer_template":"0","ocean_post_oembed":"","ocean_post_self_hosted_media":"","ocean_post_video_embed":"","ocean_link_format":"","ocean_link_format_target":"self","ocean_quote_format":"","ocean_quote_format_link":"post","ocean_gallery_link_images":"off","ocean_gallery_id":[],"footnotes":""},"categories":[405],"tags":[406,407,408,409,238,410,411,412,413],"class_list":["post-996","post","type-post","status-publish","format-standard","has-post-thumbnail","hentry","category-danger-naturel","tag-chenille","tag-chenille-processionnaire","tag-chenille-urticante","tag-liste-de-professionnels","tag-lutte","tag-prevention","tag-processionnaire","tag-professionnels","tag-urticante","entry","has-media"],"yoast_head":"<!-- This site is optimized with the Yoast SEO plugin v27.3 - https:\/\/yoast.com\/product\/yoast-seo-wordpress\/ -->\n<title>Chenilles processionnaires en Hauts-de-France - Espace jeunesse du site officiel de la Ville de Thiant<\/title>\n<meta name=\"description\" content=\"\u00c9norm\u00e9ment de signalement en Hauts-de-France. L&#039;ARS et FREDON vous informent sur les bons gestes \u00e0 avoir face \u00e0 cette chenille urticante.\" \/>\n<meta name=\"robots\" content=\"index, follow, max-snippet:-1, max-image-preview:large, max-video-preview:-1\" \/>\n<link rel=\"canonical\" href=\"https:\/\/thiant.fr\/wordpress\/jeunesse\/2021\/07\/23\/chenilles-processionnaires-en-hauts-de-france\/\" \/>\n<meta property=\"og:locale\" content=\"fr_FR\" \/>\n<meta property=\"og:type\" content=\"article\" \/>\n<meta property=\"og:title\" content=\"Chenilles processionnaires en Hauts-de-France - Espace jeunesse du site officiel de la Ville de Thiant\" \/>\n<meta property=\"og:description\" content=\"\u00c9norm\u00e9ment de signalement en Hauts-de-France. L&#039;ARS et FREDON vous informent sur les bons gestes \u00e0 avoir face \u00e0 cette chenille urticante.\" \/>\n<meta property=\"og:url\" content=\"https:\/\/thiant.fr\/wordpress\/jeunesse\/2021\/07\/23\/chenilles-processionnaires-en-hauts-de-france\/\" \/>\n<meta property=\"og:site_name\" content=\"Espace jeunesse du site officiel de la Ville de Thiant\" \/>\n<meta property=\"article:publisher\" content=\"https:\/\/www.facebook.com\/commune.thiant.1\" \/>\n<meta property=\"article:published_time\" content=\"2021-07-23T15:21:12+00:00\" \/>\n<meta property=\"article:modified_time\" content=\"2021-07-23T15:25:02+00:00\" \/>\n<meta property=\"og:image\" content=\"https:\/\/thiant.fr\/wordpress\/jeunesse\/wp-content\/uploads\/sites\/2\/2021\/07\/chenilles-processionnaires.webp\" \/>\n\t<meta property=\"og:image:width\" content=\"730\" \/>\n\t<meta property=\"og:image:height\" content=\"547\" \/>\n\t<meta property=\"og:image:type\" content=\"image\/webp\" \/>\n<meta name=\"author\" content=\"Service communication\" \/>\n<meta name=\"twitter:card\" content=\"summary_large_image\" \/>\n<meta name=\"twitter:label1\" content=\"\u00c9crit par\" \/>\n\t<meta name=\"twitter:data1\" content=\"Service communication\" \/>\n\t<meta name=\"twitter:label2\" content=\"Dur\u00e9e de lecture estim\u00e9e\" \/>\n\t<meta name=\"twitter:data2\" content=\"4 minutes\" \/>\n<script type=\"application\/ld+json\" class=\"yoast-schema-graph\">{\"@context\":\"https:\\\/\\\/schema.org\",\"@graph\":[{\"@type\":\"Article\",\"@id\":\"https:\\\/\\\/thiant.fr\\\/wordpress\\\/jeunesse\\\/2021\\\/07\\\/23\\\/chenilles-processionnaires-en-hauts-de-france\\\/#article\",\"isPartOf\":{\"@id\":\"https:\\\/\\\/thiant.fr\\\/wordpress\\\/jeunesse\\\/2021\\\/07\\\/23\\\/chenilles-processionnaires-en-hauts-de-france\\\/\"},\"author\":{\"name\":\"Service communication\",\"@id\":\"https:\\\/\\\/thiant.fr\\\/wordpress\\\/jeunesse\\\/#\\\/schema\\\/person\\\/f41122130d18c0720657431d990451c6\"},\"headline\":\"Chenilles processionnaires en Hauts-de-France\",\"datePublished\":\"2021-07-23T15:21:12+00:00\",\"dateModified\":\"2021-07-23T15:25:02+00:00\",\"mainEntityOfPage\":{\"@id\":\"https:\\\/\\\/thiant.fr\\\/wordpress\\\/jeunesse\\\/2021\\\/07\\\/23\\\/chenilles-processionnaires-en-hauts-de-france\\\/\"},\"wordCount\":738,\"publisher\":{\"@id\":\"https:\\\/\\\/thiant.fr\\\/wordpress\\\/jeunesse\\\/#organization\"},\"image\":{\"@id\":\"https:\\\/\\\/thiant.fr\\\/wordpress\\\/jeunesse\\\/2021\\\/07\\\/23\\\/chenilles-processionnaires-en-hauts-de-france\\\/#primaryimage\"},\"thumbnailUrl\":\"https:\\\/\\\/thiant.fr\\\/wordpress\\\/jeunesse\\\/wp-content\\\/uploads\\\/sites\\\/2\\\/2021\\\/07\\\/chenilles-processionnaires.webp\",\"keywords\":[\"chenille\",\"chenille processionnaire\",\"chenille urticante\",\"liste de professionnels\",\"lutte\",\"pr\u00e9vention\",\"processionnaire\",\"professionnels\",\"urticante\"],\"articleSection\":[\"Danger naturel\"],\"inLanguage\":\"fr-FR\"},{\"@type\":\"WebPage\",\"@id\":\"https:\\\/\\\/thiant.fr\\\/wordpress\\\/jeunesse\\\/2021\\\/07\\\/23\\\/chenilles-processionnaires-en-hauts-de-france\\\/\",\"url\":\"https:\\\/\\\/thiant.fr\\\/wordpress\\\/jeunesse\\\/2021\\\/07\\\/23\\\/chenilles-processionnaires-en-hauts-de-france\\\/\",\"name\":\"Chenilles processionnaires en Hauts-de-France - Espace jeunesse du site officiel de la Ville de Thiant\",\"isPartOf\":{\"@id\":\"https:\\\/\\\/thiant.fr\\\/wordpress\\\/jeunesse\\\/#website\"},\"primaryImageOfPage\":{\"@id\":\"https:\\\/\\\/thiant.fr\\\/wordpress\\\/jeunesse\\\/2021\\\/07\\\/23\\\/chenilles-processionnaires-en-hauts-de-france\\\/#primaryimage\"},\"image\":{\"@id\":\"https:\\\/\\\/thiant.fr\\\/wordpress\\\/jeunesse\\\/2021\\\/07\\\/23\\\/chenilles-processionnaires-en-hauts-de-france\\\/#primaryimage\"},\"thumbnailUrl\":\"https:\\\/\\\/thiant.fr\\\/wordpress\\\/jeunesse\\\/wp-content\\\/uploads\\\/sites\\\/2\\\/2021\\\/07\\\/chenilles-processionnaires.webp\",\"datePublished\":\"2021-07-23T15:21:12+00:00\",\"dateModified\":\"2021-07-23T15:25:02+00:00\",\"description\":\"\u00c9norm\u00e9ment de signalement en Hauts-de-France. L'ARS et FREDON vous informent sur les bons gestes \u00e0 avoir face \u00e0 cette chenille urticante.\",\"breadcrumb\":{\"@id\":\"https:\\\/\\\/thiant.fr\\\/wordpress\\\/jeunesse\\\/2021\\\/07\\\/23\\\/chenilles-processionnaires-en-hauts-de-france\\\/#breadcrumb\"},\"inLanguage\":\"fr-FR\",\"potentialAction\":[{\"@type\":\"ReadAction\",\"target\":[\"https:\\\/\\\/thiant.fr\\\/wordpress\\\/jeunesse\\\/2021\\\/07\\\/23\\\/chenilles-processionnaires-en-hauts-de-france\\\/\"]}]},{\"@type\":\"ImageObject\",\"inLanguage\":\"fr-FR\",\"@id\":\"https:\\\/\\\/thiant.fr\\\/wordpress\\\/jeunesse\\\/2021\\\/07\\\/23\\\/chenilles-processionnaires-en-hauts-de-france\\\/#primaryimage\",\"url\":\"https:\\\/\\\/thiant.fr\\\/wordpress\\\/jeunesse\\\/wp-content\\\/uploads\\\/sites\\\/2\\\/2021\\\/07\\\/chenilles-processionnaires.webp\",\"contentUrl\":\"https:\\\/\\\/thiant.fr\\\/wordpress\\\/jeunesse\\\/wp-content\\\/uploads\\\/sites\\\/2\\\/2021\\\/07\\\/chenilles-processionnaires.webp\",\"width\":730,\"height\":547},{\"@type\":\"BreadcrumbList\",\"@id\":\"https:\\\/\\\/thiant.fr\\\/wordpress\\\/jeunesse\\\/2021\\\/07\\\/23\\\/chenilles-processionnaires-en-hauts-de-france\\\/#breadcrumb\",\"itemListElement\":[{\"@type\":\"ListItem\",\"position\":1,\"name\":\"Accueil\",\"item\":\"https:\\\/\\\/thiant.fr\\\/wordpress\\\/jeunesse\\\/\"},{\"@type\":\"ListItem\",\"position\":2,\"name\":\"Chenilles processionnaires en Hauts-de-France\"}]},{\"@type\":\"WebSite\",\"@id\":\"https:\\\/\\\/thiant.fr\\\/wordpress\\\/jeunesse\\\/#website\",\"url\":\"https:\\\/\\\/thiant.fr\\\/wordpress\\\/jeunesse\\\/\",\"name\":\"Espace jeunesse du site officiel de la Ville de Thiant\",\"description\":\"\",\"publisher\":{\"@id\":\"https:\\\/\\\/thiant.fr\\\/wordpress\\\/jeunesse\\\/#organization\"},\"potentialAction\":[{\"@type\":\"SearchAction\",\"target\":{\"@type\":\"EntryPoint\",\"urlTemplate\":\"https:\\\/\\\/thiant.fr\\\/wordpress\\\/jeunesse\\\/?s={search_term_string}\"},\"query-input\":{\"@type\":\"PropertyValueSpecification\",\"valueRequired\":true,\"valueName\":\"search_term_string\"}}],\"inLanguage\":\"fr-FR\"},{\"@type\":\"Organization\",\"@id\":\"https:\\\/\\\/thiant.fr\\\/wordpress\\\/jeunesse\\\/#organization\",\"name\":\"Espace jeunesse du site officiel de la Ville de Thiant\",\"url\":\"https:\\\/\\\/thiant.fr\\\/wordpress\\\/jeunesse\\\/\",\"logo\":{\"@type\":\"ImageObject\",\"inLanguage\":\"fr-FR\",\"@id\":\"https:\\\/\\\/thiant.fr\\\/wordpress\\\/jeunesse\\\/#\\\/schema\\\/logo\\\/image\\\/\",\"url\":\"https:\\\/\\\/thiant.fr\\\/wordpress\\\/jeunesse\\\/wp-content\\\/uploads\\\/sites\\\/2\\\/2019\\\/10\\\/Logo_jeunesse_02-1.png\",\"contentUrl\":\"https:\\\/\\\/thiant.fr\\\/wordpress\\\/jeunesse\\\/wp-content\\\/uploads\\\/sites\\\/2\\\/2019\\\/10\\\/Logo_jeunesse_02-1.png\",\"width\":384,\"height\":203,\"caption\":\"Espace jeunesse du site officiel de la Ville de Thiant\"},\"image\":{\"@id\":\"https:\\\/\\\/thiant.fr\\\/wordpress\\\/jeunesse\\\/#\\\/schema\\\/logo\\\/image\\\/\"},\"sameAs\":[\"https:\\\/\\\/www.facebook.com\\\/commune.thiant.1\"]},{\"@type\":\"Person\",\"@id\":\"https:\\\/\\\/thiant.fr\\\/wordpress\\\/jeunesse\\\/#\\\/schema\\\/person\\\/f41122130d18c0720657431d990451c6\",\"name\":\"Service communication\",\"image\":{\"@type\":\"ImageObject\",\"inLanguage\":\"fr-FR\",\"@id\":\"https:\\\/\\\/thiant.fr\\\/wordpress\\\/jeunesse\\\/wp-content\\\/litespeed\\\/avatar\\\/2\\\/eeb9098e5269f97d4e67fcd6f533ccb1.jpg?ver=1776850616\",\"url\":\"https:\\\/\\\/thiant.fr\\\/wordpress\\\/jeunesse\\\/wp-content\\\/litespeed\\\/avatar\\\/2\\\/eeb9098e5269f97d4e67fcd6f533ccb1.jpg?ver=1776850616\",\"contentUrl\":\"https:\\\/\\\/thiant.fr\\\/wordpress\\\/jeunesse\\\/wp-content\\\/litespeed\\\/avatar\\\/2\\\/eeb9098e5269f97d4e67fcd6f533ccb1.jpg?ver=1776850616\",\"caption\":\"Service communication\"},\"url\":\"https:\\\/\\\/thiant.fr\\\/wordpress\\\/jeunesse\\\/author\\\/adminwpress\\\/\"}]}<\/script>\n<!-- \/ Yoast SEO plugin. -->","yoast_head_json":{"title":"Chenilles processionnaires en Hauts-de-France - Espace jeunesse du site officiel de la Ville de Thiant","description":"\u00c9norm\u00e9ment de signalement en Hauts-de-France. L'ARS et FREDON vous informent sur les bons gestes \u00e0 avoir face \u00e0 cette chenille urticante.","robots":{"index":"index","follow":"follow","max-snippet":"max-snippet:-1","max-image-preview":"max-image-preview:large","max-video-preview":"max-video-preview:-1"},"canonical":"https:\/\/thiant.fr\/wordpress\/jeunesse\/2021\/07\/23\/chenilles-processionnaires-en-hauts-de-france\/","og_locale":"fr_FR","og_type":"article","og_title":"Chenilles processionnaires en Hauts-de-France - Espace jeunesse du site officiel de la Ville de Thiant","og_description":"\u00c9norm\u00e9ment de signalement en Hauts-de-France. L'ARS et FREDON vous informent sur les bons gestes \u00e0 avoir face \u00e0 cette chenille urticante.","og_url":"https:\/\/thiant.fr\/wordpress\/jeunesse\/2021\/07\/23\/chenilles-processionnaires-en-hauts-de-france\/","og_site_name":"Espace jeunesse du site officiel de la Ville de Thiant","article_publisher":"https:\/\/www.facebook.com\/commune.thiant.1","article_published_time":"2021-07-23T15:21:12+00:00","article_modified_time":"2021-07-23T15:25:02+00:00","og_image":[{"width":730,"height":547,"url":"https:\/\/thiant.fr\/wordpress\/jeunesse\/wp-content\/uploads\/sites\/2\/2021\/07\/chenilles-processionnaires.webp","type":"image\/webp"}],"author":"Service communication","twitter_card":"summary_large_image","twitter_misc":{"\u00c9crit par":"Service communication","Dur\u00e9e de lecture estim\u00e9e":"4 minutes"},"schema":{"@context":"https:\/\/schema.org","@graph":[{"@type":"Article","@id":"https:\/\/thiant.fr\/wordpress\/jeunesse\/2021\/07\/23\/chenilles-processionnaires-en-hauts-de-france\/#article","isPartOf":{"@id":"https:\/\/thiant.fr\/wordpress\/jeunesse\/2021\/07\/23\/chenilles-processionnaires-en-hauts-de-france\/"},"author":{"name":"Service communication","@id":"https:\/\/thiant.fr\/wordpress\/jeunesse\/#\/schema\/person\/f41122130d18c0720657431d990451c6"},"headline":"Chenilles processionnaires en Hauts-de-France","datePublished":"2021-07-23T15:21:12+00:00","dateModified":"2021-07-23T15:25:02+00:00","mainEntityOfPage":{"@id":"https:\/\/thiant.fr\/wordpress\/jeunesse\/2021\/07\/23\/chenilles-processionnaires-en-hauts-de-france\/"},"wordCount":738,"publisher":{"@id":"https:\/\/thiant.fr\/wordpress\/jeunesse\/#organization"},"image":{"@id":"https:\/\/thiant.fr\/wordpress\/jeunesse\/2021\/07\/23\/chenilles-processionnaires-en-hauts-de-france\/#primaryimage"},"thumbnailUrl":"https:\/\/thiant.fr\/wordpress\/jeunesse\/wp-content\/uploads\/sites\/2\/2021\/07\/chenilles-processionnaires.webp","keywords":["chenille","chenille processionnaire","chenille urticante","liste de professionnels","lutte","pr\u00e9vention","processionnaire","professionnels","urticante"],"articleSection":["Danger naturel"],"inLanguage":"fr-FR"},{"@type":"WebPage","@id":"https:\/\/thiant.fr\/wordpress\/jeunesse\/2021\/07\/23\/chenilles-processionnaires-en-hauts-de-france\/","url":"https:\/\/thiant.fr\/wordpress\/jeunesse\/2021\/07\/23\/chenilles-processionnaires-en-hauts-de-france\/","name":"Chenilles processionnaires en Hauts-de-France - Espace jeunesse du site officiel de la Ville de Thiant","isPartOf":{"@id":"https:\/\/thiant.fr\/wordpress\/jeunesse\/#website"},"primaryImageOfPage":{"@id":"https:\/\/thiant.fr\/wordpress\/jeunesse\/2021\/07\/23\/chenilles-processionnaires-en-hauts-de-france\/#primaryimage"},"image":{"@id":"https:\/\/thiant.fr\/wordpress\/jeunesse\/2021\/07\/23\/chenilles-processionnaires-en-hauts-de-france\/#primaryimage"},"thumbnailUrl":"https:\/\/thiant.fr\/wordpress\/jeunesse\/wp-content\/uploads\/sites\/2\/2021\/07\/chenilles-processionnaires.webp","datePublished":"2021-07-23T15:21:12+00:00","dateModified":"2021-07-23T15:25:02+00:00","description":"\u00c9norm\u00e9ment de signalement en Hauts-de-France. L'ARS et FREDON vous informent sur les bons gestes \u00e0 avoir face \u00e0 cette chenille urticante.","breadcrumb":{"@id":"https:\/\/thiant.fr\/wordpress\/jeunesse\/2021\/07\/23\/chenilles-processionnaires-en-hauts-de-france\/#breadcrumb"},"inLanguage":"fr-FR","potentialAction":[{"@type":"ReadAction","target":["https:\/\/thiant.fr\/wordpress\/jeunesse\/2021\/07\/23\/chenilles-processionnaires-en-hauts-de-france\/"]}]},{"@type":"ImageObject","inLanguage":"fr-FR","@id":"https:\/\/thiant.fr\/wordpress\/jeunesse\/2021\/07\/23\/chenilles-processionnaires-en-hauts-de-france\/#primaryimage","url":"https:\/\/thiant.fr\/wordpress\/jeunesse\/wp-content\/uploads\/sites\/2\/2021\/07\/chenilles-processionnaires.webp","contentUrl":"https:\/\/thiant.fr\/wordpress\/jeunesse\/wp-content\/uploads\/sites\/2\/2021\/07\/chenilles-processionnaires.webp","width":730,"height":547},{"@type":"BreadcrumbList","@id":"https:\/\/thiant.fr\/wordpress\/jeunesse\/2021\/07\/23\/chenilles-processionnaires-en-hauts-de-france\/#breadcrumb","itemListElement":[{"@type":"ListItem","position":1,"name":"Accueil","item":"https:\/\/thiant.fr\/wordpress\/jeunesse\/"},{"@type":"ListItem","position":2,"name":"Chenilles processionnaires en Hauts-de-France"}]},{"@type":"WebSite","@id":"https:\/\/thiant.fr\/wordpress\/jeunesse\/#website","url":"https:\/\/thiant.fr\/wordpress\/jeunesse\/","name":"Espace jeunesse du site officiel de la Ville de Thiant","description":"","publisher":{"@id":"https:\/\/thiant.fr\/wordpress\/jeunesse\/#organization"},"potentialAction":[{"@type":"SearchAction","target":{"@type":"EntryPoint","urlTemplate":"https:\/\/thiant.fr\/wordpress\/jeunesse\/?s={search_term_string}"},"query-input":{"@type":"PropertyValueSpecification","valueRequired":true,"valueName":"search_term_string"}}],"inLanguage":"fr-FR"},{"@type":"Organization","@id":"https:\/\/thiant.fr\/wordpress\/jeunesse\/#organization","name":"Espace jeunesse du site officiel de la Ville de Thiant","url":"https:\/\/thiant.fr\/wordpress\/jeunesse\/","logo":{"@type":"ImageObject","inLanguage":"fr-FR","@id":"https:\/\/thiant.fr\/wordpress\/jeunesse\/#\/schema\/logo\/image\/","url":"https:\/\/thiant.fr\/wordpress\/jeunesse\/wp-content\/uploads\/sites\/2\/2019\/10\/Logo_jeunesse_02-1.png","contentUrl":"https:\/\/thiant.fr\/wordpress\/jeunesse\/wp-content\/uploads\/sites\/2\/2019\/10\/Logo_jeunesse_02-1.png","width":384,"height":203,"caption":"Espace jeunesse du site officiel de la Ville de Thiant"},"image":{"@id":"https:\/\/thiant.fr\/wordpress\/jeunesse\/#\/schema\/logo\/image\/"},"sameAs":["https:\/\/www.facebook.com\/commune.thiant.1"]},{"@type":"Person","@id":"https:\/\/thiant.fr\/wordpress\/jeunesse\/#\/schema\/person\/f41122130d18c0720657431d990451c6","name":"Service communication","image":{"@type":"ImageObject","inLanguage":"fr-FR","@id":"https:\/\/thiant.fr\/wordpress\/jeunesse\/wp-content\/litespeed\/avatar\/2\/eeb9098e5269f97d4e67fcd6f533ccb1.jpg?ver=1776850616","url":"https:\/\/thiant.fr\/wordpress\/jeunesse\/wp-content\/litespeed\/avatar\/2\/eeb9098e5269f97d4e67fcd6f533ccb1.jpg?ver=1776850616","contentUrl":"https:\/\/thiant.fr\/wordpress\/jeunesse\/wp-content\/litespeed\/avatar\/2\/eeb9098e5269f97d4e67fcd6f533ccb1.jpg?ver=1776850616","caption":"Service communication"},"url":"https:\/\/thiant.fr\/wordpress\/jeunesse\/author\/adminwpress\/"}]}},"_links":{"self":[{"href":"https:\/\/thiant.fr\/wordpress\/jeunesse\/wp-json\/wp\/v2\/posts\/996","targetHints":{"allow":["GET"]}}],"collection":[{"href":"https:\/\/thiant.fr\/wordpress\/jeunesse\/wp-json\/wp\/v2\/posts"}],"about":[{"href":"https:\/\/thiant.fr\/wordpress\/jeunesse\/wp-json\/wp\/v2\/types\/post"}],"author":[{"embeddable":true,"href":"https:\/\/thiant.fr\/wordpress\/jeunesse\/wp-json\/wp\/v2\/users\/1"}],"replies":[{"embeddable":true,"href":"https:\/\/thiant.fr\/wordpress\/jeunesse\/wp-json\/wp\/v2\/comments?post=996"}],"version-history":[{"count":3,"href":"https:\/\/thiant.fr\/wordpress\/jeunesse\/wp-json\/wp\/v2\/posts\/996\/revisions"}],"predecessor-version":[{"id":1002,"href":"https:\/\/thiant.fr\/wordpress\/jeunesse\/wp-json\/wp\/v2\/posts\/996\/revisions\/1002"}],"wp:featuredmedia":[{"embeddable":true,"href":"https:\/\/thiant.fr\/wordpress\/jeunesse\/wp-json\/wp\/v2\/media\/998"}],"wp:attachment":[{"href":"https:\/\/thiant.fr\/wordpress\/jeunesse\/wp-json\/wp\/v2\/media?parent=996"}],"wp:term":[{"taxonomy":"category","embeddable":true,"href":"https:\/\/thiant.fr\/wordpress\/jeunesse\/wp-json\/wp\/v2\/categories?post=996"},{"taxonomy":"post_tag","embeddable":true,"href":"https:\/\/thiant.fr\/wordpress\/jeunesse\/wp-json\/wp\/v2\/tags?post=996"}],"curies":[{"name":"wp","href":"https:\/\/api.w.org\/{rel}","templated":true}]}}