{"id":1071,"date":"2020-03-10T12:09:44","date_gmt":"2020-03-10T11:09:44","guid":{"rendered":"https:\/\/thiant.fr\/wordpress\/?p=1071"},"modified":"2020-03-10T12:41:49","modified_gmt":"2020-03-10T11:41:49","slug":"situation-du-coronavirus-dans-le-nord","status":"publish","type":"post","link":"https:\/\/thiant.fr\/wordpress\/situation-du-coronavirus-dans-le-nord\/","title":{"rendered":"Situation du coronavirus dans le Nord"},"content":{"rendered":"\t\t<div data-elementor-type=\"wp-post\" data-elementor-id=\"1071\" class=\"elementor elementor-1071\">\n\t\t\t\t\t\t<section class=\"elementor-section elementor-top-section elementor-element elementor-element-1b47b4a elementor-section-boxed elementor-section-height-default elementor-section-height-default\" data-id=\"1b47b4a\" data-element_type=\"section\" data-e-type=\"section\">\n\t\t\t\t\t\t<div class=\"elementor-container elementor-column-gap-default\">\n\t\t\t\t\t<div class=\"elementor-column elementor-col-100 elementor-top-column elementor-element elementor-element-5c280d5\" data-id=\"5c280d5\" data-element_type=\"column\" data-e-type=\"column\">\n\t\t\t<div class=\"elementor-widget-wrap elementor-element-populated\">\n\t\t\t\t\t\t<div class=\"elementor-element elementor-element-a32f441 elementor-widget elementor-widget-text-editor\" data-id=\"a32f441\" data-element_type=\"widget\" data-e-type=\"widget\" data-widget_type=\"text-editor.default\">\n\t\t\t\t<div class=\"elementor-widget-container\">\n\t\t\t\t\t\t\t\t\t<h6><span style=\"color: #008000;\">Informations en date du 9 mars 2020<\/span><\/h6><p><strong><span style=\"color: #333333;\">Communiqu\u00e9 de la Pr\u00e9fecture du Nord<\/span><\/strong><\/p>\t\t\t\t\t\t\t\t<\/div>\n\t\t\t\t<\/div>\n\t\t\t\t\t<\/div>\n\t\t<\/div>\n\t\t\t\t\t<\/div>\n\t\t<\/section>\n\t\t\t\t<section class=\"elementor-section elementor-top-section elementor-element elementor-element-5aebc9a elementor-section-boxed elementor-section-height-default elementor-section-height-default\" data-id=\"5aebc9a\" data-element_type=\"section\" data-e-type=\"section\">\n\t\t\t\t\t\t<div class=\"elementor-container elementor-column-gap-default\">\n\t\t\t\t\t<div class=\"elementor-column elementor-col-100 elementor-top-column elementor-element elementor-element-da89e78\" data-id=\"da89e78\" data-element_type=\"column\" data-e-type=\"column\">\n\t\t\t<div class=\"elementor-widget-wrap elementor-element-populated\">\n\t\t\t\t\t\t<div class=\"elementor-element elementor-element-65553fe elementor-widget elementor-widget-text-editor\" data-id=\"65553fe\" data-element_type=\"widget\" data-e-type=\"widget\" data-widget_type=\"text-editor.default\">\n\t\t\t\t<div class=\"elementor-widget-container\">\n\t\t\t\t\t\t\t\t\t<h3 style=\"text-align: center;\"><span style=\"color: #003366;\">Coronavirus (COVID-19)<\/span><br \/><span style=\"color: #003366;\">Point de situation dans le Nord<\/span><\/h3>\t\t\t\t\t\t\t\t<\/div>\n\t\t\t\t<\/div>\n\t\t\t\t\t<\/div>\n\t\t<\/div>\n\t\t\t\t\t<\/div>\n\t\t<\/section>\n\t\t\t\t<section class=\"elementor-section elementor-top-section elementor-element elementor-element-0b7eccd elementor-section-boxed elementor-section-height-default elementor-section-height-default\" data-id=\"0b7eccd\" data-element_type=\"section\" data-e-type=\"section\">\n\t\t\t\t\t\t<div class=\"elementor-container elementor-column-gap-default\">\n\t\t\t\t\t<div class=\"elementor-column elementor-col-100 elementor-top-column elementor-element elementor-element-6915f0a\" data-id=\"6915f0a\" data-element_type=\"column\" data-e-type=\"column\">\n\t\t\t<div class=\"elementor-widget-wrap elementor-element-populated\">\n\t\t\t\t\t\t<div class=\"elementor-element elementor-element-ec0d886 elementor-widget elementor-widget-text-editor\" data-id=\"ec0d886\" data-element_type=\"widget\" data-e-type=\"widget\" data-widget_type=\"text-editor.default\">\n\t\t\t\t<div class=\"elementor-widget-container\">\n\t\t\t\t\t\t\t\t\t<a href=\"#rassemblements\"><h5 style=\"color: #666699;\">1. Interdiction des rassemblements et manifestations publiques de plus de 1000 personnes en int\u00e9rieur et ext\u00e9rieur<\/h5><\/a>\n<a href=\"#entreprises\"><h5 style=\"color: #666699;\">2. Les administrations rencontreront les entreprises \u00e0 la Chambre de Commerce et d\u2019Industrie des Hauts-de-France le jeudi 12 mars<\/h5><\/a>\n<a href=\"#ecoles\"><h5 style=\"color: #666699;\">3. Fermeture d\u2019\u00e9coles \u00e0 Roost-Warendin et Coutiches et fermeture d\u2019une cr\u00e8che \u00e0 Coutiches<\/h5><\/a>\n<a href=\"#consignes\"><h5 style=\"color: #666699;\">Consignes<\/h5><\/a>\t\t\t\t\t\t\t\t<\/div>\n\t\t\t\t<\/div>\n\t\t\t\t\t<\/div>\n\t\t<\/div>\n\t\t\t\t\t<\/div>\n\t\t<\/section>\n\t\t\t\t<section class=\"elementor-section elementor-top-section elementor-element elementor-element-58d0b5e elementor-section-boxed elementor-section-height-default elementor-section-height-default\" data-id=\"58d0b5e\" data-element_type=\"section\" data-e-type=\"section\">\n\t\t\t\t\t\t<div class=\"elementor-container elementor-column-gap-default\">\n\t\t\t\t\t<div class=\"elementor-column elementor-col-100 elementor-top-column elementor-element elementor-element-594f3b6\" data-id=\"594f3b6\" data-element_type=\"column\" data-e-type=\"column\">\n\t\t\t<div class=\"elementor-widget-wrap elementor-element-populated\">\n\t\t\t\t\t\t<div class=\"elementor-element elementor-element-cb6c2f7 elementor-widget elementor-widget-text-editor\" data-id=\"cb6c2f7\" data-element_type=\"widget\" data-e-type=\"widget\" data-widget_type=\"text-editor.default\">\n\t\t\t\t<div class=\"elementor-widget-container\">\n\t\t\t\t\t\t\t\t\t<h6 id=\"rassemblements\"><span style=\"color: #666699;\">1. INTERDICTION DES RASSEMBLEMENTS ET MANIFESTATIONS PUBLIQUES<\/span><br \/><span style=\"color: #666699;\">DE PLUS DE 1000 PERSONNES EN INT\u00c9RIEUR ET EXT\u00c9RIEUR<\/span><\/h6><p><span style=\"color: #333333;\">Afin de freiner la propagation du virus Covid-19, le Conseil de D\u00e9fense du 8 mars 2020 a d\u00e9cid\u00e9 la prise de nouvelles mesures sur l\u2019ensemble du territoire national.<\/span><\/p><p><span style=\"color: #333333;\"><strong>Tous les rassemblements de plus de 1 000 personnes,<\/strong> \u00e0 l\u2019ext\u00e9rieur et \u00e0 l\u2019int\u00e9rieur, et non plus uniquement ceux qui se tiennent en milieux clos, <strong>sont d\u00e9sormais interdits.<\/strong> Cette mesure sera en vigueur au moins <strong>jusqu\u2019au 15 avril 2020.<\/strong> Les rencontres sportives en milieu ouvert sont ainsi dor\u00e9navant incluses dans le champ de l\u2019interdiction.<\/span><\/p><p><span style=\"color: #333333;\"><strong>Seuls les \u00e9v\u00e9nements indispensables \u00e0 la continuit\u00e9 de la vie de la Nation pourront faire l\u2019objet d\u2019une autorisation.<\/strong> En particulier, les manifestations revendicatives, les concours de recrutement et autres meetings \u00e9lectoraux entrent dans ce cadre.<\/span><\/p><p><span style=\"color: #333333;\">Les organisateurs qui souhaitent solliciter l\u2019<strong>autorisation exceptionnelle de maintien d\u2019un\u00a0 rassemblement de plus de 1000 personnes<\/strong> au motif que celui-ci est \u00ab <strong><em>indispensable \u00e0 la continuit\u00e9 de la vie de la Nation<\/em><\/strong> \u00bb doivent formuler leur demande sur la bo\u00eete mail d\u00e9di\u00e9e : <a href=\"mailto:pref-covid19@nord.gouv.fr\">pref-covid19@nord.gouv.fr<\/a>, en pr\u00e9cisant :<\/span><\/p><p style=\"padding-left: 40px;\"><span style=\"color: #333333;\">&#8211; le titre de l\u2019\u00e9v\u00e9nement<\/span><br \/><span style=\"color: #333333;\">&#8211; la commune o\u00f9 se tient l\u2019\u00e9v\u00e9nement<\/span><br \/><span style=\"color: #333333;\">&#8211; la date<\/span><br \/><span style=\"color: #333333;\">&#8211; les coordonn\u00e9es des organisateurs : NOM \u2013 Pr\u00e9nom \u2013 t\u00e9l\u00e9phone \u2013 courriel<\/span><br \/><span style=\"color: #333333;\">&#8211; le nombre de personnes attendues<\/span><br \/><span style=\"color: #333333;\">&#8211; le motif justifiant que l\u2019\u00e9v\u00e9nement soit consid\u00e9r\u00e9 comme \u00ab<em> indispensable \u00e0 la continuit\u00e9 de la vie de la Nation<\/em> \u00bb<\/span><\/p>\t\t\t\t\t\t\t\t<\/div>\n\t\t\t\t<\/div>\n\t\t\t\t\t<\/div>\n\t\t<\/div>\n\t\t\t\t\t<\/div>\n\t\t<\/section>\n\t\t\t\t<section class=\"elementor-section elementor-top-section elementor-element elementor-element-72c61af elementor-section-boxed elementor-section-height-default elementor-section-height-default\" data-id=\"72c61af\" data-element_type=\"section\" data-e-type=\"section\">\n\t\t\t\t\t\t<div class=\"elementor-container elementor-column-gap-default\">\n\t\t\t\t\t<div class=\"elementor-column elementor-col-100 elementor-top-column elementor-element elementor-element-54a1d59\" data-id=\"54a1d59\" data-element_type=\"column\" data-e-type=\"column\">\n\t\t\t<div class=\"elementor-widget-wrap elementor-element-populated\">\n\t\t\t\t\t\t<div class=\"elementor-element elementor-element-5b11e30 elementor-widget elementor-widget-text-editor\" data-id=\"5b11e30\" data-element_type=\"widget\" data-e-type=\"widget\" data-widget_type=\"text-editor.default\">\n\t\t\t\t<div class=\"elementor-widget-container\">\n\t\t\t\t\t\t\t\t\t<h6 id=\"entreprises\"><span style=\"color: #666699;\">2. LES ADMINISTRATIONS IRONT \u00c0 LA RENCONTRE DES ENTREPRISES LE <\/span><span style=\"color: #666699;\">JEUDI 12 MARS \u00c0 LA CHAMBRE DE COMMERCE ET D\u2019INDUSTRIE <\/span><span style=\"color: #666699;\">R\u00c9GIONALE (CCIR)<\/span><\/h6><p><span style=\"color: #333333;\"><strong>Pour rappel :<\/strong><\/span><br \/><span style=\"color: #333333;\">Un Facebook live est organis\u00e9 jeudi 12 mars, de 9h30 \u00e0 11h00, \u00e0 la CCIR avec en direct :<\/span><\/p><p style=\"padding-left: 40px;\"><span style=\"color: #333333;\">&#8211; Michel Lalande, pr\u00e9fet de la r\u00e9gion Hauts-de-France<\/span><br \/><span style=\"color: #333333;\">&#8211; Xavier Bertrand, pr\u00e9sident du conseil r\u00e9gional Hauts-de-France<\/span><br \/><span style=\"color: #333333;\">&#8211; Philippe Hourdain, pr\u00e9sident de la Chambre de Commerce et d\u2019Industrie Hauts-de-France<\/span><br \/><span style=\"color: #333333;\">&#8211; Alain Griset, pr\u00e9sident de la Chambre des M\u00e9tiers et de l\u2019Artisanat Hauts-de-France<\/span><br \/><span style=\"color: #333333;\">&#8211; Olivier Dauger, pr\u00e9sident de la Chambre d\u2019Agriculture Hauts-de-France<\/span><br \/><span style=\"color: #333333;\">&#8211; Patrice Pennel, pr\u00e9sident du Medef Hauts-de-France<\/span><br \/><span style=\"color: #333333;\">&#8211; Alain Darnoncour, pr\u00e9sident de la CPME Nord<\/span><br \/><span style=\"color: #333333;\">&#8211; Dr Chantal Mille, m\u00e9decin du travail, r\u00e9f\u00e9rent en Infectiologie P\u00f4le Sant\u00e9 Travail M\u00e9tropole <\/span><span style=\"color: #333333;\">Nord<\/span><\/p><p><span style=\"color: #333333;\">Ce sera l\u2019occasion pour la CCIR de rappeler les aides possibles aux entreprises impact\u00e9es par <\/span><span style=\"color: #333333;\">le Covid-19 et de pr\u00e9senter les <\/span><span style=\"color: #333333;\">premiers r\u00e9sultats de son enqu\u00eate sur l\u2019impact du virus sur le tissu \u00e9conomique.<\/span><\/p><p><span style=\"color: #333333;\">Les services de la direction r\u00e9gionale des finances publiques (DRFIP), de l\u2019agence r\u00e9gionale de <\/span><span style=\"color: #333333;\">sant\u00e9 (ARS) et de la direction r\u00e9gionale des entreprises, de la concurrence, de la consommation,<\/span> <span style=\"color: #333333;\">du travail et de l\u2019emploi (DIRECCTE) viendront \u00e9galement r\u00e9pondre aux questions pr\u00e9cises et <\/span><span style=\"color: #333333;\">techniques des chefs\u00a0 d\u2019entreprises.<\/span><\/p><p><span style=\"color: #333333;\">Vous pourrez suivre ce Facebook live sur les comptes officiels :<\/span><\/p><p style=\"padding-left: 40px;\"><span style=\"color: #333333;\">&#8211; <strong>CCI Hauts-de-France<\/strong><\/span><br \/><span style=\"color: #333333;\">&#8211; <strong>Pr\u00e9fet de la r\u00e9gion Hauts-de-France et du Nord<\/strong><\/span><\/p><p><span style=\"color: #333333;\">Les entreprises peuvent \u00e9galement poser leurs questions \u00e0 l\u2019adresse <\/span><span style=\"color: #333333;\"><a href=\"covid19@hautsdefrance.cci.fr\">covid19@hautsdefrance.cci.fr<\/a><\/span><\/p>\t\t\t\t\t\t\t\t<\/div>\n\t\t\t\t<\/div>\n\t\t\t\t\t<\/div>\n\t\t<\/div>\n\t\t\t\t\t<\/div>\n\t\t<\/section>\n\t\t\t\t<section class=\"elementor-section elementor-top-section elementor-element elementor-element-ccf608a elementor-section-boxed elementor-section-height-default elementor-section-height-default\" data-id=\"ccf608a\" data-element_type=\"section\" data-e-type=\"section\">\n\t\t\t\t\t\t<div class=\"elementor-container elementor-column-gap-default\">\n\t\t\t\t\t<div class=\"elementor-column elementor-col-100 elementor-top-column elementor-element elementor-element-455fd6b\" data-id=\"455fd6b\" data-element_type=\"column\" data-e-type=\"column\">\n\t\t\t<div class=\"elementor-widget-wrap elementor-element-populated\">\n\t\t\t\t\t\t<div class=\"elementor-element elementor-element-d529552 elementor-widget elementor-widget-text-editor\" data-id=\"d529552\" data-element_type=\"widget\" data-e-type=\"widget\" data-widget_type=\"text-editor.default\">\n\t\t\t\t<div class=\"elementor-widget-container\">\n\t\t\t\t\t\t\t\t\t<h6 id=\"ecoles\"><span style=\"color: #666699;\">3. FERMETURE D\u2019\u00c9COLES \u00c0 ROOST-WARENDIN ET COUTICHES ET D\u2019UNE <\/span><span style=\"color: #666699;\">CRECHE A COUTICHES<\/span><\/h6><p><span style=\"color: #333333;\">Afin de limiter la propagation du virus et par mesure de pr\u00e9caution, deux \u00e9coles ont \u00e9t\u00e9 ferm\u00e9es <\/span><span style=\"color: #333333;\">dans le d\u00e9partement, ainsi qu\u2019une cr\u00e8che :<\/span><\/p><p><strong><span style=\"color: #333333;\">&#8211; groupe scolaire Roger Salengro \u00e0 Roost-Warendin<\/span><\/strong><\/p><p style=\"padding-left: 40px;\"><span style=\"color: #333333;\">Un cas de Coronavirus ayant \u00e9t\u00e9 confirm\u00e9 au sein du groupe scolaire Roger Salengro situ\u00e9 rue <\/span><span style=\"color: #333333;\">Pierre Brossolette \u00e0 Roost-Warendin, Michel Lalande, pr\u00e9fet du Nord, et Val\u00e9rie Cabuil, rectrice <\/span><span style=\"color: #333333;\">de la r\u00e9gion acad\u00e9mique des Hauts-de-France, rectrice de l\u2019acad\u00e9mie de Lille, ont pris la d\u00e9cision par arr\u00eat\u00e9 du 6 mars 2020 de fermer le groupe scolaire jusqu\u2019au 10 mars inclus afin de proc\u00e9der \u00e0 l\u2019ensemble des v\u00e9rifications et \u00e0 la d\u00e9sinfection de l\u2019\u00e9tablissement. Cette mesure est susceptible d\u2019\u00eatre prolong\u00e9e en fonction de l\u2019\u00e9volution de la situation.<br \/><\/span><\/p><p><span style=\"color: #333333;\"><strong>&#8211; \u00e9cole publique L\u00e9on Lambert \u00e0 Coutiches<\/strong><br \/><\/span><\/p><p style=\"padding-left: 40px;\"><span style=\"color: #333333;\">Un enfant scolaris\u00e9 en classe de CM1 au sein de l&#8217;\u00e9cole publique L\u00e9on Lambert, situ\u00e9e 1305, rue Nationale \u00e0 Coutiches, a \u00e9t\u00e9 diagnostiqu\u00e9 positif au coronavirus Covid-19. L&#8217;\u00e9tat de sant\u00e9 de cet enfant, qui n&#8217;est plus scolaris\u00e9 depuis le 4 mars, n\u2019inspire pas d\u2019inqui\u00e9tude.<br \/><\/span><\/p><p style=\"padding-left: 40px;\"><span style=\"color: #333333;\">D\u00e8s la confirmation de ce cas, l&#8217;ARS et Sant\u00e9 publique France ont engag\u00e9 les investigations afin d&#8217;identifier l&#8217;ensemble des personnes qui ont pu \u00eatre en contact rapproch\u00e9 avec cet enfant et sa famille.<br \/><\/span><\/p><p style=\"padding-left: 40px;\"><span style=\"color: #333333;\">Par pr\u00e9caution et afin de limiter les contacts qui favorisent la transmission des virus, Michel Lalande, pr\u00e9fet du Nord et Val\u00e9rie Cabuil, rectrice de l&#8217;acad\u00e9mie de Lille, ont pris la d\u00e9cision par arr\u00eat\u00e9 du 8 mars 2020 de fermer l&#8217;\u00e9cole publique L\u00e9on Lambert de Coutiches jusqu\u2019au 17 mars inclus. Cette \u00e9cole comprend des classes maternelles et des classes \u00e9l\u00e9mentaires pour un nombre total de 232 \u00e9l\u00e8ves.<br \/><\/span><\/p><p style=\"padding-left: 40px;\"><span style=\"color: #333333;\"><strong>Durant cette p\u00e9riode, l&#8217;ensemble des enfants scolaris\u00e9s dans l&#8217;\u00e9tablissement doivent :<\/strong><br \/><\/span><\/p><p style=\"padding-left: 80px;\"><span style=\"color: #333333;\">&#8211; \u00c9viter les contacts avec les personnes fragiles (\u00e2g\u00e9es, malades notamment) ;<br \/>&#8211; Limiter les contacts avec le public (ne pas se rendre aux activit\u00e9s extra-scolaires) ;<br \/>&#8211; Surveiller leur temp\u00e9rature deux fois par jour.<br \/>&#8211; En cas d&#8217;apparition de sympt\u00f4mes (toux, fi\u00e8vre), appeler le 15.<br \/><\/span><\/p><p style=\"padding-left: 40px;\"><span style=\"color: #333333;\"><strong>Recommandations relatives aux parents, fr\u00e8res et s\u0153urs non scolaris\u00e9s dans<\/strong> <strong>l\u2019\u00e9tablissement :<\/strong><br \/><\/span><\/p><p style=\"padding-left: 40px;\"><span style=\"color: #333333;\">Il n\u2019y a pas de recommandation sp\u00e9cifique formul\u00e9e pour les parents, fr\u00e8res et s\u0153urs non scolaris\u00e9s dans l&#8217;\u00e9tablissement. Les parents qui ne disposent pas de mode de garde sont invit\u00e9s \u00e0 contacter leur employeur, qui se rapprochera de l&#8217;Assurance Maladie afin de b\u00e9n\u00e9ficier d&#8217;un arr\u00eat de travail pour assurer la garde de leur enfant. Pour plus d&#8217;informations et formulaire de d\u00e9claration sur <a href=\"https:\/\/declare.ameli.fr\" target=\"_blank\" rel=\"noopener\">https:\/\/declare.ameli.fr<\/a><br \/><\/span><\/p><p style=\"padding-left: 40px;\"><span style=\"color: #333333;\"><strong>Produits d\u2019hygi\u00e8ne pour les \u00e9tablissements scolaires<\/strong><br \/>Certaines f\u00e9d\u00e9rations de parents d\u2019\u00e9l\u00e8ves ont constat\u00e9 des manques de savon dans certains \u00e9tablissements et s\u2019en sont \u00e9mus sur les r\u00e9seaux sociaux. Ces f\u00e9d\u00e9rations doivent signaler pr\u00e9cis\u00e9ment les lieux o\u00f9 des manques sont constat\u00e9s aupr\u00e8s des maires (\u00e9coles), Conseil d\u00e9partemental (coll\u00e8ges), Conseil r\u00e9gional (lyc\u00e9es) et rectorat (Enseignement sup\u00e9rieur). En effet, les commandes ont \u00e9t\u00e9 pass\u00e9es ou sont en cours.<br \/><\/span><\/p><p><span style=\"color: #333333;\"><strong>&#8211; cr\u00e8che \u00ab Rigolo comme la vie \u00bb \u00e0 Coutiches<\/strong><br \/><\/span><\/p><p style=\"padding-left: 40px;\"><span style=\"color: #333333;\">Le fr\u00e8re de l\u2019enfant d\u00e9clar\u00e9 diagnostiqu\u00e9 positif au coronavirus Covid-19 et \u00e0 l\u2019origine de la fermeture du groupe scolaire L\u00e9on Lambert \u00e0 Coutiches a fr\u00e9quent\u00e9 la cr\u00e8che \u00ab <em>Rigolo comme la vie<\/em> \u00bb (787, rue des Ramoniers \u00e0 Coutiches) les journ\u00e9es des 03 et 04 mars 2020.<br \/>Cet \u00e9tablissement accueille les enfants de 10 semaines \u00e0 6 ans de mani\u00e8re r\u00e9guli\u00e8re, occasionnelle et en accueil d\u2019urgence.<br \/>Sur proposition de l&#8217;ARS, il est ferm\u00e9 \u00e0 titre de pr\u00e9caution et pour investigation.<br \/>L&#8217;arr\u00eat\u00e9 pr\u00e9voit une fermeture jusqu\u2019au mardi 17 mars inclus.<br \/><\/span><\/p>\t\t\t\t\t\t\t\t<\/div>\n\t\t\t\t<\/div>\n\t\t\t\t\t<\/div>\n\t\t<\/div>\n\t\t\t\t\t<\/div>\n\t\t<\/section>\n\t\t\t\t<section class=\"elementor-section elementor-top-section elementor-element elementor-element-505e758 elementor-section-boxed elementor-section-height-default elementor-section-height-default\" data-id=\"505e758\" data-element_type=\"section\" data-e-type=\"section\">\n\t\t\t\t\t\t<div class=\"elementor-container elementor-column-gap-default\">\n\t\t\t\t\t<div class=\"elementor-column elementor-col-100 elementor-top-column elementor-element elementor-element-15a49df\" data-id=\"15a49df\" data-element_type=\"column\" data-e-type=\"column\">\n\t\t\t<div class=\"elementor-widget-wrap elementor-element-populated\">\n\t\t\t\t\t\t<div class=\"elementor-element elementor-element-fa72573 elementor-widget elementor-widget-text-editor\" data-id=\"fa72573\" data-element_type=\"widget\" data-e-type=\"widget\" data-widget_type=\"text-editor.default\">\n\t\t\t\t<div class=\"elementor-widget-container\">\n\t\t\t\t\t\t\t\t\t<h5 id=\"consignes\"><span style=\"color: #666699;\">Consignes<\/span><\/h5><p><strong><span style=\"color: #333333;\">Chacun doit \u00eatre actif dans la lutte contre la propagation du virus.<\/span><\/strong><br \/><span style=\"color: #333333;\">En appliquant les consignes suivantes :<\/span><\/p><p><span style=\"text-decoration: underline;\"><strong><span style=\"color: #333333; text-decoration: underline;\">Consignes relatives aux \u00e9tablissements scolaires et personnels<\/span><\/strong><\/span><br \/><span style=\"color: #333333;\">Retrouvez les consignes sur le <a href=\"http:\/\/ac-lille.fr\" target=\"_blank\" rel=\"noopener\">site du rectorat d&#8217;Acad\u00e9mie de Lille<\/a> .<\/span><\/p><p><span style=\"text-decoration: underline;\"><strong><span style=\"color: #333333; text-decoration: underline;\">Consignes aux entreprises<\/span><\/strong><\/span><br \/><span style=\"color: #333333;\">Retrouvez les mesures sp\u00e9cifiques aux entreprises sur le site de l\u2019\u00c9tat dans le Nord, <\/span><span style=\"color: #333333;\"><a href=\"https:\/\/www.nord.gouv.fr\" target=\"_blank\" rel=\"noopener\">www.nord.gouv.fr<\/a>.<\/span><\/p><p><span style=\"text-decoration: underline;\"><strong><span style=\"color: #333333; text-decoration: underline;\">Consignes relatives aux voyages<\/span><\/strong><\/span><br \/><span style=\"color: #333333;\">Le passage du stade 1 au stade 2 justifie :<\/span><\/p><p style=\"padding-left: 40px;\"><span style=\"color: #333333;\">&#8211; L\u2019abandon de la mesure de confinement syst\u00e9matique. En effet, le virus ne vient plus <\/span><span style=\"color: #333333;\">seulement de Chine et d\u2019Italie, il n\u2019y a plus de raison de\u00a0 confiner des personnes revenant de<\/span> <span style=\"color: #333333;\">zones qui avaient \u00e9t\u00e9 class\u00e9es \u00e0 risque et la r\u00e8gle du maintien en quatorzaine est abandonn\u00e9e. <\/span><span style=\"color: #333333;\">Cependant, les personnes revenant d\u2019Italie ou de Chine sont invit\u00e9es \u00e0 ralentir leur vie sociale et <\/span><span style=\"color: #333333;\">\u00e0 s\u2019auto-surveiller.<\/span><\/p><p style=\"padding-left: 40px;\"><span style=\"color: #333333;\">&#8211; une consigne d\u2019\u00e9viter les voyages hors de l\u2019Union europ\u00e9enne ou dans les zones \u00e0 risques en <\/span><span style=\"color: #333333;\">Europe (identifi\u00e9es sur le site du MAE : <a href=\"http:\/\/www.diplomatie.gouv.fr\/fr\" target=\"_blank\" rel=\"noopener\">http:\/\/www.diplomatie.gouv.fr\/fr<\/a>)<\/span><\/p><p><span style=\"text-decoration: underline;\"><strong><span style=\"color: #333333; text-decoration: underline;\">Consignes relatives aux masques<\/span><\/strong><\/span><br \/><span style=\"color: #333333;\">Ceux-ci sont r\u00e9serv\u00e9s aux personnels soignants et aux personnes malades. Le reste de la<\/span> <span style=\"color: #333333;\">population ne doit pas porter de masque afin d\u2019\u00e9viter toute p\u00e9nurie.<\/span><\/p><p><span style=\"text-decoration: underline;\"><strong><span style=\"color: #333333; text-decoration: underline;\">Les recommandations sanitaires<\/span><\/strong><\/span><br \/><span style=\"color: #333333;\">Le coronavirus se transmet par les postillons, lors d\u2019un contact rapproch\u00e9 avec un malade <\/span><span style=\"color: #333333;\">pr\u00e9sentant des sympt\u00f4mes, c\u2019est-\u00e0-dire :<\/span><\/p><p style=\"padding-left: 40px;\"><span style=\"color: #333333;\">&#8211; en partageant le m\u00eame lieu de vie (par exemple famille, m\u00eame chambre\u2026)<\/span><br \/><span style=\"color: #333333;\">&#8211; en \u00e9tant en face \u00e0 face avec le malade, \u00e0 moins d\u20191 m\u00e8tre de lui au moment d\u2019une toux, d\u2019un <\/span><span style=\"color: #333333;\">\u00e9ternuement ou lors d\u2019une discussion.<\/span><\/p><p style=\"padding-left: 40px;\"><strong><span style=\"color: #333333;\">Pour les personnes ayant \u00e9t\u00e9 en contact rapproch\u00e9 avec l\u2019un des malades et qui <\/span><\/strong><strong><span style=\"color: #333333;\">pr\u00e9senteraient des sympt\u00f4mes (fi\u00e8vre et signes respiratoires de type toux ou <\/span><\/strong><strong><span style=\"color: #333333;\">essoufflement), il est recommand\u00e9 de :<\/span><\/strong><\/p><p style=\"padding-left: 40px;\"><strong><span style=\"color: #333333;\">&#8211; Contacter le Samu Centre 15 en faisant \u00e9tat des sympt\u00f4mes et en mentionnant le <\/span><\/strong><strong><span style=\"color: #333333;\">contact rapproch\u00e9 avec une personne malade <span style=\"color: #ff0000;\">uniquement en cas de signe d\u2019infection ;<\/span><\/span><\/strong><\/p><p style=\"padding-left: 40px;\"><span style=\"color: #333333;\">&#8211; \u00e9viter tout contact avec l\u2019entourage et porter un masque de type chirurgical ;<\/span><\/p><p style=\"padding-left: 40px;\"><span style=\"color: #333333;\">&#8211; ne pas se rendre chez son m\u00e9decin traitant ou aux urgences, pour \u00e9viter toute potentielle <\/span><span style=\"color: #333333;\">contamination.<\/span><\/p><p style=\"padding-left: 40px;\"><span style=\"color: #333333;\">Comme pour la grippe saisonni\u00e8re, les &#8220;mesures barri\u00e8res&#8221; (tousser dans son coude, utiliser des <\/span><span style=\"color: #333333;\">mouchoirs \u00e0 usage unique, se laver r\u00e9guli\u00e8rement les mains) sont les plus efficaces.<\/span><\/p><p><span style=\"text-decoration: underline;\"><strong><span style=\"color: #333333; text-decoration: underline;\">Acc\u00e8s \u00e0 l\u2019information<\/span><\/strong><\/span><br \/><span style=\"color: #333333;\">Les pouvoirs publics communiquent r\u00e9guli\u00e8rement sur les sites et les num\u00e9ros mis en place en<\/span> <span style=\"color: #333333;\">actualisant r\u00e9guli\u00e8rement les informations utiles \u00e0 relayer.<\/span><\/p><p><strong><span style=\"color: #333333;\">Si vous souhaitez acc\u00e9der \u00e0 de l&#8217;information g\u00e9n\u00e9rale :<\/span><\/strong><\/p><p style=\"padding-left: 40px;\"><span style=\"color: #333333;\">&#8211; celle-ci est disponible 7 jours sur 7, 24 heures sur 24 au : <a href=\"tel:+33800130000\">0 800 130 000<\/a><\/span><\/p><p style=\"padding-left: 40px;\"><span style=\"color: #333333;\">&#8211; celle-ci est mise \u00e0 jour en continu sur : <a href=\"https:\/\/www.gouvernement.fr\/info-coronavirus\" target=\"_blank\" rel=\"noopener\">www.gouvernement.fr\/info-coronavirus<\/a><\/span><\/p><p style=\"padding-left: 40px;\"><span style=\"color: #333333;\">&#8211; des points de situation quotidiens sont accessibles sur : <a href=\"https:\/\/solidarites-sante.gouv.fr\/soins-et-maladies\/maladies\/maladies-infectieuses\/coronavirus\/article\/points-de-situation-coronaviruscovid-19#Point-du-1er-mars-2020\" target=\"_blank\" rel=\"noopener\">https:\/\/solidarites-sante.gouv.fr\/soins-et-maladies\/maladies\/maladies-infectieuses\/coronavirus\/article\/points-de-situation-coronaviruscovid-19#Point-du-1er-mars-2020<\/a><\/span><\/p><p style=\"padding-left: 40px;\"><span style=\"color: #333333;\">&#8211; un site d\u00e9di\u00e9 pour les entreprises mis en place par la Chambre de Commerce et d\u2019Industrie <\/span><span style=\"color: #333333;\">r\u00e9gionale : <a href=\"https:\/\/hautsdefrance.cci.fr\/covid-19\" target=\"_blank\" rel=\"noopener\">hautsdefrance.cci.fr\/covid-19<\/a><\/span><\/p><p style=\"padding-left: 40px;\"><span style=\"color: #333333;\">Si vous souhaitez acc\u00e9der \u00e0 des recommandations ou \u00e0 des r\u00e9ponses \u00e0 des questions <\/span><span style=\"color: #333333;\">pratiques, <strong>une cellule d\u2019information du public (CIP) de la r\u00e9gion Hauts-de-France est<\/strong><\/span> <span style=\"color: #333333;\"><strong>ouverte pour les 5 d\u00e9partements<\/strong> (Aisne, Nord, Oise, Pas-de-Calais, Somme) tous les jours de <\/span><span style=\"color: #333333;\">semaine <strong>de 09h00 \u00e0 19h00<\/strong> et le week-end de 08h30 \u00e0 14h00 : <\/span><strong><span style=\"color: #333333;\"><a href=\"tel:+33320305800\">03 20 30 58 00<\/a><\/span><\/strong><\/p><p style=\"padding-left: 40px;\"><span style=\"color: #333333;\">Une cellule d\u2019information du public est \u00e9galement ouverte <strong>dans l\u2019Oise du lundi au vendredi de<\/strong><\/span> <span style=\"color: #333333;\"><strong>09h00 \u00e0 12h00 puis de 13h00 \u00e0 17h00,<\/strong> jusqu\u2019\u00e0 nouvelle instruction : <\/span><span style=\"color: #333333;\"><a href=\"+33344061060\">03 44 06 10 60<\/a><\/span><\/p><p style=\"padding-left: 40px;\"><span style=\"color: #333333;\">Une cellule d\u2019information du public a \u00e9t\u00e9 mise en place <strong>par le rectorat d\u2019Amiens pour les <\/strong><\/span><strong><span style=\"color: #333333;\">\u00e9tablissements scolaires concern\u00e9s, du lundi au vendredi de 08h00 \u00e0 19h00 : <\/span><\/strong><span style=\"color: #333333;\"><a href=\"tel:+33322823824\">03 22 82 38 24<\/a><\/span><\/p><p style=\"text-align: center;\"><span style=\"color: #ff0000;\"><strong>Ces quatre num\u00e9ros doivent \u00eatre compos\u00e9s en priorit\u00e9 afin d\u2019\u00e9viter tout encombrement du<\/strong><\/span><br \/><span style=\"color: #ff0000;\"><strong>15 qui doit rester r\u00e9serv\u00e9 aux urgences.<\/strong><\/span><\/p>\t\t\t\t\t\t\t\t<\/div>\n\t\t\t\t<\/div>\n\t\t\t\t\t<\/div>\n\t\t<\/div>\n\t\t\t\t\t<\/div>\n\t\t<\/section>\n\t\t\t\t<\/div>\n\t\t","protected":false},"excerpt":{"rendered":"<p>Informations en date du 9 mars 2020 Communiqu\u00e9 de la Pr\u00e9fecture du Nord Coronavirus (COVID-19) Point de situation dans le Nord 1. Interdiction des rassemblements et manifestations publiques de plus de 1000 personnes en int\u00e9rieur et ext\u00e9rieur 2. Les administrations rencontreront les entreprises \u00e0 la Chambre de Commerce et d\u2019Industrie des Hauts-de-France le jeudi 12 [&hellip;]<\/p>\n","protected":false},"author":1,"featured_media":1004,"comment_status":"closed","ping_status":"closed","sticky":false,"template":"","format":"standard","meta":{"_crdt_document":"","ocean_post_layout":"","ocean_both_sidebars_style":"","ocean_both_sidebars_content_width":0,"ocean_both_sidebars_sidebars_width":0,"ocean_sidebar":"","ocean_second_sidebar":"","ocean_disable_margins":"enable","ocean_add_body_class":"","ocean_shortcode_before_top_bar":"","ocean_shortcode_after_top_bar":"","ocean_shortcode_before_header":"","ocean_shortcode_after_header":"","ocean_has_shortcode":"","ocean_shortcode_after_title":"","ocean_shortcode_before_footer_widgets":"","ocean_shortcode_after_footer_widgets":"","ocean_shortcode_before_footer_bottom":"","ocean_shortcode_after_footer_bottom":"","ocean_display_top_bar":"default","ocean_display_header":"default","ocean_header_style":"","ocean_center_header_left_menu":"","ocean_custom_header_template":"","ocean_custom_logo":0,"ocean_custom_retina_logo":0,"ocean_custom_logo_max_width":0,"ocean_custom_logo_tablet_max_width":0,"ocean_custom_logo_mobile_max_width":0,"ocean_custom_logo_max_height":0,"ocean_custom_logo_tablet_max_height":0,"ocean_custom_logo_mobile_max_height":0,"ocean_header_custom_menu":"","ocean_menu_typo_font_family":"","ocean_menu_typo_font_subset":"","ocean_menu_typo_font_size":0,"ocean_menu_typo_font_size_tablet":0,"ocean_menu_typo_font_size_mobile":0,"ocean_menu_typo_font_size_unit":"px","ocean_menu_typo_font_weight":"","ocean_menu_typo_font_weight_tablet":"","ocean_menu_typo_font_weight_mobile":"","ocean_menu_typo_transform":"","ocean_menu_typo_transform_tablet":"","ocean_menu_typo_transform_mobile":"","ocean_menu_typo_line_height":0,"ocean_menu_typo_line_height_tablet":0,"ocean_menu_typo_line_height_mobile":0,"ocean_menu_typo_line_height_unit":"","ocean_menu_typo_spacing":0,"ocean_menu_typo_spacing_tablet":0,"ocean_menu_typo_spacing_mobile":0,"ocean_menu_typo_spacing_unit":"","ocean_menu_link_color":"","ocean_menu_link_color_hover":"","ocean_menu_link_color_active":"","ocean_menu_link_background":"","ocean_menu_link_hover_background":"","ocean_menu_link_active_background":"","ocean_menu_social_links_bg":"","ocean_menu_social_hover_links_bg":"","ocean_menu_social_links_color":"","ocean_menu_social_hover_links_color":"","ocean_disable_title":"default","ocean_disable_heading":"default","ocean_post_title":"","ocean_post_subheading":"","ocean_post_title_style":"","ocean_post_title_background_color":"","ocean_post_title_background":0,"ocean_post_title_bg_image_position":"","ocean_post_title_bg_image_attachment":"","ocean_post_title_bg_image_repeat":"","ocean_post_title_bg_image_size":"","ocean_post_title_height":0,"ocean_post_title_bg_overlay":0.5,"ocean_post_title_bg_overlay_color":"","ocean_disable_breadcrumbs":"default","ocean_breadcrumbs_color":"","ocean_breadcrumbs_separator_color":"","ocean_breadcrumbs_links_color":"","ocean_breadcrumbs_links_hover_color":"","ocean_display_footer_widgets":"default","ocean_display_footer_bottom":"default","ocean_custom_footer_template":"","ocean_post_oembed":"","ocean_post_self_hosted_media":"","ocean_post_video_embed":"","ocean_link_format":"","ocean_link_format_target":"self","ocean_quote_format":"","ocean_quote_format_link":"post","ocean_gallery_link_images":"on","ocean_gallery_id":[],"footnotes":""},"categories":[271,1],"tags":[188,246,248,249,247],"class_list":["post-1071","post","type-post","status-publish","format-standard","has-post-thumbnail","hentry","category-covid-19","category-non-classe","tag-coronavirus","tag-nord","tag-point","tag-situation","tag-virus","entry","has-media"],"yoast_head":"<!-- This site is optimized with the Yoast SEO plugin v27.3 - https:\/\/yoast.com\/product\/yoast-seo-wordpress\/ -->\n<title>Situation du coronavirus dans le Nord - Ville de Thiant<\/title>\n<meta name=\"robots\" content=\"index, follow, max-snippet:-1, max-image-preview:large, max-video-preview:-1\" \/>\n<link rel=\"canonical\" href=\"https:\/\/thiant.fr\/wordpress\/situation-du-coronavirus-dans-le-nord\/\" \/>\n<meta property=\"og:locale\" content=\"fr_FR\" \/>\n<meta property=\"og:type\" content=\"article\" \/>\n<meta property=\"og:title\" content=\"Situation du coronavirus dans le Nord - Ville de Thiant\" \/>\n<meta property=\"og:description\" content=\"Informations en date du 9 mars 2020 Communiqu\u00e9 de la Pr\u00e9fecture du Nord Coronavirus (COVID-19) Point de situation dans le Nord 1. Interdiction des rassemblements et manifestations publiques de plus de 1000 personnes en int\u00e9rieur et ext\u00e9rieur 2. Les administrations rencontreront les entreprises \u00e0 la Chambre de Commerce et d\u2019Industrie des Hauts-de-France le jeudi 12 [&hellip;]\" \/>\n<meta property=\"og:url\" content=\"https:\/\/thiant.fr\/wordpress\/situation-du-coronavirus-dans-le-nord\/\" \/>\n<meta property=\"og:site_name\" content=\"Ville de Thiant\" \/>\n<meta property=\"article:published_time\" content=\"2020-03-10T11:09:44+00:00\" \/>\n<meta property=\"article:modified_time\" content=\"2020-03-10T11:41:49+00:00\" \/>\n<meta property=\"og:image\" content=\"https:\/\/thiant.fr\/wordpress\/wp-content\/uploads\/2020\/02\/famille_masque_antivirus.jpg\" \/>\n\t<meta property=\"og:image:width\" content=\"500\" \/>\n\t<meta property=\"og:image:height\" content=\"281\" \/>\n\t<meta property=\"og:image:type\" content=\"image\/jpeg\" \/>\n<meta name=\"author\" content=\"Service communication\" \/>\n<meta name=\"twitter:card\" content=\"summary_large_image\" \/>\n<meta name=\"twitter:label1\" content=\"\u00c9crit par\" \/>\n\t<meta name=\"twitter:data1\" content=\"Service communication\" \/>\n\t<meta name=\"twitter:label2\" content=\"Dur\u00e9e de lecture estim\u00e9e\" \/>\n\t<meta name=\"twitter:data2\" content=\"9 minutes\" \/>\n<script type=\"application\/ld+json\" class=\"yoast-schema-graph\">{\"@context\":\"https:\\\/\\\/schema.org\",\"@graph\":[{\"@type\":\"Article\",\"@id\":\"https:\\\/\\\/thiant.fr\\\/wordpress\\\/situation-du-coronavirus-dans-le-nord\\\/#article\",\"isPartOf\":{\"@id\":\"https:\\\/\\\/thiant.fr\\\/wordpress\\\/situation-du-coronavirus-dans-le-nord\\\/\"},\"author\":{\"name\":\"Service communication\",\"@id\":\"https:\\\/\\\/thiant.fr\\\/wordpress\\\/#\\\/schema\\\/person\\\/f41122130d18c0720657431d990451c6\"},\"headline\":\"Situation du coronavirus dans le Nord\",\"datePublished\":\"2020-03-10T11:09:44+00:00\",\"dateModified\":\"2020-03-10T11:41:49+00:00\",\"mainEntityOfPage\":{\"@id\":\"https:\\\/\\\/thiant.fr\\\/wordpress\\\/situation-du-coronavirus-dans-le-nord\\\/\"},\"wordCount\":1883,\"publisher\":{\"@id\":\"https:\\\/\\\/thiant.fr\\\/wordpress\\\/#organization\"},\"image\":{\"@id\":\"https:\\\/\\\/thiant.fr\\\/wordpress\\\/situation-du-coronavirus-dans-le-nord\\\/#primaryimage\"},\"thumbnailUrl\":\"https:\\\/\\\/thiant.fr\\\/wordpress\\\/wp-content\\\/uploads\\\/2020\\\/02\\\/famille_masque_antivirus.jpg\",\"keywords\":[\"coronavirus\",\"Nord\",\"point\",\"situation\",\"virus\"],\"articleSection\":[\"COVID-19\"],\"inLanguage\":\"fr-FR\"},{\"@type\":\"WebPage\",\"@id\":\"https:\\\/\\\/thiant.fr\\\/wordpress\\\/situation-du-coronavirus-dans-le-nord\\\/\",\"url\":\"https:\\\/\\\/thiant.fr\\\/wordpress\\\/situation-du-coronavirus-dans-le-nord\\\/\",\"name\":\"Situation du coronavirus dans le Nord - Ville de Thiant\",\"isPartOf\":{\"@id\":\"https:\\\/\\\/thiant.fr\\\/wordpress\\\/#website\"},\"primaryImageOfPage\":{\"@id\":\"https:\\\/\\\/thiant.fr\\\/wordpress\\\/situation-du-coronavirus-dans-le-nord\\\/#primaryimage\"},\"image\":{\"@id\":\"https:\\\/\\\/thiant.fr\\\/wordpress\\\/situation-du-coronavirus-dans-le-nord\\\/#primaryimage\"},\"thumbnailUrl\":\"https:\\\/\\\/thiant.fr\\\/wordpress\\\/wp-content\\\/uploads\\\/2020\\\/02\\\/famille_masque_antivirus.jpg\",\"datePublished\":\"2020-03-10T11:09:44+00:00\",\"dateModified\":\"2020-03-10T11:41:49+00:00\",\"breadcrumb\":{\"@id\":\"https:\\\/\\\/thiant.fr\\\/wordpress\\\/situation-du-coronavirus-dans-le-nord\\\/#breadcrumb\"},\"inLanguage\":\"fr-FR\",\"potentialAction\":[{\"@type\":\"ReadAction\",\"target\":[\"https:\\\/\\\/thiant.fr\\\/wordpress\\\/situation-du-coronavirus-dans-le-nord\\\/\"]}]},{\"@type\":\"ImageObject\",\"inLanguage\":\"fr-FR\",\"@id\":\"https:\\\/\\\/thiant.fr\\\/wordpress\\\/situation-du-coronavirus-dans-le-nord\\\/#primaryimage\",\"url\":\"https:\\\/\\\/thiant.fr\\\/wordpress\\\/wp-content\\\/uploads\\\/2020\\\/02\\\/famille_masque_antivirus.jpg\",\"contentUrl\":\"https:\\\/\\\/thiant.fr\\\/wordpress\\\/wp-content\\\/uploads\\\/2020\\\/02\\\/famille_masque_antivirus.jpg\",\"width\":500,\"height\":281},{\"@type\":\"BreadcrumbList\",\"@id\":\"https:\\\/\\\/thiant.fr\\\/wordpress\\\/situation-du-coronavirus-dans-le-nord\\\/#breadcrumb\",\"itemListElement\":[{\"@type\":\"ListItem\",\"position\":1,\"name\":\"Accueil\",\"item\":\"https:\\\/\\\/thiant.fr\\\/wordpress\\\/\"},{\"@type\":\"ListItem\",\"position\":2,\"name\":\"Situation du coronavirus dans le Nord\"}]},{\"@type\":\"WebSite\",\"@id\":\"https:\\\/\\\/thiant.fr\\\/wordpress\\\/#website\",\"url\":\"https:\\\/\\\/thiant.fr\\\/wordpress\\\/\",\"name\":\"Ville de Thiant\",\"description\":\"Site officiel de la ville de Thiant\",\"publisher\":{\"@id\":\"https:\\\/\\\/thiant.fr\\\/wordpress\\\/#organization\"},\"potentialAction\":[{\"@type\":\"SearchAction\",\"target\":{\"@type\":\"EntryPoint\",\"urlTemplate\":\"https:\\\/\\\/thiant.fr\\\/wordpress\\\/?s={search_term_string}\"},\"query-input\":{\"@type\":\"PropertyValueSpecification\",\"valueRequired\":true,\"valueName\":\"search_term_string\"}}],\"inLanguage\":\"fr-FR\"},{\"@type\":\"Organization\",\"@id\":\"https:\\\/\\\/thiant.fr\\\/wordpress\\\/#organization\",\"name\":\"Ville de Thiant\",\"url\":\"https:\\\/\\\/thiant.fr\\\/wordpress\\\/\",\"logo\":{\"@type\":\"ImageObject\",\"inLanguage\":\"fr-FR\",\"@id\":\"https:\\\/\\\/thiant.fr\\\/wordpress\\\/#\\\/schema\\\/logo\\\/image\\\/\",\"url\":\"https:\\\/\\\/thiant.fr\\\/wordpress\\\/wp-content\\\/uploads\\\/2019\\\/08\\\/Thiant_Illdy_4.png\",\"contentUrl\":\"https:\\\/\\\/thiant.fr\\\/wordpress\\\/wp-content\\\/uploads\\\/2019\\\/08\\\/Thiant_Illdy_4.png\",\"width\":105,\"height\":75,\"caption\":\"Ville de Thiant\"},\"image\":{\"@id\":\"https:\\\/\\\/thiant.fr\\\/wordpress\\\/#\\\/schema\\\/logo\\\/image\\\/\"}},{\"@type\":\"Person\",\"@id\":\"https:\\\/\\\/thiant.fr\\\/wordpress\\\/#\\\/schema\\\/person\\\/f41122130d18c0720657431d990451c6\",\"name\":\"Service communication\",\"image\":{\"@type\":\"ImageObject\",\"inLanguage\":\"fr-FR\",\"@id\":\"https:\\\/\\\/secure.gravatar.com\\\/avatar\\\/527d4f1f1330a82db5a7ea7738ddeb994fd26c4537512a833d99b387808ee250?s=96&r=g\",\"url\":\"https:\\\/\\\/secure.gravatar.com\\\/avatar\\\/527d4f1f1330a82db5a7ea7738ddeb994fd26c4537512a833d99b387808ee250?s=96&r=g\",\"contentUrl\":\"https:\\\/\\\/secure.gravatar.com\\\/avatar\\\/527d4f1f1330a82db5a7ea7738ddeb994fd26c4537512a833d99b387808ee250?s=96&r=g\",\"caption\":\"Service communication\"},\"url\":\"https:\\\/\\\/thiant.fr\\\/wordpress\\\/author\\\/adminwpress\\\/\"}]}<\/script>\n<!-- \/ Yoast SEO plugin. -->","yoast_head_json":{"title":"Situation du coronavirus dans le Nord - Ville de Thiant","robots":{"index":"index","follow":"follow","max-snippet":"max-snippet:-1","max-image-preview":"max-image-preview:large","max-video-preview":"max-video-preview:-1"},"canonical":"https:\/\/thiant.fr\/wordpress\/situation-du-coronavirus-dans-le-nord\/","og_locale":"fr_FR","og_type":"article","og_title":"Situation du coronavirus dans le Nord - Ville de Thiant","og_description":"Informations en date du 9 mars 2020 Communiqu\u00e9 de la Pr\u00e9fecture du Nord Coronavirus (COVID-19) Point de situation dans le Nord 1. Interdiction des rassemblements et manifestations publiques de plus de 1000 personnes en int\u00e9rieur et ext\u00e9rieur 2. Les administrations rencontreront les entreprises \u00e0 la Chambre de Commerce et d\u2019Industrie des Hauts-de-France le jeudi 12 [&hellip;]","og_url":"https:\/\/thiant.fr\/wordpress\/situation-du-coronavirus-dans-le-nord\/","og_site_name":"Ville de Thiant","article_published_time":"2020-03-10T11:09:44+00:00","article_modified_time":"2020-03-10T11:41:49+00:00","og_image":[{"width":500,"height":281,"url":"https:\/\/thiant.fr\/wordpress\/wp-content\/uploads\/2020\/02\/famille_masque_antivirus.jpg","type":"image\/jpeg"}],"author":"Service communication","twitter_card":"summary_large_image","twitter_misc":{"\u00c9crit par":"Service communication","Dur\u00e9e de lecture estim\u00e9e":"9 minutes"},"schema":{"@context":"https:\/\/schema.org","@graph":[{"@type":"Article","@id":"https:\/\/thiant.fr\/wordpress\/situation-du-coronavirus-dans-le-nord\/#article","isPartOf":{"@id":"https:\/\/thiant.fr\/wordpress\/situation-du-coronavirus-dans-le-nord\/"},"author":{"name":"Service communication","@id":"https:\/\/thiant.fr\/wordpress\/#\/schema\/person\/f41122130d18c0720657431d990451c6"},"headline":"Situation du coronavirus dans le Nord","datePublished":"2020-03-10T11:09:44+00:00","dateModified":"2020-03-10T11:41:49+00:00","mainEntityOfPage":{"@id":"https:\/\/thiant.fr\/wordpress\/situation-du-coronavirus-dans-le-nord\/"},"wordCount":1883,"publisher":{"@id":"https:\/\/thiant.fr\/wordpress\/#organization"},"image":{"@id":"https:\/\/thiant.fr\/wordpress\/situation-du-coronavirus-dans-le-nord\/#primaryimage"},"thumbnailUrl":"https:\/\/thiant.fr\/wordpress\/wp-content\/uploads\/2020\/02\/famille_masque_antivirus.jpg","keywords":["coronavirus","Nord","point","situation","virus"],"articleSection":["COVID-19"],"inLanguage":"fr-FR"},{"@type":"WebPage","@id":"https:\/\/thiant.fr\/wordpress\/situation-du-coronavirus-dans-le-nord\/","url":"https:\/\/thiant.fr\/wordpress\/situation-du-coronavirus-dans-le-nord\/","name":"Situation du coronavirus dans le Nord - Ville de Thiant","isPartOf":{"@id":"https:\/\/thiant.fr\/wordpress\/#website"},"primaryImageOfPage":{"@id":"https:\/\/thiant.fr\/wordpress\/situation-du-coronavirus-dans-le-nord\/#primaryimage"},"image":{"@id":"https:\/\/thiant.fr\/wordpress\/situation-du-coronavirus-dans-le-nord\/#primaryimage"},"thumbnailUrl":"https:\/\/thiant.fr\/wordpress\/wp-content\/uploads\/2020\/02\/famille_masque_antivirus.jpg","datePublished":"2020-03-10T11:09:44+00:00","dateModified":"2020-03-10T11:41:49+00:00","breadcrumb":{"@id":"https:\/\/thiant.fr\/wordpress\/situation-du-coronavirus-dans-le-nord\/#breadcrumb"},"inLanguage":"fr-FR","potentialAction":[{"@type":"ReadAction","target":["https:\/\/thiant.fr\/wordpress\/situation-du-coronavirus-dans-le-nord\/"]}]},{"@type":"ImageObject","inLanguage":"fr-FR","@id":"https:\/\/thiant.fr\/wordpress\/situation-du-coronavirus-dans-le-nord\/#primaryimage","url":"https:\/\/thiant.fr\/wordpress\/wp-content\/uploads\/2020\/02\/famille_masque_antivirus.jpg","contentUrl":"https:\/\/thiant.fr\/wordpress\/wp-content\/uploads\/2020\/02\/famille_masque_antivirus.jpg","width":500,"height":281},{"@type":"BreadcrumbList","@id":"https:\/\/thiant.fr\/wordpress\/situation-du-coronavirus-dans-le-nord\/#breadcrumb","itemListElement":[{"@type":"ListItem","position":1,"name":"Accueil","item":"https:\/\/thiant.fr\/wordpress\/"},{"@type":"ListItem","position":2,"name":"Situation du coronavirus dans le Nord"}]},{"@type":"WebSite","@id":"https:\/\/thiant.fr\/wordpress\/#website","url":"https:\/\/thiant.fr\/wordpress\/","name":"Ville de Thiant","description":"Site officiel de la ville de Thiant","publisher":{"@id":"https:\/\/thiant.fr\/wordpress\/#organization"},"potentialAction":[{"@type":"SearchAction","target":{"@type":"EntryPoint","urlTemplate":"https:\/\/thiant.fr\/wordpress\/?s={search_term_string}"},"query-input":{"@type":"PropertyValueSpecification","valueRequired":true,"valueName":"search_term_string"}}],"inLanguage":"fr-FR"},{"@type":"Organization","@id":"https:\/\/thiant.fr\/wordpress\/#organization","name":"Ville de Thiant","url":"https:\/\/thiant.fr\/wordpress\/","logo":{"@type":"ImageObject","inLanguage":"fr-FR","@id":"https:\/\/thiant.fr\/wordpress\/#\/schema\/logo\/image\/","url":"https:\/\/thiant.fr\/wordpress\/wp-content\/uploads\/2019\/08\/Thiant_Illdy_4.png","contentUrl":"https:\/\/thiant.fr\/wordpress\/wp-content\/uploads\/2019\/08\/Thiant_Illdy_4.png","width":105,"height":75,"caption":"Ville de Thiant"},"image":{"@id":"https:\/\/thiant.fr\/wordpress\/#\/schema\/logo\/image\/"}},{"@type":"Person","@id":"https:\/\/thiant.fr\/wordpress\/#\/schema\/person\/f41122130d18c0720657431d990451c6","name":"Service communication","image":{"@type":"ImageObject","inLanguage":"fr-FR","@id":"https:\/\/secure.gravatar.com\/avatar\/527d4f1f1330a82db5a7ea7738ddeb994fd26c4537512a833d99b387808ee250?s=96&r=g","url":"https:\/\/secure.gravatar.com\/avatar\/527d4f1f1330a82db5a7ea7738ddeb994fd26c4537512a833d99b387808ee250?s=96&r=g","contentUrl":"https:\/\/secure.gravatar.com\/avatar\/527d4f1f1330a82db5a7ea7738ddeb994fd26c4537512a833d99b387808ee250?s=96&r=g","caption":"Service communication"},"url":"https:\/\/thiant.fr\/wordpress\/author\/adminwpress\/"}]}},"_links":{"self":[{"href":"https:\/\/thiant.fr\/wordpress\/wp-json\/wp\/v2\/posts\/1071","targetHints":{"allow":["GET"]}}],"collection":[{"href":"https:\/\/thiant.fr\/wordpress\/wp-json\/wp\/v2\/posts"}],"about":[{"href":"https:\/\/thiant.fr\/wordpress\/wp-json\/wp\/v2\/types\/post"}],"author":[{"embeddable":true,"href":"https:\/\/thiant.fr\/wordpress\/wp-json\/wp\/v2\/users\/1"}],"replies":[{"embeddable":true,"href":"https:\/\/thiant.fr\/wordpress\/wp-json\/wp\/v2\/comments?post=1071"}],"version-history":[{"count":0,"href":"https:\/\/thiant.fr\/wordpress\/wp-json\/wp\/v2\/posts\/1071\/revisions"}],"wp:featuredmedia":[{"embeddable":true,"href":"https:\/\/thiant.fr\/wordpress\/wp-json\/wp\/v2\/media\/1004"}],"wp:attachment":[{"href":"https:\/\/thiant.fr\/wordpress\/wp-json\/wp\/v2\/media?parent=1071"}],"wp:term":[{"taxonomy":"category","embeddable":true,"href":"https:\/\/thiant.fr\/wordpress\/wp-json\/wp\/v2\/categories?post=1071"},{"taxonomy":"post_tag","embeddable":true,"href":"https:\/\/thiant.fr\/wordpress\/wp-json\/wp\/v2\/tags?post=1071"}],"curies":[{"name":"wp","href":"https:\/\/api.w.org\/{rel}","templated":true}]}}