{"id":1197,"date":"2020-04-06T12:02:37","date_gmt":"2020-04-06T10:02:37","guid":{"rendered":"https:\/\/thiant.fr\/wordpress\/?p=1197"},"modified":"2020-04-06T16:02:58","modified_gmt":"2020-04-06T14:02:58","slug":"notre-marche-du-vendredi","status":"publish","type":"post","link":"https:\/\/thiant.fr\/wordpress\/notre-marche-du-vendredi\/","title":{"rendered":"Notre march\u00e9 du vendredi"},"content":{"rendered":"\t\t<div data-elementor-type=\"wp-post\" data-elementor-id=\"1197\" class=\"elementor elementor-1197\">\n\t\t\t\t\t\t<section class=\"elementor-section elementor-top-section elementor-element elementor-element-6702e90 elementor-section-boxed elementor-section-height-default elementor-section-height-default\" data-id=\"6702e90\" data-element_type=\"section\" data-e-type=\"section\">\n\t\t\t\t\t\t<div class=\"elementor-container elementor-column-gap-default\">\n\t\t\t\t\t<div class=\"elementor-column elementor-col-100 elementor-top-column elementor-element elementor-element-b7ad4fd\" data-id=\"b7ad4fd\" data-element_type=\"column\" data-e-type=\"column\">\n\t\t\t<div class=\"elementor-widget-wrap elementor-element-populated\">\n\t\t\t\t\t\t<div class=\"elementor-element elementor-element-d164fdd elementor-widget elementor-widget-image\" data-id=\"d164fdd\" data-element_type=\"widget\" data-e-type=\"widget\" data-widget_type=\"image.default\">\n\t\t\t\t<div class=\"elementor-widget-container\">\n\t\t\t\t\t\t\t\t\t\t\t\t\t\t\t<img fetchpriority=\"high\" decoding=\"async\" width=\"300\" height=\"261\" src=\"https:\/\/thiant.fr\/wordpress\/wp-content\/uploads\/2020\/03\/Prefet-du-nord-300x261.jpg\" class=\"attachment-medium size-medium wp-image-1147\" alt=\"\" srcset=\"https:\/\/thiant.fr\/wordpress\/wp-content\/uploads\/2020\/03\/Prefet-du-nord-300x261.jpg 300w, https:\/\/thiant.fr\/wordpress\/wp-content\/uploads\/2020\/03\/Prefet-du-nord.jpg 469w\" sizes=\"(max-width: 300px) 100vw, 300px\" \/>\t\t\t\t\t\t\t\t\t\t\t\t\t\t\t<\/div>\n\t\t\t\t<\/div>\n\t\t\t\t\t<\/div>\n\t\t<\/div>\n\t\t\t\t\t<\/div>\n\t\t<\/section>\n\t\t\t\t<section class=\"elementor-section elementor-top-section elementor-element elementor-element-724d23b elementor-section-boxed elementor-section-height-default elementor-section-height-default\" data-id=\"724d23b\" data-element_type=\"section\" data-e-type=\"section\">\n\t\t\t\t\t\t<div class=\"elementor-container elementor-column-gap-default\">\n\t\t\t\t\t<div class=\"elementor-column elementor-col-100 elementor-top-column elementor-element elementor-element-5fc4d47\" data-id=\"5fc4d47\" data-element_type=\"column\" data-e-type=\"column\">\n\t\t\t<div class=\"elementor-widget-wrap elementor-element-populated\">\n\t\t\t\t\t\t<div class=\"elementor-element elementor-element-4ea0d09 elementor-widget elementor-widget-text-editor\" data-id=\"4ea0d09\" data-element_type=\"widget\" data-e-type=\"widget\" data-widget_type=\"text-editor.default\">\n\t\t\t\t<div class=\"elementor-widget-container\">\n\t\t\t\t\t\t\t\t\t<p><a href=\"https:\/\/thiant.fr\/wordpress\/documents_ext\/Arrete-Prefectoral_derogation-marche-THIANT_042020.pdf\" target=\"_blank\" rel=\"noopener\">T\u00e9l\u00e9charger l&#8217;arr\u00eat\u00e9 pr\u00e9fectoral<\/a><br \/><span style=\"color: #333333;\">Sous-Pr\u00e9fecture de Valenciennes<\/span><\/p><h3 style=\"text-align: center;\"><span style=\"color: #000080;\">Arr\u00eat\u00e9 portant autorisation d\u00e9rogatoire d&#8217;ouverture de march\u00e9s alimentaires sur le territoire de la commune de Thiant<\/span><\/h3><h5 style=\"text-align: center;\"><span style=\"color: #000080;\">Le Pr\u00e9fet de zone de d\u00e9fense et de s\u00e9curit\u00e9 Nord, <\/span><br \/><span style=\"color: #000080;\">Pr\u00e9fet de la r\u00e9gion Hauts-de-France <\/span><br \/><span style=\"color: #000080;\">Pr\u00e9fet du Nord <\/span><br \/><span style=\"color: #000080;\">Officier de la L\u00e9gion d&#8217;Honneur <\/span><br \/><span style=\"color: #000080;\">Commandeur de l&#8217;ordre national du M\u00e9rite <\/span><\/h5><p><span style=\"color: #333333;\">Un arr\u00eat\u00e9 a \u00e9t\u00e9 pris par la Sous-Pr\u00e9fecture de Valenciennes <strong>en faveur de l&#8217;ouverture<\/strong> de notre march\u00e9 du vendredi. <\/span><\/p><p><span style=\"color: #333333;\">Il a \u00e9t\u00e9 consid\u00e9r\u00e9 que <strong>le march\u00e9 de plein air r\u00e9pond \u00e0 un besoin d&#8217;approvisionnement alimentaire<\/strong> de la population locale. Sa tenue <strong>permet<\/strong> \u00e9galement<strong> de limiter le d\u00e9placement des habitants<\/strong> de la commune et de leur permettre <strong>d&#8217;avoir des produits frais.<\/strong><\/span><\/p><p><span style=\"color: #d12626;\"> Toutefois, le march\u00e9 ne peut se tenir que si une organisation et des contr\u00f4les de nature \u00e0 garantir le respect des mesures d&#8217;hygi\u00e8ne et de distanciation sociale, dites &#8220;barri\u00e8res&#8221;, ainsi que l&#8217;interdiction de rassemblement de plus de 100 personnes sont mis en place. <\/span><\/p><p><span style=\"color: #333333;\">C&#8217;est pourquoi, \u00e0 compter du 3 avril 2020, <strong>le march\u00e9 de plein air se tiendra en deux endroits : \u00e0 la halle (rue Roger Salengro) et sur la place de la R\u00e9publique (place de la Mairie).<\/strong><\/span><\/p><p style=\"padding-left: 40px;\"><span style=\"color: #333333;\"><strong>De plus, les mesures d&#8217;hygi\u00e8ne et de distanciation sociale dites &#8220;barri\u00e8res&#8221; doivent imp\u00e9rativement \u00eatre observ\u00e9es.<\/strong> Ce qui implique :<br \/>&#8211; de limiter la fr\u00e9quentation du march\u00e9 \u00e0 <strong>un membre par foyer<\/strong> ;<br \/>&#8211; d&#8217;obliger les client(e)s \u00e0 r\u00e9aliser <strong>une friction hydroalcoolique<\/strong> des mains \u00e0 l&#8217;entr\u00e9e et \u00e0 la sortie du march\u00e9 ;<br \/>&#8211; de d\u00e9finir un <strong>sens de circulation unique obligatoire<\/strong> \u00e0 l&#8217;int\u00e9rieur du march\u00e9 ;<br \/>&#8211; une <strong>mat\u00e9rialisation du cheminement<\/strong> d&#8217;acc\u00e8s \u00e0 chaque \u00e9tal et ce afin que<strong> les denr\u00e9es ne soient pas accessibles par les client(e)s<\/strong> ;<br \/>&#8211; <strong>de mat\u00e9rialiser<\/strong> au sol, devant chaque \u00e9tal, <strong>des distances d&#8217;un m\u00e8tre<\/strong> \u00e0 respecter <strong>entre chaque client(e)<\/strong> ;<br \/>&#8211; que<strong> seul le commer\u00e7ant doit servir les client(e)s<\/strong> \u00e0 l&#8217;aide d&#8217;ustensiles et pinces \u00e0 usage multiple d\u00e9di\u00e9es ;<br \/>&#8211; de <strong>favoriser les paiements sans contact et de d\u00e9sinfecter r\u00e9guli\u00e8rement<\/strong> les claviers de paiement (nettoyage du terminal de paiement par\u00e8s chaque utilisation), les caisses et les plans de travail ;<br \/>&#8211; l&#8217;installation de <strong>protections en plexiglas<\/strong> le cas \u00e9ch\u00e9ant et d&#8217;un <strong>film poly\u00e9thyl\u00e8ne pour l&#8217;ensemble des denr\u00e9es.<\/strong><\/span><\/p><p><span style=\"color: #333333;\">Il vous est rappeler <strong>la n\u00e9cessit\u00e9 de laver \u00e0 l&#8217;eau les fruits et l\u00e9gumes<\/strong> avant toute consommation ainsi que celle de <strong>jeter vos mouchoirs usag\u00e9s dans les poubelles<\/strong> et, en l&#8217;absence de celles-ci, l&#8217;obligation de les remporter avec vous.<\/span><\/p><p><span style=\"color: #333333;\"><strong>Pour la s\u00e9curit\u00e9 de tous et pour le maintient du march\u00e9, vous veillerez<\/strong> : <\/span><br \/><span style=\"color: #333333;\">&#8211; \u00e0 respecter les distances de s\u00e9curit\u00e9 marqu\u00e9es au sol, le positionnement des barri\u00e8res, les consignes de s\u00e9curit\u00e9 et les gestes barri\u00e8res ;<\/span><br \/><span style=\"color: #333333;\">&#8211; \u00e0 avoir votre attestation de sortie accompagn\u00e9e d&#8217;une pi\u00e8ce d&#8217;identit\u00e9.<\/span><\/p><h6 style=\"text-align: center;\"><span style=\"color: #d12626;\">La municipalit\u00e9 compte sur votre civisme et mettra tout en \u0153uvre pour respecter et faire respecter ces consignes pour le bien-\u00eatre et la sant\u00e9 de tous.<\/span><\/h6><p><a href=\"https:\/\/thiant.fr\/wordpress\/documents_ext\/Arrete-Prefectoral_derogation-marche-THIANT_042020.pdf\" target=\"_blank\" rel=\"noopener\">T\u00e9l\u00e9charger l&#8217;arr\u00eat\u00e9 pr\u00e9fectoral<\/a><\/p>\t\t\t\t\t\t\t\t<\/div>\n\t\t\t\t<\/div>\n\t\t\t\t\t<\/div>\n\t\t<\/div>\n\t\t\t\t\t<\/div>\n\t\t<\/section>\n\t\t\t\t<\/div>\n\t\t","protected":false},"excerpt":{"rendered":"<p>T\u00e9l\u00e9charger l&#8217;arr\u00eat\u00e9 pr\u00e9fectoral Sous-Pr\u00e9fecture de Valenciennes Arr\u00eat\u00e9 portant autorisation d\u00e9rogatoire d&#8217;ouverture de march\u00e9s alimentaires sur le territoire de la commune de Thiant Le Pr\u00e9fet de zone de d\u00e9fense et de s\u00e9curit\u00e9 Nord, Pr\u00e9fet de la r\u00e9gion Hauts-de-France Pr\u00e9fet du Nord Officier de la L\u00e9gion d&#8217;Honneur Commandeur de l&#8217;ordre national du M\u00e9rite Un arr\u00eat\u00e9 a \u00e9t\u00e9 [&hellip;]<\/p>\n","protected":false},"author":1,"featured_media":1198,"comment_status":"closed","ping_status":"closed","sticky":false,"template":"","format":"standard","meta":{"_crdt_document":"","ocean_post_layout":"","ocean_both_sidebars_style":"","ocean_both_sidebars_content_width":0,"ocean_both_sidebars_sidebars_width":0,"ocean_sidebar":"","ocean_second_sidebar":"","ocean_disable_margins":"enable","ocean_add_body_class":"","ocean_shortcode_before_top_bar":"","ocean_shortcode_after_top_bar":"","ocean_shortcode_before_header":"","ocean_shortcode_after_header":"","ocean_has_shortcode":"","ocean_shortcode_after_title":"","ocean_shortcode_before_footer_widgets":"","ocean_shortcode_after_footer_widgets":"","ocean_shortcode_before_footer_bottom":"","ocean_shortcode_after_footer_bottom":"","ocean_display_top_bar":"default","ocean_display_header":"default","ocean_header_style":"","ocean_center_header_left_menu":"","ocean_custom_header_template":"","ocean_custom_logo":0,"ocean_custom_retina_logo":0,"ocean_custom_logo_max_width":0,"ocean_custom_logo_tablet_max_width":0,"ocean_custom_logo_mobile_max_width":0,"ocean_custom_logo_max_height":0,"ocean_custom_logo_tablet_max_height":0,"ocean_custom_logo_mobile_max_height":0,"ocean_header_custom_menu":"","ocean_menu_typo_font_family":"","ocean_menu_typo_font_subset":"","ocean_menu_typo_font_size":0,"ocean_menu_typo_font_size_tablet":0,"ocean_menu_typo_font_size_mobile":0,"ocean_menu_typo_font_size_unit":"px","ocean_menu_typo_font_weight":"","ocean_menu_typo_font_weight_tablet":"","ocean_menu_typo_font_weight_mobile":"","ocean_menu_typo_transform":"","ocean_menu_typo_transform_tablet":"","ocean_menu_typo_transform_mobile":"","ocean_menu_typo_line_height":0,"ocean_menu_typo_line_height_tablet":0,"ocean_menu_typo_line_height_mobile":0,"ocean_menu_typo_line_height_unit":"","ocean_menu_typo_spacing":0,"ocean_menu_typo_spacing_tablet":0,"ocean_menu_typo_spacing_mobile":0,"ocean_menu_typo_spacing_unit":"","ocean_menu_link_color":"","ocean_menu_link_color_hover":"","ocean_menu_link_color_active":"","ocean_menu_link_background":"","ocean_menu_link_hover_background":"","ocean_menu_link_active_background":"","ocean_menu_social_links_bg":"","ocean_menu_social_hover_links_bg":"","ocean_menu_social_links_color":"","ocean_menu_social_hover_links_color":"","ocean_disable_title":"default","ocean_disable_heading":"default","ocean_post_title":"","ocean_post_subheading":"","ocean_post_title_style":"","ocean_post_title_background_color":"","ocean_post_title_background":0,"ocean_post_title_bg_image_position":"","ocean_post_title_bg_image_attachment":"","ocean_post_title_bg_image_repeat":"","ocean_post_title_bg_image_size":"","ocean_post_title_height":0,"ocean_post_title_bg_overlay":0.5,"ocean_post_title_bg_overlay_color":"","ocean_disable_breadcrumbs":"default","ocean_breadcrumbs_color":"","ocean_breadcrumbs_separator_color":"","ocean_breadcrumbs_links_color":"","ocean_breadcrumbs_links_hover_color":"","ocean_display_footer_widgets":"default","ocean_display_footer_bottom":"default","ocean_custom_footer_template":"","ocean_post_oembed":"","ocean_post_self_hosted_media":"","ocean_post_video_embed":"","ocean_link_format":"","ocean_link_format_target":"self","ocean_quote_format":"","ocean_quote_format_link":"post","ocean_gallery_link_images":"on","ocean_gallery_id":[],"footnotes":""},"categories":[3,271],"tags":[188,292,289,290],"class_list":["post-1197","post","type-post","status-publish","format-standard","has-post-thumbnail","hentry","category-actualites-municipales","category-covid-19","tag-coronavirus","tag-gestes-barriere","tag-marche","tag-vendredi","entry","has-media"],"yoast_head":"<!-- This site is optimized with the Yoast SEO plugin v27.3 - https:\/\/yoast.com\/product\/yoast-seo-wordpress\/ -->\n<title>Notre march\u00e9 du vendredi - Ville de Thiant<\/title>\n<meta name=\"robots\" content=\"index, follow, max-snippet:-1, max-image-preview:large, max-video-preview:-1\" \/>\n<link rel=\"canonical\" href=\"https:\/\/thiant.fr\/wordpress\/notre-marche-du-vendredi\/\" \/>\n<meta property=\"og:locale\" content=\"fr_FR\" \/>\n<meta property=\"og:type\" content=\"article\" \/>\n<meta property=\"og:title\" content=\"Notre march\u00e9 du vendredi - Ville de Thiant\" \/>\n<meta property=\"og:description\" content=\"T\u00e9l\u00e9charger l&#8217;arr\u00eat\u00e9 pr\u00e9fectoral Sous-Pr\u00e9fecture de Valenciennes Arr\u00eat\u00e9 portant autorisation d\u00e9rogatoire d&#8217;ouverture de march\u00e9s alimentaires sur le territoire de la commune de Thiant Le Pr\u00e9fet de zone de d\u00e9fense et de s\u00e9curit\u00e9 Nord, Pr\u00e9fet de la r\u00e9gion Hauts-de-France Pr\u00e9fet du Nord Officier de la L\u00e9gion d&#8217;Honneur Commandeur de l&#8217;ordre national du M\u00e9rite Un arr\u00eat\u00e9 a \u00e9t\u00e9 [&hellip;]\" \/>\n<meta property=\"og:url\" content=\"https:\/\/thiant.fr\/wordpress\/notre-marche-du-vendredi\/\" \/>\n<meta property=\"og:site_name\" content=\"Ville de Thiant\" \/>\n<meta property=\"article:published_time\" content=\"2020-04-06T10:02:37+00:00\" \/>\n<meta property=\"article:modified_time\" content=\"2020-04-06T14:02:58+00:00\" \/>\n<meta property=\"og:image\" content=\"https:\/\/thiant.fr\/wordpress\/wp-content\/uploads\/2020\/04\/img-marche.jpg\" \/>\n\t<meta property=\"og:image:width\" content=\"614\" \/>\n\t<meta property=\"og:image:height\" content=\"408\" \/>\n\t<meta property=\"og:image:type\" content=\"image\/jpeg\" \/>\n<meta name=\"author\" content=\"Service communication\" \/>\n<meta name=\"twitter:card\" content=\"summary_large_image\" \/>\n<meta name=\"twitter:label1\" content=\"\u00c9crit par\" \/>\n\t<meta name=\"twitter:data1\" content=\"Service communication\" \/>\n\t<meta name=\"twitter:label2\" content=\"Dur\u00e9e de lecture estim\u00e9e\" \/>\n\t<meta name=\"twitter:data2\" content=\"3 minutes\" \/>\n<script type=\"application\/ld+json\" class=\"yoast-schema-graph\">{\"@context\":\"https:\\\/\\\/schema.org\",\"@graph\":[{\"@type\":\"Article\",\"@id\":\"https:\\\/\\\/thiant.fr\\\/wordpress\\\/notre-marche-du-vendredi\\\/#article\",\"isPartOf\":{\"@id\":\"https:\\\/\\\/thiant.fr\\\/wordpress\\\/notre-marche-du-vendredi\\\/\"},\"author\":{\"name\":\"Service communication\",\"@id\":\"https:\\\/\\\/thiant.fr\\\/wordpress\\\/#\\\/schema\\\/person\\\/f41122130d18c0720657431d990451c6\"},\"headline\":\"Notre march\u00e9 du vendredi\",\"datePublished\":\"2020-04-06T10:02:37+00:00\",\"dateModified\":\"2020-04-06T14:02:58+00:00\",\"mainEntityOfPage\":{\"@id\":\"https:\\\/\\\/thiant.fr\\\/wordpress\\\/notre-marche-du-vendredi\\\/\"},\"wordCount\":554,\"publisher\":{\"@id\":\"https:\\\/\\\/thiant.fr\\\/wordpress\\\/#organization\"},\"image\":{\"@id\":\"https:\\\/\\\/thiant.fr\\\/wordpress\\\/notre-marche-du-vendredi\\\/#primaryimage\"},\"thumbnailUrl\":\"https:\\\/\\\/thiant.fr\\\/wordpress\\\/wp-content\\\/uploads\\\/2020\\\/04\\\/img-marche.jpg\",\"keywords\":[\"coronavirus\",\"gestes barri\u00e8re\",\"march\u00e9\",\"vendredi\"],\"articleSection\":[\"Actualit\u00e9s municipales\",\"COVID-19\"],\"inLanguage\":\"fr-FR\"},{\"@type\":\"WebPage\",\"@id\":\"https:\\\/\\\/thiant.fr\\\/wordpress\\\/notre-marche-du-vendredi\\\/\",\"url\":\"https:\\\/\\\/thiant.fr\\\/wordpress\\\/notre-marche-du-vendredi\\\/\",\"name\":\"Notre march\u00e9 du vendredi - Ville de Thiant\",\"isPartOf\":{\"@id\":\"https:\\\/\\\/thiant.fr\\\/wordpress\\\/#website\"},\"primaryImageOfPage\":{\"@id\":\"https:\\\/\\\/thiant.fr\\\/wordpress\\\/notre-marche-du-vendredi\\\/#primaryimage\"},\"image\":{\"@id\":\"https:\\\/\\\/thiant.fr\\\/wordpress\\\/notre-marche-du-vendredi\\\/#primaryimage\"},\"thumbnailUrl\":\"https:\\\/\\\/thiant.fr\\\/wordpress\\\/wp-content\\\/uploads\\\/2020\\\/04\\\/img-marche.jpg\",\"datePublished\":\"2020-04-06T10:02:37+00:00\",\"dateModified\":\"2020-04-06T14:02:58+00:00\",\"breadcrumb\":{\"@id\":\"https:\\\/\\\/thiant.fr\\\/wordpress\\\/notre-marche-du-vendredi\\\/#breadcrumb\"},\"inLanguage\":\"fr-FR\",\"potentialAction\":[{\"@type\":\"ReadAction\",\"target\":[\"https:\\\/\\\/thiant.fr\\\/wordpress\\\/notre-marche-du-vendredi\\\/\"]}]},{\"@type\":\"ImageObject\",\"inLanguage\":\"fr-FR\",\"@id\":\"https:\\\/\\\/thiant.fr\\\/wordpress\\\/notre-marche-du-vendredi\\\/#primaryimage\",\"url\":\"https:\\\/\\\/thiant.fr\\\/wordpress\\\/wp-content\\\/uploads\\\/2020\\\/04\\\/img-marche.jpg\",\"contentUrl\":\"https:\\\/\\\/thiant.fr\\\/wordpress\\\/wp-content\\\/uploads\\\/2020\\\/04\\\/img-marche.jpg\",\"width\":614,\"height\":408},{\"@type\":\"BreadcrumbList\",\"@id\":\"https:\\\/\\\/thiant.fr\\\/wordpress\\\/notre-marche-du-vendredi\\\/#breadcrumb\",\"itemListElement\":[{\"@type\":\"ListItem\",\"position\":1,\"name\":\"Accueil\",\"item\":\"https:\\\/\\\/thiant.fr\\\/wordpress\\\/\"},{\"@type\":\"ListItem\",\"position\":2,\"name\":\"Notre march\u00e9 du vendredi\"}]},{\"@type\":\"WebSite\",\"@id\":\"https:\\\/\\\/thiant.fr\\\/wordpress\\\/#website\",\"url\":\"https:\\\/\\\/thiant.fr\\\/wordpress\\\/\",\"name\":\"Ville de Thiant\",\"description\":\"Site officiel de la ville de Thiant\",\"publisher\":{\"@id\":\"https:\\\/\\\/thiant.fr\\\/wordpress\\\/#organization\"},\"potentialAction\":[{\"@type\":\"SearchAction\",\"target\":{\"@type\":\"EntryPoint\",\"urlTemplate\":\"https:\\\/\\\/thiant.fr\\\/wordpress\\\/?s={search_term_string}\"},\"query-input\":{\"@type\":\"PropertyValueSpecification\",\"valueRequired\":true,\"valueName\":\"search_term_string\"}}],\"inLanguage\":\"fr-FR\"},{\"@type\":\"Organization\",\"@id\":\"https:\\\/\\\/thiant.fr\\\/wordpress\\\/#organization\",\"name\":\"Ville de Thiant\",\"url\":\"https:\\\/\\\/thiant.fr\\\/wordpress\\\/\",\"logo\":{\"@type\":\"ImageObject\",\"inLanguage\":\"fr-FR\",\"@id\":\"https:\\\/\\\/thiant.fr\\\/wordpress\\\/#\\\/schema\\\/logo\\\/image\\\/\",\"url\":\"https:\\\/\\\/thiant.fr\\\/wordpress\\\/wp-content\\\/uploads\\\/2019\\\/08\\\/Thiant_Illdy_4.png\",\"contentUrl\":\"https:\\\/\\\/thiant.fr\\\/wordpress\\\/wp-content\\\/uploads\\\/2019\\\/08\\\/Thiant_Illdy_4.png\",\"width\":105,\"height\":75,\"caption\":\"Ville de Thiant\"},\"image\":{\"@id\":\"https:\\\/\\\/thiant.fr\\\/wordpress\\\/#\\\/schema\\\/logo\\\/image\\\/\"}},{\"@type\":\"Person\",\"@id\":\"https:\\\/\\\/thiant.fr\\\/wordpress\\\/#\\\/schema\\\/person\\\/f41122130d18c0720657431d990451c6\",\"name\":\"Service communication\",\"image\":{\"@type\":\"ImageObject\",\"inLanguage\":\"fr-FR\",\"@id\":\"https:\\\/\\\/secure.gravatar.com\\\/avatar\\\/527d4f1f1330a82db5a7ea7738ddeb994fd26c4537512a833d99b387808ee250?s=96&r=g\",\"url\":\"https:\\\/\\\/secure.gravatar.com\\\/avatar\\\/527d4f1f1330a82db5a7ea7738ddeb994fd26c4537512a833d99b387808ee250?s=96&r=g\",\"contentUrl\":\"https:\\\/\\\/secure.gravatar.com\\\/avatar\\\/527d4f1f1330a82db5a7ea7738ddeb994fd26c4537512a833d99b387808ee250?s=96&r=g\",\"caption\":\"Service communication\"},\"url\":\"https:\\\/\\\/thiant.fr\\\/wordpress\\\/author\\\/adminwpress\\\/\"}]}<\/script>\n<!-- \/ Yoast SEO plugin. -->","yoast_head_json":{"title":"Notre march\u00e9 du vendredi - Ville de Thiant","robots":{"index":"index","follow":"follow","max-snippet":"max-snippet:-1","max-image-preview":"max-image-preview:large","max-video-preview":"max-video-preview:-1"},"canonical":"https:\/\/thiant.fr\/wordpress\/notre-marche-du-vendredi\/","og_locale":"fr_FR","og_type":"article","og_title":"Notre march\u00e9 du vendredi - Ville de Thiant","og_description":"T\u00e9l\u00e9charger l&#8217;arr\u00eat\u00e9 pr\u00e9fectoral Sous-Pr\u00e9fecture de Valenciennes Arr\u00eat\u00e9 portant autorisation d\u00e9rogatoire d&#8217;ouverture de march\u00e9s alimentaires sur le territoire de la commune de Thiant Le Pr\u00e9fet de zone de d\u00e9fense et de s\u00e9curit\u00e9 Nord, Pr\u00e9fet de la r\u00e9gion Hauts-de-France Pr\u00e9fet du Nord Officier de la L\u00e9gion d&#8217;Honneur Commandeur de l&#8217;ordre national du M\u00e9rite Un arr\u00eat\u00e9 a \u00e9t\u00e9 [&hellip;]","og_url":"https:\/\/thiant.fr\/wordpress\/notre-marche-du-vendredi\/","og_site_name":"Ville de Thiant","article_published_time":"2020-04-06T10:02:37+00:00","article_modified_time":"2020-04-06T14:02:58+00:00","og_image":[{"width":614,"height":408,"url":"https:\/\/thiant.fr\/wordpress\/wp-content\/uploads\/2020\/04\/img-marche.jpg","type":"image\/jpeg"}],"author":"Service communication","twitter_card":"summary_large_image","twitter_misc":{"\u00c9crit par":"Service communication","Dur\u00e9e de lecture estim\u00e9e":"3 minutes"},"schema":{"@context":"https:\/\/schema.org","@graph":[{"@type":"Article","@id":"https:\/\/thiant.fr\/wordpress\/notre-marche-du-vendredi\/#article","isPartOf":{"@id":"https:\/\/thiant.fr\/wordpress\/notre-marche-du-vendredi\/"},"author":{"name":"Service communication","@id":"https:\/\/thiant.fr\/wordpress\/#\/schema\/person\/f41122130d18c0720657431d990451c6"},"headline":"Notre march\u00e9 du vendredi","datePublished":"2020-04-06T10:02:37+00:00","dateModified":"2020-04-06T14:02:58+00:00","mainEntityOfPage":{"@id":"https:\/\/thiant.fr\/wordpress\/notre-marche-du-vendredi\/"},"wordCount":554,"publisher":{"@id":"https:\/\/thiant.fr\/wordpress\/#organization"},"image":{"@id":"https:\/\/thiant.fr\/wordpress\/notre-marche-du-vendredi\/#primaryimage"},"thumbnailUrl":"https:\/\/thiant.fr\/wordpress\/wp-content\/uploads\/2020\/04\/img-marche.jpg","keywords":["coronavirus","gestes barri\u00e8re","march\u00e9","vendredi"],"articleSection":["Actualit\u00e9s municipales","COVID-19"],"inLanguage":"fr-FR"},{"@type":"WebPage","@id":"https:\/\/thiant.fr\/wordpress\/notre-marche-du-vendredi\/","url":"https:\/\/thiant.fr\/wordpress\/notre-marche-du-vendredi\/","name":"Notre march\u00e9 du vendredi - Ville de Thiant","isPartOf":{"@id":"https:\/\/thiant.fr\/wordpress\/#website"},"primaryImageOfPage":{"@id":"https:\/\/thiant.fr\/wordpress\/notre-marche-du-vendredi\/#primaryimage"},"image":{"@id":"https:\/\/thiant.fr\/wordpress\/notre-marche-du-vendredi\/#primaryimage"},"thumbnailUrl":"https:\/\/thiant.fr\/wordpress\/wp-content\/uploads\/2020\/04\/img-marche.jpg","datePublished":"2020-04-06T10:02:37+00:00","dateModified":"2020-04-06T14:02:58+00:00","breadcrumb":{"@id":"https:\/\/thiant.fr\/wordpress\/notre-marche-du-vendredi\/#breadcrumb"},"inLanguage":"fr-FR","potentialAction":[{"@type":"ReadAction","target":["https:\/\/thiant.fr\/wordpress\/notre-marche-du-vendredi\/"]}]},{"@type":"ImageObject","inLanguage":"fr-FR","@id":"https:\/\/thiant.fr\/wordpress\/notre-marche-du-vendredi\/#primaryimage","url":"https:\/\/thiant.fr\/wordpress\/wp-content\/uploads\/2020\/04\/img-marche.jpg","contentUrl":"https:\/\/thiant.fr\/wordpress\/wp-content\/uploads\/2020\/04\/img-marche.jpg","width":614,"height":408},{"@type":"BreadcrumbList","@id":"https:\/\/thiant.fr\/wordpress\/notre-marche-du-vendredi\/#breadcrumb","itemListElement":[{"@type":"ListItem","position":1,"name":"Accueil","item":"https:\/\/thiant.fr\/wordpress\/"},{"@type":"ListItem","position":2,"name":"Notre march\u00e9 du vendredi"}]},{"@type":"WebSite","@id":"https:\/\/thiant.fr\/wordpress\/#website","url":"https:\/\/thiant.fr\/wordpress\/","name":"Ville de Thiant","description":"Site officiel de la ville de Thiant","publisher":{"@id":"https:\/\/thiant.fr\/wordpress\/#organization"},"potentialAction":[{"@type":"SearchAction","target":{"@type":"EntryPoint","urlTemplate":"https:\/\/thiant.fr\/wordpress\/?s={search_term_string}"},"query-input":{"@type":"PropertyValueSpecification","valueRequired":true,"valueName":"search_term_string"}}],"inLanguage":"fr-FR"},{"@type":"Organization","@id":"https:\/\/thiant.fr\/wordpress\/#organization","name":"Ville de Thiant","url":"https:\/\/thiant.fr\/wordpress\/","logo":{"@type":"ImageObject","inLanguage":"fr-FR","@id":"https:\/\/thiant.fr\/wordpress\/#\/schema\/logo\/image\/","url":"https:\/\/thiant.fr\/wordpress\/wp-content\/uploads\/2019\/08\/Thiant_Illdy_4.png","contentUrl":"https:\/\/thiant.fr\/wordpress\/wp-content\/uploads\/2019\/08\/Thiant_Illdy_4.png","width":105,"height":75,"caption":"Ville de Thiant"},"image":{"@id":"https:\/\/thiant.fr\/wordpress\/#\/schema\/logo\/image\/"}},{"@type":"Person","@id":"https:\/\/thiant.fr\/wordpress\/#\/schema\/person\/f41122130d18c0720657431d990451c6","name":"Service communication","image":{"@type":"ImageObject","inLanguage":"fr-FR","@id":"https:\/\/secure.gravatar.com\/avatar\/527d4f1f1330a82db5a7ea7738ddeb994fd26c4537512a833d99b387808ee250?s=96&r=g","url":"https:\/\/secure.gravatar.com\/avatar\/527d4f1f1330a82db5a7ea7738ddeb994fd26c4537512a833d99b387808ee250?s=96&r=g","contentUrl":"https:\/\/secure.gravatar.com\/avatar\/527d4f1f1330a82db5a7ea7738ddeb994fd26c4537512a833d99b387808ee250?s=96&r=g","caption":"Service communication"},"url":"https:\/\/thiant.fr\/wordpress\/author\/adminwpress\/"}]}},"_links":{"self":[{"href":"https:\/\/thiant.fr\/wordpress\/wp-json\/wp\/v2\/posts\/1197","targetHints":{"allow":["GET"]}}],"collection":[{"href":"https:\/\/thiant.fr\/wordpress\/wp-json\/wp\/v2\/posts"}],"about":[{"href":"https:\/\/thiant.fr\/wordpress\/wp-json\/wp\/v2\/types\/post"}],"author":[{"embeddable":true,"href":"https:\/\/thiant.fr\/wordpress\/wp-json\/wp\/v2\/users\/1"}],"replies":[{"embeddable":true,"href":"https:\/\/thiant.fr\/wordpress\/wp-json\/wp\/v2\/comments?post=1197"}],"version-history":[{"count":0,"href":"https:\/\/thiant.fr\/wordpress\/wp-json\/wp\/v2\/posts\/1197\/revisions"}],"wp:featuredmedia":[{"embeddable":true,"href":"https:\/\/thiant.fr\/wordpress\/wp-json\/wp\/v2\/media\/1198"}],"wp:attachment":[{"href":"https:\/\/thiant.fr\/wordpress\/wp-json\/wp\/v2\/media?parent=1197"}],"wp:term":[{"taxonomy":"category","embeddable":true,"href":"https:\/\/thiant.fr\/wordpress\/wp-json\/wp\/v2\/categories?post=1197"},{"taxonomy":"post_tag","embeddable":true,"href":"https:\/\/thiant.fr\/wordpress\/wp-json\/wp\/v2\/tags?post=1197"}],"curies":[{"name":"wp","href":"https:\/\/api.w.org\/{rel}","templated":true}]}}