{"id":1245,"date":"2020-04-20T16:49:04","date_gmt":"2020-04-20T14:49:04","guid":{"rendered":"https:\/\/thiant.fr\/wordpress\/?p=1245"},"modified":"2020-04-20T16:58:55","modified_gmt":"2020-04-20T14:58:55","slug":"reprise-de-la-collecte-des-encombrants","status":"publish","type":"post","link":"https:\/\/thiant.fr\/wordpress\/reprise-de-la-collecte-des-encombrants\/","title":{"rendered":"Reprise de la collecte des encombrants"},"content":{"rendered":"\t\t<div data-elementor-type=\"wp-post\" data-elementor-id=\"1245\" class=\"elementor elementor-1245\">\n\t\t\t\t\t\t<section class=\"elementor-section elementor-top-section elementor-element elementor-element-2411565 elementor-section-boxed elementor-section-height-default elementor-section-height-default\" data-id=\"2411565\" data-element_type=\"section\" data-e-type=\"section\">\n\t\t\t\t\t\t<div class=\"elementor-container elementor-column-gap-default\">\n\t\t\t\t\t<div class=\"elementor-column elementor-col-100 elementor-top-column elementor-element elementor-element-9299fd7\" data-id=\"9299fd7\" data-element_type=\"column\" data-e-type=\"column\">\n\t\t\t<div class=\"elementor-widget-wrap elementor-element-populated\">\n\t\t\t\t\t\t<div class=\"elementor-element elementor-element-97f46a8 elementor-widget elementor-widget-image\" data-id=\"97f46a8\" data-element_type=\"widget\" data-e-type=\"widget\" data-widget_type=\"image.default\">\n\t\t\t\t<div class=\"elementor-widget-container\">\n\t\t\t\t\t\t\t\t\t\t\t\t\t\t\t<img fetchpriority=\"high\" decoding=\"async\" width=\"724\" height=\"1024\" src=\"https:\/\/thiant.fr\/wordpress\/wp-content\/uploads\/2020\/04\/Affiche-encombrants-sur-appel-COVID19_web-724x1024.jpg\" class=\"attachment-large size-large wp-image-1247\" alt=\"Reprise de la collecte des encombrants sur appel - Tract d&#039;information - SIAVED\" srcset=\"https:\/\/thiant.fr\/wordpress\/wp-content\/uploads\/2020\/04\/Affiche-encombrants-sur-appel-COVID19_web-724x1024.jpg 724w, https:\/\/thiant.fr\/wordpress\/wp-content\/uploads\/2020\/04\/Affiche-encombrants-sur-appel-COVID19_web-212x300.jpg 212w, https:\/\/thiant.fr\/wordpress\/wp-content\/uploads\/2020\/04\/Affiche-encombrants-sur-appel-COVID19_web.jpg 730w\" sizes=\"(max-width: 724px) 100vw, 724px\" \/>\t\t\t\t\t\t\t\t\t\t\t\t\t\t\t<\/div>\n\t\t\t\t<\/div>\n\t\t\t\t\t<\/div>\n\t\t<\/div>\n\t\t\t\t\t<\/div>\n\t\t<\/section>\n\t\t\t\t<section class=\"elementor-section elementor-top-section elementor-element elementor-element-82580a8 elementor-section-boxed elementor-section-height-default elementor-section-height-default\" data-id=\"82580a8\" data-element_type=\"section\" data-e-type=\"section\">\n\t\t\t\t\t\t<div class=\"elementor-container elementor-column-gap-default\">\n\t\t\t\t\t<div class=\"elementor-column elementor-col-100 elementor-top-column elementor-element elementor-element-fb67ab0\" data-id=\"fb67ab0\" data-element_type=\"column\" data-e-type=\"column\">\n\t\t\t<div class=\"elementor-widget-wrap elementor-element-populated\">\n\t\t\t\t\t\t<div class=\"elementor-element elementor-element-3a0e5b4 elementor-widget elementor-widget-text-editor\" data-id=\"3a0e5b4\" data-element_type=\"widget\" data-e-type=\"widget\" data-widget_type=\"text-editor.default\">\n\t\t\t\t<div class=\"elementor-widget-container\">\n\t\t\t\t\t\t\t\t\t<p><span style=\"text-decoration: underline;\"><span style=\"color: #333333; text-decoration: underline;\">Le SIAVED vous informe : <\/span><\/span><\/p><h5 style=\"text-align: center;\"><span style=\"color: #333333;\">La reprise de la collecte des encombrants sur appel<br \/>\u00e0 compter du 27 avril 2020<\/span><\/h5><p><strong><span style=\"color: #333333;\">Le SIAVED relance son service de collecte des encombrants sur appel pour les particuliers de la Porte du Hainaut et du Caudr\u00e9sis-Cat\u00e9sis. <\/span><\/strong><br \/><strong><span style=\"color: #333333;\">\u00c0 compter de ce vendredi 17 avril, les habitants peuvent prendre rendez-vous pour \u00eatre collect\u00e9s gratuitement \u00e0 domicile de leurs encombrants \u00e0 partir du lundi 27 avril.<\/span><\/strong><\/p><h6><span style=\"color: #000080;\">Comment proc\u00e9der ?<\/span><\/h6><p style=\"padding-left: 40px;\"><span style=\"color: #000080;\">&#8211; Prenez rendez-vous au <a href=\"tel:+33969391089\">0 969 391 089 <\/a><small>(num\u00e9ro cristal, appel non surtax\u00e9)<\/small> du lundi au samedi de 8h \u00e0 18h ;<\/span><br \/><span style=\"color: #000080;\">&#8211; Pr\u00e9cisez le type d&#8217;encombrant et le volume que cela repr\u00e9sente ;<\/span><br \/><span style=\"color: #000080;\">&#8211; Un rendez-vous vous sera fix\u00e9 par le collecteur, \u00e0 partir du lundi 27 avril 2020 ;<\/span><br \/><span style=\"color: #000080;\">&#8211; D\u00e9posez vos encombrants devant votre domicile le jour du ramassage avant 8h.<\/span><\/p><h6><span style=\"color: #039e4b;\">Quels d\u00e9chets sont accept\u00e9s ?<\/span><\/h6><p style=\"padding-left: 40px;\"><span style=\"color: #039e4b;\"><strong>&#8211; Objets volumineux<\/strong> : meubles, sommiers, gros cartons, v\u00e9los&#8230;<\/span><br \/><span style=\"color: #039e4b;\"><strong>&#8211; D\u00e9chets provenant du bricolage familial :<\/strong> portes, fen\u00eatres, meubles de cuisine et de salle de bain&#8230;<\/span><\/p><h6><span style=\"color: #d92727;\">Quels d\u00e9chets ne sont pas collect\u00e9s ?<\/span><\/h6><p style=\"padding-left: 40px;\"><span style=\"color: #d92727;\">&#8211; Petits et gros \u00e9lectrom\u00e9nagers, mat\u00e9riels Hi-Fi et informatique&#8230;<\/span><br \/><span style=\"color: #d92727;\">&#8211; D\u00e9chets automobiles : pneus, batteries&#8230;<\/span><br \/><span style=\"color: #d92727;\">&#8211; D\u00e9chets de construction : Placoplatre, t\u00f4les, briques, gravats, pierres&#8230;<\/span><br \/><span style=\"color: #d92727;\">&#8211; Toxiques : peintures, huiles, produits phytosanitaires, a\u00e9rosols&#8230;<\/span><br \/><span style=\"color: #d92727;\">&#8211; D\u00e9chets verts ;<\/span><br \/><span style=\"color: #d92727;\">&#8211; Textiles.<\/span><\/p><h6 style=\"text-align: center;\"><span style=\"color: #d92727;\">\u2192 Attention \u2190<\/span><\/h6><p style=\"text-align: center;\"><span style=\"color: #d92727;\">&#8211; Limite de 3m<sup>3<\/sup> (l&#8217;\u00e9quivalent de 3 petites remorques de voiture) par enl\u00e8vement.<\/span><br \/><span style=\"color: #d92727;\">&#8211; Chaque objet ne doit pas d\u00e9passer 1,80m et peser plus de 70 kg.<\/span><br \/><span style=\"color: #d92727;\">&#8211; Ramassage dans les 4 semaines maximum apr\u00e8s la prise de rendez-vous.<\/span><\/p><p style=\"text-align: center;\"><strong><span style=\"color: #333333;\"><a href=\"https:\/\/www.siaved.fr\" target=\"_blank\" rel=\"noopener\">www.siaved.fr<\/a><\/span><\/strong><\/p>\t\t\t\t\t\t\t\t<\/div>\n\t\t\t\t<\/div>\n\t\t\t\t\t<\/div>\n\t\t<\/div>\n\t\t\t\t\t<\/div>\n\t\t<\/section>\n\t\t\t\t<\/div>\n\t\t","protected":false},"excerpt":{"rendered":"<p>Le SIAVED vous informe : La reprise de la collecte des encombrants sur appel \u00e0 compter du 27 avril 2020 Le SIAVED relance son service de collecte des encombrants sur appel pour les particuliers de la Porte du Hainaut et du Caudr\u00e9sis-Cat\u00e9sis. \u00c0 compter de ce vendredi 17 avril, les habitants peuvent prendre rendez-vous pour [&hellip;]<\/p>\n","protected":false},"author":1,"featured_media":1114,"comment_status":"closed","ping_status":"closed","sticky":false,"template":"","format":"standard","meta":{"_crdt_document":"","ocean_post_layout":"","ocean_both_sidebars_style":"","ocean_both_sidebars_content_width":0,"ocean_both_sidebars_sidebars_width":0,"ocean_sidebar":"","ocean_second_sidebar":"","ocean_disable_margins":"enable","ocean_add_body_class":"","ocean_shortcode_before_top_bar":"","ocean_shortcode_after_top_bar":"","ocean_shortcode_before_header":"","ocean_shortcode_after_header":"","ocean_has_shortcode":"","ocean_shortcode_after_title":"","ocean_shortcode_before_footer_widgets":"","ocean_shortcode_after_footer_widgets":"","ocean_shortcode_before_footer_bottom":"","ocean_shortcode_after_footer_bottom":"","ocean_display_top_bar":"default","ocean_display_header":"default","ocean_header_style":"","ocean_center_header_left_menu":"","ocean_custom_header_template":"","ocean_custom_logo":0,"ocean_custom_retina_logo":0,"ocean_custom_logo_max_width":0,"ocean_custom_logo_tablet_max_width":0,"ocean_custom_logo_mobile_max_width":0,"ocean_custom_logo_max_height":0,"ocean_custom_logo_tablet_max_height":0,"ocean_custom_logo_mobile_max_height":0,"ocean_header_custom_menu":"","ocean_menu_typo_font_family":"","ocean_menu_typo_font_subset":"","ocean_menu_typo_font_size":0,"ocean_menu_typo_font_size_tablet":0,"ocean_menu_typo_font_size_mobile":0,"ocean_menu_typo_font_size_unit":"px","ocean_menu_typo_font_weight":"","ocean_menu_typo_font_weight_tablet":"","ocean_menu_typo_font_weight_mobile":"","ocean_menu_typo_transform":"","ocean_menu_typo_transform_tablet":"","ocean_menu_typo_transform_mobile":"","ocean_menu_typo_line_height":0,"ocean_menu_typo_line_height_tablet":0,"ocean_menu_typo_line_height_mobile":0,"ocean_menu_typo_line_height_unit":"","ocean_menu_typo_spacing":0,"ocean_menu_typo_spacing_tablet":0,"ocean_menu_typo_spacing_mobile":0,"ocean_menu_typo_spacing_unit":"","ocean_menu_link_color":"","ocean_menu_link_color_hover":"","ocean_menu_link_color_active":"","ocean_menu_link_background":"","ocean_menu_link_hover_background":"","ocean_menu_link_active_background":"","ocean_menu_social_links_bg":"","ocean_menu_social_hover_links_bg":"","ocean_menu_social_links_color":"","ocean_menu_social_hover_links_color":"","ocean_disable_title":"default","ocean_disable_heading":"default","ocean_post_title":"","ocean_post_subheading":"","ocean_post_title_style":"","ocean_post_title_background_color":"","ocean_post_title_background":0,"ocean_post_title_bg_image_position":"","ocean_post_title_bg_image_attachment":"","ocean_post_title_bg_image_repeat":"","ocean_post_title_bg_image_size":"","ocean_post_title_height":0,"ocean_post_title_bg_overlay":0.5,"ocean_post_title_bg_overlay_color":"","ocean_disable_breadcrumbs":"default","ocean_breadcrumbs_color":"","ocean_breadcrumbs_separator_color":"","ocean_breadcrumbs_links_color":"","ocean_breadcrumbs_links_hover_color":"","ocean_display_footer_widgets":"default","ocean_display_footer_bottom":"default","ocean_custom_footer_template":"","ocean_post_oembed":"","ocean_post_self_hosted_media":"","ocean_post_video_embed":"","ocean_link_format":"","ocean_link_format_target":"self","ocean_quote_format":"","ocean_quote_format_link":"post","ocean_gallery_link_images":"on","ocean_gallery_id":[],"footnotes":""},"categories":[97],"tags":[296,302,301,303,304,199],"class_list":["post-1245","post","type-post","status-publish","format-standard","has-post-thumbnail","hentry","category-siaved","tag-collecte","tag-collecte-encombrants","tag-encombrants","tag-particulier","tag-particuliers","tag-porte-du-hainaut","entry","has-media"],"yoast_head":"<!-- This site is optimized with the Yoast SEO plugin v27.3 - https:\/\/yoast.com\/product\/yoast-seo-wordpress\/ -->\n<title>Reprise de la collecte des encombrants - Ville de Thiant<\/title>\n<meta name=\"robots\" content=\"index, follow, max-snippet:-1, max-image-preview:large, max-video-preview:-1\" \/>\n<link rel=\"canonical\" href=\"https:\/\/thiant.fr\/wordpress\/reprise-de-la-collecte-des-encombrants\/\" \/>\n<meta property=\"og:locale\" content=\"fr_FR\" \/>\n<meta property=\"og:type\" content=\"article\" \/>\n<meta property=\"og:title\" content=\"Reprise de la collecte des encombrants - Ville de Thiant\" \/>\n<meta property=\"og:description\" content=\"Le SIAVED vous informe : La reprise de la collecte des encombrants sur appel \u00e0 compter du 27 avril 2020 Le SIAVED relance son service de collecte des encombrants sur appel pour les particuliers de la Porte du Hainaut et du Caudr\u00e9sis-Cat\u00e9sis. \u00c0 compter de ce vendredi 17 avril, les habitants peuvent prendre rendez-vous pour [&hellip;]\" \/>\n<meta property=\"og:url\" content=\"https:\/\/thiant.fr\/wordpress\/reprise-de-la-collecte-des-encombrants\/\" \/>\n<meta property=\"og:site_name\" content=\"Ville de Thiant\" \/>\n<meta property=\"article:published_time\" content=\"2020-04-20T14:49:04+00:00\" \/>\n<meta property=\"article:modified_time\" content=\"2020-04-20T14:58:55+00:00\" \/>\n<meta property=\"og:image\" content=\"https:\/\/thiant.fr\/wordpress\/wp-content\/uploads\/2020\/03\/LOGO-SIAVED.png\" \/>\n\t<meta property=\"og:image:width\" content=\"340\" \/>\n\t<meta property=\"og:image:height\" content=\"340\" \/>\n\t<meta property=\"og:image:type\" content=\"image\/png\" \/>\n<meta name=\"author\" content=\"Service communication\" \/>\n<meta name=\"twitter:card\" content=\"summary_large_image\" \/>\n<meta name=\"twitter:label1\" content=\"\u00c9crit par\" \/>\n\t<meta name=\"twitter:data1\" content=\"Service communication\" \/>\n\t<meta name=\"twitter:label2\" content=\"Dur\u00e9e de lecture estim\u00e9e\" \/>\n\t<meta name=\"twitter:data2\" content=\"1 minute\" \/>\n<script type=\"application\/ld+json\" class=\"yoast-schema-graph\">{\"@context\":\"https:\\\/\\\/schema.org\",\"@graph\":[{\"@type\":\"Article\",\"@id\":\"https:\\\/\\\/thiant.fr\\\/wordpress\\\/reprise-de-la-collecte-des-encombrants\\\/#article\",\"isPartOf\":{\"@id\":\"https:\\\/\\\/thiant.fr\\\/wordpress\\\/reprise-de-la-collecte-des-encombrants\\\/\"},\"author\":{\"name\":\"Service communication\",\"@id\":\"https:\\\/\\\/thiant.fr\\\/wordpress\\\/#\\\/schema\\\/person\\\/f41122130d18c0720657431d990451c6\"},\"headline\":\"Reprise de la collecte des encombrants\",\"datePublished\":\"2020-04-20T14:49:04+00:00\",\"dateModified\":\"2020-04-20T14:58:55+00:00\",\"mainEntityOfPage\":{\"@id\":\"https:\\\/\\\/thiant.fr\\\/wordpress\\\/reprise-de-la-collecte-des-encombrants\\\/\"},\"wordCount\":257,\"publisher\":{\"@id\":\"https:\\\/\\\/thiant.fr\\\/wordpress\\\/#organization\"},\"image\":{\"@id\":\"https:\\\/\\\/thiant.fr\\\/wordpress\\\/reprise-de-la-collecte-des-encombrants\\\/#primaryimage\"},\"thumbnailUrl\":\"https:\\\/\\\/thiant.fr\\\/wordpress\\\/wp-content\\\/uploads\\\/2020\\\/03\\\/LOGO-SIAVED.png\",\"keywords\":[\"collecte\",\"collecte encombrants\",\"encombrants\",\"particulier\",\"particuliers\",\"porte du Hainaut\"],\"articleSection\":[\"SIAVED\"],\"inLanguage\":\"fr-FR\"},{\"@type\":\"WebPage\",\"@id\":\"https:\\\/\\\/thiant.fr\\\/wordpress\\\/reprise-de-la-collecte-des-encombrants\\\/\",\"url\":\"https:\\\/\\\/thiant.fr\\\/wordpress\\\/reprise-de-la-collecte-des-encombrants\\\/\",\"name\":\"Reprise de la collecte des encombrants - Ville de Thiant\",\"isPartOf\":{\"@id\":\"https:\\\/\\\/thiant.fr\\\/wordpress\\\/#website\"},\"primaryImageOfPage\":{\"@id\":\"https:\\\/\\\/thiant.fr\\\/wordpress\\\/reprise-de-la-collecte-des-encombrants\\\/#primaryimage\"},\"image\":{\"@id\":\"https:\\\/\\\/thiant.fr\\\/wordpress\\\/reprise-de-la-collecte-des-encombrants\\\/#primaryimage\"},\"thumbnailUrl\":\"https:\\\/\\\/thiant.fr\\\/wordpress\\\/wp-content\\\/uploads\\\/2020\\\/03\\\/LOGO-SIAVED.png\",\"datePublished\":\"2020-04-20T14:49:04+00:00\",\"dateModified\":\"2020-04-20T14:58:55+00:00\",\"breadcrumb\":{\"@id\":\"https:\\\/\\\/thiant.fr\\\/wordpress\\\/reprise-de-la-collecte-des-encombrants\\\/#breadcrumb\"},\"inLanguage\":\"fr-FR\",\"potentialAction\":[{\"@type\":\"ReadAction\",\"target\":[\"https:\\\/\\\/thiant.fr\\\/wordpress\\\/reprise-de-la-collecte-des-encombrants\\\/\"]}]},{\"@type\":\"ImageObject\",\"inLanguage\":\"fr-FR\",\"@id\":\"https:\\\/\\\/thiant.fr\\\/wordpress\\\/reprise-de-la-collecte-des-encombrants\\\/#primaryimage\",\"url\":\"https:\\\/\\\/thiant.fr\\\/wordpress\\\/wp-content\\\/uploads\\\/2020\\\/03\\\/LOGO-SIAVED.png\",\"contentUrl\":\"https:\\\/\\\/thiant.fr\\\/wordpress\\\/wp-content\\\/uploads\\\/2020\\\/03\\\/LOGO-SIAVED.png\",\"width\":340,\"height\":340},{\"@type\":\"BreadcrumbList\",\"@id\":\"https:\\\/\\\/thiant.fr\\\/wordpress\\\/reprise-de-la-collecte-des-encombrants\\\/#breadcrumb\",\"itemListElement\":[{\"@type\":\"ListItem\",\"position\":1,\"name\":\"Accueil\",\"item\":\"https:\\\/\\\/thiant.fr\\\/wordpress\\\/\"},{\"@type\":\"ListItem\",\"position\":2,\"name\":\"Reprise de la collecte des encombrants\"}]},{\"@type\":\"WebSite\",\"@id\":\"https:\\\/\\\/thiant.fr\\\/wordpress\\\/#website\",\"url\":\"https:\\\/\\\/thiant.fr\\\/wordpress\\\/\",\"name\":\"Ville de Thiant\",\"description\":\"Site officiel de la ville de Thiant\",\"publisher\":{\"@id\":\"https:\\\/\\\/thiant.fr\\\/wordpress\\\/#organization\"},\"potentialAction\":[{\"@type\":\"SearchAction\",\"target\":{\"@type\":\"EntryPoint\",\"urlTemplate\":\"https:\\\/\\\/thiant.fr\\\/wordpress\\\/?s={search_term_string}\"},\"query-input\":{\"@type\":\"PropertyValueSpecification\",\"valueRequired\":true,\"valueName\":\"search_term_string\"}}],\"inLanguage\":\"fr-FR\"},{\"@type\":\"Organization\",\"@id\":\"https:\\\/\\\/thiant.fr\\\/wordpress\\\/#organization\",\"name\":\"Ville de Thiant\",\"url\":\"https:\\\/\\\/thiant.fr\\\/wordpress\\\/\",\"logo\":{\"@type\":\"ImageObject\",\"inLanguage\":\"fr-FR\",\"@id\":\"https:\\\/\\\/thiant.fr\\\/wordpress\\\/#\\\/schema\\\/logo\\\/image\\\/\",\"url\":\"https:\\\/\\\/thiant.fr\\\/wordpress\\\/wp-content\\\/uploads\\\/2019\\\/08\\\/Thiant_Illdy_4.png\",\"contentUrl\":\"https:\\\/\\\/thiant.fr\\\/wordpress\\\/wp-content\\\/uploads\\\/2019\\\/08\\\/Thiant_Illdy_4.png\",\"width\":105,\"height\":75,\"caption\":\"Ville de Thiant\"},\"image\":{\"@id\":\"https:\\\/\\\/thiant.fr\\\/wordpress\\\/#\\\/schema\\\/logo\\\/image\\\/\"}},{\"@type\":\"Person\",\"@id\":\"https:\\\/\\\/thiant.fr\\\/wordpress\\\/#\\\/schema\\\/person\\\/f41122130d18c0720657431d990451c6\",\"name\":\"Service communication\",\"image\":{\"@type\":\"ImageObject\",\"inLanguage\":\"fr-FR\",\"@id\":\"https:\\\/\\\/secure.gravatar.com\\\/avatar\\\/527d4f1f1330a82db5a7ea7738ddeb994fd26c4537512a833d99b387808ee250?s=96&r=g\",\"url\":\"https:\\\/\\\/secure.gravatar.com\\\/avatar\\\/527d4f1f1330a82db5a7ea7738ddeb994fd26c4537512a833d99b387808ee250?s=96&r=g\",\"contentUrl\":\"https:\\\/\\\/secure.gravatar.com\\\/avatar\\\/527d4f1f1330a82db5a7ea7738ddeb994fd26c4537512a833d99b387808ee250?s=96&r=g\",\"caption\":\"Service communication\"},\"url\":\"https:\\\/\\\/thiant.fr\\\/wordpress\\\/author\\\/adminwpress\\\/\"}]}<\/script>\n<!-- \/ Yoast SEO plugin. -->","yoast_head_json":{"title":"Reprise de la collecte des encombrants - Ville de Thiant","robots":{"index":"index","follow":"follow","max-snippet":"max-snippet:-1","max-image-preview":"max-image-preview:large","max-video-preview":"max-video-preview:-1"},"canonical":"https:\/\/thiant.fr\/wordpress\/reprise-de-la-collecte-des-encombrants\/","og_locale":"fr_FR","og_type":"article","og_title":"Reprise de la collecte des encombrants - Ville de Thiant","og_description":"Le SIAVED vous informe : La reprise de la collecte des encombrants sur appel \u00e0 compter du 27 avril 2020 Le SIAVED relance son service de collecte des encombrants sur appel pour les particuliers de la Porte du Hainaut et du Caudr\u00e9sis-Cat\u00e9sis. \u00c0 compter de ce vendredi 17 avril, les habitants peuvent prendre rendez-vous pour [&hellip;]","og_url":"https:\/\/thiant.fr\/wordpress\/reprise-de-la-collecte-des-encombrants\/","og_site_name":"Ville de Thiant","article_published_time":"2020-04-20T14:49:04+00:00","article_modified_time":"2020-04-20T14:58:55+00:00","og_image":[{"width":340,"height":340,"url":"https:\/\/thiant.fr\/wordpress\/wp-content\/uploads\/2020\/03\/LOGO-SIAVED.png","type":"image\/png"}],"author":"Service communication","twitter_card":"summary_large_image","twitter_misc":{"\u00c9crit par":"Service communication","Dur\u00e9e de lecture estim\u00e9e":"1 minute"},"schema":{"@context":"https:\/\/schema.org","@graph":[{"@type":"Article","@id":"https:\/\/thiant.fr\/wordpress\/reprise-de-la-collecte-des-encombrants\/#article","isPartOf":{"@id":"https:\/\/thiant.fr\/wordpress\/reprise-de-la-collecte-des-encombrants\/"},"author":{"name":"Service communication","@id":"https:\/\/thiant.fr\/wordpress\/#\/schema\/person\/f41122130d18c0720657431d990451c6"},"headline":"Reprise de la collecte des encombrants","datePublished":"2020-04-20T14:49:04+00:00","dateModified":"2020-04-20T14:58:55+00:00","mainEntityOfPage":{"@id":"https:\/\/thiant.fr\/wordpress\/reprise-de-la-collecte-des-encombrants\/"},"wordCount":257,"publisher":{"@id":"https:\/\/thiant.fr\/wordpress\/#organization"},"image":{"@id":"https:\/\/thiant.fr\/wordpress\/reprise-de-la-collecte-des-encombrants\/#primaryimage"},"thumbnailUrl":"https:\/\/thiant.fr\/wordpress\/wp-content\/uploads\/2020\/03\/LOGO-SIAVED.png","keywords":["collecte","collecte encombrants","encombrants","particulier","particuliers","porte du Hainaut"],"articleSection":["SIAVED"],"inLanguage":"fr-FR"},{"@type":"WebPage","@id":"https:\/\/thiant.fr\/wordpress\/reprise-de-la-collecte-des-encombrants\/","url":"https:\/\/thiant.fr\/wordpress\/reprise-de-la-collecte-des-encombrants\/","name":"Reprise de la collecte des encombrants - Ville de Thiant","isPartOf":{"@id":"https:\/\/thiant.fr\/wordpress\/#website"},"primaryImageOfPage":{"@id":"https:\/\/thiant.fr\/wordpress\/reprise-de-la-collecte-des-encombrants\/#primaryimage"},"image":{"@id":"https:\/\/thiant.fr\/wordpress\/reprise-de-la-collecte-des-encombrants\/#primaryimage"},"thumbnailUrl":"https:\/\/thiant.fr\/wordpress\/wp-content\/uploads\/2020\/03\/LOGO-SIAVED.png","datePublished":"2020-04-20T14:49:04+00:00","dateModified":"2020-04-20T14:58:55+00:00","breadcrumb":{"@id":"https:\/\/thiant.fr\/wordpress\/reprise-de-la-collecte-des-encombrants\/#breadcrumb"},"inLanguage":"fr-FR","potentialAction":[{"@type":"ReadAction","target":["https:\/\/thiant.fr\/wordpress\/reprise-de-la-collecte-des-encombrants\/"]}]},{"@type":"ImageObject","inLanguage":"fr-FR","@id":"https:\/\/thiant.fr\/wordpress\/reprise-de-la-collecte-des-encombrants\/#primaryimage","url":"https:\/\/thiant.fr\/wordpress\/wp-content\/uploads\/2020\/03\/LOGO-SIAVED.png","contentUrl":"https:\/\/thiant.fr\/wordpress\/wp-content\/uploads\/2020\/03\/LOGO-SIAVED.png","width":340,"height":340},{"@type":"BreadcrumbList","@id":"https:\/\/thiant.fr\/wordpress\/reprise-de-la-collecte-des-encombrants\/#breadcrumb","itemListElement":[{"@type":"ListItem","position":1,"name":"Accueil","item":"https:\/\/thiant.fr\/wordpress\/"},{"@type":"ListItem","position":2,"name":"Reprise de la collecte des encombrants"}]},{"@type":"WebSite","@id":"https:\/\/thiant.fr\/wordpress\/#website","url":"https:\/\/thiant.fr\/wordpress\/","name":"Ville de Thiant","description":"Site officiel de la ville de Thiant","publisher":{"@id":"https:\/\/thiant.fr\/wordpress\/#organization"},"potentialAction":[{"@type":"SearchAction","target":{"@type":"EntryPoint","urlTemplate":"https:\/\/thiant.fr\/wordpress\/?s={search_term_string}"},"query-input":{"@type":"PropertyValueSpecification","valueRequired":true,"valueName":"search_term_string"}}],"inLanguage":"fr-FR"},{"@type":"Organization","@id":"https:\/\/thiant.fr\/wordpress\/#organization","name":"Ville de Thiant","url":"https:\/\/thiant.fr\/wordpress\/","logo":{"@type":"ImageObject","inLanguage":"fr-FR","@id":"https:\/\/thiant.fr\/wordpress\/#\/schema\/logo\/image\/","url":"https:\/\/thiant.fr\/wordpress\/wp-content\/uploads\/2019\/08\/Thiant_Illdy_4.png","contentUrl":"https:\/\/thiant.fr\/wordpress\/wp-content\/uploads\/2019\/08\/Thiant_Illdy_4.png","width":105,"height":75,"caption":"Ville de Thiant"},"image":{"@id":"https:\/\/thiant.fr\/wordpress\/#\/schema\/logo\/image\/"}},{"@type":"Person","@id":"https:\/\/thiant.fr\/wordpress\/#\/schema\/person\/f41122130d18c0720657431d990451c6","name":"Service communication","image":{"@type":"ImageObject","inLanguage":"fr-FR","@id":"https:\/\/secure.gravatar.com\/avatar\/527d4f1f1330a82db5a7ea7738ddeb994fd26c4537512a833d99b387808ee250?s=96&r=g","url":"https:\/\/secure.gravatar.com\/avatar\/527d4f1f1330a82db5a7ea7738ddeb994fd26c4537512a833d99b387808ee250?s=96&r=g","contentUrl":"https:\/\/secure.gravatar.com\/avatar\/527d4f1f1330a82db5a7ea7738ddeb994fd26c4537512a833d99b387808ee250?s=96&r=g","caption":"Service communication"},"url":"https:\/\/thiant.fr\/wordpress\/author\/adminwpress\/"}]}},"_links":{"self":[{"href":"https:\/\/thiant.fr\/wordpress\/wp-json\/wp\/v2\/posts\/1245","targetHints":{"allow":["GET"]}}],"collection":[{"href":"https:\/\/thiant.fr\/wordpress\/wp-json\/wp\/v2\/posts"}],"about":[{"href":"https:\/\/thiant.fr\/wordpress\/wp-json\/wp\/v2\/types\/post"}],"author":[{"embeddable":true,"href":"https:\/\/thiant.fr\/wordpress\/wp-json\/wp\/v2\/users\/1"}],"replies":[{"embeddable":true,"href":"https:\/\/thiant.fr\/wordpress\/wp-json\/wp\/v2\/comments?post=1245"}],"version-history":[{"count":0,"href":"https:\/\/thiant.fr\/wordpress\/wp-json\/wp\/v2\/posts\/1245\/revisions"}],"wp:featuredmedia":[{"embeddable":true,"href":"https:\/\/thiant.fr\/wordpress\/wp-json\/wp\/v2\/media\/1114"}],"wp:attachment":[{"href":"https:\/\/thiant.fr\/wordpress\/wp-json\/wp\/v2\/media?parent=1245"}],"wp:term":[{"taxonomy":"category","embeddable":true,"href":"https:\/\/thiant.fr\/wordpress\/wp-json\/wp\/v2\/categories?post=1245"},{"taxonomy":"post_tag","embeddable":true,"href":"https:\/\/thiant.fr\/wordpress\/wp-json\/wp\/v2\/tags?post=1245"}],"curies":[{"name":"wp","href":"https:\/\/api.w.org\/{rel}","templated":true}]}}