{"id":1296,"date":"2020-05-04T17:29:57","date_gmt":"2020-05-04T15:29:57","guid":{"rendered":"https:\/\/thiant.fr\/wordpress\/?p=1296"},"modified":"2020-05-04T17:44:29","modified_gmt":"2020-05-04T15:44:29","slug":"fermeture-du-groupe-scolaire-ansart","status":"publish","type":"post","link":"https:\/\/thiant.fr\/wordpress\/fermeture-du-groupe-scolaire-ansart\/","title":{"rendered":"Fermeture du Groupe Scolaire Ansart"},"content":{"rendered":"\t\t<div data-elementor-type=\"wp-post\" data-elementor-id=\"1296\" class=\"elementor elementor-1296\">\n\t\t\t\t\t\t<section class=\"elementor-section elementor-top-section elementor-element elementor-element-738c26d elementor-section-boxed elementor-section-height-default elementor-section-height-default\" data-id=\"738c26d\" data-element_type=\"section\" data-e-type=\"section\">\n\t\t\t\t\t\t<div class=\"elementor-container elementor-column-gap-default\">\n\t\t\t\t\t<div class=\"elementor-column elementor-col-100 elementor-top-column elementor-element elementor-element-b44a65f\" data-id=\"b44a65f\" data-element_type=\"column\" data-e-type=\"column\">\n\t\t\t<div class=\"elementor-widget-wrap elementor-element-populated\">\n\t\t\t\t\t\t<div class=\"elementor-element elementor-element-3a7ab27 elementor-widget elementor-widget-text-editor\" data-id=\"3a7ab27\" data-element_type=\"widget\" data-e-type=\"widget\" data-widget_type=\"text-editor.default\">\n\t\t\t\t<div class=\"elementor-widget-container\">\n\t\t\t\t\t\t\t\t\t<p><a href=\"https:\/\/thiant.fr\/wordpress\/documents_ext\/Arrete-relatif-a-la-fermeture-du-Groupe-Scolaire-Gustave-Ansart.pdf\" target=\"_blank\" rel=\"noopener\">Afficher l&#8217;arr\u00eat\u00e9 au format PDF<\/a><\/p><h5 style=\"text-align: center;\"><span style=\"color: #333333;\">R\u00c9PUBLIQUE FRAN\u00c7AISE<br \/><\/span><br \/><span style=\"color: #333333;\">D\u00c9PARTEMENT DU NORD &#8211; ARRONDISSEMENT DE VALENCIENNES <\/span><\/h5><h4 style=\"text-align: center;\"><span style=\"color: #333333;\">VILLE DE THIANT <\/span><br \/><span style=\"color: #333333;\">ARR\u00caT\u00c9 RELATIF A LA FERMETURE <\/span><br \/><span style=\"color: #333333;\">DU GROUPE SCOLAIRE GUSTAVE ANSART DE <\/span><br \/><span style=\"color: #333333;\">LA VILLE DE THIANT<\/span><\/h4><p><span style=\"color: #333333;\"><strong>Le<\/strong> Maire de la Commune de Thiant, <\/span><br \/><span style=\"color: #333333;\"><strong>Vu<\/strong> le CGCT et notamment ses articles L2212-l, L2212-2, L2214-3 et L2122-24 relatifs aux pouvoirs de police du Maire, <\/span><br \/><span style=\"color: #333333;\"><strong>Vu<\/strong> l&#8217;arr\u00eat\u00e9 portant fermeture des aires de jeux (City Parc) pour les enfants, du terrain de football, du boulodrome, des parcs communaux : cit\u00e9 Sirot, des jardins publics, des structures communales (salles de sports, salles d\u00e9di\u00e9es aux associations), ainsi que des acc\u00e8s aux chemins de promenades : le long de l&#8217;Escaut en date du 23 mars 2020, <\/span><br \/><span style=\"color: #333333;\"><strong>Consid\u00e9rant<\/strong> le caract\u00e8re pathog\u00e8ne et contagieux du virus Covid-19 ; <\/span><br \/><span style=\"color: #333333;\"><strong>Consid\u00e9rant<\/strong> que le respect des r\u00e8gles de distance dans les rapports interpersonnels est l&#8217;une des mesures les plus efficaces pour limiter la propagation du virus; qu&#8217;il y a lieu de les observer en tout lieu et en toute circonstance avec les autres mesures barri\u00e8res, notamment d&#8217;hygi\u00e8ne, prescrites au niveau national, <\/span><br \/><span style=\"color: #333333;\"><strong>Consid\u00e9rant<\/strong> que les enfants sont moins \u00e0 m\u00eame de respecter les consignes et gestes barri\u00e8res; <\/span><br \/><span style=\"color: #333333;\"><strong>Consid\u00e9rant<\/strong> le d\u00e9lai insuffisant pour traiter l&#8217;ensemble des probl\u00e8mes afin d&#8217;envisager une rentr\u00e9e dans le respect des conditions sanitaires impos\u00e9es, <\/span><br \/><span style=\"color: #333333;\"><strong>Consid\u00e9rant<\/strong> que l&#8217;observation des r\u00e8gles de distance \u00e9tant particuli\u00e8rement difficile au sein Du Groupe Scolaire de la ville de Thiant, notamment du fait de la configuration des lieux, <\/span><br \/><span style=\"color: #333333;\"><strong>Consid\u00e9rant<\/strong> que la commune de Thiant ne sera pas en mesure de respecter les conditions de s\u00e9curit\u00e9 sanitaire notamment par l&#8217;absence d&#8217;un syst\u00e8me de flux diff\u00e9renci\u00e9s dans les couloirs, l&#8217;impossibilit\u00e9 d&#8217;avoir un flux entr\u00e9e\/sortie distinct dans chaque \u00e9cole. <\/span><br \/><span style=\"color: #333333;\"><strong>Consid\u00e9rant<\/strong> que la consigne de lavage des mains des \u00e9l\u00e8ves, du personnel enseignant et municipal, ne pourra pas \u00eatre respect\u00e9e et appliqu\u00e9e du fait du nombre insuffisant de lavabos, cela \u00e9tant un facteur aggravant de propagation du virus. <\/span><br \/><span style=\"color: #333333;\"><strong>Consid\u00e9rant<\/strong> que la configuration des classes actuelles ne permet pas d&#8217;assurer une distanciation sociale, \u00e9tant donn\u00e9es les diverses configurations des locaux et notamment des classes. <br \/><strong>C<\/strong><\/span><span style=\"color: #333333;\"><strong>onsid\u00e9rant<\/strong> la volont\u00e9 de la majorit\u00e9 des parents de ne pas vouloir remettre leurs enfants \u00e0 l&#8217;\u00e9cole par peur de la propagation du covid-19, <\/span><br \/><span style=\"color: #333333;\"><strong>Consid\u00e9rant<\/strong> que des enseignants envisagent d&#8217;avoir recours \u00e0 leur droit de retrait, et n&#8217;assureront pas une pr\u00e9sence physique au sein de leur \u00e9tablissement, <\/span><br \/><span style=\"color: #333333;\"><strong>Consid\u00e9rant<\/strong> que la configuration du groupe scolaire de la ville ne permet pas de r\u00e9pondre aux r\u00e8gles impos\u00e9es, notamment aux sorties des \u00e9coles o\u00f9 il sera difficile de contr\u00f4ler les rassemblements de parents en leur imposant un m\u00e8tre de distance, et en l&#8217;absence de police municipale permettant leur application, <\/span><br \/><span style=\"color: #333333;\"><strong>Consid\u00e9rant<\/strong> que tout a \u00e9t\u00e9 mis en \u0153uvre pour permettre de dispenser l&#8217;ensemble des cours par voie num\u00e9rique pour l&#8217;ensemble des familles, et que le personnel de l&#8217;Education Nationale, les services de la ville sont \u00e0 la disposition des familles pour faciliter la poursuite de la scolarit\u00e9 \u00e0 domicile, <\/span><br \/><span style=\"color: #333333;\"><strong>Consid\u00e9rant<\/strong> qu&#8217;au regard de la crise sanitaire \u00e0 laquelle le territoire national est confront\u00e9, et vu l&#8217;avis n\u00e9gatif du conseil scientifique sur l&#8217;ouverture des Ecoles, il appartient au Maire du fait de ses pouvoirs de police, de garantir la s\u00e9curit\u00e9 de ses administr\u00e9s, et plus particuli\u00e8rement des enfants. <\/span><br \/><span style=\"color: #333333;\"><strong>Consid\u00e9rant<\/strong> qu&#8217;eu \u00e9gard au caract\u00e8re dangereux et contagieux du Covid-19 touchant le territoire national ;<\/span><\/p><h4 style=\"text-align: center;\"><span style=\"color: #333333;\">ARRETE <\/span><\/h4><h6><span style=\"color: #333333;\">ARTICLE 1 <\/span><\/h6><p><span style=\"color: #333333;\">Le Groupe Scolaire Gustave Ansart (Maternelle et El\u00e9mentaire) de la ville de Thiant est ferm\u00e9 jusqu&#8217;\u00e0 nouvel ordre.<\/span><\/p><h6><span style=\"color: #333333;\">ARTICLE 2<\/span><\/h6><p><span style=\"color: #333333;\">Le pr\u00e9sent arr\u00eat\u00e9 devient ex\u00e9cutoire d\u00e8s sa transmission au repr\u00e9sentant de l&#8217;\u00e9tat et d\u00e8s son affichage en Mairie. <\/span><\/p><h6><span style=\"color: #333333;\">ARTICLE 3 <\/span><\/h6><p><span style=\"color: #333333;\">Le pr\u00e9sent arr\u00eat\u00e9 pourra faire l&#8217;objet d&#8217;un recours devant le Tribunal Administratif de Lille, 5 rue Geoffroy Saint-Hilaire CS 62039 &#8211; 59 014 LILLE dans un d\u00e9lai de deux mois \u00e0 compter de sa publication. <\/span><\/p><h6><span style=\"color: #333333;\">ARTICLE 4 <\/span><\/h6><p><span style=\"color: #333333;\">Ampliation du pr\u00e9sent arr\u00eat\u00e9 sera faite, pour ex\u00e9cution chacun en ce qui le concerne \u00e0 Madame la Secr\u00e9taire G\u00e9n\u00e9rale des Services, Monsieur le Sous-Pr\u00e9fet De Valenciennes, Monsieur L&#8217;inspecteur de l&#8217;Education Nationale.<\/span><\/p><p style=\"text-align: right;\"><span style=\"color: #333333;\">Fait \u00e0 Thiant, le 4 mai 2020<\/span><br \/><span style=\"color: #333333;\">Le Maire,<\/span><br \/><span style=\"color: #333333;\">Jean-Marie Lecerf<\/span><\/p><p><a href=\"https:\/\/thiant.fr\/wordpress\/documents_ext\/Arrete-relatif-a-la-fermeture-du-Groupe-Scolaire-Gustave-Ansart.pdf\" target=\"_blank\" rel=\"noopener\">Afficher l&#8217;arr\u00eat\u00e9 au format PDF<\/a><\/p>\t\t\t\t\t\t\t\t<\/div>\n\t\t\t\t<\/div>\n\t\t\t\t\t<\/div>\n\t\t<\/div>\n\t\t\t\t\t<\/div>\n\t\t<\/section>\n\t\t\t\t<\/div>\n\t\t","protected":false},"excerpt":{"rendered":"<p>Afficher l&#8217;arr\u00eat\u00e9 au format PDF R\u00c9PUBLIQUE FRAN\u00c7AISE D\u00c9PARTEMENT DU NORD &#8211; ARRONDISSEMENT DE VALENCIENNES VILLE DE THIANT ARR\u00caT\u00c9 RELATIF A LA FERMETURE DU GROUPE SCOLAIRE GUSTAVE ANSART DE LA VILLE DE THIANT Le Maire de la Commune de Thiant, Vu le CGCT et notamment ses articles L2212-l, L2212-2, L2214-3 et L2122-24 relatifs aux pouvoirs de [&hellip;]<\/p>\n","protected":false},"author":1,"featured_media":264,"comment_status":"open","ping_status":"open","sticky":false,"template":"","format":"standard","meta":{"_crdt_document":"","ocean_post_layout":"","ocean_both_sidebars_style":"","ocean_both_sidebars_content_width":0,"ocean_both_sidebars_sidebars_width":0,"ocean_sidebar":"","ocean_second_sidebar":"","ocean_disable_margins":"enable","ocean_add_body_class":"","ocean_shortcode_before_top_bar":"","ocean_shortcode_after_top_bar":"","ocean_shortcode_before_header":"","ocean_shortcode_after_header":"","ocean_has_shortcode":"","ocean_shortcode_after_title":"","ocean_shortcode_before_footer_widgets":"","ocean_shortcode_after_footer_widgets":"","ocean_shortcode_before_footer_bottom":"","ocean_shortcode_after_footer_bottom":"","ocean_display_top_bar":"default","ocean_display_header":"default","ocean_header_style":"","ocean_center_header_left_menu":"","ocean_custom_header_template":"","ocean_custom_logo":0,"ocean_custom_retina_logo":0,"ocean_custom_logo_max_width":0,"ocean_custom_logo_tablet_max_width":0,"ocean_custom_logo_mobile_max_width":0,"ocean_custom_logo_max_height":0,"ocean_custom_logo_tablet_max_height":0,"ocean_custom_logo_mobile_max_height":0,"ocean_header_custom_menu":"","ocean_menu_typo_font_family":"","ocean_menu_typo_font_subset":"","ocean_menu_typo_font_size":0,"ocean_menu_typo_font_size_tablet":0,"ocean_menu_typo_font_size_mobile":0,"ocean_menu_typo_font_size_unit":"px","ocean_menu_typo_font_weight":"","ocean_menu_typo_font_weight_tablet":"","ocean_menu_typo_font_weight_mobile":"","ocean_menu_typo_transform":"","ocean_menu_typo_transform_tablet":"","ocean_menu_typo_transform_mobile":"","ocean_menu_typo_line_height":0,"ocean_menu_typo_line_height_tablet":0,"ocean_menu_typo_line_height_mobile":0,"ocean_menu_typo_line_height_unit":"","ocean_menu_typo_spacing":0,"ocean_menu_typo_spacing_tablet":0,"ocean_menu_typo_spacing_mobile":0,"ocean_menu_typo_spacing_unit":"","ocean_menu_link_color":"","ocean_menu_link_color_hover":"","ocean_menu_link_color_active":"","ocean_menu_link_background":"","ocean_menu_link_hover_background":"","ocean_menu_link_active_background":"","ocean_menu_social_links_bg":"","ocean_menu_social_hover_links_bg":"","ocean_menu_social_links_color":"","ocean_menu_social_hover_links_color":"","ocean_disable_title":"default","ocean_disable_heading":"default","ocean_post_title":"","ocean_post_subheading":"","ocean_post_title_style":"","ocean_post_title_background_color":"","ocean_post_title_background":0,"ocean_post_title_bg_image_position":"","ocean_post_title_bg_image_attachment":"","ocean_post_title_bg_image_repeat":"","ocean_post_title_bg_image_size":"","ocean_post_title_height":0,"ocean_post_title_bg_overlay":0.5,"ocean_post_title_bg_overlay_color":"","ocean_disable_breadcrumbs":"default","ocean_breadcrumbs_color":"","ocean_breadcrumbs_separator_color":"","ocean_breadcrumbs_links_color":"","ocean_breadcrumbs_links_hover_color":"","ocean_display_footer_widgets":"default","ocean_display_footer_bottom":"default","ocean_custom_footer_template":"","ocean_post_oembed":"","ocean_post_self_hosted_media":"","ocean_post_video_embed":"","ocean_link_format":"","ocean_link_format_target":"self","ocean_quote_format":"","ocean_quote_format_link":"post","ocean_gallery_link_images":"on","ocean_gallery_id":[],"footnotes":""},"categories":[3,271,124,4],"tags":[317,318,125,321,320,319],"class_list":["post-1296","post","type-post","status-publish","format-standard","has-post-thumbnail","hentry","category-actualites-municipales","category-covid-19","category-groupe-scolaire-ansart","category-jeunesse","tag-arrete","tag-arrete-2","tag-ecole","tag-ecole-thiant-2","tag-ecole-thiant","tag-groupe-scolaire-gustave-ansart","entry","has-media"],"yoast_head":"<!-- This site is optimized with the Yoast SEO plugin v27.3 - https:\/\/yoast.com\/product\/yoast-seo-wordpress\/ -->\n<title>Fermeture du Groupe Scolaire Ansart - Ville de Thiant<\/title>\n<meta name=\"robots\" content=\"index, follow, max-snippet:-1, max-image-preview:large, max-video-preview:-1\" \/>\n<link rel=\"canonical\" href=\"https:\/\/thiant.fr\/wordpress\/fermeture-du-groupe-scolaire-ansart\/\" \/>\n<meta property=\"og:locale\" content=\"fr_FR\" \/>\n<meta property=\"og:type\" content=\"article\" \/>\n<meta property=\"og:title\" content=\"Fermeture du Groupe Scolaire Ansart - Ville de Thiant\" \/>\n<meta property=\"og:description\" content=\"Afficher l&#8217;arr\u00eat\u00e9 au format PDF R\u00c9PUBLIQUE FRAN\u00c7AISE D\u00c9PARTEMENT DU NORD &#8211; ARRONDISSEMENT DE VALENCIENNES VILLE DE THIANT ARR\u00caT\u00c9 RELATIF A LA FERMETURE DU GROUPE SCOLAIRE GUSTAVE ANSART DE LA VILLE DE THIANT Le Maire de la Commune de Thiant, Vu le CGCT et notamment ses articles L2212-l, L2212-2, L2214-3 et L2122-24 relatifs aux pouvoirs de [&hellip;]\" \/>\n<meta property=\"og:url\" content=\"https:\/\/thiant.fr\/wordpress\/fermeture-du-groupe-scolaire-ansart\/\" \/>\n<meta property=\"og:site_name\" content=\"Ville de Thiant\" \/>\n<meta property=\"article:published_time\" content=\"2020-05-04T15:29:57+00:00\" \/>\n<meta property=\"article:modified_time\" content=\"2020-05-04T15:44:29+00:00\" \/>\n<meta property=\"og:image\" content=\"https:\/\/thiant.fr\/wordpress\/wp-content\/uploads\/2019\/03\/GroupeScolaire.jpg\" \/>\n\t<meta property=\"og:image:width\" content=\"600\" \/>\n\t<meta property=\"og:image:height\" content=\"800\" \/>\n\t<meta property=\"og:image:type\" content=\"image\/jpeg\" \/>\n<meta name=\"author\" content=\"Service communication\" \/>\n<meta name=\"twitter:card\" content=\"summary_large_image\" \/>\n<meta name=\"twitter:label1\" content=\"\u00c9crit par\" \/>\n\t<meta name=\"twitter:data1\" content=\"Service communication\" \/>\n\t<meta name=\"twitter:label2\" content=\"Dur\u00e9e de lecture estim\u00e9e\" \/>\n\t<meta name=\"twitter:data2\" content=\"4 minutes\" \/>\n<script type=\"application\/ld+json\" class=\"yoast-schema-graph\">{\"@context\":\"https:\\\/\\\/schema.org\",\"@graph\":[{\"@type\":\"Article\",\"@id\":\"https:\\\/\\\/thiant.fr\\\/wordpress\\\/fermeture-du-groupe-scolaire-ansart\\\/#article\",\"isPartOf\":{\"@id\":\"https:\\\/\\\/thiant.fr\\\/wordpress\\\/fermeture-du-groupe-scolaire-ansart\\\/\"},\"author\":{\"name\":\"Service communication\",\"@id\":\"https:\\\/\\\/thiant.fr\\\/wordpress\\\/#\\\/schema\\\/person\\\/f41122130d18c0720657431d990451c6\"},\"headline\":\"Fermeture du Groupe Scolaire Ansart\",\"datePublished\":\"2020-05-04T15:29:57+00:00\",\"dateModified\":\"2020-05-04T15:44:29+00:00\",\"mainEntityOfPage\":{\"@id\":\"https:\\\/\\\/thiant.fr\\\/wordpress\\\/fermeture-du-groupe-scolaire-ansart\\\/\"},\"wordCount\":766,\"commentCount\":0,\"publisher\":{\"@id\":\"https:\\\/\\\/thiant.fr\\\/wordpress\\\/#organization\"},\"image\":{\"@id\":\"https:\\\/\\\/thiant.fr\\\/wordpress\\\/fermeture-du-groupe-scolaire-ansart\\\/#primaryimage\"},\"thumbnailUrl\":\"https:\\\/\\\/thiant.fr\\\/wordpress\\\/wp-content\\\/uploads\\\/2019\\\/03\\\/GroupeScolaire.jpg\",\"keywords\":[\"arrete\",\"arr\u00eat\u00e9\",\"\u00e9cole\",\"\u00e9cole Thiant\",\"ecole Thiant\",\"groupe scolaire Gustave Ansart\"],\"articleSection\":[\"Actualit\u00e9s municipales\",\"COVID-19\",\"Groupe Scolaire Ansart\",\"Jeunesse\"],\"inLanguage\":\"fr-FR\",\"potentialAction\":[{\"@type\":\"CommentAction\",\"name\":\"Comment\",\"target\":[\"https:\\\/\\\/thiant.fr\\\/wordpress\\\/fermeture-du-groupe-scolaire-ansart\\\/#respond\"]}]},{\"@type\":\"WebPage\",\"@id\":\"https:\\\/\\\/thiant.fr\\\/wordpress\\\/fermeture-du-groupe-scolaire-ansart\\\/\",\"url\":\"https:\\\/\\\/thiant.fr\\\/wordpress\\\/fermeture-du-groupe-scolaire-ansart\\\/\",\"name\":\"Fermeture du Groupe Scolaire Ansart - Ville de Thiant\",\"isPartOf\":{\"@id\":\"https:\\\/\\\/thiant.fr\\\/wordpress\\\/#website\"},\"primaryImageOfPage\":{\"@id\":\"https:\\\/\\\/thiant.fr\\\/wordpress\\\/fermeture-du-groupe-scolaire-ansart\\\/#primaryimage\"},\"image\":{\"@id\":\"https:\\\/\\\/thiant.fr\\\/wordpress\\\/fermeture-du-groupe-scolaire-ansart\\\/#primaryimage\"},\"thumbnailUrl\":\"https:\\\/\\\/thiant.fr\\\/wordpress\\\/wp-content\\\/uploads\\\/2019\\\/03\\\/GroupeScolaire.jpg\",\"datePublished\":\"2020-05-04T15:29:57+00:00\",\"dateModified\":\"2020-05-04T15:44:29+00:00\",\"breadcrumb\":{\"@id\":\"https:\\\/\\\/thiant.fr\\\/wordpress\\\/fermeture-du-groupe-scolaire-ansart\\\/#breadcrumb\"},\"inLanguage\":\"fr-FR\",\"potentialAction\":[{\"@type\":\"ReadAction\",\"target\":[\"https:\\\/\\\/thiant.fr\\\/wordpress\\\/fermeture-du-groupe-scolaire-ansart\\\/\"]}]},{\"@type\":\"ImageObject\",\"inLanguage\":\"fr-FR\",\"@id\":\"https:\\\/\\\/thiant.fr\\\/wordpress\\\/fermeture-du-groupe-scolaire-ansart\\\/#primaryimage\",\"url\":\"https:\\\/\\\/thiant.fr\\\/wordpress\\\/wp-content\\\/uploads\\\/2019\\\/03\\\/GroupeScolaire.jpg\",\"contentUrl\":\"https:\\\/\\\/thiant.fr\\\/wordpress\\\/wp-content\\\/uploads\\\/2019\\\/03\\\/GroupeScolaire.jpg\",\"width\":600,\"height\":800},{\"@type\":\"BreadcrumbList\",\"@id\":\"https:\\\/\\\/thiant.fr\\\/wordpress\\\/fermeture-du-groupe-scolaire-ansart\\\/#breadcrumb\",\"itemListElement\":[{\"@type\":\"ListItem\",\"position\":1,\"name\":\"Accueil\",\"item\":\"https:\\\/\\\/thiant.fr\\\/wordpress\\\/\"},{\"@type\":\"ListItem\",\"position\":2,\"name\":\"Fermeture du Groupe Scolaire Ansart\"}]},{\"@type\":\"WebSite\",\"@id\":\"https:\\\/\\\/thiant.fr\\\/wordpress\\\/#website\",\"url\":\"https:\\\/\\\/thiant.fr\\\/wordpress\\\/\",\"name\":\"Ville de Thiant\",\"description\":\"Site officiel de la ville de Thiant\",\"publisher\":{\"@id\":\"https:\\\/\\\/thiant.fr\\\/wordpress\\\/#organization\"},\"potentialAction\":[{\"@type\":\"SearchAction\",\"target\":{\"@type\":\"EntryPoint\",\"urlTemplate\":\"https:\\\/\\\/thiant.fr\\\/wordpress\\\/?s={search_term_string}\"},\"query-input\":{\"@type\":\"PropertyValueSpecification\",\"valueRequired\":true,\"valueName\":\"search_term_string\"}}],\"inLanguage\":\"fr-FR\"},{\"@type\":\"Organization\",\"@id\":\"https:\\\/\\\/thiant.fr\\\/wordpress\\\/#organization\",\"name\":\"Ville de Thiant\",\"url\":\"https:\\\/\\\/thiant.fr\\\/wordpress\\\/\",\"logo\":{\"@type\":\"ImageObject\",\"inLanguage\":\"fr-FR\",\"@id\":\"https:\\\/\\\/thiant.fr\\\/wordpress\\\/#\\\/schema\\\/logo\\\/image\\\/\",\"url\":\"https:\\\/\\\/thiant.fr\\\/wordpress\\\/wp-content\\\/uploads\\\/2019\\\/08\\\/Thiant_Illdy_4.png\",\"contentUrl\":\"https:\\\/\\\/thiant.fr\\\/wordpress\\\/wp-content\\\/uploads\\\/2019\\\/08\\\/Thiant_Illdy_4.png\",\"width\":105,\"height\":75,\"caption\":\"Ville de Thiant\"},\"image\":{\"@id\":\"https:\\\/\\\/thiant.fr\\\/wordpress\\\/#\\\/schema\\\/logo\\\/image\\\/\"}},{\"@type\":\"Person\",\"@id\":\"https:\\\/\\\/thiant.fr\\\/wordpress\\\/#\\\/schema\\\/person\\\/f41122130d18c0720657431d990451c6\",\"name\":\"Service communication\",\"image\":{\"@type\":\"ImageObject\",\"inLanguage\":\"fr-FR\",\"@id\":\"https:\\\/\\\/secure.gravatar.com\\\/avatar\\\/527d4f1f1330a82db5a7ea7738ddeb994fd26c4537512a833d99b387808ee250?s=96&r=g\",\"url\":\"https:\\\/\\\/secure.gravatar.com\\\/avatar\\\/527d4f1f1330a82db5a7ea7738ddeb994fd26c4537512a833d99b387808ee250?s=96&r=g\",\"contentUrl\":\"https:\\\/\\\/secure.gravatar.com\\\/avatar\\\/527d4f1f1330a82db5a7ea7738ddeb994fd26c4537512a833d99b387808ee250?s=96&r=g\",\"caption\":\"Service communication\"},\"url\":\"https:\\\/\\\/thiant.fr\\\/wordpress\\\/author\\\/adminwpress\\\/\"}]}<\/script>\n<!-- \/ Yoast SEO plugin. -->","yoast_head_json":{"title":"Fermeture du Groupe Scolaire Ansart - Ville de Thiant","robots":{"index":"index","follow":"follow","max-snippet":"max-snippet:-1","max-image-preview":"max-image-preview:large","max-video-preview":"max-video-preview:-1"},"canonical":"https:\/\/thiant.fr\/wordpress\/fermeture-du-groupe-scolaire-ansart\/","og_locale":"fr_FR","og_type":"article","og_title":"Fermeture du Groupe Scolaire Ansart - Ville de Thiant","og_description":"Afficher l&#8217;arr\u00eat\u00e9 au format PDF R\u00c9PUBLIQUE FRAN\u00c7AISE D\u00c9PARTEMENT DU NORD &#8211; ARRONDISSEMENT DE VALENCIENNES VILLE DE THIANT ARR\u00caT\u00c9 RELATIF A LA FERMETURE DU GROUPE SCOLAIRE GUSTAVE ANSART DE LA VILLE DE THIANT Le Maire de la Commune de Thiant, Vu le CGCT et notamment ses articles L2212-l, L2212-2, L2214-3 et L2122-24 relatifs aux pouvoirs de [&hellip;]","og_url":"https:\/\/thiant.fr\/wordpress\/fermeture-du-groupe-scolaire-ansart\/","og_site_name":"Ville de Thiant","article_published_time":"2020-05-04T15:29:57+00:00","article_modified_time":"2020-05-04T15:44:29+00:00","og_image":[{"width":600,"height":800,"url":"https:\/\/thiant.fr\/wordpress\/wp-content\/uploads\/2019\/03\/GroupeScolaire.jpg","type":"image\/jpeg"}],"author":"Service communication","twitter_card":"summary_large_image","twitter_misc":{"\u00c9crit par":"Service communication","Dur\u00e9e de lecture estim\u00e9e":"4 minutes"},"schema":{"@context":"https:\/\/schema.org","@graph":[{"@type":"Article","@id":"https:\/\/thiant.fr\/wordpress\/fermeture-du-groupe-scolaire-ansart\/#article","isPartOf":{"@id":"https:\/\/thiant.fr\/wordpress\/fermeture-du-groupe-scolaire-ansart\/"},"author":{"name":"Service communication","@id":"https:\/\/thiant.fr\/wordpress\/#\/schema\/person\/f41122130d18c0720657431d990451c6"},"headline":"Fermeture du Groupe Scolaire Ansart","datePublished":"2020-05-04T15:29:57+00:00","dateModified":"2020-05-04T15:44:29+00:00","mainEntityOfPage":{"@id":"https:\/\/thiant.fr\/wordpress\/fermeture-du-groupe-scolaire-ansart\/"},"wordCount":766,"commentCount":0,"publisher":{"@id":"https:\/\/thiant.fr\/wordpress\/#organization"},"image":{"@id":"https:\/\/thiant.fr\/wordpress\/fermeture-du-groupe-scolaire-ansart\/#primaryimage"},"thumbnailUrl":"https:\/\/thiant.fr\/wordpress\/wp-content\/uploads\/2019\/03\/GroupeScolaire.jpg","keywords":["arrete","arr\u00eat\u00e9","\u00e9cole","\u00e9cole Thiant","ecole Thiant","groupe scolaire Gustave Ansart"],"articleSection":["Actualit\u00e9s municipales","COVID-19","Groupe Scolaire Ansart","Jeunesse"],"inLanguage":"fr-FR","potentialAction":[{"@type":"CommentAction","name":"Comment","target":["https:\/\/thiant.fr\/wordpress\/fermeture-du-groupe-scolaire-ansart\/#respond"]}]},{"@type":"WebPage","@id":"https:\/\/thiant.fr\/wordpress\/fermeture-du-groupe-scolaire-ansart\/","url":"https:\/\/thiant.fr\/wordpress\/fermeture-du-groupe-scolaire-ansart\/","name":"Fermeture du Groupe Scolaire Ansart - Ville de Thiant","isPartOf":{"@id":"https:\/\/thiant.fr\/wordpress\/#website"},"primaryImageOfPage":{"@id":"https:\/\/thiant.fr\/wordpress\/fermeture-du-groupe-scolaire-ansart\/#primaryimage"},"image":{"@id":"https:\/\/thiant.fr\/wordpress\/fermeture-du-groupe-scolaire-ansart\/#primaryimage"},"thumbnailUrl":"https:\/\/thiant.fr\/wordpress\/wp-content\/uploads\/2019\/03\/GroupeScolaire.jpg","datePublished":"2020-05-04T15:29:57+00:00","dateModified":"2020-05-04T15:44:29+00:00","breadcrumb":{"@id":"https:\/\/thiant.fr\/wordpress\/fermeture-du-groupe-scolaire-ansart\/#breadcrumb"},"inLanguage":"fr-FR","potentialAction":[{"@type":"ReadAction","target":["https:\/\/thiant.fr\/wordpress\/fermeture-du-groupe-scolaire-ansart\/"]}]},{"@type":"ImageObject","inLanguage":"fr-FR","@id":"https:\/\/thiant.fr\/wordpress\/fermeture-du-groupe-scolaire-ansart\/#primaryimage","url":"https:\/\/thiant.fr\/wordpress\/wp-content\/uploads\/2019\/03\/GroupeScolaire.jpg","contentUrl":"https:\/\/thiant.fr\/wordpress\/wp-content\/uploads\/2019\/03\/GroupeScolaire.jpg","width":600,"height":800},{"@type":"BreadcrumbList","@id":"https:\/\/thiant.fr\/wordpress\/fermeture-du-groupe-scolaire-ansart\/#breadcrumb","itemListElement":[{"@type":"ListItem","position":1,"name":"Accueil","item":"https:\/\/thiant.fr\/wordpress\/"},{"@type":"ListItem","position":2,"name":"Fermeture du Groupe Scolaire Ansart"}]},{"@type":"WebSite","@id":"https:\/\/thiant.fr\/wordpress\/#website","url":"https:\/\/thiant.fr\/wordpress\/","name":"Ville de Thiant","description":"Site officiel de la ville de Thiant","publisher":{"@id":"https:\/\/thiant.fr\/wordpress\/#organization"},"potentialAction":[{"@type":"SearchAction","target":{"@type":"EntryPoint","urlTemplate":"https:\/\/thiant.fr\/wordpress\/?s={search_term_string}"},"query-input":{"@type":"PropertyValueSpecification","valueRequired":true,"valueName":"search_term_string"}}],"inLanguage":"fr-FR"},{"@type":"Organization","@id":"https:\/\/thiant.fr\/wordpress\/#organization","name":"Ville de Thiant","url":"https:\/\/thiant.fr\/wordpress\/","logo":{"@type":"ImageObject","inLanguage":"fr-FR","@id":"https:\/\/thiant.fr\/wordpress\/#\/schema\/logo\/image\/","url":"https:\/\/thiant.fr\/wordpress\/wp-content\/uploads\/2019\/08\/Thiant_Illdy_4.png","contentUrl":"https:\/\/thiant.fr\/wordpress\/wp-content\/uploads\/2019\/08\/Thiant_Illdy_4.png","width":105,"height":75,"caption":"Ville de Thiant"},"image":{"@id":"https:\/\/thiant.fr\/wordpress\/#\/schema\/logo\/image\/"}},{"@type":"Person","@id":"https:\/\/thiant.fr\/wordpress\/#\/schema\/person\/f41122130d18c0720657431d990451c6","name":"Service communication","image":{"@type":"ImageObject","inLanguage":"fr-FR","@id":"https:\/\/secure.gravatar.com\/avatar\/527d4f1f1330a82db5a7ea7738ddeb994fd26c4537512a833d99b387808ee250?s=96&r=g","url":"https:\/\/secure.gravatar.com\/avatar\/527d4f1f1330a82db5a7ea7738ddeb994fd26c4537512a833d99b387808ee250?s=96&r=g","contentUrl":"https:\/\/secure.gravatar.com\/avatar\/527d4f1f1330a82db5a7ea7738ddeb994fd26c4537512a833d99b387808ee250?s=96&r=g","caption":"Service communication"},"url":"https:\/\/thiant.fr\/wordpress\/author\/adminwpress\/"}]}},"_links":{"self":[{"href":"https:\/\/thiant.fr\/wordpress\/wp-json\/wp\/v2\/posts\/1296","targetHints":{"allow":["GET"]}}],"collection":[{"href":"https:\/\/thiant.fr\/wordpress\/wp-json\/wp\/v2\/posts"}],"about":[{"href":"https:\/\/thiant.fr\/wordpress\/wp-json\/wp\/v2\/types\/post"}],"author":[{"embeddable":true,"href":"https:\/\/thiant.fr\/wordpress\/wp-json\/wp\/v2\/users\/1"}],"replies":[{"embeddable":true,"href":"https:\/\/thiant.fr\/wordpress\/wp-json\/wp\/v2\/comments?post=1296"}],"version-history":[{"count":0,"href":"https:\/\/thiant.fr\/wordpress\/wp-json\/wp\/v2\/posts\/1296\/revisions"}],"wp:featuredmedia":[{"embeddable":true,"href":"https:\/\/thiant.fr\/wordpress\/wp-json\/wp\/v2\/media\/264"}],"wp:attachment":[{"href":"https:\/\/thiant.fr\/wordpress\/wp-json\/wp\/v2\/media?parent=1296"}],"wp:term":[{"taxonomy":"category","embeddable":true,"href":"https:\/\/thiant.fr\/wordpress\/wp-json\/wp\/v2\/categories?post=1296"},{"taxonomy":"post_tag","embeddable":true,"href":"https:\/\/thiant.fr\/wordpress\/wp-json\/wp\/v2\/tags?post=1296"}],"curies":[{"name":"wp","href":"https:\/\/api.w.org\/{rel}","templated":true}]}}