{"id":1543,"date":"2020-09-03T17:23:05","date_gmt":"2020-09-03T15:23:05","guid":{"rendered":"https:\/\/thiant.fr\/wordpress\/?p=1543"},"modified":"2020-09-03T17:25:30","modified_gmt":"2020-09-03T15:25:30","slug":"obligation-du-port-du-masque","status":"publish","type":"post","link":"https:\/\/thiant.fr\/wordpress\/obligation-du-port-du-masque\/","title":{"rendered":"Obligation du port du masque"},"content":{"rendered":"\t\t<div data-elementor-type=\"wp-post\" data-elementor-id=\"1543\" class=\"elementor elementor-1543\">\n\t\t\t\t\t\t<section class=\"elementor-section elementor-top-section elementor-element elementor-element-f66e3bc elementor-section-boxed elementor-section-height-default elementor-section-height-default\" data-id=\"f66e3bc\" data-element_type=\"section\" data-e-type=\"section\">\n\t\t\t\t\t\t<div class=\"elementor-container elementor-column-gap-default\">\n\t\t\t\t\t<div class=\"elementor-column elementor-col-100 elementor-top-column elementor-element elementor-element-2ebcad2\" data-id=\"2ebcad2\" data-element_type=\"column\" data-e-type=\"column\">\n\t\t\t<div class=\"elementor-widget-wrap elementor-element-populated\">\n\t\t\t\t\t\t<div class=\"elementor-element elementor-element-1e356f0 elementor-widget elementor-widget-text-editor\" data-id=\"1e356f0\" data-element_type=\"widget\" data-e-type=\"widget\" data-widget_type=\"text-editor.default\">\n\t\t\t\t<div class=\"elementor-widget-container\">\n\t\t\t\t\t\t\t\t\t<p><span style=\"color: #333333;\">Le pr\u00e9fet du Nord rappelle l\u2019importance du respect des gestes barri\u00e8res et du port du masque, dans les espaces publics concern\u00e9s par cette obligation, ou quand la distance d\u2019un m\u00e8tre ne peut \u00eatre assur\u00e9e.<\/span><\/p><p><span style=\"color: #333333;\">Un arr\u00eat\u00e9 portant obligation du port du masque dans le d\u00e9partement du Nord (hors MEL) a \u00e9t\u00e9 publi\u00e9. Il est t\u00e9l\u00e9chargeable <a href=\"https:\/\/thiant.fr\/wordpress\/documents_ext\/P059-200821-Obligation _masque-Nord.pdf\" target=\"_blank\" rel=\"noopener\">ici<\/a> et consultable ci-apr\u00e8s.<\/span><\/p>\t\t\t\t\t\t\t\t<\/div>\n\t\t\t\t<\/div>\n\t\t\t\t\t<\/div>\n\t\t<\/div>\n\t\t\t\t\t<\/div>\n\t\t<\/section>\n\t\t\t\t<section class=\"elementor-section elementor-top-section elementor-element elementor-element-31a541a elementor-section-boxed elementor-section-height-default elementor-section-height-default\" data-id=\"31a541a\" data-element_type=\"section\" data-e-type=\"section\">\n\t\t\t\t\t\t<div class=\"elementor-container elementor-column-gap-default\">\n\t\t\t\t\t<div class=\"elementor-column elementor-col-100 elementor-top-column elementor-element elementor-element-58fc9e8\" data-id=\"58fc9e8\" data-element_type=\"column\" data-e-type=\"column\">\n\t\t\t<div class=\"elementor-widget-wrap elementor-element-populated\">\n\t\t\t\t\t\t<div class=\"elementor-element elementor-element-571a043 elementor-widget elementor-widget-text-editor\" data-id=\"571a043\" data-element_type=\"widget\" data-e-type=\"widget\" data-widget_type=\"text-editor.default\">\n\t\t\t\t<div class=\"elementor-widget-container\">\n\t\t\t\t\t\t\t\t\t<p style=\"text-align: center;\"><strong><span style=\"color: #333333;\">Arr\u00eat\u00e9 imposant le port du masque pour les personnes de onze ans et plus, dans les zones \u00e0 forte <\/span><span style=\"color: #333333;\">concentration de personnes dans les communes du d\u00e9partement du Nord, hors celles du territoire de la<\/span><\/strong><br \/><strong><span style=\"color: #333333;\">M\u00e9tropole Europ\u00e9enne de Lille<\/span><\/strong><\/p><p style=\"text-align: center;\"><span style=\"color: #333333;\">Pr\u00e9fet de la R\u00e9gion Hauts-de-France<\/span><br \/><span style=\"color: #333333;\">Pr\u00e9fet du Nord<\/span><br \/><span style=\"color: #333333;\">Officier de la L\u00e9gion d&#8217;Honneur<\/span><br \/><span style=\"color: #333333;\">Commandeur de l&#8217;Ordre National du M\u00e9rite<\/span><\/p><p><span style=\"color: #333333;\">Vu le code de sant\u00e9 publique et notamment son article L.3136-1 ;<\/span><\/p><p><span style=\"color: #333333;\">Vu la loi n\u00b02020-856 du 9 juillet 2020 organisant la sortie de l&#8217;\u00e9tat d&#8217;urgence sanitaire ;<\/span><\/p><p><span style=\"color: #333333;\">Vu le code de la route ;<\/span><\/p><p><span style=\"color: #333333;\">Vu le d\u00e9cret n\u00b02004-374 du 29 avril 2004 modifi\u00e9 relatifs aux pouvoirs des pr\u00e9fets, \u00e0 l&#8217;organisation et \u00e0 l&#8217;action <\/span><span style=\"color: #333333;\">des services de l&#8217;\u00c9tat dans les r\u00e9gions et d\u00e9partements, notamment son article 1er;<\/span><\/p><p><span style=\"color: #333333;\">Vu le d\u00e9cret du 21 avril 2016 nommant Monsieur Michel LALANDE pr\u00e9fet de la r\u00e9gion Nord-Pas-de-CalaisPicardie, <\/span><span style=\"color: #333333;\">pr\u00e9fet de la zone de d\u00e9fense et de s\u00e9curit\u00e9 Nord, pr\u00e9fet du Nord ;<\/span><\/p><p><span style=\"color: #333333;\">Vu le d\u00e9cret n\u00b0 2020-860 du 10 juillet 2020 modifi\u00e9 prescrivant les mesures g\u00e9n\u00e9rales n\u00e9cessaires pour faire<\/span> <span style=\"color: #333333;\">face \u00e0 l&#8217;\u00e9pid\u00e9mie de covid-19 dans les territoires sortis de l&#8217;\u00e9tat d&#8217;urgence sanitaire et dans ceux o\u00f9 il a \u00e9t\u00e9<\/span> <span style=\"color: #333333;\">prorog\u00e9;<\/span><\/p><p><span style=\"color: #333333;\">Vu l&#8217;arr\u00eat\u00e9 pr\u00e9fectoral du 4 ao\u00fbt 2020, r\u00e9guli\u00e8rement publi\u00e9 au recueil des actes administratifs de la pr\u00e9fecture, <\/span><span style=\"color: #333333;\">par lequel le pr\u00e9fet du Nord a donn\u00e9 d\u00e9l\u00e9gation de signature \u00e0 Monsieur Romain ROYET, directeur de cabinet du<\/span> <span style=\"color: #333333;\">pr\u00e9fet du Nord, en l&#8217;absence de Madame Violaine D\u00c9MARET, secr\u00e9taire g\u00e9n\u00e9rale de la pr\u00e9fecture du Nord ;<\/span><\/p><p><span style=\"color: #333333;\">Vu les arr\u00eat\u00e9s municipaux rendant le masque obligatoire sur les territoires des communes du Nord ;<\/span><\/p><p><span style=\"color: #333333;\">Consid\u00e9rant que l&#8217;Organisation Mondiale de la Sant\u00e9 a d\u00e9clar\u00e9 le 30 janvier 2020, que l&#8217;\u00e9mergence d&#8217;un nouveau <\/span><span style=\"color: #333333;\">coronavirus (Covid-19) constitue une urgence de sant\u00e9 publique de port\u00e9e internationale ;<\/span><\/p><p><span style=\"color: #333333;\">Consid\u00e9rant le caract\u00e8re pathog\u00e8ne et contagieux du virus SARS-Cov-2 ;<\/span><\/p><p><span style=\"color: #333333;\">Consid\u00e9rant l&#8217;\u00e9volution de la situation \u00e9pid\u00e9mique dans le d\u00e9partement du Nord, le caract\u00e8re actif de la<\/span><br \/><span style=\"color: #333333;\">propagation du virus SARS-Cov-2 et ses effets en termes de sant\u00e9 publique ;<\/span><\/p><p><span style=\"color: #333333;\">Consid\u00e9rant que la loi n\u00b02020-856 du 9 juillet 2020 organisant la sortie de l&#8217;\u00e9tat d&#8217;urgence pr\u00e9voit, \u00e0 son article <\/span><span style=\"color: #333333;\">1er, d&#8217;une part, que le Premier ministre peut r\u00e9glementer la circulation des personnes et r\u00e9glementer l&#8217;ouverture<\/span> <span style=\"color: #333333;\">au public, y compris les conditions d&#8217;acc\u00e8s et de pr\u00e9sence, de certains \u00e9tablissements recevant du public et, d&#8217;autre part, qu&#8217;il peut habiliter les pr\u00e9fets \u00e0 prendre toutes mesures g\u00e9n\u00e9rales ou individuelles d&#8217;application de cette r\u00e9glementation ; <\/span><\/p><p><span style=\"color: #333333;\">Consid\u00e9rant qu&#8217;aux termes des dispositions du Il de l&#8217;article 1er du d\u00e9cret n\u00b02020-860 susvis\u00e9: \u00ab Dans les cas o\u00f9 le port du masque n&#8217;est pas prescrit par le pr\u00e9sent d\u00e9cret, le pr\u00e9fet de d\u00e9partement est habilit\u00e9 \u00e0 le rendre obligatoire, sauf dans les locaux d&#8217;habitation, lorsque les circonstances locales l&#8217;exigent \u00bb ; <\/span><\/p><p><span style=\"color: #333333;\">Consid\u00e9rant que le virus affecte avec une gravit\u00e9 particuli\u00e8re le territoire du d\u00e9partement du Nord, plusieurs foyers \u00e9pid\u00e9miques y ayant \u00e9t\u00e9 recens\u00e9s au cours des derni\u00e8res semaines ; <\/span><\/p><p><span style=\"color: #333333;\">Consid\u00e9rant que l&#8217;agence r\u00e9gionale de sant\u00e9 des Hauts-de-France recommande d&#8217;imposer le port du masque pour r\u00e9duire la circulation du virus et \u00e9viter la diffusion de l&#8217;\u00e9pid\u00e9mie dans la population g\u00e9n\u00e9rale, tant dans les \u00e9tablissements clos recevant du public (ERP) que dans l&#8217;espace public caract\u00e9ris\u00e9 par une forte concentration de population ; <\/span><\/p><p><span style=\"color: #333333;\">Consid\u00e9rant l&#8217;urgence et la n\u00e9cessit\u00e9 qui s&#8217;attachent \u00e0 la pr\u00e9vention de tout comportement de nature \u00e0 augmenter ou \u00e0 favoriser les risques de contagion, en particulier dans l&#8217;espace public favorisant les rassemblements et, par suite, propices \u00e0 la circulation du virus ; qu&#8217;en outre, une hausse des contaminations et un afflux massif des patients seraient de nature \u00e0 d\u00e9t\u00e9riorer les capacit\u00e9s d&#8217;accueil du syst\u00e8me m\u00e9dical d\u00e9partemental ; <\/span><\/p><p><span style=\"color: #333333;\">Consid\u00e9rant que l&#8217;int\u00e9r\u00eat de la sant\u00e9 publique justifie de prendre des mesures proportionn\u00e9es aux risques encourus et appropri\u00e9es aux circonstances afin de pr\u00e9venir et limiter les cons\u00e9quences et les menaces possibles sur la sant\u00e9 de la population <\/span><\/p><p><span style=\"color: #333333;\">Consid\u00e9rant qu&#8217;il appartient au pr\u00e9fet de pr\u00e9venir les risques de propagation des infections par des mesures adapt\u00e9es, n\u00e9cessaires et proportionn\u00e9es, la situation du d\u00e9partement du Nord, se caract\u00e9risant par l&#8217;apparition r\u00e9guli\u00e8re de nouveaux foyers \u00e9pid\u00e9miques. 18 sont actuellement en cours d&#8217;investigation dans le Nord, qui fait partie des sept d\u00e9partements en France class\u00e9s au niveau de vuln\u00e9rabilit\u00e9 mod\u00e9r\u00e9e par Sant\u00e9 publique France ; <\/span><\/p><p><span style=\"color: #333333;\">Consid\u00e9rant que le taux d&#8217;incidence dans le d\u00e9partement du Nord est de 27,8 nouveaux cas pour 100 000 habitants, tels que relev\u00e9s par l&#8217;ARS, est en augmentation et sup\u00e9rieur au seuil de vigilance (10 cas pour 100 000 habitants) depuis le 23 juillet 2020 ; que le taux de positivit\u00e9 des tests est pour sa part de 3,2 % ; que l&#8217;aggravation rapide de la situation, analys\u00e9e sur la base d&#8217;indicateurs, dans un territoire \u00e0 proximit\u00e9 de la Belgique, pays qui conna\u00eet \u00e9galement une recrudescence des cas Covid-19, laisse appara\u00eetre une circulation active du virus ; que le d\u00e9partement du Nord est ainsi class\u00e9 en vuln\u00e9rabilit\u00e9 mod\u00e9r\u00e9e depuis le 24 juillet 2020; <\/span><\/p><p><span style=\"color: #333333;\">Consid\u00e9rant que l&#8217;\u00e9volution d\u00e9favorable des indicateurs pr\u00e9cit\u00e9s dans le d\u00e9partement Nord n\u00e9cessite la prise de mesures adapt\u00e9es ; <\/span><\/p><p><span style=\"color: #333333;\">Consid\u00e9rant que le port du masque est de nature \u00e0 limiter le risque de circulation du virus dans l&#8217;espace public caract\u00e9ris\u00e9 par une forte concentration de personnes, compte tenu de la p\u00e9riode estivale, de l&#8217;afflux de touristes, de la proximit\u00e9 avec le Royaume de Belgique qui renforce ses mesures sanitaires, et de la rentr\u00e9e scolaire fix\u00e9e au 31 ao\u00fbt 2020 ; qu&#8217;il y a lieu de rendre obligatoire dans certains espaces publics favorisant la concentration des pi\u00e9tons ; <\/span><\/p><p><span style=\"color: #333333;\">Consid\u00e9rant que les plages publiques du littoral du d\u00e9partement du Nord sont des lieux pris\u00e9s de promenade et pouvant donc \u00eatre le cadre de regroupements de personnes; <\/span><\/p><p><span style=\"color: #333333;\">Consid\u00e9rant que les conditions m\u00e9t\u00e9orologiques estivales favorables, et que les derniers week-ends avant la rentr\u00e9e scolaire, pourraient inciter les promeneurs et les touristes \u00e0 fr\u00e9quenter les plages du littoral ; <\/span><\/p><p><span style=\"color: #333333;\">Consid\u00e9rant que tout rassemblement, r\u00e9union ou activit\u00e9 sur la voie publique ou dans un lieu ouvert au public, mettant en pr\u00e9sence de mani\u00e8re simultan\u00e9e plus de dix personnes, peut \u00eatre organis\u00e9 dans des conditions de nature \u00e0 permettre le respect des gestes barri\u00e8res, notamment la distanciation physique;\u00a0<\/span><\/p><p><span style=\"color: #333333;\">Consid\u00e9rant qu&#8217;une forte concentration de population dans l&#8217;espace public ne permet pas de respecter la distanciation physique ; que le port du masque devient alors essentiel pour limiter la propagation de l&#8217;\u00e9pid\u00e9mie du Covid-19; <\/span><\/p><p><span style=\"color: #333333;\">Consid\u00e9rant qu&#8217;\u00e0 l&#8217;approche de la rentr\u00e9e scolaire, une forte concentration de population est \u00e0 pr\u00e9voir dans les commerces et leurs zones de stationnement, ainsi qu&#8217;aux emprises et abords des infrastructures de mobilit\u00e9 et de transports <\/span><\/p><p><span style=\"color: #333333;\">Consid\u00e9rant que la rentr\u00e9e scolaire, fix\u00e9e au 31 ao\u00fbt 2020, entra\u00eenera une forte concentration de population, en particulier jeune, aux abords des \u00e9tablissements scolaires, notamment au niveau des entr\u00e9es et sorties, aux heures d&#8217;ouverture et de fermeture des \u00e9tablissements ; <\/span><\/p><p><span style=\"color: #333333;\">Sur proposition du directeur g\u00e9n\u00e9ral de l&#8217;agence r\u00e9gionale de sant\u00e9 des Hauts-de-France et du directeur de cabinet du pr\u00e9fet du Nord <\/span><\/p><p style=\"text-align: center;\"><span style=\"color: #333333;\"><strong>ARRETE<\/strong> <\/span><\/p><p><span style=\"text-decoration: underline;\"><span style=\"color: #333333; text-decoration: underline;\">Article 1er : <\/span><\/span><\/p><p><span style=\"color: #333333;\">Le port du masque est obligatoire pour les personnes de onze ans et plus, dans les espaces publics suivants situ\u00e9s dans l&#8217;ensemble des communes du d\u00e9partement du Nord hors celles du territoire de la M\u00e9tropole Europ\u00e9enne de Lille : <\/span><\/p><p style=\"padding-left: 40px;\"><span style=\"color: #333333;\">&#8211; galeries commerciales et espaces assimil\u00e9s des grandes et moyennes surfaces, ainsi que leurs espaces de stationnement ;<\/span><br \/><span style=\"color: #333333;\">&#8211; march\u00e9s publics de plein air ;<\/span><br \/><span style=\"color: #333333;\">&#8211; brocantes, braderies, vides greniers et march\u00e9s aux puces de plein air organis\u00e9s sur des espaces publics ou habituellement ouverts au public,<\/span><br \/><span style=\"color: #333333;\">&#8211; espaces verts urbains (parcs, jardins et espaces am\u00e9nag\u00e9s en bord de cours d&#8217;eau) ;<\/span><br \/><span style=\"color: #333333;\">&#8211; les digues et promenades du littoral,<\/span><br \/><span style=\"color: #333333;\">&#8211; les plages des lacs et plans d&#8217;eau autoris\u00e9s \u00e0 la baignade,<\/span><br \/><span style=\"color: #333333;\">&#8211; zones de centre-bourg et centre-ville commer\u00e7ants caract\u00e9ris\u00e9es par une forte concentration du public telles que vis\u00e9es dans le tableau annex\u00e9;<\/span><\/p><p><span style=\"color: #333333;\"><span style=\"text-decoration: underline;\">Article 2 :<\/span> <\/span><\/p><p><span style=\"color: #333333;\">Le port du masque est obligatoire lors des manifestations sportives ou festives se d\u00e9roulant sur le territoire du d\u00e9partement du Nord et rassemblant une forte concentration de population. <\/span><\/p><p><span style=\"text-decoration: underline;\"><span style=\"color: #333333; text-decoration: underline;\">Article 3: <\/span><\/span><\/p><p><span style=\"color: #333333;\">Le port du masque est obligatoire dans un p\u00e9rim\u00e8tre de 50 m\u00e8tres autour des entr\u00e9es et sorties des \u00e9coles, coll\u00e8ges et lyc\u00e9es, et ce 15 minutes avant et apr\u00e8s l&#8217;ouverture, et 15 minutes avant et apr\u00e8s la fermeture de ces \u00e9tablissements. <\/span><\/p><p><span style=\"text-decoration: underline;\"><span style=\"color: #333333; text-decoration: underline;\">Article 4 : <\/span><\/span><\/p><p><span style=\"color: #333333;\">Le pr\u00e9sent arr\u00eat\u00e9 peut faire l&#8217;objet, dans un d\u00e9lai de deux mois \u00e0 compter de sa publication, d&#8217;un recours contentieux pour exc\u00e8s de pouvoir devant le tribunal administratif de Lille.La juridiction administrative comp\u00e9tente peut aussi \u00eatre saisie par l&#8217;application T\u00e9l\u00e9recours citoyens, accessible \u00e0 partir du site <a href=\"http:\/\/www.telerecours.fr\" target=\"_blank\" rel=\"noopener\">www.telerecours.fr<\/a>. <\/span><\/p><p><span style=\"text-decoration: underline;\"><span style=\"color: #333333; text-decoration: underline;\">Article 5 : <\/span><\/span><\/p><p><span style=\"color: #333333;\">Le pr\u00e9sent arr\u00eat\u00e9 est ex\u00e9cutoire d\u00e8s sa publication et ce pour une dur\u00e9e de 1 mois. <\/span><\/p><p><span style=\"text-decoration: underline;\"><span style=\"color: #333333; text-decoration: underline;\">Article 6 : <\/span><\/span><\/p><p><span style=\"color: #333333;\">Conform\u00e9ment aux dispositions du VII de l&#8217;article 1\u00b0&#8217; de la loi n\u00b02020-856 du 9 juillet 2020 susvis\u00e9e, la violation des mesures pr\u00e9vues par le pr\u00e9sent arr\u00eat\u00e9 est punie de l&#8217;amende pr\u00e9vue pour les contraventions de la 4\u00e8me classe et, en cas de r\u00e9cidive dans les 15 jours, d&#8217;une amende pr\u00e9vue pour les contraventions de 5\u00e8me classe ou en cas de violation \u00e0 plus de trois reprises dans un d\u00e9lai de trente jours, de six mois d&#8217;emprisonnement et de 3750 euros d&#8217;amende, ainsi que de la peine compl\u00e9mentaire de travail d&#8217;int\u00e9r\u00eat g\u00e9n\u00e9ral. <\/span><\/p><p><span style=\"text-decoration: underline;\"><span style=\"color: #333333; text-decoration: underline;\">Article 7 : <\/span><\/span><\/p><p><span style=\"color: #333333;\">Le directeur de cabinet du pr\u00e9fet du Nord, les sous-pr\u00e9fets d&#8217;arrondissement, le directeur d\u00e9partemental de la s\u00e9curit\u00e9 publique du Nord, le colonel commandant le groupement de gendarmerie du Nord et les maires de chaque commune du d\u00e9partement du Nord sont charg\u00e9s, chacun pour ce qui les concerne, de l&#8217;application du pr\u00e9sent arr\u00eat\u00e9 qui sera publi\u00e9 au recueil des actes administratifs de la pr\u00e9fecture du Nord et dont une copie sera transmise aux tribunaux judiciaires du Nord. <\/span><\/p><p style=\"text-align: right;\"><span style=\"color: #333333;\">Fait \u00e0 Lille, le 21 ao\u00fbt 2020<br \/><\/span><span style=\"color: #333333;\">Pour le Pr\u00e9fet du Nord absent et par suppl\u00e9ance<br \/><\/span><span style=\"color: #333333;\">Le directeur de cabinet<br \/><\/span><span style=\"color: #333333;\">Romain ROYET<\/span><\/p>\t\t\t\t\t\t\t\t<\/div>\n\t\t\t\t<\/div>\n\t\t\t\t\t<\/div>\n\t\t<\/div>\n\t\t\t\t\t<\/div>\n\t\t<\/section>\n\t\t\t\t<\/div>\n\t\t","protected":false},"excerpt":{"rendered":"<p>Le pr\u00e9fet du Nord rappelle l\u2019importance du respect des gestes barri\u00e8res et du port du masque, dans les espaces publics concern\u00e9s par cette obligation, ou quand la distance d\u2019un m\u00e8tre ne peut \u00eatre assur\u00e9e. Un arr\u00eat\u00e9 portant obligation du port du masque dans le d\u00e9partement du Nord (hors MEL) a \u00e9t\u00e9 publi\u00e9. Il est t\u00e9l\u00e9chargeable [&hellip;]<\/p>\n","protected":false},"author":1,"featured_media":1274,"comment_status":"closed","ping_status":"closed","sticky":false,"template":"","format":"standard","meta":{"_crdt_document":"","ocean_post_layout":"","ocean_both_sidebars_style":"","ocean_both_sidebars_content_width":0,"ocean_both_sidebars_sidebars_width":0,"ocean_sidebar":"","ocean_second_sidebar":"","ocean_disable_margins":"enable","ocean_add_body_class":"","ocean_shortcode_before_top_bar":"","ocean_shortcode_after_top_bar":"","ocean_shortcode_before_header":"","ocean_shortcode_after_header":"","ocean_has_shortcode":"","ocean_shortcode_after_title":"","ocean_shortcode_before_footer_widgets":"","ocean_shortcode_after_footer_widgets":"","ocean_shortcode_before_footer_bottom":"","ocean_shortcode_after_footer_bottom":"","ocean_display_top_bar":"default","ocean_display_header":"default","ocean_header_style":"","ocean_center_header_left_menu":"","ocean_custom_header_template":"","ocean_custom_logo":0,"ocean_custom_retina_logo":0,"ocean_custom_logo_max_width":0,"ocean_custom_logo_tablet_max_width":0,"ocean_custom_logo_mobile_max_width":0,"ocean_custom_logo_max_height":0,"ocean_custom_logo_tablet_max_height":0,"ocean_custom_logo_mobile_max_height":0,"ocean_header_custom_menu":"","ocean_menu_typo_font_family":"","ocean_menu_typo_font_subset":"","ocean_menu_typo_font_size":0,"ocean_menu_typo_font_size_tablet":0,"ocean_menu_typo_font_size_mobile":0,"ocean_menu_typo_font_size_unit":"px","ocean_menu_typo_font_weight":"","ocean_menu_typo_font_weight_tablet":"","ocean_menu_typo_font_weight_mobile":"","ocean_menu_typo_transform":"","ocean_menu_typo_transform_tablet":"","ocean_menu_typo_transform_mobile":"","ocean_menu_typo_line_height":0,"ocean_menu_typo_line_height_tablet":0,"ocean_menu_typo_line_height_mobile":0,"ocean_menu_typo_line_height_unit":"","ocean_menu_typo_spacing":0,"ocean_menu_typo_spacing_tablet":0,"ocean_menu_typo_spacing_mobile":0,"ocean_menu_typo_spacing_unit":"","ocean_menu_link_color":"","ocean_menu_link_color_hover":"","ocean_menu_link_color_active":"","ocean_menu_link_background":"","ocean_menu_link_hover_background":"","ocean_menu_link_active_background":"","ocean_menu_social_links_bg":"","ocean_menu_social_hover_links_bg":"","ocean_menu_social_links_color":"","ocean_menu_social_hover_links_color":"","ocean_disable_title":"default","ocean_disable_heading":"default","ocean_post_title":"","ocean_post_subheading":"","ocean_post_title_style":"","ocean_post_title_background_color":"","ocean_post_title_background":0,"ocean_post_title_bg_image_position":"","ocean_post_title_bg_image_attachment":"","ocean_post_title_bg_image_repeat":"","ocean_post_title_bg_image_size":"","ocean_post_title_height":0,"ocean_post_title_bg_overlay":0.5,"ocean_post_title_bg_overlay_color":"","ocean_disable_breadcrumbs":"default","ocean_breadcrumbs_color":"","ocean_breadcrumbs_separator_color":"","ocean_breadcrumbs_links_color":"","ocean_breadcrumbs_links_hover_color":"","ocean_display_footer_widgets":"default","ocean_display_footer_bottom":"default","ocean_custom_footer_template":"","ocean_post_oembed":"","ocean_post_self_hosted_media":"","ocean_post_video_embed":"","ocean_link_format":"","ocean_link_format_target":"self","ocean_quote_format":"","ocean_quote_format_link":"post","ocean_gallery_link_images":"on","ocean_gallery_id":[],"footnotes":""},"categories":[1],"tags":[],"class_list":["post-1543","post","type-post","status-publish","format-standard","has-post-thumbnail","hentry","category-non-classe","entry","has-media"],"yoast_head":"<!-- This site is optimized with the Yoast SEO plugin v27.3 - https:\/\/yoast.com\/product\/yoast-seo-wordpress\/ -->\n<title>Obligation du port du masque - Ville de Thiant<\/title>\n<meta name=\"robots\" content=\"index, follow, max-snippet:-1, max-image-preview:large, max-video-preview:-1\" \/>\n<link rel=\"canonical\" href=\"https:\/\/thiant.fr\/wordpress\/obligation-du-port-du-masque\/\" \/>\n<meta property=\"og:locale\" content=\"fr_FR\" \/>\n<meta property=\"og:type\" content=\"article\" \/>\n<meta property=\"og:title\" content=\"Obligation du port du masque - Ville de Thiant\" \/>\n<meta property=\"og:description\" content=\"Le pr\u00e9fet du Nord rappelle l\u2019importance du respect des gestes barri\u00e8res et du port du masque, dans les espaces publics concern\u00e9s par cette obligation, ou quand la distance d\u2019un m\u00e8tre ne peut \u00eatre assur\u00e9e. Un arr\u00eat\u00e9 portant obligation du port du masque dans le d\u00e9partement du Nord (hors MEL) a \u00e9t\u00e9 publi\u00e9. Il est t\u00e9l\u00e9chargeable [&hellip;]\" \/>\n<meta property=\"og:url\" content=\"https:\/\/thiant.fr\/wordpress\/obligation-du-port-du-masque\/\" \/>\n<meta property=\"og:site_name\" content=\"Ville de Thiant\" \/>\n<meta property=\"article:published_time\" content=\"2020-09-03T15:23:05+00:00\" \/>\n<meta property=\"article:modified_time\" content=\"2020-09-03T15:25:30+00:00\" \/>\n<meta property=\"og:image\" content=\"https:\/\/thiant.fr\/wordpress\/wp-content\/uploads\/2020\/04\/Prefet-region-Hauts-de-France.png\" \/>\n\t<meta property=\"og:image:width\" content=\"300\" \/>\n\t<meta property=\"og:image:height\" content=\"200\" \/>\n\t<meta property=\"og:image:type\" content=\"image\/png\" \/>\n<meta name=\"author\" content=\"Service communication\" \/>\n<meta name=\"twitter:card\" content=\"summary_large_image\" \/>\n<meta name=\"twitter:label1\" content=\"\u00c9crit par\" \/>\n\t<meta name=\"twitter:data1\" content=\"Service communication\" \/>\n\t<meta name=\"twitter:label2\" content=\"Dur\u00e9e de lecture estim\u00e9e\" \/>\n\t<meta name=\"twitter:data2\" content=\"9 minutes\" \/>\n<script type=\"application\/ld+json\" class=\"yoast-schema-graph\">{\"@context\":\"https:\\\/\\\/schema.org\",\"@graph\":[{\"@type\":\"Article\",\"@id\":\"https:\\\/\\\/thiant.fr\\\/wordpress\\\/obligation-du-port-du-masque\\\/#article\",\"isPartOf\":{\"@id\":\"https:\\\/\\\/thiant.fr\\\/wordpress\\\/obligation-du-port-du-masque\\\/\"},\"author\":{\"name\":\"Service communication\",\"@id\":\"https:\\\/\\\/thiant.fr\\\/wordpress\\\/#\\\/schema\\\/person\\\/f41122130d18c0720657431d990451c6\"},\"headline\":\"Obligation du port du masque\",\"datePublished\":\"2020-09-03T15:23:05+00:00\",\"dateModified\":\"2020-09-03T15:25:30+00:00\",\"mainEntityOfPage\":{\"@id\":\"https:\\\/\\\/thiant.fr\\\/wordpress\\\/obligation-du-port-du-masque\\\/\"},\"wordCount\":1904,\"publisher\":{\"@id\":\"https:\\\/\\\/thiant.fr\\\/wordpress\\\/#organization\"},\"image\":{\"@id\":\"https:\\\/\\\/thiant.fr\\\/wordpress\\\/obligation-du-port-du-masque\\\/#primaryimage\"},\"thumbnailUrl\":\"https:\\\/\\\/thiant.fr\\\/wordpress\\\/wp-content\\\/uploads\\\/2020\\\/04\\\/Prefet-region-Hauts-de-France.png\",\"inLanguage\":\"fr-FR\"},{\"@type\":\"WebPage\",\"@id\":\"https:\\\/\\\/thiant.fr\\\/wordpress\\\/obligation-du-port-du-masque\\\/\",\"url\":\"https:\\\/\\\/thiant.fr\\\/wordpress\\\/obligation-du-port-du-masque\\\/\",\"name\":\"Obligation du port du masque - Ville de Thiant\",\"isPartOf\":{\"@id\":\"https:\\\/\\\/thiant.fr\\\/wordpress\\\/#website\"},\"primaryImageOfPage\":{\"@id\":\"https:\\\/\\\/thiant.fr\\\/wordpress\\\/obligation-du-port-du-masque\\\/#primaryimage\"},\"image\":{\"@id\":\"https:\\\/\\\/thiant.fr\\\/wordpress\\\/obligation-du-port-du-masque\\\/#primaryimage\"},\"thumbnailUrl\":\"https:\\\/\\\/thiant.fr\\\/wordpress\\\/wp-content\\\/uploads\\\/2020\\\/04\\\/Prefet-region-Hauts-de-France.png\",\"datePublished\":\"2020-09-03T15:23:05+00:00\",\"dateModified\":\"2020-09-03T15:25:30+00:00\",\"breadcrumb\":{\"@id\":\"https:\\\/\\\/thiant.fr\\\/wordpress\\\/obligation-du-port-du-masque\\\/#breadcrumb\"},\"inLanguage\":\"fr-FR\",\"potentialAction\":[{\"@type\":\"ReadAction\",\"target\":[\"https:\\\/\\\/thiant.fr\\\/wordpress\\\/obligation-du-port-du-masque\\\/\"]}]},{\"@type\":\"ImageObject\",\"inLanguage\":\"fr-FR\",\"@id\":\"https:\\\/\\\/thiant.fr\\\/wordpress\\\/obligation-du-port-du-masque\\\/#primaryimage\",\"url\":\"https:\\\/\\\/thiant.fr\\\/wordpress\\\/wp-content\\\/uploads\\\/2020\\\/04\\\/Prefet-region-Hauts-de-France.png\",\"contentUrl\":\"https:\\\/\\\/thiant.fr\\\/wordpress\\\/wp-content\\\/uploads\\\/2020\\\/04\\\/Prefet-region-Hauts-de-France.png\",\"width\":300,\"height\":200},{\"@type\":\"BreadcrumbList\",\"@id\":\"https:\\\/\\\/thiant.fr\\\/wordpress\\\/obligation-du-port-du-masque\\\/#breadcrumb\",\"itemListElement\":[{\"@type\":\"ListItem\",\"position\":1,\"name\":\"Accueil\",\"item\":\"https:\\\/\\\/thiant.fr\\\/wordpress\\\/\"},{\"@type\":\"ListItem\",\"position\":2,\"name\":\"Obligation du port du masque\"}]},{\"@type\":\"WebSite\",\"@id\":\"https:\\\/\\\/thiant.fr\\\/wordpress\\\/#website\",\"url\":\"https:\\\/\\\/thiant.fr\\\/wordpress\\\/\",\"name\":\"Ville de Thiant\",\"description\":\"Site officiel de la ville de Thiant\",\"publisher\":{\"@id\":\"https:\\\/\\\/thiant.fr\\\/wordpress\\\/#organization\"},\"potentialAction\":[{\"@type\":\"SearchAction\",\"target\":{\"@type\":\"EntryPoint\",\"urlTemplate\":\"https:\\\/\\\/thiant.fr\\\/wordpress\\\/?s={search_term_string}\"},\"query-input\":{\"@type\":\"PropertyValueSpecification\",\"valueRequired\":true,\"valueName\":\"search_term_string\"}}],\"inLanguage\":\"fr-FR\"},{\"@type\":\"Organization\",\"@id\":\"https:\\\/\\\/thiant.fr\\\/wordpress\\\/#organization\",\"name\":\"Ville de Thiant\",\"url\":\"https:\\\/\\\/thiant.fr\\\/wordpress\\\/\",\"logo\":{\"@type\":\"ImageObject\",\"inLanguage\":\"fr-FR\",\"@id\":\"https:\\\/\\\/thiant.fr\\\/wordpress\\\/#\\\/schema\\\/logo\\\/image\\\/\",\"url\":\"https:\\\/\\\/thiant.fr\\\/wordpress\\\/wp-content\\\/uploads\\\/2019\\\/08\\\/Thiant_Illdy_4.png\",\"contentUrl\":\"https:\\\/\\\/thiant.fr\\\/wordpress\\\/wp-content\\\/uploads\\\/2019\\\/08\\\/Thiant_Illdy_4.png\",\"width\":105,\"height\":75,\"caption\":\"Ville de Thiant\"},\"image\":{\"@id\":\"https:\\\/\\\/thiant.fr\\\/wordpress\\\/#\\\/schema\\\/logo\\\/image\\\/\"}},{\"@type\":\"Person\",\"@id\":\"https:\\\/\\\/thiant.fr\\\/wordpress\\\/#\\\/schema\\\/person\\\/f41122130d18c0720657431d990451c6\",\"name\":\"Service communication\",\"image\":{\"@type\":\"ImageObject\",\"inLanguage\":\"fr-FR\",\"@id\":\"https:\\\/\\\/secure.gravatar.com\\\/avatar\\\/527d4f1f1330a82db5a7ea7738ddeb994fd26c4537512a833d99b387808ee250?s=96&r=g\",\"url\":\"https:\\\/\\\/secure.gravatar.com\\\/avatar\\\/527d4f1f1330a82db5a7ea7738ddeb994fd26c4537512a833d99b387808ee250?s=96&r=g\",\"contentUrl\":\"https:\\\/\\\/secure.gravatar.com\\\/avatar\\\/527d4f1f1330a82db5a7ea7738ddeb994fd26c4537512a833d99b387808ee250?s=96&r=g\",\"caption\":\"Service communication\"},\"url\":\"https:\\\/\\\/thiant.fr\\\/wordpress\\\/author\\\/adminwpress\\\/\"}]}<\/script>\n<!-- \/ Yoast SEO plugin. -->","yoast_head_json":{"title":"Obligation du port du masque - Ville de Thiant","robots":{"index":"index","follow":"follow","max-snippet":"max-snippet:-1","max-image-preview":"max-image-preview:large","max-video-preview":"max-video-preview:-1"},"canonical":"https:\/\/thiant.fr\/wordpress\/obligation-du-port-du-masque\/","og_locale":"fr_FR","og_type":"article","og_title":"Obligation du port du masque - Ville de Thiant","og_description":"Le pr\u00e9fet du Nord rappelle l\u2019importance du respect des gestes barri\u00e8res et du port du masque, dans les espaces publics concern\u00e9s par cette obligation, ou quand la distance d\u2019un m\u00e8tre ne peut \u00eatre assur\u00e9e. Un arr\u00eat\u00e9 portant obligation du port du masque dans le d\u00e9partement du Nord (hors MEL) a \u00e9t\u00e9 publi\u00e9. Il est t\u00e9l\u00e9chargeable [&hellip;]","og_url":"https:\/\/thiant.fr\/wordpress\/obligation-du-port-du-masque\/","og_site_name":"Ville de Thiant","article_published_time":"2020-09-03T15:23:05+00:00","article_modified_time":"2020-09-03T15:25:30+00:00","og_image":[{"width":300,"height":200,"url":"https:\/\/thiant.fr\/wordpress\/wp-content\/uploads\/2020\/04\/Prefet-region-Hauts-de-France.png","type":"image\/png"}],"author":"Service communication","twitter_card":"summary_large_image","twitter_misc":{"\u00c9crit par":"Service communication","Dur\u00e9e de lecture estim\u00e9e":"9 minutes"},"schema":{"@context":"https:\/\/schema.org","@graph":[{"@type":"Article","@id":"https:\/\/thiant.fr\/wordpress\/obligation-du-port-du-masque\/#article","isPartOf":{"@id":"https:\/\/thiant.fr\/wordpress\/obligation-du-port-du-masque\/"},"author":{"name":"Service communication","@id":"https:\/\/thiant.fr\/wordpress\/#\/schema\/person\/f41122130d18c0720657431d990451c6"},"headline":"Obligation du port du masque","datePublished":"2020-09-03T15:23:05+00:00","dateModified":"2020-09-03T15:25:30+00:00","mainEntityOfPage":{"@id":"https:\/\/thiant.fr\/wordpress\/obligation-du-port-du-masque\/"},"wordCount":1904,"publisher":{"@id":"https:\/\/thiant.fr\/wordpress\/#organization"},"image":{"@id":"https:\/\/thiant.fr\/wordpress\/obligation-du-port-du-masque\/#primaryimage"},"thumbnailUrl":"https:\/\/thiant.fr\/wordpress\/wp-content\/uploads\/2020\/04\/Prefet-region-Hauts-de-France.png","inLanguage":"fr-FR"},{"@type":"WebPage","@id":"https:\/\/thiant.fr\/wordpress\/obligation-du-port-du-masque\/","url":"https:\/\/thiant.fr\/wordpress\/obligation-du-port-du-masque\/","name":"Obligation du port du masque - Ville de Thiant","isPartOf":{"@id":"https:\/\/thiant.fr\/wordpress\/#website"},"primaryImageOfPage":{"@id":"https:\/\/thiant.fr\/wordpress\/obligation-du-port-du-masque\/#primaryimage"},"image":{"@id":"https:\/\/thiant.fr\/wordpress\/obligation-du-port-du-masque\/#primaryimage"},"thumbnailUrl":"https:\/\/thiant.fr\/wordpress\/wp-content\/uploads\/2020\/04\/Prefet-region-Hauts-de-France.png","datePublished":"2020-09-03T15:23:05+00:00","dateModified":"2020-09-03T15:25:30+00:00","breadcrumb":{"@id":"https:\/\/thiant.fr\/wordpress\/obligation-du-port-du-masque\/#breadcrumb"},"inLanguage":"fr-FR","potentialAction":[{"@type":"ReadAction","target":["https:\/\/thiant.fr\/wordpress\/obligation-du-port-du-masque\/"]}]},{"@type":"ImageObject","inLanguage":"fr-FR","@id":"https:\/\/thiant.fr\/wordpress\/obligation-du-port-du-masque\/#primaryimage","url":"https:\/\/thiant.fr\/wordpress\/wp-content\/uploads\/2020\/04\/Prefet-region-Hauts-de-France.png","contentUrl":"https:\/\/thiant.fr\/wordpress\/wp-content\/uploads\/2020\/04\/Prefet-region-Hauts-de-France.png","width":300,"height":200},{"@type":"BreadcrumbList","@id":"https:\/\/thiant.fr\/wordpress\/obligation-du-port-du-masque\/#breadcrumb","itemListElement":[{"@type":"ListItem","position":1,"name":"Accueil","item":"https:\/\/thiant.fr\/wordpress\/"},{"@type":"ListItem","position":2,"name":"Obligation du port du masque"}]},{"@type":"WebSite","@id":"https:\/\/thiant.fr\/wordpress\/#website","url":"https:\/\/thiant.fr\/wordpress\/","name":"Ville de Thiant","description":"Site officiel de la ville de Thiant","publisher":{"@id":"https:\/\/thiant.fr\/wordpress\/#organization"},"potentialAction":[{"@type":"SearchAction","target":{"@type":"EntryPoint","urlTemplate":"https:\/\/thiant.fr\/wordpress\/?s={search_term_string}"},"query-input":{"@type":"PropertyValueSpecification","valueRequired":true,"valueName":"search_term_string"}}],"inLanguage":"fr-FR"},{"@type":"Organization","@id":"https:\/\/thiant.fr\/wordpress\/#organization","name":"Ville de Thiant","url":"https:\/\/thiant.fr\/wordpress\/","logo":{"@type":"ImageObject","inLanguage":"fr-FR","@id":"https:\/\/thiant.fr\/wordpress\/#\/schema\/logo\/image\/","url":"https:\/\/thiant.fr\/wordpress\/wp-content\/uploads\/2019\/08\/Thiant_Illdy_4.png","contentUrl":"https:\/\/thiant.fr\/wordpress\/wp-content\/uploads\/2019\/08\/Thiant_Illdy_4.png","width":105,"height":75,"caption":"Ville de Thiant"},"image":{"@id":"https:\/\/thiant.fr\/wordpress\/#\/schema\/logo\/image\/"}},{"@type":"Person","@id":"https:\/\/thiant.fr\/wordpress\/#\/schema\/person\/f41122130d18c0720657431d990451c6","name":"Service communication","image":{"@type":"ImageObject","inLanguage":"fr-FR","@id":"https:\/\/secure.gravatar.com\/avatar\/527d4f1f1330a82db5a7ea7738ddeb994fd26c4537512a833d99b387808ee250?s=96&r=g","url":"https:\/\/secure.gravatar.com\/avatar\/527d4f1f1330a82db5a7ea7738ddeb994fd26c4537512a833d99b387808ee250?s=96&r=g","contentUrl":"https:\/\/secure.gravatar.com\/avatar\/527d4f1f1330a82db5a7ea7738ddeb994fd26c4537512a833d99b387808ee250?s=96&r=g","caption":"Service communication"},"url":"https:\/\/thiant.fr\/wordpress\/author\/adminwpress\/"}]}},"_links":{"self":[{"href":"https:\/\/thiant.fr\/wordpress\/wp-json\/wp\/v2\/posts\/1543","targetHints":{"allow":["GET"]}}],"collection":[{"href":"https:\/\/thiant.fr\/wordpress\/wp-json\/wp\/v2\/posts"}],"about":[{"href":"https:\/\/thiant.fr\/wordpress\/wp-json\/wp\/v2\/types\/post"}],"author":[{"embeddable":true,"href":"https:\/\/thiant.fr\/wordpress\/wp-json\/wp\/v2\/users\/1"}],"replies":[{"embeddable":true,"href":"https:\/\/thiant.fr\/wordpress\/wp-json\/wp\/v2\/comments?post=1543"}],"version-history":[{"count":0,"href":"https:\/\/thiant.fr\/wordpress\/wp-json\/wp\/v2\/posts\/1543\/revisions"}],"wp:featuredmedia":[{"embeddable":true,"href":"https:\/\/thiant.fr\/wordpress\/wp-json\/wp\/v2\/media\/1274"}],"wp:attachment":[{"href":"https:\/\/thiant.fr\/wordpress\/wp-json\/wp\/v2\/media?parent=1543"}],"wp:term":[{"taxonomy":"category","embeddable":true,"href":"https:\/\/thiant.fr\/wordpress\/wp-json\/wp\/v2\/categories?post=1543"},{"taxonomy":"post_tag","embeddable":true,"href":"https:\/\/thiant.fr\/wordpress\/wp-json\/wp\/v2\/tags?post=1543"}],"curies":[{"name":"wp","href":"https:\/\/api.w.org\/{rel}","templated":true}]}}