{"id":1550,"date":"2020-09-04T14:02:15","date_gmt":"2020-09-04T12:02:15","guid":{"rendered":"https:\/\/thiant.fr\/wordpress\/?p=1550"},"modified":"2020-10-14T16:00:41","modified_gmt":"2020-10-14T14:00:41","slug":"arrete-groupe-scolaire","status":"publish","type":"post","link":"https:\/\/thiant.fr\/wordpress\/arrete-groupe-scolaire\/","title":{"rendered":"Arr\u00eat\u00e9 Groupe Scolaire"},"content":{"rendered":"\t\t<div data-elementor-type=\"wp-post\" data-elementor-id=\"1550\" class=\"elementor elementor-1550\">\n\t\t\t\t\t\t<section class=\"elementor-section elementor-top-section elementor-element elementor-element-9dc79f9 elementor-section-boxed elementor-section-height-default elementor-section-height-default\" data-id=\"9dc79f9\" data-element_type=\"section\" data-e-type=\"section\">\n\t\t\t\t\t\t<div class=\"elementor-container elementor-column-gap-default\">\n\t\t\t\t\t<div class=\"elementor-column elementor-col-100 elementor-top-column elementor-element elementor-element-42faac9\" data-id=\"42faac9\" data-element_type=\"column\" data-e-type=\"column\">\n\t\t\t<div class=\"elementor-widget-wrap elementor-element-populated\">\n\t\t\t\t\t\t<div class=\"elementor-element elementor-element-5696ce5 elementor-widget elementor-widget-text-editor\" data-id=\"5696ce5\" data-element_type=\"widget\" data-e-type=\"widget\" data-widget_type=\"text-editor.default\">\n\t\t\t\t<div class=\"elementor-widget-container\">\n\t\t\t\t\t\t\t\t\t<p><span style=\"color: #333333;\">Arr\u00eat\u00e9 Municipal portant sur la r\u00e9glementation des entr\u00e9es et sorties du groupe scolaire Gustave Ansart de Thiant t\u00e9l\u00e9chargeable au format PDF <a href=\"https:\/\/thiant.fr\/wordpress\/documents_ext\/Arrete-GS-Ansart_01092020.pdf\" target=\"_blank\" rel=\"noopener\">ici<\/a>.<\/span><\/p><p style=\"text-align: right;\"><span style=\"color: #008000;\">Acte 2020-01092020 annule et remplace l&#8217;acte 2020-26082020.<\/span><\/p><p style=\"text-align: center;\"><span style=\"color: #333333;\"><em>R\u00c9PUBLIQUE FRAN\u00c7AISE<\/em><\/span><\/p><p style=\"text-align: center;\"><span style=\"color: #333333;\"><em>D\u00c9PARTEMENT DU NORD &#8211; ARRONDISSEMENT DE VALENCIENNES<\/em><\/span><\/p><h3 style=\"text-align: center;\"><span style=\"color: #333333;\"><strong><em>VILLE DE THIANT<\/em><\/strong><\/span><\/h3><h4 style=\"text-align: center;\"><span style=\"color: #333333;\"><strong>ARR\u00caT\u00c9 R\u00c9GLEMENTANT LES ENTR\u00c9ES ET SORTIES DES \u00c9COLES DU GROUPE SCOLAIRE GUSTAVE ANSART<\/strong><\/span><\/h4><p><span style=\"color: #333333;\"><strong>Le Maire de la Commune de Thiant,<\/strong><\/span><\/p><table border=\"0\" width=\"520\"><tbody><tr><td align=\"left\" valign=\"top\" width=\"86\"><strong><span style=\"color: #333333;\">Vu<\/span><\/strong><\/td><td align=\"left\" valign=\"top\" width=\"433\"><strong><span style=\"color: #333333;\">le Code g\u00e9n\u00e9ral des collectivit\u00e9s territoriales et notamment les articles L. 2211 et suivants portant dispositions g\u00e9n\u00e9rales en mati\u00e8re de police\u00a0;<\/span><\/strong><\/td><\/tr><tr><td align=\"left\" valign=\"top\" width=\"86\"><strong><span style=\"color: #333333;\">Vu<\/span><\/strong><\/td><td align=\"left\" valign=\"top\" width=\"433\"><strong><span style=\"color: #333333;\">la loi n\u00b0 82-213 du 2 mars 1982 modifi\u00e9e relative aux droits et libert\u00e9s des communes, des d\u00e9partements et des r\u00e9gions\u00a0;<\/span><\/strong><\/td><\/tr><tr><td align=\"left\" valign=\"top\" width=\"86\"><strong><span style=\"color: #333333;\">Vu<\/span><\/strong><\/td><td align=\"left\" valign=\"top\" width=\"433\"><strong><span style=\"color: #333333;\">le Code de la route\u00a0;<\/span><\/strong><\/td><\/tr><tr><td align=\"left\" valign=\"top\" width=\"86\"><strong><span style=\"color: #333333;\">Vu<\/span><\/strong><\/td><td align=\"left\" valign=\"top\" width=\"433\"><span style=\"color: #333333;\"><strong>Le code sant\u00e9 publique et notamment son article L 3136-1 ;<\/strong><br \/><\/span><\/td><\/tr><tr><td align=\"left\" valign=\"top\" width=\"86\"><strong><span style=\"color: #333333;\">Vu<\/span><\/strong><\/td><td align=\"left\" valign=\"top\" width=\"433\"><strong><span style=\"color: #333333;\">l&#8217;arr\u00eat\u00e9 du 21 Aout 2020 du pr\u00e9fet du Nord imposant le port du masque pour les personnes de onze ans et plus dans les zones de forte concentration de personnes dans les communes du d\u00e9partement du Nord ;<\/span><\/strong><\/td><\/tr><tr><td align=\"left\" valign=\"top\" width=\"86\"><strong><span style=\"color: #333333;\">Consid\u00e9rant<\/span><\/strong><\/td><td align=\"left\" valign=\"top\" width=\"433\"><strong><span style=\"color: #333333;\">qu\u2019une forte concentration de population dans l\u2019espace public ne permet pas de respecter la distanciation physique, que le port du masque devient alors essentiel pour limiter la propagation de l\u2019\u00e9pid\u00e9mie du COVID-19 ;<\/span><\/strong><\/td><\/tr><tr><td align=\"left\" valign=\"top\" width=\"86\"><strong><span style=\"color: #333333;\">Consid\u00e9rant<\/span><\/strong><\/td><td align=\"left\" valign=\"top\" width=\"433\"><strong><span style=\"color: #333333;\">que la rentr\u00e9e scolaire fix\u00e9e au 31 aout 2020 entrainera une forte concentration de population en particulier jeune aux abords des \u00e9tablissements scolaires notamment au niveau des entr\u00e9es et sorties aux heures d\u2019ouverture et de fermeture des \u00e9tablissements ;<\/span><\/strong><\/td><\/tr><tr><td align=\"left\" valign=\"top\" width=\"86\"><strong><span style=\"color: #333333;\">Consid\u00e9rant<\/span><\/strong><\/td><td align=\"left\" valign=\"top\" width=\"433\"><span style=\"color: #333333;\"><strong>que la zone de stationnement des v\u00e9hicules n\u2019est pas suffisante pour une arriv\u00e9e simultan\u00e9e aux \u00e9coles de tous les enfants ;<\/strong><br \/><\/span><\/td><\/tr><tr><td align=\"left\" valign=\"top\" width=\"86\"><strong><span style=\"color: #333333;\">Consid\u00e9rant<\/span><\/strong><\/td><td align=\"left\" valign=\"top\" width=\"433\"><strong><span style=\"color: #333333;\">qu\u2019il convient de prendre les mesures n\u00e9cessaires pour faciliter l\u2019entr\u00e9e et la sortie des \u00e9coles du groupe Gustave Ansart \u00e0 Thiant ;<\/span><\/strong><\/td><\/tr><\/tbody><\/table><p style=\"text-align: center;\"><span style=\"color: #333333;\"><strong><u>ARR\u00caTE<\/u><\/strong><\/span><\/p><p><span style=\"color: #333333;\"><strong>Art. 1 :<\/strong> Les horaires d\u2019ouverture des \u00e9coles Maternelle et \u00c9l\u00e9mentaire du groupe Gustave Ansart seront les suivants \u00e0 compter du 1<sup>er<\/sup> septembre 2020\u00a0:<\/span><\/p><p><span style=\"color: #333333;\"><strong>\u00a0\u00a0\u00a0\u00a0\u00a0\u00a0\u00a0\u00a0\u00a0\u00a0\u00a0\u00a0\u00a0\u00a0\u00a0\u00a0\u00a0\u00a0\u00a0\u00a0\u00a0\u00a0\u00a0 &#8211; <\/strong><u>Maternelles<\/u>\u00a0:<\/span><\/p><p><span style=\"color: #333333;\"><strong>\u00a0\u00a0\u00a0\u00a0\u00a0\u00a0\u00a0\u00a0\u00a0\u00a0\u00a0\u00a0\u00a0\u00a0\u00a0\u00a0\u00a0\u00a0\u00a0\u00a0\u00a0\u00a0\u00a0 Accueil de 8h20 \u00e0 8h30\u00a0:<\/strong> \u00a0\u00a0\u00a0\u00a0\u00a0\u00a0\u00a0 8h30 &#8211; 11h30<\/span><\/p><p><span style=\"color: #333333;\">\u00a0\u00a0\u00a0\u00a0\u00a0\u00a0\u00a0\u00a0\u00a0\u00a0\u00a0\u00a0\u00a0\u00a0\u00a0\u00a0\u00a0\u00a0\u00a0\u00a0\u00a0\u00a0\u00a0 <strong>Accueil de 13h05 \u00e0 13h15<\/strong>\u00a0:\u00a0\u00a0\u00a0\u00a0 13h15 &#8211; 16h10<\/span><\/p><p><span style=\"color: #333333;\"><strong>\u00a0\u00a0\u00a0\u00a0\u00a0\u00a0\u00a0\u00a0\u00a0\u00a0\u00a0\u00a0\u00a0\u00a0\u00a0\u00a0\u00a0\u00a0\u00a0\u00a0\u00a0\u00a0\u00a0 &#8211; <\/strong><u>\u00c9l\u00e9mentaires<\/u> :<\/span><\/p><p><span style=\"color: #333333;\"><strong>\u00a0\u00a0\u00a0\u00a0\u00a0\u00a0\u00a0\u00a0\u00a0\u00a0\u00a0\u00a0\u00a0\u00a0\u00a0\u00a0\u00a0\u00a0\u00a0\u00a0\u00a0\u00a0\u00a0 Accueil de 8h35 \u00e0 8h45\u00a0:<\/strong> \u00a0\u00a0\u00a0\u00a0\u00a0\u00a0\u00a0 8h45 &#8211; 11h45<\/span><\/p><p><span style=\"color: #333333;\">\u00a0\u00a0\u00a0\u00a0\u00a0\u00a0\u00a0\u00a0\u00a0\u00a0\u00a0\u00a0\u00a0\u00a0\u00a0\u00a0\u00a0\u00a0\u00a0\u00a0\u00a0\u00a0\u00a0 <strong>Accueil de 13h20 \u00e0 13h30<\/strong>\u00a0:\u00a0\u00a0\u00a0\u00a0 13h30 &#8211; 16h30<\/span><\/p><p><span style=\"color: #333333;\"><strong>Art. 2\u00a0:<\/strong> La garderie p\u00e9riscolaire fonctionnera comme suit\u00a0:<\/span><\/p><p style=\"padding-left: 80px;\"><span style=\"color: #333333;\"><strong>Le matin de 7h30 \u00e0 8h45 <\/strong><em>(Les enfants en \u00e9l\u00e9mentaire ayant des fr\u00e8res et s\u0153urs en maternelle pourront \u00eatre accueillis gratuitement de 8h20 \u00e0 8h45)<\/em><\/span><\/p><p style=\"padding-left: 80px;\"><span style=\"color: #333333;\"><strong>L\u2019apr\u00e8s midi de 16h10 \u00e0 18h30 <\/strong><em>(Les enfants en maternelle ayant des fr\u00e8res et s\u0153urs en \u00e9l\u00e9mentaire pourront \u00eatre accueillis gratuitement de 16h15 \u00e0 16h30).<\/em><\/span><\/p><p><span style=\"color: #333333;\"><em>\u00a0<\/em><\/span><span style=\"color: #333333;\"><strong>Art. 3\u00a0:<\/strong> Le port du masque est obligatoire pour les personnes de plus de onze ans dans un p\u00e9rim\u00e8tre de 50m aux abords du groupe scolaire Gustave Ansart.<\/span><\/p><p><span style=\"color: #333333;\"><strong>Art. 4\u00a0:<\/strong> <u>Les services de cantine<\/u>\u00a0:<\/span><\/p><p><span style=\"color: #333333;\"><strong>\u00a0\u00a0\u00a0\u00a0\u00a0\u00a0\u00a0\u00a0\u00a0\u00a0\u00a0 <\/strong>Deux services de cantine sont pr\u00e9vus pour les maternelles de 11h30 \u00e0 13h05<\/span><\/p><p><span style=\"color: #333333;\"><strong>\u00a0\u00a0\u00a0\u00a0\u00a0\u00a0\u00a0\u00a0\u00a0\u00a0\u00a0 <\/strong>Trois services de cantine sont pr\u00e9vus pour les \u00e9l\u00e9mentaires de 11h45 \u00e0 13h30<\/span><\/p><p><span style=\"color: #333333;\"><em>\u00a0<\/em><\/span><span style=\"color: #333333;\"><strong>Art. 5\u00a0:<\/strong> La signalisation sera mise en place pour permettre un acc\u00e8s s\u00e9curis\u00e9 aux abords de l\u2019\u00e9cole.<\/span><\/p><p><span style=\"color: #333333;\"><em>\u00a0<\/em><\/span><span style=\"color: #333333;\"><strong>Art. 6:<\/strong>\u00a0 Les regroupements devant le groupe scolaire sont interdits<\/span><\/p><p><span style=\"color: #333333;\"><em>\u00a0<\/em><\/span><span style=\"color: #333333;\"><strong>Art. 7\u00a0:<\/strong> Les infractions au pr\u00e9sent arr\u00eat\u00e9 seront constat\u00e9es, poursuivies et r\u00e9prim\u00e9es conform\u00e9ment aux lois en vigueur.<\/span><\/p><p><span style=\"color: #333333;\"><strong>\u00a0<\/strong><\/span><span style=\"color: #333333;\"><strong>Art. 8\u00a0:<\/strong> Ampliation du pr\u00e9sent arr\u00eat\u00e9 sera adress\u00e9e \u00e0\u00a0:<\/span><\/p><ul><li><span style=\"color: #333333;\">\u00e0 Madame la Directrice G\u00e9n\u00e9rale des Services de la Ville de Thiant<\/span><\/li><li><span style=\"color: #333333;\">\u00e0 Monsieur le Responsable des services techniques de la Ville de Thiant<\/span><\/li><li><span style=\"color: #333333;\">\u00e0 Monsieur le Commandant de Police du Commissariat de Denain<\/span><\/li><li><span style=\"color: #333333;\">\u00e0 Messieurs les Chefs des Centres de Secours de Douchy-les-Mines et Denain<\/span><\/li><li><span style=\"color: #333333;\">\u00e0 Monsieur l\u2019Inspecteur de l\u2019\u00e9ducation Nationale<\/span><\/li><li><span style=\"color: #333333;\">\u00e0 Mesdames Les Directrices des \u00e9coles maternelle et \u00e9l\u00e9mentaire du Groupe Gustave Ansart de Thiant<\/span><\/li><\/ul><p><span style=\"color: #333333;\">qui seront charg\u00e9s, chacun en ce qui le concerne, de l\u2019ex\u00e9cution du pr\u00e9sent arr\u00eat\u00e9 qui sera affich\u00e9 et publi\u00e9 au recueil des actes administratifs de la Mairie.<\/span><\/p><p style=\"text-align: right;\"><span style=\"color: #333333;\">Fait \u00e0 Thiant, le 01 septembre 2020<\/span><\/p><p style=\"text-align: right;\"><span style=\"color: #333333;\">Le Maire,<\/span><\/p><p style=\"text-align: right;\"><span style=\"color: #333333;\"><strong><em>Jean-Marie LECERF<\/em><\/strong><\/span><\/p>\t\t\t\t\t\t\t\t<\/div>\n\t\t\t\t<\/div>\n\t\t\t\t\t<\/div>\n\t\t<\/div>\n\t\t\t\t\t<\/div>\n\t\t<\/section>\n\t\t\t\t<\/div>\n\t\t","protected":false},"excerpt":{"rendered":"<p>Arr\u00eat\u00e9 Municipal portant sur la r\u00e9glementation des entr\u00e9es et sorties du groupe scolaire Gustave Ansart de Thiant t\u00e9l\u00e9chargeable au format PDF ici. Acte 2020-01092020 annule et remplace l&#8217;acte 2020-26082020. R\u00c9PUBLIQUE FRAN\u00c7AISE D\u00c9PARTEMENT DU NORD &#8211; ARRONDISSEMENT DE VALENCIENNES VILLE DE THIANT ARR\u00caT\u00c9 R\u00c9GLEMENTANT LES ENTR\u00c9ES ET SORTIES DES \u00c9COLES DU GROUPE SCOLAIRE GUSTAVE ANSART Le [&hellip;]<\/p>\n","protected":false},"author":1,"featured_media":1552,"comment_status":"closed","ping_status":"closed","sticky":false,"template":"","format":"standard","meta":{"_crdt_document":"","ocean_post_layout":"","ocean_both_sidebars_style":"","ocean_both_sidebars_content_width":0,"ocean_both_sidebars_sidebars_width":0,"ocean_sidebar":"","ocean_second_sidebar":"","ocean_disable_margins":"enable","ocean_add_body_class":"","ocean_shortcode_before_top_bar":"","ocean_shortcode_after_top_bar":"","ocean_shortcode_before_header":"","ocean_shortcode_after_header":"","ocean_has_shortcode":"","ocean_shortcode_after_title":"","ocean_shortcode_before_footer_widgets":"","ocean_shortcode_after_footer_widgets":"","ocean_shortcode_before_footer_bottom":"","ocean_shortcode_after_footer_bottom":"","ocean_display_top_bar":"default","ocean_display_header":"default","ocean_header_style":"","ocean_center_header_left_menu":"","ocean_custom_header_template":"","ocean_custom_logo":0,"ocean_custom_retina_logo":0,"ocean_custom_logo_max_width":0,"ocean_custom_logo_tablet_max_width":0,"ocean_custom_logo_mobile_max_width":0,"ocean_custom_logo_max_height":0,"ocean_custom_logo_tablet_max_height":0,"ocean_custom_logo_mobile_max_height":0,"ocean_header_custom_menu":"","ocean_menu_typo_font_family":"","ocean_menu_typo_font_subset":"","ocean_menu_typo_font_size":0,"ocean_menu_typo_font_size_tablet":0,"ocean_menu_typo_font_size_mobile":0,"ocean_menu_typo_font_size_unit":"px","ocean_menu_typo_font_weight":"","ocean_menu_typo_font_weight_tablet":"","ocean_menu_typo_font_weight_mobile":"","ocean_menu_typo_transform":"","ocean_menu_typo_transform_tablet":"","ocean_menu_typo_transform_mobile":"","ocean_menu_typo_line_height":0,"ocean_menu_typo_line_height_tablet":0,"ocean_menu_typo_line_height_mobile":0,"ocean_menu_typo_line_height_unit":"","ocean_menu_typo_spacing":0,"ocean_menu_typo_spacing_tablet":0,"ocean_menu_typo_spacing_mobile":0,"ocean_menu_typo_spacing_unit":"","ocean_menu_link_color":"","ocean_menu_link_color_hover":"","ocean_menu_link_color_active":"","ocean_menu_link_background":"","ocean_menu_link_hover_background":"","ocean_menu_link_active_background":"","ocean_menu_social_links_bg":"","ocean_menu_social_hover_links_bg":"","ocean_menu_social_links_color":"","ocean_menu_social_hover_links_color":"","ocean_disable_title":"default","ocean_disable_heading":"default","ocean_post_title":"","ocean_post_subheading":"","ocean_post_title_style":"","ocean_post_title_background_color":"","ocean_post_title_background":0,"ocean_post_title_bg_image_position":"","ocean_post_title_bg_image_attachment":"","ocean_post_title_bg_image_repeat":"","ocean_post_title_bg_image_size":"","ocean_post_title_height":0,"ocean_post_title_bg_overlay":0.5,"ocean_post_title_bg_overlay_color":"","ocean_disable_breadcrumbs":"default","ocean_breadcrumbs_color":"","ocean_breadcrumbs_separator_color":"","ocean_breadcrumbs_links_color":"","ocean_breadcrumbs_links_hover_color":"","ocean_display_footer_widgets":"default","ocean_display_footer_bottom":"default","ocean_custom_footer_template":"","ocean_post_oembed":"","ocean_post_self_hosted_media":"","ocean_post_video_embed":"","ocean_link_format":"","ocean_link_format_target":"self","ocean_quote_format":"","ocean_quote_format_link":"post","ocean_gallery_link_images":"on","ocean_gallery_id":[],"footnotes":""},"categories":[1],"tags":[],"class_list":["post-1550","post","type-post","status-publish","format-standard","has-post-thumbnail","hentry","category-non-classe","entry","has-media"],"yoast_head":"<!-- This site is optimized with the Yoast SEO plugin v27.3 - https:\/\/yoast.com\/product\/yoast-seo-wordpress\/ -->\n<title>Arr\u00eat\u00e9 Groupe Scolaire - Ville de Thiant<\/title>\n<meta name=\"robots\" content=\"index, follow, max-snippet:-1, max-image-preview:large, max-video-preview:-1\" \/>\n<link rel=\"canonical\" href=\"https:\/\/thiant.fr\/wordpress\/arrete-groupe-scolaire\/\" \/>\n<meta property=\"og:locale\" content=\"fr_FR\" \/>\n<meta property=\"og:type\" content=\"article\" \/>\n<meta property=\"og:title\" content=\"Arr\u00eat\u00e9 Groupe Scolaire - Ville de Thiant\" \/>\n<meta property=\"og:description\" content=\"Arr\u00eat\u00e9 Municipal portant sur la r\u00e9glementation des entr\u00e9es et sorties du groupe scolaire Gustave Ansart de Thiant t\u00e9l\u00e9chargeable au format PDF ici. Acte 2020-01092020 annule et remplace l&#8217;acte 2020-26082020. R\u00c9PUBLIQUE FRAN\u00c7AISE D\u00c9PARTEMENT DU NORD &#8211; ARRONDISSEMENT DE VALENCIENNES VILLE DE THIANT ARR\u00caT\u00c9 R\u00c9GLEMENTANT LES ENTR\u00c9ES ET SORTIES DES \u00c9COLES DU GROUPE SCOLAIRE GUSTAVE ANSART Le [&hellip;]\" \/>\n<meta property=\"og:url\" content=\"https:\/\/thiant.fr\/wordpress\/arrete-groupe-scolaire\/\" \/>\n<meta property=\"og:site_name\" content=\"Ville de Thiant\" \/>\n<meta property=\"article:published_time\" content=\"2020-09-04T12:02:15+00:00\" \/>\n<meta property=\"article:modified_time\" content=\"2020-10-14T14:00:41+00:00\" \/>\n<meta property=\"og:image\" content=\"https:\/\/thiant.fr\/wordpress\/wp-content\/uploads\/2020\/09\/communique-officiel-Mairie.png\" \/>\n\t<meta property=\"og:image:width\" content=\"720\" \/>\n\t<meta property=\"og:image:height\" content=\"560\" \/>\n\t<meta property=\"og:image:type\" content=\"image\/png\" \/>\n<meta name=\"author\" content=\"Service communication\" \/>\n<meta name=\"twitter:card\" content=\"summary_large_image\" \/>\n<meta name=\"twitter:label1\" content=\"\u00c9crit par\" \/>\n\t<meta name=\"twitter:data1\" content=\"Service communication\" \/>\n\t<meta name=\"twitter:label2\" content=\"Dur\u00e9e de lecture estim\u00e9e\" \/>\n\t<meta name=\"twitter:data2\" content=\"4 minutes\" \/>\n<script type=\"application\/ld+json\" class=\"yoast-schema-graph\">{\"@context\":\"https:\\\/\\\/schema.org\",\"@graph\":[{\"@type\":\"Article\",\"@id\":\"https:\\\/\\\/thiant.fr\\\/wordpress\\\/arrete-groupe-scolaire\\\/#article\",\"isPartOf\":{\"@id\":\"https:\\\/\\\/thiant.fr\\\/wordpress\\\/arrete-groupe-scolaire\\\/\"},\"author\":{\"name\":\"Service communication\",\"@id\":\"https:\\\/\\\/thiant.fr\\\/wordpress\\\/#\\\/schema\\\/person\\\/f41122130d18c0720657431d990451c6\"},\"headline\":\"Arr\u00eat\u00e9 Groupe Scolaire\",\"datePublished\":\"2020-09-04T12:02:15+00:00\",\"dateModified\":\"2020-10-14T14:00:41+00:00\",\"mainEntityOfPage\":{\"@id\":\"https:\\\/\\\/thiant.fr\\\/wordpress\\\/arrete-groupe-scolaire\\\/\"},\"wordCount\":869,\"publisher\":{\"@id\":\"https:\\\/\\\/thiant.fr\\\/wordpress\\\/#organization\"},\"image\":{\"@id\":\"https:\\\/\\\/thiant.fr\\\/wordpress\\\/arrete-groupe-scolaire\\\/#primaryimage\"},\"thumbnailUrl\":\"https:\\\/\\\/thiant.fr\\\/wordpress\\\/wp-content\\\/uploads\\\/2020\\\/09\\\/communique-officiel-Mairie.png\",\"inLanguage\":\"fr-FR\"},{\"@type\":\"WebPage\",\"@id\":\"https:\\\/\\\/thiant.fr\\\/wordpress\\\/arrete-groupe-scolaire\\\/\",\"url\":\"https:\\\/\\\/thiant.fr\\\/wordpress\\\/arrete-groupe-scolaire\\\/\",\"name\":\"Arr\u00eat\u00e9 Groupe Scolaire - Ville de Thiant\",\"isPartOf\":{\"@id\":\"https:\\\/\\\/thiant.fr\\\/wordpress\\\/#website\"},\"primaryImageOfPage\":{\"@id\":\"https:\\\/\\\/thiant.fr\\\/wordpress\\\/arrete-groupe-scolaire\\\/#primaryimage\"},\"image\":{\"@id\":\"https:\\\/\\\/thiant.fr\\\/wordpress\\\/arrete-groupe-scolaire\\\/#primaryimage\"},\"thumbnailUrl\":\"https:\\\/\\\/thiant.fr\\\/wordpress\\\/wp-content\\\/uploads\\\/2020\\\/09\\\/communique-officiel-Mairie.png\",\"datePublished\":\"2020-09-04T12:02:15+00:00\",\"dateModified\":\"2020-10-14T14:00:41+00:00\",\"breadcrumb\":{\"@id\":\"https:\\\/\\\/thiant.fr\\\/wordpress\\\/arrete-groupe-scolaire\\\/#breadcrumb\"},\"inLanguage\":\"fr-FR\",\"potentialAction\":[{\"@type\":\"ReadAction\",\"target\":[\"https:\\\/\\\/thiant.fr\\\/wordpress\\\/arrete-groupe-scolaire\\\/\"]}]},{\"@type\":\"ImageObject\",\"inLanguage\":\"fr-FR\",\"@id\":\"https:\\\/\\\/thiant.fr\\\/wordpress\\\/arrete-groupe-scolaire\\\/#primaryimage\",\"url\":\"https:\\\/\\\/thiant.fr\\\/wordpress\\\/wp-content\\\/uploads\\\/2020\\\/09\\\/communique-officiel-Mairie.png\",\"contentUrl\":\"https:\\\/\\\/thiant.fr\\\/wordpress\\\/wp-content\\\/uploads\\\/2020\\\/09\\\/communique-officiel-Mairie.png\",\"width\":720,\"height\":560},{\"@type\":\"BreadcrumbList\",\"@id\":\"https:\\\/\\\/thiant.fr\\\/wordpress\\\/arrete-groupe-scolaire\\\/#breadcrumb\",\"itemListElement\":[{\"@type\":\"ListItem\",\"position\":1,\"name\":\"Accueil\",\"item\":\"https:\\\/\\\/thiant.fr\\\/wordpress\\\/\"},{\"@type\":\"ListItem\",\"position\":2,\"name\":\"Arr\u00eat\u00e9 Groupe Scolaire\"}]},{\"@type\":\"WebSite\",\"@id\":\"https:\\\/\\\/thiant.fr\\\/wordpress\\\/#website\",\"url\":\"https:\\\/\\\/thiant.fr\\\/wordpress\\\/\",\"name\":\"Ville de Thiant\",\"description\":\"Site officiel de la ville de Thiant\",\"publisher\":{\"@id\":\"https:\\\/\\\/thiant.fr\\\/wordpress\\\/#organization\"},\"potentialAction\":[{\"@type\":\"SearchAction\",\"target\":{\"@type\":\"EntryPoint\",\"urlTemplate\":\"https:\\\/\\\/thiant.fr\\\/wordpress\\\/?s={search_term_string}\"},\"query-input\":{\"@type\":\"PropertyValueSpecification\",\"valueRequired\":true,\"valueName\":\"search_term_string\"}}],\"inLanguage\":\"fr-FR\"},{\"@type\":\"Organization\",\"@id\":\"https:\\\/\\\/thiant.fr\\\/wordpress\\\/#organization\",\"name\":\"Ville de Thiant\",\"url\":\"https:\\\/\\\/thiant.fr\\\/wordpress\\\/\",\"logo\":{\"@type\":\"ImageObject\",\"inLanguage\":\"fr-FR\",\"@id\":\"https:\\\/\\\/thiant.fr\\\/wordpress\\\/#\\\/schema\\\/logo\\\/image\\\/\",\"url\":\"https:\\\/\\\/thiant.fr\\\/wordpress\\\/wp-content\\\/uploads\\\/2019\\\/08\\\/Thiant_Illdy_4.png\",\"contentUrl\":\"https:\\\/\\\/thiant.fr\\\/wordpress\\\/wp-content\\\/uploads\\\/2019\\\/08\\\/Thiant_Illdy_4.png\",\"width\":105,\"height\":75,\"caption\":\"Ville de Thiant\"},\"image\":{\"@id\":\"https:\\\/\\\/thiant.fr\\\/wordpress\\\/#\\\/schema\\\/logo\\\/image\\\/\"}},{\"@type\":\"Person\",\"@id\":\"https:\\\/\\\/thiant.fr\\\/wordpress\\\/#\\\/schema\\\/person\\\/f41122130d18c0720657431d990451c6\",\"name\":\"Service communication\",\"image\":{\"@type\":\"ImageObject\",\"inLanguage\":\"fr-FR\",\"@id\":\"https:\\\/\\\/secure.gravatar.com\\\/avatar\\\/527d4f1f1330a82db5a7ea7738ddeb994fd26c4537512a833d99b387808ee250?s=96&r=g\",\"url\":\"https:\\\/\\\/secure.gravatar.com\\\/avatar\\\/527d4f1f1330a82db5a7ea7738ddeb994fd26c4537512a833d99b387808ee250?s=96&r=g\",\"contentUrl\":\"https:\\\/\\\/secure.gravatar.com\\\/avatar\\\/527d4f1f1330a82db5a7ea7738ddeb994fd26c4537512a833d99b387808ee250?s=96&r=g\",\"caption\":\"Service communication\"},\"url\":\"https:\\\/\\\/thiant.fr\\\/wordpress\\\/author\\\/adminwpress\\\/\"}]}<\/script>\n<!-- \/ Yoast SEO plugin. -->","yoast_head_json":{"title":"Arr\u00eat\u00e9 Groupe Scolaire - Ville de Thiant","robots":{"index":"index","follow":"follow","max-snippet":"max-snippet:-1","max-image-preview":"max-image-preview:large","max-video-preview":"max-video-preview:-1"},"canonical":"https:\/\/thiant.fr\/wordpress\/arrete-groupe-scolaire\/","og_locale":"fr_FR","og_type":"article","og_title":"Arr\u00eat\u00e9 Groupe Scolaire - Ville de Thiant","og_description":"Arr\u00eat\u00e9 Municipal portant sur la r\u00e9glementation des entr\u00e9es et sorties du groupe scolaire Gustave Ansart de Thiant t\u00e9l\u00e9chargeable au format PDF ici. Acte 2020-01092020 annule et remplace l&#8217;acte 2020-26082020. R\u00c9PUBLIQUE FRAN\u00c7AISE D\u00c9PARTEMENT DU NORD &#8211; ARRONDISSEMENT DE VALENCIENNES VILLE DE THIANT ARR\u00caT\u00c9 R\u00c9GLEMENTANT LES ENTR\u00c9ES ET SORTIES DES \u00c9COLES DU GROUPE SCOLAIRE GUSTAVE ANSART Le [&hellip;]","og_url":"https:\/\/thiant.fr\/wordpress\/arrete-groupe-scolaire\/","og_site_name":"Ville de Thiant","article_published_time":"2020-09-04T12:02:15+00:00","article_modified_time":"2020-10-14T14:00:41+00:00","og_image":[{"width":720,"height":560,"url":"https:\/\/thiant.fr\/wordpress\/wp-content\/uploads\/2020\/09\/communique-officiel-Mairie.png","type":"image\/png"}],"author":"Service communication","twitter_card":"summary_large_image","twitter_misc":{"\u00c9crit par":"Service communication","Dur\u00e9e de lecture estim\u00e9e":"4 minutes"},"schema":{"@context":"https:\/\/schema.org","@graph":[{"@type":"Article","@id":"https:\/\/thiant.fr\/wordpress\/arrete-groupe-scolaire\/#article","isPartOf":{"@id":"https:\/\/thiant.fr\/wordpress\/arrete-groupe-scolaire\/"},"author":{"name":"Service communication","@id":"https:\/\/thiant.fr\/wordpress\/#\/schema\/person\/f41122130d18c0720657431d990451c6"},"headline":"Arr\u00eat\u00e9 Groupe Scolaire","datePublished":"2020-09-04T12:02:15+00:00","dateModified":"2020-10-14T14:00:41+00:00","mainEntityOfPage":{"@id":"https:\/\/thiant.fr\/wordpress\/arrete-groupe-scolaire\/"},"wordCount":869,"publisher":{"@id":"https:\/\/thiant.fr\/wordpress\/#organization"},"image":{"@id":"https:\/\/thiant.fr\/wordpress\/arrete-groupe-scolaire\/#primaryimage"},"thumbnailUrl":"https:\/\/thiant.fr\/wordpress\/wp-content\/uploads\/2020\/09\/communique-officiel-Mairie.png","inLanguage":"fr-FR"},{"@type":"WebPage","@id":"https:\/\/thiant.fr\/wordpress\/arrete-groupe-scolaire\/","url":"https:\/\/thiant.fr\/wordpress\/arrete-groupe-scolaire\/","name":"Arr\u00eat\u00e9 Groupe Scolaire - Ville de Thiant","isPartOf":{"@id":"https:\/\/thiant.fr\/wordpress\/#website"},"primaryImageOfPage":{"@id":"https:\/\/thiant.fr\/wordpress\/arrete-groupe-scolaire\/#primaryimage"},"image":{"@id":"https:\/\/thiant.fr\/wordpress\/arrete-groupe-scolaire\/#primaryimage"},"thumbnailUrl":"https:\/\/thiant.fr\/wordpress\/wp-content\/uploads\/2020\/09\/communique-officiel-Mairie.png","datePublished":"2020-09-04T12:02:15+00:00","dateModified":"2020-10-14T14:00:41+00:00","breadcrumb":{"@id":"https:\/\/thiant.fr\/wordpress\/arrete-groupe-scolaire\/#breadcrumb"},"inLanguage":"fr-FR","potentialAction":[{"@type":"ReadAction","target":["https:\/\/thiant.fr\/wordpress\/arrete-groupe-scolaire\/"]}]},{"@type":"ImageObject","inLanguage":"fr-FR","@id":"https:\/\/thiant.fr\/wordpress\/arrete-groupe-scolaire\/#primaryimage","url":"https:\/\/thiant.fr\/wordpress\/wp-content\/uploads\/2020\/09\/communique-officiel-Mairie.png","contentUrl":"https:\/\/thiant.fr\/wordpress\/wp-content\/uploads\/2020\/09\/communique-officiel-Mairie.png","width":720,"height":560},{"@type":"BreadcrumbList","@id":"https:\/\/thiant.fr\/wordpress\/arrete-groupe-scolaire\/#breadcrumb","itemListElement":[{"@type":"ListItem","position":1,"name":"Accueil","item":"https:\/\/thiant.fr\/wordpress\/"},{"@type":"ListItem","position":2,"name":"Arr\u00eat\u00e9 Groupe Scolaire"}]},{"@type":"WebSite","@id":"https:\/\/thiant.fr\/wordpress\/#website","url":"https:\/\/thiant.fr\/wordpress\/","name":"Ville de Thiant","description":"Site officiel de la ville de Thiant","publisher":{"@id":"https:\/\/thiant.fr\/wordpress\/#organization"},"potentialAction":[{"@type":"SearchAction","target":{"@type":"EntryPoint","urlTemplate":"https:\/\/thiant.fr\/wordpress\/?s={search_term_string}"},"query-input":{"@type":"PropertyValueSpecification","valueRequired":true,"valueName":"search_term_string"}}],"inLanguage":"fr-FR"},{"@type":"Organization","@id":"https:\/\/thiant.fr\/wordpress\/#organization","name":"Ville de Thiant","url":"https:\/\/thiant.fr\/wordpress\/","logo":{"@type":"ImageObject","inLanguage":"fr-FR","@id":"https:\/\/thiant.fr\/wordpress\/#\/schema\/logo\/image\/","url":"https:\/\/thiant.fr\/wordpress\/wp-content\/uploads\/2019\/08\/Thiant_Illdy_4.png","contentUrl":"https:\/\/thiant.fr\/wordpress\/wp-content\/uploads\/2019\/08\/Thiant_Illdy_4.png","width":105,"height":75,"caption":"Ville de Thiant"},"image":{"@id":"https:\/\/thiant.fr\/wordpress\/#\/schema\/logo\/image\/"}},{"@type":"Person","@id":"https:\/\/thiant.fr\/wordpress\/#\/schema\/person\/f41122130d18c0720657431d990451c6","name":"Service communication","image":{"@type":"ImageObject","inLanguage":"fr-FR","@id":"https:\/\/secure.gravatar.com\/avatar\/527d4f1f1330a82db5a7ea7738ddeb994fd26c4537512a833d99b387808ee250?s=96&r=g","url":"https:\/\/secure.gravatar.com\/avatar\/527d4f1f1330a82db5a7ea7738ddeb994fd26c4537512a833d99b387808ee250?s=96&r=g","contentUrl":"https:\/\/secure.gravatar.com\/avatar\/527d4f1f1330a82db5a7ea7738ddeb994fd26c4537512a833d99b387808ee250?s=96&r=g","caption":"Service communication"},"url":"https:\/\/thiant.fr\/wordpress\/author\/adminwpress\/"}]}},"_links":{"self":[{"href":"https:\/\/thiant.fr\/wordpress\/wp-json\/wp\/v2\/posts\/1550","targetHints":{"allow":["GET"]}}],"collection":[{"href":"https:\/\/thiant.fr\/wordpress\/wp-json\/wp\/v2\/posts"}],"about":[{"href":"https:\/\/thiant.fr\/wordpress\/wp-json\/wp\/v2\/types\/post"}],"author":[{"embeddable":true,"href":"https:\/\/thiant.fr\/wordpress\/wp-json\/wp\/v2\/users\/1"}],"replies":[{"embeddable":true,"href":"https:\/\/thiant.fr\/wordpress\/wp-json\/wp\/v2\/comments?post=1550"}],"version-history":[{"count":0,"href":"https:\/\/thiant.fr\/wordpress\/wp-json\/wp\/v2\/posts\/1550\/revisions"}],"wp:featuredmedia":[{"embeddable":true,"href":"https:\/\/thiant.fr\/wordpress\/wp-json\/wp\/v2\/media\/1552"}],"wp:attachment":[{"href":"https:\/\/thiant.fr\/wordpress\/wp-json\/wp\/v2\/media?parent=1550"}],"wp:term":[{"taxonomy":"category","embeddable":true,"href":"https:\/\/thiant.fr\/wordpress\/wp-json\/wp\/v2\/categories?post=1550"},{"taxonomy":"post_tag","embeddable":true,"href":"https:\/\/thiant.fr\/wordpress\/wp-json\/wp\/v2\/tags?post=1550"}],"curies":[{"name":"wp","href":"https:\/\/api.w.org\/{rel}","templated":true}]}}