{"id":1696,"date":"2020-10-12T11:13:06","date_gmt":"2020-10-12T09:13:06","guid":{"rendered":"https:\/\/thiant.fr\/wordpress\/?p=1696"},"modified":"2020-10-14T15:51:33","modified_gmt":"2020-10-14T13:51:33","slug":"transvilles-se-mobilise-pour-soutenir-octobre-rose-2020","status":"publish","type":"post","link":"https:\/\/thiant.fr\/wordpress\/transvilles-se-mobilise-pour-soutenir-octobre-rose-2020\/","title":{"rendered":"Transvilles se mobilise pour soutenir octobre rose 2020"},"content":{"rendered":"\t\t<div data-elementor-type=\"wp-post\" data-elementor-id=\"1696\" class=\"elementor elementor-1696\">\n\t\t\t\t\t\t<section class=\"elementor-section elementor-top-section elementor-element elementor-element-8f579ce elementor-section-boxed elementor-section-height-default elementor-section-height-default\" data-id=\"8f579ce\" data-element_type=\"section\" data-e-type=\"section\">\n\t\t\t\t\t\t<div class=\"elementor-container elementor-column-gap-default\">\n\t\t\t\t\t<div class=\"elementor-column elementor-col-100 elementor-top-column elementor-element elementor-element-b243c16\" data-id=\"b243c16\" data-element_type=\"column\" data-e-type=\"column\">\n\t\t\t<div class=\"elementor-widget-wrap elementor-element-populated\">\n\t\t\t\t\t\t<div class=\"elementor-element elementor-element-3badace elementor-position-left elementor-vertical-align-middle elementor-widget elementor-widget-image-box\" data-id=\"3badace\" data-element_type=\"widget\" data-e-type=\"widget\" data-widget_type=\"image-box.default\">\n\t\t\t\t<div class=\"elementor-widget-container\">\n\t\t\t\t\t<div class=\"elementor-image-box-wrapper\"><figure class=\"elementor-image-box-img\"><a href=\"https:\/\/thiant.fr\/wordpress\/documents_ext\/CTVH_Octobre%20rose_Affiche%20A3%20V5.pdf\" tabindex=\"-1\"><img fetchpriority=\"high\" decoding=\"async\" width=\"250\" height=\"357\" src=\"https:\/\/thiant.fr\/wordpress\/wp-content\/uploads\/2020\/10\/CTVH_Octobre-rose_Affiche-A3-V5.png\" class=\"attachment-full size-full wp-image-1699\" alt=\"\" srcset=\"https:\/\/thiant.fr\/wordpress\/wp-content\/uploads\/2020\/10\/CTVH_Octobre-rose_Affiche-A3-V5.png 250w, https:\/\/thiant.fr\/wordpress\/wp-content\/uploads\/2020\/10\/CTVH_Octobre-rose_Affiche-A3-V5-210x300.png 210w\" sizes=\"(max-width: 250px) 100vw, 250px\" \/><\/a><\/figure><div class=\"elementor-image-box-content\"><p class=\"elementor-image-box-description\">Pendant tout le mois d\u2019octobre, Transvilles sensibilise ses clients \u00e0 la lutte contre le cancer du sein, en partenariat avec l\u2019association Emera, les commer\u00e7ants de la rue Famars \u00e0 Valenciennes et le Centre social de Qui\u00e9vrechain. Pour cette 27\u00e8me \u00e9dition, plusieurs actions d\u2019information sont pr\u00e9vues sur le r\u00e9seau et en agence commerciale.<\/p><\/div><\/div>\t\t\t\t<\/div>\n\t\t\t\t<\/div>\n\t\t\t\t\t<\/div>\n\t\t<\/div>\n\t\t\t\t\t<\/div>\n\t\t<\/section>\n\t\t\t\t<section class=\"elementor-section elementor-top-section elementor-element elementor-element-e304328 elementor-section-boxed elementor-section-height-default elementor-section-height-default\" data-id=\"e304328\" data-element_type=\"section\" data-e-type=\"section\">\n\t\t\t\t\t\t<div class=\"elementor-container elementor-column-gap-default\">\n\t\t\t\t\t<div class=\"elementor-column elementor-col-100 elementor-top-column elementor-element elementor-element-96c756f\" data-id=\"96c756f\" data-element_type=\"column\" data-e-type=\"column\">\n\t\t\t<div class=\"elementor-widget-wrap elementor-element-populated\">\n\t\t\t\t\t\t<div class=\"elementor-element elementor-element-f504e10 elementor-widget elementor-widget-text-editor\" data-id=\"f504e10\" data-element_type=\"widget\" data-e-type=\"widget\" data-widget_type=\"text-editor.default\">\n\t\t\t\t<div class=\"elementor-widget-container\">\n\t\t\t\t\t\t\t\t\t<h5><span style=\"color: #333333;\">Tous mobilis\u00e9s pour agir<\/span><\/h5><p><span style=\"color: #333333;\">Cr\u00e9\u00e9e par l\u2019association Ruban Rose, la campagne nationale de sensibilisation Octobre Rose connait sa 27<sup>\u00e8me<\/sup> \u00e9dition. Information, sensibilisation, discussion et mobilisation sont au rendez-vous pendant un mois aux quatre coins de la France.<\/span><\/p><p><span style=\"color: #333333;\">Cette ann\u00e9e, Transvilles, en lien avec plusieurs partenaires, relaie \u00e9galement ce combat sur le valenciennois pour la pr\u00e9vention du cancer gr\u00e2ce au d\u00e9pistage et aux moyens d\u2019accompagnement propos\u00e9s par l\u2019association EMERA.<\/span><\/p><p><span style=\"color: #333333;\">En collaboration historique avec cette association, implant\u00e9e au sein de l\u2019H\u00f4pital (Maternit\u00e9 Monaco), Transvilles ouvre son r\u00e9seau et son agence commerciale de Valenciennes pour aller \u00e0 la rencontre des clients, en profitant de leur temps de voyage pour cr\u00e9er un premier \u00e9change sur le cancer du sein. Pour interpeller encore plus les passants et les clients, Transvilles a d\u00e9cid\u00e9 d\u2019habiller une des navettes le Cordon en rose, pour l\u2019occasion.<\/span><\/p><p><span style=\"color: #333333;\">Ces actions men\u00e9es en partenariat sont le fruit d\u2019une volont\u00e9 d\u2019unir les forces et moyens de plusieurs acteurs locaux engag\u00e9s. Nous partageons tous la volont\u00e9 d\u2019\u00eatre unis pour \u00eatre plus visibles et plus impactants en 2020.<\/span><\/p><h5><span style=\"color: #333333;\">Un programme d\u2019actions riche en rencontres<\/span><\/h5><ul><li><span style=\"color: #333333;\">Transvilles se positionne comme un cr\u00e9ateur de liens pour initier le dialogue sur la pr\u00e9vention et la lutte contre le cancer au travers des actions suivantes :<\/span><br \/><span style=\"color: #333333;\">Une navette Le Cordon en rose fuchsia \u00e0 partir du lundi 5 octobre circulera dans le coeur de ville de Valenciennes,<\/span><\/li><li><span style=\"color: #333333;\">Des ateliers de sensibilisation dans le tram, la navette et la ligne de bus 5\/6, les mercredis 7 et 14 octobre, par le Centre social de Qui\u00e9vrechain,<\/span><\/li><li><span style=\"color: #333333;\">Un stand d\u2019information et vente tenu par l\u2019association EMERA en agence commerciale, Place du Hainaut, les mercredis 7 et 14 octobre, de 10h \u00e0 17h,<\/span><\/li><li><span style=\"color: #333333;\">Un stand de vente tenu par l\u2019Association des quartiers de la rue de Famars et ses commer\u00e7ants adh\u00e9rents, proposant des produits locaux roses \u2013 savons, masques, etc -, au profit de la recherche contre le cancer (association EMERA), se tiendra en agence commerciale, Place du Hainaut, les mercredis 21 et 28 octobre,<\/span><\/li><li><span style=\"color: #333333;\">Une d\u00e9coration ext\u00e9rieure de la rue de Famars avec des parapluies roses viendra rejoindre les autres actions du territoire<\/span><\/li><li><span style=\"color: #333333;\">Transvilles compl\u00e9tera ces diverses op\u00e9rations par des masques en tissu roses et \u00e9tuis distribu\u00e9s aux collaborateurs.<\/span><\/li><\/ul><h6 style=\"text-align: center;\"><span style=\"color: #ff00ff;\">Le cancer du sein : la premi\u00e8re cause de mortalit\u00e9 de cancer chez les femmes<\/span><\/h6><p><span style=\"color: #333333;\">Pour rappel, chaque ann\u00e9e pr\u00e8s de 59 000 cancers du sein sont diagnostiqu\u00e9s en France, et pr\u00e8s de 12 000 personnes d\u00e9c\u00e8dent de cette maladie. Une femme sur huit est touch\u00e9e par ce type de cancer.<\/span><\/p><p><span style=\"color: #333333;\">Le d\u00e9pistage reste le meilleur moyen pour se prot\u00e9ger. Seulement une femme sur deux \u00e2g\u00e9e de 50 \u00e0 74 ans, participe actuellement au d\u00e9pistage organis\u00e9. Un cancer d\u00e9pist\u00e9 t\u00f4t, c\u2019est plus de chances de gu\u00e9rison, avec des traitements souvent \u00ab moins lourds \u00bb.<\/span><\/p><p><span style=\"color: #333333;\">En France, depuis 1994, l&#8217;association \u00ab Le Cancer du Sein, Parlons-en ! \u00bb, devenue Ruban Rose en 2020, informe les femmes du r\u00f4le et de l&#8217;importance du d\u00e9pistage pr\u00e9coce et s&#8217;investit concr\u00e8tement pour soutenir la recherche contre le cancer du sein. Sur Valenciennes, l\u2019association EMERA relaie ce message et sensibilise les hommes et les femmes au d\u00e9pistage de tous cancers. Elle met \u00e0 disposition des moyens (professionnels de sant\u00e9\u2026), d\u00e9veloppe des actions (soins, atelier, activit\u00e9s sportives\u2026) pour accompagner les malades ou l\u2019entourage face \u00e0 la maladie.<\/span><\/p><p><span style=\"color: #333333;\">Pour plus d\u2019informations :<\/span><br \/><span style=\"color: #333333;\"><a href=\"https:\/\/www.transvilles.com\" target=\"_blank\" rel=\"noopener\">www.transvilles.com<\/a><\/span><br \/><span style=\"color: #333333;\"><a href=\"https:\/\/www.twitter.com\/transvillesinfo\" target=\"_blank\" rel=\"noopener\">www.twitter.com\/transvillesinfo<\/a><\/span><br \/><span style=\"color: #333333;\"><a href=\"https:\/\/www.facebook.com\/transvilles\" target=\"_blank\" rel=\"noopener\">www.facebook.com\/transvilles<\/a><\/span><\/p>\t\t\t\t\t\t\t\t<\/div>\n\t\t\t\t<\/div>\n\t\t\t\t\t<\/div>\n\t\t<\/div>\n\t\t\t\t\t<\/div>\n\t\t<\/section>\n\t\t\t\t<section class=\"elementor-section elementor-top-section elementor-element elementor-element-db29e35 elementor-section-content-middle elementor-section-boxed elementor-section-height-default elementor-section-height-default\" data-id=\"db29e35\" data-element_type=\"section\" data-e-type=\"section\">\n\t\t\t\t\t\t<div class=\"elementor-container elementor-column-gap-default\">\n\t\t\t\t\t<div class=\"elementor-column elementor-col-100 elementor-top-column elementor-element elementor-element-5d74687\" data-id=\"5d74687\" data-element_type=\"column\" data-e-type=\"column\">\n\t\t\t<div class=\"elementor-widget-wrap elementor-element-populated\">\n\t\t\t\t\t\t<div class=\"elementor-element elementor-element-8c4e582 elementor-widget elementor-widget-image-gallery\" data-id=\"8c4e582\" data-element_type=\"widget\" data-e-type=\"widget\" data-widget_type=\"image-gallery.default\">\n\t\t\t\t<div class=\"elementor-widget-container\">\n\t\t\t\t\t\t\t<div class=\"elementor-image-gallery\">\n\t\t\t<div id='gallery-1' class='gallery galleryid-1696 gallery-columns-3 gallery-size-thumbnail'><figure class='gallery-item'>\n\t\t\t<div class='gallery-icon landscape'>\n\t\t\t\t<a data-elementor-open-lightbox=\"yes\" data-elementor-lightbox-slideshow=\"8c4e582\" data-elementor-lightbox-title=\"Centre-social-logo\" data-e-action-hash=\"#elementor-action%3Aaction%3Dlightbox%26settings%3DeyJpZCI6MTcwNiwidXJsIjoiaHR0cHM6XC9cL3RoaWFudC5mclwvd29yZHByZXNzXC93cC1jb250ZW50XC91cGxvYWRzXC8yMDIwXC8xMFwvQ2VudHJlLXNvY2lhbC1sb2dvLnBuZyIsInNsaWRlc2hvdyI6IjhjNGU1ODIifQ%3D%3D\" href='https:\/\/thiant.fr\/wordpress\/wp-content\/uploads\/2020\/10\/Centre-social-logo.png'><img decoding=\"async\" width=\"145\" height=\"145\" src=\"https:\/\/thiant.fr\/wordpress\/wp-content\/uploads\/2020\/10\/Centre-social-logo.png\" class=\"attachment-thumbnail size-thumbnail\" alt=\"\" srcset=\"https:\/\/thiant.fr\/wordpress\/wp-content\/uploads\/2020\/10\/Centre-social-logo.png 145w, https:\/\/thiant.fr\/wordpress\/wp-content\/uploads\/2020\/10\/Centre-social-logo-70x70.png 70w, https:\/\/thiant.fr\/wordpress\/wp-content\/uploads\/2020\/10\/Centre-social-logo-127x127.png 127w, https:\/\/thiant.fr\/wordpress\/wp-content\/uploads\/2020\/10\/Centre-social-logo-125x125.png 125w\" sizes=\"(max-width: 145px) 100vw, 145px\" \/><\/a>\n\t\t\t<\/div><\/figure><figure class='gallery-item'>\n\t\t\t<div class='gallery-icon landscape'>\n\t\t\t\t<a data-elementor-open-lightbox=\"yes\" data-elementor-lightbox-slideshow=\"8c4e582\" data-elementor-lightbox-title=\"Logo-EMERA-ht-def\" data-e-action-hash=\"#elementor-action%3Aaction%3Dlightbox%26settings%3DeyJpZCI6MTcwNywidXJsIjoiaHR0cHM6XC9cL3RoaWFudC5mclwvd29yZHByZXNzXC93cC1jb250ZW50XC91cGxvYWRzXC8yMDIwXC8xMFwvTG9nby1FTUVSQS1odC1kZWYucG5nIiwic2xpZGVzaG93IjoiOGM0ZTU4MiJ9\" href='https:\/\/thiant.fr\/wordpress\/wp-content\/uploads\/2020\/10\/Logo-EMERA-ht-def.png'><img decoding=\"async\" width=\"150\" height=\"52\" src=\"https:\/\/thiant.fr\/wordpress\/wp-content\/uploads\/2020\/10\/Logo-EMERA-ht-def-150x52.png\" class=\"attachment-thumbnail size-thumbnail\" alt=\"\" \/><\/a>\n\t\t\t<\/div><\/figure><figure class='gallery-item'>\n\t\t\t<div class='gallery-icon landscape'>\n\t\t\t\t<a data-elementor-open-lightbox=\"yes\" data-elementor-lightbox-slideshow=\"8c4e582\" data-elementor-lightbox-title=\"Transvilles---Logo-taille-150x43\" data-e-action-hash=\"#elementor-action%3Aaction%3Dlightbox%26settings%3DeyJpZCI6MTcwOCwidXJsIjoiaHR0cHM6XC9cL3RoaWFudC5mclwvd29yZHByZXNzXC93cC1jb250ZW50XC91cGxvYWRzXC8yMDIwXC8xMFwvVHJhbnN2aWxsZXMtTG9nby10YWlsbGUtMTUweDQzLTEucG5nIiwic2xpZGVzaG93IjoiOGM0ZTU4MiJ9\" href='https:\/\/thiant.fr\/wordpress\/wp-content\/uploads\/2020\/10\/Transvilles-Logo-taille-150x43-1.png'><img loading=\"lazy\" decoding=\"async\" width=\"150\" height=\"43\" src=\"https:\/\/thiant.fr\/wordpress\/wp-content\/uploads\/2020\/10\/Transvilles-Logo-taille-150x43-1.png\" class=\"attachment-thumbnail size-thumbnail\" alt=\"\" \/><\/a>\n\t\t\t<\/div><\/figure>\n\t\t<\/div>\n\t\t<\/div>\n\t\t\t\t\t\t<\/div>\n\t\t\t\t<\/div>\n\t\t\t\t\t<\/div>\n\t\t<\/div>\n\t\t\t\t\t<\/div>\n\t\t<\/section>\n\t\t\t\t<\/div>\n\t\t","protected":false},"excerpt":{"rendered":"<p>Pendant tout le mois d\u2019octobre, Transvilles sensibilise ses clients \u00e0 la lutte contre le cancer du sein, en partenariat avec l\u2019association Emera, les commer\u00e7ants de la rue Famars \u00e0 Valenciennes et le Centre social de Qui\u00e9vrechain. Pour cette 27\u00e8me \u00e9dition, plusieurs actions d\u2019information sont pr\u00e9vues sur le r\u00e9seau et en agence commerciale. Tous mobilis\u00e9s pour [&hellip;]<\/p>\n","protected":false},"author":1,"featured_media":1698,"comment_status":"closed","ping_status":"closed","sticky":false,"template":"","format":"standard","meta":{"_crdt_document":"","ocean_post_layout":"","ocean_both_sidebars_style":"","ocean_both_sidebars_content_width":0,"ocean_both_sidebars_sidebars_width":0,"ocean_sidebar":"","ocean_second_sidebar":"","ocean_disable_margins":"enable","ocean_add_body_class":"","ocean_shortcode_before_top_bar":"","ocean_shortcode_after_top_bar":"","ocean_shortcode_before_header":"","ocean_shortcode_after_header":"","ocean_has_shortcode":"","ocean_shortcode_after_title":"","ocean_shortcode_before_footer_widgets":"","ocean_shortcode_after_footer_widgets":"","ocean_shortcode_before_footer_bottom":"","ocean_shortcode_after_footer_bottom":"","ocean_display_top_bar":"default","ocean_display_header":"default","ocean_header_style":"","ocean_center_header_left_menu":"","ocean_custom_header_template":"","ocean_custom_logo":0,"ocean_custom_retina_logo":0,"ocean_custom_logo_max_width":0,"ocean_custom_logo_tablet_max_width":0,"ocean_custom_logo_mobile_max_width":0,"ocean_custom_logo_max_height":0,"ocean_custom_logo_tablet_max_height":0,"ocean_custom_logo_mobile_max_height":0,"ocean_header_custom_menu":"","ocean_menu_typo_font_family":"","ocean_menu_typo_font_subset":"","ocean_menu_typo_font_size":0,"ocean_menu_typo_font_size_tablet":0,"ocean_menu_typo_font_size_mobile":0,"ocean_menu_typo_font_size_unit":"px","ocean_menu_typo_font_weight":"","ocean_menu_typo_font_weight_tablet":"","ocean_menu_typo_font_weight_mobile":"","ocean_menu_typo_transform":"","ocean_menu_typo_transform_tablet":"","ocean_menu_typo_transform_mobile":"","ocean_menu_typo_line_height":0,"ocean_menu_typo_line_height_tablet":0,"ocean_menu_typo_line_height_mobile":0,"ocean_menu_typo_line_height_unit":"","ocean_menu_typo_spacing":0,"ocean_menu_typo_spacing_tablet":0,"ocean_menu_typo_spacing_mobile":0,"ocean_menu_typo_spacing_unit":"","ocean_menu_link_color":"","ocean_menu_link_color_hover":"","ocean_menu_link_color_active":"","ocean_menu_link_background":"","ocean_menu_link_hover_background":"","ocean_menu_link_active_background":"","ocean_menu_social_links_bg":"","ocean_menu_social_hover_links_bg":"","ocean_menu_social_links_color":"","ocean_menu_social_hover_links_color":"","ocean_disable_title":"default","ocean_disable_heading":"default","ocean_post_title":"","ocean_post_subheading":"","ocean_post_title_style":"","ocean_post_title_background_color":"","ocean_post_title_background":0,"ocean_post_title_bg_image_position":"","ocean_post_title_bg_image_attachment":"","ocean_post_title_bg_image_repeat":"","ocean_post_title_bg_image_size":"","ocean_post_title_height":0,"ocean_post_title_bg_overlay":0.5,"ocean_post_title_bg_overlay_color":"","ocean_disable_breadcrumbs":"default","ocean_breadcrumbs_color":"","ocean_breadcrumbs_separator_color":"","ocean_breadcrumbs_links_color":"","ocean_breadcrumbs_links_hover_color":"","ocean_display_footer_widgets":"default","ocean_display_footer_bottom":"default","ocean_custom_footer_template":"","ocean_post_oembed":"","ocean_post_self_hosted_media":"","ocean_post_video_embed":"","ocean_link_format":"","ocean_link_format_target":"self","ocean_quote_format":"","ocean_quote_format_link":"post","ocean_gallery_link_images":"on","ocean_gallery_id":[],"footnotes":""},"categories":[139,282],"tags":[391,392,397,389,396,395,394,385,388,393,387,390],"class_list":["post-1696","post","type-post","status-publish","format-standard","has-post-thumbnail","hentry","category-bonne-cause","category-transvilles","tag-cancer","tag-cancer-du-sein","tag-depistage","tag-emera","tag-entourage","tag-malade","tag-maladie","tag-octobre","tag-octobre-rose","tag-parlons-en","tag-rose","tag-ruban-rose","entry","has-media"],"yoast_head":"<!-- This site is optimized with the Yoast SEO plugin v27.3 - https:\/\/yoast.com\/product\/yoast-seo-wordpress\/ -->\n<title>Transvilles se mobilise pour soutenir octobre rose 2020 - Ville de Thiant<\/title>\n<meta name=\"robots\" content=\"index, follow, max-snippet:-1, max-image-preview:large, max-video-preview:-1\" \/>\n<link rel=\"canonical\" href=\"https:\/\/thiant.fr\/wordpress\/transvilles-se-mobilise-pour-soutenir-octobre-rose-2020\/\" \/>\n<meta property=\"og:locale\" content=\"fr_FR\" \/>\n<meta property=\"og:type\" content=\"article\" \/>\n<meta property=\"og:title\" content=\"Transvilles se mobilise pour soutenir octobre rose 2020 - Ville de Thiant\" \/>\n<meta property=\"og:description\" content=\"Pendant tout le mois d\u2019octobre, Transvilles sensibilise ses clients \u00e0 la lutte contre le cancer du sein, en partenariat avec l\u2019association Emera, les commer\u00e7ants de la rue Famars \u00e0 Valenciennes et le Centre social de Qui\u00e9vrechain. Pour cette 27\u00e8me \u00e9dition, plusieurs actions d\u2019information sont pr\u00e9vues sur le r\u00e9seau et en agence commerciale. Tous mobilis\u00e9s pour [&hellip;]\" \/>\n<meta property=\"og:url\" content=\"https:\/\/thiant.fr\/wordpress\/transvilles-se-mobilise-pour-soutenir-octobre-rose-2020\/\" \/>\n<meta property=\"og:site_name\" content=\"Ville de Thiant\" \/>\n<meta property=\"article:published_time\" content=\"2020-10-12T09:13:06+00:00\" \/>\n<meta property=\"article:modified_time\" content=\"2020-10-14T13:51:33+00:00\" \/>\n<meta property=\"og:image\" content=\"https:\/\/thiant.fr\/wordpress\/wp-content\/uploads\/2020\/10\/CTVH_Octobre-rose_Banniere-twitter-1024x512-1.png\" \/>\n\t<meta property=\"og:image:width\" content=\"650\" \/>\n\t<meta property=\"og:image:height\" content=\"325\" \/>\n\t<meta property=\"og:image:type\" content=\"image\/png\" \/>\n<meta name=\"author\" content=\"Service communication\" \/>\n<meta name=\"twitter:card\" content=\"summary_large_image\" \/>\n<meta name=\"twitter:label1\" content=\"\u00c9crit par\" \/>\n\t<meta name=\"twitter:data1\" content=\"Service communication\" \/>\n\t<meta name=\"twitter:label2\" content=\"Dur\u00e9e de lecture estim\u00e9e\" \/>\n\t<meta name=\"twitter:data2\" content=\"3 minutes\" \/>\n<script type=\"application\/ld+json\" class=\"yoast-schema-graph\">{\"@context\":\"https:\\\/\\\/schema.org\",\"@graph\":[{\"@type\":\"Article\",\"@id\":\"https:\\\/\\\/thiant.fr\\\/wordpress\\\/transvilles-se-mobilise-pour-soutenir-octobre-rose-2020\\\/#article\",\"isPartOf\":{\"@id\":\"https:\\\/\\\/thiant.fr\\\/wordpress\\\/transvilles-se-mobilise-pour-soutenir-octobre-rose-2020\\\/\"},\"author\":{\"name\":\"Service communication\",\"@id\":\"https:\\\/\\\/thiant.fr\\\/wordpress\\\/#\\\/schema\\\/person\\\/f41122130d18c0720657431d990451c6\"},\"headline\":\"Transvilles se mobilise pour soutenir octobre rose 2020\",\"datePublished\":\"2020-10-12T09:13:06+00:00\",\"dateModified\":\"2020-10-14T13:51:33+00:00\",\"mainEntityOfPage\":{\"@id\":\"https:\\\/\\\/thiant.fr\\\/wordpress\\\/transvilles-se-mobilise-pour-soutenir-octobre-rose-2020\\\/\"},\"wordCount\":659,\"publisher\":{\"@id\":\"https:\\\/\\\/thiant.fr\\\/wordpress\\\/#organization\"},\"image\":{\"@id\":\"https:\\\/\\\/thiant.fr\\\/wordpress\\\/transvilles-se-mobilise-pour-soutenir-octobre-rose-2020\\\/#primaryimage\"},\"thumbnailUrl\":\"https:\\\/\\\/thiant.fr\\\/wordpress\\\/wp-content\\\/uploads\\\/2020\\\/10\\\/CTVH_Octobre-rose_Banniere-twitter-1024x512-1.png\",\"keywords\":[\"cancer\",\"cancer du sein\",\"d\u00e9pistage\",\"emera\",\"entourage\",\"malade\",\"maladie\",\"octobre\",\"octobre rose\",\"parlons-en\",\"rose\",\"ruban rose\"],\"articleSection\":[\"Bonne cause\",\"TRANSVILLES\"],\"inLanguage\":\"fr-FR\"},{\"@type\":\"WebPage\",\"@id\":\"https:\\\/\\\/thiant.fr\\\/wordpress\\\/transvilles-se-mobilise-pour-soutenir-octobre-rose-2020\\\/\",\"url\":\"https:\\\/\\\/thiant.fr\\\/wordpress\\\/transvilles-se-mobilise-pour-soutenir-octobre-rose-2020\\\/\",\"name\":\"Transvilles se mobilise pour soutenir octobre rose 2020 - Ville de Thiant\",\"isPartOf\":{\"@id\":\"https:\\\/\\\/thiant.fr\\\/wordpress\\\/#website\"},\"primaryImageOfPage\":{\"@id\":\"https:\\\/\\\/thiant.fr\\\/wordpress\\\/transvilles-se-mobilise-pour-soutenir-octobre-rose-2020\\\/#primaryimage\"},\"image\":{\"@id\":\"https:\\\/\\\/thiant.fr\\\/wordpress\\\/transvilles-se-mobilise-pour-soutenir-octobre-rose-2020\\\/#primaryimage\"},\"thumbnailUrl\":\"https:\\\/\\\/thiant.fr\\\/wordpress\\\/wp-content\\\/uploads\\\/2020\\\/10\\\/CTVH_Octobre-rose_Banniere-twitter-1024x512-1.png\",\"datePublished\":\"2020-10-12T09:13:06+00:00\",\"dateModified\":\"2020-10-14T13:51:33+00:00\",\"breadcrumb\":{\"@id\":\"https:\\\/\\\/thiant.fr\\\/wordpress\\\/transvilles-se-mobilise-pour-soutenir-octobre-rose-2020\\\/#breadcrumb\"},\"inLanguage\":\"fr-FR\",\"potentialAction\":[{\"@type\":\"ReadAction\",\"target\":[\"https:\\\/\\\/thiant.fr\\\/wordpress\\\/transvilles-se-mobilise-pour-soutenir-octobre-rose-2020\\\/\"]}]},{\"@type\":\"ImageObject\",\"inLanguage\":\"fr-FR\",\"@id\":\"https:\\\/\\\/thiant.fr\\\/wordpress\\\/transvilles-se-mobilise-pour-soutenir-octobre-rose-2020\\\/#primaryimage\",\"url\":\"https:\\\/\\\/thiant.fr\\\/wordpress\\\/wp-content\\\/uploads\\\/2020\\\/10\\\/CTVH_Octobre-rose_Banniere-twitter-1024x512-1.png\",\"contentUrl\":\"https:\\\/\\\/thiant.fr\\\/wordpress\\\/wp-content\\\/uploads\\\/2020\\\/10\\\/CTVH_Octobre-rose_Banniere-twitter-1024x512-1.png\",\"width\":650,\"height\":325},{\"@type\":\"BreadcrumbList\",\"@id\":\"https:\\\/\\\/thiant.fr\\\/wordpress\\\/transvilles-se-mobilise-pour-soutenir-octobre-rose-2020\\\/#breadcrumb\",\"itemListElement\":[{\"@type\":\"ListItem\",\"position\":1,\"name\":\"Accueil\",\"item\":\"https:\\\/\\\/thiant.fr\\\/wordpress\\\/\"},{\"@type\":\"ListItem\",\"position\":2,\"name\":\"Transvilles se mobilise pour soutenir octobre rose 2020\"}]},{\"@type\":\"WebSite\",\"@id\":\"https:\\\/\\\/thiant.fr\\\/wordpress\\\/#website\",\"url\":\"https:\\\/\\\/thiant.fr\\\/wordpress\\\/\",\"name\":\"Ville de Thiant\",\"description\":\"Site officiel de la ville de Thiant\",\"publisher\":{\"@id\":\"https:\\\/\\\/thiant.fr\\\/wordpress\\\/#organization\"},\"potentialAction\":[{\"@type\":\"SearchAction\",\"target\":{\"@type\":\"EntryPoint\",\"urlTemplate\":\"https:\\\/\\\/thiant.fr\\\/wordpress\\\/?s={search_term_string}\"},\"query-input\":{\"@type\":\"PropertyValueSpecification\",\"valueRequired\":true,\"valueName\":\"search_term_string\"}}],\"inLanguage\":\"fr-FR\"},{\"@type\":\"Organization\",\"@id\":\"https:\\\/\\\/thiant.fr\\\/wordpress\\\/#organization\",\"name\":\"Ville de Thiant\",\"url\":\"https:\\\/\\\/thiant.fr\\\/wordpress\\\/\",\"logo\":{\"@type\":\"ImageObject\",\"inLanguage\":\"fr-FR\",\"@id\":\"https:\\\/\\\/thiant.fr\\\/wordpress\\\/#\\\/schema\\\/logo\\\/image\\\/\",\"url\":\"https:\\\/\\\/thiant.fr\\\/wordpress\\\/wp-content\\\/uploads\\\/2019\\\/08\\\/Thiant_Illdy_4.png\",\"contentUrl\":\"https:\\\/\\\/thiant.fr\\\/wordpress\\\/wp-content\\\/uploads\\\/2019\\\/08\\\/Thiant_Illdy_4.png\",\"width\":105,\"height\":75,\"caption\":\"Ville de Thiant\"},\"image\":{\"@id\":\"https:\\\/\\\/thiant.fr\\\/wordpress\\\/#\\\/schema\\\/logo\\\/image\\\/\"}},{\"@type\":\"Person\",\"@id\":\"https:\\\/\\\/thiant.fr\\\/wordpress\\\/#\\\/schema\\\/person\\\/f41122130d18c0720657431d990451c6\",\"name\":\"Service communication\",\"image\":{\"@type\":\"ImageObject\",\"inLanguage\":\"fr-FR\",\"@id\":\"https:\\\/\\\/secure.gravatar.com\\\/avatar\\\/527d4f1f1330a82db5a7ea7738ddeb994fd26c4537512a833d99b387808ee250?s=96&r=g\",\"url\":\"https:\\\/\\\/secure.gravatar.com\\\/avatar\\\/527d4f1f1330a82db5a7ea7738ddeb994fd26c4537512a833d99b387808ee250?s=96&r=g\",\"contentUrl\":\"https:\\\/\\\/secure.gravatar.com\\\/avatar\\\/527d4f1f1330a82db5a7ea7738ddeb994fd26c4537512a833d99b387808ee250?s=96&r=g\",\"caption\":\"Service communication\"},\"url\":\"https:\\\/\\\/thiant.fr\\\/wordpress\\\/author\\\/adminwpress\\\/\"}]}<\/script>\n<!-- \/ Yoast SEO plugin. -->","yoast_head_json":{"title":"Transvilles se mobilise pour soutenir octobre rose 2020 - Ville de Thiant","robots":{"index":"index","follow":"follow","max-snippet":"max-snippet:-1","max-image-preview":"max-image-preview:large","max-video-preview":"max-video-preview:-1"},"canonical":"https:\/\/thiant.fr\/wordpress\/transvilles-se-mobilise-pour-soutenir-octobre-rose-2020\/","og_locale":"fr_FR","og_type":"article","og_title":"Transvilles se mobilise pour soutenir octobre rose 2020 - Ville de Thiant","og_description":"Pendant tout le mois d\u2019octobre, Transvilles sensibilise ses clients \u00e0 la lutte contre le cancer du sein, en partenariat avec l\u2019association Emera, les commer\u00e7ants de la rue Famars \u00e0 Valenciennes et le Centre social de Qui\u00e9vrechain. Pour cette 27\u00e8me \u00e9dition, plusieurs actions d\u2019information sont pr\u00e9vues sur le r\u00e9seau et en agence commerciale. Tous mobilis\u00e9s pour [&hellip;]","og_url":"https:\/\/thiant.fr\/wordpress\/transvilles-se-mobilise-pour-soutenir-octobre-rose-2020\/","og_site_name":"Ville de Thiant","article_published_time":"2020-10-12T09:13:06+00:00","article_modified_time":"2020-10-14T13:51:33+00:00","og_image":[{"width":650,"height":325,"url":"https:\/\/thiant.fr\/wordpress\/wp-content\/uploads\/2020\/10\/CTVH_Octobre-rose_Banniere-twitter-1024x512-1.png","type":"image\/png"}],"author":"Service communication","twitter_card":"summary_large_image","twitter_misc":{"\u00c9crit par":"Service communication","Dur\u00e9e de lecture estim\u00e9e":"3 minutes"},"schema":{"@context":"https:\/\/schema.org","@graph":[{"@type":"Article","@id":"https:\/\/thiant.fr\/wordpress\/transvilles-se-mobilise-pour-soutenir-octobre-rose-2020\/#article","isPartOf":{"@id":"https:\/\/thiant.fr\/wordpress\/transvilles-se-mobilise-pour-soutenir-octobre-rose-2020\/"},"author":{"name":"Service communication","@id":"https:\/\/thiant.fr\/wordpress\/#\/schema\/person\/f41122130d18c0720657431d990451c6"},"headline":"Transvilles se mobilise pour soutenir octobre rose 2020","datePublished":"2020-10-12T09:13:06+00:00","dateModified":"2020-10-14T13:51:33+00:00","mainEntityOfPage":{"@id":"https:\/\/thiant.fr\/wordpress\/transvilles-se-mobilise-pour-soutenir-octobre-rose-2020\/"},"wordCount":659,"publisher":{"@id":"https:\/\/thiant.fr\/wordpress\/#organization"},"image":{"@id":"https:\/\/thiant.fr\/wordpress\/transvilles-se-mobilise-pour-soutenir-octobre-rose-2020\/#primaryimage"},"thumbnailUrl":"https:\/\/thiant.fr\/wordpress\/wp-content\/uploads\/2020\/10\/CTVH_Octobre-rose_Banniere-twitter-1024x512-1.png","keywords":["cancer","cancer du sein","d\u00e9pistage","emera","entourage","malade","maladie","octobre","octobre rose","parlons-en","rose","ruban rose"],"articleSection":["Bonne cause","TRANSVILLES"],"inLanguage":"fr-FR"},{"@type":"WebPage","@id":"https:\/\/thiant.fr\/wordpress\/transvilles-se-mobilise-pour-soutenir-octobre-rose-2020\/","url":"https:\/\/thiant.fr\/wordpress\/transvilles-se-mobilise-pour-soutenir-octobre-rose-2020\/","name":"Transvilles se mobilise pour soutenir octobre rose 2020 - Ville de Thiant","isPartOf":{"@id":"https:\/\/thiant.fr\/wordpress\/#website"},"primaryImageOfPage":{"@id":"https:\/\/thiant.fr\/wordpress\/transvilles-se-mobilise-pour-soutenir-octobre-rose-2020\/#primaryimage"},"image":{"@id":"https:\/\/thiant.fr\/wordpress\/transvilles-se-mobilise-pour-soutenir-octobre-rose-2020\/#primaryimage"},"thumbnailUrl":"https:\/\/thiant.fr\/wordpress\/wp-content\/uploads\/2020\/10\/CTVH_Octobre-rose_Banniere-twitter-1024x512-1.png","datePublished":"2020-10-12T09:13:06+00:00","dateModified":"2020-10-14T13:51:33+00:00","breadcrumb":{"@id":"https:\/\/thiant.fr\/wordpress\/transvilles-se-mobilise-pour-soutenir-octobre-rose-2020\/#breadcrumb"},"inLanguage":"fr-FR","potentialAction":[{"@type":"ReadAction","target":["https:\/\/thiant.fr\/wordpress\/transvilles-se-mobilise-pour-soutenir-octobre-rose-2020\/"]}]},{"@type":"ImageObject","inLanguage":"fr-FR","@id":"https:\/\/thiant.fr\/wordpress\/transvilles-se-mobilise-pour-soutenir-octobre-rose-2020\/#primaryimage","url":"https:\/\/thiant.fr\/wordpress\/wp-content\/uploads\/2020\/10\/CTVH_Octobre-rose_Banniere-twitter-1024x512-1.png","contentUrl":"https:\/\/thiant.fr\/wordpress\/wp-content\/uploads\/2020\/10\/CTVH_Octobre-rose_Banniere-twitter-1024x512-1.png","width":650,"height":325},{"@type":"BreadcrumbList","@id":"https:\/\/thiant.fr\/wordpress\/transvilles-se-mobilise-pour-soutenir-octobre-rose-2020\/#breadcrumb","itemListElement":[{"@type":"ListItem","position":1,"name":"Accueil","item":"https:\/\/thiant.fr\/wordpress\/"},{"@type":"ListItem","position":2,"name":"Transvilles se mobilise pour soutenir octobre rose 2020"}]},{"@type":"WebSite","@id":"https:\/\/thiant.fr\/wordpress\/#website","url":"https:\/\/thiant.fr\/wordpress\/","name":"Ville de Thiant","description":"Site officiel de la ville de Thiant","publisher":{"@id":"https:\/\/thiant.fr\/wordpress\/#organization"},"potentialAction":[{"@type":"SearchAction","target":{"@type":"EntryPoint","urlTemplate":"https:\/\/thiant.fr\/wordpress\/?s={search_term_string}"},"query-input":{"@type":"PropertyValueSpecification","valueRequired":true,"valueName":"search_term_string"}}],"inLanguage":"fr-FR"},{"@type":"Organization","@id":"https:\/\/thiant.fr\/wordpress\/#organization","name":"Ville de Thiant","url":"https:\/\/thiant.fr\/wordpress\/","logo":{"@type":"ImageObject","inLanguage":"fr-FR","@id":"https:\/\/thiant.fr\/wordpress\/#\/schema\/logo\/image\/","url":"https:\/\/thiant.fr\/wordpress\/wp-content\/uploads\/2019\/08\/Thiant_Illdy_4.png","contentUrl":"https:\/\/thiant.fr\/wordpress\/wp-content\/uploads\/2019\/08\/Thiant_Illdy_4.png","width":105,"height":75,"caption":"Ville de Thiant"},"image":{"@id":"https:\/\/thiant.fr\/wordpress\/#\/schema\/logo\/image\/"}},{"@type":"Person","@id":"https:\/\/thiant.fr\/wordpress\/#\/schema\/person\/f41122130d18c0720657431d990451c6","name":"Service communication","image":{"@type":"ImageObject","inLanguage":"fr-FR","@id":"https:\/\/secure.gravatar.com\/avatar\/527d4f1f1330a82db5a7ea7738ddeb994fd26c4537512a833d99b387808ee250?s=96&r=g","url":"https:\/\/secure.gravatar.com\/avatar\/527d4f1f1330a82db5a7ea7738ddeb994fd26c4537512a833d99b387808ee250?s=96&r=g","contentUrl":"https:\/\/secure.gravatar.com\/avatar\/527d4f1f1330a82db5a7ea7738ddeb994fd26c4537512a833d99b387808ee250?s=96&r=g","caption":"Service communication"},"url":"https:\/\/thiant.fr\/wordpress\/author\/adminwpress\/"}]}},"_links":{"self":[{"href":"https:\/\/thiant.fr\/wordpress\/wp-json\/wp\/v2\/posts\/1696","targetHints":{"allow":["GET"]}}],"collection":[{"href":"https:\/\/thiant.fr\/wordpress\/wp-json\/wp\/v2\/posts"}],"about":[{"href":"https:\/\/thiant.fr\/wordpress\/wp-json\/wp\/v2\/types\/post"}],"author":[{"embeddable":true,"href":"https:\/\/thiant.fr\/wordpress\/wp-json\/wp\/v2\/users\/1"}],"replies":[{"embeddable":true,"href":"https:\/\/thiant.fr\/wordpress\/wp-json\/wp\/v2\/comments?post=1696"}],"version-history":[{"count":0,"href":"https:\/\/thiant.fr\/wordpress\/wp-json\/wp\/v2\/posts\/1696\/revisions"}],"wp:featuredmedia":[{"embeddable":true,"href":"https:\/\/thiant.fr\/wordpress\/wp-json\/wp\/v2\/media\/1698"}],"wp:attachment":[{"href":"https:\/\/thiant.fr\/wordpress\/wp-json\/wp\/v2\/media?parent=1696"}],"wp:term":[{"taxonomy":"category","embeddable":true,"href":"https:\/\/thiant.fr\/wordpress\/wp-json\/wp\/v2\/categories?post=1696"},{"taxonomy":"post_tag","embeddable":true,"href":"https:\/\/thiant.fr\/wordpress\/wp-json\/wp\/v2\/tags?post=1696"}],"curies":[{"name":"wp","href":"https:\/\/api.w.org\/{rel}","templated":true}]}}