{"id":1739,"date":"2020-10-15T14:15:52","date_gmt":"2020-10-15T12:15:52","guid":{"rendered":"https:\/\/thiant.fr\/wordpress\/?p=1739"},"modified":"2020-10-15T14:52:21","modified_gmt":"2020-10-15T12:52:21","slug":"vaccination-contre-la-grippe","status":"publish","type":"post","link":"https:\/\/thiant.fr\/wordpress\/vaccination-contre-la-grippe\/","title":{"rendered":"Vaccination contre la grippe"},"content":{"rendered":"\t\t<div data-elementor-type=\"wp-post\" data-elementor-id=\"1739\" class=\"elementor elementor-1739\">\n\t\t\t\t\t\t<section class=\"elementor-section elementor-top-section elementor-element elementor-element-3148ca5 elementor-section-boxed elementor-section-height-default elementor-section-height-default\" data-id=\"3148ca5\" data-element_type=\"section\" data-e-type=\"section\">\n\t\t\t\t\t\t<div class=\"elementor-container elementor-column-gap-default\">\n\t\t\t\t\t<div class=\"elementor-column elementor-col-100 elementor-top-column elementor-element elementor-element-5c57a64\" data-id=\"5c57a64\" data-element_type=\"column\" data-e-type=\"column\">\n\t\t\t<div class=\"elementor-widget-wrap elementor-element-populated\">\n\t\t\t\t\t\t<div class=\"elementor-element elementor-element-9bbe45a elementor-widget elementor-widget-text-editor\" data-id=\"9bbe45a\" data-element_type=\"widget\" data-e-type=\"widget\" data-widget_type=\"text-editor.default\">\n\t\t\t\t<div class=\"elementor-widget-container\">\n\t\t\t\t\t\t\t\t\t<p>La campagne de vaccination contre la grippe saisonni\u00e8re d\u00e9butera le 13 octobre. Elle commencera alors que s\u00e9vit l\u2019\u00e9pid\u00e9mie de la COVID-19. Il est possible que nous observions pendant l\u2019automne et l\u2019hiver, une co-circulation des virus grippaux et du SARS COV 2.<\/p><p>L\u2019\u00e9pid\u00e9mie de coronavirus nous montre chaque jour combien les complications d\u2019une maladie infectieuse sont graves chez les personnes \u00e2g\u00e9es ou fragiles. Il faut \u00e0 tout prix les pr\u00e9venir. Dans le cas de la grippe, c\u2019est possible car un vaccin est disponible. La vaccination r\u00e9duit le risque de complications graves. Elle r\u00e9duit aussi le risque de transmission du virus.<\/p><p>C\u2019est la raison pour laquelle, la Haute Autorit\u00e9 de Sant\u00e9, dans un avis du 20 mai 2020*, rappelle l\u2019importance particuli\u00e8re de la vaccination pour la protection des personnes \u00e0 risque de d\u00e9velopper des formes graves de la grippe** et insiste sur la n\u00e9cessit\u00e9 de les vacciner en priorit\u00e9.<\/p><p>Le CCAS, de par sa proximit\u00e9 avec la population est en premi\u00e8re ligne pour soutenir cette recommandation vaccinale aupr\u00e8s des personnes \u00e0 risque, notamment les personnes \u00e2g\u00e9es de plus de 65 ans, et les encourager \u00e0 se faire vacciner d\u00e8s le d\u00e9but de la campagne de vaccination.<\/p><p><strong><span style=\"text-decoration: underline;\"><span style=\"color: #0000ff; text-decoration: underline;\">L\u2019Assurance Maladie prend en charge \u00e0 100% le vaccin pour les personnes assur\u00e9es sociales et ayant-droits \u00e9ligibles \u00e0 la vaccination.<\/span><\/span><\/strong><\/p><p>Les personnes \u00e0 risque pour lesquelles la vaccination est recommand\u00e9e ont re\u00e7u un bon de prise en charge de l\u2019Assurance maladie.<\/p><p>Pour les personnes qui n\u2019auraient pas re\u00e7u leur bon de prise en charge, femmes enceintes notamment, ou l\u2019auraient \u00e9gar\u00e9, les m\u00e9decins, sages-femmes, infirmiers et pharmaciens disposent sur leur espace professionnel ameliPro d\u2019un bon de prise en charge vierge qu\u2019ils peuvent remettre \u00e0 leurs patients \u00e9ligibles \u00e0 la vaccination.<\/p><p><small>* Avis n\u00b02020.0034\/AC\/SEESP du 20 mai 2020 du coll\u00e8ge de la Haute Autorit\u00e9 de sant\u00e9 relatif au maintien de la campagne de vaccination contre la grippe saisonni\u00e8re 2020\/2021 dans le contexte de l\u2019\u00e9pid\u00e9mie de COVID-19 en France <a href=\"https:\/\/www.has-sante.fr\/jcms\/p_3186689\/en\/avis-n2020-0034\/ac\/seesp-du-20-mai-2020-du-college-de-la-haute-autorite-de-sante-relatif-au-maintien-de-la-campagne-de-vaccination-contre-la-grippe-saisonniere-2020\/2021-dans-le-contexte-de-l-epidemie-de-covid-19-en-france\" target=\"_blank\" rel=\"noopener\">https:\/\/www.has-sante.fr\/jcms\/p_3186689\/en\/avis-n2020-0034\/ac\/seesp-du-20-mai-2020-du-college-de-la-haute-autorite-de-sante-relatif-au-maintien-de-la-campagne-de-vaccination-contre-la-grippe-saisonniere-2020\/2021-dans-le-contexte-de-l-epidemie-de-covid-19-en-france<\/a><br \/>** Calendrier des vaccinations et recommandations vaccinales 2020- minist\u00e8re des solidarit\u00e9s et de la sant\u00e9<br \/><a href=\"https:\/\/solidarites-sante.gouv.fr\/IMG\/pdf\/calendrier_vaccinal_29juin20.pdf\" target=\"_blank\" rel=\"noopener\">https:\/\/solidarites-sante.gouv.fr\/IMG\/pdf\/calendrier_vaccinal_29juin20.pdf<\/a><\/small><\/p>\t\t\t\t\t\t\t\t<\/div>\n\t\t\t\t<\/div>\n\t\t\t\t\t<\/div>\n\t\t<\/div>\n\t\t\t\t\t<\/div>\n\t\t<\/section>\n\t\t\t\t<\/div>\n\t\t","protected":false},"excerpt":{"rendered":"<p>La campagne de vaccination contre la grippe saisonni\u00e8re d\u00e9butera le 13 octobre. Elle commencera alors que s\u00e9vit l\u2019\u00e9pid\u00e9mie de la COVID-19. Il est possible que nous observions pendant l\u2019automne et l\u2019hiver, une co-circulation des virus grippaux et du SARS COV 2. L\u2019\u00e9pid\u00e9mie de coronavirus nous montre chaque jour combien les complications d\u2019une maladie infectieuse sont [&hellip;]<\/p>\n","protected":false},"author":1,"featured_media":1740,"comment_status":"closed","ping_status":"closed","sticky":false,"template":"","format":"standard","meta":{"_crdt_document":"","ocean_post_layout":"","ocean_both_sidebars_style":"","ocean_both_sidebars_content_width":0,"ocean_both_sidebars_sidebars_width":0,"ocean_sidebar":"","ocean_second_sidebar":"","ocean_disable_margins":"enable","ocean_add_body_class":"","ocean_shortcode_before_top_bar":"","ocean_shortcode_after_top_bar":"","ocean_shortcode_before_header":"","ocean_shortcode_after_header":"","ocean_has_shortcode":"","ocean_shortcode_after_title":"","ocean_shortcode_before_footer_widgets":"","ocean_shortcode_after_footer_widgets":"","ocean_shortcode_before_footer_bottom":"","ocean_shortcode_after_footer_bottom":"","ocean_display_top_bar":"default","ocean_display_header":"default","ocean_header_style":"","ocean_center_header_left_menu":"","ocean_custom_header_template":"","ocean_custom_logo":0,"ocean_custom_retina_logo":0,"ocean_custom_logo_max_width":0,"ocean_custom_logo_tablet_max_width":0,"ocean_custom_logo_mobile_max_width":0,"ocean_custom_logo_max_height":0,"ocean_custom_logo_tablet_max_height":0,"ocean_custom_logo_mobile_max_height":0,"ocean_header_custom_menu":"","ocean_menu_typo_font_family":"","ocean_menu_typo_font_subset":"","ocean_menu_typo_font_size":0,"ocean_menu_typo_font_size_tablet":0,"ocean_menu_typo_font_size_mobile":0,"ocean_menu_typo_font_size_unit":"px","ocean_menu_typo_font_weight":"","ocean_menu_typo_font_weight_tablet":"","ocean_menu_typo_font_weight_mobile":"","ocean_menu_typo_transform":"","ocean_menu_typo_transform_tablet":"","ocean_menu_typo_transform_mobile":"","ocean_menu_typo_line_height":0,"ocean_menu_typo_line_height_tablet":0,"ocean_menu_typo_line_height_mobile":0,"ocean_menu_typo_line_height_unit":"","ocean_menu_typo_spacing":0,"ocean_menu_typo_spacing_tablet":0,"ocean_menu_typo_spacing_mobile":0,"ocean_menu_typo_spacing_unit":"","ocean_menu_link_color":"","ocean_menu_link_color_hover":"","ocean_menu_link_color_active":"","ocean_menu_link_background":"","ocean_menu_link_hover_background":"","ocean_menu_link_active_background":"","ocean_menu_social_links_bg":"","ocean_menu_social_hover_links_bg":"","ocean_menu_social_links_color":"","ocean_menu_social_hover_links_color":"","ocean_disable_title":"default","ocean_disable_heading":"default","ocean_post_title":"","ocean_post_subheading":"","ocean_post_title_style":"","ocean_post_title_background_color":"","ocean_post_title_background":0,"ocean_post_title_bg_image_position":"","ocean_post_title_bg_image_attachment":"","ocean_post_title_bg_image_repeat":"","ocean_post_title_bg_image_size":"","ocean_post_title_height":0,"ocean_post_title_bg_overlay":0.5,"ocean_post_title_bg_overlay_color":"","ocean_disable_breadcrumbs":"default","ocean_breadcrumbs_color":"","ocean_breadcrumbs_separator_color":"","ocean_breadcrumbs_links_color":"","ocean_breadcrumbs_links_hover_color":"","ocean_display_footer_widgets":"default","ocean_display_footer_bottom":"default","ocean_custom_footer_template":"","ocean_post_oembed":"","ocean_post_self_hosted_media":"","ocean_post_video_embed":"","ocean_link_format":"","ocean_link_format_target":"self","ocean_quote_format":"","ocean_quote_format_link":"post","ocean_gallery_link_images":"on","ocean_gallery_id":[],"footnotes":""},"categories":[355],"tags":[428,425,426,368,427,424],"class_list":["post-1739","post","type-post","status-publish","format-standard","has-post-thumbnail","hentry","category-ccas","tag-assurance-maladie","tag-grippe","tag-personnes-a-risque","tag-personnes-agees","tag-prise-en-charge","tag-vaccination","entry","has-media"],"yoast_head":"<!-- This site is optimized with the Yoast SEO plugin v27.3 - https:\/\/yoast.com\/product\/yoast-seo-wordpress\/ -->\n<title>Vaccination contre la grippe - Ville de Thiant<\/title>\n<meta name=\"robots\" content=\"index, follow, max-snippet:-1, max-image-preview:large, max-video-preview:-1\" \/>\n<link rel=\"canonical\" href=\"https:\/\/thiant.fr\/wordpress\/vaccination-contre-la-grippe\/\" \/>\n<meta property=\"og:locale\" content=\"fr_FR\" \/>\n<meta property=\"og:type\" content=\"article\" \/>\n<meta property=\"og:title\" content=\"Vaccination contre la grippe - Ville de Thiant\" \/>\n<meta property=\"og:description\" content=\"La campagne de vaccination contre la grippe saisonni\u00e8re d\u00e9butera le 13 octobre. Elle commencera alors que s\u00e9vit l\u2019\u00e9pid\u00e9mie de la COVID-19. Il est possible que nous observions pendant l\u2019automne et l\u2019hiver, une co-circulation des virus grippaux et du SARS COV 2. L\u2019\u00e9pid\u00e9mie de coronavirus nous montre chaque jour combien les complications d\u2019une maladie infectieuse sont [&hellip;]\" \/>\n<meta property=\"og:url\" content=\"https:\/\/thiant.fr\/wordpress\/vaccination-contre-la-grippe\/\" \/>\n<meta property=\"og:site_name\" content=\"Ville de Thiant\" \/>\n<meta property=\"article:published_time\" content=\"2020-10-15T12:15:52+00:00\" \/>\n<meta property=\"article:modified_time\" content=\"2020-10-15T12:52:21+00:00\" \/>\n<meta property=\"og:image\" content=\"https:\/\/thiant.fr\/wordpress\/wp-content\/uploads\/2020\/10\/germany-measles-vaccination-mandatory-x-.jpg\" \/>\n\t<meta property=\"og:image:width\" content=\"1200\" \/>\n\t<meta property=\"og:image:height\" content=\"630\" \/>\n\t<meta property=\"og:image:type\" content=\"image\/jpeg\" \/>\n<meta name=\"author\" content=\"Service communication\" \/>\n<meta name=\"twitter:card\" content=\"summary_large_image\" \/>\n<meta name=\"twitter:label1\" content=\"\u00c9crit par\" \/>\n\t<meta name=\"twitter:data1\" content=\"Service communication\" \/>\n\t<meta name=\"twitter:label2\" content=\"Dur\u00e9e de lecture estim\u00e9e\" \/>\n\t<meta name=\"twitter:data2\" content=\"2 minutes\" \/>\n<script type=\"application\/ld+json\" class=\"yoast-schema-graph\">{\"@context\":\"https:\\\/\\\/schema.org\",\"@graph\":[{\"@type\":\"Article\",\"@id\":\"https:\\\/\\\/thiant.fr\\\/wordpress\\\/vaccination-contre-la-grippe\\\/#article\",\"isPartOf\":{\"@id\":\"https:\\\/\\\/thiant.fr\\\/wordpress\\\/vaccination-contre-la-grippe\\\/\"},\"author\":{\"name\":\"Service communication\",\"@id\":\"https:\\\/\\\/thiant.fr\\\/wordpress\\\/#\\\/schema\\\/person\\\/f41122130d18c0720657431d990451c6\"},\"headline\":\"Vaccination contre la grippe\",\"datePublished\":\"2020-10-15T12:15:52+00:00\",\"dateModified\":\"2020-10-15T12:52:21+00:00\",\"mainEntityOfPage\":{\"@id\":\"https:\\\/\\\/thiant.fr\\\/wordpress\\\/vaccination-contre-la-grippe\\\/\"},\"wordCount\":388,\"publisher\":{\"@id\":\"https:\\\/\\\/thiant.fr\\\/wordpress\\\/#organization\"},\"image\":{\"@id\":\"https:\\\/\\\/thiant.fr\\\/wordpress\\\/vaccination-contre-la-grippe\\\/#primaryimage\"},\"thumbnailUrl\":\"https:\\\/\\\/thiant.fr\\\/wordpress\\\/wp-content\\\/uploads\\\/2020\\\/10\\\/germany-measles-vaccination-mandatory-x-.jpg\",\"keywords\":[\"assurance maladie\",\"grippe\",\"personnes \u00e0 risque\",\"personnes \u00e2g\u00e9es\",\"prise en charge\",\"vaccination\"],\"articleSection\":[\"CCAS\"],\"inLanguage\":\"fr-FR\"},{\"@type\":\"WebPage\",\"@id\":\"https:\\\/\\\/thiant.fr\\\/wordpress\\\/vaccination-contre-la-grippe\\\/\",\"url\":\"https:\\\/\\\/thiant.fr\\\/wordpress\\\/vaccination-contre-la-grippe\\\/\",\"name\":\"Vaccination contre la grippe - Ville de Thiant\",\"isPartOf\":{\"@id\":\"https:\\\/\\\/thiant.fr\\\/wordpress\\\/#website\"},\"primaryImageOfPage\":{\"@id\":\"https:\\\/\\\/thiant.fr\\\/wordpress\\\/vaccination-contre-la-grippe\\\/#primaryimage\"},\"image\":{\"@id\":\"https:\\\/\\\/thiant.fr\\\/wordpress\\\/vaccination-contre-la-grippe\\\/#primaryimage\"},\"thumbnailUrl\":\"https:\\\/\\\/thiant.fr\\\/wordpress\\\/wp-content\\\/uploads\\\/2020\\\/10\\\/germany-measles-vaccination-mandatory-x-.jpg\",\"datePublished\":\"2020-10-15T12:15:52+00:00\",\"dateModified\":\"2020-10-15T12:52:21+00:00\",\"breadcrumb\":{\"@id\":\"https:\\\/\\\/thiant.fr\\\/wordpress\\\/vaccination-contre-la-grippe\\\/#breadcrumb\"},\"inLanguage\":\"fr-FR\",\"potentialAction\":[{\"@type\":\"ReadAction\",\"target\":[\"https:\\\/\\\/thiant.fr\\\/wordpress\\\/vaccination-contre-la-grippe\\\/\"]}]},{\"@type\":\"ImageObject\",\"inLanguage\":\"fr-FR\",\"@id\":\"https:\\\/\\\/thiant.fr\\\/wordpress\\\/vaccination-contre-la-grippe\\\/#primaryimage\",\"url\":\"https:\\\/\\\/thiant.fr\\\/wordpress\\\/wp-content\\\/uploads\\\/2020\\\/10\\\/germany-measles-vaccination-mandatory-x-.jpg\",\"contentUrl\":\"https:\\\/\\\/thiant.fr\\\/wordpress\\\/wp-content\\\/uploads\\\/2020\\\/10\\\/germany-measles-vaccination-mandatory-x-.jpg\",\"width\":1200,\"height\":630},{\"@type\":\"BreadcrumbList\",\"@id\":\"https:\\\/\\\/thiant.fr\\\/wordpress\\\/vaccination-contre-la-grippe\\\/#breadcrumb\",\"itemListElement\":[{\"@type\":\"ListItem\",\"position\":1,\"name\":\"Accueil\",\"item\":\"https:\\\/\\\/thiant.fr\\\/wordpress\\\/\"},{\"@type\":\"ListItem\",\"position\":2,\"name\":\"Vaccination contre la grippe\"}]},{\"@type\":\"WebSite\",\"@id\":\"https:\\\/\\\/thiant.fr\\\/wordpress\\\/#website\",\"url\":\"https:\\\/\\\/thiant.fr\\\/wordpress\\\/\",\"name\":\"Ville de Thiant\",\"description\":\"Site officiel de la ville de Thiant\",\"publisher\":{\"@id\":\"https:\\\/\\\/thiant.fr\\\/wordpress\\\/#organization\"},\"potentialAction\":[{\"@type\":\"SearchAction\",\"target\":{\"@type\":\"EntryPoint\",\"urlTemplate\":\"https:\\\/\\\/thiant.fr\\\/wordpress\\\/?s={search_term_string}\"},\"query-input\":{\"@type\":\"PropertyValueSpecification\",\"valueRequired\":true,\"valueName\":\"search_term_string\"}}],\"inLanguage\":\"fr-FR\"},{\"@type\":\"Organization\",\"@id\":\"https:\\\/\\\/thiant.fr\\\/wordpress\\\/#organization\",\"name\":\"Ville de Thiant\",\"url\":\"https:\\\/\\\/thiant.fr\\\/wordpress\\\/\",\"logo\":{\"@type\":\"ImageObject\",\"inLanguage\":\"fr-FR\",\"@id\":\"https:\\\/\\\/thiant.fr\\\/wordpress\\\/#\\\/schema\\\/logo\\\/image\\\/\",\"url\":\"https:\\\/\\\/thiant.fr\\\/wordpress\\\/wp-content\\\/uploads\\\/2019\\\/08\\\/Thiant_Illdy_4.png\",\"contentUrl\":\"https:\\\/\\\/thiant.fr\\\/wordpress\\\/wp-content\\\/uploads\\\/2019\\\/08\\\/Thiant_Illdy_4.png\",\"width\":105,\"height\":75,\"caption\":\"Ville de Thiant\"},\"image\":{\"@id\":\"https:\\\/\\\/thiant.fr\\\/wordpress\\\/#\\\/schema\\\/logo\\\/image\\\/\"}},{\"@type\":\"Person\",\"@id\":\"https:\\\/\\\/thiant.fr\\\/wordpress\\\/#\\\/schema\\\/person\\\/f41122130d18c0720657431d990451c6\",\"name\":\"Service communication\",\"image\":{\"@type\":\"ImageObject\",\"inLanguage\":\"fr-FR\",\"@id\":\"https:\\\/\\\/secure.gravatar.com\\\/avatar\\\/527d4f1f1330a82db5a7ea7738ddeb994fd26c4537512a833d99b387808ee250?s=96&r=g\",\"url\":\"https:\\\/\\\/secure.gravatar.com\\\/avatar\\\/527d4f1f1330a82db5a7ea7738ddeb994fd26c4537512a833d99b387808ee250?s=96&r=g\",\"contentUrl\":\"https:\\\/\\\/secure.gravatar.com\\\/avatar\\\/527d4f1f1330a82db5a7ea7738ddeb994fd26c4537512a833d99b387808ee250?s=96&r=g\",\"caption\":\"Service communication\"},\"url\":\"https:\\\/\\\/thiant.fr\\\/wordpress\\\/author\\\/adminwpress\\\/\"}]}<\/script>\n<!-- \/ Yoast SEO plugin. -->","yoast_head_json":{"title":"Vaccination contre la grippe - Ville de Thiant","robots":{"index":"index","follow":"follow","max-snippet":"max-snippet:-1","max-image-preview":"max-image-preview:large","max-video-preview":"max-video-preview:-1"},"canonical":"https:\/\/thiant.fr\/wordpress\/vaccination-contre-la-grippe\/","og_locale":"fr_FR","og_type":"article","og_title":"Vaccination contre la grippe - Ville de Thiant","og_description":"La campagne de vaccination contre la grippe saisonni\u00e8re d\u00e9butera le 13 octobre. Elle commencera alors que s\u00e9vit l\u2019\u00e9pid\u00e9mie de la COVID-19. Il est possible que nous observions pendant l\u2019automne et l\u2019hiver, une co-circulation des virus grippaux et du SARS COV 2. L\u2019\u00e9pid\u00e9mie de coronavirus nous montre chaque jour combien les complications d\u2019une maladie infectieuse sont [&hellip;]","og_url":"https:\/\/thiant.fr\/wordpress\/vaccination-contre-la-grippe\/","og_site_name":"Ville de Thiant","article_published_time":"2020-10-15T12:15:52+00:00","article_modified_time":"2020-10-15T12:52:21+00:00","og_image":[{"width":1200,"height":630,"url":"https:\/\/thiant.fr\/wordpress\/wp-content\/uploads\/2020\/10\/germany-measles-vaccination-mandatory-x-.jpg","type":"image\/jpeg"}],"author":"Service communication","twitter_card":"summary_large_image","twitter_misc":{"\u00c9crit par":"Service communication","Dur\u00e9e de lecture estim\u00e9e":"2 minutes"},"schema":{"@context":"https:\/\/schema.org","@graph":[{"@type":"Article","@id":"https:\/\/thiant.fr\/wordpress\/vaccination-contre-la-grippe\/#article","isPartOf":{"@id":"https:\/\/thiant.fr\/wordpress\/vaccination-contre-la-grippe\/"},"author":{"name":"Service communication","@id":"https:\/\/thiant.fr\/wordpress\/#\/schema\/person\/f41122130d18c0720657431d990451c6"},"headline":"Vaccination contre la grippe","datePublished":"2020-10-15T12:15:52+00:00","dateModified":"2020-10-15T12:52:21+00:00","mainEntityOfPage":{"@id":"https:\/\/thiant.fr\/wordpress\/vaccination-contre-la-grippe\/"},"wordCount":388,"publisher":{"@id":"https:\/\/thiant.fr\/wordpress\/#organization"},"image":{"@id":"https:\/\/thiant.fr\/wordpress\/vaccination-contre-la-grippe\/#primaryimage"},"thumbnailUrl":"https:\/\/thiant.fr\/wordpress\/wp-content\/uploads\/2020\/10\/germany-measles-vaccination-mandatory-x-.jpg","keywords":["assurance maladie","grippe","personnes \u00e0 risque","personnes \u00e2g\u00e9es","prise en charge","vaccination"],"articleSection":["CCAS"],"inLanguage":"fr-FR"},{"@type":"WebPage","@id":"https:\/\/thiant.fr\/wordpress\/vaccination-contre-la-grippe\/","url":"https:\/\/thiant.fr\/wordpress\/vaccination-contre-la-grippe\/","name":"Vaccination contre la grippe - Ville de Thiant","isPartOf":{"@id":"https:\/\/thiant.fr\/wordpress\/#website"},"primaryImageOfPage":{"@id":"https:\/\/thiant.fr\/wordpress\/vaccination-contre-la-grippe\/#primaryimage"},"image":{"@id":"https:\/\/thiant.fr\/wordpress\/vaccination-contre-la-grippe\/#primaryimage"},"thumbnailUrl":"https:\/\/thiant.fr\/wordpress\/wp-content\/uploads\/2020\/10\/germany-measles-vaccination-mandatory-x-.jpg","datePublished":"2020-10-15T12:15:52+00:00","dateModified":"2020-10-15T12:52:21+00:00","breadcrumb":{"@id":"https:\/\/thiant.fr\/wordpress\/vaccination-contre-la-grippe\/#breadcrumb"},"inLanguage":"fr-FR","potentialAction":[{"@type":"ReadAction","target":["https:\/\/thiant.fr\/wordpress\/vaccination-contre-la-grippe\/"]}]},{"@type":"ImageObject","inLanguage":"fr-FR","@id":"https:\/\/thiant.fr\/wordpress\/vaccination-contre-la-grippe\/#primaryimage","url":"https:\/\/thiant.fr\/wordpress\/wp-content\/uploads\/2020\/10\/germany-measles-vaccination-mandatory-x-.jpg","contentUrl":"https:\/\/thiant.fr\/wordpress\/wp-content\/uploads\/2020\/10\/germany-measles-vaccination-mandatory-x-.jpg","width":1200,"height":630},{"@type":"BreadcrumbList","@id":"https:\/\/thiant.fr\/wordpress\/vaccination-contre-la-grippe\/#breadcrumb","itemListElement":[{"@type":"ListItem","position":1,"name":"Accueil","item":"https:\/\/thiant.fr\/wordpress\/"},{"@type":"ListItem","position":2,"name":"Vaccination contre la grippe"}]},{"@type":"WebSite","@id":"https:\/\/thiant.fr\/wordpress\/#website","url":"https:\/\/thiant.fr\/wordpress\/","name":"Ville de Thiant","description":"Site officiel de la ville de Thiant","publisher":{"@id":"https:\/\/thiant.fr\/wordpress\/#organization"},"potentialAction":[{"@type":"SearchAction","target":{"@type":"EntryPoint","urlTemplate":"https:\/\/thiant.fr\/wordpress\/?s={search_term_string}"},"query-input":{"@type":"PropertyValueSpecification","valueRequired":true,"valueName":"search_term_string"}}],"inLanguage":"fr-FR"},{"@type":"Organization","@id":"https:\/\/thiant.fr\/wordpress\/#organization","name":"Ville de Thiant","url":"https:\/\/thiant.fr\/wordpress\/","logo":{"@type":"ImageObject","inLanguage":"fr-FR","@id":"https:\/\/thiant.fr\/wordpress\/#\/schema\/logo\/image\/","url":"https:\/\/thiant.fr\/wordpress\/wp-content\/uploads\/2019\/08\/Thiant_Illdy_4.png","contentUrl":"https:\/\/thiant.fr\/wordpress\/wp-content\/uploads\/2019\/08\/Thiant_Illdy_4.png","width":105,"height":75,"caption":"Ville de Thiant"},"image":{"@id":"https:\/\/thiant.fr\/wordpress\/#\/schema\/logo\/image\/"}},{"@type":"Person","@id":"https:\/\/thiant.fr\/wordpress\/#\/schema\/person\/f41122130d18c0720657431d990451c6","name":"Service communication","image":{"@type":"ImageObject","inLanguage":"fr-FR","@id":"https:\/\/secure.gravatar.com\/avatar\/527d4f1f1330a82db5a7ea7738ddeb994fd26c4537512a833d99b387808ee250?s=96&r=g","url":"https:\/\/secure.gravatar.com\/avatar\/527d4f1f1330a82db5a7ea7738ddeb994fd26c4537512a833d99b387808ee250?s=96&r=g","contentUrl":"https:\/\/secure.gravatar.com\/avatar\/527d4f1f1330a82db5a7ea7738ddeb994fd26c4537512a833d99b387808ee250?s=96&r=g","caption":"Service communication"},"url":"https:\/\/thiant.fr\/wordpress\/author\/adminwpress\/"}]}},"_links":{"self":[{"href":"https:\/\/thiant.fr\/wordpress\/wp-json\/wp\/v2\/posts\/1739","targetHints":{"allow":["GET"]}}],"collection":[{"href":"https:\/\/thiant.fr\/wordpress\/wp-json\/wp\/v2\/posts"}],"about":[{"href":"https:\/\/thiant.fr\/wordpress\/wp-json\/wp\/v2\/types\/post"}],"author":[{"embeddable":true,"href":"https:\/\/thiant.fr\/wordpress\/wp-json\/wp\/v2\/users\/1"}],"replies":[{"embeddable":true,"href":"https:\/\/thiant.fr\/wordpress\/wp-json\/wp\/v2\/comments?post=1739"}],"version-history":[{"count":0,"href":"https:\/\/thiant.fr\/wordpress\/wp-json\/wp\/v2\/posts\/1739\/revisions"}],"wp:featuredmedia":[{"embeddable":true,"href":"https:\/\/thiant.fr\/wordpress\/wp-json\/wp\/v2\/media\/1740"}],"wp:attachment":[{"href":"https:\/\/thiant.fr\/wordpress\/wp-json\/wp\/v2\/media?parent=1739"}],"wp:term":[{"taxonomy":"category","embeddable":true,"href":"https:\/\/thiant.fr\/wordpress\/wp-json\/wp\/v2\/categories?post=1739"},{"taxonomy":"post_tag","embeddable":true,"href":"https:\/\/thiant.fr\/wordpress\/wp-json\/wp\/v2\/tags?post=1739"}],"curies":[{"name":"wp","href":"https:\/\/api.w.org\/{rel}","templated":true}]}}