{"id":1786,"date":"2020-10-31T18:13:56","date_gmt":"2020-10-31T17:13:56","guid":{"rendered":"https:\/\/thiant.fr\/wordpress\/?p=1786"},"modified":"2020-11-02T14:45:24","modified_gmt":"2020-11-02T13:45:24","slug":"covid-19-reconfinement","status":"publish","type":"post","link":"https:\/\/thiant.fr\/wordpress\/covid-19-reconfinement\/","title":{"rendered":"COVID-19 : Reconfinement"},"content":{"rendered":"\t\t<div data-elementor-type=\"wp-post\" data-elementor-id=\"1786\" class=\"elementor elementor-1786\">\n\t\t\t\t\t\t<section class=\"elementor-section elementor-top-section elementor-element elementor-element-5dd46a8 elementor-section-boxed elementor-section-height-default elementor-section-height-default\" data-id=\"5dd46a8\" data-element_type=\"section\" data-e-type=\"section\">\n\t\t\t\t\t\t<div class=\"elementor-container elementor-column-gap-default\">\n\t\t\t\t\t<div class=\"elementor-column elementor-col-33 elementor-top-column elementor-element elementor-element-5ccc806\" data-id=\"5ccc806\" data-element_type=\"column\" data-e-type=\"column\" data-settings=\"{&quot;background_background&quot;:&quot;classic&quot;}\">\n\t\t\t<div class=\"elementor-widget-wrap elementor-element-populated\">\n\t\t\t\t\t\t<div class=\"elementor-element elementor-element-3811fe7 elementor-widget elementor-widget-image\" data-id=\"3811fe7\" data-element_type=\"widget\" data-e-type=\"widget\" data-widget_type=\"image.default\">\n\t\t\t\t<div class=\"elementor-widget-container\">\n\t\t\t\t\t\t\t\t\t\t\t\t\t\t\t\t<a href=\"https:\/\/thiant.fr\/wordpress\/documents_ext\/COVID-19\/Affiche-application-et-mesures-barrieres.pdf\" target=\"_blank\">\n\t\t\t\t\t\t\t<img fetchpriority=\"high\" decoding=\"async\" width=\"566\" height=\"800\" src=\"https:\/\/thiant.fr\/wordpress\/wp-content\/uploads\/2020\/10\/Affiche-application-et-mesures-barrieres.jpg\" class=\"attachment-large size-large wp-image-1788\" alt=\"\" srcset=\"https:\/\/thiant.fr\/wordpress\/wp-content\/uploads\/2020\/10\/Affiche-application-et-mesures-barrieres.jpg 566w, https:\/\/thiant.fr\/wordpress\/wp-content\/uploads\/2020\/10\/Affiche-application-et-mesures-barrieres-212x300.jpg 212w\" sizes=\"(max-width: 566px) 100vw, 566px\" \/>\t\t\t\t\t\t\t\t<\/a>\n\t\t\t\t\t\t\t\t\t\t\t\t\t\t\t<\/div>\n\t\t\t\t<\/div>\n\t\t\t\t<div class=\"elementor-element elementor-element-450857c elementor-widget elementor-widget-image\" data-id=\"450857c\" data-element_type=\"widget\" data-e-type=\"widget\" data-widget_type=\"image.default\">\n\t\t\t\t<div class=\"elementor-widget-container\">\n\t\t\t\t\t\t\t\t\t\t\t\t\t\t\t\t<a href=\"https:\/\/thiant.fr\/wordpress\/documents_ext\/COVID-19\/Synthese-mesures-sanitaires.pdf\" target=\"_blank\">\n\t\t\t\t\t\t\t<img decoding=\"async\" width=\"800\" height=\"565\" src=\"https:\/\/thiant.fr\/wordpress\/wp-content\/uploads\/2020\/10\/Synthese-mesures-sanitaires.png\" class=\"attachment-large size-large wp-image-1793\" alt=\"\" srcset=\"https:\/\/thiant.fr\/wordpress\/wp-content\/uploads\/2020\/10\/Synthese-mesures-sanitaires.png 800w, https:\/\/thiant.fr\/wordpress\/wp-content\/uploads\/2020\/10\/Synthese-mesures-sanitaires-300x212.png 300w, https:\/\/thiant.fr\/wordpress\/wp-content\/uploads\/2020\/10\/Synthese-mesures-sanitaires-768x542.png 768w\" sizes=\"(max-width: 800px) 100vw, 800px\" \/>\t\t\t\t\t\t\t\t<\/a>\n\t\t\t\t\t\t\t\t\t\t\t\t\t\t\t<\/div>\n\t\t\t\t<\/div>\n\t\t\t\t<div class=\"elementor-element elementor-element-911f1ab elementor-widget elementor-widget-image\" data-id=\"911f1ab\" data-element_type=\"widget\" data-e-type=\"widget\" data-widget_type=\"image.default\">\n\t\t\t\t<div class=\"elementor-widget-container\">\n\t\t\t\t\t\t\t\t\t\t\t\t\t\t\t\t<a href=\"https:\/\/thiant.fr\/wordpress\/documents_ext\/COVID-19\/QR_Code.pdf\" target=\"_blank\">\n\t\t\t\t\t\t\t<img decoding=\"async\" width=\"300\" height=\"300\" src=\"https:\/\/thiant.fr\/wordpress\/wp-content\/uploads\/2020\/10\/QR-Code.jpg\" class=\"attachment-large size-large wp-image-1794\" alt=\"\" srcset=\"https:\/\/thiant.fr\/wordpress\/wp-content\/uploads\/2020\/10\/QR-Code.jpg 300w, https:\/\/thiant.fr\/wordpress\/wp-content\/uploads\/2020\/10\/QR-Code-150x150.jpg 150w, https:\/\/thiant.fr\/wordpress\/wp-content\/uploads\/2020\/10\/QR-Code-70x70.jpg 70w, https:\/\/thiant.fr\/wordpress\/wp-content\/uploads\/2020\/10\/QR-Code-127x127.jpg 127w, https:\/\/thiant.fr\/wordpress\/wp-content\/uploads\/2020\/10\/QR-Code-125x125.jpg 125w\" sizes=\"(max-width: 300px) 100vw, 300px\" \/>\t\t\t\t\t\t\t\t<\/a>\n\t\t\t\t\t\t\t\t\t\t\t\t\t\t\t<\/div>\n\t\t\t\t<\/div>\n\t\t\t\t<div class=\"elementor-element elementor-element-4bef858 elementor-widget elementor-widget-image\" data-id=\"4bef858\" data-element_type=\"widget\" data-e-type=\"widget\" data-widget_type=\"image.default\">\n\t\t\t\t<div class=\"elementor-widget-container\">\n\t\t\t\t\t\t\t\t\t\t\t\t\t\t\t\t<a href=\"https:\/\/thiant.fr\/wordpress\/documents_ext\/COVID-19\/Guide-utilisateur.pdf\" target=\"_blank\">\n\t\t\t\t\t\t\t<img loading=\"lazy\" decoding=\"async\" width=\"600\" height=\"800\" src=\"https:\/\/thiant.fr\/wordpress\/wp-content\/uploads\/2020\/10\/Guide-dutilisateur.jpg\" class=\"attachment-large size-large wp-image-1802\" alt=\"\" srcset=\"https:\/\/thiant.fr\/wordpress\/wp-content\/uploads\/2020\/10\/Guide-dutilisateur.jpg 600w, https:\/\/thiant.fr\/wordpress\/wp-content\/uploads\/2020\/10\/Guide-dutilisateur-225x300.jpg 225w\" sizes=\"(max-width: 600px) 100vw, 600px\" \/>\t\t\t\t\t\t\t\t<\/a>\n\t\t\t\t\t\t\t\t\t\t\t\t\t\t\t<\/div>\n\t\t\t\t<\/div>\n\t\t\t\t\t<\/div>\n\t\t<\/div>\n\t\t\t\t<div class=\"elementor-column elementor-col-66 elementor-top-column elementor-element elementor-element-4313f73\" data-id=\"4313f73\" data-element_type=\"column\" data-e-type=\"column\" data-settings=\"{&quot;background_background&quot;:&quot;classic&quot;}\">\n\t\t\t<div class=\"elementor-widget-wrap elementor-element-populated\">\n\t\t\t\t\t\t<div class=\"elementor-element elementor-element-d3fa8de elementor-widget elementor-widget-text-editor\" data-id=\"d3fa8de\" data-element_type=\"widget\" data-e-type=\"widget\" data-widget_type=\"text-editor.default\">\n\t\t\t\t<div class=\"elementor-widget-container\">\n\t\t\t\t\t\t\t\t\t<h5><span style=\"color: #000080;\"><strong>Le pr\u00e9sident de la R\u00e9publique a annonc\u00e9 le reconfinement de l\u2019ensemble du territoire national \u00e0 compter de ce vendredi 30 octobre \u00e0 00h00, jusqu\u2019au 1<\/strong><strong><sup>er<\/sup> d\u00e9cembre.<\/strong><\/span><\/h5><p><span style=\"color: #333333;\"><strong><u>Les mesures suivantes ont \u00e9t\u00e9 annonc\u00e9es :<\/u><\/strong><\/span><\/p><ul><li><span style=\"color: #333333;\"><strong>l\u2019interdiction de se d\u00e9placer, sauf motif valable<\/strong> (aller travailler, RDV m\u00e9dicaux, faire ses courses, motif familial imp\u00e9rieux\u2026). <strong>Il faudra \u00eatre muni d\u2019une attestation de d\u00e9placement d\u00e9rogatoire <\/strong>et de l\u2019attestation de l\u2019employeur pour aller travailler. Ces documents sont disponibles sur le site du minist\u00e8re de l\u2019Int\u00e9rieur. Une attestation autorisant les d\u00e9placements pour aller d\u00e9poser et rechercher les enfants scolaris\u00e9s sera \u00e9galement demand\u00e9e aux parents. Une exception sera accord\u00e9e pour le retour des vacances de la Toussaint ;<\/span><\/li><li><span style=\"color: #333333;\">les fronti\u00e8res avec l\u2019Union Europ\u00e9enne restent ouvertes. Les frontaliers peuvent continuer librement \u00e0 exercer leur activit\u00e9 professionnelle. Les fronti\u00e8res ext\u00e9rieures sont ferm\u00e9es, sauf exception. Les Fran\u00e7ais \u00e0 l\u2019\u00e9tranger restent libres de regagner le territoire national. Un test n\u00e9gatif de moins de 72h est obligatoire pour entrer sur le territoire. Par ailleurs, dans les ports et les a\u00e9roports, des tests rapides seront d\u00e9ploy\u00e9s pour toutes les arriv\u00e9es ;<\/span><\/li><li><span style=\"color: #333333;\">la fermeture des commerces (bars, restaurants&#8230;) et des \u00e9tablissements recevant du public non essentiels (espaces culturels, salles d\u2019exposition, foires, salons, h\u00e9bergements touristiques&#8230;). L\u2019ensemble des secteurs faisant l\u2019objet de fermetures administratives pourront b\u00e9n\u00e9ficier d\u2019aides financi\u00e8res de l\u2019\u00c9tat (fonds de solidarit\u00e9, activit\u00e9 partielle, pr\u00eats garantis, prise en charge de loyers&#8230;) ;<\/span><\/li><li><span style=\"color: #333333;\">la fermeture des \u00e9tablissements sportifs couverts et de plein air, sauf pour les activit\u00e9s sportives professionnelles. La pratique sportive individuelle en plein air est autoris\u00e9e dans la limite d\u2019une heure par jour, dans un rayon d\u2019un kilom\u00e8tre autour de son domicile ;<\/span><\/li><li><span style=\"color: #333333;\">l\u2019ouverture des lieux de culte pour les c\u00e9r\u00e9monies fun\u00e9raires dans la limite de 30 personnes et pour les mariages dans la limite de 6 personnes. Les cimeti\u00e8res resteront ouverts pendant le confinement ;<\/span><\/li><li><span style=\"color: #333333;\">l\u2019ouverture des cr\u00e8ches, des \u00e9coles, des coll\u00e8ges, des lyc\u00e9es ainsi que les services p\u00e9riscolaires avec un protocole sanitaire renforc\u00e9. Les activit\u00e9s extra-scolaires sont, quant \u00e0 elles, interdites. Le port du masque devra \u00e9galement \u00eatre port\u00e9 \u00e0 l\u2019\u00e9cole primaire, il est d\u00e9sormais obligatoire \u00e0 partir de 6 ans. Pour les universit\u00e9s et les \u00e9tablissements sup\u00e9rieurs, les cours seront assur\u00e9s \u00e0 distance ;<\/span><\/li><li><span style=\"color: #333333;\">l\u2019obligation du t\u00e9l\u00e9travail \u00e0 100 %, partout o\u00f9 il est possible. Le secteur du b\u00e2timent et des travaux publics ainsi que les usines et les exploitations agricoles peuvent poursuivre leur activit\u00e9. Les bureaux de poste et les guichets de service publics restent \u00e9galement ouverts ;<\/span><\/li><li><span style=\"color: #333333;\">l\u2019interdiction des rassemblements de plus de 6 personnes sur la voie publique, sauf les manifestations revendicatives d\u00fbment d\u00e9clar\u00e9es en pr\u00e9fecture au titre de l\u2019article L211-2 du code de la s\u00e9curit\u00e9 int\u00e9rieure ;<\/span><\/li><li><span style=\"color: #333333;\">l\u2019autorisation des visites en EHPAD et en maison de retraite avec le respect d\u2019un protocole sanitaire strict ;<\/span><\/li><li><span style=\"color: #333333;\">le maintien de l\u2019ouverture des parcs et jardins.<\/span><\/li><\/ul><p><span style=\"color: #333333;\">L\u2019 ensemble des mesures est consultable sur le <a href=\"https:\/\/www.nord.gouv.fr\" target=\"_blank\" rel=\"noopener\">site Internet de la pr\u00e9fecture<\/a>.<\/span><\/p><h5><span style=\"color: #000080;\">L&#8217;application TousAntiCovid<\/span><\/h5><p><span style=\"color: #333333;\">Face \u00e0 l\u2019acc\u00e9l\u00e9ration de l\u2019\u00e9pid\u00e9mie, le Gouvernement a lanc\u00e9 le 22 octobre l\u2019application &#8220;TousAntiCovid&#8221;, qui vise \u00e0 faciliter l\u2019information des personnes qui ont \u00e9t\u00e9 en contact avec une personne test\u00e9e positive \u00e0 la COVID-19 et \u00e0 acc\u00e9l\u00e9rer leur prise en charge, en compl\u00e9ment de l\u2019action des m\u00e9decins et de l\u2019Assurance Maladie.<\/span><\/p><p><span style=\"color: #333333;\">L&#8217;application &#8220;TousAntiCovid&#8221; compl\u00e8te l\u2019arsenal des mesures barri\u00e8res d\u00e9j\u00e0 existantes face \u00e0 la COVID-19. Son usage s\u2019av\u00e8re particuli\u00e8rement utile dans des lieux o\u00f9 la concentration de personnes rend le respect de la distanciation sociale difficile \u00e0 mettre en \u0153uvre.<\/span><\/p><p><span style=\"color: #333333;\">L\u2019application, dite de contact tracing, utilise le signal Bluetooth d\u2019un t\u00e9l\u00e9phone pour d\u00e9tecter un smartphone \u00e0 proximit\u00e9 et ainsi \u00e9tablir de mani\u00e8re anonyme que plusieurs personnes se sont crois\u00e9es.<\/span><\/p><p><span style=\"color: #333333;\">L\u2019application prend en compte les contacts \u00e0 moins d\u2019un m\u00e8tre pendant au moins 15 minutes. Les autres utilisateurs avec qui la personne malade est rest\u00e9e en contact prolong\u00e9 durant sa p\u00e9riode de contagiosit\u00e9 sont ainsi averties par une notification. La p\u00e9riode de contagiosit\u00e9 d\u00e9bute \u00e0 partir des 48h pr\u00e9c\u00e9dant la date de d\u00e9but des sympt\u00f4mes ou sept jours avant son test positif si la personne est asymptomatique.<\/span><\/p><p><span style=\"text-decoration: underline;\"><strong><span style=\"color: #333333; text-decoration: underline;\">Listes des \u00e9tablissements ouverts :<\/span><\/strong><\/span><\/p><p style=\"padding-left: 40px;\"><span style=\"color: #333333;\">\u2022 Services publics ;<\/span><br \/><span style=\"color: #333333;\">\u2022 Services \u00e0 la personne \u00e0 domicile ;<\/span><br \/><span style=\"color: #333333;\">\u2022 Entretien, r\u00e9paration et contr\u00f4le techniques de v\u00e9hicules automobiles, de v\u00e9hicules, engins et <\/span><span style=\"color: #333333;\">mat\u00e9riels agricoles ;<\/span><br \/><span style=\"color: #333333;\">\u2022 Commerce d&#8217;\u00e9quipements automobiles ;<\/span><br \/><span style=\"color: #333333;\">\u2022 Commerce et r\u00e9paration de motocycles et cycles ;<\/span><br \/><span style=\"color: #333333;\">\u2022 Fourniture n\u00e9cessaire aux exploitations agricoles ;<\/span><br \/><span style=\"color: #333333;\">\u2022 Commerce de d\u00e9tail de produits surgel\u00e9s ;<\/span><br \/><span style=\"color: #333333;\">\u2022 Commerce d&#8217;alimentation g\u00e9n\u00e9rale ;<\/span><br \/><span style=\"color: #333333;\">\u2022 Sup\u00e9rettes ;<\/span><br \/><span style=\"color: #333333;\">\u2022 Supermarch\u00e9s ;<\/span><br \/><span style=\"color: #333333;\">\u2022 Magasins multi-commerces ;<\/span><br \/><span style=\"color: #333333;\">\u2022 Hypermarch\u00e9s ;<\/span><br \/><span style=\"color: #333333;\">\u2022 Commerce de d\u00e9tail de fruits et l\u00e9gumes en magasin sp\u00e9cialis\u00e9 ;<\/span><br \/><span style=\"color: #333333;\">\u2022 Commerce de d\u00e9tail de viandes et de produits \u00e0 base de viande en magasin sp\u00e9cialis\u00e9 ;<\/span><br \/><span style=\"color: #333333;\">\u2022 Commerce de d\u00e9tail de poissons, crustac\u00e9s et mollusques en magasin sp\u00e9cialis\u00e9 ;<\/span><br \/><span style=\"color: #333333;\">\u2022 Commerce de d\u00e9tail de pain, p\u00e2tisserie et confiserie en magasin sp\u00e9cialis\u00e9 ;<\/span><br \/><span style=\"color: #333333;\">\u2022 Commerce de d\u00e9tail de boissons en magasin sp\u00e9cialis\u00e9 ;<\/span><br \/><span style=\"color: #333333;\">\u2022 Autres commerces de d\u00e9tail alimentaires en magasin sp\u00e9cialis\u00e9 ;<\/span><br \/><span style=\"color: #333333;\">\u2022 Les distributions alimentaires assur\u00e9es par des associations caritatives ;<\/span><br \/><span style=\"color: #333333;\">\u2022 Commerce de d\u00e9tail de carburants et combustibles en magasin sp\u00e9cialis\u00e9, boutiques associ\u00e9es \u00e0<\/span> <span style=\"color: #333333;\">ces commerces pour la vente de denr\u00e9es alimentaires \u00e0 emporter, hors produits alcoolis\u00e9s, et <\/span><span style=\"color: #333333;\">\u00e9quipements sanitaires ouverts aux usagers de la route ;<\/span><br \/><span style=\"color: #333333;\">\u2022 Commerce de d\u00e9tail d&#8217;\u00e9quipements de l&#8217;information et de la communication en magasin<\/span> <span style=\"color: #333333;\">sp\u00e9cialis\u00e9 ;<\/span><br \/><span style=\"color: #333333;\">\u2022 Commerce de d\u00e9tail d&#8217;ordinateurs, d&#8217;unit\u00e9s p\u00e9riph\u00e9riques et de logiciels en magasin sp\u00e9cialis\u00e9 ;<\/span><br \/><span style=\"color: #333333;\">\u2022 Commerce de d\u00e9tail de mat\u00e9riels de t\u00e9l\u00e9communication en magasin sp\u00e9cialis\u00e9 ;<\/span><br \/><span style=\"color: #333333;\">\u2022 Commerce de d\u00e9tail de mat\u00e9riaux de construction, quincaillerie, peintures et verres en magasin <\/span><span style=\"color: #333333;\">sp\u00e9cialis\u00e9 ;<\/span><br \/><span style=\"color: #333333;\">\u2022 Commerce de d\u00e9tail de textiles en magasin sp\u00e9cialis\u00e9 ;<\/span><br \/><span style=\"color: #333333;\">\u2022 Commerce de d\u00e9tail de journaux et papeterie en magasin sp\u00e9cialis\u00e9 ;<\/span><br \/><span style=\"color: #333333;\">\u2022 Commerce de d\u00e9tail de produits pharmaceutiques en magasin sp\u00e9cialis\u00e9 ;<\/span><br \/><span style=\"color: #333333;\">\u2022 Commerce de d\u00e9tail d&#8217;articles m\u00e9dicaux et orthop\u00e9diques en magasin sp\u00e9cialis\u00e9 ;<\/span><br \/><span style=\"color: #333333;\">\u2022 Commerces de d\u00e9tail d&#8217;optique ;<\/span><br \/><span style=\"color: #333333;\">\u2022 Commerce de d\u00e9tail d&#8217;aliments et fournitures pour les animaux de compagnie, jardineries ;<\/span><br \/><span style=\"color: #333333;\">\u2022 Commerce de d\u00e9tail alimentaire sur \u00e9ventaires lorsqu&#8217;ils sont install\u00e9s sur un march\u00e9 ;<\/span><br \/><span style=\"color: #333333;\">\u2022 Commerce de d\u00e9tail de produits \u00e0 base de tabac, cigarettes \u00e9lectroniques, mat\u00e9riels et dispositifs <\/span><span style=\"color: #333333;\">de vapotage en magasin sp\u00e9cialis\u00e9 ;<\/span><br \/><span style=\"color: #333333;\">\u2022 Vente par automates et autres commerces de d\u00e9tail hors magasin, \u00e9ventaires ou march\u00e9s ;<br \/><\/span><span style=\"color: #333333;\">\u2022 H\u00f4tels et h\u00e9bergement similaire \u00e0 l&#8217;exclusion des villages vacances, maisons familiales et auberges<\/span> <span style=\"color: #333333;\">collectives ;<\/span><br \/><span style=\"color: #333333;\">\u2022 H\u00e9bergement touristique et autre h\u00e9bergement de courte dur\u00e9e lorsqu&#8217;il constitue pour les<\/span> <span style=\"color: #333333;\">personnes qui y vivent un domicile r\u00e9gulier ;<\/span><br \/><span style=\"color: #333333;\">\u2022 Terrains de camping et parcs pour caravanes ou v\u00e9hicules de loisirs lorsqu&#8217;ils constituent pour les<\/span> <span style=\"color: #333333;\">personnes qui y vivent un domicile r\u00e9gulier ;<\/span><br \/><span style=\"color: #333333;\">\u2022 Location et location-bail de v\u00e9hicules automobiles ;<\/span><br \/><span style=\"color: #333333;\">\u2022 Location et location-bail d&#8217;autres machines, \u00e9quipements et biens ;<\/span><br \/><span style=\"color: #333333;\">\u2022 Location et location-bail de machines et \u00e9quipements agricoles ;<\/span><br \/><span style=\"color: #333333;\">\u2022 Location et location-bail de machines et \u00e9quipements pour la construction ;<\/span><br \/><span style=\"color: #333333;\">\u2022 Activit\u00e9s des agences de placement de main-d\u2019\u0153uvre ;<\/span><br \/><span style=\"color: #333333;\">\u2022 Activit\u00e9s des agences de travail temporaire ;<\/span><br \/><span style=\"color: #333333;\">\u2022 R\u00e9paration d&#8217;ordinateurs et de biens personnels et domestiques ;<\/span><br \/><span style=\"color: #333333;\">\u2022 R\u00e9paration d&#8217;ordinateurs et d&#8217;\u00e9quipements de communication ;<\/span><br \/><span style=\"color: #333333;\">\u2022 R\u00e9paration d&#8217;ordinateurs et d&#8217;\u00e9quipements p\u00e9riph\u00e9riques ;<\/span><br \/><span style=\"color: #333333;\">\u2022 R\u00e9paration d&#8217;\u00e9quipements de communication ;<\/span><br \/><span style=\"color: #333333;\">\u2022 Blanchisserie-teinturerie ;<\/span><br \/><span style=\"color: #333333;\">\u2022 Blanchisserie-teinturerie de gros ;<\/span><br \/><span style=\"color: #333333;\">\u2022 Blanchisserie-teinturerie de d\u00e9tail ;<\/span><br \/><span style=\"color: #333333;\">\u2022 Services fun\u00e9raires ;<\/span><br \/><span style=\"color: #333333;\">\u2022 Activit\u00e9s financi\u00e8res et d&#8217;assurance ;<\/span><br \/><span style=\"color: #333333;\">\u2022 Commerces de gros ;<\/span><br \/><span style=\"color: #333333;\">\u2022 Cliniques v\u00e9t\u00e9rinaires et cliniques des \u00e9coles v\u00e9t\u00e9rinaires ;<\/span><br \/><span style=\"color: #333333;\">\u2022 Laboratoires d\u2019analyse ;<\/span><br \/><span style=\"color: #333333;\">\u2022 Services de transports.<\/span><\/p><p><span style=\"text-decoration: underline;\"><strong><span style=\"color: #333333; text-decoration: underline;\">Liste des \u00e9tablissements ferm\u00e9s :<\/span><\/strong><\/span><\/p><p style=\"padding-left: 40px;\"><span style=\"color: #333333;\">\u2022 ERP de type CTS : chapiteaux, tentes et structures ;<\/span><br \/><span style=\"color: #333333;\">\u2022 ERP de type S : biblioth\u00e8ques, centres de documentation, m\u00e9diath\u00e8ques ;<\/span><br \/><span style=\"color: #333333;\">\u2022 ERP de type Y : mus\u00e9es (et par extension, les monuments) ;<\/span><br \/><span style=\"color: #333333;\">\u2022 ERP de type L : salles d&#8217;auditions, de conf\u00e9rences, de r\u00e9unions, de spectacles ou \u00e0 usage multiple<\/span> <span style=\"color: #333333;\">(comme les salles des f\u00eates et salles polyvalentes), sauf pour les salles d&#8217;audience des juridictions, les <\/span><span style=\"color: #333333;\">cr\u00e9matoriums et les chambres fun\u00e9raires ;<\/span><br \/><span style=\"color: #333333;\">\u2022 ERP de type X : \u00e9tablissements sportifs couverts (gymnases, piscines couvertes, saunas et<\/span> <span style=\"color: #333333;\">hammams, etc.) \u00e0 part pour le sport professionnel ;<\/span><br \/><span style=\"color: #333333;\">\u2022 ERP de type PA : \u00e9tablissements de plein air (stades, hippodromes, parcs d\u2019attraction, parcs <\/span><span style=\"color: #333333;\">zoologiques, etc.) sauf pour les activit\u00e9s sportives professionnelles ;<\/span><br \/><span style=\"color: #333333;\">\u2022 ERP de type P : salles de danse (discoth\u00e8ques) et salles de jeux (casinos, bowlings) ;<\/span><br \/><span style=\"color: #333333;\">\u2022 ERP de type M : magasins de vente et centres commerciaux, sauf pour leurs activit\u00e9s de livraison<\/span> <span style=\"color: #333333;\">et de retrait de commandes et \u00e0 l\u2019exception des activit\u00e9s autoris\u00e9es dans l\u2019annexe du d\u00e9cret (voir <\/span><span style=\"color: #333333;\">point 3.4) ;<\/span><br \/><span style=\"color: #333333;\">\u2022 ERP de type N : restaurants et d\u00e9bits de boissons, sauf pour leurs activit\u00e9s de livraison et de <\/span><span style=\"color: #333333;\">vente \u00e0 emporter, le \u00ab room service \u00bb des restaurants et bars d&#8217;h\u00f4tels et la restauration collective<\/span> <span style=\"color: #333333;\">sous contrat ;<\/span><br \/><span style=\"color: #333333;\">\u2022 ERP de type T : salles d&#8217;expositions, foires-expositions et salons ayant un caract\u00e8re temporaire ;<\/span><br \/><span style=\"color: #333333;\">\u2022 ERP de type U : \u00e9tablissements de cure thermale ou de thalassoth\u00e9rapie ;<\/span><br \/><span style=\"color: #333333;\">\u2022 Fermeture des campings, villages vacances et h\u00e9bergements touristiques, sauf lorsqu\u2019ils<\/span> <span style=\"color: #333333;\">constituent pour ceux qui y vivent un domicile r\u00e9gulier ou pour l\u2019accueil de personnes en isolement <\/span><span style=\"color: #333333;\">ou en quarantaine.<\/span><\/p>\t\t\t\t\t\t\t\t<\/div>\n\t\t\t\t<\/div>\n\t\t\t\t\t<\/div>\n\t\t<\/div>\n\t\t\t\t\t<\/div>\n\t\t<\/section>\n\t\t\t\t<\/div>\n\t\t","protected":false},"excerpt":{"rendered":"<p>Le pr\u00e9sident de la R\u00e9publique a annonc\u00e9 le reconfinement de l\u2019ensemble du territoire national \u00e0 compter de ce vendredi 30 octobre \u00e0 00h00, jusqu\u2019au 1er d\u00e9cembre. Les mesures suivantes ont \u00e9t\u00e9 annonc\u00e9es : l\u2019interdiction de se d\u00e9placer, sauf motif valable (aller travailler, RDV m\u00e9dicaux, faire ses courses, motif familial imp\u00e9rieux\u2026). Il faudra \u00eatre muni d\u2019une [&hellip;]<\/p>\n","protected":false},"author":1,"featured_media":1800,"comment_status":"closed","ping_status":"closed","sticky":false,"template":"","format":"standard","meta":{"_crdt_document":"","ocean_post_layout":"","ocean_both_sidebars_style":"","ocean_both_sidebars_content_width":0,"ocean_both_sidebars_sidebars_width":0,"ocean_sidebar":"","ocean_second_sidebar":"","ocean_disable_margins":"enable","ocean_add_body_class":"","ocean_shortcode_before_top_bar":"","ocean_shortcode_after_top_bar":"","ocean_shortcode_before_header":"","ocean_shortcode_after_header":"","ocean_has_shortcode":"","ocean_shortcode_after_title":"","ocean_shortcode_before_footer_widgets":"","ocean_shortcode_after_footer_widgets":"","ocean_shortcode_before_footer_bottom":"","ocean_shortcode_after_footer_bottom":"","ocean_display_top_bar":"default","ocean_display_header":"default","ocean_header_style":"","ocean_center_header_left_menu":"","ocean_custom_header_template":"","ocean_custom_logo":0,"ocean_custom_retina_logo":0,"ocean_custom_logo_max_width":0,"ocean_custom_logo_tablet_max_width":0,"ocean_custom_logo_mobile_max_width":0,"ocean_custom_logo_max_height":0,"ocean_custom_logo_tablet_max_height":0,"ocean_custom_logo_mobile_max_height":0,"ocean_header_custom_menu":"","ocean_menu_typo_font_family":"","ocean_menu_typo_font_subset":"","ocean_menu_typo_font_size":0,"ocean_menu_typo_font_size_tablet":0,"ocean_menu_typo_font_size_mobile":0,"ocean_menu_typo_font_size_unit":"px","ocean_menu_typo_font_weight":"","ocean_menu_typo_font_weight_tablet":"","ocean_menu_typo_font_weight_mobile":"","ocean_menu_typo_transform":"","ocean_menu_typo_transform_tablet":"","ocean_menu_typo_transform_mobile":"","ocean_menu_typo_line_height":0,"ocean_menu_typo_line_height_tablet":0,"ocean_menu_typo_line_height_mobile":0,"ocean_menu_typo_line_height_unit":"","ocean_menu_typo_spacing":0,"ocean_menu_typo_spacing_tablet":0,"ocean_menu_typo_spacing_mobile":0,"ocean_menu_typo_spacing_unit":"","ocean_menu_link_color":"","ocean_menu_link_color_hover":"","ocean_menu_link_color_active":"","ocean_menu_link_background":"","ocean_menu_link_hover_background":"","ocean_menu_link_active_background":"","ocean_menu_social_links_bg":"","ocean_menu_social_hover_links_bg":"","ocean_menu_social_links_color":"","ocean_menu_social_hover_links_color":"","ocean_disable_title":"default","ocean_disable_heading":"default","ocean_post_title":"","ocean_post_subheading":"","ocean_post_title_style":"","ocean_post_title_background_color":"","ocean_post_title_background":0,"ocean_post_title_bg_image_position":"","ocean_post_title_bg_image_attachment":"","ocean_post_title_bg_image_repeat":"","ocean_post_title_bg_image_size":"","ocean_post_title_height":0,"ocean_post_title_bg_overlay":0.5,"ocean_post_title_bg_overlay_color":"","ocean_disable_breadcrumbs":"default","ocean_breadcrumbs_color":"","ocean_breadcrumbs_separator_color":"","ocean_breadcrumbs_links_color":"","ocean_breadcrumbs_links_hover_color":"","ocean_display_footer_widgets":"default","ocean_display_footer_bottom":"default","ocean_custom_footer_template":"","ocean_post_oembed":"","ocean_post_self_hosted_media":"","ocean_post_video_embed":"","ocean_link_format":"","ocean_link_format_target":"self","ocean_quote_format":"","ocean_quote_format_link":"post","ocean_gallery_link_images":"on","ocean_gallery_id":[],"footnotes":""},"categories":[271],"tags":[439,188,292,437,436,438],"class_list":["post-1786","post","type-post","status-publish","format-standard","has-post-thumbnail","hentry","category-covid-19","tag-application","tag-coronavirus","tag-gestes-barriere","tag-mesures","tag-reconfinement","tag-tousanticovid","entry","has-media"],"yoast_head":"<!-- This site is optimized with the Yoast SEO plugin v27.3 - https:\/\/yoast.com\/product\/yoast-seo-wordpress\/ -->\n<title>COVID-19 : Reconfinement - Ville de Thiant<\/title>\n<meta name=\"robots\" content=\"index, follow, max-snippet:-1, max-image-preview:large, max-video-preview:-1\" \/>\n<link rel=\"canonical\" href=\"https:\/\/thiant.fr\/wordpress\/covid-19-reconfinement\/\" \/>\n<meta property=\"og:locale\" content=\"fr_FR\" \/>\n<meta property=\"og:type\" content=\"article\" \/>\n<meta property=\"og:title\" content=\"COVID-19 : Reconfinement - Ville de Thiant\" \/>\n<meta property=\"og:description\" content=\"Le pr\u00e9sident de la R\u00e9publique a annonc\u00e9 le reconfinement de l\u2019ensemble du territoire national \u00e0 compter de ce vendredi 30 octobre \u00e0 00h00, jusqu\u2019au 1er d\u00e9cembre. Les mesures suivantes ont \u00e9t\u00e9 annonc\u00e9es : l\u2019interdiction de se d\u00e9placer, sauf motif valable (aller travailler, RDV m\u00e9dicaux, faire ses courses, motif familial imp\u00e9rieux\u2026). Il faudra \u00eatre muni d\u2019une [&hellip;]\" \/>\n<meta property=\"og:url\" content=\"https:\/\/thiant.fr\/wordpress\/covid-19-reconfinement\/\" \/>\n<meta property=\"og:site_name\" content=\"Ville de Thiant\" \/>\n<meta property=\"article:published_time\" content=\"2020-10-31T17:13:56+00:00\" \/>\n<meta property=\"article:modified_time\" content=\"2020-11-02T13:45:24+00:00\" \/>\n<meta property=\"og:image\" content=\"https:\/\/thiant.fr\/wordpress\/wp-content\/uploads\/2020\/10\/Prefet-Nord-e1616753120375.jpg\" \/>\n\t<meta property=\"og:image:width\" content=\"134\" \/>\n\t<meta property=\"og:image:height\" content=\"134\" \/>\n\t<meta property=\"og:image:type\" content=\"image\/jpeg\" \/>\n<meta name=\"author\" content=\"Service communication\" \/>\n<meta name=\"twitter:card\" content=\"summary_large_image\" \/>\n<meta name=\"twitter:label1\" content=\"\u00c9crit par\" \/>\n\t<meta name=\"twitter:data1\" content=\"Service communication\" \/>\n\t<meta name=\"twitter:label2\" content=\"Dur\u00e9e de lecture estim\u00e9e\" \/>\n\t<meta name=\"twitter:data2\" content=\"8 minutes\" \/>\n<script type=\"application\/ld+json\" class=\"yoast-schema-graph\">{\"@context\":\"https:\\\/\\\/schema.org\",\"@graph\":[{\"@type\":\"Article\",\"@id\":\"https:\\\/\\\/thiant.fr\\\/wordpress\\\/covid-19-reconfinement\\\/#article\",\"isPartOf\":{\"@id\":\"https:\\\/\\\/thiant.fr\\\/wordpress\\\/covid-19-reconfinement\\\/\"},\"author\":{\"name\":\"Service communication\",\"@id\":\"https:\\\/\\\/thiant.fr\\\/wordpress\\\/#\\\/schema\\\/person\\\/f41122130d18c0720657431d990451c6\"},\"headline\":\"COVID-19 : Reconfinement\",\"datePublished\":\"2020-10-31T17:13:56+00:00\",\"dateModified\":\"2020-11-02T13:45:24+00:00\",\"mainEntityOfPage\":{\"@id\":\"https:\\\/\\\/thiant.fr\\\/wordpress\\\/covid-19-reconfinement\\\/\"},\"wordCount\":1593,\"publisher\":{\"@id\":\"https:\\\/\\\/thiant.fr\\\/wordpress\\\/#organization\"},\"image\":{\"@id\":\"https:\\\/\\\/thiant.fr\\\/wordpress\\\/covid-19-reconfinement\\\/#primaryimage\"},\"thumbnailUrl\":\"https:\\\/\\\/thiant.fr\\\/wordpress\\\/wp-content\\\/uploads\\\/2020\\\/10\\\/Prefet-Nord-e1616753120375.jpg\",\"keywords\":[\"application\",\"coronavirus\",\"gestes barri\u00e8re\",\"mesures\",\"reconfinement\",\"tousanticovid\"],\"articleSection\":[\"COVID-19\"],\"inLanguage\":\"fr-FR\"},{\"@type\":\"WebPage\",\"@id\":\"https:\\\/\\\/thiant.fr\\\/wordpress\\\/covid-19-reconfinement\\\/\",\"url\":\"https:\\\/\\\/thiant.fr\\\/wordpress\\\/covid-19-reconfinement\\\/\",\"name\":\"COVID-19 : Reconfinement - Ville de Thiant\",\"isPartOf\":{\"@id\":\"https:\\\/\\\/thiant.fr\\\/wordpress\\\/#website\"},\"primaryImageOfPage\":{\"@id\":\"https:\\\/\\\/thiant.fr\\\/wordpress\\\/covid-19-reconfinement\\\/#primaryimage\"},\"image\":{\"@id\":\"https:\\\/\\\/thiant.fr\\\/wordpress\\\/covid-19-reconfinement\\\/#primaryimage\"},\"thumbnailUrl\":\"https:\\\/\\\/thiant.fr\\\/wordpress\\\/wp-content\\\/uploads\\\/2020\\\/10\\\/Prefet-Nord-e1616753120375.jpg\",\"datePublished\":\"2020-10-31T17:13:56+00:00\",\"dateModified\":\"2020-11-02T13:45:24+00:00\",\"breadcrumb\":{\"@id\":\"https:\\\/\\\/thiant.fr\\\/wordpress\\\/covid-19-reconfinement\\\/#breadcrumb\"},\"inLanguage\":\"fr-FR\",\"potentialAction\":[{\"@type\":\"ReadAction\",\"target\":[\"https:\\\/\\\/thiant.fr\\\/wordpress\\\/covid-19-reconfinement\\\/\"]}]},{\"@type\":\"ImageObject\",\"inLanguage\":\"fr-FR\",\"@id\":\"https:\\\/\\\/thiant.fr\\\/wordpress\\\/covid-19-reconfinement\\\/#primaryimage\",\"url\":\"https:\\\/\\\/thiant.fr\\\/wordpress\\\/wp-content\\\/uploads\\\/2020\\\/10\\\/Prefet-Nord-e1616753120375.jpg\",\"contentUrl\":\"https:\\\/\\\/thiant.fr\\\/wordpress\\\/wp-content\\\/uploads\\\/2020\\\/10\\\/Prefet-Nord-e1616753120375.jpg\",\"width\":134,\"height\":134},{\"@type\":\"BreadcrumbList\",\"@id\":\"https:\\\/\\\/thiant.fr\\\/wordpress\\\/covid-19-reconfinement\\\/#breadcrumb\",\"itemListElement\":[{\"@type\":\"ListItem\",\"position\":1,\"name\":\"Accueil\",\"item\":\"https:\\\/\\\/thiant.fr\\\/wordpress\\\/\"},{\"@type\":\"ListItem\",\"position\":2,\"name\":\"COVID-19 : Reconfinement\"}]},{\"@type\":\"WebSite\",\"@id\":\"https:\\\/\\\/thiant.fr\\\/wordpress\\\/#website\",\"url\":\"https:\\\/\\\/thiant.fr\\\/wordpress\\\/\",\"name\":\"Ville de Thiant\",\"description\":\"Site officiel de la ville de Thiant\",\"publisher\":{\"@id\":\"https:\\\/\\\/thiant.fr\\\/wordpress\\\/#organization\"},\"potentialAction\":[{\"@type\":\"SearchAction\",\"target\":{\"@type\":\"EntryPoint\",\"urlTemplate\":\"https:\\\/\\\/thiant.fr\\\/wordpress\\\/?s={search_term_string}\"},\"query-input\":{\"@type\":\"PropertyValueSpecification\",\"valueRequired\":true,\"valueName\":\"search_term_string\"}}],\"inLanguage\":\"fr-FR\"},{\"@type\":\"Organization\",\"@id\":\"https:\\\/\\\/thiant.fr\\\/wordpress\\\/#organization\",\"name\":\"Ville de Thiant\",\"url\":\"https:\\\/\\\/thiant.fr\\\/wordpress\\\/\",\"logo\":{\"@type\":\"ImageObject\",\"inLanguage\":\"fr-FR\",\"@id\":\"https:\\\/\\\/thiant.fr\\\/wordpress\\\/#\\\/schema\\\/logo\\\/image\\\/\",\"url\":\"https:\\\/\\\/thiant.fr\\\/wordpress\\\/wp-content\\\/uploads\\\/2019\\\/08\\\/Thiant_Illdy_4.png\",\"contentUrl\":\"https:\\\/\\\/thiant.fr\\\/wordpress\\\/wp-content\\\/uploads\\\/2019\\\/08\\\/Thiant_Illdy_4.png\",\"width\":105,\"height\":75,\"caption\":\"Ville de Thiant\"},\"image\":{\"@id\":\"https:\\\/\\\/thiant.fr\\\/wordpress\\\/#\\\/schema\\\/logo\\\/image\\\/\"}},{\"@type\":\"Person\",\"@id\":\"https:\\\/\\\/thiant.fr\\\/wordpress\\\/#\\\/schema\\\/person\\\/f41122130d18c0720657431d990451c6\",\"name\":\"Service communication\",\"image\":{\"@type\":\"ImageObject\",\"inLanguage\":\"fr-FR\",\"@id\":\"https:\\\/\\\/secure.gravatar.com\\\/avatar\\\/527d4f1f1330a82db5a7ea7738ddeb994fd26c4537512a833d99b387808ee250?s=96&r=g\",\"url\":\"https:\\\/\\\/secure.gravatar.com\\\/avatar\\\/527d4f1f1330a82db5a7ea7738ddeb994fd26c4537512a833d99b387808ee250?s=96&r=g\",\"contentUrl\":\"https:\\\/\\\/secure.gravatar.com\\\/avatar\\\/527d4f1f1330a82db5a7ea7738ddeb994fd26c4537512a833d99b387808ee250?s=96&r=g\",\"caption\":\"Service communication\"},\"url\":\"https:\\\/\\\/thiant.fr\\\/wordpress\\\/author\\\/adminwpress\\\/\"}]}<\/script>\n<!-- \/ Yoast SEO plugin. -->","yoast_head_json":{"title":"COVID-19 : Reconfinement - Ville de Thiant","robots":{"index":"index","follow":"follow","max-snippet":"max-snippet:-1","max-image-preview":"max-image-preview:large","max-video-preview":"max-video-preview:-1"},"canonical":"https:\/\/thiant.fr\/wordpress\/covid-19-reconfinement\/","og_locale":"fr_FR","og_type":"article","og_title":"COVID-19 : Reconfinement - Ville de Thiant","og_description":"Le pr\u00e9sident de la R\u00e9publique a annonc\u00e9 le reconfinement de l\u2019ensemble du territoire national \u00e0 compter de ce vendredi 30 octobre \u00e0 00h00, jusqu\u2019au 1er d\u00e9cembre. Les mesures suivantes ont \u00e9t\u00e9 annonc\u00e9es : l\u2019interdiction de se d\u00e9placer, sauf motif valable (aller travailler, RDV m\u00e9dicaux, faire ses courses, motif familial imp\u00e9rieux\u2026). Il faudra \u00eatre muni d\u2019une [&hellip;]","og_url":"https:\/\/thiant.fr\/wordpress\/covid-19-reconfinement\/","og_site_name":"Ville de Thiant","article_published_time":"2020-10-31T17:13:56+00:00","article_modified_time":"2020-11-02T13:45:24+00:00","og_image":[{"width":134,"height":134,"url":"https:\/\/thiant.fr\/wordpress\/wp-content\/uploads\/2020\/10\/Prefet-Nord-e1616753120375.jpg","type":"image\/jpeg"}],"author":"Service communication","twitter_card":"summary_large_image","twitter_misc":{"\u00c9crit par":"Service communication","Dur\u00e9e de lecture estim\u00e9e":"8 minutes"},"schema":{"@context":"https:\/\/schema.org","@graph":[{"@type":"Article","@id":"https:\/\/thiant.fr\/wordpress\/covid-19-reconfinement\/#article","isPartOf":{"@id":"https:\/\/thiant.fr\/wordpress\/covid-19-reconfinement\/"},"author":{"name":"Service communication","@id":"https:\/\/thiant.fr\/wordpress\/#\/schema\/person\/f41122130d18c0720657431d990451c6"},"headline":"COVID-19 : Reconfinement","datePublished":"2020-10-31T17:13:56+00:00","dateModified":"2020-11-02T13:45:24+00:00","mainEntityOfPage":{"@id":"https:\/\/thiant.fr\/wordpress\/covid-19-reconfinement\/"},"wordCount":1593,"publisher":{"@id":"https:\/\/thiant.fr\/wordpress\/#organization"},"image":{"@id":"https:\/\/thiant.fr\/wordpress\/covid-19-reconfinement\/#primaryimage"},"thumbnailUrl":"https:\/\/thiant.fr\/wordpress\/wp-content\/uploads\/2020\/10\/Prefet-Nord-e1616753120375.jpg","keywords":["application","coronavirus","gestes barri\u00e8re","mesures","reconfinement","tousanticovid"],"articleSection":["COVID-19"],"inLanguage":"fr-FR"},{"@type":"WebPage","@id":"https:\/\/thiant.fr\/wordpress\/covid-19-reconfinement\/","url":"https:\/\/thiant.fr\/wordpress\/covid-19-reconfinement\/","name":"COVID-19 : Reconfinement - Ville de Thiant","isPartOf":{"@id":"https:\/\/thiant.fr\/wordpress\/#website"},"primaryImageOfPage":{"@id":"https:\/\/thiant.fr\/wordpress\/covid-19-reconfinement\/#primaryimage"},"image":{"@id":"https:\/\/thiant.fr\/wordpress\/covid-19-reconfinement\/#primaryimage"},"thumbnailUrl":"https:\/\/thiant.fr\/wordpress\/wp-content\/uploads\/2020\/10\/Prefet-Nord-e1616753120375.jpg","datePublished":"2020-10-31T17:13:56+00:00","dateModified":"2020-11-02T13:45:24+00:00","breadcrumb":{"@id":"https:\/\/thiant.fr\/wordpress\/covid-19-reconfinement\/#breadcrumb"},"inLanguage":"fr-FR","potentialAction":[{"@type":"ReadAction","target":["https:\/\/thiant.fr\/wordpress\/covid-19-reconfinement\/"]}]},{"@type":"ImageObject","inLanguage":"fr-FR","@id":"https:\/\/thiant.fr\/wordpress\/covid-19-reconfinement\/#primaryimage","url":"https:\/\/thiant.fr\/wordpress\/wp-content\/uploads\/2020\/10\/Prefet-Nord-e1616753120375.jpg","contentUrl":"https:\/\/thiant.fr\/wordpress\/wp-content\/uploads\/2020\/10\/Prefet-Nord-e1616753120375.jpg","width":134,"height":134},{"@type":"BreadcrumbList","@id":"https:\/\/thiant.fr\/wordpress\/covid-19-reconfinement\/#breadcrumb","itemListElement":[{"@type":"ListItem","position":1,"name":"Accueil","item":"https:\/\/thiant.fr\/wordpress\/"},{"@type":"ListItem","position":2,"name":"COVID-19 : Reconfinement"}]},{"@type":"WebSite","@id":"https:\/\/thiant.fr\/wordpress\/#website","url":"https:\/\/thiant.fr\/wordpress\/","name":"Ville de Thiant","description":"Site officiel de la ville de Thiant","publisher":{"@id":"https:\/\/thiant.fr\/wordpress\/#organization"},"potentialAction":[{"@type":"SearchAction","target":{"@type":"EntryPoint","urlTemplate":"https:\/\/thiant.fr\/wordpress\/?s={search_term_string}"},"query-input":{"@type":"PropertyValueSpecification","valueRequired":true,"valueName":"search_term_string"}}],"inLanguage":"fr-FR"},{"@type":"Organization","@id":"https:\/\/thiant.fr\/wordpress\/#organization","name":"Ville de Thiant","url":"https:\/\/thiant.fr\/wordpress\/","logo":{"@type":"ImageObject","inLanguage":"fr-FR","@id":"https:\/\/thiant.fr\/wordpress\/#\/schema\/logo\/image\/","url":"https:\/\/thiant.fr\/wordpress\/wp-content\/uploads\/2019\/08\/Thiant_Illdy_4.png","contentUrl":"https:\/\/thiant.fr\/wordpress\/wp-content\/uploads\/2019\/08\/Thiant_Illdy_4.png","width":105,"height":75,"caption":"Ville de Thiant"},"image":{"@id":"https:\/\/thiant.fr\/wordpress\/#\/schema\/logo\/image\/"}},{"@type":"Person","@id":"https:\/\/thiant.fr\/wordpress\/#\/schema\/person\/f41122130d18c0720657431d990451c6","name":"Service communication","image":{"@type":"ImageObject","inLanguage":"fr-FR","@id":"https:\/\/secure.gravatar.com\/avatar\/527d4f1f1330a82db5a7ea7738ddeb994fd26c4537512a833d99b387808ee250?s=96&r=g","url":"https:\/\/secure.gravatar.com\/avatar\/527d4f1f1330a82db5a7ea7738ddeb994fd26c4537512a833d99b387808ee250?s=96&r=g","contentUrl":"https:\/\/secure.gravatar.com\/avatar\/527d4f1f1330a82db5a7ea7738ddeb994fd26c4537512a833d99b387808ee250?s=96&r=g","caption":"Service communication"},"url":"https:\/\/thiant.fr\/wordpress\/author\/adminwpress\/"}]}},"_links":{"self":[{"href":"https:\/\/thiant.fr\/wordpress\/wp-json\/wp\/v2\/posts\/1786","targetHints":{"allow":["GET"]}}],"collection":[{"href":"https:\/\/thiant.fr\/wordpress\/wp-json\/wp\/v2\/posts"}],"about":[{"href":"https:\/\/thiant.fr\/wordpress\/wp-json\/wp\/v2\/types\/post"}],"author":[{"embeddable":true,"href":"https:\/\/thiant.fr\/wordpress\/wp-json\/wp\/v2\/users\/1"}],"replies":[{"embeddable":true,"href":"https:\/\/thiant.fr\/wordpress\/wp-json\/wp\/v2\/comments?post=1786"}],"version-history":[{"count":0,"href":"https:\/\/thiant.fr\/wordpress\/wp-json\/wp\/v2\/posts\/1786\/revisions"}],"wp:featuredmedia":[{"embeddable":true,"href":"https:\/\/thiant.fr\/wordpress\/wp-json\/wp\/v2\/media\/1800"}],"wp:attachment":[{"href":"https:\/\/thiant.fr\/wordpress\/wp-json\/wp\/v2\/media?parent=1786"}],"wp:term":[{"taxonomy":"category","embeddable":true,"href":"https:\/\/thiant.fr\/wordpress\/wp-json\/wp\/v2\/categories?post=1786"},{"taxonomy":"post_tag","embeddable":true,"href":"https:\/\/thiant.fr\/wordpress\/wp-json\/wp\/v2\/tags?post=1786"}],"curies":[{"name":"wp","href":"https:\/\/api.w.org\/{rel}","templated":true}]}}