{"id":1861,"date":"2020-11-16T15:06:16","date_gmt":"2020-11-16T14:06:16","guid":{"rendered":"https:\/\/thiant.fr\/wordpress\/?p=1861"},"modified":"2020-11-16T16:45:30","modified_gmt":"2020-11-16T15:45:30","slug":"covid-19-les-mesures-de-soutien-economique","status":"publish","type":"post","link":"https:\/\/thiant.fr\/wordpress\/covid-19-les-mesures-de-soutien-economique\/","title":{"rendered":"COVID-19 : Les mesures de soutien \u00e9conomique"},"content":{"rendered":"\t\t<div data-elementor-type=\"wp-post\" data-elementor-id=\"1861\" class=\"elementor elementor-1861\">\n\t\t\t\t\t\t<section class=\"elementor-section elementor-top-section elementor-element elementor-element-b7ff207 elementor-section-content-middle elementor-section-boxed elementor-section-height-default elementor-section-height-default\" data-id=\"b7ff207\" data-element_type=\"section\" data-e-type=\"section\">\n\t\t\t\t\t\t<div class=\"elementor-container elementor-column-gap-no\">\n\t\t\t\t\t<div class=\"elementor-column elementor-col-33 elementor-top-column elementor-element elementor-element-28ad6e4\" data-id=\"28ad6e4\" data-element_type=\"column\" data-e-type=\"column\">\n\t\t\t<div class=\"elementor-widget-wrap elementor-element-populated\">\n\t\t\t\t\t\t<div class=\"elementor-element elementor-element-48e36fa elementor-widget elementor-widget-image\" data-id=\"48e36fa\" data-element_type=\"widget\" data-e-type=\"widget\" data-widget_type=\"image.default\">\n\t\t\t\t<div class=\"elementor-widget-container\">\n\t\t\t\t\t\t\t\t\t\t\t\t\t\t\t\t<a href=\"https:\/\/thiant.fr\/wordpress\/documents_ext\/COVID-19\/Les-mesures-de-soutien-economique.pdf\" target=\"_blank\">\n\t\t\t\t\t\t\t<img fetchpriority=\"high\" decoding=\"async\" width=\"568\" height=\"800\" src=\"https:\/\/thiant.fr\/wordpress\/wp-content\/uploads\/2020\/11\/Les-mesures-de-soutien-economique.png\" class=\"attachment-large size-large wp-image-1865\" alt=\"\" srcset=\"https:\/\/thiant.fr\/wordpress\/wp-content\/uploads\/2020\/11\/Les-mesures-de-soutien-economique.png 568w, https:\/\/thiant.fr\/wordpress\/wp-content\/uploads\/2020\/11\/Les-mesures-de-soutien-economique-213x300.png 213w\" sizes=\"(max-width: 568px) 100vw, 568px\" \/>\t\t\t\t\t\t\t\t<\/a>\n\t\t\t\t\t\t\t\t\t\t\t\t\t\t\t<\/div>\n\t\t\t\t<\/div>\n\t\t\t\t\t<\/div>\n\t\t<\/div>\n\t\t\t\t<div class=\"elementor-column elementor-col-66 elementor-top-column elementor-element elementor-element-0501bb5\" data-id=\"0501bb5\" data-element_type=\"column\" data-e-type=\"column\">\n\t\t\t<div class=\"elementor-widget-wrap elementor-element-populated\">\n\t\t\t\t\t\t<div class=\"elementor-element elementor-element-883ef1c elementor-widget elementor-widget-text-editor\" data-id=\"883ef1c\" data-element_type=\"widget\" data-e-type=\"widget\" data-widget_type=\"text-editor.default\">\n\t\t\t\t<div class=\"elementor-widget-container\">\n\t\t\t\t\t\t\t\t\t<h4><span style=\"color: #008000;\">Les mesures de soutien \u00e9conomique<\/span><\/h4><p><span style=\"color: #000080;\">Acc\u00e9dez au PDF en cliquant sur l&#8217;image ci-contre, allez directement sur le <\/span><a href=\"https:\/\/www.economie.gouv.fr\/covid19-soutien-entreprises\/commercants-aides-covid19\" target=\"_blank\" rel=\"noopener\">site du gouvernement<\/a> <span style=\"color: #000080;\">ou lisez ce qui suit pour vous informer des mesures mises en place par le gouvernement pour aider les commer\u00e7ants durant la crise sanitaire de la COVID-19.<\/span><\/p>\t\t\t\t\t\t\t\t<\/div>\n\t\t\t\t<\/div>\n\t\t\t\t\t<\/div>\n\t\t<\/div>\n\t\t\t\t\t<\/div>\n\t\t<\/section>\n\t\t\t\t<section class=\"elementor-section elementor-top-section elementor-element elementor-element-f7019e9 elementor-section-boxed elementor-section-height-default elementor-section-height-default\" data-id=\"f7019e9\" data-element_type=\"section\" data-e-type=\"section\">\n\t\t\t\t\t\t<div class=\"elementor-container elementor-column-gap-default\">\n\t\t\t\t\t<div class=\"elementor-column elementor-col-100 elementor-top-column elementor-element elementor-element-045b75a\" data-id=\"045b75a\" data-element_type=\"column\" data-e-type=\"column\">\n\t\t\t<div class=\"elementor-widget-wrap elementor-element-populated\">\n\t\t\t\t\t\t<div class=\"elementor-element elementor-element-d7a7aa5 elementor-widget elementor-widget-text-editor\" data-id=\"d7a7aa5\" data-element_type=\"widget\" data-e-type=\"widget\" data-widget_type=\"text-editor.default\">\n\t\t\t\t<div class=\"elementor-widget-container\">\n\t\t\t\t\t\t\t\t\t<h4><span style=\"color: #000080;\">Vous \u00eates une entreprise et votre activit\u00e9 est impact\u00e9e par la COVID-19<\/span><\/h4><h6><span style=\"color: #0000ff;\">Quelles sont les nouvelles mesures de soutien annonc\u00e9es par le Gouvernement dans le cadre du confinement ?<\/span><\/h6><p><span style=\"color: #003366;\">Le Gouvernement a annonc\u00e9 le renforcement des mesures \u00e9conomiques d\u2019urgence pour les entreprises dans le cadre du confinement annonc\u00e9 par le pr\u00e9sident de la R\u00e9publique le 28 octobre dernier.<\/span><\/p><h6><span style=\"color: #ff0000;\">Le renforcement du Fonds de solidarit\u00e9<\/span><\/h6><ul><li><strong><span style=\"color: #0000ff;\">Vous \u00eates une entreprise ferm\u00e9e administrativement :<\/span><\/strong><\/li><\/ul><p style=\"padding-left: 40px;\"><span style=\"color: #333333;\">Les entreprises de moins de 50 salari\u00e9s ferm\u00e9es administrativement pourront recevoir une indemnisation mensuelle des pertes de leur chiffre d\u2019affaires (hors chiffre d\u2019affaires r\u00e9alis\u00e9 sur les activit\u00e9s de vente \u00e0 distance avec retrait en magasin ou livraison) allant jusqu\u2019\u00e0 10 000 \u20ac.<\/span><\/p><ul><li><strong><span style=\"color: #0000ff;\">Vous \u00eates une entreprise des secteurs du tourisme, \u00e9v\u00e9nementiel, culture, sport et des secteurs li\u00e9s (S1 et S1bis) qui reste ouverte mais qui est durablement touch\u00e9e par la crise :<\/span><\/strong><\/li><\/ul><p style=\"padding-left: 40px;\"><span style=\"color: #333333;\">Les entreprises de moins de 50 salari\u00e9s des secteurs du tourisme, \u00e9v\u00e9nementiel, culture, sport (S1) qui ne ferment pas mais qui subissent une perte de chiffre d\u2019affaires d\u2019au moins 50%, b\u00e9n\u00e9ficieront \u00e9gale-ment de cette indemnisation mensuelle allant jusqu\u2019\u00e0 10 000 \u20ac.<\/span><\/p><p style=\"padding-left: 40px;\"><span style=\"color: #333333;\">Pour les entreprises des secteurs li\u00e9s (S1bis) l\u2019aide peut aller jusqu\u2019\u00e0 10 000 \u20ac dans la limite de 80% de la perte du chiffre d\u2019affaires.<\/span><\/p><ul><li><strong><span style=\"color: #0000ff;\">Votre entreprise, quel que soit son secteur, reste ouverte mais est impact\u00e9e par le confinement :<\/span><\/strong><\/li><\/ul><p style=\"padding-left: 40px;\"><span style=\"color: #333333;\">Pour toutes les autres entreprises de moins de 50 salari\u00e9s qui peuvent rester ouvertes mais qui subis-sent une perte de plus de 50 % de leur chiffre d\u2019affaires, l\u2019aide du fonds de solidarit\u00e9 pouvant aller jusqu\u2019\u00e0 1 500 \u20ac par mois est r\u00e9tablie.<\/span><\/p>\t\t\t\t\t\t\t\t<\/div>\n\t\t\t\t<\/div>\n\t\t\t\t\t<\/div>\n\t\t<\/div>\n\t\t\t\t\t<\/div>\n\t\t<\/section>\n\t\t\t\t<section class=\"elementor-section elementor-top-section elementor-element elementor-element-04925b5 elementor-section-boxed elementor-section-height-default elementor-section-height-default\" data-id=\"04925b5\" data-element_type=\"section\" data-e-type=\"section\">\n\t\t\t\t\t\t<div class=\"elementor-container elementor-column-gap-default\">\n\t\t\t\t\t<div class=\"elementor-column elementor-col-100 elementor-top-column elementor-element elementor-element-2a9e596\" data-id=\"2a9e596\" data-element_type=\"column\" data-e-type=\"column\">\n\t\t\t<div class=\"elementor-widget-wrap elementor-element-populated\">\n\t\t\t\t\t\t<div class=\"elementor-element elementor-element-caeba43 elementor-widget elementor-widget-text-editor\" data-id=\"caeba43\" data-element_type=\"widget\" data-e-type=\"widget\" data-widget_type=\"text-editor.default\">\n\t\t\t\t<div class=\"elementor-widget-container\">\n\t\t\t\t\t\t\t\t\t<p><span style=\"color: #333333;\">\u2192 Toutes les entreprises \u00e9ligibles au fonds de solidarit\u00e9 pourront recevoir leur indemnisation au titre du mois de novembre en se d\u00e9clarant sur le site <a href=\"https:\/\/impots.gouv.fr\" target=\"_blank\" rel=\"noopener\">impots.gouv.fr<\/a>, \u00e0 partir de d\u00e9but d\u00e9cembre. Elles recevront leur aide dans les jours qui suivent leur d\u00e9claration.<\/span><\/p><p><span style=\"color: #333333;\">\u2192 Les entreprises des 54 d\u00e9partements ayant connu un couvre-feu en octobre, pourront remplir leur formulaire sur le site <a href=\"https:\/\/impots.gouv.fr\" target=\"_blank\" rel=\"noopener\">impots.gouv.fr<\/a> \u00e0 partir du 20 novembre. Elles percevront les aides dans les jours qui suivent.<\/span><\/p>\t\t\t\t\t\t\t\t<\/div>\n\t\t\t\t<\/div>\n\t\t\t\t\t<\/div>\n\t\t<\/div>\n\t\t\t\t\t<\/div>\n\t\t<\/section>\n\t\t\t\t<section class=\"elementor-section elementor-top-section elementor-element elementor-element-50da429 elementor-section-boxed elementor-section-height-default elementor-section-height-default\" data-id=\"50da429\" data-element_type=\"section\" data-e-type=\"section\">\n\t\t\t\t\t\t<div class=\"elementor-container elementor-column-gap-default\">\n\t\t\t\t\t<div class=\"elementor-column elementor-col-100 elementor-top-column elementor-element elementor-element-400a92d\" data-id=\"400a92d\" data-element_type=\"column\" data-e-type=\"column\">\n\t\t\t<div class=\"elementor-widget-wrap elementor-element-populated\">\n\t\t\t\t\t\t<div class=\"elementor-element elementor-element-249b200 elementor-widget elementor-widget-text-editor\" data-id=\"249b200\" data-element_type=\"widget\" data-e-type=\"widget\" data-widget_type=\"text-editor.default\">\n\t\t\t\t<div class=\"elementor-widget-container\">\n\t\t\t\t\t\t\t\t\t<h6><span style=\"color: #ff0000;\">Le recours \u00e0 l\u2019activit\u00e9 partielle<\/span><\/h6><ul><li><strong><span style=\"color: #0000ff;\">Si votre entreprise est ferm\u00e9e totalement ou partiellement :<\/span><\/strong><\/li><\/ul><p style=\"padding-left: 40px;\"><span style=\"color: #333333;\">&#8211; Tous les salari\u00e9s, y compris le chef d\u2019entreprise s\u2019il est salari\u00e9, b\u00e9n\u00e9ficient du r\u00e9gime d\u2019activit\u00e9 partielle ;<\/span><br \/><span style=\"color: #333333;\">&#8211; Vous b\u00e9n\u00e9ficiez de l\u2019activit\u00e9 partielle pour vos salari\u00e9s avec z\u00e9ro reste \u00e0 charge ;<\/span><br \/><span style=\"color: #333333;\">&#8211; Ils seront pay\u00e9s 84% de leur r\u00e9mun\u00e9ration nette et il vous sera vers\u00e9 l\u2019\u00e9quivalent de cette somme par l\u2019Etat et l\u2019Un\u00e9dic.<\/span><\/p><ul><li><strong><span style=\"color: #0000ff;\">Si votre entreprise reste ouverte mais que vous devez faire face \u00e0 une r\u00e9duction de votre activit\u00e9, vous b\u00e9n\u00e9ficierez pour vos salari\u00e9s de l\u2019activit\u00e9 partielle :<\/span><\/strong><\/li><\/ul><p style=\"padding-left: 40px;\"><span style=\"color: #333333;\">&#8211; Avec z\u00e9ro reste \u00e0 charge si vous \u00eates dans les secteurs du tourisme, \u00e9v\u00e9nementiel, culture, sport ou les secteurs li\u00e9s ;<\/span><br \/><span style=\"color: #333333;\">&#8211; Avec 15% de reste \u00e0 charge dans les autres secteurs ;<\/span><br \/><span style=\"color: #333333;\">&#8211; Le salari\u00e9 b\u00e9n\u00e9fice toujours de 84% de sa r\u00e9mun\u00e9ration nette.<\/span><\/p>\t\t\t\t\t\t\t\t<\/div>\n\t\t\t\t<\/div>\n\t\t\t\t\t<\/div>\n\t\t<\/div>\n\t\t\t\t\t<\/div>\n\t\t<\/section>\n\t\t\t\t<section class=\"elementor-section elementor-top-section elementor-element elementor-element-6bf2b2a elementor-section-boxed elementor-section-height-default elementor-section-height-default\" data-id=\"6bf2b2a\" data-element_type=\"section\" data-e-type=\"section\">\n\t\t\t\t\t\t<div class=\"elementor-container elementor-column-gap-default\">\n\t\t\t\t\t<div class=\"elementor-column elementor-col-100 elementor-top-column elementor-element elementor-element-79030b7\" data-id=\"79030b7\" data-element_type=\"column\" data-e-type=\"column\">\n\t\t\t<div class=\"elementor-widget-wrap elementor-element-populated\">\n\t\t\t\t\t\t<div class=\"elementor-element elementor-element-b3ea2c0 elementor-widget elementor-widget-text-editor\" data-id=\"b3ea2c0\" data-element_type=\"widget\" data-e-type=\"widget\" data-widget_type=\"text-editor.default\">\n\t\t\t\t<div class=\"elementor-widget-container\">\n\t\t\t\t\t\t\t\t\t<p><span style=\"color: #333333;\">Vous pouvez effectuer vos d\u00e9marches pour d\u00e9clarer votre entreprise en activit\u00e9 partielle sur le site :<\/span> <a href=\"http:\/\/activitepartielle.emploi.gouv.fr\/aparts\/\" target=\"_blank\" rel=\"noopener\">http:\/\/activitepartielle.emploi.gouv.fr\/aparts\/<\/a><\/p>\t\t\t\t\t\t\t\t<\/div>\n\t\t\t\t<\/div>\n\t\t\t\t\t<\/div>\n\t\t<\/div>\n\t\t\t\t\t<\/div>\n\t\t<\/section>\n\t\t\t\t<section class=\"elementor-section elementor-top-section elementor-element elementor-element-f6f3159 elementor-section-boxed elementor-section-height-default elementor-section-height-default\" data-id=\"f6f3159\" data-element_type=\"section\" data-e-type=\"section\">\n\t\t\t\t\t\t<div class=\"elementor-container elementor-column-gap-default\">\n\t\t\t\t\t<div class=\"elementor-column elementor-col-100 elementor-top-column elementor-element elementor-element-40da66c\" data-id=\"40da66c\" data-element_type=\"column\" data-e-type=\"column\">\n\t\t\t<div class=\"elementor-widget-wrap elementor-element-populated\">\n\t\t\t\t\t\t<div class=\"elementor-element elementor-element-fb754c9 elementor-widget elementor-widget-text-editor\" data-id=\"fb754c9\" data-element_type=\"widget\" data-e-type=\"widget\" data-widget_type=\"text-editor.default\">\n\t\t\t\t<div class=\"elementor-widget-container\">\n\t\t\t\t\t\t\t\t\t<h6><span style=\"color: #ff0000;\">Le renforcement et l\u2019\u00e9largissement des exon\u00e9rations de charges sociales<\/span><\/h6><ul><li><strong><span style=\"color: #0000ff;\">Vous \u00eates une entreprise de moins de 50 salari\u00e9s ferm\u00e9e administrativement :<\/span><\/strong><\/li><\/ul><p style=\"padding-left: 40px;\"><span style=\"color: #333333;\">&#8211; Si vous \u00eates un employeur, vous b\u00e9n\u00e9ficierez sur la p\u00e9riode concern\u00e9e d\u2019une exon\u00e9ration totale de vos cotisations sociales patronales hors retraite compl\u00e9mentaire, ainsi qu\u2019une aide au paiement des cotisations sociales de 20% de la masse salariale ;<\/span><br \/><span style=\"color: #333333;\">&#8211; Si vous \u00eates un travailleur ind\u00e9pendant, vous b\u00e9n\u00e9ficiez d\u2019une r\u00e9duction forfaitaire de cotisations sociales.<\/span><\/p><ul><li><strong><span style=\"color: #0000ff;\">Vous \u00eates une entreprise de moins de 250 salari\u00e9s des secteurs du tourisme, de l\u2019\u00e9v\u00e9nementiel, de la culture, du sport, du transport a\u00e9rien ou de secteurs qui en d\u00e9pendent, et vous subissez une perte d\u2019activit\u00e9 d\u2019au moins 50% :<\/span><\/strong><\/li><\/ul><p style=\"padding-left: 40px;\"><span style=\"color: #333333;\">&#8211; Si vous \u00eates un employeur, vous b\u00e9n\u00e9ficierez sur la p\u00e9riode concern\u00e9e d\u2019une exon\u00e9ration totale de vos cotisations sociales patronales hors retraite compl\u00e9mentaire, ainsi qu\u2019une aide au paiement des cotisations sociales de 20% de la masse salariale ;<\/span><br \/><span style=\"color: #333333;\">&#8211; Si vous \u00eates un travailleur ind\u00e9pendant, vous b\u00e9n\u00e9ficiez d\u2019une r\u00e9duction forfaitaire de cotisations sociales.<\/span><\/p><h6><span style=\"color: #ff0000;\">Les reports de charges sociales<\/span><\/h6><ul><li><span style=\"color: #0000ff;\"><strong>Vous \u00eates un employeur :<\/strong><\/span><\/li><\/ul><p style=\"padding-left: 40px;\"><span style=\"color: #333333;\">&#8211; Vous pouvez reporter tout ou partie du paiement de vos cotisations salariales et patronales pour les \u00e9ch\u00e9ances des 5 et 15 novembre 2020, sur simple demande en ligne pr\u00e9alable sur le site des URSSAF.<\/span><br \/><span style=\"color: #333333;\">&#8211; En l\u2019absence de r\u00e9ponse sous 48h, cette demande sera consid\u00e9r\u00e9e comme accept\u00e9e. Les cotisations qui ne seront pas pay\u00e9es sont automatiquement report\u00e9es. Les organismes de recouvrement (URSSAF, caisses de MSA) contacteront ult\u00e9rieurement les employeurs pour leur proposer un plan d\u2019apurement de leurs dettes.<\/span><\/p><ul><li><span style=\"color: #0000ff;\"><strong>Vous \u00eates un travailleur ind\u00e9pendant :<\/strong><\/span><\/li><\/ul><p style=\"padding-left: 40px;\"><span style=\"color: #333333;\">Les cotisations sociales personnelles des travailleurs ind\u00e9pendants hors professionnels de sant\u00e9 conventionn\u00e9s ne seront pas pr\u00e9lev\u00e9es en novembre. Le pr\u00e9l\u00e8vement automatique des \u00e9ch\u00e9ances mensuelles ou trimestrielles du 5 et du 20 novembre ne sera donc pas r\u00e9alis\u00e9, sans que les travailleurs ind\u00e9pendants aient de d\u00e9marche \u00e0 engager.<\/span><\/p><h6><span style=\"color: #ff0000;\">La mise en place d\u2019un cr\u00e9dit d\u2019imp\u00f4t pour r\u00e9duire les loyers<\/span><\/h6><p><span style=\"color: #333333;\">Le Gouvernement introduira dans le projet de loi de finances pour 2021 un cr\u00e9dit d\u2019imp\u00f4t pour inciter les bailleurs \u00e0 annuler une partie de leurs loyers.<\/span><br \/><span style=\"color: #333333;\">Cette mesure b\u00e9n\u00e9ficiera aux entreprises de moins de 250 salari\u00e9s ferm\u00e9es administrativement ou appartenant au secteur de l\u2019h\u00f4tellerie, du commerce et de la restauration (S1).<\/span><br \/><span style=\"color: #333333;\">Ce dispositif \u00e9vitera au bailleur de se retrouver confront\u00e9 \u00e0 un d\u00e9faut de paiement ou \u00e0 des impay\u00e9s du locataire et permettra aux entreprises de b\u00e9n\u00e9ficier de loyers consid\u00e9rablement r\u00e9duits.<\/span><br \/><span style=\"color: #333333;\">&#8211; Tout bailleur qui, sur les trois mois d\u2019octobre, novembre et d\u00e9cembre 2020, accepte de renoncer \u00e0 au moins 1 mois de loyer, pourra b\u00e9n\u00e9ficier d\u2019un cr\u00e9dit d\u2019imp\u00f4t de 30% du montant des loyers abandonn\u00e9s.<\/span><br \/><span style=\"color: #333333;\">&#8211; Par exemple, pour un loyer mensuel de 5 000 euros d\u2019un restaurateur &#8211; soit 15 000 euros sur trois mois &#8211; si le bailleur renonce \u00e0 au moins 5 000 euros, c\u2019est-\u00e0-dire l\u2019\u00e9quivalent d\u2019un mois de loyer, il b\u00e9n\u00e9ficiera d\u2019un cr\u00e9dit d\u2019imp\u00f4t de 1 500 euros.<\/span><\/p><h6><span style=\"color: #ff0000;\">Le renforcement des pr\u00eats garantis par l\u2019\u00c9tat et des pr\u00eats directs de l\u2019\u00c9tat aux entreprises<\/span><\/h6><ul><li><span style=\"color: #0000ff;\"><strong>Vous \u00eates une entreprise et vous souhaitez contracter un pr\u00eat garanti par l\u2019\u00c9tat :<\/strong><\/span><\/li><\/ul><p style=\"padding-left: 40px;\"><span style=\"color: #333333;\">&#8211; Toutes les entreprises pourront contracter un pr\u00eat garanti par l\u2019\u00c9tat jusqu\u2019au 30 juin 2021 au lieu du 31 d\u00e9cembre 2020 en s\u2019adressant \u00e0 leur conseiller bancaire ;<\/span><br \/><span style=\"color: #333333;\">&#8211; L\u2019amortissement du pr\u00eat garanti par l\u2019\u00c9tat pourra \u00eatre \u00e9tal\u00e9 entre une et cinq ann\u00e9es suppl\u00e9mentaires, avec des taux pour les petites et moyennes entreprises n\u00e9goci\u00e9s avec les banques fran\u00e7aises compris entre 1 et 2,5 %, garantie de l\u2019\u00c9tat comprise ;<\/span><br \/><span style=\"color: #333333;\">&#8211; Les entreprises qui le souhaitent pourront demander un nouveau diff\u00e9r\u00e9 de remboursement du capital d\u2019un an, soit deux ann\u00e9es au total de diff\u00e9r\u00e9.<\/span><\/p><ul><li><span style=\"color: #0000ff;\"><strong>Vous \u00eates une entreprise en grande difficult\u00e9 et vous ne trouvez pas de solution de financement :<\/strong><\/span><\/li><\/ul><p style=\"padding-left: 40px;\"><span style=\"color: #333333;\">Vous pouvez solliciter un pr\u00eat direct de l\u2019\u00c9tat jusqu\u2019au 30 juin 2021.<\/span><\/p><p style=\"padding-left: 40px;\"><span style=\"color: #333333;\">&#8211; Pour les entreprises de moins de 10 salari\u00e9s, des pr\u00eats participatifs jusqu\u2019\u00e0 20 000 \u20ac peuvent \u00eatre obtenus ;<\/span><br \/><span style=\"color: #333333;\">&#8211; Pour les entreprises de 10 \u00e0 49 salari\u00e9s, des pr\u00eats participatifs jusqu\u2019\u00e0 50 000 \u20ac peuvent \u00eatre obtenus ;<\/span><br \/><span style=\"color: #333333;\">&#8211; Pour les entreprises de plus de 50 salari\u00e9s, des avances remboursables et pr\u00eats \u00e0 taux boni-fi\u00e9s plafonn\u00e9es \u00e0 3 mois de chiffres d\u2019affaires peuvent \u00eatre obtenus.<\/span><\/p><p style=\"padding-left: 40px;\"><span style=\"color: #333333;\">Les entreprises sont invit\u00e9es \u00e0 d\u00e9poser leurs demandes aupr\u00e8s des comit\u00e9s d\u00e9partementaux d\u2019examen des probl\u00e8mes de financement des entreprises (CODEFI). Elles peuvent s\u2019appuyer dans leurs d\u00e9-marches sur le r\u00e9seau des Commissaires aux Restructurations et \u00e0 la Pr\u00e9vention des difficult\u00e9s des entreprises (CRP) anim\u00e9 par la Direction g\u00e9n\u00e9rale des Entreprises.<\/span><\/p>\t\t\t\t\t\t\t\t<\/div>\n\t\t\t\t<\/div>\n\t\t\t\t\t<\/div>\n\t\t<\/div>\n\t\t\t\t\t<\/div>\n\t\t<\/section>\n\t\t\t\t<section class=\"elementor-section elementor-top-section elementor-element elementor-element-0e65865 elementor-section-boxed elementor-section-height-default elementor-section-height-default\" data-id=\"0e65865\" data-element_type=\"section\" data-e-type=\"section\">\n\t\t\t\t\t\t<div class=\"elementor-container elementor-column-gap-default\">\n\t\t\t\t\t<div class=\"elementor-column elementor-col-100 elementor-top-column elementor-element elementor-element-d1ecd1d\" data-id=\"d1ecd1d\" data-element_type=\"column\" data-e-type=\"column\">\n\t\t\t<div class=\"elementor-widget-wrap elementor-element-populated\">\n\t\t\t\t\t\t<div class=\"elementor-element elementor-element-2ff71f8 elementor-widget elementor-widget-text-editor\" data-id=\"2ff71f8\" data-element_type=\"widget\" data-e-type=\"widget\" data-widget_type=\"text-editor.default\">\n\t\t\t\t<div class=\"elementor-widget-container\">\n\t\t\t\t\t\t\t\t\t<p><strong><span style=\"color: #000080;\">Pour plus d\u2019informations sur les mesures d\u2019urgence aux entreprises mises en place par le Gouvernement :<\/span><\/strong><\/p><p><span style=\"color: #333333;\">\u2192 Une foire aux questions pour retrouver toutes les informations et les bons contacts : <a href=\"https:\/\/www.economie.gouv.fr\/files\/files\/directions_services\/covid19-soutien-entre-prises\/faq-mesures-soutien-economiques.pdf\" target=\"_blank\" rel=\"noopener\">https:\/\/www.economie.gouv.fr\/files\/files\/directions_services\/covid19-soutien-entre-prises\/faq-mesures-soutien-economiques.pdf<\/a><\/span><\/p><p><span style=\"color: #333333;\">\u2192 Un num\u00e9ro de t\u00e9l\u00e9phone pour vous orienter : <a href=\"tel:+33806000245\">0 806 000 245<\/a> (service gratuit + co\u00fbt de l&#8217;appel).<\/span><\/p><p><em><span style=\"color: #333333;\">Les agents de cette plateforme t\u00e9l\u00e9phonique n&#8217;ont pas acc\u00e8s \u00e0 vos donn\u00e9es fiscales ou sociales et ne peuvent pas vous donner d&#8217;indications sur un dossier ou une demande d\u00e9j\u00e0 en cours.<\/span><\/em><\/p>\t\t\t\t\t\t\t\t<\/div>\n\t\t\t\t<\/div>\n\t\t\t\t\t<\/div>\n\t\t<\/div>\n\t\t\t\t\t<\/div>\n\t\t<\/section>\n\t\t\t\t<\/div>\n\t\t","protected":false},"excerpt":{"rendered":"<p>Les mesures de soutien \u00e9conomique Acc\u00e9dez au PDF en cliquant sur l&#8217;image ci-contre, allez directement sur le site du gouvernement ou lisez ce qui suit pour vous informer des mesures mises en place par le gouvernement pour aider les commer\u00e7ants durant la crise sanitaire de la COVID-19. Vous \u00eates une entreprise et votre activit\u00e9 est [&hellip;]<\/p>\n","protected":false},"author":1,"featured_media":1874,"comment_status":"closed","ping_status":"closed","sticky":false,"template":"","format":"standard","meta":{"_crdt_document":"","ocean_post_layout":"","ocean_both_sidebars_style":"","ocean_both_sidebars_content_width":0,"ocean_both_sidebars_sidebars_width":0,"ocean_sidebar":"","ocean_second_sidebar":"","ocean_disable_margins":"enable","ocean_add_body_class":"","ocean_shortcode_before_top_bar":"","ocean_shortcode_after_top_bar":"","ocean_shortcode_before_header":"","ocean_shortcode_after_header":"","ocean_has_shortcode":"","ocean_shortcode_after_title":"","ocean_shortcode_before_footer_widgets":"","ocean_shortcode_after_footer_widgets":"","ocean_shortcode_before_footer_bottom":"","ocean_shortcode_after_footer_bottom":"","ocean_display_top_bar":"default","ocean_display_header":"default","ocean_header_style":"","ocean_center_header_left_menu":"","ocean_custom_header_template":"","ocean_custom_logo":0,"ocean_custom_retina_logo":0,"ocean_custom_logo_max_width":0,"ocean_custom_logo_tablet_max_width":0,"ocean_custom_logo_mobile_max_width":0,"ocean_custom_logo_max_height":0,"ocean_custom_logo_tablet_max_height":0,"ocean_custom_logo_mobile_max_height":0,"ocean_header_custom_menu":"","ocean_menu_typo_font_family":"","ocean_menu_typo_font_subset":"","ocean_menu_typo_font_size":0,"ocean_menu_typo_font_size_tablet":0,"ocean_menu_typo_font_size_mobile":0,"ocean_menu_typo_font_size_unit":"px","ocean_menu_typo_font_weight":"","ocean_menu_typo_font_weight_tablet":"","ocean_menu_typo_font_weight_mobile":"","ocean_menu_typo_transform":"","ocean_menu_typo_transform_tablet":"","ocean_menu_typo_transform_mobile":"","ocean_menu_typo_line_height":0,"ocean_menu_typo_line_height_tablet":0,"ocean_menu_typo_line_height_mobile":0,"ocean_menu_typo_line_height_unit":"","ocean_menu_typo_spacing":0,"ocean_menu_typo_spacing_tablet":0,"ocean_menu_typo_spacing_mobile":0,"ocean_menu_typo_spacing_unit":"","ocean_menu_link_color":"","ocean_menu_link_color_hover":"","ocean_menu_link_color_active":"","ocean_menu_link_background":"","ocean_menu_link_hover_background":"","ocean_menu_link_active_background":"","ocean_menu_social_links_bg":"","ocean_menu_social_hover_links_bg":"","ocean_menu_social_links_color":"","ocean_menu_social_hover_links_color":"","ocean_disable_title":"default","ocean_disable_heading":"default","ocean_post_title":"","ocean_post_subheading":"","ocean_post_title_style":"","ocean_post_title_background_color":"","ocean_post_title_background":0,"ocean_post_title_bg_image_position":"","ocean_post_title_bg_image_attachment":"","ocean_post_title_bg_image_repeat":"","ocean_post_title_bg_image_size":"","ocean_post_title_height":0,"ocean_post_title_bg_overlay":0.5,"ocean_post_title_bg_overlay_color":"","ocean_disable_breadcrumbs":"default","ocean_breadcrumbs_color":"","ocean_breadcrumbs_separator_color":"","ocean_breadcrumbs_links_color":"","ocean_breadcrumbs_links_hover_color":"","ocean_display_footer_widgets":"default","ocean_display_footer_bottom":"default","ocean_custom_footer_template":"","ocean_post_oembed":"","ocean_post_self_hosted_media":"","ocean_post_video_embed":"","ocean_link_format":"","ocean_link_format_target":"self","ocean_quote_format":"","ocean_quote_format_link":"post","ocean_gallery_link_images":"on","ocean_gallery_id":[],"footnotes":""},"categories":[271],"tags":[],"class_list":["post-1861","post","type-post","status-publish","format-standard","has-post-thumbnail","hentry","category-covid-19","entry","has-media"],"yoast_head":"<!-- This site is optimized with the Yoast SEO plugin v27.3 - https:\/\/yoast.com\/product\/yoast-seo-wordpress\/ -->\n<title>COVID-19 : Les mesures de soutien \u00e9conomique - Ville de Thiant<\/title>\n<meta name=\"robots\" content=\"index, follow, max-snippet:-1, max-image-preview:large, max-video-preview:-1\" \/>\n<link rel=\"canonical\" href=\"https:\/\/thiant.fr\/wordpress\/covid-19-les-mesures-de-soutien-economique\/\" \/>\n<meta property=\"og:locale\" content=\"fr_FR\" \/>\n<meta property=\"og:type\" content=\"article\" \/>\n<meta property=\"og:title\" content=\"COVID-19 : Les mesures de soutien \u00e9conomique - Ville de Thiant\" \/>\n<meta property=\"og:description\" content=\"Les mesures de soutien \u00e9conomique Acc\u00e9dez au PDF en cliquant sur l&#8217;image ci-contre, allez directement sur le site du gouvernement ou lisez ce qui suit pour vous informer des mesures mises en place par le gouvernement pour aider les commer\u00e7ants durant la crise sanitaire de la COVID-19. Vous \u00eates une entreprise et votre activit\u00e9 est [&hellip;]\" \/>\n<meta property=\"og:url\" content=\"https:\/\/thiant.fr\/wordpress\/covid-19-les-mesures-de-soutien-economique\/\" \/>\n<meta property=\"og:site_name\" content=\"Ville de Thiant\" \/>\n<meta property=\"article:published_time\" content=\"2020-11-16T14:06:16+00:00\" \/>\n<meta property=\"article:modified_time\" content=\"2020-11-16T15:45:30+00:00\" \/>\n<meta property=\"og:image\" content=\"https:\/\/thiant.fr\/wordpress\/wp-content\/uploads\/2020\/11\/mariannegouvernement.png\" \/>\n\t<meta property=\"og:image:width\" content=\"750\" \/>\n\t<meta property=\"og:image:height\" content=\"393\" \/>\n\t<meta property=\"og:image:type\" content=\"image\/png\" \/>\n<meta name=\"author\" content=\"Service communication\" \/>\n<meta name=\"twitter:card\" content=\"summary_large_image\" \/>\n<meta name=\"twitter:label1\" content=\"\u00c9crit par\" \/>\n\t<meta name=\"twitter:data1\" content=\"Service communication\" \/>\n\t<meta name=\"twitter:label2\" content=\"Dur\u00e9e de lecture estim\u00e9e\" \/>\n\t<meta name=\"twitter:data2\" content=\"8 minutes\" \/>\n<script type=\"application\/ld+json\" class=\"yoast-schema-graph\">{\"@context\":\"https:\\\/\\\/schema.org\",\"@graph\":[{\"@type\":\"Article\",\"@id\":\"https:\\\/\\\/thiant.fr\\\/wordpress\\\/covid-19-les-mesures-de-soutien-economique\\\/#article\",\"isPartOf\":{\"@id\":\"https:\\\/\\\/thiant.fr\\\/wordpress\\\/covid-19-les-mesures-de-soutien-economique\\\/\"},\"author\":{\"name\":\"Service communication\",\"@id\":\"https:\\\/\\\/thiant.fr\\\/wordpress\\\/#\\\/schema\\\/person\\\/f41122130d18c0720657431d990451c6\"},\"headline\":\"COVID-19 : Les mesures de soutien \u00e9conomique\",\"datePublished\":\"2020-11-16T14:06:16+00:00\",\"dateModified\":\"2020-11-16T15:45:30+00:00\",\"mainEntityOfPage\":{\"@id\":\"https:\\\/\\\/thiant.fr\\\/wordpress\\\/covid-19-les-mesures-de-soutien-economique\\\/\"},\"wordCount\":1519,\"publisher\":{\"@id\":\"https:\\\/\\\/thiant.fr\\\/wordpress\\\/#organization\"},\"image\":{\"@id\":\"https:\\\/\\\/thiant.fr\\\/wordpress\\\/covid-19-les-mesures-de-soutien-economique\\\/#primaryimage\"},\"thumbnailUrl\":\"https:\\\/\\\/thiant.fr\\\/wordpress\\\/wp-content\\\/uploads\\\/2020\\\/11\\\/mariannegouvernement.png\",\"articleSection\":[\"COVID-19\"],\"inLanguage\":\"fr-FR\"},{\"@type\":\"WebPage\",\"@id\":\"https:\\\/\\\/thiant.fr\\\/wordpress\\\/covid-19-les-mesures-de-soutien-economique\\\/\",\"url\":\"https:\\\/\\\/thiant.fr\\\/wordpress\\\/covid-19-les-mesures-de-soutien-economique\\\/\",\"name\":\"COVID-19 : Les mesures de soutien \u00e9conomique - Ville de Thiant\",\"isPartOf\":{\"@id\":\"https:\\\/\\\/thiant.fr\\\/wordpress\\\/#website\"},\"primaryImageOfPage\":{\"@id\":\"https:\\\/\\\/thiant.fr\\\/wordpress\\\/covid-19-les-mesures-de-soutien-economique\\\/#primaryimage\"},\"image\":{\"@id\":\"https:\\\/\\\/thiant.fr\\\/wordpress\\\/covid-19-les-mesures-de-soutien-economique\\\/#primaryimage\"},\"thumbnailUrl\":\"https:\\\/\\\/thiant.fr\\\/wordpress\\\/wp-content\\\/uploads\\\/2020\\\/11\\\/mariannegouvernement.png\",\"datePublished\":\"2020-11-16T14:06:16+00:00\",\"dateModified\":\"2020-11-16T15:45:30+00:00\",\"breadcrumb\":{\"@id\":\"https:\\\/\\\/thiant.fr\\\/wordpress\\\/covid-19-les-mesures-de-soutien-economique\\\/#breadcrumb\"},\"inLanguage\":\"fr-FR\",\"potentialAction\":[{\"@type\":\"ReadAction\",\"target\":[\"https:\\\/\\\/thiant.fr\\\/wordpress\\\/covid-19-les-mesures-de-soutien-economique\\\/\"]}]},{\"@type\":\"ImageObject\",\"inLanguage\":\"fr-FR\",\"@id\":\"https:\\\/\\\/thiant.fr\\\/wordpress\\\/covid-19-les-mesures-de-soutien-economique\\\/#primaryimage\",\"url\":\"https:\\\/\\\/thiant.fr\\\/wordpress\\\/wp-content\\\/uploads\\\/2020\\\/11\\\/mariannegouvernement.png\",\"contentUrl\":\"https:\\\/\\\/thiant.fr\\\/wordpress\\\/wp-content\\\/uploads\\\/2020\\\/11\\\/mariannegouvernement.png\",\"width\":750,\"height\":393},{\"@type\":\"BreadcrumbList\",\"@id\":\"https:\\\/\\\/thiant.fr\\\/wordpress\\\/covid-19-les-mesures-de-soutien-economique\\\/#breadcrumb\",\"itemListElement\":[{\"@type\":\"ListItem\",\"position\":1,\"name\":\"Accueil\",\"item\":\"https:\\\/\\\/thiant.fr\\\/wordpress\\\/\"},{\"@type\":\"ListItem\",\"position\":2,\"name\":\"COVID-19 : Les mesures de soutien \u00e9conomique\"}]},{\"@type\":\"WebSite\",\"@id\":\"https:\\\/\\\/thiant.fr\\\/wordpress\\\/#website\",\"url\":\"https:\\\/\\\/thiant.fr\\\/wordpress\\\/\",\"name\":\"Ville de Thiant\",\"description\":\"Site officiel de la ville de Thiant\",\"publisher\":{\"@id\":\"https:\\\/\\\/thiant.fr\\\/wordpress\\\/#organization\"},\"potentialAction\":[{\"@type\":\"SearchAction\",\"target\":{\"@type\":\"EntryPoint\",\"urlTemplate\":\"https:\\\/\\\/thiant.fr\\\/wordpress\\\/?s={search_term_string}\"},\"query-input\":{\"@type\":\"PropertyValueSpecification\",\"valueRequired\":true,\"valueName\":\"search_term_string\"}}],\"inLanguage\":\"fr-FR\"},{\"@type\":\"Organization\",\"@id\":\"https:\\\/\\\/thiant.fr\\\/wordpress\\\/#organization\",\"name\":\"Ville de Thiant\",\"url\":\"https:\\\/\\\/thiant.fr\\\/wordpress\\\/\",\"logo\":{\"@type\":\"ImageObject\",\"inLanguage\":\"fr-FR\",\"@id\":\"https:\\\/\\\/thiant.fr\\\/wordpress\\\/#\\\/schema\\\/logo\\\/image\\\/\",\"url\":\"https:\\\/\\\/thiant.fr\\\/wordpress\\\/wp-content\\\/uploads\\\/2019\\\/08\\\/Thiant_Illdy_4.png\",\"contentUrl\":\"https:\\\/\\\/thiant.fr\\\/wordpress\\\/wp-content\\\/uploads\\\/2019\\\/08\\\/Thiant_Illdy_4.png\",\"width\":105,\"height\":75,\"caption\":\"Ville de Thiant\"},\"image\":{\"@id\":\"https:\\\/\\\/thiant.fr\\\/wordpress\\\/#\\\/schema\\\/logo\\\/image\\\/\"}},{\"@type\":\"Person\",\"@id\":\"https:\\\/\\\/thiant.fr\\\/wordpress\\\/#\\\/schema\\\/person\\\/f41122130d18c0720657431d990451c6\",\"name\":\"Service communication\",\"image\":{\"@type\":\"ImageObject\",\"inLanguage\":\"fr-FR\",\"@id\":\"https:\\\/\\\/secure.gravatar.com\\\/avatar\\\/527d4f1f1330a82db5a7ea7738ddeb994fd26c4537512a833d99b387808ee250?s=96&r=g\",\"url\":\"https:\\\/\\\/secure.gravatar.com\\\/avatar\\\/527d4f1f1330a82db5a7ea7738ddeb994fd26c4537512a833d99b387808ee250?s=96&r=g\",\"contentUrl\":\"https:\\\/\\\/secure.gravatar.com\\\/avatar\\\/527d4f1f1330a82db5a7ea7738ddeb994fd26c4537512a833d99b387808ee250?s=96&r=g\",\"caption\":\"Service communication\"},\"url\":\"https:\\\/\\\/thiant.fr\\\/wordpress\\\/author\\\/adminwpress\\\/\"}]}<\/script>\n<!-- \/ Yoast SEO plugin. -->","yoast_head_json":{"title":"COVID-19 : Les mesures de soutien \u00e9conomique - Ville de Thiant","robots":{"index":"index","follow":"follow","max-snippet":"max-snippet:-1","max-image-preview":"max-image-preview:large","max-video-preview":"max-video-preview:-1"},"canonical":"https:\/\/thiant.fr\/wordpress\/covid-19-les-mesures-de-soutien-economique\/","og_locale":"fr_FR","og_type":"article","og_title":"COVID-19 : Les mesures de soutien \u00e9conomique - Ville de Thiant","og_description":"Les mesures de soutien \u00e9conomique Acc\u00e9dez au PDF en cliquant sur l&#8217;image ci-contre, allez directement sur le site du gouvernement ou lisez ce qui suit pour vous informer des mesures mises en place par le gouvernement pour aider les commer\u00e7ants durant la crise sanitaire de la COVID-19. Vous \u00eates une entreprise et votre activit\u00e9 est [&hellip;]","og_url":"https:\/\/thiant.fr\/wordpress\/covid-19-les-mesures-de-soutien-economique\/","og_site_name":"Ville de Thiant","article_published_time":"2020-11-16T14:06:16+00:00","article_modified_time":"2020-11-16T15:45:30+00:00","og_image":[{"width":750,"height":393,"url":"https:\/\/thiant.fr\/wordpress\/wp-content\/uploads\/2020\/11\/mariannegouvernement.png","type":"image\/png"}],"author":"Service communication","twitter_card":"summary_large_image","twitter_misc":{"\u00c9crit par":"Service communication","Dur\u00e9e de lecture estim\u00e9e":"8 minutes"},"schema":{"@context":"https:\/\/schema.org","@graph":[{"@type":"Article","@id":"https:\/\/thiant.fr\/wordpress\/covid-19-les-mesures-de-soutien-economique\/#article","isPartOf":{"@id":"https:\/\/thiant.fr\/wordpress\/covid-19-les-mesures-de-soutien-economique\/"},"author":{"name":"Service communication","@id":"https:\/\/thiant.fr\/wordpress\/#\/schema\/person\/f41122130d18c0720657431d990451c6"},"headline":"COVID-19 : Les mesures de soutien \u00e9conomique","datePublished":"2020-11-16T14:06:16+00:00","dateModified":"2020-11-16T15:45:30+00:00","mainEntityOfPage":{"@id":"https:\/\/thiant.fr\/wordpress\/covid-19-les-mesures-de-soutien-economique\/"},"wordCount":1519,"publisher":{"@id":"https:\/\/thiant.fr\/wordpress\/#organization"},"image":{"@id":"https:\/\/thiant.fr\/wordpress\/covid-19-les-mesures-de-soutien-economique\/#primaryimage"},"thumbnailUrl":"https:\/\/thiant.fr\/wordpress\/wp-content\/uploads\/2020\/11\/mariannegouvernement.png","articleSection":["COVID-19"],"inLanguage":"fr-FR"},{"@type":"WebPage","@id":"https:\/\/thiant.fr\/wordpress\/covid-19-les-mesures-de-soutien-economique\/","url":"https:\/\/thiant.fr\/wordpress\/covid-19-les-mesures-de-soutien-economique\/","name":"COVID-19 : Les mesures de soutien \u00e9conomique - Ville de Thiant","isPartOf":{"@id":"https:\/\/thiant.fr\/wordpress\/#website"},"primaryImageOfPage":{"@id":"https:\/\/thiant.fr\/wordpress\/covid-19-les-mesures-de-soutien-economique\/#primaryimage"},"image":{"@id":"https:\/\/thiant.fr\/wordpress\/covid-19-les-mesures-de-soutien-economique\/#primaryimage"},"thumbnailUrl":"https:\/\/thiant.fr\/wordpress\/wp-content\/uploads\/2020\/11\/mariannegouvernement.png","datePublished":"2020-11-16T14:06:16+00:00","dateModified":"2020-11-16T15:45:30+00:00","breadcrumb":{"@id":"https:\/\/thiant.fr\/wordpress\/covid-19-les-mesures-de-soutien-economique\/#breadcrumb"},"inLanguage":"fr-FR","potentialAction":[{"@type":"ReadAction","target":["https:\/\/thiant.fr\/wordpress\/covid-19-les-mesures-de-soutien-economique\/"]}]},{"@type":"ImageObject","inLanguage":"fr-FR","@id":"https:\/\/thiant.fr\/wordpress\/covid-19-les-mesures-de-soutien-economique\/#primaryimage","url":"https:\/\/thiant.fr\/wordpress\/wp-content\/uploads\/2020\/11\/mariannegouvernement.png","contentUrl":"https:\/\/thiant.fr\/wordpress\/wp-content\/uploads\/2020\/11\/mariannegouvernement.png","width":750,"height":393},{"@type":"BreadcrumbList","@id":"https:\/\/thiant.fr\/wordpress\/covid-19-les-mesures-de-soutien-economique\/#breadcrumb","itemListElement":[{"@type":"ListItem","position":1,"name":"Accueil","item":"https:\/\/thiant.fr\/wordpress\/"},{"@type":"ListItem","position":2,"name":"COVID-19 : Les mesures de soutien \u00e9conomique"}]},{"@type":"WebSite","@id":"https:\/\/thiant.fr\/wordpress\/#website","url":"https:\/\/thiant.fr\/wordpress\/","name":"Ville de Thiant","description":"Site officiel de la ville de Thiant","publisher":{"@id":"https:\/\/thiant.fr\/wordpress\/#organization"},"potentialAction":[{"@type":"SearchAction","target":{"@type":"EntryPoint","urlTemplate":"https:\/\/thiant.fr\/wordpress\/?s={search_term_string}"},"query-input":{"@type":"PropertyValueSpecification","valueRequired":true,"valueName":"search_term_string"}}],"inLanguage":"fr-FR"},{"@type":"Organization","@id":"https:\/\/thiant.fr\/wordpress\/#organization","name":"Ville de Thiant","url":"https:\/\/thiant.fr\/wordpress\/","logo":{"@type":"ImageObject","inLanguage":"fr-FR","@id":"https:\/\/thiant.fr\/wordpress\/#\/schema\/logo\/image\/","url":"https:\/\/thiant.fr\/wordpress\/wp-content\/uploads\/2019\/08\/Thiant_Illdy_4.png","contentUrl":"https:\/\/thiant.fr\/wordpress\/wp-content\/uploads\/2019\/08\/Thiant_Illdy_4.png","width":105,"height":75,"caption":"Ville de Thiant"},"image":{"@id":"https:\/\/thiant.fr\/wordpress\/#\/schema\/logo\/image\/"}},{"@type":"Person","@id":"https:\/\/thiant.fr\/wordpress\/#\/schema\/person\/f41122130d18c0720657431d990451c6","name":"Service communication","image":{"@type":"ImageObject","inLanguage":"fr-FR","@id":"https:\/\/secure.gravatar.com\/avatar\/527d4f1f1330a82db5a7ea7738ddeb994fd26c4537512a833d99b387808ee250?s=96&r=g","url":"https:\/\/secure.gravatar.com\/avatar\/527d4f1f1330a82db5a7ea7738ddeb994fd26c4537512a833d99b387808ee250?s=96&r=g","contentUrl":"https:\/\/secure.gravatar.com\/avatar\/527d4f1f1330a82db5a7ea7738ddeb994fd26c4537512a833d99b387808ee250?s=96&r=g","caption":"Service communication"},"url":"https:\/\/thiant.fr\/wordpress\/author\/adminwpress\/"}]}},"_links":{"self":[{"href":"https:\/\/thiant.fr\/wordpress\/wp-json\/wp\/v2\/posts\/1861","targetHints":{"allow":["GET"]}}],"collection":[{"href":"https:\/\/thiant.fr\/wordpress\/wp-json\/wp\/v2\/posts"}],"about":[{"href":"https:\/\/thiant.fr\/wordpress\/wp-json\/wp\/v2\/types\/post"}],"author":[{"embeddable":true,"href":"https:\/\/thiant.fr\/wordpress\/wp-json\/wp\/v2\/users\/1"}],"replies":[{"embeddable":true,"href":"https:\/\/thiant.fr\/wordpress\/wp-json\/wp\/v2\/comments?post=1861"}],"version-history":[{"count":0,"href":"https:\/\/thiant.fr\/wordpress\/wp-json\/wp\/v2\/posts\/1861\/revisions"}],"wp:featuredmedia":[{"embeddable":true,"href":"https:\/\/thiant.fr\/wordpress\/wp-json\/wp\/v2\/media\/1874"}],"wp:attachment":[{"href":"https:\/\/thiant.fr\/wordpress\/wp-json\/wp\/v2\/media?parent=1861"}],"wp:term":[{"taxonomy":"category","embeddable":true,"href":"https:\/\/thiant.fr\/wordpress\/wp-json\/wp\/v2\/categories?post=1861"},{"taxonomy":"post_tag","embeddable":true,"href":"https:\/\/thiant.fr\/wordpress\/wp-json\/wp\/v2\/tags?post=1861"}],"curies":[{"name":"wp","href":"https:\/\/api.w.org\/{rel}","templated":true}]}}