{"id":1894,"date":"2020-11-20T14:28:05","date_gmt":"2020-11-20T13:28:05","guid":{"rendered":"https:\/\/thiant.fr\/wordpress\/?p=1894"},"modified":"2020-11-20T17:03:09","modified_gmt":"2020-11-20T16:03:09","slug":"confinement-et-violences-conjugales","status":"publish","type":"post","link":"https:\/\/thiant.fr\/wordpress\/confinement-et-violences-conjugales\/","title":{"rendered":"Confinement et violences conjugales"},"content":{"rendered":"\t\t<div data-elementor-type=\"wp-post\" data-elementor-id=\"1894\" class=\"elementor elementor-1894\">\n\t\t\t\t\t\t<section class=\"elementor-section elementor-top-section elementor-element elementor-element-03fa6d0 elementor-section-boxed elementor-section-height-default elementor-section-height-default\" data-id=\"03fa6d0\" data-element_type=\"section\" data-e-type=\"section\">\n\t\t\t\t\t\t<div class=\"elementor-container elementor-column-gap-default\">\n\t\t\t\t\t<div class=\"elementor-column elementor-col-100 elementor-top-column elementor-element elementor-element-403cc8b\" data-id=\"403cc8b\" data-element_type=\"column\" data-e-type=\"column\">\n\t\t\t<div class=\"elementor-widget-wrap elementor-element-populated\">\n\t\t\t\t\t\t<div class=\"elementor-element elementor-element-baf9107 elementor-widget elementor-widget-text-editor\" data-id=\"baf9107\" data-element_type=\"widget\" data-e-type=\"widget\" data-widget_type=\"text-editor.default\">\n\t\t\t\t<div class=\"elementor-widget-container\">\n\t\t\t\t\t\t\t\t\t<h5><span style=\"color: #993300;\"><strong>Afin d\u2019enrayer la propagation du virus de la Covid-19, le Pr\u00e9sident de la R\u00e9publique a d\u00e9cid\u00e9 de renouveler le confinement mis en place au printemps afin de r\u00e9duire \u00e0 leur plus strict minimum les contacts et d\u00e9placements sur l\u2019ensemble du territoire du 30 octobre au 1<sup>er<\/sup> d\u00e9cembre 2020. Les dispositifs destin\u00e9s \u00e0 prot\u00e9ger les femmes victimes de violences conjugales ainsi que leurs enfants demeurent actifs et op\u00e9rationnels. <\/strong><\/span><\/h5>\t\t\t\t\t\t\t\t<\/div>\n\t\t\t\t<\/div>\n\t\t\t\t\t<\/div>\n\t\t<\/div>\n\t\t\t\t\t<\/div>\n\t\t<\/section>\n\t\t\t\t<section class=\"elementor-section elementor-top-section elementor-element elementor-element-2cb9567 elementor-section-boxed elementor-section-height-default elementor-section-height-default\" data-id=\"2cb9567\" data-element_type=\"section\" data-e-type=\"section\">\n\t\t\t\t\t\t<div class=\"elementor-container elementor-column-gap-default\">\n\t\t\t\t\t<div class=\"elementor-column elementor-col-100 elementor-top-column elementor-element elementor-element-c3e1f37\" data-id=\"c3e1f37\" data-element_type=\"column\" data-e-type=\"column\">\n\t\t\t<div class=\"elementor-widget-wrap elementor-element-populated\">\n\t\t\t\t\t\t<div class=\"elementor-element elementor-element-e3dd8c4 elementor-widget elementor-widget-text-editor\" data-id=\"e3dd8c4\" data-element_type=\"widget\" data-e-type=\"widget\" data-widget_type=\"text-editor.default\">\n\t\t\t\t<div class=\"elementor-widget-container\">\n\t\t\t\t\t\t\t\t\t<p><span style=\"color: #333399;\"><strong>\u00c9lisabeth Moreno<\/strong> d\u00e9clare\u00a0: \u00ab <em>Dans le contexte sanitaire in\u00e9dit que nous traversons et face \u00e0 l\u2019ampleur du ph\u00e9nom\u00e8ne des violences au sein du couple dont le confinement constitue un facteur aggravant, le Gouvernement demeure pleinement mobilis\u00e9. C\u2019est pourquoi, en r\u00e9ponse \u00e0 une demande exprim\u00e9e par les associations, j\u2019ai d\u00e9cid\u00e9 de lancer une campagne de sensibilisation sp\u00e9cifique. L\u2019ensemble des dispositifs visant \u00e0 prot\u00e9ger les femmes victimes de violences sont actifs et op\u00e9rationnels durant le confinement et doivent \u00eatre mieux connus des victimes et de leur entourage. Il s\u2019agit d\u2019une action collective essentielle pour lutter contre ce fl\u00e9au<\/em>\u00a0\u00bb.<\/span><\/p>\t\t\t\t\t\t\t\t<\/div>\n\t\t\t\t<\/div>\n\t\t\t\t\t<\/div>\n\t\t<\/div>\n\t\t\t\t\t<\/div>\n\t\t<\/section>\n\t\t\t\t<section class=\"elementor-section elementor-top-section elementor-element elementor-element-d62a7bd elementor-section-boxed elementor-section-height-default elementor-section-height-default\" data-id=\"d62a7bd\" data-element_type=\"section\" data-e-type=\"section\">\n\t\t\t\t\t\t<div class=\"elementor-container elementor-column-gap-default\">\n\t\t\t\t\t<div class=\"elementor-column elementor-col-33 elementor-top-column elementor-element elementor-element-a42191e\" data-id=\"a42191e\" data-element_type=\"column\" data-e-type=\"column\">\n\t\t\t<div class=\"elementor-widget-wrap elementor-element-populated\">\n\t\t\t\t\t\t<div class=\"elementor-element elementor-element-45d6080 elementor-widget elementor-widget-image\" data-id=\"45d6080\" data-element_type=\"widget\" data-e-type=\"widget\" data-widget_type=\"image.default\">\n\t\t\t\t<div class=\"elementor-widget-container\">\n\t\t\t\t\t\t\t\t\t\t\t\t\t\t\t<img fetchpriority=\"high\" decoding=\"async\" width=\"250\" height=\"630\" src=\"https:\/\/thiant.fr\/wordpress\/wp-content\/uploads\/2020\/11\/confinement-violences-conjugales_kakemono.jpg\" class=\"attachment-large size-large wp-image-1897\" alt=\"\" srcset=\"https:\/\/thiant.fr\/wordpress\/wp-content\/uploads\/2020\/11\/confinement-violences-conjugales_kakemono.jpg 250w, https:\/\/thiant.fr\/wordpress\/wp-content\/uploads\/2020\/11\/confinement-violences-conjugales_kakemono-119x300.jpg 119w\" sizes=\"(max-width: 250px) 100vw, 250px\" \/>\t\t\t\t\t\t\t\t\t\t\t\t\t\t\t<\/div>\n\t\t\t\t<\/div>\n\t\t\t\t<div class=\"elementor-element elementor-element-d4deaee elementor-widget elementor-widget-image\" data-id=\"d4deaee\" data-element_type=\"widget\" data-e-type=\"widget\" data-widget_type=\"image.default\">\n\t\t\t\t<div class=\"elementor-widget-container\">\n\t\t\t\t\t\t\t\t\t\t\t\t\t\t\t<img decoding=\"async\" width=\"250\" height=\"630\" src=\"https:\/\/thiant.fr\/wordpress\/wp-content\/uploads\/2020\/11\/confinement-violences-conjugales_kakemono2.jpg\" class=\"attachment-large size-large wp-image-1898\" alt=\"\" srcset=\"https:\/\/thiant.fr\/wordpress\/wp-content\/uploads\/2020\/11\/confinement-violences-conjugales_kakemono2.jpg 250w, https:\/\/thiant.fr\/wordpress\/wp-content\/uploads\/2020\/11\/confinement-violences-conjugales_kakemono2-119x300.jpg 119w\" sizes=\"(max-width: 250px) 100vw, 250px\" \/>\t\t\t\t\t\t\t\t\t\t\t\t\t\t\t<\/div>\n\t\t\t\t<\/div>\n\t\t\t\t\t<\/div>\n\t\t<\/div>\n\t\t\t\t<div class=\"elementor-column elementor-col-66 elementor-top-column elementor-element elementor-element-deab091\" data-id=\"deab091\" data-element_type=\"column\" data-e-type=\"column\">\n\t\t\t<div class=\"elementor-widget-wrap elementor-element-populated\">\n\t\t\t\t\t\t<div class=\"elementor-element elementor-element-b3b2f11 elementor-widget elementor-widget-text-editor\" data-id=\"b3b2f11\" data-element_type=\"widget\" data-e-type=\"widget\" data-widget_type=\"text-editor.default\">\n\t\t\t\t<div class=\"elementor-widget-container\">\n\t\t\t\t\t\t\t\t\t<p><strong>Rappel des dispositifs d\u2019alerte et de secours :<\/strong><\/p><p>Ce contexte sanitaire in\u00e9dit constitue un facteur aggravant pour les femmes victimes de violences conjugales et leurs enfants lorsqu\u2019ils sont confin\u00e9s avec leurs agresseurs. Il est important de rappeler que l\u2019ensemble des diff\u00e9rents dispositifs d\u2019alerte et de secours sont actifs et op\u00e9rationnels pour \u00e9couter, secourir et prot\u00e9ger les personnes victimes de violences \u00e0 l\u2019int\u00e9rieur du foyer.<\/p><p>Si elles se sentent en danger, les femmes peuvent quitter leur domicile avec leurs enfants \u00e0 tout moment, et ce <strong>sans devoir disposer d\u2019une attestation de d\u00e9placement<\/strong>. Les policiers et les gendarmes ont \u00e9t\u00e9 form\u00e9s \u00e0 ces situations d\u2019urgence.<\/p><p>En cas d\u2019urgence et de danger imm\u00e9diat :<\/p><ul><li>Appeler le <strong>17<\/strong><\/li><li>Utiliser le <strong>114<\/strong> par SMS<\/li><\/ul><p>Pour un conseil, une orientation ou signaler un fait de violences :<\/p><ul><li>Appeler le <strong>39 19 <\/strong>: num\u00e9ro gratuit et anonyme \u00e0 destination des victimes de violences sexistes et sexuelles, de leur entourage et des professionnels concern\u00e9s, fonctionnant du lundi au vendredi de 9h \u00e0 22h, ainsi que les samedis, dimanches et jours f\u00e9ri\u00e9s de 9h \u00e0 18h<\/li><li>Signaler votre situation sur Internet via la plateforme d\u00e9di\u00e9e fonctionnant tous les jours sans exception, 24h\/24 avec un tchat non tra\u00e7able :\u00a0<a href=\"https:\/\/arretonslesviolences.gouv.fr\/\" target=\"_blank\" rel=\"noopener\">https:\/\/arretonslesviolences.gouv.fr\/<\/a><\/li><li>Utiliser le tchat gratuit\u00a0: <a href=\"http:\/\/www.commentonsaime.fr\/\" target=\"_blank\" rel=\"noopener\">www.commentonsaime.fr<\/a><\/li><li>T\u00e9l\u00e9charger l\u2019application \u00ab\u00a0<strong>APP-ELLES<\/strong>\u00a0\u00bb : <a href=\"https:\/\/www.app-elles.fr\/\" target=\"_blank\" rel=\"noopener\">https:\/\/www.app-elles.fr\/<\/a><\/li><li>Si vous \u00eates une femme en situation de handicap et victime de violences, appelez le <strong>01 40 47 06 06<\/strong> (permanences le lundi de 10h \u00e0 13h et de 14h30 \u00e0 17h30 ; le jeudi de 10h \u00e0 13h)<\/li><li>Si vous \u00eates un enfant victime de violences, appelez le <strong>119<\/strong> (appel gratuit 24h\/24, 7j\/7)<strong>\u00a0<\/strong><\/li><\/ul><p><a class=\"mtli_attachment mtli_pdf\" href=\"https:\/\/www.egalite-femmes-hommes.gouv.fr\/wp-content\/uploads\/2020\/11\/Fiche-crise-sanitaire-violences-faites-aux-femmes-12-novembre-2020.pdf\" target=\"_blank\" rel=\"noopener\">T\u00e9l\u00e9chargez la fiche r\u00e9capitulative des dispositifs d\u2019aide, de secours et d\u2019accompagnement<\/a><\/p><p><strong>Dispositif \u00ab\u00a0alerte pharmacie\u00a0\u00bb\u00a0:<\/strong><\/p><p>Depuis le confinement, les personnes victimes ont \u00e9galement la possibilit\u00e9 de se signaler, \u00e0 tout moment et sans attestation, aupr\u00e8s de leur pharmacien qui contactera les forces de l\u2019ordre. Chaque victime ou chaque proche de victime (familles, amis, voisins, coll\u00e8gues, etc.) peuvent en effet alerter un pharmacien \u00e0 tout moment.<\/p><p>Afin de prendre en charge au plus vite les victimes, les forces de police et de gendarmerie ont re\u00e7u consigne du minist\u00e8re de l\u2019Int\u00e9rieur d\u2019intervenir en urgence pour les appels provenant des pharmacies.<\/p><p><strong>Mise en place d\u2019un partenariat avec Uber :<\/strong><\/p><p>Jusqu\u2019au 31 mars 2021, Uber propose 2 000 courses gratuites mises \u00e0 disposition de la F\u00e9d\u00e9ration nationale solidarit\u00e9 femmes en charge du <strong>39 19<\/strong> afin de mettre \u00e0 l\u2019abri les femmes victimes de violences en situation d\u2019urgence.<\/p><p>Une premi\u00e8re exp\u00e9rimentation de ce type avait \u00e9t\u00e9 men\u00e9e durant la p\u00e9riode de confinement entre mars et juin 2020.<\/p>\t\t\t\t\t\t\t\t<\/div>\n\t\t\t\t<\/div>\n\t\t\t\t\t<\/div>\n\t\t<\/div>\n\t\t\t\t\t<\/div>\n\t\t<\/section>\n\t\t\t\t<\/div>\n\t\t","protected":false},"excerpt":{"rendered":"<p>Afin d\u2019enrayer la propagation du virus de la Covid-19, le Pr\u00e9sident de la R\u00e9publique a d\u00e9cid\u00e9 de renouveler le confinement mis en place au printemps afin de r\u00e9duire \u00e0 leur plus strict minimum les contacts et d\u00e9placements sur l\u2019ensemble du territoire du 30 octobre au 1er d\u00e9cembre 2020. Les dispositifs destin\u00e9s \u00e0 prot\u00e9ger les femmes [&hellip;]<\/p>\n","protected":false},"author":1,"featured_media":1895,"comment_status":"closed","ping_status":"closed","sticky":false,"template":"","format":"standard","meta":{"_crdt_document":"","ocean_post_layout":"","ocean_both_sidebars_style":"","ocean_both_sidebars_content_width":0,"ocean_both_sidebars_sidebars_width":0,"ocean_sidebar":"","ocean_second_sidebar":"","ocean_disable_margins":"enable","ocean_add_body_class":"","ocean_shortcode_before_top_bar":"","ocean_shortcode_after_top_bar":"","ocean_shortcode_before_header":"","ocean_shortcode_after_header":"","ocean_has_shortcode":"","ocean_shortcode_after_title":"","ocean_shortcode_before_footer_widgets":"","ocean_shortcode_after_footer_widgets":"","ocean_shortcode_before_footer_bottom":"","ocean_shortcode_after_footer_bottom":"","ocean_display_top_bar":"default","ocean_display_header":"default","ocean_header_style":"","ocean_center_header_left_menu":"","ocean_custom_header_template":"","ocean_custom_logo":0,"ocean_custom_retina_logo":0,"ocean_custom_logo_max_width":0,"ocean_custom_logo_tablet_max_width":0,"ocean_custom_logo_mobile_max_width":0,"ocean_custom_logo_max_height":0,"ocean_custom_logo_tablet_max_height":0,"ocean_custom_logo_mobile_max_height":0,"ocean_header_custom_menu":"","ocean_menu_typo_font_family":"","ocean_menu_typo_font_subset":"","ocean_menu_typo_font_size":0,"ocean_menu_typo_font_size_tablet":0,"ocean_menu_typo_font_size_mobile":0,"ocean_menu_typo_font_size_unit":"px","ocean_menu_typo_font_weight":"","ocean_menu_typo_font_weight_tablet":"","ocean_menu_typo_font_weight_mobile":"","ocean_menu_typo_transform":"","ocean_menu_typo_transform_tablet":"","ocean_menu_typo_transform_mobile":"","ocean_menu_typo_line_height":0,"ocean_menu_typo_line_height_tablet":0,"ocean_menu_typo_line_height_mobile":0,"ocean_menu_typo_line_height_unit":"","ocean_menu_typo_spacing":0,"ocean_menu_typo_spacing_tablet":0,"ocean_menu_typo_spacing_mobile":0,"ocean_menu_typo_spacing_unit":"","ocean_menu_link_color":"","ocean_menu_link_color_hover":"","ocean_menu_link_color_active":"","ocean_menu_link_background":"","ocean_menu_link_hover_background":"","ocean_menu_link_active_background":"","ocean_menu_social_links_bg":"","ocean_menu_social_hover_links_bg":"","ocean_menu_social_links_color":"","ocean_menu_social_hover_links_color":"","ocean_disable_title":"default","ocean_disable_heading":"default","ocean_post_title":"","ocean_post_subheading":"","ocean_post_title_style":"","ocean_post_title_background_color":"","ocean_post_title_background":0,"ocean_post_title_bg_image_position":"","ocean_post_title_bg_image_attachment":"","ocean_post_title_bg_image_repeat":"","ocean_post_title_bg_image_size":"","ocean_post_title_height":0,"ocean_post_title_bg_overlay":0.5,"ocean_post_title_bg_overlay_color":"","ocean_disable_breadcrumbs":"default","ocean_breadcrumbs_color":"","ocean_breadcrumbs_separator_color":"","ocean_breadcrumbs_links_color":"","ocean_breadcrumbs_links_hover_color":"","ocean_display_footer_widgets":"default","ocean_display_footer_bottom":"default","ocean_custom_footer_template":"","ocean_post_oembed":"","ocean_post_self_hosted_media":"","ocean_post_video_embed":"","ocean_link_format":"","ocean_link_format_target":"self","ocean_quote_format":"","ocean_quote_format_link":"post","ocean_gallery_link_images":"on","ocean_gallery_id":[],"footnotes":""},"categories":[271,398],"tags":[453,445,448,447,451,449,450,356,452,438,446,454,312,311],"class_list":["post-1894","post","type-post","status-publish","format-standard","has-post-thumbnail","hentry","category-covid-19","category-solidarite","tag-abus","tag-agression","tag-blessures","tag-coup","tag-economique","tag-morale","tag-physique","tag-protection","tag-sociale","tag-tousanticovid","tag-victime","tag-viol","tag-violences","tag-violences-conjugales","entry","has-media"],"yoast_head":"<!-- This site is optimized with the Yoast SEO plugin v27.3 - https:\/\/yoast.com\/product\/yoast-seo-wordpress\/ -->\n<title>Confinement et violences conjugales - Ville de Thiant<\/title>\n<meta name=\"robots\" content=\"index, follow, max-snippet:-1, max-image-preview:large, max-video-preview:-1\" \/>\n<link rel=\"canonical\" href=\"https:\/\/thiant.fr\/wordpress\/confinement-et-violences-conjugales\/\" \/>\n<meta property=\"og:locale\" content=\"fr_FR\" \/>\n<meta property=\"og:type\" content=\"article\" \/>\n<meta property=\"og:title\" content=\"Confinement et violences conjugales - Ville de Thiant\" \/>\n<meta property=\"og:description\" content=\"Afin d\u2019enrayer la propagation du virus de la Covid-19, le Pr\u00e9sident de la R\u00e9publique a d\u00e9cid\u00e9 de renouveler le confinement mis en place au printemps afin de r\u00e9duire \u00e0 leur plus strict minimum les contacts et d\u00e9placements sur l\u2019ensemble du territoire du 30 octobre au 1er d\u00e9cembre 2020. Les dispositifs destin\u00e9s \u00e0 prot\u00e9ger les femmes [&hellip;]\" \/>\n<meta property=\"og:url\" content=\"https:\/\/thiant.fr\/wordpress\/confinement-et-violences-conjugales\/\" \/>\n<meta property=\"og:site_name\" content=\"Ville de Thiant\" \/>\n<meta property=\"article:published_time\" content=\"2020-11-20T13:28:05+00:00\" \/>\n<meta property=\"article:modified_time\" content=\"2020-11-20T16:03:09+00:00\" \/>\n<meta property=\"og:image\" content=\"https:\/\/thiant.fr\/wordpress\/wp-content\/uploads\/2020\/11\/img-mise-en-avant.png\" \/>\n\t<meta property=\"og:image:width\" content=\"700\" \/>\n\t<meta property=\"og:image:height\" content=\"499\" \/>\n\t<meta property=\"og:image:type\" content=\"image\/png\" \/>\n<meta name=\"author\" content=\"Service communication\" \/>\n<meta name=\"twitter:card\" content=\"summary_large_image\" \/>\n<meta name=\"twitter:label1\" content=\"\u00c9crit par\" \/>\n\t<meta name=\"twitter:data1\" content=\"Service communication\" \/>\n\t<meta name=\"twitter:label2\" content=\"Dur\u00e9e de lecture estim\u00e9e\" \/>\n\t<meta name=\"twitter:data2\" content=\"3 minutes\" \/>\n<script type=\"application\/ld+json\" class=\"yoast-schema-graph\">{\"@context\":\"https:\\\/\\\/schema.org\",\"@graph\":[{\"@type\":\"Article\",\"@id\":\"https:\\\/\\\/thiant.fr\\\/wordpress\\\/confinement-et-violences-conjugales\\\/#article\",\"isPartOf\":{\"@id\":\"https:\\\/\\\/thiant.fr\\\/wordpress\\\/confinement-et-violences-conjugales\\\/\"},\"author\":{\"name\":\"Service communication\",\"@id\":\"https:\\\/\\\/thiant.fr\\\/wordpress\\\/#\\\/schema\\\/person\\\/f41122130d18c0720657431d990451c6\"},\"headline\":\"Confinement et violences conjugales\",\"datePublished\":\"2020-11-20T13:28:05+00:00\",\"dateModified\":\"2020-11-20T16:03:09+00:00\",\"mainEntityOfPage\":{\"@id\":\"https:\\\/\\\/thiant.fr\\\/wordpress\\\/confinement-et-violences-conjugales\\\/\"},\"wordCount\":642,\"publisher\":{\"@id\":\"https:\\\/\\\/thiant.fr\\\/wordpress\\\/#organization\"},\"image\":{\"@id\":\"https:\\\/\\\/thiant.fr\\\/wordpress\\\/confinement-et-violences-conjugales\\\/#primaryimage\"},\"thumbnailUrl\":\"https:\\\/\\\/thiant.fr\\\/wordpress\\\/wp-content\\\/uploads\\\/2020\\\/11\\\/img-mise-en-avant.png\",\"keywords\":[\"abus\",\"agression\",\"blessures\",\"coup\",\"\u00e9conomique\",\"morale\",\"physique\",\"protection\",\"sociale\",\"tousanticovid\",\"victime\",\"viol\",\"violences\",\"violences conjugales\"],\"articleSection\":[\"COVID-19\",\"Solidarit\u00e9\"],\"inLanguage\":\"fr-FR\"},{\"@type\":\"WebPage\",\"@id\":\"https:\\\/\\\/thiant.fr\\\/wordpress\\\/confinement-et-violences-conjugales\\\/\",\"url\":\"https:\\\/\\\/thiant.fr\\\/wordpress\\\/confinement-et-violences-conjugales\\\/\",\"name\":\"Confinement et violences conjugales - Ville de Thiant\",\"isPartOf\":{\"@id\":\"https:\\\/\\\/thiant.fr\\\/wordpress\\\/#website\"},\"primaryImageOfPage\":{\"@id\":\"https:\\\/\\\/thiant.fr\\\/wordpress\\\/confinement-et-violences-conjugales\\\/#primaryimage\"},\"image\":{\"@id\":\"https:\\\/\\\/thiant.fr\\\/wordpress\\\/confinement-et-violences-conjugales\\\/#primaryimage\"},\"thumbnailUrl\":\"https:\\\/\\\/thiant.fr\\\/wordpress\\\/wp-content\\\/uploads\\\/2020\\\/11\\\/img-mise-en-avant.png\",\"datePublished\":\"2020-11-20T13:28:05+00:00\",\"dateModified\":\"2020-11-20T16:03:09+00:00\",\"breadcrumb\":{\"@id\":\"https:\\\/\\\/thiant.fr\\\/wordpress\\\/confinement-et-violences-conjugales\\\/#breadcrumb\"},\"inLanguage\":\"fr-FR\",\"potentialAction\":[{\"@type\":\"ReadAction\",\"target\":[\"https:\\\/\\\/thiant.fr\\\/wordpress\\\/confinement-et-violences-conjugales\\\/\"]}]},{\"@type\":\"ImageObject\",\"inLanguage\":\"fr-FR\",\"@id\":\"https:\\\/\\\/thiant.fr\\\/wordpress\\\/confinement-et-violences-conjugales\\\/#primaryimage\",\"url\":\"https:\\\/\\\/thiant.fr\\\/wordpress\\\/wp-content\\\/uploads\\\/2020\\\/11\\\/img-mise-en-avant.png\",\"contentUrl\":\"https:\\\/\\\/thiant.fr\\\/wordpress\\\/wp-content\\\/uploads\\\/2020\\\/11\\\/img-mise-en-avant.png\",\"width\":700,\"height\":499},{\"@type\":\"BreadcrumbList\",\"@id\":\"https:\\\/\\\/thiant.fr\\\/wordpress\\\/confinement-et-violences-conjugales\\\/#breadcrumb\",\"itemListElement\":[{\"@type\":\"ListItem\",\"position\":1,\"name\":\"Accueil\",\"item\":\"https:\\\/\\\/thiant.fr\\\/wordpress\\\/\"},{\"@type\":\"ListItem\",\"position\":2,\"name\":\"Confinement et violences conjugales\"}]},{\"@type\":\"WebSite\",\"@id\":\"https:\\\/\\\/thiant.fr\\\/wordpress\\\/#website\",\"url\":\"https:\\\/\\\/thiant.fr\\\/wordpress\\\/\",\"name\":\"Ville de Thiant\",\"description\":\"Site officiel de la ville de Thiant\",\"publisher\":{\"@id\":\"https:\\\/\\\/thiant.fr\\\/wordpress\\\/#organization\"},\"potentialAction\":[{\"@type\":\"SearchAction\",\"target\":{\"@type\":\"EntryPoint\",\"urlTemplate\":\"https:\\\/\\\/thiant.fr\\\/wordpress\\\/?s={search_term_string}\"},\"query-input\":{\"@type\":\"PropertyValueSpecification\",\"valueRequired\":true,\"valueName\":\"search_term_string\"}}],\"inLanguage\":\"fr-FR\"},{\"@type\":\"Organization\",\"@id\":\"https:\\\/\\\/thiant.fr\\\/wordpress\\\/#organization\",\"name\":\"Ville de Thiant\",\"url\":\"https:\\\/\\\/thiant.fr\\\/wordpress\\\/\",\"logo\":{\"@type\":\"ImageObject\",\"inLanguage\":\"fr-FR\",\"@id\":\"https:\\\/\\\/thiant.fr\\\/wordpress\\\/#\\\/schema\\\/logo\\\/image\\\/\",\"url\":\"https:\\\/\\\/thiant.fr\\\/wordpress\\\/wp-content\\\/uploads\\\/2019\\\/08\\\/Thiant_Illdy_4.png\",\"contentUrl\":\"https:\\\/\\\/thiant.fr\\\/wordpress\\\/wp-content\\\/uploads\\\/2019\\\/08\\\/Thiant_Illdy_4.png\",\"width\":105,\"height\":75,\"caption\":\"Ville de Thiant\"},\"image\":{\"@id\":\"https:\\\/\\\/thiant.fr\\\/wordpress\\\/#\\\/schema\\\/logo\\\/image\\\/\"}},{\"@type\":\"Person\",\"@id\":\"https:\\\/\\\/thiant.fr\\\/wordpress\\\/#\\\/schema\\\/person\\\/f41122130d18c0720657431d990451c6\",\"name\":\"Service communication\",\"image\":{\"@type\":\"ImageObject\",\"inLanguage\":\"fr-FR\",\"@id\":\"https:\\\/\\\/secure.gravatar.com\\\/avatar\\\/527d4f1f1330a82db5a7ea7738ddeb994fd26c4537512a833d99b387808ee250?s=96&r=g\",\"url\":\"https:\\\/\\\/secure.gravatar.com\\\/avatar\\\/527d4f1f1330a82db5a7ea7738ddeb994fd26c4537512a833d99b387808ee250?s=96&r=g\",\"contentUrl\":\"https:\\\/\\\/secure.gravatar.com\\\/avatar\\\/527d4f1f1330a82db5a7ea7738ddeb994fd26c4537512a833d99b387808ee250?s=96&r=g\",\"caption\":\"Service communication\"},\"url\":\"https:\\\/\\\/thiant.fr\\\/wordpress\\\/author\\\/adminwpress\\\/\"}]}<\/script>\n<!-- \/ Yoast SEO plugin. -->","yoast_head_json":{"title":"Confinement et violences conjugales - Ville de Thiant","robots":{"index":"index","follow":"follow","max-snippet":"max-snippet:-1","max-image-preview":"max-image-preview:large","max-video-preview":"max-video-preview:-1"},"canonical":"https:\/\/thiant.fr\/wordpress\/confinement-et-violences-conjugales\/","og_locale":"fr_FR","og_type":"article","og_title":"Confinement et violences conjugales - Ville de Thiant","og_description":"Afin d\u2019enrayer la propagation du virus de la Covid-19, le Pr\u00e9sident de la R\u00e9publique a d\u00e9cid\u00e9 de renouveler le confinement mis en place au printemps afin de r\u00e9duire \u00e0 leur plus strict minimum les contacts et d\u00e9placements sur l\u2019ensemble du territoire du 30 octobre au 1er d\u00e9cembre 2020. Les dispositifs destin\u00e9s \u00e0 prot\u00e9ger les femmes [&hellip;]","og_url":"https:\/\/thiant.fr\/wordpress\/confinement-et-violences-conjugales\/","og_site_name":"Ville de Thiant","article_published_time":"2020-11-20T13:28:05+00:00","article_modified_time":"2020-11-20T16:03:09+00:00","og_image":[{"width":700,"height":499,"url":"https:\/\/thiant.fr\/wordpress\/wp-content\/uploads\/2020\/11\/img-mise-en-avant.png","type":"image\/png"}],"author":"Service communication","twitter_card":"summary_large_image","twitter_misc":{"\u00c9crit par":"Service communication","Dur\u00e9e de lecture estim\u00e9e":"3 minutes"},"schema":{"@context":"https:\/\/schema.org","@graph":[{"@type":"Article","@id":"https:\/\/thiant.fr\/wordpress\/confinement-et-violences-conjugales\/#article","isPartOf":{"@id":"https:\/\/thiant.fr\/wordpress\/confinement-et-violences-conjugales\/"},"author":{"name":"Service communication","@id":"https:\/\/thiant.fr\/wordpress\/#\/schema\/person\/f41122130d18c0720657431d990451c6"},"headline":"Confinement et violences conjugales","datePublished":"2020-11-20T13:28:05+00:00","dateModified":"2020-11-20T16:03:09+00:00","mainEntityOfPage":{"@id":"https:\/\/thiant.fr\/wordpress\/confinement-et-violences-conjugales\/"},"wordCount":642,"publisher":{"@id":"https:\/\/thiant.fr\/wordpress\/#organization"},"image":{"@id":"https:\/\/thiant.fr\/wordpress\/confinement-et-violences-conjugales\/#primaryimage"},"thumbnailUrl":"https:\/\/thiant.fr\/wordpress\/wp-content\/uploads\/2020\/11\/img-mise-en-avant.png","keywords":["abus","agression","blessures","coup","\u00e9conomique","morale","physique","protection","sociale","tousanticovid","victime","viol","violences","violences conjugales"],"articleSection":["COVID-19","Solidarit\u00e9"],"inLanguage":"fr-FR"},{"@type":"WebPage","@id":"https:\/\/thiant.fr\/wordpress\/confinement-et-violences-conjugales\/","url":"https:\/\/thiant.fr\/wordpress\/confinement-et-violences-conjugales\/","name":"Confinement et violences conjugales - Ville de Thiant","isPartOf":{"@id":"https:\/\/thiant.fr\/wordpress\/#website"},"primaryImageOfPage":{"@id":"https:\/\/thiant.fr\/wordpress\/confinement-et-violences-conjugales\/#primaryimage"},"image":{"@id":"https:\/\/thiant.fr\/wordpress\/confinement-et-violences-conjugales\/#primaryimage"},"thumbnailUrl":"https:\/\/thiant.fr\/wordpress\/wp-content\/uploads\/2020\/11\/img-mise-en-avant.png","datePublished":"2020-11-20T13:28:05+00:00","dateModified":"2020-11-20T16:03:09+00:00","breadcrumb":{"@id":"https:\/\/thiant.fr\/wordpress\/confinement-et-violences-conjugales\/#breadcrumb"},"inLanguage":"fr-FR","potentialAction":[{"@type":"ReadAction","target":["https:\/\/thiant.fr\/wordpress\/confinement-et-violences-conjugales\/"]}]},{"@type":"ImageObject","inLanguage":"fr-FR","@id":"https:\/\/thiant.fr\/wordpress\/confinement-et-violences-conjugales\/#primaryimage","url":"https:\/\/thiant.fr\/wordpress\/wp-content\/uploads\/2020\/11\/img-mise-en-avant.png","contentUrl":"https:\/\/thiant.fr\/wordpress\/wp-content\/uploads\/2020\/11\/img-mise-en-avant.png","width":700,"height":499},{"@type":"BreadcrumbList","@id":"https:\/\/thiant.fr\/wordpress\/confinement-et-violences-conjugales\/#breadcrumb","itemListElement":[{"@type":"ListItem","position":1,"name":"Accueil","item":"https:\/\/thiant.fr\/wordpress\/"},{"@type":"ListItem","position":2,"name":"Confinement et violences conjugales"}]},{"@type":"WebSite","@id":"https:\/\/thiant.fr\/wordpress\/#website","url":"https:\/\/thiant.fr\/wordpress\/","name":"Ville de Thiant","description":"Site officiel de la ville de Thiant","publisher":{"@id":"https:\/\/thiant.fr\/wordpress\/#organization"},"potentialAction":[{"@type":"SearchAction","target":{"@type":"EntryPoint","urlTemplate":"https:\/\/thiant.fr\/wordpress\/?s={search_term_string}"},"query-input":{"@type":"PropertyValueSpecification","valueRequired":true,"valueName":"search_term_string"}}],"inLanguage":"fr-FR"},{"@type":"Organization","@id":"https:\/\/thiant.fr\/wordpress\/#organization","name":"Ville de Thiant","url":"https:\/\/thiant.fr\/wordpress\/","logo":{"@type":"ImageObject","inLanguage":"fr-FR","@id":"https:\/\/thiant.fr\/wordpress\/#\/schema\/logo\/image\/","url":"https:\/\/thiant.fr\/wordpress\/wp-content\/uploads\/2019\/08\/Thiant_Illdy_4.png","contentUrl":"https:\/\/thiant.fr\/wordpress\/wp-content\/uploads\/2019\/08\/Thiant_Illdy_4.png","width":105,"height":75,"caption":"Ville de Thiant"},"image":{"@id":"https:\/\/thiant.fr\/wordpress\/#\/schema\/logo\/image\/"}},{"@type":"Person","@id":"https:\/\/thiant.fr\/wordpress\/#\/schema\/person\/f41122130d18c0720657431d990451c6","name":"Service communication","image":{"@type":"ImageObject","inLanguage":"fr-FR","@id":"https:\/\/secure.gravatar.com\/avatar\/527d4f1f1330a82db5a7ea7738ddeb994fd26c4537512a833d99b387808ee250?s=96&r=g","url":"https:\/\/secure.gravatar.com\/avatar\/527d4f1f1330a82db5a7ea7738ddeb994fd26c4537512a833d99b387808ee250?s=96&r=g","contentUrl":"https:\/\/secure.gravatar.com\/avatar\/527d4f1f1330a82db5a7ea7738ddeb994fd26c4537512a833d99b387808ee250?s=96&r=g","caption":"Service communication"},"url":"https:\/\/thiant.fr\/wordpress\/author\/adminwpress\/"}]}},"_links":{"self":[{"href":"https:\/\/thiant.fr\/wordpress\/wp-json\/wp\/v2\/posts\/1894","targetHints":{"allow":["GET"]}}],"collection":[{"href":"https:\/\/thiant.fr\/wordpress\/wp-json\/wp\/v2\/posts"}],"about":[{"href":"https:\/\/thiant.fr\/wordpress\/wp-json\/wp\/v2\/types\/post"}],"author":[{"embeddable":true,"href":"https:\/\/thiant.fr\/wordpress\/wp-json\/wp\/v2\/users\/1"}],"replies":[{"embeddable":true,"href":"https:\/\/thiant.fr\/wordpress\/wp-json\/wp\/v2\/comments?post=1894"}],"version-history":[{"count":0,"href":"https:\/\/thiant.fr\/wordpress\/wp-json\/wp\/v2\/posts\/1894\/revisions"}],"wp:featuredmedia":[{"embeddable":true,"href":"https:\/\/thiant.fr\/wordpress\/wp-json\/wp\/v2\/media\/1895"}],"wp:attachment":[{"href":"https:\/\/thiant.fr\/wordpress\/wp-json\/wp\/v2\/media?parent=1894"}],"wp:term":[{"taxonomy":"category","embeddable":true,"href":"https:\/\/thiant.fr\/wordpress\/wp-json\/wp\/v2\/categories?post=1894"},{"taxonomy":"post_tag","embeddable":true,"href":"https:\/\/thiant.fr\/wordpress\/wp-json\/wp\/v2\/tags?post=1894"}],"curies":[{"name":"wp","href":"https:\/\/api.w.org\/{rel}","templated":true}]}}