{"id":2069,"date":"2021-01-29T16:12:14","date_gmt":"2021-01-29T15:12:14","guid":{"rendered":"https:\/\/thiant.fr\/wordpress\/?p=2069"},"modified":"2021-02-18T13:41:31","modified_gmt":"2021-02-18T12:41:31","slug":"covid-19-point-de-situation-au-29-janvier","status":"publish","type":"post","link":"https:\/\/thiant.fr\/wordpress\/covid-19-point-de-situation-au-29-janvier\/","title":{"rendered":"COVID-19 : Point de situation au 29 janvier"},"content":{"rendered":"\t\t<div data-elementor-type=\"wp-post\" data-elementor-id=\"2069\" class=\"elementor elementor-2069\">\n\t\t\t\t\t\t<section class=\"elementor-section elementor-top-section elementor-element elementor-element-0143c24 elementor-section-boxed elementor-section-height-default elementor-section-height-default\" data-id=\"0143c24\" data-element_type=\"section\" data-e-type=\"section\">\n\t\t\t\t\t\t<div class=\"elementor-container elementor-column-gap-default\">\n\t\t\t\t\t<div class=\"elementor-column elementor-col-33 elementor-top-column elementor-element elementor-element-7cae797\" data-id=\"7cae797\" data-element_type=\"column\" data-e-type=\"column\">\n\t\t\t<div class=\"elementor-widget-wrap elementor-element-populated\">\n\t\t\t\t\t\t<div class=\"elementor-element elementor-element-df51598 elementor-widget elementor-widget-image\" data-id=\"df51598\" data-element_type=\"widget\" data-e-type=\"widget\" data-widget_type=\"image.default\">\n\t\t\t\t<div class=\"elementor-widget-container\">\n\t\t\t\t\t\t\t\t\t\t\t\t\t\t\t<img decoding=\"async\" width=\"134\" height=\"134\" src=\"https:\/\/thiant.fr\/wordpress\/wp-content\/uploads\/2020\/10\/Prefet-Nord-e1616753120375.jpg\" class=\"attachment-full size-full wp-image-1800\" alt=\"\" \/>\t\t\t\t\t\t\t\t\t\t\t\t\t\t\t<\/div>\n\t\t\t\t<\/div>\n\t\t\t\t\t<\/div>\n\t\t<\/div>\n\t\t\t\t<div class=\"elementor-column elementor-col-66 elementor-top-column elementor-element elementor-element-20f5948\" data-id=\"20f5948\" data-element_type=\"column\" data-e-type=\"column\">\n\t\t\t<div class=\"elementor-widget-wrap elementor-element-populated\">\n\t\t\t\t\t\t<div class=\"elementor-element elementor-element-6c9f5b1 elementor-widget elementor-widget-text-editor\" data-id=\"6c9f5b1\" data-element_type=\"widget\" data-e-type=\"widget\" data-widget_type=\"text-editor.default\">\n\t\t\t\t<div class=\"elementor-widget-container\">\n\t\t\t\t\t\t\t\t\t<h3><span style=\"color: #0000ff;\">1 &#8211; Vaccination : les rendez-vous de premi\u00e8res injections report\u00e9s afin d\u2019assurer la bonne administration des secondes injections. <\/span><\/h3><p style=\"padding-left: 40px;\"><span style=\"color: #333333;\">Apr\u00e8s trois semaines de campagne vaccinale et gr\u00e2ce aux 37 centres de vaccination qui maillent d\u00e9j\u00e0 les territoires urbains et ruraux du d\u00e9partement, pr\u00e8s de 45 000 habitants du Nord ont pu recevoir au 27 janvier une premi\u00e8re dose du vaccin Pfizer\/BioNtech.<\/span><br \/><span style=\"color: #333333;\">En Hauts-de-France, plus de 15 % de la population prioritaire a d\u00e9j\u00e0 pu b\u00e9n\u00e9ficier de la <\/span><span style=\"color: #333333;\">premi\u00e8re injection du vaccin (en 3\u00e8me place des r\u00e9gions de France exclusivement livr\u00e9es en<\/span> <span style=\"color: #333333;\">vaccins Pfizer), avec un taux de personnes vaccin\u00e9es rapport\u00e9 au nombre de doses livr\u00e9es <\/span><span style=\"color: #333333;\">d\u00e9passant les 75% (2\u00e8me r\u00e9gion de France).<\/span><br \/><span style=\"color: #333333;\">Afin de garantir l\u2019administration de la seconde injection pour toutes les personnes ayant <\/span><span style=\"color: #333333;\">d\u00e9j\u00e0 re\u00e7u la premi\u00e8re dose en janvier, l\u2019ensemble des rendez-vous de primo vaccination<\/span> <span style=\"color: #333333;\">pr\u00e9vus jusqu&#8217;au mardi 2 f\u00e9vrier inclus seront reprogramm\u00e9s \u00e0 partir de la premi\u00e8re semaine <\/span><span style=\"color: #333333;\">de mars. <br \/>L\u2019ARS et la pr\u00e9fecture du Nord sont pleinement mobilis\u00e9es pour permettre au d\u00e9partement d\u2019obtenir le maximum de doses suppl\u00e9mentaires et soutenir le dynamisme du territoire dans la mise en \u0153uvre de la strat\u00e9gie vaccinale.<\/span><\/p><h3><span style=\"color: #0000ff;\">2- Poursuite de la vaccination dans les Ehpad<\/span><\/h3><p style=\"padding-left: 40px;\"><span style=\"color: #333333;\">La r\u00e9partition des doses de vaccins entre les r\u00e9gions est int\u00e9gralement d\u00e9termin\u00e9e et r\u00e9gul\u00e9e par le niveau national. Deux circuits logistiques sont mis en place pour assurer l\u2019approvisionnement des \u00e9tablissements :<br \/><\/span><\/p><p style=\"padding-left: 80px;\"><span style=\"color: #333333;\">\u2022 Un flux logistique dit \u00ab B \u00bb : il s\u2019agit du flux principal jusqu\u2019alors, qui alimente les \u00e9tablissements d\u00e9pendant d\u2019un h\u00f4pital et les centres de vaccination associ\u00e9s.<br \/>\u2022 Un flux logistique dit \u00ab A \u00bb, pour l\u2019acheminement des vaccins dans les Ehpad qui ne d\u00e9pendent pas d\u2019un \u00e9tablissement hospitalier.<br \/><\/span><\/p><p style=\"padding-left: 40px;\"><span style=\"color: #333333;\">Depuis mercredi dernier, un nouveau flux d\u2019approvisionnement national (dit flux \u00ab A \u00bb) destin\u00e9 aux \u00e9tablissements accueillant des personnes \u00e2g\u00e9es ne d\u00e9pendant pas d\u2019un h\u00f4pital, permet de vacciner plus de 25 000 r\u00e9sidents ou\u00a0 professionnels prioritaires.<br \/>Pr\u00e8s de 12 000 doses vont \u00eatre livr\u00e9es entre le 27 janvier et le 2 f\u00e9vrier dans 209 Ehpad du Nord. La vaccination dans ces \u00e9tablissements est organis\u00e9e dans les 5 jours qui suivent la livraison des doses. Ces \u00e9tablissements ont \u00e9t\u00e9 pr\u00e9alablement interrog\u00e9s sur leurs besoins pr\u00e9cis afin d\u2019\u00eatre livr\u00e9s du nombre de doses n\u00e9cessaires pour vacciner l\u2019ensemble des r\u00e9sidents et professionnels volontaires.<br \/>14 721 r\u00e9sidents d\u2019Ehpad ont d\u00e9j\u00e0 pu recevoir une premi\u00e8re injection du vaccin dans les Hauts-de-France depuis le lancement de la campagne de vaccination.<br \/><\/span><\/p><h3><span style=\"color: #333333;\"><span style=\"color: #0000ff;\">3 &#8211; Interdiction de diffusion de musique amplifi\u00e9e sur la voie publique<\/span><br \/><\/span><\/h3><p style=\"padding-left: 40px;\"><span style=\"color: #333333;\">Dans le cadre des mesures sanitaires mises en place pour lutter contre l\u2019\u00e9pid\u00e9mie COVID-19 et au regard de la situation \u00e9pid\u00e9mique du d\u00e9partement du Nord, la diffusion de musique amplifi\u00e9e sur la voie publique est interdite sur l\u2019ensemble des communes du d\u00e9partement du Nord, \u00e0 compter du jeudi 28 janvier 2021 et ce jusqu\u2019au 16 f\u00e9vrier 2021.<br \/>Cette interdiction de diffusion de musique amplifi\u00e9e sur la voie publique, propice aux rassemblements impromptus vise \u00e0 limiter le brassage des populations et la multiplication des cha\u00eenes de transmission du virus.<br \/>Reste autoris\u00e9e l\u2019utilisation d\u2019\u00e9quipements de sonorisation utilis\u00e9s pour la diffusion de messages lors de manifestations revendicatives.<\/span><\/p>\t\t\t\t\t\t\t\t<\/div>\n\t\t\t\t<\/div>\n\t\t\t\t\t<\/div>\n\t\t<\/div>\n\t\t\t\t\t<\/div>\n\t\t<\/section>\n\t\t\t\t<\/div>\n\t\t","protected":false},"excerpt":{"rendered":"<p>1 &#8211; Vaccination : les rendez-vous de premi\u00e8res injections report\u00e9s afin d\u2019assurer la bonne administration des secondes injections. Apr\u00e8s trois semaines de campagne vaccinale et gr\u00e2ce aux 37 centres de vaccination qui maillent d\u00e9j\u00e0 les territoires urbains et ruraux du d\u00e9partement, pr\u00e8s de 45 000 habitants du Nord ont pu recevoir au 27 janvier une [&hellip;]<\/p>\n","protected":false},"author":1,"featured_media":2282,"comment_status":"closed","ping_status":"closed","sticky":false,"template":"","format":"standard","meta":{"_crdt_document":"","ocean_post_layout":"","ocean_both_sidebars_style":"","ocean_both_sidebars_content_width":0,"ocean_both_sidebars_sidebars_width":0,"ocean_sidebar":"0","ocean_second_sidebar":"0","ocean_disable_margins":"enable","ocean_add_body_class":"","ocean_shortcode_before_top_bar":"","ocean_shortcode_after_top_bar":"","ocean_shortcode_before_header":"","ocean_shortcode_after_header":"","ocean_has_shortcode":"","ocean_shortcode_after_title":"","ocean_shortcode_before_footer_widgets":"","ocean_shortcode_after_footer_widgets":"","ocean_shortcode_before_footer_bottom":"","ocean_shortcode_after_footer_bottom":"","ocean_display_top_bar":"default","ocean_display_header":"default","ocean_header_style":"","ocean_center_header_left_menu":"0","ocean_custom_header_template":"0","ocean_custom_logo":0,"ocean_custom_retina_logo":0,"ocean_custom_logo_max_width":0,"ocean_custom_logo_tablet_max_width":0,"ocean_custom_logo_mobile_max_width":0,"ocean_custom_logo_max_height":0,"ocean_custom_logo_tablet_max_height":0,"ocean_custom_logo_mobile_max_height":0,"ocean_header_custom_menu":"0","ocean_menu_typo_font_family":"0","ocean_menu_typo_font_subset":"","ocean_menu_typo_font_size":0,"ocean_menu_typo_font_size_tablet":0,"ocean_menu_typo_font_size_mobile":0,"ocean_menu_typo_font_size_unit":"px","ocean_menu_typo_font_weight":"","ocean_menu_typo_font_weight_tablet":"","ocean_menu_typo_font_weight_mobile":"","ocean_menu_typo_transform":"","ocean_menu_typo_transform_tablet":"","ocean_menu_typo_transform_mobile":"","ocean_menu_typo_line_height":0,"ocean_menu_typo_line_height_tablet":0,"ocean_menu_typo_line_height_mobile":0,"ocean_menu_typo_line_height_unit":"","ocean_menu_typo_spacing":0,"ocean_menu_typo_spacing_tablet":0,"ocean_menu_typo_spacing_mobile":0,"ocean_menu_typo_spacing_unit":"","ocean_menu_link_color":"","ocean_menu_link_color_hover":"","ocean_menu_link_color_active":"","ocean_menu_link_background":"","ocean_menu_link_hover_background":"","ocean_menu_link_active_background":"","ocean_menu_social_links_bg":"","ocean_menu_social_hover_links_bg":"","ocean_menu_social_links_color":"","ocean_menu_social_hover_links_color":"","ocean_disable_title":"default","ocean_disable_heading":"default","ocean_post_title":"","ocean_post_subheading":"","ocean_post_title_style":"","ocean_post_title_background_color":"","ocean_post_title_background":0,"ocean_post_title_bg_image_position":"","ocean_post_title_bg_image_attachment":"","ocean_post_title_bg_image_repeat":"","ocean_post_title_bg_image_size":"","ocean_post_title_height":0,"ocean_post_title_bg_overlay":0.5,"ocean_post_title_bg_overlay_color":"","ocean_disable_breadcrumbs":"default","ocean_breadcrumbs_color":"","ocean_breadcrumbs_separator_color":"","ocean_breadcrumbs_links_color":"","ocean_breadcrumbs_links_hover_color":"","ocean_display_footer_widgets":"default","ocean_display_footer_bottom":"default","ocean_custom_footer_template":"0","ocean_post_oembed":"","ocean_post_self_hosted_media":"","ocean_post_video_embed":"","ocean_link_format":"","ocean_link_format_target":"self","ocean_quote_format":"","ocean_quote_format_link":"post","ocean_gallery_link_images":"off","ocean_gallery_id":[],"footnotes":""},"categories":[271],"tags":[],"class_list":["post-2069","post","type-post","status-publish","format-standard","has-post-thumbnail","hentry","category-covid-19","entry","has-media"],"yoast_head":"<!-- This site is optimized with the Yoast SEO plugin v27.3 - https:\/\/yoast.com\/product\/yoast-seo-wordpress\/ -->\n<title>COVID-19 : Point de situation au 29 janvier - Ville de Thiant<\/title>\n<meta name=\"robots\" content=\"index, follow, max-snippet:-1, max-image-preview:large, max-video-preview:-1\" \/>\n<link rel=\"canonical\" href=\"https:\/\/thiant.fr\/wordpress\/covid-19-point-de-situation-au-29-janvier\/\" \/>\n<meta property=\"og:locale\" content=\"fr_FR\" \/>\n<meta property=\"og:type\" content=\"article\" \/>\n<meta property=\"og:title\" content=\"COVID-19 : Point de situation au 29 janvier - Ville de Thiant\" \/>\n<meta property=\"og:description\" content=\"1 &#8211; Vaccination : les rendez-vous de premi\u00e8res injections report\u00e9s afin d\u2019assurer la bonne administration des secondes injections. Apr\u00e8s trois semaines de campagne vaccinale et gr\u00e2ce aux 37 centres de vaccination qui maillent d\u00e9j\u00e0 les territoires urbains et ruraux du d\u00e9partement, pr\u00e8s de 45 000 habitants du Nord ont pu recevoir au 27 janvier une [&hellip;]\" \/>\n<meta property=\"og:url\" content=\"https:\/\/thiant.fr\/wordpress\/covid-19-point-de-situation-au-29-janvier\/\" \/>\n<meta property=\"og:site_name\" content=\"Ville de Thiant\" \/>\n<meta property=\"article:published_time\" content=\"2021-01-29T15:12:14+00:00\" \/>\n<meta property=\"article:modified_time\" content=\"2021-02-18T12:41:31+00:00\" \/>\n<meta property=\"og:image\" content=\"https:\/\/thiant.fr\/wordpress\/wp-content\/uploads\/2021\/01\/COVID-19.png\" \/>\n\t<meta property=\"og:image:width\" content=\"700\" \/>\n\t<meta property=\"og:image:height\" content=\"259\" \/>\n\t<meta property=\"og:image:type\" content=\"image\/png\" \/>\n<meta name=\"author\" content=\"Service communication\" \/>\n<meta name=\"twitter:card\" content=\"summary_large_image\" \/>\n<meta name=\"twitter:label1\" content=\"\u00c9crit par\" \/>\n\t<meta name=\"twitter:data1\" content=\"Service communication\" \/>\n\t<meta name=\"twitter:label2\" content=\"Dur\u00e9e de lecture estim\u00e9e\" \/>\n\t<meta name=\"twitter:data2\" content=\"3 minutes\" \/>\n<script type=\"application\/ld+json\" class=\"yoast-schema-graph\">{\"@context\":\"https:\\\/\\\/schema.org\",\"@graph\":[{\"@type\":\"Article\",\"@id\":\"https:\\\/\\\/thiant.fr\\\/wordpress\\\/covid-19-point-de-situation-au-29-janvier\\\/#article\",\"isPartOf\":{\"@id\":\"https:\\\/\\\/thiant.fr\\\/wordpress\\\/covid-19-point-de-situation-au-29-janvier\\\/\"},\"author\":{\"name\":\"Service communication\",\"@id\":\"https:\\\/\\\/thiant.fr\\\/wordpress\\\/#\\\/schema\\\/person\\\/f41122130d18c0720657431d990451c6\"},\"headline\":\"COVID-19 : Point de situation au 29 janvier\",\"datePublished\":\"2021-01-29T15:12:14+00:00\",\"dateModified\":\"2021-02-18T12:41:31+00:00\",\"mainEntityOfPage\":{\"@id\":\"https:\\\/\\\/thiant.fr\\\/wordpress\\\/covid-19-point-de-situation-au-29-janvier\\\/\"},\"wordCount\":577,\"publisher\":{\"@id\":\"https:\\\/\\\/thiant.fr\\\/wordpress\\\/#organization\"},\"image\":{\"@id\":\"https:\\\/\\\/thiant.fr\\\/wordpress\\\/covid-19-point-de-situation-au-29-janvier\\\/#primaryimage\"},\"thumbnailUrl\":\"https:\\\/\\\/thiant.fr\\\/wordpress\\\/wp-content\\\/uploads\\\/2021\\\/01\\\/COVID-19.png\",\"articleSection\":[\"COVID-19\"],\"inLanguage\":\"fr-FR\"},{\"@type\":\"WebPage\",\"@id\":\"https:\\\/\\\/thiant.fr\\\/wordpress\\\/covid-19-point-de-situation-au-29-janvier\\\/\",\"url\":\"https:\\\/\\\/thiant.fr\\\/wordpress\\\/covid-19-point-de-situation-au-29-janvier\\\/\",\"name\":\"COVID-19 : Point de situation au 29 janvier - Ville de Thiant\",\"isPartOf\":{\"@id\":\"https:\\\/\\\/thiant.fr\\\/wordpress\\\/#website\"},\"primaryImageOfPage\":{\"@id\":\"https:\\\/\\\/thiant.fr\\\/wordpress\\\/covid-19-point-de-situation-au-29-janvier\\\/#primaryimage\"},\"image\":{\"@id\":\"https:\\\/\\\/thiant.fr\\\/wordpress\\\/covid-19-point-de-situation-au-29-janvier\\\/#primaryimage\"},\"thumbnailUrl\":\"https:\\\/\\\/thiant.fr\\\/wordpress\\\/wp-content\\\/uploads\\\/2021\\\/01\\\/COVID-19.png\",\"datePublished\":\"2021-01-29T15:12:14+00:00\",\"dateModified\":\"2021-02-18T12:41:31+00:00\",\"breadcrumb\":{\"@id\":\"https:\\\/\\\/thiant.fr\\\/wordpress\\\/covid-19-point-de-situation-au-29-janvier\\\/#breadcrumb\"},\"inLanguage\":\"fr-FR\",\"potentialAction\":[{\"@type\":\"ReadAction\",\"target\":[\"https:\\\/\\\/thiant.fr\\\/wordpress\\\/covid-19-point-de-situation-au-29-janvier\\\/\"]}]},{\"@type\":\"ImageObject\",\"inLanguage\":\"fr-FR\",\"@id\":\"https:\\\/\\\/thiant.fr\\\/wordpress\\\/covid-19-point-de-situation-au-29-janvier\\\/#primaryimage\",\"url\":\"https:\\\/\\\/thiant.fr\\\/wordpress\\\/wp-content\\\/uploads\\\/2021\\\/01\\\/COVID-19.png\",\"contentUrl\":\"https:\\\/\\\/thiant.fr\\\/wordpress\\\/wp-content\\\/uploads\\\/2021\\\/01\\\/COVID-19.png\",\"width\":700,\"height\":259},{\"@type\":\"BreadcrumbList\",\"@id\":\"https:\\\/\\\/thiant.fr\\\/wordpress\\\/covid-19-point-de-situation-au-29-janvier\\\/#breadcrumb\",\"itemListElement\":[{\"@type\":\"ListItem\",\"position\":1,\"name\":\"Accueil\",\"item\":\"https:\\\/\\\/thiant.fr\\\/wordpress\\\/\"},{\"@type\":\"ListItem\",\"position\":2,\"name\":\"COVID-19 : Point de situation au 29 janvier\"}]},{\"@type\":\"WebSite\",\"@id\":\"https:\\\/\\\/thiant.fr\\\/wordpress\\\/#website\",\"url\":\"https:\\\/\\\/thiant.fr\\\/wordpress\\\/\",\"name\":\"Ville de Thiant\",\"description\":\"Site officiel de la ville de Thiant\",\"publisher\":{\"@id\":\"https:\\\/\\\/thiant.fr\\\/wordpress\\\/#organization\"},\"potentialAction\":[{\"@type\":\"SearchAction\",\"target\":{\"@type\":\"EntryPoint\",\"urlTemplate\":\"https:\\\/\\\/thiant.fr\\\/wordpress\\\/?s={search_term_string}\"},\"query-input\":{\"@type\":\"PropertyValueSpecification\",\"valueRequired\":true,\"valueName\":\"search_term_string\"}}],\"inLanguage\":\"fr-FR\"},{\"@type\":\"Organization\",\"@id\":\"https:\\\/\\\/thiant.fr\\\/wordpress\\\/#organization\",\"name\":\"Ville de Thiant\",\"url\":\"https:\\\/\\\/thiant.fr\\\/wordpress\\\/\",\"logo\":{\"@type\":\"ImageObject\",\"inLanguage\":\"fr-FR\",\"@id\":\"https:\\\/\\\/thiant.fr\\\/wordpress\\\/#\\\/schema\\\/logo\\\/image\\\/\",\"url\":\"https:\\\/\\\/thiant.fr\\\/wordpress\\\/wp-content\\\/uploads\\\/2019\\\/08\\\/Thiant_Illdy_4.png\",\"contentUrl\":\"https:\\\/\\\/thiant.fr\\\/wordpress\\\/wp-content\\\/uploads\\\/2019\\\/08\\\/Thiant_Illdy_4.png\",\"width\":105,\"height\":75,\"caption\":\"Ville de Thiant\"},\"image\":{\"@id\":\"https:\\\/\\\/thiant.fr\\\/wordpress\\\/#\\\/schema\\\/logo\\\/image\\\/\"}},{\"@type\":\"Person\",\"@id\":\"https:\\\/\\\/thiant.fr\\\/wordpress\\\/#\\\/schema\\\/person\\\/f41122130d18c0720657431d990451c6\",\"name\":\"Service communication\",\"image\":{\"@type\":\"ImageObject\",\"inLanguage\":\"fr-FR\",\"@id\":\"https:\\\/\\\/secure.gravatar.com\\\/avatar\\\/527d4f1f1330a82db5a7ea7738ddeb994fd26c4537512a833d99b387808ee250?s=96&r=g\",\"url\":\"https:\\\/\\\/secure.gravatar.com\\\/avatar\\\/527d4f1f1330a82db5a7ea7738ddeb994fd26c4537512a833d99b387808ee250?s=96&r=g\",\"contentUrl\":\"https:\\\/\\\/secure.gravatar.com\\\/avatar\\\/527d4f1f1330a82db5a7ea7738ddeb994fd26c4537512a833d99b387808ee250?s=96&r=g\",\"caption\":\"Service communication\"},\"url\":\"https:\\\/\\\/thiant.fr\\\/wordpress\\\/author\\\/adminwpress\\\/\"}]}<\/script>\n<!-- \/ Yoast SEO plugin. -->","yoast_head_json":{"title":"COVID-19 : Point de situation au 29 janvier - Ville de Thiant","robots":{"index":"index","follow":"follow","max-snippet":"max-snippet:-1","max-image-preview":"max-image-preview:large","max-video-preview":"max-video-preview:-1"},"canonical":"https:\/\/thiant.fr\/wordpress\/covid-19-point-de-situation-au-29-janvier\/","og_locale":"fr_FR","og_type":"article","og_title":"COVID-19 : Point de situation au 29 janvier - Ville de Thiant","og_description":"1 &#8211; Vaccination : les rendez-vous de premi\u00e8res injections report\u00e9s afin d\u2019assurer la bonne administration des secondes injections. Apr\u00e8s trois semaines de campagne vaccinale et gr\u00e2ce aux 37 centres de vaccination qui maillent d\u00e9j\u00e0 les territoires urbains et ruraux du d\u00e9partement, pr\u00e8s de 45 000 habitants du Nord ont pu recevoir au 27 janvier une [&hellip;]","og_url":"https:\/\/thiant.fr\/wordpress\/covid-19-point-de-situation-au-29-janvier\/","og_site_name":"Ville de Thiant","article_published_time":"2021-01-29T15:12:14+00:00","article_modified_time":"2021-02-18T12:41:31+00:00","og_image":[{"width":700,"height":259,"url":"https:\/\/thiant.fr\/wordpress\/wp-content\/uploads\/2021\/01\/COVID-19.png","type":"image\/png"}],"author":"Service communication","twitter_card":"summary_large_image","twitter_misc":{"\u00c9crit par":"Service communication","Dur\u00e9e de lecture estim\u00e9e":"3 minutes"},"schema":{"@context":"https:\/\/schema.org","@graph":[{"@type":"Article","@id":"https:\/\/thiant.fr\/wordpress\/covid-19-point-de-situation-au-29-janvier\/#article","isPartOf":{"@id":"https:\/\/thiant.fr\/wordpress\/covid-19-point-de-situation-au-29-janvier\/"},"author":{"name":"Service communication","@id":"https:\/\/thiant.fr\/wordpress\/#\/schema\/person\/f41122130d18c0720657431d990451c6"},"headline":"COVID-19 : Point de situation au 29 janvier","datePublished":"2021-01-29T15:12:14+00:00","dateModified":"2021-02-18T12:41:31+00:00","mainEntityOfPage":{"@id":"https:\/\/thiant.fr\/wordpress\/covid-19-point-de-situation-au-29-janvier\/"},"wordCount":577,"publisher":{"@id":"https:\/\/thiant.fr\/wordpress\/#organization"},"image":{"@id":"https:\/\/thiant.fr\/wordpress\/covid-19-point-de-situation-au-29-janvier\/#primaryimage"},"thumbnailUrl":"https:\/\/thiant.fr\/wordpress\/wp-content\/uploads\/2021\/01\/COVID-19.png","articleSection":["COVID-19"],"inLanguage":"fr-FR"},{"@type":"WebPage","@id":"https:\/\/thiant.fr\/wordpress\/covid-19-point-de-situation-au-29-janvier\/","url":"https:\/\/thiant.fr\/wordpress\/covid-19-point-de-situation-au-29-janvier\/","name":"COVID-19 : Point de situation au 29 janvier - Ville de Thiant","isPartOf":{"@id":"https:\/\/thiant.fr\/wordpress\/#website"},"primaryImageOfPage":{"@id":"https:\/\/thiant.fr\/wordpress\/covid-19-point-de-situation-au-29-janvier\/#primaryimage"},"image":{"@id":"https:\/\/thiant.fr\/wordpress\/covid-19-point-de-situation-au-29-janvier\/#primaryimage"},"thumbnailUrl":"https:\/\/thiant.fr\/wordpress\/wp-content\/uploads\/2021\/01\/COVID-19.png","datePublished":"2021-01-29T15:12:14+00:00","dateModified":"2021-02-18T12:41:31+00:00","breadcrumb":{"@id":"https:\/\/thiant.fr\/wordpress\/covid-19-point-de-situation-au-29-janvier\/#breadcrumb"},"inLanguage":"fr-FR","potentialAction":[{"@type":"ReadAction","target":["https:\/\/thiant.fr\/wordpress\/covid-19-point-de-situation-au-29-janvier\/"]}]},{"@type":"ImageObject","inLanguage":"fr-FR","@id":"https:\/\/thiant.fr\/wordpress\/covid-19-point-de-situation-au-29-janvier\/#primaryimage","url":"https:\/\/thiant.fr\/wordpress\/wp-content\/uploads\/2021\/01\/COVID-19.png","contentUrl":"https:\/\/thiant.fr\/wordpress\/wp-content\/uploads\/2021\/01\/COVID-19.png","width":700,"height":259},{"@type":"BreadcrumbList","@id":"https:\/\/thiant.fr\/wordpress\/covid-19-point-de-situation-au-29-janvier\/#breadcrumb","itemListElement":[{"@type":"ListItem","position":1,"name":"Accueil","item":"https:\/\/thiant.fr\/wordpress\/"},{"@type":"ListItem","position":2,"name":"COVID-19 : Point de situation au 29 janvier"}]},{"@type":"WebSite","@id":"https:\/\/thiant.fr\/wordpress\/#website","url":"https:\/\/thiant.fr\/wordpress\/","name":"Ville de Thiant","description":"Site officiel de la ville de Thiant","publisher":{"@id":"https:\/\/thiant.fr\/wordpress\/#organization"},"potentialAction":[{"@type":"SearchAction","target":{"@type":"EntryPoint","urlTemplate":"https:\/\/thiant.fr\/wordpress\/?s={search_term_string}"},"query-input":{"@type":"PropertyValueSpecification","valueRequired":true,"valueName":"search_term_string"}}],"inLanguage":"fr-FR"},{"@type":"Organization","@id":"https:\/\/thiant.fr\/wordpress\/#organization","name":"Ville de Thiant","url":"https:\/\/thiant.fr\/wordpress\/","logo":{"@type":"ImageObject","inLanguage":"fr-FR","@id":"https:\/\/thiant.fr\/wordpress\/#\/schema\/logo\/image\/","url":"https:\/\/thiant.fr\/wordpress\/wp-content\/uploads\/2019\/08\/Thiant_Illdy_4.png","contentUrl":"https:\/\/thiant.fr\/wordpress\/wp-content\/uploads\/2019\/08\/Thiant_Illdy_4.png","width":105,"height":75,"caption":"Ville de Thiant"},"image":{"@id":"https:\/\/thiant.fr\/wordpress\/#\/schema\/logo\/image\/"}},{"@type":"Person","@id":"https:\/\/thiant.fr\/wordpress\/#\/schema\/person\/f41122130d18c0720657431d990451c6","name":"Service communication","image":{"@type":"ImageObject","inLanguage":"fr-FR","@id":"https:\/\/secure.gravatar.com\/avatar\/527d4f1f1330a82db5a7ea7738ddeb994fd26c4537512a833d99b387808ee250?s=96&r=g","url":"https:\/\/secure.gravatar.com\/avatar\/527d4f1f1330a82db5a7ea7738ddeb994fd26c4537512a833d99b387808ee250?s=96&r=g","contentUrl":"https:\/\/secure.gravatar.com\/avatar\/527d4f1f1330a82db5a7ea7738ddeb994fd26c4537512a833d99b387808ee250?s=96&r=g","caption":"Service communication"},"url":"https:\/\/thiant.fr\/wordpress\/author\/adminwpress\/"}]}},"_links":{"self":[{"href":"https:\/\/thiant.fr\/wordpress\/wp-json\/wp\/v2\/posts\/2069","targetHints":{"allow":["GET"]}}],"collection":[{"href":"https:\/\/thiant.fr\/wordpress\/wp-json\/wp\/v2\/posts"}],"about":[{"href":"https:\/\/thiant.fr\/wordpress\/wp-json\/wp\/v2\/types\/post"}],"author":[{"embeddable":true,"href":"https:\/\/thiant.fr\/wordpress\/wp-json\/wp\/v2\/users\/1"}],"replies":[{"embeddable":true,"href":"https:\/\/thiant.fr\/wordpress\/wp-json\/wp\/v2\/comments?post=2069"}],"version-history":[{"count":0,"href":"https:\/\/thiant.fr\/wordpress\/wp-json\/wp\/v2\/posts\/2069\/revisions"}],"wp:featuredmedia":[{"embeddable":true,"href":"https:\/\/thiant.fr\/wordpress\/wp-json\/wp\/v2\/media\/2282"}],"wp:attachment":[{"href":"https:\/\/thiant.fr\/wordpress\/wp-json\/wp\/v2\/media?parent=2069"}],"wp:term":[{"taxonomy":"category","embeddable":true,"href":"https:\/\/thiant.fr\/wordpress\/wp-json\/wp\/v2\/categories?post=2069"},{"taxonomy":"post_tag","embeddable":true,"href":"https:\/\/thiant.fr\/wordpress\/wp-json\/wp\/v2\/tags?post=2069"}],"curies":[{"name":"wp","href":"https:\/\/api.w.org\/{rel}","templated":true}]}}