{"id":2395,"date":"2021-03-08T15:20:11","date_gmt":"2021-03-08T14:20:11","guid":{"rendered":"https:\/\/thiant.fr\/wordpress\/?p=2395"},"modified":"2021-03-08T16:06:31","modified_gmt":"2021-03-08T15:06:31","slug":"covid-19-point-sur-la-situation-au-5-mars-2021","status":"publish","type":"post","link":"https:\/\/thiant.fr\/wordpress\/covid-19-point-sur-la-situation-au-5-mars-2021\/","title":{"rendered":"COVID-19 : Point sur la situation au 5 mars 2021"},"content":{"rendered":"\t\t<div data-elementor-type=\"wp-post\" data-elementor-id=\"2395\" class=\"elementor elementor-2395\">\n\t\t\t\t\t\t<section class=\"elementor-section elementor-top-section elementor-element elementor-element-86bbb31 elementor-section-boxed elementor-section-height-default elementor-section-height-default\" data-id=\"86bbb31\" data-element_type=\"section\" data-e-type=\"section\">\n\t\t\t\t\t\t<div class=\"elementor-container elementor-column-gap-default\">\n\t\t\t\t\t<div class=\"elementor-column elementor-col-100 elementor-top-column elementor-element elementor-element-621e212\" data-id=\"621e212\" data-element_type=\"column\" data-e-type=\"column\">\n\t\t\t<div class=\"elementor-widget-wrap elementor-element-populated\">\n\t\t\t\t\t\t<div class=\"elementor-element elementor-element-4b648ae elementor-widget elementor-widget-image\" data-id=\"4b648ae\" data-element_type=\"widget\" data-e-type=\"widget\" data-widget_type=\"image.default\">\n\t\t\t\t<div class=\"elementor-widget-container\">\n\t\t\t\t\t\t\t\t\t\t\t\t\t\t\t<img fetchpriority=\"high\" decoding=\"async\" width=\"595\" height=\"164\" src=\"https:\/\/thiant.fr\/wordpress\/wp-content\/uploads\/2021\/03\/partenaires-acteurs.png\" class=\"attachment-large size-large wp-image-2398\" alt=\"\" srcset=\"https:\/\/thiant.fr\/wordpress\/wp-content\/uploads\/2021\/03\/partenaires-acteurs.png 595w, https:\/\/thiant.fr\/wordpress\/wp-content\/uploads\/2021\/03\/partenaires-acteurs-300x83.png 300w\" sizes=\"(max-width: 595px) 100vw, 595px\" \/>\t\t\t\t\t\t\t\t\t\t\t\t\t\t\t<\/div>\n\t\t\t\t<\/div>\n\t\t\t\t<div class=\"elementor-element elementor-element-59faf95 elementor-widget elementor-widget-text-editor\" data-id=\"59faf95\" data-element_type=\"widget\" data-e-type=\"widget\" data-widget_type=\"text-editor.default\">\n\t\t\t\t<div class=\"elementor-widget-container\">\n\t\t\t\t\t\t\t\t\t<h3><span style=\"color: #000080;\">COVID-19 : ACC\u00c9L\u00c9RATION DE LA VACCINATION ET RENFORCEMENT DES MESURES DE LUTTE CONTRE LA PROPAGATION DU VIRUS<\/span><\/h3><p style=\"padding-left: 40px;\"><span style=\"color: #333333;\">Dans le d\u00e9partement du Nord, si la situation sanitaire se stabilise, la vigilance doit toutefois \u00eatre maintenue. Sur les 7 derniers jours, 326 personnes pour 100 000 habitants ont \u00e9t\u00e9 contamin\u00e9es par le virus de la Covid-19 alors que ce taux d\u2019incidence \u00e9tait de 130 nouveaux cas pour 100 000 habitants il y a un mois. Le taux de positivit\u00e9, de 8,6%, est stable par rapport \u00e0 la semaine derni\u00e8re. Le variant anglais repr\u00e9sente quant \u00e0 lui 69% des tests PCR positifs. Par ailleurs, le nombre de clusters actifs a augment\u00e9 de 22% en une semaine dans le d\u00e9partement pour atteindre 147 clusters au 1er mars.<\/span><\/p><p style=\"padding-left: 40px;\"><span style=\"color: #333333;\">Cette situation accro\u00eet la pression \u00e9pid\u00e9mique sur l\u2019offre de soins. Face \u00e0 l\u2019augmentation du nombre de patients pris en charge en r\u00e9animation et soins intensifs, l\u2019Agence r\u00e9gionale de sant\u00e9 (ARS) Hauts-de-France a \u00e9t\u00e9 contrainte de demander aux h\u00f4pitaux publics et priv\u00e9s de la r\u00e9gion d\u2019ouvrir 100 lits de r\u00e9animation suppl\u00e9mentaires d\u2019ici la fin de la semaine pour atteindre 800 lits de r\u00e9animation en r\u00e9gion (460 lits hors contexte de crise). L\u2019objectif est ainsi d\u2019anticiper la d\u00e9gradation de la situation et d\u2019assurer la prise en charge efficace des patients Covid et non-Covid.<\/span><\/p><p style=\"padding-left: 40px;\"><span style=\"color: #333333;\">\u00c0 la suite d\u2019une concertation territoriale avec les \u00e9lus du territoire et les acteurs du monde \u00e9conomique, Michel Lalande, pr\u00e9fet du Nord, le professeur Beno\u00eet Vallet, Directeur g\u00e9n\u00e9ral de l\u2019ARS, et Val\u00e9rie Cabuil, rectrice de l\u2019acad\u00e9mie de Lille, ont pris la d\u00e9cision de mettre en \u0153uvre les mesures ci-dessous pr\u00e9sent\u00e9es.<\/span><\/p><h5><span style=\"color: #003366;\">1) Une acc\u00e9l\u00e9ration in\u00e9dite de la vaccination<\/span><\/h5><p style=\"padding-left: 40px;\"><span style=\"color: #333333;\">Le Gouvernement a d\u00e9cid\u00e9 la livraison exceptionnelle ce vendredi 5 mars de 10 530 doses suppl\u00e9mentaires de vaccin Pfizer dans le Nord, au regard de la situation \u00e9pid\u00e9miologique et des tensions majeures en r\u00e9animation et soins intensifs.<\/span><\/p><p style=\"padding-left: 40px;\"><span style=\"color: #333333;\">Les professionnels de sant\u00e9, les h\u00f4pitaux pivots et les centres de vaccination se sont mobilis\u00e9s aux c\u00f4t\u00e9s de l\u2019ARS, des pr\u00e9fectures et des collectivit\u00e9s d\u00e8s l\u2019annonce de cette allocation exceptionnelle,pour organiser ce week-end dans le Nord <strong><span style=\"text-decoration: underline;\">des op\u00e9rations de vaccination exceptionnelles pour les personnes de plus de 75 ans et celles \u00e0 risque de forme grave.<\/span><\/strong><\/span><\/p><p style=\"padding-left: 40px;\"><span style=\"color: #333333;\">Tout ou partie du week-end, 37 centres de vaccination resteront ainsi ouverts dans le d\u00e9partement. Le maillage territorial a notamment \u00e9t\u00e9 renforc\u00e9 de <strong>2 centres suppl\u00e9mentaires,<\/strong> \u00e0 Bourbourg et Somain, et d\u2019<strong>un centre de vaccination temporaire<\/strong> pour le week-end au Kursaal de Dunkerque.La liste des centres de vaccination ouverts est consultable sur le <a href=\"https:\/\/www.hauts-de-france.ars.sante.fr\/listes-de-centres-de-vaccination-ouverts-le-samedi-6-et-dimanche-7-mars-2021\" target=\"_blank\" rel=\"noopener\">site<\/a> de l\u2019ARS.<\/span><\/p><p style=\"padding-left: 40px;\"><span style=\"color: #333333;\">Les primo vaccinations suppl\u00e9mentaires li\u00e9es \u00e0 cette allocation exceptionnelle de vaccins Pfizer permettront \u00e0 la fois <strong>d\u2019acc\u00e9l\u00e9rer la vaccination de personnes sur liste d\u2019attente et d\u2019ouvrir de nouveaux cr\u00e9neaux<\/strong> r\u00e9servables sur la plateforme <a href=\"https:\/\/www.sante.fr\/cf\/centres-vaccination-covid.html\" target=\"_blank\" rel=\"noopener\">sante.fr<\/a> ou aupr\u00e8s des <a href=\"https:\/\/www.sante.fr\/cf\/centres-vaccination-covid.html\" target=\"_blank\" rel=\"noopener\">centres de vaccination<\/a>. <\/span><\/p><p style=\"padding-left: 40px;\"><strong><span style=\"color: #333333;\">Les centres de vaccination assurent :<\/span><\/strong><\/p><p style=\"padding-left: 40px;\"><span style=\"color: #333333;\">\u2022 <strong>l\u2019information de la population<\/strong> concernant l\u2019ouverture exceptionnelle des centres de vaccination ce week-end ;<br \/>\u2022 <strong>l\u2019identification des personnes sur liste d\u2019attente<\/strong> qui seront appel\u00e9es ;<br \/>\u2022<strong> l\u2019ouverture de nouvelles plages r\u00e9servables. <\/strong><\/span><\/p><p style=\"padding-left: 40px;\"><span style=\"color: #333333;\">De nouvelles plages de vaccination sont disponibles d\u00e8s ce vendredi, en d\u00e9but d\u2019apr\u00e8s-midi, pour les journ\u00e9es de samedi et de dimanche.<\/span><\/p><p style=\"padding-left: 40px;\"><span style=\"color: #333333;\">Les \u00e9lus locaux travaillent \u00e0 identifier via leurs centres communaux d\u2019action sociale les personnes \u00e2g\u00e9es de plus de 75 ans afin de les inciter \u00e0 se faire vacciner d\u00e8s ce week-end.<\/span><\/p><h5><span style=\"color: #003366;\">2) Le renforcement des mesures d\u00e9partementales de lutte contre l\u2019\u00e9pid\u00e9mie<\/span><\/h5><p style=\"padding-left: 40px;\"><span style=\"color: #333333;\">Malgr\u00e9 une l\u00e9g\u00e8re d\u00e9croissance, les taux d\u2019incidence sur la CUD (959 cas pour 100 000 habitants contre 1 039 la semaine pr\u00e9c\u00e9dente, soit une diminution de 7,7%) et la CCHF (758 cas pour 100 000 habitants contre 899 la semaine pr\u00e9c\u00e9dente, soit une diminution de 15,7%) restent \u00e9lev\u00e9s. Les mesures mises en place sur ces territoires sont donc pleinement maintenues. Sur le reste du d\u00e9partement, au regard de la situation sanitaire, des mesures sont donc prises pour y faire face.<\/span><\/p><p style=\"padding-left: 40px;\"><strong><span style=\"color: #003366;\">\u2022 L\u2019application des mesures nationales<\/span><\/strong><\/p><p style=\"padding-left: 40px;\"><span style=\"color: #333333;\">Conform\u00e9ment \u00e0 l\u2019annonce du Premier ministre du jeudi 4 f\u00e9vrier, les <strong>commerces<\/strong>, espaces commerciaux ou unit\u00e9s commerciales <strong>de plus de 10.000 m\u00b2 seront ferm\u00e9s \u00e0 partir du samedi 6 mars 2021, \u00e0 l\u2019exception des commerces alimentaires et des pharmacies.<\/strong> <\/span><\/p><p style=\"padding-left: 40px;\"><span style=\"color: #333333;\">Ces commerces (hors alimentaires et pharmacies) pourront toutefois continuer une activit\u00e9 de <strong>retrait de commande en ext\u00e9rieur (drive)<\/strong> et assurer des livraisons. Ces commerces demeurent astreints au respect des horaires du couvre-feu.<\/span><\/p><p style=\"padding-left: 40px;\"><span style=\"color: #333333;\"><span style=\"color: #003366;\"><strong>\u2022 La mise en \u0153uvre de mesures issues de la concertation avec les \u00e9lus du territoire<\/strong><\/span><\/span><\/p><p style=\"padding-left: 40px;\"><span style=\"color: #333333;\">Parall\u00e8lement \u00e0 l\u2019acc\u00e9l\u00e9ration de la vaccination au niveau local, le pr\u00e9fet du Nord a d\u00e9cid\u00e9, en accord avec les \u00e9lus du territoire, de maintenir sa strat\u00e9gie d\u2019action territorialis\u00e9e et gradu\u00e9e. Dans ce cadre, les mesures de lutte contre la propagation de l\u2019\u00e9pid\u00e9mie entrent en vigueur :<\/span><\/p><p style=\"padding-left: 40px;\"><span style=\"color: #333333;\">\u2714 L\u2019extension de l\u2019obligation du port du masque d\u00e8s l\u2019\u00e2ge de 11 ans <span style=\"text-decoration: underline;\">\u00e0 partir du vendredi 5 mars<\/span><strong> \u00e0 toutes les agglom\u00e9rations du Nord<\/strong> (c\u2019est-\u00e0-dire entre le panneau d\u2019entr\u00e9e et de sortie des communes du d\u00e9partement), <strong>aux lieux de promenades fr\u00e9quent\u00e9es<\/strong> (plages, espaces verts urbains, plans d\u2019eaux&#8230;) et <strong>aux abords des \u00e9quipements situ\u00e9s en dehors des agglom\u00e9rations<\/strong> (centres commerciaux, \u00e9tablissements scolaires, terrains de sports&#8230;).<br \/>\u2714 La modification des<strong> jauges de fr\u00e9quentation<\/strong> dans les commerces ouverts <span style=\"text-decoration: underline;\">d\u00e8s le samedi 6mars 2021 dans le d\u00e9partement <\/span>: <br \/>&#8211; de <strong>15 m\u00b2 par client<\/strong> dans les commerces de <strong>plus de 400 m\u00b2<\/strong> ;<br \/>&#8211; de <strong>8 m\u00b2<\/strong> par client dans les commerces de <strong>moins de 400 m\u00b2<\/strong>. <\/span><\/p><p style=\"padding-left: 40px;\"><span style=\"color: #333333;\">Par ailleurs,<strong> la consommation d\u2019alcool et la diffusion de musique amplifi\u00e9e restent interdites sur la voie publique. <\/strong><\/span><\/p><p style=\"padding-left: 40px;\"><span style=\"color: #333333;\">Au-del\u00e0 de ces mesures r\u00e9glementaires, les mesures incitatives ci-dessous pr\u00e9sent\u00e9es seront mises en \u0153uvre en lien avec les \u00e9lus concern\u00e9s.<\/span><\/p><p style=\"padding-left: 40px;\"><span style=\"color: #333333;\">\u2714 Dans les <strong>parcs et jardins<\/strong> le port du masque s\u2019applique et les rassemblements sont proscrits, les contr\u00f4les des forces de l\u2019ordre y sont accrus.<br \/>\u2714 Les protocoles sanitaires sur les <strong>march\u00e9s<\/strong>, comp\u00e9tence des maires, devront \u00eatre mis en \u0153uvre avec la plus grande attention. Les forces de l\u2019ordre seront mobilis\u00e9es sur le respect de ces pr\u00e9conisations. En cas de non-respect du protocole sanitaire, le pr\u00e9fet pourra \u00eatre amen\u00e9 \u00e0 fermer les march\u00e9s concern\u00e9s.<br \/><\/span><span style=\"color: #333333;\">\u2714 Les employeurs publics s\u2019engagent \u00e0 <strong>maintenir intacte la qualit\u00e9 et la r\u00e9activit\u00e9 du service public tout en \u00e9tendant au maximum le recours au t\u00e9l\u00e9travail<\/strong> au sein de leurs administrations respectives. Il a \u00e9galement \u00e9t\u00e9 act\u00e9 l\u2019<strong>organisation optimale des entr\u00e9es et sorties des services publics<\/strong> pour \u00e9viter les attroupements aux abords de ces structures.<br \/>\u2714 Les Nordistes sont appel\u00e9s \u00e0 <strong>\u00e9viter de se d\u00e9placer en dehors du d\u00e9partement<\/strong> et \u00e0<strong> limiter les contacts<\/strong> afin de faire collectivement barrage \u00e0 la propagation du virus.<\/span><\/p><h5><span style=\"color: #003366;\">3) L\u2019organisation de la rentr\u00e9e scolaire<\/span><\/h5><p style=\"padding-left: 40px;\"><span style=\"color: #333333;\">Le pr\u00e9fet et la rectrice appellent \u00e0 la plus grande vigilance afin de respecter le protocole ainsi que les mesures sanitaires qui doivent continuer de s\u2019appliquer dans l\u2019ensemble des \u00e9tablissements scolaires du d\u00e9partement, notamment:<br \/>\u2714 l\u2019obligation du port du masque \u00e0 l\u2019\u00e9cole pour les enfants d\u00e8s l\u2019\u00e2ge de 6 ans et pour les personnes de plus de 11 ans \u00e0 l\u2019ext\u00e9rieur des \u00e9tablissements scolaires 15 minutes avant les entr\u00e9es et sorties ;<br \/>\u2714 le lavage syst\u00e9matique des mains \u00e0 l\u2019entr\u00e9e de l\u2019\u00e9tablissement et plusieurs fois par jour ;<br \/>\u2714 le nettoyage et la d\u00e9sinfection des \u00e9coles ;<br \/>\u2714 l\u2019a\u00e9ration des classes plusieurs fois par jour.<\/span><\/p><p style=\"padding-left: 40px;\"><strong><span style=\"color: #003366;\">\u2022 La rentr\u00e9e dans les \u00e9tablissements de la CUD, de la CCHF et de la CCFI<\/span><\/strong><\/p><p style=\"padding-left: 40px;\"><span style=\"color: #333333;\">Le pr\u00e9fet du Nord et la rectrice de l\u2019acad\u00e9mie de Lille ont d\u00e9cid\u00e9 d\u2019\u00e9tendre les mesures prises sur les territoires de la CUD et de la CCHF \u00e0 la Communaut\u00e9 de Communes de Flandre int\u00e9rieure (CCFI). <\/span><\/p><p style=\"padding-left: 40px;\"><span style=\"color: #333333;\"><span style=\"text-decoration: underline;\">D\u00e8s la rentr\u00e9e des classes de ce lundi 8 mars 2021 :<\/span><br \/>\u2714 <strong>Dans les \u00e9coles maternelles et \u00e9l\u00e9mentaires de la CCFI, l\u2019arriv\u00e9e et la sortie des classes s\u2019effectueront en horaires d\u00e9cal\u00e9s<\/strong> afin d\u2019\u00e9viter les attroupements aux abords des \u00e9coles. Les coll\u00e8ges et lyc\u00e9es fonctionnent en mode mixte (pr\u00e9sentiel\/distanciel) pour r\u00e9duire le nombre d\u2019\u00e9l\u00e8ves pr\u00e9sents dans les \u00e9tablissements. Ces dispositions continuent de s\u2019appliquer dans les \u00e9tablissements de la CUD et CCHF. <br \/>\u2714 L\u2019<strong>offre de tests est renforc\u00e9e<\/strong> avec la capacit\u00e9 de r\u00e9aliser jusqu\u2019\u00e0 1900 tests par jour au sein des \u00e9tablissements scolaires de la CUD et de la CCH, puis, dans un second temps, de la CCFI.<br \/>\u2714 <\/span><span style=\"color: #333333;\"><strong>Les tests salivaires seront d\u00e9ploy\u00e9s dans l\u2019ensemble des \u00e9tablissements du premier degr\u00e9<\/strong> \u00e0 compter du 8 mars, en priorit\u00e9 dans les \u00e9coles de ces trois territoires. Parall\u00e8lement, la campagne de tests antig\u00e9niques se poursuivra dans les coll\u00e8ges et les lyc\u00e9es.<\/span><\/p><p style=\"padding-left: 40px;\"><span style=\"color: #003366;\"><strong>\u2022 La rentr\u00e9e dans les \u00e9tablissements des autres territoires du Nord<\/strong> <\/span><\/p><p style=\"padding-left: 40px;\"><span style=\"color: #333333;\">Le pr\u00e9fet et la rectrice rappellent que les regroupements en dehors des \u00e9tablissements scolaires sont proscrits et qu\u2019il convient \u00e9galement de garantir la fluidit\u00e9 des entr\u00e9es et sorties des classes afin de respecter le protocole sanitaire mis en place dans l\u2019ensemble du d\u00e9partement. Ces r\u00e8gles seront rappel\u00e9es par les chefs d\u2019\u00e9tablissements lors de la rentr\u00e9e.<\/span><\/p><p style=\"padding-left: 40px;\"><span style=\"color: #333333;\"><span style=\"text-decoration: underline;\">Dans les \u00e9coles maternelles et \u00e9l\u00e9mentaires ainsi qu\u2019au coll\u00e8ge,<\/span> les horaires de classes restent inchang\u00e9s et les cours se d\u00e9roulent en pr\u00e9sentiel. <\/span><\/p><p style=\"padding-left: 40px;\"><span style=\"color: #333333;\"><span style=\"text-decoration: underline;\">Dans les lyc\u00e9es,<\/span> les horaires de classe demeurent \u00e9galement identiques avec une organisation en mode mixte (pr\u00e9sentiel \/ distanciel) pour certains d\u2019entre eux.<\/span><\/p><p style=\"text-align: center; padding-left: 40px;\"><span style=\"color: #333333;\">****<\/span><\/p><p style=\"padding-left: 40px;\"><span style=\"color: #333333;\"><strong>Les forces de s\u00e9curit\u00e9 int\u00e9rieure sont mobilis\u00e9es afin de veiller au respect du confinement, tout comme les services de l\u2019\u00c9tat en charge du contr\u00f4le des commerces.<\/strong> <\/span><\/p><p style=\"padding-left: 40px;\"><span style=\"color: #333333;\">Dans le contexte sanitaire actuel, Michel Lalande, pr\u00e9fet du Nord, appelle de nouveau \u00e0 la vigilance et \u00e0 la responsabilit\u00e9 de chacun afin de respecter les gestes barri\u00e8res, la distanciation physique et le port du masque pour lutter contre la propagation du virus.<\/span><\/p>\t\t\t\t\t\t\t\t<\/div>\n\t\t\t\t<\/div>\n\t\t\t\t\t<\/div>\n\t\t<\/div>\n\t\t\t\t\t<\/div>\n\t\t<\/section>\n\t\t\t\t<\/div>\n\t\t","protected":false},"excerpt":{"rendered":"<p>COVID-19 : ACC\u00c9L\u00c9RATION DE LA VACCINATION ET RENFORCEMENT DES MESURES DE LUTTE CONTRE LA PROPAGATION DU VIRUS Dans le d\u00e9partement du Nord, si la situation sanitaire se stabilise, la vigilance doit toutefois \u00eatre maintenue. Sur les 7 derniers jours, 326 personnes pour 100 000 habitants ont \u00e9t\u00e9 contamin\u00e9es par le virus de la Covid-19 alors [&hellip;]<\/p>\n","protected":false},"author":1,"featured_media":2419,"comment_status":"closed","ping_status":"closed","sticky":false,"template":"","format":"standard","meta":{"_crdt_document":"","ocean_post_layout":"","ocean_both_sidebars_style":"","ocean_both_sidebars_content_width":0,"ocean_both_sidebars_sidebars_width":0,"ocean_sidebar":"0","ocean_second_sidebar":"0","ocean_disable_margins":"enable","ocean_add_body_class":"","ocean_shortcode_before_top_bar":"","ocean_shortcode_after_top_bar":"","ocean_shortcode_before_header":"","ocean_shortcode_after_header":"","ocean_has_shortcode":"","ocean_shortcode_after_title":"","ocean_shortcode_before_footer_widgets":"","ocean_shortcode_after_footer_widgets":"","ocean_shortcode_before_footer_bottom":"","ocean_shortcode_after_footer_bottom":"","ocean_display_top_bar":"default","ocean_display_header":"default","ocean_header_style":"","ocean_center_header_left_menu":"0","ocean_custom_header_template":"0","ocean_custom_logo":0,"ocean_custom_retina_logo":0,"ocean_custom_logo_max_width":0,"ocean_custom_logo_tablet_max_width":0,"ocean_custom_logo_mobile_max_width":0,"ocean_custom_logo_max_height":0,"ocean_custom_logo_tablet_max_height":0,"ocean_custom_logo_mobile_max_height":0,"ocean_header_custom_menu":"0","ocean_menu_typo_font_family":"0","ocean_menu_typo_font_subset":"","ocean_menu_typo_font_size":0,"ocean_menu_typo_font_size_tablet":0,"ocean_menu_typo_font_size_mobile":0,"ocean_menu_typo_font_size_unit":"px","ocean_menu_typo_font_weight":"","ocean_menu_typo_font_weight_tablet":"","ocean_menu_typo_font_weight_mobile":"","ocean_menu_typo_transform":"","ocean_menu_typo_transform_tablet":"","ocean_menu_typo_transform_mobile":"","ocean_menu_typo_line_height":0,"ocean_menu_typo_line_height_tablet":0,"ocean_menu_typo_line_height_mobile":0,"ocean_menu_typo_line_height_unit":"","ocean_menu_typo_spacing":0,"ocean_menu_typo_spacing_tablet":0,"ocean_menu_typo_spacing_mobile":0,"ocean_menu_typo_spacing_unit":"","ocean_menu_link_color":"","ocean_menu_link_color_hover":"","ocean_menu_link_color_active":"","ocean_menu_link_background":"","ocean_menu_link_hover_background":"","ocean_menu_link_active_background":"","ocean_menu_social_links_bg":"","ocean_menu_social_hover_links_bg":"","ocean_menu_social_links_color":"","ocean_menu_social_hover_links_color":"","ocean_disable_title":"default","ocean_disable_heading":"default","ocean_post_title":"","ocean_post_subheading":"","ocean_post_title_style":"","ocean_post_title_background_color":"","ocean_post_title_background":0,"ocean_post_title_bg_image_position":"","ocean_post_title_bg_image_attachment":"","ocean_post_title_bg_image_repeat":"","ocean_post_title_bg_image_size":"","ocean_post_title_height":0,"ocean_post_title_bg_overlay":0.5,"ocean_post_title_bg_overlay_color":"","ocean_disable_breadcrumbs":"default","ocean_breadcrumbs_color":"","ocean_breadcrumbs_separator_color":"","ocean_breadcrumbs_links_color":"","ocean_breadcrumbs_links_hover_color":"","ocean_display_footer_widgets":"default","ocean_display_footer_bottom":"default","ocean_custom_footer_template":"0","ocean_post_oembed":"","ocean_post_self_hosted_media":"","ocean_post_video_embed":"","ocean_link_format":"","ocean_link_format_target":"self","ocean_quote_format":"","ocean_quote_format_link":"post","ocean_gallery_link_images":"off","ocean_gallery_id":[],"footnotes":""},"categories":[271],"tags":[475,189,478,188,480,479,481,435,483,482,476,249,474,424,247],"class_list":["post-2395","post","type-post","status-publish","format-standard","has-post-thumbnail","hentry","category-covid-19","tag-acceleration","tag-ars","tag-centres-de-vaccination","tag-coronavirus","tag-epidemie","tag-lutte","tag-lutte-contre-epidemie","tag-masque","tag-mesures-locales","tag-mesures-nationales","tag-pfizer","tag-situation","tag-vaccin","tag-vaccination","tag-virus","entry","has-media"],"yoast_head":"<!-- This site is optimized with the Yoast SEO plugin v27.3 - https:\/\/yoast.com\/product\/yoast-seo-wordpress\/ -->\n<title>COVID-19 : Point sur la situation au 5 mars 2021 - Ville de Thiant<\/title>\n<meta name=\"robots\" content=\"index, follow, max-snippet:-1, max-image-preview:large, max-video-preview:-1\" \/>\n<link rel=\"canonical\" href=\"https:\/\/thiant.fr\/wordpress\/covid-19-point-sur-la-situation-au-5-mars-2021\/\" \/>\n<meta property=\"og:locale\" content=\"fr_FR\" \/>\n<meta property=\"og:type\" content=\"article\" \/>\n<meta property=\"og:title\" content=\"COVID-19 : Point sur la situation au 5 mars 2021 - Ville de Thiant\" \/>\n<meta property=\"og:description\" content=\"COVID-19 : ACC\u00c9L\u00c9RATION DE LA VACCINATION ET RENFORCEMENT DES MESURES DE LUTTE CONTRE LA PROPAGATION DU VIRUS Dans le d\u00e9partement du Nord, si la situation sanitaire se stabilise, la vigilance doit toutefois \u00eatre maintenue. Sur les 7 derniers jours, 326 personnes pour 100 000 habitants ont \u00e9t\u00e9 contamin\u00e9es par le virus de la Covid-19 alors [&hellip;]\" \/>\n<meta property=\"og:url\" content=\"https:\/\/thiant.fr\/wordpress\/covid-19-point-sur-la-situation-au-5-mars-2021\/\" \/>\n<meta property=\"og:site_name\" content=\"Ville de Thiant\" \/>\n<meta property=\"article:published_time\" content=\"2021-03-08T14:20:11+00:00\" \/>\n<meta property=\"article:modified_time\" content=\"2021-03-08T15:06:31+00:00\" \/>\n<meta property=\"og:image\" content=\"https:\/\/thiant.fr\/wordpress\/wp-content\/uploads\/2021\/03\/coronavirus-illustration.png\" \/>\n\t<meta property=\"og:image:width\" content=\"730\" \/>\n\t<meta property=\"og:image:height\" content=\"487\" \/>\n\t<meta property=\"og:image:type\" content=\"image\/png\" \/>\n<meta name=\"author\" content=\"Service communication\" \/>\n<meta name=\"twitter:card\" content=\"summary_large_image\" \/>\n<meta name=\"twitter:label1\" content=\"\u00c9crit par\" \/>\n\t<meta name=\"twitter:data1\" content=\"Service communication\" \/>\n\t<meta name=\"twitter:label2\" content=\"Dur\u00e9e de lecture estim\u00e9e\" \/>\n\t<meta name=\"twitter:data2\" content=\"8 minutes\" \/>\n<script type=\"application\/ld+json\" class=\"yoast-schema-graph\">{\"@context\":\"https:\\\/\\\/schema.org\",\"@graph\":[{\"@type\":\"Article\",\"@id\":\"https:\\\/\\\/thiant.fr\\\/wordpress\\\/covid-19-point-sur-la-situation-au-5-mars-2021\\\/#article\",\"isPartOf\":{\"@id\":\"https:\\\/\\\/thiant.fr\\\/wordpress\\\/covid-19-point-sur-la-situation-au-5-mars-2021\\\/\"},\"author\":{\"name\":\"Service communication\",\"@id\":\"https:\\\/\\\/thiant.fr\\\/wordpress\\\/#\\\/schema\\\/person\\\/f41122130d18c0720657431d990451c6\"},\"headline\":\"COVID-19 : Point sur la situation au 5 mars 2021\",\"datePublished\":\"2021-03-08T14:20:11+00:00\",\"dateModified\":\"2021-03-08T15:06:31+00:00\",\"mainEntityOfPage\":{\"@id\":\"https:\\\/\\\/thiant.fr\\\/wordpress\\\/covid-19-point-sur-la-situation-au-5-mars-2021\\\/\"},\"wordCount\":1730,\"publisher\":{\"@id\":\"https:\\\/\\\/thiant.fr\\\/wordpress\\\/#organization\"},\"image\":{\"@id\":\"https:\\\/\\\/thiant.fr\\\/wordpress\\\/covid-19-point-sur-la-situation-au-5-mars-2021\\\/#primaryimage\"},\"thumbnailUrl\":\"https:\\\/\\\/thiant.fr\\\/wordpress\\\/wp-content\\\/uploads\\\/2021\\\/03\\\/coronavirus-illustration.png\",\"keywords\":[\"acc\u00e9l\u00e9ration\",\"ARS\",\"centres de vaccination\",\"coronavirus\",\"\u00e9pid\u00e9mie\",\"lutte\",\"lutte contre \u00e9pid\u00e9mie\",\"masque\",\"mesures locales\",\"mesures nationales\",\"Pfizer\",\"situation\",\"vaccin\",\"vaccination\",\"virus\"],\"articleSection\":[\"COVID-19\"],\"inLanguage\":\"fr-FR\"},{\"@type\":\"WebPage\",\"@id\":\"https:\\\/\\\/thiant.fr\\\/wordpress\\\/covid-19-point-sur-la-situation-au-5-mars-2021\\\/\",\"url\":\"https:\\\/\\\/thiant.fr\\\/wordpress\\\/covid-19-point-sur-la-situation-au-5-mars-2021\\\/\",\"name\":\"COVID-19 : Point sur la situation au 5 mars 2021 - Ville de Thiant\",\"isPartOf\":{\"@id\":\"https:\\\/\\\/thiant.fr\\\/wordpress\\\/#website\"},\"primaryImageOfPage\":{\"@id\":\"https:\\\/\\\/thiant.fr\\\/wordpress\\\/covid-19-point-sur-la-situation-au-5-mars-2021\\\/#primaryimage\"},\"image\":{\"@id\":\"https:\\\/\\\/thiant.fr\\\/wordpress\\\/covid-19-point-sur-la-situation-au-5-mars-2021\\\/#primaryimage\"},\"thumbnailUrl\":\"https:\\\/\\\/thiant.fr\\\/wordpress\\\/wp-content\\\/uploads\\\/2021\\\/03\\\/coronavirus-illustration.png\",\"datePublished\":\"2021-03-08T14:20:11+00:00\",\"dateModified\":\"2021-03-08T15:06:31+00:00\",\"breadcrumb\":{\"@id\":\"https:\\\/\\\/thiant.fr\\\/wordpress\\\/covid-19-point-sur-la-situation-au-5-mars-2021\\\/#breadcrumb\"},\"inLanguage\":\"fr-FR\",\"potentialAction\":[{\"@type\":\"ReadAction\",\"target\":[\"https:\\\/\\\/thiant.fr\\\/wordpress\\\/covid-19-point-sur-la-situation-au-5-mars-2021\\\/\"]}]},{\"@type\":\"ImageObject\",\"inLanguage\":\"fr-FR\",\"@id\":\"https:\\\/\\\/thiant.fr\\\/wordpress\\\/covid-19-point-sur-la-situation-au-5-mars-2021\\\/#primaryimage\",\"url\":\"https:\\\/\\\/thiant.fr\\\/wordpress\\\/wp-content\\\/uploads\\\/2021\\\/03\\\/coronavirus-illustration.png\",\"contentUrl\":\"https:\\\/\\\/thiant.fr\\\/wordpress\\\/wp-content\\\/uploads\\\/2021\\\/03\\\/coronavirus-illustration.png\",\"width\":730,\"height\":487},{\"@type\":\"BreadcrumbList\",\"@id\":\"https:\\\/\\\/thiant.fr\\\/wordpress\\\/covid-19-point-sur-la-situation-au-5-mars-2021\\\/#breadcrumb\",\"itemListElement\":[{\"@type\":\"ListItem\",\"position\":1,\"name\":\"Accueil\",\"item\":\"https:\\\/\\\/thiant.fr\\\/wordpress\\\/\"},{\"@type\":\"ListItem\",\"position\":2,\"name\":\"COVID-19 : Point sur la situation au 5 mars 2021\"}]},{\"@type\":\"WebSite\",\"@id\":\"https:\\\/\\\/thiant.fr\\\/wordpress\\\/#website\",\"url\":\"https:\\\/\\\/thiant.fr\\\/wordpress\\\/\",\"name\":\"Ville de Thiant\",\"description\":\"Site officiel de la ville de Thiant\",\"publisher\":{\"@id\":\"https:\\\/\\\/thiant.fr\\\/wordpress\\\/#organization\"},\"potentialAction\":[{\"@type\":\"SearchAction\",\"target\":{\"@type\":\"EntryPoint\",\"urlTemplate\":\"https:\\\/\\\/thiant.fr\\\/wordpress\\\/?s={search_term_string}\"},\"query-input\":{\"@type\":\"PropertyValueSpecification\",\"valueRequired\":true,\"valueName\":\"search_term_string\"}}],\"inLanguage\":\"fr-FR\"},{\"@type\":\"Organization\",\"@id\":\"https:\\\/\\\/thiant.fr\\\/wordpress\\\/#organization\",\"name\":\"Ville de Thiant\",\"url\":\"https:\\\/\\\/thiant.fr\\\/wordpress\\\/\",\"logo\":{\"@type\":\"ImageObject\",\"inLanguage\":\"fr-FR\",\"@id\":\"https:\\\/\\\/thiant.fr\\\/wordpress\\\/#\\\/schema\\\/logo\\\/image\\\/\",\"url\":\"https:\\\/\\\/thiant.fr\\\/wordpress\\\/wp-content\\\/uploads\\\/2019\\\/08\\\/Thiant_Illdy_4.png\",\"contentUrl\":\"https:\\\/\\\/thiant.fr\\\/wordpress\\\/wp-content\\\/uploads\\\/2019\\\/08\\\/Thiant_Illdy_4.png\",\"width\":105,\"height\":75,\"caption\":\"Ville de Thiant\"},\"image\":{\"@id\":\"https:\\\/\\\/thiant.fr\\\/wordpress\\\/#\\\/schema\\\/logo\\\/image\\\/\"}},{\"@type\":\"Person\",\"@id\":\"https:\\\/\\\/thiant.fr\\\/wordpress\\\/#\\\/schema\\\/person\\\/f41122130d18c0720657431d990451c6\",\"name\":\"Service communication\",\"image\":{\"@type\":\"ImageObject\",\"inLanguage\":\"fr-FR\",\"@id\":\"https:\\\/\\\/secure.gravatar.com\\\/avatar\\\/527d4f1f1330a82db5a7ea7738ddeb994fd26c4537512a833d99b387808ee250?s=96&r=g\",\"url\":\"https:\\\/\\\/secure.gravatar.com\\\/avatar\\\/527d4f1f1330a82db5a7ea7738ddeb994fd26c4537512a833d99b387808ee250?s=96&r=g\",\"contentUrl\":\"https:\\\/\\\/secure.gravatar.com\\\/avatar\\\/527d4f1f1330a82db5a7ea7738ddeb994fd26c4537512a833d99b387808ee250?s=96&r=g\",\"caption\":\"Service communication\"},\"url\":\"https:\\\/\\\/thiant.fr\\\/wordpress\\\/author\\\/adminwpress\\\/\"}]}<\/script>\n<!-- \/ Yoast SEO plugin. -->","yoast_head_json":{"title":"COVID-19 : Point sur la situation au 5 mars 2021 - Ville de Thiant","robots":{"index":"index","follow":"follow","max-snippet":"max-snippet:-1","max-image-preview":"max-image-preview:large","max-video-preview":"max-video-preview:-1"},"canonical":"https:\/\/thiant.fr\/wordpress\/covid-19-point-sur-la-situation-au-5-mars-2021\/","og_locale":"fr_FR","og_type":"article","og_title":"COVID-19 : Point sur la situation au 5 mars 2021 - Ville de Thiant","og_description":"COVID-19 : ACC\u00c9L\u00c9RATION DE LA VACCINATION ET RENFORCEMENT DES MESURES DE LUTTE CONTRE LA PROPAGATION DU VIRUS Dans le d\u00e9partement du Nord, si la situation sanitaire se stabilise, la vigilance doit toutefois \u00eatre maintenue. Sur les 7 derniers jours, 326 personnes pour 100 000 habitants ont \u00e9t\u00e9 contamin\u00e9es par le virus de la Covid-19 alors [&hellip;]","og_url":"https:\/\/thiant.fr\/wordpress\/covid-19-point-sur-la-situation-au-5-mars-2021\/","og_site_name":"Ville de Thiant","article_published_time":"2021-03-08T14:20:11+00:00","article_modified_time":"2021-03-08T15:06:31+00:00","og_image":[{"width":730,"height":487,"url":"https:\/\/thiant.fr\/wordpress\/wp-content\/uploads\/2021\/03\/coronavirus-illustration.png","type":"image\/png"}],"author":"Service communication","twitter_card":"summary_large_image","twitter_misc":{"\u00c9crit par":"Service communication","Dur\u00e9e de lecture estim\u00e9e":"8 minutes"},"schema":{"@context":"https:\/\/schema.org","@graph":[{"@type":"Article","@id":"https:\/\/thiant.fr\/wordpress\/covid-19-point-sur-la-situation-au-5-mars-2021\/#article","isPartOf":{"@id":"https:\/\/thiant.fr\/wordpress\/covid-19-point-sur-la-situation-au-5-mars-2021\/"},"author":{"name":"Service communication","@id":"https:\/\/thiant.fr\/wordpress\/#\/schema\/person\/f41122130d18c0720657431d990451c6"},"headline":"COVID-19 : Point sur la situation au 5 mars 2021","datePublished":"2021-03-08T14:20:11+00:00","dateModified":"2021-03-08T15:06:31+00:00","mainEntityOfPage":{"@id":"https:\/\/thiant.fr\/wordpress\/covid-19-point-sur-la-situation-au-5-mars-2021\/"},"wordCount":1730,"publisher":{"@id":"https:\/\/thiant.fr\/wordpress\/#organization"},"image":{"@id":"https:\/\/thiant.fr\/wordpress\/covid-19-point-sur-la-situation-au-5-mars-2021\/#primaryimage"},"thumbnailUrl":"https:\/\/thiant.fr\/wordpress\/wp-content\/uploads\/2021\/03\/coronavirus-illustration.png","keywords":["acc\u00e9l\u00e9ration","ARS","centres de vaccination","coronavirus","\u00e9pid\u00e9mie","lutte","lutte contre \u00e9pid\u00e9mie","masque","mesures locales","mesures nationales","Pfizer","situation","vaccin","vaccination","virus"],"articleSection":["COVID-19"],"inLanguage":"fr-FR"},{"@type":"WebPage","@id":"https:\/\/thiant.fr\/wordpress\/covid-19-point-sur-la-situation-au-5-mars-2021\/","url":"https:\/\/thiant.fr\/wordpress\/covid-19-point-sur-la-situation-au-5-mars-2021\/","name":"COVID-19 : Point sur la situation au 5 mars 2021 - Ville de Thiant","isPartOf":{"@id":"https:\/\/thiant.fr\/wordpress\/#website"},"primaryImageOfPage":{"@id":"https:\/\/thiant.fr\/wordpress\/covid-19-point-sur-la-situation-au-5-mars-2021\/#primaryimage"},"image":{"@id":"https:\/\/thiant.fr\/wordpress\/covid-19-point-sur-la-situation-au-5-mars-2021\/#primaryimage"},"thumbnailUrl":"https:\/\/thiant.fr\/wordpress\/wp-content\/uploads\/2021\/03\/coronavirus-illustration.png","datePublished":"2021-03-08T14:20:11+00:00","dateModified":"2021-03-08T15:06:31+00:00","breadcrumb":{"@id":"https:\/\/thiant.fr\/wordpress\/covid-19-point-sur-la-situation-au-5-mars-2021\/#breadcrumb"},"inLanguage":"fr-FR","potentialAction":[{"@type":"ReadAction","target":["https:\/\/thiant.fr\/wordpress\/covid-19-point-sur-la-situation-au-5-mars-2021\/"]}]},{"@type":"ImageObject","inLanguage":"fr-FR","@id":"https:\/\/thiant.fr\/wordpress\/covid-19-point-sur-la-situation-au-5-mars-2021\/#primaryimage","url":"https:\/\/thiant.fr\/wordpress\/wp-content\/uploads\/2021\/03\/coronavirus-illustration.png","contentUrl":"https:\/\/thiant.fr\/wordpress\/wp-content\/uploads\/2021\/03\/coronavirus-illustration.png","width":730,"height":487},{"@type":"BreadcrumbList","@id":"https:\/\/thiant.fr\/wordpress\/covid-19-point-sur-la-situation-au-5-mars-2021\/#breadcrumb","itemListElement":[{"@type":"ListItem","position":1,"name":"Accueil","item":"https:\/\/thiant.fr\/wordpress\/"},{"@type":"ListItem","position":2,"name":"COVID-19 : Point sur la situation au 5 mars 2021"}]},{"@type":"WebSite","@id":"https:\/\/thiant.fr\/wordpress\/#website","url":"https:\/\/thiant.fr\/wordpress\/","name":"Ville de Thiant","description":"Site officiel de la ville de Thiant","publisher":{"@id":"https:\/\/thiant.fr\/wordpress\/#organization"},"potentialAction":[{"@type":"SearchAction","target":{"@type":"EntryPoint","urlTemplate":"https:\/\/thiant.fr\/wordpress\/?s={search_term_string}"},"query-input":{"@type":"PropertyValueSpecification","valueRequired":true,"valueName":"search_term_string"}}],"inLanguage":"fr-FR"},{"@type":"Organization","@id":"https:\/\/thiant.fr\/wordpress\/#organization","name":"Ville de Thiant","url":"https:\/\/thiant.fr\/wordpress\/","logo":{"@type":"ImageObject","inLanguage":"fr-FR","@id":"https:\/\/thiant.fr\/wordpress\/#\/schema\/logo\/image\/","url":"https:\/\/thiant.fr\/wordpress\/wp-content\/uploads\/2019\/08\/Thiant_Illdy_4.png","contentUrl":"https:\/\/thiant.fr\/wordpress\/wp-content\/uploads\/2019\/08\/Thiant_Illdy_4.png","width":105,"height":75,"caption":"Ville de Thiant"},"image":{"@id":"https:\/\/thiant.fr\/wordpress\/#\/schema\/logo\/image\/"}},{"@type":"Person","@id":"https:\/\/thiant.fr\/wordpress\/#\/schema\/person\/f41122130d18c0720657431d990451c6","name":"Service communication","image":{"@type":"ImageObject","inLanguage":"fr-FR","@id":"https:\/\/secure.gravatar.com\/avatar\/527d4f1f1330a82db5a7ea7738ddeb994fd26c4537512a833d99b387808ee250?s=96&r=g","url":"https:\/\/secure.gravatar.com\/avatar\/527d4f1f1330a82db5a7ea7738ddeb994fd26c4537512a833d99b387808ee250?s=96&r=g","contentUrl":"https:\/\/secure.gravatar.com\/avatar\/527d4f1f1330a82db5a7ea7738ddeb994fd26c4537512a833d99b387808ee250?s=96&r=g","caption":"Service communication"},"url":"https:\/\/thiant.fr\/wordpress\/author\/adminwpress\/"}]}},"_links":{"self":[{"href":"https:\/\/thiant.fr\/wordpress\/wp-json\/wp\/v2\/posts\/2395","targetHints":{"allow":["GET"]}}],"collection":[{"href":"https:\/\/thiant.fr\/wordpress\/wp-json\/wp\/v2\/posts"}],"about":[{"href":"https:\/\/thiant.fr\/wordpress\/wp-json\/wp\/v2\/types\/post"}],"author":[{"embeddable":true,"href":"https:\/\/thiant.fr\/wordpress\/wp-json\/wp\/v2\/users\/1"}],"replies":[{"embeddable":true,"href":"https:\/\/thiant.fr\/wordpress\/wp-json\/wp\/v2\/comments?post=2395"}],"version-history":[{"count":0,"href":"https:\/\/thiant.fr\/wordpress\/wp-json\/wp\/v2\/posts\/2395\/revisions"}],"wp:featuredmedia":[{"embeddable":true,"href":"https:\/\/thiant.fr\/wordpress\/wp-json\/wp\/v2\/media\/2419"}],"wp:attachment":[{"href":"https:\/\/thiant.fr\/wordpress\/wp-json\/wp\/v2\/media?parent=2395"}],"wp:term":[{"taxonomy":"category","embeddable":true,"href":"https:\/\/thiant.fr\/wordpress\/wp-json\/wp\/v2\/categories?post=2395"},{"taxonomy":"post_tag","embeddable":true,"href":"https:\/\/thiant.fr\/wordpress\/wp-json\/wp\/v2\/tags?post=2395"}],"curies":[{"name":"wp","href":"https:\/\/api.w.org\/{rel}","templated":true}]}}