{"id":2540,"date":"2021-03-26T11:08:52","date_gmt":"2021-03-26T10:08:52","guid":{"rendered":"https:\/\/thiant.fr\/wordpress\/?p=2540"},"modified":"2021-03-26T11:16:35","modified_gmt":"2021-03-26T10:16:35","slug":"covid-19-point-sur-la-situation-au-25-mars-2021","status":"publish","type":"post","link":"https:\/\/thiant.fr\/wordpress\/covid-19-point-sur-la-situation-au-25-mars-2021\/","title":{"rendered":"COVID-19 : Point sur la situation au 25 mars 2021"},"content":{"rendered":"\t\t<div data-elementor-type=\"wp-post\" data-elementor-id=\"2540\" class=\"elementor elementor-2540\">\n\t\t\t\t\t\t<section class=\"elementor-section elementor-top-section elementor-element elementor-element-fc5b3d9 elementor-section-boxed elementor-section-height-default elementor-section-height-default\" data-id=\"fc5b3d9\" data-element_type=\"section\" data-e-type=\"section\">\n\t\t\t\t\t\t<div class=\"elementor-container elementor-column-gap-default\">\n\t\t\t\t\t<div class=\"elementor-column elementor-col-33 elementor-top-column elementor-element elementor-element-bf2fd54\" data-id=\"bf2fd54\" data-element_type=\"column\" data-e-type=\"column\">\n\t\t\t<div class=\"elementor-widget-wrap elementor-element-populated\">\n\t\t\t\t\t\t<div class=\"elementor-element elementor-element-d286e22 elementor-widget elementor-widget-image\" data-id=\"d286e22\" data-element_type=\"widget\" data-e-type=\"widget\" data-widget_type=\"image.default\">\n\t\t\t\t<div class=\"elementor-widget-container\">\n\t\t\t\t\t\t\t\t\t\t\t\t\t\t\t<img decoding=\"async\" width=\"134\" height=\"134\" src=\"https:\/\/thiant.fr\/wordpress\/wp-content\/uploads\/2021\/03\/Logo-Prefet-Nord.png\" class=\"attachment-medium size-medium wp-image-2547\" alt=\"\" \/>\t\t\t\t\t\t\t\t\t\t\t\t\t\t\t<\/div>\n\t\t\t\t<\/div>\n\t\t\t\t\t<\/div>\n\t\t<\/div>\n\t\t\t\t<div class=\"elementor-column elementor-col-66 elementor-top-column elementor-element elementor-element-f305472\" data-id=\"f305472\" data-element_type=\"column\" data-e-type=\"column\">\n\t\t\t<div class=\"elementor-widget-wrap elementor-element-populated\">\n\t\t\t\t\t\t<div class=\"elementor-element elementor-element-a2c5a31 elementor-widget elementor-widget-text-editor\" data-id=\"a2c5a31\" data-element_type=\"widget\" data-e-type=\"widget\" data-widget_type=\"text-editor.default\">\n\t\t\t\t<div class=\"elementor-widget-container\">\n\t\t\t\t\t\t\t\t\t<h5><span style=\"text-decoration: underline;\"><span style=\"color: #000080; text-decoration: underline;\">Rappel sur les dispositions mises en \u0153uvre :<\/span><\/span><\/h5><p><span style=\"text-decoration: underline;\"><span style=\"color: #333333; text-decoration: underline;\">\u2022 Interdiction des rassemblements de plus de 6 personnes sur la voie publique<\/span><\/span><\/p><p style=\"padding-left: 40px;\"><strong><span style=\"color: #333333;\">Les rassemblements, r\u00e9unions ou activit\u00e9s sur la voie publique ou dans un lieu ouvert au <\/span><span style=\"color: #333333;\">public de plus de six personnes sont interdits.<\/span><\/strong><\/p><p style=\"padding-left: 40px;\"><span style=\"color: #333333;\">Ne sont notamment pas soumis \u00e0 cette interdiction :<\/span><\/p><ul><li style=\"list-style-type: none;\"><ul><li><span style=\"color: #333333;\">les manifestations \u00e0 caract\u00e8re strictement revendicatif pr\u00e9alablement d\u00e9clar\u00e9es et dans <\/span><span style=\"color: #333333;\">le strict respect des gestes barri\u00e8res ;<\/span><\/li><li><span style=\"color: #333333;\">les rassemblements, r\u00e9unions ou activit\u00e9s \u00e0 caract\u00e8re professionnel ;<\/span><\/li><li><span style=\"color: #333333;\">les services de transport de voyageurs ;<\/span><\/li><li><span style=\"color: #333333;\">les \u00e9tablissements recevant du public dans lesquels l&#8217;accueil du public n&#8217;est pas interdit <\/span><span style=\"color: #333333;\">en application du m\u00eame d\u00e9cret ;<\/span><\/li><li><span style=\"color: #333333;\">les c\u00e9r\u00e9monies fun\u00e9raires organis\u00e9es dans la limite de 30 personnes ;<\/span><\/li><li><span style=\"color: #333333;\">les c\u00e9r\u00e9monies publiques mentionn\u00e9es par le d\u00e9cret du 13 septembre 1989.<\/span><\/li><\/ul><\/li><\/ul><p><span style=\"text-decoration: underline;\"><span style=\"color: #333333; text-decoration: underline;\">\u2022 Interdiction des \u00e9v\u00e9nements festifs et culturels et fermeture des \u00e9tablissements<\/span><\/span><\/p><p style=\"padding-left: 40px;\"><span style=\"color: #333333;\"><strong>Tout \u00e9v\u00e9nement festif ou culturel demeure par ailleurs proscrit, sauf exceptions.<\/strong> Pour<\/span> <span style=\"color: #333333;\">rappel, les \u00e9tablissements relevant des cat\u00e9gories mentionn\u00e9es ci-dessous ne peuvent <\/span><span style=\"color: #333333;\">accueillir du public :<\/span><\/p><ul><li style=\"list-style-type: none;\"><ul><li><span style=\"color: #333333;\">\u00c9tablissements de type L : <strong>Salles d&#8217;auditions, de conf\u00e9rences, de r\u00e9unions, de spectacles <\/strong><\/span><span style=\"color: #333333;\"><strong>ou \u00e0 usage multiple<\/strong> (<span style=\"text-decoration: underline;\"><strong>sauf exceptions :<\/strong><\/span> salles d\u2019audience des juridictions, salles de vente, la <\/span><span style=\"color: #333333;\">formation continue ou professionnelle, les cr\u00e9matoriums et chambres fun\u00e9raires, l\u2019activit\u00e9 <\/span><span style=\"color: #333333;\">des artistes professionnels\u2026). Pour les groupes scolaires et p\u00e9riscolaires, l\u2019accueil peut se <\/span><span style=\"color: #333333;\">faire uniquement dans les salles multi-usages et dans le cadre du temps scolaire ;<\/span><\/li><li><span style=\"color: #333333;\">\u00c9tablissements de type CTS : <strong>Chapiteaux, tentes et structures, sauf pour l&#8217;activit\u00e9 des<\/strong><\/span> <span style=\"color: #333333;\"><strong>artistes professionnels<\/strong> ;<\/span><\/li><li><span style=\"color: #333333;\">\u00c9tablissements de type P : <strong>Salles de danse et salles de jeux<\/strong> ;<\/span><\/li><li><span style=\"color: #333333;\">\u00c9tablissements de type Y : <strong>Mus\u00e9es, salles destin\u00e9es \u00e0 recevoir des expositions \u00e0 vocation <\/strong><\/span><span style=\"color: #333333;\"><strong>culturelle<\/strong> (scientifique, technique ou artistique, etc.), ayant un caract\u00e8re temporaire.<\/span><\/li><\/ul><\/li><\/ul><p style=\"padding-left: 40px;\"><span style=\"color: #333333;\">Dans les salles de sport (type X et L), l&#8217;accueil pour l&#8217;activit\u00e9 sportive (EPS) des \u00e9l\u00e8ves en <\/span><span style=\"color: #333333;\">salle pendant le temps scolaire est d\u00e9sormais possible. Il demeure interdit pour le<\/span> <span style=\"color: #333333;\">p\u00e9ri-scolaire et l&#8217;extrascolaire.<\/span><\/p><p style=\"padding-left: 40px;\"><span style=\"color: #333333;\">Les biblioth\u00e8ques, centres de documentation et de consultation d&#8217;archives sont \u00e9galement <\/span><span style=\"color: #333333;\">autoris\u00e9s \u00e0 accueillir du public entre 6h et 19h.<\/span><\/p><p style=\"padding-left: 40px;\"><span style=\"color: #333333;\">Pour les lieux autoris\u00e9s \u00e0 ouvrir et mentionn\u00e9s supra, les mesures sanitaires devront \u00eates <\/span><span style=\"color: #333333;\">respect\u00e9es (nombre de personnes accueillies, distance entre les si\u00e8ges&#8230;).<\/span><\/p><p style=\"padding-left: 40px;\"><span style=\"color: #333333;\">Par ailleurs, au regard de la p\u00e9riode de P\u00e2ques qui d\u00e9butera ces prochains jours, <strong>les chasses <\/strong><\/span><span style=\"color: #333333;\"><strong>aux \u0153ufs ou tout autre type d\u2019\u00e9v\u00e9nement festif sont interdits<\/strong>.<\/span><\/p><h5><span style=\"color: #000080;\"><span style=\"text-decoration: underline;\">Synth\u00e8se des mesures de freinage pour stopper l\u2019acc\u00e9l\u00e9ration du virus dans le Nord :<\/span><br \/><\/span><\/h5><p style=\"padding-left: 40px;\"><span style=\"color: #333333;\">Depuis le samedi 20 mars, de nouvelles mesures de freinage de l\u2019\u00e9pid\u00e9mie s\u2019appliquent dans le <\/span><span style=\"color: #333333;\">d\u00e9partement du Nord pour les quatre prochaines semaines.<\/span><\/p><p><a href=\"https:\/\/thiant.fr\/wordpress\/documents_ext\/COVID-19\/210325_Synthese_Mesures-freinage-pour-stopper-acceleration-COVID-Nord.pdf\" target=\"_blank\" rel=\"noopener\"><img fetchpriority=\"high\" decoding=\"async\" class=\"aligncenter wp-image-2543 size-full\" src=\"https:\/\/thiant.fr\/wordpress\/wp-content\/uploads\/2021\/03\/210325_Synthese_Mesures-freinage-pour-stopper-acceleration-COVID-Nord.png\" alt=\"\" width=\"500\" height=\"335\" srcset=\"https:\/\/thiant.fr\/wordpress\/wp-content\/uploads\/2021\/03\/210325_Synthese_Mesures-freinage-pour-stopper-acceleration-COVID-Nord.png 500w, https:\/\/thiant.fr\/wordpress\/wp-content\/uploads\/2021\/03\/210325_Synthese_Mesures-freinage-pour-stopper-acceleration-COVID-Nord-300x201.png 300w\" sizes=\"(max-width: 500px) 100vw, 500px\" \/><\/a><\/p>\t\t\t\t\t\t\t\t<\/div>\n\t\t\t\t<\/div>\n\t\t\t\t\t<\/div>\n\t\t<\/div>\n\t\t\t\t\t<\/div>\n\t\t<\/section>\n\t\t\t\t<\/div>\n\t\t","protected":false},"excerpt":{"rendered":"<p>Rappel sur les dispositions mises en \u0153uvre : \u2022 Interdiction des rassemblements de plus de 6 personnes sur la voie publique Les rassemblements, r\u00e9unions ou activit\u00e9s sur la voie publique ou dans un lieu ouvert au public de plus de six personnes sont interdits. Ne sont notamment pas soumis \u00e0 cette interdiction : les manifestations [&hellip;]<\/p>\n","protected":false},"author":1,"featured_media":2541,"comment_status":"closed","ping_status":"closed","sticky":false,"template":"","format":"standard","meta":{"_crdt_document":"","ocean_post_layout":"","ocean_both_sidebars_style":"","ocean_both_sidebars_content_width":0,"ocean_both_sidebars_sidebars_width":0,"ocean_sidebar":"0","ocean_second_sidebar":"0","ocean_disable_margins":"enable","ocean_add_body_class":"","ocean_shortcode_before_top_bar":"","ocean_shortcode_after_top_bar":"","ocean_shortcode_before_header":"","ocean_shortcode_after_header":"","ocean_has_shortcode":"","ocean_shortcode_after_title":"","ocean_shortcode_before_footer_widgets":"","ocean_shortcode_after_footer_widgets":"","ocean_shortcode_before_footer_bottom":"","ocean_shortcode_after_footer_bottom":"","ocean_display_top_bar":"default","ocean_display_header":"default","ocean_header_style":"","ocean_center_header_left_menu":"0","ocean_custom_header_template":"0","ocean_custom_logo":0,"ocean_custom_retina_logo":0,"ocean_custom_logo_max_width":0,"ocean_custom_logo_tablet_max_width":0,"ocean_custom_logo_mobile_max_width":0,"ocean_custom_logo_max_height":0,"ocean_custom_logo_tablet_max_height":0,"ocean_custom_logo_mobile_max_height":0,"ocean_header_custom_menu":"0","ocean_menu_typo_font_family":"0","ocean_menu_typo_font_subset":"","ocean_menu_typo_font_size":0,"ocean_menu_typo_font_size_tablet":0,"ocean_menu_typo_font_size_mobile":0,"ocean_menu_typo_font_size_unit":"px","ocean_menu_typo_font_weight":"","ocean_menu_typo_font_weight_tablet":"","ocean_menu_typo_font_weight_mobile":"","ocean_menu_typo_transform":"","ocean_menu_typo_transform_tablet":"","ocean_menu_typo_transform_mobile":"","ocean_menu_typo_line_height":0,"ocean_menu_typo_line_height_tablet":0,"ocean_menu_typo_line_height_mobile":0,"ocean_menu_typo_line_height_unit":"","ocean_menu_typo_spacing":0,"ocean_menu_typo_spacing_tablet":0,"ocean_menu_typo_spacing_mobile":0,"ocean_menu_typo_spacing_unit":"","ocean_menu_link_color":"","ocean_menu_link_color_hover":"","ocean_menu_link_color_active":"","ocean_menu_link_background":"","ocean_menu_link_hover_background":"","ocean_menu_link_active_background":"","ocean_menu_social_links_bg":"","ocean_menu_social_hover_links_bg":"","ocean_menu_social_links_color":"","ocean_menu_social_hover_links_color":"","ocean_disable_title":"default","ocean_disable_heading":"default","ocean_post_title":"","ocean_post_subheading":"","ocean_post_title_style":"","ocean_post_title_background_color":"","ocean_post_title_background":0,"ocean_post_title_bg_image_position":"","ocean_post_title_bg_image_attachment":"","ocean_post_title_bg_image_repeat":"","ocean_post_title_bg_image_size":"","ocean_post_title_height":0,"ocean_post_title_bg_overlay":0.5,"ocean_post_title_bg_overlay_color":"","ocean_disable_breadcrumbs":"default","ocean_breadcrumbs_color":"","ocean_breadcrumbs_separator_color":"","ocean_breadcrumbs_links_color":"","ocean_breadcrumbs_links_hover_color":"","ocean_display_footer_widgets":"default","ocean_display_footer_bottom":"default","ocean_custom_footer_template":"0","ocean_post_oembed":"","ocean_post_self_hosted_media":"","ocean_post_video_embed":"","ocean_link_format":"","ocean_link_format_target":"self","ocean_quote_format":"","ocean_quote_format_link":"post","ocean_gallery_link_images":"off","ocean_gallery_id":[],"footnotes":""},"categories":[271],"tags":[430,188,484,505,504,506,502,503,246,248,249],"class_list":["post-2540","post","type-post","status-publish","format-standard","has-post-thumbnail","hentry","category-covid-19","tag-confinement","tag-coronavirus","tag-covid","tag-distanciation","tag-distanciation-physique","tag-gestes-barrieres","tag-interdiction","tag-mesures-barrieres","tag-nord","tag-point","tag-situation","entry","has-media"],"yoast_head":"<!-- This site is optimized with the Yoast SEO plugin v27.3 - https:\/\/yoast.com\/product\/yoast-seo-wordpress\/ -->\n<title>COVID-19 : Point sur la situation au 25 mars 2021 - Ville de Thiant<\/title>\n<meta name=\"robots\" content=\"index, follow, max-snippet:-1, max-image-preview:large, max-video-preview:-1\" \/>\n<link rel=\"canonical\" href=\"https:\/\/thiant.fr\/wordpress\/covid-19-point-sur-la-situation-au-25-mars-2021\/\" \/>\n<meta property=\"og:locale\" content=\"fr_FR\" \/>\n<meta property=\"og:type\" content=\"article\" \/>\n<meta property=\"og:title\" content=\"COVID-19 : Point sur la situation au 25 mars 2021 - Ville de Thiant\" \/>\n<meta property=\"og:description\" content=\"Rappel sur les dispositions mises en \u0153uvre : \u2022 Interdiction des rassemblements de plus de 6 personnes sur la voie publique Les rassemblements, r\u00e9unions ou activit\u00e9s sur la voie publique ou dans un lieu ouvert au public de plus de six personnes sont interdits. Ne sont notamment pas soumis \u00e0 cette interdiction : les manifestations [&hellip;]\" \/>\n<meta property=\"og:url\" content=\"https:\/\/thiant.fr\/wordpress\/covid-19-point-sur-la-situation-au-25-mars-2021\/\" \/>\n<meta property=\"og:site_name\" content=\"Ville de Thiant\" \/>\n<meta property=\"article:published_time\" content=\"2021-03-26T10:08:52+00:00\" \/>\n<meta property=\"article:modified_time\" content=\"2021-03-26T10:16:35+00:00\" \/>\n<meta property=\"og:image\" content=\"https:\/\/thiant.fr\/wordpress\/wp-content\/uploads\/2021\/03\/Stop-covid.png\" \/>\n\t<meta property=\"og:image:width\" content=\"730\" \/>\n\t<meta property=\"og:image:height\" content=\"419\" \/>\n\t<meta property=\"og:image:type\" content=\"image\/png\" \/>\n<meta name=\"author\" content=\"Service communication\" \/>\n<meta name=\"twitter:card\" content=\"summary_large_image\" \/>\n<meta name=\"twitter:label1\" content=\"\u00c9crit par\" \/>\n\t<meta name=\"twitter:data1\" content=\"Service communication\" \/>\n\t<meta name=\"twitter:label2\" content=\"Dur\u00e9e de lecture estim\u00e9e\" \/>\n\t<meta name=\"twitter:data2\" content=\"3 minutes\" \/>\n<script type=\"application\/ld+json\" class=\"yoast-schema-graph\">{\"@context\":\"https:\\\/\\\/schema.org\",\"@graph\":[{\"@type\":\"Article\",\"@id\":\"https:\\\/\\\/thiant.fr\\\/wordpress\\\/covid-19-point-sur-la-situation-au-25-mars-2021\\\/#article\",\"isPartOf\":{\"@id\":\"https:\\\/\\\/thiant.fr\\\/wordpress\\\/covid-19-point-sur-la-situation-au-25-mars-2021\\\/\"},\"author\":{\"name\":\"Service communication\",\"@id\":\"https:\\\/\\\/thiant.fr\\\/wordpress\\\/#\\\/schema\\\/person\\\/f41122130d18c0720657431d990451c6\"},\"headline\":\"COVID-19 : Point sur la situation au 25 mars 2021\",\"datePublished\":\"2021-03-26T10:08:52+00:00\",\"dateModified\":\"2021-03-26T10:16:35+00:00\",\"mainEntityOfPage\":{\"@id\":\"https:\\\/\\\/thiant.fr\\\/wordpress\\\/covid-19-point-sur-la-situation-au-25-mars-2021\\\/\"},\"wordCount\":460,\"publisher\":{\"@id\":\"https:\\\/\\\/thiant.fr\\\/wordpress\\\/#organization\"},\"image\":{\"@id\":\"https:\\\/\\\/thiant.fr\\\/wordpress\\\/covid-19-point-sur-la-situation-au-25-mars-2021\\\/#primaryimage\"},\"thumbnailUrl\":\"https:\\\/\\\/thiant.fr\\\/wordpress\\\/wp-content\\\/uploads\\\/2021\\\/03\\\/Stop-covid.png\",\"keywords\":[\"confinement\",\"coronavirus\",\"COVID\",\"distanciation\",\"distanciation physique\",\"gestes barri\u00e8res\",\"interdiction\",\"mesures barri\u00e8res\",\"Nord\",\"point\",\"situation\"],\"articleSection\":[\"COVID-19\"],\"inLanguage\":\"fr-FR\"},{\"@type\":\"WebPage\",\"@id\":\"https:\\\/\\\/thiant.fr\\\/wordpress\\\/covid-19-point-sur-la-situation-au-25-mars-2021\\\/\",\"url\":\"https:\\\/\\\/thiant.fr\\\/wordpress\\\/covid-19-point-sur-la-situation-au-25-mars-2021\\\/\",\"name\":\"COVID-19 : Point sur la situation au 25 mars 2021 - Ville de Thiant\",\"isPartOf\":{\"@id\":\"https:\\\/\\\/thiant.fr\\\/wordpress\\\/#website\"},\"primaryImageOfPage\":{\"@id\":\"https:\\\/\\\/thiant.fr\\\/wordpress\\\/covid-19-point-sur-la-situation-au-25-mars-2021\\\/#primaryimage\"},\"image\":{\"@id\":\"https:\\\/\\\/thiant.fr\\\/wordpress\\\/covid-19-point-sur-la-situation-au-25-mars-2021\\\/#primaryimage\"},\"thumbnailUrl\":\"https:\\\/\\\/thiant.fr\\\/wordpress\\\/wp-content\\\/uploads\\\/2021\\\/03\\\/Stop-covid.png\",\"datePublished\":\"2021-03-26T10:08:52+00:00\",\"dateModified\":\"2021-03-26T10:16:35+00:00\",\"breadcrumb\":{\"@id\":\"https:\\\/\\\/thiant.fr\\\/wordpress\\\/covid-19-point-sur-la-situation-au-25-mars-2021\\\/#breadcrumb\"},\"inLanguage\":\"fr-FR\",\"potentialAction\":[{\"@type\":\"ReadAction\",\"target\":[\"https:\\\/\\\/thiant.fr\\\/wordpress\\\/covid-19-point-sur-la-situation-au-25-mars-2021\\\/\"]}]},{\"@type\":\"ImageObject\",\"inLanguage\":\"fr-FR\",\"@id\":\"https:\\\/\\\/thiant.fr\\\/wordpress\\\/covid-19-point-sur-la-situation-au-25-mars-2021\\\/#primaryimage\",\"url\":\"https:\\\/\\\/thiant.fr\\\/wordpress\\\/wp-content\\\/uploads\\\/2021\\\/03\\\/Stop-covid.png\",\"contentUrl\":\"https:\\\/\\\/thiant.fr\\\/wordpress\\\/wp-content\\\/uploads\\\/2021\\\/03\\\/Stop-covid.png\",\"width\":730,\"height\":419},{\"@type\":\"BreadcrumbList\",\"@id\":\"https:\\\/\\\/thiant.fr\\\/wordpress\\\/covid-19-point-sur-la-situation-au-25-mars-2021\\\/#breadcrumb\",\"itemListElement\":[{\"@type\":\"ListItem\",\"position\":1,\"name\":\"Accueil\",\"item\":\"https:\\\/\\\/thiant.fr\\\/wordpress\\\/\"},{\"@type\":\"ListItem\",\"position\":2,\"name\":\"COVID-19 : Point sur la situation au 25 mars 2021\"}]},{\"@type\":\"WebSite\",\"@id\":\"https:\\\/\\\/thiant.fr\\\/wordpress\\\/#website\",\"url\":\"https:\\\/\\\/thiant.fr\\\/wordpress\\\/\",\"name\":\"Ville de Thiant\",\"description\":\"Site officiel de la ville de Thiant\",\"publisher\":{\"@id\":\"https:\\\/\\\/thiant.fr\\\/wordpress\\\/#organization\"},\"potentialAction\":[{\"@type\":\"SearchAction\",\"target\":{\"@type\":\"EntryPoint\",\"urlTemplate\":\"https:\\\/\\\/thiant.fr\\\/wordpress\\\/?s={search_term_string}\"},\"query-input\":{\"@type\":\"PropertyValueSpecification\",\"valueRequired\":true,\"valueName\":\"search_term_string\"}}],\"inLanguage\":\"fr-FR\"},{\"@type\":\"Organization\",\"@id\":\"https:\\\/\\\/thiant.fr\\\/wordpress\\\/#organization\",\"name\":\"Ville de Thiant\",\"url\":\"https:\\\/\\\/thiant.fr\\\/wordpress\\\/\",\"logo\":{\"@type\":\"ImageObject\",\"inLanguage\":\"fr-FR\",\"@id\":\"https:\\\/\\\/thiant.fr\\\/wordpress\\\/#\\\/schema\\\/logo\\\/image\\\/\",\"url\":\"https:\\\/\\\/thiant.fr\\\/wordpress\\\/wp-content\\\/uploads\\\/2019\\\/08\\\/Thiant_Illdy_4.png\",\"contentUrl\":\"https:\\\/\\\/thiant.fr\\\/wordpress\\\/wp-content\\\/uploads\\\/2019\\\/08\\\/Thiant_Illdy_4.png\",\"width\":105,\"height\":75,\"caption\":\"Ville de Thiant\"},\"image\":{\"@id\":\"https:\\\/\\\/thiant.fr\\\/wordpress\\\/#\\\/schema\\\/logo\\\/image\\\/\"}},{\"@type\":\"Person\",\"@id\":\"https:\\\/\\\/thiant.fr\\\/wordpress\\\/#\\\/schema\\\/person\\\/f41122130d18c0720657431d990451c6\",\"name\":\"Service communication\",\"image\":{\"@type\":\"ImageObject\",\"inLanguage\":\"fr-FR\",\"@id\":\"https:\\\/\\\/secure.gravatar.com\\\/avatar\\\/527d4f1f1330a82db5a7ea7738ddeb994fd26c4537512a833d99b387808ee250?s=96&r=g\",\"url\":\"https:\\\/\\\/secure.gravatar.com\\\/avatar\\\/527d4f1f1330a82db5a7ea7738ddeb994fd26c4537512a833d99b387808ee250?s=96&r=g\",\"contentUrl\":\"https:\\\/\\\/secure.gravatar.com\\\/avatar\\\/527d4f1f1330a82db5a7ea7738ddeb994fd26c4537512a833d99b387808ee250?s=96&r=g\",\"caption\":\"Service communication\"},\"url\":\"https:\\\/\\\/thiant.fr\\\/wordpress\\\/author\\\/adminwpress\\\/\"}]}<\/script>\n<!-- \/ Yoast SEO plugin. -->","yoast_head_json":{"title":"COVID-19 : Point sur la situation au 25 mars 2021 - Ville de Thiant","robots":{"index":"index","follow":"follow","max-snippet":"max-snippet:-1","max-image-preview":"max-image-preview:large","max-video-preview":"max-video-preview:-1"},"canonical":"https:\/\/thiant.fr\/wordpress\/covid-19-point-sur-la-situation-au-25-mars-2021\/","og_locale":"fr_FR","og_type":"article","og_title":"COVID-19 : Point sur la situation au 25 mars 2021 - Ville de Thiant","og_description":"Rappel sur les dispositions mises en \u0153uvre : \u2022 Interdiction des rassemblements de plus de 6 personnes sur la voie publique Les rassemblements, r\u00e9unions ou activit\u00e9s sur la voie publique ou dans un lieu ouvert au public de plus de six personnes sont interdits. Ne sont notamment pas soumis \u00e0 cette interdiction : les manifestations [&hellip;]","og_url":"https:\/\/thiant.fr\/wordpress\/covid-19-point-sur-la-situation-au-25-mars-2021\/","og_site_name":"Ville de Thiant","article_published_time":"2021-03-26T10:08:52+00:00","article_modified_time":"2021-03-26T10:16:35+00:00","og_image":[{"width":730,"height":419,"url":"https:\/\/thiant.fr\/wordpress\/wp-content\/uploads\/2021\/03\/Stop-covid.png","type":"image\/png"}],"author":"Service communication","twitter_card":"summary_large_image","twitter_misc":{"\u00c9crit par":"Service communication","Dur\u00e9e de lecture estim\u00e9e":"3 minutes"},"schema":{"@context":"https:\/\/schema.org","@graph":[{"@type":"Article","@id":"https:\/\/thiant.fr\/wordpress\/covid-19-point-sur-la-situation-au-25-mars-2021\/#article","isPartOf":{"@id":"https:\/\/thiant.fr\/wordpress\/covid-19-point-sur-la-situation-au-25-mars-2021\/"},"author":{"name":"Service communication","@id":"https:\/\/thiant.fr\/wordpress\/#\/schema\/person\/f41122130d18c0720657431d990451c6"},"headline":"COVID-19 : Point sur la situation au 25 mars 2021","datePublished":"2021-03-26T10:08:52+00:00","dateModified":"2021-03-26T10:16:35+00:00","mainEntityOfPage":{"@id":"https:\/\/thiant.fr\/wordpress\/covid-19-point-sur-la-situation-au-25-mars-2021\/"},"wordCount":460,"publisher":{"@id":"https:\/\/thiant.fr\/wordpress\/#organization"},"image":{"@id":"https:\/\/thiant.fr\/wordpress\/covid-19-point-sur-la-situation-au-25-mars-2021\/#primaryimage"},"thumbnailUrl":"https:\/\/thiant.fr\/wordpress\/wp-content\/uploads\/2021\/03\/Stop-covid.png","keywords":["confinement","coronavirus","COVID","distanciation","distanciation physique","gestes barri\u00e8res","interdiction","mesures barri\u00e8res","Nord","point","situation"],"articleSection":["COVID-19"],"inLanguage":"fr-FR"},{"@type":"WebPage","@id":"https:\/\/thiant.fr\/wordpress\/covid-19-point-sur-la-situation-au-25-mars-2021\/","url":"https:\/\/thiant.fr\/wordpress\/covid-19-point-sur-la-situation-au-25-mars-2021\/","name":"COVID-19 : Point sur la situation au 25 mars 2021 - Ville de Thiant","isPartOf":{"@id":"https:\/\/thiant.fr\/wordpress\/#website"},"primaryImageOfPage":{"@id":"https:\/\/thiant.fr\/wordpress\/covid-19-point-sur-la-situation-au-25-mars-2021\/#primaryimage"},"image":{"@id":"https:\/\/thiant.fr\/wordpress\/covid-19-point-sur-la-situation-au-25-mars-2021\/#primaryimage"},"thumbnailUrl":"https:\/\/thiant.fr\/wordpress\/wp-content\/uploads\/2021\/03\/Stop-covid.png","datePublished":"2021-03-26T10:08:52+00:00","dateModified":"2021-03-26T10:16:35+00:00","breadcrumb":{"@id":"https:\/\/thiant.fr\/wordpress\/covid-19-point-sur-la-situation-au-25-mars-2021\/#breadcrumb"},"inLanguage":"fr-FR","potentialAction":[{"@type":"ReadAction","target":["https:\/\/thiant.fr\/wordpress\/covid-19-point-sur-la-situation-au-25-mars-2021\/"]}]},{"@type":"ImageObject","inLanguage":"fr-FR","@id":"https:\/\/thiant.fr\/wordpress\/covid-19-point-sur-la-situation-au-25-mars-2021\/#primaryimage","url":"https:\/\/thiant.fr\/wordpress\/wp-content\/uploads\/2021\/03\/Stop-covid.png","contentUrl":"https:\/\/thiant.fr\/wordpress\/wp-content\/uploads\/2021\/03\/Stop-covid.png","width":730,"height":419},{"@type":"BreadcrumbList","@id":"https:\/\/thiant.fr\/wordpress\/covid-19-point-sur-la-situation-au-25-mars-2021\/#breadcrumb","itemListElement":[{"@type":"ListItem","position":1,"name":"Accueil","item":"https:\/\/thiant.fr\/wordpress\/"},{"@type":"ListItem","position":2,"name":"COVID-19 : Point sur la situation au 25 mars 2021"}]},{"@type":"WebSite","@id":"https:\/\/thiant.fr\/wordpress\/#website","url":"https:\/\/thiant.fr\/wordpress\/","name":"Ville de Thiant","description":"Site officiel de la ville de Thiant","publisher":{"@id":"https:\/\/thiant.fr\/wordpress\/#organization"},"potentialAction":[{"@type":"SearchAction","target":{"@type":"EntryPoint","urlTemplate":"https:\/\/thiant.fr\/wordpress\/?s={search_term_string}"},"query-input":{"@type":"PropertyValueSpecification","valueRequired":true,"valueName":"search_term_string"}}],"inLanguage":"fr-FR"},{"@type":"Organization","@id":"https:\/\/thiant.fr\/wordpress\/#organization","name":"Ville de Thiant","url":"https:\/\/thiant.fr\/wordpress\/","logo":{"@type":"ImageObject","inLanguage":"fr-FR","@id":"https:\/\/thiant.fr\/wordpress\/#\/schema\/logo\/image\/","url":"https:\/\/thiant.fr\/wordpress\/wp-content\/uploads\/2019\/08\/Thiant_Illdy_4.png","contentUrl":"https:\/\/thiant.fr\/wordpress\/wp-content\/uploads\/2019\/08\/Thiant_Illdy_4.png","width":105,"height":75,"caption":"Ville de Thiant"},"image":{"@id":"https:\/\/thiant.fr\/wordpress\/#\/schema\/logo\/image\/"}},{"@type":"Person","@id":"https:\/\/thiant.fr\/wordpress\/#\/schema\/person\/f41122130d18c0720657431d990451c6","name":"Service communication","image":{"@type":"ImageObject","inLanguage":"fr-FR","@id":"https:\/\/secure.gravatar.com\/avatar\/527d4f1f1330a82db5a7ea7738ddeb994fd26c4537512a833d99b387808ee250?s=96&r=g","url":"https:\/\/secure.gravatar.com\/avatar\/527d4f1f1330a82db5a7ea7738ddeb994fd26c4537512a833d99b387808ee250?s=96&r=g","contentUrl":"https:\/\/secure.gravatar.com\/avatar\/527d4f1f1330a82db5a7ea7738ddeb994fd26c4537512a833d99b387808ee250?s=96&r=g","caption":"Service communication"},"url":"https:\/\/thiant.fr\/wordpress\/author\/adminwpress\/"}]}},"_links":{"self":[{"href":"https:\/\/thiant.fr\/wordpress\/wp-json\/wp\/v2\/posts\/2540","targetHints":{"allow":["GET"]}}],"collection":[{"href":"https:\/\/thiant.fr\/wordpress\/wp-json\/wp\/v2\/posts"}],"about":[{"href":"https:\/\/thiant.fr\/wordpress\/wp-json\/wp\/v2\/types\/post"}],"author":[{"embeddable":true,"href":"https:\/\/thiant.fr\/wordpress\/wp-json\/wp\/v2\/users\/1"}],"replies":[{"embeddable":true,"href":"https:\/\/thiant.fr\/wordpress\/wp-json\/wp\/v2\/comments?post=2540"}],"version-history":[{"count":0,"href":"https:\/\/thiant.fr\/wordpress\/wp-json\/wp\/v2\/posts\/2540\/revisions"}],"wp:featuredmedia":[{"embeddable":true,"href":"https:\/\/thiant.fr\/wordpress\/wp-json\/wp\/v2\/media\/2541"}],"wp:attachment":[{"href":"https:\/\/thiant.fr\/wordpress\/wp-json\/wp\/v2\/media?parent=2540"}],"wp:term":[{"taxonomy":"category","embeddable":true,"href":"https:\/\/thiant.fr\/wordpress\/wp-json\/wp\/v2\/categories?post=2540"},{"taxonomy":"post_tag","embeddable":true,"href":"https:\/\/thiant.fr\/wordpress\/wp-json\/wp\/v2\/tags?post=2540"}],"curies":[{"name":"wp","href":"https:\/\/api.w.org\/{rel}","templated":true}]}}