{"id":2578,"date":"2021-04-06T12:08:45","date_gmt":"2021-04-06T10:08:45","guid":{"rendered":"https:\/\/thiant.fr\/wordpress\/?p=2578"},"modified":"2021-04-06T12:23:17","modified_gmt":"2021-04-06T10:23:17","slug":"covid-19-point-sur-la-situation-au-1er-avril","status":"publish","type":"post","link":"https:\/\/thiant.fr\/wordpress\/covid-19-point-sur-la-situation-au-1er-avril\/","title":{"rendered":"COVID-19 : Point sur la situation au 1er avril"},"content":{"rendered":"\t\t<div data-elementor-type=\"wp-post\" data-elementor-id=\"2578\" class=\"elementor elementor-2578\">\n\t\t\t\t\t\t<section class=\"elementor-section elementor-top-section elementor-element elementor-element-66f6691 elementor-section-boxed elementor-section-height-default elementor-section-height-default\" data-id=\"66f6691\" data-element_type=\"section\" data-e-type=\"section\">\n\t\t\t\t\t\t<div class=\"elementor-container elementor-column-gap-default\">\n\t\t\t\t\t<div class=\"elementor-column elementor-col-33 elementor-top-column elementor-element elementor-element-311e798\" data-id=\"311e798\" data-element_type=\"column\" data-e-type=\"column\">\n\t\t\t<div class=\"elementor-widget-wrap elementor-element-populated\">\n\t\t\t\t\t\t<div class=\"elementor-element elementor-element-701971b elementor-widget elementor-widget-image\" data-id=\"701971b\" data-element_type=\"widget\" data-e-type=\"widget\" data-widget_type=\"image.default\">\n\t\t\t\t<div class=\"elementor-widget-container\">\n\t\t\t\t\t\t\t\t\t\t\t\t\t\t\t<img decoding=\"async\" width=\"134\" height=\"134\" src=\"https:\/\/thiant.fr\/wordpress\/wp-content\/uploads\/2021\/03\/Logo-Prefet-Nord.png\" class=\"attachment-large size-large wp-image-2547\" alt=\"\" \/>\t\t\t\t\t\t\t\t\t\t\t\t\t\t\t<\/div>\n\t\t\t\t<\/div>\n\t\t\t\t<div class=\"elementor-element elementor-element-13c650f elementor-widget elementor-widget-image\" data-id=\"13c650f\" data-element_type=\"widget\" data-e-type=\"widget\" data-widget_type=\"image.default\">\n\t\t\t\t<div class=\"elementor-widget-container\">\n\t\t\t\t\t\t\t\t\t\t\t\t\t\t\t<img fetchpriority=\"high\" decoding=\"async\" width=\"374\" height=\"227\" src=\"https:\/\/thiant.fr\/wordpress\/wp-content\/uploads\/2020\/02\/Logo-ARS-HdF-RVB.jpg\" class=\"attachment-large size-large wp-image-999\" alt=\"\" srcset=\"https:\/\/thiant.fr\/wordpress\/wp-content\/uploads\/2020\/02\/Logo-ARS-HdF-RVB.jpg 374w, https:\/\/thiant.fr\/wordpress\/wp-content\/uploads\/2020\/02\/Logo-ARS-HdF-RVB-300x182.jpg 300w\" sizes=\"(max-width: 374px) 100vw, 374px\" \/>\t\t\t\t\t\t\t\t\t\t\t\t\t\t\t<\/div>\n\t\t\t\t<\/div>\n\t\t\t\t\t<\/div>\n\t\t<\/div>\n\t\t\t\t<div class=\"elementor-column elementor-col-66 elementor-top-column elementor-element elementor-element-5c871d8\" data-id=\"5c871d8\" data-element_type=\"column\" data-e-type=\"column\">\n\t\t\t<div class=\"elementor-widget-wrap elementor-element-populated\">\n\t\t\t\t\t\t<div class=\"elementor-element elementor-element-3af1f78 elementor-widget elementor-widget-text-editor\" data-id=\"3af1f78\" data-element_type=\"widget\" data-e-type=\"widget\" data-widget_type=\"text-editor.default\">\n\t\t\t\t<div class=\"elementor-widget-container\">\n\t\t\t\t\t\t\t\t\t<h3 style=\"text-align: center;\"><span style=\"color: #000080;\">POINT DE SITUATION DANS LE NORD AU 1ER AVRIL 2021<\/span><\/h3>\n<h5><span style=\"color: #003300;\">1- Covid-19 : le point sur la vaccination dans le Nord<\/span><\/h5>\n<p style=\"padding-left: 40px;\">Avec 2 semaines d\u2019avance sur les projections initiales, la barre symbolique du million de doses inject\u00e9es vient d\u2019\u00eatre franchie dans les Hauts-de-France : <strong>au 31 mars, 1 014 352 injections<\/strong> ont en effet \u00e9t\u00e9 r\u00e9alis\u00e9es dans la r\u00e9gion. Le rythme de vaccination, exclusivement li\u00e9 \u00e0 la disponibilit\u00e9 des doses, est particuli\u00e8rement dynamique depuis le d\u00e9but du mois de mars, avec 662 207 injections r\u00e9alis\u00e9es durant ce mois. Au total, 800 243 personnes ont ainsi re\u00e7u une injection et 214 109 sont pleinement vaccin\u00e9es dans les Hauts-de-France. La couverture vaccinale r\u00e9gionale avec au moins une dose (12,8%) est d\u00e9sormais <strong>sup\u00e9rieure \u00e0 la moyenne nationale<\/strong> (11,9%), les Hauts-de-France disposant par ailleurs de la <strong>meilleure couverture vaccinale de l\u2019hexagone<\/strong> avec au moins une dose sur toutes les tranches d\u2019\u00e2ges de 40 \u00e0 79 ans.<\/p>\n<p style=\"padding-left: 40px;\">\u00c0 l\u2019instar de cette dynamique r\u00e9gionale, le d\u00e9partement du Nord a atteint 437 379 doses de vaccin administr\u00e9es ce mercredi 31 mars 2021 correspondant \u00e0 341 904 premi\u00e8res injections et 95 475 secondes injections. 52 % de ces doses concernent les 70 ans et plus conform\u00e9ment \u00e0 la strat\u00e9gie nationale r\u00e9affirm\u00e9e par le pr\u00e9sident de la R\u00e9publique de vacciner en priorit\u00e9 les plus \u00e2g\u00e9s et les plus fragiles.<\/p>\n<p style=\"padding-left: 40px;\">La vaccination se poursuit ce long week-end de P\u00e2ques, comme tous les jours de la semaine. La liste des 47 centres p\u00e9rennes ou temporaires ouverts ce week-end est disponible sur le site de l\u2019Agence r\u00e9gionale de sant\u00e9 : <a href=\"https:\/\/www.hauts-de-france.ars.sante.fr\/listes-de-centres-de-vaccination-ouverts-le-week-end-prolonge-du-345-avril\" target=\"_blank\" rel=\"noopener\">lien<\/a>.<\/p>\n<p style=\"padding-left: 40px;\"><strong>Au moins 17 496 rendez-vous pourront ainsi \u00eatre propos\u00e9s ces trois jours dans les centres de vaccination du d\u00e9partement gr\u00e2ce \u00e0 une allocation suppl\u00e9mentaire du gouvernement. <\/strong>Viendront s\u2019ajouter \u00e0 ces cumuls les vaccinations r\u00e9alis\u00e9es en ville par les m\u00e9decins et pharmaciens. Au total, ce sont <strong>45 000 doses suppl\u00e9mentaires des vaccins Pfizer\/BioNtech et AstraZeneca qui seront mises \u00e0 disposition des habitants des Hauts-de-France<\/strong> \u00e0 l\u2019occasion du prochain week-end prolong\u00e9.<\/p>\n<p style=\"padding-left: 40px;\">Chaque centre participant peut ainsi proposer de nouveaux cr\u00e9neaux de vaccination, pour les personnes sur liste d\u2019attente ou en ouvrant de nouvelles r\u00e9servations sur la plateforme <a href=\"https:\/\/www.sante.fr\/cf\/centres-vaccination-covid.html\" target=\"_blank\" rel=\"noopener\">sante.fr<\/a> ou en contactant directement les centres de vaccination. Pour faciliter la prise de rendez-vous des personnes n\u2019ayant pas Internet ou n\u2019\u00e9tant pas famili\u00e8res avec les r\u00e9servations en ligne, l\u2019ARS a mis en place depuis le d\u00e9but de la campagne une plateforme t\u00e9l\u00e9phonique r\u00e9gionale. En composant le <a href=\"tel:+33392043471\">03.92.04.34.71<\/a>, les appelants seront mis en relation avec un op\u00e9rateur qui effectuera pour eux et en direct la r\u00e9servation en ligne, dans le centre de leur choix, \u00e0 partir du site d\u00e9di\u00e9 <a href=\"https:\/\/www.sante.fr\/cf\/centres-vaccination-covid.html\" target=\"_blank\" rel=\"noopener\">https:\/\/www.sante.fr\/cf\/centres-vaccination-covid.html<\/a>.<\/p>\n<p style=\"padding-left: 40px;\">En r\u00e9gion, la hausse de la trajectoire vaccinale se confirme en avril avec la mise \u00e0 disposition d\u2019au moins 564 000 doses de vaccins Pfizer et Moderna sans compter les dotations de vaccins AstraZeneca r\u00e9alis\u00e9es en ville par les m\u00e9decins et pharmaciens.<\/p>\n\n<h5><span style=\"color: #003366;\">2- Interdiction de rassemblement de plus de 6 personnes<\/span><\/h5>\n<p style=\"padding-left: 40px;\">Conform\u00e9ment au d\u00e9cret du 29 octobre 2020, les rassemblements, r\u00e9unions ou activit\u00e9s de plus de 6 personnes sont interdits sur la voie publique ou dans les lieux ouverts au public.<\/p>\n<p style=\"padding-left: 40px;\">Cette interdiction s\u2019applique, notamment, aux rassemblements dans les parcs et jardins. Il s\u2019agit, en effet, de lutter contre les facteurs de circulation du virus et de garantir le respect, par nos concitoyens, des gestes barri\u00e8re.<\/p>\n<p style=\"padding-left: 40px;\">De nombreux contr\u00f4les sont mis en \u0153uvre par les forces de l\u2019ordre, en r\u00e9ponse aux consignes de fermet\u00e9 du chef de l\u2019\u00c9tat et du ministre de l\u2019Int\u00e9rieur. La mobilisation de la police municipale vient en appui des forces pour veiller au respect de cette interdiction.<\/p>\n<p style=\"padding-left: 40px;\">Ne sont, en revanche, pas soumis \u00e0 cette interdiction :\n&#8211; les manifestations \u00e0 caract\u00e8re strictement revendicatif pr\u00e9alablement d\u00e9clar\u00e9es et dans le strict respect des gestes barri\u00e8res ;\n&#8211; les rassemblements, r\u00e9unions ou activit\u00e9s \u00e0 caract\u00e8re professionnel ;\n&#8211; les services de transport de voyageurs ;\n&#8211; les \u00e9tablissements recevant du public dans lesquels l&#8217;accueil du public n&#8217;est pas interdit en application du m\u00eame d\u00e9cret ;\n&#8211; les c\u00e9r\u00e9monies fun\u00e9raires organis\u00e9es dans la limite de 30 personnes ;\n<span style=\"color: #333333;\">&#8211; les c\u00e9r\u00e9monies publiques mentionn\u00e9es par le d\u00e9cret du 13 septembre 1989.<\/span><\/p>\n\n<h5><span style=\"color: #003300;\">3- Prolongation, jusqu\u2019au 3 mai 2021, des mesures de police administrative <\/span><span style=\"color: #003300;\">d\u00e9partementales relatives au port du masque, \u00e0 l&#8217;interdiction de diffusion de musique amplifi\u00e9e sur la voie publique et \u00e0 l&#8217;interdiction de consommation d&#8217;alcool sur la voie publique<\/span><\/h5>\n<p style=\"padding-left: 40px; text-align: center;\"><span style=\"color: #333333;\">Trois arr\u00eat\u00e9s pr\u00e9fectoraux dat\u00e9s du 31 mars <\/span><span style=\"color: #333333;\">2021 et prolongent, jusqu\u2019au 3 mai 2021, les mesures de police administrative <\/span><span style=\"color: #333333;\">d\u00e9partementales relatives :<\/span>\n<span style=\"color: #333333;\">&#8211; au port du masque pour les personnes de onze ans et plus ;<\/span>\n<span style=\"color: #333333;\">&#8211; \u00e0 l&#8217;interdiction de diffusion de musique amplifi\u00e9e sur la voie publique ;<\/span>\n<span style=\"color: #333333;\">&#8211; \u00e0 l&#8217;interdiction de consommation d&#8217;alcool sur la voie publique.<\/span><\/p>\n<p style=\"text-align: center;\"><span style=\"color: #333333;\">Gestion de la crise sanitaire Covid-19<\/span><br>\n<span style=\"color: #333333;\">Soutien aux entreprises dans le Nord : <a href=\"tel:+33359750100\">03 59 75 01 00<\/a><\/span><br>\n<span style=\"color: #333333;\">Pr\u00e9fecture du Nord<\/span><br>\n<span style=\"color: #333333;\">12-14, rue Jean sans Peur &#8211; CS 20003 &#8211; 59039 LILLE CEDEX<\/span><br>\n<span style=\"color: #333333;\"><a href=\"https:\/\/www.nord.gouv.fr\" target=\"_blank\" rel=\"noopener\">www.nord.gouv.fr<\/a> &#8211; <a href=\"https:\/\/facebook.com\/prefetnord\" target=\"_blank\" rel=\"noopener\">facebook.com\/prefetnord<\/a> \u2013 <a href=\"https:\/\/twitter.com\/prefet59\" target=\"_blank\" rel=\"noopener\">twitter.com\/prefet59<\/a><\/span><\/p>\t\t\t\t\t\t\t\t<\/div>\n\t\t\t\t<\/div>\n\t\t\t\t\t<\/div>\n\t\t<\/div>\n\t\t\t\t\t<\/div>\n\t\t<\/section>\n\t\t\t\t<\/div>\n\t\t","protected":false},"excerpt":{"rendered":"<p>POINT DE SITUATION DANS LE NORD AU 1ER AVRIL 2021 1- Covid-19 : le point sur la vaccination dans le Nord Avec 2 semaines d\u2019avance sur les projections initiales, la barre symbolique du million de doses inject\u00e9es vient d\u2019\u00eatre franchie dans les Hauts-de-France : au 31 mars, 1 014 352 injections ont en effet \u00e9t\u00e9 [&hellip;]<\/p>\n","protected":false},"author":1,"featured_media":2590,"comment_status":"closed","ping_status":"closed","sticky":false,"template":"","format":"standard","meta":{"_crdt_document":"","ocean_post_layout":"","ocean_both_sidebars_style":"","ocean_both_sidebars_content_width":0,"ocean_both_sidebars_sidebars_width":0,"ocean_sidebar":"0","ocean_second_sidebar":"0","ocean_disable_margins":"enable","ocean_add_body_class":"","ocean_shortcode_before_top_bar":"","ocean_shortcode_after_top_bar":"","ocean_shortcode_before_header":"","ocean_shortcode_after_header":"","ocean_has_shortcode":"","ocean_shortcode_after_title":"","ocean_shortcode_before_footer_widgets":"","ocean_shortcode_after_footer_widgets":"","ocean_shortcode_before_footer_bottom":"","ocean_shortcode_after_footer_bottom":"","ocean_display_top_bar":"default","ocean_display_header":"default","ocean_header_style":"","ocean_center_header_left_menu":"0","ocean_custom_header_template":"0","ocean_custom_logo":0,"ocean_custom_retina_logo":0,"ocean_custom_logo_max_width":0,"ocean_custom_logo_tablet_max_width":0,"ocean_custom_logo_mobile_max_width":0,"ocean_custom_logo_max_height":0,"ocean_custom_logo_tablet_max_height":0,"ocean_custom_logo_mobile_max_height":0,"ocean_header_custom_menu":"0","ocean_menu_typo_font_family":"0","ocean_menu_typo_font_subset":"","ocean_menu_typo_font_size":0,"ocean_menu_typo_font_size_tablet":0,"ocean_menu_typo_font_size_mobile":0,"ocean_menu_typo_font_size_unit":"px","ocean_menu_typo_font_weight":"","ocean_menu_typo_font_weight_tablet":"","ocean_menu_typo_font_weight_mobile":"","ocean_menu_typo_transform":"","ocean_menu_typo_transform_tablet":"","ocean_menu_typo_transform_mobile":"","ocean_menu_typo_line_height":0,"ocean_menu_typo_line_height_tablet":0,"ocean_menu_typo_line_height_mobile":0,"ocean_menu_typo_line_height_unit":"","ocean_menu_typo_spacing":0,"ocean_menu_typo_spacing_tablet":0,"ocean_menu_typo_spacing_mobile":0,"ocean_menu_typo_spacing_unit":"","ocean_menu_link_color":"","ocean_menu_link_color_hover":"","ocean_menu_link_color_active":"","ocean_menu_link_background":"","ocean_menu_link_hover_background":"","ocean_menu_link_active_background":"","ocean_menu_social_links_bg":"","ocean_menu_social_hover_links_bg":"","ocean_menu_social_links_color":"","ocean_menu_social_hover_links_color":"","ocean_disable_title":"default","ocean_disable_heading":"default","ocean_post_title":"","ocean_post_subheading":"","ocean_post_title_style":"","ocean_post_title_background_color":"","ocean_post_title_background":0,"ocean_post_title_bg_image_position":"","ocean_post_title_bg_image_attachment":"","ocean_post_title_bg_image_repeat":"","ocean_post_title_bg_image_size":"","ocean_post_title_height":0,"ocean_post_title_bg_overlay":0.5,"ocean_post_title_bg_overlay_color":"","ocean_disable_breadcrumbs":"default","ocean_breadcrumbs_color":"","ocean_breadcrumbs_separator_color":"","ocean_breadcrumbs_links_color":"","ocean_breadcrumbs_links_hover_color":"","ocean_display_footer_widgets":"default","ocean_display_footer_bottom":"default","ocean_custom_footer_template":"0","ocean_post_oembed":"","ocean_post_self_hosted_media":"","ocean_post_video_embed":"","ocean_link_format":"","ocean_link_format_target":"self","ocean_quote_format":"","ocean_quote_format_link":"post","ocean_gallery_link_images":"off","ocean_gallery_id":[],"footnotes":""},"categories":[271],"tags":[510,188,484,246,512,248,507,508,509,511],"class_list":["post-2578","post","type-post","status-publish","format-standard","has-post-thumbnail","hentry","category-covid-19","tag-510","tag-coronavirus","tag-covid","tag-nord","tag-pandemie","tag-point","tag-point-situation","tag-prefecture","tag-prefecture-du-nord","tag-situation-sanitaire","entry","has-media"],"yoast_head":"<!-- This site is optimized with the Yoast SEO plugin v27.3 - https:\/\/yoast.com\/product\/yoast-seo-wordpress\/ -->\n<title>COVID-19 : Point sur la situation au 1er avril - Ville de Thiant<\/title>\n<meta name=\"robots\" content=\"index, follow, max-snippet:-1, max-image-preview:large, max-video-preview:-1\" \/>\n<link rel=\"canonical\" href=\"https:\/\/thiant.fr\/wordpress\/covid-19-point-sur-la-situation-au-1er-avril\/\" \/>\n<meta property=\"og:locale\" content=\"fr_FR\" \/>\n<meta property=\"og:type\" content=\"article\" \/>\n<meta property=\"og:title\" content=\"COVID-19 : Point sur la situation au 1er avril - Ville de Thiant\" \/>\n<meta property=\"og:description\" content=\"POINT DE SITUATION DANS LE NORD AU 1ER AVRIL 2021 1- Covid-19 : le point sur la vaccination dans le Nord Avec 2 semaines d\u2019avance sur les projections initiales, la barre symbolique du million de doses inject\u00e9es vient d\u2019\u00eatre franchie dans les Hauts-de-France : au 31 mars, 1 014 352 injections ont en effet \u00e9t\u00e9 [&hellip;]\" \/>\n<meta property=\"og:url\" content=\"https:\/\/thiant.fr\/wordpress\/covid-19-point-sur-la-situation-au-1er-avril\/\" \/>\n<meta property=\"og:site_name\" content=\"Ville de Thiant\" \/>\n<meta property=\"article:published_time\" content=\"2021-04-06T10:08:45+00:00\" \/>\n<meta property=\"article:modified_time\" content=\"2021-04-06T10:23:17+00:00\" \/>\n<meta property=\"og:image\" content=\"https:\/\/thiant.fr\/wordpress\/wp-content\/uploads\/2021\/04\/homme-fenetre-virus.jpg\" \/>\n\t<meta property=\"og:image:width\" content=\"1920\" \/>\n\t<meta property=\"og:image:height\" content=\"1097\" \/>\n\t<meta property=\"og:image:type\" content=\"image\/jpeg\" \/>\n<meta name=\"author\" content=\"Service communication\" \/>\n<meta name=\"twitter:card\" content=\"summary_large_image\" \/>\n<meta name=\"twitter:label1\" content=\"\u00c9crit par\" \/>\n\t<meta name=\"twitter:data1\" content=\"Service communication\" \/>\n\t<meta name=\"twitter:label2\" content=\"Dur\u00e9e de lecture estim\u00e9e\" \/>\n\t<meta name=\"twitter:data2\" content=\"4 minutes\" \/>\n<script type=\"application\/ld+json\" class=\"yoast-schema-graph\">{\"@context\":\"https:\\\/\\\/schema.org\",\"@graph\":[{\"@type\":\"Article\",\"@id\":\"https:\\\/\\\/thiant.fr\\\/wordpress\\\/covid-19-point-sur-la-situation-au-1er-avril\\\/#article\",\"isPartOf\":{\"@id\":\"https:\\\/\\\/thiant.fr\\\/wordpress\\\/covid-19-point-sur-la-situation-au-1er-avril\\\/\"},\"author\":{\"name\":\"Service communication\",\"@id\":\"https:\\\/\\\/thiant.fr\\\/wordpress\\\/#\\\/schema\\\/person\\\/f41122130d18c0720657431d990451c6\"},\"headline\":\"COVID-19 : Point sur la situation au 1er avril\",\"datePublished\":\"2021-04-06T10:08:45+00:00\",\"dateModified\":\"2021-04-06T10:23:17+00:00\",\"mainEntityOfPage\":{\"@id\":\"https:\\\/\\\/thiant.fr\\\/wordpress\\\/covid-19-point-sur-la-situation-au-1er-avril\\\/\"},\"wordCount\":868,\"publisher\":{\"@id\":\"https:\\\/\\\/thiant.fr\\\/wordpress\\\/#organization\"},\"image\":{\"@id\":\"https:\\\/\\\/thiant.fr\\\/wordpress\\\/covid-19-point-sur-la-situation-au-1er-avril\\\/#primaryimage\"},\"thumbnailUrl\":\"https:\\\/\\\/thiant.fr\\\/wordpress\\\/wp-content\\\/uploads\\\/2021\\\/04\\\/homme-fenetre-virus.jpg\",\"keywords\":[\"59\",\"coronavirus\",\"COVID\",\"Nord\",\"pand\u00e9mie\",\"point\",\"point situation\",\"pr\u00e9fecture\",\"pr\u00e9fecture du Nord\",\"situation sanitaire\"],\"articleSection\":[\"COVID-19\"],\"inLanguage\":\"fr-FR\"},{\"@type\":\"WebPage\",\"@id\":\"https:\\\/\\\/thiant.fr\\\/wordpress\\\/covid-19-point-sur-la-situation-au-1er-avril\\\/\",\"url\":\"https:\\\/\\\/thiant.fr\\\/wordpress\\\/covid-19-point-sur-la-situation-au-1er-avril\\\/\",\"name\":\"COVID-19 : Point sur la situation au 1er avril - Ville de Thiant\",\"isPartOf\":{\"@id\":\"https:\\\/\\\/thiant.fr\\\/wordpress\\\/#website\"},\"primaryImageOfPage\":{\"@id\":\"https:\\\/\\\/thiant.fr\\\/wordpress\\\/covid-19-point-sur-la-situation-au-1er-avril\\\/#primaryimage\"},\"image\":{\"@id\":\"https:\\\/\\\/thiant.fr\\\/wordpress\\\/covid-19-point-sur-la-situation-au-1er-avril\\\/#primaryimage\"},\"thumbnailUrl\":\"https:\\\/\\\/thiant.fr\\\/wordpress\\\/wp-content\\\/uploads\\\/2021\\\/04\\\/homme-fenetre-virus.jpg\",\"datePublished\":\"2021-04-06T10:08:45+00:00\",\"dateModified\":\"2021-04-06T10:23:17+00:00\",\"breadcrumb\":{\"@id\":\"https:\\\/\\\/thiant.fr\\\/wordpress\\\/covid-19-point-sur-la-situation-au-1er-avril\\\/#breadcrumb\"},\"inLanguage\":\"fr-FR\",\"potentialAction\":[{\"@type\":\"ReadAction\",\"target\":[\"https:\\\/\\\/thiant.fr\\\/wordpress\\\/covid-19-point-sur-la-situation-au-1er-avril\\\/\"]}]},{\"@type\":\"ImageObject\",\"inLanguage\":\"fr-FR\",\"@id\":\"https:\\\/\\\/thiant.fr\\\/wordpress\\\/covid-19-point-sur-la-situation-au-1er-avril\\\/#primaryimage\",\"url\":\"https:\\\/\\\/thiant.fr\\\/wordpress\\\/wp-content\\\/uploads\\\/2021\\\/04\\\/homme-fenetre-virus.jpg\",\"contentUrl\":\"https:\\\/\\\/thiant.fr\\\/wordpress\\\/wp-content\\\/uploads\\\/2021\\\/04\\\/homme-fenetre-virus.jpg\",\"width\":1920,\"height\":1097},{\"@type\":\"BreadcrumbList\",\"@id\":\"https:\\\/\\\/thiant.fr\\\/wordpress\\\/covid-19-point-sur-la-situation-au-1er-avril\\\/#breadcrumb\",\"itemListElement\":[{\"@type\":\"ListItem\",\"position\":1,\"name\":\"Accueil\",\"item\":\"https:\\\/\\\/thiant.fr\\\/wordpress\\\/\"},{\"@type\":\"ListItem\",\"position\":2,\"name\":\"COVID-19 : Point sur la situation au 1er avril\"}]},{\"@type\":\"WebSite\",\"@id\":\"https:\\\/\\\/thiant.fr\\\/wordpress\\\/#website\",\"url\":\"https:\\\/\\\/thiant.fr\\\/wordpress\\\/\",\"name\":\"Ville de Thiant\",\"description\":\"Site officiel de la ville de Thiant\",\"publisher\":{\"@id\":\"https:\\\/\\\/thiant.fr\\\/wordpress\\\/#organization\"},\"potentialAction\":[{\"@type\":\"SearchAction\",\"target\":{\"@type\":\"EntryPoint\",\"urlTemplate\":\"https:\\\/\\\/thiant.fr\\\/wordpress\\\/?s={search_term_string}\"},\"query-input\":{\"@type\":\"PropertyValueSpecification\",\"valueRequired\":true,\"valueName\":\"search_term_string\"}}],\"inLanguage\":\"fr-FR\"},{\"@type\":\"Organization\",\"@id\":\"https:\\\/\\\/thiant.fr\\\/wordpress\\\/#organization\",\"name\":\"Ville de Thiant\",\"url\":\"https:\\\/\\\/thiant.fr\\\/wordpress\\\/\",\"logo\":{\"@type\":\"ImageObject\",\"inLanguage\":\"fr-FR\",\"@id\":\"https:\\\/\\\/thiant.fr\\\/wordpress\\\/#\\\/schema\\\/logo\\\/image\\\/\",\"url\":\"https:\\\/\\\/thiant.fr\\\/wordpress\\\/wp-content\\\/uploads\\\/2019\\\/08\\\/Thiant_Illdy_4.png\",\"contentUrl\":\"https:\\\/\\\/thiant.fr\\\/wordpress\\\/wp-content\\\/uploads\\\/2019\\\/08\\\/Thiant_Illdy_4.png\",\"width\":105,\"height\":75,\"caption\":\"Ville de Thiant\"},\"image\":{\"@id\":\"https:\\\/\\\/thiant.fr\\\/wordpress\\\/#\\\/schema\\\/logo\\\/image\\\/\"}},{\"@type\":\"Person\",\"@id\":\"https:\\\/\\\/thiant.fr\\\/wordpress\\\/#\\\/schema\\\/person\\\/f41122130d18c0720657431d990451c6\",\"name\":\"Service communication\",\"image\":{\"@type\":\"ImageObject\",\"inLanguage\":\"fr-FR\",\"@id\":\"https:\\\/\\\/secure.gravatar.com\\\/avatar\\\/527d4f1f1330a82db5a7ea7738ddeb994fd26c4537512a833d99b387808ee250?s=96&r=g\",\"url\":\"https:\\\/\\\/secure.gravatar.com\\\/avatar\\\/527d4f1f1330a82db5a7ea7738ddeb994fd26c4537512a833d99b387808ee250?s=96&r=g\",\"contentUrl\":\"https:\\\/\\\/secure.gravatar.com\\\/avatar\\\/527d4f1f1330a82db5a7ea7738ddeb994fd26c4537512a833d99b387808ee250?s=96&r=g\",\"caption\":\"Service communication\"},\"url\":\"https:\\\/\\\/thiant.fr\\\/wordpress\\\/author\\\/adminwpress\\\/\"}]}<\/script>\n<!-- \/ Yoast SEO plugin. -->","yoast_head_json":{"title":"COVID-19 : Point sur la situation au 1er avril - Ville de Thiant","robots":{"index":"index","follow":"follow","max-snippet":"max-snippet:-1","max-image-preview":"max-image-preview:large","max-video-preview":"max-video-preview:-1"},"canonical":"https:\/\/thiant.fr\/wordpress\/covid-19-point-sur-la-situation-au-1er-avril\/","og_locale":"fr_FR","og_type":"article","og_title":"COVID-19 : Point sur la situation au 1er avril - Ville de Thiant","og_description":"POINT DE SITUATION DANS LE NORD AU 1ER AVRIL 2021 1- Covid-19 : le point sur la vaccination dans le Nord Avec 2 semaines d\u2019avance sur les projections initiales, la barre symbolique du million de doses inject\u00e9es vient d\u2019\u00eatre franchie dans les Hauts-de-France : au 31 mars, 1 014 352 injections ont en effet \u00e9t\u00e9 [&hellip;]","og_url":"https:\/\/thiant.fr\/wordpress\/covid-19-point-sur-la-situation-au-1er-avril\/","og_site_name":"Ville de Thiant","article_published_time":"2021-04-06T10:08:45+00:00","article_modified_time":"2021-04-06T10:23:17+00:00","og_image":[{"width":1920,"height":1097,"url":"https:\/\/thiant.fr\/wordpress\/wp-content\/uploads\/2021\/04\/homme-fenetre-virus.jpg","type":"image\/jpeg"}],"author":"Service communication","twitter_card":"summary_large_image","twitter_misc":{"\u00c9crit par":"Service communication","Dur\u00e9e de lecture estim\u00e9e":"4 minutes"},"schema":{"@context":"https:\/\/schema.org","@graph":[{"@type":"Article","@id":"https:\/\/thiant.fr\/wordpress\/covid-19-point-sur-la-situation-au-1er-avril\/#article","isPartOf":{"@id":"https:\/\/thiant.fr\/wordpress\/covid-19-point-sur-la-situation-au-1er-avril\/"},"author":{"name":"Service communication","@id":"https:\/\/thiant.fr\/wordpress\/#\/schema\/person\/f41122130d18c0720657431d990451c6"},"headline":"COVID-19 : Point sur la situation au 1er avril","datePublished":"2021-04-06T10:08:45+00:00","dateModified":"2021-04-06T10:23:17+00:00","mainEntityOfPage":{"@id":"https:\/\/thiant.fr\/wordpress\/covid-19-point-sur-la-situation-au-1er-avril\/"},"wordCount":868,"publisher":{"@id":"https:\/\/thiant.fr\/wordpress\/#organization"},"image":{"@id":"https:\/\/thiant.fr\/wordpress\/covid-19-point-sur-la-situation-au-1er-avril\/#primaryimage"},"thumbnailUrl":"https:\/\/thiant.fr\/wordpress\/wp-content\/uploads\/2021\/04\/homme-fenetre-virus.jpg","keywords":["59","coronavirus","COVID","Nord","pand\u00e9mie","point","point situation","pr\u00e9fecture","pr\u00e9fecture du Nord","situation sanitaire"],"articleSection":["COVID-19"],"inLanguage":"fr-FR"},{"@type":"WebPage","@id":"https:\/\/thiant.fr\/wordpress\/covid-19-point-sur-la-situation-au-1er-avril\/","url":"https:\/\/thiant.fr\/wordpress\/covid-19-point-sur-la-situation-au-1er-avril\/","name":"COVID-19 : Point sur la situation au 1er avril - Ville de Thiant","isPartOf":{"@id":"https:\/\/thiant.fr\/wordpress\/#website"},"primaryImageOfPage":{"@id":"https:\/\/thiant.fr\/wordpress\/covid-19-point-sur-la-situation-au-1er-avril\/#primaryimage"},"image":{"@id":"https:\/\/thiant.fr\/wordpress\/covid-19-point-sur-la-situation-au-1er-avril\/#primaryimage"},"thumbnailUrl":"https:\/\/thiant.fr\/wordpress\/wp-content\/uploads\/2021\/04\/homme-fenetre-virus.jpg","datePublished":"2021-04-06T10:08:45+00:00","dateModified":"2021-04-06T10:23:17+00:00","breadcrumb":{"@id":"https:\/\/thiant.fr\/wordpress\/covid-19-point-sur-la-situation-au-1er-avril\/#breadcrumb"},"inLanguage":"fr-FR","potentialAction":[{"@type":"ReadAction","target":["https:\/\/thiant.fr\/wordpress\/covid-19-point-sur-la-situation-au-1er-avril\/"]}]},{"@type":"ImageObject","inLanguage":"fr-FR","@id":"https:\/\/thiant.fr\/wordpress\/covid-19-point-sur-la-situation-au-1er-avril\/#primaryimage","url":"https:\/\/thiant.fr\/wordpress\/wp-content\/uploads\/2021\/04\/homme-fenetre-virus.jpg","contentUrl":"https:\/\/thiant.fr\/wordpress\/wp-content\/uploads\/2021\/04\/homme-fenetre-virus.jpg","width":1920,"height":1097},{"@type":"BreadcrumbList","@id":"https:\/\/thiant.fr\/wordpress\/covid-19-point-sur-la-situation-au-1er-avril\/#breadcrumb","itemListElement":[{"@type":"ListItem","position":1,"name":"Accueil","item":"https:\/\/thiant.fr\/wordpress\/"},{"@type":"ListItem","position":2,"name":"COVID-19 : Point sur la situation au 1er avril"}]},{"@type":"WebSite","@id":"https:\/\/thiant.fr\/wordpress\/#website","url":"https:\/\/thiant.fr\/wordpress\/","name":"Ville de Thiant","description":"Site officiel de la ville de Thiant","publisher":{"@id":"https:\/\/thiant.fr\/wordpress\/#organization"},"potentialAction":[{"@type":"SearchAction","target":{"@type":"EntryPoint","urlTemplate":"https:\/\/thiant.fr\/wordpress\/?s={search_term_string}"},"query-input":{"@type":"PropertyValueSpecification","valueRequired":true,"valueName":"search_term_string"}}],"inLanguage":"fr-FR"},{"@type":"Organization","@id":"https:\/\/thiant.fr\/wordpress\/#organization","name":"Ville de Thiant","url":"https:\/\/thiant.fr\/wordpress\/","logo":{"@type":"ImageObject","inLanguage":"fr-FR","@id":"https:\/\/thiant.fr\/wordpress\/#\/schema\/logo\/image\/","url":"https:\/\/thiant.fr\/wordpress\/wp-content\/uploads\/2019\/08\/Thiant_Illdy_4.png","contentUrl":"https:\/\/thiant.fr\/wordpress\/wp-content\/uploads\/2019\/08\/Thiant_Illdy_4.png","width":105,"height":75,"caption":"Ville de Thiant"},"image":{"@id":"https:\/\/thiant.fr\/wordpress\/#\/schema\/logo\/image\/"}},{"@type":"Person","@id":"https:\/\/thiant.fr\/wordpress\/#\/schema\/person\/f41122130d18c0720657431d990451c6","name":"Service communication","image":{"@type":"ImageObject","inLanguage":"fr-FR","@id":"https:\/\/secure.gravatar.com\/avatar\/527d4f1f1330a82db5a7ea7738ddeb994fd26c4537512a833d99b387808ee250?s=96&r=g","url":"https:\/\/secure.gravatar.com\/avatar\/527d4f1f1330a82db5a7ea7738ddeb994fd26c4537512a833d99b387808ee250?s=96&r=g","contentUrl":"https:\/\/secure.gravatar.com\/avatar\/527d4f1f1330a82db5a7ea7738ddeb994fd26c4537512a833d99b387808ee250?s=96&r=g","caption":"Service communication"},"url":"https:\/\/thiant.fr\/wordpress\/author\/adminwpress\/"}]}},"_links":{"self":[{"href":"https:\/\/thiant.fr\/wordpress\/wp-json\/wp\/v2\/posts\/2578","targetHints":{"allow":["GET"]}}],"collection":[{"href":"https:\/\/thiant.fr\/wordpress\/wp-json\/wp\/v2\/posts"}],"about":[{"href":"https:\/\/thiant.fr\/wordpress\/wp-json\/wp\/v2\/types\/post"}],"author":[{"embeddable":true,"href":"https:\/\/thiant.fr\/wordpress\/wp-json\/wp\/v2\/users\/1"}],"replies":[{"embeddable":true,"href":"https:\/\/thiant.fr\/wordpress\/wp-json\/wp\/v2\/comments?post=2578"}],"version-history":[{"count":0,"href":"https:\/\/thiant.fr\/wordpress\/wp-json\/wp\/v2\/posts\/2578\/revisions"}],"wp:featuredmedia":[{"embeddable":true,"href":"https:\/\/thiant.fr\/wordpress\/wp-json\/wp\/v2\/media\/2590"}],"wp:attachment":[{"href":"https:\/\/thiant.fr\/wordpress\/wp-json\/wp\/v2\/media?parent=2578"}],"wp:term":[{"taxonomy":"category","embeddable":true,"href":"https:\/\/thiant.fr\/wordpress\/wp-json\/wp\/v2\/categories?post=2578"},{"taxonomy":"post_tag","embeddable":true,"href":"https:\/\/thiant.fr\/wordpress\/wp-json\/wp\/v2\/tags?post=2578"}],"curies":[{"name":"wp","href":"https:\/\/api.w.org\/{rel}","templated":true}]}}