{"id":2614,"date":"2021-05-10T11:59:36","date_gmt":"2021-05-10T09:59:36","guid":{"rendered":"https:\/\/thiant.fr\/wordpress\/?p=2614"},"modified":"2021-05-10T13:18:09","modified_gmt":"2021-05-10T11:18:09","slug":"covid-19-point-sur-la-situation-au-7-mai","status":"publish","type":"post","link":"https:\/\/thiant.fr\/wordpress\/covid-19-point-sur-la-situation-au-7-mai\/","title":{"rendered":"COVID-19 : Point sur la situation au 7 mai"},"content":{"rendered":"\t\t<div data-elementor-type=\"wp-post\" data-elementor-id=\"2614\" class=\"elementor elementor-2614\">\n\t\t\t\t\t\t<section class=\"elementor-section elementor-top-section elementor-element elementor-element-845145d elementor-section-boxed elementor-section-height-default elementor-section-height-default\" data-id=\"845145d\" data-element_type=\"section\" data-e-type=\"section\">\n\t\t\t\t\t\t<div class=\"elementor-container elementor-column-gap-default\">\n\t\t\t\t\t<div class=\"elementor-column elementor-col-33 elementor-top-column elementor-element elementor-element-74b90d8\" data-id=\"74b90d8\" data-element_type=\"column\" data-e-type=\"column\">\n\t\t\t<div class=\"elementor-widget-wrap elementor-element-populated\">\n\t\t\t\t\t\t<div class=\"elementor-element elementor-element-e64084b elementor-widget elementor-widget-image\" data-id=\"e64084b\" data-element_type=\"widget\" data-e-type=\"widget\" data-widget_type=\"image.default\">\n\t\t\t\t<div class=\"elementor-widget-container\">\n\t\t\t\t\t\t\t\t\t\t\t\t\t\t\t<img decoding=\"async\" width=\"134\" height=\"134\" src=\"https:\/\/thiant.fr\/wordpress\/wp-content\/uploads\/2021\/03\/Logo-Prefet-Nord.png\" class=\"attachment-large size-large wp-image-2547\" alt=\"\" \/>\t\t\t\t\t\t\t\t\t\t\t\t\t\t\t<\/div>\n\t\t\t\t<\/div>\n\t\t\t\t\t<\/div>\n\t\t<\/div>\n\t\t\t\t<div class=\"elementor-column elementor-col-66 elementor-top-column elementor-element elementor-element-18a6900\" data-id=\"18a6900\" data-element_type=\"column\" data-e-type=\"column\">\n\t\t\t<div class=\"elementor-widget-wrap elementor-element-populated\">\n\t\t\t\t\t\t<div class=\"elementor-element elementor-element-e3437ee elementor-widget elementor-widget-text-editor\" data-id=\"e3437ee\" data-element_type=\"widget\" data-e-type=\"widget\" data-widget_type=\"text-editor.default\">\n\t\t\t\t<div class=\"elementor-widget-container\">\n\t\t\t\t\t\t\t\t\t<h2 style=\"text-align: center;\"><span style=\"color: #000080;\">POINT DE SITUATION DANS LE NORD DU 7 MAI 2021<\/span><\/h2><h5><span style=\"color: #008000;\">1 \u2013 \u00c9lections d\u00e9partementales et r\u00e9gionales : pr\u00e9cisions sur la vaccination des assesseurs<\/span><\/h5><p style=\"padding-left: 40px;\"><span style=\"color: #333333;\">En ce qui concerne les prochaines \u00e9ch\u00e9ances \u00e9lectorales (\u00e9lections d\u00e9partementales et r\u00e9gionales), il a \u00e9t\u00e9 demand\u00e9 aux maires de remettre aux membres des bureaux de vote et aux fonctionnaires communaux mobilis\u00e9s le jour du scrutin une attestation de priorit\u00e9 d\u2019acc\u00e8s \u00e0 la vaccination. Cette attestation permettra \u00e0 son d\u00e9tenteur d\u2019avoir acc\u00e8s \u00e0 la vaccination dans les centres et prendre rendez-vous par les circuits normaux de prise de rendez-vous (Doctolib, Maaia, Keldoc, t\u00e9l\u00e9phone, etc.).<\/span><\/p><h5><span style=\"color: #008000;\">2 \u2013 Point de situation relatif \u00e0 la vaccination<\/span><\/h5><p style=\"padding-left: 40px;\"><span style=\"color: #333333;\"><strong>Au 6 mai, 909 070 injections ont \u00e9t\u00e9 r\u00e9alis\u00e9es dans le Nord.<\/strong> 640 605 habitants ont re\u00e7u au moins une injection et 268 465 habitants sont pleinement vaccin\u00e9s.<\/span><br \/><span style=\"color: #333333;\">Alors que le rythme de la campagne vaccinale ne cesse de s\u2019amplifier, la mobilisation se poursuit 7 jours sur 7 : en semaine mais \u00e9galement les week-ends. Ainsi, <strong>le samedi 8 mai et le dimanche 9 mai, 10 116 doses suppl\u00e9mentaires de vaccins Pfizer\/BioNTech ont \u00e9t\u00e9 allou\u00e9es aux centres de vaccination du Nord et 24 626 doses seront allou\u00e9es pour le long week-end de l\u2019Ascension.<\/strong> Cette dynamique sera poursuivie les week-ends suivants. Ces dotations viennent s\u2019ajouter aux dotations hebdomadaires des centres de vaccination.<\/span><br \/><span style=\"color: #333333;\">La liste des centres de vaccination ouverts ce week-end est disponible <\/span><span style=\"color: #333333;\">sur <a href=\"https:\/\/www.sante.fr\/\" target=\"_blank\" rel=\"noopener\">https:\/\/www.sante.fr\/<\/a>.<\/span><br \/><span style=\"color: #333333;\">Enfin, et pour votre parfaite information, l\u2019arr\u00eat\u00e9 portant d\u00e9signation des centres de<\/span><br \/><span style=\"color: #333333;\">vaccination contre la Covid-19 a \u00e9t\u00e9 actualis\u00e9 le 6 mai 2021. Retrouvez ci-apr\u00e8s la liste des 43 centres de vaccination contre la Covid-19 actifs dans le Nord ainsi que la liste des centres temporaires suppl\u00e9mentaires qui viennent compl\u00e9ter le dispositif de vaccination mis en place dans le d\u00e9partement du Nord.<\/span><\/p><h5><span style=\"color: #008000;\">3 \u2013 Questions relatives \u00e0 la r\u00e9ouverture des \u00e9tablissements recevant du public<\/span><\/h5><p style=\"padding-left: 40px;\"><span style=\"color: #333333;\">Les services de la pr\u00e9fecture re\u00e7oivent de nombreuses questions sur la r\u00e9ouverture des \u00e9tablissements recevant du public. D\u00e8s que ces modalit\u00e9s seront connues en d\u00e9tail, un point de situation pr\u00e9cis vous sera adress\u00e9 sans d\u00e9lai.<\/span><\/p><p style=\"padding-left: 40px;\"><span style=\"color: #333333;\">\u00c0 ce stade et dans l\u2019attente d\u2019instructions compl\u00e9mentaires, <strong>les salles de type L \u00e0 usage multiple<\/strong> (salles des f\u00eates ) ne peuvent pas accueillir du public. <strong>Il est d\u00e9conseill\u00e9 d\u2019ouvrir la location pour des \u00e9v\u00e9nements festifs d\u00e8s \u00e0 pr\u00e9sent<\/strong> puisque les conditions pos\u00e9es \u00e0 une \u00e9ventuelle r\u00e9ouverture ne sont pas encore connues. Des jauges et conditions sanitaires seront tr\u00e8s certainement impos\u00e9es et restreindront les activit\u00e9s envisageables. <\/span><\/p><p style=\"padding-left: 40px;\"><span style=\"color: #333333;\">Concernant <strong>les activit\u00e9s culturelles,<\/strong> il n&#8217;est, pour l\u2019heure, pas possible de reprendre les activit\u00e9s associatives \u00e0 destination des adultes ni des enfants sauf activit\u00e9s scolaires et p\u00e9riscolaires. Pour m\u00e9moire, une activit\u00e9 p\u00e9riscolaire rel\u00e8ve de l&#8217;\u00e9cole. Les activit\u00e9s organis\u00e9es le mercredi et\/ou samedi par les communes et\/ou associations sont, quant \u00e0 elles, des activit\u00e9s extra-scolaires et ne peuvent \u00e0 ce jour reprendre.<\/span><\/p>\t\t\t\t\t\t\t\t<\/div>\n\t\t\t\t<\/div>\n\t\t\t\t\t<\/div>\n\t\t<\/div>\n\t\t\t\t\t<\/div>\n\t\t<\/section>\n\t\t\t\t<section class=\"elementor-section elementor-top-section elementor-element elementor-element-5a33824 elementor-section-boxed elementor-section-height-default elementor-section-height-default\" data-id=\"5a33824\" data-element_type=\"section\" data-e-type=\"section\">\n\t\t\t\t\t\t<div class=\"elementor-container elementor-column-gap-default\">\n\t\t\t\t\t<div class=\"elementor-column elementor-col-100 elementor-top-column elementor-element elementor-element-7f1adf4\" data-id=\"7f1adf4\" data-element_type=\"column\" data-e-type=\"column\">\n\t\t\t<div class=\"elementor-widget-wrap elementor-element-populated\">\n\t\t\t\t\t\t<div class=\"elementor-element elementor-element-0903aa2 elementor-widget elementor-widget-image\" data-id=\"0903aa2\" data-element_type=\"widget\" data-e-type=\"widget\" data-widget_type=\"image.default\">\n\t\t\t\t<div class=\"elementor-widget-container\">\n\t\t\t\t\t\t\t\t\t\t\t\t\t\t\t\t<a href=\"https:\/\/thiant.fr\/wordpress\/documents_ext\/COVID-19\/liste-centres-vaccination-mai-2021.pdf\" target=\"_blank\">\n\t\t\t\t\t\t\t<img fetchpriority=\"high\" decoding=\"async\" width=\"1032\" height=\"2560\" src=\"https:\/\/thiant.fr\/wordpress\/wp-content\/uploads\/2021\/05\/liste-centres-vaccination-mai-2021-scaled.jpg\" class=\"attachment-full size-full wp-image-2624\" alt=\"\" srcset=\"https:\/\/thiant.fr\/wordpress\/wp-content\/uploads\/2021\/05\/liste-centres-vaccination-mai-2021-scaled.jpg 1032w, https:\/\/thiant.fr\/wordpress\/wp-content\/uploads\/2021\/05\/liste-centres-vaccination-mai-2021-121x300.jpg 121w, https:\/\/thiant.fr\/wordpress\/wp-content\/uploads\/2021\/05\/liste-centres-vaccination-mai-2021-413x1024.jpg 413w, https:\/\/thiant.fr\/wordpress\/wp-content\/uploads\/2021\/05\/liste-centres-vaccination-mai-2021-768x1905.jpg 768w, https:\/\/thiant.fr\/wordpress\/wp-content\/uploads\/2021\/05\/liste-centres-vaccination-mai-2021-619x1536.jpg 619w, https:\/\/thiant.fr\/wordpress\/wp-content\/uploads\/2021\/05\/liste-centres-vaccination-mai-2021-826x2048.jpg 826w\" sizes=\"(max-width: 1032px) 100vw, 1032px\" \/>\t\t\t\t\t\t\t\t<\/a>\n\t\t\t\t\t\t\t\t\t\t\t\t\t\t\t<\/div>\n\t\t\t\t<\/div>\n\t\t\t\t\t<\/div>\n\t\t<\/div>\n\t\t\t\t\t<\/div>\n\t\t<\/section>\n\t\t\t\t<\/div>\n\t\t","protected":false},"excerpt":{"rendered":"<p>POINT DE SITUATION DANS LE NORD DU 7 MAI 2021 1 \u2013 \u00c9lections d\u00e9partementales et r\u00e9gionales : pr\u00e9cisions sur la vaccination des assesseurs En ce qui concerne les prochaines \u00e9ch\u00e9ances \u00e9lectorales (\u00e9lections d\u00e9partementales et r\u00e9gionales), il a \u00e9t\u00e9 demand\u00e9 aux maires de remettre aux membres des bureaux de vote et aux fonctionnaires communaux mobilis\u00e9s le [&hellip;]<\/p>\n","protected":false},"author":1,"featured_media":2615,"comment_status":"closed","ping_status":"closed","sticky":false,"template":"","format":"standard","meta":{"_crdt_document":"","ocean_post_layout":"","ocean_both_sidebars_style":"","ocean_both_sidebars_content_width":0,"ocean_both_sidebars_sidebars_width":0,"ocean_sidebar":"0","ocean_second_sidebar":"0","ocean_disable_margins":"enable","ocean_add_body_class":"","ocean_shortcode_before_top_bar":"","ocean_shortcode_after_top_bar":"","ocean_shortcode_before_header":"","ocean_shortcode_after_header":"","ocean_has_shortcode":"","ocean_shortcode_after_title":"","ocean_shortcode_before_footer_widgets":"","ocean_shortcode_after_footer_widgets":"","ocean_shortcode_before_footer_bottom":"","ocean_shortcode_after_footer_bottom":"","ocean_display_top_bar":"default","ocean_display_header":"default","ocean_header_style":"","ocean_center_header_left_menu":"0","ocean_custom_header_template":"0","ocean_custom_logo":0,"ocean_custom_retina_logo":0,"ocean_custom_logo_max_width":0,"ocean_custom_logo_tablet_max_width":0,"ocean_custom_logo_mobile_max_width":0,"ocean_custom_logo_max_height":0,"ocean_custom_logo_tablet_max_height":0,"ocean_custom_logo_mobile_max_height":0,"ocean_header_custom_menu":"0","ocean_menu_typo_font_family":"0","ocean_menu_typo_font_subset":"","ocean_menu_typo_font_size":0,"ocean_menu_typo_font_size_tablet":0,"ocean_menu_typo_font_size_mobile":0,"ocean_menu_typo_font_size_unit":"px","ocean_menu_typo_font_weight":"","ocean_menu_typo_font_weight_tablet":"","ocean_menu_typo_font_weight_mobile":"","ocean_menu_typo_transform":"","ocean_menu_typo_transform_tablet":"","ocean_menu_typo_transform_mobile":"","ocean_menu_typo_line_height":0,"ocean_menu_typo_line_height_tablet":0,"ocean_menu_typo_line_height_mobile":0,"ocean_menu_typo_line_height_unit":"","ocean_menu_typo_spacing":0,"ocean_menu_typo_spacing_tablet":0,"ocean_menu_typo_spacing_mobile":0,"ocean_menu_typo_spacing_unit":"","ocean_menu_link_color":"","ocean_menu_link_color_hover":"","ocean_menu_link_color_active":"","ocean_menu_link_background":"","ocean_menu_link_hover_background":"","ocean_menu_link_active_background":"","ocean_menu_social_links_bg":"","ocean_menu_social_hover_links_bg":"","ocean_menu_social_links_color":"","ocean_menu_social_hover_links_color":"","ocean_disable_title":"default","ocean_disable_heading":"default","ocean_post_title":"","ocean_post_subheading":"","ocean_post_title_style":"","ocean_post_title_background_color":"","ocean_post_title_background":0,"ocean_post_title_bg_image_position":"","ocean_post_title_bg_image_attachment":"","ocean_post_title_bg_image_repeat":"","ocean_post_title_bg_image_size":"","ocean_post_title_height":0,"ocean_post_title_bg_overlay":0.5,"ocean_post_title_bg_overlay_color":"","ocean_disable_breadcrumbs":"default","ocean_breadcrumbs_color":"","ocean_breadcrumbs_separator_color":"","ocean_breadcrumbs_links_color":"","ocean_breadcrumbs_links_hover_color":"","ocean_display_footer_widgets":"default","ocean_display_footer_bottom":"default","ocean_custom_footer_template":"0","ocean_post_oembed":"","ocean_post_self_hosted_media":"","ocean_post_video_embed":"","ocean_link_format":"","ocean_link_format_target":"self","ocean_quote_format":"","ocean_quote_format_link":"post","ocean_gallery_link_images":"off","ocean_gallery_id":[],"footnotes":""},"categories":[271],"tags":[188,246,507,509,249,511,25],"class_list":["post-2614","post","type-post","status-publish","format-standard","has-post-thumbnail","hentry","category-covid-19","tag-coronavirus","tag-nord","tag-point-situation","tag-prefecture-du-nord","tag-situation","tag-situation-sanitaire","tag-thiant","entry","has-media"],"yoast_head":"<!-- This site is optimized with the Yoast SEO plugin v27.3 - https:\/\/yoast.com\/product\/yoast-seo-wordpress\/ -->\n<title>COVID-19 : Point sur la situation au 7 mai - Ville de Thiant<\/title>\n<meta name=\"description\" content=\"Point sur la situation dans le Nord de la France : liste des centres de vaccination, questions sur la r\u00e9ouverture des ERP... %\" \/>\n<meta name=\"robots\" content=\"index, follow, max-snippet:-1, max-image-preview:large, max-video-preview:-1\" \/>\n<link rel=\"canonical\" href=\"https:\/\/thiant.fr\/wordpress\/covid-19-point-sur-la-situation-au-7-mai\/\" \/>\n<meta property=\"og:locale\" content=\"fr_FR\" \/>\n<meta property=\"og:type\" content=\"article\" \/>\n<meta property=\"og:title\" content=\"COVID-19 : Point sur la situation au 7 mai - Ville de Thiant\" \/>\n<meta property=\"og:description\" content=\"Point sur la situation dans le Nord de la France : liste des centres de vaccination, questions sur la r\u00e9ouverture des ERP... %\" \/>\n<meta property=\"og:url\" content=\"https:\/\/thiant.fr\/wordpress\/covid-19-point-sur-la-situation-au-7-mai\/\" \/>\n<meta property=\"og:site_name\" content=\"Ville de Thiant\" \/>\n<meta property=\"article:published_time\" content=\"2021-05-10T09:59:36+00:00\" \/>\n<meta property=\"article:modified_time\" content=\"2021-05-10T11:18:09+00:00\" \/>\n<meta property=\"og:image\" content=\"https:\/\/thiant.fr\/wordpress\/wp-content\/uploads\/2021\/05\/montage_point-situation-mai-2021.png\" \/>\n\t<meta property=\"og:image:width\" content=\"730\" \/>\n\t<meta property=\"og:image:height\" content=\"374\" \/>\n\t<meta property=\"og:image:type\" content=\"image\/png\" \/>\n<meta name=\"author\" content=\"Service communication\" \/>\n<meta name=\"twitter:card\" content=\"summary_large_image\" \/>\n<meta name=\"twitter:label1\" content=\"\u00c9crit par\" \/>\n\t<meta name=\"twitter:data1\" content=\"Service communication\" \/>\n\t<meta name=\"twitter:label2\" content=\"Dur\u00e9e de lecture estim\u00e9e\" \/>\n\t<meta name=\"twitter:data2\" content=\"3 minutes\" \/>\n<script type=\"application\/ld+json\" class=\"yoast-schema-graph\">{\"@context\":\"https:\\\/\\\/schema.org\",\"@graph\":[{\"@type\":\"Article\",\"@id\":\"https:\\\/\\\/thiant.fr\\\/wordpress\\\/covid-19-point-sur-la-situation-au-7-mai\\\/#article\",\"isPartOf\":{\"@id\":\"https:\\\/\\\/thiant.fr\\\/wordpress\\\/covid-19-point-sur-la-situation-au-7-mai\\\/\"},\"author\":{\"name\":\"Service communication\",\"@id\":\"https:\\\/\\\/thiant.fr\\\/wordpress\\\/#\\\/schema\\\/person\\\/f41122130d18c0720657431d990451c6\"},\"headline\":\"COVID-19 : Point sur la situation au 7 mai\",\"datePublished\":\"2021-05-10T09:59:36+00:00\",\"dateModified\":\"2021-05-10T11:18:09+00:00\",\"mainEntityOfPage\":{\"@id\":\"https:\\\/\\\/thiant.fr\\\/wordpress\\\/covid-19-point-sur-la-situation-au-7-mai\\\/\"},\"wordCount\":504,\"publisher\":{\"@id\":\"https:\\\/\\\/thiant.fr\\\/wordpress\\\/#organization\"},\"image\":{\"@id\":\"https:\\\/\\\/thiant.fr\\\/wordpress\\\/covid-19-point-sur-la-situation-au-7-mai\\\/#primaryimage\"},\"thumbnailUrl\":\"https:\\\/\\\/thiant.fr\\\/wordpress\\\/wp-content\\\/uploads\\\/2021\\\/05\\\/montage_point-situation-mai-2021.png\",\"keywords\":[\"coronavirus\",\"Nord\",\"point situation\",\"pr\u00e9fecture du Nord\",\"situation\",\"situation sanitaire\",\"thiant\"],\"articleSection\":[\"COVID-19\"],\"inLanguage\":\"fr-FR\"},{\"@type\":\"WebPage\",\"@id\":\"https:\\\/\\\/thiant.fr\\\/wordpress\\\/covid-19-point-sur-la-situation-au-7-mai\\\/\",\"url\":\"https:\\\/\\\/thiant.fr\\\/wordpress\\\/covid-19-point-sur-la-situation-au-7-mai\\\/\",\"name\":\"COVID-19 : Point sur la situation au 7 mai - Ville de Thiant\",\"isPartOf\":{\"@id\":\"https:\\\/\\\/thiant.fr\\\/wordpress\\\/#website\"},\"primaryImageOfPage\":{\"@id\":\"https:\\\/\\\/thiant.fr\\\/wordpress\\\/covid-19-point-sur-la-situation-au-7-mai\\\/#primaryimage\"},\"image\":{\"@id\":\"https:\\\/\\\/thiant.fr\\\/wordpress\\\/covid-19-point-sur-la-situation-au-7-mai\\\/#primaryimage\"},\"thumbnailUrl\":\"https:\\\/\\\/thiant.fr\\\/wordpress\\\/wp-content\\\/uploads\\\/2021\\\/05\\\/montage_point-situation-mai-2021.png\",\"datePublished\":\"2021-05-10T09:59:36+00:00\",\"dateModified\":\"2021-05-10T11:18:09+00:00\",\"description\":\"Point sur la situation dans le Nord de la France : liste des centres de vaccination, questions sur la r\u00e9ouverture des ERP... %\",\"breadcrumb\":{\"@id\":\"https:\\\/\\\/thiant.fr\\\/wordpress\\\/covid-19-point-sur-la-situation-au-7-mai\\\/#breadcrumb\"},\"inLanguage\":\"fr-FR\",\"potentialAction\":[{\"@type\":\"ReadAction\",\"target\":[\"https:\\\/\\\/thiant.fr\\\/wordpress\\\/covid-19-point-sur-la-situation-au-7-mai\\\/\"]}]},{\"@type\":\"ImageObject\",\"inLanguage\":\"fr-FR\",\"@id\":\"https:\\\/\\\/thiant.fr\\\/wordpress\\\/covid-19-point-sur-la-situation-au-7-mai\\\/#primaryimage\",\"url\":\"https:\\\/\\\/thiant.fr\\\/wordpress\\\/wp-content\\\/uploads\\\/2021\\\/05\\\/montage_point-situation-mai-2021.png\",\"contentUrl\":\"https:\\\/\\\/thiant.fr\\\/wordpress\\\/wp-content\\\/uploads\\\/2021\\\/05\\\/montage_point-situation-mai-2021.png\",\"width\":730,\"height\":374},{\"@type\":\"BreadcrumbList\",\"@id\":\"https:\\\/\\\/thiant.fr\\\/wordpress\\\/covid-19-point-sur-la-situation-au-7-mai\\\/#breadcrumb\",\"itemListElement\":[{\"@type\":\"ListItem\",\"position\":1,\"name\":\"Accueil\",\"item\":\"https:\\\/\\\/thiant.fr\\\/wordpress\\\/\"},{\"@type\":\"ListItem\",\"position\":2,\"name\":\"COVID-19 : Point sur la situation au 7 mai\"}]},{\"@type\":\"WebSite\",\"@id\":\"https:\\\/\\\/thiant.fr\\\/wordpress\\\/#website\",\"url\":\"https:\\\/\\\/thiant.fr\\\/wordpress\\\/\",\"name\":\"Ville de Thiant\",\"description\":\"Site officiel de la ville de Thiant\",\"publisher\":{\"@id\":\"https:\\\/\\\/thiant.fr\\\/wordpress\\\/#organization\"},\"potentialAction\":[{\"@type\":\"SearchAction\",\"target\":{\"@type\":\"EntryPoint\",\"urlTemplate\":\"https:\\\/\\\/thiant.fr\\\/wordpress\\\/?s={search_term_string}\"},\"query-input\":{\"@type\":\"PropertyValueSpecification\",\"valueRequired\":true,\"valueName\":\"search_term_string\"}}],\"inLanguage\":\"fr-FR\"},{\"@type\":\"Organization\",\"@id\":\"https:\\\/\\\/thiant.fr\\\/wordpress\\\/#organization\",\"name\":\"Ville de Thiant\",\"url\":\"https:\\\/\\\/thiant.fr\\\/wordpress\\\/\",\"logo\":{\"@type\":\"ImageObject\",\"inLanguage\":\"fr-FR\",\"@id\":\"https:\\\/\\\/thiant.fr\\\/wordpress\\\/#\\\/schema\\\/logo\\\/image\\\/\",\"url\":\"https:\\\/\\\/thiant.fr\\\/wordpress\\\/wp-content\\\/uploads\\\/2019\\\/08\\\/Thiant_Illdy_4.png\",\"contentUrl\":\"https:\\\/\\\/thiant.fr\\\/wordpress\\\/wp-content\\\/uploads\\\/2019\\\/08\\\/Thiant_Illdy_4.png\",\"width\":105,\"height\":75,\"caption\":\"Ville de Thiant\"},\"image\":{\"@id\":\"https:\\\/\\\/thiant.fr\\\/wordpress\\\/#\\\/schema\\\/logo\\\/image\\\/\"}},{\"@type\":\"Person\",\"@id\":\"https:\\\/\\\/thiant.fr\\\/wordpress\\\/#\\\/schema\\\/person\\\/f41122130d18c0720657431d990451c6\",\"name\":\"Service communication\",\"image\":{\"@type\":\"ImageObject\",\"inLanguage\":\"fr-FR\",\"@id\":\"https:\\\/\\\/secure.gravatar.com\\\/avatar\\\/527d4f1f1330a82db5a7ea7738ddeb994fd26c4537512a833d99b387808ee250?s=96&r=g\",\"url\":\"https:\\\/\\\/secure.gravatar.com\\\/avatar\\\/527d4f1f1330a82db5a7ea7738ddeb994fd26c4537512a833d99b387808ee250?s=96&r=g\",\"contentUrl\":\"https:\\\/\\\/secure.gravatar.com\\\/avatar\\\/527d4f1f1330a82db5a7ea7738ddeb994fd26c4537512a833d99b387808ee250?s=96&r=g\",\"caption\":\"Service communication\"},\"url\":\"https:\\\/\\\/thiant.fr\\\/wordpress\\\/author\\\/adminwpress\\\/\"}]}<\/script>\n<!-- \/ Yoast SEO plugin. -->","yoast_head_json":{"title":"COVID-19 : Point sur la situation au 7 mai - Ville de Thiant","description":"Point sur la situation dans le Nord de la France : liste des centres de vaccination, questions sur la r\u00e9ouverture des ERP... %","robots":{"index":"index","follow":"follow","max-snippet":"max-snippet:-1","max-image-preview":"max-image-preview:large","max-video-preview":"max-video-preview:-1"},"canonical":"https:\/\/thiant.fr\/wordpress\/covid-19-point-sur-la-situation-au-7-mai\/","og_locale":"fr_FR","og_type":"article","og_title":"COVID-19 : Point sur la situation au 7 mai - Ville de Thiant","og_description":"Point sur la situation dans le Nord de la France : liste des centres de vaccination, questions sur la r\u00e9ouverture des ERP... %","og_url":"https:\/\/thiant.fr\/wordpress\/covid-19-point-sur-la-situation-au-7-mai\/","og_site_name":"Ville de Thiant","article_published_time":"2021-05-10T09:59:36+00:00","article_modified_time":"2021-05-10T11:18:09+00:00","og_image":[{"width":730,"height":374,"url":"https:\/\/thiant.fr\/wordpress\/wp-content\/uploads\/2021\/05\/montage_point-situation-mai-2021.png","type":"image\/png"}],"author":"Service communication","twitter_card":"summary_large_image","twitter_misc":{"\u00c9crit par":"Service communication","Dur\u00e9e de lecture estim\u00e9e":"3 minutes"},"schema":{"@context":"https:\/\/schema.org","@graph":[{"@type":"Article","@id":"https:\/\/thiant.fr\/wordpress\/covid-19-point-sur-la-situation-au-7-mai\/#article","isPartOf":{"@id":"https:\/\/thiant.fr\/wordpress\/covid-19-point-sur-la-situation-au-7-mai\/"},"author":{"name":"Service communication","@id":"https:\/\/thiant.fr\/wordpress\/#\/schema\/person\/f41122130d18c0720657431d990451c6"},"headline":"COVID-19 : Point sur la situation au 7 mai","datePublished":"2021-05-10T09:59:36+00:00","dateModified":"2021-05-10T11:18:09+00:00","mainEntityOfPage":{"@id":"https:\/\/thiant.fr\/wordpress\/covid-19-point-sur-la-situation-au-7-mai\/"},"wordCount":504,"publisher":{"@id":"https:\/\/thiant.fr\/wordpress\/#organization"},"image":{"@id":"https:\/\/thiant.fr\/wordpress\/covid-19-point-sur-la-situation-au-7-mai\/#primaryimage"},"thumbnailUrl":"https:\/\/thiant.fr\/wordpress\/wp-content\/uploads\/2021\/05\/montage_point-situation-mai-2021.png","keywords":["coronavirus","Nord","point situation","pr\u00e9fecture du Nord","situation","situation sanitaire","thiant"],"articleSection":["COVID-19"],"inLanguage":"fr-FR"},{"@type":"WebPage","@id":"https:\/\/thiant.fr\/wordpress\/covid-19-point-sur-la-situation-au-7-mai\/","url":"https:\/\/thiant.fr\/wordpress\/covid-19-point-sur-la-situation-au-7-mai\/","name":"COVID-19 : Point sur la situation au 7 mai - Ville de Thiant","isPartOf":{"@id":"https:\/\/thiant.fr\/wordpress\/#website"},"primaryImageOfPage":{"@id":"https:\/\/thiant.fr\/wordpress\/covid-19-point-sur-la-situation-au-7-mai\/#primaryimage"},"image":{"@id":"https:\/\/thiant.fr\/wordpress\/covid-19-point-sur-la-situation-au-7-mai\/#primaryimage"},"thumbnailUrl":"https:\/\/thiant.fr\/wordpress\/wp-content\/uploads\/2021\/05\/montage_point-situation-mai-2021.png","datePublished":"2021-05-10T09:59:36+00:00","dateModified":"2021-05-10T11:18:09+00:00","description":"Point sur la situation dans le Nord de la France : liste des centres de vaccination, questions sur la r\u00e9ouverture des ERP... %","breadcrumb":{"@id":"https:\/\/thiant.fr\/wordpress\/covid-19-point-sur-la-situation-au-7-mai\/#breadcrumb"},"inLanguage":"fr-FR","potentialAction":[{"@type":"ReadAction","target":["https:\/\/thiant.fr\/wordpress\/covid-19-point-sur-la-situation-au-7-mai\/"]}]},{"@type":"ImageObject","inLanguage":"fr-FR","@id":"https:\/\/thiant.fr\/wordpress\/covid-19-point-sur-la-situation-au-7-mai\/#primaryimage","url":"https:\/\/thiant.fr\/wordpress\/wp-content\/uploads\/2021\/05\/montage_point-situation-mai-2021.png","contentUrl":"https:\/\/thiant.fr\/wordpress\/wp-content\/uploads\/2021\/05\/montage_point-situation-mai-2021.png","width":730,"height":374},{"@type":"BreadcrumbList","@id":"https:\/\/thiant.fr\/wordpress\/covid-19-point-sur-la-situation-au-7-mai\/#breadcrumb","itemListElement":[{"@type":"ListItem","position":1,"name":"Accueil","item":"https:\/\/thiant.fr\/wordpress\/"},{"@type":"ListItem","position":2,"name":"COVID-19 : Point sur la situation au 7 mai"}]},{"@type":"WebSite","@id":"https:\/\/thiant.fr\/wordpress\/#website","url":"https:\/\/thiant.fr\/wordpress\/","name":"Ville de Thiant","description":"Site officiel de la ville de Thiant","publisher":{"@id":"https:\/\/thiant.fr\/wordpress\/#organization"},"potentialAction":[{"@type":"SearchAction","target":{"@type":"EntryPoint","urlTemplate":"https:\/\/thiant.fr\/wordpress\/?s={search_term_string}"},"query-input":{"@type":"PropertyValueSpecification","valueRequired":true,"valueName":"search_term_string"}}],"inLanguage":"fr-FR"},{"@type":"Organization","@id":"https:\/\/thiant.fr\/wordpress\/#organization","name":"Ville de Thiant","url":"https:\/\/thiant.fr\/wordpress\/","logo":{"@type":"ImageObject","inLanguage":"fr-FR","@id":"https:\/\/thiant.fr\/wordpress\/#\/schema\/logo\/image\/","url":"https:\/\/thiant.fr\/wordpress\/wp-content\/uploads\/2019\/08\/Thiant_Illdy_4.png","contentUrl":"https:\/\/thiant.fr\/wordpress\/wp-content\/uploads\/2019\/08\/Thiant_Illdy_4.png","width":105,"height":75,"caption":"Ville de Thiant"},"image":{"@id":"https:\/\/thiant.fr\/wordpress\/#\/schema\/logo\/image\/"}},{"@type":"Person","@id":"https:\/\/thiant.fr\/wordpress\/#\/schema\/person\/f41122130d18c0720657431d990451c6","name":"Service communication","image":{"@type":"ImageObject","inLanguage":"fr-FR","@id":"https:\/\/secure.gravatar.com\/avatar\/527d4f1f1330a82db5a7ea7738ddeb994fd26c4537512a833d99b387808ee250?s=96&r=g","url":"https:\/\/secure.gravatar.com\/avatar\/527d4f1f1330a82db5a7ea7738ddeb994fd26c4537512a833d99b387808ee250?s=96&r=g","contentUrl":"https:\/\/secure.gravatar.com\/avatar\/527d4f1f1330a82db5a7ea7738ddeb994fd26c4537512a833d99b387808ee250?s=96&r=g","caption":"Service communication"},"url":"https:\/\/thiant.fr\/wordpress\/author\/adminwpress\/"}]}},"_links":{"self":[{"href":"https:\/\/thiant.fr\/wordpress\/wp-json\/wp\/v2\/posts\/2614","targetHints":{"allow":["GET"]}}],"collection":[{"href":"https:\/\/thiant.fr\/wordpress\/wp-json\/wp\/v2\/posts"}],"about":[{"href":"https:\/\/thiant.fr\/wordpress\/wp-json\/wp\/v2\/types\/post"}],"author":[{"embeddable":true,"href":"https:\/\/thiant.fr\/wordpress\/wp-json\/wp\/v2\/users\/1"}],"replies":[{"embeddable":true,"href":"https:\/\/thiant.fr\/wordpress\/wp-json\/wp\/v2\/comments?post=2614"}],"version-history":[{"count":0,"href":"https:\/\/thiant.fr\/wordpress\/wp-json\/wp\/v2\/posts\/2614\/revisions"}],"wp:featuredmedia":[{"embeddable":true,"href":"https:\/\/thiant.fr\/wordpress\/wp-json\/wp\/v2\/media\/2615"}],"wp:attachment":[{"href":"https:\/\/thiant.fr\/wordpress\/wp-json\/wp\/v2\/media?parent=2614"}],"wp:term":[{"taxonomy":"category","embeddable":true,"href":"https:\/\/thiant.fr\/wordpress\/wp-json\/wp\/v2\/categories?post=2614"},{"taxonomy":"post_tag","embeddable":true,"href":"https:\/\/thiant.fr\/wordpress\/wp-json\/wp\/v2\/tags?post=2614"}],"curies":[{"name":"wp","href":"https:\/\/api.w.org\/{rel}","templated":true}]}}