{"id":2633,"date":"2021-05-12T13:44:56","date_gmt":"2021-05-12T11:44:56","guid":{"rendered":"https:\/\/thiant.fr\/wordpress\/?p=2633"},"modified":"2021-05-12T15:45:26","modified_gmt":"2021-05-12T13:45:26","slug":"covid-19-point-sur-la-situation-au-11-mai","status":"publish","type":"post","link":"https:\/\/thiant.fr\/wordpress\/covid-19-point-sur-la-situation-au-11-mai\/","title":{"rendered":"COVID-19 : Point sur la situation au 11 mai"},"content":{"rendered":"\t\t<div data-elementor-type=\"wp-post\" data-elementor-id=\"2633\" class=\"elementor elementor-2633\">\n\t\t\t\t\t\t<section class=\"elementor-section elementor-top-section elementor-element elementor-element-38a21b9 elementor-section-boxed elementor-section-height-default elementor-section-height-default\" data-id=\"38a21b9\" data-element_type=\"section\" data-e-type=\"section\">\n\t\t\t\t\t\t<div class=\"elementor-container elementor-column-gap-default\">\n\t\t\t\t\t<div class=\"elementor-column elementor-col-33 elementor-top-column elementor-element elementor-element-bd59622\" data-id=\"bd59622\" data-element_type=\"column\" data-e-type=\"column\">\n\t\t\t<div class=\"elementor-widget-wrap elementor-element-populated\">\n\t\t\t\t\t\t<div class=\"elementor-element elementor-element-947fe28 elementor-widget elementor-widget-image\" data-id=\"947fe28\" data-element_type=\"widget\" data-e-type=\"widget\" data-widget_type=\"image.default\">\n\t\t\t\t<div class=\"elementor-widget-container\">\n\t\t\t\t\t\t\t\t\t\t\t\t\t\t\t<img decoding=\"async\" width=\"134\" height=\"134\" src=\"https:\/\/thiant.fr\/wordpress\/wp-content\/uploads\/2021\/03\/Logo-Prefet-Nord.png\" class=\"attachment-large size-large wp-image-2547\" alt=\"\" \/>\t\t\t\t\t\t\t\t\t\t\t\t\t\t\t<\/div>\n\t\t\t\t<\/div>\n\t\t\t\t\t<\/div>\n\t\t<\/div>\n\t\t\t\t<div class=\"elementor-column elementor-col-66 elementor-top-column elementor-element elementor-element-38ba916\" data-id=\"38ba916\" data-element_type=\"column\" data-e-type=\"column\">\n\t\t\t<div class=\"elementor-widget-wrap elementor-element-populated\">\n\t\t\t\t\t\t<div class=\"elementor-element elementor-element-68baeb3 elementor-widget elementor-widget-text-editor\" data-id=\"68baeb3\" data-element_type=\"widget\" data-e-type=\"widget\" data-widget_type=\"text-editor.default\">\n\t\t\t\t<div class=\"elementor-widget-container\">\n\t\t\t\t\t\t\t\t\t<h3 style=\"text-align: center;\"><span style=\"color: #000080;\">POINT DE SITUATION DANS LE NORD DU 11 MAI 2021<\/span><\/h3><h5><span style=\"color: #008000;\">1 \u2013 F\u00eate religieuse de l\u2019A\u00efd el-Fitr dans le cadre de la gestion de la crise sanitaire<\/span><\/h5><p style=\"padding-left: 40px;\"><span style=\"color: #333333;\">La fin du Ramadan aura lieu ce mercredi 12 mai 2021. Elle correspond \u00e0 la c\u00e9l\u00e9bration de la <\/span><span style=\"color: #333333;\">f\u00eate religieuse musulmane de l\u2019A\u00efd el-Fitr (ou A\u00efd es-Saghir). Elle donne traditionnellement lieu \u00e0 des rassemblements dans les mosqu\u00e9es et dans les lieux privatifs.<\/span><\/p><p style=\"padding-left: 40px;\"><span style=\"color: #333333;\">Compte tenu de la crise sanitaire, ces rassemblements ne seront possibles que dans les<\/span> <span style=\"color: #333333;\">lieux d\u00e9di\u00e9s au culte et dans le strict respect des protocoles sanitaires. Par ailleurs, le couvre-feu sera toujours en vigueur et devra \u00eatre appliqu\u00e9. Aussi :<\/span><br \/><span style=\"color: #333333;\">\u2022 Les jauges d\u2019accueil en vigueur dans les lieux de culte devront \u00eatre respect\u00e9es et <\/span><span style=\"color: #333333;\">aucune d\u00e9rogation ne sera tol\u00e9r\u00e9e ;<br \/><\/span><span style=\"color: #333333;\">\u2022 Aucun \u00e9tablissement recevant du public (ERP) non destin\u00e9 \u00e0 l\u2019exercice du culte ne <\/span><span style=\"color: #333333;\">devra \u00eatre mis \u00e0 disposition ;<br \/><\/span><span style=\"color: #333333;\">\u2022 S\u2019agissant des c\u00e9l\u00e9brations de l\u2019A\u00efd ayant lieu en plein air, il ne sera fait aucune <\/span><span style=\"color: #333333;\">exception aux restrictions s\u2019appliquant aux rassemblements sur l\u2019espace public <\/span><span style=\"color: #333333;\">(jauge et gestes barri\u00e8res). Les collectivit\u00e9s ne pourront donc pas donner une suite <\/span><span style=\"color: #333333;\">favorable aux demandes d\u2019occupation du domaine public qui leur seront adress\u00e9es.<\/span><\/p><h5><span style=\"color: #008000;\">2 &#8211; Tous sur le pont : incitation \u00e0 la vaccination et au d\u00e9pistage dans le Nord<\/span><\/h5><p style=\"padding-left: 40px;\"><span style=\"color: #333333;\">\u00c0 l\u2019amorce du calendrier de r\u00e9ouverture des commerces annonc\u00e9, et en pr\u00e9vision des <\/span><span style=\"color: #333333;\">week-ends prolong\u00e9s \u00e0 venir, synonymes de d\u00e9placements et de retrouvailles, il importe de <\/span><span style=\"color: #333333;\">maintenir la mobilisation collective afin de continuer la dynamique de vaccination.<\/span><\/p><p style=\"padding-left: 40px;\"><span style=\"color: #333333;\">Si la circulation du virus d\u00e9cro\u00eet dans le d\u00e9partement, elle reste \u00e9lev\u00e9e avec un taux <\/span><span style=\"color: #333333;\">d\u2019incidence de 238 cas pour 100 000 habitants au 11 mai 2021. Il convient de ne pas <\/span><span style=\"color: #333333;\">rel\u00e2cher la vigilance !<\/span><\/p><p style=\"padding-left: 40px;\"><strong><span style=\"color: #0000ff;\">\u2022 Vaccination : de nouveaux publics \u00e9ligibles et un nombre de doses disponibles tr\u00e8s cons\u00e9quent<\/span><\/strong><\/p><p style=\"padding-left: 80px;\"><span style=\"color: #333333;\">La vaccination dans le Nord est particuli\u00e8rement dynamique avec 977 193 injections depuis le d\u00e9but de la campagne vaccinale soit 690 491 personnes ayant re\u00e7u au moins une injection et 286 702 personnes pleinement vaccin\u00e9es. Cette vaccination se d\u00e9ploie au travers des <a href=\"https:\/\/www.nord.gouv.fr\/Actualites\/Actualites\/Vaccination-contre-la-Covid-19-dans-le-Nord-43-centres-disponibles-sur-tout-le-territoire\" target=\"_blank\" rel=\"noopener\">43 centres de vaccination d\u00e9di\u00e9s \u00e0 la lutte contre la Covid-19 dans le d\u00e9partement<\/a> mais \u00e9galement via la m\u00e9decine de ville ou encore gr\u00e2ce aux <a href=\"https:\/\/www.nord.gouv.fr\/Actualites\/Actualites\/La-vaccination-se-poursuit-ce-week-end-du-8-et-9-mai\" target=\"_blank\" rel=\"noopener\">centres de vaccination temporaires<\/a>, tr\u00e8s actifs les week-ends.<\/span><\/p><p style=\"padding-left: 80px;\"><span style=\"color: #333333;\">\u00c0 la suite de l\u2019annonce de l\u2019ouverture de la vaccination \u00e0 toutes les personnes de 50 ans, aux 18-54 ans souffrant d\u2019une ou plusieurs des comorbidit\u00e9s, aux 16-17 ans ayant des pathologies \u00e0 tr\u00e8s haut risque et aux femmes enceintes \u00e0 partir du deuxi\u00e8me trimestre de grossesse, <strong>il sera possible d\u00e8s le 12 mai 2021 de prendre rendez-vous pour un cr\u00e9neau qui reste disponible le lendemain dans un centre de vaccination sans crit\u00e8re d\u2019\u00e2ge ni de raison de sant\u00e9.<\/strong> Ces cr\u00e9neaux seront notamment identifiables sur les plateformes <a href=\"https:\/\/www.sante.fr\/cf\/centres-vaccination-covid.html\" target=\"_blank\" rel=\"noopener\">sante.fr<\/a> et <a href=\"https:\/\/vitemadose.covidtracker.fr\/\" target=\"_blank\" rel=\"noopener\">Vite ma dose<\/a><\/span><span style=\"color: #333333;\">.<\/span><\/p><p style=\"padding-left: 80px;\"><span style=\"color: #333333;\">Retrouvez tous les centres de vaccination ouverts dans le d\u00e9partement et leurs modalit\u00e9s de prise de rendez-vous sur :\u00a0<a href=\"https:\/\/www.sante.fr\/cf\/centres-depistage-covid\/departement-59.html\" target=\"_blank\" rel=\"noopener\">www.sante.fr<\/a><\/span><\/p><p style=\"padding-left: 40px;\"><strong><span style=\"color: #0000ff;\">\u2022 D\u00e9pistage : se tester pour prot\u00e9ger ses proches<\/span><\/strong><\/p><p style=\"padding-left: 80px;\"><span style=\"color: #333333;\">Parall\u00e8lement \u00e0 cette action volontariste en faveur de la vaccination, il importe d\u2019encourager la population non vaccin\u00e9e \u00e0 se faire d\u00e9pister, en amont du pont de l\u2019Ascension et des rassemblements familiaux ou amicaux associ\u00e9s. Sympt\u00f4mes ou non, il faut se faire d\u00e9pister !<\/span><\/p><p style=\"padding-left: 80px;\"><span style=\"color: #333333;\">Les d\u00e9pistages sont conseill\u00e9s prioritairement du lundi au mercredi, avant le pont de l\u2019Ascension, mais aussi au retour de ce pont.<\/span><\/p><p style=\"padding-left: 80px;\"><span style=\"color: #333333;\">Retrouvez tous les centres de d\u00e9pistage du d\u00e9partement du Nord sur : <a href=\"https:\/\/www.sante.fr\/cf\/centres-depistage-covid\/departement-59.html\" target=\"_blank\" rel=\"noopener\">www.sante.fr<\/a><\/span><\/p>\t\t\t\t\t\t\t\t<\/div>\n\t\t\t\t<\/div>\n\t\t\t\t\t<\/div>\n\t\t<\/div>\n\t\t\t\t\t<\/div>\n\t\t<\/section>\n\t\t\t\t<\/div>\n\t\t","protected":false},"excerpt":{"rendered":"<p>POINT DE SITUATION DANS LE NORD DU 11 MAI 2021 1 \u2013 F\u00eate religieuse de l\u2019A\u00efd el-Fitr dans le cadre de la gestion de la crise sanitaire La fin du Ramadan aura lieu ce mercredi 12 mai 2021. Elle correspond \u00e0 la c\u00e9l\u00e9bration de la f\u00eate religieuse musulmane de l\u2019A\u00efd el-Fitr (ou A\u00efd es-Saghir). Elle [&hellip;]<\/p>\n","protected":false},"author":1,"featured_media":2634,"comment_status":"closed","ping_status":"closed","sticky":false,"template":"","format":"standard","meta":{"_crdt_document":"","ocean_post_layout":"","ocean_both_sidebars_style":"","ocean_both_sidebars_content_width":0,"ocean_both_sidebars_sidebars_width":0,"ocean_sidebar":"0","ocean_second_sidebar":"0","ocean_disable_margins":"enable","ocean_add_body_class":"","ocean_shortcode_before_top_bar":"","ocean_shortcode_after_top_bar":"","ocean_shortcode_before_header":"","ocean_shortcode_after_header":"","ocean_has_shortcode":"","ocean_shortcode_after_title":"","ocean_shortcode_before_footer_widgets":"","ocean_shortcode_after_footer_widgets":"","ocean_shortcode_before_footer_bottom":"","ocean_shortcode_after_footer_bottom":"","ocean_display_top_bar":"default","ocean_display_header":"default","ocean_header_style":"","ocean_center_header_left_menu":"0","ocean_custom_header_template":"0","ocean_custom_logo":0,"ocean_custom_retina_logo":0,"ocean_custom_logo_max_width":0,"ocean_custom_logo_tablet_max_width":0,"ocean_custom_logo_mobile_max_width":0,"ocean_custom_logo_max_height":0,"ocean_custom_logo_tablet_max_height":0,"ocean_custom_logo_mobile_max_height":0,"ocean_header_custom_menu":"0","ocean_menu_typo_font_family":"0","ocean_menu_typo_font_subset":"","ocean_menu_typo_font_size":0,"ocean_menu_typo_font_size_tablet":0,"ocean_menu_typo_font_size_mobile":0,"ocean_menu_typo_font_size_unit":"px","ocean_menu_typo_font_weight":"","ocean_menu_typo_font_weight_tablet":"","ocean_menu_typo_font_weight_mobile":"","ocean_menu_typo_transform":"","ocean_menu_typo_transform_tablet":"","ocean_menu_typo_transform_mobile":"","ocean_menu_typo_line_height":0,"ocean_menu_typo_line_height_tablet":0,"ocean_menu_typo_line_height_mobile":0,"ocean_menu_typo_line_height_unit":"","ocean_menu_typo_spacing":0,"ocean_menu_typo_spacing_tablet":0,"ocean_menu_typo_spacing_mobile":0,"ocean_menu_typo_spacing_unit":"","ocean_menu_link_color":"","ocean_menu_link_color_hover":"","ocean_menu_link_color_active":"","ocean_menu_link_background":"","ocean_menu_link_hover_background":"","ocean_menu_link_active_background":"","ocean_menu_social_links_bg":"","ocean_menu_social_hover_links_bg":"","ocean_menu_social_links_color":"","ocean_menu_social_hover_links_color":"","ocean_disable_title":"default","ocean_disable_heading":"default","ocean_post_title":"","ocean_post_subheading":"","ocean_post_title_style":"","ocean_post_title_background_color":"","ocean_post_title_background":0,"ocean_post_title_bg_image_position":"","ocean_post_title_bg_image_attachment":"","ocean_post_title_bg_image_repeat":"","ocean_post_title_bg_image_size":"","ocean_post_title_height":0,"ocean_post_title_bg_overlay":0.5,"ocean_post_title_bg_overlay_color":"","ocean_disable_breadcrumbs":"default","ocean_breadcrumbs_color":"","ocean_breadcrumbs_separator_color":"","ocean_breadcrumbs_links_color":"","ocean_breadcrumbs_links_hover_color":"","ocean_display_footer_widgets":"default","ocean_display_footer_bottom":"default","ocean_custom_footer_template":"0","ocean_post_oembed":"","ocean_post_self_hosted_media":"","ocean_post_video_embed":"","ocean_link_format":"","ocean_link_format_target":"self","ocean_quote_format":"","ocean_quote_format_link":"post","ocean_gallery_link_images":"off","ocean_gallery_id":[],"footnotes":""},"categories":[271],"tags":[520,521,188,484,397,246,507,508,509,522,249,511,424],"class_list":["post-2633","post","type-post","status-publish","format-standard","has-post-thumbnail","hentry","category-covid-19","tag-aid-el-fitr","tag-aid-es-saghir","tag-coronavirus","tag-covid","tag-depistage","tag-nord","tag-point-situation","tag-prefecture","tag-prefecture-du-nord","tag-ramadan","tag-situation","tag-situation-sanitaire","tag-vaccination","entry","has-media"],"yoast_head":"<!-- This site is optimized with the Yoast SEO plugin v27.3 - https:\/\/yoast.com\/product\/yoast-seo-wordpress\/ -->\n<title>COVID-19 : Point sur la situation au 11 mai - Ville de Thiant<\/title>\n<meta name=\"description\" content=\"fin du Ramadan : F\u00eate religieuse de l&#039;A\u00efd (el-Fitr ou es-Saghir) et les contraintes sanitaires. Tous sur le pont : vaccination et d\u00e9pistage !\" \/>\n<meta name=\"robots\" content=\"index, follow, max-snippet:-1, max-image-preview:large, max-video-preview:-1\" \/>\n<link rel=\"canonical\" href=\"https:\/\/thiant.fr\/wordpress\/covid-19-point-sur-la-situation-au-11-mai\/\" \/>\n<meta property=\"og:locale\" content=\"fr_FR\" \/>\n<meta property=\"og:type\" content=\"article\" \/>\n<meta property=\"og:title\" content=\"COVID-19 : Point sur la situation au 11 mai - Ville de Thiant\" \/>\n<meta property=\"og:description\" content=\"fin du Ramadan : F\u00eate religieuse de l&#039;A\u00efd (el-Fitr ou es-Saghir) et les contraintes sanitaires. Tous sur le pont : vaccination et d\u00e9pistage !\" \/>\n<meta property=\"og:url\" content=\"https:\/\/thiant.fr\/wordpress\/covid-19-point-sur-la-situation-au-11-mai\/\" \/>\n<meta property=\"og:site_name\" content=\"Ville de Thiant\" \/>\n<meta property=\"article:published_time\" content=\"2021-05-12T11:44:56+00:00\" \/>\n<meta property=\"article:modified_time\" content=\"2021-05-12T13:45:26+00:00\" \/>\n<meta property=\"og:image\" content=\"https:\/\/thiant.fr\/wordpress\/wp-content\/uploads\/2021\/05\/COVID-et-Ramadan-Aid.png\" \/>\n\t<meta property=\"og:image:width\" content=\"730\" \/>\n\t<meta property=\"og:image:height\" content=\"365\" \/>\n\t<meta property=\"og:image:type\" content=\"image\/png\" \/>\n<meta name=\"author\" content=\"Service communication\" \/>\n<meta name=\"twitter:card\" content=\"summary_large_image\" \/>\n<meta name=\"twitter:label1\" content=\"\u00c9crit par\" \/>\n\t<meta name=\"twitter:data1\" content=\"Service communication\" \/>\n\t<meta name=\"twitter:label2\" content=\"Dur\u00e9e de lecture estim\u00e9e\" \/>\n\t<meta name=\"twitter:data2\" content=\"3 minutes\" \/>\n<script type=\"application\/ld+json\" class=\"yoast-schema-graph\">{\"@context\":\"https:\\\/\\\/schema.org\",\"@graph\":[{\"@type\":\"Article\",\"@id\":\"https:\\\/\\\/thiant.fr\\\/wordpress\\\/covid-19-point-sur-la-situation-au-11-mai\\\/#article\",\"isPartOf\":{\"@id\":\"https:\\\/\\\/thiant.fr\\\/wordpress\\\/covid-19-point-sur-la-situation-au-11-mai\\\/\"},\"author\":{\"name\":\"Service communication\",\"@id\":\"https:\\\/\\\/thiant.fr\\\/wordpress\\\/#\\\/schema\\\/person\\\/f41122130d18c0720657431d990451c6\"},\"headline\":\"COVID-19 : Point sur la situation au 11 mai\",\"datePublished\":\"2021-05-12T11:44:56+00:00\",\"dateModified\":\"2021-05-12T13:45:26+00:00\",\"mainEntityOfPage\":{\"@id\":\"https:\\\/\\\/thiant.fr\\\/wordpress\\\/covid-19-point-sur-la-situation-au-11-mai\\\/\"},\"wordCount\":621,\"publisher\":{\"@id\":\"https:\\\/\\\/thiant.fr\\\/wordpress\\\/#organization\"},\"image\":{\"@id\":\"https:\\\/\\\/thiant.fr\\\/wordpress\\\/covid-19-point-sur-la-situation-au-11-mai\\\/#primaryimage\"},\"thumbnailUrl\":\"https:\\\/\\\/thiant.fr\\\/wordpress\\\/wp-content\\\/uploads\\\/2021\\\/05\\\/COVID-et-Ramadan-Aid.png\",\"keywords\":[\"A\u00efd el-Fitr\",\"A\u00efd es-Saghir\",\"coronavirus\",\"COVID\",\"d\u00e9pistage\",\"Nord\",\"point situation\",\"pr\u00e9fecture\",\"pr\u00e9fecture du Nord\",\"Ramadan\",\"situation\",\"situation sanitaire\",\"vaccination\"],\"articleSection\":[\"COVID-19\"],\"inLanguage\":\"fr-FR\"},{\"@type\":\"WebPage\",\"@id\":\"https:\\\/\\\/thiant.fr\\\/wordpress\\\/covid-19-point-sur-la-situation-au-11-mai\\\/\",\"url\":\"https:\\\/\\\/thiant.fr\\\/wordpress\\\/covid-19-point-sur-la-situation-au-11-mai\\\/\",\"name\":\"COVID-19 : Point sur la situation au 11 mai - Ville de Thiant\",\"isPartOf\":{\"@id\":\"https:\\\/\\\/thiant.fr\\\/wordpress\\\/#website\"},\"primaryImageOfPage\":{\"@id\":\"https:\\\/\\\/thiant.fr\\\/wordpress\\\/covid-19-point-sur-la-situation-au-11-mai\\\/#primaryimage\"},\"image\":{\"@id\":\"https:\\\/\\\/thiant.fr\\\/wordpress\\\/covid-19-point-sur-la-situation-au-11-mai\\\/#primaryimage\"},\"thumbnailUrl\":\"https:\\\/\\\/thiant.fr\\\/wordpress\\\/wp-content\\\/uploads\\\/2021\\\/05\\\/COVID-et-Ramadan-Aid.png\",\"datePublished\":\"2021-05-12T11:44:56+00:00\",\"dateModified\":\"2021-05-12T13:45:26+00:00\",\"description\":\"fin du Ramadan : F\u00eate religieuse de l'A\u00efd (el-Fitr ou es-Saghir) et les contraintes sanitaires. Tous sur le pont : vaccination et d\u00e9pistage !\",\"breadcrumb\":{\"@id\":\"https:\\\/\\\/thiant.fr\\\/wordpress\\\/covid-19-point-sur-la-situation-au-11-mai\\\/#breadcrumb\"},\"inLanguage\":\"fr-FR\",\"potentialAction\":[{\"@type\":\"ReadAction\",\"target\":[\"https:\\\/\\\/thiant.fr\\\/wordpress\\\/covid-19-point-sur-la-situation-au-11-mai\\\/\"]}]},{\"@type\":\"ImageObject\",\"inLanguage\":\"fr-FR\",\"@id\":\"https:\\\/\\\/thiant.fr\\\/wordpress\\\/covid-19-point-sur-la-situation-au-11-mai\\\/#primaryimage\",\"url\":\"https:\\\/\\\/thiant.fr\\\/wordpress\\\/wp-content\\\/uploads\\\/2021\\\/05\\\/COVID-et-Ramadan-Aid.png\",\"contentUrl\":\"https:\\\/\\\/thiant.fr\\\/wordpress\\\/wp-content\\\/uploads\\\/2021\\\/05\\\/COVID-et-Ramadan-Aid.png\",\"width\":730,\"height\":365},{\"@type\":\"BreadcrumbList\",\"@id\":\"https:\\\/\\\/thiant.fr\\\/wordpress\\\/covid-19-point-sur-la-situation-au-11-mai\\\/#breadcrumb\",\"itemListElement\":[{\"@type\":\"ListItem\",\"position\":1,\"name\":\"Accueil\",\"item\":\"https:\\\/\\\/thiant.fr\\\/wordpress\\\/\"},{\"@type\":\"ListItem\",\"position\":2,\"name\":\"COVID-19 : Point sur la situation au 11 mai\"}]},{\"@type\":\"WebSite\",\"@id\":\"https:\\\/\\\/thiant.fr\\\/wordpress\\\/#website\",\"url\":\"https:\\\/\\\/thiant.fr\\\/wordpress\\\/\",\"name\":\"Ville de Thiant\",\"description\":\"Site officiel de la ville de Thiant\",\"publisher\":{\"@id\":\"https:\\\/\\\/thiant.fr\\\/wordpress\\\/#organization\"},\"potentialAction\":[{\"@type\":\"SearchAction\",\"target\":{\"@type\":\"EntryPoint\",\"urlTemplate\":\"https:\\\/\\\/thiant.fr\\\/wordpress\\\/?s={search_term_string}\"},\"query-input\":{\"@type\":\"PropertyValueSpecification\",\"valueRequired\":true,\"valueName\":\"search_term_string\"}}],\"inLanguage\":\"fr-FR\"},{\"@type\":\"Organization\",\"@id\":\"https:\\\/\\\/thiant.fr\\\/wordpress\\\/#organization\",\"name\":\"Ville de Thiant\",\"url\":\"https:\\\/\\\/thiant.fr\\\/wordpress\\\/\",\"logo\":{\"@type\":\"ImageObject\",\"inLanguage\":\"fr-FR\",\"@id\":\"https:\\\/\\\/thiant.fr\\\/wordpress\\\/#\\\/schema\\\/logo\\\/image\\\/\",\"url\":\"https:\\\/\\\/thiant.fr\\\/wordpress\\\/wp-content\\\/uploads\\\/2019\\\/08\\\/Thiant_Illdy_4.png\",\"contentUrl\":\"https:\\\/\\\/thiant.fr\\\/wordpress\\\/wp-content\\\/uploads\\\/2019\\\/08\\\/Thiant_Illdy_4.png\",\"width\":105,\"height\":75,\"caption\":\"Ville de Thiant\"},\"image\":{\"@id\":\"https:\\\/\\\/thiant.fr\\\/wordpress\\\/#\\\/schema\\\/logo\\\/image\\\/\"}},{\"@type\":\"Person\",\"@id\":\"https:\\\/\\\/thiant.fr\\\/wordpress\\\/#\\\/schema\\\/person\\\/f41122130d18c0720657431d990451c6\",\"name\":\"Service communication\",\"image\":{\"@type\":\"ImageObject\",\"inLanguage\":\"fr-FR\",\"@id\":\"https:\\\/\\\/secure.gravatar.com\\\/avatar\\\/527d4f1f1330a82db5a7ea7738ddeb994fd26c4537512a833d99b387808ee250?s=96&r=g\",\"url\":\"https:\\\/\\\/secure.gravatar.com\\\/avatar\\\/527d4f1f1330a82db5a7ea7738ddeb994fd26c4537512a833d99b387808ee250?s=96&r=g\",\"contentUrl\":\"https:\\\/\\\/secure.gravatar.com\\\/avatar\\\/527d4f1f1330a82db5a7ea7738ddeb994fd26c4537512a833d99b387808ee250?s=96&r=g\",\"caption\":\"Service communication\"},\"url\":\"https:\\\/\\\/thiant.fr\\\/wordpress\\\/author\\\/adminwpress\\\/\"}]}<\/script>\n<!-- \/ Yoast SEO plugin. -->","yoast_head_json":{"title":"COVID-19 : Point sur la situation au 11 mai - Ville de Thiant","description":"fin du Ramadan : F\u00eate religieuse de l'A\u00efd (el-Fitr ou es-Saghir) et les contraintes sanitaires. Tous sur le pont : vaccination et d\u00e9pistage !","robots":{"index":"index","follow":"follow","max-snippet":"max-snippet:-1","max-image-preview":"max-image-preview:large","max-video-preview":"max-video-preview:-1"},"canonical":"https:\/\/thiant.fr\/wordpress\/covid-19-point-sur-la-situation-au-11-mai\/","og_locale":"fr_FR","og_type":"article","og_title":"COVID-19 : Point sur la situation au 11 mai - Ville de Thiant","og_description":"fin du Ramadan : F\u00eate religieuse de l'A\u00efd (el-Fitr ou es-Saghir) et les contraintes sanitaires. Tous sur le pont : vaccination et d\u00e9pistage !","og_url":"https:\/\/thiant.fr\/wordpress\/covid-19-point-sur-la-situation-au-11-mai\/","og_site_name":"Ville de Thiant","article_published_time":"2021-05-12T11:44:56+00:00","article_modified_time":"2021-05-12T13:45:26+00:00","og_image":[{"width":730,"height":365,"url":"https:\/\/thiant.fr\/wordpress\/wp-content\/uploads\/2021\/05\/COVID-et-Ramadan-Aid.png","type":"image\/png"}],"author":"Service communication","twitter_card":"summary_large_image","twitter_misc":{"\u00c9crit par":"Service communication","Dur\u00e9e de lecture estim\u00e9e":"3 minutes"},"schema":{"@context":"https:\/\/schema.org","@graph":[{"@type":"Article","@id":"https:\/\/thiant.fr\/wordpress\/covid-19-point-sur-la-situation-au-11-mai\/#article","isPartOf":{"@id":"https:\/\/thiant.fr\/wordpress\/covid-19-point-sur-la-situation-au-11-mai\/"},"author":{"name":"Service communication","@id":"https:\/\/thiant.fr\/wordpress\/#\/schema\/person\/f41122130d18c0720657431d990451c6"},"headline":"COVID-19 : Point sur la situation au 11 mai","datePublished":"2021-05-12T11:44:56+00:00","dateModified":"2021-05-12T13:45:26+00:00","mainEntityOfPage":{"@id":"https:\/\/thiant.fr\/wordpress\/covid-19-point-sur-la-situation-au-11-mai\/"},"wordCount":621,"publisher":{"@id":"https:\/\/thiant.fr\/wordpress\/#organization"},"image":{"@id":"https:\/\/thiant.fr\/wordpress\/covid-19-point-sur-la-situation-au-11-mai\/#primaryimage"},"thumbnailUrl":"https:\/\/thiant.fr\/wordpress\/wp-content\/uploads\/2021\/05\/COVID-et-Ramadan-Aid.png","keywords":["A\u00efd el-Fitr","A\u00efd es-Saghir","coronavirus","COVID","d\u00e9pistage","Nord","point situation","pr\u00e9fecture","pr\u00e9fecture du Nord","Ramadan","situation","situation sanitaire","vaccination"],"articleSection":["COVID-19"],"inLanguage":"fr-FR"},{"@type":"WebPage","@id":"https:\/\/thiant.fr\/wordpress\/covid-19-point-sur-la-situation-au-11-mai\/","url":"https:\/\/thiant.fr\/wordpress\/covid-19-point-sur-la-situation-au-11-mai\/","name":"COVID-19 : Point sur la situation au 11 mai - Ville de Thiant","isPartOf":{"@id":"https:\/\/thiant.fr\/wordpress\/#website"},"primaryImageOfPage":{"@id":"https:\/\/thiant.fr\/wordpress\/covid-19-point-sur-la-situation-au-11-mai\/#primaryimage"},"image":{"@id":"https:\/\/thiant.fr\/wordpress\/covid-19-point-sur-la-situation-au-11-mai\/#primaryimage"},"thumbnailUrl":"https:\/\/thiant.fr\/wordpress\/wp-content\/uploads\/2021\/05\/COVID-et-Ramadan-Aid.png","datePublished":"2021-05-12T11:44:56+00:00","dateModified":"2021-05-12T13:45:26+00:00","description":"fin du Ramadan : F\u00eate religieuse de l'A\u00efd (el-Fitr ou es-Saghir) et les contraintes sanitaires. Tous sur le pont : vaccination et d\u00e9pistage !","breadcrumb":{"@id":"https:\/\/thiant.fr\/wordpress\/covid-19-point-sur-la-situation-au-11-mai\/#breadcrumb"},"inLanguage":"fr-FR","potentialAction":[{"@type":"ReadAction","target":["https:\/\/thiant.fr\/wordpress\/covid-19-point-sur-la-situation-au-11-mai\/"]}]},{"@type":"ImageObject","inLanguage":"fr-FR","@id":"https:\/\/thiant.fr\/wordpress\/covid-19-point-sur-la-situation-au-11-mai\/#primaryimage","url":"https:\/\/thiant.fr\/wordpress\/wp-content\/uploads\/2021\/05\/COVID-et-Ramadan-Aid.png","contentUrl":"https:\/\/thiant.fr\/wordpress\/wp-content\/uploads\/2021\/05\/COVID-et-Ramadan-Aid.png","width":730,"height":365},{"@type":"BreadcrumbList","@id":"https:\/\/thiant.fr\/wordpress\/covid-19-point-sur-la-situation-au-11-mai\/#breadcrumb","itemListElement":[{"@type":"ListItem","position":1,"name":"Accueil","item":"https:\/\/thiant.fr\/wordpress\/"},{"@type":"ListItem","position":2,"name":"COVID-19 : Point sur la situation au 11 mai"}]},{"@type":"WebSite","@id":"https:\/\/thiant.fr\/wordpress\/#website","url":"https:\/\/thiant.fr\/wordpress\/","name":"Ville de Thiant","description":"Site officiel de la ville de Thiant","publisher":{"@id":"https:\/\/thiant.fr\/wordpress\/#organization"},"potentialAction":[{"@type":"SearchAction","target":{"@type":"EntryPoint","urlTemplate":"https:\/\/thiant.fr\/wordpress\/?s={search_term_string}"},"query-input":{"@type":"PropertyValueSpecification","valueRequired":true,"valueName":"search_term_string"}}],"inLanguage":"fr-FR"},{"@type":"Organization","@id":"https:\/\/thiant.fr\/wordpress\/#organization","name":"Ville de Thiant","url":"https:\/\/thiant.fr\/wordpress\/","logo":{"@type":"ImageObject","inLanguage":"fr-FR","@id":"https:\/\/thiant.fr\/wordpress\/#\/schema\/logo\/image\/","url":"https:\/\/thiant.fr\/wordpress\/wp-content\/uploads\/2019\/08\/Thiant_Illdy_4.png","contentUrl":"https:\/\/thiant.fr\/wordpress\/wp-content\/uploads\/2019\/08\/Thiant_Illdy_4.png","width":105,"height":75,"caption":"Ville de Thiant"},"image":{"@id":"https:\/\/thiant.fr\/wordpress\/#\/schema\/logo\/image\/"}},{"@type":"Person","@id":"https:\/\/thiant.fr\/wordpress\/#\/schema\/person\/f41122130d18c0720657431d990451c6","name":"Service communication","image":{"@type":"ImageObject","inLanguage":"fr-FR","@id":"https:\/\/secure.gravatar.com\/avatar\/527d4f1f1330a82db5a7ea7738ddeb994fd26c4537512a833d99b387808ee250?s=96&r=g","url":"https:\/\/secure.gravatar.com\/avatar\/527d4f1f1330a82db5a7ea7738ddeb994fd26c4537512a833d99b387808ee250?s=96&r=g","contentUrl":"https:\/\/secure.gravatar.com\/avatar\/527d4f1f1330a82db5a7ea7738ddeb994fd26c4537512a833d99b387808ee250?s=96&r=g","caption":"Service communication"},"url":"https:\/\/thiant.fr\/wordpress\/author\/adminwpress\/"}]}},"_links":{"self":[{"href":"https:\/\/thiant.fr\/wordpress\/wp-json\/wp\/v2\/posts\/2633","targetHints":{"allow":["GET"]}}],"collection":[{"href":"https:\/\/thiant.fr\/wordpress\/wp-json\/wp\/v2\/posts"}],"about":[{"href":"https:\/\/thiant.fr\/wordpress\/wp-json\/wp\/v2\/types\/post"}],"author":[{"embeddable":true,"href":"https:\/\/thiant.fr\/wordpress\/wp-json\/wp\/v2\/users\/1"}],"replies":[{"embeddable":true,"href":"https:\/\/thiant.fr\/wordpress\/wp-json\/wp\/v2\/comments?post=2633"}],"version-history":[{"count":0,"href":"https:\/\/thiant.fr\/wordpress\/wp-json\/wp\/v2\/posts\/2633\/revisions"}],"wp:featuredmedia":[{"embeddable":true,"href":"https:\/\/thiant.fr\/wordpress\/wp-json\/wp\/v2\/media\/2634"}],"wp:attachment":[{"href":"https:\/\/thiant.fr\/wordpress\/wp-json\/wp\/v2\/media?parent=2633"}],"wp:term":[{"taxonomy":"category","embeddable":true,"href":"https:\/\/thiant.fr\/wordpress\/wp-json\/wp\/v2\/categories?post=2633"},{"taxonomy":"post_tag","embeddable":true,"href":"https:\/\/thiant.fr\/wordpress\/wp-json\/wp\/v2\/tags?post=2633"}],"curies":[{"name":"wp","href":"https:\/\/api.w.org\/{rel}","templated":true}]}}