{"id":2742,"date":"2021-05-21T16:34:49","date_gmt":"2021-05-21T14:34:49","guid":{"rendered":"https:\/\/thiant.fr\/wordpress\/?p=2742"},"modified":"2021-05-21T16:44:59","modified_gmt":"2021-05-21T14:44:59","slug":"covid-19-point-sur-la-situation-au-21-mai","status":"publish","type":"post","link":"https:\/\/thiant.fr\/wordpress\/covid-19-point-sur-la-situation-au-21-mai\/","title":{"rendered":"COVID-19 : Point sur la situation au 21 mai"},"content":{"rendered":"\t\t<div data-elementor-type=\"wp-post\" data-elementor-id=\"2742\" class=\"elementor elementor-2742\">\n\t\t\t\t\t\t<section class=\"elementor-section elementor-top-section elementor-element elementor-element-d0bacea elementor-section-boxed elementor-section-height-default elementor-section-height-default\" data-id=\"d0bacea\" data-element_type=\"section\" data-e-type=\"section\">\n\t\t\t\t\t\t<div class=\"elementor-container elementor-column-gap-default\">\n\t\t\t\t\t<div class=\"elementor-column elementor-col-33 elementor-top-column elementor-element elementor-element-c2c78f4\" data-id=\"c2c78f4\" data-element_type=\"column\" data-e-type=\"column\">\n\t\t\t<div class=\"elementor-widget-wrap elementor-element-populated\">\n\t\t\t\t\t\t<div class=\"elementor-element elementor-element-012c29a elementor-widget elementor-widget-image\" data-id=\"012c29a\" data-element_type=\"widget\" data-e-type=\"widget\" data-widget_type=\"image.default\">\n\t\t\t\t<div class=\"elementor-widget-container\">\n\t\t\t\t\t\t\t\t\t\t\t\t\t\t\t<img decoding=\"async\" width=\"134\" height=\"134\" src=\"https:\/\/thiant.fr\/wordpress\/wp-content\/uploads\/2021\/03\/Logo-Prefet-Nord.png\" class=\"attachment-large size-large wp-image-2547\" alt=\"\" \/>\t\t\t\t\t\t\t\t\t\t\t\t\t\t\t<\/div>\n\t\t\t\t<\/div>\n\t\t\t\t\t<\/div>\n\t\t<\/div>\n\t\t\t\t<div class=\"elementor-column elementor-col-66 elementor-top-column elementor-element elementor-element-2102db4\" data-id=\"2102db4\" data-element_type=\"column\" data-e-type=\"column\">\n\t\t\t<div class=\"elementor-widget-wrap elementor-element-populated\">\n\t\t\t\t\t\t<div class=\"elementor-element elementor-element-cd08430 elementor-widget elementor-widget-text-editor\" data-id=\"cd08430\" data-element_type=\"widget\" data-e-type=\"widget\" data-widget_type=\"text-editor.default\">\n\t\t\t\t<div class=\"elementor-widget-container\">\n\t\t\t\t\t\t\t\t\t<h3 style=\"text-align: center;\"><span style=\"color: #0000ff;\">Point de situation dans le Nord du 21 mai 2021<\/span><\/h3><h4><span style=\"color: #000080;\">1- Limitation des rassemblements dans l\u2019espace public<\/span><\/h4><p style=\"padding-left: 40px;\"><span style=\"color: #333333;\">Depuis le 19 mai, la limitation des rassemblements dans l\u2019espace public passera de 6 \u00e0 10 personnes, et ce jusqu\u2019au 30 juin.<\/span><\/p><p style=\"padding-left: 40px;\"><span style=\"color: #333333;\">Ne sont pas soumis \u00e0 cette jauge :<\/span><\/p><p style=\"padding-left: 40px;\"><span style=\"color: #333333;\">1\u00b0 Les rassemblements, r\u00e9unions ou activit\u00e9s \u00e0 caract\u00e8re professionnel ;<\/span><br \/><span style=\"color: #333333;\">2\u00b0 Les services de transport de voyageurs ;<\/span><br \/><span style=\"color: #333333;\">3\u00b0 Les \u00e9tablissements recevant du public dans lesquels l&#8217;accueil du public n&#8217;est pas <\/span><span style=\"color: #333333;\">interdit en application du pr\u00e9sent d\u00e9cret ;<\/span><br \/><span style=\"color: #333333;\">4\u00b0 Les c\u00e9r\u00e9monies fun\u00e9raires organis\u00e9es hors des \u00e9tablissements recevant du public <\/span><span style=\"color: #333333;\">dans la limite de 50 personnes ;<\/span><br \/><span style=\"color: #333333;\">5\u00b0 Les c\u00e9r\u00e9monies publiques (hommages, comm\u00e9morations\u2026) ;<\/span><br \/><span style=\"color: #333333;\">6\u00b0 Les visites guid\u00e9es organis\u00e9es par des personnes titulaires d&#8217;une carte professionnelle ;<\/span><br \/><span style=\"color: #333333;\">7\u00b0 Les comp\u00e9titions et manifestations sportives soumises \u00e0 une proc\u00e9dure<\/span><br \/><span style=\"color: #333333;\">d&#8217;autorisation ou de d\u00e9claration, dans la limite, pour les comp\u00e9titions qui ne sont <\/span><span style=\"color: #333333;\">pas organis\u00e9es au b\u00e9n\u00e9fice des sportifs professionnels ou de haut niveau, de 50 <\/span><span style=\"color: #333333;\">sportifs par \u00e9preuve ;<\/span><br \/><span style=\"color: #333333;\">8\u00b0 Les \u00e9v\u00e8nements accueillant du public assis, dans la limite de 1 000 personnes, <\/span><span style=\"color: #333333;\">organis\u00e9s sur la voie publique ou dans un lieu ouvert au public. Une distance <\/span><span style=\"color: #333333;\">minimale d&#8217;un si\u00e8ge est laiss\u00e9e entre les si\u00e8ges occup\u00e9s par chaque personne ou <\/span><span style=\"color: #333333;\">chaque groupe jusqu&#8217;\u00e0 six personnes venant ensemble ou ayant r\u00e9serv\u00e9 ensemble.<\/span><\/p><h4><span style=\"color: #000080;\">2 \u2013 R\u00e8gles applicables aux commerces, bars et restaurants<\/span><\/h4><p style=\"padding-left: 40px;\"><strong><span style=\"color: #333333;\">\u2022 Les jauges dans les commerces<\/span><\/strong><\/p><p style=\"padding-left: 40px;\"><span style=\"color: #333333;\">Les commerces dont les grandes surfaces commerciales de plus de 10 000m\u00b2 ont rouvert <\/span><span style=\"color: #333333;\">leurs portes ce 19 mai. La jauge \u00e0 respecter est de 8m\u00b2 par client, puis de 4m\u00b2 \u00e0 partir du <\/span><span style=\"color: #333333;\">9 juin. Les jauges dispara\u00eetront le 30 juin.<\/span><\/p><p style=\"padding-left: 40px;\"><span style=\"color: #333333;\">Dans les commerces de moins de 8m\u00b2, un seul client est admissible \u00e0 la fois.<\/span><\/p><p style=\"padding-left: 40px;\"><span style=\"color: #333333;\">La capacit\u00e9 d\u2019accueil doit toujours \u00eatre affich\u00e9e.<\/span><\/p><p style=\"padding-left: 40px;\"><strong><span style=\"color: #333333;\">\u2022 Les jauges applicables aux bars et restaurants<\/span><\/strong><\/p><p style=\"padding-left: 40px;\"><span style=\"color: #333333;\">Depuis le 19 mai, les terrasses des caf\u00e9s, bars et restaurants peuvent rouvrir avec une jauge <\/span><span style=\"color: #333333;\">de 50%. Les salles int\u00e9rieures restent ferm\u00e9es.<\/span><\/p><p style=\"padding-left: 40px;\"><span style=\"color: #008000;\"><strong><em>Comment calculer la jauge de 50 % pour les terrasses ?<\/em><\/strong><\/span><br \/><span style=\"color: #008000;\">Le r\u00e8glement de s\u00e9curit\u00e9 contre les risques d\u2019incendie et de panique dans les \u00e9tablissements recevant du public (ERP) fixe un effectif maximal de public admissible au sein de l\u2019\u00e9tablissement. Cette limite est transpos\u00e9e aux terrasses pour fixer leurs capacit\u00e9s d\u2019accueil. <\/span><\/p><p style=\"padding-left: 40px;\"><span style=\"color: #008000;\">La surface de r\u00e9f\u00e9rence pour le calcul de la jauge d\u2019une terrasse est <span style=\"text-decoration: underline;\">soit celle pr\u00e9vue dans le titre d\u2019occupation domaniale<\/span> soit celle r\u00e9sultant <span style=\"text-decoration: underline;\">de la mesure du p\u00e9rim\u00e8tre de la terrasse d\u00e9termin\u00e9 de la mani\u00e8re suivante<\/span> : <strong>addition des surfaces de la voirie occup\u00e9e par les tables et les chaises, des all\u00e9es de circulation et du trottoir devant le restaurant.<\/strong><\/span><\/p><p style=\"padding-left: 40px;\"><span style=\"color: #333333;\">Pour les petites terrasses de moins de dix tables, le restaurateur peut ouvrir sa terrasse \u00e0<\/span> <span style=\"color: #333333;\">100 % en installant une s\u00e9paration visant \u00e0 pr\u00e9venir les projections entre les tables, au <\/span><span style=\"color: #333333;\">moyen par exemple d\u2019une paroi, d\u2019un panneau, d\u2019un paravent, d\u2019une jardini\u00e8re, \u00e0 hauteur <\/span><span style=\"color: #333333;\">de la personne assise. Cette facult\u00e9 permet de garantir le respect des gestes barri\u00e8res sans <\/span><span style=\"color: #333333;\">avoir \u00e0 organiser la terrasse selon les r\u00e8gles relatives \u00e0 la capacit\u00e9 ERP ou \u00e0 pr\u00e9voir une <\/span><span style=\"color: #333333;\">distance entre les tables.<\/span><\/p><p style=\"padding-left: 40px;\"><span style=\"color: #333333;\">La demande d\u2019installation ou d\u2019extension de terrasses sur le domaine public communal <\/span><span style=\"color: #333333;\">rel\u00e8ve de la comp\u00e9tence des maires. Il appartient aux commer\u00e7ants de se rapprocher des <\/span><span style=\"color: #333333;\">services municipaux pour obtenir une telle autorisation.<\/span><\/p><p style=\"padding-left: 40px;\"><span style=\"color: #333333;\">Les services et consommations au comptoir restent interdits dans les bars jusqu\u2019\u00e0 nouvel <\/span><span style=\"color: #333333;\">ordre.<\/span><\/p><p style=\"padding-left: 40px;\"><span style=\"color: #333333;\">A partir du 9 juin, les terrasses accueilleront des clients \u00e0 100% de leur capacit\u00e9 d\u2019accueil et <\/span><span style=\"color: #333333;\">les salles int\u00e9rieures des caf\u00e9s, bars et restaurants pourront ouvrir avec une jauge de 50%.<\/span><\/p><p style=\"padding-left: 40px;\"><span style=\"color: #333333;\">Les clients ne pourront \u00eatre qu\u2019assis.<\/span><\/p><p style=\"padding-left: 40px;\"><span style=\"color: #333333;\">Les restaurants et bars pourront ouvrir \u00e0 100% \u00e0 partir du 30 juin.<\/span><br \/><span style=\"color: #333333;\">Retrouvez sur le lien suivant toutes les r\u00e8gles applicables aux \u00e9tablissements recevant du <\/span><span style=\"color: #333333;\">public :<\/span><\/p><p style=\"padding-left: 80px;\"><span style=\"color: #333333;\">\u2714 bars et restaurants :<\/span><br \/><a href=\"https:\/\/www.economie.gouv.fr\/files\/files\/directions_services\/covid19-soutien-entreprises\/Protocole-sanitaire-renforce-secteur--HCR.pdf\" target=\"_blank\" rel=\"noopener\">https:\/\/www.economie.gouv.fr\/files\/files\/directions_services\/covid19-soutienentreprises\/Protocole-sanitaire-renforce-secteur&#8211;HCR.pdf<\/a><\/p><p style=\"padding-left: 80px;\"><span style=\"color: #333333;\">\u2714 commerces :<\/span><br \/><a href=\"https:\/\/www.economie.gouv.fr\/commerce-conditions-reouverture\" target=\"_blank\" rel=\"noopener\">http:\/\/www.economie.gouv.fr\/commerce-conditions-reouverture<\/a><\/p><p style=\"padding-left: 40px;\"><span style=\"color: #333333;\">Retrouvez la synth\u00e8se des r\u00e8gles applicables aux \u00e9tablissements recevant du public sur <a href=\"http:\/\/www.economie.gouv.fr\/commerce-conditions-reouverture\" target=\"_blank\" rel=\"noopener\">le site Internet de la pr\u00e9fecture<\/a>.<\/span><\/p><h4><span style=\"color: #000080;\">3 &#8211; Nouvelles conditions d\u2019organisation des accueils collectifs de mineurs<\/span><\/h4><p style=\"padding-left: 40px;\"><span style=\"color: #333333;\">Depuis le 19 mai, les accueils de jeunes, les accueils de scoutisme sans h\u00e9bergement et les <\/span><span style=\"color: #333333;\">accueils de loisirs extrascolaires sont autoris\u00e9s \u00e0 accueillir leur public (les accueils de loisirs <\/span><span style=\"color: #333333;\">p\u00e9riscolaires d\u2019ores et d\u00e9j\u00e0 autoris\u00e9s \u00e0 accueillir leur public habituel peuvent, bien entendu, <\/span><span style=\"color: #333333;\">continuer \u00e0 fonctionner).<\/span><\/p><p style=\"padding-left: 40px;\"><span style=\"color: #333333;\">Les activit\u00e9s physiques et sportives pratiqu\u00e9es dans les accueils susmentionn\u00e9s peuvent se<\/span> <span style=\"color: #333333;\">d\u00e9rouler en plein air ainsi que dans les \u00e9tablissements sportifs couverts.<\/span><\/p><p style=\"padding-left: 40px;\"><span style=\"color: #333333;\">En outre, au regard de l\u2019am\u00e9lioration de la situation sanitaire, l\u2019organisation des sessions <\/span><span style=\"color: #333333;\">th\u00e9oriques pr\u00e9parant \u00e0 la d\u00e9livrance des brevets d\u2019aptitude aux fonctions d\u2019animateur <\/span><span style=\"color: #333333;\">(BAFA) et de directeur (BAFD) en accueils collectifs de mineurs, sur ce point, peuvent <\/span><span style=\"color: #333333;\">reprendre en pr\u00e9sentiel lorsqu&#8217;elles ne peuvent \u00eatre effectu\u00e9es \u00e0 distance.<\/span><\/p><p style=\"padding-left: 40px;\"><span style=\"color: #333333;\">Le protocole sanitaire applicable au d\u00e9roulement de ces sessions, valid\u00e9 par les autorit\u00e9s <\/span><span style=\"color: #333333;\">comp\u00e9tentes, vous sera communiqu\u00e9 tr\u00e8s rapidement.<\/span><\/p><h4><span style=\"color: #000080;\">4 &#8211; Information sur les trains touristiques<\/span><\/h4><p style=\"padding-left: 40px;\"><span style=\"color: #333333;\">Les trains touristiques peuvent rouler \u00e0 nouveau, mais avec une jauge de 50 % de la capacit\u00e9 <\/span><span style=\"color: #333333;\">d\u2019accueil sauf groupes familiaux constitu\u00e9s jusqu\u2019au 9 juin puis de 65 % jusqu\u2019au 30 juin, date \u00e0 <\/span><span style=\"color: #333333;\">laquelle la jauge sera lev\u00e9e.<\/span><\/p><h4><span style=\"color: #000080;\">5- Pr\u00e9cisions sur le fonctionnement des conseils municipaux pendant la crise<\/span><\/h4><p style=\"padding-left: 40px;\"><span style=\"color: #333333;\">Vous \u00eates nombreux \u00e0 poser des questions concernant l\u2019organisation des conseils<\/span> <span style=\"color: #333333;\">municipaux en cette p\u00e9riode de crise sanitaire. Retrouvez ci-joint un document <\/span><span style=\"color: #333333;\">synth\u00e9tique pr\u00e9sentant vos diff\u00e9rentes possibilit\u00e9s et obligations.<\/span><br \/><span style=\"color: #333333;\">Ce document est \u00e9galement disponible <a href=\"https:\/\/www.nord.gouv.fr\/content\/download\/74978\/460386\/file\/Iconographie%20fonctionnement%20conseils%20municipaux%20covid19.pdf\" target=\"_blank\" rel=\"noopener\">le site Internet de la pr\u00e9fecture<\/a>.<\/span><\/p>\t\t\t\t\t\t\t\t<\/div>\n\t\t\t\t<\/div>\n\t\t\t\t\t<\/div>\n\t\t<\/div>\n\t\t\t\t\t<\/div>\n\t\t<\/section>\n\t\t\t\t<section class=\"elementor-section elementor-top-section elementor-element elementor-element-c3aedea elementor-section-boxed elementor-section-height-default elementor-section-height-default\" data-id=\"c3aedea\" data-element_type=\"section\" data-e-type=\"section\">\n\t\t\t\t\t\t<div class=\"elementor-container elementor-column-gap-default\">\n\t\t\t\t\t<div class=\"elementor-column elementor-col-100 elementor-top-column elementor-element elementor-element-09a73ed\" data-id=\"09a73ed\" data-element_type=\"column\" data-e-type=\"column\">\n\t\t\t<div class=\"elementor-widget-wrap elementor-element-populated\">\n\t\t\t\t\t\t<div class=\"elementor-element elementor-element-abaed7d elementor-widget elementor-widget-text-editor\" data-id=\"abaed7d\" data-element_type=\"widget\" data-e-type=\"widget\" data-widget_type=\"text-editor.default\">\n\t\t\t\t<div class=\"elementor-widget-container\">\n\t\t\t\t\t\t\t\t\t<h4><span style=\"color: #0000ff;\">Arr\u00eat\u00e9s Pr\u00e9fectoraux du 21 mai 2021 :<\/span><\/h4><p style=\"text-align: center;\"><a href=\"https:\/\/thiant.fr\/wordpress\/documents_ext\/COVID-19\/210521-2-Centres_Vaccinations-Temporaires-59.pdf\" target=\"_blank\" rel=\"noopener\">210521-2-Centres_Vaccinations-Temporaires-59.pdf<\/a><\/p><p style=\"text-align: center;\"><a href=\"https:\/\/thiant.fr\/wordpress\/documents_ext\/COVID-19\/210521-3-Interdiction_vente_alcool_emporter-59.pdf\" target=\"_blank\" rel=\"noopener\">210521-3-Interdiction_vente_alcool_emporter-59.pdf<\/a><\/p>\t\t\t\t\t\t\t\t<\/div>\n\t\t\t\t<\/div>\n\t\t\t\t\t<\/div>\n\t\t<\/div>\n\t\t\t\t\t<\/div>\n\t\t<\/section>\n\t\t\t\t<\/div>\n\t\t","protected":false},"excerpt":{"rendered":"<p>Point de situation dans le Nord du 21 mai 2021 1- Limitation des rassemblements dans l\u2019espace public Depuis le 19 mai, la limitation des rassemblements dans l\u2019espace public passera de 6 \u00e0 10 personnes, et ce jusqu\u2019au 30 juin. Ne sont pas soumis \u00e0 cette jauge : 1\u00b0 Les rassemblements, r\u00e9unions ou activit\u00e9s \u00e0 caract\u00e8re [&hellip;]<\/p>\n","protected":false},"author":1,"featured_media":2743,"comment_status":"closed","ping_status":"closed","sticky":false,"template":"","format":"standard","meta":{"_crdt_document":"","ocean_post_layout":"","ocean_both_sidebars_style":"","ocean_both_sidebars_content_width":0,"ocean_both_sidebars_sidebars_width":0,"ocean_sidebar":"0","ocean_second_sidebar":"0","ocean_disable_margins":"enable","ocean_add_body_class":"","ocean_shortcode_before_top_bar":"","ocean_shortcode_after_top_bar":"","ocean_shortcode_before_header":"","ocean_shortcode_after_header":"","ocean_has_shortcode":"","ocean_shortcode_after_title":"","ocean_shortcode_before_footer_widgets":"","ocean_shortcode_after_footer_widgets":"","ocean_shortcode_before_footer_bottom":"","ocean_shortcode_after_footer_bottom":"","ocean_display_top_bar":"default","ocean_display_header":"default","ocean_header_style":"","ocean_center_header_left_menu":"0","ocean_custom_header_template":"0","ocean_custom_logo":0,"ocean_custom_retina_logo":0,"ocean_custom_logo_max_width":0,"ocean_custom_logo_tablet_max_width":0,"ocean_custom_logo_mobile_max_width":0,"ocean_custom_logo_max_height":0,"ocean_custom_logo_tablet_max_height":0,"ocean_custom_logo_mobile_max_height":0,"ocean_header_custom_menu":"0","ocean_menu_typo_font_family":"0","ocean_menu_typo_font_subset":"","ocean_menu_typo_font_size":0,"ocean_menu_typo_font_size_tablet":0,"ocean_menu_typo_font_size_mobile":0,"ocean_menu_typo_font_size_unit":"px","ocean_menu_typo_font_weight":"","ocean_menu_typo_font_weight_tablet":"","ocean_menu_typo_font_weight_mobile":"","ocean_menu_typo_transform":"","ocean_menu_typo_transform_tablet":"","ocean_menu_typo_transform_mobile":"","ocean_menu_typo_line_height":0,"ocean_menu_typo_line_height_tablet":0,"ocean_menu_typo_line_height_mobile":0,"ocean_menu_typo_line_height_unit":"","ocean_menu_typo_spacing":0,"ocean_menu_typo_spacing_tablet":0,"ocean_menu_typo_spacing_mobile":0,"ocean_menu_typo_spacing_unit":"","ocean_menu_link_color":"","ocean_menu_link_color_hover":"","ocean_menu_link_color_active":"","ocean_menu_link_background":"","ocean_menu_link_hover_background":"","ocean_menu_link_active_background":"","ocean_menu_social_links_bg":"","ocean_menu_social_hover_links_bg":"","ocean_menu_social_links_color":"","ocean_menu_social_hover_links_color":"","ocean_disable_title":"default","ocean_disable_heading":"default","ocean_post_title":"","ocean_post_subheading":"","ocean_post_title_style":"","ocean_post_title_background_color":"","ocean_post_title_background":0,"ocean_post_title_bg_image_position":"","ocean_post_title_bg_image_attachment":"","ocean_post_title_bg_image_repeat":"","ocean_post_title_bg_image_size":"","ocean_post_title_height":0,"ocean_post_title_bg_overlay":0.5,"ocean_post_title_bg_overlay_color":"","ocean_disable_breadcrumbs":"default","ocean_breadcrumbs_color":"","ocean_breadcrumbs_separator_color":"","ocean_breadcrumbs_links_color":"","ocean_breadcrumbs_links_hover_color":"","ocean_display_footer_widgets":"default","ocean_display_footer_bottom":"default","ocean_custom_footer_template":"0","ocean_post_oembed":"","ocean_post_self_hosted_media":"","ocean_post_video_embed":"","ocean_link_format":"","ocean_link_format_target":"self","ocean_quote_format":"","ocean_quote_format_link":"post","ocean_gallery_link_images":"off","ocean_gallery_id":[],"footnotes":""},"categories":[271],"tags":[533,531,188,246,316,512,248,507,530,399],"class_list":["post-2742","post","type-post","status-publish","format-standard","has-post-thumbnail","hentry","category-covid-19","tag-bar","tag-commerces","tag-coronavirus","tag-nord","tag-ouverture","tag-pandemie","tag-point","tag-point-situation","tag-rassemblements","tag-restaurant","entry","has-media"],"yoast_head":"<!-- This site is optimized with the Yoast SEO plugin v27.3 - https:\/\/yoast.com\/product\/yoast-seo-wordpress\/ -->\n<title>COVID-19 : Point sur la situation au 21 mai - Ville de Thiant<\/title>\n<meta name=\"description\" content=\"Limitation des rassemblements, r\u00e8gles pour les commerces, bars et restaurants, organisation des accueils collectifs de mineurs...\" \/>\n<meta name=\"robots\" content=\"index, follow, max-snippet:-1, max-image-preview:large, max-video-preview:-1\" \/>\n<link rel=\"canonical\" href=\"https:\/\/thiant.fr\/wordpress\/covid-19-point-sur-la-situation-au-21-mai\/\" \/>\n<meta property=\"og:locale\" content=\"fr_FR\" \/>\n<meta property=\"og:type\" content=\"article\" \/>\n<meta property=\"og:title\" content=\"COVID-19 : Point sur la situation au 21 mai - Ville de Thiant\" \/>\n<meta property=\"og:description\" content=\"Limitation des rassemblements, r\u00e8gles pour les commerces, bars et restaurants, organisation des accueils collectifs de mineurs...\" \/>\n<meta property=\"og:url\" content=\"https:\/\/thiant.fr\/wordpress\/covid-19-point-sur-la-situation-au-21-mai\/\" \/>\n<meta property=\"og:site_name\" content=\"Ville de Thiant\" \/>\n<meta property=\"article:published_time\" content=\"2021-05-21T14:34:49+00:00\" \/>\n<meta property=\"article:modified_time\" content=\"2021-05-21T14:44:59+00:00\" \/>\n<meta property=\"og:image\" content=\"https:\/\/thiant.fr\/wordpress\/wp-content\/uploads\/2021\/05\/enfants-parc.png\" \/>\n\t<meta property=\"og:image:width\" content=\"730\" \/>\n\t<meta property=\"og:image:height\" content=\"487\" \/>\n\t<meta property=\"og:image:type\" content=\"image\/png\" \/>\n<meta name=\"author\" content=\"Service communication\" \/>\n<meta name=\"twitter:card\" content=\"summary_large_image\" \/>\n<meta name=\"twitter:label1\" content=\"\u00c9crit par\" \/>\n\t<meta name=\"twitter:data1\" content=\"Service communication\" \/>\n\t<meta name=\"twitter:label2\" content=\"Dur\u00e9e de lecture estim\u00e9e\" \/>\n\t<meta name=\"twitter:data2\" content=\"5 minutes\" \/>\n<script type=\"application\/ld+json\" class=\"yoast-schema-graph\">{\"@context\":\"https:\\\/\\\/schema.org\",\"@graph\":[{\"@type\":\"Article\",\"@id\":\"https:\\\/\\\/thiant.fr\\\/wordpress\\\/covid-19-point-sur-la-situation-au-21-mai\\\/#article\",\"isPartOf\":{\"@id\":\"https:\\\/\\\/thiant.fr\\\/wordpress\\\/covid-19-point-sur-la-situation-au-21-mai\\\/\"},\"author\":{\"name\":\"Service communication\",\"@id\":\"https:\\\/\\\/thiant.fr\\\/wordpress\\\/#\\\/schema\\\/person\\\/f41122130d18c0720657431d990451c6\"},\"headline\":\"COVID-19 : Point sur la situation au 21 mai\",\"datePublished\":\"2021-05-21T14:34:49+00:00\",\"dateModified\":\"2021-05-21T14:44:59+00:00\",\"mainEntityOfPage\":{\"@id\":\"https:\\\/\\\/thiant.fr\\\/wordpress\\\/covid-19-point-sur-la-situation-au-21-mai\\\/\"},\"wordCount\":982,\"publisher\":{\"@id\":\"https:\\\/\\\/thiant.fr\\\/wordpress\\\/#organization\"},\"image\":{\"@id\":\"https:\\\/\\\/thiant.fr\\\/wordpress\\\/covid-19-point-sur-la-situation-au-21-mai\\\/#primaryimage\"},\"thumbnailUrl\":\"https:\\\/\\\/thiant.fr\\\/wordpress\\\/wp-content\\\/uploads\\\/2021\\\/05\\\/enfants-parc.png\",\"keywords\":[\"bar\",\"commerces\",\"coronavirus\",\"Nord\",\"ouverture\",\"pand\u00e9mie\",\"point\",\"point situation\",\"rassemblements\",\"restaurant\"],\"articleSection\":[\"COVID-19\"],\"inLanguage\":\"fr-FR\"},{\"@type\":\"WebPage\",\"@id\":\"https:\\\/\\\/thiant.fr\\\/wordpress\\\/covid-19-point-sur-la-situation-au-21-mai\\\/\",\"url\":\"https:\\\/\\\/thiant.fr\\\/wordpress\\\/covid-19-point-sur-la-situation-au-21-mai\\\/\",\"name\":\"COVID-19 : Point sur la situation au 21 mai - Ville de Thiant\",\"isPartOf\":{\"@id\":\"https:\\\/\\\/thiant.fr\\\/wordpress\\\/#website\"},\"primaryImageOfPage\":{\"@id\":\"https:\\\/\\\/thiant.fr\\\/wordpress\\\/covid-19-point-sur-la-situation-au-21-mai\\\/#primaryimage\"},\"image\":{\"@id\":\"https:\\\/\\\/thiant.fr\\\/wordpress\\\/covid-19-point-sur-la-situation-au-21-mai\\\/#primaryimage\"},\"thumbnailUrl\":\"https:\\\/\\\/thiant.fr\\\/wordpress\\\/wp-content\\\/uploads\\\/2021\\\/05\\\/enfants-parc.png\",\"datePublished\":\"2021-05-21T14:34:49+00:00\",\"dateModified\":\"2021-05-21T14:44:59+00:00\",\"description\":\"Limitation des rassemblements, r\u00e8gles pour les commerces, bars et restaurants, organisation des accueils collectifs de mineurs...\",\"breadcrumb\":{\"@id\":\"https:\\\/\\\/thiant.fr\\\/wordpress\\\/covid-19-point-sur-la-situation-au-21-mai\\\/#breadcrumb\"},\"inLanguage\":\"fr-FR\",\"potentialAction\":[{\"@type\":\"ReadAction\",\"target\":[\"https:\\\/\\\/thiant.fr\\\/wordpress\\\/covid-19-point-sur-la-situation-au-21-mai\\\/\"]}]},{\"@type\":\"ImageObject\",\"inLanguage\":\"fr-FR\",\"@id\":\"https:\\\/\\\/thiant.fr\\\/wordpress\\\/covid-19-point-sur-la-situation-au-21-mai\\\/#primaryimage\",\"url\":\"https:\\\/\\\/thiant.fr\\\/wordpress\\\/wp-content\\\/uploads\\\/2021\\\/05\\\/enfants-parc.png\",\"contentUrl\":\"https:\\\/\\\/thiant.fr\\\/wordpress\\\/wp-content\\\/uploads\\\/2021\\\/05\\\/enfants-parc.png\",\"width\":730,\"height\":487},{\"@type\":\"BreadcrumbList\",\"@id\":\"https:\\\/\\\/thiant.fr\\\/wordpress\\\/covid-19-point-sur-la-situation-au-21-mai\\\/#breadcrumb\",\"itemListElement\":[{\"@type\":\"ListItem\",\"position\":1,\"name\":\"Accueil\",\"item\":\"https:\\\/\\\/thiant.fr\\\/wordpress\\\/\"},{\"@type\":\"ListItem\",\"position\":2,\"name\":\"COVID-19 : Point sur la situation au 21 mai\"}]},{\"@type\":\"WebSite\",\"@id\":\"https:\\\/\\\/thiant.fr\\\/wordpress\\\/#website\",\"url\":\"https:\\\/\\\/thiant.fr\\\/wordpress\\\/\",\"name\":\"Ville de Thiant\",\"description\":\"Site officiel de la ville de Thiant\",\"publisher\":{\"@id\":\"https:\\\/\\\/thiant.fr\\\/wordpress\\\/#organization\"},\"potentialAction\":[{\"@type\":\"SearchAction\",\"target\":{\"@type\":\"EntryPoint\",\"urlTemplate\":\"https:\\\/\\\/thiant.fr\\\/wordpress\\\/?s={search_term_string}\"},\"query-input\":{\"@type\":\"PropertyValueSpecification\",\"valueRequired\":true,\"valueName\":\"search_term_string\"}}],\"inLanguage\":\"fr-FR\"},{\"@type\":\"Organization\",\"@id\":\"https:\\\/\\\/thiant.fr\\\/wordpress\\\/#organization\",\"name\":\"Ville de Thiant\",\"url\":\"https:\\\/\\\/thiant.fr\\\/wordpress\\\/\",\"logo\":{\"@type\":\"ImageObject\",\"inLanguage\":\"fr-FR\",\"@id\":\"https:\\\/\\\/thiant.fr\\\/wordpress\\\/#\\\/schema\\\/logo\\\/image\\\/\",\"url\":\"https:\\\/\\\/thiant.fr\\\/wordpress\\\/wp-content\\\/uploads\\\/2019\\\/08\\\/Thiant_Illdy_4.png\",\"contentUrl\":\"https:\\\/\\\/thiant.fr\\\/wordpress\\\/wp-content\\\/uploads\\\/2019\\\/08\\\/Thiant_Illdy_4.png\",\"width\":105,\"height\":75,\"caption\":\"Ville de Thiant\"},\"image\":{\"@id\":\"https:\\\/\\\/thiant.fr\\\/wordpress\\\/#\\\/schema\\\/logo\\\/image\\\/\"}},{\"@type\":\"Person\",\"@id\":\"https:\\\/\\\/thiant.fr\\\/wordpress\\\/#\\\/schema\\\/person\\\/f41122130d18c0720657431d990451c6\",\"name\":\"Service communication\",\"image\":{\"@type\":\"ImageObject\",\"inLanguage\":\"fr-FR\",\"@id\":\"https:\\\/\\\/secure.gravatar.com\\\/avatar\\\/527d4f1f1330a82db5a7ea7738ddeb994fd26c4537512a833d99b387808ee250?s=96&r=g\",\"url\":\"https:\\\/\\\/secure.gravatar.com\\\/avatar\\\/527d4f1f1330a82db5a7ea7738ddeb994fd26c4537512a833d99b387808ee250?s=96&r=g\",\"contentUrl\":\"https:\\\/\\\/secure.gravatar.com\\\/avatar\\\/527d4f1f1330a82db5a7ea7738ddeb994fd26c4537512a833d99b387808ee250?s=96&r=g\",\"caption\":\"Service communication\"},\"url\":\"https:\\\/\\\/thiant.fr\\\/wordpress\\\/author\\\/adminwpress\\\/\"}]}<\/script>\n<!-- \/ Yoast SEO plugin. -->","yoast_head_json":{"title":"COVID-19 : Point sur la situation au 21 mai - Ville de Thiant","description":"Limitation des rassemblements, r\u00e8gles pour les commerces, bars et restaurants, organisation des accueils collectifs de mineurs...","robots":{"index":"index","follow":"follow","max-snippet":"max-snippet:-1","max-image-preview":"max-image-preview:large","max-video-preview":"max-video-preview:-1"},"canonical":"https:\/\/thiant.fr\/wordpress\/covid-19-point-sur-la-situation-au-21-mai\/","og_locale":"fr_FR","og_type":"article","og_title":"COVID-19 : Point sur la situation au 21 mai - Ville de Thiant","og_description":"Limitation des rassemblements, r\u00e8gles pour les commerces, bars et restaurants, organisation des accueils collectifs de mineurs...","og_url":"https:\/\/thiant.fr\/wordpress\/covid-19-point-sur-la-situation-au-21-mai\/","og_site_name":"Ville de Thiant","article_published_time":"2021-05-21T14:34:49+00:00","article_modified_time":"2021-05-21T14:44:59+00:00","og_image":[{"width":730,"height":487,"url":"https:\/\/thiant.fr\/wordpress\/wp-content\/uploads\/2021\/05\/enfants-parc.png","type":"image\/png"}],"author":"Service communication","twitter_card":"summary_large_image","twitter_misc":{"\u00c9crit par":"Service communication","Dur\u00e9e de lecture estim\u00e9e":"5 minutes"},"schema":{"@context":"https:\/\/schema.org","@graph":[{"@type":"Article","@id":"https:\/\/thiant.fr\/wordpress\/covid-19-point-sur-la-situation-au-21-mai\/#article","isPartOf":{"@id":"https:\/\/thiant.fr\/wordpress\/covid-19-point-sur-la-situation-au-21-mai\/"},"author":{"name":"Service communication","@id":"https:\/\/thiant.fr\/wordpress\/#\/schema\/person\/f41122130d18c0720657431d990451c6"},"headline":"COVID-19 : Point sur la situation au 21 mai","datePublished":"2021-05-21T14:34:49+00:00","dateModified":"2021-05-21T14:44:59+00:00","mainEntityOfPage":{"@id":"https:\/\/thiant.fr\/wordpress\/covid-19-point-sur-la-situation-au-21-mai\/"},"wordCount":982,"publisher":{"@id":"https:\/\/thiant.fr\/wordpress\/#organization"},"image":{"@id":"https:\/\/thiant.fr\/wordpress\/covid-19-point-sur-la-situation-au-21-mai\/#primaryimage"},"thumbnailUrl":"https:\/\/thiant.fr\/wordpress\/wp-content\/uploads\/2021\/05\/enfants-parc.png","keywords":["bar","commerces","coronavirus","Nord","ouverture","pand\u00e9mie","point","point situation","rassemblements","restaurant"],"articleSection":["COVID-19"],"inLanguage":"fr-FR"},{"@type":"WebPage","@id":"https:\/\/thiant.fr\/wordpress\/covid-19-point-sur-la-situation-au-21-mai\/","url":"https:\/\/thiant.fr\/wordpress\/covid-19-point-sur-la-situation-au-21-mai\/","name":"COVID-19 : Point sur la situation au 21 mai - Ville de Thiant","isPartOf":{"@id":"https:\/\/thiant.fr\/wordpress\/#website"},"primaryImageOfPage":{"@id":"https:\/\/thiant.fr\/wordpress\/covid-19-point-sur-la-situation-au-21-mai\/#primaryimage"},"image":{"@id":"https:\/\/thiant.fr\/wordpress\/covid-19-point-sur-la-situation-au-21-mai\/#primaryimage"},"thumbnailUrl":"https:\/\/thiant.fr\/wordpress\/wp-content\/uploads\/2021\/05\/enfants-parc.png","datePublished":"2021-05-21T14:34:49+00:00","dateModified":"2021-05-21T14:44:59+00:00","description":"Limitation des rassemblements, r\u00e8gles pour les commerces, bars et restaurants, organisation des accueils collectifs de mineurs...","breadcrumb":{"@id":"https:\/\/thiant.fr\/wordpress\/covid-19-point-sur-la-situation-au-21-mai\/#breadcrumb"},"inLanguage":"fr-FR","potentialAction":[{"@type":"ReadAction","target":["https:\/\/thiant.fr\/wordpress\/covid-19-point-sur-la-situation-au-21-mai\/"]}]},{"@type":"ImageObject","inLanguage":"fr-FR","@id":"https:\/\/thiant.fr\/wordpress\/covid-19-point-sur-la-situation-au-21-mai\/#primaryimage","url":"https:\/\/thiant.fr\/wordpress\/wp-content\/uploads\/2021\/05\/enfants-parc.png","contentUrl":"https:\/\/thiant.fr\/wordpress\/wp-content\/uploads\/2021\/05\/enfants-parc.png","width":730,"height":487},{"@type":"BreadcrumbList","@id":"https:\/\/thiant.fr\/wordpress\/covid-19-point-sur-la-situation-au-21-mai\/#breadcrumb","itemListElement":[{"@type":"ListItem","position":1,"name":"Accueil","item":"https:\/\/thiant.fr\/wordpress\/"},{"@type":"ListItem","position":2,"name":"COVID-19 : Point sur la situation au 21 mai"}]},{"@type":"WebSite","@id":"https:\/\/thiant.fr\/wordpress\/#website","url":"https:\/\/thiant.fr\/wordpress\/","name":"Ville de Thiant","description":"Site officiel de la ville de Thiant","publisher":{"@id":"https:\/\/thiant.fr\/wordpress\/#organization"},"potentialAction":[{"@type":"SearchAction","target":{"@type":"EntryPoint","urlTemplate":"https:\/\/thiant.fr\/wordpress\/?s={search_term_string}"},"query-input":{"@type":"PropertyValueSpecification","valueRequired":true,"valueName":"search_term_string"}}],"inLanguage":"fr-FR"},{"@type":"Organization","@id":"https:\/\/thiant.fr\/wordpress\/#organization","name":"Ville de Thiant","url":"https:\/\/thiant.fr\/wordpress\/","logo":{"@type":"ImageObject","inLanguage":"fr-FR","@id":"https:\/\/thiant.fr\/wordpress\/#\/schema\/logo\/image\/","url":"https:\/\/thiant.fr\/wordpress\/wp-content\/uploads\/2019\/08\/Thiant_Illdy_4.png","contentUrl":"https:\/\/thiant.fr\/wordpress\/wp-content\/uploads\/2019\/08\/Thiant_Illdy_4.png","width":105,"height":75,"caption":"Ville de Thiant"},"image":{"@id":"https:\/\/thiant.fr\/wordpress\/#\/schema\/logo\/image\/"}},{"@type":"Person","@id":"https:\/\/thiant.fr\/wordpress\/#\/schema\/person\/f41122130d18c0720657431d990451c6","name":"Service communication","image":{"@type":"ImageObject","inLanguage":"fr-FR","@id":"https:\/\/secure.gravatar.com\/avatar\/527d4f1f1330a82db5a7ea7738ddeb994fd26c4537512a833d99b387808ee250?s=96&r=g","url":"https:\/\/secure.gravatar.com\/avatar\/527d4f1f1330a82db5a7ea7738ddeb994fd26c4537512a833d99b387808ee250?s=96&r=g","contentUrl":"https:\/\/secure.gravatar.com\/avatar\/527d4f1f1330a82db5a7ea7738ddeb994fd26c4537512a833d99b387808ee250?s=96&r=g","caption":"Service communication"},"url":"https:\/\/thiant.fr\/wordpress\/author\/adminwpress\/"}]}},"_links":{"self":[{"href":"https:\/\/thiant.fr\/wordpress\/wp-json\/wp\/v2\/posts\/2742","targetHints":{"allow":["GET"]}}],"collection":[{"href":"https:\/\/thiant.fr\/wordpress\/wp-json\/wp\/v2\/posts"}],"about":[{"href":"https:\/\/thiant.fr\/wordpress\/wp-json\/wp\/v2\/types\/post"}],"author":[{"embeddable":true,"href":"https:\/\/thiant.fr\/wordpress\/wp-json\/wp\/v2\/users\/1"}],"replies":[{"embeddable":true,"href":"https:\/\/thiant.fr\/wordpress\/wp-json\/wp\/v2\/comments?post=2742"}],"version-history":[{"count":0,"href":"https:\/\/thiant.fr\/wordpress\/wp-json\/wp\/v2\/posts\/2742\/revisions"}],"wp:featuredmedia":[{"embeddable":true,"href":"https:\/\/thiant.fr\/wordpress\/wp-json\/wp\/v2\/media\/2743"}],"wp:attachment":[{"href":"https:\/\/thiant.fr\/wordpress\/wp-json\/wp\/v2\/media?parent=2742"}],"wp:term":[{"taxonomy":"category","embeddable":true,"href":"https:\/\/thiant.fr\/wordpress\/wp-json\/wp\/v2\/categories?post=2742"},{"taxonomy":"post_tag","embeddable":true,"href":"https:\/\/thiant.fr\/wordpress\/wp-json\/wp\/v2\/tags?post=2742"}],"curies":[{"name":"wp","href":"https:\/\/api.w.org\/{rel}","templated":true}]}}