{"id":2785,"date":"2021-05-31T14:41:26","date_gmt":"2021-05-31T12:41:26","guid":{"rendered":"https:\/\/thiant.fr\/wordpress\/?p=2785"},"modified":"2021-06-02T10:49:57","modified_gmt":"2021-06-02T08:49:57","slug":"covid-19-point-sur-la-situation-au-31-mai","status":"publish","type":"post","link":"https:\/\/thiant.fr\/wordpress\/covid-19-point-sur-la-situation-au-31-mai\/","title":{"rendered":"COVID 19 : Point sur la situation au 31 mai"},"content":{"rendered":"\t\t<div data-elementor-type=\"wp-post\" data-elementor-id=\"2785\" class=\"elementor elementor-2785\">\n\t\t\t\t\t\t<section class=\"elementor-section elementor-top-section elementor-element elementor-element-eff3e00 elementor-section-boxed elementor-section-height-default elementor-section-height-default\" data-id=\"eff3e00\" data-element_type=\"section\" data-e-type=\"section\">\n\t\t\t\t\t\t<div class=\"elementor-container elementor-column-gap-default\">\n\t\t\t\t\t<div class=\"elementor-column elementor-col-33 elementor-top-column elementor-element elementor-element-43f3238\" data-id=\"43f3238\" data-element_type=\"column\" data-e-type=\"column\">\n\t\t\t<div class=\"elementor-widget-wrap elementor-element-populated\">\n\t\t\t\t\t\t<div class=\"elementor-element elementor-element-277d12a elementor-widget elementor-widget-image\" data-id=\"277d12a\" data-element_type=\"widget\" data-e-type=\"widget\" data-widget_type=\"image.default\">\n\t\t\t\t<div class=\"elementor-widget-container\">\n\t\t\t\t\t\t\t\t\t\t\t\t\t\t\t\t<a href=\"https:\/\/www.nord.gouv.fr\" target=\"_blank\">\n\t\t\t\t\t\t\t<img decoding=\"async\" width=\"134\" height=\"134\" src=\"https:\/\/thiant.fr\/wordpress\/wp-content\/uploads\/2021\/03\/Logo-Prefet-Nord.png\" class=\"attachment-large size-large wp-image-2547\" alt=\"\" \/>\t\t\t\t\t\t\t\t<\/a>\n\t\t\t\t\t\t\t\t\t\t\t\t\t\t\t<\/div>\n\t\t\t\t<\/div>\n\t\t\t\t\t<\/div>\n\t\t<\/div>\n\t\t\t\t<div class=\"elementor-column elementor-col-66 elementor-top-column elementor-element elementor-element-54383b8\" data-id=\"54383b8\" data-element_type=\"column\" data-e-type=\"column\">\n\t\t\t<div class=\"elementor-widget-wrap elementor-element-populated\">\n\t\t\t\t\t\t<div class=\"elementor-element elementor-element-fab128e elementor-widget elementor-widget-text-editor\" data-id=\"fab128e\" data-element_type=\"widget\" data-e-type=\"widget\" data-widget_type=\"text-editor.default\">\n\t\t\t\t<div class=\"elementor-widget-container\">\n\t\t\t\t\t\t\t\t\t<h3><span style=\"color: #000080;\">1. Sorties scolaires<\/span><\/h3><p style=\"padding-left: 40px;\"><span style=\"color: #333333;\">Les sorties scolaires, notamment dans les institutions culturelles, sont de nouveau possibles depuis le 19 mai <span style=\"text-decoration: underline;\">\u00e0 l&#8217;exception des sorties avec nuit\u00e9es qui pourront \u00eatre organis\u00e9es apr\u00e8s le 20 juin, au regard de la situation sanitaire.<\/span><\/span><\/p><h3><span style=\"color: #000080;\">2. Organisation de manifestations festives<\/span><\/h3><p><span style=\"color: #008000;\"><strong>\u2714 Avant le 9 juin 2021<\/strong><\/span><\/p><p style=\"padding-left: 40px;\"><span style=\"color: #333333;\"><strong>Les festivals assis en plein air<\/strong> (terrain d\u00e9limit\u00e9 avec barri\u00e9rage, tickets, contr\u00f4le des <\/span><span style=\"color: #333333;\">entr\u00e9es, gestion des flux) peuvent \u00eatre organis\u00e9s dans la limite de 1 000 participants.<\/span><br \/><strong><span style=\"color: #333333;\">Les festivals, les animations et manifestations avec d\u00e9ambulation se d\u00e9roulant dans <\/span><\/strong><span style=\"color: #333333;\"><strong>l\u2019espace public<\/strong> ne sont pas autoris\u00e9s (arts de la rue, rencontres associatives avec tenue de stands).<\/span><br \/><span style=\"color: #333333;\">De m\u00eame, pour l\u2019<strong>accueil dans les fermes p\u00e9dagogiques,<\/strong> les visites doivent \u00eatre organis\u00e9es pour recevoir 10 personnes en simultan\u00e9e dans un m\u00eame lieu. L\u2019organisateur doit donc \u00eatre capable de g\u00e9rer les flux de circulation avec un timing et un sens de circulation pr\u00e9cis pour \u00e9viter le brassage de groupes.<\/span><br \/><span style=\"color: #333333;\">\u00c0 compter du 2 juin, les <strong>march\u00e9s, braderies et brocantes<\/strong> et tous lieux de vente assimil\u00e9s pourront aussi \u00eatre organis\u00e9s avec une jauge de 4 m\u00b2 par client en ext\u00e9rieur et 8 m\u00b2 en int\u00e9rieur.<\/span><\/p><p><span style=\"color: #008000;\"><strong>\u2714 Apr\u00e8s le 9 juin (sous r\u00e9serve de l\u2019\u00e9volution de la situation sanitaire)<\/strong><\/span><\/p><p style=\"padding-left: 40px;\"><span style=\"color: #333333;\">\u00c0 compter du 9 juin, les<strong> festivals, les animations et manifestations avec d\u00e9ambulation<\/strong> se d\u00e9roulant dans l\u2019espace public pourraient \u00eatre autoris\u00e9s (arts de la rue, rencontres associatives avec tenue de stands). Le d\u00e9cret pr\u00e9voit que la jauge maximum lors des stations debout est pr\u00e9vue par le pr\u00e9fet en fonction des manifestations. Dans le Nord, cette jauge est fix\u00e9e \u00e0 <strong>4 m\u00b2 par personne.<\/strong><\/span><br \/><span style=\"color: #333333;\">L&#8217;organisateur doit pr\u00e9voir un \u00e9talement de la manifestation suffisant pour permettre le respect de cette jauge.<\/span><br \/><span style=\"color: #333333;\">Les <strong>march\u00e9s couverts<\/strong> devront respecter une jauge fix\u00e9e \u00e0 4 m\u00b2 par personne.<\/span><br \/><span style=\"color: #333333;\">Pour les <strong>animations sportives,<\/strong> il conviendra de se respecter les protocoles mis en place par chaque f\u00e9d\u00e9ration sportive.<\/span><br \/><span style=\"color: #333333;\">S\u2019agissant des <strong>stands de restauration et des buvettes,<\/strong> le protocole sanitaire applicable par les professionnels de la restauration devra \u00eatre mis en \u0153uvre. Retrouvez ce protocole sur le lien suivant :<br \/><\/span><a href=\"https:\/\/www.economie.gouv.fr\/files\/files\/directions_services\/covid19-soutien-entreprises\/Protocole-sanitaire-renforce-secteur--HCR.pdf\" target=\"_blank\" rel=\"noopener\">https:\/\/www.economie.gouv.fr\/files\/files\/directions_services\/covid19-soutien-entreprises\/Protocole-sanitaire-renforce-secteur&#8211;HCR.pdf<\/a><\/p><p style=\"padding-left: 40px;\"><span style=\"color: #333333;\">En cas d\u2019installation de stands, l\u2019organisateur veillera \u00e0 espacer suffisamment les stands pour \u00e9viter de cr\u00e9er des regroupements de plus de 10 personnes. Il devra \u00e9galement veiller \u00e0 mettre en place un sens de circulation avec fl\u00e9chage pour \u00e9viter le croisement de flux. La mise en place de solutions hydroalcooliques \u00e0 chaque stand sera requise.<\/span><br \/><span style=\"color: #333333;\">Pour les grandes manifestations au-del\u00e0 de 1000 personnes, l\u2019utilisation du <strong>pass sanitaire<\/strong> sera de mise lorsque cela est possible.<\/span><br \/><span style=\"color: #333333;\">Enfin, les organisateurs devront rappeler \u00e9galement l\u2019obligation de porter le masque d\u00e8s l\u2019\u00e2ge de 11 ans et le respect des gestes barri\u00e8res via un affichage d\u00e9di\u00e9.<\/span><\/p><p><span style=\"color: #008000;\"><strong>\u2714 \u00c0 partir du 30 juin (sous r\u00e9serve de l\u2019\u00e9volution de la situation sanitaire)<\/strong><\/span><\/p><p style=\"padding-left: 40px;\"><span style=\"color: #333333;\">\u00c0 compter du 30 juin, pour les <strong>festivals assis en plein air,<\/strong> le plafond d\u2019accueil pourra \u00eatre fix\u00e9 par le pr\u00e9fet si les circonstances locales l\u2019exigent.<\/span><br \/><span style=\"color: #333333;\">Les <strong>festivals en plein air en position debout<\/strong> seraient autoris\u00e9s avec une jauge de 4 m\u00b2 par festivalier et une limite de personnes fix\u00e9e par les pr\u00e9fets si les circonstances locales l\u2019exigent.<\/span><br \/><span style=\"color: #333333;\">Retrouvez la synth\u00e8se des r\u00e8gles applicables aux \u00e9tablissements recevant du public et aux manifestations festives sur <a href=\"https:\/\/www.nord.gouv.fr\/content\/download\/74944\/460224\/file\/210518_cp_d_Covid-19%20-%20Strat%C3%A9gie%20et%20agenda%20de%20r%C3%A9ouverture%20dans%20le%20Nord%20-%20tableau%20ERP%20(2).pdf\" target=\"_blank\" rel=\"noopener\">le site Internet de la pr\u00e9fecture<\/a>.<\/span><\/p><h3><span style=\"color: #000080;\">3 \u2013 Organisation de r\u00e9unions \u00e9lectorales<\/span><\/h3><p style=\"padding-left: 40px;\"><span style=\"color: #333333;\">Les r\u00e9unions \u00e9lectorales organis\u00e9es <strong>en plein air<\/strong> (hors des \u00e9tablissements recevant du public dans lesquels l&#8217;accueil du public n&#8217;est pas interdit) sont autoris\u00e9es dans la limite de 50 personnes dans le respect des conditions sanitaires.<\/span><br \/><span style=\"color: #333333;\">Cette d\u00e9rogation au principe de non r\u00e9union de plus de 10 personnes sur la voie publique r\u00e9pond \u00e0 une pr\u00e9occupation exprim\u00e9e par les diff\u00e9rents partis et groupements politiques qui souhaitaient une souplesse pour les petites r\u00e9unions \u00e9lectorales organis\u00e9es en plein air (place du village, parvis devant une mairie, etc&#8230;.), hors du cadre d&#8217;un \u00e9tablissement recevant du public de plein air.<\/span><br \/><span style=\"color: #333333;\">Certaines r\u00e8gles ne sont d\u00e8s lors plus applicables, notamment l&#8217;obligation de places assises, mais d&#8217;autres restent obligatoires, en particulier le respect des normes sanitaires et le port du masque.<\/span><\/p><p style=\"padding-left: 40px; text-align: center;\"><span style=\"text-decoration: underline;\"><span style=\"color: #333333; text-decoration: underline;\">Tableau r\u00e9capitulatif : encadrement sanitaire des r\u00e9unions \u00e9lectorales<\/span><\/span><br \/><span style=\"color: #333333;\">(r\u00e8gles valables jusqu&#8217;au 8 juin inclus)<br \/><img fetchpriority=\"high\" decoding=\"async\" class=\"alignnone wp-image-2796 size-full\" src=\"https:\/\/thiant.fr\/wordpress\/wp-content\/uploads\/2021\/05\/tableau-recapitulatif_encadrement-sanitaire-reunions-electorales.png\" alt=\"\" width=\"500\" height=\"295\" srcset=\"https:\/\/thiant.fr\/wordpress\/wp-content\/uploads\/2021\/05\/tableau-recapitulatif_encadrement-sanitaire-reunions-electorales.png 500w, https:\/\/thiant.fr\/wordpress\/wp-content\/uploads\/2021\/05\/tableau-recapitulatif_encadrement-sanitaire-reunions-electorales-300x177.png 300w\" sizes=\"(max-width: 500px) 100vw, 500px\" \/><br \/><\/span><\/p><h3><span style=\"color: #000080;\">4 \u2013 Tenue des bureaux de vote \u2013 Mobilisation de la r\u00e9serve civique<\/span><\/h3><p style=\"padding-left: 40px;\"><span style=\"color: #333333;\">Certaines communes du d\u00e9partement \u00e9prouvent des difficult\u00e9s \u00e0 recruter des assesseurs dans le cadre des \u00e9lections des 20 et 27 juin prochains. Afin de les aider \u00e0 constituer leurs bureaux de vote, il est possible de mobiliser la r\u00e9serve civique.<\/span><br \/><span style=\"color: #333333;\">Vous trouverez un tutoriel sur <a href=\"https:\/\/www.notion.so\/Trouvez-vos-assesseurs-et-vos-secr-taires-de-bureau-de-vote-avec-JeVeuxAider-gouv-fr-e69471bf2c8c47f4b5a6f6d147445c5c\" target=\"_blank\" rel=\"noopener\">ce lien<\/a> rassemblant tous les \u00e9l\u00e9ments n\u00e9cessaires pour utiliser la plateforme <a href=\"https:\/\/www.jeveuxaider.gouv.fr\/\" target=\"_blank\" rel=\"noopener\">Jeveuxaider.gouv.fr<\/a> et pour publier des missions sur celle-ci.<\/span><\/p><h3><span style=\"color: #000080;\">5 &#8211; F\u00eate de la musique et F\u00eate nationale<\/span><\/h3><p><span style=\"color: #333333;\">\u2714 <\/span><span style=\"text-decoration: underline;\"><span style=\"color: #333333; text-decoration: underline;\">F\u00eate de la musique le 21 juin :<\/span><\/span><\/p><p style=\"padding-left: 40px;\"><span style=\"color: #333333;\">La f\u00eate de la musique sera concern\u00e9e par la mesure de limitation des groupes sur l\u2019espace public. Comme l\u2019ann\u00e9e derni\u00e8re, la f\u00eate de la musique ne pourra donc pas se tenir dans des conditions habituelles. Un travail est en cours pour d\u00e9finir un protocole d\u00e9di\u00e9 permettant d\u2019autoriser certains concerts dans le respect des r\u00e8gles sanitaires et en limitant les regroupements.<\/span><\/p><p><span style=\"color: #333333;\">\u2714 <span style=\"text-decoration: underline;\">F\u00eate nationale le 14 juillet :<\/span><\/span><\/p><p style=\"padding-left: 40px;\"><span style=\"color: #333333;\">Le 14 juillet pourra \u00eatre c\u00e9l\u00e9br\u00e9 mais dans le respect des r\u00e8gles de distanciation sociale et des gestes barri\u00e8res (sauf situation sanitaire locale exigeant des mesures renforc\u00e9es). Des pr\u00e9cisions seront rapidement apport\u00e9es.<\/span><\/p>\t\t\t\t\t\t\t\t<\/div>\n\t\t\t\t<\/div>\n\t\t\t\t\t<\/div>\n\t\t<\/div>\n\t\t\t\t\t<\/div>\n\t\t<\/section>\n\t\t\t\t<\/div>\n\t\t","protected":false},"excerpt":{"rendered":"<p>1. Sorties scolaires Les sorties scolaires, notamment dans les institutions culturelles, sont de nouveau possibles depuis le 19 mai \u00e0 l&#8217;exception des sorties avec nuit\u00e9es qui pourront \u00eatre organis\u00e9es apr\u00e8s le 20 juin, au regard de la situation sanitaire. 2. Organisation de manifestations festives &#x2714; Avant le 9 juin 2021 Les festivals assis en plein [&hellip;]<\/p>\n","protected":false},"author":1,"featured_media":2787,"comment_status":"closed","ping_status":"closed","sticky":false,"template":"","format":"standard","meta":{"_crdt_document":"","ocean_post_layout":"","ocean_both_sidebars_style":"","ocean_both_sidebars_content_width":0,"ocean_both_sidebars_sidebars_width":0,"ocean_sidebar":"0","ocean_second_sidebar":"0","ocean_disable_margins":"enable","ocean_add_body_class":"","ocean_shortcode_before_top_bar":"","ocean_shortcode_after_top_bar":"","ocean_shortcode_before_header":"","ocean_shortcode_after_header":"","ocean_has_shortcode":"","ocean_shortcode_after_title":"","ocean_shortcode_before_footer_widgets":"","ocean_shortcode_after_footer_widgets":"","ocean_shortcode_before_footer_bottom":"","ocean_shortcode_after_footer_bottom":"","ocean_display_top_bar":"default","ocean_display_header":"default","ocean_header_style":"","ocean_center_header_left_menu":"0","ocean_custom_header_template":"0","ocean_custom_logo":0,"ocean_custom_retina_logo":0,"ocean_custom_logo_max_width":0,"ocean_custom_logo_tablet_max_width":0,"ocean_custom_logo_mobile_max_width":0,"ocean_custom_logo_max_height":0,"ocean_custom_logo_tablet_max_height":0,"ocean_custom_logo_mobile_max_height":0,"ocean_header_custom_menu":"0","ocean_menu_typo_font_family":"0","ocean_menu_typo_font_subset":"","ocean_menu_typo_font_size":0,"ocean_menu_typo_font_size_tablet":0,"ocean_menu_typo_font_size_mobile":0,"ocean_menu_typo_font_size_unit":"px","ocean_menu_typo_font_weight":"","ocean_menu_typo_font_weight_tablet":"","ocean_menu_typo_font_weight_mobile":"","ocean_menu_typo_transform":"","ocean_menu_typo_transform_tablet":"","ocean_menu_typo_transform_mobile":"","ocean_menu_typo_line_height":0,"ocean_menu_typo_line_height_tablet":0,"ocean_menu_typo_line_height_mobile":0,"ocean_menu_typo_line_height_unit":"","ocean_menu_typo_spacing":0,"ocean_menu_typo_spacing_tablet":0,"ocean_menu_typo_spacing_mobile":0,"ocean_menu_typo_spacing_unit":"","ocean_menu_link_color":"","ocean_menu_link_color_hover":"","ocean_menu_link_color_active":"","ocean_menu_link_background":"","ocean_menu_link_hover_background":"","ocean_menu_link_active_background":"","ocean_menu_social_links_bg":"","ocean_menu_social_hover_links_bg":"","ocean_menu_social_links_color":"","ocean_menu_social_hover_links_color":"","ocean_disable_title":"default","ocean_disable_heading":"default","ocean_post_title":"","ocean_post_subheading":"","ocean_post_title_style":"","ocean_post_title_background_color":"","ocean_post_title_background":0,"ocean_post_title_bg_image_position":"","ocean_post_title_bg_image_attachment":"","ocean_post_title_bg_image_repeat":"","ocean_post_title_bg_image_size":"","ocean_post_title_height":0,"ocean_post_title_bg_overlay":0.5,"ocean_post_title_bg_overlay_color":"","ocean_disable_breadcrumbs":"default","ocean_breadcrumbs_color":"","ocean_breadcrumbs_separator_color":"","ocean_breadcrumbs_links_color":"","ocean_breadcrumbs_links_hover_color":"","ocean_display_footer_widgets":"default","ocean_display_footer_bottom":"default","ocean_custom_footer_template":"0","ocean_post_oembed":"","ocean_post_self_hosted_media":"","ocean_post_video_embed":"","ocean_link_format":"","ocean_link_format_target":"self","ocean_quote_format":"","ocean_quote_format_link":"post","ocean_gallery_link_images":"off","ocean_gallery_id":[],"footnotes":""},"categories":[271],"tags":[554,188,252,550,551,246,556,248,507,508,509,272,553,552],"class_list":["post-2785","post","type-post","status-publish","format-standard","has-post-thumbnail","hentry","category-covid-19","tag-bureaux-de-votes","tag-coronavirus","tag-elections","tag-fete-de-la-musique","tag-fete-nationale","tag-nord","tag-organisation","tag-point","tag-point-situation","tag-prefecture","tag-prefecture-du-nord","tag-reserve-civique","tag-reunions-electorales","tag-sorties-scolaires","entry","has-media"],"yoast_head":"<!-- This site is optimized with the Yoast SEO plugin v27.3 - https:\/\/yoast.com\/product\/yoast-seo-wordpress\/ -->\n<title>COVID 19 : Point sur la situation au 31 mai - Ville de Thiant<\/title>\n<meta name=\"description\" content=\"Informations sur les sorties scolaires, l&#039;organisation de manifestations festives, de r\u00e9unions \u00e9lectorales, de la tenue des bureaux de votes.\" \/>\n<meta name=\"robots\" content=\"index, follow, max-snippet:-1, max-image-preview:large, max-video-preview:-1\" \/>\n<link rel=\"canonical\" href=\"https:\/\/thiant.fr\/wordpress\/covid-19-point-sur-la-situation-au-31-mai\/\" \/>\n<meta property=\"og:locale\" content=\"fr_FR\" \/>\n<meta property=\"og:type\" content=\"article\" \/>\n<meta property=\"og:title\" content=\"COVID 19 : Point sur la situation au 31 mai - Ville de Thiant\" \/>\n<meta property=\"og:description\" content=\"Informations sur les sorties scolaires, l&#039;organisation de manifestations festives, de r\u00e9unions \u00e9lectorales, de la tenue des bureaux de votes.\" \/>\n<meta property=\"og:url\" content=\"https:\/\/thiant.fr\/wordpress\/covid-19-point-sur-la-situation-au-31-mai\/\" \/>\n<meta property=\"og:site_name\" content=\"Ville de Thiant\" \/>\n<meta property=\"article:published_time\" content=\"2021-05-31T12:41:26+00:00\" \/>\n<meta property=\"article:modified_time\" content=\"2021-06-02T08:49:57+00:00\" \/>\n<meta property=\"og:image\" content=\"https:\/\/thiant.fr\/wordpress\/wp-content\/uploads\/2021\/05\/point-310521.png\" \/>\n\t<meta property=\"og:image:width\" content=\"730\" \/>\n\t<meta property=\"og:image:height\" content=\"487\" \/>\n\t<meta property=\"og:image:type\" content=\"image\/png\" \/>\n<meta name=\"author\" content=\"Service communication\" \/>\n<meta name=\"twitter:card\" content=\"summary_large_image\" \/>\n<meta name=\"twitter:label1\" content=\"\u00c9crit par\" \/>\n\t<meta name=\"twitter:data1\" content=\"Service communication\" \/>\n\t<meta name=\"twitter:label2\" content=\"Dur\u00e9e de lecture estim\u00e9e\" \/>\n\t<meta name=\"twitter:data2\" content=\"5 minutes\" \/>\n<script type=\"application\/ld+json\" class=\"yoast-schema-graph\">{\"@context\":\"https:\\\/\\\/schema.org\",\"@graph\":[{\"@type\":\"Article\",\"@id\":\"https:\\\/\\\/thiant.fr\\\/wordpress\\\/covid-19-point-sur-la-situation-au-31-mai\\\/#article\",\"isPartOf\":{\"@id\":\"https:\\\/\\\/thiant.fr\\\/wordpress\\\/covid-19-point-sur-la-situation-au-31-mai\\\/\"},\"author\":{\"name\":\"Service communication\",\"@id\":\"https:\\\/\\\/thiant.fr\\\/wordpress\\\/#\\\/schema\\\/person\\\/f41122130d18c0720657431d990451c6\"},\"headline\":\"COVID 19 : Point sur la situation au 31 mai\",\"datePublished\":\"2021-05-31T12:41:26+00:00\",\"dateModified\":\"2021-06-02T08:49:57+00:00\",\"mainEntityOfPage\":{\"@id\":\"https:\\\/\\\/thiant.fr\\\/wordpress\\\/covid-19-point-sur-la-situation-au-31-mai\\\/\"},\"wordCount\":962,\"publisher\":{\"@id\":\"https:\\\/\\\/thiant.fr\\\/wordpress\\\/#organization\"},\"image\":{\"@id\":\"https:\\\/\\\/thiant.fr\\\/wordpress\\\/covid-19-point-sur-la-situation-au-31-mai\\\/#primaryimage\"},\"thumbnailUrl\":\"https:\\\/\\\/thiant.fr\\\/wordpress\\\/wp-content\\\/uploads\\\/2021\\\/05\\\/point-310521.png\",\"keywords\":[\"bureaux de votes\",\"coronavirus\",\"\u00e9lections\",\"f\u00eate de la musique\",\"f\u00eate nationale\",\"Nord\",\"organisation\",\"point\",\"point situation\",\"pr\u00e9fecture\",\"pr\u00e9fecture du Nord\",\"reserve civique\",\"r\u00e9unions \u00e9lectorales\",\"sorties scolaires\"],\"articleSection\":[\"COVID-19\"],\"inLanguage\":\"fr-FR\"},{\"@type\":\"WebPage\",\"@id\":\"https:\\\/\\\/thiant.fr\\\/wordpress\\\/covid-19-point-sur-la-situation-au-31-mai\\\/\",\"url\":\"https:\\\/\\\/thiant.fr\\\/wordpress\\\/covid-19-point-sur-la-situation-au-31-mai\\\/\",\"name\":\"COVID 19 : Point sur la situation au 31 mai - Ville de Thiant\",\"isPartOf\":{\"@id\":\"https:\\\/\\\/thiant.fr\\\/wordpress\\\/#website\"},\"primaryImageOfPage\":{\"@id\":\"https:\\\/\\\/thiant.fr\\\/wordpress\\\/covid-19-point-sur-la-situation-au-31-mai\\\/#primaryimage\"},\"image\":{\"@id\":\"https:\\\/\\\/thiant.fr\\\/wordpress\\\/covid-19-point-sur-la-situation-au-31-mai\\\/#primaryimage\"},\"thumbnailUrl\":\"https:\\\/\\\/thiant.fr\\\/wordpress\\\/wp-content\\\/uploads\\\/2021\\\/05\\\/point-310521.png\",\"datePublished\":\"2021-05-31T12:41:26+00:00\",\"dateModified\":\"2021-06-02T08:49:57+00:00\",\"description\":\"Informations sur les sorties scolaires, l'organisation de manifestations festives, de r\u00e9unions \u00e9lectorales, de la tenue des bureaux de votes.\",\"breadcrumb\":{\"@id\":\"https:\\\/\\\/thiant.fr\\\/wordpress\\\/covid-19-point-sur-la-situation-au-31-mai\\\/#breadcrumb\"},\"inLanguage\":\"fr-FR\",\"potentialAction\":[{\"@type\":\"ReadAction\",\"target\":[\"https:\\\/\\\/thiant.fr\\\/wordpress\\\/covid-19-point-sur-la-situation-au-31-mai\\\/\"]}]},{\"@type\":\"ImageObject\",\"inLanguage\":\"fr-FR\",\"@id\":\"https:\\\/\\\/thiant.fr\\\/wordpress\\\/covid-19-point-sur-la-situation-au-31-mai\\\/#primaryimage\",\"url\":\"https:\\\/\\\/thiant.fr\\\/wordpress\\\/wp-content\\\/uploads\\\/2021\\\/05\\\/point-310521.png\",\"contentUrl\":\"https:\\\/\\\/thiant.fr\\\/wordpress\\\/wp-content\\\/uploads\\\/2021\\\/05\\\/point-310521.png\",\"width\":730,\"height\":487},{\"@type\":\"BreadcrumbList\",\"@id\":\"https:\\\/\\\/thiant.fr\\\/wordpress\\\/covid-19-point-sur-la-situation-au-31-mai\\\/#breadcrumb\",\"itemListElement\":[{\"@type\":\"ListItem\",\"position\":1,\"name\":\"Accueil\",\"item\":\"https:\\\/\\\/thiant.fr\\\/wordpress\\\/\"},{\"@type\":\"ListItem\",\"position\":2,\"name\":\"COVID 19 : Point sur la situation au 31 mai\"}]},{\"@type\":\"WebSite\",\"@id\":\"https:\\\/\\\/thiant.fr\\\/wordpress\\\/#website\",\"url\":\"https:\\\/\\\/thiant.fr\\\/wordpress\\\/\",\"name\":\"Ville de Thiant\",\"description\":\"Site officiel de la ville de Thiant\",\"publisher\":{\"@id\":\"https:\\\/\\\/thiant.fr\\\/wordpress\\\/#organization\"},\"potentialAction\":[{\"@type\":\"SearchAction\",\"target\":{\"@type\":\"EntryPoint\",\"urlTemplate\":\"https:\\\/\\\/thiant.fr\\\/wordpress\\\/?s={search_term_string}\"},\"query-input\":{\"@type\":\"PropertyValueSpecification\",\"valueRequired\":true,\"valueName\":\"search_term_string\"}}],\"inLanguage\":\"fr-FR\"},{\"@type\":\"Organization\",\"@id\":\"https:\\\/\\\/thiant.fr\\\/wordpress\\\/#organization\",\"name\":\"Ville de Thiant\",\"url\":\"https:\\\/\\\/thiant.fr\\\/wordpress\\\/\",\"logo\":{\"@type\":\"ImageObject\",\"inLanguage\":\"fr-FR\",\"@id\":\"https:\\\/\\\/thiant.fr\\\/wordpress\\\/#\\\/schema\\\/logo\\\/image\\\/\",\"url\":\"https:\\\/\\\/thiant.fr\\\/wordpress\\\/wp-content\\\/uploads\\\/2019\\\/08\\\/Thiant_Illdy_4.png\",\"contentUrl\":\"https:\\\/\\\/thiant.fr\\\/wordpress\\\/wp-content\\\/uploads\\\/2019\\\/08\\\/Thiant_Illdy_4.png\",\"width\":105,\"height\":75,\"caption\":\"Ville de Thiant\"},\"image\":{\"@id\":\"https:\\\/\\\/thiant.fr\\\/wordpress\\\/#\\\/schema\\\/logo\\\/image\\\/\"}},{\"@type\":\"Person\",\"@id\":\"https:\\\/\\\/thiant.fr\\\/wordpress\\\/#\\\/schema\\\/person\\\/f41122130d18c0720657431d990451c6\",\"name\":\"Service communication\",\"image\":{\"@type\":\"ImageObject\",\"inLanguage\":\"fr-FR\",\"@id\":\"https:\\\/\\\/secure.gravatar.com\\\/avatar\\\/527d4f1f1330a82db5a7ea7738ddeb994fd26c4537512a833d99b387808ee250?s=96&r=g\",\"url\":\"https:\\\/\\\/secure.gravatar.com\\\/avatar\\\/527d4f1f1330a82db5a7ea7738ddeb994fd26c4537512a833d99b387808ee250?s=96&r=g\",\"contentUrl\":\"https:\\\/\\\/secure.gravatar.com\\\/avatar\\\/527d4f1f1330a82db5a7ea7738ddeb994fd26c4537512a833d99b387808ee250?s=96&r=g\",\"caption\":\"Service communication\"},\"url\":\"https:\\\/\\\/thiant.fr\\\/wordpress\\\/author\\\/adminwpress\\\/\"}]}<\/script>\n<!-- \/ Yoast SEO plugin. -->","yoast_head_json":{"title":"COVID 19 : Point sur la situation au 31 mai - Ville de Thiant","description":"Informations sur les sorties scolaires, l'organisation de manifestations festives, de r\u00e9unions \u00e9lectorales, de la tenue des bureaux de votes.","robots":{"index":"index","follow":"follow","max-snippet":"max-snippet:-1","max-image-preview":"max-image-preview:large","max-video-preview":"max-video-preview:-1"},"canonical":"https:\/\/thiant.fr\/wordpress\/covid-19-point-sur-la-situation-au-31-mai\/","og_locale":"fr_FR","og_type":"article","og_title":"COVID 19 : Point sur la situation au 31 mai - Ville de Thiant","og_description":"Informations sur les sorties scolaires, l'organisation de manifestations festives, de r\u00e9unions \u00e9lectorales, de la tenue des bureaux de votes.","og_url":"https:\/\/thiant.fr\/wordpress\/covid-19-point-sur-la-situation-au-31-mai\/","og_site_name":"Ville de Thiant","article_published_time":"2021-05-31T12:41:26+00:00","article_modified_time":"2021-06-02T08:49:57+00:00","og_image":[{"width":730,"height":487,"url":"https:\/\/thiant.fr\/wordpress\/wp-content\/uploads\/2021\/05\/point-310521.png","type":"image\/png"}],"author":"Service communication","twitter_card":"summary_large_image","twitter_misc":{"\u00c9crit par":"Service communication","Dur\u00e9e de lecture estim\u00e9e":"5 minutes"},"schema":{"@context":"https:\/\/schema.org","@graph":[{"@type":"Article","@id":"https:\/\/thiant.fr\/wordpress\/covid-19-point-sur-la-situation-au-31-mai\/#article","isPartOf":{"@id":"https:\/\/thiant.fr\/wordpress\/covid-19-point-sur-la-situation-au-31-mai\/"},"author":{"name":"Service communication","@id":"https:\/\/thiant.fr\/wordpress\/#\/schema\/person\/f41122130d18c0720657431d990451c6"},"headline":"COVID 19 : Point sur la situation au 31 mai","datePublished":"2021-05-31T12:41:26+00:00","dateModified":"2021-06-02T08:49:57+00:00","mainEntityOfPage":{"@id":"https:\/\/thiant.fr\/wordpress\/covid-19-point-sur-la-situation-au-31-mai\/"},"wordCount":962,"publisher":{"@id":"https:\/\/thiant.fr\/wordpress\/#organization"},"image":{"@id":"https:\/\/thiant.fr\/wordpress\/covid-19-point-sur-la-situation-au-31-mai\/#primaryimage"},"thumbnailUrl":"https:\/\/thiant.fr\/wordpress\/wp-content\/uploads\/2021\/05\/point-310521.png","keywords":["bureaux de votes","coronavirus","\u00e9lections","f\u00eate de la musique","f\u00eate nationale","Nord","organisation","point","point situation","pr\u00e9fecture","pr\u00e9fecture du Nord","reserve civique","r\u00e9unions \u00e9lectorales","sorties scolaires"],"articleSection":["COVID-19"],"inLanguage":"fr-FR"},{"@type":"WebPage","@id":"https:\/\/thiant.fr\/wordpress\/covid-19-point-sur-la-situation-au-31-mai\/","url":"https:\/\/thiant.fr\/wordpress\/covid-19-point-sur-la-situation-au-31-mai\/","name":"COVID 19 : Point sur la situation au 31 mai - Ville de Thiant","isPartOf":{"@id":"https:\/\/thiant.fr\/wordpress\/#website"},"primaryImageOfPage":{"@id":"https:\/\/thiant.fr\/wordpress\/covid-19-point-sur-la-situation-au-31-mai\/#primaryimage"},"image":{"@id":"https:\/\/thiant.fr\/wordpress\/covid-19-point-sur-la-situation-au-31-mai\/#primaryimage"},"thumbnailUrl":"https:\/\/thiant.fr\/wordpress\/wp-content\/uploads\/2021\/05\/point-310521.png","datePublished":"2021-05-31T12:41:26+00:00","dateModified":"2021-06-02T08:49:57+00:00","description":"Informations sur les sorties scolaires, l'organisation de manifestations festives, de r\u00e9unions \u00e9lectorales, de la tenue des bureaux de votes.","breadcrumb":{"@id":"https:\/\/thiant.fr\/wordpress\/covid-19-point-sur-la-situation-au-31-mai\/#breadcrumb"},"inLanguage":"fr-FR","potentialAction":[{"@type":"ReadAction","target":["https:\/\/thiant.fr\/wordpress\/covid-19-point-sur-la-situation-au-31-mai\/"]}]},{"@type":"ImageObject","inLanguage":"fr-FR","@id":"https:\/\/thiant.fr\/wordpress\/covid-19-point-sur-la-situation-au-31-mai\/#primaryimage","url":"https:\/\/thiant.fr\/wordpress\/wp-content\/uploads\/2021\/05\/point-310521.png","contentUrl":"https:\/\/thiant.fr\/wordpress\/wp-content\/uploads\/2021\/05\/point-310521.png","width":730,"height":487},{"@type":"BreadcrumbList","@id":"https:\/\/thiant.fr\/wordpress\/covid-19-point-sur-la-situation-au-31-mai\/#breadcrumb","itemListElement":[{"@type":"ListItem","position":1,"name":"Accueil","item":"https:\/\/thiant.fr\/wordpress\/"},{"@type":"ListItem","position":2,"name":"COVID 19 : Point sur la situation au 31 mai"}]},{"@type":"WebSite","@id":"https:\/\/thiant.fr\/wordpress\/#website","url":"https:\/\/thiant.fr\/wordpress\/","name":"Ville de Thiant","description":"Site officiel de la ville de Thiant","publisher":{"@id":"https:\/\/thiant.fr\/wordpress\/#organization"},"potentialAction":[{"@type":"SearchAction","target":{"@type":"EntryPoint","urlTemplate":"https:\/\/thiant.fr\/wordpress\/?s={search_term_string}"},"query-input":{"@type":"PropertyValueSpecification","valueRequired":true,"valueName":"search_term_string"}}],"inLanguage":"fr-FR"},{"@type":"Organization","@id":"https:\/\/thiant.fr\/wordpress\/#organization","name":"Ville de Thiant","url":"https:\/\/thiant.fr\/wordpress\/","logo":{"@type":"ImageObject","inLanguage":"fr-FR","@id":"https:\/\/thiant.fr\/wordpress\/#\/schema\/logo\/image\/","url":"https:\/\/thiant.fr\/wordpress\/wp-content\/uploads\/2019\/08\/Thiant_Illdy_4.png","contentUrl":"https:\/\/thiant.fr\/wordpress\/wp-content\/uploads\/2019\/08\/Thiant_Illdy_4.png","width":105,"height":75,"caption":"Ville de Thiant"},"image":{"@id":"https:\/\/thiant.fr\/wordpress\/#\/schema\/logo\/image\/"}},{"@type":"Person","@id":"https:\/\/thiant.fr\/wordpress\/#\/schema\/person\/f41122130d18c0720657431d990451c6","name":"Service communication","image":{"@type":"ImageObject","inLanguage":"fr-FR","@id":"https:\/\/secure.gravatar.com\/avatar\/527d4f1f1330a82db5a7ea7738ddeb994fd26c4537512a833d99b387808ee250?s=96&r=g","url":"https:\/\/secure.gravatar.com\/avatar\/527d4f1f1330a82db5a7ea7738ddeb994fd26c4537512a833d99b387808ee250?s=96&r=g","contentUrl":"https:\/\/secure.gravatar.com\/avatar\/527d4f1f1330a82db5a7ea7738ddeb994fd26c4537512a833d99b387808ee250?s=96&r=g","caption":"Service communication"},"url":"https:\/\/thiant.fr\/wordpress\/author\/adminwpress\/"}]}},"_links":{"self":[{"href":"https:\/\/thiant.fr\/wordpress\/wp-json\/wp\/v2\/posts\/2785","targetHints":{"allow":["GET"]}}],"collection":[{"href":"https:\/\/thiant.fr\/wordpress\/wp-json\/wp\/v2\/posts"}],"about":[{"href":"https:\/\/thiant.fr\/wordpress\/wp-json\/wp\/v2\/types\/post"}],"author":[{"embeddable":true,"href":"https:\/\/thiant.fr\/wordpress\/wp-json\/wp\/v2\/users\/1"}],"replies":[{"embeddable":true,"href":"https:\/\/thiant.fr\/wordpress\/wp-json\/wp\/v2\/comments?post=2785"}],"version-history":[{"count":0,"href":"https:\/\/thiant.fr\/wordpress\/wp-json\/wp\/v2\/posts\/2785\/revisions"}],"wp:featuredmedia":[{"embeddable":true,"href":"https:\/\/thiant.fr\/wordpress\/wp-json\/wp\/v2\/media\/2787"}],"wp:attachment":[{"href":"https:\/\/thiant.fr\/wordpress\/wp-json\/wp\/v2\/media?parent=2785"}],"wp:term":[{"taxonomy":"category","embeddable":true,"href":"https:\/\/thiant.fr\/wordpress\/wp-json\/wp\/v2\/categories?post=2785"},{"taxonomy":"post_tag","embeddable":true,"href":"https:\/\/thiant.fr\/wordpress\/wp-json\/wp\/v2\/tags?post=2785"}],"curies":[{"name":"wp","href":"https:\/\/api.w.org\/{rel}","templated":true}]}}