{"id":3094,"date":"2021-08-23T15:12:51","date_gmt":"2021-08-23T13:12:51","guid":{"rendered":"https:\/\/thiant.fr\/wordpress\/?p=3094"},"modified":"2021-08-24T10:20:56","modified_gmt":"2021-08-24T08:20:56","slug":"covid-19-point-de-situation-aout-2021","status":"publish","type":"post","link":"https:\/\/thiant.fr\/wordpress\/covid-19-point-de-situation-aout-2021\/","title":{"rendered":"COVID-19 : Point de situation ao\u00fbt 2021"},"content":{"rendered":"\t\t<div data-elementor-type=\"wp-post\" data-elementor-id=\"3094\" class=\"elementor elementor-3094\">\n\t\t\t\t\t\t<section class=\"elementor-section elementor-top-section elementor-element elementor-element-7abe45f elementor-section-boxed elementor-section-height-default elementor-section-height-default\" data-id=\"7abe45f\" data-element_type=\"section\" data-e-type=\"section\">\n\t\t\t\t\t\t<div class=\"elementor-container elementor-column-gap-default\">\n\t\t\t\t\t<div class=\"elementor-column elementor-col-33 elementor-top-column elementor-element elementor-element-43cb46b\" data-id=\"43cb46b\" data-element_type=\"column\" data-e-type=\"column\">\n\t\t\t<div class=\"elementor-widget-wrap elementor-element-populated\">\n\t\t\t\t\t\t<div class=\"elementor-element elementor-element-6cc3385 elementor-widget elementor-widget-image\" data-id=\"6cc3385\" data-element_type=\"widget\" data-e-type=\"widget\" data-widget_type=\"image.default\">\n\t\t\t\t<div class=\"elementor-widget-container\">\n\t\t\t\t\t\t\t\t\t\t\t\t\t\t\t<img decoding=\"async\" width=\"134\" height=\"134\" src=\"https:\/\/thiant.fr\/wordpress\/wp-content\/uploads\/2021\/03\/Logo-Prefet-Nord.png\" class=\"attachment-large size-large wp-image-2547\" alt=\"\" \/>\t\t\t\t\t\t\t\t\t\t\t\t\t\t\t<\/div>\n\t\t\t\t<\/div>\n\t\t\t\t<div class=\"elementor-element elementor-element-7a7dc86 elementor-widget elementor-widget-image\" data-id=\"7a7dc86\" data-element_type=\"widget\" data-e-type=\"widget\" data-widget_type=\"image.default\">\n\t\t\t\t<div class=\"elementor-widget-container\">\n\t\t\t\t\t\t\t\t\t\t\t\t<figure class=\"wp-caption\">\n\t\t\t\t\t\t\t\t\t\t\t<a href=\"https:\/\/thiant.fr\/wordpress\/documents_ext\/COVID-19\/Carte_tx_non_vacc-18_29.pdf\" target=\"_blank\">\n\t\t\t\t\t\t\t<img fetchpriority=\"high\" decoding=\"async\" width=\"300\" height=\"208\" src=\"https:\/\/thiant.fr\/wordpress\/wp-content\/uploads\/2021\/08\/Carte_tx_non_vacc-18_29.webp\" class=\"attachment-large size-large wp-image-3109\" alt=\"\" \/>\t\t\t\t\t\t\t\t<\/a>\n\t\t\t\t\t\t\t\t\t\t\t<figcaption class=\"widget-image-caption wp-caption-text\">Carte du taux des 18 29 ans non vaccin\u00e9s dans le Hainaut<\/figcaption>\n\t\t\t\t\t\t\t\t\t\t<\/figure>\n\t\t\t\t\t\t\t\t\t<\/div>\n\t\t\t\t<\/div>\n\t\t\t\t<div class=\"elementor-element elementor-element-68b424a elementor-widget elementor-widget-image\" data-id=\"68b424a\" data-element_type=\"widget\" data-e-type=\"widget\" data-widget_type=\"image.default\">\n\t\t\t\t<div class=\"elementor-widget-container\">\n\t\t\t\t\t\t\t\t\t\t\t\t<figure class=\"wp-caption\">\n\t\t\t\t\t\t\t\t\t\t\t<a href=\"https:\/\/thiant.fr\/wordpress\/documents_ext\/COVID-19\/Carte_tx_non_vacc-30_39.pdf\" target=\"_blank\">\n\t\t\t\t\t\t\t<img decoding=\"async\" width=\"300\" height=\"208\" src=\"https:\/\/thiant.fr\/wordpress\/wp-content\/uploads\/2021\/08\/Carte_tx_non_vacc-30_39.webp\" class=\"attachment-large size-large wp-image-3110\" alt=\"\" \/>\t\t\t\t\t\t\t\t<\/a>\n\t\t\t\t\t\t\t\t\t\t\t<figcaption class=\"widget-image-caption wp-caption-text\">Carte du taux des 30 39 ans non vaccin\u00e9s dans le Hainaut<\/figcaption>\n\t\t\t\t\t\t\t\t\t\t<\/figure>\n\t\t\t\t\t\t\t\t\t<\/div>\n\t\t\t\t<\/div>\n\t\t\t\t<div class=\"elementor-element elementor-element-2608eec elementor-widget elementor-widget-image\" data-id=\"2608eec\" data-element_type=\"widget\" data-e-type=\"widget\" data-widget_type=\"image.default\">\n\t\t\t\t<div class=\"elementor-widget-container\">\n\t\t\t\t\t\t\t\t\t\t\t\t<figure class=\"wp-caption\">\n\t\t\t\t\t\t\t\t\t\t\t<a href=\"https:\/\/thiant.fr\/wordpress\/documents_ext\/COVID-19\/Carte_tx_non_vacc-40_54.pdf\" target=\"_blank\">\n\t\t\t\t\t\t\t<img loading=\"lazy\" decoding=\"async\" width=\"300\" height=\"208\" src=\"https:\/\/thiant.fr\/wordpress\/wp-content\/uploads\/2021\/08\/Carte_tx_non_vacc-40_54.webp\" class=\"attachment-large size-large wp-image-3114\" alt=\"\" \/>\t\t\t\t\t\t\t\t<\/a>\n\t\t\t\t\t\t\t\t\t\t\t<figcaption class=\"widget-image-caption wp-caption-text\">Carte du taux des 40 54 ans non vaccin\u00e9s dans le Hainaut<\/figcaption>\n\t\t\t\t\t\t\t\t\t\t<\/figure>\n\t\t\t\t\t\t\t\t\t<\/div>\n\t\t\t\t<\/div>\n\t\t\t\t<div class=\"elementor-element elementor-element-175b987 elementor-widget elementor-widget-image\" data-id=\"175b987\" data-element_type=\"widget\" data-e-type=\"widget\" data-widget_type=\"image.default\">\n\t\t\t\t<div class=\"elementor-widget-container\">\n\t\t\t\t\t\t\t\t\t\t\t\t<figure class=\"wp-caption\">\n\t\t\t\t\t\t\t\t\t\t\t<a href=\"https:\/\/thiant.fr\/wordpress\/documents_ext\/COVID-19\/Carte_tx_non_vacc-55_64.pdf\" target=\"_blank\">\n\t\t\t\t\t\t\t<img loading=\"lazy\" decoding=\"async\" width=\"300\" height=\"208\" src=\"https:\/\/thiant.fr\/wordpress\/wp-content\/uploads\/2021\/08\/Carte_tx_non_vacc-55_64.webp\" class=\"attachment-large size-large wp-image-3118\" alt=\"\" \/>\t\t\t\t\t\t\t\t<\/a>\n\t\t\t\t\t\t\t\t\t\t\t<figcaption class=\"widget-image-caption wp-caption-text\">Carte du taux des 55 64 ans non vaccin\u00e9s dans le Hainaut<\/figcaption>\n\t\t\t\t\t\t\t\t\t\t<\/figure>\n\t\t\t\t\t\t\t\t\t<\/div>\n\t\t\t\t<\/div>\n\t\t\t\t<div class=\"elementor-element elementor-element-80f6732 elementor-widget elementor-widget-image\" data-id=\"80f6732\" data-element_type=\"widget\" data-e-type=\"widget\" data-widget_type=\"image.default\">\n\t\t\t\t<div class=\"elementor-widget-container\">\n\t\t\t\t\t\t\t\t\t\t\t\t<figure class=\"wp-caption\">\n\t\t\t\t\t\t\t\t\t\t\t<a href=\"https:\/\/thiant.fr\/wordpress\/documents_ext\/COVID-19\/Carte_tx_non_vacc-65_74.pdf\" target=\"_blank\">\n\t\t\t\t\t\t\t<img loading=\"lazy\" decoding=\"async\" width=\"300\" height=\"204\" src=\"https:\/\/thiant.fr\/wordpress\/wp-content\/uploads\/2021\/08\/Carte_tx_non_vacc-65_74.webp\" class=\"attachment-large size-large wp-image-3122\" alt=\"\" \/>\t\t\t\t\t\t\t\t<\/a>\n\t\t\t\t\t\t\t\t\t\t\t<figcaption class=\"widget-image-caption wp-caption-text\">Carte du taux des 65 74 ans non vaccin\u00e9s dans le Hainaut<\/figcaption>\n\t\t\t\t\t\t\t\t\t\t<\/figure>\n\t\t\t\t\t\t\t\t\t<\/div>\n\t\t\t\t<\/div>\n\t\t\t\t<div class=\"elementor-element elementor-element-b311e8e elementor-widget elementor-widget-image\" data-id=\"b311e8e\" data-element_type=\"widget\" data-e-type=\"widget\" data-widget_type=\"image.default\">\n\t\t\t\t<div class=\"elementor-widget-container\">\n\t\t\t\t\t\t\t\t\t\t\t\t<figure class=\"wp-caption\">\n\t\t\t\t\t\t\t\t\t\t\t<a href=\"https:\/\/thiant.fr\/wordpress\/documents_ext\/COVID-19\/Carte_tx_non_vacc-75ans_et-plus.pdf\" target=\"_blank\">\n\t\t\t\t\t\t\t<img loading=\"lazy\" decoding=\"async\" width=\"299\" height=\"208\" src=\"https:\/\/thiant.fr\/wordpress\/wp-content\/uploads\/2021\/08\/Carte_tx_non_vacc-75ans_et-plus.webp\" class=\"attachment-large size-large wp-image-3126\" alt=\"\" \/>\t\t\t\t\t\t\t\t<\/a>\n\t\t\t\t\t\t\t\t\t\t\t<figcaption class=\"widget-image-caption wp-caption-text\">Carte du taux des 75 ans et plus non vaccin\u00e9s dans le Hainaut<\/figcaption>\n\t\t\t\t\t\t\t\t\t\t<\/figure>\n\t\t\t\t\t\t\t\t\t<\/div>\n\t\t\t\t<\/div>\n\t\t\t\t\t<\/div>\n\t\t<\/div>\n\t\t\t\t<div class=\"elementor-column elementor-col-66 elementor-top-column elementor-element elementor-element-d06ff41\" data-id=\"d06ff41\" data-element_type=\"column\" data-e-type=\"column\">\n\t\t\t<div class=\"elementor-widget-wrap elementor-element-populated\">\n\t\t\t\t\t\t<div class=\"elementor-element elementor-element-52c85c4 elementor-widget elementor-widget-text-editor\" data-id=\"52c85c4\" data-element_type=\"widget\" data-e-type=\"widget\" data-widget_type=\"text-editor.default\">\n\t\t\t\t<div class=\"elementor-widget-container\">\n\t\t\t\t\t\t\t\t\t<p><strong><span style=\"color: #333333;\">Dans le Nord, au 9 ao\u00fbt, le taux d&#8217;incidence a atteint 150 pour l&#8217;ensemble de la population. Au 12 ao\u00fbt, il atteignait 183,8 pour 100 000 habitants. La circulation du virus s&#8217;acc\u00e9l\u00e8re, en particulier dans les agglom\u00e9rations les plus importantes.<\/span><\/strong><\/p><p><span style=\"color: #333333;\">Dans ce contexte,<strong> la vaccination demeure la premi\u00e8re des priorit\u00e9s<\/strong> et c&#8217;est pourquoi les centres de vaccination sont rest\u00e9s ouverts cet \u00e9t\u00e9, avec la possibilit\u00e9 de vaccination sans rendez-vous et la mise en place d&#8217;\u00e9quipes mobiles et de &#8220;<em>vaccinobus<\/em>&#8220;. Depuis le mois de janvier, c&#8217;est pr\u00e8s de <strong>3 millions de doses qui ont \u00e9t\u00e9 inject\u00e9s dans le Nord.<\/strong><\/span><\/p><p><span style=\"color: #333333;\">Le respect des gestes barri\u00e8res reste lui aussi indispensable. C&#8217;est pourquoi, l&#8217;<strong>obligation du port du masque<\/strong> dans les zones \u00e0 forte concentration de personnes (hors plages et espaces naturels) a \u00e9t\u00e9 remis en place dans neuf communes du littoral ainsi que sur les aires d&#8217;autoroutes. Il est de nouveau obligatoire, <strong>jusqu&#8217;au 16 septembre<\/strong>, pour les personnes de 11 ans et plus, sur la voie publique et dans les espaces ouverts au public dans les circonstances suivantes :<\/span><\/p><ul><li style=\"list-style-type: none;\"><ul><li><span style=\"color: #333333;\">aux abords, dans un rayon de 50 m\u00e8tres :<\/span><br \/><span style=\"color: #333333;\">&#8211; des march\u00e9s, braderies, brocantes, vides-greniers et autres ventes au d\u00e9ballage, <\/span><span style=\"color: #333333;\"><span style=\"text-decoration: underline;\">ainsi qu\u2019\u00e0 l\u2019int\u00e9rieur de ceux-ci<\/span>, qu\u2019ils se tiennent dans des espaces couverts ou en <\/span><span style=\"color: #333333;\">plein-air ;<\/span><br \/><span style=\"color: #333333;\">&#8211; des entr\u00e9es des centres commerciaux les samedis et dimanches ;<\/span><br \/><span style=\"color: #333333;\">&#8211; des entr\u00e9es des \u00e9tablissements scolaires et universitaires ;<\/span><br \/><span style=\"color: #333333;\">&#8211; des entr\u00e9es des lieux de culte aux jours et heures de la tenue des offices et <\/span><span style=\"color: #333333;\">c\u00e9r\u00e9monies ;<\/span><br \/><span style=\"color: #333333;\">&#8211; des stations et lieux d\u2019arr\u00eat des transports collectifs de voyageurs.<\/span><br \/><span style=\"color: #333333;\">\u2022 dans les files d\u2019attente de toute nature ;<\/span><br \/><span style=\"color: #333333;\">\u2022 \u00e0 l\u2019occasion de tout regroupement de plus de 10 personnes (dont les manifestations <\/span><span style=\"color: #333333;\">revendicatives) ;<\/span><br \/><span style=\"color: #333333;\">\u2022 dans les zones pi\u00e9tonnes, permanentes ou temporaires, les samedis et jours <\/span><span style=\"color: #333333;\">d\u2019\u00e9v\u00e9nements particuliers ;<\/span><br \/><span style=\"color: #333333;\">\u2022 dans les espaces r\u00e9serv\u00e9s aux spectateurs des enceintes sportives de plein air ;<\/span><br \/><span style=\"color: #333333;\">\u2022 dans les f\u00eates foraines.<\/span><\/li><\/ul><\/li><\/ul><p><span style=\"color: #333333;\">Les<strong> plages, parcs et jardins ne sont pas soumis \u00e0 l\u2019obligation du port du masque<\/strong> tout comme les <strong>cyclistes et les personnes pratiquant une activit\u00e9s sportive intense<\/strong>. Il ne s&#8217;applique pas non plus aux<strong> personnes en situation de handicap<\/strong> munies d&#8217;un certificat m\u00e9dical justifiant de cette d\u00e9rogation et qui mettent en \u0153uvre les mesures sanitaires appropri\u00e9es.<\/span><\/p><p><span style=\"color: #333333;\">Dans les<strong> communes du littoral<\/strong> du d\u00e9partement (Bray-Dunes, Dunkerque, <\/span><span style=\"color: #333333;\">Ghyvelde, Grande-Synthe, Grand-Fort-Philippe, Gravelines, Leffrinckoucke, Loon-Plage et <\/span><span style=\"color: #333333;\">Zuydcoote), le <strong>port du masque est obligatoire dans les zones \u00e0 forte concentration de <\/strong><\/span><span style=\"color: #333333;\"><strong>population.<\/strong> Ces zones sont mat\u00e9rialis\u00e9es par les municipalit\u00e9s.<\/span><\/p><p><span style=\"color: #333333;\"><strong>Depuis le 9 ao\u00fbt, le pass sanitaire est obligatoire<\/strong> pour l&#8217;ensemble des lieux d&#8217;activit\u00e9s et de loisirs, les lieux de convivialit\u00e9, de sant\u00e9 et de prise en charge de la d\u00e9pendance, ainsi que les transports publics.<\/span><\/p><p><span style=\"color: #333333;\"><strong>A compter du 30 ao\u00fbt 2021, le pass sanitaire s&#8217;appliquera \u00e9galement<\/strong> aux personnes et aux salari\u00e9s qui interviennent dans ces lieux, \u00e9tablissements, services ou \u00e9v\u00e9nements. Il sera <strong>obligatoire pour les mineurs<\/strong> de 12 \u00e0 17 ans<strong> \u00e0 compter du 30 septembre 2021.<\/strong><\/span><\/p><p><span style=\"color: #333333;\">Pour rappel, le pass sanitaire consiste en la pr\u00e9sence num\u00e9rique ou papier d&#8217;une preuve :<\/span><\/p><ul><li style=\"list-style-type: none;\"><ul><li><span style=\"color: #333333;\">de la vaccination, \u00e0 la condition que les personnes disposent d&#8217;un sch\u00e9ma vaccinal complet et du d\u00e9lai n\u00e9cessaire apr\u00e8s l&#8217;injection finale ;<\/span><\/li><li><span style=\"color: #333333;\">d&#8217;un certificat de test n\u00e9gatif de moins de 72 heures ;<\/span><\/li><li><span style=\"color: #333333;\">d&#8217;un test RT-PCR ou antig\u00e9nique positif attestant du r\u00e9tablissement de la Covid-19, datant d&#8217;au moins 11 jours et de moins de 6 mois.<\/span><\/li><\/ul><\/li><\/ul><p><span style=\"color: #333333;\">Vous pouvez envoyer vos questions sur la mise en place du pass sanitaire \u00e0 l&#8217;adresse suivante : <a href=\"mailto:pref-covid19@nord.gouv.fr\">pref-covid19@nord.gouv.fr<\/a><\/span><\/p>\t\t\t\t\t\t\t\t<\/div>\n\t\t\t\t<\/div>\n\t\t\t\t\t<\/div>\n\t\t<\/div>\n\t\t\t\t\t<\/div>\n\t\t<\/section>\n\t\t\t\t<section class=\"elementor-section elementor-top-section elementor-element elementor-element-fe4c1b7 elementor-section-boxed elementor-section-height-default elementor-section-height-default\" data-id=\"fe4c1b7\" data-element_type=\"section\" data-e-type=\"section\">\n\t\t\t\t\t\t<div class=\"elementor-container elementor-column-gap-default\">\n\t\t\t\t\t<div class=\"elementor-column elementor-col-100 elementor-top-column elementor-element elementor-element-1bf5fa2\" data-id=\"1bf5fa2\" data-element_type=\"column\" data-e-type=\"column\">\n\t\t\t<div class=\"elementor-widget-wrap elementor-element-populated\">\n\t\t\t\t\t\t<div class=\"elementor-element elementor-element-f4d0668 elementor-widget elementor-widget-image\" data-id=\"f4d0668\" data-element_type=\"widget\" data-e-type=\"widget\" data-widget_type=\"image.default\">\n\t\t\t\t<div class=\"elementor-widget-container\">\n\t\t\t\t\t\t\t\t\t\t\t\t\t\t\t<img loading=\"lazy\" decoding=\"async\" width=\"730\" height=\"1010\" src=\"https:\/\/thiant.fr\/wordpress\/wp-content\/uploads\/2021\/08\/Flyer-Vaccination-Ados.webp\" class=\"attachment-large size-large wp-image-3130\" alt=\"\" srcset=\"https:\/\/thiant.fr\/wordpress\/wp-content\/uploads\/2021\/08\/Flyer-Vaccination-Ados.webp 730w, https:\/\/thiant.fr\/wordpress\/wp-content\/uploads\/2021\/08\/Flyer-Vaccination-Ados-217x300.webp 217w\" sizes=\"(max-width: 730px) 100vw, 730px\" \/>\t\t\t\t\t\t\t\t\t\t\t\t\t\t\t<\/div>\n\t\t\t\t<\/div>\n\t\t\t\t\t<\/div>\n\t\t<\/div>\n\t\t\t\t\t<\/div>\n\t\t<\/section>\n\t\t\t\t<\/div>\n\t\t","protected":false},"excerpt":{"rendered":"<p>Carte du taux des 18 29 ans non vaccin\u00e9s dans le Hainaut Carte du taux des 30 39 ans non vaccin\u00e9s dans le Hainaut Carte du taux des 40 54 ans non vaccin\u00e9s dans le Hainaut Carte du taux des 55 64 ans non vaccin\u00e9s dans le Hainaut Carte du taux des 65 74 ans [&hellip;]<\/p>\n","protected":false},"author":1,"featured_media":3095,"comment_status":"closed","ping_status":"closed","sticky":false,"template":"","format":"standard","meta":{"_crdt_document":"","ocean_post_layout":"","ocean_both_sidebars_style":"","ocean_both_sidebars_content_width":0,"ocean_both_sidebars_sidebars_width":0,"ocean_sidebar":"0","ocean_second_sidebar":"0","ocean_disable_margins":"enable","ocean_add_body_class":"","ocean_shortcode_before_top_bar":"","ocean_shortcode_after_top_bar":"","ocean_shortcode_before_header":"","ocean_shortcode_after_header":"","ocean_has_shortcode":"","ocean_shortcode_after_title":"","ocean_shortcode_before_footer_widgets":"","ocean_shortcode_after_footer_widgets":"","ocean_shortcode_before_footer_bottom":"","ocean_shortcode_after_footer_bottom":"","ocean_display_top_bar":"default","ocean_display_header":"default","ocean_header_style":"","ocean_center_header_left_menu":"0","ocean_custom_header_template":"0","ocean_custom_logo":0,"ocean_custom_retina_logo":0,"ocean_custom_logo_max_width":0,"ocean_custom_logo_tablet_max_width":0,"ocean_custom_logo_mobile_max_width":0,"ocean_custom_logo_max_height":0,"ocean_custom_logo_tablet_max_height":0,"ocean_custom_logo_mobile_max_height":0,"ocean_header_custom_menu":"0","ocean_menu_typo_font_family":"0","ocean_menu_typo_font_subset":"","ocean_menu_typo_font_size":0,"ocean_menu_typo_font_size_tablet":0,"ocean_menu_typo_font_size_mobile":0,"ocean_menu_typo_font_size_unit":"px","ocean_menu_typo_font_weight":"","ocean_menu_typo_font_weight_tablet":"","ocean_menu_typo_font_weight_mobile":"","ocean_menu_typo_transform":"","ocean_menu_typo_transform_tablet":"","ocean_menu_typo_transform_mobile":"","ocean_menu_typo_line_height":0,"ocean_menu_typo_line_height_tablet":0,"ocean_menu_typo_line_height_mobile":0,"ocean_menu_typo_line_height_unit":"","ocean_menu_typo_spacing":0,"ocean_menu_typo_spacing_tablet":0,"ocean_menu_typo_spacing_mobile":0,"ocean_menu_typo_spacing_unit":"","ocean_menu_link_color":"","ocean_menu_link_color_hover":"","ocean_menu_link_color_active":"","ocean_menu_link_background":"","ocean_menu_link_hover_background":"","ocean_menu_link_active_background":"","ocean_menu_social_links_bg":"","ocean_menu_social_hover_links_bg":"","ocean_menu_social_links_color":"","ocean_menu_social_hover_links_color":"","ocean_disable_title":"default","ocean_disable_heading":"default","ocean_post_title":"","ocean_post_subheading":"","ocean_post_title_style":"","ocean_post_title_background_color":"","ocean_post_title_background":0,"ocean_post_title_bg_image_position":"","ocean_post_title_bg_image_attachment":"","ocean_post_title_bg_image_repeat":"","ocean_post_title_bg_image_size":"","ocean_post_title_height":0,"ocean_post_title_bg_overlay":0.5,"ocean_post_title_bg_overlay_color":"","ocean_disable_breadcrumbs":"default","ocean_breadcrumbs_color":"","ocean_breadcrumbs_separator_color":"","ocean_breadcrumbs_links_color":"","ocean_breadcrumbs_links_hover_color":"","ocean_display_footer_widgets":"default","ocean_display_footer_bottom":"default","ocean_custom_footer_template":"0","ocean_post_oembed":"","ocean_post_self_hosted_media":"","ocean_post_video_embed":"","ocean_link_format":"","ocean_link_format_target":"self","ocean_quote_format":"","ocean_quote_format_link":"post","ocean_gallery_link_images":"off","ocean_gallery_id":[],"footnotes":""},"categories":[271],"tags":[],"class_list":["post-3094","post","type-post","status-publish","format-standard","has-post-thumbnail","hentry","category-covid-19","entry","has-media"],"yoast_head":"<!-- This site is optimized with the Yoast SEO plugin v27.3 - https:\/\/yoast.com\/product\/yoast-seo-wordpress\/ -->\n<title>COVID-19 : Point de situation ao\u00fbt 2021 - Ville de Thiant<\/title>\n<meta name=\"description\" content=\"La mise en place du pass sanitaire, la prolongation du port du masque et les mesures suppl\u00e9mentaires de freinage de l&#039;\u00e9pid\u00e9mie\" \/>\n<meta name=\"robots\" content=\"index, follow, max-snippet:-1, max-image-preview:large, max-video-preview:-1\" \/>\n<link rel=\"canonical\" href=\"https:\/\/thiant.fr\/wordpress\/covid-19-point-de-situation-aout-2021\/\" \/>\n<meta property=\"og:locale\" content=\"fr_FR\" \/>\n<meta property=\"og:type\" content=\"article\" \/>\n<meta property=\"og:title\" content=\"COVID-19 : Point de situation ao\u00fbt 2021 - Ville de Thiant\" \/>\n<meta property=\"og:description\" content=\"La mise en place du pass sanitaire, la prolongation du port du masque et les mesures suppl\u00e9mentaires de freinage de l&#039;\u00e9pid\u00e9mie\" \/>\n<meta property=\"og:url\" content=\"https:\/\/thiant.fr\/wordpress\/covid-19-point-de-situation-aout-2021\/\" \/>\n<meta property=\"og:site_name\" content=\"Ville de Thiant\" \/>\n<meta property=\"article:published_time\" content=\"2021-08-23T13:12:51+00:00\" \/>\n<meta property=\"article:modified_time\" content=\"2021-08-24T08:20:56+00:00\" \/>\n<meta property=\"og:image\" content=\"https:\/\/thiant.fr\/wordpress\/wp-content\/uploads\/2021\/08\/pass-sanitaire.webp\" \/>\n\t<meta property=\"og:image:width\" content=\"730\" \/>\n\t<meta property=\"og:image:height\" content=\"486\" \/>\n\t<meta property=\"og:image:type\" content=\"image\/webp\" \/>\n<meta name=\"author\" content=\"Service communication\" \/>\n<meta name=\"twitter:card\" content=\"summary_large_image\" \/>\n<meta name=\"twitter:label1\" content=\"\u00c9crit par\" \/>\n\t<meta name=\"twitter:data1\" content=\"Service communication\" \/>\n\t<meta name=\"twitter:label2\" content=\"Dur\u00e9e de lecture estim\u00e9e\" \/>\n\t<meta name=\"twitter:data2\" content=\"5 minutes\" \/>\n<script type=\"application\/ld+json\" class=\"yoast-schema-graph\">{\"@context\":\"https:\\\/\\\/schema.org\",\"@graph\":[{\"@type\":\"Article\",\"@id\":\"https:\\\/\\\/thiant.fr\\\/wordpress\\\/covid-19-point-de-situation-aout-2021\\\/#article\",\"isPartOf\":{\"@id\":\"https:\\\/\\\/thiant.fr\\\/wordpress\\\/covid-19-point-de-situation-aout-2021\\\/\"},\"author\":{\"name\":\"Service communication\",\"@id\":\"https:\\\/\\\/thiant.fr\\\/wordpress\\\/#\\\/schema\\\/person\\\/f41122130d18c0720657431d990451c6\"},\"headline\":\"COVID-19 : Point de situation ao\u00fbt 2021\",\"datePublished\":\"2021-08-23T13:12:51+00:00\",\"dateModified\":\"2021-08-24T08:20:56+00:00\",\"mainEntityOfPage\":{\"@id\":\"https:\\\/\\\/thiant.fr\\\/wordpress\\\/covid-19-point-de-situation-aout-2021\\\/\"},\"wordCount\":688,\"publisher\":{\"@id\":\"https:\\\/\\\/thiant.fr\\\/wordpress\\\/#organization\"},\"image\":{\"@id\":\"https:\\\/\\\/thiant.fr\\\/wordpress\\\/covid-19-point-de-situation-aout-2021\\\/#primaryimage\"},\"thumbnailUrl\":\"https:\\\/\\\/thiant.fr\\\/wordpress\\\/wp-content\\\/uploads\\\/2021\\\/08\\\/pass-sanitaire.webp\",\"articleSection\":[\"COVID-19\"],\"inLanguage\":\"fr-FR\"},{\"@type\":\"WebPage\",\"@id\":\"https:\\\/\\\/thiant.fr\\\/wordpress\\\/covid-19-point-de-situation-aout-2021\\\/\",\"url\":\"https:\\\/\\\/thiant.fr\\\/wordpress\\\/covid-19-point-de-situation-aout-2021\\\/\",\"name\":\"COVID-19 : Point de situation ao\u00fbt 2021 - Ville de Thiant\",\"isPartOf\":{\"@id\":\"https:\\\/\\\/thiant.fr\\\/wordpress\\\/#website\"},\"primaryImageOfPage\":{\"@id\":\"https:\\\/\\\/thiant.fr\\\/wordpress\\\/covid-19-point-de-situation-aout-2021\\\/#primaryimage\"},\"image\":{\"@id\":\"https:\\\/\\\/thiant.fr\\\/wordpress\\\/covid-19-point-de-situation-aout-2021\\\/#primaryimage\"},\"thumbnailUrl\":\"https:\\\/\\\/thiant.fr\\\/wordpress\\\/wp-content\\\/uploads\\\/2021\\\/08\\\/pass-sanitaire.webp\",\"datePublished\":\"2021-08-23T13:12:51+00:00\",\"dateModified\":\"2021-08-24T08:20:56+00:00\",\"description\":\"La mise en place du pass sanitaire, la prolongation du port du masque et les mesures suppl\u00e9mentaires de freinage de l'\u00e9pid\u00e9mie\",\"breadcrumb\":{\"@id\":\"https:\\\/\\\/thiant.fr\\\/wordpress\\\/covid-19-point-de-situation-aout-2021\\\/#breadcrumb\"},\"inLanguage\":\"fr-FR\",\"potentialAction\":[{\"@type\":\"ReadAction\",\"target\":[\"https:\\\/\\\/thiant.fr\\\/wordpress\\\/covid-19-point-de-situation-aout-2021\\\/\"]}]},{\"@type\":\"ImageObject\",\"inLanguage\":\"fr-FR\",\"@id\":\"https:\\\/\\\/thiant.fr\\\/wordpress\\\/covid-19-point-de-situation-aout-2021\\\/#primaryimage\",\"url\":\"https:\\\/\\\/thiant.fr\\\/wordpress\\\/wp-content\\\/uploads\\\/2021\\\/08\\\/pass-sanitaire.webp\",\"contentUrl\":\"https:\\\/\\\/thiant.fr\\\/wordpress\\\/wp-content\\\/uploads\\\/2021\\\/08\\\/pass-sanitaire.webp\",\"width\":730,\"height\":486},{\"@type\":\"BreadcrumbList\",\"@id\":\"https:\\\/\\\/thiant.fr\\\/wordpress\\\/covid-19-point-de-situation-aout-2021\\\/#breadcrumb\",\"itemListElement\":[{\"@type\":\"ListItem\",\"position\":1,\"name\":\"Accueil\",\"item\":\"https:\\\/\\\/thiant.fr\\\/wordpress\\\/\"},{\"@type\":\"ListItem\",\"position\":2,\"name\":\"COVID-19 : Point de situation ao\u00fbt 2021\"}]},{\"@type\":\"WebSite\",\"@id\":\"https:\\\/\\\/thiant.fr\\\/wordpress\\\/#website\",\"url\":\"https:\\\/\\\/thiant.fr\\\/wordpress\\\/\",\"name\":\"Ville de Thiant\",\"description\":\"Site officiel de la ville de Thiant\",\"publisher\":{\"@id\":\"https:\\\/\\\/thiant.fr\\\/wordpress\\\/#organization\"},\"potentialAction\":[{\"@type\":\"SearchAction\",\"target\":{\"@type\":\"EntryPoint\",\"urlTemplate\":\"https:\\\/\\\/thiant.fr\\\/wordpress\\\/?s={search_term_string}\"},\"query-input\":{\"@type\":\"PropertyValueSpecification\",\"valueRequired\":true,\"valueName\":\"search_term_string\"}}],\"inLanguage\":\"fr-FR\"},{\"@type\":\"Organization\",\"@id\":\"https:\\\/\\\/thiant.fr\\\/wordpress\\\/#organization\",\"name\":\"Ville de Thiant\",\"url\":\"https:\\\/\\\/thiant.fr\\\/wordpress\\\/\",\"logo\":{\"@type\":\"ImageObject\",\"inLanguage\":\"fr-FR\",\"@id\":\"https:\\\/\\\/thiant.fr\\\/wordpress\\\/#\\\/schema\\\/logo\\\/image\\\/\",\"url\":\"https:\\\/\\\/thiant.fr\\\/wordpress\\\/wp-content\\\/uploads\\\/2019\\\/08\\\/Thiant_Illdy_4.png\",\"contentUrl\":\"https:\\\/\\\/thiant.fr\\\/wordpress\\\/wp-content\\\/uploads\\\/2019\\\/08\\\/Thiant_Illdy_4.png\",\"width\":105,\"height\":75,\"caption\":\"Ville de Thiant\"},\"image\":{\"@id\":\"https:\\\/\\\/thiant.fr\\\/wordpress\\\/#\\\/schema\\\/logo\\\/image\\\/\"}},{\"@type\":\"Person\",\"@id\":\"https:\\\/\\\/thiant.fr\\\/wordpress\\\/#\\\/schema\\\/person\\\/f41122130d18c0720657431d990451c6\",\"name\":\"Service communication\",\"image\":{\"@type\":\"ImageObject\",\"inLanguage\":\"fr-FR\",\"@id\":\"https:\\\/\\\/secure.gravatar.com\\\/avatar\\\/527d4f1f1330a82db5a7ea7738ddeb994fd26c4537512a833d99b387808ee250?s=96&r=g\",\"url\":\"https:\\\/\\\/secure.gravatar.com\\\/avatar\\\/527d4f1f1330a82db5a7ea7738ddeb994fd26c4537512a833d99b387808ee250?s=96&r=g\",\"contentUrl\":\"https:\\\/\\\/secure.gravatar.com\\\/avatar\\\/527d4f1f1330a82db5a7ea7738ddeb994fd26c4537512a833d99b387808ee250?s=96&r=g\",\"caption\":\"Service communication\"},\"url\":\"https:\\\/\\\/thiant.fr\\\/wordpress\\\/author\\\/adminwpress\\\/\"}]}<\/script>\n<!-- \/ Yoast SEO plugin. -->","yoast_head_json":{"title":"COVID-19 : Point de situation ao\u00fbt 2021 - Ville de Thiant","description":"La mise en place du pass sanitaire, la prolongation du port du masque et les mesures suppl\u00e9mentaires de freinage de l'\u00e9pid\u00e9mie","robots":{"index":"index","follow":"follow","max-snippet":"max-snippet:-1","max-image-preview":"max-image-preview:large","max-video-preview":"max-video-preview:-1"},"canonical":"https:\/\/thiant.fr\/wordpress\/covid-19-point-de-situation-aout-2021\/","og_locale":"fr_FR","og_type":"article","og_title":"COVID-19 : Point de situation ao\u00fbt 2021 - Ville de Thiant","og_description":"La mise en place du pass sanitaire, la prolongation du port du masque et les mesures suppl\u00e9mentaires de freinage de l'\u00e9pid\u00e9mie","og_url":"https:\/\/thiant.fr\/wordpress\/covid-19-point-de-situation-aout-2021\/","og_site_name":"Ville de Thiant","article_published_time":"2021-08-23T13:12:51+00:00","article_modified_time":"2021-08-24T08:20:56+00:00","og_image":[{"width":730,"height":486,"url":"https:\/\/thiant.fr\/wordpress\/wp-content\/uploads\/2021\/08\/pass-sanitaire.webp","type":"image\/webp"}],"author":"Service communication","twitter_card":"summary_large_image","twitter_misc":{"\u00c9crit par":"Service communication","Dur\u00e9e de lecture estim\u00e9e":"5 minutes"},"schema":{"@context":"https:\/\/schema.org","@graph":[{"@type":"Article","@id":"https:\/\/thiant.fr\/wordpress\/covid-19-point-de-situation-aout-2021\/#article","isPartOf":{"@id":"https:\/\/thiant.fr\/wordpress\/covid-19-point-de-situation-aout-2021\/"},"author":{"name":"Service communication","@id":"https:\/\/thiant.fr\/wordpress\/#\/schema\/person\/f41122130d18c0720657431d990451c6"},"headline":"COVID-19 : Point de situation ao\u00fbt 2021","datePublished":"2021-08-23T13:12:51+00:00","dateModified":"2021-08-24T08:20:56+00:00","mainEntityOfPage":{"@id":"https:\/\/thiant.fr\/wordpress\/covid-19-point-de-situation-aout-2021\/"},"wordCount":688,"publisher":{"@id":"https:\/\/thiant.fr\/wordpress\/#organization"},"image":{"@id":"https:\/\/thiant.fr\/wordpress\/covid-19-point-de-situation-aout-2021\/#primaryimage"},"thumbnailUrl":"https:\/\/thiant.fr\/wordpress\/wp-content\/uploads\/2021\/08\/pass-sanitaire.webp","articleSection":["COVID-19"],"inLanguage":"fr-FR"},{"@type":"WebPage","@id":"https:\/\/thiant.fr\/wordpress\/covid-19-point-de-situation-aout-2021\/","url":"https:\/\/thiant.fr\/wordpress\/covid-19-point-de-situation-aout-2021\/","name":"COVID-19 : Point de situation ao\u00fbt 2021 - Ville de Thiant","isPartOf":{"@id":"https:\/\/thiant.fr\/wordpress\/#website"},"primaryImageOfPage":{"@id":"https:\/\/thiant.fr\/wordpress\/covid-19-point-de-situation-aout-2021\/#primaryimage"},"image":{"@id":"https:\/\/thiant.fr\/wordpress\/covid-19-point-de-situation-aout-2021\/#primaryimage"},"thumbnailUrl":"https:\/\/thiant.fr\/wordpress\/wp-content\/uploads\/2021\/08\/pass-sanitaire.webp","datePublished":"2021-08-23T13:12:51+00:00","dateModified":"2021-08-24T08:20:56+00:00","description":"La mise en place du pass sanitaire, la prolongation du port du masque et les mesures suppl\u00e9mentaires de freinage de l'\u00e9pid\u00e9mie","breadcrumb":{"@id":"https:\/\/thiant.fr\/wordpress\/covid-19-point-de-situation-aout-2021\/#breadcrumb"},"inLanguage":"fr-FR","potentialAction":[{"@type":"ReadAction","target":["https:\/\/thiant.fr\/wordpress\/covid-19-point-de-situation-aout-2021\/"]}]},{"@type":"ImageObject","inLanguage":"fr-FR","@id":"https:\/\/thiant.fr\/wordpress\/covid-19-point-de-situation-aout-2021\/#primaryimage","url":"https:\/\/thiant.fr\/wordpress\/wp-content\/uploads\/2021\/08\/pass-sanitaire.webp","contentUrl":"https:\/\/thiant.fr\/wordpress\/wp-content\/uploads\/2021\/08\/pass-sanitaire.webp","width":730,"height":486},{"@type":"BreadcrumbList","@id":"https:\/\/thiant.fr\/wordpress\/covid-19-point-de-situation-aout-2021\/#breadcrumb","itemListElement":[{"@type":"ListItem","position":1,"name":"Accueil","item":"https:\/\/thiant.fr\/wordpress\/"},{"@type":"ListItem","position":2,"name":"COVID-19 : Point de situation ao\u00fbt 2021"}]},{"@type":"WebSite","@id":"https:\/\/thiant.fr\/wordpress\/#website","url":"https:\/\/thiant.fr\/wordpress\/","name":"Ville de Thiant","description":"Site officiel de la ville de Thiant","publisher":{"@id":"https:\/\/thiant.fr\/wordpress\/#organization"},"potentialAction":[{"@type":"SearchAction","target":{"@type":"EntryPoint","urlTemplate":"https:\/\/thiant.fr\/wordpress\/?s={search_term_string}"},"query-input":{"@type":"PropertyValueSpecification","valueRequired":true,"valueName":"search_term_string"}}],"inLanguage":"fr-FR"},{"@type":"Organization","@id":"https:\/\/thiant.fr\/wordpress\/#organization","name":"Ville de Thiant","url":"https:\/\/thiant.fr\/wordpress\/","logo":{"@type":"ImageObject","inLanguage":"fr-FR","@id":"https:\/\/thiant.fr\/wordpress\/#\/schema\/logo\/image\/","url":"https:\/\/thiant.fr\/wordpress\/wp-content\/uploads\/2019\/08\/Thiant_Illdy_4.png","contentUrl":"https:\/\/thiant.fr\/wordpress\/wp-content\/uploads\/2019\/08\/Thiant_Illdy_4.png","width":105,"height":75,"caption":"Ville de Thiant"},"image":{"@id":"https:\/\/thiant.fr\/wordpress\/#\/schema\/logo\/image\/"}},{"@type":"Person","@id":"https:\/\/thiant.fr\/wordpress\/#\/schema\/person\/f41122130d18c0720657431d990451c6","name":"Service communication","image":{"@type":"ImageObject","inLanguage":"fr-FR","@id":"https:\/\/secure.gravatar.com\/avatar\/527d4f1f1330a82db5a7ea7738ddeb994fd26c4537512a833d99b387808ee250?s=96&r=g","url":"https:\/\/secure.gravatar.com\/avatar\/527d4f1f1330a82db5a7ea7738ddeb994fd26c4537512a833d99b387808ee250?s=96&r=g","contentUrl":"https:\/\/secure.gravatar.com\/avatar\/527d4f1f1330a82db5a7ea7738ddeb994fd26c4537512a833d99b387808ee250?s=96&r=g","caption":"Service communication"},"url":"https:\/\/thiant.fr\/wordpress\/author\/adminwpress\/"}]}},"_links":{"self":[{"href":"https:\/\/thiant.fr\/wordpress\/wp-json\/wp\/v2\/posts\/3094","targetHints":{"allow":["GET"]}}],"collection":[{"href":"https:\/\/thiant.fr\/wordpress\/wp-json\/wp\/v2\/posts"}],"about":[{"href":"https:\/\/thiant.fr\/wordpress\/wp-json\/wp\/v2\/types\/post"}],"author":[{"embeddable":true,"href":"https:\/\/thiant.fr\/wordpress\/wp-json\/wp\/v2\/users\/1"}],"replies":[{"embeddable":true,"href":"https:\/\/thiant.fr\/wordpress\/wp-json\/wp\/v2\/comments?post=3094"}],"version-history":[{"count":0,"href":"https:\/\/thiant.fr\/wordpress\/wp-json\/wp\/v2\/posts\/3094\/revisions"}],"wp:featuredmedia":[{"embeddable":true,"href":"https:\/\/thiant.fr\/wordpress\/wp-json\/wp\/v2\/media\/3095"}],"wp:attachment":[{"href":"https:\/\/thiant.fr\/wordpress\/wp-json\/wp\/v2\/media?parent=3094"}],"wp:term":[{"taxonomy":"category","embeddable":true,"href":"https:\/\/thiant.fr\/wordpress\/wp-json\/wp\/v2\/categories?post=3094"},{"taxonomy":"post_tag","embeddable":true,"href":"https:\/\/thiant.fr\/wordpress\/wp-json\/wp\/v2\/tags?post=3094"}],"curies":[{"name":"wp","href":"https:\/\/api.w.org\/{rel}","templated":true}]}}