{"id":3292,"date":"2021-09-17T11:47:51","date_gmt":"2021-09-17T09:47:51","guid":{"rendered":"https:\/\/thiant.fr\/wordpress\/?p=3292"},"modified":"2021-09-17T11:49:29","modified_gmt":"2021-09-17T09:49:29","slug":"ateliers-numeriques-le-retour","status":"publish","type":"post","link":"https:\/\/thiant.fr\/wordpress\/ateliers-numeriques-le-retour\/","title":{"rendered":"Ateliers num\u00e9riques, le retour !"},"content":{"rendered":"\t\t<div data-elementor-type=\"wp-post\" data-elementor-id=\"3292\" class=\"elementor elementor-3292\">\n\t\t\t\t\t\t<section class=\"elementor-section elementor-top-section elementor-element elementor-element-0faad79 elementor-section-boxed elementor-section-height-default elementor-section-height-default\" data-id=\"0faad79\" data-element_type=\"section\" data-e-type=\"section\">\n\t\t\t\t\t\t<div class=\"elementor-container elementor-column-gap-default\">\n\t\t\t\t\t<div class=\"elementor-column elementor-col-100 elementor-top-column elementor-element elementor-element-5719ec4\" data-id=\"5719ec4\" data-element_type=\"column\" data-e-type=\"column\">\n\t\t\t<div class=\"elementor-widget-wrap elementor-element-populated\">\n\t\t\t\t\t\t<div class=\"elementor-element elementor-element-feb5194 elementor-widget elementor-widget-text-editor\" data-id=\"feb5194\" data-element_type=\"widget\" data-e-type=\"widget\" data-widget_type=\"text-editor.default\">\n\t\t\t\t<div class=\"elementor-widget-container\">\n\t\t\t\t\t\t\t\t\t<p><span style=\"color: #333333;\"><strong>Les ateliers num\u00e9riques initi\u00e9s par la CAPH<\/strong> depuis plusieurs ann\u00e9es ont du s&#8217;interrompre en raison de la crise sanitaire. Les voici <strong>de retour ! <\/strong><\/span><\/p><p><span style=\"color: #333333;\">Vous trouverez ci apr\u00e8s le<strong> tableau r\u00e9capitulatif<\/strong> pour notre commune et un lien vous permettant d&#8217;avoir le<strong> PDF avec les ateliers sur toutes les communes<\/strong> participantes. <\/span><\/p><p><span style=\"color: #333333;\">Nous esp\u00e9rons que vous trouverez votre bonheur dans cette <strong>offre g\u00e9n\u00e9reuse.<\/strong> Si vous ne trouvez pas l&#8217;atelier que vous attendez, <strong>contactez nous<\/strong> en mairie afin que nous puissions<strong> remonter l&#8217;information<\/strong> et<strong> pr\u00e9voir votre atelier<\/strong> pour la prochaine saison ! <\/span><\/p><p><span style=\"color: #333333;\"><strong>Si vous pensez tout conna\u00eetre<\/strong>, il peut \u00eatre bon de v\u00e9rifier vos comp\u00e9tences en vous mesurant \u00e0 <strong>de vrais professionnels du secteur !<\/strong> Vous serez surement surpris de tout ce que vous aurez encore appris en sortant de l&#8217;atelier ! <\/span><\/p><p><span style=\"color: #333333;\">Alors, plus d&#8217;h\u00e9sitation, r\u00e9servez votre place !<\/span><\/p>\t\t\t\t\t\t\t\t<\/div>\n\t\t\t\t<\/div>\n\t\t\t\t\t<\/div>\n\t\t<\/div>\n\t\t\t\t\t<\/div>\n\t\t<\/section>\n\t\t\t\t<section class=\"elementor-section elementor-top-section elementor-element elementor-element-e0f06c6 elementor-section-boxed elementor-section-height-default elementor-section-height-default\" data-id=\"e0f06c6\" data-element_type=\"section\" data-e-type=\"section\">\n\t\t\t\t\t\t<div class=\"elementor-container elementor-column-gap-default\">\n\t\t\t\t\t<div class=\"elementor-column elementor-col-100 elementor-top-column elementor-element elementor-element-bb793a3\" data-id=\"bb793a3\" data-element_type=\"column\" data-e-type=\"column\">\n\t\t\t<div class=\"elementor-widget-wrap elementor-element-populated\">\n\t\t\t\t\t\t<div class=\"elementor-element elementor-element-a3325df elementor-widget elementor-widget-shortcode\" data-id=\"a3325df\" data-element_type=\"widget\" data-e-type=\"widget\" data-widget_type=\"shortcode.default\">\n\t\t\t\t<div class=\"elementor-widget-container\">\n\t\t\t\t\t\t\t<div class=\"elementor-shortcode\">\n<table id=\"tablepress-8\" class=\"tablepress tablepress-id-8\">\n<thead>\n<tr class=\"row-1\">\n\t<th class=\"column-1\">Intitul\u00e9<\/th><th class=\"column-2\">Descriptif<\/th><th class=\"column-3\">Date<\/th><th class=\"column-4\">Horaire<\/th><th class=\"column-5\">R\u00e9servation<\/th>\n<\/tr>\n<\/thead>\n<tbody class=\"row-striping row-hover\">\n<tr class=\"row-2\">\n\t<td class=\"column-1\">Arnaques et fake news<\/td><td class=\"column-2\">Lors de cet atelier, vous serez sensibilis\u00e9s aux diff\u00e9rents types d'arnaques (leurs fonctionnement, but et m\u00e9thode pour les contrer). Une revue des sources d'information fiable sera \u00e9galement effectu\u00e9e afin de pouvoir s'assurer de l'authenticit\u00e9 d'une information et de sa source.<\/td><td class=\"column-3\">Report\u00e9 \u00e0 une date ult\u00e9rieure<\/td><td class=\"column-4\">N.R.<\/td><td class=\"column-5\">Pas encore disponible<!--<a href=\"https:\/\/thiant.fr\/wordpress\/agenda\/arnaques-et-fake-news-conference\/\" target=\"_blank\" rel=\"noopener\">Acc\u00e9der \u00e0 la r\u00e9servation<\/a>--><\/td>\n<\/tr>\n<tr class=\"row-3\">\n\t<td class=\"column-1\">Impression 3D enfants<\/td><td class=\"column-2\">Cet atelier pr\u00e9sentera les bases de l'impression 3D (fonctionnement, cr\u00e9ation des fichiers, mat\u00e9riaux, d\u00e9monstration) puis permettra de prototyper rapidement gr\u00e2ce aux stylos 3D.<\/td><td class=\"column-3\">Mercredi 27 octobre 2021<\/td><td class=\"column-4\">10h-12h<\/td><td class=\"column-5\"><a href=\"https:\/\/thiant.fr\/wordpress\/agenda\/impression-3d-enfants\/\" target=\"_blank\" rel=\"noopener\">Acc\u00e9der \u00e0 la r\u00e9servation<\/a><\/td>\n<\/tr>\n<tr class=\"row-4\">\n\t<td class=\"column-1\">Solutions libres et gratuites<\/td><td class=\"column-2\">Il existe beaucoup de logiciels vous permettant d'utiliser au mieux votre ordinateur. Du traitement de texte \u00e0 l'antivirus en passant par le logiciel de gestion des mails, tout peut \u00eatre obtenu gratuitement. Lors de cette conf\u00e9rence, ces logiciels vous seront pr\u00e9sent\u00e9s de A \u00e0 Z, de leur t\u00e9l\u00e9chargement \u00e0 leur utilisation.<\/td><td class=\"column-3\">jeudi 4 novembre 2021<\/td><td class=\"column-4\">10h-12h<\/td><td class=\"column-5\"><a href=\"https:\/\/thiant.fr\/wordpress\/agenda\/solutions-libres-et-gratuites-conference\/\" target=\"_blank\" rel=\"noopener\">Acc\u00e9der \u00e0 la r\u00e9servation<\/a><\/td>\n<\/tr>\n<tr class=\"row-5\">\n\t<td class=\"column-1\">Retouche Photos<\/td><td class=\"column-2\">GIMP est un logiciel gratuit et libre, d'\u00e9dition et de retouche d'image. Il est donc tout indiqu\u00e9 pour manipuler efficacement vos photos. C'est un outil complet et tr\u00e8s puissant. Vous aborderez dans l'atelier : les notions \u00e9l\u00e9mentaires sur la retouche d'images num\u00e9riques, la pr\u00e9sentation du logiciel (fonctionnalit\u00e9s, interface) et les op\u00e9rations possibles (recadrage, manipulations de couleurs).<\/td><td class=\"column-3\">mardi 21 d\u00e9cembre 2021<\/td><td class=\"column-4\">10h-12h<\/td><td class=\"column-5\"><a href=\"https:\/\/thiant.fr\/wordpress\/agenda\/retouche-photo\/\" target=\"_blank\" rel=\"noopener\">Acc\u00e9der \u00e0 la r\u00e9servation<\/a><\/td>\n<\/tr>\n<tr class=\"row-6\">\n\t<td class=\"column-1\">T\u00e9l\u00e9charger \/ Installer \/ Supprimer (atelier)<\/td><td class=\"column-2\">Cet atelier sera consacr\u00e9 \u00e0 la d\u00e9couverte des m\u00e9thodes de t\u00e9l\u00e9chargement des logiciels. Vous pourrez trouver des sources fiables de logiciels mais aussi apprendre \u00e0 les d\u00e9sinstaller. Nous aborderons aussi le fonctionnement des syst\u00e8mes d'exploitation qui sert de base aux logiciels.<\/td><td class=\"column-3\">jeudi 23 d\u00e9cembre 2021<\/td><td class=\"column-4\">10h-12h<\/td><td class=\"column-5\"><a href=\"https:\/\/thiant.fr\/wordpress\/agenda\/telecharger-installer-supprimer\/\" target=\"_blank\" rel=\"noopener\">Acc\u00e9der \u00e0 la r\u00e9servation<\/a><\/td>\n<\/tr>\n<tr class=\"row-7\">\n\t<td class=\"column-1\">Stop motion<\/td><td class=\"column-2\">Un atelier d'initiation au cin\u00e9ma d'animation en stop motion : son histoire, des exemples de film, la cr\u00e9ation d'un sc\u00e9nario puis la prise de vue et la cr\u00e9ation du film \u00e0 partir d'une application.<\/td><td class=\"column-3\">mercredi 29 d\u00e9cembre 2021<\/td><td class=\"column-4\">10h-12h<\/td><td class=\"column-5\"><a href=\"https:\/\/thiant.fr\/wordpress\/agenda\/stop-motion\/\" target=\"_blank\" rel=\"noopener\">Acc\u00e9der \u00e0 la r\u00e9servation<\/a><\/td>\n<\/tr>\n<tr class=\"row-8\">\n\t<td class=\"column-1\">Sauvegarde de document<br \/>\n(atelier)<\/td><td class=\"column-2\">Cet atelier sera le moment de faire le point sur vos documents \/ photos et vid\u00e9os. Vous apprendrez \u00e0 conna\u00eetre le syst\u00e8me de stockage des donn\u00e9es et \u00e9galement comment enregistrer ces informations. L'utilisation d'outils de sauvegarde automatique vous permettra de s\u00e9curiser vos donn\u00e9es en cas de soucis (incendie, vol, cryptovirus&#8230;).<\/td><td class=\"column-3\">jeudi 17 f\u00e9vrier 2022<\/td><td class=\"column-4\">10h-12h<\/td><td class=\"column-5\"><a href=\"https:\/\/thiant.fr\/wordpress\/associations\/agenda\/sauvegarde-de-documents\/\" target=\"_blank\" rel=\"noopener\">Acc\u00e9der \u00e0 la r\u00e9servation<\/a><\/td>\n<\/tr>\n<tr class=\"row-9\">\n\t<td class=\"column-1\">Avez-vous les bons mots de<br \/>\npasses ?<\/td><td class=\"column-2\">Nous utilisons de plus en plus de mots de passe sur Internet. A quoi servent-ils ? Quels sont les risques \u00e0 utiliser des mots de passe peu fiables ? Nous utilisons trop souvent un mot de passe peu s\u00e9curis\u00e9, trop souvent le m\u00eame sur diff\u00e9rents sites. Apprenez \u00e0 bien choisir votre mot de passe pour assurer votre s\u00e9curit\u00e9. D\u00e9couvrez des logiciels vous permettant de m\u00e9moriser ces mots de passe en lieu et place du fameux petit carnet o\u00f9 ils sont habituellement r\u00e9pertori\u00e9s.<\/td><td class=\"column-3\">vendredi 18 f\u00e9vrier 2022<\/td><td class=\"column-4\">10h-12h<\/td><td class=\"column-5\"><a href=\"https:\/\/thiant.fr\/wordpress\/associations\/agenda\/avez-vous-les-bons-mots-de-passe\/\" target=\"_blank\" rel=\"noopener\">Acc\u00e9der \u00e0 la r\u00e9servation<\/a><\/td>\n<\/tr>\n<tr class=\"row-10\">\n\t<td class=\"column-1\">D\u00e9clarez vos revenus en<br \/>\nligne<\/td><td class=\"column-2\">Focus sur le service de d\u00e9claration d'imp\u00f4ts pour les d\u00e9butants avec la proc\u00e9dure en ligne. Lors de cet atelier, les participants pourront pratiquer la d\u00e9claration en ligne avec une \"matrice\" du site officiel impots.gouv.fr pour effectuer une d\u00e9claration \"\u00e0 blanc\".<\/td><td class=\"column-3\">jeudi 17 mars 2022<\/td><td class=\"column-4\">10h-12h<\/td><td class=\"column-5\"><a href=\"https:\/\/thiant.fr\/wordpress\/associations\/agenda\/declarez-vos-revenus-en-ligne\/\" target=\"_blank\" rel=\"noopener\">Acc\u00e9der \u00e0 la r\u00e9servation<\/a><\/td>\n<\/tr>\n<\/tbody>\n<\/table>\n<\/div>\n\t\t\t\t\t\t<\/div>\n\t\t\t\t<\/div>\n\t\t\t\t\t<\/div>\n\t\t<\/div>\n\t\t\t\t\t<\/div>\n\t\t<\/section>\n\t\t\t\t<section class=\"elementor-section elementor-top-section elementor-element elementor-element-bca868e elementor-section-boxed elementor-section-height-default elementor-section-height-default\" data-id=\"bca868e\" data-element_type=\"section\" data-e-type=\"section\">\n\t\t\t\t\t\t<div class=\"elementor-container elementor-column-gap-default\">\n\t\t\t\t\t<div class=\"elementor-column elementor-col-100 elementor-top-column elementor-element elementor-element-1139bcf\" data-id=\"1139bcf\" data-element_type=\"column\" data-e-type=\"column\">\n\t\t\t<div class=\"elementor-widget-wrap elementor-element-populated\">\n\t\t\t\t\t\t<div class=\"elementor-element elementor-element-beb9b82 elementor-widget elementor-widget-text-editor\" data-id=\"beb9b82\" data-element_type=\"widget\" data-e-type=\"widget\" data-widget_type=\"text-editor.default\">\n\t\t\t\t<div class=\"elementor-widget-container\">\n\t\t\t\t\t\t\t\t\t<h3 style=\"text-align: center;\"><a href=\"https:\/\/thiant.fr\/wordpress\/documents_ext\/Ateliers-numeriques-saison-6.pdf\" target=\"_blank\" rel=\"noopener\"><span style=\"color: #ff0000;\">&gt; T\u00e9l\u00e9chargez l&#8217;ensemble des ateliers num\u00e9riques de la CAPH (PDF) &lt;<\/span><\/a><\/h3>\t\t\t\t\t\t\t\t<\/div>\n\t\t\t\t<\/div>\n\t\t\t\t\t<\/div>\n\t\t<\/div>\n\t\t\t\t\t<\/div>\n\t\t<\/section>\n\t\t\t\t<\/div>\n\t\t","protected":false},"excerpt":{"rendered":"<p>Les ateliers num\u00e9riques initi\u00e9s par la CAPH depuis plusieurs ann\u00e9es ont du s&#8217;interrompre en raison de la crise sanitaire. Les voici de retour ! Vous trouverez ci apr\u00e8s le tableau r\u00e9capitulatif pour notre commune et un lien vous permettant d&#8217;avoir le PDF avec les ateliers sur toutes les communes participantes. Nous esp\u00e9rons que vous trouverez [&hellip;]<\/p>\n","protected":false},"author":1,"featured_media":3294,"comment_status":"closed","ping_status":"closed","sticky":false,"template":"","format":"standard","meta":{"_crdt_document":"","ocean_post_layout":"","ocean_both_sidebars_style":"","ocean_both_sidebars_content_width":0,"ocean_both_sidebars_sidebars_width":0,"ocean_sidebar":"0","ocean_second_sidebar":"0","ocean_disable_margins":"enable","ocean_add_body_class":"","ocean_shortcode_before_top_bar":"","ocean_shortcode_after_top_bar":"","ocean_shortcode_before_header":"","ocean_shortcode_after_header":"","ocean_has_shortcode":"","ocean_shortcode_after_title":"","ocean_shortcode_before_footer_widgets":"","ocean_shortcode_after_footer_widgets":"","ocean_shortcode_before_footer_bottom":"","ocean_shortcode_after_footer_bottom":"","ocean_display_top_bar":"default","ocean_display_header":"default","ocean_header_style":"","ocean_center_header_left_menu":"0","ocean_custom_header_template":"0","ocean_custom_logo":0,"ocean_custom_retina_logo":0,"ocean_custom_logo_max_width":0,"ocean_custom_logo_tablet_max_width":0,"ocean_custom_logo_mobile_max_width":0,"ocean_custom_logo_max_height":0,"ocean_custom_logo_tablet_max_height":0,"ocean_custom_logo_mobile_max_height":0,"ocean_header_custom_menu":"0","ocean_menu_typo_font_family":"0","ocean_menu_typo_font_subset":"","ocean_menu_typo_font_size":0,"ocean_menu_typo_font_size_tablet":0,"ocean_menu_typo_font_size_mobile":0,"ocean_menu_typo_font_size_unit":"px","ocean_menu_typo_font_weight":"","ocean_menu_typo_font_weight_tablet":"","ocean_menu_typo_font_weight_mobile":"","ocean_menu_typo_transform":"","ocean_menu_typo_transform_tablet":"","ocean_menu_typo_transform_mobile":"","ocean_menu_typo_line_height":0,"ocean_menu_typo_line_height_tablet":0,"ocean_menu_typo_line_height_mobile":0,"ocean_menu_typo_line_height_unit":"","ocean_menu_typo_spacing":0,"ocean_menu_typo_spacing_tablet":0,"ocean_menu_typo_spacing_mobile":0,"ocean_menu_typo_spacing_unit":"","ocean_menu_link_color":"","ocean_menu_link_color_hover":"","ocean_menu_link_color_active":"","ocean_menu_link_background":"","ocean_menu_link_hover_background":"","ocean_menu_link_active_background":"","ocean_menu_social_links_bg":"","ocean_menu_social_hover_links_bg":"","ocean_menu_social_links_color":"","ocean_menu_social_hover_links_color":"","ocean_disable_title":"default","ocean_disable_heading":"default","ocean_post_title":"","ocean_post_subheading":"","ocean_post_title_style":"","ocean_post_title_background_color":"","ocean_post_title_background":0,"ocean_post_title_bg_image_position":"","ocean_post_title_bg_image_attachment":"","ocean_post_title_bg_image_repeat":"","ocean_post_title_bg_image_size":"","ocean_post_title_height":0,"ocean_post_title_bg_overlay":0.5,"ocean_post_title_bg_overlay_color":"","ocean_disable_breadcrumbs":"default","ocean_breadcrumbs_color":"","ocean_breadcrumbs_separator_color":"","ocean_breadcrumbs_links_color":"","ocean_breadcrumbs_links_hover_color":"","ocean_display_footer_widgets":"default","ocean_display_footer_bottom":"default","ocean_custom_footer_template":"0","ocean_post_oembed":"","ocean_post_self_hosted_media":"","ocean_post_video_embed":"","ocean_link_format":"","ocean_link_format_target":"self","ocean_quote_format":"","ocean_quote_format_link":"post","ocean_gallery_link_images":"off","ocean_gallery_id":[],"footnotes":""},"categories":[98],"tags":[],"class_list":["post-3292","post","type-post","status-publish","format-standard","has-post-thumbnail","hentry","category-caph","entry","has-media"],"yoast_head":"<!-- This site is optimized with the Yoast SEO plugin v27.3 - https:\/\/yoast.com\/product\/yoast-seo-wordpress\/ -->\n<title>Ateliers num\u00e9riques, le retour ! - Ville de Thiant<\/title>\n<meta name=\"description\" content=\"Nouvelle saison pour les ateliers num\u00e9riques initi\u00e9s par la CAPH. Pour connaitre les th\u00e8mes, les dates et r\u00e9server votre atelier !\" \/>\n<meta name=\"robots\" content=\"index, follow, max-snippet:-1, max-image-preview:large, max-video-preview:-1\" \/>\n<link rel=\"canonical\" href=\"https:\/\/thiant.fr\/wordpress\/ateliers-numeriques-le-retour\/\" \/>\n<meta property=\"og:locale\" content=\"fr_FR\" \/>\n<meta property=\"og:type\" content=\"article\" \/>\n<meta property=\"og:title\" content=\"Ateliers num\u00e9riques, le retour ! - Ville de Thiant\" \/>\n<meta property=\"og:description\" content=\"Nouvelle saison pour les ateliers num\u00e9riques initi\u00e9s par la CAPH. Pour connaitre les th\u00e8mes, les dates et r\u00e9server votre atelier !\" \/>\n<meta property=\"og:url\" content=\"https:\/\/thiant.fr\/wordpress\/ateliers-numeriques-le-retour\/\" \/>\n<meta property=\"og:site_name\" content=\"Ville de Thiant\" \/>\n<meta property=\"article:published_time\" content=\"2021-09-17T09:47:51+00:00\" \/>\n<meta property=\"article:modified_time\" content=\"2021-09-17T09:49:29+00:00\" \/>\n<meta property=\"og:image\" content=\"https:\/\/thiant.fr\/wordpress\/wp-content\/uploads\/2021\/09\/AFFICHE-annonce-nouvelle-saison-scaled.webp\" \/>\n\t<meta property=\"og:image:width\" content=\"1831\" \/>\n\t<meta property=\"og:image:height\" content=\"2560\" \/>\n\t<meta property=\"og:image:type\" content=\"image\/webp\" \/>\n<meta name=\"author\" content=\"Service communication\" \/>\n<meta name=\"twitter:card\" content=\"summary_large_image\" \/>\n<meta name=\"twitter:label1\" content=\"\u00c9crit par\" \/>\n\t<meta name=\"twitter:data1\" content=\"Service communication\" \/>\n\t<meta name=\"twitter:label2\" content=\"Dur\u00e9e de lecture estim\u00e9e\" \/>\n\t<meta name=\"twitter:data2\" content=\"1 minute\" \/>\n<script type=\"application\/ld+json\" class=\"yoast-schema-graph\">{\"@context\":\"https:\\\/\\\/schema.org\",\"@graph\":[{\"@type\":\"Article\",\"@id\":\"https:\\\/\\\/thiant.fr\\\/wordpress\\\/ateliers-numeriques-le-retour\\\/#article\",\"isPartOf\":{\"@id\":\"https:\\\/\\\/thiant.fr\\\/wordpress\\\/ateliers-numeriques-le-retour\\\/\"},\"author\":{\"name\":\"Service communication\",\"@id\":\"https:\\\/\\\/thiant.fr\\\/wordpress\\\/#\\\/schema\\\/person\\\/f41122130d18c0720657431d990451c6\"},\"headline\":\"Ateliers num\u00e9riques, le retour !\",\"datePublished\":\"2021-09-17T09:47:51+00:00\",\"dateModified\":\"2021-09-17T09:49:29+00:00\",\"mainEntityOfPage\":{\"@id\":\"https:\\\/\\\/thiant.fr\\\/wordpress\\\/ateliers-numeriques-le-retour\\\/\"},\"wordCount\":172,\"publisher\":{\"@id\":\"https:\\\/\\\/thiant.fr\\\/wordpress\\\/#organization\"},\"image\":{\"@id\":\"https:\\\/\\\/thiant.fr\\\/wordpress\\\/ateliers-numeriques-le-retour\\\/#primaryimage\"},\"thumbnailUrl\":\"https:\\\/\\\/thiant.fr\\\/wordpress\\\/wp-content\\\/uploads\\\/2021\\\/09\\\/AFFICHE-annonce-nouvelle-saison-scaled.webp\",\"articleSection\":[\"CAPH\"],\"inLanguage\":\"fr-FR\"},{\"@type\":\"WebPage\",\"@id\":\"https:\\\/\\\/thiant.fr\\\/wordpress\\\/ateliers-numeriques-le-retour\\\/\",\"url\":\"https:\\\/\\\/thiant.fr\\\/wordpress\\\/ateliers-numeriques-le-retour\\\/\",\"name\":\"Ateliers num\u00e9riques, le retour ! - Ville de Thiant\",\"isPartOf\":{\"@id\":\"https:\\\/\\\/thiant.fr\\\/wordpress\\\/#website\"},\"primaryImageOfPage\":{\"@id\":\"https:\\\/\\\/thiant.fr\\\/wordpress\\\/ateliers-numeriques-le-retour\\\/#primaryimage\"},\"image\":{\"@id\":\"https:\\\/\\\/thiant.fr\\\/wordpress\\\/ateliers-numeriques-le-retour\\\/#primaryimage\"},\"thumbnailUrl\":\"https:\\\/\\\/thiant.fr\\\/wordpress\\\/wp-content\\\/uploads\\\/2021\\\/09\\\/AFFICHE-annonce-nouvelle-saison-scaled.webp\",\"datePublished\":\"2021-09-17T09:47:51+00:00\",\"dateModified\":\"2021-09-17T09:49:29+00:00\",\"description\":\"Nouvelle saison pour les ateliers num\u00e9riques initi\u00e9s par la CAPH. Pour connaitre les th\u00e8mes, les dates et r\u00e9server votre atelier !\",\"breadcrumb\":{\"@id\":\"https:\\\/\\\/thiant.fr\\\/wordpress\\\/ateliers-numeriques-le-retour\\\/#breadcrumb\"},\"inLanguage\":\"fr-FR\",\"potentialAction\":[{\"@type\":\"ReadAction\",\"target\":[\"https:\\\/\\\/thiant.fr\\\/wordpress\\\/ateliers-numeriques-le-retour\\\/\"]}]},{\"@type\":\"ImageObject\",\"inLanguage\":\"fr-FR\",\"@id\":\"https:\\\/\\\/thiant.fr\\\/wordpress\\\/ateliers-numeriques-le-retour\\\/#primaryimage\",\"url\":\"https:\\\/\\\/thiant.fr\\\/wordpress\\\/wp-content\\\/uploads\\\/2021\\\/09\\\/AFFICHE-annonce-nouvelle-saison-scaled.webp\",\"contentUrl\":\"https:\\\/\\\/thiant.fr\\\/wordpress\\\/wp-content\\\/uploads\\\/2021\\\/09\\\/AFFICHE-annonce-nouvelle-saison-scaled.webp\",\"width\":1831,\"height\":2560},{\"@type\":\"BreadcrumbList\",\"@id\":\"https:\\\/\\\/thiant.fr\\\/wordpress\\\/ateliers-numeriques-le-retour\\\/#breadcrumb\",\"itemListElement\":[{\"@type\":\"ListItem\",\"position\":1,\"name\":\"Accueil\",\"item\":\"https:\\\/\\\/thiant.fr\\\/wordpress\\\/\"},{\"@type\":\"ListItem\",\"position\":2,\"name\":\"Ateliers num\u00e9riques, le retour !\"}]},{\"@type\":\"WebSite\",\"@id\":\"https:\\\/\\\/thiant.fr\\\/wordpress\\\/#website\",\"url\":\"https:\\\/\\\/thiant.fr\\\/wordpress\\\/\",\"name\":\"Ville de Thiant\",\"description\":\"Site officiel de la ville de Thiant\",\"publisher\":{\"@id\":\"https:\\\/\\\/thiant.fr\\\/wordpress\\\/#organization\"},\"potentialAction\":[{\"@type\":\"SearchAction\",\"target\":{\"@type\":\"EntryPoint\",\"urlTemplate\":\"https:\\\/\\\/thiant.fr\\\/wordpress\\\/?s={search_term_string}\"},\"query-input\":{\"@type\":\"PropertyValueSpecification\",\"valueRequired\":true,\"valueName\":\"search_term_string\"}}],\"inLanguage\":\"fr-FR\"},{\"@type\":\"Organization\",\"@id\":\"https:\\\/\\\/thiant.fr\\\/wordpress\\\/#organization\",\"name\":\"Ville de Thiant\",\"url\":\"https:\\\/\\\/thiant.fr\\\/wordpress\\\/\",\"logo\":{\"@type\":\"ImageObject\",\"inLanguage\":\"fr-FR\",\"@id\":\"https:\\\/\\\/thiant.fr\\\/wordpress\\\/#\\\/schema\\\/logo\\\/image\\\/\",\"url\":\"https:\\\/\\\/thiant.fr\\\/wordpress\\\/wp-content\\\/uploads\\\/2019\\\/08\\\/Thiant_Illdy_4.png\",\"contentUrl\":\"https:\\\/\\\/thiant.fr\\\/wordpress\\\/wp-content\\\/uploads\\\/2019\\\/08\\\/Thiant_Illdy_4.png\",\"width\":105,\"height\":75,\"caption\":\"Ville de Thiant\"},\"image\":{\"@id\":\"https:\\\/\\\/thiant.fr\\\/wordpress\\\/#\\\/schema\\\/logo\\\/image\\\/\"}},{\"@type\":\"Person\",\"@id\":\"https:\\\/\\\/thiant.fr\\\/wordpress\\\/#\\\/schema\\\/person\\\/f41122130d18c0720657431d990451c6\",\"name\":\"Service communication\",\"image\":{\"@type\":\"ImageObject\",\"inLanguage\":\"fr-FR\",\"@id\":\"https:\\\/\\\/secure.gravatar.com\\\/avatar\\\/527d4f1f1330a82db5a7ea7738ddeb994fd26c4537512a833d99b387808ee250?s=96&r=g\",\"url\":\"https:\\\/\\\/secure.gravatar.com\\\/avatar\\\/527d4f1f1330a82db5a7ea7738ddeb994fd26c4537512a833d99b387808ee250?s=96&r=g\",\"contentUrl\":\"https:\\\/\\\/secure.gravatar.com\\\/avatar\\\/527d4f1f1330a82db5a7ea7738ddeb994fd26c4537512a833d99b387808ee250?s=96&r=g\",\"caption\":\"Service communication\"},\"url\":\"https:\\\/\\\/thiant.fr\\\/wordpress\\\/author\\\/adminwpress\\\/\"}]}<\/script>\n<!-- \/ Yoast SEO plugin. -->","yoast_head_json":{"title":"Ateliers num\u00e9riques, le retour ! - Ville de Thiant","description":"Nouvelle saison pour les ateliers num\u00e9riques initi\u00e9s par la CAPH. Pour connaitre les th\u00e8mes, les dates et r\u00e9server votre atelier !","robots":{"index":"index","follow":"follow","max-snippet":"max-snippet:-1","max-image-preview":"max-image-preview:large","max-video-preview":"max-video-preview:-1"},"canonical":"https:\/\/thiant.fr\/wordpress\/ateliers-numeriques-le-retour\/","og_locale":"fr_FR","og_type":"article","og_title":"Ateliers num\u00e9riques, le retour ! - Ville de Thiant","og_description":"Nouvelle saison pour les ateliers num\u00e9riques initi\u00e9s par la CAPH. Pour connaitre les th\u00e8mes, les dates et r\u00e9server votre atelier !","og_url":"https:\/\/thiant.fr\/wordpress\/ateliers-numeriques-le-retour\/","og_site_name":"Ville de Thiant","article_published_time":"2021-09-17T09:47:51+00:00","article_modified_time":"2021-09-17T09:49:29+00:00","og_image":[{"width":1831,"height":2560,"url":"https:\/\/thiant.fr\/wordpress\/wp-content\/uploads\/2021\/09\/AFFICHE-annonce-nouvelle-saison-scaled.webp","type":"image\/webp"}],"author":"Service communication","twitter_card":"summary_large_image","twitter_misc":{"\u00c9crit par":"Service communication","Dur\u00e9e de lecture estim\u00e9e":"1 minute"},"schema":{"@context":"https:\/\/schema.org","@graph":[{"@type":"Article","@id":"https:\/\/thiant.fr\/wordpress\/ateliers-numeriques-le-retour\/#article","isPartOf":{"@id":"https:\/\/thiant.fr\/wordpress\/ateliers-numeriques-le-retour\/"},"author":{"name":"Service communication","@id":"https:\/\/thiant.fr\/wordpress\/#\/schema\/person\/f41122130d18c0720657431d990451c6"},"headline":"Ateliers num\u00e9riques, le retour !","datePublished":"2021-09-17T09:47:51+00:00","dateModified":"2021-09-17T09:49:29+00:00","mainEntityOfPage":{"@id":"https:\/\/thiant.fr\/wordpress\/ateliers-numeriques-le-retour\/"},"wordCount":172,"publisher":{"@id":"https:\/\/thiant.fr\/wordpress\/#organization"},"image":{"@id":"https:\/\/thiant.fr\/wordpress\/ateliers-numeriques-le-retour\/#primaryimage"},"thumbnailUrl":"https:\/\/thiant.fr\/wordpress\/wp-content\/uploads\/2021\/09\/AFFICHE-annonce-nouvelle-saison-scaled.webp","articleSection":["CAPH"],"inLanguage":"fr-FR"},{"@type":"WebPage","@id":"https:\/\/thiant.fr\/wordpress\/ateliers-numeriques-le-retour\/","url":"https:\/\/thiant.fr\/wordpress\/ateliers-numeriques-le-retour\/","name":"Ateliers num\u00e9riques, le retour ! - Ville de Thiant","isPartOf":{"@id":"https:\/\/thiant.fr\/wordpress\/#website"},"primaryImageOfPage":{"@id":"https:\/\/thiant.fr\/wordpress\/ateliers-numeriques-le-retour\/#primaryimage"},"image":{"@id":"https:\/\/thiant.fr\/wordpress\/ateliers-numeriques-le-retour\/#primaryimage"},"thumbnailUrl":"https:\/\/thiant.fr\/wordpress\/wp-content\/uploads\/2021\/09\/AFFICHE-annonce-nouvelle-saison-scaled.webp","datePublished":"2021-09-17T09:47:51+00:00","dateModified":"2021-09-17T09:49:29+00:00","description":"Nouvelle saison pour les ateliers num\u00e9riques initi\u00e9s par la CAPH. Pour connaitre les th\u00e8mes, les dates et r\u00e9server votre atelier !","breadcrumb":{"@id":"https:\/\/thiant.fr\/wordpress\/ateliers-numeriques-le-retour\/#breadcrumb"},"inLanguage":"fr-FR","potentialAction":[{"@type":"ReadAction","target":["https:\/\/thiant.fr\/wordpress\/ateliers-numeriques-le-retour\/"]}]},{"@type":"ImageObject","inLanguage":"fr-FR","@id":"https:\/\/thiant.fr\/wordpress\/ateliers-numeriques-le-retour\/#primaryimage","url":"https:\/\/thiant.fr\/wordpress\/wp-content\/uploads\/2021\/09\/AFFICHE-annonce-nouvelle-saison-scaled.webp","contentUrl":"https:\/\/thiant.fr\/wordpress\/wp-content\/uploads\/2021\/09\/AFFICHE-annonce-nouvelle-saison-scaled.webp","width":1831,"height":2560},{"@type":"BreadcrumbList","@id":"https:\/\/thiant.fr\/wordpress\/ateliers-numeriques-le-retour\/#breadcrumb","itemListElement":[{"@type":"ListItem","position":1,"name":"Accueil","item":"https:\/\/thiant.fr\/wordpress\/"},{"@type":"ListItem","position":2,"name":"Ateliers num\u00e9riques, le retour !"}]},{"@type":"WebSite","@id":"https:\/\/thiant.fr\/wordpress\/#website","url":"https:\/\/thiant.fr\/wordpress\/","name":"Ville de Thiant","description":"Site officiel de la ville de Thiant","publisher":{"@id":"https:\/\/thiant.fr\/wordpress\/#organization"},"potentialAction":[{"@type":"SearchAction","target":{"@type":"EntryPoint","urlTemplate":"https:\/\/thiant.fr\/wordpress\/?s={search_term_string}"},"query-input":{"@type":"PropertyValueSpecification","valueRequired":true,"valueName":"search_term_string"}}],"inLanguage":"fr-FR"},{"@type":"Organization","@id":"https:\/\/thiant.fr\/wordpress\/#organization","name":"Ville de Thiant","url":"https:\/\/thiant.fr\/wordpress\/","logo":{"@type":"ImageObject","inLanguage":"fr-FR","@id":"https:\/\/thiant.fr\/wordpress\/#\/schema\/logo\/image\/","url":"https:\/\/thiant.fr\/wordpress\/wp-content\/uploads\/2019\/08\/Thiant_Illdy_4.png","contentUrl":"https:\/\/thiant.fr\/wordpress\/wp-content\/uploads\/2019\/08\/Thiant_Illdy_4.png","width":105,"height":75,"caption":"Ville de Thiant"},"image":{"@id":"https:\/\/thiant.fr\/wordpress\/#\/schema\/logo\/image\/"}},{"@type":"Person","@id":"https:\/\/thiant.fr\/wordpress\/#\/schema\/person\/f41122130d18c0720657431d990451c6","name":"Service communication","image":{"@type":"ImageObject","inLanguage":"fr-FR","@id":"https:\/\/secure.gravatar.com\/avatar\/527d4f1f1330a82db5a7ea7738ddeb994fd26c4537512a833d99b387808ee250?s=96&r=g","url":"https:\/\/secure.gravatar.com\/avatar\/527d4f1f1330a82db5a7ea7738ddeb994fd26c4537512a833d99b387808ee250?s=96&r=g","contentUrl":"https:\/\/secure.gravatar.com\/avatar\/527d4f1f1330a82db5a7ea7738ddeb994fd26c4537512a833d99b387808ee250?s=96&r=g","caption":"Service communication"},"url":"https:\/\/thiant.fr\/wordpress\/author\/adminwpress\/"}]}},"_links":{"self":[{"href":"https:\/\/thiant.fr\/wordpress\/wp-json\/wp\/v2\/posts\/3292","targetHints":{"allow":["GET"]}}],"collection":[{"href":"https:\/\/thiant.fr\/wordpress\/wp-json\/wp\/v2\/posts"}],"about":[{"href":"https:\/\/thiant.fr\/wordpress\/wp-json\/wp\/v2\/types\/post"}],"author":[{"embeddable":true,"href":"https:\/\/thiant.fr\/wordpress\/wp-json\/wp\/v2\/users\/1"}],"replies":[{"embeddable":true,"href":"https:\/\/thiant.fr\/wordpress\/wp-json\/wp\/v2\/comments?post=3292"}],"version-history":[{"count":0,"href":"https:\/\/thiant.fr\/wordpress\/wp-json\/wp\/v2\/posts\/3292\/revisions"}],"wp:featuredmedia":[{"embeddable":true,"href":"https:\/\/thiant.fr\/wordpress\/wp-json\/wp\/v2\/media\/3294"}],"wp:attachment":[{"href":"https:\/\/thiant.fr\/wordpress\/wp-json\/wp\/v2\/media?parent=3292"}],"wp:term":[{"taxonomy":"category","embeddable":true,"href":"https:\/\/thiant.fr\/wordpress\/wp-json\/wp\/v2\/categories?post=3292"},{"taxonomy":"post_tag","embeddable":true,"href":"https:\/\/thiant.fr\/wordpress\/wp-json\/wp\/v2\/tags?post=3292"}],"curies":[{"name":"wp","href":"https:\/\/api.w.org\/{rel}","templated":true}]}}