{"id":3535,"date":"2021-11-19T17:38:35","date_gmt":"2021-11-19T16:38:35","guid":{"rendered":"https:\/\/thiant.fr\/wordpress\/?p=3535"},"modified":"2021-11-19T17:39:46","modified_gmt":"2021-11-19T16:39:46","slug":"retour-du-port-du-masque-dans-la-rue","status":"publish","type":"post","link":"https:\/\/thiant.fr\/wordpress\/retour-du-port-du-masque-dans-la-rue\/","title":{"rendered":"Retour du port du masque dans la rue"},"content":{"rendered":"\t\t<div data-elementor-type=\"wp-post\" data-elementor-id=\"3535\" class=\"elementor elementor-3535\">\n\t\t\t\t\t\t<section class=\"elementor-section elementor-top-section elementor-element elementor-element-3528ccf elementor-section-boxed elementor-section-height-default elementor-section-height-default\" data-id=\"3528ccf\" data-element_type=\"section\" data-e-type=\"section\">\n\t\t\t\t\t\t<div class=\"elementor-container elementor-column-gap-default\">\n\t\t\t\t\t<div class=\"elementor-column elementor-col-33 elementor-top-column elementor-element elementor-element-7d62d21\" data-id=\"7d62d21\" data-element_type=\"column\" data-e-type=\"column\">\n\t\t\t<div class=\"elementor-widget-wrap elementor-element-populated\">\n\t\t\t\t\t\t<div class=\"elementor-element elementor-element-76fe634 elementor-widget elementor-widget-image\" data-id=\"76fe634\" data-element_type=\"widget\" data-e-type=\"widget\" data-widget_type=\"image.default\">\n\t\t\t\t<div class=\"elementor-widget-container\">\n\t\t\t\t\t\t\t\t\t\t\t\t\t\t\t<img decoding=\"async\" width=\"134\" height=\"134\" src=\"https:\/\/thiant.fr\/wordpress\/wp-content\/uploads\/2021\/03\/Logo-Prefet-Nord.png\" class=\"attachment-large size-large wp-image-2547\" alt=\"\" \/>\t\t\t\t\t\t\t\t\t\t\t\t\t\t\t<\/div>\n\t\t\t\t<\/div>\n\t\t\t\t\t<\/div>\n\t\t<\/div>\n\t\t\t\t<div class=\"elementor-column elementor-col-66 elementor-top-column elementor-element elementor-element-acad41c\" data-id=\"acad41c\" data-element_type=\"column\" data-e-type=\"column\">\n\t\t\t<div class=\"elementor-widget-wrap elementor-element-populated\">\n\t\t\t\t\t\t<div class=\"elementor-element elementor-element-873bc1c elementor-widget elementor-widget-text-editor\" data-id=\"873bc1c\" data-element_type=\"widget\" data-e-type=\"widget\" data-widget_type=\"text-editor.default\">\n\t\t\t\t<div class=\"elementor-widget-container\">\n\t\t\t\t\t\t\t\t\t<h5><span style=\"color: #333333;\">Article 1<sup>er<\/sup> :<\/span><\/h5><p style=\"padding-left: 40px;\"><span style=\"color: #333333;\"><strong>A compter de la publication du pr\u00e9sent arr\u00eat\u00e9 et jusqu&#8217;au 10 janvier 2022 inclus, le port du masque est obligatoire pour les personnes de 11 ans et plus, sur la voie publique et dans les espaces ouverts au public<\/strong> dans les circonstances suivantes :<\/span><\/p><ul><li style=\"list-style-type: none;\"><ul><li><span style=\"color: #333333;\">dans les files d&#8217;attente de toute nature ;<\/span><\/li><li><span style=\"color: #333333;\">lors des r\u00e9unions, activit\u00e9s et rassemblements, ou dans le cadre de tout attroupement de plus de 10 personnes sur la voie publique et les espaces ouverts au public ;<\/span><\/li><li><span style=\"color: #333333;\">dans les zones pi\u00e9tonnes, permanentes et temporaires, les samedis et jours d&#8217;\u00e9v\u00e9nements particuliers en leur sein entra\u00eenant une forte concentration de personnes. Les zones concern\u00e9es pourront le cas \u00e9ch\u00e9ant faire l&#8217;objet d&#8217;une signal\u00e9tique par les collectivit\u00e9s territoriales comp\u00e9tentes ;<\/span><\/li><li><span style=\"color: #333333;\">dans les espaces r\u00e9serv\u00e9s aux spectateurs des enceintes sportives de plein air ;<\/span><\/li><li><span style=\"color: #333333;\">dans les espaces accueillant une f\u00eate foraine ;<\/span><\/li><li><span style=\"color: #333333;\">dans les espaces accueillant les march\u00e9s de No\u00ebl.<\/span><\/li><\/ul><\/li><\/ul><p style=\"padding-left: 40px;\"><strong><span style=\"color: #333333;\">Les plages, parcs et jardins ne sont pas soumis \u00e0 l&#8217;obligation du port du masque.<\/span><\/strong><\/p><h5><strong><span style=\"color: #333333;\">Article 2 :<\/span><\/strong><\/h5><p style=\"padding-left: 40px;\"><strong><span style=\"color: #333333;\">Les cyclistes et les personnes pratiquant une activit\u00e9 sportive intense ne sont pas dans l&#8217;obligation de porter le masque.<\/span><\/strong><\/p><p style=\"padding-left: 40px;\"><span style=\"color: #333333;\"><strong>L&#8217;obligation du port du masque<\/strong> pr\u00e9vue \u00e0 l&#8217;article 1 <strong>ne s&#8217;applique pas aux personnes en situation de handicap munies d&#8217;un certificat m\u00e9dical<\/strong> justifiant de cette d\u00e9rogation et qui mettent en \u0153uvre les mesures sanitaires d\u00e9finies par le d\u00e9cret n\u00b02021-699 du 1<sup>er<\/sup> juin modifi\u00e9.<\/span><\/p><h5><strong><span style=\"color: #333333;\">Article 3 :<\/span><\/strong><\/h5><p style=\"padding-left: 40px;\"><span style=\"color: #333333;\">Le pr\u00e9sent arr\u00eat\u00e9 peut faire l&#8217;objet, dans un d\u00e9lais de deux mois \u00e0 compter de sa publication ou de sa notification, d&#8217;un recours administratif aupr\u00e8s du Pr\u00e9fet du Nord ou d&#8217;un recours contentieux devant le tribunal administratif de Lille. La juridiction administrative comp\u00e9tente peut aussi \u00eatre saisie par l&#8217;application T\u00e9l\u00e9recours citoyens, accessible \u00e0 partir du site <a href=\"https:\/\/www.telerecours.fr\" target=\"_blank\" rel=\"noopener\">www.telerecours.fr<\/a><\/span><\/p><h5><strong><span style=\"color: #333333;\">Article 4 :<\/span><\/strong><\/h5><p style=\"padding-left: 40px;\"><span style=\"color: #333333;\">Conform\u00e9ment aux dispositions du code de la sant\u00e9 publique,<strong> la violation des mesures pr\u00e9vues par le pr\u00e9sent arr\u00eat\u00e9 est punie de l&#8217;amende<\/strong> pr\u00e9vue pour les contraventions <strong>de la 4<sup>\u00e8me<\/sup> classe<\/strong> et, <strong>en cas de r\u00e9cidive dans les 15 jours, d&#8217;une amende<\/strong> pr\u00e9vue pour les contraventions <strong>de la 5<sup>\u00e8me<\/sup> classe<\/strong> ou <strong>en cas de violation \u00e0 plus de trois reprises dans un d\u00e9lais de trente jours, de six mois d&#8217;emprisonnement et de 3 750\u20ac d&#8217;amende,<\/strong> ainsi que de la peine compl\u00e9mentaire de travail d&#8217;int\u00e9r\u00eat g\u00e9n\u00e9ral.<\/span><\/p><h5><strong><span style=\"color: #333333;\">Article 5 :<\/span><\/strong><\/h5><p style=\"padding-left: 40px;\"><span style=\"color: #333333;\">Le directeur de cabinet du pr\u00e9fet du Nord, les sous-pr\u00e9fets d&#8217;arrondissement, le directeur d\u00e9partemental de la s\u00e9curit\u00e9 publique du Nord, le g\u00e9n\u00e9ral commandant le groupement de gendarmerie du Nord et les maires de chaque commune du d\u00e9partement du Nord sont charg\u00e9s, chacun pour ce qui les concerne, de l&#8217;application du pr\u00e9sent arr\u00eat\u00e9 qui sera publi\u00e9 au recueil des actes administratifs de la pr\u00e9fecture du Nord et dont une copie sera transmise aux tribunaux judiciaires du Nord.<\/span><\/p><p style=\"text-align: right;\"><span style=\"color: #333333;\">Le pr\u00e9fet,<\/span><br \/><span style=\"color: #333333;\">Georges-Fran\u00e7ois LECLERC<\/span><\/p>\t\t\t\t\t\t\t\t<\/div>\n\t\t\t\t<\/div>\n\t\t\t\t\t<\/div>\n\t\t<\/div>\n\t\t\t\t\t<\/div>\n\t\t<\/section>\n\t\t\t\t<\/div>\n\t\t","protected":false},"excerpt":{"rendered":"<p>Article 1er : A compter de la publication du pr\u00e9sent arr\u00eat\u00e9 et jusqu&#8217;au 10 janvier 2022 inclus, le port du masque est obligatoire pour les personnes de 11 ans et plus, sur la voie publique et dans les espaces ouverts au public dans les circonstances suivantes : dans les files d&#8217;attente de toute nature ; [&hellip;]<\/p>\n","protected":false},"author":1,"featured_media":3536,"comment_status":"closed","ping_status":"closed","sticky":false,"template":"","format":"standard","meta":{"_crdt_document":"","ocean_post_layout":"","ocean_both_sidebars_style":"","ocean_both_sidebars_content_width":0,"ocean_both_sidebars_sidebars_width":0,"ocean_sidebar":"0","ocean_second_sidebar":"0","ocean_disable_margins":"enable","ocean_add_body_class":"","ocean_shortcode_before_top_bar":"","ocean_shortcode_after_top_bar":"","ocean_shortcode_before_header":"","ocean_shortcode_after_header":"","ocean_has_shortcode":"","ocean_shortcode_after_title":"","ocean_shortcode_before_footer_widgets":"","ocean_shortcode_after_footer_widgets":"","ocean_shortcode_before_footer_bottom":"","ocean_shortcode_after_footer_bottom":"","ocean_display_top_bar":"default","ocean_display_header":"default","ocean_header_style":"","ocean_center_header_left_menu":"0","ocean_custom_header_template":"0","ocean_custom_logo":0,"ocean_custom_retina_logo":0,"ocean_custom_logo_max_width":0,"ocean_custom_logo_tablet_max_width":0,"ocean_custom_logo_mobile_max_width":0,"ocean_custom_logo_max_height":0,"ocean_custom_logo_tablet_max_height":0,"ocean_custom_logo_mobile_max_height":0,"ocean_header_custom_menu":"0","ocean_menu_typo_font_family":"0","ocean_menu_typo_font_subset":"","ocean_menu_typo_font_size":0,"ocean_menu_typo_font_size_tablet":0,"ocean_menu_typo_font_size_mobile":0,"ocean_menu_typo_font_size_unit":"px","ocean_menu_typo_font_weight":"","ocean_menu_typo_font_weight_tablet":"","ocean_menu_typo_font_weight_mobile":"","ocean_menu_typo_transform":"","ocean_menu_typo_transform_tablet":"","ocean_menu_typo_transform_mobile":"","ocean_menu_typo_line_height":0,"ocean_menu_typo_line_height_tablet":0,"ocean_menu_typo_line_height_mobile":0,"ocean_menu_typo_line_height_unit":"","ocean_menu_typo_spacing":0,"ocean_menu_typo_spacing_tablet":0,"ocean_menu_typo_spacing_mobile":0,"ocean_menu_typo_spacing_unit":"","ocean_menu_link_color":"","ocean_menu_link_color_hover":"","ocean_menu_link_color_active":"","ocean_menu_link_background":"","ocean_menu_link_hover_background":"","ocean_menu_link_active_background":"","ocean_menu_social_links_bg":"","ocean_menu_social_hover_links_bg":"","ocean_menu_social_links_color":"","ocean_menu_social_hover_links_color":"","ocean_disable_title":"default","ocean_disable_heading":"default","ocean_post_title":"","ocean_post_subheading":"","ocean_post_title_style":"","ocean_post_title_background_color":"","ocean_post_title_background":0,"ocean_post_title_bg_image_position":"","ocean_post_title_bg_image_attachment":"","ocean_post_title_bg_image_repeat":"","ocean_post_title_bg_image_size":"","ocean_post_title_height":0,"ocean_post_title_bg_overlay":0.5,"ocean_post_title_bg_overlay_color":"","ocean_disable_breadcrumbs":"default","ocean_breadcrumbs_color":"","ocean_breadcrumbs_separator_color":"","ocean_breadcrumbs_links_color":"","ocean_breadcrumbs_links_hover_color":"","ocean_display_footer_widgets":"default","ocean_display_footer_bottom":"default","ocean_custom_footer_template":"0","ocean_post_oembed":"","ocean_post_self_hosted_media":"","ocean_post_video_embed":"","ocean_link_format":"","ocean_link_format_target":"self","ocean_quote_format":"","ocean_quote_format_link":"post","ocean_gallery_link_images":"off","ocean_gallery_id":[],"footnotes":""},"categories":[271],"tags":[],"class_list":["post-3535","post","type-post","status-publish","format-standard","has-post-thumbnail","hentry","category-covid-19","entry","has-media"],"yoast_head":"<!-- This site is optimized with the Yoast SEO plugin v27.3 - https:\/\/yoast.com\/product\/yoast-seo-wordpress\/ -->\n<title>Retour du port du masque dans la rue - Ville de Thiant<\/title>\n<meta name=\"description\" content=\"Par d\u00e9cision pr\u00e9fectorale, le port du masque est de nouveau obligatoire sur la voie publique et dans les espaces ouverts au public.\" \/>\n<meta name=\"robots\" content=\"index, follow, max-snippet:-1, max-image-preview:large, max-video-preview:-1\" \/>\n<link rel=\"canonical\" href=\"https:\/\/thiant.fr\/wordpress\/retour-du-port-du-masque-dans-la-rue\/\" \/>\n<meta property=\"og:locale\" content=\"fr_FR\" \/>\n<meta property=\"og:type\" content=\"article\" \/>\n<meta property=\"og:title\" content=\"Retour du port du masque dans la rue - Ville de Thiant\" \/>\n<meta property=\"og:description\" content=\"Par d\u00e9cision pr\u00e9fectorale, le port du masque est de nouveau obligatoire sur la voie publique et dans les espaces ouverts au public.\" \/>\n<meta property=\"og:url\" content=\"https:\/\/thiant.fr\/wordpress\/retour-du-port-du-masque-dans-la-rue\/\" \/>\n<meta property=\"og:site_name\" content=\"Ville de Thiant\" \/>\n<meta property=\"article:published_time\" content=\"2021-11-19T16:38:35+00:00\" \/>\n<meta property=\"article:modified_time\" content=\"2021-11-19T16:39:46+00:00\" \/>\n<meta property=\"og:image\" content=\"https:\/\/thiant.fr\/wordpress\/wp-content\/uploads\/2021\/11\/retour-du-masque.jpg\" \/>\n\t<meta property=\"og:image:width\" content=\"730\" \/>\n\t<meta property=\"og:image:height\" content=\"487\" \/>\n\t<meta property=\"og:image:type\" content=\"image\/jpeg\" \/>\n<meta name=\"author\" content=\"Service communication\" \/>\n<meta name=\"twitter:card\" content=\"summary_large_image\" \/>\n<meta name=\"twitter:label1\" content=\"\u00c9crit par\" \/>\n\t<meta name=\"twitter:data1\" content=\"Service communication\" \/>\n\t<meta name=\"twitter:label2\" content=\"Dur\u00e9e de lecture estim\u00e9e\" \/>\n\t<meta name=\"twitter:data2\" content=\"3 minutes\" \/>\n<script type=\"application\/ld+json\" class=\"yoast-schema-graph\">{\"@context\":\"https:\\\/\\\/schema.org\",\"@graph\":[{\"@type\":\"Article\",\"@id\":\"https:\\\/\\\/thiant.fr\\\/wordpress\\\/retour-du-port-du-masque-dans-la-rue\\\/#article\",\"isPartOf\":{\"@id\":\"https:\\\/\\\/thiant.fr\\\/wordpress\\\/retour-du-port-du-masque-dans-la-rue\\\/\"},\"author\":{\"name\":\"Service communication\",\"@id\":\"https:\\\/\\\/thiant.fr\\\/wordpress\\\/#\\\/schema\\\/person\\\/f41122130d18c0720657431d990451c6\"},\"headline\":\"Retour du port du masque dans la rue\",\"datePublished\":\"2021-11-19T16:38:35+00:00\",\"dateModified\":\"2021-11-19T16:39:46+00:00\",\"mainEntityOfPage\":{\"@id\":\"https:\\\/\\\/thiant.fr\\\/wordpress\\\/retour-du-port-du-masque-dans-la-rue\\\/\"},\"wordCount\":523,\"publisher\":{\"@id\":\"https:\\\/\\\/thiant.fr\\\/wordpress\\\/#organization\"},\"image\":{\"@id\":\"https:\\\/\\\/thiant.fr\\\/wordpress\\\/retour-du-port-du-masque-dans-la-rue\\\/#primaryimage\"},\"thumbnailUrl\":\"https:\\\/\\\/thiant.fr\\\/wordpress\\\/wp-content\\\/uploads\\\/2021\\\/11\\\/retour-du-masque.jpg\",\"articleSection\":[\"COVID-19\"],\"inLanguage\":\"fr-FR\"},{\"@type\":\"WebPage\",\"@id\":\"https:\\\/\\\/thiant.fr\\\/wordpress\\\/retour-du-port-du-masque-dans-la-rue\\\/\",\"url\":\"https:\\\/\\\/thiant.fr\\\/wordpress\\\/retour-du-port-du-masque-dans-la-rue\\\/\",\"name\":\"Retour du port du masque dans la rue - Ville de Thiant\",\"isPartOf\":{\"@id\":\"https:\\\/\\\/thiant.fr\\\/wordpress\\\/#website\"},\"primaryImageOfPage\":{\"@id\":\"https:\\\/\\\/thiant.fr\\\/wordpress\\\/retour-du-port-du-masque-dans-la-rue\\\/#primaryimage\"},\"image\":{\"@id\":\"https:\\\/\\\/thiant.fr\\\/wordpress\\\/retour-du-port-du-masque-dans-la-rue\\\/#primaryimage\"},\"thumbnailUrl\":\"https:\\\/\\\/thiant.fr\\\/wordpress\\\/wp-content\\\/uploads\\\/2021\\\/11\\\/retour-du-masque.jpg\",\"datePublished\":\"2021-11-19T16:38:35+00:00\",\"dateModified\":\"2021-11-19T16:39:46+00:00\",\"description\":\"Par d\u00e9cision pr\u00e9fectorale, le port du masque est de nouveau obligatoire sur la voie publique et dans les espaces ouverts au public.\",\"breadcrumb\":{\"@id\":\"https:\\\/\\\/thiant.fr\\\/wordpress\\\/retour-du-port-du-masque-dans-la-rue\\\/#breadcrumb\"},\"inLanguage\":\"fr-FR\",\"potentialAction\":[{\"@type\":\"ReadAction\",\"target\":[\"https:\\\/\\\/thiant.fr\\\/wordpress\\\/retour-du-port-du-masque-dans-la-rue\\\/\"]}]},{\"@type\":\"ImageObject\",\"inLanguage\":\"fr-FR\",\"@id\":\"https:\\\/\\\/thiant.fr\\\/wordpress\\\/retour-du-port-du-masque-dans-la-rue\\\/#primaryimage\",\"url\":\"https:\\\/\\\/thiant.fr\\\/wordpress\\\/wp-content\\\/uploads\\\/2021\\\/11\\\/retour-du-masque.jpg\",\"contentUrl\":\"https:\\\/\\\/thiant.fr\\\/wordpress\\\/wp-content\\\/uploads\\\/2021\\\/11\\\/retour-du-masque.jpg\",\"width\":730,\"height\":487},{\"@type\":\"BreadcrumbList\",\"@id\":\"https:\\\/\\\/thiant.fr\\\/wordpress\\\/retour-du-port-du-masque-dans-la-rue\\\/#breadcrumb\",\"itemListElement\":[{\"@type\":\"ListItem\",\"position\":1,\"name\":\"Accueil\",\"item\":\"https:\\\/\\\/thiant.fr\\\/wordpress\\\/\"},{\"@type\":\"ListItem\",\"position\":2,\"name\":\"Retour du port du masque dans la rue\"}]},{\"@type\":\"WebSite\",\"@id\":\"https:\\\/\\\/thiant.fr\\\/wordpress\\\/#website\",\"url\":\"https:\\\/\\\/thiant.fr\\\/wordpress\\\/\",\"name\":\"Ville de Thiant\",\"description\":\"Site officiel de la ville de Thiant\",\"publisher\":{\"@id\":\"https:\\\/\\\/thiant.fr\\\/wordpress\\\/#organization\"},\"potentialAction\":[{\"@type\":\"SearchAction\",\"target\":{\"@type\":\"EntryPoint\",\"urlTemplate\":\"https:\\\/\\\/thiant.fr\\\/wordpress\\\/?s={search_term_string}\"},\"query-input\":{\"@type\":\"PropertyValueSpecification\",\"valueRequired\":true,\"valueName\":\"search_term_string\"}}],\"inLanguage\":\"fr-FR\"},{\"@type\":\"Organization\",\"@id\":\"https:\\\/\\\/thiant.fr\\\/wordpress\\\/#organization\",\"name\":\"Ville de Thiant\",\"url\":\"https:\\\/\\\/thiant.fr\\\/wordpress\\\/\",\"logo\":{\"@type\":\"ImageObject\",\"inLanguage\":\"fr-FR\",\"@id\":\"https:\\\/\\\/thiant.fr\\\/wordpress\\\/#\\\/schema\\\/logo\\\/image\\\/\",\"url\":\"https:\\\/\\\/thiant.fr\\\/wordpress\\\/wp-content\\\/uploads\\\/2019\\\/08\\\/Thiant_Illdy_4.png\",\"contentUrl\":\"https:\\\/\\\/thiant.fr\\\/wordpress\\\/wp-content\\\/uploads\\\/2019\\\/08\\\/Thiant_Illdy_4.png\",\"width\":105,\"height\":75,\"caption\":\"Ville de Thiant\"},\"image\":{\"@id\":\"https:\\\/\\\/thiant.fr\\\/wordpress\\\/#\\\/schema\\\/logo\\\/image\\\/\"}},{\"@type\":\"Person\",\"@id\":\"https:\\\/\\\/thiant.fr\\\/wordpress\\\/#\\\/schema\\\/person\\\/f41122130d18c0720657431d990451c6\",\"name\":\"Service communication\",\"image\":{\"@type\":\"ImageObject\",\"inLanguage\":\"fr-FR\",\"@id\":\"https:\\\/\\\/secure.gravatar.com\\\/avatar\\\/527d4f1f1330a82db5a7ea7738ddeb994fd26c4537512a833d99b387808ee250?s=96&r=g\",\"url\":\"https:\\\/\\\/secure.gravatar.com\\\/avatar\\\/527d4f1f1330a82db5a7ea7738ddeb994fd26c4537512a833d99b387808ee250?s=96&r=g\",\"contentUrl\":\"https:\\\/\\\/secure.gravatar.com\\\/avatar\\\/527d4f1f1330a82db5a7ea7738ddeb994fd26c4537512a833d99b387808ee250?s=96&r=g\",\"caption\":\"Service communication\"},\"url\":\"https:\\\/\\\/thiant.fr\\\/wordpress\\\/author\\\/adminwpress\\\/\"}]}<\/script>\n<!-- \/ Yoast SEO plugin. -->","yoast_head_json":{"title":"Retour du port du masque dans la rue - Ville de Thiant","description":"Par d\u00e9cision pr\u00e9fectorale, le port du masque est de nouveau obligatoire sur la voie publique et dans les espaces ouverts au public.","robots":{"index":"index","follow":"follow","max-snippet":"max-snippet:-1","max-image-preview":"max-image-preview:large","max-video-preview":"max-video-preview:-1"},"canonical":"https:\/\/thiant.fr\/wordpress\/retour-du-port-du-masque-dans-la-rue\/","og_locale":"fr_FR","og_type":"article","og_title":"Retour du port du masque dans la rue - Ville de Thiant","og_description":"Par d\u00e9cision pr\u00e9fectorale, le port du masque est de nouveau obligatoire sur la voie publique et dans les espaces ouverts au public.","og_url":"https:\/\/thiant.fr\/wordpress\/retour-du-port-du-masque-dans-la-rue\/","og_site_name":"Ville de Thiant","article_published_time":"2021-11-19T16:38:35+00:00","article_modified_time":"2021-11-19T16:39:46+00:00","og_image":[{"width":730,"height":487,"url":"https:\/\/thiant.fr\/wordpress\/wp-content\/uploads\/2021\/11\/retour-du-masque.jpg","type":"image\/jpeg"}],"author":"Service communication","twitter_card":"summary_large_image","twitter_misc":{"\u00c9crit par":"Service communication","Dur\u00e9e de lecture estim\u00e9e":"3 minutes"},"schema":{"@context":"https:\/\/schema.org","@graph":[{"@type":"Article","@id":"https:\/\/thiant.fr\/wordpress\/retour-du-port-du-masque-dans-la-rue\/#article","isPartOf":{"@id":"https:\/\/thiant.fr\/wordpress\/retour-du-port-du-masque-dans-la-rue\/"},"author":{"name":"Service communication","@id":"https:\/\/thiant.fr\/wordpress\/#\/schema\/person\/f41122130d18c0720657431d990451c6"},"headline":"Retour du port du masque dans la rue","datePublished":"2021-11-19T16:38:35+00:00","dateModified":"2021-11-19T16:39:46+00:00","mainEntityOfPage":{"@id":"https:\/\/thiant.fr\/wordpress\/retour-du-port-du-masque-dans-la-rue\/"},"wordCount":523,"publisher":{"@id":"https:\/\/thiant.fr\/wordpress\/#organization"},"image":{"@id":"https:\/\/thiant.fr\/wordpress\/retour-du-port-du-masque-dans-la-rue\/#primaryimage"},"thumbnailUrl":"https:\/\/thiant.fr\/wordpress\/wp-content\/uploads\/2021\/11\/retour-du-masque.jpg","articleSection":["COVID-19"],"inLanguage":"fr-FR"},{"@type":"WebPage","@id":"https:\/\/thiant.fr\/wordpress\/retour-du-port-du-masque-dans-la-rue\/","url":"https:\/\/thiant.fr\/wordpress\/retour-du-port-du-masque-dans-la-rue\/","name":"Retour du port du masque dans la rue - Ville de Thiant","isPartOf":{"@id":"https:\/\/thiant.fr\/wordpress\/#website"},"primaryImageOfPage":{"@id":"https:\/\/thiant.fr\/wordpress\/retour-du-port-du-masque-dans-la-rue\/#primaryimage"},"image":{"@id":"https:\/\/thiant.fr\/wordpress\/retour-du-port-du-masque-dans-la-rue\/#primaryimage"},"thumbnailUrl":"https:\/\/thiant.fr\/wordpress\/wp-content\/uploads\/2021\/11\/retour-du-masque.jpg","datePublished":"2021-11-19T16:38:35+00:00","dateModified":"2021-11-19T16:39:46+00:00","description":"Par d\u00e9cision pr\u00e9fectorale, le port du masque est de nouveau obligatoire sur la voie publique et dans les espaces ouverts au public.","breadcrumb":{"@id":"https:\/\/thiant.fr\/wordpress\/retour-du-port-du-masque-dans-la-rue\/#breadcrumb"},"inLanguage":"fr-FR","potentialAction":[{"@type":"ReadAction","target":["https:\/\/thiant.fr\/wordpress\/retour-du-port-du-masque-dans-la-rue\/"]}]},{"@type":"ImageObject","inLanguage":"fr-FR","@id":"https:\/\/thiant.fr\/wordpress\/retour-du-port-du-masque-dans-la-rue\/#primaryimage","url":"https:\/\/thiant.fr\/wordpress\/wp-content\/uploads\/2021\/11\/retour-du-masque.jpg","contentUrl":"https:\/\/thiant.fr\/wordpress\/wp-content\/uploads\/2021\/11\/retour-du-masque.jpg","width":730,"height":487},{"@type":"BreadcrumbList","@id":"https:\/\/thiant.fr\/wordpress\/retour-du-port-du-masque-dans-la-rue\/#breadcrumb","itemListElement":[{"@type":"ListItem","position":1,"name":"Accueil","item":"https:\/\/thiant.fr\/wordpress\/"},{"@type":"ListItem","position":2,"name":"Retour du port du masque dans la rue"}]},{"@type":"WebSite","@id":"https:\/\/thiant.fr\/wordpress\/#website","url":"https:\/\/thiant.fr\/wordpress\/","name":"Ville de Thiant","description":"Site officiel de la ville de Thiant","publisher":{"@id":"https:\/\/thiant.fr\/wordpress\/#organization"},"potentialAction":[{"@type":"SearchAction","target":{"@type":"EntryPoint","urlTemplate":"https:\/\/thiant.fr\/wordpress\/?s={search_term_string}"},"query-input":{"@type":"PropertyValueSpecification","valueRequired":true,"valueName":"search_term_string"}}],"inLanguage":"fr-FR"},{"@type":"Organization","@id":"https:\/\/thiant.fr\/wordpress\/#organization","name":"Ville de Thiant","url":"https:\/\/thiant.fr\/wordpress\/","logo":{"@type":"ImageObject","inLanguage":"fr-FR","@id":"https:\/\/thiant.fr\/wordpress\/#\/schema\/logo\/image\/","url":"https:\/\/thiant.fr\/wordpress\/wp-content\/uploads\/2019\/08\/Thiant_Illdy_4.png","contentUrl":"https:\/\/thiant.fr\/wordpress\/wp-content\/uploads\/2019\/08\/Thiant_Illdy_4.png","width":105,"height":75,"caption":"Ville de Thiant"},"image":{"@id":"https:\/\/thiant.fr\/wordpress\/#\/schema\/logo\/image\/"}},{"@type":"Person","@id":"https:\/\/thiant.fr\/wordpress\/#\/schema\/person\/f41122130d18c0720657431d990451c6","name":"Service communication","image":{"@type":"ImageObject","inLanguage":"fr-FR","@id":"https:\/\/secure.gravatar.com\/avatar\/527d4f1f1330a82db5a7ea7738ddeb994fd26c4537512a833d99b387808ee250?s=96&r=g","url":"https:\/\/secure.gravatar.com\/avatar\/527d4f1f1330a82db5a7ea7738ddeb994fd26c4537512a833d99b387808ee250?s=96&r=g","contentUrl":"https:\/\/secure.gravatar.com\/avatar\/527d4f1f1330a82db5a7ea7738ddeb994fd26c4537512a833d99b387808ee250?s=96&r=g","caption":"Service communication"},"url":"https:\/\/thiant.fr\/wordpress\/author\/adminwpress\/"}]}},"_links":{"self":[{"href":"https:\/\/thiant.fr\/wordpress\/wp-json\/wp\/v2\/posts\/3535","targetHints":{"allow":["GET"]}}],"collection":[{"href":"https:\/\/thiant.fr\/wordpress\/wp-json\/wp\/v2\/posts"}],"about":[{"href":"https:\/\/thiant.fr\/wordpress\/wp-json\/wp\/v2\/types\/post"}],"author":[{"embeddable":true,"href":"https:\/\/thiant.fr\/wordpress\/wp-json\/wp\/v2\/users\/1"}],"replies":[{"embeddable":true,"href":"https:\/\/thiant.fr\/wordpress\/wp-json\/wp\/v2\/comments?post=3535"}],"version-history":[{"count":0,"href":"https:\/\/thiant.fr\/wordpress\/wp-json\/wp\/v2\/posts\/3535\/revisions"}],"wp:featuredmedia":[{"embeddable":true,"href":"https:\/\/thiant.fr\/wordpress\/wp-json\/wp\/v2\/media\/3536"}],"wp:attachment":[{"href":"https:\/\/thiant.fr\/wordpress\/wp-json\/wp\/v2\/media?parent=3535"}],"wp:term":[{"taxonomy":"category","embeddable":true,"href":"https:\/\/thiant.fr\/wordpress\/wp-json\/wp\/v2\/categories?post=3535"},{"taxonomy":"post_tag","embeddable":true,"href":"https:\/\/thiant.fr\/wordpress\/wp-json\/wp\/v2\/tags?post=3535"}],"curies":[{"name":"wp","href":"https:\/\/api.w.org\/{rel}","templated":true}]}}