{"id":3562,"date":"2021-11-29T16:56:57","date_gmt":"2021-11-29T15:56:57","guid":{"rendered":"https:\/\/thiant.fr\/wordpress\/?p=3562"},"modified":"2021-11-29T17:09:58","modified_gmt":"2021-11-29T16:09:58","slug":"covid-19-point-de-situation-au-26-novembre-dans-le-nord","status":"publish","type":"post","link":"https:\/\/thiant.fr\/wordpress\/covid-19-point-de-situation-au-26-novembre-dans-le-nord\/","title":{"rendered":"COVID-19 : Point de situation au 26 novembre dans le Nord"},"content":{"rendered":"\t\t<div data-elementor-type=\"wp-post\" data-elementor-id=\"3562\" class=\"elementor elementor-3562\">\n\t\t\t\t\t\t<section class=\"elementor-section elementor-top-section elementor-element elementor-element-ae3768d elementor-section-boxed elementor-section-height-default elementor-section-height-default\" data-id=\"ae3768d\" data-element_type=\"section\" data-e-type=\"section\">\n\t\t\t\t\t\t<div class=\"elementor-container elementor-column-gap-default\">\n\t\t\t\t\t<div class=\"elementor-column elementor-col-33 elementor-top-column elementor-element elementor-element-8ac62f7\" data-id=\"8ac62f7\" data-element_type=\"column\" data-e-type=\"column\">\n\t\t\t<div class=\"elementor-widget-wrap elementor-element-populated\">\n\t\t\t\t\t\t<div class=\"elementor-element elementor-element-76dea6c elementor-widget elementor-widget-image\" data-id=\"76dea6c\" data-element_type=\"widget\" data-e-type=\"widget\" data-widget_type=\"image.default\">\n\t\t\t\t<div class=\"elementor-widget-container\">\n\t\t\t\t\t\t\t\t\t\t\t\t\t\t\t<img decoding=\"async\" width=\"134\" height=\"134\" src=\"https:\/\/thiant.fr\/wordpress\/wp-content\/uploads\/2021\/03\/Logo-Prefet-Nord.png\" class=\"attachment-large size-large wp-image-2547\" alt=\"\" \/>\t\t\t\t\t\t\t\t\t\t\t\t\t\t\t<\/div>\n\t\t\t\t<\/div>\n\t\t\t\t\t<\/div>\n\t\t<\/div>\n\t\t\t\t<div class=\"elementor-column elementor-col-66 elementor-top-column elementor-element elementor-element-9e75eb7\" data-id=\"9e75eb7\" data-element_type=\"column\" data-e-type=\"column\">\n\t\t\t<div class=\"elementor-widget-wrap elementor-element-populated\">\n\t\t\t\t\t\t<div class=\"elementor-element elementor-element-d568de8 elementor-widget elementor-widget-text-editor\" data-id=\"d568de8\" data-element_type=\"widget\" data-e-type=\"widget\" data-widget_type=\"text-editor.default\">\n\t\t\t\t<div class=\"elementor-widget-container\">\n\t\t\t\t\t\t\t\t\t<p><a href=\"#Point26112021-1\">1- Des mesures nationales renforc\u00e9es<\/a><br \/><a href=\"#Point26112021-2\">2- Le port du masque \u00e9largi dans le Nord<\/a><br \/><a href=\"#Point26112021-3\">3- Des contr\u00f4les amplifi\u00e9s dans le d\u00e9partement<\/a><br \/><a href=\"#Point26112021-4\">4- Appel \u00e0 la vigilance dans le cadre des rassemblements de fin d\u2019ann\u00e9e<\/a><br \/><a href=\"#Point26112021-5\">5- Rappel : la mise en place de mesures sanitaires renforc\u00e9es \u00e0 la fronti\u00e8re avec la Belgique depuis le samedi 13 novembre 2021<\/a><\/p><hr \/><p><span style=\"color: #333333;\">Face \u00e0 la recrudescence de l\u2019\u00e9pid\u00e9mie de Covid-19, les mesures de lutte contre le virus ont \u00e9t\u00e9 <\/span><span style=\"color: #333333;\">renforc\u00e9es au niveau national. Des mesures d\u00e9partementales sont \u00e9galement mises en \u0153uvre <\/span><span style=\"color: #333333;\">pour assurer la s\u00e9curit\u00e9 sanitaire des habitantes et habitants du Nord.<\/span><br \/><span id=\"Point26112021-1\" style=\"color: #0000ff;\">1- Des mesures nationales renforc\u00e9es<\/span><br \/><span style=\"color: #333333;\">Ce jeudi 25 novembre 2021, Olivier V\u00e9ran, ministre des Solidarit\u00e9s et de la Sant\u00e9, et Jean-Michel Blanquer, ministre de l\u2019\u00c9ducation nationale, ont annonc\u00e9 la mise en place de mesures nationales pour lutter contre cette 5<sup>\u00e8me<\/sup> vague :<\/span><\/p><ul><li><span style=\"color: #333333;\"><span style=\"text-decoration: underline;\">vaccination :<\/span> la dose de rappel est accessible pour les plus de 18 ans \u00e0 compter du 27 novembre 2021 ;<\/span><\/li><li><span style=\"color: #333333;\"><span style=\"text-decoration: underline;\">passe sanitaire :<\/span> la validit\u00e9 du passe sanitaire est conditionn\u00e9e \u00e0 l\u2019injection de la dose de rappel \u00e0 compter du 15 janvier 2022 ou, pour les plus de 65 ans, avant le 15 d\u00e9cembre, dans les 7 mois apr\u00e8s la derni\u00e8re injection ;<\/span><\/li><li><span style=\"color: #333333;\"><span style=\"text-decoration: underline;\">test :<\/span> la validit\u00e9 des tests PCR et antig\u00e9niques est r\u00e9duite de 72h \u00e0 24h ;<\/span><\/li><li><span style=\"color: #333333;\">gestes barri\u00e8res : le port du masque est obligatoire en int\u00e9rieur (bars, restaurants, magasins, centres commerciaux, mus\u00e9es, cin\u00e9mas, lieux de culte\u2026), y compris dans les \u00e9tablissements soumis au passe sanitaire, et les \u00e9tablissements de plein-air (tribunes de stades par exemple) ;<\/span><\/li><li><span style=\"color: #333333;\"><span style=\"text-decoration: underline;\">\u00e9ducation :<\/span> le protocole sanitaire \u00e9volue dans les \u00e9coles primaires avec un d\u00e9pistage syst\u00e9matique des \u00e9l\u00e8ves d\u00e8s l\u2019apparition d\u2019un premier cas dans une classe. Seuls les \u00e9l\u00e8ves test\u00e9s positifs devront s\u2019isoler, pour permettre aux classes de rester ouvertes.<\/span><\/li><\/ul><p><span style=\"color: #333333;\">Pour plus d\u2019information sur ces mesures nationales : <a href=\"https:\/\/www.gouvernement.fr\/info-coronavirus\" target=\"_blank\" rel=\"noopener\">https:\/\/www.gouvernement.fr\/info-coronavirus<\/a><\/span><br \/><span id=\"Point26112021-2\" style=\"color: #0000ff;\">2- Le port du masque \u00e9largi dans le Nord<\/span><\/p><p><span style=\"color: #333333;\">La situation sanitaire dans le Nord se d\u00e9grade. Avec un taux d\u2019incidence de 272 nouveaux cas pour 100 000 habitants au 22 novembre, le d\u00e9partement fait face \u00e0 une acc\u00e9l\u00e9ration de la circulation du virus de la Covid-19 plus marqu\u00e9e que la moyenne nationale (213 nouveaux cas pour 100 000 habitants au 22 novembre 2021).<\/span><\/p><p><span style=\"color: #333333;\">Dans ce contexte, <strong>Georges-Fran\u00e7ois Leclerc, pr\u00e9fet du Nord, a d\u00e9cid\u00e9, par arr\u00eat\u00e9 du 26 novembre 2021, d\u2019\u00e9largir l\u2019obligation de port du masque pour les personnes de 11 ans et plus <span style=\"text-decoration: underline;\">jusqu\u2019au 10 janvier 2022 inclus.<\/span><\/strong><\/span><\/p><p><span style=\"color: #333333;\">En compl\u00e9ment des mesures nationales relatives au port du masque en int\u00e9rieur et dans les \u00e9tablissements de plein-air, <strong>le port du masque est de nouveau obligatoire dans le Nord :<\/strong><\/span><\/p><ul><li><span style=\"color: #333333;\">sur les march\u00e9s, braderies, brocantes, vide-greniers et autres ventes au d\u00e9ballage qu\u2019ils se tiennent dans des espaces couverts ou en plein-air ;<\/span><\/li><li><span style=\"color: #333333;\">dans le rayon de 50 m\u00e8tres autour :<\/span><ul><li><span style=\"color: #333333;\">des march\u00e9s, braderies, brocantes, vide-greniers et autres ventes au d\u00e9ballage ;<\/span><\/li><li><span style=\"color: #333333;\">des entr\u00e9es des centres commerciaux durant leurs heures d\u2019ouverture ;<\/span><\/li><li><span style=\"color: #333333;\">des entr\u00e9es des \u00e9tablissements scolaires et universitaires ;<\/span><\/li><li><span style=\"color: #333333;\">des entr\u00e9es des lieux de culte aux jours et heures de la tenue des offices et c\u00e9r\u00e9monies ;<\/span><\/li><li><span style=\"color: #333333;\">des stations et lieux d\u2019arr\u00eat des transports collectifs de voyageurs.<\/span><\/li><\/ul><\/li><\/ul><p><strong><span style=\"color: #333333;\">Le port du masque reste en vigueur :<\/span><\/strong><\/p><ul><li><span style=\"color: #333333;\">dans les \u00e9tablissements recevant du public ;<\/span><\/li><li><span style=\"color: #333333;\">dans les files d\u2019attente de toute nature ;<\/span><\/li><li><span style=\"color: #333333;\">\u00e0 l\u2019occasion de tout regroupement de plus de 10 personnes sur la voie publique et les espaces ouverts au public ;<\/span><\/li><li><span style=\"color: #333333;\">dans les zones pi\u00e9tonnes, permanentes ou temporaires ;<\/span><\/li><li><span style=\"color: #333333;\">dans les f\u00eates foraines ;<\/span><\/li><li><span style=\"color: #333333;\">dans les march\u00e9s de No\u00ebl.<\/span><\/li><\/ul><p><span style=\"color: #333333;\">Les plages, parcs et jardins restent exempt\u00e9s du port du masque.<\/span><\/p><p><span style=\"color: #333333;\">Consultez l\u2019arr\u00eat\u00e9 pr\u00e9fectoral du 26 novembre 2021 : <a href=\"https:\/\/www.nord.gouv.fr\/Actualites\/Actualites\/Covid-19-renforcement-des-mesures-face-a-la-recrudescence-de-l-epidemie\" target=\"_blank\" rel=\"noopener\">nord.gouv.fr<\/a><\/span><\/p><p><span style=\"color: #333333;\">Consultez l\u2019infographie r\u00e9capitulant les lieux dans lesquels le port du masque est obligatoire : voir synth\u00e8se port du masque en t\u00eate d&#8217;article<\/span><br \/><span id=\"Point26112021-3\" style=\"color: #0000ff;\">3 &#8211; Des contr\u00f4les amplifi\u00e9s dans le d\u00e9partement<\/span><\/p><p><span style=\"color: #333333;\">Au regard de cette situation inqui\u00e9tante, le pr\u00e9fet a demand\u00e9 aux forces de l\u2019ordre d\u2019amplifier les contr\u00f4les afin de s\u2019assurer du respect des mesures de lutte contre l\u2019\u00e9pid\u00e9mie.<\/span><\/p><p><span style=\"color: #333333;\">Pour m\u00e9moire :<\/span><\/p><ul><li><span style=\"color: #333333;\">le non-respect du port du masque est sanctionn\u00e9 d\u2019une amende forfaitaire de 135\u20ac et jusque 3 750\u20ac et 6 mois d\u2019emprisonnement en cas de r\u00e9cidives multiples ;<\/span><\/li><li><span style=\"color: #333333;\">la non-pr\u00e9sentation du passe sanitaire est sanctionn\u00e9e d\u2019une amende forfaitaire de 135\u20ac et jusque 3 750\u20ac et 6 mois d\u2019emprisonnement en cas de r\u00e9cidive multiples ;<\/span><\/li><li><span style=\"color: #333333;\">l&#8217;utilisation du \u00ab passe sanitaire \u00bb d&#8217;un tiers est punie d&#8217;une amende de 750\u20ac, forfaitis\u00e9e \u00e0 135\u20ac si elle est r\u00e9gl\u00e9e rapidement ;<\/span><\/li><li><span style=\"color: #333333;\">les commer\u00e7ants et professionnels ne contr\u00f4lant pas le passe sanitaire s&#8217;exposent \u00e0 une mise en demeure et \u00e0 une \u00e9ventuelle fermeture temporaire de l&#8217;\u00e9tablissement ;<\/span><\/li><li><span style=\"color: #333333;\">en cas de verbalisation r\u00e9p\u00e9t\u00e9es d\u2019un \u00e9tablissement pour non-contr\u00f4le du passe sanitaire, la peine encourue est d&#8217;un an de prison et une amende de 1 000\u20ac et jusqu\u2019\u00e0 45 000\u20ac pour les personnes morales \u00e0 partir de la 5<sup>\u00e8me<\/sup> verbalisation.<\/span><\/li><\/ul><h4><span id=\"Point26112021-4\" style=\"color: #0000ff;\">4 \u2013 Appel \u00e0 la vigilance dans le cadre des rassemblements de fin d\u2019ann\u00e9e<\/span><\/h4><p><span style=\"color: #333333;\">Une forte vigilance est sollicit\u00e9e quant au respect des mesures de lutte contre la Covid-19 et des gestes barri\u00e8res dans le cadre des futurs rassemblements de fin d\u2019ann\u00e9e qui pourraient \u00eatre organis\u00e9s dans les espaces relevant de votre responsabilit\u00e9 (festivit\u00e9s, banquet des a\u00een\u00e9s, march\u00e9 de No\u00ebl, parades de Saint-Nicolas et de No\u00ebl\u2026). Le port du masque devra y \u00eatre appliqu\u00e9 ainsi que le passe sanitaire lorsque la r\u00e9glementation le pr\u00e9voit.<\/span><\/p><h4><span id=\"Point26112021-5\" style=\"color: #0000ff;\">5- Rappel : la mise en place de mesures sanitaires renforc\u00e9es \u00e0 la fronti\u00e8re avec la Belgique depuis le samedi 13 novembre 2021<\/span><\/h4><p><span style=\"color: #333333;\">En raison de l\u2019\u00e9volution r\u00e9cente de la situation sanitaire en Belgique, les conditions d\u2019entr\u00e9e sur le territoire fran\u00e7ais sont renforc\u00e9es. Les voyageurs (\u00e0 l\u2019exception des enfants de moins de 12 ans) en provenance de Belgique ne pouvant justifier d\u2019un sch\u00e9ma vaccinal complet doivent pr\u00e9senter le r\u00e9sultat n\u00e9gatif d\u2019un test PCR ou d\u2019un test antig\u00e9nique r\u00e9alis\u00e9 moins de 24 heures avant le d\u00e9part.<\/span><\/p><p><span style=\"color: #333333;\">Cette obligation ne concerne pas les d\u00e9placements des professionnels du transport routier dans l\u2019exercice de leur activit\u00e9. Les d\u00e9placements terrestres d\u2019une dur\u00e9e inf\u00e9rieure \u00e0 24 heures dans un p\u00e9rim\u00e8tre d\u00e9fini par un rayon de 30 kilom\u00e8tres autour du lieu de r\u00e9sidence ne sont pas concern\u00e9s, tout comme les d\u00e9placements professionnels dont l\u2019urgence ou la fr\u00e9quence est incompatible avec la r\u00e9alisation d\u2019un test ou examen de d\u00e9pistage.<\/span><\/p><hr \/><p><span style=\"color: #333333;\">Les habitantes et habitants du Nord sont appel\u00e9s \u00e0 faire preuve d\u2019une grande rigueur dans la mise en \u0153uvre des gestes barri\u00e8res (port du masque, mesures de distanciation sociale, a\u00e9ration des locaux, lavage des mains) afin de limiter la propagation du virus. Seules la vaccination, la vigilance et la responsabilit\u00e9 individuelles permettront de lutter contre la circulation du virus.<\/span><\/p>\t\t\t\t\t\t\t\t<\/div>\n\t\t\t\t<\/div>\n\t\t\t\t\t<\/div>\n\t\t<\/div>\n\t\t\t\t\t<\/div>\n\t\t<\/section>\n\t\t\t\t<section class=\"elementor-section elementor-top-section elementor-element elementor-element-d2e8751 elementor-section-boxed elementor-section-height-default elementor-section-height-default\" data-id=\"d2e8751\" data-element_type=\"section\" data-e-type=\"section\" data-settings=\"{&quot;background_background&quot;:&quot;classic&quot;}\">\n\t\t\t\t\t\t<div class=\"elementor-container elementor-column-gap-default\">\n\t\t\t\t\t<div class=\"elementor-column elementor-col-100 elementor-top-column elementor-element elementor-element-ab777f0\" data-id=\"ab777f0\" data-element_type=\"column\" data-e-type=\"column\">\n\t\t\t<div class=\"elementor-widget-wrap elementor-element-populated\">\n\t\t\t\t\t\t<div class=\"elementor-element elementor-element-ce4fe36 elementor-widget elementor-widget-text-editor\" data-id=\"ce4fe36\" data-element_type=\"widget\" data-e-type=\"widget\" data-widget_type=\"text-editor.default\">\n\t\t\t\t<div class=\"elementor-widget-container\">\n\t\t\t\t\t\t\t\t\t<h1 style=\"text-align: center;\"><span style=\"color: #333333;\">Vaccination \u00e0 Thiant<\/span><\/h1><h6 style=\"text-align: center;\"><span style=\"color: #333333;\">Ouvert \u00a0\u00e0 tous pour <br \/>1<sup>\u00e8re<\/sup> dose + 12 ans, 2<sup>\u00e8me<\/sup> dose et 3<sup>\u00e8me<\/sup> dose (d\u00e9lai de 5 mois apr\u00e8s la 2<sup>\u00e8me<\/sup> dose)<\/span><\/h6><h4 style=\"text-align: center;\"><span style=\"color: #333333;\">Le 6 d\u00e9cembre 2021 <br \/>\u00e0 la salle de l\u2019enfance<br \/>9h30 &#8211; 12h et 14h &#8211; 17h<\/span><\/h4><h4 style=\"text-align: center;\"><span style=\"color: #333333;\">Le 9 d\u00e9cembre 2021 <br \/>\u00e0 la salle de l\u2019enfance<br \/>14h &#8211; 17h <\/span><\/h4><p style=\"text-align: center;\"><strong><span style=\"color: #333333;\">Prise de rendez-vous en Mairie : <a href=\"tel:+33327245940\">03 27 24 59 40<\/a>.<\/span><\/strong><\/p>\t\t\t\t\t\t\t\t<\/div>\n\t\t\t\t<\/div>\n\t\t\t\t\t<\/div>\n\t\t<\/div>\n\t\t\t\t\t<\/div>\n\t\t<\/section>\n\t\t\t\t<\/div>\n\t\t","protected":false},"excerpt":{"rendered":"<p>1- Des mesures nationales renforc\u00e9es 2- Le port du masque \u00e9largi dans le Nord 3- Des contr\u00f4les amplifi\u00e9s dans le d\u00e9partement 4- Appel \u00e0 la vigilance dans le cadre des rassemblements de fin d\u2019ann\u00e9e 5- Rappel : la mise en place de mesures sanitaires renforc\u00e9es \u00e0 la fronti\u00e8re avec la Belgique depuis le samedi 13 [&hellip;]<\/p>\n","protected":false},"author":1,"featured_media":3564,"comment_status":"closed","ping_status":"closed","sticky":false,"template":"","format":"standard","meta":{"_crdt_document":"","ocean_post_layout":"","ocean_both_sidebars_style":"","ocean_both_sidebars_content_width":0,"ocean_both_sidebars_sidebars_width":0,"ocean_sidebar":"0","ocean_second_sidebar":"0","ocean_disable_margins":"enable","ocean_add_body_class":"","ocean_shortcode_before_top_bar":"","ocean_shortcode_after_top_bar":"","ocean_shortcode_before_header":"","ocean_shortcode_after_header":"","ocean_has_shortcode":"","ocean_shortcode_after_title":"","ocean_shortcode_before_footer_widgets":"","ocean_shortcode_after_footer_widgets":"","ocean_shortcode_before_footer_bottom":"","ocean_shortcode_after_footer_bottom":"","ocean_display_top_bar":"default","ocean_display_header":"default","ocean_header_style":"","ocean_center_header_left_menu":"0","ocean_custom_header_template":"0","ocean_custom_logo":0,"ocean_custom_retina_logo":0,"ocean_custom_logo_max_width":0,"ocean_custom_logo_tablet_max_width":0,"ocean_custom_logo_mobile_max_width":0,"ocean_custom_logo_max_height":0,"ocean_custom_logo_tablet_max_height":0,"ocean_custom_logo_mobile_max_height":0,"ocean_header_custom_menu":"0","ocean_menu_typo_font_family":"0","ocean_menu_typo_font_subset":"","ocean_menu_typo_font_size":0,"ocean_menu_typo_font_size_tablet":0,"ocean_menu_typo_font_size_mobile":0,"ocean_menu_typo_font_size_unit":"px","ocean_menu_typo_font_weight":"","ocean_menu_typo_font_weight_tablet":"","ocean_menu_typo_font_weight_mobile":"","ocean_menu_typo_transform":"","ocean_menu_typo_transform_tablet":"","ocean_menu_typo_transform_mobile":"","ocean_menu_typo_line_height":0,"ocean_menu_typo_line_height_tablet":0,"ocean_menu_typo_line_height_mobile":0,"ocean_menu_typo_line_height_unit":"","ocean_menu_typo_spacing":0,"ocean_menu_typo_spacing_tablet":0,"ocean_menu_typo_spacing_mobile":0,"ocean_menu_typo_spacing_unit":"","ocean_menu_link_color":"","ocean_menu_link_color_hover":"","ocean_menu_link_color_active":"","ocean_menu_link_background":"","ocean_menu_link_hover_background":"","ocean_menu_link_active_background":"","ocean_menu_social_links_bg":"","ocean_menu_social_hover_links_bg":"","ocean_menu_social_links_color":"","ocean_menu_social_hover_links_color":"","ocean_disable_title":"default","ocean_disable_heading":"default","ocean_post_title":"","ocean_post_subheading":"","ocean_post_title_style":"","ocean_post_title_background_color":"","ocean_post_title_background":0,"ocean_post_title_bg_image_position":"","ocean_post_title_bg_image_attachment":"","ocean_post_title_bg_image_repeat":"","ocean_post_title_bg_image_size":"","ocean_post_title_height":0,"ocean_post_title_bg_overlay":0.5,"ocean_post_title_bg_overlay_color":"","ocean_disable_breadcrumbs":"default","ocean_breadcrumbs_color":"","ocean_breadcrumbs_separator_color":"","ocean_breadcrumbs_links_color":"","ocean_breadcrumbs_links_hover_color":"","ocean_display_footer_widgets":"default","ocean_display_footer_bottom":"default","ocean_custom_footer_template":"0","ocean_post_oembed":"","ocean_post_self_hosted_media":"","ocean_post_video_embed":"","ocean_link_format":"","ocean_link_format_target":"self","ocean_quote_format":"","ocean_quote_format_link":"post","ocean_gallery_link_images":"off","ocean_gallery_id":[],"footnotes":""},"categories":[271],"tags":[],"class_list":["post-3562","post","type-post","status-publish","format-standard","has-post-thumbnail","hentry","category-covid-19","entry","has-media"],"yoast_head":"<!-- This site is optimized with the Yoast SEO plugin v27.3 - https:\/\/yoast.com\/product\/yoast-seo-wordpress\/ -->\n<title>COVID-19 : Point de situation au 26 novembre dans le Nord - Ville de Thiant<\/title>\n<meta name=\"description\" content=\"Arr\u00eat\u00e9 portant obligation du port du masque, pour les personnes de onze ans et plus dans certains espaces ouverts \u00e0 la circulation du public.\" \/>\n<meta name=\"robots\" content=\"index, follow, max-snippet:-1, max-image-preview:large, max-video-preview:-1\" \/>\n<link rel=\"canonical\" href=\"https:\/\/thiant.fr\/wordpress\/covid-19-point-de-situation-au-26-novembre-dans-le-nord\/\" \/>\n<meta property=\"og:locale\" content=\"fr_FR\" \/>\n<meta property=\"og:type\" content=\"article\" \/>\n<meta property=\"og:title\" content=\"COVID-19 : Point de situation au 26 novembre dans le Nord - Ville de Thiant\" \/>\n<meta property=\"og:description\" content=\"Arr\u00eat\u00e9 portant obligation du port du masque, pour les personnes de onze ans et plus dans certains espaces ouverts \u00e0 la circulation du public.\" \/>\n<meta property=\"og:url\" content=\"https:\/\/thiant.fr\/wordpress\/covid-19-point-de-situation-au-26-novembre-dans-le-nord\/\" \/>\n<meta property=\"og:site_name\" content=\"Ville de Thiant\" \/>\n<meta property=\"article:published_time\" content=\"2021-11-29T15:56:57+00:00\" \/>\n<meta property=\"article:modified_time\" content=\"2021-11-29T16:09:58+00:00\" \/>\n<meta property=\"og:image\" content=\"https:\/\/thiant.fr\/wordpress\/wp-content\/uploads\/2021\/11\/Synthese-des-lieux-dans-lesquels-le-port-du-masque-est-obligatoire_730.png\" \/>\n\t<meta property=\"og:image:width\" content=\"730\" \/>\n\t<meta property=\"og:image:height\" content=\"411\" \/>\n\t<meta property=\"og:image:type\" content=\"image\/png\" \/>\n<meta name=\"author\" content=\"Service communication\" \/>\n<meta name=\"twitter:card\" content=\"summary_large_image\" \/>\n<meta name=\"twitter:label1\" content=\"\u00c9crit par\" \/>\n\t<meta name=\"twitter:data1\" content=\"Service communication\" \/>\n\t<meta name=\"twitter:label2\" content=\"Dur\u00e9e de lecture estim\u00e9e\" \/>\n\t<meta name=\"twitter:data2\" content=\"6 minutes\" \/>\n<script type=\"application\/ld+json\" class=\"yoast-schema-graph\">{\"@context\":\"https:\\\/\\\/schema.org\",\"@graph\":[{\"@type\":\"Article\",\"@id\":\"https:\\\/\\\/thiant.fr\\\/wordpress\\\/covid-19-point-de-situation-au-26-novembre-dans-le-nord\\\/#article\",\"isPartOf\":{\"@id\":\"https:\\\/\\\/thiant.fr\\\/wordpress\\\/covid-19-point-de-situation-au-26-novembre-dans-le-nord\\\/\"},\"author\":{\"name\":\"Service communication\",\"@id\":\"https:\\\/\\\/thiant.fr\\\/wordpress\\\/#\\\/schema\\\/person\\\/f41122130d18c0720657431d990451c6\"},\"headline\":\"COVID-19 : Point de situation au 26 novembre dans le Nord\",\"datePublished\":\"2021-11-29T15:56:57+00:00\",\"dateModified\":\"2021-11-29T16:09:58+00:00\",\"mainEntityOfPage\":{\"@id\":\"https:\\\/\\\/thiant.fr\\\/wordpress\\\/covid-19-point-de-situation-au-26-novembre-dans-le-nord\\\/\"},\"wordCount\":1237,\"publisher\":{\"@id\":\"https:\\\/\\\/thiant.fr\\\/wordpress\\\/#organization\"},\"image\":{\"@id\":\"https:\\\/\\\/thiant.fr\\\/wordpress\\\/covid-19-point-de-situation-au-26-novembre-dans-le-nord\\\/#primaryimage\"},\"thumbnailUrl\":\"https:\\\/\\\/thiant.fr\\\/wordpress\\\/wp-content\\\/uploads\\\/2021\\\/11\\\/Synthese-des-lieux-dans-lesquels-le-port-du-masque-est-obligatoire_730.png\",\"articleSection\":[\"COVID-19\"],\"inLanguage\":\"fr-FR\"},{\"@type\":\"WebPage\",\"@id\":\"https:\\\/\\\/thiant.fr\\\/wordpress\\\/covid-19-point-de-situation-au-26-novembre-dans-le-nord\\\/\",\"url\":\"https:\\\/\\\/thiant.fr\\\/wordpress\\\/covid-19-point-de-situation-au-26-novembre-dans-le-nord\\\/\",\"name\":\"COVID-19 : Point de situation au 26 novembre dans le Nord - Ville de Thiant\",\"isPartOf\":{\"@id\":\"https:\\\/\\\/thiant.fr\\\/wordpress\\\/#website\"},\"primaryImageOfPage\":{\"@id\":\"https:\\\/\\\/thiant.fr\\\/wordpress\\\/covid-19-point-de-situation-au-26-novembre-dans-le-nord\\\/#primaryimage\"},\"image\":{\"@id\":\"https:\\\/\\\/thiant.fr\\\/wordpress\\\/covid-19-point-de-situation-au-26-novembre-dans-le-nord\\\/#primaryimage\"},\"thumbnailUrl\":\"https:\\\/\\\/thiant.fr\\\/wordpress\\\/wp-content\\\/uploads\\\/2021\\\/11\\\/Synthese-des-lieux-dans-lesquels-le-port-du-masque-est-obligatoire_730.png\",\"datePublished\":\"2021-11-29T15:56:57+00:00\",\"dateModified\":\"2021-11-29T16:09:58+00:00\",\"description\":\"Arr\u00eat\u00e9 portant obligation du port du masque, pour les personnes de onze ans et plus dans certains espaces ouverts \u00e0 la circulation du public.\",\"breadcrumb\":{\"@id\":\"https:\\\/\\\/thiant.fr\\\/wordpress\\\/covid-19-point-de-situation-au-26-novembre-dans-le-nord\\\/#breadcrumb\"},\"inLanguage\":\"fr-FR\",\"potentialAction\":[{\"@type\":\"ReadAction\",\"target\":[\"https:\\\/\\\/thiant.fr\\\/wordpress\\\/covid-19-point-de-situation-au-26-novembre-dans-le-nord\\\/\"]}]},{\"@type\":\"ImageObject\",\"inLanguage\":\"fr-FR\",\"@id\":\"https:\\\/\\\/thiant.fr\\\/wordpress\\\/covid-19-point-de-situation-au-26-novembre-dans-le-nord\\\/#primaryimage\",\"url\":\"https:\\\/\\\/thiant.fr\\\/wordpress\\\/wp-content\\\/uploads\\\/2021\\\/11\\\/Synthese-des-lieux-dans-lesquels-le-port-du-masque-est-obligatoire_730.png\",\"contentUrl\":\"https:\\\/\\\/thiant.fr\\\/wordpress\\\/wp-content\\\/uploads\\\/2021\\\/11\\\/Synthese-des-lieux-dans-lesquels-le-port-du-masque-est-obligatoire_730.png\",\"width\":730,\"height\":411},{\"@type\":\"BreadcrumbList\",\"@id\":\"https:\\\/\\\/thiant.fr\\\/wordpress\\\/covid-19-point-de-situation-au-26-novembre-dans-le-nord\\\/#breadcrumb\",\"itemListElement\":[{\"@type\":\"ListItem\",\"position\":1,\"name\":\"Accueil\",\"item\":\"https:\\\/\\\/thiant.fr\\\/wordpress\\\/\"},{\"@type\":\"ListItem\",\"position\":2,\"name\":\"COVID-19 : Point de situation au 26 novembre dans le Nord\"}]},{\"@type\":\"WebSite\",\"@id\":\"https:\\\/\\\/thiant.fr\\\/wordpress\\\/#website\",\"url\":\"https:\\\/\\\/thiant.fr\\\/wordpress\\\/\",\"name\":\"Ville de Thiant\",\"description\":\"Site officiel de la ville de Thiant\",\"publisher\":{\"@id\":\"https:\\\/\\\/thiant.fr\\\/wordpress\\\/#organization\"},\"potentialAction\":[{\"@type\":\"SearchAction\",\"target\":{\"@type\":\"EntryPoint\",\"urlTemplate\":\"https:\\\/\\\/thiant.fr\\\/wordpress\\\/?s={search_term_string}\"},\"query-input\":{\"@type\":\"PropertyValueSpecification\",\"valueRequired\":true,\"valueName\":\"search_term_string\"}}],\"inLanguage\":\"fr-FR\"},{\"@type\":\"Organization\",\"@id\":\"https:\\\/\\\/thiant.fr\\\/wordpress\\\/#organization\",\"name\":\"Ville de Thiant\",\"url\":\"https:\\\/\\\/thiant.fr\\\/wordpress\\\/\",\"logo\":{\"@type\":\"ImageObject\",\"inLanguage\":\"fr-FR\",\"@id\":\"https:\\\/\\\/thiant.fr\\\/wordpress\\\/#\\\/schema\\\/logo\\\/image\\\/\",\"url\":\"https:\\\/\\\/thiant.fr\\\/wordpress\\\/wp-content\\\/uploads\\\/2019\\\/08\\\/Thiant_Illdy_4.png\",\"contentUrl\":\"https:\\\/\\\/thiant.fr\\\/wordpress\\\/wp-content\\\/uploads\\\/2019\\\/08\\\/Thiant_Illdy_4.png\",\"width\":105,\"height\":75,\"caption\":\"Ville de Thiant\"},\"image\":{\"@id\":\"https:\\\/\\\/thiant.fr\\\/wordpress\\\/#\\\/schema\\\/logo\\\/image\\\/\"}},{\"@type\":\"Person\",\"@id\":\"https:\\\/\\\/thiant.fr\\\/wordpress\\\/#\\\/schema\\\/person\\\/f41122130d18c0720657431d990451c6\",\"name\":\"Service communication\",\"image\":{\"@type\":\"ImageObject\",\"inLanguage\":\"fr-FR\",\"@id\":\"https:\\\/\\\/secure.gravatar.com\\\/avatar\\\/527d4f1f1330a82db5a7ea7738ddeb994fd26c4537512a833d99b387808ee250?s=96&r=g\",\"url\":\"https:\\\/\\\/secure.gravatar.com\\\/avatar\\\/527d4f1f1330a82db5a7ea7738ddeb994fd26c4537512a833d99b387808ee250?s=96&r=g\",\"contentUrl\":\"https:\\\/\\\/secure.gravatar.com\\\/avatar\\\/527d4f1f1330a82db5a7ea7738ddeb994fd26c4537512a833d99b387808ee250?s=96&r=g\",\"caption\":\"Service communication\"},\"url\":\"https:\\\/\\\/thiant.fr\\\/wordpress\\\/author\\\/adminwpress\\\/\"}]}<\/script>\n<!-- \/ Yoast SEO plugin. -->","yoast_head_json":{"title":"COVID-19 : Point de situation au 26 novembre dans le Nord - Ville de Thiant","description":"Arr\u00eat\u00e9 portant obligation du port du masque, pour les personnes de onze ans et plus dans certains espaces ouverts \u00e0 la circulation du public.","robots":{"index":"index","follow":"follow","max-snippet":"max-snippet:-1","max-image-preview":"max-image-preview:large","max-video-preview":"max-video-preview:-1"},"canonical":"https:\/\/thiant.fr\/wordpress\/covid-19-point-de-situation-au-26-novembre-dans-le-nord\/","og_locale":"fr_FR","og_type":"article","og_title":"COVID-19 : Point de situation au 26 novembre dans le Nord - Ville de Thiant","og_description":"Arr\u00eat\u00e9 portant obligation du port du masque, pour les personnes de onze ans et plus dans certains espaces ouverts \u00e0 la circulation du public.","og_url":"https:\/\/thiant.fr\/wordpress\/covid-19-point-de-situation-au-26-novembre-dans-le-nord\/","og_site_name":"Ville de Thiant","article_published_time":"2021-11-29T15:56:57+00:00","article_modified_time":"2021-11-29T16:09:58+00:00","og_image":[{"width":730,"height":411,"url":"https:\/\/thiant.fr\/wordpress\/wp-content\/uploads\/2021\/11\/Synthese-des-lieux-dans-lesquels-le-port-du-masque-est-obligatoire_730.png","type":"image\/png"}],"author":"Service communication","twitter_card":"summary_large_image","twitter_misc":{"\u00c9crit par":"Service communication","Dur\u00e9e de lecture estim\u00e9e":"6 minutes"},"schema":{"@context":"https:\/\/schema.org","@graph":[{"@type":"Article","@id":"https:\/\/thiant.fr\/wordpress\/covid-19-point-de-situation-au-26-novembre-dans-le-nord\/#article","isPartOf":{"@id":"https:\/\/thiant.fr\/wordpress\/covid-19-point-de-situation-au-26-novembre-dans-le-nord\/"},"author":{"name":"Service communication","@id":"https:\/\/thiant.fr\/wordpress\/#\/schema\/person\/f41122130d18c0720657431d990451c6"},"headline":"COVID-19 : Point de situation au 26 novembre dans le Nord","datePublished":"2021-11-29T15:56:57+00:00","dateModified":"2021-11-29T16:09:58+00:00","mainEntityOfPage":{"@id":"https:\/\/thiant.fr\/wordpress\/covid-19-point-de-situation-au-26-novembre-dans-le-nord\/"},"wordCount":1237,"publisher":{"@id":"https:\/\/thiant.fr\/wordpress\/#organization"},"image":{"@id":"https:\/\/thiant.fr\/wordpress\/covid-19-point-de-situation-au-26-novembre-dans-le-nord\/#primaryimage"},"thumbnailUrl":"https:\/\/thiant.fr\/wordpress\/wp-content\/uploads\/2021\/11\/Synthese-des-lieux-dans-lesquels-le-port-du-masque-est-obligatoire_730.png","articleSection":["COVID-19"],"inLanguage":"fr-FR"},{"@type":"WebPage","@id":"https:\/\/thiant.fr\/wordpress\/covid-19-point-de-situation-au-26-novembre-dans-le-nord\/","url":"https:\/\/thiant.fr\/wordpress\/covid-19-point-de-situation-au-26-novembre-dans-le-nord\/","name":"COVID-19 : Point de situation au 26 novembre dans le Nord - Ville de Thiant","isPartOf":{"@id":"https:\/\/thiant.fr\/wordpress\/#website"},"primaryImageOfPage":{"@id":"https:\/\/thiant.fr\/wordpress\/covid-19-point-de-situation-au-26-novembre-dans-le-nord\/#primaryimage"},"image":{"@id":"https:\/\/thiant.fr\/wordpress\/covid-19-point-de-situation-au-26-novembre-dans-le-nord\/#primaryimage"},"thumbnailUrl":"https:\/\/thiant.fr\/wordpress\/wp-content\/uploads\/2021\/11\/Synthese-des-lieux-dans-lesquels-le-port-du-masque-est-obligatoire_730.png","datePublished":"2021-11-29T15:56:57+00:00","dateModified":"2021-11-29T16:09:58+00:00","description":"Arr\u00eat\u00e9 portant obligation du port du masque, pour les personnes de onze ans et plus dans certains espaces ouverts \u00e0 la circulation du public.","breadcrumb":{"@id":"https:\/\/thiant.fr\/wordpress\/covid-19-point-de-situation-au-26-novembre-dans-le-nord\/#breadcrumb"},"inLanguage":"fr-FR","potentialAction":[{"@type":"ReadAction","target":["https:\/\/thiant.fr\/wordpress\/covid-19-point-de-situation-au-26-novembre-dans-le-nord\/"]}]},{"@type":"ImageObject","inLanguage":"fr-FR","@id":"https:\/\/thiant.fr\/wordpress\/covid-19-point-de-situation-au-26-novembre-dans-le-nord\/#primaryimage","url":"https:\/\/thiant.fr\/wordpress\/wp-content\/uploads\/2021\/11\/Synthese-des-lieux-dans-lesquels-le-port-du-masque-est-obligatoire_730.png","contentUrl":"https:\/\/thiant.fr\/wordpress\/wp-content\/uploads\/2021\/11\/Synthese-des-lieux-dans-lesquels-le-port-du-masque-est-obligatoire_730.png","width":730,"height":411},{"@type":"BreadcrumbList","@id":"https:\/\/thiant.fr\/wordpress\/covid-19-point-de-situation-au-26-novembre-dans-le-nord\/#breadcrumb","itemListElement":[{"@type":"ListItem","position":1,"name":"Accueil","item":"https:\/\/thiant.fr\/wordpress\/"},{"@type":"ListItem","position":2,"name":"COVID-19 : Point de situation au 26 novembre dans le Nord"}]},{"@type":"WebSite","@id":"https:\/\/thiant.fr\/wordpress\/#website","url":"https:\/\/thiant.fr\/wordpress\/","name":"Ville de Thiant","description":"Site officiel de la ville de Thiant","publisher":{"@id":"https:\/\/thiant.fr\/wordpress\/#organization"},"potentialAction":[{"@type":"SearchAction","target":{"@type":"EntryPoint","urlTemplate":"https:\/\/thiant.fr\/wordpress\/?s={search_term_string}"},"query-input":{"@type":"PropertyValueSpecification","valueRequired":true,"valueName":"search_term_string"}}],"inLanguage":"fr-FR"},{"@type":"Organization","@id":"https:\/\/thiant.fr\/wordpress\/#organization","name":"Ville de Thiant","url":"https:\/\/thiant.fr\/wordpress\/","logo":{"@type":"ImageObject","inLanguage":"fr-FR","@id":"https:\/\/thiant.fr\/wordpress\/#\/schema\/logo\/image\/","url":"https:\/\/thiant.fr\/wordpress\/wp-content\/uploads\/2019\/08\/Thiant_Illdy_4.png","contentUrl":"https:\/\/thiant.fr\/wordpress\/wp-content\/uploads\/2019\/08\/Thiant_Illdy_4.png","width":105,"height":75,"caption":"Ville de Thiant"},"image":{"@id":"https:\/\/thiant.fr\/wordpress\/#\/schema\/logo\/image\/"}},{"@type":"Person","@id":"https:\/\/thiant.fr\/wordpress\/#\/schema\/person\/f41122130d18c0720657431d990451c6","name":"Service communication","image":{"@type":"ImageObject","inLanguage":"fr-FR","@id":"https:\/\/secure.gravatar.com\/avatar\/527d4f1f1330a82db5a7ea7738ddeb994fd26c4537512a833d99b387808ee250?s=96&r=g","url":"https:\/\/secure.gravatar.com\/avatar\/527d4f1f1330a82db5a7ea7738ddeb994fd26c4537512a833d99b387808ee250?s=96&r=g","contentUrl":"https:\/\/secure.gravatar.com\/avatar\/527d4f1f1330a82db5a7ea7738ddeb994fd26c4537512a833d99b387808ee250?s=96&r=g","caption":"Service communication"},"url":"https:\/\/thiant.fr\/wordpress\/author\/adminwpress\/"}]}},"_links":{"self":[{"href":"https:\/\/thiant.fr\/wordpress\/wp-json\/wp\/v2\/posts\/3562","targetHints":{"allow":["GET"]}}],"collection":[{"href":"https:\/\/thiant.fr\/wordpress\/wp-json\/wp\/v2\/posts"}],"about":[{"href":"https:\/\/thiant.fr\/wordpress\/wp-json\/wp\/v2\/types\/post"}],"author":[{"embeddable":true,"href":"https:\/\/thiant.fr\/wordpress\/wp-json\/wp\/v2\/users\/1"}],"replies":[{"embeddable":true,"href":"https:\/\/thiant.fr\/wordpress\/wp-json\/wp\/v2\/comments?post=3562"}],"version-history":[{"count":0,"href":"https:\/\/thiant.fr\/wordpress\/wp-json\/wp\/v2\/posts\/3562\/revisions"}],"wp:featuredmedia":[{"embeddable":true,"href":"https:\/\/thiant.fr\/wordpress\/wp-json\/wp\/v2\/media\/3564"}],"wp:attachment":[{"href":"https:\/\/thiant.fr\/wordpress\/wp-json\/wp\/v2\/media?parent=3562"}],"wp:term":[{"taxonomy":"category","embeddable":true,"href":"https:\/\/thiant.fr\/wordpress\/wp-json\/wp\/v2\/categories?post=3562"},{"taxonomy":"post_tag","embeddable":true,"href":"https:\/\/thiant.fr\/wordpress\/wp-json\/wp\/v2\/tags?post=3562"}],"curies":[{"name":"wp","href":"https:\/\/api.w.org\/{rel}","templated":true}]}}