{"id":3664,"date":"2021-12-21T11:21:20","date_gmt":"2021-12-21T10:21:20","guid":{"rendered":"https:\/\/thiant.fr\/wordpress\/?p=3664"},"modified":"2021-12-21T11:22:38","modified_gmt":"2021-12-21T10:22:38","slug":"appel-a-projets-animaux-abandonnes-et-en-fin-de-vie","status":"publish","type":"post","link":"https:\/\/thiant.fr\/wordpress\/appel-a-projets-animaux-abandonnes-et-en-fin-de-vie\/","title":{"rendered":"Appel \u00e0 projets &#8220;animaux abandonn\u00e9s et en fin de vie&#8221;"},"content":{"rendered":"\t\t<div data-elementor-type=\"wp-post\" data-elementor-id=\"3664\" class=\"elementor elementor-3664\">\n\t\t\t\t\t\t<section class=\"elementor-section elementor-top-section elementor-element elementor-element-139940a elementor-section-boxed elementor-section-height-default elementor-section-height-default\" data-id=\"139940a\" data-element_type=\"section\" data-e-type=\"section\">\n\t\t\t\t\t\t<div class=\"elementor-container elementor-column-gap-default\">\n\t\t\t\t\t<div class=\"elementor-column elementor-col-33 elementor-top-column elementor-element elementor-element-3c0f260\" data-id=\"3c0f260\" data-element_type=\"column\" data-e-type=\"column\">\n\t\t\t<div class=\"elementor-widget-wrap elementor-element-populated\">\n\t\t\t\t\t\t<div class=\"elementor-element elementor-element-6ad3aed elementor-widget elementor-widget-image\" data-id=\"6ad3aed\" data-element_type=\"widget\" data-e-type=\"widget\" data-widget_type=\"image.default\">\n\t\t\t\t<div class=\"elementor-widget-container\">\n\t\t\t\t\t\t\t\t\t\t\t\t\t\t\t<img decoding=\"async\" width=\"134\" height=\"134\" src=\"https:\/\/thiant.fr\/wordpress\/wp-content\/uploads\/2021\/03\/Logo-Prefet-Nord.png\" class=\"attachment-large size-large wp-image-2547\" alt=\"\" \/>\t\t\t\t\t\t\t\t\t\t\t\t\t\t\t<\/div>\n\t\t\t\t<\/div>\n\t\t\t\t\t<\/div>\n\t\t<\/div>\n\t\t\t\t<div class=\"elementor-column elementor-col-66 elementor-top-column elementor-element elementor-element-3e2d2e2\" data-id=\"3e2d2e2\" data-element_type=\"column\" data-e-type=\"column\">\n\t\t\t<div class=\"elementor-widget-wrap elementor-element-populated\">\n\t\t\t\t\t\t<div class=\"elementor-element elementor-element-5b872ad elementor-widget elementor-widget-text-editor\" data-id=\"5b872ad\" data-element_type=\"widget\" data-e-type=\"widget\" data-widget_type=\"text-editor.default\">\n\t\t\t\t<div class=\"elementor-widget-container\">\n\t\t\t\t\t\t\t\t\t<p><span style=\"color: #333333;\">Dans le cadre de la lutte contre les abandons d&#8217;animaux de compagnie, la mesure du plan de relance visant \u00e0 aider les associations locales de protection animale \u00e0 mettre en \u0153uvre des actions en faveur des animaux abandonn\u00e9s et en fin de vie, est reconduite. Les esp\u00e8ces concern\u00e9es sont les carnivores domestiques et les \u00e9quid\u00e9s.<\/span><\/p><p><span style=\"color: #333333;\">La premi\u00e8re phase de cet appel \u00e0 projets, dot\u00e9&#8221; d&#8217;une enveloppe de 14 millions d&#8217;euros, a rencontr\u00e9 un vif succ\u00e8s conduisant \u00e0 la fermeture pr\u00e9coce des guichets qui \u00e9taient \u00e9tablis aupr\u00e8s de chaque direction d\u00e9partementale de la protection des populations (DDPP). C&#8217;est la raison pour laquelle le pr\u00e9sident de la R\u00e9publique a d\u00e9cid\u00e9 le r\u00e9-abondement de la mesure \u00e0 hauteur de 15 millions d&#8217;euros suppl\u00e9mentaires.<\/span><\/p><p><span style=\"color: #333333;\">Les modalit\u00e9s d&#8217;octroi de cette seconde enveloppe \u00e9voluent. Elle sera attribu\u00e9e dans le cadre d&#8217;un appel \u00e0 projet, ouvert du 15 d\u00e9cembre 2021 jusqu&#8217;au 31 janvier 2022. Le dispositif d&#8217;aides est accessible pour les associations locales de protection animale, en ce qui concerne les d\u00e9penses \u00e9ligibles, selon 3 types d&#8217;aides :<\/span><\/p><ul><li><span style=\"color: #333333;\">une aide au financement de travaux ou d&#8217;\u00e9quipements : les b\u00e9n\u00e9ficiaires sont les associations de protection animale d\u00e9tentrices d&#8217;un refuge d\u00e9clar\u00e9 ou souhaitant cr\u00e9er ou d\u00e9clarer un refuge pour animaux de compagnie (chats, chiens) ou \u00e9quid\u00e9s ;<\/span><\/li><li><span style=\"color: #333333;\">une aide au financement des \u00e9quipements est \u00e9galement accessible pour les associations sans refuge ;<\/span><\/li><li><span style=\"color: #333333;\">une aide au financement de campagne de st\u00e9rilisation de chat (mat\u00e9riel, frais v\u00e9t\u00e9rinaires).<\/span><\/li><\/ul><p><span style=\"color: #333333;\">Le cahier des charges de l&#8217;appel \u00e0 projets 2022 et les documents associ\u00e9s, ainsi que les contacts utiles (DDPP du Nord, pour notre d\u00e9partement) sont accessibles sur le lien suivant : <a href=\"https:\/\/www.nord.gouv.fr\/Politiques-publiques\/Animaux-abandonnes-ou-en-fin-de-vie\" target=\"_blank\" rel=\"noopener\">https:\/\/www.nord.gouv.fr\/Politiques-publiques\/Animaux-abandonnes-ou-en-fin-de-vie<\/a><\/span><\/p><p><span style=\"color: #333333;\">Compte tenu du d\u00e9lai pour l&#8217;appel \u00e0 projets, une attention particuli\u00e8re sera port\u00e9e \u00e0 la compl\u00e9tude et la recevabilit\u00e9 des dossiers d\u00e8s leur transmission initiale \u00e0 l&#8217;administration.<\/span><\/p>\t\t\t\t\t\t\t\t<\/div>\n\t\t\t\t<\/div>\n\t\t\t\t\t<\/div>\n\t\t<\/div>\n\t\t\t\t\t<\/div>\n\t\t<\/section>\n\t\t\t\t<\/div>\n\t\t","protected":false},"excerpt":{"rendered":"<p>Dans le cadre de la lutte contre les abandons d&#8217;animaux de compagnie, la mesure du plan de relance visant \u00e0 aider les associations locales de protection animale \u00e0 mettre en \u0153uvre des actions en faveur des animaux abandonn\u00e9s et en fin de vie, est reconduite. Les esp\u00e8ces concern\u00e9es sont les carnivores domestiques et les \u00e9quid\u00e9s. [&hellip;]<\/p>\n","protected":false},"author":1,"featured_media":3665,"comment_status":"closed","ping_status":"closed","sticky":false,"template":"","format":"standard","meta":{"_crdt_document":"","ocean_post_layout":"","ocean_both_sidebars_style":"","ocean_both_sidebars_content_width":0,"ocean_both_sidebars_sidebars_width":0,"ocean_sidebar":"0","ocean_second_sidebar":"0","ocean_disable_margins":"enable","ocean_add_body_class":"","ocean_shortcode_before_top_bar":"","ocean_shortcode_after_top_bar":"","ocean_shortcode_before_header":"","ocean_shortcode_after_header":"","ocean_has_shortcode":"","ocean_shortcode_after_title":"","ocean_shortcode_before_footer_widgets":"","ocean_shortcode_after_footer_widgets":"","ocean_shortcode_before_footer_bottom":"","ocean_shortcode_after_footer_bottom":"","ocean_display_top_bar":"default","ocean_display_header":"default","ocean_header_style":"","ocean_center_header_left_menu":"0","ocean_custom_header_template":"0","ocean_custom_logo":0,"ocean_custom_retina_logo":0,"ocean_custom_logo_max_width":0,"ocean_custom_logo_tablet_max_width":0,"ocean_custom_logo_mobile_max_width":0,"ocean_custom_logo_max_height":0,"ocean_custom_logo_tablet_max_height":0,"ocean_custom_logo_mobile_max_height":0,"ocean_header_custom_menu":"0","ocean_menu_typo_font_family":"0","ocean_menu_typo_font_subset":"","ocean_menu_typo_font_size":0,"ocean_menu_typo_font_size_tablet":0,"ocean_menu_typo_font_size_mobile":0,"ocean_menu_typo_font_size_unit":"px","ocean_menu_typo_font_weight":"","ocean_menu_typo_font_weight_tablet":"","ocean_menu_typo_font_weight_mobile":"","ocean_menu_typo_transform":"","ocean_menu_typo_transform_tablet":"","ocean_menu_typo_transform_mobile":"","ocean_menu_typo_line_height":0,"ocean_menu_typo_line_height_tablet":0,"ocean_menu_typo_line_height_mobile":0,"ocean_menu_typo_line_height_unit":"","ocean_menu_typo_spacing":0,"ocean_menu_typo_spacing_tablet":0,"ocean_menu_typo_spacing_mobile":0,"ocean_menu_typo_spacing_unit":"","ocean_menu_link_color":"","ocean_menu_link_color_hover":"","ocean_menu_link_color_active":"","ocean_menu_link_background":"","ocean_menu_link_hover_background":"","ocean_menu_link_active_background":"","ocean_menu_social_links_bg":"","ocean_menu_social_hover_links_bg":"","ocean_menu_social_links_color":"","ocean_menu_social_hover_links_color":"","ocean_disable_title":"default","ocean_disable_heading":"default","ocean_post_title":"","ocean_post_subheading":"","ocean_post_title_style":"","ocean_post_title_background_color":"","ocean_post_title_background":0,"ocean_post_title_bg_image_position":"","ocean_post_title_bg_image_attachment":"","ocean_post_title_bg_image_repeat":"","ocean_post_title_bg_image_size":"","ocean_post_title_height":0,"ocean_post_title_bg_overlay":0.5,"ocean_post_title_bg_overlay_color":"","ocean_disable_breadcrumbs":"default","ocean_breadcrumbs_color":"","ocean_breadcrumbs_separator_color":"","ocean_breadcrumbs_links_color":"","ocean_breadcrumbs_links_hover_color":"","ocean_display_footer_widgets":"default","ocean_display_footer_bottom":"default","ocean_custom_footer_template":"0","ocean_post_oembed":"","ocean_post_self_hosted_media":"","ocean_post_video_embed":"","ocean_link_format":"","ocean_link_format_target":"self","ocean_quote_format":"","ocean_quote_format_link":"post","ocean_gallery_link_images":"off","ocean_gallery_id":[],"footnotes":""},"categories":[139,634],"tags":[],"class_list":["post-3664","post","type-post","status-publish","format-standard","has-post-thumbnail","hentry","category-bonne-cause","category-informations-institutionnelles","entry","has-media"],"yoast_head":"<!-- This site is optimized with the Yoast SEO plugin v27.3 - https:\/\/yoast.com\/product\/yoast-seo-wordpress\/ -->\n<title>Appel \u00e0 projets &quot;animaux abandonn\u00e9s et en fin de vie&quot; - Ville de Thiant<\/title>\n<meta name=\"description\" content=\"Au titre du plan France relance, nouvelle enveloppe budg\u00e9taire face au succ\u00e8s de la premi\u00e8re campagne, cahier des charges et documents utiles\" \/>\n<meta name=\"robots\" content=\"index, follow, max-snippet:-1, max-image-preview:large, max-video-preview:-1\" \/>\n<link rel=\"canonical\" href=\"https:\/\/thiant.fr\/wordpress\/appel-a-projets-animaux-abandonnes-et-en-fin-de-vie\/\" \/>\n<meta property=\"og:locale\" content=\"fr_FR\" \/>\n<meta property=\"og:type\" content=\"article\" \/>\n<meta property=\"og:title\" content=\"Appel \u00e0 projets &quot;animaux abandonn\u00e9s et en fin de vie&quot; - Ville de Thiant\" \/>\n<meta property=\"og:description\" content=\"Au titre du plan France relance, nouvelle enveloppe budg\u00e9taire face au succ\u00e8s de la premi\u00e8re campagne, cahier des charges et documents utiles\" \/>\n<meta property=\"og:url\" content=\"https:\/\/thiant.fr\/wordpress\/appel-a-projets-animaux-abandonnes-et-en-fin-de-vie\/\" \/>\n<meta property=\"og:site_name\" content=\"Ville de Thiant\" \/>\n<meta property=\"article:published_time\" content=\"2021-12-21T10:21:20+00:00\" \/>\n<meta property=\"article:modified_time\" content=\"2021-12-21T10:22:38+00:00\" \/>\n<meta property=\"og:image\" content=\"https:\/\/thiant.fr\/wordpress\/wp-content\/uploads\/2021\/12\/chien-en-cage.jpg\" \/>\n\t<meta property=\"og:image:width\" content=\"730\" \/>\n\t<meta property=\"og:image:height\" content=\"464\" \/>\n\t<meta property=\"og:image:type\" content=\"image\/jpeg\" \/>\n<meta name=\"author\" content=\"Service communication\" \/>\n<meta name=\"twitter:card\" content=\"summary_large_image\" \/>\n<meta name=\"twitter:label1\" content=\"\u00c9crit par\" \/>\n\t<meta name=\"twitter:data1\" content=\"Service communication\" \/>\n\t<meta name=\"twitter:label2\" content=\"Dur\u00e9e de lecture estim\u00e9e\" \/>\n\t<meta name=\"twitter:data2\" content=\"2 minutes\" \/>\n<script type=\"application\/ld+json\" class=\"yoast-schema-graph\">{\"@context\":\"https:\\\/\\\/schema.org\",\"@graph\":[{\"@type\":\"Article\",\"@id\":\"https:\\\/\\\/thiant.fr\\\/wordpress\\\/appel-a-projets-animaux-abandonnes-et-en-fin-de-vie\\\/#article\",\"isPartOf\":{\"@id\":\"https:\\\/\\\/thiant.fr\\\/wordpress\\\/appel-a-projets-animaux-abandonnes-et-en-fin-de-vie\\\/\"},\"author\":{\"name\":\"Service communication\",\"@id\":\"https:\\\/\\\/thiant.fr\\\/wordpress\\\/#\\\/schema\\\/person\\\/f41122130d18c0720657431d990451c6\"},\"headline\":\"Appel \u00e0 projets &#8220;animaux abandonn\u00e9s et en fin de vie&#8221;\",\"datePublished\":\"2021-12-21T10:21:20+00:00\",\"dateModified\":\"2021-12-21T10:22:38+00:00\",\"mainEntityOfPage\":{\"@id\":\"https:\\\/\\\/thiant.fr\\\/wordpress\\\/appel-a-projets-animaux-abandonnes-et-en-fin-de-vie\\\/\"},\"wordCount\":339,\"publisher\":{\"@id\":\"https:\\\/\\\/thiant.fr\\\/wordpress\\\/#organization\"},\"image\":{\"@id\":\"https:\\\/\\\/thiant.fr\\\/wordpress\\\/appel-a-projets-animaux-abandonnes-et-en-fin-de-vie\\\/#primaryimage\"},\"thumbnailUrl\":\"https:\\\/\\\/thiant.fr\\\/wordpress\\\/wp-content\\\/uploads\\\/2021\\\/12\\\/chien-en-cage.jpg\",\"articleSection\":[\"Bonne cause\",\"Informations institutionnelles\"],\"inLanguage\":\"fr-FR\"},{\"@type\":\"WebPage\",\"@id\":\"https:\\\/\\\/thiant.fr\\\/wordpress\\\/appel-a-projets-animaux-abandonnes-et-en-fin-de-vie\\\/\",\"url\":\"https:\\\/\\\/thiant.fr\\\/wordpress\\\/appel-a-projets-animaux-abandonnes-et-en-fin-de-vie\\\/\",\"name\":\"Appel \u00e0 projets \\\"animaux abandonn\u00e9s et en fin de vie\\\" - Ville de Thiant\",\"isPartOf\":{\"@id\":\"https:\\\/\\\/thiant.fr\\\/wordpress\\\/#website\"},\"primaryImageOfPage\":{\"@id\":\"https:\\\/\\\/thiant.fr\\\/wordpress\\\/appel-a-projets-animaux-abandonnes-et-en-fin-de-vie\\\/#primaryimage\"},\"image\":{\"@id\":\"https:\\\/\\\/thiant.fr\\\/wordpress\\\/appel-a-projets-animaux-abandonnes-et-en-fin-de-vie\\\/#primaryimage\"},\"thumbnailUrl\":\"https:\\\/\\\/thiant.fr\\\/wordpress\\\/wp-content\\\/uploads\\\/2021\\\/12\\\/chien-en-cage.jpg\",\"datePublished\":\"2021-12-21T10:21:20+00:00\",\"dateModified\":\"2021-12-21T10:22:38+00:00\",\"description\":\"Au titre du plan France relance, nouvelle enveloppe budg\u00e9taire face au succ\u00e8s de la premi\u00e8re campagne, cahier des charges et documents utiles\",\"breadcrumb\":{\"@id\":\"https:\\\/\\\/thiant.fr\\\/wordpress\\\/appel-a-projets-animaux-abandonnes-et-en-fin-de-vie\\\/#breadcrumb\"},\"inLanguage\":\"fr-FR\",\"potentialAction\":[{\"@type\":\"ReadAction\",\"target\":[\"https:\\\/\\\/thiant.fr\\\/wordpress\\\/appel-a-projets-animaux-abandonnes-et-en-fin-de-vie\\\/\"]}]},{\"@type\":\"ImageObject\",\"inLanguage\":\"fr-FR\",\"@id\":\"https:\\\/\\\/thiant.fr\\\/wordpress\\\/appel-a-projets-animaux-abandonnes-et-en-fin-de-vie\\\/#primaryimage\",\"url\":\"https:\\\/\\\/thiant.fr\\\/wordpress\\\/wp-content\\\/uploads\\\/2021\\\/12\\\/chien-en-cage.jpg\",\"contentUrl\":\"https:\\\/\\\/thiant.fr\\\/wordpress\\\/wp-content\\\/uploads\\\/2021\\\/12\\\/chien-en-cage.jpg\",\"width\":730,\"height\":464},{\"@type\":\"BreadcrumbList\",\"@id\":\"https:\\\/\\\/thiant.fr\\\/wordpress\\\/appel-a-projets-animaux-abandonnes-et-en-fin-de-vie\\\/#breadcrumb\",\"itemListElement\":[{\"@type\":\"ListItem\",\"position\":1,\"name\":\"Accueil\",\"item\":\"https:\\\/\\\/thiant.fr\\\/wordpress\\\/\"},{\"@type\":\"ListItem\",\"position\":2,\"name\":\"Appel \u00e0 projets &#8220;animaux abandonn\u00e9s et en fin de vie&#8221;\"}]},{\"@type\":\"WebSite\",\"@id\":\"https:\\\/\\\/thiant.fr\\\/wordpress\\\/#website\",\"url\":\"https:\\\/\\\/thiant.fr\\\/wordpress\\\/\",\"name\":\"Ville de Thiant\",\"description\":\"Site officiel de la ville de Thiant\",\"publisher\":{\"@id\":\"https:\\\/\\\/thiant.fr\\\/wordpress\\\/#organization\"},\"potentialAction\":[{\"@type\":\"SearchAction\",\"target\":{\"@type\":\"EntryPoint\",\"urlTemplate\":\"https:\\\/\\\/thiant.fr\\\/wordpress\\\/?s={search_term_string}\"},\"query-input\":{\"@type\":\"PropertyValueSpecification\",\"valueRequired\":true,\"valueName\":\"search_term_string\"}}],\"inLanguage\":\"fr-FR\"},{\"@type\":\"Organization\",\"@id\":\"https:\\\/\\\/thiant.fr\\\/wordpress\\\/#organization\",\"name\":\"Ville de Thiant\",\"url\":\"https:\\\/\\\/thiant.fr\\\/wordpress\\\/\",\"logo\":{\"@type\":\"ImageObject\",\"inLanguage\":\"fr-FR\",\"@id\":\"https:\\\/\\\/thiant.fr\\\/wordpress\\\/#\\\/schema\\\/logo\\\/image\\\/\",\"url\":\"https:\\\/\\\/thiant.fr\\\/wordpress\\\/wp-content\\\/uploads\\\/2019\\\/08\\\/Thiant_Illdy_4.png\",\"contentUrl\":\"https:\\\/\\\/thiant.fr\\\/wordpress\\\/wp-content\\\/uploads\\\/2019\\\/08\\\/Thiant_Illdy_4.png\",\"width\":105,\"height\":75,\"caption\":\"Ville de Thiant\"},\"image\":{\"@id\":\"https:\\\/\\\/thiant.fr\\\/wordpress\\\/#\\\/schema\\\/logo\\\/image\\\/\"}},{\"@type\":\"Person\",\"@id\":\"https:\\\/\\\/thiant.fr\\\/wordpress\\\/#\\\/schema\\\/person\\\/f41122130d18c0720657431d990451c6\",\"name\":\"Service communication\",\"image\":{\"@type\":\"ImageObject\",\"inLanguage\":\"fr-FR\",\"@id\":\"https:\\\/\\\/secure.gravatar.com\\\/avatar\\\/527d4f1f1330a82db5a7ea7738ddeb994fd26c4537512a833d99b387808ee250?s=96&r=g\",\"url\":\"https:\\\/\\\/secure.gravatar.com\\\/avatar\\\/527d4f1f1330a82db5a7ea7738ddeb994fd26c4537512a833d99b387808ee250?s=96&r=g\",\"contentUrl\":\"https:\\\/\\\/secure.gravatar.com\\\/avatar\\\/527d4f1f1330a82db5a7ea7738ddeb994fd26c4537512a833d99b387808ee250?s=96&r=g\",\"caption\":\"Service communication\"},\"url\":\"https:\\\/\\\/thiant.fr\\\/wordpress\\\/author\\\/adminwpress\\\/\"}]}<\/script>\n<!-- \/ Yoast SEO plugin. -->","yoast_head_json":{"title":"Appel \u00e0 projets \"animaux abandonn\u00e9s et en fin de vie\" - Ville de Thiant","description":"Au titre du plan France relance, nouvelle enveloppe budg\u00e9taire face au succ\u00e8s de la premi\u00e8re campagne, cahier des charges et documents utiles","robots":{"index":"index","follow":"follow","max-snippet":"max-snippet:-1","max-image-preview":"max-image-preview:large","max-video-preview":"max-video-preview:-1"},"canonical":"https:\/\/thiant.fr\/wordpress\/appel-a-projets-animaux-abandonnes-et-en-fin-de-vie\/","og_locale":"fr_FR","og_type":"article","og_title":"Appel \u00e0 projets \"animaux abandonn\u00e9s et en fin de vie\" - Ville de Thiant","og_description":"Au titre du plan France relance, nouvelle enveloppe budg\u00e9taire face au succ\u00e8s de la premi\u00e8re campagne, cahier des charges et documents utiles","og_url":"https:\/\/thiant.fr\/wordpress\/appel-a-projets-animaux-abandonnes-et-en-fin-de-vie\/","og_site_name":"Ville de Thiant","article_published_time":"2021-12-21T10:21:20+00:00","article_modified_time":"2021-12-21T10:22:38+00:00","og_image":[{"width":730,"height":464,"url":"https:\/\/thiant.fr\/wordpress\/wp-content\/uploads\/2021\/12\/chien-en-cage.jpg","type":"image\/jpeg"}],"author":"Service communication","twitter_card":"summary_large_image","twitter_misc":{"\u00c9crit par":"Service communication","Dur\u00e9e de lecture estim\u00e9e":"2 minutes"},"schema":{"@context":"https:\/\/schema.org","@graph":[{"@type":"Article","@id":"https:\/\/thiant.fr\/wordpress\/appel-a-projets-animaux-abandonnes-et-en-fin-de-vie\/#article","isPartOf":{"@id":"https:\/\/thiant.fr\/wordpress\/appel-a-projets-animaux-abandonnes-et-en-fin-de-vie\/"},"author":{"name":"Service communication","@id":"https:\/\/thiant.fr\/wordpress\/#\/schema\/person\/f41122130d18c0720657431d990451c6"},"headline":"Appel \u00e0 projets &#8220;animaux abandonn\u00e9s et en fin de vie&#8221;","datePublished":"2021-12-21T10:21:20+00:00","dateModified":"2021-12-21T10:22:38+00:00","mainEntityOfPage":{"@id":"https:\/\/thiant.fr\/wordpress\/appel-a-projets-animaux-abandonnes-et-en-fin-de-vie\/"},"wordCount":339,"publisher":{"@id":"https:\/\/thiant.fr\/wordpress\/#organization"},"image":{"@id":"https:\/\/thiant.fr\/wordpress\/appel-a-projets-animaux-abandonnes-et-en-fin-de-vie\/#primaryimage"},"thumbnailUrl":"https:\/\/thiant.fr\/wordpress\/wp-content\/uploads\/2021\/12\/chien-en-cage.jpg","articleSection":["Bonne cause","Informations institutionnelles"],"inLanguage":"fr-FR"},{"@type":"WebPage","@id":"https:\/\/thiant.fr\/wordpress\/appel-a-projets-animaux-abandonnes-et-en-fin-de-vie\/","url":"https:\/\/thiant.fr\/wordpress\/appel-a-projets-animaux-abandonnes-et-en-fin-de-vie\/","name":"Appel \u00e0 projets \"animaux abandonn\u00e9s et en fin de vie\" - Ville de Thiant","isPartOf":{"@id":"https:\/\/thiant.fr\/wordpress\/#website"},"primaryImageOfPage":{"@id":"https:\/\/thiant.fr\/wordpress\/appel-a-projets-animaux-abandonnes-et-en-fin-de-vie\/#primaryimage"},"image":{"@id":"https:\/\/thiant.fr\/wordpress\/appel-a-projets-animaux-abandonnes-et-en-fin-de-vie\/#primaryimage"},"thumbnailUrl":"https:\/\/thiant.fr\/wordpress\/wp-content\/uploads\/2021\/12\/chien-en-cage.jpg","datePublished":"2021-12-21T10:21:20+00:00","dateModified":"2021-12-21T10:22:38+00:00","description":"Au titre du plan France relance, nouvelle enveloppe budg\u00e9taire face au succ\u00e8s de la premi\u00e8re campagne, cahier des charges et documents utiles","breadcrumb":{"@id":"https:\/\/thiant.fr\/wordpress\/appel-a-projets-animaux-abandonnes-et-en-fin-de-vie\/#breadcrumb"},"inLanguage":"fr-FR","potentialAction":[{"@type":"ReadAction","target":["https:\/\/thiant.fr\/wordpress\/appel-a-projets-animaux-abandonnes-et-en-fin-de-vie\/"]}]},{"@type":"ImageObject","inLanguage":"fr-FR","@id":"https:\/\/thiant.fr\/wordpress\/appel-a-projets-animaux-abandonnes-et-en-fin-de-vie\/#primaryimage","url":"https:\/\/thiant.fr\/wordpress\/wp-content\/uploads\/2021\/12\/chien-en-cage.jpg","contentUrl":"https:\/\/thiant.fr\/wordpress\/wp-content\/uploads\/2021\/12\/chien-en-cage.jpg","width":730,"height":464},{"@type":"BreadcrumbList","@id":"https:\/\/thiant.fr\/wordpress\/appel-a-projets-animaux-abandonnes-et-en-fin-de-vie\/#breadcrumb","itemListElement":[{"@type":"ListItem","position":1,"name":"Accueil","item":"https:\/\/thiant.fr\/wordpress\/"},{"@type":"ListItem","position":2,"name":"Appel \u00e0 projets &#8220;animaux abandonn\u00e9s et en fin de vie&#8221;"}]},{"@type":"WebSite","@id":"https:\/\/thiant.fr\/wordpress\/#website","url":"https:\/\/thiant.fr\/wordpress\/","name":"Ville de Thiant","description":"Site officiel de la ville de Thiant","publisher":{"@id":"https:\/\/thiant.fr\/wordpress\/#organization"},"potentialAction":[{"@type":"SearchAction","target":{"@type":"EntryPoint","urlTemplate":"https:\/\/thiant.fr\/wordpress\/?s={search_term_string}"},"query-input":{"@type":"PropertyValueSpecification","valueRequired":true,"valueName":"search_term_string"}}],"inLanguage":"fr-FR"},{"@type":"Organization","@id":"https:\/\/thiant.fr\/wordpress\/#organization","name":"Ville de Thiant","url":"https:\/\/thiant.fr\/wordpress\/","logo":{"@type":"ImageObject","inLanguage":"fr-FR","@id":"https:\/\/thiant.fr\/wordpress\/#\/schema\/logo\/image\/","url":"https:\/\/thiant.fr\/wordpress\/wp-content\/uploads\/2019\/08\/Thiant_Illdy_4.png","contentUrl":"https:\/\/thiant.fr\/wordpress\/wp-content\/uploads\/2019\/08\/Thiant_Illdy_4.png","width":105,"height":75,"caption":"Ville de Thiant"},"image":{"@id":"https:\/\/thiant.fr\/wordpress\/#\/schema\/logo\/image\/"}},{"@type":"Person","@id":"https:\/\/thiant.fr\/wordpress\/#\/schema\/person\/f41122130d18c0720657431d990451c6","name":"Service communication","image":{"@type":"ImageObject","inLanguage":"fr-FR","@id":"https:\/\/secure.gravatar.com\/avatar\/527d4f1f1330a82db5a7ea7738ddeb994fd26c4537512a833d99b387808ee250?s=96&r=g","url":"https:\/\/secure.gravatar.com\/avatar\/527d4f1f1330a82db5a7ea7738ddeb994fd26c4537512a833d99b387808ee250?s=96&r=g","contentUrl":"https:\/\/secure.gravatar.com\/avatar\/527d4f1f1330a82db5a7ea7738ddeb994fd26c4537512a833d99b387808ee250?s=96&r=g","caption":"Service communication"},"url":"https:\/\/thiant.fr\/wordpress\/author\/adminwpress\/"}]}},"_links":{"self":[{"href":"https:\/\/thiant.fr\/wordpress\/wp-json\/wp\/v2\/posts\/3664","targetHints":{"allow":["GET"]}}],"collection":[{"href":"https:\/\/thiant.fr\/wordpress\/wp-json\/wp\/v2\/posts"}],"about":[{"href":"https:\/\/thiant.fr\/wordpress\/wp-json\/wp\/v2\/types\/post"}],"author":[{"embeddable":true,"href":"https:\/\/thiant.fr\/wordpress\/wp-json\/wp\/v2\/users\/1"}],"replies":[{"embeddable":true,"href":"https:\/\/thiant.fr\/wordpress\/wp-json\/wp\/v2\/comments?post=3664"}],"version-history":[{"count":0,"href":"https:\/\/thiant.fr\/wordpress\/wp-json\/wp\/v2\/posts\/3664\/revisions"}],"wp:featuredmedia":[{"embeddable":true,"href":"https:\/\/thiant.fr\/wordpress\/wp-json\/wp\/v2\/media\/3665"}],"wp:attachment":[{"href":"https:\/\/thiant.fr\/wordpress\/wp-json\/wp\/v2\/media?parent=3664"}],"wp:term":[{"taxonomy":"category","embeddable":true,"href":"https:\/\/thiant.fr\/wordpress\/wp-json\/wp\/v2\/categories?post=3664"},{"taxonomy":"post_tag","embeddable":true,"href":"https:\/\/thiant.fr\/wordpress\/wp-json\/wp\/v2\/tags?post=3664"}],"curies":[{"name":"wp","href":"https:\/\/api.w.org\/{rel}","templated":true}]}}