{"id":3671,"date":"2021-12-21T11:59:22","date_gmt":"2021-12-21T10:59:22","guid":{"rendered":"https:\/\/thiant.fr\/wordpress\/?p=3671"},"modified":"2021-12-21T12:08:15","modified_gmt":"2021-12-21T11:08:15","slug":"covid-19-vigilance-et-mesures-de-freinage-a-loccasion-des-fetes-de-fin-dannee","status":"publish","type":"post","link":"https:\/\/thiant.fr\/wordpress\/covid-19-vigilance-et-mesures-de-freinage-a-loccasion-des-fetes-de-fin-dannee\/","title":{"rendered":"COVID-19 : vigilance et mesures de freinage \u00e0 l&#8217;occasion des f\u00eates de fin d&#8217;ann\u00e9e"},"content":{"rendered":"\t\t<div data-elementor-type=\"wp-post\" data-elementor-id=\"3671\" class=\"elementor elementor-3671\">\n\t\t\t\t\t\t<section class=\"elementor-section elementor-top-section elementor-element elementor-element-acb621f elementor-section-boxed elementor-section-height-default elementor-section-height-default\" data-id=\"acb621f\" data-element_type=\"section\" data-e-type=\"section\">\n\t\t\t\t\t\t<div class=\"elementor-container elementor-column-gap-default\">\n\t\t\t\t\t<div class=\"elementor-column elementor-col-33 elementor-top-column elementor-element elementor-element-36d4570\" data-id=\"36d4570\" data-element_type=\"column\" data-e-type=\"column\">\n\t\t\t<div class=\"elementor-widget-wrap elementor-element-populated\">\n\t\t\t\t\t\t<div class=\"elementor-element elementor-element-4f8767d elementor-widget elementor-widget-image\" data-id=\"4f8767d\" data-element_type=\"widget\" data-e-type=\"widget\" data-widget_type=\"image.default\">\n\t\t\t\t<div class=\"elementor-widget-container\">\n\t\t\t\t\t\t\t\t\t\t\t\t\t\t\t<img decoding=\"async\" width=\"134\" height=\"134\" src=\"https:\/\/thiant.fr\/wordpress\/wp-content\/uploads\/2021\/03\/Logo-Prefet-Nord.png\" class=\"attachment-large size-large wp-image-2547\" alt=\"\" \/>\t\t\t\t\t\t\t\t\t\t\t\t\t\t\t<\/div>\n\t\t\t\t<\/div>\n\t\t\t\t\t<\/div>\n\t\t<\/div>\n\t\t\t\t<div class=\"elementor-column elementor-col-66 elementor-top-column elementor-element elementor-element-92082e1\" data-id=\"92082e1\" data-element_type=\"column\" data-e-type=\"column\">\n\t\t\t<div class=\"elementor-widget-wrap elementor-element-populated\">\n\t\t\t\t\t\t<div class=\"elementor-element elementor-element-cb28e1e elementor-widget elementor-widget-text-editor\" data-id=\"cb28e1e\" data-element_type=\"widget\" data-e-type=\"widget\" data-widget_type=\"text-editor.default\">\n\t\t\t\t<div class=\"elementor-widget-container\">\n\t\t\t\t\t\t\t\t\t<p><span style=\"color: #333333;\">La situation sanitaire li\u00e9e \u00e0 l&#8217;\u00e9pid\u00e9mie de la covid 19 se d\u00e9grade rapidement dans le d\u00e9partement du Nord comme sur l&#8217;ensemble du territoire national. <strong>Le taux d&#8217;incidence du d\u00e9partement s&#8217;\u00e9l\u00e8ve \u00e0 ce jour \u00e0 550 cas pour 100 000 habitants.<\/strong> <strong>Un tiers du nombre de lits en r\u00e9animation est d\u00e9j\u00e0 occup\u00e9 par des patients affect\u00e9s par la covid 19<\/strong> et l&#8217;agence r\u00e9gionale de sant\u00e9 a d\u00e9cid\u00e9 de d\u00e9clencher le plan blanc dans l&#8217;ensemble des h\u00f4pitaux du d\u00e9partement.<\/span><\/p><p><span style=\"color: #333333;\">Des d\u00e9cisions suppl\u00e9mentaires ont \u00e9t\u00e9 prises en conseil de d\u00e9fense et de s\u00e9curit\u00e9 sanitaire sous l&#8217;autorit\u00e9 du pr\u00e9sident de la R\u00e9publique afin de freiner la propagation de l&#8217;\u00e9pid\u00e9mie. Le <strong>port du masque est dor\u00e9navant obligatoire dans tous les \u00e9tablissements recevant du public<\/strong>, y compris ceux soumis \u00e0 l&#8217;application pass sanitaire et les activit\u00e9s dansantes sont interdites dans les \u00e9tablissements recevant du public de type P et N. En compl\u00e9ment, j&#8217;ai , par arr\u00eat\u00e9 pr\u00e9fectoral, rendu obligatoire le <strong>port du masque dans tous les lieux de forte concentration de personnes<\/strong> (march\u00e9s, brocantes, vides greniers\u2026)<strong> ainsi que dans les zones pi\u00e9tonnes de centre-ville.<\/strong> \u00c0 l&#8217;\u00e9cole, le niveau 3 du protocole sanitaire est appliqu\u00e9 dans les \u00e9coles primaires.<\/span><\/p><p><span style=\"color: #333333;\">Dans ce contexte de forte reprise de l&#8217;\u00e9pid\u00e9mie, <strong>il convient d&#8217;\u00eatre particuli\u00e8rement vigilant au respect des gestes barri\u00e8res lors des moments festifs<\/strong> et de convivialit\u00e9 traditionnellement organis\u00e9s dans cette p\u00e9riode de fin d&#8217;ann\u00e9e. <strong>Je vous invite \u00e0 reporter les \u00e9v\u00e9nements festifs<\/strong> dont la nature ou l&#8217;organisation ne vous permet pas de vous assurer, malgr\u00e9 les dispositifs envisag\u00e9s, du respect permanent des gestes barri\u00e8res, que ces \u00e9v\u00e9nements se d\u00e9roulent<strong> en int\u00e9rieur<\/strong> (salles des f\u00eates, salles communales\u2026) <strong>ou en ext\u00e9rieur<\/strong> (concerts, feux d&#8217;artifice\u2026). Nous avons par cons\u00e9quent, avec le pr\u00e9sident de Conseil d\u00e9partemental, pris la d\u00e9cision d&#8217;annuler la c\u00e9r\u00e9monie des v\u0153ux conjoints qui \u00e9tait pr\u00e9vue en janvier prochain. J&#8217;ai donn\u00e9 instruction aux forces de l&#8217;ordre de contr\u00f4ler la bonne application de ces mesures.<\/span><\/p><p><span style=\"color: #333333;\">Je sais pouvoir compter sur votre compr\u00e9hension et votre engagement pour lutter contre cette pand\u00e9mie.<\/span><\/p><p style=\"text-align: right;\"><span style=\"color: #333333;\">Le pr\u00e9fet du Nord<\/span><\/p>\t\t\t\t\t\t\t\t<\/div>\n\t\t\t\t<\/div>\n\t\t\t\t\t<\/div>\n\t\t<\/div>\n\t\t\t\t\t<\/div>\n\t\t<\/section>\n\t\t\t\t<\/div>\n\t\t","protected":false},"excerpt":{"rendered":"<p>La situation sanitaire li\u00e9e \u00e0 l&#8217;\u00e9pid\u00e9mie de la covid 19 se d\u00e9grade rapidement dans le d\u00e9partement du Nord comme sur l&#8217;ensemble du territoire national. Le taux d&#8217;incidence du d\u00e9partement s&#8217;\u00e9l\u00e8ve \u00e0 ce jour \u00e0 550 cas pour 100 000 habitants. Un tiers du nombre de lits en r\u00e9animation est d\u00e9j\u00e0 occup\u00e9 par des patients affect\u00e9s [&hellip;]<\/p>\n","protected":false},"author":1,"featured_media":3672,"comment_status":"closed","ping_status":"closed","sticky":false,"template":"","format":"standard","meta":{"_crdt_document":"","ocean_post_layout":"","ocean_both_sidebars_style":"","ocean_both_sidebars_content_width":0,"ocean_both_sidebars_sidebars_width":0,"ocean_sidebar":"0","ocean_second_sidebar":"0","ocean_disable_margins":"enable","ocean_add_body_class":"","ocean_shortcode_before_top_bar":"","ocean_shortcode_after_top_bar":"","ocean_shortcode_before_header":"","ocean_shortcode_after_header":"","ocean_has_shortcode":"","ocean_shortcode_after_title":"","ocean_shortcode_before_footer_widgets":"","ocean_shortcode_after_footer_widgets":"","ocean_shortcode_before_footer_bottom":"","ocean_shortcode_after_footer_bottom":"","ocean_display_top_bar":"default","ocean_display_header":"default","ocean_header_style":"","ocean_center_header_left_menu":"0","ocean_custom_header_template":"0","ocean_custom_logo":0,"ocean_custom_retina_logo":0,"ocean_custom_logo_max_width":0,"ocean_custom_logo_tablet_max_width":0,"ocean_custom_logo_mobile_max_width":0,"ocean_custom_logo_max_height":0,"ocean_custom_logo_tablet_max_height":0,"ocean_custom_logo_mobile_max_height":0,"ocean_header_custom_menu":"0","ocean_menu_typo_font_family":"0","ocean_menu_typo_font_subset":"","ocean_menu_typo_font_size":0,"ocean_menu_typo_font_size_tablet":0,"ocean_menu_typo_font_size_mobile":0,"ocean_menu_typo_font_size_unit":"px","ocean_menu_typo_font_weight":"","ocean_menu_typo_font_weight_tablet":"","ocean_menu_typo_font_weight_mobile":"","ocean_menu_typo_transform":"","ocean_menu_typo_transform_tablet":"","ocean_menu_typo_transform_mobile":"","ocean_menu_typo_line_height":0,"ocean_menu_typo_line_height_tablet":0,"ocean_menu_typo_line_height_mobile":0,"ocean_menu_typo_line_height_unit":"","ocean_menu_typo_spacing":0,"ocean_menu_typo_spacing_tablet":0,"ocean_menu_typo_spacing_mobile":0,"ocean_menu_typo_spacing_unit":"","ocean_menu_link_color":"","ocean_menu_link_color_hover":"","ocean_menu_link_color_active":"","ocean_menu_link_background":"","ocean_menu_link_hover_background":"","ocean_menu_link_active_background":"","ocean_menu_social_links_bg":"","ocean_menu_social_hover_links_bg":"","ocean_menu_social_links_color":"","ocean_menu_social_hover_links_color":"","ocean_disable_title":"default","ocean_disable_heading":"default","ocean_post_title":"","ocean_post_subheading":"","ocean_post_title_style":"","ocean_post_title_background_color":"","ocean_post_title_background":0,"ocean_post_title_bg_image_position":"","ocean_post_title_bg_image_attachment":"","ocean_post_title_bg_image_repeat":"","ocean_post_title_bg_image_size":"","ocean_post_title_height":0,"ocean_post_title_bg_overlay":0.5,"ocean_post_title_bg_overlay_color":"","ocean_disable_breadcrumbs":"default","ocean_breadcrumbs_color":"","ocean_breadcrumbs_separator_color":"","ocean_breadcrumbs_links_color":"","ocean_breadcrumbs_links_hover_color":"","ocean_display_footer_widgets":"default","ocean_display_footer_bottom":"default","ocean_custom_footer_template":"0","ocean_post_oembed":"","ocean_post_self_hosted_media":"","ocean_post_video_embed":"","ocean_link_format":"","ocean_link_format_target":"self","ocean_quote_format":"","ocean_quote_format_link":"post","ocean_gallery_link_images":"off","ocean_gallery_id":[],"footnotes":""},"categories":[271],"tags":[],"class_list":["post-3671","post","type-post","status-publish","format-standard","has-post-thumbnail","hentry","category-covid-19","entry","has-media"],"yoast_head":"<!-- This site is optimized with the Yoast SEO plugin v27.3 - https:\/\/yoast.com\/product\/yoast-seo-wordpress\/ -->\n<title>COVID-19 : vigilance et mesures de freinage \u00e0 l&#039;occasion des f\u00eates de fin d&#039;ann\u00e9e - Ville de Thiant<\/title>\n<meta name=\"description\" content=\"La situation sanitaire se d\u00e9gradant des d\u00e9cisions ont \u00e9t\u00e9 prises afin de freiner la propagation de l&#039;\u00e9pid\u00e9mie notamment pour les f\u00eates de fin d&#039;ann\u00e9e\" \/>\n<meta name=\"robots\" content=\"index, follow, max-snippet:-1, max-image-preview:large, max-video-preview:-1\" \/>\n<link rel=\"canonical\" href=\"https:\/\/thiant.fr\/wordpress\/covid-19-vigilance-et-mesures-de-freinage-a-loccasion-des-fetes-de-fin-dannee\/\" \/>\n<meta property=\"og:locale\" content=\"fr_FR\" \/>\n<meta property=\"og:type\" content=\"article\" \/>\n<meta property=\"og:title\" content=\"COVID-19 : vigilance et mesures de freinage \u00e0 l&#039;occasion des f\u00eates de fin d&#039;ann\u00e9e - Ville de Thiant\" \/>\n<meta property=\"og:description\" content=\"La situation sanitaire se d\u00e9gradant des d\u00e9cisions ont \u00e9t\u00e9 prises afin de freiner la propagation de l&#039;\u00e9pid\u00e9mie notamment pour les f\u00eates de fin d&#039;ann\u00e9e\" \/>\n<meta property=\"og:url\" content=\"https:\/\/thiant.fr\/wordpress\/covid-19-vigilance-et-mesures-de-freinage-a-loccasion-des-fetes-de-fin-dannee\/\" \/>\n<meta property=\"og:site_name\" content=\"Ville de Thiant\" \/>\n<meta property=\"article:published_time\" content=\"2021-12-21T10:59:22+00:00\" \/>\n<meta property=\"article:modified_time\" content=\"2021-12-21T11:08:15+00:00\" \/>\n<meta property=\"og:image\" content=\"https:\/\/thiant.fr\/wordpress\/wp-content\/uploads\/2021\/12\/mise-en-avant.jpg\" \/>\n\t<meta property=\"og:image:width\" content=\"730\" \/>\n\t<meta property=\"og:image:height\" content=\"478\" \/>\n\t<meta property=\"og:image:type\" content=\"image\/jpeg\" \/>\n<meta name=\"author\" content=\"Service communication\" \/>\n<meta name=\"twitter:card\" content=\"summary_large_image\" \/>\n<meta name=\"twitter:label1\" content=\"\u00c9crit par\" \/>\n\t<meta name=\"twitter:data1\" content=\"Service communication\" \/>\n\t<meta name=\"twitter:label2\" content=\"Dur\u00e9e de lecture estim\u00e9e\" \/>\n\t<meta name=\"twitter:data2\" content=\"2 minutes\" \/>\n<script type=\"application\/ld+json\" class=\"yoast-schema-graph\">{\"@context\":\"https:\\\/\\\/schema.org\",\"@graph\":[{\"@type\":\"Article\",\"@id\":\"https:\\\/\\\/thiant.fr\\\/wordpress\\\/covid-19-vigilance-et-mesures-de-freinage-a-loccasion-des-fetes-de-fin-dannee\\\/#article\",\"isPartOf\":{\"@id\":\"https:\\\/\\\/thiant.fr\\\/wordpress\\\/covid-19-vigilance-et-mesures-de-freinage-a-loccasion-des-fetes-de-fin-dannee\\\/\"},\"author\":{\"name\":\"Service communication\",\"@id\":\"https:\\\/\\\/thiant.fr\\\/wordpress\\\/#\\\/schema\\\/person\\\/f41122130d18c0720657431d990451c6\"},\"headline\":\"COVID-19 : vigilance et mesures de freinage \u00e0 l&#8217;occasion des f\u00eates de fin d&#8217;ann\u00e9e\",\"datePublished\":\"2021-12-21T10:59:22+00:00\",\"dateModified\":\"2021-12-21T11:08:15+00:00\",\"mainEntityOfPage\":{\"@id\":\"https:\\\/\\\/thiant.fr\\\/wordpress\\\/covid-19-vigilance-et-mesures-de-freinage-a-loccasion-des-fetes-de-fin-dannee\\\/\"},\"wordCount\":408,\"publisher\":{\"@id\":\"https:\\\/\\\/thiant.fr\\\/wordpress\\\/#organization\"},\"image\":{\"@id\":\"https:\\\/\\\/thiant.fr\\\/wordpress\\\/covid-19-vigilance-et-mesures-de-freinage-a-loccasion-des-fetes-de-fin-dannee\\\/#primaryimage\"},\"thumbnailUrl\":\"https:\\\/\\\/thiant.fr\\\/wordpress\\\/wp-content\\\/uploads\\\/2021\\\/12\\\/mise-en-avant.jpg\",\"articleSection\":[\"COVID-19\"],\"inLanguage\":\"fr-FR\"},{\"@type\":\"WebPage\",\"@id\":\"https:\\\/\\\/thiant.fr\\\/wordpress\\\/covid-19-vigilance-et-mesures-de-freinage-a-loccasion-des-fetes-de-fin-dannee\\\/\",\"url\":\"https:\\\/\\\/thiant.fr\\\/wordpress\\\/covid-19-vigilance-et-mesures-de-freinage-a-loccasion-des-fetes-de-fin-dannee\\\/\",\"name\":\"COVID-19 : vigilance et mesures de freinage \u00e0 l'occasion des f\u00eates de fin d'ann\u00e9e - Ville de Thiant\",\"isPartOf\":{\"@id\":\"https:\\\/\\\/thiant.fr\\\/wordpress\\\/#website\"},\"primaryImageOfPage\":{\"@id\":\"https:\\\/\\\/thiant.fr\\\/wordpress\\\/covid-19-vigilance-et-mesures-de-freinage-a-loccasion-des-fetes-de-fin-dannee\\\/#primaryimage\"},\"image\":{\"@id\":\"https:\\\/\\\/thiant.fr\\\/wordpress\\\/covid-19-vigilance-et-mesures-de-freinage-a-loccasion-des-fetes-de-fin-dannee\\\/#primaryimage\"},\"thumbnailUrl\":\"https:\\\/\\\/thiant.fr\\\/wordpress\\\/wp-content\\\/uploads\\\/2021\\\/12\\\/mise-en-avant.jpg\",\"datePublished\":\"2021-12-21T10:59:22+00:00\",\"dateModified\":\"2021-12-21T11:08:15+00:00\",\"description\":\"La situation sanitaire se d\u00e9gradant des d\u00e9cisions ont \u00e9t\u00e9 prises afin de freiner la propagation de l'\u00e9pid\u00e9mie notamment pour les f\u00eates de fin d'ann\u00e9e\",\"breadcrumb\":{\"@id\":\"https:\\\/\\\/thiant.fr\\\/wordpress\\\/covid-19-vigilance-et-mesures-de-freinage-a-loccasion-des-fetes-de-fin-dannee\\\/#breadcrumb\"},\"inLanguage\":\"fr-FR\",\"potentialAction\":[{\"@type\":\"ReadAction\",\"target\":[\"https:\\\/\\\/thiant.fr\\\/wordpress\\\/covid-19-vigilance-et-mesures-de-freinage-a-loccasion-des-fetes-de-fin-dannee\\\/\"]}]},{\"@type\":\"ImageObject\",\"inLanguage\":\"fr-FR\",\"@id\":\"https:\\\/\\\/thiant.fr\\\/wordpress\\\/covid-19-vigilance-et-mesures-de-freinage-a-loccasion-des-fetes-de-fin-dannee\\\/#primaryimage\",\"url\":\"https:\\\/\\\/thiant.fr\\\/wordpress\\\/wp-content\\\/uploads\\\/2021\\\/12\\\/mise-en-avant.jpg\",\"contentUrl\":\"https:\\\/\\\/thiant.fr\\\/wordpress\\\/wp-content\\\/uploads\\\/2021\\\/12\\\/mise-en-avant.jpg\",\"width\":730,\"height\":478},{\"@type\":\"BreadcrumbList\",\"@id\":\"https:\\\/\\\/thiant.fr\\\/wordpress\\\/covid-19-vigilance-et-mesures-de-freinage-a-loccasion-des-fetes-de-fin-dannee\\\/#breadcrumb\",\"itemListElement\":[{\"@type\":\"ListItem\",\"position\":1,\"name\":\"Accueil\",\"item\":\"https:\\\/\\\/thiant.fr\\\/wordpress\\\/\"},{\"@type\":\"ListItem\",\"position\":2,\"name\":\"COVID-19 : vigilance et mesures de freinage \u00e0 l&#8217;occasion des f\u00eates de fin d&#8217;ann\u00e9e\"}]},{\"@type\":\"WebSite\",\"@id\":\"https:\\\/\\\/thiant.fr\\\/wordpress\\\/#website\",\"url\":\"https:\\\/\\\/thiant.fr\\\/wordpress\\\/\",\"name\":\"Ville de Thiant\",\"description\":\"Site officiel de la ville de Thiant\",\"publisher\":{\"@id\":\"https:\\\/\\\/thiant.fr\\\/wordpress\\\/#organization\"},\"potentialAction\":[{\"@type\":\"SearchAction\",\"target\":{\"@type\":\"EntryPoint\",\"urlTemplate\":\"https:\\\/\\\/thiant.fr\\\/wordpress\\\/?s={search_term_string}\"},\"query-input\":{\"@type\":\"PropertyValueSpecification\",\"valueRequired\":true,\"valueName\":\"search_term_string\"}}],\"inLanguage\":\"fr-FR\"},{\"@type\":\"Organization\",\"@id\":\"https:\\\/\\\/thiant.fr\\\/wordpress\\\/#organization\",\"name\":\"Ville de Thiant\",\"url\":\"https:\\\/\\\/thiant.fr\\\/wordpress\\\/\",\"logo\":{\"@type\":\"ImageObject\",\"inLanguage\":\"fr-FR\",\"@id\":\"https:\\\/\\\/thiant.fr\\\/wordpress\\\/#\\\/schema\\\/logo\\\/image\\\/\",\"url\":\"https:\\\/\\\/thiant.fr\\\/wordpress\\\/wp-content\\\/uploads\\\/2019\\\/08\\\/Thiant_Illdy_4.png\",\"contentUrl\":\"https:\\\/\\\/thiant.fr\\\/wordpress\\\/wp-content\\\/uploads\\\/2019\\\/08\\\/Thiant_Illdy_4.png\",\"width\":105,\"height\":75,\"caption\":\"Ville de Thiant\"},\"image\":{\"@id\":\"https:\\\/\\\/thiant.fr\\\/wordpress\\\/#\\\/schema\\\/logo\\\/image\\\/\"}},{\"@type\":\"Person\",\"@id\":\"https:\\\/\\\/thiant.fr\\\/wordpress\\\/#\\\/schema\\\/person\\\/f41122130d18c0720657431d990451c6\",\"name\":\"Service communication\",\"image\":{\"@type\":\"ImageObject\",\"inLanguage\":\"fr-FR\",\"@id\":\"https:\\\/\\\/secure.gravatar.com\\\/avatar\\\/527d4f1f1330a82db5a7ea7738ddeb994fd26c4537512a833d99b387808ee250?s=96&r=g\",\"url\":\"https:\\\/\\\/secure.gravatar.com\\\/avatar\\\/527d4f1f1330a82db5a7ea7738ddeb994fd26c4537512a833d99b387808ee250?s=96&r=g\",\"contentUrl\":\"https:\\\/\\\/secure.gravatar.com\\\/avatar\\\/527d4f1f1330a82db5a7ea7738ddeb994fd26c4537512a833d99b387808ee250?s=96&r=g\",\"caption\":\"Service communication\"},\"url\":\"https:\\\/\\\/thiant.fr\\\/wordpress\\\/author\\\/adminwpress\\\/\"}]}<\/script>\n<!-- \/ Yoast SEO plugin. -->","yoast_head_json":{"title":"COVID-19 : vigilance et mesures de freinage \u00e0 l'occasion des f\u00eates de fin d'ann\u00e9e - Ville de Thiant","description":"La situation sanitaire se d\u00e9gradant des d\u00e9cisions ont \u00e9t\u00e9 prises afin de freiner la propagation de l'\u00e9pid\u00e9mie notamment pour les f\u00eates de fin d'ann\u00e9e","robots":{"index":"index","follow":"follow","max-snippet":"max-snippet:-1","max-image-preview":"max-image-preview:large","max-video-preview":"max-video-preview:-1"},"canonical":"https:\/\/thiant.fr\/wordpress\/covid-19-vigilance-et-mesures-de-freinage-a-loccasion-des-fetes-de-fin-dannee\/","og_locale":"fr_FR","og_type":"article","og_title":"COVID-19 : vigilance et mesures de freinage \u00e0 l'occasion des f\u00eates de fin d'ann\u00e9e - Ville de Thiant","og_description":"La situation sanitaire se d\u00e9gradant des d\u00e9cisions ont \u00e9t\u00e9 prises afin de freiner la propagation de l'\u00e9pid\u00e9mie notamment pour les f\u00eates de fin d'ann\u00e9e","og_url":"https:\/\/thiant.fr\/wordpress\/covid-19-vigilance-et-mesures-de-freinage-a-loccasion-des-fetes-de-fin-dannee\/","og_site_name":"Ville de Thiant","article_published_time":"2021-12-21T10:59:22+00:00","article_modified_time":"2021-12-21T11:08:15+00:00","og_image":[{"width":730,"height":478,"url":"https:\/\/thiant.fr\/wordpress\/wp-content\/uploads\/2021\/12\/mise-en-avant.jpg","type":"image\/jpeg"}],"author":"Service communication","twitter_card":"summary_large_image","twitter_misc":{"\u00c9crit par":"Service communication","Dur\u00e9e de lecture estim\u00e9e":"2 minutes"},"schema":{"@context":"https:\/\/schema.org","@graph":[{"@type":"Article","@id":"https:\/\/thiant.fr\/wordpress\/covid-19-vigilance-et-mesures-de-freinage-a-loccasion-des-fetes-de-fin-dannee\/#article","isPartOf":{"@id":"https:\/\/thiant.fr\/wordpress\/covid-19-vigilance-et-mesures-de-freinage-a-loccasion-des-fetes-de-fin-dannee\/"},"author":{"name":"Service communication","@id":"https:\/\/thiant.fr\/wordpress\/#\/schema\/person\/f41122130d18c0720657431d990451c6"},"headline":"COVID-19 : vigilance et mesures de freinage \u00e0 l&#8217;occasion des f\u00eates de fin d&#8217;ann\u00e9e","datePublished":"2021-12-21T10:59:22+00:00","dateModified":"2021-12-21T11:08:15+00:00","mainEntityOfPage":{"@id":"https:\/\/thiant.fr\/wordpress\/covid-19-vigilance-et-mesures-de-freinage-a-loccasion-des-fetes-de-fin-dannee\/"},"wordCount":408,"publisher":{"@id":"https:\/\/thiant.fr\/wordpress\/#organization"},"image":{"@id":"https:\/\/thiant.fr\/wordpress\/covid-19-vigilance-et-mesures-de-freinage-a-loccasion-des-fetes-de-fin-dannee\/#primaryimage"},"thumbnailUrl":"https:\/\/thiant.fr\/wordpress\/wp-content\/uploads\/2021\/12\/mise-en-avant.jpg","articleSection":["COVID-19"],"inLanguage":"fr-FR"},{"@type":"WebPage","@id":"https:\/\/thiant.fr\/wordpress\/covid-19-vigilance-et-mesures-de-freinage-a-loccasion-des-fetes-de-fin-dannee\/","url":"https:\/\/thiant.fr\/wordpress\/covid-19-vigilance-et-mesures-de-freinage-a-loccasion-des-fetes-de-fin-dannee\/","name":"COVID-19 : vigilance et mesures de freinage \u00e0 l'occasion des f\u00eates de fin d'ann\u00e9e - Ville de Thiant","isPartOf":{"@id":"https:\/\/thiant.fr\/wordpress\/#website"},"primaryImageOfPage":{"@id":"https:\/\/thiant.fr\/wordpress\/covid-19-vigilance-et-mesures-de-freinage-a-loccasion-des-fetes-de-fin-dannee\/#primaryimage"},"image":{"@id":"https:\/\/thiant.fr\/wordpress\/covid-19-vigilance-et-mesures-de-freinage-a-loccasion-des-fetes-de-fin-dannee\/#primaryimage"},"thumbnailUrl":"https:\/\/thiant.fr\/wordpress\/wp-content\/uploads\/2021\/12\/mise-en-avant.jpg","datePublished":"2021-12-21T10:59:22+00:00","dateModified":"2021-12-21T11:08:15+00:00","description":"La situation sanitaire se d\u00e9gradant des d\u00e9cisions ont \u00e9t\u00e9 prises afin de freiner la propagation de l'\u00e9pid\u00e9mie notamment pour les f\u00eates de fin d'ann\u00e9e","breadcrumb":{"@id":"https:\/\/thiant.fr\/wordpress\/covid-19-vigilance-et-mesures-de-freinage-a-loccasion-des-fetes-de-fin-dannee\/#breadcrumb"},"inLanguage":"fr-FR","potentialAction":[{"@type":"ReadAction","target":["https:\/\/thiant.fr\/wordpress\/covid-19-vigilance-et-mesures-de-freinage-a-loccasion-des-fetes-de-fin-dannee\/"]}]},{"@type":"ImageObject","inLanguage":"fr-FR","@id":"https:\/\/thiant.fr\/wordpress\/covid-19-vigilance-et-mesures-de-freinage-a-loccasion-des-fetes-de-fin-dannee\/#primaryimage","url":"https:\/\/thiant.fr\/wordpress\/wp-content\/uploads\/2021\/12\/mise-en-avant.jpg","contentUrl":"https:\/\/thiant.fr\/wordpress\/wp-content\/uploads\/2021\/12\/mise-en-avant.jpg","width":730,"height":478},{"@type":"BreadcrumbList","@id":"https:\/\/thiant.fr\/wordpress\/covid-19-vigilance-et-mesures-de-freinage-a-loccasion-des-fetes-de-fin-dannee\/#breadcrumb","itemListElement":[{"@type":"ListItem","position":1,"name":"Accueil","item":"https:\/\/thiant.fr\/wordpress\/"},{"@type":"ListItem","position":2,"name":"COVID-19 : vigilance et mesures de freinage \u00e0 l&#8217;occasion des f\u00eates de fin d&#8217;ann\u00e9e"}]},{"@type":"WebSite","@id":"https:\/\/thiant.fr\/wordpress\/#website","url":"https:\/\/thiant.fr\/wordpress\/","name":"Ville de Thiant","description":"Site officiel de la ville de Thiant","publisher":{"@id":"https:\/\/thiant.fr\/wordpress\/#organization"},"potentialAction":[{"@type":"SearchAction","target":{"@type":"EntryPoint","urlTemplate":"https:\/\/thiant.fr\/wordpress\/?s={search_term_string}"},"query-input":{"@type":"PropertyValueSpecification","valueRequired":true,"valueName":"search_term_string"}}],"inLanguage":"fr-FR"},{"@type":"Organization","@id":"https:\/\/thiant.fr\/wordpress\/#organization","name":"Ville de Thiant","url":"https:\/\/thiant.fr\/wordpress\/","logo":{"@type":"ImageObject","inLanguage":"fr-FR","@id":"https:\/\/thiant.fr\/wordpress\/#\/schema\/logo\/image\/","url":"https:\/\/thiant.fr\/wordpress\/wp-content\/uploads\/2019\/08\/Thiant_Illdy_4.png","contentUrl":"https:\/\/thiant.fr\/wordpress\/wp-content\/uploads\/2019\/08\/Thiant_Illdy_4.png","width":105,"height":75,"caption":"Ville de Thiant"},"image":{"@id":"https:\/\/thiant.fr\/wordpress\/#\/schema\/logo\/image\/"}},{"@type":"Person","@id":"https:\/\/thiant.fr\/wordpress\/#\/schema\/person\/f41122130d18c0720657431d990451c6","name":"Service communication","image":{"@type":"ImageObject","inLanguage":"fr-FR","@id":"https:\/\/secure.gravatar.com\/avatar\/527d4f1f1330a82db5a7ea7738ddeb994fd26c4537512a833d99b387808ee250?s=96&r=g","url":"https:\/\/secure.gravatar.com\/avatar\/527d4f1f1330a82db5a7ea7738ddeb994fd26c4537512a833d99b387808ee250?s=96&r=g","contentUrl":"https:\/\/secure.gravatar.com\/avatar\/527d4f1f1330a82db5a7ea7738ddeb994fd26c4537512a833d99b387808ee250?s=96&r=g","caption":"Service communication"},"url":"https:\/\/thiant.fr\/wordpress\/author\/adminwpress\/"}]}},"_links":{"self":[{"href":"https:\/\/thiant.fr\/wordpress\/wp-json\/wp\/v2\/posts\/3671","targetHints":{"allow":["GET"]}}],"collection":[{"href":"https:\/\/thiant.fr\/wordpress\/wp-json\/wp\/v2\/posts"}],"about":[{"href":"https:\/\/thiant.fr\/wordpress\/wp-json\/wp\/v2\/types\/post"}],"author":[{"embeddable":true,"href":"https:\/\/thiant.fr\/wordpress\/wp-json\/wp\/v2\/users\/1"}],"replies":[{"embeddable":true,"href":"https:\/\/thiant.fr\/wordpress\/wp-json\/wp\/v2\/comments?post=3671"}],"version-history":[{"count":0,"href":"https:\/\/thiant.fr\/wordpress\/wp-json\/wp\/v2\/posts\/3671\/revisions"}],"wp:featuredmedia":[{"embeddable":true,"href":"https:\/\/thiant.fr\/wordpress\/wp-json\/wp\/v2\/media\/3672"}],"wp:attachment":[{"href":"https:\/\/thiant.fr\/wordpress\/wp-json\/wp\/v2\/media?parent=3671"}],"wp:term":[{"taxonomy":"category","embeddable":true,"href":"https:\/\/thiant.fr\/wordpress\/wp-json\/wp\/v2\/categories?post=3671"},{"taxonomy":"post_tag","embeddable":true,"href":"https:\/\/thiant.fr\/wordpress\/wp-json\/wp\/v2\/tags?post=3671"}],"curies":[{"name":"wp","href":"https:\/\/api.w.org\/{rel}","templated":true}]}}